{"id":85530,"date":"2024-05-16T15:12:34","date_gmt":"2024-05-16T12:12:34","guid":{"rendered":"https:\/\/buletin.de\/bucuresti\/?p=85530"},"modified":"2024-05-16T15:12:35","modified_gmt":"2024-05-16T12:12:35","slug":"reparatii-capitale-pe-42-de-kilometri-din-a1-bucuresti-pitesti","status":"publish","type":"post","link":"https:\/\/buletin.de\/bucuresti\/reparatii-capitale-pe-42-de-kilometri-din-a1-bucuresti-pitesti\/","title":{"rendered":"Repara\u021bii capitale pe 42 de kilometri din A1 Bucure\u0219ti-Pite\u0219ti"},"content":{"rendered":"\n<p><strong>Ministerul Transporturilor anun\u021b\u0103 lucr\u0103ri de reabilitare pe Autostrada A1 Bucure<strong>\u0219<\/strong>ti-Pite<strong>\u0219<\/strong>ti: Lot 2 km 44+000 &#8211; km 86+000. Indicatorii tehnico-economici au fost aproba\u021bi de Guvern iar lucr\u0103rile vor fi f\u0103cute jude\u021bele Giurgiu, D\u00e2mbovi\u021ba \u0219i Arge\u0219<\/strong>.<\/p>\n\n\n\n<p>Proiectul presupune lucr\u0103ri de reabilitarea pentru 42 de kilometri iar valoarea total\u0103 estimat\u0103 a investi\u021biei este de 1,1 miliarde de lei. Durata de execu\u021bie este de\u00a048 de luni, scriu jurnali\u0219tii <a href=\"https:\/\/www.economica.net\/autostrada-a1-bucuresti-pitesti-guvernul-a-aprobat-joi-investitii-de-peste-un-miliard-de-lei-in-lucrari-de-reabilitare_747130.html\">economica.net<\/a><\/p>\n\n\n\n<p>Finan\u021barea obiectivului de investi\u021bii se realizeaz\u0103 de la bugetul de stat, prin bugetul Ministerului Transporturilor \u0219i Infrastructurii, precum \u0219i din alte surse, legal constituite.<\/p>\n\n\n\n<p>Sectoarele unde se vor face lucr\u0103ri sunt:<\/p>\n\n\n\n<ul class=\"wp-block-list\">\n<li>jude\u021bul Giurgiu (Lot 2.1) pe sectorul cuprins \u00eentre km 44+000 \u2013 km 48+922;<\/li>\n\n\n\n<li>jude\u021bul D\u00e2mbovi\u021ba (Lot 2.2) \u00eentre km 48+922 \u2013 km 80+182;<\/li>\n\n\n\n<li>jude\u021bul Arge\u0219 (Lot 2.3) \u00eentre km 80+182 \u2013 km 86+000.<\/li>\n<\/ul>\n\n\n\n<p>Modernizarea autostr\u0103zii Bucure\u0219ti-Pite\u0219ti face parte  \u015fi dintr-un proiect zonal de mobilitate urban\u0103 din zona metropolitan\u0103 a Capitalei estimat la peste 700 de milioane de euro.<\/p>\n\n\n\n<figure class=\"wp-block-image size-large\"><img fetchpriority=\"high\" decoding=\"async\" width=\"900\" height=\"531\" src=\"data:image\/gif;base64,R0lGODlhAQABAAAAACH5BAEKAAEALAAAAAABAAEAAAICTAEAOw==\" data-src=\"https:\/\/buletin.de\/bucuresti\/wp-content\/uploads\/cover-40-1-900x531.jpg\" alt=\"\" class=\"wp-image-85532 lazyload\" data-sizes=\"auto\" data-srcset=\"https:\/\/buletin.de\/bucuresti\/wp-content\/uploads\/cover-40-1-900x531.jpg 900w, https:\/\/buletin.de\/bucuresti\/wp-content\/uploads\/cover-40-1-300x177.jpg 300w, https:\/\/buletin.de\/bucuresti\/wp-content\/uploads\/cover-40-1-768x453.jpg 768w, https:\/\/buletin.de\/bucuresti\/wp-content\/uploads\/cover-40-1-1100x649.jpg 1100w, https:\/\/buletin.de\/bucuresti\/wp-content\/uploads\/cover-40-1-600x354.jpg 600w, https:\/\/buletin.de\/bucuresti\/wp-content\/uploads\/cover-40-1-20x12.jpg 20w, https:\/\/buletin.de\/bucuresti\/wp-content\/uploads\/cover-40-1.jpg 1391w\" sizes=\"(max-width: 900px) 100vw, 900px\" \/><\/figure>\n\n\n\n<p>Drumul Radial 2 \u2013 DR2 \u2013 Autostrada A1 ar trebui s\u0103 aib\u0103 o lungime de aproximativ 12 km \u0219i ar presupune extinderea la trei benzi pe sens \u00eentre km 10 \u0219i km 23 p\u00e2n\u0103 \u00een dreptul localit\u0103\u021bii Bolintin-Deal din jude\u021bul Giurgiu, la intersec\u021bia cu Drumul Comunal 149.<\/p>\n\n\n\n<p>Traiectul ar fi trebuit s\u0103 deserveasc\u0103, \u00een principal, zona metropolitan\u0103 \u0219i centrele logistice aferente A1 din dreptul localit\u0103\u021bilor Ciog\u00e2rla \u0219i Dragomire\u0219ti, care contribuie la valorile mari de trafic \u00eenregistrate la orele de v\u00e2rf.<\/p>\n\n\n\n<p>La aceast\u0103 or\u0103, singura \u0219osea de mare vitez\u0103 din proximitatea Capitalei care beneficiaz\u0103 de trei benzi pe sens este A3, tronsonul Moara-Vl\u0103siei \u2013 Strada Petricani.<\/p>\n\n\n\n<p><strong>CITE\u0218TE \u0218I:<\/strong><\/p>\n\n\n\n<figure class=\"wp-block-embed is-type-wp-embed is-provider-buletin-de-bucure-ti wp-block-embed-buletin-de-bucure-ti\"><div class=\"wp-block-embed__wrapper\">\n<blockquote class=\"wp-embedded-content\" data-secret=\"MtXQZ2H4ld\"><a href=\"https:\/\/buletin.de\/bucuresti\/42-de-kilometri-din-a1-bucuresti-pitesti-intra-in-reparatii-capitale\/\">42 de kilometri din A1 Bucure\u0219ti-Pite\u0219ti intr\u0103 \u00een repara\u021bii capitale<\/a><\/blockquote><iframe class=\"wp-embedded-content\" sandbox=\"allow-scripts\" security=\"restricted\" style=\"position: absolute; clip: rect(1px, 1px, 1px, 1px);\" title=\"&#8220;42 de kilometri din A1 Bucure\u0219ti-Pite\u0219ti intr\u0103 \u00een repara\u021bii capitale&#8221; &#8212; Buletin de Bucure\u0219ti\" src=\"https:\/\/buletin.de\/bucuresti\/42-de-kilometri-din-a1-bucuresti-pitesti-intra-in-reparatii-capitale\/embed\/#?secret=TdZfSLhE5M#?secret=MtXQZ2H4ld\" data-secret=\"MtXQZ2H4ld\" width=\"600\" height=\"338\" frameborder=\"0\" marginwidth=\"0\" marginheight=\"0\" scrolling=\"no\"><\/iframe>\n<\/div><\/figure>\n","protected":false},"excerpt":{"rendered":"<p>Ministerul Transporturilor anun\u021b\u0103 lucr\u0103ri de reabilitare pe Autostrada A1 Bucure\u0219ti-Pite\u0219ti: Lot 2 km 44+000 &#8211; km 86+000. Indicatorii tehnico-economici au fost aproba\u021bi de Guvern iar lucr\u0103rile vor fi f\u0103cute jude\u021bele Giurgiu, D\u00e2mbovi\u021ba \u0219i Arge\u0219. Proiectul presupune lucr\u0103ri de reabilitarea pentru 42 de kilometri iar valoarea total\u0103 estimat\u0103 a investi\u021biei este de 1,1 miliarde de lei. [&hellip;]<\/p>\n","protected":false},"author":49,"featured_media":85533,"comment_status":"closed","ping_status":"open","sticky":false,"template":"","format":"standard","meta":{"_acf_changed":false,"inline_featured_image":false,"ngg_post_thumbnail":0,"footnotes":""},"categories":[6994,62,650],"tags":[3032,5535,11277],"ppma_author":[22574],"class_list":["post-85530","post","type-post","status-publish","format-standard","has-post-thumbnail","hentry","category-stiri-2","category-stiri","category-transport","tag-a1","tag-drumul-radial-2-dr2-autostrada-a1","tag-reabilitare-autostrada-bucuresti-pitesti"],"acf":[],"yoast_head":"<!-- This site is optimized with the Yoast SEO Premium plugin v25.3 (Yoast SEO v27.4) - https:\/\/yoast.com\/product\/yoast-seo-premium-wordpress\/ -->\n<title>Repara\u021bii capitale pe 42 de kilometri din A1 Bucure\u0219ti-Pite\u0219ti - Buletin de Bucure\u0219ti<\/title>\n<meta name=\"robots\" content=\"index, follow, max-snippet:-1, max-image-preview:large, max-video-preview:-1\" \/>\n<link rel=\"canonical\" href=\"https:\/\/buletin.de\/bucuresti\/reparatii-capitale-pe-42-de-kilometri-din-a1-bucuresti-pitesti\/\" \/>\n<meta property=\"og:locale\" content=\"en_GB\" \/>\n<meta property=\"og:type\" content=\"article\" \/>\n<meta property=\"og:title\" content=\"Repara\u021bii capitale pe 42 de kilometri din A1 Bucure\u0219ti-Pite\u0219ti\" \/>\n<meta property=\"og:description\" content=\"Ministerul Transporturilor anun\u021b\u0103 lucr\u0103ri de reabilitare pe Autostrada A1 Bucure\u0219ti-Pite\u0219ti: Lot 2 km 44+000 &#8211; km 86+000. Indicatorii tehnico-economici au fost aproba\u021bi de Guvern iar lucr\u0103rile vor fi f\u0103cute jude\u021bele Giurgiu, D\u00e2mbovi\u021ba \u0219i Arge\u0219. Proiectul presupune lucr\u0103ri de reabilitarea pentru 42 de kilometri iar valoarea total\u0103 estimat\u0103 a investi\u021biei este de 1,1 miliarde de lei. [&hellip;]\" \/>\n<meta property=\"og:url\" content=\"https:\/\/buletin.de\/bucuresti\/reparatii-capitale-pe-42-de-kilometri-din-a1-bucuresti-pitesti\/\" \/>\n<meta property=\"og:site_name\" content=\"Buletin de Bucure\u0219ti\" \/>\n<meta property=\"article:publisher\" content=\"https:\/\/www.facebook.com\/buletin.de.buc\" \/>\n<meta property=\"article:published_time\" content=\"2024-05-16T12:12:34+00:00\" \/>\n<meta property=\"article:modified_time\" content=\"2024-05-16T12:12:35+00:00\" \/>\n<meta property=\"og:image\" content=\"https:\/\/buletin.de\/bucuresti\/wp-content\/uploads\/A1-4-1.png\" \/>\n\t<meta property=\"og:image:width\" content=\"1383\" \/>\n\t<meta property=\"og:image:height\" content=\"779\" \/>\n\t<meta property=\"og:image:type\" content=\"image\/png\" \/>\n<meta name=\"author\" content=\"Diana Matei\" \/>\n<meta name=\"twitter:card\" content=\"summary_large_image\" \/>\n<meta name=\"twitter:label1\" content=\"Written by\" \/>\n\t<meta name=\"twitter:data1\" content=\"Diana Matei\" \/>\n\t<meta name=\"twitter:label2\" content=\"Estimated reading time\" \/>\n\t<meta name=\"twitter:data2\" content=\"2 minutes\" \/>\n<script type=\"application\/ld+json\" class=\"yoast-schema-graph\">{\"@context\":\"https:\\\/\\\/schema.org\",\"@graph\":[{\"@type\":\"Article\",\"@id\":\"https:\\\/\\\/buletin.de\\\/bucuresti\\\/reparatii-capitale-pe-42-de-kilometri-din-a1-bucuresti-pitesti\\\/#article\",\"isPartOf\":{\"@id\":\"https:\\\/\\\/buletin.de\\\/bucuresti\\\/reparatii-capitale-pe-42-de-kilometri-din-a1-bucuresti-pitesti\\\/\"},\"author\":{\"name\":\"Diana Matei\",\"@id\":\"https:\\\/\\\/buletin.de\\\/bucuresti\\\/#\\\/schema\\\/person\\\/7e46040573290777280a0835d81ea4ea\"},\"headline\":\"Repara\u021bii capitale pe 42 de kilometri din A1 Bucure\u0219ti-Pite\u0219ti\",\"datePublished\":\"2024-05-16T12:12:34+00:00\",\"dateModified\":\"2024-05-16T12:12:35+00:00\",\"mainEntityOfPage\":{\"@id\":\"https:\\\/\\\/buletin.de\\\/bucuresti\\\/reparatii-capitale-pe-42-de-kilometri-din-a1-bucuresti-pitesti\\\/\"},\"wordCount\":287,\"publisher\":{\"@id\":\"https:\\\/\\\/buletin.de\\\/bucuresti\\\/#organization\"},\"image\":{\"@id\":\"https:\\\/\\\/buletin.de\\\/bucuresti\\\/reparatii-capitale-pe-42-de-kilometri-din-a1-bucuresti-pitesti\\\/#primaryimage\"},\"thumbnailUrl\":\"https:\\\/\\\/buletin.de\\\/bucuresti\\\/wp-content\\\/uploads\\\/A1-4-1.png\",\"keywords\":[\"a1\",\"Drumul Radial 2 - DR2 - Autostrada A1\",\"reabilitare Autostrada Bucuresti-Pitesti\"],\"articleSection\":[\"Articole\",\"\u0218tiri\",\"Transport\"],\"inLanguage\":\"en-GB\",\"copyrightYear\":\"2024\",\"copyrightHolder\":{\"@id\":\"https:\\\/\\\/buletin.de\\\/bucuresti\\\/#organization\"}},{\"@type\":\"WebPage\",\"@id\":\"https:\\\/\\\/buletin.de\\\/bucuresti\\\/reparatii-capitale-pe-42-de-kilometri-din-a1-bucuresti-pitesti\\\/\",\"url\":\"https:\\\/\\\/buletin.de\\\/bucuresti\\\/reparatii-capitale-pe-42-de-kilometri-din-a1-bucuresti-pitesti\\\/\",\"name\":\"Repara\u021bii capitale pe 42 de kilometri din A1 Bucure\u0219ti-Pite\u0219ti - Buletin de Bucure\u0219ti\",\"isPartOf\":{\"@id\":\"https:\\\/\\\/buletin.de\\\/bucuresti\\\/#website\"},\"primaryImageOfPage\":{\"@id\":\"https:\\\/\\\/buletin.de\\\/bucuresti\\\/reparatii-capitale-pe-42-de-kilometri-din-a1-bucuresti-pitesti\\\/#primaryimage\"},\"image\":{\"@id\":\"https:\\\/\\\/buletin.de\\\/bucuresti\\\/reparatii-capitale-pe-42-de-kilometri-din-a1-bucuresti-pitesti\\\/#primaryimage\"},\"thumbnailUrl\":\"https:\\\/\\\/buletin.de\\\/bucuresti\\\/wp-content\\\/uploads\\\/A1-4-1.png\",\"datePublished\":\"2024-05-16T12:12:34+00:00\",\"dateModified\":\"2024-05-16T12:12:35+00:00\",\"breadcrumb\":{\"@id\":\"https:\\\/\\\/buletin.de\\\/bucuresti\\\/reparatii-capitale-pe-42-de-kilometri-din-a1-bucuresti-pitesti\\\/#breadcrumb\"},\"inLanguage\":\"en-GB\",\"potentialAction\":[{\"@type\":\"ReadAction\",\"target\":[\"https:\\\/\\\/buletin.de\\\/bucuresti\\\/reparatii-capitale-pe-42-de-kilometri-din-a1-bucuresti-pitesti\\\/\"]}]},{\"@type\":\"ImageObject\",\"inLanguage\":\"en-GB\",\"@id\":\"https:\\\/\\\/buletin.de\\\/bucuresti\\\/reparatii-capitale-pe-42-de-kilometri-din-a1-bucuresti-pitesti\\\/#primaryimage\",\"url\":\"https:\\\/\\\/buletin.de\\\/bucuresti\\\/wp-content\\\/uploads\\\/A1-4-1.png\",\"contentUrl\":\"https:\\\/\\\/buletin.de\\\/bucuresti\\\/wp-content\\\/uploads\\\/A1-4-1.png\",\"width\":1383,\"height\":779,\"caption\":\"FOTO: Arhiva\"},{\"@type\":\"BreadcrumbList\",\"@id\":\"https:\\\/\\\/buletin.de\\\/bucuresti\\\/reparatii-capitale-pe-42-de-kilometri-din-a1-bucuresti-pitesti\\\/#breadcrumb\",\"itemListElement\":[{\"@type\":\"ListItem\",\"position\":1,\"name\":\"Acas\u0103\",\"item\":\"https:\\\/\\\/buletin.de\\\/bucuresti\\\/\"},{\"@type\":\"ListItem\",\"position\":2,\"name\":\"Repara\u021bii capitale pe 42 de kilometri din A1 Bucure\u0219ti-Pite\u0219ti\"}]},{\"@type\":\"WebSite\",\"@id\":\"https:\\\/\\\/buletin.de\\\/bucuresti\\\/#website\",\"url\":\"https:\\\/\\\/buletin.de\\\/bucuresti\\\/\",\"name\":\"Buletin de Bucure\u0219ti\",\"description\":\"\u0218tiri \u0219i investiga\u021bii esen\u021biale din capital\u0103\",\"publisher\":{\"@id\":\"https:\\\/\\\/buletin.de\\\/bucuresti\\\/#organization\"},\"potentialAction\":[{\"@type\":\"SearchAction\",\"target\":{\"@type\":\"EntryPoint\",\"urlTemplate\":\"https:\\\/\\\/buletin.de\\\/bucuresti\\\/?s={search_term_string}\"},\"query-input\":{\"@type\":\"PropertyValueSpecification\",\"valueRequired\":true,\"valueName\":\"search_term_string\"}}],\"inLanguage\":\"en-GB\"},{\"@type\":\"Organization\",\"@id\":\"https:\\\/\\\/buletin.de\\\/bucuresti\\\/#organization\",\"name\":\"Buletin de Bucure\u0219ti\",\"url\":\"https:\\\/\\\/buletin.de\\\/bucuresti\\\/\",\"logo\":{\"@type\":\"ImageObject\",\"inLanguage\":\"en-GB\",\"@id\":\"https:\\\/\\\/buletin.de\\\/bucuresti\\\/#\\\/schema\\\/logo\\\/image\\\/\",\"url\":\"https:\\\/\\\/buletin.de\\\/bucuresti\\\/wp-content\\\/uploads\\\/logo-bdb-full-wide-vernil-transparent.png\",\"contentUrl\":\"https:\\\/\\\/buletin.de\\\/bucuresti\\\/wp-content\\\/uploads\\\/logo-bdb-full-wide-vernil-transparent.png\",\"width\":1782,\"height\":626,\"caption\":\"Buletin de Bucure\u0219ti\"},\"image\":{\"@id\":\"https:\\\/\\\/buletin.de\\\/bucuresti\\\/#\\\/schema\\\/logo\\\/image\\\/\"},\"sameAs\":[\"https:\\\/\\\/www.facebook.com\\\/buletin.de.buc\",\"https:\\\/\\\/www.instagram.com\\\/buletinde.bucuresti\\\/\"]},{\"@type\":\"Person\",\"@id\":\"https:\\\/\\\/buletin.de\\\/bucuresti\\\/#\\\/schema\\\/person\\\/7e46040573290777280a0835d81ea4ea\",\"name\":\"Diana Matei\",\"image\":{\"@type\":\"ImageObject\",\"inLanguage\":\"en-GB\",\"@id\":\"https:\\\/\\\/buletin.de\\\/bucuresti\\\/wp-content\\\/uploads\\\/9-2-96x96.jpg1e8590b30871d70e62ebcdaf2eff570c\",\"url\":\"https:\\\/\\\/buletin.de\\\/bucuresti\\\/wp-content\\\/uploads\\\/9-2-96x96.jpg\",\"contentUrl\":\"https:\\\/\\\/buletin.de\\\/bucuresti\\\/wp-content\\\/uploads\\\/9-2-96x96.jpg\",\"caption\":\"Diana Matei\"},\"url\":\"https:\\\/\\\/buletin.de\\\/bucuresti\\\/author\\\/dianamatei\\\/\"}]}<\/script>\n<!-- \/ Yoast SEO Premium plugin. -->","yoast_head_json":{"title":"Repara\u021bii capitale pe 42 de kilometri din A1 Bucure\u0219ti-Pite\u0219ti - Buletin de Bucure\u0219ti","robots":{"index":"index","follow":"follow","max-snippet":"max-snippet:-1","max-image-preview":"max-image-preview:large","max-video-preview":"max-video-preview:-1"},"canonical":"https:\/\/buletin.de\/bucuresti\/reparatii-capitale-pe-42-de-kilometri-din-a1-bucuresti-pitesti\/","og_locale":"en_GB","og_type":"article","og_title":"Repara\u021bii capitale pe 42 de kilometri din A1 Bucure\u0219ti-Pite\u0219ti","og_description":"Ministerul Transporturilor anun\u021b\u0103 lucr\u0103ri de reabilitare pe Autostrada A1 Bucure\u0219ti-Pite\u0219ti: Lot 2 km 44+000 &#8211; km 86+000. Indicatorii tehnico-economici au fost aproba\u021bi de Guvern iar lucr\u0103rile vor fi f\u0103cute jude\u021bele Giurgiu, D\u00e2mbovi\u021ba \u0219i Arge\u0219. Proiectul presupune lucr\u0103ri de reabilitarea pentru 42 de kilometri iar valoarea total\u0103 estimat\u0103 a investi\u021biei este de 1,1 miliarde de lei. [&hellip;]","og_url":"https:\/\/buletin.de\/bucuresti\/reparatii-capitale-pe-42-de-kilometri-din-a1-bucuresti-pitesti\/","og_site_name":"Buletin de Bucure\u0219ti","article_publisher":"https:\/\/www.facebook.com\/buletin.de.buc","article_published_time":"2024-05-16T12:12:34+00:00","article_modified_time":"2024-05-16T12:12:35+00:00","og_image":[{"width":1383,"height":779,"url":"https:\/\/buletin.de\/bucuresti\/wp-content\/uploads\/A1-4-1.png","type":"image\/png"}],"author":"Diana Matei","twitter_card":"summary_large_image","twitter_misc":{"Written by":"Diana Matei","Estimated reading time":"2 minutes"},"schema":{"@context":"https:\/\/schema.org","@graph":[{"@type":"Article","@id":"https:\/\/buletin.de\/bucuresti\/reparatii-capitale-pe-42-de-kilometri-din-a1-bucuresti-pitesti\/#article","isPartOf":{"@id":"https:\/\/buletin.de\/bucuresti\/reparatii-capitale-pe-42-de-kilometri-din-a1-bucuresti-pitesti\/"},"author":{"name":"Diana Matei","@id":"https:\/\/buletin.de\/bucuresti\/#\/schema\/person\/7e46040573290777280a0835d81ea4ea"},"headline":"Repara\u021bii capitale pe 42 de kilometri din A1 Bucure\u0219ti-Pite\u0219ti","datePublished":"2024-05-16T12:12:34+00:00","dateModified":"2024-05-16T12:12:35+00:00","mainEntityOfPage":{"@id":"https:\/\/buletin.de\/bucuresti\/reparatii-capitale-pe-42-de-kilometri-din-a1-bucuresti-pitesti\/"},"wordCount":287,"publisher":{"@id":"https:\/\/buletin.de\/bucuresti\/#organization"},"image":{"@id":"https:\/\/buletin.de\/bucuresti\/reparatii-capitale-pe-42-de-kilometri-din-a1-bucuresti-pitesti\/#primaryimage"},"thumbnailUrl":"https:\/\/buletin.de\/bucuresti\/wp-content\/uploads\/A1-4-1.png","keywords":["a1","Drumul Radial 2 - DR2 - Autostrada A1","reabilitare Autostrada Bucuresti-Pitesti"],"articleSection":["Articole","\u0218tiri","Transport"],"inLanguage":"en-GB","copyrightYear":"2024","copyrightHolder":{"@id":"https:\/\/buletin.de\/bucuresti\/#organization"}},{"@type":"WebPage","@id":"https:\/\/buletin.de\/bucuresti\/reparatii-capitale-pe-42-de-kilometri-din-a1-bucuresti-pitesti\/","url":"https:\/\/buletin.de\/bucuresti\/reparatii-capitale-pe-42-de-kilometri-din-a1-bucuresti-pitesti\/","name":"Repara\u021bii capitale pe 42 de kilometri din A1 Bucure\u0219ti-Pite\u0219ti - Buletin de Bucure\u0219ti","isPartOf":{"@id":"https:\/\/buletin.de\/bucuresti\/#website"},"primaryImageOfPage":{"@id":"https:\/\/buletin.de\/bucuresti\/reparatii-capitale-pe-42-de-kilometri-din-a1-bucuresti-pitesti\/#primaryimage"},"image":{"@id":"https:\/\/buletin.de\/bucuresti\/reparatii-capitale-pe-42-de-kilometri-din-a1-bucuresti-pitesti\/#primaryimage"},"thumbnailUrl":"https:\/\/buletin.de\/bucuresti\/wp-content\/uploads\/A1-4-1.png","datePublished":"2024-05-16T12:12:34+00:00","dateModified":"2024-05-16T12:12:35+00:00","breadcrumb":{"@id":"https:\/\/buletin.de\/bucuresti\/reparatii-capitale-pe-42-de-kilometri-din-a1-bucuresti-pitesti\/#breadcrumb"},"inLanguage":"en-GB","potentialAction":[{"@type":"ReadAction","target":["https:\/\/buletin.de\/bucuresti\/reparatii-capitale-pe-42-de-kilometri-din-a1-bucuresti-pitesti\/"]}]},{"@type":"ImageObject","inLanguage":"en-GB","@id":"https:\/\/buletin.de\/bucuresti\/reparatii-capitale-pe-42-de-kilometri-din-a1-bucuresti-pitesti\/#primaryimage","url":"https:\/\/buletin.de\/bucuresti\/wp-content\/uploads\/A1-4-1.png","contentUrl":"https:\/\/buletin.de\/bucuresti\/wp-content\/uploads\/A1-4-1.png","width":1383,"height":779,"caption":"FOTO: Arhiva"},{"@type":"BreadcrumbList","@id":"https:\/\/buletin.de\/bucuresti\/reparatii-capitale-pe-42-de-kilometri-din-a1-bucuresti-pitesti\/#breadcrumb","itemListElement":[{"@type":"ListItem","position":1,"name":"Acas\u0103","item":"https:\/\/buletin.de\/bucuresti\/"},{"@type":"ListItem","position":2,"name":"Repara\u021bii capitale pe 42 de kilometri din A1 Bucure\u0219ti-Pite\u0219ti"}]},{"@type":"WebSite","@id":"https:\/\/buletin.de\/bucuresti\/#website","url":"https:\/\/buletin.de\/bucuresti\/","name":"Buletin de Bucure\u0219ti","description":"\u0218tiri \u0219i investiga\u021bii esen\u021biale din capital\u0103","publisher":{"@id":"https:\/\/buletin.de\/bucuresti\/#organization"},"potentialAction":[{"@type":"SearchAction","target":{"@type":"EntryPoint","urlTemplate":"https:\/\/buletin.de\/bucuresti\/?s={search_term_string}"},"query-input":{"@type":"PropertyValueSpecification","valueRequired":true,"valueName":"search_term_string"}}],"inLanguage":"en-GB"},{"@type":"Organization","@id":"https:\/\/buletin.de\/bucuresti\/#organization","name":"Buletin de Bucure\u0219ti","url":"https:\/\/buletin.de\/bucuresti\/","logo":{"@type":"ImageObject","inLanguage":"en-GB","@id":"https:\/\/buletin.de\/bucuresti\/#\/schema\/logo\/image\/","url":"https:\/\/buletin.de\/bucuresti\/wp-content\/uploads\/logo-bdb-full-wide-vernil-transparent.png","contentUrl":"https:\/\/buletin.de\/bucuresti\/wp-content\/uploads\/logo-bdb-full-wide-vernil-transparent.png","width":1782,"height":626,"caption":"Buletin de Bucure\u0219ti"},"image":{"@id":"https:\/\/buletin.de\/bucuresti\/#\/schema\/logo\/image\/"},"sameAs":["https:\/\/www.facebook.com\/buletin.de.buc","https:\/\/www.instagram.com\/buletinde.bucuresti\/"]},{"@type":"Person","@id":"https:\/\/buletin.de\/bucuresti\/#\/schema\/person\/7e46040573290777280a0835d81ea4ea","name":"Diana Matei","image":{"@type":"ImageObject","inLanguage":"en-GB","@id":"https:\/\/buletin.de\/bucuresti\/wp-content\/uploads\/9-2-96x96.jpg1e8590b30871d70e62ebcdaf2eff570c","url":"https:\/\/buletin.de\/bucuresti\/wp-content\/uploads\/9-2-96x96.jpg","contentUrl":"https:\/\/buletin.de\/bucuresti\/wp-content\/uploads\/9-2-96x96.jpg","caption":"Diana Matei"},"url":"https:\/\/buletin.de\/bucuresti\/author\/dianamatei\/"}]}},"authors":[{"term_id":22574,"user_id":49,"is_guest":0,"slug":"dianamatei","display_name":"Diana Matei","avatar_url":"https:\/\/buletin.de\/bucuresti\/wp-content\/uploads\/9-2-96x96.jpg","0":null,"1":"","2":"","3":"","4":"","5":"","6":"","7":"","8":""}],"_links":{"self":[{"href":"https:\/\/buletin.de\/bucuresti\/wp-json\/wp\/v2\/posts\/85530","targetHints":{"allow":["GET"]}}],"collection":[{"href":"https:\/\/buletin.de\/bucuresti\/wp-json\/wp\/v2\/posts"}],"about":[{"href":"https:\/\/buletin.de\/bucuresti\/wp-json\/wp\/v2\/types\/post"}],"author":[{"embeddable":true,"href":"https:\/\/buletin.de\/bucuresti\/wp-json\/wp\/v2\/users\/49"}],"replies":[{"embeddable":true,"href":"https:\/\/buletin.de\/bucuresti\/wp-json\/wp\/v2\/comments?post=85530"}],"version-history":[{"count":3,"href":"https:\/\/buletin.de\/bucuresti\/wp-json\/wp\/v2\/posts\/85530\/revisions"}],"predecessor-version":[{"id":85539,"href":"https:\/\/buletin.de\/bucuresti\/wp-json\/wp\/v2\/posts\/85530\/revisions\/85539"}],"wp:featuredmedia":[{"embeddable":true,"href":"https:\/\/buletin.de\/bucuresti\/wp-json\/wp\/v2\/media\/85533"}],"wp:attachment":[{"href":"https:\/\/buletin.de\/bucuresti\/wp-json\/wp\/v2\/media?parent=85530"}],"wp:term":[{"taxonomy":"category","embeddable":true,"href":"https:\/\/buletin.de\/bucuresti\/wp-json\/wp\/v2\/categories?post=85530"},{"taxonomy":"post_tag","embeddable":true,"href":"https:\/\/buletin.de\/bucuresti\/wp-json\/wp\/v2\/tags?post=85530"},{"taxonomy":"author","embeddable":true,"href":"https:\/\/buletin.de\/bucuresti\/wp-json\/wp\/v2\/ppma_author?post=85530"}],"curies":[{"name":"wp","href":"https:\/\/api.w.org\/{rel}","templated":true}]}}