{"id":85384,"date":"2024-05-14T13:53:21","date_gmt":"2024-05-14T10:53:21","guid":{"rendered":"https:\/\/buletin.de\/bucuresti\/?p=85384"},"modified":"2024-05-14T13:53:22","modified_gmt":"2024-05-14T10:53:22","slug":"sector-3-ordinea-candidatilor-pe-buletinele-de-vot-a-fost-stabilita-de-bec","status":"publish","type":"post","link":"https:\/\/buletin.de\/bucuresti\/sector-3-ordinea-candidatilor-pe-buletinele-de-vot-a-fost-stabilita-de-bec\/","title":{"rendered":"Sector 3 | Ordinea candida\u021bilor pe buletinele de vot a fost stabilit\u0103 de BEC"},"content":{"rendered":"\n<p>Biroul electoral de circumscrip\u0163ie al Sectorului 3 a stabilit ordinea de \u00eenscriere pe buletinele de vot a candida\u0163ilor la func\u0163iile de primar \u015fi de consilieri locali, pentru alegerile din data de 9 iunie.<\/p>\n\n\n\n<p>Pe buletinul de vot, pentru alegerea primarului de sector, ordinea candida\u0163ilor va fi urm\u0103toarea:<\/p>\n\n\n\n<ul class=\"wp-block-list\">\n<li>pozi\u0163ia 1 \u2013 Robert Negoi\u0163\u0103 (Alian\u0163a Electoral\u0103 PSD PNL);<\/li>\n\n\n\n<li>pozi\u0163ia 2 \u2013 Alexandru Marco Ni\u0163\u0103 (Alian\u0163a pentru Unirea Rom\u00e2nilor);<\/li>\n\n\n\n<li>pozi\u0163ia 3 \u2013 Vasile Negril\u0103 (Partidul Umanist Social Liberal \/ PUSL);<\/li>\n\n\n\n<li>pozi\u0163ia 4 \u2013 Gheorghe Daniel Paul Romeo (Partidul S.O.S. Rom\u00e2nia);<\/li>\n\n\n\n<li>pozi\u0163ia 5 \u2013 \u015etefan Lucian Judele (Alian\u0163a Dreapta Unit\u0103 \/ USR \u2013 PMP \u2013 For\u0163a Dreptei).<\/li>\n\n\n\n<li>pozi\u0163ia 6 \u2013 Ana Maria Ciceal\u0103 (candidat independent).<\/li>\n<\/ul>\n\n\n\n<p>La Consiliul Local, pe buletinul de vot ordinea candida\u0163ilor va fi:<\/p>\n\n\n\n<ul class=\"wp-block-list\">\n<li>pozi\u0163ia 1 \u2013 Alian\u0163a Electoral\u0103 PSD PNL;<\/li>\n\n\n\n<li>pozi\u0163ia 2 \u2013 Alian\u0163a pentru Unirea Rom\u00e2nilor;<\/li>\n\n\n\n<li>pozi\u0163ia 3 \u2013 Alian\u0163a REPER SENS URS.PDF pentru Sectorul 3;<\/li>\n\n\n\n<li>pozi\u0163ia 4 \u2013 Partidul Umanist Social Liberal;<\/li>\n\n\n\n<li>pozi\u0163ia 5 \u2013 Partidul S.O.S. Rom\u00e2nia;<\/li>\n\n\n\n<li>pozi\u0163ia 6 \u2013 Alian\u0163a Dreapta Unit\u0103 USR \u2013 PMP \u2013 FOR\u0162A DREPTEI.<\/li>\n<\/ul>\n\n\n\n<h2 class=\"wp-block-heading\">Cum vot\u0103m la alegerile locale din data de 9 iunie<\/h2>\n\n\n\n<p>Dac\u0103 ave\u021bi domiciliul \u00een Bucure\u0219ti, pute\u021bi vota la sec\u021bia de votare la care sunte\u021bi arondat, care poate fi g\u0103sit\u0103 aici: https:\/\/www.registrulelectoral.ro\/.<\/p>\n\n\n\n<p>Dac\u0103 nu ave\u021bi domiciliul \u00een Bucure\u0219ti, dar locui\u021bi aici, ve\u021bi putea vota \u00een Bucure\u0219ti pe baza vizei de flotant, doar dac\u0103 a fost ob\u021binut\u0103 p\u00e2n\u0103 pe data de 5 aprilie 2024. Legea prevede ob\u021binerea acesteia cu cel pu\u021bin 60 de zile \u00eenainte de data alegerilor.<\/p>\n\n\n\n<p>Dac\u0103 viza expir\u0103 dup\u0103 data de 9 iunie 2024, se va putea vota la alegerile locale.<\/p>\n\n\n\n<p>\u00cen func\u021bie de sectoare, se pot g\u0103sit detalii la urm\u0103toarele linkuri:<\/p>\n\n\n\n<p>Sector 1:&nbsp;<a href=\"https:\/\/www.dpepscs1.ro\/ep-19\/?fbclid=IwAR21-F_rM2yCnXSWPnFAcJFOyOSL8OozLmvssaxrUb-quIgiX-vSTKPs5AY\" target=\"_blank\" rel=\"noreferrer noopener\">https:\/\/www.dpepscs1.ro\/ep-19\/<\/a><a href=\"https:\/\/www.facebook.com\/hashtag\/sector1?__eep__=6&amp;__cft__[0]=AZXqHhr3LbiOXB1Lzt5A3WKKO-w2XdRKL9aEuVM2ZUGPdFU0S2WpctKvZF3uGb6c_E-f3revzv8_rzly6HUDutavMCAALmnaya46ReGQi9ap6jeCBaLmlv13iV3RN-wjMlhelNv0qeQuRV6trOqw_D24fOkPBTMSnuGC6HlH40VAjTBUzhvND_twjwwZn8x9gxg&amp;__tn__=*NK-R\">#Sector1<\/a><\/p>\n\n\n\n<p>Sector 2:&nbsp;<a href=\"https:\/\/dpepsc.ps2.ro\/index.php\/evidenta-persoanelor\/evidenta\/13-stabilirea-resedintei?fbclid=IwAR3wEhJc1lQ825MWTuj9W8RPFqlW9tchtRbTRyJjgFpnrd_v-VbpoT2aWao\" target=\"_blank\" rel=\"noreferrer noopener\">https:\/\/dpepsc.ps2.ro\/\u2026\/evidenta\/13-stabilirea-resedintei<\/a><a href=\"https:\/\/www.facebook.com\/hashtag\/sector2?__eep__=6&amp;__cft__[0]=AZXqHhr3LbiOXB1Lzt5A3WKKO-w2XdRKL9aEuVM2ZUGPdFU0S2WpctKvZF3uGb6c_E-f3revzv8_rzly6HUDutavMCAALmnaya46ReGQi9ap6jeCBaLmlv13iV3RN-wjMlhelNv0qeQuRV6trOqw_D24fOkPBTMSnuGC6HlH40VAjTBUzhvND_twjwwZn8x9gxg&amp;__tn__=*NK-R\">#Sector2<\/a><\/p>\n\n\n\n<p>Sector 3:&nbsp;<a href=\"https:\/\/www.primarie3.ro\/index.php\/informatii_publice\/detaliu_act\/inscrierea-in-actul-de-identitate-a-mentiunii-privind-stabilirea-resedintei\/?fbclid=IwAR2CdQd9e4Wp8hf-lotSD9eXjevFUswJF5tHOAWgzqKWgaSA4IvmEiUOwXY\" target=\"_blank\" rel=\"noreferrer noopener\">https:\/\/www.primarie3.ro\/\u2026\/inscrierea-in-actul-de\u2026\/<\/a><a href=\"https:\/\/www.facebook.com\/hashtag\/sector3?__eep__=6&amp;__cft__[0]=AZXqHhr3LbiOXB1Lzt5A3WKKO-w2XdRKL9aEuVM2ZUGPdFU0S2WpctKvZF3uGb6c_E-f3revzv8_rzly6HUDutavMCAALmnaya46ReGQi9ap6jeCBaLmlv13iV3RN-wjMlhelNv0qeQuRV6trOqw_D24fOkPBTMSnuGC6HlH40VAjTBUzhvND_twjwwZn8x9gxg&amp;__tn__=*NK-R\">#Sector3<\/a><\/p>\n\n\n\n<p>Sector 4:&nbsp;<a href=\"https:\/\/www.deps4.ro\/evidenta-persoanelor\/?fbclid=IwAR3_STpnXS4ORGez0Lj88iZicQTcyA3m6SAwBuZxQ6iU_q-yM2QqajX_ZaM\" target=\"_blank\" rel=\"noreferrer noopener\">https:\/\/www.deps4.ro\/evidenta-persoanelor\/<\/a><a href=\"https:\/\/www.facebook.com\/hashtag\/sector4?__eep__=6&amp;__cft__[0]=AZXqHhr3LbiOXB1Lzt5A3WKKO-w2XdRKL9aEuVM2ZUGPdFU0S2WpctKvZF3uGb6c_E-f3revzv8_rzly6HUDutavMCAALmnaya46ReGQi9ap6jeCBaLmlv13iV3RN-wjMlhelNv0qeQuRV6trOqw_D24fOkPBTMSnuGC6HlH40VAjTBUzhvND_twjwwZn8x9gxg&amp;__tn__=*NK-R\">#Sector4<\/a><\/p>\n\n\n\n<p>Sector 5:&nbsp;<a href=\"https:\/\/l.facebook.com\/l.php?u=https%3A%2F%2Fsector5.ro%2Fviza-de-resedinta%2F%3Ffbclid%3DIwAR133GQ0DSapHqu1lHVU_8Ode6Ci2DARjKXQYXdIRA1mC-WsUgnwaYq-GOc&amp;h=AT1zy6rlJ_0bthJ27swjzIyu0twHDEtBYXffe4hQKPx9pQNmCVoVp2H8l3N8wq62S3PXU_yXsJ6xVZl3DE1_4BjKHEScntBr50ZQIcNRLnjJFfX7oI8nKtxrPyDJ2_uvdDsY&amp;__tn__=-UK-R&amp;c[0]=AT2PRklkzfABgERGYd0cL3QC8euBk6ei_SLcwQSqqMf_wc2A9lFFpNriAj8uzdmw-_FfTbtP5FglC9CaW10_tbuYKi2nJ0Is1WZuM9bPuJ8S-Ls9Llhq543rVqnbzJhLNHnhHmr39_ad5DOv7zsJIZsqTp4MLlOfdldQdXjqzrgCsj-9SOUPvYaCIPXTgwqFzwa80as7ZsY9\" target=\"_blank\" rel=\"noreferrer noopener\">https:\/\/sector5.ro\/viza-de-resedinta\/<\/a><a href=\"https:\/\/www.facebook.com\/hashtag\/sector5?__eep__=6&amp;__cft__[0]=AZXqHhr3LbiOXB1Lzt5A3WKKO-w2XdRKL9aEuVM2ZUGPdFU0S2WpctKvZF3uGb6c_E-f3revzv8_rzly6HUDutavMCAALmnaya46ReGQi9ap6jeCBaLmlv13iV3RN-wjMlhelNv0qeQuRV6trOqw_D24fOkPBTMSnuGC6HlH40VAjTBUzhvND_twjwwZn8x9gxg&amp;__tn__=*NK-R\">#Sector5<\/a><\/p>\n\n\n\n<p>Sector 6:&nbsp;<a href=\"https:\/\/evidentapersoanelor6.ro\/evidenta_persoane_primariesector6\/serviciul-evidenta-persoanelor?location=Vize&amp;fbclid=IwAR09LAWo7ghMuz0SvLC5EDkxa3BKzoZigPgAXYcOvgIBzCniEdOmxyFZze4\" target=\"_blank\" rel=\"noreferrer noopener\">https:\/\/evidentapersoanelor6.ro\/\u2026\/serviciul-evidenta\u2026<\/a><a href=\"https:\/\/www.facebook.com\/hashtag\/sector6?__eep__=6&amp;__cft__[0]=AZXqHhr3LbiOXB1Lzt5A3WKKO-w2XdRKL9aEuVM2ZUGPdFU0S2WpctKvZF3uGb6c_E-f3revzv8_rzly6HUDutavMCAALmnaya46ReGQi9ap6jeCBaLmlv13iV3RN-wjMlhelNv0qeQuRV6trOqw_D24fOkPBTMSnuGC6HlH40VAjTBUzhvND_twjwwZn8x9gxg&amp;__tn__=*NK-R\">#Sector6<\/a><\/p>\n\n\n\n<p>Campania electoral\u0103 pentru alegerile locale a \u00eenceput vineri, 10 mai \u015fi se va \u00eencheia pe 8 iunie, la ora 7:00.<\/p>\n\n\n\n<p><strong>CITE\u0218TE \u0218I:<\/strong><\/p>\n\n\n\n<figure class=\"wp-block-embed is-type-wp-embed is-provider-buletin-de-bucure-ti wp-block-embed-buletin-de-bucure-ti\"><div class=\"wp-block-embed__wrapper\">\n<blockquote class=\"wp-embedded-content\" data-secret=\"Ws3E5Ot6XK\"><a href=\"https:\/\/buletin.de\/bucuresti\/sector-6-bec-a-stabilit-ordinea-pe-buletinele-de-vot-pentru-alegerile-locale\/\">Sector 6 | BEC a stabilit ordinea pe buletinele de vot, pentru alegerile locale<\/a><\/blockquote><iframe class=\"wp-embedded-content\" sandbox=\"allow-scripts\" security=\"restricted\" style=\"position: absolute; clip: rect(1px, 1px, 1px, 1px);\" title=\"&#8220;Sector 6 | BEC a stabilit ordinea pe buletinele de vot, pentru alegerile locale&#8221; &#8212; Buletin de Bucure\u0219ti\" src=\"https:\/\/buletin.de\/bucuresti\/sector-6-bec-a-stabilit-ordinea-pe-buletinele-de-vot-pentru-alegerile-locale\/embed\/#?secret=ZxnMk9vzdA#?secret=Ws3E5Ot6XK\" data-secret=\"Ws3E5Ot6XK\" width=\"600\" height=\"338\" frameborder=\"0\" marginwidth=\"0\" marginheight=\"0\" scrolling=\"no\"><\/iframe>\n<\/div><\/figure>\n\n\n\n<p><\/p>\n","protected":false},"excerpt":{"rendered":"<p>Biroul electoral de circumscrip\u0163ie al Sectorului 3 a stabilit ordinea de \u00eenscriere pe buletinele de vot a candida\u0163ilor la func\u0163iile de primar \u015fi de consilieri locali, pentru alegerile din data de 9 iunie. Pe buletinul de vot, pentru alegerea primarului de sector, ordinea candida\u0163ilor va fi urm\u0103toarea: La Consiliul Local, pe buletinul de vot ordinea [&hellip;]<\/p>\n","protected":false},"author":49,"featured_media":85385,"comment_status":"closed","ping_status":"open","sticky":false,"template":"","format":"standard","meta":{"_acf_changed":false,"inline_featured_image":false,"ngg_post_thumbnail":0,"footnotes":""},"categories":[6994,9025,62],"tags":[781,11882,440],"ppma_author":[22574],"class_list":["post-85384","post","type-post","status-publish","format-standard","has-post-thumbnail","hentry","category-stiri-2","category-politic","category-stiri","tag-alegeri-locale","tag-ordine-buletin-de-vot","tag-sector-3"],"acf":[],"yoast_head":"<!-- This site is optimized with the Yoast SEO Premium plugin v25.3 (Yoast SEO v27.5) - https:\/\/yoast.com\/product\/yoast-seo-premium-wordpress\/ -->\n<title>Sector 3 | Ordinea candida\u021bilor pe buletinele de vot a fost stabilit\u0103 de BEC - Buletin de Bucure\u0219ti<\/title>\n<meta name=\"robots\" content=\"index, follow, max-snippet:-1, max-image-preview:large, max-video-preview:-1\" \/>\n<link rel=\"canonical\" href=\"https:\/\/buletin.de\/bucuresti\/sector-3-ordinea-candidatilor-pe-buletinele-de-vot-a-fost-stabilita-de-bec\/\" \/>\n<meta property=\"og:locale\" content=\"en_GB\" \/>\n<meta property=\"og:type\" content=\"article\" \/>\n<meta property=\"og:title\" content=\"Sector 3 | Ordinea candida\u021bilor pe buletinele de vot a fost stabilit\u0103 de BEC\" \/>\n<meta property=\"og:description\" content=\"Biroul electoral de circumscrip\u0163ie al Sectorului 3 a stabilit ordinea de \u00eenscriere pe buletinele de vot a candida\u0163ilor la func\u0163iile de primar \u015fi de consilieri locali, pentru alegerile din data de 9 iunie. Pe buletinul de vot, pentru alegerea primarului de sector, ordinea candida\u0163ilor va fi urm\u0103toarea: La Consiliul Local, pe buletinul de vot ordinea [&hellip;]\" \/>\n<meta property=\"og:url\" content=\"https:\/\/buletin.de\/bucuresti\/sector-3-ordinea-candidatilor-pe-buletinele-de-vot-a-fost-stabilita-de-bec\/\" \/>\n<meta property=\"og:site_name\" content=\"Buletin de Bucure\u0219ti\" \/>\n<meta property=\"article:publisher\" content=\"https:\/\/www.facebook.com\/buletin.de.buc\" \/>\n<meta property=\"article:published_time\" content=\"2024-05-14T10:53:21+00:00\" \/>\n<meta property=\"article:modified_time\" content=\"2024-05-14T10:53:22+00:00\" \/>\n<meta property=\"og:image\" content=\"https:\/\/buletin.de\/bucuresti\/wp-content\/uploads\/img-4.jpg\" \/>\n\t<meta property=\"og:image:width\" content=\"960\" \/>\n\t<meta property=\"og:image:height\" content=\"540\" \/>\n\t<meta property=\"og:image:type\" content=\"image\/jpeg\" \/>\n<meta name=\"author\" content=\"Diana Matei\" \/>\n<meta name=\"twitter:card\" content=\"summary_large_image\" \/>\n<meta name=\"twitter:label1\" content=\"Written by\" \/>\n\t<meta name=\"twitter:data1\" content=\"Diana Matei\" \/>\n\t<meta name=\"twitter:label2\" content=\"Estimated reading time\" \/>\n\t<meta name=\"twitter:data2\" content=\"2 minutes\" \/>\n<script type=\"application\/ld+json\" class=\"yoast-schema-graph\">{\"@context\":\"https:\\\/\\\/schema.org\",\"@graph\":[{\"@type\":\"Article\",\"@id\":\"https:\\\/\\\/buletin.de\\\/bucuresti\\\/sector-3-ordinea-candidatilor-pe-buletinele-de-vot-a-fost-stabilita-de-bec\\\/#article\",\"isPartOf\":{\"@id\":\"https:\\\/\\\/buletin.de\\\/bucuresti\\\/sector-3-ordinea-candidatilor-pe-buletinele-de-vot-a-fost-stabilita-de-bec\\\/\"},\"author\":{\"name\":\"Diana Matei\",\"@id\":\"https:\\\/\\\/buletin.de\\\/bucuresti\\\/#\\\/schema\\\/person\\\/7e46040573290777280a0835d81ea4ea\"},\"headline\":\"Sector 3 | Ordinea candida\u021bilor pe buletinele de vot a fost stabilit\u0103 de BEC\",\"datePublished\":\"2024-05-14T10:53:21+00:00\",\"dateModified\":\"2024-05-14T10:53:22+00:00\",\"mainEntityOfPage\":{\"@id\":\"https:\\\/\\\/buletin.de\\\/bucuresti\\\/sector-3-ordinea-candidatilor-pe-buletinele-de-vot-a-fost-stabilita-de-bec\\\/\"},\"wordCount\":379,\"publisher\":{\"@id\":\"https:\\\/\\\/buletin.de\\\/bucuresti\\\/#organization\"},\"image\":{\"@id\":\"https:\\\/\\\/buletin.de\\\/bucuresti\\\/sector-3-ordinea-candidatilor-pe-buletinele-de-vot-a-fost-stabilita-de-bec\\\/#primaryimage\"},\"thumbnailUrl\":\"https:\\\/\\\/buletin.de\\\/bucuresti\\\/wp-content\\\/uploads\\\/img-4.jpg\",\"keywords\":[\"alegeri locale\",\"ordine buletin de vot\",\"Sector 3\"],\"articleSection\":[\"Articole\",\"Politic\",\"\u0218tiri\"],\"inLanguage\":\"en-GB\",\"copyrightYear\":\"2024\",\"copyrightHolder\":{\"@id\":\"https:\\\/\\\/buletin.de\\\/bucuresti\\\/#organization\"}},{\"@type\":\"WebPage\",\"@id\":\"https:\\\/\\\/buletin.de\\\/bucuresti\\\/sector-3-ordinea-candidatilor-pe-buletinele-de-vot-a-fost-stabilita-de-bec\\\/\",\"url\":\"https:\\\/\\\/buletin.de\\\/bucuresti\\\/sector-3-ordinea-candidatilor-pe-buletinele-de-vot-a-fost-stabilita-de-bec\\\/\",\"name\":\"Sector 3 | Ordinea candida\u021bilor pe buletinele de vot a fost stabilit\u0103 de BEC - Buletin de Bucure\u0219ti\",\"isPartOf\":{\"@id\":\"https:\\\/\\\/buletin.de\\\/bucuresti\\\/#website\"},\"primaryImageOfPage\":{\"@id\":\"https:\\\/\\\/buletin.de\\\/bucuresti\\\/sector-3-ordinea-candidatilor-pe-buletinele-de-vot-a-fost-stabilita-de-bec\\\/#primaryimage\"},\"image\":{\"@id\":\"https:\\\/\\\/buletin.de\\\/bucuresti\\\/sector-3-ordinea-candidatilor-pe-buletinele-de-vot-a-fost-stabilita-de-bec\\\/#primaryimage\"},\"thumbnailUrl\":\"https:\\\/\\\/buletin.de\\\/bucuresti\\\/wp-content\\\/uploads\\\/img-4.jpg\",\"datePublished\":\"2024-05-14T10:53:21+00:00\",\"dateModified\":\"2024-05-14T10:53:22+00:00\",\"breadcrumb\":{\"@id\":\"https:\\\/\\\/buletin.de\\\/bucuresti\\\/sector-3-ordinea-candidatilor-pe-buletinele-de-vot-a-fost-stabilita-de-bec\\\/#breadcrumb\"},\"inLanguage\":\"en-GB\",\"potentialAction\":[{\"@type\":\"ReadAction\",\"target\":[\"https:\\\/\\\/buletin.de\\\/bucuresti\\\/sector-3-ordinea-candidatilor-pe-buletinele-de-vot-a-fost-stabilita-de-bec\\\/\"]}]},{\"@type\":\"ImageObject\",\"inLanguage\":\"en-GB\",\"@id\":\"https:\\\/\\\/buletin.de\\\/bucuresti\\\/sector-3-ordinea-candidatilor-pe-buletinele-de-vot-a-fost-stabilita-de-bec\\\/#primaryimage\",\"url\":\"https:\\\/\\\/buletin.de\\\/bucuresti\\\/wp-content\\\/uploads\\\/img-4.jpg\",\"contentUrl\":\"https:\\\/\\\/buletin.de\\\/bucuresti\\\/wp-content\\\/uploads\\\/img-4.jpg\",\"width\":960,\"height\":540,\"caption\":\"FOTO: radiobrasovfm.ro\"},{\"@type\":\"BreadcrumbList\",\"@id\":\"https:\\\/\\\/buletin.de\\\/bucuresti\\\/sector-3-ordinea-candidatilor-pe-buletinele-de-vot-a-fost-stabilita-de-bec\\\/#breadcrumb\",\"itemListElement\":[{\"@type\":\"ListItem\",\"position\":1,\"name\":\"Acas\u0103\",\"item\":\"https:\\\/\\\/buletin.de\\\/bucuresti\\\/\"},{\"@type\":\"ListItem\",\"position\":2,\"name\":\"Sector 3 | Ordinea candida\u021bilor pe buletinele de vot a fost stabilit\u0103 de BEC\"}]},{\"@type\":\"WebSite\",\"@id\":\"https:\\\/\\\/buletin.de\\\/bucuresti\\\/#website\",\"url\":\"https:\\\/\\\/buletin.de\\\/bucuresti\\\/\",\"name\":\"Buletin de Bucure\u0219ti\",\"description\":\"\u0218tiri \u0219i investiga\u021bii esen\u021biale din capital\u0103\",\"publisher\":{\"@id\":\"https:\\\/\\\/buletin.de\\\/bucuresti\\\/#organization\"},\"potentialAction\":[{\"@type\":\"SearchAction\",\"target\":{\"@type\":\"EntryPoint\",\"urlTemplate\":\"https:\\\/\\\/buletin.de\\\/bucuresti\\\/?s={search_term_string}\"},\"query-input\":{\"@type\":\"PropertyValueSpecification\",\"valueRequired\":true,\"valueName\":\"search_term_string\"}}],\"inLanguage\":\"en-GB\"},{\"@type\":\"Organization\",\"@id\":\"https:\\\/\\\/buletin.de\\\/bucuresti\\\/#organization\",\"name\":\"Buletin de Bucure\u0219ti\",\"url\":\"https:\\\/\\\/buletin.de\\\/bucuresti\\\/\",\"logo\":{\"@type\":\"ImageObject\",\"inLanguage\":\"en-GB\",\"@id\":\"https:\\\/\\\/buletin.de\\\/bucuresti\\\/#\\\/schema\\\/logo\\\/image\\\/\",\"url\":\"https:\\\/\\\/buletin.de\\\/bucuresti\\\/wp-content\\\/uploads\\\/logo-bdb-full-wide-vernil-transparent.png\",\"contentUrl\":\"https:\\\/\\\/buletin.de\\\/bucuresti\\\/wp-content\\\/uploads\\\/logo-bdb-full-wide-vernil-transparent.png\",\"width\":1782,\"height\":626,\"caption\":\"Buletin de Bucure\u0219ti\"},\"image\":{\"@id\":\"https:\\\/\\\/buletin.de\\\/bucuresti\\\/#\\\/schema\\\/logo\\\/image\\\/\"},\"sameAs\":[\"https:\\\/\\\/www.facebook.com\\\/buletin.de.buc\",\"https:\\\/\\\/www.instagram.com\\\/buletinde.bucuresti\\\/\"]},{\"@type\":\"Person\",\"@id\":\"https:\\\/\\\/buletin.de\\\/bucuresti\\\/#\\\/schema\\\/person\\\/7e46040573290777280a0835d81ea4ea\",\"name\":\"Diana Matei\",\"image\":{\"@type\":\"ImageObject\",\"inLanguage\":\"en-GB\",\"@id\":\"https:\\\/\\\/buletin.de\\\/bucuresti\\\/wp-content\\\/uploads\\\/9-2-96x96.jpg1e8590b30871d70e62ebcdaf2eff570c\",\"url\":\"https:\\\/\\\/buletin.de\\\/bucuresti\\\/wp-content\\\/uploads\\\/9-2-96x96.jpg\",\"contentUrl\":\"https:\\\/\\\/buletin.de\\\/bucuresti\\\/wp-content\\\/uploads\\\/9-2-96x96.jpg\",\"caption\":\"Diana Matei\"},\"url\":\"https:\\\/\\\/buletin.de\\\/bucuresti\\\/author\\\/dianamatei\\\/\"}]}<\/script>\n<!-- \/ Yoast SEO Premium plugin. -->","yoast_head_json":{"title":"Sector 3 | Ordinea candida\u021bilor pe buletinele de vot a fost stabilit\u0103 de BEC - Buletin de Bucure\u0219ti","robots":{"index":"index","follow":"follow","max-snippet":"max-snippet:-1","max-image-preview":"max-image-preview:large","max-video-preview":"max-video-preview:-1"},"canonical":"https:\/\/buletin.de\/bucuresti\/sector-3-ordinea-candidatilor-pe-buletinele-de-vot-a-fost-stabilita-de-bec\/","og_locale":"en_GB","og_type":"article","og_title":"Sector 3 | Ordinea candida\u021bilor pe buletinele de vot a fost stabilit\u0103 de BEC","og_description":"Biroul electoral de circumscrip\u0163ie al Sectorului 3 a stabilit ordinea de \u00eenscriere pe buletinele de vot a candida\u0163ilor la func\u0163iile de primar \u015fi de consilieri locali, pentru alegerile din data de 9 iunie. Pe buletinul de vot, pentru alegerea primarului de sector, ordinea candida\u0163ilor va fi urm\u0103toarea: La Consiliul Local, pe buletinul de vot ordinea [&hellip;]","og_url":"https:\/\/buletin.de\/bucuresti\/sector-3-ordinea-candidatilor-pe-buletinele-de-vot-a-fost-stabilita-de-bec\/","og_site_name":"Buletin de Bucure\u0219ti","article_publisher":"https:\/\/www.facebook.com\/buletin.de.buc","article_published_time":"2024-05-14T10:53:21+00:00","article_modified_time":"2024-05-14T10:53:22+00:00","og_image":[{"width":960,"height":540,"url":"https:\/\/buletin.de\/bucuresti\/wp-content\/uploads\/img-4.jpg","type":"image\/jpeg"}],"author":"Diana Matei","twitter_card":"summary_large_image","twitter_misc":{"Written by":"Diana Matei","Estimated reading time":"2 minutes"},"schema":{"@context":"https:\/\/schema.org","@graph":[{"@type":"Article","@id":"https:\/\/buletin.de\/bucuresti\/sector-3-ordinea-candidatilor-pe-buletinele-de-vot-a-fost-stabilita-de-bec\/#article","isPartOf":{"@id":"https:\/\/buletin.de\/bucuresti\/sector-3-ordinea-candidatilor-pe-buletinele-de-vot-a-fost-stabilita-de-bec\/"},"author":{"name":"Diana Matei","@id":"https:\/\/buletin.de\/bucuresti\/#\/schema\/person\/7e46040573290777280a0835d81ea4ea"},"headline":"Sector 3 | Ordinea candida\u021bilor pe buletinele de vot a fost stabilit\u0103 de BEC","datePublished":"2024-05-14T10:53:21+00:00","dateModified":"2024-05-14T10:53:22+00:00","mainEntityOfPage":{"@id":"https:\/\/buletin.de\/bucuresti\/sector-3-ordinea-candidatilor-pe-buletinele-de-vot-a-fost-stabilita-de-bec\/"},"wordCount":379,"publisher":{"@id":"https:\/\/buletin.de\/bucuresti\/#organization"},"image":{"@id":"https:\/\/buletin.de\/bucuresti\/sector-3-ordinea-candidatilor-pe-buletinele-de-vot-a-fost-stabilita-de-bec\/#primaryimage"},"thumbnailUrl":"https:\/\/buletin.de\/bucuresti\/wp-content\/uploads\/img-4.jpg","keywords":["alegeri locale","ordine buletin de vot","Sector 3"],"articleSection":["Articole","Politic","\u0218tiri"],"inLanguage":"en-GB","copyrightYear":"2024","copyrightHolder":{"@id":"https:\/\/buletin.de\/bucuresti\/#organization"}},{"@type":"WebPage","@id":"https:\/\/buletin.de\/bucuresti\/sector-3-ordinea-candidatilor-pe-buletinele-de-vot-a-fost-stabilita-de-bec\/","url":"https:\/\/buletin.de\/bucuresti\/sector-3-ordinea-candidatilor-pe-buletinele-de-vot-a-fost-stabilita-de-bec\/","name":"Sector 3 | Ordinea candida\u021bilor pe buletinele de vot a fost stabilit\u0103 de BEC - Buletin de Bucure\u0219ti","isPartOf":{"@id":"https:\/\/buletin.de\/bucuresti\/#website"},"primaryImageOfPage":{"@id":"https:\/\/buletin.de\/bucuresti\/sector-3-ordinea-candidatilor-pe-buletinele-de-vot-a-fost-stabilita-de-bec\/#primaryimage"},"image":{"@id":"https:\/\/buletin.de\/bucuresti\/sector-3-ordinea-candidatilor-pe-buletinele-de-vot-a-fost-stabilita-de-bec\/#primaryimage"},"thumbnailUrl":"https:\/\/buletin.de\/bucuresti\/wp-content\/uploads\/img-4.jpg","datePublished":"2024-05-14T10:53:21+00:00","dateModified":"2024-05-14T10:53:22+00:00","breadcrumb":{"@id":"https:\/\/buletin.de\/bucuresti\/sector-3-ordinea-candidatilor-pe-buletinele-de-vot-a-fost-stabilita-de-bec\/#breadcrumb"},"inLanguage":"en-GB","potentialAction":[{"@type":"ReadAction","target":["https:\/\/buletin.de\/bucuresti\/sector-3-ordinea-candidatilor-pe-buletinele-de-vot-a-fost-stabilita-de-bec\/"]}]},{"@type":"ImageObject","inLanguage":"en-GB","@id":"https:\/\/buletin.de\/bucuresti\/sector-3-ordinea-candidatilor-pe-buletinele-de-vot-a-fost-stabilita-de-bec\/#primaryimage","url":"https:\/\/buletin.de\/bucuresti\/wp-content\/uploads\/img-4.jpg","contentUrl":"https:\/\/buletin.de\/bucuresti\/wp-content\/uploads\/img-4.jpg","width":960,"height":540,"caption":"FOTO: radiobrasovfm.ro"},{"@type":"BreadcrumbList","@id":"https:\/\/buletin.de\/bucuresti\/sector-3-ordinea-candidatilor-pe-buletinele-de-vot-a-fost-stabilita-de-bec\/#breadcrumb","itemListElement":[{"@type":"ListItem","position":1,"name":"Acas\u0103","item":"https:\/\/buletin.de\/bucuresti\/"},{"@type":"ListItem","position":2,"name":"Sector 3 | Ordinea candida\u021bilor pe buletinele de vot a fost stabilit\u0103 de BEC"}]},{"@type":"WebSite","@id":"https:\/\/buletin.de\/bucuresti\/#website","url":"https:\/\/buletin.de\/bucuresti\/","name":"Buletin de Bucure\u0219ti","description":"\u0218tiri \u0219i investiga\u021bii esen\u021biale din capital\u0103","publisher":{"@id":"https:\/\/buletin.de\/bucuresti\/#organization"},"potentialAction":[{"@type":"SearchAction","target":{"@type":"EntryPoint","urlTemplate":"https:\/\/buletin.de\/bucuresti\/?s={search_term_string}"},"query-input":{"@type":"PropertyValueSpecification","valueRequired":true,"valueName":"search_term_string"}}],"inLanguage":"en-GB"},{"@type":"Organization","@id":"https:\/\/buletin.de\/bucuresti\/#organization","name":"Buletin de Bucure\u0219ti","url":"https:\/\/buletin.de\/bucuresti\/","logo":{"@type":"ImageObject","inLanguage":"en-GB","@id":"https:\/\/buletin.de\/bucuresti\/#\/schema\/logo\/image\/","url":"https:\/\/buletin.de\/bucuresti\/wp-content\/uploads\/logo-bdb-full-wide-vernil-transparent.png","contentUrl":"https:\/\/buletin.de\/bucuresti\/wp-content\/uploads\/logo-bdb-full-wide-vernil-transparent.png","width":1782,"height":626,"caption":"Buletin de Bucure\u0219ti"},"image":{"@id":"https:\/\/buletin.de\/bucuresti\/#\/schema\/logo\/image\/"},"sameAs":["https:\/\/www.facebook.com\/buletin.de.buc","https:\/\/www.instagram.com\/buletinde.bucuresti\/"]},{"@type":"Person","@id":"https:\/\/buletin.de\/bucuresti\/#\/schema\/person\/7e46040573290777280a0835d81ea4ea","name":"Diana Matei","image":{"@type":"ImageObject","inLanguage":"en-GB","@id":"https:\/\/buletin.de\/bucuresti\/wp-content\/uploads\/9-2-96x96.jpg1e8590b30871d70e62ebcdaf2eff570c","url":"https:\/\/buletin.de\/bucuresti\/wp-content\/uploads\/9-2-96x96.jpg","contentUrl":"https:\/\/buletin.de\/bucuresti\/wp-content\/uploads\/9-2-96x96.jpg","caption":"Diana Matei"},"url":"https:\/\/buletin.de\/bucuresti\/author\/dianamatei\/"}]}},"authors":[{"term_id":22574,"user_id":49,"is_guest":0,"slug":"dianamatei","display_name":"Diana Matei","avatar_url":"https:\/\/buletin.de\/bucuresti\/wp-content\/uploads\/9-2-96x96.jpg","0":null,"1":"","2":"","3":"","4":"","5":"","6":"","7":"","8":""}],"_links":{"self":[{"href":"https:\/\/buletin.de\/bucuresti\/wp-json\/wp\/v2\/posts\/85384","targetHints":{"allow":["GET"]}}],"collection":[{"href":"https:\/\/buletin.de\/bucuresti\/wp-json\/wp\/v2\/posts"}],"about":[{"href":"https:\/\/buletin.de\/bucuresti\/wp-json\/wp\/v2\/types\/post"}],"author":[{"embeddable":true,"href":"https:\/\/buletin.de\/bucuresti\/wp-json\/wp\/v2\/users\/49"}],"replies":[{"embeddable":true,"href":"https:\/\/buletin.de\/bucuresti\/wp-json\/wp\/v2\/comments?post=85384"}],"version-history":[{"count":1,"href":"https:\/\/buletin.de\/bucuresti\/wp-json\/wp\/v2\/posts\/85384\/revisions"}],"predecessor-version":[{"id":85386,"href":"https:\/\/buletin.de\/bucuresti\/wp-json\/wp\/v2\/posts\/85384\/revisions\/85386"}],"wp:featuredmedia":[{"embeddable":true,"href":"https:\/\/buletin.de\/bucuresti\/wp-json\/wp\/v2\/media\/85385"}],"wp:attachment":[{"href":"https:\/\/buletin.de\/bucuresti\/wp-json\/wp\/v2\/media?parent=85384"}],"wp:term":[{"taxonomy":"category","embeddable":true,"href":"https:\/\/buletin.de\/bucuresti\/wp-json\/wp\/v2\/categories?post=85384"},{"taxonomy":"post_tag","embeddable":true,"href":"https:\/\/buletin.de\/bucuresti\/wp-json\/wp\/v2\/tags?post=85384"},{"taxonomy":"author","embeddable":true,"href":"https:\/\/buletin.de\/bucuresti\/wp-json\/wp\/v2\/ppma_author?post=85384"}],"curies":[{"name":"wp","href":"https:\/\/api.w.org\/{rel}","templated":true}]}}