{"id":85320,"date":"2024-05-13T11:22:14","date_gmt":"2024-05-13T08:22:14","guid":{"rendered":"https:\/\/buletin.de\/bucuresti\/?p=85320"},"modified":"2024-05-13T11:26:20","modified_gmt":"2024-05-13T08:26:20","slug":"sondajul-care-face-nota-discordanta-institutul-lui-pieleanu-o-da-pe-firea-castigatoare-la-un-procent-de-dan","status":"publish","type":"post","link":"https:\/\/buletin.de\/bucuresti\/sondajul-care-face-nota-discordanta-institutul-lui-pieleanu-o-da-pe-firea-castigatoare-la-un-procent-de-dan\/","title":{"rendered":"Sondaj la nivelul Sectorului 1 care face not\u0103 discordant\u0103: Institutul lui Pieleanu o d\u0103 pe Firea c\u00e2\u015ftig\u0103toare, la un procent de Dan"},"content":{"rendered":"\n<p><strong>Un sondaj realizat de institutul condus de Marius Pieleanu, Avangarde, \u015fi citat de <a href=\"https:\/\/www.g4media.ro\/sondaj-avangarde-gabriela-firea-in-premiera-peste-nicusor-dan-cu-un-procent-george-tuta-peste-clotilde-armand-in-sectorul-1-tot-cu-un-procent-diferente-majore-fata-de-alte-sondaje-recente.html\">G4Media <\/a>o d\u0103 pe Gabriela Firea c\u00e2\u015ftig\u0103toare, cu 30 de procente, urmat\u0103 \u00eendeaproape de Nicu\u015for Dan, cu 29 de procente. Sondajul, valabil pentru votan\u0163ii din Sectorul 1, vine la doar c\u00e2teva zile de <a href=\"https:\/\/buletin.de\/bucuresti\/sondaj-sociopol-nicusor-dan-detasat-de-pluton-la-inceputul-campaniei-electorale-procentele-candidatilor\/\">cel realizat de Sociopol<\/a> (condus de Mirel Palada), care \u00eel credita pe Nicu\u015for Dan cu 37 de procente, \u00een vreme ce Gabriela Firea era cotat\u0103 cu doar 23% (la nivelul \u00eentregului Bucure\u015fti). <\/strong><\/p>\n\n\n\n<p>Este primul sondaj \u00een care candidatul PSD este cotat cu mai multe procente dec\u00e2t Nicu\u015for Dan, dup\u0103 o serie de sondaje care \u00eel d\u0103deau pe acesta c\u00e2\u015ftig\u0103tor. A\u015fadar, potrivit Avangarde, dac\u0103 duminica viitoare ar avea alegeri, Gabriela Firea (PSD) ar ob\u0163ine 30% din voturi, Nicu\u015for Dan (independent sus\u0163inut de ADU \u015fi REPER) 29%, Cristian Popescu Piedone (PUSL) 17%, Sebastian Burduja (PNL) 13%, Mihai Enache (AUR) 10%, iar Diana \u015eo\u015foac\u0103, lidera SOS, 1%. <\/p>\n\n\n\n<figure class=\"wp-block-image size-full\"><img fetchpriority=\"high\" decoding=\"async\" width=\"768\" height=\"432\" src=\"data:image\/gif;base64,R0lGODlhAQABAAAAACH5BAEKAAEALAAAAAABAAEAAAICTAEAOw==\" data-src=\"https:\/\/buletin.de\/bucuresti\/wp-content\/uploads\/gabriela-firea-nicusor-dan-avangarde-768x432-1.jpg\" alt=\"\" class=\"wp-image-85321 lazyload\" data-sizes=\"auto\" data-srcset=\"https:\/\/buletin.de\/bucuresti\/wp-content\/uploads\/gabriela-firea-nicusor-dan-avangarde-768x432-1.jpg 768w, https:\/\/buletin.de\/bucuresti\/wp-content\/uploads\/gabriela-firea-nicusor-dan-avangarde-768x432-1-300x169.jpg 300w, https:\/\/buletin.de\/bucuresti\/wp-content\/uploads\/gabriela-firea-nicusor-dan-avangarde-768x432-1-600x338.jpg 600w, https:\/\/buletin.de\/bucuresti\/wp-content\/uploads\/gabriela-firea-nicusor-dan-avangarde-768x432-1-20x11.jpg 20w\" sizes=\"(max-width: 768px) 100vw, 768px\" \/><\/figure>\n\n\n\n<p>La final de aprilie, Avangarde preg\u0103tea terenul pentru aceast\u0103 cre\u015ftere a Gabrielei Firea &#8211; atunci \u00eel cota pe Nicu\u015for Dan cu 31 de procente, iar pe Firea cu 24, dup\u0103 cum Buletin de Bucure\u015fti a scris <a href=\"https:\/\/buletin.de\/bucuresti\/nicusor-dan-conduce-in-primul-sondaj-realizat-de-psd-dupa-intrarea-gabrielei-firea-in-cursa-pentru-primaria-capitalei\/\">AICI<\/a>. <\/p>\n\n\n\n<p>\u00cen urm\u0103 cu dou\u0103 zile, BdB a relatat despre sondajul Sociopol, condus de Mirel Palada. Conform graficului publicat de Palada, Nicu\u0219or Dan ar ob\u021bine 37%, Gabriela Firea 23%, Cristian Popescu Piedone 18% \u0219i Sebastian Burduja 16%. Mai este nominalizat \u00een sondaj \u0219i Mihai Enache, de la AUR, cu 5 procente. Ceilal\u021bi candida\u021bi ob\u021bin procente reziduale, sub 1%.<\/p>\n\n\n\n<p>Un alt sondaj realizat de<a href=\"https:\/\/www.news.ro\/politic-intern\/sondaj-inscop-news-intentii-vot-primaria-capitalei-nicusor-dan-38-5-cristian-popescu-piedone-27-4-gabriela-firea-21-4-cgmb-alianta-dreapta-unita-31-4-psd-29-pnl-13-9-arata-topul-notorietatii-1922403030002024040721575681\">&nbsp;INSCOP la comanda News.ro<\/a>&nbsp;\u00een urm\u0103 cu dou\u0103 s\u0103pt\u0103m\u00e2ni o plasa pe Gabriela Firea la distan\u021b\u0103 mare de Nicu\u0219or Dan. Astfel, actualul primar general \u00eenregistra 38,5 %, urmat de Cristian Popescu Piedone cu 27,4% \u015fi de Gabriela Firea \u2013 21,4%, noteaz\u0103 <a href=\"https:\/\/www.g4media.ro\/sondaj-avangarde-gabriela-firea-in-premiera-peste-nicusor-dan-cu-un-procent-george-tuta-peste-clotilde-armand-in-sectorul-1-tot-cu-un-procent-diferente-majore-fata-de-alte-sondaje-recente.html\">G4Media<\/a>.<\/p>\n\n\n\n<p>\u00centr-un alt<a href=\"https:\/\/www.g4media.ro\/sondaj-prezentat-de-antena-3-dupa-retrgerea-lui-cirstoiu-nicusor-dan-la-mare-distanta-de-piedone-candidatul-sustinut-de-partidul-lui-dan-voiculescu-cu-cat-este-cotata-gabriela-firea-piedone-a-c.html\">&nbsp;sondaj de opinie realizat de ARA Public Opinion<\/a>&nbsp;(institut de sondare apropiat de Antena 3 \u0219i Dan Voiculescu) \u0219i dat publicit\u0103\u021bii pe data de 25 aprilie &nbsp;Nicu\u0219or Dan era cotat cu 37% \u00een inten\u021bia de vot, Cristian Popescu Piedone cu 28% (PUSL, partidul \u00een spatele c\u0103ruia se afl\u0103 Dan Voiculescu), Gabriela Firea cu 23% (PSD), Sebastian Burduja cu 9% (PNL), iar Marian Enache (AUR) cu 3%.<\/p>\n\n\n\n<h2 class=\"wp-block-heading\">Sectorul 1<\/h2>\n\n\n\n<p>Avangarde a sondat \u015fi candida\u0163ii pentru sectorul 1. Potrivit sociologilor din subordinea lui Pieleanu, candidatul PSD-PNL George Tu\u0163\u0103 ar ob\u0163ine 34%, iar Clotilde Armand 32%. <\/p>\n\n\n\n<figure class=\"wp-block-image size-full\"><img decoding=\"async\" width=\"768\" height=\"393\" src=\"data:image\/gif;base64,R0lGODlhAQABAAAAACH5BAEKAAEALAAAAAABAAEAAAICTAEAOw==\" data-src=\"https:\/\/buletin.de\/bucuresti\/wp-content\/uploads\/sector-1-intentie-de-vot-768x393-1.jpg\" alt=\"\" class=\"wp-image-85322 lazyload\" data-sizes=\"auto\" data-srcset=\"https:\/\/buletin.de\/bucuresti\/wp-content\/uploads\/sector-1-intentie-de-vot-768x393-1.jpg 768w, https:\/\/buletin.de\/bucuresti\/wp-content\/uploads\/sector-1-intentie-de-vot-768x393-1-300x154.jpg 300w, https:\/\/buletin.de\/bucuresti\/wp-content\/uploads\/sector-1-intentie-de-vot-768x393-1-600x307.jpg 600w, https:\/\/buletin.de\/bucuresti\/wp-content\/uploads\/sector-1-intentie-de-vot-768x393-1-20x10.jpg 20w\" sizes=\"(max-width: 768px) 100vw, 768px\" \/><\/figure>\n\n\n\n<h2 class=\"wp-block-heading\">Despre Avangarde<\/h2>\n\n\n\n<p>Sondajul Avangarde care o d\u0103 pe Gabriela Firea c\u00e2\u015ftig\u0103toare a fost realizat \u00een perioada 7 \u2013 11 mai, prin interviuri fa\u0163\u0103 \u00een fa\u0163\u0103, cu 1150 de cet\u0103\u0163eni, cu o marj\u0103 de eroare de 2,9%. Reprezentan\u0163ii sus\u0163in c\u0103 sondajul a fost autofinan\u0163at.<\/p>\n\n\n\n<p>Avangarde este condus de Marius Pieleanu, sociolog apropiat de PSD, cu <a href=\"https:\/\/romania.europalibera.org\/a\/psd-a-pl%C4%83tit-zeci-de-milioane-de-lei-pentru-consultan%C8%9B%C4%83-%C8%99i-sondaje-dou%C4%83-firme-au-avut-leg%C4%83tur%C4%83-cu-v-d%C3%AEncu-\/30809305.html\">contracte subsecvente primite din bani publici<\/a>. <\/p>\n\n\n\n<p><\/p>\n\n\n\n<p><strong>CITE\u015eTE \u015eI:<\/strong><\/p>\n\n\n\n<figure class=\"wp-block-embed is-type-wp-embed is-provider-buletin-de-bucure-ti wp-block-embed-buletin-de-bucure-ti\"><div class=\"wp-block-embed__wrapper\">\n<blockquote class=\"wp-embedded-content\" data-secret=\"C8wGNjPWnU\"><a href=\"https:\/\/buletin.de\/bucuresti\/nicusor-dan-conduce-in-primul-sondaj-realizat-de-psd-dupa-intrarea-gabrielei-firea-in-cursa-pentru-primaria-capitalei\/\">Nicu\u0219or Dan conduce \u00een primul sondaj realizat de PSD dup\u0103 intrarea Gabrielei Firea \u00een cursa pentru Prim\u0103ria Capitalei<\/a><\/blockquote><iframe class=\"wp-embedded-content\" sandbox=\"allow-scripts\" security=\"restricted\" style=\"position: absolute; clip: rect(1px, 1px, 1px, 1px);\" title=\"&#8220;Nicu\u0219or Dan conduce \u00een primul sondaj realizat de PSD dup\u0103 intrarea Gabrielei Firea \u00een cursa pentru Prim\u0103ria Capitalei&#8221; &#8212; Buletin de Bucure\u0219ti\" src=\"https:\/\/buletin.de\/bucuresti\/nicusor-dan-conduce-in-primul-sondaj-realizat-de-psd-dupa-intrarea-gabrielei-firea-in-cursa-pentru-primaria-capitalei\/embed\/#?secret=WOPpqbtmWu#?secret=C8wGNjPWnU\" data-secret=\"C8wGNjPWnU\" width=\"600\" height=\"338\" frameborder=\"0\" marginwidth=\"0\" marginheight=\"0\" scrolling=\"no\"><\/iframe>\n<\/div><\/figure>\n\n\n\n<figure class=\"wp-block-embed is-type-wp-embed is-provider-buletin-de-bucure-ti wp-block-embed-buletin-de-bucure-ti\"><div class=\"wp-block-embed__wrapper\">\n<blockquote class=\"wp-embedded-content\" data-secret=\"Qu377w1ArZ\"><a href=\"https:\/\/buletin.de\/bucuresti\/sondaj-sociopol-nicusor-dan-detasat-de-pluton-la-inceputul-campaniei-electorale-procentele-candidatilor\/\">Sondaj Sociopol: Nicu\u0219or Dan, deta\u0219at de pluton, la \u00eenceputul campaniei electorale. Procentele candida\u021bilor<\/a><\/blockquote><iframe class=\"wp-embedded-content\" sandbox=\"allow-scripts\" security=\"restricted\" style=\"position: absolute; clip: rect(1px, 1px, 1px, 1px);\" title=\"&#8220;Sondaj Sociopol: Nicu\u0219or Dan, deta\u0219at de pluton, la \u00eenceputul campaniei electorale. Procentele candida\u021bilor&#8221; &#8212; Buletin de Bucure\u0219ti\" src=\"https:\/\/buletin.de\/bucuresti\/sondaj-sociopol-nicusor-dan-detasat-de-pluton-la-inceputul-campaniei-electorale-procentele-candidatilor\/embed\/#?secret=SAGviqPJZF#?secret=Qu377w1ArZ\" data-secret=\"Qu377w1ArZ\" width=\"600\" height=\"338\" frameborder=\"0\" marginwidth=\"0\" marginheight=\"0\" scrolling=\"no\"><\/iframe>\n<\/div><\/figure>\n","protected":false},"excerpt":{"rendered":"<p>Un sondaj realizat de institutul condus de Marius Pieleanu, Avangarde, \u015fi citat de G4Media o d\u0103 pe Gabriela Firea c\u00e2\u015ftig\u0103toare, cu 30 de procente, urmat\u0103 \u00eendeaproape de Nicu\u015for Dan, cu 29 de procente. Sondajul, valabil pentru votan\u0163ii din Sectorul 1, vine la doar c\u00e2teva zile de cel realizat de Sociopol (condus de Mirel Palada), care [&hellip;]<\/p>\n","protected":false},"author":8,"featured_media":83928,"comment_status":"closed","ping_status":"open","sticky":false,"template":"","format":"standard","meta":{"_acf_changed":false,"inline_featured_image":false,"ngg_post_thumbnail":0,"footnotes":""},"categories":[6994,5762,9025],"tags":[10012,11858,11857,10726,36,8402,11859,223,11856],"ppma_author":[22586],"class_list":["post-85320","post","type-post","status-publish","format-standard","has-post-thumbnail","hentry","category-stiri-2","category-main","category-politic","tag-alegeri-locale-2024-bucuresti","tag-bucuresti-alegeri-2024","tag-candidati-bucuresti-primaria-capitalei","tag-cine-castiga-primaria-capitalei","tag-gabriela-firea","tag-m","tag-marius-pieleanu","tag-nicusor-dan","tag-sondaj-avangarde-primaria-capitalei"],"acf":[],"yoast_head":"<!-- This site is optimized with the Yoast SEO Premium plugin v25.3 (Yoast SEO v27.5) - https:\/\/yoast.com\/product\/yoast-seo-premium-wordpress\/ -->\n<title>Sondaj la nivelul Sectorului 1 care face not\u0103 discordant\u0103: Institutul lui Pieleanu o d\u0103 pe Firea c\u00e2\u015ftig\u0103toare, la un procent de Dan - Buletin de Bucure\u0219ti<\/title>\n<meta name=\"robots\" content=\"index, follow, max-snippet:-1, max-image-preview:large, max-video-preview:-1\" \/>\n<link rel=\"canonical\" href=\"https:\/\/buletin.de\/bucuresti\/sondajul-care-face-nota-discordanta-institutul-lui-pieleanu-o-da-pe-firea-castigatoare-la-un-procent-de-dan\/\" \/>\n<meta property=\"og:locale\" content=\"en_GB\" \/>\n<meta property=\"og:type\" content=\"article\" \/>\n<meta property=\"og:title\" content=\"Sondaj la nivelul Sectorului 1 care face not\u0103 discordant\u0103: Institutul lui Pieleanu o d\u0103 pe Firea c\u00e2\u015ftig\u0103toare, la un procent de Dan\" \/>\n<meta property=\"og:description\" content=\"Un sondaj realizat de institutul condus de Marius Pieleanu, Avangarde, \u015fi citat de G4Media o d\u0103 pe Gabriela Firea c\u00e2\u015ftig\u0103toare, cu 30 de procente, urmat\u0103 \u00eendeaproape de Nicu\u015for Dan, cu 29 de procente. Sondajul, valabil pentru votan\u0163ii din Sectorul 1, vine la doar c\u00e2teva zile de cel realizat de Sociopol (condus de Mirel Palada), care [&hellip;]\" \/>\n<meta property=\"og:url\" content=\"https:\/\/buletin.de\/bucuresti\/sondajul-care-face-nota-discordanta-institutul-lui-pieleanu-o-da-pe-firea-castigatoare-la-un-procent-de-dan\/\" \/>\n<meta property=\"og:site_name\" content=\"Buletin de Bucure\u0219ti\" \/>\n<meta property=\"article:publisher\" content=\"https:\/\/www.facebook.com\/buletin.de.buc\" \/>\n<meta property=\"article:published_time\" content=\"2024-05-13T08:22:14+00:00\" \/>\n<meta property=\"article:modified_time\" content=\"2024-05-13T08:26:20+00:00\" \/>\n<meta property=\"og:image\" content=\"https:\/\/buletin.de\/bucuresti\/wp-content\/uploads\/Colaje-BdB-900x506.png\" \/>\n\t<meta property=\"og:image:width\" content=\"900\" \/>\n\t<meta property=\"og:image:height\" content=\"506\" \/>\n\t<meta property=\"og:image:type\" content=\"image\/png\" \/>\n<meta name=\"author\" content=\"Ionu\u021b Lepa\" \/>\n<meta name=\"twitter:card\" content=\"summary_large_image\" \/>\n<meta name=\"twitter:label1\" content=\"Written by\" \/>\n\t<meta name=\"twitter:data1\" content=\"Ionu\u021b Lepa\" \/>\n\t<meta name=\"twitter:label2\" content=\"Estimated reading time\" \/>\n\t<meta name=\"twitter:data2\" content=\"3 minutes\" \/>\n<script type=\"application\/ld+json\" class=\"yoast-schema-graph\">{\"@context\":\"https:\\\/\\\/schema.org\",\"@graph\":[{\"@type\":\"Article\",\"@id\":\"https:\\\/\\\/buletin.de\\\/bucuresti\\\/sondajul-care-face-nota-discordanta-institutul-lui-pieleanu-o-da-pe-firea-castigatoare-la-un-procent-de-dan\\\/#article\",\"isPartOf\":{\"@id\":\"https:\\\/\\\/buletin.de\\\/bucuresti\\\/sondajul-care-face-nota-discordanta-institutul-lui-pieleanu-o-da-pe-firea-castigatoare-la-un-procent-de-dan\\\/\"},\"author\":{\"name\":\"Ionu\u021b Lepa\",\"@id\":\"https:\\\/\\\/buletin.de\\\/bucuresti\\\/#\\\/schema\\\/person\\\/5272b8a057b33890940b57b837fc4ce6\"},\"headline\":\"Sondaj la nivelul Sectorului 1 care face not\u0103 discordant\u0103: Institutul lui Pieleanu o d\u0103 pe Firea c\u00e2\u015ftig\u0103toare, la un procent de Dan\",\"datePublished\":\"2024-05-13T08:22:14+00:00\",\"dateModified\":\"2024-05-13T08:26:20+00:00\",\"mainEntityOfPage\":{\"@id\":\"https:\\\/\\\/buletin.de\\\/bucuresti\\\/sondajul-care-face-nota-discordanta-institutul-lui-pieleanu-o-da-pe-firea-castigatoare-la-un-procent-de-dan\\\/\"},\"wordCount\":492,\"publisher\":{\"@id\":\"https:\\\/\\\/buletin.de\\\/bucuresti\\\/#organization\"},\"image\":{\"@id\":\"https:\\\/\\\/buletin.de\\\/bucuresti\\\/sondajul-care-face-nota-discordanta-institutul-lui-pieleanu-o-da-pe-firea-castigatoare-la-un-procent-de-dan\\\/#primaryimage\"},\"thumbnailUrl\":\"https:\\\/\\\/buletin.de\\\/bucuresti\\\/wp-content\\\/uploads\\\/Colaje-BdB.png\",\"keywords\":[\"alegeri locale 2024 bucuresti\",\"bucuresti alegeri 2024\",\"candidati bucuresti primaria capitalei\",\"cine castiga primaria capitalei\",\"gabriela firea\",\"m\",\"marius pieleanu\",\"nicusor dan\",\"sondaj avangarde primaria capitalei\"],\"articleSection\":[\"Articole\",\"Main\",\"Politic\"],\"inLanguage\":\"en-GB\",\"copyrightYear\":\"2024\",\"copyrightHolder\":{\"@id\":\"https:\\\/\\\/buletin.de\\\/bucuresti\\\/#organization\"}},{\"@type\":\"WebPage\",\"@id\":\"https:\\\/\\\/buletin.de\\\/bucuresti\\\/sondajul-care-face-nota-discordanta-institutul-lui-pieleanu-o-da-pe-firea-castigatoare-la-un-procent-de-dan\\\/\",\"url\":\"https:\\\/\\\/buletin.de\\\/bucuresti\\\/sondajul-care-face-nota-discordanta-institutul-lui-pieleanu-o-da-pe-firea-castigatoare-la-un-procent-de-dan\\\/\",\"name\":\"Sondaj la nivelul Sectorului 1 care face not\u0103 discordant\u0103: Institutul lui Pieleanu o d\u0103 pe Firea c\u00e2\u015ftig\u0103toare, la un procent de Dan - Buletin de Bucure\u0219ti\",\"isPartOf\":{\"@id\":\"https:\\\/\\\/buletin.de\\\/bucuresti\\\/#website\"},\"primaryImageOfPage\":{\"@id\":\"https:\\\/\\\/buletin.de\\\/bucuresti\\\/sondajul-care-face-nota-discordanta-institutul-lui-pieleanu-o-da-pe-firea-castigatoare-la-un-procent-de-dan\\\/#primaryimage\"},\"image\":{\"@id\":\"https:\\\/\\\/buletin.de\\\/bucuresti\\\/sondajul-care-face-nota-discordanta-institutul-lui-pieleanu-o-da-pe-firea-castigatoare-la-un-procent-de-dan\\\/#primaryimage\"},\"thumbnailUrl\":\"https:\\\/\\\/buletin.de\\\/bucuresti\\\/wp-content\\\/uploads\\\/Colaje-BdB.png\",\"datePublished\":\"2024-05-13T08:22:14+00:00\",\"dateModified\":\"2024-05-13T08:26:20+00:00\",\"breadcrumb\":{\"@id\":\"https:\\\/\\\/buletin.de\\\/bucuresti\\\/sondajul-care-face-nota-discordanta-institutul-lui-pieleanu-o-da-pe-firea-castigatoare-la-un-procent-de-dan\\\/#breadcrumb\"},\"inLanguage\":\"en-GB\",\"potentialAction\":[{\"@type\":\"ReadAction\",\"target\":[\"https:\\\/\\\/buletin.de\\\/bucuresti\\\/sondajul-care-face-nota-discordanta-institutul-lui-pieleanu-o-da-pe-firea-castigatoare-la-un-procent-de-dan\\\/\"]}]},{\"@type\":\"ImageObject\",\"inLanguage\":\"en-GB\",\"@id\":\"https:\\\/\\\/buletin.de\\\/bucuresti\\\/sondajul-care-face-nota-discordanta-institutul-lui-pieleanu-o-da-pe-firea-castigatoare-la-un-procent-de-dan\\\/#primaryimage\",\"url\":\"https:\\\/\\\/buletin.de\\\/bucuresti\\\/wp-content\\\/uploads\\\/Colaje-BdB.png\",\"contentUrl\":\"https:\\\/\\\/buletin.de\\\/bucuresti\\\/wp-content\\\/uploads\\\/Colaje-BdB.png\",\"width\":1920,\"height\":1080},{\"@type\":\"BreadcrumbList\",\"@id\":\"https:\\\/\\\/buletin.de\\\/bucuresti\\\/sondajul-care-face-nota-discordanta-institutul-lui-pieleanu-o-da-pe-firea-castigatoare-la-un-procent-de-dan\\\/#breadcrumb\",\"itemListElement\":[{\"@type\":\"ListItem\",\"position\":1,\"name\":\"Acas\u0103\",\"item\":\"https:\\\/\\\/buletin.de\\\/bucuresti\\\/\"},{\"@type\":\"ListItem\",\"position\":2,\"name\":\"Sondaj la nivelul Sectorului 1 care face not\u0103 discordant\u0103: Institutul lui Pieleanu o d\u0103 pe Firea c\u00e2\u015ftig\u0103toare, la un procent de Dan\"}]},{\"@type\":\"WebSite\",\"@id\":\"https:\\\/\\\/buletin.de\\\/bucuresti\\\/#website\",\"url\":\"https:\\\/\\\/buletin.de\\\/bucuresti\\\/\",\"name\":\"Buletin de Bucure\u0219ti\",\"description\":\"\u0218tiri \u0219i investiga\u021bii esen\u021biale din capital\u0103\",\"publisher\":{\"@id\":\"https:\\\/\\\/buletin.de\\\/bucuresti\\\/#organization\"},\"potentialAction\":[{\"@type\":\"SearchAction\",\"target\":{\"@type\":\"EntryPoint\",\"urlTemplate\":\"https:\\\/\\\/buletin.de\\\/bucuresti\\\/?s={search_term_string}\"},\"query-input\":{\"@type\":\"PropertyValueSpecification\",\"valueRequired\":true,\"valueName\":\"search_term_string\"}}],\"inLanguage\":\"en-GB\"},{\"@type\":\"Organization\",\"@id\":\"https:\\\/\\\/buletin.de\\\/bucuresti\\\/#organization\",\"name\":\"Buletin de Bucure\u0219ti\",\"url\":\"https:\\\/\\\/buletin.de\\\/bucuresti\\\/\",\"logo\":{\"@type\":\"ImageObject\",\"inLanguage\":\"en-GB\",\"@id\":\"https:\\\/\\\/buletin.de\\\/bucuresti\\\/#\\\/schema\\\/logo\\\/image\\\/\",\"url\":\"https:\\\/\\\/buletin.de\\\/bucuresti\\\/wp-content\\\/uploads\\\/logo-bdb-full-wide-vernil-transparent.png\",\"contentUrl\":\"https:\\\/\\\/buletin.de\\\/bucuresti\\\/wp-content\\\/uploads\\\/logo-bdb-full-wide-vernil-transparent.png\",\"width\":1782,\"height\":626,\"caption\":\"Buletin de Bucure\u0219ti\"},\"image\":{\"@id\":\"https:\\\/\\\/buletin.de\\\/bucuresti\\\/#\\\/schema\\\/logo\\\/image\\\/\"},\"sameAs\":[\"https:\\\/\\\/www.facebook.com\\\/buletin.de.buc\",\"https:\\\/\\\/www.instagram.com\\\/buletinde.bucuresti\\\/\"]},{\"@type\":\"Person\",\"@id\":\"https:\\\/\\\/buletin.de\\\/bucuresti\\\/#\\\/schema\\\/person\\\/5272b8a057b33890940b57b837fc4ce6\",\"name\":\"Ionu\u021b Lepa\",\"image\":{\"@type\":\"ImageObject\",\"inLanguage\":\"en-GB\",\"@id\":\"https:\\\/\\\/buletin.de\\\/bucuresti\\\/wp-content\\\/uploads\\\/Ionut-Lepa-96x96.jpg5c4e4d9e049808799a8821652d2410a4\",\"url\":\"https:\\\/\\\/buletin.de\\\/bucuresti\\\/wp-content\\\/uploads\\\/Ionut-Lepa-96x96.jpg\",\"contentUrl\":\"https:\\\/\\\/buletin.de\\\/bucuresti\\\/wp-content\\\/uploads\\\/Ionut-Lepa-96x96.jpg\",\"caption\":\"Ionu\u021b Lepa\"},\"url\":\"https:\\\/\\\/buletin.de\\\/bucuresti\\\/author\\\/ionutlepa\\\/\"}]}<\/script>\n<!-- \/ Yoast SEO Premium plugin. -->","yoast_head_json":{"title":"Sondaj la nivelul Sectorului 1 care face not\u0103 discordant\u0103: Institutul lui Pieleanu o d\u0103 pe Firea c\u00e2\u015ftig\u0103toare, la un procent de Dan - Buletin de Bucure\u0219ti","robots":{"index":"index","follow":"follow","max-snippet":"max-snippet:-1","max-image-preview":"max-image-preview:large","max-video-preview":"max-video-preview:-1"},"canonical":"https:\/\/buletin.de\/bucuresti\/sondajul-care-face-nota-discordanta-institutul-lui-pieleanu-o-da-pe-firea-castigatoare-la-un-procent-de-dan\/","og_locale":"en_GB","og_type":"article","og_title":"Sondaj la nivelul Sectorului 1 care face not\u0103 discordant\u0103: Institutul lui Pieleanu o d\u0103 pe Firea c\u00e2\u015ftig\u0103toare, la un procent de Dan","og_description":"Un sondaj realizat de institutul condus de Marius Pieleanu, Avangarde, \u015fi citat de G4Media o d\u0103 pe Gabriela Firea c\u00e2\u015ftig\u0103toare, cu 30 de procente, urmat\u0103 \u00eendeaproape de Nicu\u015for Dan, cu 29 de procente. Sondajul, valabil pentru votan\u0163ii din Sectorul 1, vine la doar c\u00e2teva zile de cel realizat de Sociopol (condus de Mirel Palada), care [&hellip;]","og_url":"https:\/\/buletin.de\/bucuresti\/sondajul-care-face-nota-discordanta-institutul-lui-pieleanu-o-da-pe-firea-castigatoare-la-un-procent-de-dan\/","og_site_name":"Buletin de Bucure\u0219ti","article_publisher":"https:\/\/www.facebook.com\/buletin.de.buc","article_published_time":"2024-05-13T08:22:14+00:00","article_modified_time":"2024-05-13T08:26:20+00:00","og_image":[{"width":900,"height":506,"url":"https:\/\/buletin.de\/bucuresti\/wp-content\/uploads\/Colaje-BdB-900x506.png","type":"image\/png"}],"author":"Ionu\u021b Lepa","twitter_card":"summary_large_image","twitter_misc":{"Written by":"Ionu\u021b Lepa","Estimated reading time":"3 minutes"},"schema":{"@context":"https:\/\/schema.org","@graph":[{"@type":"Article","@id":"https:\/\/buletin.de\/bucuresti\/sondajul-care-face-nota-discordanta-institutul-lui-pieleanu-o-da-pe-firea-castigatoare-la-un-procent-de-dan\/#article","isPartOf":{"@id":"https:\/\/buletin.de\/bucuresti\/sondajul-care-face-nota-discordanta-institutul-lui-pieleanu-o-da-pe-firea-castigatoare-la-un-procent-de-dan\/"},"author":{"name":"Ionu\u021b Lepa","@id":"https:\/\/buletin.de\/bucuresti\/#\/schema\/person\/5272b8a057b33890940b57b837fc4ce6"},"headline":"Sondaj la nivelul Sectorului 1 care face not\u0103 discordant\u0103: Institutul lui Pieleanu o d\u0103 pe Firea c\u00e2\u015ftig\u0103toare, la un procent de Dan","datePublished":"2024-05-13T08:22:14+00:00","dateModified":"2024-05-13T08:26:20+00:00","mainEntityOfPage":{"@id":"https:\/\/buletin.de\/bucuresti\/sondajul-care-face-nota-discordanta-institutul-lui-pieleanu-o-da-pe-firea-castigatoare-la-un-procent-de-dan\/"},"wordCount":492,"publisher":{"@id":"https:\/\/buletin.de\/bucuresti\/#organization"},"image":{"@id":"https:\/\/buletin.de\/bucuresti\/sondajul-care-face-nota-discordanta-institutul-lui-pieleanu-o-da-pe-firea-castigatoare-la-un-procent-de-dan\/#primaryimage"},"thumbnailUrl":"https:\/\/buletin.de\/bucuresti\/wp-content\/uploads\/Colaje-BdB.png","keywords":["alegeri locale 2024 bucuresti","bucuresti alegeri 2024","candidati bucuresti primaria capitalei","cine castiga primaria capitalei","gabriela firea","m","marius pieleanu","nicusor dan","sondaj avangarde primaria capitalei"],"articleSection":["Articole","Main","Politic"],"inLanguage":"en-GB","copyrightYear":"2024","copyrightHolder":{"@id":"https:\/\/buletin.de\/bucuresti\/#organization"}},{"@type":"WebPage","@id":"https:\/\/buletin.de\/bucuresti\/sondajul-care-face-nota-discordanta-institutul-lui-pieleanu-o-da-pe-firea-castigatoare-la-un-procent-de-dan\/","url":"https:\/\/buletin.de\/bucuresti\/sondajul-care-face-nota-discordanta-institutul-lui-pieleanu-o-da-pe-firea-castigatoare-la-un-procent-de-dan\/","name":"Sondaj la nivelul Sectorului 1 care face not\u0103 discordant\u0103: Institutul lui Pieleanu o d\u0103 pe Firea c\u00e2\u015ftig\u0103toare, la un procent de Dan - Buletin de Bucure\u0219ti","isPartOf":{"@id":"https:\/\/buletin.de\/bucuresti\/#website"},"primaryImageOfPage":{"@id":"https:\/\/buletin.de\/bucuresti\/sondajul-care-face-nota-discordanta-institutul-lui-pieleanu-o-da-pe-firea-castigatoare-la-un-procent-de-dan\/#primaryimage"},"image":{"@id":"https:\/\/buletin.de\/bucuresti\/sondajul-care-face-nota-discordanta-institutul-lui-pieleanu-o-da-pe-firea-castigatoare-la-un-procent-de-dan\/#primaryimage"},"thumbnailUrl":"https:\/\/buletin.de\/bucuresti\/wp-content\/uploads\/Colaje-BdB.png","datePublished":"2024-05-13T08:22:14+00:00","dateModified":"2024-05-13T08:26:20+00:00","breadcrumb":{"@id":"https:\/\/buletin.de\/bucuresti\/sondajul-care-face-nota-discordanta-institutul-lui-pieleanu-o-da-pe-firea-castigatoare-la-un-procent-de-dan\/#breadcrumb"},"inLanguage":"en-GB","potentialAction":[{"@type":"ReadAction","target":["https:\/\/buletin.de\/bucuresti\/sondajul-care-face-nota-discordanta-institutul-lui-pieleanu-o-da-pe-firea-castigatoare-la-un-procent-de-dan\/"]}]},{"@type":"ImageObject","inLanguage":"en-GB","@id":"https:\/\/buletin.de\/bucuresti\/sondajul-care-face-nota-discordanta-institutul-lui-pieleanu-o-da-pe-firea-castigatoare-la-un-procent-de-dan\/#primaryimage","url":"https:\/\/buletin.de\/bucuresti\/wp-content\/uploads\/Colaje-BdB.png","contentUrl":"https:\/\/buletin.de\/bucuresti\/wp-content\/uploads\/Colaje-BdB.png","width":1920,"height":1080},{"@type":"BreadcrumbList","@id":"https:\/\/buletin.de\/bucuresti\/sondajul-care-face-nota-discordanta-institutul-lui-pieleanu-o-da-pe-firea-castigatoare-la-un-procent-de-dan\/#breadcrumb","itemListElement":[{"@type":"ListItem","position":1,"name":"Acas\u0103","item":"https:\/\/buletin.de\/bucuresti\/"},{"@type":"ListItem","position":2,"name":"Sondaj la nivelul Sectorului 1 care face not\u0103 discordant\u0103: Institutul lui Pieleanu o d\u0103 pe Firea c\u00e2\u015ftig\u0103toare, la un procent de Dan"}]},{"@type":"WebSite","@id":"https:\/\/buletin.de\/bucuresti\/#website","url":"https:\/\/buletin.de\/bucuresti\/","name":"Buletin de Bucure\u0219ti","description":"\u0218tiri \u0219i investiga\u021bii esen\u021biale din capital\u0103","publisher":{"@id":"https:\/\/buletin.de\/bucuresti\/#organization"},"potentialAction":[{"@type":"SearchAction","target":{"@type":"EntryPoint","urlTemplate":"https:\/\/buletin.de\/bucuresti\/?s={search_term_string}"},"query-input":{"@type":"PropertyValueSpecification","valueRequired":true,"valueName":"search_term_string"}}],"inLanguage":"en-GB"},{"@type":"Organization","@id":"https:\/\/buletin.de\/bucuresti\/#organization","name":"Buletin de Bucure\u0219ti","url":"https:\/\/buletin.de\/bucuresti\/","logo":{"@type":"ImageObject","inLanguage":"en-GB","@id":"https:\/\/buletin.de\/bucuresti\/#\/schema\/logo\/image\/","url":"https:\/\/buletin.de\/bucuresti\/wp-content\/uploads\/logo-bdb-full-wide-vernil-transparent.png","contentUrl":"https:\/\/buletin.de\/bucuresti\/wp-content\/uploads\/logo-bdb-full-wide-vernil-transparent.png","width":1782,"height":626,"caption":"Buletin de Bucure\u0219ti"},"image":{"@id":"https:\/\/buletin.de\/bucuresti\/#\/schema\/logo\/image\/"},"sameAs":["https:\/\/www.facebook.com\/buletin.de.buc","https:\/\/www.instagram.com\/buletinde.bucuresti\/"]},{"@type":"Person","@id":"https:\/\/buletin.de\/bucuresti\/#\/schema\/person\/5272b8a057b33890940b57b837fc4ce6","name":"Ionu\u021b Lepa","image":{"@type":"ImageObject","inLanguage":"en-GB","@id":"https:\/\/buletin.de\/bucuresti\/wp-content\/uploads\/Ionut-Lepa-96x96.jpg5c4e4d9e049808799a8821652d2410a4","url":"https:\/\/buletin.de\/bucuresti\/wp-content\/uploads\/Ionut-Lepa-96x96.jpg","contentUrl":"https:\/\/buletin.de\/bucuresti\/wp-content\/uploads\/Ionut-Lepa-96x96.jpg","caption":"Ionu\u021b Lepa"},"url":"https:\/\/buletin.de\/bucuresti\/author\/ionutlepa\/"}]}},"authors":[{"term_id":22586,"user_id":8,"is_guest":0,"slug":"ionutlepa","display_name":"Ionu\u021b Lepa","avatar_url":"https:\/\/buletin.de\/bucuresti\/wp-content\/uploads\/Ionut-Lepa-96x96.jpg","0":null,"1":"","2":"","3":"","4":"","5":"","6":"","7":"","8":""}],"_links":{"self":[{"href":"https:\/\/buletin.de\/bucuresti\/wp-json\/wp\/v2\/posts\/85320","targetHints":{"allow":["GET"]}}],"collection":[{"href":"https:\/\/buletin.de\/bucuresti\/wp-json\/wp\/v2\/posts"}],"about":[{"href":"https:\/\/buletin.de\/bucuresti\/wp-json\/wp\/v2\/types\/post"}],"author":[{"embeddable":true,"href":"https:\/\/buletin.de\/bucuresti\/wp-json\/wp\/v2\/users\/8"}],"replies":[{"embeddable":true,"href":"https:\/\/buletin.de\/bucuresti\/wp-json\/wp\/v2\/comments?post=85320"}],"version-history":[{"count":2,"href":"https:\/\/buletin.de\/bucuresti\/wp-json\/wp\/v2\/posts\/85320\/revisions"}],"predecessor-version":[{"id":85328,"href":"https:\/\/buletin.de\/bucuresti\/wp-json\/wp\/v2\/posts\/85320\/revisions\/85328"}],"wp:featuredmedia":[{"embeddable":true,"href":"https:\/\/buletin.de\/bucuresti\/wp-json\/wp\/v2\/media\/83928"}],"wp:attachment":[{"href":"https:\/\/buletin.de\/bucuresti\/wp-json\/wp\/v2\/media?parent=85320"}],"wp:term":[{"taxonomy":"category","embeddable":true,"href":"https:\/\/buletin.de\/bucuresti\/wp-json\/wp\/v2\/categories?post=85320"},{"taxonomy":"post_tag","embeddable":true,"href":"https:\/\/buletin.de\/bucuresti\/wp-json\/wp\/v2\/tags?post=85320"},{"taxonomy":"author","embeddable":true,"href":"https:\/\/buletin.de\/bucuresti\/wp-json\/wp\/v2\/ppma_author?post=85320"}],"curies":[{"name":"wp","href":"https:\/\/api.w.org\/{rel}","templated":true}]}}