{"id":85309,"date":"2024-05-13T07:22:25","date_gmt":"2024-05-13T04:22:25","guid":{"rendered":"https:\/\/buletin.de\/bucuresti\/?p=85309"},"modified":"2024-05-13T09:10:02","modified_gmt":"2024-05-13T06:10:02","slug":"37-de-apartamente-vandute-cu-un-milion-de-euro-bucata-in-centrul-si-estul-capitalei","status":"publish","type":"post","link":"https:\/\/buletin.de\/bucuresti\/37-de-apartamente-vandute-cu-un-milion-de-euro-bucata-in-centrul-si-estul-capitalei\/","title":{"rendered":"37 de apartamente, v\u00e2ndute cu un milion de euro bucata, \u00een Centrul \u0219i Estul Capitalei"},"content":{"rendered":"\n<p>Dezvoltatorul imobiliar ONE United a \u00eencheiat recent cea mai mare tranzac\u0163ie din istoria sa. Fondul elve\u0163ian de investi\u0163ii CCT&amp;ONE a cump\u0103rat de la ONE United 37 de apartamente din proiectele reziden\u0163iale ONE Cotroceni Park \u015fi ONE Lake District, scrie <a href=\"https:\/\/www.zf.ro\/business-construct\/zf-live-cea-mai-mare-tranzactie-de-la-one-united-un-investitor-22374217\">zf.ro<\/a><\/p>\n\n\n\n<p>\u201e<em>Cea mai mare tranzac\u0163ie a fost cu CCT&amp;One, care este un fond elve\u0163ian. El a a cump\u0103rat \u00een 2021 37 de apartamente care au fost 37 de milioane de euro. Dou\u0103zeci dintre acestea erau la ONE Cotroceni Park, iar 17 la ONE Lake District. \u00centre timp la ONE Cotroceni Park am cump\u0103rat \u00eenapoi apartamentele \u015fi le-am v\u00e2ndut cu profit la oamenii care se mut\u0103. \u00cen trimestrul doi din 2024 urmeaz\u0103 s\u0103 cump\u0103r\u0103m \u015fi restul de apartamente de la ONE Cotroceni Park<\/em>\u201d, a&nbsp; declarat Victor C\u0103pitanu la ZF Live.<\/p>\n\n\n\n<p>Cite\u0219te continuarea pe <a href=\"https:\/\/www.zf.ro\/business-construct\/zf-live-cea-mai-mare-tranzactie-de-la-one-united-un-investitor-22374217\">zf.ro<\/a><\/p>\n","protected":false},"excerpt":{"rendered":"<p>Dezvoltatorul imobiliar ONE United a \u00eencheiat recent cea mai mare tranzac\u0163ie din istoria sa. Fondul elve\u0163ian de investi\u0163ii CCT&amp;ONE a cump\u0103rat de la ONE United 37 de apartamente din proiectele reziden\u0163iale ONE Cotroceni Park \u015fi ONE Lake District, scrie zf.ro \u201eCea mai mare tranzac\u0163ie a fost cu CCT&amp;One, care este un fond elve\u0163ian. El a [&hellip;]<\/p>\n","protected":false},"author":10,"featured_media":85310,"comment_status":"closed","ping_status":"open","sticky":false,"template":"","format":"standard","meta":{"_acf_changed":false,"inline_featured_image":false,"ngg_post_thumbnail":0,"footnotes":""},"categories":[6994,62],"tags":[11851,8712,1639],"ppma_author":[22575],"class_list":["post-85309","post","type-post","status-publish","format-standard","has-post-thumbnail","hentry","category-stiri-2","category-stiri","tag-apartamente","tag-one-united","tag-preturi"],"acf":[],"yoast_head":"<!-- This site is optimized with the Yoast SEO Premium plugin v25.3 (Yoast SEO v27.4) - https:\/\/yoast.com\/product\/yoast-seo-premium-wordpress\/ -->\n<title>37 de apartamente, v\u00e2ndute cu un milion de euro bucata, \u00een Centrul \u0219i Estul Capitalei - Buletin de Bucure\u0219ti<\/title>\n<meta name=\"robots\" content=\"index, follow, max-snippet:-1, max-image-preview:large, max-video-preview:-1\" \/>\n<link rel=\"canonical\" href=\"https:\/\/buletin.de\/bucuresti\/37-de-apartamente-vandute-cu-un-milion-de-euro-bucata-in-centrul-si-estul-capitalei\/\" \/>\n<meta property=\"og:locale\" content=\"en_GB\" \/>\n<meta property=\"og:type\" content=\"article\" \/>\n<meta property=\"og:title\" content=\"37 de apartamente, v\u00e2ndute cu un milion de euro bucata, \u00een Centrul \u0219i Estul Capitalei\" \/>\n<meta property=\"og:description\" content=\"Dezvoltatorul imobiliar ONE United a \u00eencheiat recent cea mai mare tranzac\u0163ie din istoria sa. Fondul elve\u0163ian de investi\u0163ii CCT&amp;ONE a cump\u0103rat de la ONE United 37 de apartamente din proiectele reziden\u0163iale ONE Cotroceni Park \u015fi ONE Lake District, scrie zf.ro \u201eCea mai mare tranzac\u0163ie a fost cu CCT&amp;One, care este un fond elve\u0163ian. El a [&hellip;]\" \/>\n<meta property=\"og:url\" content=\"https:\/\/buletin.de\/bucuresti\/37-de-apartamente-vandute-cu-un-milion-de-euro-bucata-in-centrul-si-estul-capitalei\/\" \/>\n<meta property=\"og:site_name\" content=\"Buletin de Bucure\u0219ti\" \/>\n<meta property=\"article:publisher\" content=\"https:\/\/www.facebook.com\/buletin.de.buc\" \/>\n<meta property=\"article:published_time\" content=\"2024-05-13T04:22:25+00:00\" \/>\n<meta property=\"article:modified_time\" content=\"2024-05-13T06:10:02+00:00\" \/>\n<meta property=\"og:image\" content=\"https:\/\/buletin.de\/bucuresti\/wp-content\/uploads\/6bju73-ujpg.jpg\" \/>\n\t<meta property=\"og:image:width\" content=\"1600\" \/>\n\t<meta property=\"og:image:height\" content=\"1089\" \/>\n\t<meta property=\"og:image:type\" content=\"image\/jpeg\" \/>\n<meta name=\"author\" content=\"C\u0103t\u0103lin Dosca\u0219\" \/>\n<meta name=\"twitter:card\" content=\"summary_large_image\" \/>\n<meta name=\"twitter:label1\" content=\"Written by\" \/>\n\t<meta name=\"twitter:data1\" content=\"C\u0103t\u0103lin Dosca\u0219\" \/>\n\t<meta name=\"twitter:label2\" content=\"Estimated reading time\" \/>\n\t<meta name=\"twitter:data2\" content=\"1 minute\" \/>\n<script type=\"application\/ld+json\" class=\"yoast-schema-graph\">{\"@context\":\"https:\\\/\\\/schema.org\",\"@graph\":[{\"@type\":\"Article\",\"@id\":\"https:\\\/\\\/buletin.de\\\/bucuresti\\\/37-de-apartamente-vandute-cu-un-milion-de-euro-bucata-in-centrul-si-estul-capitalei\\\/#article\",\"isPartOf\":{\"@id\":\"https:\\\/\\\/buletin.de\\\/bucuresti\\\/37-de-apartamente-vandute-cu-un-milion-de-euro-bucata-in-centrul-si-estul-capitalei\\\/\"},\"author\":{\"name\":\"C\u0103t\u0103lin Dosca\u0219\",\"@id\":\"https:\\\/\\\/buletin.de\\\/bucuresti\\\/#\\\/schema\\\/person\\\/31117187ed4d0bdb0a4c7d6acc79d0f8\"},\"headline\":\"37 de apartamente, v\u00e2ndute cu un milion de euro bucata, \u00een Centrul \u0219i Estul Capitalei\",\"datePublished\":\"2024-05-13T04:22:25+00:00\",\"dateModified\":\"2024-05-13T06:10:02+00:00\",\"mainEntityOfPage\":{\"@id\":\"https:\\\/\\\/buletin.de\\\/bucuresti\\\/37-de-apartamente-vandute-cu-un-milion-de-euro-bucata-in-centrul-si-estul-capitalei\\\/\"},\"wordCount\":163,\"publisher\":{\"@id\":\"https:\\\/\\\/buletin.de\\\/bucuresti\\\/#organization\"},\"image\":{\"@id\":\"https:\\\/\\\/buletin.de\\\/bucuresti\\\/37-de-apartamente-vandute-cu-un-milion-de-euro-bucata-in-centrul-si-estul-capitalei\\\/#primaryimage\"},\"thumbnailUrl\":\"https:\\\/\\\/buletin.de\\\/bucuresti\\\/wp-content\\\/uploads\\\/6bju73-ujpg.jpg\",\"keywords\":[\"apartamente\",\"one united\",\"preturi\"],\"articleSection\":[\"Articole\",\"\u0218tiri\"],\"inLanguage\":\"en-GB\",\"copyrightYear\":\"2024\",\"copyrightHolder\":{\"@id\":\"https:\\\/\\\/buletin.de\\\/bucuresti\\\/#organization\"}},{\"@type\":\"WebPage\",\"@id\":\"https:\\\/\\\/buletin.de\\\/bucuresti\\\/37-de-apartamente-vandute-cu-un-milion-de-euro-bucata-in-centrul-si-estul-capitalei\\\/\",\"url\":\"https:\\\/\\\/buletin.de\\\/bucuresti\\\/37-de-apartamente-vandute-cu-un-milion-de-euro-bucata-in-centrul-si-estul-capitalei\\\/\",\"name\":\"37 de apartamente, v\u00e2ndute cu un milion de euro bucata, \u00een Centrul \u0219i Estul Capitalei - Buletin de Bucure\u0219ti\",\"isPartOf\":{\"@id\":\"https:\\\/\\\/buletin.de\\\/bucuresti\\\/#website\"},\"primaryImageOfPage\":{\"@id\":\"https:\\\/\\\/buletin.de\\\/bucuresti\\\/37-de-apartamente-vandute-cu-un-milion-de-euro-bucata-in-centrul-si-estul-capitalei\\\/#primaryimage\"},\"image\":{\"@id\":\"https:\\\/\\\/buletin.de\\\/bucuresti\\\/37-de-apartamente-vandute-cu-un-milion-de-euro-bucata-in-centrul-si-estul-capitalei\\\/#primaryimage\"},\"thumbnailUrl\":\"https:\\\/\\\/buletin.de\\\/bucuresti\\\/wp-content\\\/uploads\\\/6bju73-ujpg.jpg\",\"datePublished\":\"2024-05-13T04:22:25+00:00\",\"dateModified\":\"2024-05-13T06:10:02+00:00\",\"breadcrumb\":{\"@id\":\"https:\\\/\\\/buletin.de\\\/bucuresti\\\/37-de-apartamente-vandute-cu-un-milion-de-euro-bucata-in-centrul-si-estul-capitalei\\\/#breadcrumb\"},\"inLanguage\":\"en-GB\",\"potentialAction\":[{\"@type\":\"ReadAction\",\"target\":[\"https:\\\/\\\/buletin.de\\\/bucuresti\\\/37-de-apartamente-vandute-cu-un-milion-de-euro-bucata-in-centrul-si-estul-capitalei\\\/\"]}]},{\"@type\":\"ImageObject\",\"inLanguage\":\"en-GB\",\"@id\":\"https:\\\/\\\/buletin.de\\\/bucuresti\\\/37-de-apartamente-vandute-cu-un-milion-de-euro-bucata-in-centrul-si-estul-capitalei\\\/#primaryimage\",\"url\":\"https:\\\/\\\/buletin.de\\\/bucuresti\\\/wp-content\\\/uploads\\\/6bju73-ujpg.jpg\",\"contentUrl\":\"https:\\\/\\\/buletin.de\\\/bucuresti\\\/wp-content\\\/uploads\\\/6bju73-ujpg.jpg\",\"width\":1600,\"height\":1089,\"caption\":\"FOTO: Instant Images\"},{\"@type\":\"BreadcrumbList\",\"@id\":\"https:\\\/\\\/buletin.de\\\/bucuresti\\\/37-de-apartamente-vandute-cu-un-milion-de-euro-bucata-in-centrul-si-estul-capitalei\\\/#breadcrumb\",\"itemListElement\":[{\"@type\":\"ListItem\",\"position\":1,\"name\":\"Acas\u0103\",\"item\":\"https:\\\/\\\/buletin.de\\\/bucuresti\\\/\"},{\"@type\":\"ListItem\",\"position\":2,\"name\":\"37 de apartamente, v\u00e2ndute cu un milion de euro bucata, \u00een Centrul \u0219i Estul Capitalei\"}]},{\"@type\":\"WebSite\",\"@id\":\"https:\\\/\\\/buletin.de\\\/bucuresti\\\/#website\",\"url\":\"https:\\\/\\\/buletin.de\\\/bucuresti\\\/\",\"name\":\"Buletin de Bucure\u0219ti\",\"description\":\"\u0218tiri \u0219i investiga\u021bii esen\u021biale din capital\u0103\",\"publisher\":{\"@id\":\"https:\\\/\\\/buletin.de\\\/bucuresti\\\/#organization\"},\"potentialAction\":[{\"@type\":\"SearchAction\",\"target\":{\"@type\":\"EntryPoint\",\"urlTemplate\":\"https:\\\/\\\/buletin.de\\\/bucuresti\\\/?s={search_term_string}\"},\"query-input\":{\"@type\":\"PropertyValueSpecification\",\"valueRequired\":true,\"valueName\":\"search_term_string\"}}],\"inLanguage\":\"en-GB\"},{\"@type\":\"Organization\",\"@id\":\"https:\\\/\\\/buletin.de\\\/bucuresti\\\/#organization\",\"name\":\"Buletin de Bucure\u0219ti\",\"url\":\"https:\\\/\\\/buletin.de\\\/bucuresti\\\/\",\"logo\":{\"@type\":\"ImageObject\",\"inLanguage\":\"en-GB\",\"@id\":\"https:\\\/\\\/buletin.de\\\/bucuresti\\\/#\\\/schema\\\/logo\\\/image\\\/\",\"url\":\"https:\\\/\\\/buletin.de\\\/bucuresti\\\/wp-content\\\/uploads\\\/logo-bdb-full-wide-vernil-transparent.png\",\"contentUrl\":\"https:\\\/\\\/buletin.de\\\/bucuresti\\\/wp-content\\\/uploads\\\/logo-bdb-full-wide-vernil-transparent.png\",\"width\":1782,\"height\":626,\"caption\":\"Buletin de Bucure\u0219ti\"},\"image\":{\"@id\":\"https:\\\/\\\/buletin.de\\\/bucuresti\\\/#\\\/schema\\\/logo\\\/image\\\/\"},\"sameAs\":[\"https:\\\/\\\/www.facebook.com\\\/buletin.de.buc\",\"https:\\\/\\\/www.instagram.com\\\/buletinde.bucuresti\\\/\"]},{\"@type\":\"Person\",\"@id\":\"https:\\\/\\\/buletin.de\\\/bucuresti\\\/#\\\/schema\\\/person\\\/31117187ed4d0bdb0a4c7d6acc79d0f8\",\"name\":\"C\u0103t\u0103lin Dosca\u0219\",\"image\":{\"@type\":\"ImageObject\",\"inLanguage\":\"en-GB\",\"@id\":\"https:\\\/\\\/buletin.de\\\/bucuresti\\\/wp-content\\\/uploads\\\/Catalin-Doscas-e1732731064764-96x96.jpga93e2943bb3b1c1f9ead823df6e6317a\",\"url\":\"https:\\\/\\\/buletin.de\\\/bucuresti\\\/wp-content\\\/uploads\\\/Catalin-Doscas-e1732731064764-96x96.jpg\",\"contentUrl\":\"https:\\\/\\\/buletin.de\\\/bucuresti\\\/wp-content\\\/uploads\\\/Catalin-Doscas-e1732731064764-96x96.jpg\",\"caption\":\"C\u0103t\u0103lin Dosca\u0219\"},\"description\":\"Reporter \u0219i redactor-\u0219ef Buletin de Bucure\u0219ti. Lucreaz\u0103 \u00een mass-media de la v\u00e2rsta de 15 ani, c\u00e2nd a publicat primele articole \u00een presa local\u0103 din Tecuci. \u00cen Bucure\u0219ti a lucrat \u00een redac\u021bii radio ca reporter, redactor \u0219i prezentator (StudentFM, Na\u021bionalFM, Radio Total, Smart FM), unde a acoperit domeniile politic, economic, social \u0219i externe. Ulterior, a fost editor-coordonator al postului Realitatea FM. Experien\u021ba \u00een jurnalismul online a dob\u00e2ndit-o la portalul B365.ro, unde a fost editor. \u00cen 2012 s-a angajat \u00een televiziune. La Realitatea TV a fost, pe r\u00e2nd, reporter la sec\u021bia Social, reporter special la emisiunea de reportaje \u0219i anchete \u201eReporterii Realit\u0103\u021bii\u201d, dar \u0219i editor al jurnalelor de \u0219tiri. Ulterior, a f\u0103cut parte din sec\u021bia de Investiga\u021bii de la Digi24 \u0219i a lucrat la campania \u201eRom\u00e2nia furat\u0103\u201d. A revenit \u00een presa scris\u0103 \u00een 2017, ca reporter special, \u00een cadrul unui proiect de repozi\u021bionare a tabloidului Libertatea \u00een cotidian generalist. Este jurnalist Buletin de Bucure\u0219ti din 2019.\",\"url\":\"https:\\\/\\\/buletin.de\\\/bucuresti\\\/author\\\/catalin\\\/\"}]}<\/script>\n<!-- \/ Yoast SEO Premium plugin. -->","yoast_head_json":{"title":"37 de apartamente, v\u00e2ndute cu un milion de euro bucata, \u00een Centrul \u0219i Estul Capitalei - Buletin de Bucure\u0219ti","robots":{"index":"index","follow":"follow","max-snippet":"max-snippet:-1","max-image-preview":"max-image-preview:large","max-video-preview":"max-video-preview:-1"},"canonical":"https:\/\/buletin.de\/bucuresti\/37-de-apartamente-vandute-cu-un-milion-de-euro-bucata-in-centrul-si-estul-capitalei\/","og_locale":"en_GB","og_type":"article","og_title":"37 de apartamente, v\u00e2ndute cu un milion de euro bucata, \u00een Centrul \u0219i Estul Capitalei","og_description":"Dezvoltatorul imobiliar ONE United a \u00eencheiat recent cea mai mare tranzac\u0163ie din istoria sa. Fondul elve\u0163ian de investi\u0163ii CCT&amp;ONE a cump\u0103rat de la ONE United 37 de apartamente din proiectele reziden\u0163iale ONE Cotroceni Park \u015fi ONE Lake District, scrie zf.ro \u201eCea mai mare tranzac\u0163ie a fost cu CCT&amp;One, care este un fond elve\u0163ian. El a [&hellip;]","og_url":"https:\/\/buletin.de\/bucuresti\/37-de-apartamente-vandute-cu-un-milion-de-euro-bucata-in-centrul-si-estul-capitalei\/","og_site_name":"Buletin de Bucure\u0219ti","article_publisher":"https:\/\/www.facebook.com\/buletin.de.buc","article_published_time":"2024-05-13T04:22:25+00:00","article_modified_time":"2024-05-13T06:10:02+00:00","og_image":[{"width":1600,"height":1089,"url":"https:\/\/buletin.de\/bucuresti\/wp-content\/uploads\/6bju73-ujpg.jpg","type":"image\/jpeg"}],"author":"C\u0103t\u0103lin Dosca\u0219","twitter_card":"summary_large_image","twitter_misc":{"Written by":"C\u0103t\u0103lin Dosca\u0219","Estimated reading time":"1 minute"},"schema":{"@context":"https:\/\/schema.org","@graph":[{"@type":"Article","@id":"https:\/\/buletin.de\/bucuresti\/37-de-apartamente-vandute-cu-un-milion-de-euro-bucata-in-centrul-si-estul-capitalei\/#article","isPartOf":{"@id":"https:\/\/buletin.de\/bucuresti\/37-de-apartamente-vandute-cu-un-milion-de-euro-bucata-in-centrul-si-estul-capitalei\/"},"author":{"name":"C\u0103t\u0103lin Dosca\u0219","@id":"https:\/\/buletin.de\/bucuresti\/#\/schema\/person\/31117187ed4d0bdb0a4c7d6acc79d0f8"},"headline":"37 de apartamente, v\u00e2ndute cu un milion de euro bucata, \u00een Centrul \u0219i Estul Capitalei","datePublished":"2024-05-13T04:22:25+00:00","dateModified":"2024-05-13T06:10:02+00:00","mainEntityOfPage":{"@id":"https:\/\/buletin.de\/bucuresti\/37-de-apartamente-vandute-cu-un-milion-de-euro-bucata-in-centrul-si-estul-capitalei\/"},"wordCount":163,"publisher":{"@id":"https:\/\/buletin.de\/bucuresti\/#organization"},"image":{"@id":"https:\/\/buletin.de\/bucuresti\/37-de-apartamente-vandute-cu-un-milion-de-euro-bucata-in-centrul-si-estul-capitalei\/#primaryimage"},"thumbnailUrl":"https:\/\/buletin.de\/bucuresti\/wp-content\/uploads\/6bju73-ujpg.jpg","keywords":["apartamente","one united","preturi"],"articleSection":["Articole","\u0218tiri"],"inLanguage":"en-GB","copyrightYear":"2024","copyrightHolder":{"@id":"https:\/\/buletin.de\/bucuresti\/#organization"}},{"@type":"WebPage","@id":"https:\/\/buletin.de\/bucuresti\/37-de-apartamente-vandute-cu-un-milion-de-euro-bucata-in-centrul-si-estul-capitalei\/","url":"https:\/\/buletin.de\/bucuresti\/37-de-apartamente-vandute-cu-un-milion-de-euro-bucata-in-centrul-si-estul-capitalei\/","name":"37 de apartamente, v\u00e2ndute cu un milion de euro bucata, \u00een Centrul \u0219i Estul Capitalei - Buletin de Bucure\u0219ti","isPartOf":{"@id":"https:\/\/buletin.de\/bucuresti\/#website"},"primaryImageOfPage":{"@id":"https:\/\/buletin.de\/bucuresti\/37-de-apartamente-vandute-cu-un-milion-de-euro-bucata-in-centrul-si-estul-capitalei\/#primaryimage"},"image":{"@id":"https:\/\/buletin.de\/bucuresti\/37-de-apartamente-vandute-cu-un-milion-de-euro-bucata-in-centrul-si-estul-capitalei\/#primaryimage"},"thumbnailUrl":"https:\/\/buletin.de\/bucuresti\/wp-content\/uploads\/6bju73-ujpg.jpg","datePublished":"2024-05-13T04:22:25+00:00","dateModified":"2024-05-13T06:10:02+00:00","breadcrumb":{"@id":"https:\/\/buletin.de\/bucuresti\/37-de-apartamente-vandute-cu-un-milion-de-euro-bucata-in-centrul-si-estul-capitalei\/#breadcrumb"},"inLanguage":"en-GB","potentialAction":[{"@type":"ReadAction","target":["https:\/\/buletin.de\/bucuresti\/37-de-apartamente-vandute-cu-un-milion-de-euro-bucata-in-centrul-si-estul-capitalei\/"]}]},{"@type":"ImageObject","inLanguage":"en-GB","@id":"https:\/\/buletin.de\/bucuresti\/37-de-apartamente-vandute-cu-un-milion-de-euro-bucata-in-centrul-si-estul-capitalei\/#primaryimage","url":"https:\/\/buletin.de\/bucuresti\/wp-content\/uploads\/6bju73-ujpg.jpg","contentUrl":"https:\/\/buletin.de\/bucuresti\/wp-content\/uploads\/6bju73-ujpg.jpg","width":1600,"height":1089,"caption":"FOTO: Instant Images"},{"@type":"BreadcrumbList","@id":"https:\/\/buletin.de\/bucuresti\/37-de-apartamente-vandute-cu-un-milion-de-euro-bucata-in-centrul-si-estul-capitalei\/#breadcrumb","itemListElement":[{"@type":"ListItem","position":1,"name":"Acas\u0103","item":"https:\/\/buletin.de\/bucuresti\/"},{"@type":"ListItem","position":2,"name":"37 de apartamente, v\u00e2ndute cu un milion de euro bucata, \u00een Centrul \u0219i Estul Capitalei"}]},{"@type":"WebSite","@id":"https:\/\/buletin.de\/bucuresti\/#website","url":"https:\/\/buletin.de\/bucuresti\/","name":"Buletin de Bucure\u0219ti","description":"\u0218tiri \u0219i investiga\u021bii esen\u021biale din capital\u0103","publisher":{"@id":"https:\/\/buletin.de\/bucuresti\/#organization"},"potentialAction":[{"@type":"SearchAction","target":{"@type":"EntryPoint","urlTemplate":"https:\/\/buletin.de\/bucuresti\/?s={search_term_string}"},"query-input":{"@type":"PropertyValueSpecification","valueRequired":true,"valueName":"search_term_string"}}],"inLanguage":"en-GB"},{"@type":"Organization","@id":"https:\/\/buletin.de\/bucuresti\/#organization","name":"Buletin de Bucure\u0219ti","url":"https:\/\/buletin.de\/bucuresti\/","logo":{"@type":"ImageObject","inLanguage":"en-GB","@id":"https:\/\/buletin.de\/bucuresti\/#\/schema\/logo\/image\/","url":"https:\/\/buletin.de\/bucuresti\/wp-content\/uploads\/logo-bdb-full-wide-vernil-transparent.png","contentUrl":"https:\/\/buletin.de\/bucuresti\/wp-content\/uploads\/logo-bdb-full-wide-vernil-transparent.png","width":1782,"height":626,"caption":"Buletin de Bucure\u0219ti"},"image":{"@id":"https:\/\/buletin.de\/bucuresti\/#\/schema\/logo\/image\/"},"sameAs":["https:\/\/www.facebook.com\/buletin.de.buc","https:\/\/www.instagram.com\/buletinde.bucuresti\/"]},{"@type":"Person","@id":"https:\/\/buletin.de\/bucuresti\/#\/schema\/person\/31117187ed4d0bdb0a4c7d6acc79d0f8","name":"C\u0103t\u0103lin Dosca\u0219","image":{"@type":"ImageObject","inLanguage":"en-GB","@id":"https:\/\/buletin.de\/bucuresti\/wp-content\/uploads\/Catalin-Doscas-e1732731064764-96x96.jpga93e2943bb3b1c1f9ead823df6e6317a","url":"https:\/\/buletin.de\/bucuresti\/wp-content\/uploads\/Catalin-Doscas-e1732731064764-96x96.jpg","contentUrl":"https:\/\/buletin.de\/bucuresti\/wp-content\/uploads\/Catalin-Doscas-e1732731064764-96x96.jpg","caption":"C\u0103t\u0103lin Dosca\u0219"},"description":"Reporter \u0219i redactor-\u0219ef Buletin de Bucure\u0219ti. Lucreaz\u0103 \u00een mass-media de la v\u00e2rsta de 15 ani, c\u00e2nd a publicat primele articole \u00een presa local\u0103 din Tecuci. \u00cen Bucure\u0219ti a lucrat \u00een redac\u021bii radio ca reporter, redactor \u0219i prezentator (StudentFM, Na\u021bionalFM, Radio Total, Smart FM), unde a acoperit domeniile politic, economic, social \u0219i externe. Ulterior, a fost editor-coordonator al postului Realitatea FM. Experien\u021ba \u00een jurnalismul online a dob\u00e2ndit-o la portalul B365.ro, unde a fost editor. \u00cen 2012 s-a angajat \u00een televiziune. La Realitatea TV a fost, pe r\u00e2nd, reporter la sec\u021bia Social, reporter special la emisiunea de reportaje \u0219i anchete \u201eReporterii Realit\u0103\u021bii\u201d, dar \u0219i editor al jurnalelor de \u0219tiri. Ulterior, a f\u0103cut parte din sec\u021bia de Investiga\u021bii de la Digi24 \u0219i a lucrat la campania \u201eRom\u00e2nia furat\u0103\u201d. A revenit \u00een presa scris\u0103 \u00een 2017, ca reporter special, \u00een cadrul unui proiect de repozi\u021bionare a tabloidului Libertatea \u00een cotidian generalist. Este jurnalist Buletin de Bucure\u0219ti din 2019.","url":"https:\/\/buletin.de\/bucuresti\/author\/catalin\/"}]}},"authors":[{"term_id":22575,"user_id":10,"is_guest":0,"slug":"catalin","display_name":"C\u0103t\u0103lin Dosca\u0219","avatar_url":"https:\/\/buletin.de\/bucuresti\/wp-content\/uploads\/Catalin-Doscas-e1732731064764-96x96.jpg","0":null,"1":"","2":"","3":"","4":"","5":"","6":"","7":"","8":""}],"_links":{"self":[{"href":"https:\/\/buletin.de\/bucuresti\/wp-json\/wp\/v2\/posts\/85309","targetHints":{"allow":["GET"]}}],"collection":[{"href":"https:\/\/buletin.de\/bucuresti\/wp-json\/wp\/v2\/posts"}],"about":[{"href":"https:\/\/buletin.de\/bucuresti\/wp-json\/wp\/v2\/types\/post"}],"author":[{"embeddable":true,"href":"https:\/\/buletin.de\/bucuresti\/wp-json\/wp\/v2\/users\/10"}],"replies":[{"embeddable":true,"href":"https:\/\/buletin.de\/bucuresti\/wp-json\/wp\/v2\/comments?post=85309"}],"version-history":[{"count":3,"href":"https:\/\/buletin.de\/bucuresti\/wp-json\/wp\/v2\/posts\/85309\/revisions"}],"predecessor-version":[{"id":85313,"href":"https:\/\/buletin.de\/bucuresti\/wp-json\/wp\/v2\/posts\/85309\/revisions\/85313"}],"wp:featuredmedia":[{"embeddable":true,"href":"https:\/\/buletin.de\/bucuresti\/wp-json\/wp\/v2\/media\/85310"}],"wp:attachment":[{"href":"https:\/\/buletin.de\/bucuresti\/wp-json\/wp\/v2\/media?parent=85309"}],"wp:term":[{"taxonomy":"category","embeddable":true,"href":"https:\/\/buletin.de\/bucuresti\/wp-json\/wp\/v2\/categories?post=85309"},{"taxonomy":"post_tag","embeddable":true,"href":"https:\/\/buletin.de\/bucuresti\/wp-json\/wp\/v2\/tags?post=85309"},{"taxonomy":"author","embeddable":true,"href":"https:\/\/buletin.de\/bucuresti\/wp-json\/wp\/v2\/ppma_author?post=85309"}],"curies":[{"name":"wp","href":"https:\/\/api.w.org\/{rel}","templated":true}]}}