{"id":85145,"date":"2024-05-09T14:53:00","date_gmt":"2024-05-09T11:53:00","guid":{"rendered":"https:\/\/buletin.de\/bucuresti\/?p=85145"},"modified":"2024-05-09T14:53:00","modified_gmt":"2024-05-09T11:53:00","slug":"intrare-gratuita-pentru-copii-la-sofisticat-festivalul-felinelor-de-la-sala-palatului","status":"publish","type":"post","link":"https:\/\/buletin.de\/bucuresti\/intrare-gratuita-pentru-copii-la-sofisticat-festivalul-felinelor-de-la-sala-palatului\/","title":{"rendered":"Intrare gratuit\u0103 pentru copii la SofistiCAT, Festivalul Felinelor de la Sala Palatului"},"content":{"rendered":"\n<p><strong>Salonul Felin Interna\u0163ional, \u201eSofistiCAT\u201d, se \u00eentoarce, \u00een weekend, la Sala Palatului din Capital\u0103. Evenimentul are loc pe 11 si 12 mai, \u00eentre orele 10:00-17:00.<\/strong><\/p>\n\n\n\n<p>S\u00e2mb\u0103ta \u0219i duminic\u0103, aproape 200 dintre cele mai frumoase pisici se vor \u00eentrece pentru un loc pe podium. De asemenea, la eveniment va putea fi admirat un motan alb din rasa Norvegiana de P\u0103dure, numit Nordri, c\u00e2\u015ftig\u0103torul cupei europene feline 2024.<\/p>\n\n\n\n<p>Nici pisicile de cas\u0103 nu vor fi uitate la \u201eSofistiCAT\u201d. Acestea vor putea participa la un concurs, \u00een cadrul unei categorii special create pentru ele. In cadrul evenimentului se vor face \u0219i adop\u0163ii.<br><br><strong>Biletul de intrare cost\u0103 14 lei, copiii au intrare gratuit\u0103, iar un tichet pentru pensionari \u015fi elevi este 10 lei.<\/strong><\/p>\n\n\n\n<p>Patrupede care vor fi evaluate sunt din rasele:<\/p>\n\n\n\n<ul class=\"wp-block-list\">\n<li>Abysinian\u0103;<\/li>\n\n\n\n<li>Albastru de Rusia;<\/li>\n\n\n\n<li>Bengalez\u0103;<\/li>\n\n\n\n<li>British Shorthair;<\/li>\n\n\n\n<li>British Longhair;<\/li>\n\n\n\n<li>Devon Rex;<\/li>\n\n\n\n<li>Exotic\u0103;<\/li>\n\n\n\n<li>Maine Coon;<\/li>\n\n\n\n<li>Neva Masquerade;<\/li>\n\n\n\n<li>Norvegian\u0103 de P\u0103dure;<\/li>\n\n\n\n<li>Oriental\u0103;<\/li>\n\n\n\n<li>Persan\u0103;<\/li>\n\n\n\n<li>Ragdoll;<\/li>\n\n\n\n<li>Singapura;<\/li>\n\n\n\n<li>Sphinx.<\/li>\n<\/ul>\n\n\n\n<p>Evenimentul din acest weekend este organizat de c\u0103tre Asocia\u021bia Felin\u0103 SofistiCAT \u0219i Federa\u021bia Na\u021bional\u0103 Felinologic\u0103 din Rom\u00e2nia (FNFR), sub egida FIFe (Federation Internationale Feline).<\/p>\n\n\n\n<p><strong>CITE\u0218TE \u0218I:<\/strong><\/p>\n\n\n\n<figure class=\"wp-block-embed is-type-wp-embed is-provider-buletin-de-bucure-ti wp-block-embed-buletin-de-bucure-ti\"><div class=\"wp-block-embed__wrapper\">\n<blockquote class=\"wp-embedded-content\" data-secret=\"2FpLqdzbER\"><a href=\"https:\/\/buletin.de\/bucuresti\/semimaratonul-bucuresti-in-weekend-la-cea-de-a-13-a-editie\/\">Semimaratonul Bucure\u015fti, \u00een weekend, la cea de a 13-a edi\u021bie<\/a><\/blockquote><iframe class=\"wp-embedded-content\" sandbox=\"allow-scripts\" security=\"restricted\" style=\"position: absolute; clip: rect(1px, 1px, 1px, 1px);\" title=\"&#8220;Semimaratonul Bucure\u015fti, \u00een weekend, la cea de a 13-a edi\u021bie&#8221; &#8212; Buletin de Bucure\u0219ti\" src=\"https:\/\/buletin.de\/bucuresti\/semimaratonul-bucuresti-in-weekend-la-cea-de-a-13-a-editie\/embed\/#?secret=pLkFZo6QII#?secret=2FpLqdzbER\" data-secret=\"2FpLqdzbER\" width=\"600\" height=\"338\" frameborder=\"0\" marginwidth=\"0\" marginheight=\"0\" scrolling=\"no\"><\/iframe>\n<\/div><\/figure>\n","protected":false},"excerpt":{"rendered":"<p>Salonul Felin Interna\u0163ional, \u201eSofistiCAT\u201d, se \u00eentoarce, \u00een weekend, la Sala Palatului din Capital\u0103. Evenimentul are loc pe 11 si 12 mai, \u00eentre orele 10:00-17:00. S\u00e2mb\u0103ta \u0219i duminic\u0103, aproape 200 dintre cele mai frumoase pisici se vor \u00eentrece pentru un loc pe podium. De asemenea, la eveniment va putea fi admirat un motan alb din rasa [&hellip;]<\/p>\n","protected":false},"author":49,"featured_media":85146,"comment_status":"closed","ping_status":"open","sticky":false,"template":"","format":"standard","meta":{"_acf_changed":false,"inline_featured_image":false,"ngg_post_thumbnail":0,"footnotes":""},"categories":[6994,62],"tags":[7414,11802,4141],"ppma_author":[22574],"class_list":["post-85145","post","type-post","status-publish","format-standard","has-post-thumbnail","hentry","category-stiri-2","category-stiri","tag-sala-palatului","tag-salon-felin","tag-sofisticat"],"acf":[],"yoast_head":"<!-- This site is optimized with the Yoast SEO Premium plugin v25.3 (Yoast SEO v27.4) - https:\/\/yoast.com\/product\/yoast-seo-premium-wordpress\/ -->\n<title>Intrare gratuit\u0103 pentru copii la SofistiCAT, Festivalul Felinelor de la Sala Palatului - Buletin de Bucure\u0219ti<\/title>\n<meta name=\"robots\" content=\"index, follow, max-snippet:-1, max-image-preview:large, max-video-preview:-1\" \/>\n<link rel=\"canonical\" href=\"https:\/\/buletin.de\/bucuresti\/intrare-gratuita-pentru-copii-la-sofisticat-festivalul-felinelor-de-la-sala-palatului\/\" \/>\n<meta property=\"og:locale\" content=\"en_GB\" \/>\n<meta property=\"og:type\" content=\"article\" \/>\n<meta property=\"og:title\" content=\"Intrare gratuit\u0103 pentru copii la SofistiCAT, Festivalul Felinelor de la Sala Palatului\" \/>\n<meta property=\"og:description\" content=\"Salonul Felin Interna\u0163ional, \u201eSofistiCAT\u201d, se \u00eentoarce, \u00een weekend, la Sala Palatului din Capital\u0103. Evenimentul are loc pe 11 si 12 mai, \u00eentre orele 10:00-17:00. S\u00e2mb\u0103ta \u0219i duminic\u0103, aproape 200 dintre cele mai frumoase pisici se vor \u00eentrece pentru un loc pe podium. De asemenea, la eveniment va putea fi admirat un motan alb din rasa [&hellip;]\" \/>\n<meta property=\"og:url\" content=\"https:\/\/buletin.de\/bucuresti\/intrare-gratuita-pentru-copii-la-sofisticat-festivalul-felinelor-de-la-sala-palatului\/\" \/>\n<meta property=\"og:site_name\" content=\"Buletin de Bucure\u0219ti\" \/>\n<meta property=\"article:publisher\" content=\"https:\/\/www.facebook.com\/buletin.de.buc\" \/>\n<meta property=\"article:published_time\" content=\"2024-05-09T11:53:00+00:00\" \/>\n<meta property=\"og:image\" content=\"https:\/\/buletin.de\/bucuresti\/wp-content\/uploads\/405568777_647822554183223_187590645062673903_n.jpg\" \/>\n\t<meta property=\"og:image:width\" content=\"831\" \/>\n\t<meta property=\"og:image:height\" content=\"650\" \/>\n\t<meta property=\"og:image:type\" content=\"image\/jpeg\" \/>\n<meta name=\"author\" content=\"Diana Matei\" \/>\n<meta name=\"twitter:card\" content=\"summary_large_image\" \/>\n<meta name=\"twitter:label1\" content=\"Written by\" \/>\n\t<meta name=\"twitter:data1\" content=\"Diana Matei\" \/>\n\t<meta name=\"twitter:label2\" content=\"Estimated reading time\" \/>\n\t<meta name=\"twitter:data2\" content=\"1 minute\" \/>\n<script type=\"application\/ld+json\" class=\"yoast-schema-graph\">{\"@context\":\"https:\\\/\\\/schema.org\",\"@graph\":[{\"@type\":\"Article\",\"@id\":\"https:\\\/\\\/buletin.de\\\/bucuresti\\\/intrare-gratuita-pentru-copii-la-sofisticat-festivalul-felinelor-de-la-sala-palatului\\\/#article\",\"isPartOf\":{\"@id\":\"https:\\\/\\\/buletin.de\\\/bucuresti\\\/intrare-gratuita-pentru-copii-la-sofisticat-festivalul-felinelor-de-la-sala-palatului\\\/\"},\"author\":{\"name\":\"Diana Matei\",\"@id\":\"https:\\\/\\\/buletin.de\\\/bucuresti\\\/#\\\/schema\\\/person\\\/7e46040573290777280a0835d81ea4ea\"},\"headline\":\"Intrare gratuit\u0103 pentru copii la SofistiCAT, Festivalul Felinelor de la Sala Palatului\",\"datePublished\":\"2024-05-09T11:53:00+00:00\",\"mainEntityOfPage\":{\"@id\":\"https:\\\/\\\/buletin.de\\\/bucuresti\\\/intrare-gratuita-pentru-copii-la-sofisticat-festivalul-felinelor-de-la-sala-palatului\\\/\"},\"wordCount\":202,\"publisher\":{\"@id\":\"https:\\\/\\\/buletin.de\\\/bucuresti\\\/#organization\"},\"image\":{\"@id\":\"https:\\\/\\\/buletin.de\\\/bucuresti\\\/intrare-gratuita-pentru-copii-la-sofisticat-festivalul-felinelor-de-la-sala-palatului\\\/#primaryimage\"},\"thumbnailUrl\":\"https:\\\/\\\/buletin.de\\\/bucuresti\\\/wp-content\\\/uploads\\\/405568777_647822554183223_187590645062673903_n.jpg\",\"keywords\":[\"Sala Palatului\",\"Salon felin\",\"sofisticat\"],\"articleSection\":[\"Articole\",\"\u0218tiri\"],\"inLanguage\":\"en-GB\",\"copyrightYear\":\"2024\",\"copyrightHolder\":{\"@id\":\"https:\\\/\\\/buletin.de\\\/bucuresti\\\/#organization\"}},{\"@type\":\"WebPage\",\"@id\":\"https:\\\/\\\/buletin.de\\\/bucuresti\\\/intrare-gratuita-pentru-copii-la-sofisticat-festivalul-felinelor-de-la-sala-palatului\\\/\",\"url\":\"https:\\\/\\\/buletin.de\\\/bucuresti\\\/intrare-gratuita-pentru-copii-la-sofisticat-festivalul-felinelor-de-la-sala-palatului\\\/\",\"name\":\"Intrare gratuit\u0103 pentru copii la SofistiCAT, Festivalul Felinelor de la Sala Palatului - Buletin de Bucure\u0219ti\",\"isPartOf\":{\"@id\":\"https:\\\/\\\/buletin.de\\\/bucuresti\\\/#website\"},\"primaryImageOfPage\":{\"@id\":\"https:\\\/\\\/buletin.de\\\/bucuresti\\\/intrare-gratuita-pentru-copii-la-sofisticat-festivalul-felinelor-de-la-sala-palatului\\\/#primaryimage\"},\"image\":{\"@id\":\"https:\\\/\\\/buletin.de\\\/bucuresti\\\/intrare-gratuita-pentru-copii-la-sofisticat-festivalul-felinelor-de-la-sala-palatului\\\/#primaryimage\"},\"thumbnailUrl\":\"https:\\\/\\\/buletin.de\\\/bucuresti\\\/wp-content\\\/uploads\\\/405568777_647822554183223_187590645062673903_n.jpg\",\"datePublished\":\"2024-05-09T11:53:00+00:00\",\"breadcrumb\":{\"@id\":\"https:\\\/\\\/buletin.de\\\/bucuresti\\\/intrare-gratuita-pentru-copii-la-sofisticat-festivalul-felinelor-de-la-sala-palatului\\\/#breadcrumb\"},\"inLanguage\":\"en-GB\",\"potentialAction\":[{\"@type\":\"ReadAction\",\"target\":[\"https:\\\/\\\/buletin.de\\\/bucuresti\\\/intrare-gratuita-pentru-copii-la-sofisticat-festivalul-felinelor-de-la-sala-palatului\\\/\"]}]},{\"@type\":\"ImageObject\",\"inLanguage\":\"en-GB\",\"@id\":\"https:\\\/\\\/buletin.de\\\/bucuresti\\\/intrare-gratuita-pentru-copii-la-sofisticat-festivalul-felinelor-de-la-sala-palatului\\\/#primaryimage\",\"url\":\"https:\\\/\\\/buletin.de\\\/bucuresti\\\/wp-content\\\/uploads\\\/405568777_647822554183223_187590645062673903_n.jpg\",\"contentUrl\":\"https:\\\/\\\/buletin.de\\\/bucuresti\\\/wp-content\\\/uploads\\\/405568777_647822554183223_187590645062673903_n.jpg\",\"width\":831,\"height\":650,\"caption\":\"FOTO: Facebook\\\/SofistiCat\"},{\"@type\":\"BreadcrumbList\",\"@id\":\"https:\\\/\\\/buletin.de\\\/bucuresti\\\/intrare-gratuita-pentru-copii-la-sofisticat-festivalul-felinelor-de-la-sala-palatului\\\/#breadcrumb\",\"itemListElement\":[{\"@type\":\"ListItem\",\"position\":1,\"name\":\"Acas\u0103\",\"item\":\"https:\\\/\\\/buletin.de\\\/bucuresti\\\/\"},{\"@type\":\"ListItem\",\"position\":2,\"name\":\"Intrare gratuit\u0103 pentru copii la SofistiCAT, Festivalul Felinelor de la Sala Palatului\"}]},{\"@type\":\"WebSite\",\"@id\":\"https:\\\/\\\/buletin.de\\\/bucuresti\\\/#website\",\"url\":\"https:\\\/\\\/buletin.de\\\/bucuresti\\\/\",\"name\":\"Buletin de Bucure\u0219ti\",\"description\":\"\u0218tiri \u0219i investiga\u021bii esen\u021biale din capital\u0103\",\"publisher\":{\"@id\":\"https:\\\/\\\/buletin.de\\\/bucuresti\\\/#organization\"},\"potentialAction\":[{\"@type\":\"SearchAction\",\"target\":{\"@type\":\"EntryPoint\",\"urlTemplate\":\"https:\\\/\\\/buletin.de\\\/bucuresti\\\/?s={search_term_string}\"},\"query-input\":{\"@type\":\"PropertyValueSpecification\",\"valueRequired\":true,\"valueName\":\"search_term_string\"}}],\"inLanguage\":\"en-GB\"},{\"@type\":\"Organization\",\"@id\":\"https:\\\/\\\/buletin.de\\\/bucuresti\\\/#organization\",\"name\":\"Buletin de Bucure\u0219ti\",\"url\":\"https:\\\/\\\/buletin.de\\\/bucuresti\\\/\",\"logo\":{\"@type\":\"ImageObject\",\"inLanguage\":\"en-GB\",\"@id\":\"https:\\\/\\\/buletin.de\\\/bucuresti\\\/#\\\/schema\\\/logo\\\/image\\\/\",\"url\":\"https:\\\/\\\/buletin.de\\\/bucuresti\\\/wp-content\\\/uploads\\\/logo-bdb-full-wide-vernil-transparent.png\",\"contentUrl\":\"https:\\\/\\\/buletin.de\\\/bucuresti\\\/wp-content\\\/uploads\\\/logo-bdb-full-wide-vernil-transparent.png\",\"width\":1782,\"height\":626,\"caption\":\"Buletin de Bucure\u0219ti\"},\"image\":{\"@id\":\"https:\\\/\\\/buletin.de\\\/bucuresti\\\/#\\\/schema\\\/logo\\\/image\\\/\"},\"sameAs\":[\"https:\\\/\\\/www.facebook.com\\\/buletin.de.buc\",\"https:\\\/\\\/www.instagram.com\\\/buletinde.bucuresti\\\/\"]},{\"@type\":\"Person\",\"@id\":\"https:\\\/\\\/buletin.de\\\/bucuresti\\\/#\\\/schema\\\/person\\\/7e46040573290777280a0835d81ea4ea\",\"name\":\"Diana Matei\",\"image\":{\"@type\":\"ImageObject\",\"inLanguage\":\"en-GB\",\"@id\":\"https:\\\/\\\/buletin.de\\\/bucuresti\\\/wp-content\\\/uploads\\\/9-2-96x96.jpg1e8590b30871d70e62ebcdaf2eff570c\",\"url\":\"https:\\\/\\\/buletin.de\\\/bucuresti\\\/wp-content\\\/uploads\\\/9-2-96x96.jpg\",\"contentUrl\":\"https:\\\/\\\/buletin.de\\\/bucuresti\\\/wp-content\\\/uploads\\\/9-2-96x96.jpg\",\"caption\":\"Diana Matei\"},\"url\":\"https:\\\/\\\/buletin.de\\\/bucuresti\\\/author\\\/dianamatei\\\/\"}]}<\/script>\n<!-- \/ Yoast SEO Premium plugin. -->","yoast_head_json":{"title":"Intrare gratuit\u0103 pentru copii la SofistiCAT, Festivalul Felinelor de la Sala Palatului - Buletin de Bucure\u0219ti","robots":{"index":"index","follow":"follow","max-snippet":"max-snippet:-1","max-image-preview":"max-image-preview:large","max-video-preview":"max-video-preview:-1"},"canonical":"https:\/\/buletin.de\/bucuresti\/intrare-gratuita-pentru-copii-la-sofisticat-festivalul-felinelor-de-la-sala-palatului\/","og_locale":"en_GB","og_type":"article","og_title":"Intrare gratuit\u0103 pentru copii la SofistiCAT, Festivalul Felinelor de la Sala Palatului","og_description":"Salonul Felin Interna\u0163ional, \u201eSofistiCAT\u201d, se \u00eentoarce, \u00een weekend, la Sala Palatului din Capital\u0103. Evenimentul are loc pe 11 si 12 mai, \u00eentre orele 10:00-17:00. S\u00e2mb\u0103ta \u0219i duminic\u0103, aproape 200 dintre cele mai frumoase pisici se vor \u00eentrece pentru un loc pe podium. De asemenea, la eveniment va putea fi admirat un motan alb din rasa [&hellip;]","og_url":"https:\/\/buletin.de\/bucuresti\/intrare-gratuita-pentru-copii-la-sofisticat-festivalul-felinelor-de-la-sala-palatului\/","og_site_name":"Buletin de Bucure\u0219ti","article_publisher":"https:\/\/www.facebook.com\/buletin.de.buc","article_published_time":"2024-05-09T11:53:00+00:00","og_image":[{"width":831,"height":650,"url":"https:\/\/buletin.de\/bucuresti\/wp-content\/uploads\/405568777_647822554183223_187590645062673903_n.jpg","type":"image\/jpeg"}],"author":"Diana Matei","twitter_card":"summary_large_image","twitter_misc":{"Written by":"Diana Matei","Estimated reading time":"1 minute"},"schema":{"@context":"https:\/\/schema.org","@graph":[{"@type":"Article","@id":"https:\/\/buletin.de\/bucuresti\/intrare-gratuita-pentru-copii-la-sofisticat-festivalul-felinelor-de-la-sala-palatului\/#article","isPartOf":{"@id":"https:\/\/buletin.de\/bucuresti\/intrare-gratuita-pentru-copii-la-sofisticat-festivalul-felinelor-de-la-sala-palatului\/"},"author":{"name":"Diana Matei","@id":"https:\/\/buletin.de\/bucuresti\/#\/schema\/person\/7e46040573290777280a0835d81ea4ea"},"headline":"Intrare gratuit\u0103 pentru copii la SofistiCAT, Festivalul Felinelor de la Sala Palatului","datePublished":"2024-05-09T11:53:00+00:00","mainEntityOfPage":{"@id":"https:\/\/buletin.de\/bucuresti\/intrare-gratuita-pentru-copii-la-sofisticat-festivalul-felinelor-de-la-sala-palatului\/"},"wordCount":202,"publisher":{"@id":"https:\/\/buletin.de\/bucuresti\/#organization"},"image":{"@id":"https:\/\/buletin.de\/bucuresti\/intrare-gratuita-pentru-copii-la-sofisticat-festivalul-felinelor-de-la-sala-palatului\/#primaryimage"},"thumbnailUrl":"https:\/\/buletin.de\/bucuresti\/wp-content\/uploads\/405568777_647822554183223_187590645062673903_n.jpg","keywords":["Sala Palatului","Salon felin","sofisticat"],"articleSection":["Articole","\u0218tiri"],"inLanguage":"en-GB","copyrightYear":"2024","copyrightHolder":{"@id":"https:\/\/buletin.de\/bucuresti\/#organization"}},{"@type":"WebPage","@id":"https:\/\/buletin.de\/bucuresti\/intrare-gratuita-pentru-copii-la-sofisticat-festivalul-felinelor-de-la-sala-palatului\/","url":"https:\/\/buletin.de\/bucuresti\/intrare-gratuita-pentru-copii-la-sofisticat-festivalul-felinelor-de-la-sala-palatului\/","name":"Intrare gratuit\u0103 pentru copii la SofistiCAT, Festivalul Felinelor de la Sala Palatului - Buletin de Bucure\u0219ti","isPartOf":{"@id":"https:\/\/buletin.de\/bucuresti\/#website"},"primaryImageOfPage":{"@id":"https:\/\/buletin.de\/bucuresti\/intrare-gratuita-pentru-copii-la-sofisticat-festivalul-felinelor-de-la-sala-palatului\/#primaryimage"},"image":{"@id":"https:\/\/buletin.de\/bucuresti\/intrare-gratuita-pentru-copii-la-sofisticat-festivalul-felinelor-de-la-sala-palatului\/#primaryimage"},"thumbnailUrl":"https:\/\/buletin.de\/bucuresti\/wp-content\/uploads\/405568777_647822554183223_187590645062673903_n.jpg","datePublished":"2024-05-09T11:53:00+00:00","breadcrumb":{"@id":"https:\/\/buletin.de\/bucuresti\/intrare-gratuita-pentru-copii-la-sofisticat-festivalul-felinelor-de-la-sala-palatului\/#breadcrumb"},"inLanguage":"en-GB","potentialAction":[{"@type":"ReadAction","target":["https:\/\/buletin.de\/bucuresti\/intrare-gratuita-pentru-copii-la-sofisticat-festivalul-felinelor-de-la-sala-palatului\/"]}]},{"@type":"ImageObject","inLanguage":"en-GB","@id":"https:\/\/buletin.de\/bucuresti\/intrare-gratuita-pentru-copii-la-sofisticat-festivalul-felinelor-de-la-sala-palatului\/#primaryimage","url":"https:\/\/buletin.de\/bucuresti\/wp-content\/uploads\/405568777_647822554183223_187590645062673903_n.jpg","contentUrl":"https:\/\/buletin.de\/bucuresti\/wp-content\/uploads\/405568777_647822554183223_187590645062673903_n.jpg","width":831,"height":650,"caption":"FOTO: Facebook\/SofistiCat"},{"@type":"BreadcrumbList","@id":"https:\/\/buletin.de\/bucuresti\/intrare-gratuita-pentru-copii-la-sofisticat-festivalul-felinelor-de-la-sala-palatului\/#breadcrumb","itemListElement":[{"@type":"ListItem","position":1,"name":"Acas\u0103","item":"https:\/\/buletin.de\/bucuresti\/"},{"@type":"ListItem","position":2,"name":"Intrare gratuit\u0103 pentru copii la SofistiCAT, Festivalul Felinelor de la Sala Palatului"}]},{"@type":"WebSite","@id":"https:\/\/buletin.de\/bucuresti\/#website","url":"https:\/\/buletin.de\/bucuresti\/","name":"Buletin de Bucure\u0219ti","description":"\u0218tiri \u0219i investiga\u021bii esen\u021biale din capital\u0103","publisher":{"@id":"https:\/\/buletin.de\/bucuresti\/#organization"},"potentialAction":[{"@type":"SearchAction","target":{"@type":"EntryPoint","urlTemplate":"https:\/\/buletin.de\/bucuresti\/?s={search_term_string}"},"query-input":{"@type":"PropertyValueSpecification","valueRequired":true,"valueName":"search_term_string"}}],"inLanguage":"en-GB"},{"@type":"Organization","@id":"https:\/\/buletin.de\/bucuresti\/#organization","name":"Buletin de Bucure\u0219ti","url":"https:\/\/buletin.de\/bucuresti\/","logo":{"@type":"ImageObject","inLanguage":"en-GB","@id":"https:\/\/buletin.de\/bucuresti\/#\/schema\/logo\/image\/","url":"https:\/\/buletin.de\/bucuresti\/wp-content\/uploads\/logo-bdb-full-wide-vernil-transparent.png","contentUrl":"https:\/\/buletin.de\/bucuresti\/wp-content\/uploads\/logo-bdb-full-wide-vernil-transparent.png","width":1782,"height":626,"caption":"Buletin de Bucure\u0219ti"},"image":{"@id":"https:\/\/buletin.de\/bucuresti\/#\/schema\/logo\/image\/"},"sameAs":["https:\/\/www.facebook.com\/buletin.de.buc","https:\/\/www.instagram.com\/buletinde.bucuresti\/"]},{"@type":"Person","@id":"https:\/\/buletin.de\/bucuresti\/#\/schema\/person\/7e46040573290777280a0835d81ea4ea","name":"Diana Matei","image":{"@type":"ImageObject","inLanguage":"en-GB","@id":"https:\/\/buletin.de\/bucuresti\/wp-content\/uploads\/9-2-96x96.jpg1e8590b30871d70e62ebcdaf2eff570c","url":"https:\/\/buletin.de\/bucuresti\/wp-content\/uploads\/9-2-96x96.jpg","contentUrl":"https:\/\/buletin.de\/bucuresti\/wp-content\/uploads\/9-2-96x96.jpg","caption":"Diana Matei"},"url":"https:\/\/buletin.de\/bucuresti\/author\/dianamatei\/"}]}},"authors":[{"term_id":22574,"user_id":49,"is_guest":0,"slug":"dianamatei","display_name":"Diana Matei","avatar_url":"https:\/\/buletin.de\/bucuresti\/wp-content\/uploads\/9-2-96x96.jpg","0":null,"1":"","2":"","3":"","4":"","5":"","6":"","7":"","8":""}],"_links":{"self":[{"href":"https:\/\/buletin.de\/bucuresti\/wp-json\/wp\/v2\/posts\/85145","targetHints":{"allow":["GET"]}}],"collection":[{"href":"https:\/\/buletin.de\/bucuresti\/wp-json\/wp\/v2\/posts"}],"about":[{"href":"https:\/\/buletin.de\/bucuresti\/wp-json\/wp\/v2\/types\/post"}],"author":[{"embeddable":true,"href":"https:\/\/buletin.de\/bucuresti\/wp-json\/wp\/v2\/users\/49"}],"replies":[{"embeddable":true,"href":"https:\/\/buletin.de\/bucuresti\/wp-json\/wp\/v2\/comments?post=85145"}],"version-history":[{"count":4,"href":"https:\/\/buletin.de\/bucuresti\/wp-json\/wp\/v2\/posts\/85145\/revisions"}],"predecessor-version":[{"id":85157,"href":"https:\/\/buletin.de\/bucuresti\/wp-json\/wp\/v2\/posts\/85145\/revisions\/85157"}],"wp:featuredmedia":[{"embeddable":true,"href":"https:\/\/buletin.de\/bucuresti\/wp-json\/wp\/v2\/media\/85146"}],"wp:attachment":[{"href":"https:\/\/buletin.de\/bucuresti\/wp-json\/wp\/v2\/media?parent=85145"}],"wp:term":[{"taxonomy":"category","embeddable":true,"href":"https:\/\/buletin.de\/bucuresti\/wp-json\/wp\/v2\/categories?post=85145"},{"taxonomy":"post_tag","embeddable":true,"href":"https:\/\/buletin.de\/bucuresti\/wp-json\/wp\/v2\/tags?post=85145"},{"taxonomy":"author","embeddable":true,"href":"https:\/\/buletin.de\/bucuresti\/wp-json\/wp\/v2\/ppma_author?post=85145"}],"curies":[{"name":"wp","href":"https:\/\/api.w.org\/{rel}","templated":true}]}}