{"id":84993,"date":"2024-05-07T16:31:57","date_gmt":"2024-05-07T13:31:57","guid":{"rendered":"https:\/\/buletin.de\/bucuresti\/?p=84993"},"modified":"2024-05-08T15:07:51","modified_gmt":"2024-05-08T12:07:51","slug":"termoficare-modernizarea-retelei-in-program-de-vara-alte-patru-santiere-se-deschid-in-perioada-urmatoare","status":"publish","type":"post","link":"https:\/\/buletin.de\/bucuresti\/termoficare-modernizarea-retelei-in-program-de-vara-alte-patru-santiere-se-deschid-in-perioada-urmatoare\/","title":{"rendered":"TERMOFICARE | Modernizarea re\u021belei, \u00een program de var\u0103: alte patru \u0219antiere se deschid \u00een perioada urm\u0103toare"},"content":{"rendered":"\n<p><strong>Modernizarea re\u021belei de termoficare continu\u0103, \u00een Capital\u0103. Prim\u0103ria&nbsp;Municipiului&nbsp;Bucure\u0219ti&nbsp;anun\u021b\u0103 c\u0103 se vor deschide \u00eenc\u0103 patru \u0219antiere, cu o lungime total\u0103 de 14,8 km.<\/strong><\/p>\n\n\n\n<p>Pentru cele patru loturi, contractele de finan\u021bare au fost semnate anul trecut.<\/p>\n\n\n\n<p>Loturile pe care vor \u00eencepe lucr\u0103ri sunt:<\/p>\n\n\n\n<ul class=\"wp-block-list\">\n<li>5,92 km pe artele Bd. Chi\u015fin\u0103u, str. Torentului, str. Florica Pantazi, str. Mircea Rosetti, str. Vulcanei, str. Baicului, str. Dumitru Slugeru, str. Dimitrie Groza, str. R\u0103u\u015feni, str. Vasile Stolnicul, str. Doamna Ghica, str. Azuga;<\/li>\n\n\n\n<li>4 km la intersec\u0163iile dintre Bd. Basarabia cu Bd. Chi\u015fin\u0103u, Bd. Basarabia cu str. Morarilor, Bd. Basarabia p\u00e2n\u0103 la platforma industrial\u0103 CET Titan;<\/li>\n\n\n\n<li>0,62 km pe str. Ion Berindei \u015fi la intersec\u0163ia dintre str. Ion Berindei cu str. D-na Ghica;<\/li>\n\n\n\n<li>4,2 km pe str. Theodor Speran\u0163ia, Calea C\u0103l\u0103ra\u015filor \u015fi Str. Matei Basarab.<\/li>\n<\/ul>\n\n\n\n<figure class=\"wp-block-gallery has-nested-images columns-default is-cropped wp-block-gallery-1 is-layout-flex wp-block-gallery-is-layout-flex\">\n<figure class=\"wp-block-image size-large\"><img fetchpriority=\"high\" decoding=\"async\" width=\"900\" height=\"599\" data-id=\"84996\" src=\"data:image\/gif;base64,R0lGODlhAQABAAAAACH5BAEKAAEALAAAAAABAAEAAAICTAEAOw==\" data-src=\"https:\/\/buletin.de\/bucuresti\/wp-content\/uploads\/438118575_975955403880874_4207014009683231198_n-900x599.jpg\" alt=\"\" class=\"wp-image-84996 lazyload\" data-sizes=\"auto\" data-srcset=\"https:\/\/buletin.de\/bucuresti\/wp-content\/uploads\/438118575_975955403880874_4207014009683231198_n-900x599.jpg 900w, https:\/\/buletin.de\/bucuresti\/wp-content\/uploads\/438118575_975955403880874_4207014009683231198_n-300x200.jpg 300w, https:\/\/buletin.de\/bucuresti\/wp-content\/uploads\/438118575_975955403880874_4207014009683231198_n-768x511.jpg 768w, https:\/\/buletin.de\/bucuresti\/wp-content\/uploads\/438118575_975955403880874_4207014009683231198_n-1100x732.jpg 1100w, https:\/\/buletin.de\/bucuresti\/wp-content\/uploads\/438118575_975955403880874_4207014009683231198_n-600x399.jpg 600w, https:\/\/buletin.de\/bucuresti\/wp-content\/uploads\/438118575_975955403880874_4207014009683231198_n-20x13.jpg 20w, https:\/\/buletin.de\/bucuresti\/wp-content\/uploads\/438118575_975955403880874_4207014009683231198_n.jpg 1440w\" sizes=\"(max-width: 900px) 100vw, 900px\" \/><\/figure>\n\n\n\n<figure class=\"wp-block-image size-large\"><img decoding=\"async\" width=\"900\" height=\"599\" data-id=\"84995\" src=\"data:image\/gif;base64,R0lGODlhAQABAAAAACH5BAEKAAEALAAAAAABAAEAAAICTAEAOw==\" data-src=\"https:\/\/buletin.de\/bucuresti\/wp-content\/uploads\/440746768_975955390547542_6538447374440158374_n-900x599.jpg\" alt=\"\" class=\"wp-image-84995 lazyload\" data-sizes=\"auto\" data-srcset=\"https:\/\/buletin.de\/bucuresti\/wp-content\/uploads\/440746768_975955390547542_6538447374440158374_n-900x599.jpg 900w, https:\/\/buletin.de\/bucuresti\/wp-content\/uploads\/440746768_975955390547542_6538447374440158374_n-300x200.jpg 300w, https:\/\/buletin.de\/bucuresti\/wp-content\/uploads\/440746768_975955390547542_6538447374440158374_n-768x511.jpg 768w, https:\/\/buletin.de\/bucuresti\/wp-content\/uploads\/440746768_975955390547542_6538447374440158374_n-1100x732.jpg 1100w, https:\/\/buletin.de\/bucuresti\/wp-content\/uploads\/440746768_975955390547542_6538447374440158374_n-600x399.jpg 600w, https:\/\/buletin.de\/bucuresti\/wp-content\/uploads\/440746768_975955390547542_6538447374440158374_n-20x13.jpg 20w, https:\/\/buletin.de\/bucuresti\/wp-content\/uploads\/440746768_975955390547542_6538447374440158374_n.jpg 1440w\" sizes=\"(max-width: 900px) 100vw, 900px\" \/><\/figure>\n\n\n\n<figure class=\"wp-block-image size-large\"><img decoding=\"async\" width=\"900\" height=\"601\" data-id=\"84997\" src=\"data:image\/gif;base64,R0lGODlhAQABAAAAACH5BAEKAAEALAAAAAABAAEAAAICTAEAOw==\" data-src=\"https:\/\/buletin.de\/bucuresti\/wp-content\/uploads\/438101098_975955387214209_2963904814451083528_n-900x601.jpg\" alt=\"\" class=\"wp-image-84997 lazyload\" data-sizes=\"auto\" data-srcset=\"https:\/\/buletin.de\/bucuresti\/wp-content\/uploads\/438101098_975955387214209_2963904814451083528_n-900x601.jpg 900w, https:\/\/buletin.de\/bucuresti\/wp-content\/uploads\/438101098_975955387214209_2963904814451083528_n-300x200.jpg 300w, https:\/\/buletin.de\/bucuresti\/wp-content\/uploads\/438101098_975955387214209_2963904814451083528_n-768x513.jpg 768w, https:\/\/buletin.de\/bucuresti\/wp-content\/uploads\/438101098_975955387214209_2963904814451083528_n-600x401.jpg 600w, https:\/\/buletin.de\/bucuresti\/wp-content\/uploads\/438101098_975955387214209_2963904814451083528_n-20x13.jpg 20w, https:\/\/buletin.de\/bucuresti\/wp-content\/uploads\/438101098_975955387214209_2963904814451083528_n.jpg 960w\" sizes=\"(max-width: 900px) 100vw, 900px\" \/><\/figure>\n<\/figure>\n\n\n\n<p>Finan\u021barea care v\u0103 asigura modernizarea re\u021belei de termoficare, pe cele patru loturi este asigurat\u0103, \u00een propor\u021bie de 85%, de la Ministerul Dezvolt\u0103rii.<\/p>\n\n\n\n<p><strong>CITE\u0218TE \u0218I:<\/strong><\/p>\n\n\n\n<figure class=\"wp-block-embed is-type-wp-embed is-provider-buletin-de-bucure-ti wp-block-embed-buletin-de-bucure-ti\"><div class=\"wp-block-embed__wrapper\">\n<blockquote class=\"wp-embedded-content\" data-secret=\"8EOLStajGw\"><a href=\"https:\/\/buletin.de\/bucuresti\/termoficare-75-de-blocuri-din-sectoarele-3-si-5-fara-apa-calda-pana-pe-14-mai\/\">TERMOFICARE | 75 de blocuri din Sectoarele 3 \u0219i 5, f\u0103r\u0103 ap\u0103 cald\u0103 p\u00e2n\u0103 pe 14 mai<\/a><\/blockquote><iframe class=\"wp-embedded-content\" sandbox=\"allow-scripts\" security=\"restricted\" style=\"position: absolute; clip: rect(1px, 1px, 1px, 1px);\" title=\"&#8220;TERMOFICARE | 75 de blocuri din Sectoarele 3 \u0219i 5, f\u0103r\u0103 ap\u0103 cald\u0103 p\u00e2n\u0103 pe 14 mai&#8221; &#8212; Buletin de Bucure\u0219ti\" src=\"https:\/\/buletin.de\/bucuresti\/termoficare-75-de-blocuri-din-sectoarele-3-si-5-fara-apa-calda-pana-pe-14-mai\/embed\/#?secret=PhhHSqtg1P#?secret=8EOLStajGw\" data-secret=\"8EOLStajGw\" width=\"600\" height=\"338\" frameborder=\"0\" marginwidth=\"0\" marginheight=\"0\" scrolling=\"no\"><\/iframe>\n<\/div><\/figure>\n","protected":false},"excerpt":{"rendered":"<p>Modernizarea re\u021belei de termoficare continu\u0103, \u00een Capital\u0103. Prim\u0103ria&nbsp;Municipiului&nbsp;Bucure\u0219ti&nbsp;anun\u021b\u0103 c\u0103 se vor deschide \u00eenc\u0103 patru \u0219antiere, cu o lungime total\u0103 de 14,8 km. Pentru cele patru loturi, contractele de finan\u021bare au fost semnate anul trecut. Loturile pe care vor \u00eencepe lucr\u0103ri sunt: Finan\u021barea care v\u0103 asigura modernizarea re\u021belei de termoficare, pe cele patru loturi este asigurat\u0103, [&hellip;]<\/p>\n","protected":false},"author":49,"featured_media":84994,"comment_status":"closed","ping_status":"open","sticky":false,"template":"","format":"standard","meta":{"_acf_changed":false,"inline_featured_image":false,"ngg_post_thumbnail":0,"footnotes":""},"categories":[6994,5762,6214],"tags":[11764,11763,11762,11765,288],"ppma_author":[22574],"class_list":["post-84993","post","type-post","status-publish","format-standard","has-post-thumbnail","hentry","category-stiri-2","category-main","category-termo","tag-bd-basarabia","tag-bd-chisinau","tag-lucrari-de-modernizare-retea-de-termoficare","tag-str-matei-basarab","tag-termoficare"],"acf":[],"yoast_head":"<!-- This site is optimized with the Yoast SEO Premium plugin v25.3 (Yoast SEO v27.5) - https:\/\/yoast.com\/product\/yoast-seo-premium-wordpress\/ -->\n<title>TERMOFICARE | Modernizarea re\u021belei, \u00een program de var\u0103: alte patru \u0219antiere se deschid \u00een perioada urm\u0103toare - Buletin de Bucure\u0219ti<\/title>\n<meta name=\"robots\" content=\"index, follow, max-snippet:-1, max-image-preview:large, max-video-preview:-1\" \/>\n<link rel=\"canonical\" href=\"https:\/\/buletin.de\/bucuresti\/termoficare-modernizarea-retelei-in-program-de-vara-alte-patru-santiere-se-deschid-in-perioada-urmatoare\/\" \/>\n<meta property=\"og:locale\" content=\"en_GB\" \/>\n<meta property=\"og:type\" content=\"article\" \/>\n<meta property=\"og:title\" content=\"TERMOFICARE | Modernizarea re\u021belei, \u00een program de var\u0103: alte patru \u0219antiere se deschid \u00een perioada urm\u0103toare\" \/>\n<meta property=\"og:description\" content=\"Modernizarea re\u021belei de termoficare continu\u0103, \u00een Capital\u0103. Prim\u0103ria&nbsp;Municipiului&nbsp;Bucure\u0219ti&nbsp;anun\u021b\u0103 c\u0103 se vor deschide \u00eenc\u0103 patru \u0219antiere, cu o lungime total\u0103 de 14,8 km. Pentru cele patru loturi, contractele de finan\u021bare au fost semnate anul trecut. Loturile pe care vor \u00eencepe lucr\u0103ri sunt: Finan\u021barea care v\u0103 asigura modernizarea re\u021belei de termoficare, pe cele patru loturi este asigurat\u0103, [&hellip;]\" \/>\n<meta property=\"og:url\" content=\"https:\/\/buletin.de\/bucuresti\/termoficare-modernizarea-retelei-in-program-de-vara-alte-patru-santiere-se-deschid-in-perioada-urmatoare\/\" \/>\n<meta property=\"og:site_name\" content=\"Buletin de Bucure\u0219ti\" \/>\n<meta property=\"article:publisher\" content=\"https:\/\/www.facebook.com\/buletin.de.buc\" \/>\n<meta property=\"article:published_time\" content=\"2024-05-07T13:31:57+00:00\" \/>\n<meta property=\"article:modified_time\" content=\"2024-05-08T12:07:51+00:00\" \/>\n<meta property=\"og:image\" content=\"https:\/\/buletin.de\/bucuresti\/wp-content\/uploads\/438089193_975955393880875_5070064437425105362_n.jpg\" \/>\n\t<meta property=\"og:image:width\" content=\"1440\" \/>\n\t<meta property=\"og:image:height\" content=\"960\" \/>\n\t<meta property=\"og:image:type\" content=\"image\/jpeg\" \/>\n<meta name=\"author\" content=\"Diana Matei\" \/>\n<meta name=\"twitter:card\" content=\"summary_large_image\" \/>\n<meta name=\"twitter:label1\" content=\"Written by\" \/>\n\t<meta name=\"twitter:data1\" content=\"Diana Matei\" \/>\n\t<meta name=\"twitter:label2\" content=\"Estimated reading time\" \/>\n\t<meta name=\"twitter:data2\" content=\"2 minutes\" \/>\n<script type=\"application\/ld+json\" class=\"yoast-schema-graph\">{\"@context\":\"https:\\\/\\\/schema.org\",\"@graph\":[{\"@type\":\"Article\",\"@id\":\"https:\\\/\\\/buletin.de\\\/bucuresti\\\/termoficare-modernizarea-retelei-in-program-de-vara-alte-patru-santiere-se-deschid-in-perioada-urmatoare\\\/#article\",\"isPartOf\":{\"@id\":\"https:\\\/\\\/buletin.de\\\/bucuresti\\\/termoficare-modernizarea-retelei-in-program-de-vara-alte-patru-santiere-se-deschid-in-perioada-urmatoare\\\/\"},\"author\":{\"name\":\"Diana Matei\",\"@id\":\"https:\\\/\\\/buletin.de\\\/bucuresti\\\/#\\\/schema\\\/person\\\/7e46040573290777280a0835d81ea4ea\"},\"headline\":\"TERMOFICARE | Modernizarea re\u021belei, \u00een program de var\u0103: alte patru \u0219antiere se deschid \u00een perioada urm\u0103toare\",\"datePublished\":\"2024-05-07T13:31:57+00:00\",\"dateModified\":\"2024-05-08T12:07:51+00:00\",\"mainEntityOfPage\":{\"@id\":\"https:\\\/\\\/buletin.de\\\/bucuresti\\\/termoficare-modernizarea-retelei-in-program-de-vara-alte-patru-santiere-se-deschid-in-perioada-urmatoare\\\/\"},\"wordCount\":200,\"publisher\":{\"@id\":\"https:\\\/\\\/buletin.de\\\/bucuresti\\\/#organization\"},\"image\":{\"@id\":\"https:\\\/\\\/buletin.de\\\/bucuresti\\\/termoficare-modernizarea-retelei-in-program-de-vara-alte-patru-santiere-se-deschid-in-perioada-urmatoare\\\/#primaryimage\"},\"thumbnailUrl\":\"https:\\\/\\\/buletin.de\\\/bucuresti\\\/wp-content\\\/uploads\\\/438089193_975955393880875_5070064437425105362_n.jpg\",\"keywords\":[\"Bd. Basarabia\",\"Bd. Chi\u015fin\u0103u\",\"lucrari de modernizare retea de termoficare\",\"Str. Matei Basarab\",\"termoficare\"],\"articleSection\":[\"Articole\",\"Main\",\"Termoficare\"],\"inLanguage\":\"en-GB\",\"copyrightYear\":\"2024\",\"copyrightHolder\":{\"@id\":\"https:\\\/\\\/buletin.de\\\/bucuresti\\\/#organization\"}},{\"@type\":\"WebPage\",\"@id\":\"https:\\\/\\\/buletin.de\\\/bucuresti\\\/termoficare-modernizarea-retelei-in-program-de-vara-alte-patru-santiere-se-deschid-in-perioada-urmatoare\\\/\",\"url\":\"https:\\\/\\\/buletin.de\\\/bucuresti\\\/termoficare-modernizarea-retelei-in-program-de-vara-alte-patru-santiere-se-deschid-in-perioada-urmatoare\\\/\",\"name\":\"TERMOFICARE | Modernizarea re\u021belei, \u00een program de var\u0103: alte patru \u0219antiere se deschid \u00een perioada urm\u0103toare - Buletin de Bucure\u0219ti\",\"isPartOf\":{\"@id\":\"https:\\\/\\\/buletin.de\\\/bucuresti\\\/#website\"},\"primaryImageOfPage\":{\"@id\":\"https:\\\/\\\/buletin.de\\\/bucuresti\\\/termoficare-modernizarea-retelei-in-program-de-vara-alte-patru-santiere-se-deschid-in-perioada-urmatoare\\\/#primaryimage\"},\"image\":{\"@id\":\"https:\\\/\\\/buletin.de\\\/bucuresti\\\/termoficare-modernizarea-retelei-in-program-de-vara-alte-patru-santiere-se-deschid-in-perioada-urmatoare\\\/#primaryimage\"},\"thumbnailUrl\":\"https:\\\/\\\/buletin.de\\\/bucuresti\\\/wp-content\\\/uploads\\\/438089193_975955393880875_5070064437425105362_n.jpg\",\"datePublished\":\"2024-05-07T13:31:57+00:00\",\"dateModified\":\"2024-05-08T12:07:51+00:00\",\"breadcrumb\":{\"@id\":\"https:\\\/\\\/buletin.de\\\/bucuresti\\\/termoficare-modernizarea-retelei-in-program-de-vara-alte-patru-santiere-se-deschid-in-perioada-urmatoare\\\/#breadcrumb\"},\"inLanguage\":\"en-GB\",\"potentialAction\":[{\"@type\":\"ReadAction\",\"target\":[\"https:\\\/\\\/buletin.de\\\/bucuresti\\\/termoficare-modernizarea-retelei-in-program-de-vara-alte-patru-santiere-se-deschid-in-perioada-urmatoare\\\/\"]}]},{\"@type\":\"ImageObject\",\"inLanguage\":\"en-GB\",\"@id\":\"https:\\\/\\\/buletin.de\\\/bucuresti\\\/termoficare-modernizarea-retelei-in-program-de-vara-alte-patru-santiere-se-deschid-in-perioada-urmatoare\\\/#primaryimage\",\"url\":\"https:\\\/\\\/buletin.de\\\/bucuresti\\\/wp-content\\\/uploads\\\/438089193_975955393880875_5070064437425105362_n.jpg\",\"contentUrl\":\"https:\\\/\\\/buletin.de\\\/bucuresti\\\/wp-content\\\/uploads\\\/438089193_975955393880875_5070064437425105362_n.jpg\",\"width\":1440,\"height\":960,\"caption\":\"Surs\u0103 Foto: Facebook\\\/Nicusor Dan\"},{\"@type\":\"BreadcrumbList\",\"@id\":\"https:\\\/\\\/buletin.de\\\/bucuresti\\\/termoficare-modernizarea-retelei-in-program-de-vara-alte-patru-santiere-se-deschid-in-perioada-urmatoare\\\/#breadcrumb\",\"itemListElement\":[{\"@type\":\"ListItem\",\"position\":1,\"name\":\"Acas\u0103\",\"item\":\"https:\\\/\\\/buletin.de\\\/bucuresti\\\/\"},{\"@type\":\"ListItem\",\"position\":2,\"name\":\"TERMOFICARE | Modernizarea re\u021belei, \u00een program de var\u0103: alte patru \u0219antiere se deschid \u00een perioada urm\u0103toare\"}]},{\"@type\":\"WebSite\",\"@id\":\"https:\\\/\\\/buletin.de\\\/bucuresti\\\/#website\",\"url\":\"https:\\\/\\\/buletin.de\\\/bucuresti\\\/\",\"name\":\"Buletin de Bucure\u0219ti\",\"description\":\"\u0218tiri \u0219i investiga\u021bii esen\u021biale din capital\u0103\",\"publisher\":{\"@id\":\"https:\\\/\\\/buletin.de\\\/bucuresti\\\/#organization\"},\"potentialAction\":[{\"@type\":\"SearchAction\",\"target\":{\"@type\":\"EntryPoint\",\"urlTemplate\":\"https:\\\/\\\/buletin.de\\\/bucuresti\\\/?s={search_term_string}\"},\"query-input\":{\"@type\":\"PropertyValueSpecification\",\"valueRequired\":true,\"valueName\":\"search_term_string\"}}],\"inLanguage\":\"en-GB\"},{\"@type\":\"Organization\",\"@id\":\"https:\\\/\\\/buletin.de\\\/bucuresti\\\/#organization\",\"name\":\"Buletin de Bucure\u0219ti\",\"url\":\"https:\\\/\\\/buletin.de\\\/bucuresti\\\/\",\"logo\":{\"@type\":\"ImageObject\",\"inLanguage\":\"en-GB\",\"@id\":\"https:\\\/\\\/buletin.de\\\/bucuresti\\\/#\\\/schema\\\/logo\\\/image\\\/\",\"url\":\"https:\\\/\\\/buletin.de\\\/bucuresti\\\/wp-content\\\/uploads\\\/logo-bdb-full-wide-vernil-transparent.png\",\"contentUrl\":\"https:\\\/\\\/buletin.de\\\/bucuresti\\\/wp-content\\\/uploads\\\/logo-bdb-full-wide-vernil-transparent.png\",\"width\":1782,\"height\":626,\"caption\":\"Buletin de Bucure\u0219ti\"},\"image\":{\"@id\":\"https:\\\/\\\/buletin.de\\\/bucuresti\\\/#\\\/schema\\\/logo\\\/image\\\/\"},\"sameAs\":[\"https:\\\/\\\/www.facebook.com\\\/buletin.de.buc\",\"https:\\\/\\\/www.instagram.com\\\/buletinde.bucuresti\\\/\"]},{\"@type\":\"Person\",\"@id\":\"https:\\\/\\\/buletin.de\\\/bucuresti\\\/#\\\/schema\\\/person\\\/7e46040573290777280a0835d81ea4ea\",\"name\":\"Diana Matei\",\"image\":{\"@type\":\"ImageObject\",\"inLanguage\":\"en-GB\",\"@id\":\"https:\\\/\\\/buletin.de\\\/bucuresti\\\/wp-content\\\/uploads\\\/9-2-96x96.jpg1e8590b30871d70e62ebcdaf2eff570c\",\"url\":\"https:\\\/\\\/buletin.de\\\/bucuresti\\\/wp-content\\\/uploads\\\/9-2-96x96.jpg\",\"contentUrl\":\"https:\\\/\\\/buletin.de\\\/bucuresti\\\/wp-content\\\/uploads\\\/9-2-96x96.jpg\",\"caption\":\"Diana Matei\"},\"url\":\"https:\\\/\\\/buletin.de\\\/bucuresti\\\/author\\\/dianamatei\\\/\"}]}<\/script>\n<!-- \/ Yoast SEO Premium plugin. -->","yoast_head_json":{"title":"TERMOFICARE | Modernizarea re\u021belei, \u00een program de var\u0103: alte patru \u0219antiere se deschid \u00een perioada urm\u0103toare - Buletin de Bucure\u0219ti","robots":{"index":"index","follow":"follow","max-snippet":"max-snippet:-1","max-image-preview":"max-image-preview:large","max-video-preview":"max-video-preview:-1"},"canonical":"https:\/\/buletin.de\/bucuresti\/termoficare-modernizarea-retelei-in-program-de-vara-alte-patru-santiere-se-deschid-in-perioada-urmatoare\/","og_locale":"en_GB","og_type":"article","og_title":"TERMOFICARE | Modernizarea re\u021belei, \u00een program de var\u0103: alte patru \u0219antiere se deschid \u00een perioada urm\u0103toare","og_description":"Modernizarea re\u021belei de termoficare continu\u0103, \u00een Capital\u0103. Prim\u0103ria&nbsp;Municipiului&nbsp;Bucure\u0219ti&nbsp;anun\u021b\u0103 c\u0103 se vor deschide \u00eenc\u0103 patru \u0219antiere, cu o lungime total\u0103 de 14,8 km. Pentru cele patru loturi, contractele de finan\u021bare au fost semnate anul trecut. Loturile pe care vor \u00eencepe lucr\u0103ri sunt: Finan\u021barea care v\u0103 asigura modernizarea re\u021belei de termoficare, pe cele patru loturi este asigurat\u0103, [&hellip;]","og_url":"https:\/\/buletin.de\/bucuresti\/termoficare-modernizarea-retelei-in-program-de-vara-alte-patru-santiere-se-deschid-in-perioada-urmatoare\/","og_site_name":"Buletin de Bucure\u0219ti","article_publisher":"https:\/\/www.facebook.com\/buletin.de.buc","article_published_time":"2024-05-07T13:31:57+00:00","article_modified_time":"2024-05-08T12:07:51+00:00","og_image":[{"width":1440,"height":960,"url":"https:\/\/buletin.de\/bucuresti\/wp-content\/uploads\/438089193_975955393880875_5070064437425105362_n.jpg","type":"image\/jpeg"}],"author":"Diana Matei","twitter_card":"summary_large_image","twitter_misc":{"Written by":"Diana Matei","Estimated reading time":"2 minutes"},"schema":{"@context":"https:\/\/schema.org","@graph":[{"@type":"Article","@id":"https:\/\/buletin.de\/bucuresti\/termoficare-modernizarea-retelei-in-program-de-vara-alte-patru-santiere-se-deschid-in-perioada-urmatoare\/#article","isPartOf":{"@id":"https:\/\/buletin.de\/bucuresti\/termoficare-modernizarea-retelei-in-program-de-vara-alte-patru-santiere-se-deschid-in-perioada-urmatoare\/"},"author":{"name":"Diana Matei","@id":"https:\/\/buletin.de\/bucuresti\/#\/schema\/person\/7e46040573290777280a0835d81ea4ea"},"headline":"TERMOFICARE | Modernizarea re\u021belei, \u00een program de var\u0103: alte patru \u0219antiere se deschid \u00een perioada urm\u0103toare","datePublished":"2024-05-07T13:31:57+00:00","dateModified":"2024-05-08T12:07:51+00:00","mainEntityOfPage":{"@id":"https:\/\/buletin.de\/bucuresti\/termoficare-modernizarea-retelei-in-program-de-vara-alte-patru-santiere-se-deschid-in-perioada-urmatoare\/"},"wordCount":200,"publisher":{"@id":"https:\/\/buletin.de\/bucuresti\/#organization"},"image":{"@id":"https:\/\/buletin.de\/bucuresti\/termoficare-modernizarea-retelei-in-program-de-vara-alte-patru-santiere-se-deschid-in-perioada-urmatoare\/#primaryimage"},"thumbnailUrl":"https:\/\/buletin.de\/bucuresti\/wp-content\/uploads\/438089193_975955393880875_5070064437425105362_n.jpg","keywords":["Bd. Basarabia","Bd. Chi\u015fin\u0103u","lucrari de modernizare retea de termoficare","Str. Matei Basarab","termoficare"],"articleSection":["Articole","Main","Termoficare"],"inLanguage":"en-GB","copyrightYear":"2024","copyrightHolder":{"@id":"https:\/\/buletin.de\/bucuresti\/#organization"}},{"@type":"WebPage","@id":"https:\/\/buletin.de\/bucuresti\/termoficare-modernizarea-retelei-in-program-de-vara-alte-patru-santiere-se-deschid-in-perioada-urmatoare\/","url":"https:\/\/buletin.de\/bucuresti\/termoficare-modernizarea-retelei-in-program-de-vara-alte-patru-santiere-se-deschid-in-perioada-urmatoare\/","name":"TERMOFICARE | Modernizarea re\u021belei, \u00een program de var\u0103: alte patru \u0219antiere se deschid \u00een perioada urm\u0103toare - Buletin de Bucure\u0219ti","isPartOf":{"@id":"https:\/\/buletin.de\/bucuresti\/#website"},"primaryImageOfPage":{"@id":"https:\/\/buletin.de\/bucuresti\/termoficare-modernizarea-retelei-in-program-de-vara-alte-patru-santiere-se-deschid-in-perioada-urmatoare\/#primaryimage"},"image":{"@id":"https:\/\/buletin.de\/bucuresti\/termoficare-modernizarea-retelei-in-program-de-vara-alte-patru-santiere-se-deschid-in-perioada-urmatoare\/#primaryimage"},"thumbnailUrl":"https:\/\/buletin.de\/bucuresti\/wp-content\/uploads\/438089193_975955393880875_5070064437425105362_n.jpg","datePublished":"2024-05-07T13:31:57+00:00","dateModified":"2024-05-08T12:07:51+00:00","breadcrumb":{"@id":"https:\/\/buletin.de\/bucuresti\/termoficare-modernizarea-retelei-in-program-de-vara-alte-patru-santiere-se-deschid-in-perioada-urmatoare\/#breadcrumb"},"inLanguage":"en-GB","potentialAction":[{"@type":"ReadAction","target":["https:\/\/buletin.de\/bucuresti\/termoficare-modernizarea-retelei-in-program-de-vara-alte-patru-santiere-se-deschid-in-perioada-urmatoare\/"]}]},{"@type":"ImageObject","inLanguage":"en-GB","@id":"https:\/\/buletin.de\/bucuresti\/termoficare-modernizarea-retelei-in-program-de-vara-alte-patru-santiere-se-deschid-in-perioada-urmatoare\/#primaryimage","url":"https:\/\/buletin.de\/bucuresti\/wp-content\/uploads\/438089193_975955393880875_5070064437425105362_n.jpg","contentUrl":"https:\/\/buletin.de\/bucuresti\/wp-content\/uploads\/438089193_975955393880875_5070064437425105362_n.jpg","width":1440,"height":960,"caption":"Surs\u0103 Foto: Facebook\/Nicusor Dan"},{"@type":"BreadcrumbList","@id":"https:\/\/buletin.de\/bucuresti\/termoficare-modernizarea-retelei-in-program-de-vara-alte-patru-santiere-se-deschid-in-perioada-urmatoare\/#breadcrumb","itemListElement":[{"@type":"ListItem","position":1,"name":"Acas\u0103","item":"https:\/\/buletin.de\/bucuresti\/"},{"@type":"ListItem","position":2,"name":"TERMOFICARE | Modernizarea re\u021belei, \u00een program de var\u0103: alte patru \u0219antiere se deschid \u00een perioada urm\u0103toare"}]},{"@type":"WebSite","@id":"https:\/\/buletin.de\/bucuresti\/#website","url":"https:\/\/buletin.de\/bucuresti\/","name":"Buletin de Bucure\u0219ti","description":"\u0218tiri \u0219i investiga\u021bii esen\u021biale din capital\u0103","publisher":{"@id":"https:\/\/buletin.de\/bucuresti\/#organization"},"potentialAction":[{"@type":"SearchAction","target":{"@type":"EntryPoint","urlTemplate":"https:\/\/buletin.de\/bucuresti\/?s={search_term_string}"},"query-input":{"@type":"PropertyValueSpecification","valueRequired":true,"valueName":"search_term_string"}}],"inLanguage":"en-GB"},{"@type":"Organization","@id":"https:\/\/buletin.de\/bucuresti\/#organization","name":"Buletin de Bucure\u0219ti","url":"https:\/\/buletin.de\/bucuresti\/","logo":{"@type":"ImageObject","inLanguage":"en-GB","@id":"https:\/\/buletin.de\/bucuresti\/#\/schema\/logo\/image\/","url":"https:\/\/buletin.de\/bucuresti\/wp-content\/uploads\/logo-bdb-full-wide-vernil-transparent.png","contentUrl":"https:\/\/buletin.de\/bucuresti\/wp-content\/uploads\/logo-bdb-full-wide-vernil-transparent.png","width":1782,"height":626,"caption":"Buletin de Bucure\u0219ti"},"image":{"@id":"https:\/\/buletin.de\/bucuresti\/#\/schema\/logo\/image\/"},"sameAs":["https:\/\/www.facebook.com\/buletin.de.buc","https:\/\/www.instagram.com\/buletinde.bucuresti\/"]},{"@type":"Person","@id":"https:\/\/buletin.de\/bucuresti\/#\/schema\/person\/7e46040573290777280a0835d81ea4ea","name":"Diana Matei","image":{"@type":"ImageObject","inLanguage":"en-GB","@id":"https:\/\/buletin.de\/bucuresti\/wp-content\/uploads\/9-2-96x96.jpg1e8590b30871d70e62ebcdaf2eff570c","url":"https:\/\/buletin.de\/bucuresti\/wp-content\/uploads\/9-2-96x96.jpg","contentUrl":"https:\/\/buletin.de\/bucuresti\/wp-content\/uploads\/9-2-96x96.jpg","caption":"Diana Matei"},"url":"https:\/\/buletin.de\/bucuresti\/author\/dianamatei\/"}]}},"authors":[{"term_id":22574,"user_id":49,"is_guest":0,"slug":"dianamatei","display_name":"Diana Matei","avatar_url":"https:\/\/buletin.de\/bucuresti\/wp-content\/uploads\/9-2-96x96.jpg","0":null,"1":"","2":"","3":"","4":"","5":"","6":"","7":"","8":""}],"_links":{"self":[{"href":"https:\/\/buletin.de\/bucuresti\/wp-json\/wp\/v2\/posts\/84993","targetHints":{"allow":["GET"]}}],"collection":[{"href":"https:\/\/buletin.de\/bucuresti\/wp-json\/wp\/v2\/posts"}],"about":[{"href":"https:\/\/buletin.de\/bucuresti\/wp-json\/wp\/v2\/types\/post"}],"author":[{"embeddable":true,"href":"https:\/\/buletin.de\/bucuresti\/wp-json\/wp\/v2\/users\/49"}],"replies":[{"embeddable":true,"href":"https:\/\/buletin.de\/bucuresti\/wp-json\/wp\/v2\/comments?post=84993"}],"version-history":[{"count":3,"href":"https:\/\/buletin.de\/bucuresti\/wp-json\/wp\/v2\/posts\/84993\/revisions"}],"predecessor-version":[{"id":85056,"href":"https:\/\/buletin.de\/bucuresti\/wp-json\/wp\/v2\/posts\/84993\/revisions\/85056"}],"wp:featuredmedia":[{"embeddable":true,"href":"https:\/\/buletin.de\/bucuresti\/wp-json\/wp\/v2\/media\/84994"}],"wp:attachment":[{"href":"https:\/\/buletin.de\/bucuresti\/wp-json\/wp\/v2\/media?parent=84993"}],"wp:term":[{"taxonomy":"category","embeddable":true,"href":"https:\/\/buletin.de\/bucuresti\/wp-json\/wp\/v2\/categories?post=84993"},{"taxonomy":"post_tag","embeddable":true,"href":"https:\/\/buletin.de\/bucuresti\/wp-json\/wp\/v2\/tags?post=84993"},{"taxonomy":"author","embeddable":true,"href":"https:\/\/buletin.de\/bucuresti\/wp-json\/wp\/v2\/ppma_author?post=84993"}],"curies":[{"name":"wp","href":"https:\/\/api.w.org\/{rel}","templated":true}]}}