{"id":84900,"date":"2024-05-06T15:13:48","date_gmt":"2024-05-06T12:13:48","guid":{"rendered":"https:\/\/buletin.de\/bucuresti\/?p=84900"},"modified":"2024-05-06T15:13:48","modified_gmt":"2024-05-06T12:13:48","slug":"aspa-targ-de-adoptii-in-parcul-herastrau-in-weekend","status":"publish","type":"post","link":"https:\/\/buletin.de\/bucuresti\/aspa-targ-de-adoptii-in-parcul-herastrau-in-weekend\/","title":{"rendered":"ASPA | T\u00e2rg de adop\u021bii \u00een Parcul Her\u0103str\u0103u, \u00een weekend"},"content":{"rendered":"\n<p><strong>ASPA anun\u021b\u0103 un nou t\u00e2rg de adop\u021bii, \u00een acest sf\u00e2r\u0219it de s\u0103pt\u0103m\u00e2n\u0103. Evenimentul are loc s\u00e2mb\u0103t\u0103, 11 mai, \u00eentre orele 10.00-16:00, \u00een Parcul Regele Mihai I al Rom\u00e2niei.<\/strong><\/p>\n\n\n\n<p>20 de c\u0103\u021bei vor fi da\u021bi spre adop\u021bie de ASPA. To\u021bi sunt deparazita\u021bi intern \u0219i extern, microcipa\u021bi, iar dac\u0103 v\u00e2rsta o permite, steriliza\u021bi.<\/p>\n\n\n\n<p>Voluntarii ASPA \u0219i cei de la Proedus vor fi prezenti la t\u00e2rg iar sponsorii campaniei de adop\u021bii vor oferi cadouri pentru cei care pleac\u0103 acas\u0103 cu un c\u0103\u021bel:<\/p>\n\n\n\n<ul class=\"wp-block-list\">\n<li>pachete care con\u021bin hran\u0103 uscat\u0103 \u0219i umed\u0103, juc\u0103rie \u0219i castron;<\/li>\n\n\n\n<li> o \u0219edin\u021b\u0103 gratuit\u0103 de cosmetic\u0103 pentru c\u00e2ini;<\/li>\n\n\n\n<li>medalioane inteligente cu cod QR;<\/li>\n\n\n\n<li>pachete cu o pung\u0103 de cafea boabe, un pahar reutilizabil din plastic \u0219i un card \u00eenc\u0103rcat cu 20 de lei;<\/li>\n\n\n\n<li>o \u0219edin\u021b\u0103 de dresaj gratuit\u0103;<\/li>\n<\/ul>\n\n\n\n<p>T\u00e2rgul are loc \u00een Parcul Regele Mihai I al Rom\u00e2niei (Her\u0103str\u0103u), intrarea de la Pia\u021ba Charles de Gaulle.<\/p>\n\n\n\n<p>ASPA urmeaz\u0103 s\u0103 organizeze cel mai mari t\u00e2rg de adop\u021bii de animale de companie, c\u00e2ini \u0219i pisici, de anul acesta. Evenimentul are loc pe Arena Na\u021bional\u0103, pe data de 26 mai, de la ora 14:00.<\/p>\n\n\n\n<p><strong>CITE\u0218TE \u0218I:<\/strong><\/p>\n\n\n\n<figure class=\"wp-block-embed is-type-wp-embed is-provider-buletin-de-bucure-ti wp-block-embed-buletin-de-bucure-ti\"><div class=\"wp-block-embed__wrapper\">\n<blockquote class=\"wp-embedded-content\" data-secret=\"sazW8AllZd\"><a href=\"https:\/\/buletin.de\/bucuresti\/aspa-targ-de-adoptii-pentru-animalele-de-companie-pe-arena-nationala\/\">ASPA | T\u00e2rg de adop\u021bii pentru animalele de companie, pe Arena Na\u021bional\u0103<\/a><\/blockquote><iframe class=\"wp-embedded-content\" sandbox=\"allow-scripts\" security=\"restricted\" style=\"position: absolute; clip: rect(1px, 1px, 1px, 1px);\" title=\"&#8222;ASPA | T\u00e2rg de adop\u021bii pentru animalele de companie, pe Arena Na\u021bional\u0103&#8221; &#8212; Buletin de Bucure\u0219ti\" src=\"https:\/\/buletin.de\/bucuresti\/aspa-targ-de-adoptii-pentru-animalele-de-companie-pe-arena-nationala\/embed\/#?secret=26NgakBaeG#?secret=sazW8AllZd\" data-secret=\"sazW8AllZd\" width=\"600\" height=\"338\" frameborder=\"0\" marginwidth=\"0\" marginheight=\"0\" scrolling=\"no\"><\/iframe>\n<\/div><\/figure>\n","protected":false},"excerpt":{"rendered":"<p>ASPA anun\u021b\u0103 un nou t\u00e2rg de adop\u021bii, \u00een acest sf\u00e2r\u0219it de s\u0103pt\u0103m\u00e2n\u0103. Evenimentul are loc s\u00e2mb\u0103t\u0103, 11 mai, \u00eentre orele 10.00-16:00, \u00een Parcul Regele Mihai I al Rom\u00e2niei. 20 de c\u0103\u021bei vor fi da\u021bi spre adop\u021bie de ASPA. To\u021bi sunt deparazita\u021bi intern \u0219i extern, microcipa\u021bi, iar dac\u0103 v\u00e2rsta o permite, steriliza\u021bi. Voluntarii ASPA \u0219i cei [&hellip;]<\/p>\n","protected":false},"author":49,"featured_media":84707,"comment_status":"closed","ping_status":"open","sticky":false,"template":"","format":"standard","meta":{"_acf_changed":false,"inline_featured_image":false,"ngg_post_thumbnail":0,"footnotes":""},"categories":[6994,62],"tags":[7753,3229,2544,9612],"ppma_author":[22574],"class_list":["post-84900","post","type-post","status-publish","format-standard","has-post-thumbnail","hentry","category-stiri-2","category-stiri","tag-adoptii-catei","tag-aspa","tag-parcul-herastrau","tag-targ-de-adoptii"],"acf":[],"yoast_head":"<!-- This site is optimized with the Yoast SEO Premium plugin v25.3 (Yoast SEO v27.5) - https:\/\/yoast.com\/product\/yoast-seo-premium-wordpress\/ -->\n<title>ASPA | T\u00e2rg de adop\u021bii \u00een Parcul Her\u0103str\u0103u, \u00een weekend - Buletin de Bucure\u0219ti<\/title>\n<meta name=\"robots\" content=\"index, follow, max-snippet:-1, max-image-preview:large, max-video-preview:-1\" \/>\n<link rel=\"canonical\" href=\"https:\/\/buletin.de\/bucuresti\/aspa-targ-de-adoptii-in-parcul-herastrau-in-weekend\/\" \/>\n<meta property=\"og:locale\" content=\"en_GB\" \/>\n<meta property=\"og:type\" content=\"article\" \/>\n<meta property=\"og:title\" content=\"ASPA | T\u00e2rg de adop\u021bii \u00een Parcul Her\u0103str\u0103u, \u00een weekend\" \/>\n<meta property=\"og:description\" content=\"ASPA anun\u021b\u0103 un nou t\u00e2rg de adop\u021bii, \u00een acest sf\u00e2r\u0219it de s\u0103pt\u0103m\u00e2n\u0103. Evenimentul are loc s\u00e2mb\u0103t\u0103, 11 mai, \u00eentre orele 10.00-16:00, \u00een Parcul Regele Mihai I al Rom\u00e2niei. 20 de c\u0103\u021bei vor fi da\u021bi spre adop\u021bie de ASPA. To\u021bi sunt deparazita\u021bi intern \u0219i extern, microcipa\u021bi, iar dac\u0103 v\u00e2rsta o permite, steriliza\u021bi. Voluntarii ASPA \u0219i cei [&hellip;]\" \/>\n<meta property=\"og:url\" content=\"https:\/\/buletin.de\/bucuresti\/aspa-targ-de-adoptii-in-parcul-herastrau-in-weekend\/\" \/>\n<meta property=\"og:site_name\" content=\"Buletin de Bucure\u0219ti\" \/>\n<meta property=\"article:publisher\" content=\"https:\/\/www.facebook.com\/buletin.de.buc\" \/>\n<meta property=\"article:published_time\" content=\"2024-05-06T12:13:48+00:00\" \/>\n<meta property=\"og:image\" content=\"https:\/\/buletin.de\/bucuresti\/wp-content\/uploads\/Catei-abandonati-ASPA-1.jpg\" \/>\n\t<meta property=\"og:image:width\" content=\"974\" \/>\n\t<meta property=\"og:image:height\" content=\"974\" \/>\n\t<meta property=\"og:image:type\" content=\"image\/jpeg\" \/>\n<meta name=\"author\" content=\"Diana Matei\" \/>\n<meta name=\"twitter:card\" content=\"summary_large_image\" \/>\n<meta name=\"twitter:label1\" content=\"Written by\" \/>\n\t<meta name=\"twitter:data1\" content=\"Diana Matei\" \/>\n\t<meta name=\"twitter:label2\" content=\"Estimated reading time\" \/>\n\t<meta name=\"twitter:data2\" content=\"1 minute\" \/>\n<script type=\"application\/ld+json\" class=\"yoast-schema-graph\">{\"@context\":\"https:\\\/\\\/schema.org\",\"@graph\":[{\"@type\":\"Article\",\"@id\":\"https:\\\/\\\/buletin.de\\\/bucuresti\\\/aspa-targ-de-adoptii-in-parcul-herastrau-in-weekend\\\/#article\",\"isPartOf\":{\"@id\":\"https:\\\/\\\/buletin.de\\\/bucuresti\\\/aspa-targ-de-adoptii-in-parcul-herastrau-in-weekend\\\/\"},\"author\":{\"name\":\"Diana Matei\",\"@id\":\"https:\\\/\\\/buletin.de\\\/bucuresti\\\/#\\\/schema\\\/person\\\/7e46040573290777280a0835d81ea4ea\"},\"headline\":\"ASPA | T\u00e2rg de adop\u021bii \u00een Parcul Her\u0103str\u0103u, \u00een weekend\",\"datePublished\":\"2024-05-06T12:13:48+00:00\",\"mainEntityOfPage\":{\"@id\":\"https:\\\/\\\/buletin.de\\\/bucuresti\\\/aspa-targ-de-adoptii-in-parcul-herastrau-in-weekend\\\/\"},\"wordCount\":229,\"publisher\":{\"@id\":\"https:\\\/\\\/buletin.de\\\/bucuresti\\\/#organization\"},\"image\":{\"@id\":\"https:\\\/\\\/buletin.de\\\/bucuresti\\\/aspa-targ-de-adoptii-in-parcul-herastrau-in-weekend\\\/#primaryimage\"},\"thumbnailUrl\":\"https:\\\/\\\/buletin.de\\\/bucuresti\\\/wp-content\\\/uploads\\\/Catei-abandonati-ASPA-1.jpg\",\"keywords\":[\"adoptii catei\",\"aspa\",\"parcul herastrau\",\"Targ de adoptii\"],\"articleSection\":[\"Articole\",\"\u0218tiri\"],\"inLanguage\":\"en-GB\",\"copyrightYear\":\"2024\",\"copyrightHolder\":{\"@id\":\"https:\\\/\\\/buletin.de\\\/bucuresti\\\/#organization\"}},{\"@type\":\"WebPage\",\"@id\":\"https:\\\/\\\/buletin.de\\\/bucuresti\\\/aspa-targ-de-adoptii-in-parcul-herastrau-in-weekend\\\/\",\"url\":\"https:\\\/\\\/buletin.de\\\/bucuresti\\\/aspa-targ-de-adoptii-in-parcul-herastrau-in-weekend\\\/\",\"name\":\"ASPA | T\u00e2rg de adop\u021bii \u00een Parcul Her\u0103str\u0103u, \u00een weekend - Buletin de Bucure\u0219ti\",\"isPartOf\":{\"@id\":\"https:\\\/\\\/buletin.de\\\/bucuresti\\\/#website\"},\"primaryImageOfPage\":{\"@id\":\"https:\\\/\\\/buletin.de\\\/bucuresti\\\/aspa-targ-de-adoptii-in-parcul-herastrau-in-weekend\\\/#primaryimage\"},\"image\":{\"@id\":\"https:\\\/\\\/buletin.de\\\/bucuresti\\\/aspa-targ-de-adoptii-in-parcul-herastrau-in-weekend\\\/#primaryimage\"},\"thumbnailUrl\":\"https:\\\/\\\/buletin.de\\\/bucuresti\\\/wp-content\\\/uploads\\\/Catei-abandonati-ASPA-1.jpg\",\"datePublished\":\"2024-05-06T12:13:48+00:00\",\"breadcrumb\":{\"@id\":\"https:\\\/\\\/buletin.de\\\/bucuresti\\\/aspa-targ-de-adoptii-in-parcul-herastrau-in-weekend\\\/#breadcrumb\"},\"inLanguage\":\"en-GB\",\"potentialAction\":[{\"@type\":\"ReadAction\",\"target\":[\"https:\\\/\\\/buletin.de\\\/bucuresti\\\/aspa-targ-de-adoptii-in-parcul-herastrau-in-weekend\\\/\"]}]},{\"@type\":\"ImageObject\",\"inLanguage\":\"en-GB\",\"@id\":\"https:\\\/\\\/buletin.de\\\/bucuresti\\\/aspa-targ-de-adoptii-in-parcul-herastrau-in-weekend\\\/#primaryimage\",\"url\":\"https:\\\/\\\/buletin.de\\\/bucuresti\\\/wp-content\\\/uploads\\\/Catei-abandonati-ASPA-1.jpg\",\"contentUrl\":\"https:\\\/\\\/buletin.de\\\/bucuresti\\\/wp-content\\\/uploads\\\/Catei-abandonati-ASPA-1.jpg\",\"width\":974,\"height\":974,\"caption\":\"200 de c\u0103\u021bei, care apar\u021bin ASPA Mih\u0103ile\u0219ti ar putea fi muta\u021bi \u00een Ad\u0103postul T\u00eenganu. FOTO: Arhiva\"},{\"@type\":\"BreadcrumbList\",\"@id\":\"https:\\\/\\\/buletin.de\\\/bucuresti\\\/aspa-targ-de-adoptii-in-parcul-herastrau-in-weekend\\\/#breadcrumb\",\"itemListElement\":[{\"@type\":\"ListItem\",\"position\":1,\"name\":\"Acas\u0103\",\"item\":\"https:\\\/\\\/buletin.de\\\/bucuresti\\\/\"},{\"@type\":\"ListItem\",\"position\":2,\"name\":\"ASPA | T\u00e2rg de adop\u021bii \u00een Parcul Her\u0103str\u0103u, \u00een weekend\"}]},{\"@type\":\"WebSite\",\"@id\":\"https:\\\/\\\/buletin.de\\\/bucuresti\\\/#website\",\"url\":\"https:\\\/\\\/buletin.de\\\/bucuresti\\\/\",\"name\":\"Buletin de Bucure\u0219ti\",\"description\":\"\u0218tiri \u0219i investiga\u021bii esen\u021biale din capital\u0103\",\"publisher\":{\"@id\":\"https:\\\/\\\/buletin.de\\\/bucuresti\\\/#organization\"},\"potentialAction\":[{\"@type\":\"SearchAction\",\"target\":{\"@type\":\"EntryPoint\",\"urlTemplate\":\"https:\\\/\\\/buletin.de\\\/bucuresti\\\/?s={search_term_string}\"},\"query-input\":{\"@type\":\"PropertyValueSpecification\",\"valueRequired\":true,\"valueName\":\"search_term_string\"}}],\"inLanguage\":\"en-GB\"},{\"@type\":\"Organization\",\"@id\":\"https:\\\/\\\/buletin.de\\\/bucuresti\\\/#organization\",\"name\":\"Buletin de Bucure\u0219ti\",\"url\":\"https:\\\/\\\/buletin.de\\\/bucuresti\\\/\",\"logo\":{\"@type\":\"ImageObject\",\"inLanguage\":\"en-GB\",\"@id\":\"https:\\\/\\\/buletin.de\\\/bucuresti\\\/#\\\/schema\\\/logo\\\/image\\\/\",\"url\":\"https:\\\/\\\/buletin.de\\\/bucuresti\\\/wp-content\\\/uploads\\\/logo-bdb-full-wide-vernil-transparent.png\",\"contentUrl\":\"https:\\\/\\\/buletin.de\\\/bucuresti\\\/wp-content\\\/uploads\\\/logo-bdb-full-wide-vernil-transparent.png\",\"width\":1782,\"height\":626,\"caption\":\"Buletin de Bucure\u0219ti\"},\"image\":{\"@id\":\"https:\\\/\\\/buletin.de\\\/bucuresti\\\/#\\\/schema\\\/logo\\\/image\\\/\"},\"sameAs\":[\"https:\\\/\\\/www.facebook.com\\\/buletin.de.buc\",\"https:\\\/\\\/www.instagram.com\\\/buletinde.bucuresti\\\/\"]},{\"@type\":\"Person\",\"@id\":\"https:\\\/\\\/buletin.de\\\/bucuresti\\\/#\\\/schema\\\/person\\\/7e46040573290777280a0835d81ea4ea\",\"name\":\"Diana Matei\",\"image\":{\"@type\":\"ImageObject\",\"inLanguage\":\"en-GB\",\"@id\":\"https:\\\/\\\/buletin.de\\\/bucuresti\\\/wp-content\\\/uploads\\\/9-2-96x96.jpg1e8590b30871d70e62ebcdaf2eff570c\",\"url\":\"https:\\\/\\\/buletin.de\\\/bucuresti\\\/wp-content\\\/uploads\\\/9-2-96x96.jpg\",\"contentUrl\":\"https:\\\/\\\/buletin.de\\\/bucuresti\\\/wp-content\\\/uploads\\\/9-2-96x96.jpg\",\"caption\":\"Diana Matei\"},\"url\":\"https:\\\/\\\/buletin.de\\\/bucuresti\\\/author\\\/dianamatei\\\/\"}]}<\/script>\n<!-- \/ Yoast SEO Premium plugin. -->","yoast_head_json":{"title":"ASPA | T\u00e2rg de adop\u021bii \u00een Parcul Her\u0103str\u0103u, \u00een weekend - Buletin de Bucure\u0219ti","robots":{"index":"index","follow":"follow","max-snippet":"max-snippet:-1","max-image-preview":"max-image-preview:large","max-video-preview":"max-video-preview:-1"},"canonical":"https:\/\/buletin.de\/bucuresti\/aspa-targ-de-adoptii-in-parcul-herastrau-in-weekend\/","og_locale":"en_GB","og_type":"article","og_title":"ASPA | T\u00e2rg de adop\u021bii \u00een Parcul Her\u0103str\u0103u, \u00een weekend","og_description":"ASPA anun\u021b\u0103 un nou t\u00e2rg de adop\u021bii, \u00een acest sf\u00e2r\u0219it de s\u0103pt\u0103m\u00e2n\u0103. Evenimentul are loc s\u00e2mb\u0103t\u0103, 11 mai, \u00eentre orele 10.00-16:00, \u00een Parcul Regele Mihai I al Rom\u00e2niei. 20 de c\u0103\u021bei vor fi da\u021bi spre adop\u021bie de ASPA. To\u021bi sunt deparazita\u021bi intern \u0219i extern, microcipa\u021bi, iar dac\u0103 v\u00e2rsta o permite, steriliza\u021bi. Voluntarii ASPA \u0219i cei [&hellip;]","og_url":"https:\/\/buletin.de\/bucuresti\/aspa-targ-de-adoptii-in-parcul-herastrau-in-weekend\/","og_site_name":"Buletin de Bucure\u0219ti","article_publisher":"https:\/\/www.facebook.com\/buletin.de.buc","article_published_time":"2024-05-06T12:13:48+00:00","og_image":[{"width":974,"height":974,"url":"https:\/\/buletin.de\/bucuresti\/wp-content\/uploads\/Catei-abandonati-ASPA-1.jpg","type":"image\/jpeg"}],"author":"Diana Matei","twitter_card":"summary_large_image","twitter_misc":{"Written by":"Diana Matei","Estimated reading time":"1 minute"},"schema":{"@context":"https:\/\/schema.org","@graph":[{"@type":"Article","@id":"https:\/\/buletin.de\/bucuresti\/aspa-targ-de-adoptii-in-parcul-herastrau-in-weekend\/#article","isPartOf":{"@id":"https:\/\/buletin.de\/bucuresti\/aspa-targ-de-adoptii-in-parcul-herastrau-in-weekend\/"},"author":{"name":"Diana Matei","@id":"https:\/\/buletin.de\/bucuresti\/#\/schema\/person\/7e46040573290777280a0835d81ea4ea"},"headline":"ASPA | T\u00e2rg de adop\u021bii \u00een Parcul Her\u0103str\u0103u, \u00een weekend","datePublished":"2024-05-06T12:13:48+00:00","mainEntityOfPage":{"@id":"https:\/\/buletin.de\/bucuresti\/aspa-targ-de-adoptii-in-parcul-herastrau-in-weekend\/"},"wordCount":229,"publisher":{"@id":"https:\/\/buletin.de\/bucuresti\/#organization"},"image":{"@id":"https:\/\/buletin.de\/bucuresti\/aspa-targ-de-adoptii-in-parcul-herastrau-in-weekend\/#primaryimage"},"thumbnailUrl":"https:\/\/buletin.de\/bucuresti\/wp-content\/uploads\/Catei-abandonati-ASPA-1.jpg","keywords":["adoptii catei","aspa","parcul herastrau","Targ de adoptii"],"articleSection":["Articole","\u0218tiri"],"inLanguage":"en-GB","copyrightYear":"2024","copyrightHolder":{"@id":"https:\/\/buletin.de\/bucuresti\/#organization"}},{"@type":"WebPage","@id":"https:\/\/buletin.de\/bucuresti\/aspa-targ-de-adoptii-in-parcul-herastrau-in-weekend\/","url":"https:\/\/buletin.de\/bucuresti\/aspa-targ-de-adoptii-in-parcul-herastrau-in-weekend\/","name":"ASPA | T\u00e2rg de adop\u021bii \u00een Parcul Her\u0103str\u0103u, \u00een weekend - Buletin de Bucure\u0219ti","isPartOf":{"@id":"https:\/\/buletin.de\/bucuresti\/#website"},"primaryImageOfPage":{"@id":"https:\/\/buletin.de\/bucuresti\/aspa-targ-de-adoptii-in-parcul-herastrau-in-weekend\/#primaryimage"},"image":{"@id":"https:\/\/buletin.de\/bucuresti\/aspa-targ-de-adoptii-in-parcul-herastrau-in-weekend\/#primaryimage"},"thumbnailUrl":"https:\/\/buletin.de\/bucuresti\/wp-content\/uploads\/Catei-abandonati-ASPA-1.jpg","datePublished":"2024-05-06T12:13:48+00:00","breadcrumb":{"@id":"https:\/\/buletin.de\/bucuresti\/aspa-targ-de-adoptii-in-parcul-herastrau-in-weekend\/#breadcrumb"},"inLanguage":"en-GB","potentialAction":[{"@type":"ReadAction","target":["https:\/\/buletin.de\/bucuresti\/aspa-targ-de-adoptii-in-parcul-herastrau-in-weekend\/"]}]},{"@type":"ImageObject","inLanguage":"en-GB","@id":"https:\/\/buletin.de\/bucuresti\/aspa-targ-de-adoptii-in-parcul-herastrau-in-weekend\/#primaryimage","url":"https:\/\/buletin.de\/bucuresti\/wp-content\/uploads\/Catei-abandonati-ASPA-1.jpg","contentUrl":"https:\/\/buletin.de\/bucuresti\/wp-content\/uploads\/Catei-abandonati-ASPA-1.jpg","width":974,"height":974,"caption":"200 de c\u0103\u021bei, care apar\u021bin ASPA Mih\u0103ile\u0219ti ar putea fi muta\u021bi \u00een Ad\u0103postul T\u00eenganu. FOTO: Arhiva"},{"@type":"BreadcrumbList","@id":"https:\/\/buletin.de\/bucuresti\/aspa-targ-de-adoptii-in-parcul-herastrau-in-weekend\/#breadcrumb","itemListElement":[{"@type":"ListItem","position":1,"name":"Acas\u0103","item":"https:\/\/buletin.de\/bucuresti\/"},{"@type":"ListItem","position":2,"name":"ASPA | T\u00e2rg de adop\u021bii \u00een Parcul Her\u0103str\u0103u, \u00een weekend"}]},{"@type":"WebSite","@id":"https:\/\/buletin.de\/bucuresti\/#website","url":"https:\/\/buletin.de\/bucuresti\/","name":"Buletin de Bucure\u0219ti","description":"\u0218tiri \u0219i investiga\u021bii esen\u021biale din capital\u0103","publisher":{"@id":"https:\/\/buletin.de\/bucuresti\/#organization"},"potentialAction":[{"@type":"SearchAction","target":{"@type":"EntryPoint","urlTemplate":"https:\/\/buletin.de\/bucuresti\/?s={search_term_string}"},"query-input":{"@type":"PropertyValueSpecification","valueRequired":true,"valueName":"search_term_string"}}],"inLanguage":"en-GB"},{"@type":"Organization","@id":"https:\/\/buletin.de\/bucuresti\/#organization","name":"Buletin de Bucure\u0219ti","url":"https:\/\/buletin.de\/bucuresti\/","logo":{"@type":"ImageObject","inLanguage":"en-GB","@id":"https:\/\/buletin.de\/bucuresti\/#\/schema\/logo\/image\/","url":"https:\/\/buletin.de\/bucuresti\/wp-content\/uploads\/logo-bdb-full-wide-vernil-transparent.png","contentUrl":"https:\/\/buletin.de\/bucuresti\/wp-content\/uploads\/logo-bdb-full-wide-vernil-transparent.png","width":1782,"height":626,"caption":"Buletin de Bucure\u0219ti"},"image":{"@id":"https:\/\/buletin.de\/bucuresti\/#\/schema\/logo\/image\/"},"sameAs":["https:\/\/www.facebook.com\/buletin.de.buc","https:\/\/www.instagram.com\/buletinde.bucuresti\/"]},{"@type":"Person","@id":"https:\/\/buletin.de\/bucuresti\/#\/schema\/person\/7e46040573290777280a0835d81ea4ea","name":"Diana Matei","image":{"@type":"ImageObject","inLanguage":"en-GB","@id":"https:\/\/buletin.de\/bucuresti\/wp-content\/uploads\/9-2-96x96.jpg1e8590b30871d70e62ebcdaf2eff570c","url":"https:\/\/buletin.de\/bucuresti\/wp-content\/uploads\/9-2-96x96.jpg","contentUrl":"https:\/\/buletin.de\/bucuresti\/wp-content\/uploads\/9-2-96x96.jpg","caption":"Diana Matei"},"url":"https:\/\/buletin.de\/bucuresti\/author\/dianamatei\/"}]}},"authors":[{"term_id":22574,"user_id":49,"is_guest":0,"slug":"dianamatei","display_name":"Diana Matei","avatar_url":"https:\/\/buletin.de\/bucuresti\/wp-content\/uploads\/9-2-96x96.jpg","0":null,"1":"","2":"","3":"","4":"","5":"","6":"","7":"","8":""}],"_links":{"self":[{"href":"https:\/\/buletin.de\/bucuresti\/wp-json\/wp\/v2\/posts\/84900","targetHints":{"allow":["GET"]}}],"collection":[{"href":"https:\/\/buletin.de\/bucuresti\/wp-json\/wp\/v2\/posts"}],"about":[{"href":"https:\/\/buletin.de\/bucuresti\/wp-json\/wp\/v2\/types\/post"}],"author":[{"embeddable":true,"href":"https:\/\/buletin.de\/bucuresti\/wp-json\/wp\/v2\/users\/49"}],"replies":[{"embeddable":true,"href":"https:\/\/buletin.de\/bucuresti\/wp-json\/wp\/v2\/comments?post=84900"}],"version-history":[{"count":2,"href":"https:\/\/buletin.de\/bucuresti\/wp-json\/wp\/v2\/posts\/84900\/revisions"}],"predecessor-version":[{"id":84903,"href":"https:\/\/buletin.de\/bucuresti\/wp-json\/wp\/v2\/posts\/84900\/revisions\/84903"}],"wp:featuredmedia":[{"embeddable":true,"href":"https:\/\/buletin.de\/bucuresti\/wp-json\/wp\/v2\/media\/84707"}],"wp:attachment":[{"href":"https:\/\/buletin.de\/bucuresti\/wp-json\/wp\/v2\/media?parent=84900"}],"wp:term":[{"taxonomy":"category","embeddable":true,"href":"https:\/\/buletin.de\/bucuresti\/wp-json\/wp\/v2\/categories?post=84900"},{"taxonomy":"post_tag","embeddable":true,"href":"https:\/\/buletin.de\/bucuresti\/wp-json\/wp\/v2\/tags?post=84900"},{"taxonomy":"author","embeddable":true,"href":"https:\/\/buletin.de\/bucuresti\/wp-json\/wp\/v2\/ppma_author?post=84900"}],"curies":[{"name":"wp","href":"https:\/\/api.w.org\/{rel}","templated":true}]}}