{"id":84893,"date":"2024-05-06T13:17:45","date_gmt":"2024-05-06T10:17:45","guid":{"rendered":"https:\/\/buletin.de\/bucuresti\/?p=84893"},"modified":"2024-05-07T06:56:36","modified_gmt":"2024-05-07T03:56:36","slug":"demos-va-fi-pe-buletinele-de-vot-pentru-consiliul-local-al-sectorului-1-facem-o-campanie-din-om-in-om-strada-cu-strada-bloc-cu-bloc","status":"publish","type":"post","link":"https:\/\/buletin.de\/bucuresti\/demos-va-fi-pe-buletinele-de-vot-pentru-consiliul-local-al-sectorului-1-facem-o-campanie-din-om-in-om-strada-cu-strada-bloc-cu-bloc\/","title":{"rendered":"Demos va fi pe buletinele de vot pentru Consiliul Local al Sectorului 1: \u201eFacem o campanie din om \u00een om, strad\u0103 cu strad\u0103, bloc cu bloc\u201d"},"content":{"rendered":"\n<p><strong>Lista candida\u021bilor DEMOS pentru Sectorul 1 a fost admis\u0103 de Tribunalul Bucure\u0219ti dup\u0103 ce, ini\u021bial, Biroul Electoral al Sectorului 1 a decis s\u0103 le resping\u0103 candidatura. O serie \u00eentreag\u0103 de liste au fost eliminate integral f\u0103r\u0103 justificare \u0219i alte probleme ce au \u021binut de birocra\u021bie, sus\u021bin reprezentan\u021bii partidului. Decizia instan\u021bei vine dup\u0103 un apel depus de Demos. <\/strong><\/p>\n\n\n\n<p>\u201e<em>Invalidarea a fost pe urm\u0103toarele considerente: O eroare material\u0103 de redactare a numelui pe o \u00eemputernicire, dar CI era acolo \u0219i se putea corobora informa\u021bia; dou\u0103 din patru declara\u021bii de acceptare a candidaturii nu erau datate, de\u0219i modelul de formular nu avea rubric\u0103 dedicat\u0103; o serie \u00eentreag\u0103 de liste au fost eliminate integral f\u0103r\u0103 justificare, unele liste au fost invalidate pentru c\u0103 nu con\u021bineau la adresa sus\u021bin\u0103torului sectorul, de\u0219i datele, cu adres\u0103 cu tot, din CI corespundeau sectorului. Cam acestea au fost \u00een mare,\u201d <\/em>potrivit secretarului general Demos, Ionu\u021b Tudor.&nbsp;<\/p>\n\n\n\n<p>\u00cen comunicatul de pres\u0103 \u00een care anun\u021b\u0103 candidatura partidului, reprezentan\u021bii Demos anun\u021b\u0103 c\u0103 nu vor cheltuii bani pe panouri publicitare, ci vor avea o campanie \u00een strad\u0103 \u201edin om \u00een om\u201d:<\/p>\n\n\n\n<p><em>\u201eMutarea \u00eentregului spectru politic c\u0103tre neoliberalism \u0219i conservatorism ne oblig\u0103 s\u0103 propunem un proiect asumat al st\u00e2ngii progresiste (&#8230;) Ne ve\u021bi reg\u0103si \u00een campania electoral\u0103 locurile publice din sector &#8211; pe str\u0103zi, \u00een pie\u021be \u0219i parcuri, discut\u00e2nd cu cet\u0103\u021benii propunerile noastre. Nu avem resursele partidelor mari, nu vom cheltui bani pentru afi\u0219aje \u0219i materiale publicitare scumpe. Facem o campanie din om \u00een om, strad\u0103 cu strad\u0103, bloc cu bloc,\u201d <\/em>se arat\u0103 \u00een comunicatul Demos.&nbsp;<\/p>\n\n\n\n<p>Buletin de Bucure\u0219ti a avut o serie de interviuri despre programul politic pentru Bucure\u0219ti al partidului Demos. Ace\u0219tia au \u00eencercat ini\u021bial s\u0103 str\u00e2ng\u0103 semn\u0103turile necesare pentru Consiliul General al Municipiului Bucure\u0219ti. De\u0219i nu au atins pragul necesar pentru CGMB, au intrat pe buletinele de vot la Consiliul Local al Sectorului 1 \u0219i pentru Prim\u0103ria Buz\u0103u.<\/p>\n\n\n\n<ul class=\"wp-block-list\">\n<li><a href=\"https:\/\/buletin.de\/bucuresti\/alternativa-subtire-pentru-stanga-damboviteana-demos-n-a-strans-semnaturi-pentru-capitala-dar-si-a-incercat-norocul-la-s1\/\">Alternativa \u201esub\u0163ire\u201d pentru st\u00e2nga d\u00e2mbovi\u0163ean\u0103. DEMOS n-a str\u00e2ns semn\u0103turi pentru Capital\u0103, dar \u0219i-a \u00eencercat norocul la S1 &#8211; Buletin de Bucure\u0219ti<\/a> <\/li>\n<\/ul>\n\n\n\n<ul class=\"wp-block-list\">\n<li><a href=\"https:\/\/buletin.de\/bucuresti\/interviu-mai-exista-demos-claudiu-craciun-si-ionut-tudor-despre-posibila-candidatura-a-stangii-progresiste-la-cgmb\/\">INTERVIU | \u201eMai exist\u0103 Demos?\u201d \u2013 Claudiu Cr\u0103ciun \u0219i Ionu\u021b Tudor despre posibila candidatur\u0103 a \u201est\u00e2ngii progresiste\u201d la CGMB &#8211; Buletin de Bucure\u0219ti<\/a><\/li>\n<\/ul>\n\n\n\n<p>O alt\u0103 r\u0103sturnare de situa\u021bie la Sectorul 1 este faptul c\u0103 <a href=\"https:\/\/buletin.de\/bucuresti\/rasturnare-de-situatie-pusl-poate-candida-si-la-sectorul-1-dupa-o-decizie-in-instanta\/\">a fost admis\u0103 \u0219i candidatura PUSL<\/a>, tot dup\u0103 o decizie a Tribunalului Bucure\u0219ti, dat\u0103 chiar \u00een prima zi de Pa\u0219te. Ini\u021bial, Biroul Electoral a luat \u00een unanimitate decizia de a invalida listele partidului condus de Cristian Popescu Piedone, asta dup\u0103 ce au fost verificate semn\u0103turile \u015fi a fost g\u0103sit\u0103 \u201e<em>o serie flagrant\u0103 de neregularit\u0103\u021bi, cum ar fi: dublarea pe mai multe liste a acelora\u0219i nume de persoan\u0103, cu acelea\u0219i date de identificare (an na\u0219tere, adres\u0103, serie CI, num\u0103r CI), dar cu semn\u0103turi diferite. Totodat\u0103 s-au identificat nume diferite ale persoanelor care \u0219i-au \u00eensu\u0219it colectarea semn\u0103turilor, dar cu acelea\u0219i date de identificare<\/em>\u201d.<\/p>\n\n\n\n<p>CITE\u0218TE \u0218I<\/p>\n\n\n\n<figure class=\"wp-block-embed is-type-wp-embed is-provider-buletin-de-bucure-ti wp-block-embed-buletin-de-bucure-ti\"><div class=\"wp-block-embed__wrapper\">\n<blockquote class=\"wp-embedded-content\" data-secret=\"1Kn7rw3csC\"><a href=\"https:\/\/buletin.de\/bucuresti\/rasturnare-de-situatie-pusl-poate-candida-si-la-sectorul-1-dupa-o-decizie-in-instanta\/\">R\u0103sturnare de situa\u021bie: PUSL poate candida \u0219i la Sectorul 1, dup\u0103 o decizie \u00een instan\u021b\u0103<\/a><\/blockquote><iframe class=\"wp-embedded-content\" sandbox=\"allow-scripts\" security=\"restricted\" style=\"position: absolute; clip: rect(1px, 1px, 1px, 1px);\" title=\"&#8220;R\u0103sturnare de situa\u021bie: PUSL poate candida \u0219i la Sectorul 1, dup\u0103 o decizie \u00een instan\u021b\u0103&#8221; &#8212; Buletin de Bucure\u0219ti\" src=\"https:\/\/buletin.de\/bucuresti\/rasturnare-de-situatie-pusl-poate-candida-si-la-sectorul-1-dupa-o-decizie-in-instanta\/embed\/#?secret=UHgGpdC563#?secret=1Kn7rw3csC\" data-secret=\"1Kn7rw3csC\" width=\"600\" height=\"338\" frameborder=\"0\" marginwidth=\"0\" marginheight=\"0\" scrolling=\"no\"><\/iframe>\n<\/div><\/figure>\n","protected":false},"excerpt":{"rendered":"<p>Lista candida\u021bilor DEMOS pentru Sectorul 1 a fost admis\u0103 de Tribunalul Bucure\u0219ti dup\u0103 ce, ini\u021bial, Biroul Electoral al Sectorului 1 a decis s\u0103 le resping\u0103 candidatura. O serie \u00eentreag\u0103 de liste au fost eliminate integral f\u0103r\u0103 justificare \u0219i alte probleme ce au \u021binut de birocra\u021bie, sus\u021bin reprezentan\u021bii partidului. Decizia instan\u021bei vine dup\u0103 un apel depus [&hellip;]<\/p>\n","protected":false},"author":47,"featured_media":84821,"comment_status":"closed","ping_status":"open","sticky":false,"template":"","format":"standard","meta":{"_acf_changed":false,"inline_featured_image":false,"ngg_post_thumbnail":0,"footnotes":""},"categories":[6994,5762,9025],"tags":[11737,11738,11740,148,11261,11263,308,405],"ppma_author":[22580],"class_list":["post-84893","post","type-post","status-publish","format-standard","has-post-thumbnail","hentry","category-stiri-2","category-main","category-politic","tag-bec","tag-biroul-electoral","tag-biroul-electoral-central","tag-cgmb","tag-demos","tag-partidul-democratiei-si-solidaritatii","tag-sector-1","tag-tribunalul-bucuresti"],"acf":[],"yoast_head":"<!-- This site is optimized with the Yoast SEO Premium plugin v25.3 (Yoast SEO v27.5) - https:\/\/yoast.com\/product\/yoast-seo-premium-wordpress\/ -->\n<title>Demos va fi pe buletinele de vot pentru Consiliul Local al Sectorului 1: \u201eFacem o campanie din om \u00een om, strad\u0103 cu strad\u0103, bloc cu bloc\u201d - Buletin de Bucure\u0219ti<\/title>\n<meta name=\"robots\" content=\"index, follow, max-snippet:-1, max-image-preview:large, max-video-preview:-1\" \/>\n<link rel=\"canonical\" href=\"https:\/\/buletin.de\/bucuresti\/demos-va-fi-pe-buletinele-de-vot-pentru-consiliul-local-al-sectorului-1-facem-o-campanie-din-om-in-om-strada-cu-strada-bloc-cu-bloc\/\" \/>\n<meta property=\"og:locale\" content=\"en_GB\" \/>\n<meta property=\"og:type\" content=\"article\" \/>\n<meta property=\"og:title\" content=\"Demos va fi pe buletinele de vot pentru Consiliul Local al Sectorului 1: \u201eFacem o campanie din om \u00een om, strad\u0103 cu strad\u0103, bloc cu bloc\u201d\" \/>\n<meta property=\"og:description\" content=\"Lista candida\u021bilor DEMOS pentru Sectorul 1 a fost admis\u0103 de Tribunalul Bucure\u0219ti dup\u0103 ce, ini\u021bial, Biroul Electoral al Sectorului 1 a decis s\u0103 le resping\u0103 candidatura. O serie \u00eentreag\u0103 de liste au fost eliminate integral f\u0103r\u0103 justificare \u0219i alte probleme ce au \u021binut de birocra\u021bie, sus\u021bin reprezentan\u021bii partidului. Decizia instan\u021bei vine dup\u0103 un apel depus [&hellip;]\" \/>\n<meta property=\"og:url\" content=\"https:\/\/buletin.de\/bucuresti\/demos-va-fi-pe-buletinele-de-vot-pentru-consiliul-local-al-sectorului-1-facem-o-campanie-din-om-in-om-strada-cu-strada-bloc-cu-bloc\/\" \/>\n<meta property=\"og:site_name\" content=\"Buletin de Bucure\u0219ti\" \/>\n<meta property=\"article:publisher\" content=\"https:\/\/www.facebook.com\/buletin.de.buc\" \/>\n<meta property=\"article:published_time\" content=\"2024-05-06T10:17:45+00:00\" \/>\n<meta property=\"article:modified_time\" content=\"2024-05-07T03:56:36+00:00\" \/>\n<meta property=\"og:image\" content=\"https:\/\/buletin.de\/bucuresti\/wp-content\/uploads\/20240323_181414-8.jpg\" \/>\n\t<meta property=\"og:image:width\" content=\"1440\" \/>\n\t<meta property=\"og:image:height\" content=\"1080\" \/>\n\t<meta property=\"og:image:type\" content=\"image\/jpeg\" \/>\n<meta name=\"author\" content=\"Adina C\u0103p\u00eelnean\" \/>\n<meta name=\"twitter:card\" content=\"summary_large_image\" \/>\n<meta name=\"twitter:label1\" content=\"Written by\" \/>\n\t<meta name=\"twitter:data1\" content=\"Adina C\u0103p\u00eelnean\" \/>\n\t<meta name=\"twitter:label2\" content=\"Estimated reading time\" \/>\n\t<meta name=\"twitter:data2\" content=\"3 minutes\" \/>\n<script type=\"application\/ld+json\" class=\"yoast-schema-graph\">{\"@context\":\"https:\\\/\\\/schema.org\",\"@graph\":[{\"@type\":\"Article\",\"@id\":\"https:\\\/\\\/buletin.de\\\/bucuresti\\\/demos-va-fi-pe-buletinele-de-vot-pentru-consiliul-local-al-sectorului-1-facem-o-campanie-din-om-in-om-strada-cu-strada-bloc-cu-bloc\\\/#article\",\"isPartOf\":{\"@id\":\"https:\\\/\\\/buletin.de\\\/bucuresti\\\/demos-va-fi-pe-buletinele-de-vot-pentru-consiliul-local-al-sectorului-1-facem-o-campanie-din-om-in-om-strada-cu-strada-bloc-cu-bloc\\\/\"},\"author\":{\"name\":\"Adina C\u0103p\u00eelnean\",\"@id\":\"https:\\\/\\\/buletin.de\\\/bucuresti\\\/#\\\/schema\\\/person\\\/ab174cf6711728e4ee83d672acf9a912\"},\"headline\":\"Demos va fi pe buletinele de vot pentru Consiliul Local al Sectorului 1: \u201eFacem o campanie din om \u00een om, strad\u0103 cu strad\u0103, bloc cu bloc\u201d\",\"datePublished\":\"2024-05-06T10:17:45+00:00\",\"dateModified\":\"2024-05-07T03:56:36+00:00\",\"mainEntityOfPage\":{\"@id\":\"https:\\\/\\\/buletin.de\\\/bucuresti\\\/demos-va-fi-pe-buletinele-de-vot-pentru-consiliul-local-al-sectorului-1-facem-o-campanie-din-om-in-om-strada-cu-strada-bloc-cu-bloc\\\/\"},\"wordCount\":555,\"publisher\":{\"@id\":\"https:\\\/\\\/buletin.de\\\/bucuresti\\\/#organization\"},\"image\":{\"@id\":\"https:\\\/\\\/buletin.de\\\/bucuresti\\\/demos-va-fi-pe-buletinele-de-vot-pentru-consiliul-local-al-sectorului-1-facem-o-campanie-din-om-in-om-strada-cu-strada-bloc-cu-bloc\\\/#primaryimage\"},\"thumbnailUrl\":\"https:\\\/\\\/buletin.de\\\/bucuresti\\\/wp-content\\\/uploads\\\/20240323_181414-8.jpg\",\"keywords\":[\"BEC\",\"Biroul Electoral\",\"biroul electoral central\",\"cgmb\",\"demos\",\"partidul democratiei si solidaritatii\",\"Sector 1\",\"tribunalul Bucuresti\"],\"articleSection\":[\"Articole\",\"Main\",\"Politic\"],\"inLanguage\":\"en-GB\",\"copyrightYear\":\"2024\",\"copyrightHolder\":{\"@id\":\"https:\\\/\\\/buletin.de\\\/bucuresti\\\/#organization\"}},{\"@type\":\"WebPage\",\"@id\":\"https:\\\/\\\/buletin.de\\\/bucuresti\\\/demos-va-fi-pe-buletinele-de-vot-pentru-consiliul-local-al-sectorului-1-facem-o-campanie-din-om-in-om-strada-cu-strada-bloc-cu-bloc\\\/\",\"url\":\"https:\\\/\\\/buletin.de\\\/bucuresti\\\/demos-va-fi-pe-buletinele-de-vot-pentru-consiliul-local-al-sectorului-1-facem-o-campanie-din-om-in-om-strada-cu-strada-bloc-cu-bloc\\\/\",\"name\":\"Demos va fi pe buletinele de vot pentru Consiliul Local al Sectorului 1: \u201eFacem o campanie din om \u00een om, strad\u0103 cu strad\u0103, bloc cu bloc\u201d - Buletin de Bucure\u0219ti\",\"isPartOf\":{\"@id\":\"https:\\\/\\\/buletin.de\\\/bucuresti\\\/#website\"},\"primaryImageOfPage\":{\"@id\":\"https:\\\/\\\/buletin.de\\\/bucuresti\\\/demos-va-fi-pe-buletinele-de-vot-pentru-consiliul-local-al-sectorului-1-facem-o-campanie-din-om-in-om-strada-cu-strada-bloc-cu-bloc\\\/#primaryimage\"},\"image\":{\"@id\":\"https:\\\/\\\/buletin.de\\\/bucuresti\\\/demos-va-fi-pe-buletinele-de-vot-pentru-consiliul-local-al-sectorului-1-facem-o-campanie-din-om-in-om-strada-cu-strada-bloc-cu-bloc\\\/#primaryimage\"},\"thumbnailUrl\":\"https:\\\/\\\/buletin.de\\\/bucuresti\\\/wp-content\\\/uploads\\\/20240323_181414-8.jpg\",\"datePublished\":\"2024-05-06T10:17:45+00:00\",\"dateModified\":\"2024-05-07T03:56:36+00:00\",\"breadcrumb\":{\"@id\":\"https:\\\/\\\/buletin.de\\\/bucuresti\\\/demos-va-fi-pe-buletinele-de-vot-pentru-consiliul-local-al-sectorului-1-facem-o-campanie-din-om-in-om-strada-cu-strada-bloc-cu-bloc\\\/#breadcrumb\"},\"inLanguage\":\"en-GB\",\"potentialAction\":[{\"@type\":\"ReadAction\",\"target\":[\"https:\\\/\\\/buletin.de\\\/bucuresti\\\/demos-va-fi-pe-buletinele-de-vot-pentru-consiliul-local-al-sectorului-1-facem-o-campanie-din-om-in-om-strada-cu-strada-bloc-cu-bloc\\\/\"]}]},{\"@type\":\"ImageObject\",\"inLanguage\":\"en-GB\",\"@id\":\"https:\\\/\\\/buletin.de\\\/bucuresti\\\/demos-va-fi-pe-buletinele-de-vot-pentru-consiliul-local-al-sectorului-1-facem-o-campanie-din-om-in-om-strada-cu-strada-bloc-cu-bloc\\\/#primaryimage\",\"url\":\"https:\\\/\\\/buletin.de\\\/bucuresti\\\/wp-content\\\/uploads\\\/20240323_181414-8.jpg\",\"contentUrl\":\"https:\\\/\\\/buletin.de\\\/bucuresti\\\/wp-content\\\/uploads\\\/20240323_181414-8.jpg\",\"width\":1440,\"height\":1080},{\"@type\":\"BreadcrumbList\",\"@id\":\"https:\\\/\\\/buletin.de\\\/bucuresti\\\/demos-va-fi-pe-buletinele-de-vot-pentru-consiliul-local-al-sectorului-1-facem-o-campanie-din-om-in-om-strada-cu-strada-bloc-cu-bloc\\\/#breadcrumb\",\"itemListElement\":[{\"@type\":\"ListItem\",\"position\":1,\"name\":\"Acas\u0103\",\"item\":\"https:\\\/\\\/buletin.de\\\/bucuresti\\\/\"},{\"@type\":\"ListItem\",\"position\":2,\"name\":\"Demos va fi pe buletinele de vot pentru Consiliul Local al Sectorului 1: \u201eFacem o campanie din om \u00een om, strad\u0103 cu strad\u0103, bloc cu bloc\u201d\"}]},{\"@type\":\"WebSite\",\"@id\":\"https:\\\/\\\/buletin.de\\\/bucuresti\\\/#website\",\"url\":\"https:\\\/\\\/buletin.de\\\/bucuresti\\\/\",\"name\":\"Buletin de Bucure\u0219ti\",\"description\":\"\u0218tiri \u0219i investiga\u021bii esen\u021biale din capital\u0103\",\"publisher\":{\"@id\":\"https:\\\/\\\/buletin.de\\\/bucuresti\\\/#organization\"},\"potentialAction\":[{\"@type\":\"SearchAction\",\"target\":{\"@type\":\"EntryPoint\",\"urlTemplate\":\"https:\\\/\\\/buletin.de\\\/bucuresti\\\/?s={search_term_string}\"},\"query-input\":{\"@type\":\"PropertyValueSpecification\",\"valueRequired\":true,\"valueName\":\"search_term_string\"}}],\"inLanguage\":\"en-GB\"},{\"@type\":\"Organization\",\"@id\":\"https:\\\/\\\/buletin.de\\\/bucuresti\\\/#organization\",\"name\":\"Buletin de Bucure\u0219ti\",\"url\":\"https:\\\/\\\/buletin.de\\\/bucuresti\\\/\",\"logo\":{\"@type\":\"ImageObject\",\"inLanguage\":\"en-GB\",\"@id\":\"https:\\\/\\\/buletin.de\\\/bucuresti\\\/#\\\/schema\\\/logo\\\/image\\\/\",\"url\":\"https:\\\/\\\/buletin.de\\\/bucuresti\\\/wp-content\\\/uploads\\\/logo-bdb-full-wide-vernil-transparent.png\",\"contentUrl\":\"https:\\\/\\\/buletin.de\\\/bucuresti\\\/wp-content\\\/uploads\\\/logo-bdb-full-wide-vernil-transparent.png\",\"width\":1782,\"height\":626,\"caption\":\"Buletin de Bucure\u0219ti\"},\"image\":{\"@id\":\"https:\\\/\\\/buletin.de\\\/bucuresti\\\/#\\\/schema\\\/logo\\\/image\\\/\"},\"sameAs\":[\"https:\\\/\\\/www.facebook.com\\\/buletin.de.buc\",\"https:\\\/\\\/www.instagram.com\\\/buletinde.bucuresti\\\/\"]},{\"@type\":\"Person\",\"@id\":\"https:\\\/\\\/buletin.de\\\/bucuresti\\\/#\\\/schema\\\/person\\\/ab174cf6711728e4ee83d672acf9a912\",\"name\":\"Adina C\u0103p\u00eelnean\",\"image\":{\"@type\":\"ImageObject\",\"inLanguage\":\"en-GB\",\"@id\":\"https:\\\/\\\/secure.gravatar.com\\\/avatar\\\/4fe9675d6282fd7c1aa4e486a037d532d5728fc16a30360f293eb6126b2e73ad?s=96&d=monsterid&r=ge2b23868508aec3460d3c6a11d3b599a\",\"url\":\"https:\\\/\\\/secure.gravatar.com\\\/avatar\\\/4fe9675d6282fd7c1aa4e486a037d532d5728fc16a30360f293eb6126b2e73ad?s=96&d=monsterid&r=g\",\"contentUrl\":\"https:\\\/\\\/secure.gravatar.com\\\/avatar\\\/4fe9675d6282fd7c1aa4e486a037d532d5728fc16a30360f293eb6126b2e73ad?s=96&d=monsterid&r=g\",\"caption\":\"Adina C\u0103p\u00eelnean\"},\"url\":\"https:\\\/\\\/buletin.de\\\/bucuresti\\\/author\\\/adinacapilnean\\\/\"}]}<\/script>\n<!-- \/ Yoast SEO Premium plugin. -->","yoast_head_json":{"title":"Demos va fi pe buletinele de vot pentru Consiliul Local al Sectorului 1: \u201eFacem o campanie din om \u00een om, strad\u0103 cu strad\u0103, bloc cu bloc\u201d - Buletin de Bucure\u0219ti","robots":{"index":"index","follow":"follow","max-snippet":"max-snippet:-1","max-image-preview":"max-image-preview:large","max-video-preview":"max-video-preview:-1"},"canonical":"https:\/\/buletin.de\/bucuresti\/demos-va-fi-pe-buletinele-de-vot-pentru-consiliul-local-al-sectorului-1-facem-o-campanie-din-om-in-om-strada-cu-strada-bloc-cu-bloc\/","og_locale":"en_GB","og_type":"article","og_title":"Demos va fi pe buletinele de vot pentru Consiliul Local al Sectorului 1: \u201eFacem o campanie din om \u00een om, strad\u0103 cu strad\u0103, bloc cu bloc\u201d","og_description":"Lista candida\u021bilor DEMOS pentru Sectorul 1 a fost admis\u0103 de Tribunalul Bucure\u0219ti dup\u0103 ce, ini\u021bial, Biroul Electoral al Sectorului 1 a decis s\u0103 le resping\u0103 candidatura. O serie \u00eentreag\u0103 de liste au fost eliminate integral f\u0103r\u0103 justificare \u0219i alte probleme ce au \u021binut de birocra\u021bie, sus\u021bin reprezentan\u021bii partidului. Decizia instan\u021bei vine dup\u0103 un apel depus [&hellip;]","og_url":"https:\/\/buletin.de\/bucuresti\/demos-va-fi-pe-buletinele-de-vot-pentru-consiliul-local-al-sectorului-1-facem-o-campanie-din-om-in-om-strada-cu-strada-bloc-cu-bloc\/","og_site_name":"Buletin de Bucure\u0219ti","article_publisher":"https:\/\/www.facebook.com\/buletin.de.buc","article_published_time":"2024-05-06T10:17:45+00:00","article_modified_time":"2024-05-07T03:56:36+00:00","og_image":[{"width":1440,"height":1080,"url":"https:\/\/buletin.de\/bucuresti\/wp-content\/uploads\/20240323_181414-8.jpg","type":"image\/jpeg"}],"author":"Adina C\u0103p\u00eelnean","twitter_card":"summary_large_image","twitter_misc":{"Written by":"Adina C\u0103p\u00eelnean","Estimated reading time":"3 minutes"},"schema":{"@context":"https:\/\/schema.org","@graph":[{"@type":"Article","@id":"https:\/\/buletin.de\/bucuresti\/demos-va-fi-pe-buletinele-de-vot-pentru-consiliul-local-al-sectorului-1-facem-o-campanie-din-om-in-om-strada-cu-strada-bloc-cu-bloc\/#article","isPartOf":{"@id":"https:\/\/buletin.de\/bucuresti\/demos-va-fi-pe-buletinele-de-vot-pentru-consiliul-local-al-sectorului-1-facem-o-campanie-din-om-in-om-strada-cu-strada-bloc-cu-bloc\/"},"author":{"name":"Adina C\u0103p\u00eelnean","@id":"https:\/\/buletin.de\/bucuresti\/#\/schema\/person\/ab174cf6711728e4ee83d672acf9a912"},"headline":"Demos va fi pe buletinele de vot pentru Consiliul Local al Sectorului 1: \u201eFacem o campanie din om \u00een om, strad\u0103 cu strad\u0103, bloc cu bloc\u201d","datePublished":"2024-05-06T10:17:45+00:00","dateModified":"2024-05-07T03:56:36+00:00","mainEntityOfPage":{"@id":"https:\/\/buletin.de\/bucuresti\/demos-va-fi-pe-buletinele-de-vot-pentru-consiliul-local-al-sectorului-1-facem-o-campanie-din-om-in-om-strada-cu-strada-bloc-cu-bloc\/"},"wordCount":555,"publisher":{"@id":"https:\/\/buletin.de\/bucuresti\/#organization"},"image":{"@id":"https:\/\/buletin.de\/bucuresti\/demos-va-fi-pe-buletinele-de-vot-pentru-consiliul-local-al-sectorului-1-facem-o-campanie-din-om-in-om-strada-cu-strada-bloc-cu-bloc\/#primaryimage"},"thumbnailUrl":"https:\/\/buletin.de\/bucuresti\/wp-content\/uploads\/20240323_181414-8.jpg","keywords":["BEC","Biroul Electoral","biroul electoral central","cgmb","demos","partidul democratiei si solidaritatii","Sector 1","tribunalul Bucuresti"],"articleSection":["Articole","Main","Politic"],"inLanguage":"en-GB","copyrightYear":"2024","copyrightHolder":{"@id":"https:\/\/buletin.de\/bucuresti\/#organization"}},{"@type":"WebPage","@id":"https:\/\/buletin.de\/bucuresti\/demos-va-fi-pe-buletinele-de-vot-pentru-consiliul-local-al-sectorului-1-facem-o-campanie-din-om-in-om-strada-cu-strada-bloc-cu-bloc\/","url":"https:\/\/buletin.de\/bucuresti\/demos-va-fi-pe-buletinele-de-vot-pentru-consiliul-local-al-sectorului-1-facem-o-campanie-din-om-in-om-strada-cu-strada-bloc-cu-bloc\/","name":"Demos va fi pe buletinele de vot pentru Consiliul Local al Sectorului 1: \u201eFacem o campanie din om \u00een om, strad\u0103 cu strad\u0103, bloc cu bloc\u201d - Buletin de Bucure\u0219ti","isPartOf":{"@id":"https:\/\/buletin.de\/bucuresti\/#website"},"primaryImageOfPage":{"@id":"https:\/\/buletin.de\/bucuresti\/demos-va-fi-pe-buletinele-de-vot-pentru-consiliul-local-al-sectorului-1-facem-o-campanie-din-om-in-om-strada-cu-strada-bloc-cu-bloc\/#primaryimage"},"image":{"@id":"https:\/\/buletin.de\/bucuresti\/demos-va-fi-pe-buletinele-de-vot-pentru-consiliul-local-al-sectorului-1-facem-o-campanie-din-om-in-om-strada-cu-strada-bloc-cu-bloc\/#primaryimage"},"thumbnailUrl":"https:\/\/buletin.de\/bucuresti\/wp-content\/uploads\/20240323_181414-8.jpg","datePublished":"2024-05-06T10:17:45+00:00","dateModified":"2024-05-07T03:56:36+00:00","breadcrumb":{"@id":"https:\/\/buletin.de\/bucuresti\/demos-va-fi-pe-buletinele-de-vot-pentru-consiliul-local-al-sectorului-1-facem-o-campanie-din-om-in-om-strada-cu-strada-bloc-cu-bloc\/#breadcrumb"},"inLanguage":"en-GB","potentialAction":[{"@type":"ReadAction","target":["https:\/\/buletin.de\/bucuresti\/demos-va-fi-pe-buletinele-de-vot-pentru-consiliul-local-al-sectorului-1-facem-o-campanie-din-om-in-om-strada-cu-strada-bloc-cu-bloc\/"]}]},{"@type":"ImageObject","inLanguage":"en-GB","@id":"https:\/\/buletin.de\/bucuresti\/demos-va-fi-pe-buletinele-de-vot-pentru-consiliul-local-al-sectorului-1-facem-o-campanie-din-om-in-om-strada-cu-strada-bloc-cu-bloc\/#primaryimage","url":"https:\/\/buletin.de\/bucuresti\/wp-content\/uploads\/20240323_181414-8.jpg","contentUrl":"https:\/\/buletin.de\/bucuresti\/wp-content\/uploads\/20240323_181414-8.jpg","width":1440,"height":1080},{"@type":"BreadcrumbList","@id":"https:\/\/buletin.de\/bucuresti\/demos-va-fi-pe-buletinele-de-vot-pentru-consiliul-local-al-sectorului-1-facem-o-campanie-din-om-in-om-strada-cu-strada-bloc-cu-bloc\/#breadcrumb","itemListElement":[{"@type":"ListItem","position":1,"name":"Acas\u0103","item":"https:\/\/buletin.de\/bucuresti\/"},{"@type":"ListItem","position":2,"name":"Demos va fi pe buletinele de vot pentru Consiliul Local al Sectorului 1: \u201eFacem o campanie din om \u00een om, strad\u0103 cu strad\u0103, bloc cu bloc\u201d"}]},{"@type":"WebSite","@id":"https:\/\/buletin.de\/bucuresti\/#website","url":"https:\/\/buletin.de\/bucuresti\/","name":"Buletin de Bucure\u0219ti","description":"\u0218tiri \u0219i investiga\u021bii esen\u021biale din capital\u0103","publisher":{"@id":"https:\/\/buletin.de\/bucuresti\/#organization"},"potentialAction":[{"@type":"SearchAction","target":{"@type":"EntryPoint","urlTemplate":"https:\/\/buletin.de\/bucuresti\/?s={search_term_string}"},"query-input":{"@type":"PropertyValueSpecification","valueRequired":true,"valueName":"search_term_string"}}],"inLanguage":"en-GB"},{"@type":"Organization","@id":"https:\/\/buletin.de\/bucuresti\/#organization","name":"Buletin de Bucure\u0219ti","url":"https:\/\/buletin.de\/bucuresti\/","logo":{"@type":"ImageObject","inLanguage":"en-GB","@id":"https:\/\/buletin.de\/bucuresti\/#\/schema\/logo\/image\/","url":"https:\/\/buletin.de\/bucuresti\/wp-content\/uploads\/logo-bdb-full-wide-vernil-transparent.png","contentUrl":"https:\/\/buletin.de\/bucuresti\/wp-content\/uploads\/logo-bdb-full-wide-vernil-transparent.png","width":1782,"height":626,"caption":"Buletin de Bucure\u0219ti"},"image":{"@id":"https:\/\/buletin.de\/bucuresti\/#\/schema\/logo\/image\/"},"sameAs":["https:\/\/www.facebook.com\/buletin.de.buc","https:\/\/www.instagram.com\/buletinde.bucuresti\/"]},{"@type":"Person","@id":"https:\/\/buletin.de\/bucuresti\/#\/schema\/person\/ab174cf6711728e4ee83d672acf9a912","name":"Adina C\u0103p\u00eelnean","image":{"@type":"ImageObject","inLanguage":"en-GB","@id":"https:\/\/secure.gravatar.com\/avatar\/4fe9675d6282fd7c1aa4e486a037d532d5728fc16a30360f293eb6126b2e73ad?s=96&d=monsterid&r=ge2b23868508aec3460d3c6a11d3b599a","url":"https:\/\/secure.gravatar.com\/avatar\/4fe9675d6282fd7c1aa4e486a037d532d5728fc16a30360f293eb6126b2e73ad?s=96&d=monsterid&r=g","contentUrl":"https:\/\/secure.gravatar.com\/avatar\/4fe9675d6282fd7c1aa4e486a037d532d5728fc16a30360f293eb6126b2e73ad?s=96&d=monsterid&r=g","caption":"Adina C\u0103p\u00eelnean"},"url":"https:\/\/buletin.de\/bucuresti\/author\/adinacapilnean\/"}]}},"authors":[{"term_id":22580,"user_id":47,"is_guest":0,"slug":"adinacapilnean","display_name":"Adina C\u0103p\u00eelnean","avatar_url":"https:\/\/secure.gravatar.com\/avatar\/4fe9675d6282fd7c1aa4e486a037d532d5728fc16a30360f293eb6126b2e73ad?s=96&d=monsterid&r=g","0":null,"1":"","2":"","3":"","4":"","5":"","6":"","7":"","8":""}],"_links":{"self":[{"href":"https:\/\/buletin.de\/bucuresti\/wp-json\/wp\/v2\/posts\/84893","targetHints":{"allow":["GET"]}}],"collection":[{"href":"https:\/\/buletin.de\/bucuresti\/wp-json\/wp\/v2\/posts"}],"about":[{"href":"https:\/\/buletin.de\/bucuresti\/wp-json\/wp\/v2\/types\/post"}],"author":[{"embeddable":true,"href":"https:\/\/buletin.de\/bucuresti\/wp-json\/wp\/v2\/users\/47"}],"replies":[{"embeddable":true,"href":"https:\/\/buletin.de\/bucuresti\/wp-json\/wp\/v2\/comments?post=84893"}],"version-history":[{"count":5,"href":"https:\/\/buletin.de\/bucuresti\/wp-json\/wp\/v2\/posts\/84893\/revisions"}],"predecessor-version":[{"id":84921,"href":"https:\/\/buletin.de\/bucuresti\/wp-json\/wp\/v2\/posts\/84893\/revisions\/84921"}],"wp:featuredmedia":[{"embeddable":true,"href":"https:\/\/buletin.de\/bucuresti\/wp-json\/wp\/v2\/media\/84821"}],"wp:attachment":[{"href":"https:\/\/buletin.de\/bucuresti\/wp-json\/wp\/v2\/media?parent=84893"}],"wp:term":[{"taxonomy":"category","embeddable":true,"href":"https:\/\/buletin.de\/bucuresti\/wp-json\/wp\/v2\/categories?post=84893"},{"taxonomy":"post_tag","embeddable":true,"href":"https:\/\/buletin.de\/bucuresti\/wp-json\/wp\/v2\/tags?post=84893"},{"taxonomy":"author","embeddable":true,"href":"https:\/\/buletin.de\/bucuresti\/wp-json\/wp\/v2\/ppma_author?post=84893"}],"curies":[{"name":"wp","href":"https:\/\/api.w.org\/{rel}","templated":true}]}}