{"id":84861,"date":"2024-05-05T11:20:51","date_gmt":"2024-05-05T08:20:51","guid":{"rendered":"https:\/\/buletin.de\/bucuresti\/?p=84861"},"modified":"2024-05-24T15:09:36","modified_gmt":"2024-05-24T12:09:36","slug":"incendiu-intr-un-bloc-din-sectorul-4-din-cauza-unei-lumanari-nesupravegheate","status":"publish","type":"post","link":"https:\/\/buletin.de\/bucuresti\/incendiu-intr-un-bloc-din-sectorul-4-din-cauza-unei-lumanari-nesupravegheate\/","title":{"rendered":"Incendiu \u00eentr-un bloc din sectorul 4 din cauza unei lum\u00e2n\u0103ri nesupravegheate"},"content":{"rendered":"\n<p><strong>Un incendiu a izbucnit \u00een aceast\u0103 diminea\u021b\u0103 la etajul 12 al unui bloc de 14 etaje de pe Bulevardul Alexandru Obregia, din Sectorul 4. O persoan\u0103 a fost g\u0103sit\u0103 carbonizat\u0103 pe balconul apartamentului.&nbsp;Pompierii care au intervenit la fa\u021ba locului au sesizat c\u0103 incendiul din blocul de locuin\u021be se manifesta la etajul 12, iar scara era plin\u0103 de fum.&nbsp;<\/strong><\/p>\n\n\n\n<p>Pe balconul locuin\u021bei afectate de fl\u0103c\u0103ri, a fost g\u0103sit\u0103 o persoan\u0103 carbonizat\u0103. Au fost evacuate alte trei persoane din cl\u0103dire, dar nu au avut nevoie s\u0103 fie transportate la spital.&nbsp;\u00cen urma investiga\u021biilor, pompierii au identificat drept posibil\u0103 cauz\u0103 a incendiului o lum\u00e2nare aprins\u0103 care a fost l\u0103sat\u0103 nesupravegheat\u0103.<\/p>\n\n\n\n<blockquote class=\"wp-block-quote is-layout-flow wp-block-quote-is-layout-flow\">\n<p>\u201eRecomand\u0103m cet\u0103\u021benilor s\u0103 respecte c\u00e2teva reguli esen\u021biale pentru a nu deveni victime ale incendiilor. Este important ca lum\u00e2n\u0103rile sau candelele aprinse s\u0103 fie a\u0219ezate \u00eentr-un suport incombustibil (exemplu: \u00eentr-o farfurie cu pu\u021bin\u0103 ap\u0103) \u0219i s\u0103 nu fie amplasate \u00een apropierea hainelor sau a altor textile. \u00cen nicio situa\u021bie, nu l\u0103sa\u021bi lum\u00e2n\u0103rile sau candelele aprinse nesupravegheate \u0219i nu adormi\u0163i cu lum\u00e2n\u0103rile aprinse\u201d<\/p>\n<cite> se arat\u0103 \u00eentr-un comunicat al Inspectoratului General pentru Situa\u021bii de Urgen\u021b\u0103.&nbsp;<\/cite><\/blockquote>\n\n\n\n<p>\u00cen toat\u0103 \u021bara, \u00een ultimele 24 de ore, pompierii au fost solicita\u021bi pentru 1.470 de interven\u021bii, dintre care 78 de incendii, 1.176 de cazuri SMURD pentru acordarea de ajutor medical \u0219i de descarcerare \u0219i 216 de situa\u021bii pentru protec\u021bia comunit\u0103\u021bilor.&nbsp;<\/p>\n\n\n\n<p><\/p>\n","protected":false},"excerpt":{"rendered":"<p>Un incendiu a izbucnit \u00een aceast\u0103 diminea\u021b\u0103 la etajul 12 al unui bloc de 14 etaje de pe Bulevardul Alexandru Obregia, din Sectorul 4. O persoan\u0103 a fost g\u0103sit\u0103 carbonizat\u0103 pe balconul apartamentului.&nbsp;Pompierii care au intervenit la fa\u021ba locului au sesizat c\u0103 incendiul din blocul de locuin\u021be se manifesta la etajul 12, iar scara era [&hellip;]<\/p>\n","protected":false},"author":58,"featured_media":28384,"comment_status":"closed","ping_status":"open","sticky":false,"template":"","format":"standard","meta":{"_acf_changed":false,"inline_featured_image":false,"ngg_post_thumbnail":0,"footnotes":""},"categories":[6994,62],"tags":[9215,2063,3347,341,11730,765],"ppma_author":[22581],"class_list":["post-84861","post","type-post","status-publish","format-standard","has-post-thumbnail","hentry","category-stiri-2","category-stiri","tag-balcon","tag-bucuresti-2","tag-igsu","tag-incendiu","tag-lumanare","tag-sector-4"],"acf":[],"yoast_head":"<!-- This site is optimized with the Yoast SEO Premium plugin v25.3 (Yoast SEO v27.5) - https:\/\/yoast.com\/product\/yoast-seo-premium-wordpress\/ -->\n<title>Incendiu \u00eentr-un bloc din sectorul 4 din cauza unei lum\u00e2n\u0103ri nesupravegheate - Buletin de Bucure\u0219ti<\/title>\n<meta name=\"robots\" content=\"index, follow, max-snippet:-1, max-image-preview:large, max-video-preview:-1\" \/>\n<link rel=\"canonical\" href=\"https:\/\/buletin.de\/bucuresti\/incendiu-intr-un-bloc-din-sectorul-4-din-cauza-unei-lumanari-nesupravegheate\/\" \/>\n<meta property=\"og:locale\" content=\"en_GB\" \/>\n<meta property=\"og:type\" content=\"article\" \/>\n<meta property=\"og:title\" content=\"Incendiu \u00eentr-un bloc din sectorul 4 din cauza unei lum\u00e2n\u0103ri nesupravegheate\" \/>\n<meta property=\"og:description\" content=\"Un incendiu a izbucnit \u00een aceast\u0103 diminea\u021b\u0103 la etajul 12 al unui bloc de 14 etaje de pe Bulevardul Alexandru Obregia, din Sectorul 4. O persoan\u0103 a fost g\u0103sit\u0103 carbonizat\u0103 pe balconul apartamentului.&nbsp;Pompierii care au intervenit la fa\u021ba locului au sesizat c\u0103 incendiul din blocul de locuin\u021be se manifesta la etajul 12, iar scara era [&hellip;]\" \/>\n<meta property=\"og:url\" content=\"https:\/\/buletin.de\/bucuresti\/incendiu-intr-un-bloc-din-sectorul-4-din-cauza-unei-lumanari-nesupravegheate\/\" \/>\n<meta property=\"og:site_name\" content=\"Buletin de Bucure\u0219ti\" \/>\n<meta property=\"article:publisher\" content=\"https:\/\/www.facebook.com\/buletin.de.buc\" \/>\n<meta property=\"article:published_time\" content=\"2024-05-05T08:20:51+00:00\" \/>\n<meta property=\"article:modified_time\" content=\"2024-05-24T12:09:36+00:00\" \/>\n<meta property=\"og:image\" content=\"https:\/\/buletin.de\/bucuresti\/wp-content\/uploads\/pompieri.jpg\" \/>\n\t<meta property=\"og:image:width\" content=\"2048\" \/>\n\t<meta property=\"og:image:height\" content=\"1365\" \/>\n\t<meta property=\"og:image:type\" content=\"image\/jpeg\" \/>\n<meta name=\"author\" content=\"Ana Anghel-Dimache\" \/>\n<meta name=\"twitter:card\" content=\"summary_large_image\" \/>\n<meta name=\"twitter:label1\" content=\"Written by\" \/>\n\t<meta name=\"twitter:data1\" content=\"Ana Anghel-Dimache\" \/>\n\t<meta name=\"twitter:label2\" content=\"Estimated reading time\" \/>\n\t<meta name=\"twitter:data2\" content=\"1 minute\" \/>\n<script type=\"application\/ld+json\" class=\"yoast-schema-graph\">{\"@context\":\"https:\\\/\\\/schema.org\",\"@graph\":[{\"@type\":\"Article\",\"@id\":\"https:\\\/\\\/buletin.de\\\/bucuresti\\\/incendiu-intr-un-bloc-din-sectorul-4-din-cauza-unei-lumanari-nesupravegheate\\\/#article\",\"isPartOf\":{\"@id\":\"https:\\\/\\\/buletin.de\\\/bucuresti\\\/incendiu-intr-un-bloc-din-sectorul-4-din-cauza-unei-lumanari-nesupravegheate\\\/\"},\"author\":{\"name\":\"Ana Anghel-Dimache\",\"@id\":\"https:\\\/\\\/buletin.de\\\/bucuresti\\\/#\\\/schema\\\/person\\\/359459245996e200ed7c807f71f0551a\"},\"headline\":\"Incendiu \u00eentr-un bloc din sectorul 4 din cauza unei lum\u00e2n\u0103ri nesupravegheate\",\"datePublished\":\"2024-05-05T08:20:51+00:00\",\"dateModified\":\"2024-05-24T12:09:36+00:00\",\"mainEntityOfPage\":{\"@id\":\"https:\\\/\\\/buletin.de\\\/bucuresti\\\/incendiu-intr-un-bloc-din-sectorul-4-din-cauza-unei-lumanari-nesupravegheate\\\/\"},\"wordCount\":261,\"publisher\":{\"@id\":\"https:\\\/\\\/buletin.de\\\/bucuresti\\\/#organization\"},\"image\":{\"@id\":\"https:\\\/\\\/buletin.de\\\/bucuresti\\\/incendiu-intr-un-bloc-din-sectorul-4-din-cauza-unei-lumanari-nesupravegheate\\\/#primaryimage\"},\"thumbnailUrl\":\"https:\\\/\\\/buletin.de\\\/bucuresti\\\/wp-content\\\/uploads\\\/pompieri.jpg\",\"keywords\":[\"Balcon\",\"Bucure\u0219ti\",\"igsu\",\"incendiu\",\"lum\u00e2nare\",\"Sector 4\"],\"articleSection\":[\"Articole\",\"\u0218tiri\"],\"inLanguage\":\"en-GB\",\"copyrightYear\":\"2024\",\"copyrightHolder\":{\"@id\":\"https:\\\/\\\/buletin.de\\\/bucuresti\\\/#organization\"}},{\"@type\":\"WebPage\",\"@id\":\"https:\\\/\\\/buletin.de\\\/bucuresti\\\/incendiu-intr-un-bloc-din-sectorul-4-din-cauza-unei-lumanari-nesupravegheate\\\/\",\"url\":\"https:\\\/\\\/buletin.de\\\/bucuresti\\\/incendiu-intr-un-bloc-din-sectorul-4-din-cauza-unei-lumanari-nesupravegheate\\\/\",\"name\":\"Incendiu \u00eentr-un bloc din sectorul 4 din cauza unei lum\u00e2n\u0103ri nesupravegheate - Buletin de Bucure\u0219ti\",\"isPartOf\":{\"@id\":\"https:\\\/\\\/buletin.de\\\/bucuresti\\\/#website\"},\"primaryImageOfPage\":{\"@id\":\"https:\\\/\\\/buletin.de\\\/bucuresti\\\/incendiu-intr-un-bloc-din-sectorul-4-din-cauza-unei-lumanari-nesupravegheate\\\/#primaryimage\"},\"image\":{\"@id\":\"https:\\\/\\\/buletin.de\\\/bucuresti\\\/incendiu-intr-un-bloc-din-sectorul-4-din-cauza-unei-lumanari-nesupravegheate\\\/#primaryimage\"},\"thumbnailUrl\":\"https:\\\/\\\/buletin.de\\\/bucuresti\\\/wp-content\\\/uploads\\\/pompieri.jpg\",\"datePublished\":\"2024-05-05T08:20:51+00:00\",\"dateModified\":\"2024-05-24T12:09:36+00:00\",\"breadcrumb\":{\"@id\":\"https:\\\/\\\/buletin.de\\\/bucuresti\\\/incendiu-intr-un-bloc-din-sectorul-4-din-cauza-unei-lumanari-nesupravegheate\\\/#breadcrumb\"},\"inLanguage\":\"en-GB\",\"potentialAction\":[{\"@type\":\"ReadAction\",\"target\":[\"https:\\\/\\\/buletin.de\\\/bucuresti\\\/incendiu-intr-un-bloc-din-sectorul-4-din-cauza-unei-lumanari-nesupravegheate\\\/\"]}]},{\"@type\":\"ImageObject\",\"inLanguage\":\"en-GB\",\"@id\":\"https:\\\/\\\/buletin.de\\\/bucuresti\\\/incendiu-intr-un-bloc-din-sectorul-4-din-cauza-unei-lumanari-nesupravegheate\\\/#primaryimage\",\"url\":\"https:\\\/\\\/buletin.de\\\/bucuresti\\\/wp-content\\\/uploads\\\/pompieri.jpg\",\"contentUrl\":\"https:\\\/\\\/buletin.de\\\/bucuresti\\\/wp-content\\\/uploads\\\/pompieri.jpg\",\"width\":2048,\"height\":1365,\"caption\":\"Foto cu rol ilustrativ\"},{\"@type\":\"BreadcrumbList\",\"@id\":\"https:\\\/\\\/buletin.de\\\/bucuresti\\\/incendiu-intr-un-bloc-din-sectorul-4-din-cauza-unei-lumanari-nesupravegheate\\\/#breadcrumb\",\"itemListElement\":[{\"@type\":\"ListItem\",\"position\":1,\"name\":\"Acas\u0103\",\"item\":\"https:\\\/\\\/buletin.de\\\/bucuresti\\\/\"},{\"@type\":\"ListItem\",\"position\":2,\"name\":\"Incendiu \u00eentr-un bloc din sectorul 4 din cauza unei lum\u00e2n\u0103ri nesupravegheate\"}]},{\"@type\":\"WebSite\",\"@id\":\"https:\\\/\\\/buletin.de\\\/bucuresti\\\/#website\",\"url\":\"https:\\\/\\\/buletin.de\\\/bucuresti\\\/\",\"name\":\"Buletin de Bucure\u0219ti\",\"description\":\"\u0218tiri \u0219i investiga\u021bii esen\u021biale din capital\u0103\",\"publisher\":{\"@id\":\"https:\\\/\\\/buletin.de\\\/bucuresti\\\/#organization\"},\"potentialAction\":[{\"@type\":\"SearchAction\",\"target\":{\"@type\":\"EntryPoint\",\"urlTemplate\":\"https:\\\/\\\/buletin.de\\\/bucuresti\\\/?s={search_term_string}\"},\"query-input\":{\"@type\":\"PropertyValueSpecification\",\"valueRequired\":true,\"valueName\":\"search_term_string\"}}],\"inLanguage\":\"en-GB\"},{\"@type\":\"Organization\",\"@id\":\"https:\\\/\\\/buletin.de\\\/bucuresti\\\/#organization\",\"name\":\"Buletin de Bucure\u0219ti\",\"url\":\"https:\\\/\\\/buletin.de\\\/bucuresti\\\/\",\"logo\":{\"@type\":\"ImageObject\",\"inLanguage\":\"en-GB\",\"@id\":\"https:\\\/\\\/buletin.de\\\/bucuresti\\\/#\\\/schema\\\/logo\\\/image\\\/\",\"url\":\"https:\\\/\\\/buletin.de\\\/bucuresti\\\/wp-content\\\/uploads\\\/logo-bdb-full-wide-vernil-transparent.png\",\"contentUrl\":\"https:\\\/\\\/buletin.de\\\/bucuresti\\\/wp-content\\\/uploads\\\/logo-bdb-full-wide-vernil-transparent.png\",\"width\":1782,\"height\":626,\"caption\":\"Buletin de Bucure\u0219ti\"},\"image\":{\"@id\":\"https:\\\/\\\/buletin.de\\\/bucuresti\\\/#\\\/schema\\\/logo\\\/image\\\/\"},\"sameAs\":[\"https:\\\/\\\/www.facebook.com\\\/buletin.de.buc\",\"https:\\\/\\\/www.instagram.com\\\/buletinde.bucuresti\\\/\"]},{\"@type\":\"Person\",\"@id\":\"https:\\\/\\\/buletin.de\\\/bucuresti\\\/#\\\/schema\\\/person\\\/359459245996e200ed7c807f71f0551a\",\"name\":\"Ana Anghel-Dimache\",\"image\":{\"@type\":\"ImageObject\",\"inLanguage\":\"en-GB\",\"@id\":\"https:\\\/\\\/buletin.de\\\/bucuresti\\\/wp-content\\\/uploads\\\/Ana-Anghel-Dimache-96x96.jpg861145fc2c4f1fe57dc81b59a6cfb674\",\"url\":\"https:\\\/\\\/buletin.de\\\/bucuresti\\\/wp-content\\\/uploads\\\/Ana-Anghel-Dimache-96x96.jpg\",\"contentUrl\":\"https:\\\/\\\/buletin.de\\\/bucuresti\\\/wp-content\\\/uploads\\\/Ana-Anghel-Dimache-96x96.jpg\",\"caption\":\"Ana Anghel-Dimache\"},\"description\":\"Sunt student\u0103 la jurnalism \u0219i m-am n\u0103scut \u00een Bucure\u0219ti, ora\u0219 plin de pove\u0219ti care merit\u0103 explorate. \u00cemi place s\u0103 scriu despre subiecte politice, de mediu \u0219i legate de transportul din Capital\u0103. \u00cencerc s\u0103 pictez o imagine c\u00e2t mai sincer\u0103 a realit\u0103\u021bii \u0219i sus\u021bin presa independent\u0103 pentru c\u0103 este esen\u021bial s\u0103 pot reda faptele \u00een formele lor adev\u0103rate.\",\"url\":\"https:\\\/\\\/buletin.de\\\/bucuresti\\\/author\\\/ana-dimache\\\/\"}]}<\/script>\n<!-- \/ Yoast SEO Premium plugin. -->","yoast_head_json":{"title":"Incendiu \u00eentr-un bloc din sectorul 4 din cauza unei lum\u00e2n\u0103ri nesupravegheate - Buletin de Bucure\u0219ti","robots":{"index":"index","follow":"follow","max-snippet":"max-snippet:-1","max-image-preview":"max-image-preview:large","max-video-preview":"max-video-preview:-1"},"canonical":"https:\/\/buletin.de\/bucuresti\/incendiu-intr-un-bloc-din-sectorul-4-din-cauza-unei-lumanari-nesupravegheate\/","og_locale":"en_GB","og_type":"article","og_title":"Incendiu \u00eentr-un bloc din sectorul 4 din cauza unei lum\u00e2n\u0103ri nesupravegheate","og_description":"Un incendiu a izbucnit \u00een aceast\u0103 diminea\u021b\u0103 la etajul 12 al unui bloc de 14 etaje de pe Bulevardul Alexandru Obregia, din Sectorul 4. O persoan\u0103 a fost g\u0103sit\u0103 carbonizat\u0103 pe balconul apartamentului.&nbsp;Pompierii care au intervenit la fa\u021ba locului au sesizat c\u0103 incendiul din blocul de locuin\u021be se manifesta la etajul 12, iar scara era [&hellip;]","og_url":"https:\/\/buletin.de\/bucuresti\/incendiu-intr-un-bloc-din-sectorul-4-din-cauza-unei-lumanari-nesupravegheate\/","og_site_name":"Buletin de Bucure\u0219ti","article_publisher":"https:\/\/www.facebook.com\/buletin.de.buc","article_published_time":"2024-05-05T08:20:51+00:00","article_modified_time":"2024-05-24T12:09:36+00:00","og_image":[{"width":2048,"height":1365,"url":"https:\/\/buletin.de\/bucuresti\/wp-content\/uploads\/pompieri.jpg","type":"image\/jpeg"}],"author":"Ana Anghel-Dimache","twitter_card":"summary_large_image","twitter_misc":{"Written by":"Ana Anghel-Dimache","Estimated reading time":"1 minute"},"schema":{"@context":"https:\/\/schema.org","@graph":[{"@type":"Article","@id":"https:\/\/buletin.de\/bucuresti\/incendiu-intr-un-bloc-din-sectorul-4-din-cauza-unei-lumanari-nesupravegheate\/#article","isPartOf":{"@id":"https:\/\/buletin.de\/bucuresti\/incendiu-intr-un-bloc-din-sectorul-4-din-cauza-unei-lumanari-nesupravegheate\/"},"author":{"name":"Ana Anghel-Dimache","@id":"https:\/\/buletin.de\/bucuresti\/#\/schema\/person\/359459245996e200ed7c807f71f0551a"},"headline":"Incendiu \u00eentr-un bloc din sectorul 4 din cauza unei lum\u00e2n\u0103ri nesupravegheate","datePublished":"2024-05-05T08:20:51+00:00","dateModified":"2024-05-24T12:09:36+00:00","mainEntityOfPage":{"@id":"https:\/\/buletin.de\/bucuresti\/incendiu-intr-un-bloc-din-sectorul-4-din-cauza-unei-lumanari-nesupravegheate\/"},"wordCount":261,"publisher":{"@id":"https:\/\/buletin.de\/bucuresti\/#organization"},"image":{"@id":"https:\/\/buletin.de\/bucuresti\/incendiu-intr-un-bloc-din-sectorul-4-din-cauza-unei-lumanari-nesupravegheate\/#primaryimage"},"thumbnailUrl":"https:\/\/buletin.de\/bucuresti\/wp-content\/uploads\/pompieri.jpg","keywords":["Balcon","Bucure\u0219ti","igsu","incendiu","lum\u00e2nare","Sector 4"],"articleSection":["Articole","\u0218tiri"],"inLanguage":"en-GB","copyrightYear":"2024","copyrightHolder":{"@id":"https:\/\/buletin.de\/bucuresti\/#organization"}},{"@type":"WebPage","@id":"https:\/\/buletin.de\/bucuresti\/incendiu-intr-un-bloc-din-sectorul-4-din-cauza-unei-lumanari-nesupravegheate\/","url":"https:\/\/buletin.de\/bucuresti\/incendiu-intr-un-bloc-din-sectorul-4-din-cauza-unei-lumanari-nesupravegheate\/","name":"Incendiu \u00eentr-un bloc din sectorul 4 din cauza unei lum\u00e2n\u0103ri nesupravegheate - Buletin de Bucure\u0219ti","isPartOf":{"@id":"https:\/\/buletin.de\/bucuresti\/#website"},"primaryImageOfPage":{"@id":"https:\/\/buletin.de\/bucuresti\/incendiu-intr-un-bloc-din-sectorul-4-din-cauza-unei-lumanari-nesupravegheate\/#primaryimage"},"image":{"@id":"https:\/\/buletin.de\/bucuresti\/incendiu-intr-un-bloc-din-sectorul-4-din-cauza-unei-lumanari-nesupravegheate\/#primaryimage"},"thumbnailUrl":"https:\/\/buletin.de\/bucuresti\/wp-content\/uploads\/pompieri.jpg","datePublished":"2024-05-05T08:20:51+00:00","dateModified":"2024-05-24T12:09:36+00:00","breadcrumb":{"@id":"https:\/\/buletin.de\/bucuresti\/incendiu-intr-un-bloc-din-sectorul-4-din-cauza-unei-lumanari-nesupravegheate\/#breadcrumb"},"inLanguage":"en-GB","potentialAction":[{"@type":"ReadAction","target":["https:\/\/buletin.de\/bucuresti\/incendiu-intr-un-bloc-din-sectorul-4-din-cauza-unei-lumanari-nesupravegheate\/"]}]},{"@type":"ImageObject","inLanguage":"en-GB","@id":"https:\/\/buletin.de\/bucuresti\/incendiu-intr-un-bloc-din-sectorul-4-din-cauza-unei-lumanari-nesupravegheate\/#primaryimage","url":"https:\/\/buletin.de\/bucuresti\/wp-content\/uploads\/pompieri.jpg","contentUrl":"https:\/\/buletin.de\/bucuresti\/wp-content\/uploads\/pompieri.jpg","width":2048,"height":1365,"caption":"Foto cu rol ilustrativ"},{"@type":"BreadcrumbList","@id":"https:\/\/buletin.de\/bucuresti\/incendiu-intr-un-bloc-din-sectorul-4-din-cauza-unei-lumanari-nesupravegheate\/#breadcrumb","itemListElement":[{"@type":"ListItem","position":1,"name":"Acas\u0103","item":"https:\/\/buletin.de\/bucuresti\/"},{"@type":"ListItem","position":2,"name":"Incendiu \u00eentr-un bloc din sectorul 4 din cauza unei lum\u00e2n\u0103ri nesupravegheate"}]},{"@type":"WebSite","@id":"https:\/\/buletin.de\/bucuresti\/#website","url":"https:\/\/buletin.de\/bucuresti\/","name":"Buletin de Bucure\u0219ti","description":"\u0218tiri \u0219i investiga\u021bii esen\u021biale din capital\u0103","publisher":{"@id":"https:\/\/buletin.de\/bucuresti\/#organization"},"potentialAction":[{"@type":"SearchAction","target":{"@type":"EntryPoint","urlTemplate":"https:\/\/buletin.de\/bucuresti\/?s={search_term_string}"},"query-input":{"@type":"PropertyValueSpecification","valueRequired":true,"valueName":"search_term_string"}}],"inLanguage":"en-GB"},{"@type":"Organization","@id":"https:\/\/buletin.de\/bucuresti\/#organization","name":"Buletin de Bucure\u0219ti","url":"https:\/\/buletin.de\/bucuresti\/","logo":{"@type":"ImageObject","inLanguage":"en-GB","@id":"https:\/\/buletin.de\/bucuresti\/#\/schema\/logo\/image\/","url":"https:\/\/buletin.de\/bucuresti\/wp-content\/uploads\/logo-bdb-full-wide-vernil-transparent.png","contentUrl":"https:\/\/buletin.de\/bucuresti\/wp-content\/uploads\/logo-bdb-full-wide-vernil-transparent.png","width":1782,"height":626,"caption":"Buletin de Bucure\u0219ti"},"image":{"@id":"https:\/\/buletin.de\/bucuresti\/#\/schema\/logo\/image\/"},"sameAs":["https:\/\/www.facebook.com\/buletin.de.buc","https:\/\/www.instagram.com\/buletinde.bucuresti\/"]},{"@type":"Person","@id":"https:\/\/buletin.de\/bucuresti\/#\/schema\/person\/359459245996e200ed7c807f71f0551a","name":"Ana Anghel-Dimache","image":{"@type":"ImageObject","inLanguage":"en-GB","@id":"https:\/\/buletin.de\/bucuresti\/wp-content\/uploads\/Ana-Anghel-Dimache-96x96.jpg861145fc2c4f1fe57dc81b59a6cfb674","url":"https:\/\/buletin.de\/bucuresti\/wp-content\/uploads\/Ana-Anghel-Dimache-96x96.jpg","contentUrl":"https:\/\/buletin.de\/bucuresti\/wp-content\/uploads\/Ana-Anghel-Dimache-96x96.jpg","caption":"Ana Anghel-Dimache"},"description":"Sunt student\u0103 la jurnalism \u0219i m-am n\u0103scut \u00een Bucure\u0219ti, ora\u0219 plin de pove\u0219ti care merit\u0103 explorate. \u00cemi place s\u0103 scriu despre subiecte politice, de mediu \u0219i legate de transportul din Capital\u0103. \u00cencerc s\u0103 pictez o imagine c\u00e2t mai sincer\u0103 a realit\u0103\u021bii \u0219i sus\u021bin presa independent\u0103 pentru c\u0103 este esen\u021bial s\u0103 pot reda faptele \u00een formele lor adev\u0103rate.","url":"https:\/\/buletin.de\/bucuresti\/author\/ana-dimache\/"}]}},"authors":[{"term_id":22581,"user_id":58,"is_guest":0,"slug":"ana-dimache","display_name":"Ana Anghel-Dimache","avatar_url":"https:\/\/buletin.de\/bucuresti\/wp-content\/uploads\/Ana-Anghel-Dimache-96x96.jpg","0":null,"1":"","2":"","3":"","4":"","5":"","6":"","7":"","8":""}],"_links":{"self":[{"href":"https:\/\/buletin.de\/bucuresti\/wp-json\/wp\/v2\/posts\/84861","targetHints":{"allow":["GET"]}}],"collection":[{"href":"https:\/\/buletin.de\/bucuresti\/wp-json\/wp\/v2\/posts"}],"about":[{"href":"https:\/\/buletin.de\/bucuresti\/wp-json\/wp\/v2\/types\/post"}],"author":[{"embeddable":true,"href":"https:\/\/buletin.de\/bucuresti\/wp-json\/wp\/v2\/users\/58"}],"replies":[{"embeddable":true,"href":"https:\/\/buletin.de\/bucuresti\/wp-json\/wp\/v2\/comments?post=84861"}],"version-history":[{"count":2,"href":"https:\/\/buletin.de\/bucuresti\/wp-json\/wp\/v2\/posts\/84861\/revisions"}],"predecessor-version":[{"id":86247,"href":"https:\/\/buletin.de\/bucuresti\/wp-json\/wp\/v2\/posts\/84861\/revisions\/86247"}],"wp:featuredmedia":[{"embeddable":true,"href":"https:\/\/buletin.de\/bucuresti\/wp-json\/wp\/v2\/media\/28384"}],"wp:attachment":[{"href":"https:\/\/buletin.de\/bucuresti\/wp-json\/wp\/v2\/media?parent=84861"}],"wp:term":[{"taxonomy":"category","embeddable":true,"href":"https:\/\/buletin.de\/bucuresti\/wp-json\/wp\/v2\/categories?post=84861"},{"taxonomy":"post_tag","embeddable":true,"href":"https:\/\/buletin.de\/bucuresti\/wp-json\/wp\/v2\/tags?post=84861"},{"taxonomy":"author","embeddable":true,"href":"https:\/\/buletin.de\/bucuresti\/wp-json\/wp\/v2\/ppma_author?post=84861"}],"curies":[{"name":"wp","href":"https:\/\/api.w.org\/{rel}","templated":true}]}}