{"id":84858,"date":"2024-05-05T11:14:03","date_gmt":"2024-05-05T08:14:03","guid":{"rendered":"https:\/\/buletin.de\/bucuresti\/?p=84858"},"modified":"2024-05-05T11:14:04","modified_gmt":"2024-05-05T08:14:04","slug":"cod-galben-de-poluare-in-capitala-in-prima-zi-de-paste","status":"publish","type":"post","link":"https:\/\/buletin.de\/bucuresti\/cod-galben-de-poluare-in-capitala-in-prima-zi-de-paste\/","title":{"rendered":"\u201eCod galben\u201d de poluare \u00een Capital\u0103, \u00een prima zi de Pa\u0219te"},"content":{"rendered":"\n<p><strong>Senzorii de monitorizare a calit\u0103\u021bii aerului din Capital\u0103 \u0219i zona metropolitan\u0103 \u00eenregistreaz\u0103 un nivel mediu spre ridicat de poluare, \u00een prima zi de Pa\u0219te. Mul\u021bi dinte ace\u0219tia arat\u0103 valori peste \u201e50-60\u201c la indicativul PM2.5 care este considerat de speciali\u0219ti ca fiind cel mai periculos indice de poluare. \u00cen unele zone ale Capitalei senzorii <a href=\"https:\/\/aerlive.ro\/\">AerLive<\/a> ajung chiar la valoarea 75, \u00een timp ce minima din Capital\u0103 este de 21. <\/strong><\/p>\n\n\n\n<p>Cele mai poluate zone din Bucure\u0219ti \u00een prima zi de Pa\u0219te sunt \u00een jurul \u0218colii nr.167, care se afl\u0103 \u00een apropiere de Lacul Morii, dar \u0219i \u00een zona Pope\u0219ti-Leordeni, la ie\u0219ire din Capital\u0103. Ambele sta\u021bii de monitorizare <a href=\"https:\/\/aerlive.ro\/\">AerLive.ro<\/a> inidc\u0103 valoarea 75 la indicativul PM2.5. <\/p>\n\n\n\n<p>La polul opus, zona cu cel mai curat aer se afl\u0103 \u00een apropiere de Parcul Floreasca. Sta\u021bia de monitorizare montat\u0103 acolo \u00eenegistreaz\u0103 o valoare de doar 21 la indicativul PM2.5. <\/p>\n\n\n\n<p>Totu\u0219i, \u00een jurul Capitalei sunt \u00eenregistrate valori mici. \u00cen Tunari \u0219i G\u0103neasa valorile sta\u021biilor nu dep\u0103\u0219esc 13 la indicativul PM2.5.  <\/p>\n\n\n\n<p>Poluarea continu\u0103 s\u0103 r\u0103m\u00e2n\u0103 o constant\u0103 \u00een vie\u021bile bucure\u0219tenilor iar infrastructura monitoriz\u0103rii calit\u0103\u021bii aerului se dezvolt\u0103 de la an la an.\u00a0De\u0219i nivelul mediu acesteia este mai sc\u0103zut dec\u00e2t cel din anul 2022, Bucure\u0219tiul nu st\u0103 bine.\u00a0<a href=\"https:\/\/buletin.de\/bucuresti\/bucuresti-gatuit-de-poluare-nivel-de-sase-sapte-ori-mai-mare-fata-de-limita-maxima-in-jurul-scolilor-si-spitalelor\/\">Raportul despre calitatea aerului din Capital\u0103 pentru anul 2023<\/a>, realizat de Ecopolis, asocia\u021bia care a \u00eenfiin\u021bat www.aerlive.ro, platforma independent\u0103 de monitorizare a calit\u0103\u021bii aerului, arat\u0103 faptul c\u0103, de\u0219i nivelul mediu de poluare este mai sc\u0103zut dec\u00e2t cel din anul 2022, Bucure\u0219tiul nu st\u0103 bine: numai \u00een jurul \u0219colilor \u0219i spitalelor poluarea maxim\u0103 zilnic\u0103 este de 6-7 ori mai mare dec\u00e2t valoarea maxim admis\u0103.\u00a0<\/p>\n\n\n\n<p><a href=\"https:\/\/buletin.de\/bucuresti\/poluarea-in-capitala%ef%bd%9ccomparatie-intre-2023-si-anii-precedenti\/\">Buletin de Bucure\u0219ti a comparat datele acestuia cu penultimul raport al acelea\u0219i asocia\u021bii<\/a>, care acoperea anii 2021 \u0219i 2022.<\/p>\n\n\n\n<p><a href=\"https:\/\/buletin.de\/bucuresti\/studiu-nivelul-poluarii-din-europa-a-scazut-in-ultimii-20-de-ani-dar-ramane-ridicat-in-sud-est-bucurestiul-e-in-topul-nedorit\/\">Nivelul polu\u0103rii a sc\u0103zut \u00een Europa \u00een ultimii dou\u0103zeci de ani, inclusiv \u00een Bucure\u015fti, dar, cu toate astea r\u0103m\u00e2ne la cote alarmante<\/a>, arat\u0103 un studiu publicat \u00een prestigioasa revist\u0103 Nature.<\/p>\n\n\n\n<p><strong>CITE\u0218TE \u0218I: <\/strong><\/p>\n\n\n\n<figure class=\"wp-block-embed is-type-wp-embed is-provider-buletin-de-bucure-ti wp-block-embed-buletin-de-bucure-ti\"><div class=\"wp-block-embed__wrapper\">\n<blockquote class=\"wp-embedded-content\" data-secret=\"Qw7fPAACx0\"><a href=\"https:\/\/buletin.de\/bucuresti\/aer-de-munte-in-capitala-senzorii-de-poluare-inregistreaza-minime-istorice-luni-dimineata\/\">\u201eAer de munte\u201d, \u00een Capital\u0103: Senzorii de poluare \u00eenregistreaz\u0103 minime istorice, luni diminea\u021b\u0103<\/a><\/blockquote><iframe class=\"wp-embedded-content\" sandbox=\"allow-scripts\" security=\"restricted\" style=\"position: absolute; clip: rect(1px, 1px, 1px, 1px);\" title=\"&#8222;\u201eAer de munte\u201d, \u00een Capital\u0103: Senzorii de poluare \u00eenregistreaz\u0103 minime istorice, luni diminea\u021b\u0103&#8221; &#8212; Buletin de Bucure\u0219ti\" src=\"https:\/\/buletin.de\/bucuresti\/aer-de-munte-in-capitala-senzorii-de-poluare-inregistreaza-minime-istorice-luni-dimineata\/embed\/#?secret=etDmmF0ix6#?secret=Qw7fPAACx0\" data-secret=\"Qw7fPAACx0\" width=\"600\" height=\"338\" frameborder=\"0\" marginwidth=\"0\" marginheight=\"0\" scrolling=\"no\"><\/iframe>\n<\/div><\/figure>\n","protected":false},"excerpt":{"rendered":"<p>Senzorii de monitorizare a calit\u0103\u021bii aerului din Capital\u0103 \u0219i zona metropolitan\u0103 \u00eenregistreaz\u0103 un nivel mediu spre ridicat de poluare, \u00een prima zi de Pa\u0219te. Mul\u021bi dinte ace\u0219tia arat\u0103 valori peste \u201e50-60\u201c la indicativul PM2.5 care este considerat de speciali\u0219ti ca fiind cel mai periculos indice de poluare. \u00cen unele zone ale Capitalei senzorii AerLive ajung [&hellip;]<\/p>\n","protected":false},"author":17,"featured_media":84859,"comment_status":"closed","ping_status":"open","sticky":false,"template":"","format":"standard","meta":{"_acf_changed":false,"inline_featured_image":false,"ngg_post_thumbnail":0,"footnotes":""},"categories":[6994,62],"tags":[466,2063,820,132,11729],"ppma_author":[22576],"class_list":["post-84858","post","type-post","status-publish","format-standard","has-post-thumbnail","hentry","category-stiri-2","category-stiri","tag-aerlive","tag-bucuresti-2","tag-ilfov","tag-poluare","tag-ziua-de-paste"],"acf":[],"yoast_head":"<!-- This site is optimized with the Yoast SEO Premium plugin v25.3 (Yoast SEO v27.4) - https:\/\/yoast.com\/product\/yoast-seo-premium-wordpress\/ -->\n<title>\u201eCod galben\u201d de poluare \u00een Capital\u0103, \u00een prima zi de Pa\u0219te - Buletin de Bucure\u0219ti<\/title>\n<meta name=\"robots\" content=\"index, follow, max-snippet:-1, max-image-preview:large, max-video-preview:-1\" \/>\n<link rel=\"canonical\" href=\"https:\/\/buletin.de\/bucuresti\/cod-galben-de-poluare-in-capitala-in-prima-zi-de-paste\/\" \/>\n<meta property=\"og:locale\" content=\"en_GB\" \/>\n<meta property=\"og:type\" content=\"article\" \/>\n<meta property=\"og:title\" content=\"\u201eCod galben\u201d de poluare \u00een Capital\u0103, \u00een prima zi de Pa\u0219te\" \/>\n<meta property=\"og:description\" content=\"Senzorii de monitorizare a calit\u0103\u021bii aerului din Capital\u0103 \u0219i zona metropolitan\u0103 \u00eenregistreaz\u0103 un nivel mediu spre ridicat de poluare, \u00een prima zi de Pa\u0219te. Mul\u021bi dinte ace\u0219tia arat\u0103 valori peste \u201e50-60\u201c la indicativul PM2.5 care este considerat de speciali\u0219ti ca fiind cel mai periculos indice de poluare. \u00cen unele zone ale Capitalei senzorii AerLive ajung [&hellip;]\" \/>\n<meta property=\"og:url\" content=\"https:\/\/buletin.de\/bucuresti\/cod-galben-de-poluare-in-capitala-in-prima-zi-de-paste\/\" \/>\n<meta property=\"og:site_name\" content=\"Buletin de Bucure\u0219ti\" \/>\n<meta property=\"article:publisher\" content=\"https:\/\/www.facebook.com\/buletin.de.buc\" \/>\n<meta property=\"article:published_time\" content=\"2024-05-05T08:14:03+00:00\" \/>\n<meta property=\"article:modified_time\" content=\"2024-05-05T08:14:04+00:00\" \/>\n<meta property=\"og:image\" content=\"https:\/\/buletin.de\/bucuresti\/wp-content\/uploads\/Screen-Shot-2024-05-05-at-10.49.28-AM.png\" \/>\n\t<meta property=\"og:image:width\" content=\"1407\" \/>\n\t<meta property=\"og:image:height\" content=\"700\" \/>\n\t<meta property=\"og:image:type\" content=\"image\/png\" \/>\n<meta name=\"author\" content=\"Florin R\u00e2\u0219teiu\" \/>\n<meta name=\"twitter:card\" content=\"summary_large_image\" \/>\n<meta name=\"twitter:label1\" content=\"Written by\" \/>\n\t<meta name=\"twitter:data1\" content=\"Florin R\u00e2\u0219teiu\" \/>\n\t<meta name=\"twitter:label2\" content=\"Estimated reading time\" \/>\n\t<meta name=\"twitter:data2\" content=\"2 minutes\" \/>\n<script type=\"application\/ld+json\" class=\"yoast-schema-graph\">{\"@context\":\"https:\\\/\\\/schema.org\",\"@graph\":[{\"@type\":\"Article\",\"@id\":\"https:\\\/\\\/buletin.de\\\/bucuresti\\\/cod-galben-de-poluare-in-capitala-in-prima-zi-de-paste\\\/#article\",\"isPartOf\":{\"@id\":\"https:\\\/\\\/buletin.de\\\/bucuresti\\\/cod-galben-de-poluare-in-capitala-in-prima-zi-de-paste\\\/\"},\"author\":{\"name\":\"Florin R\u00e2\u0219teiu\",\"@id\":\"https:\\\/\\\/buletin.de\\\/bucuresti\\\/#\\\/schema\\\/person\\\/b0686d7a8b666c6afc78239777fd8a89\"},\"headline\":\"\u201eCod galben\u201d de poluare \u00een Capital\u0103, \u00een prima zi de Pa\u0219te\",\"datePublished\":\"2024-05-05T08:14:03+00:00\",\"dateModified\":\"2024-05-05T08:14:04+00:00\",\"mainEntityOfPage\":{\"@id\":\"https:\\\/\\\/buletin.de\\\/bucuresti\\\/cod-galben-de-poluare-in-capitala-in-prima-zi-de-paste\\\/\"},\"wordCount\":366,\"publisher\":{\"@id\":\"https:\\\/\\\/buletin.de\\\/bucuresti\\\/#organization\"},\"image\":{\"@id\":\"https:\\\/\\\/buletin.de\\\/bucuresti\\\/cod-galben-de-poluare-in-capitala-in-prima-zi-de-paste\\\/#primaryimage\"},\"thumbnailUrl\":\"https:\\\/\\\/buletin.de\\\/bucuresti\\\/wp-content\\\/uploads\\\/Screen-Shot-2024-05-05-at-10.49.28-AM.png\",\"keywords\":[\"aerlive\",\"Bucure\u0219ti\",\"Ilfov\",\"poluare\",\"ziua de pa\u0219te\"],\"articleSection\":[\"Articole\",\"\u0218tiri\"],\"inLanguage\":\"en-GB\",\"copyrightYear\":\"2024\",\"copyrightHolder\":{\"@id\":\"https:\\\/\\\/buletin.de\\\/bucuresti\\\/#organization\"}},{\"@type\":\"WebPage\",\"@id\":\"https:\\\/\\\/buletin.de\\\/bucuresti\\\/cod-galben-de-poluare-in-capitala-in-prima-zi-de-paste\\\/\",\"url\":\"https:\\\/\\\/buletin.de\\\/bucuresti\\\/cod-galben-de-poluare-in-capitala-in-prima-zi-de-paste\\\/\",\"name\":\"\u201eCod galben\u201d de poluare \u00een Capital\u0103, \u00een prima zi de Pa\u0219te - Buletin de Bucure\u0219ti\",\"isPartOf\":{\"@id\":\"https:\\\/\\\/buletin.de\\\/bucuresti\\\/#website\"},\"primaryImageOfPage\":{\"@id\":\"https:\\\/\\\/buletin.de\\\/bucuresti\\\/cod-galben-de-poluare-in-capitala-in-prima-zi-de-paste\\\/#primaryimage\"},\"image\":{\"@id\":\"https:\\\/\\\/buletin.de\\\/bucuresti\\\/cod-galben-de-poluare-in-capitala-in-prima-zi-de-paste\\\/#primaryimage\"},\"thumbnailUrl\":\"https:\\\/\\\/buletin.de\\\/bucuresti\\\/wp-content\\\/uploads\\\/Screen-Shot-2024-05-05-at-10.49.28-AM.png\",\"datePublished\":\"2024-05-05T08:14:03+00:00\",\"dateModified\":\"2024-05-05T08:14:04+00:00\",\"breadcrumb\":{\"@id\":\"https:\\\/\\\/buletin.de\\\/bucuresti\\\/cod-galben-de-poluare-in-capitala-in-prima-zi-de-paste\\\/#breadcrumb\"},\"inLanguage\":\"en-GB\",\"potentialAction\":[{\"@type\":\"ReadAction\",\"target\":[\"https:\\\/\\\/buletin.de\\\/bucuresti\\\/cod-galben-de-poluare-in-capitala-in-prima-zi-de-paste\\\/\"]}]},{\"@type\":\"ImageObject\",\"inLanguage\":\"en-GB\",\"@id\":\"https:\\\/\\\/buletin.de\\\/bucuresti\\\/cod-galben-de-poluare-in-capitala-in-prima-zi-de-paste\\\/#primaryimage\",\"url\":\"https:\\\/\\\/buletin.de\\\/bucuresti\\\/wp-content\\\/uploads\\\/Screen-Shot-2024-05-05-at-10.49.28-AM.png\",\"contentUrl\":\"https:\\\/\\\/buletin.de\\\/bucuresti\\\/wp-content\\\/uploads\\\/Screen-Shot-2024-05-05-at-10.49.28-AM.png\",\"width\":1407,\"height\":700,\"caption\":\"Captur\u0103 de ecran: Aerlive.ro\"},{\"@type\":\"BreadcrumbList\",\"@id\":\"https:\\\/\\\/buletin.de\\\/bucuresti\\\/cod-galben-de-poluare-in-capitala-in-prima-zi-de-paste\\\/#breadcrumb\",\"itemListElement\":[{\"@type\":\"ListItem\",\"position\":1,\"name\":\"Acas\u0103\",\"item\":\"https:\\\/\\\/buletin.de\\\/bucuresti\\\/\"},{\"@type\":\"ListItem\",\"position\":2,\"name\":\"\u201eCod galben\u201d de poluare \u00een Capital\u0103, \u00een prima zi de Pa\u0219te\"}]},{\"@type\":\"WebSite\",\"@id\":\"https:\\\/\\\/buletin.de\\\/bucuresti\\\/#website\",\"url\":\"https:\\\/\\\/buletin.de\\\/bucuresti\\\/\",\"name\":\"Buletin de Bucure\u0219ti\",\"description\":\"\u0218tiri \u0219i investiga\u021bii esen\u021biale din capital\u0103\",\"publisher\":{\"@id\":\"https:\\\/\\\/buletin.de\\\/bucuresti\\\/#organization\"},\"potentialAction\":[{\"@type\":\"SearchAction\",\"target\":{\"@type\":\"EntryPoint\",\"urlTemplate\":\"https:\\\/\\\/buletin.de\\\/bucuresti\\\/?s={search_term_string}\"},\"query-input\":{\"@type\":\"PropertyValueSpecification\",\"valueRequired\":true,\"valueName\":\"search_term_string\"}}],\"inLanguage\":\"en-GB\"},{\"@type\":\"Organization\",\"@id\":\"https:\\\/\\\/buletin.de\\\/bucuresti\\\/#organization\",\"name\":\"Buletin de Bucure\u0219ti\",\"url\":\"https:\\\/\\\/buletin.de\\\/bucuresti\\\/\",\"logo\":{\"@type\":\"ImageObject\",\"inLanguage\":\"en-GB\",\"@id\":\"https:\\\/\\\/buletin.de\\\/bucuresti\\\/#\\\/schema\\\/logo\\\/image\\\/\",\"url\":\"https:\\\/\\\/buletin.de\\\/bucuresti\\\/wp-content\\\/uploads\\\/logo-bdb-full-wide-vernil-transparent.png\",\"contentUrl\":\"https:\\\/\\\/buletin.de\\\/bucuresti\\\/wp-content\\\/uploads\\\/logo-bdb-full-wide-vernil-transparent.png\",\"width\":1782,\"height\":626,\"caption\":\"Buletin de Bucure\u0219ti\"},\"image\":{\"@id\":\"https:\\\/\\\/buletin.de\\\/bucuresti\\\/#\\\/schema\\\/logo\\\/image\\\/\"},\"sameAs\":[\"https:\\\/\\\/www.facebook.com\\\/buletin.de.buc\",\"https:\\\/\\\/www.instagram.com\\\/buletinde.bucuresti\\\/\"]},{\"@type\":\"Person\",\"@id\":\"https:\\\/\\\/buletin.de\\\/bucuresti\\\/#\\\/schema\\\/person\\\/b0686d7a8b666c6afc78239777fd8a89\",\"name\":\"Florin R\u00e2\u0219teiu\",\"image\":{\"@type\":\"ImageObject\",\"inLanguage\":\"en-GB\",\"@id\":\"https:\\\/\\\/buletin.de\\\/bucuresti\\\/wp-content\\\/uploads\\\/Florin-Rasteiu-96x96.jpgf0a6fe28453aa12f0a60e4d0a2e3a78c\",\"url\":\"https:\\\/\\\/buletin.de\\\/bucuresti\\\/wp-content\\\/uploads\\\/Florin-Rasteiu-96x96.jpg\",\"contentUrl\":\"https:\\\/\\\/buletin.de\\\/bucuresti\\\/wp-content\\\/uploads\\\/Florin-Rasteiu-96x96.jpg\",\"caption\":\"Florin R\u00e2\u0219teiu\"},\"description\":\"Jurnalist de investiga\u021bie. Lucreaz\u0103 de aproape 6 ani la Buletin de Bucure\u0219ti, unde a publicat articole care scot la suprafa\u021b\u0103 corup\u021bia din Capital\u0103. Analizeaz\u0103 baze de date zilnic \u0219i scoate pove\u0219ti din exceluri pline de cifre. Pune reflectorul pe adev\u0103r cu fiecare ocazie. A c\u00e2\u0219tigat premiul I la categoria Pres\u0103 Local\u0103 \u00een 2025 \u0219i locul al II-lea la aceea\u0219i categorie \u00een 2024 \u00een cadrul Premiilor Superscrieri pentru jurnalism independent.\",\"url\":\"https:\\\/\\\/buletin.de\\\/bucuresti\\\/author\\\/florinrasteiu\\\/\"}]}<\/script>\n<!-- \/ Yoast SEO Premium plugin. -->","yoast_head_json":{"title":"\u201eCod galben\u201d de poluare \u00een Capital\u0103, \u00een prima zi de Pa\u0219te - Buletin de Bucure\u0219ti","robots":{"index":"index","follow":"follow","max-snippet":"max-snippet:-1","max-image-preview":"max-image-preview:large","max-video-preview":"max-video-preview:-1"},"canonical":"https:\/\/buletin.de\/bucuresti\/cod-galben-de-poluare-in-capitala-in-prima-zi-de-paste\/","og_locale":"en_GB","og_type":"article","og_title":"\u201eCod galben\u201d de poluare \u00een Capital\u0103, \u00een prima zi de Pa\u0219te","og_description":"Senzorii de monitorizare a calit\u0103\u021bii aerului din Capital\u0103 \u0219i zona metropolitan\u0103 \u00eenregistreaz\u0103 un nivel mediu spre ridicat de poluare, \u00een prima zi de Pa\u0219te. Mul\u021bi dinte ace\u0219tia arat\u0103 valori peste \u201e50-60\u201c la indicativul PM2.5 care este considerat de speciali\u0219ti ca fiind cel mai periculos indice de poluare. \u00cen unele zone ale Capitalei senzorii AerLive ajung [&hellip;]","og_url":"https:\/\/buletin.de\/bucuresti\/cod-galben-de-poluare-in-capitala-in-prima-zi-de-paste\/","og_site_name":"Buletin de Bucure\u0219ti","article_publisher":"https:\/\/www.facebook.com\/buletin.de.buc","article_published_time":"2024-05-05T08:14:03+00:00","article_modified_time":"2024-05-05T08:14:04+00:00","og_image":[{"width":1407,"height":700,"url":"https:\/\/buletin.de\/bucuresti\/wp-content\/uploads\/Screen-Shot-2024-05-05-at-10.49.28-AM.png","type":"image\/png"}],"author":"Florin R\u00e2\u0219teiu","twitter_card":"summary_large_image","twitter_misc":{"Written by":"Florin R\u00e2\u0219teiu","Estimated reading time":"2 minutes"},"schema":{"@context":"https:\/\/schema.org","@graph":[{"@type":"Article","@id":"https:\/\/buletin.de\/bucuresti\/cod-galben-de-poluare-in-capitala-in-prima-zi-de-paste\/#article","isPartOf":{"@id":"https:\/\/buletin.de\/bucuresti\/cod-galben-de-poluare-in-capitala-in-prima-zi-de-paste\/"},"author":{"name":"Florin R\u00e2\u0219teiu","@id":"https:\/\/buletin.de\/bucuresti\/#\/schema\/person\/b0686d7a8b666c6afc78239777fd8a89"},"headline":"\u201eCod galben\u201d de poluare \u00een Capital\u0103, \u00een prima zi de Pa\u0219te","datePublished":"2024-05-05T08:14:03+00:00","dateModified":"2024-05-05T08:14:04+00:00","mainEntityOfPage":{"@id":"https:\/\/buletin.de\/bucuresti\/cod-galben-de-poluare-in-capitala-in-prima-zi-de-paste\/"},"wordCount":366,"publisher":{"@id":"https:\/\/buletin.de\/bucuresti\/#organization"},"image":{"@id":"https:\/\/buletin.de\/bucuresti\/cod-galben-de-poluare-in-capitala-in-prima-zi-de-paste\/#primaryimage"},"thumbnailUrl":"https:\/\/buletin.de\/bucuresti\/wp-content\/uploads\/Screen-Shot-2024-05-05-at-10.49.28-AM.png","keywords":["aerlive","Bucure\u0219ti","Ilfov","poluare","ziua de pa\u0219te"],"articleSection":["Articole","\u0218tiri"],"inLanguage":"en-GB","copyrightYear":"2024","copyrightHolder":{"@id":"https:\/\/buletin.de\/bucuresti\/#organization"}},{"@type":"WebPage","@id":"https:\/\/buletin.de\/bucuresti\/cod-galben-de-poluare-in-capitala-in-prima-zi-de-paste\/","url":"https:\/\/buletin.de\/bucuresti\/cod-galben-de-poluare-in-capitala-in-prima-zi-de-paste\/","name":"\u201eCod galben\u201d de poluare \u00een Capital\u0103, \u00een prima zi de Pa\u0219te - Buletin de Bucure\u0219ti","isPartOf":{"@id":"https:\/\/buletin.de\/bucuresti\/#website"},"primaryImageOfPage":{"@id":"https:\/\/buletin.de\/bucuresti\/cod-galben-de-poluare-in-capitala-in-prima-zi-de-paste\/#primaryimage"},"image":{"@id":"https:\/\/buletin.de\/bucuresti\/cod-galben-de-poluare-in-capitala-in-prima-zi-de-paste\/#primaryimage"},"thumbnailUrl":"https:\/\/buletin.de\/bucuresti\/wp-content\/uploads\/Screen-Shot-2024-05-05-at-10.49.28-AM.png","datePublished":"2024-05-05T08:14:03+00:00","dateModified":"2024-05-05T08:14:04+00:00","breadcrumb":{"@id":"https:\/\/buletin.de\/bucuresti\/cod-galben-de-poluare-in-capitala-in-prima-zi-de-paste\/#breadcrumb"},"inLanguage":"en-GB","potentialAction":[{"@type":"ReadAction","target":["https:\/\/buletin.de\/bucuresti\/cod-galben-de-poluare-in-capitala-in-prima-zi-de-paste\/"]}]},{"@type":"ImageObject","inLanguage":"en-GB","@id":"https:\/\/buletin.de\/bucuresti\/cod-galben-de-poluare-in-capitala-in-prima-zi-de-paste\/#primaryimage","url":"https:\/\/buletin.de\/bucuresti\/wp-content\/uploads\/Screen-Shot-2024-05-05-at-10.49.28-AM.png","contentUrl":"https:\/\/buletin.de\/bucuresti\/wp-content\/uploads\/Screen-Shot-2024-05-05-at-10.49.28-AM.png","width":1407,"height":700,"caption":"Captur\u0103 de ecran: Aerlive.ro"},{"@type":"BreadcrumbList","@id":"https:\/\/buletin.de\/bucuresti\/cod-galben-de-poluare-in-capitala-in-prima-zi-de-paste\/#breadcrumb","itemListElement":[{"@type":"ListItem","position":1,"name":"Acas\u0103","item":"https:\/\/buletin.de\/bucuresti\/"},{"@type":"ListItem","position":2,"name":"\u201eCod galben\u201d de poluare \u00een Capital\u0103, \u00een prima zi de Pa\u0219te"}]},{"@type":"WebSite","@id":"https:\/\/buletin.de\/bucuresti\/#website","url":"https:\/\/buletin.de\/bucuresti\/","name":"Buletin de Bucure\u0219ti","description":"\u0218tiri \u0219i investiga\u021bii esen\u021biale din capital\u0103","publisher":{"@id":"https:\/\/buletin.de\/bucuresti\/#organization"},"potentialAction":[{"@type":"SearchAction","target":{"@type":"EntryPoint","urlTemplate":"https:\/\/buletin.de\/bucuresti\/?s={search_term_string}"},"query-input":{"@type":"PropertyValueSpecification","valueRequired":true,"valueName":"search_term_string"}}],"inLanguage":"en-GB"},{"@type":"Organization","@id":"https:\/\/buletin.de\/bucuresti\/#organization","name":"Buletin de Bucure\u0219ti","url":"https:\/\/buletin.de\/bucuresti\/","logo":{"@type":"ImageObject","inLanguage":"en-GB","@id":"https:\/\/buletin.de\/bucuresti\/#\/schema\/logo\/image\/","url":"https:\/\/buletin.de\/bucuresti\/wp-content\/uploads\/logo-bdb-full-wide-vernil-transparent.png","contentUrl":"https:\/\/buletin.de\/bucuresti\/wp-content\/uploads\/logo-bdb-full-wide-vernil-transparent.png","width":1782,"height":626,"caption":"Buletin de Bucure\u0219ti"},"image":{"@id":"https:\/\/buletin.de\/bucuresti\/#\/schema\/logo\/image\/"},"sameAs":["https:\/\/www.facebook.com\/buletin.de.buc","https:\/\/www.instagram.com\/buletinde.bucuresti\/"]},{"@type":"Person","@id":"https:\/\/buletin.de\/bucuresti\/#\/schema\/person\/b0686d7a8b666c6afc78239777fd8a89","name":"Florin R\u00e2\u0219teiu","image":{"@type":"ImageObject","inLanguage":"en-GB","@id":"https:\/\/buletin.de\/bucuresti\/wp-content\/uploads\/Florin-Rasteiu-96x96.jpgf0a6fe28453aa12f0a60e4d0a2e3a78c","url":"https:\/\/buletin.de\/bucuresti\/wp-content\/uploads\/Florin-Rasteiu-96x96.jpg","contentUrl":"https:\/\/buletin.de\/bucuresti\/wp-content\/uploads\/Florin-Rasteiu-96x96.jpg","caption":"Florin R\u00e2\u0219teiu"},"description":"Jurnalist de investiga\u021bie. Lucreaz\u0103 de aproape 6 ani la Buletin de Bucure\u0219ti, unde a publicat articole care scot la suprafa\u021b\u0103 corup\u021bia din Capital\u0103. Analizeaz\u0103 baze de date zilnic \u0219i scoate pove\u0219ti din exceluri pline de cifre. Pune reflectorul pe adev\u0103r cu fiecare ocazie. A c\u00e2\u0219tigat premiul I la categoria Pres\u0103 Local\u0103 \u00een 2025 \u0219i locul al II-lea la aceea\u0219i categorie \u00een 2024 \u00een cadrul Premiilor Superscrieri pentru jurnalism independent.","url":"https:\/\/buletin.de\/bucuresti\/author\/florinrasteiu\/"}]}},"authors":[{"term_id":22576,"user_id":17,"is_guest":0,"slug":"florinrasteiu","display_name":"Florin R\u00e2\u0219teiu","avatar_url":"https:\/\/buletin.de\/bucuresti\/wp-content\/uploads\/Florin-Rasteiu-96x96.jpg","0":null,"1":"","2":"","3":"","4":"","5":"","6":"","7":"","8":""}],"_links":{"self":[{"href":"https:\/\/buletin.de\/bucuresti\/wp-json\/wp\/v2\/posts\/84858","targetHints":{"allow":["GET"]}}],"collection":[{"href":"https:\/\/buletin.de\/bucuresti\/wp-json\/wp\/v2\/posts"}],"about":[{"href":"https:\/\/buletin.de\/bucuresti\/wp-json\/wp\/v2\/types\/post"}],"author":[{"embeddable":true,"href":"https:\/\/buletin.de\/bucuresti\/wp-json\/wp\/v2\/users\/17"}],"replies":[{"embeddable":true,"href":"https:\/\/buletin.de\/bucuresti\/wp-json\/wp\/v2\/comments?post=84858"}],"version-history":[{"count":1,"href":"https:\/\/buletin.de\/bucuresti\/wp-json\/wp\/v2\/posts\/84858\/revisions"}],"predecessor-version":[{"id":84860,"href":"https:\/\/buletin.de\/bucuresti\/wp-json\/wp\/v2\/posts\/84858\/revisions\/84860"}],"wp:featuredmedia":[{"embeddable":true,"href":"https:\/\/buletin.de\/bucuresti\/wp-json\/wp\/v2\/media\/84859"}],"wp:attachment":[{"href":"https:\/\/buletin.de\/bucuresti\/wp-json\/wp\/v2\/media?parent=84858"}],"wp:term":[{"taxonomy":"category","embeddable":true,"href":"https:\/\/buletin.de\/bucuresti\/wp-json\/wp\/v2\/categories?post=84858"},{"taxonomy":"post_tag","embeddable":true,"href":"https:\/\/buletin.de\/bucuresti\/wp-json\/wp\/v2\/tags?post=84858"},{"taxonomy":"author","embeddable":true,"href":"https:\/\/buletin.de\/bucuresti\/wp-json\/wp\/v2\/ppma_author?post=84858"}],"curies":[{"name":"wp","href":"https:\/\/api.w.org\/{rel}","templated":true}]}}