{"id":84693,"date":"2024-05-02T13:40:44","date_gmt":"2024-05-02T10:40:44","guid":{"rendered":"https:\/\/buletin.de\/bucuresti\/?p=84693"},"modified":"2024-05-02T16:48:47","modified_gmt":"2024-05-02T13:48:47","slug":"aspa-dramele-cainilor-abandonati-continua-si-in-perioada-sarbatorilor","status":"publish","type":"post","link":"https:\/\/buletin.de\/bucuresti\/aspa-dramele-cainilor-abandonati-continua-si-in-perioada-sarbatorilor\/","title":{"rendered":"ASPA | Dramele c\u00e2inilor abandona\u0163i continu\u0103 \u0219i \u00een perioada\u00a0S\u0103rb\u0103torilor"},"content":{"rendered":"\n<p><strong>Dou\u0103 c\u0103\u021belu\u0219e abandonate au fost capturate \u0219i transportate, \u00eempreun\u0103 cu puii lor, la ad\u0103postul din Bragadiru, anun\u021b\u0103 Autoritatea pentru Supravegherea \u0219i Protec\u021bia Animalelor Bucure\u0219ti (ASPA).<\/strong> <\/p>\n\n\n\n<p>\u00cen primul caz, o femel\u0103 a fost capturat\u0103 cu ajutorul unei cu\u0219ti-capcan\u0103 \u00een zona str\u0103zii Drumul Ciorog\u00e2rla. La sesizarea locuitorilor, un echipaj ASPA a intervenit \u0219i a observat c\u0103 este vorba despre o femel\u0103 cu pui. Mai mul\u021bi cet\u0103\u021beni s-au mobilizat \u0219i, \u00eempreun\u0103 cu angaja\u021bii ASPA, au reu\u0219it s\u0103 g\u0103seasc\u0103 puii la scurt timp.<\/p>\n\n\n\n<figure class=\"wp-block-gallery has-nested-images columns-3 is-cropped wp-block-gallery-1 is-layout-flex wp-block-gallery-is-layout-flex\">\n<figure class=\"wp-block-image size-large\"><img fetchpriority=\"high\" decoding=\"async\" width=\"720\" height=\"900\" data-id=\"84711\" src=\"data:image\/gif;base64,R0lGODlhAQABAAAAACH5BAEKAAEALAAAAAABAAEAAAICTAEAOw==\" data-src=\"https:\/\/buletin.de\/bucuresti\/wp-content\/uploads\/Catei-abandonati-720x900.jpg\" alt=\"\" class=\"wp-image-84711 lazyload\" data-sizes=\"auto\" data-srcset=\"https:\/\/buletin.de\/bucuresti\/wp-content\/uploads\/Catei-abandonati-720x900.jpg 720w, https:\/\/buletin.de\/bucuresti\/wp-content\/uploads\/Catei-abandonati-240x300.jpg 240w, https:\/\/buletin.de\/bucuresti\/wp-content\/uploads\/Catei-abandonati-768x960.jpg 768w, https:\/\/buletin.de\/bucuresti\/wp-content\/uploads\/Catei-abandonati-1100x1375.jpg 1100w, https:\/\/buletin.de\/bucuresti\/wp-content\/uploads\/Catei-abandonati-600x750.jpg 600w, https:\/\/buletin.de\/bucuresti\/wp-content\/uploads\/Catei-abandonati-20x25.jpg 20w, https:\/\/buletin.de\/bucuresti\/wp-content\/uploads\/Catei-abandonati.jpg 1152w\" sizes=\"(max-width: 720px) 100vw, 720px\" \/><\/figure>\n\n\n\n<figure class=\"wp-block-image size-large\"><img decoding=\"async\" width=\"900\" height=\"900\" data-id=\"84707\" src=\"data:image\/gif;base64,R0lGODlhAQABAAAAACH5BAEKAAEALAAAAAABAAEAAAICTAEAOw==\" data-src=\"https:\/\/buletin.de\/bucuresti\/wp-content\/uploads\/Catei-abandonati-ASPA-1-900x900.jpg\" alt=\"\" class=\"wp-image-84707 lazyload\" data-sizes=\"auto\" data-srcset=\"https:\/\/buletin.de\/bucuresti\/wp-content\/uploads\/Catei-abandonati-ASPA-1-900x900.jpg 900w, https:\/\/buletin.de\/bucuresti\/wp-content\/uploads\/Catei-abandonati-ASPA-1-300x300.jpg 300w, https:\/\/buletin.de\/bucuresti\/wp-content\/uploads\/Catei-abandonati-ASPA-1-150x150.jpg 150w, https:\/\/buletin.de\/bucuresti\/wp-content\/uploads\/Catei-abandonati-ASPA-1-768x768.jpg 768w, https:\/\/buletin.de\/bucuresti\/wp-content\/uploads\/Catei-abandonati-ASPA-1-600x600.jpg 600w, https:\/\/buletin.de\/bucuresti\/wp-content\/uploads\/Catei-abandonati-ASPA-1-20x20.jpg 20w, https:\/\/buletin.de\/bucuresti\/wp-content\/uploads\/Catei-abandonati-ASPA-1.jpg 974w\" sizes=\"(max-width: 900px) 100vw, 900px\" \/><\/figure>\n\n\n\n<figure class=\"wp-block-image size-large\"><img decoding=\"async\" width=\"720\" height=\"900\" data-id=\"84710\" src=\"data:image\/gif;base64,R0lGODlhAQABAAAAACH5BAEKAAEALAAAAAABAAEAAAICTAEAOw==\" data-src=\"https:\/\/buletin.de\/bucuresti\/wp-content\/uploads\/Catelusa-cusca-720x900.jpg\" alt=\"\" class=\"wp-image-84710 lazyload\" data-sizes=\"auto\" data-srcset=\"https:\/\/buletin.de\/bucuresti\/wp-content\/uploads\/Catelusa-cusca-720x900.jpg 720w, https:\/\/buletin.de\/bucuresti\/wp-content\/uploads\/Catelusa-cusca-240x300.jpg 240w, https:\/\/buletin.de\/bucuresti\/wp-content\/uploads\/Catelusa-cusca-768x960.jpg 768w, https:\/\/buletin.de\/bucuresti\/wp-content\/uploads\/Catelusa-cusca-600x750.jpg 600w, https:\/\/buletin.de\/bucuresti\/wp-content\/uploads\/Catelusa-cusca-20x25.jpg 20w, https:\/\/buletin.de\/bucuresti\/wp-content\/uploads\/Catelusa-cusca.jpg 1080w\" sizes=\"(max-width: 720px) 100vw, 720px\" \/><\/figure>\n<figcaption class=\"blocks-gallery-caption wp-element-caption\">FOTO: FB\/ ASPA<\/figcaption><\/figure>\n\n\n\n<p>\u00cen cel de-al doilea caz, a fost semnalat\u0103 prezen\u021ba unei femele \u00eempreun\u0103 cu trei pui \u00een fa\u021ba gurii de metrou Grivi\u021ba. Mama a fost capturat\u0103 prin tranchilizare \u0219i, ulterior, au fost ridica\u021bi \u0219i puii care se refugiaser\u0103 pe o proprietate privat\u0103.<\/p>\n\n\n\n<figure class=\"wp-block-gallery has-nested-images columns-default is-cropped wp-block-gallery-2 is-layout-flex wp-block-gallery-is-layout-flex\">\n<figure class=\"wp-block-image size-large\"><img loading=\"lazy\" decoding=\"async\" width=\"720\" height=\"900\" data-id=\"84720\" src=\"data:image\/gif;base64,R0lGODlhAQABAAAAACH5BAEKAAEALAAAAAABAAEAAAICTAEAOw==\" data-src=\"https:\/\/buletin.de\/bucuresti\/wp-content\/uploads\/Catei-abandonati-ASPA-5-1-720x900.jpg\" alt=\"\" class=\"wp-image-84720 lazyload\" data-sizes=\"auto\" data-srcset=\"https:\/\/buletin.de\/bucuresti\/wp-content\/uploads\/Catei-abandonati-ASPA-5-1-720x900.jpg 720w, https:\/\/buletin.de\/bucuresti\/wp-content\/uploads\/Catei-abandonati-ASPA-5-1-240x300.jpg 240w, https:\/\/buletin.de\/bucuresti\/wp-content\/uploads\/Catei-abandonati-ASPA-5-1-768x960.jpg 768w, https:\/\/buletin.de\/bucuresti\/wp-content\/uploads\/Catei-abandonati-ASPA-5-1-1229x1536.jpg 1229w, https:\/\/buletin.de\/bucuresti\/wp-content\/uploads\/Catei-abandonati-ASPA-5-1-1100x1375.jpg 1100w, https:\/\/buletin.de\/bucuresti\/wp-content\/uploads\/Catei-abandonati-ASPA-5-1-600x750.jpg 600w, https:\/\/buletin.de\/bucuresti\/wp-content\/uploads\/Catei-abandonati-ASPA-5-1-20x25.jpg 20w, https:\/\/buletin.de\/bucuresti\/wp-content\/uploads\/Catei-abandonati-ASPA-5-1.jpg 1278w\" sizes=\"(max-width: 720px) 100vw, 720px\" \/><\/figure>\n\n\n\n<figure class=\"wp-block-image size-large\"><img loading=\"lazy\" decoding=\"async\" width=\"720\" height=\"900\" data-id=\"84719\" src=\"data:image\/gif;base64,R0lGODlhAQABAAAAACH5BAEKAAEALAAAAAABAAEAAAICTAEAOw==\" data-src=\"https:\/\/buletin.de\/bucuresti\/wp-content\/uploads\/Catei-abandonati-ASPA-4-720x900.jpg\" alt=\"\" class=\"wp-image-84719 lazyload\" data-sizes=\"auto\" data-srcset=\"https:\/\/buletin.de\/bucuresti\/wp-content\/uploads\/Catei-abandonati-ASPA-4-720x900.jpg 720w, https:\/\/buletin.de\/bucuresti\/wp-content\/uploads\/Catei-abandonati-ASPA-4-240x300.jpg 240w, https:\/\/buletin.de\/bucuresti\/wp-content\/uploads\/Catei-abandonati-ASPA-4-768x960.jpg 768w, https:\/\/buletin.de\/bucuresti\/wp-content\/uploads\/Catei-abandonati-ASPA-4-1229x1536.jpg 1229w, https:\/\/buletin.de\/bucuresti\/wp-content\/uploads\/Catei-abandonati-ASPA-4-1100x1375.jpg 1100w, https:\/\/buletin.de\/bucuresti\/wp-content\/uploads\/Catei-abandonati-ASPA-4-600x750.jpg 600w, https:\/\/buletin.de\/bucuresti\/wp-content\/uploads\/Catei-abandonati-ASPA-4-20x25.jpg 20w, https:\/\/buletin.de\/bucuresti\/wp-content\/uploads\/Catei-abandonati-ASPA-4.jpg 1512w\" sizes=\"(max-width: 720px) 100vw, 720px\" \/><\/figure>\n\n\n\n<figure class=\"wp-block-image size-large\"><img loading=\"lazy\" decoding=\"async\" width=\"720\" height=\"900\" data-id=\"84722\" src=\"data:image\/gif;base64,R0lGODlhAQABAAAAACH5BAEKAAEALAAAAAABAAEAAAICTAEAOw==\" data-src=\"https:\/\/buletin.de\/bucuresti\/wp-content\/uploads\/Catei-ASPA-Bragadiru-720x900.jpg\" alt=\"\" class=\"wp-image-84722 lazyload\" data-sizes=\"auto\" data-srcset=\"https:\/\/buletin.de\/bucuresti\/wp-content\/uploads\/Catei-ASPA-Bragadiru-720x900.jpg 720w, https:\/\/buletin.de\/bucuresti\/wp-content\/uploads\/Catei-ASPA-Bragadiru-240x300.jpg 240w, https:\/\/buletin.de\/bucuresti\/wp-content\/uploads\/Catei-ASPA-Bragadiru-768x960.jpg 768w, https:\/\/buletin.de\/bucuresti\/wp-content\/uploads\/Catei-ASPA-Bragadiru-1229x1536.jpg 1229w, https:\/\/buletin.de\/bucuresti\/wp-content\/uploads\/Catei-ASPA-Bragadiru-1100x1375.jpg 1100w, https:\/\/buletin.de\/bucuresti\/wp-content\/uploads\/Catei-ASPA-Bragadiru-600x750.jpg 600w, https:\/\/buletin.de\/bucuresti\/wp-content\/uploads\/Catei-ASPA-Bragadiru-20x25.jpg 20w, https:\/\/buletin.de\/bucuresti\/wp-content\/uploads\/Catei-ASPA-Bragadiru.jpg 1512w\" sizes=\"(max-width: 720px) 100vw, 720px\" \/><\/figure>\n<figcaption class=\"blocks-gallery-caption wp-element-caption\">FOTO: FB\/ ASPA<\/figcaption><\/figure>\n\n\n\n<p>\u00cen ad\u0103post, mamele \u0219i puii au fost consulta\u021bi din punct de vedere medical. Femelele vor fi sterilizate, iar puii vor \u00eencepe schema de vaccinare. Ulterior, cu to\u021bii vor fi disponibili pentru <strong>adop\u021bie<\/strong>.<\/p>\n\n\n\n<p>ASPA anun\u021b\u0103 c\u0103 va avea echipaje pe teren \u0219i \u00een perioada s\u0103rb\u0103torilor. Num\u0103rul de telefon pentru sesiz\u0103ri, disponibil nonstop, este <strong>021.9844<\/strong>.<\/p>\n\n\n\n<p><strong>CITE\u0218TE \u0218I:<\/strong><\/p>\n\n\n\n<figure class=\"wp-block-embed is-type-wp-embed is-provider-buletin-de-bucure-ti wp-block-embed-buletin-de-bucure-ti\"><div class=\"wp-block-embed__wrapper\">\n<blockquote class=\"wp-embedded-content\" data-secret=\"I0f4BkYpje\"><a href=\"https:\/\/buletin.de\/bucuresti\/bilantul-aspa-la-final-de-2023-2069-de-caini-capturati-de-pe-strazile-bucurestene\/\">Bilan\u021bul ASPA, la final de 2023: 2069 de c\u00e2ini captura\u021bi de pe str\u0103zile bucure\u0219tene<\/a><\/blockquote><iframe class=\"wp-embedded-content\" sandbox=\"allow-scripts\" security=\"restricted\" style=\"position: absolute; clip: rect(1px, 1px, 1px, 1px);\" title=\"&#8220;Bilan\u021bul ASPA, la final de 2023: 2069 de c\u00e2ini captura\u021bi de pe str\u0103zile bucure\u0219tene&#8221; &#8212; Buletin de Bucure\u0219ti\" src=\"https:\/\/buletin.de\/bucuresti\/bilantul-aspa-la-final-de-2023-2069-de-caini-capturati-de-pe-strazile-bucurestene\/embed\/#?secret=sdBPbwc3N4#?secret=I0f4BkYpje\" data-secret=\"I0f4BkYpje\" width=\"600\" height=\"338\" frameborder=\"0\" marginwidth=\"0\" marginheight=\"0\" scrolling=\"no\"><\/iframe>\n<\/div><\/figure>\n","protected":false},"excerpt":{"rendered":"<p>Dou\u0103 c\u0103\u021belu\u0219e abandonate au fost capturate \u0219i transportate, \u00eempreun\u0103 cu puii lor, la ad\u0103postul din Bragadiru, anun\u021b\u0103 Autoritatea pentru Supravegherea \u0219i Protec\u021bia Animalelor Bucure\u0219ti (ASPA). \u00cen primul caz, o femel\u0103 a fost capturat\u0103 cu ajutorul unei cu\u0219ti-capcan\u0103 \u00een zona str\u0103zii Drumul Ciorog\u00e2rla. La sesizarea locuitorilor, un echipaj ASPA a intervenit \u0219i a observat c\u0103 este [&hellip;]<\/p>\n","protected":false},"author":55,"featured_media":84705,"comment_status":"closed","ping_status":"open","sticky":false,"template":"","format":"standard","meta":{"_acf_changed":false,"inline_featured_image":false,"ngg_post_thumbnail":0,"footnotes":""},"categories":[6994,62],"tags":[11689,7251,3229,10419,8528],"ppma_author":[22573],"class_list":["post-84693","post","type-post","status-publish","format-standard","has-post-thumbnail","hentry","category-stiri-2","category-stiri","tag-adapost-aspa-bragadiru","tag-adoptie-caini","tag-aspa","tag-caini-abandonati-2","tag-caini-fara-stapan"],"acf":[],"yoast_head":"<!-- This site is optimized with the Yoast SEO Premium plugin v25.3 (Yoast SEO v27.4) - https:\/\/yoast.com\/product\/yoast-seo-premium-wordpress\/ -->\n<title>ASPA | Dramele c\u00e2inilor abandona\u0163i continu\u0103 \u0219i \u00een perioada\u00a0S\u0103rb\u0103torilor - Buletin de Bucure\u0219ti<\/title>\n<meta name=\"robots\" content=\"index, follow, max-snippet:-1, max-image-preview:large, max-video-preview:-1\" \/>\n<link rel=\"canonical\" href=\"https:\/\/buletin.de\/bucuresti\/aspa-dramele-cainilor-abandonati-continua-si-in-perioada-sarbatorilor\/\" \/>\n<meta property=\"og:locale\" content=\"en_GB\" \/>\n<meta property=\"og:type\" content=\"article\" \/>\n<meta property=\"og:title\" content=\"ASPA | Dramele c\u00e2inilor abandona\u0163i continu\u0103 \u0219i \u00een perioada\u00a0S\u0103rb\u0103torilor\" \/>\n<meta property=\"og:description\" content=\"Dou\u0103 c\u0103\u021belu\u0219e abandonate au fost capturate \u0219i transportate, \u00eempreun\u0103 cu puii lor, la ad\u0103postul din Bragadiru, anun\u021b\u0103 Autoritatea pentru Supravegherea \u0219i Protec\u021bia Animalelor Bucure\u0219ti (ASPA). \u00cen primul caz, o femel\u0103 a fost capturat\u0103 cu ajutorul unei cu\u0219ti-capcan\u0103 \u00een zona str\u0103zii Drumul Ciorog\u00e2rla. La sesizarea locuitorilor, un echipaj ASPA a intervenit \u0219i a observat c\u0103 este [&hellip;]\" \/>\n<meta property=\"og:url\" content=\"https:\/\/buletin.de\/bucuresti\/aspa-dramele-cainilor-abandonati-continua-si-in-perioada-sarbatorilor\/\" \/>\n<meta property=\"og:site_name\" content=\"Buletin de Bucure\u0219ti\" \/>\n<meta property=\"article:publisher\" content=\"https:\/\/www.facebook.com\/buletin.de.buc\" \/>\n<meta property=\"article:published_time\" content=\"2024-05-02T10:40:44+00:00\" \/>\n<meta property=\"article:modified_time\" content=\"2024-05-02T13:48:47+00:00\" \/>\n<meta property=\"og:image\" content=\"https:\/\/buletin.de\/bucuresti\/wp-content\/uploads\/Catei-abandonati-ASPA-2-rotated.jpg\" \/>\n\t<meta property=\"og:image:width\" content=\"1440\" \/>\n\t<meta property=\"og:image:height\" content=\"1152\" \/>\n\t<meta property=\"og:image:type\" content=\"image\/jpeg\" \/>\n<meta name=\"author\" content=\"Andreea Tudor\" \/>\n<meta name=\"twitter:card\" content=\"summary_large_image\" \/>\n<meta name=\"twitter:label1\" content=\"Written by\" \/>\n\t<meta name=\"twitter:data1\" content=\"Andreea Tudor\" \/>\n\t<meta name=\"twitter:label2\" content=\"Estimated reading time\" \/>\n\t<meta name=\"twitter:data2\" content=\"3 minutes\" \/>\n<script type=\"application\/ld+json\" class=\"yoast-schema-graph\">{\"@context\":\"https:\\\/\\\/schema.org\",\"@graph\":[{\"@type\":\"Article\",\"@id\":\"https:\\\/\\\/buletin.de\\\/bucuresti\\\/aspa-dramele-cainilor-abandonati-continua-si-in-perioada-sarbatorilor\\\/#article\",\"isPartOf\":{\"@id\":\"https:\\\/\\\/buletin.de\\\/bucuresti\\\/aspa-dramele-cainilor-abandonati-continua-si-in-perioada-sarbatorilor\\\/\"},\"author\":{\"name\":\"Andreea Tudor\",\"@id\":\"https:\\\/\\\/buletin.de\\\/bucuresti\\\/#\\\/schema\\\/person\\\/150590659efde715459d159da012f501\"},\"headline\":\"ASPA | Dramele c\u00e2inilor abandona\u0163i continu\u0103 \u0219i \u00een perioada\u00a0S\u0103rb\u0103torilor\",\"datePublished\":\"2024-05-02T10:40:44+00:00\",\"dateModified\":\"2024-05-02T13:48:47+00:00\",\"mainEntityOfPage\":{\"@id\":\"https:\\\/\\\/buletin.de\\\/bucuresti\\\/aspa-dramele-cainilor-abandonati-continua-si-in-perioada-sarbatorilor\\\/\"},\"wordCount\":226,\"publisher\":{\"@id\":\"https:\\\/\\\/buletin.de\\\/bucuresti\\\/#organization\"},\"image\":{\"@id\":\"https:\\\/\\\/buletin.de\\\/bucuresti\\\/aspa-dramele-cainilor-abandonati-continua-si-in-perioada-sarbatorilor\\\/#primaryimage\"},\"thumbnailUrl\":\"https:\\\/\\\/buletin.de\\\/bucuresti\\\/wp-content\\\/uploads\\\/Catei-abandonati-ASPA-2-rotated.jpg\",\"keywords\":[\"Adapost ASPA Bragadiru\",\"adoptie caini\",\"aspa\",\"caini abandonati\",\"caini far\u0103 st\u0103p\u00e2n\"],\"articleSection\":[\"Articole\",\"\u0218tiri\"],\"inLanguage\":\"en-GB\",\"copyrightYear\":\"2024\",\"copyrightHolder\":{\"@id\":\"https:\\\/\\\/buletin.de\\\/bucuresti\\\/#organization\"}},{\"@type\":\"WebPage\",\"@id\":\"https:\\\/\\\/buletin.de\\\/bucuresti\\\/aspa-dramele-cainilor-abandonati-continua-si-in-perioada-sarbatorilor\\\/\",\"url\":\"https:\\\/\\\/buletin.de\\\/bucuresti\\\/aspa-dramele-cainilor-abandonati-continua-si-in-perioada-sarbatorilor\\\/\",\"name\":\"ASPA | Dramele c\u00e2inilor abandona\u0163i continu\u0103 \u0219i \u00een perioada\u00a0S\u0103rb\u0103torilor - Buletin de Bucure\u0219ti\",\"isPartOf\":{\"@id\":\"https:\\\/\\\/buletin.de\\\/bucuresti\\\/#website\"},\"primaryImageOfPage\":{\"@id\":\"https:\\\/\\\/buletin.de\\\/bucuresti\\\/aspa-dramele-cainilor-abandonati-continua-si-in-perioada-sarbatorilor\\\/#primaryimage\"},\"image\":{\"@id\":\"https:\\\/\\\/buletin.de\\\/bucuresti\\\/aspa-dramele-cainilor-abandonati-continua-si-in-perioada-sarbatorilor\\\/#primaryimage\"},\"thumbnailUrl\":\"https:\\\/\\\/buletin.de\\\/bucuresti\\\/wp-content\\\/uploads\\\/Catei-abandonati-ASPA-2-rotated.jpg\",\"datePublished\":\"2024-05-02T10:40:44+00:00\",\"dateModified\":\"2024-05-02T13:48:47+00:00\",\"breadcrumb\":{\"@id\":\"https:\\\/\\\/buletin.de\\\/bucuresti\\\/aspa-dramele-cainilor-abandonati-continua-si-in-perioada-sarbatorilor\\\/#breadcrumb\"},\"inLanguage\":\"en-GB\",\"potentialAction\":[{\"@type\":\"ReadAction\",\"target\":[\"https:\\\/\\\/buletin.de\\\/bucuresti\\\/aspa-dramele-cainilor-abandonati-continua-si-in-perioada-sarbatorilor\\\/\"]}]},{\"@type\":\"ImageObject\",\"inLanguage\":\"en-GB\",\"@id\":\"https:\\\/\\\/buletin.de\\\/bucuresti\\\/aspa-dramele-cainilor-abandonati-continua-si-in-perioada-sarbatorilor\\\/#primaryimage\",\"url\":\"https:\\\/\\\/buletin.de\\\/bucuresti\\\/wp-content\\\/uploads\\\/Catei-abandonati-ASPA-2-rotated.jpg\",\"contentUrl\":\"https:\\\/\\\/buletin.de\\\/bucuresti\\\/wp-content\\\/uploads\\\/Catei-abandonati-ASPA-2-rotated.jpg\",\"width\":1440,\"height\":1152,\"caption\":\"FOTO: FB\\\/ ASPA\"},{\"@type\":\"BreadcrumbList\",\"@id\":\"https:\\\/\\\/buletin.de\\\/bucuresti\\\/aspa-dramele-cainilor-abandonati-continua-si-in-perioada-sarbatorilor\\\/#breadcrumb\",\"itemListElement\":[{\"@type\":\"ListItem\",\"position\":1,\"name\":\"Acas\u0103\",\"item\":\"https:\\\/\\\/buletin.de\\\/bucuresti\\\/\"},{\"@type\":\"ListItem\",\"position\":2,\"name\":\"ASPA | Dramele c\u00e2inilor abandona\u0163i continu\u0103 \u0219i \u00een perioada\u00a0S\u0103rb\u0103torilor\"}]},{\"@type\":\"WebSite\",\"@id\":\"https:\\\/\\\/buletin.de\\\/bucuresti\\\/#website\",\"url\":\"https:\\\/\\\/buletin.de\\\/bucuresti\\\/\",\"name\":\"Buletin de Bucure\u0219ti\",\"description\":\"\u0218tiri \u0219i investiga\u021bii esen\u021biale din capital\u0103\",\"publisher\":{\"@id\":\"https:\\\/\\\/buletin.de\\\/bucuresti\\\/#organization\"},\"potentialAction\":[{\"@type\":\"SearchAction\",\"target\":{\"@type\":\"EntryPoint\",\"urlTemplate\":\"https:\\\/\\\/buletin.de\\\/bucuresti\\\/?s={search_term_string}\"},\"query-input\":{\"@type\":\"PropertyValueSpecification\",\"valueRequired\":true,\"valueName\":\"search_term_string\"}}],\"inLanguage\":\"en-GB\"},{\"@type\":\"Organization\",\"@id\":\"https:\\\/\\\/buletin.de\\\/bucuresti\\\/#organization\",\"name\":\"Buletin de Bucure\u0219ti\",\"url\":\"https:\\\/\\\/buletin.de\\\/bucuresti\\\/\",\"logo\":{\"@type\":\"ImageObject\",\"inLanguage\":\"en-GB\",\"@id\":\"https:\\\/\\\/buletin.de\\\/bucuresti\\\/#\\\/schema\\\/logo\\\/image\\\/\",\"url\":\"https:\\\/\\\/buletin.de\\\/bucuresti\\\/wp-content\\\/uploads\\\/logo-bdb-full-wide-vernil-transparent.png\",\"contentUrl\":\"https:\\\/\\\/buletin.de\\\/bucuresti\\\/wp-content\\\/uploads\\\/logo-bdb-full-wide-vernil-transparent.png\",\"width\":1782,\"height\":626,\"caption\":\"Buletin de Bucure\u0219ti\"},\"image\":{\"@id\":\"https:\\\/\\\/buletin.de\\\/bucuresti\\\/#\\\/schema\\\/logo\\\/image\\\/\"},\"sameAs\":[\"https:\\\/\\\/www.facebook.com\\\/buletin.de.buc\",\"https:\\\/\\\/www.instagram.com\\\/buletinde.bucuresti\\\/\"]},{\"@type\":\"Person\",\"@id\":\"https:\\\/\\\/buletin.de\\\/bucuresti\\\/#\\\/schema\\\/person\\\/150590659efde715459d159da012f501\",\"name\":\"Andreea Tudor\",\"image\":{\"@type\":\"ImageObject\",\"inLanguage\":\"en-GB\",\"@id\":\"https:\\\/\\\/secure.gravatar.com\\\/avatar\\\/a88705a186ab0b67f3349bcbced506c09e37256fbaad0e7f3bd1a79b4599f589?s=96&d=monsterid&r=g79290610aa1a65c2b86eebc2ca5aee8f\",\"url\":\"https:\\\/\\\/secure.gravatar.com\\\/avatar\\\/a88705a186ab0b67f3349bcbced506c09e37256fbaad0e7f3bd1a79b4599f589?s=96&d=monsterid&r=g\",\"contentUrl\":\"https:\\\/\\\/secure.gravatar.com\\\/avatar\\\/a88705a186ab0b67f3349bcbced506c09e37256fbaad0e7f3bd1a79b4599f589?s=96&d=monsterid&r=g\",\"caption\":\"Andreea Tudor\"},\"description\":\"N\u0103scut\u0103 \u0219i crescut\u0103 \u00een Bucure\u0219ti, sus\u021bin\u0103toare a presei independente. A\u0219a am ajuns redactor la Buletin de Bucure\u0219ti. Fiind eu, \u00eens\u0103mi, parte a sistemului de \u00eenv\u0103\u021b\u0103m\u00e2nt rom\u00e2nesc \u0219i pasionat\u0103 de domeniul social, pun sub lup\u0103 tot ceea ce se \u00eent\u00e2mpl\u0103 \u00een sfera educa\u021biei. Cred cu t\u0103rie c\u0103 presa \u201epentru cet\u0103\u021beni\u201d este presa independent\u0103. Oamenii au nevoie de o informare corect\u0103 pentru a \u00een\u021belege pe deplin ce se \u00eent\u00e2mpl\u0103 \u00een jurul lor \u0219i pentru a lua ac\u021biune \u00eempotriva nedrept\u0103\u021bilor.\",\"url\":\"https:\\\/\\\/buletin.de\\\/bucuresti\\\/author\\\/andreeatudor\\\/\"}]}<\/script>\n<!-- \/ Yoast SEO Premium plugin. -->","yoast_head_json":{"title":"ASPA | Dramele c\u00e2inilor abandona\u0163i continu\u0103 \u0219i \u00een perioada\u00a0S\u0103rb\u0103torilor - Buletin de Bucure\u0219ti","robots":{"index":"index","follow":"follow","max-snippet":"max-snippet:-1","max-image-preview":"max-image-preview:large","max-video-preview":"max-video-preview:-1"},"canonical":"https:\/\/buletin.de\/bucuresti\/aspa-dramele-cainilor-abandonati-continua-si-in-perioada-sarbatorilor\/","og_locale":"en_GB","og_type":"article","og_title":"ASPA | Dramele c\u00e2inilor abandona\u0163i continu\u0103 \u0219i \u00een perioada\u00a0S\u0103rb\u0103torilor","og_description":"Dou\u0103 c\u0103\u021belu\u0219e abandonate au fost capturate \u0219i transportate, \u00eempreun\u0103 cu puii lor, la ad\u0103postul din Bragadiru, anun\u021b\u0103 Autoritatea pentru Supravegherea \u0219i Protec\u021bia Animalelor Bucure\u0219ti (ASPA). \u00cen primul caz, o femel\u0103 a fost capturat\u0103 cu ajutorul unei cu\u0219ti-capcan\u0103 \u00een zona str\u0103zii Drumul Ciorog\u00e2rla. La sesizarea locuitorilor, un echipaj ASPA a intervenit \u0219i a observat c\u0103 este [&hellip;]","og_url":"https:\/\/buletin.de\/bucuresti\/aspa-dramele-cainilor-abandonati-continua-si-in-perioada-sarbatorilor\/","og_site_name":"Buletin de Bucure\u0219ti","article_publisher":"https:\/\/www.facebook.com\/buletin.de.buc","article_published_time":"2024-05-02T10:40:44+00:00","article_modified_time":"2024-05-02T13:48:47+00:00","og_image":[{"width":1440,"height":1152,"url":"https:\/\/buletin.de\/bucuresti\/wp-content\/uploads\/Catei-abandonati-ASPA-2-rotated.jpg","type":"image\/jpeg"}],"author":"Andreea Tudor","twitter_card":"summary_large_image","twitter_misc":{"Written by":"Andreea Tudor","Estimated reading time":"3 minutes"},"schema":{"@context":"https:\/\/schema.org","@graph":[{"@type":"Article","@id":"https:\/\/buletin.de\/bucuresti\/aspa-dramele-cainilor-abandonati-continua-si-in-perioada-sarbatorilor\/#article","isPartOf":{"@id":"https:\/\/buletin.de\/bucuresti\/aspa-dramele-cainilor-abandonati-continua-si-in-perioada-sarbatorilor\/"},"author":{"name":"Andreea Tudor","@id":"https:\/\/buletin.de\/bucuresti\/#\/schema\/person\/150590659efde715459d159da012f501"},"headline":"ASPA | Dramele c\u00e2inilor abandona\u0163i continu\u0103 \u0219i \u00een perioada\u00a0S\u0103rb\u0103torilor","datePublished":"2024-05-02T10:40:44+00:00","dateModified":"2024-05-02T13:48:47+00:00","mainEntityOfPage":{"@id":"https:\/\/buletin.de\/bucuresti\/aspa-dramele-cainilor-abandonati-continua-si-in-perioada-sarbatorilor\/"},"wordCount":226,"publisher":{"@id":"https:\/\/buletin.de\/bucuresti\/#organization"},"image":{"@id":"https:\/\/buletin.de\/bucuresti\/aspa-dramele-cainilor-abandonati-continua-si-in-perioada-sarbatorilor\/#primaryimage"},"thumbnailUrl":"https:\/\/buletin.de\/bucuresti\/wp-content\/uploads\/Catei-abandonati-ASPA-2-rotated.jpg","keywords":["Adapost ASPA Bragadiru","adoptie caini","aspa","caini abandonati","caini far\u0103 st\u0103p\u00e2n"],"articleSection":["Articole","\u0218tiri"],"inLanguage":"en-GB","copyrightYear":"2024","copyrightHolder":{"@id":"https:\/\/buletin.de\/bucuresti\/#organization"}},{"@type":"WebPage","@id":"https:\/\/buletin.de\/bucuresti\/aspa-dramele-cainilor-abandonati-continua-si-in-perioada-sarbatorilor\/","url":"https:\/\/buletin.de\/bucuresti\/aspa-dramele-cainilor-abandonati-continua-si-in-perioada-sarbatorilor\/","name":"ASPA | Dramele c\u00e2inilor abandona\u0163i continu\u0103 \u0219i \u00een perioada\u00a0S\u0103rb\u0103torilor - Buletin de Bucure\u0219ti","isPartOf":{"@id":"https:\/\/buletin.de\/bucuresti\/#website"},"primaryImageOfPage":{"@id":"https:\/\/buletin.de\/bucuresti\/aspa-dramele-cainilor-abandonati-continua-si-in-perioada-sarbatorilor\/#primaryimage"},"image":{"@id":"https:\/\/buletin.de\/bucuresti\/aspa-dramele-cainilor-abandonati-continua-si-in-perioada-sarbatorilor\/#primaryimage"},"thumbnailUrl":"https:\/\/buletin.de\/bucuresti\/wp-content\/uploads\/Catei-abandonati-ASPA-2-rotated.jpg","datePublished":"2024-05-02T10:40:44+00:00","dateModified":"2024-05-02T13:48:47+00:00","breadcrumb":{"@id":"https:\/\/buletin.de\/bucuresti\/aspa-dramele-cainilor-abandonati-continua-si-in-perioada-sarbatorilor\/#breadcrumb"},"inLanguage":"en-GB","potentialAction":[{"@type":"ReadAction","target":["https:\/\/buletin.de\/bucuresti\/aspa-dramele-cainilor-abandonati-continua-si-in-perioada-sarbatorilor\/"]}]},{"@type":"ImageObject","inLanguage":"en-GB","@id":"https:\/\/buletin.de\/bucuresti\/aspa-dramele-cainilor-abandonati-continua-si-in-perioada-sarbatorilor\/#primaryimage","url":"https:\/\/buletin.de\/bucuresti\/wp-content\/uploads\/Catei-abandonati-ASPA-2-rotated.jpg","contentUrl":"https:\/\/buletin.de\/bucuresti\/wp-content\/uploads\/Catei-abandonati-ASPA-2-rotated.jpg","width":1440,"height":1152,"caption":"FOTO: FB\/ ASPA"},{"@type":"BreadcrumbList","@id":"https:\/\/buletin.de\/bucuresti\/aspa-dramele-cainilor-abandonati-continua-si-in-perioada-sarbatorilor\/#breadcrumb","itemListElement":[{"@type":"ListItem","position":1,"name":"Acas\u0103","item":"https:\/\/buletin.de\/bucuresti\/"},{"@type":"ListItem","position":2,"name":"ASPA | Dramele c\u00e2inilor abandona\u0163i continu\u0103 \u0219i \u00een perioada\u00a0S\u0103rb\u0103torilor"}]},{"@type":"WebSite","@id":"https:\/\/buletin.de\/bucuresti\/#website","url":"https:\/\/buletin.de\/bucuresti\/","name":"Buletin de Bucure\u0219ti","description":"\u0218tiri \u0219i investiga\u021bii esen\u021biale din capital\u0103","publisher":{"@id":"https:\/\/buletin.de\/bucuresti\/#organization"},"potentialAction":[{"@type":"SearchAction","target":{"@type":"EntryPoint","urlTemplate":"https:\/\/buletin.de\/bucuresti\/?s={search_term_string}"},"query-input":{"@type":"PropertyValueSpecification","valueRequired":true,"valueName":"search_term_string"}}],"inLanguage":"en-GB"},{"@type":"Organization","@id":"https:\/\/buletin.de\/bucuresti\/#organization","name":"Buletin de Bucure\u0219ti","url":"https:\/\/buletin.de\/bucuresti\/","logo":{"@type":"ImageObject","inLanguage":"en-GB","@id":"https:\/\/buletin.de\/bucuresti\/#\/schema\/logo\/image\/","url":"https:\/\/buletin.de\/bucuresti\/wp-content\/uploads\/logo-bdb-full-wide-vernil-transparent.png","contentUrl":"https:\/\/buletin.de\/bucuresti\/wp-content\/uploads\/logo-bdb-full-wide-vernil-transparent.png","width":1782,"height":626,"caption":"Buletin de Bucure\u0219ti"},"image":{"@id":"https:\/\/buletin.de\/bucuresti\/#\/schema\/logo\/image\/"},"sameAs":["https:\/\/www.facebook.com\/buletin.de.buc","https:\/\/www.instagram.com\/buletinde.bucuresti\/"]},{"@type":"Person","@id":"https:\/\/buletin.de\/bucuresti\/#\/schema\/person\/150590659efde715459d159da012f501","name":"Andreea Tudor","image":{"@type":"ImageObject","inLanguage":"en-GB","@id":"https:\/\/secure.gravatar.com\/avatar\/a88705a186ab0b67f3349bcbced506c09e37256fbaad0e7f3bd1a79b4599f589?s=96&d=monsterid&r=g79290610aa1a65c2b86eebc2ca5aee8f","url":"https:\/\/secure.gravatar.com\/avatar\/a88705a186ab0b67f3349bcbced506c09e37256fbaad0e7f3bd1a79b4599f589?s=96&d=monsterid&r=g","contentUrl":"https:\/\/secure.gravatar.com\/avatar\/a88705a186ab0b67f3349bcbced506c09e37256fbaad0e7f3bd1a79b4599f589?s=96&d=monsterid&r=g","caption":"Andreea Tudor"},"description":"N\u0103scut\u0103 \u0219i crescut\u0103 \u00een Bucure\u0219ti, sus\u021bin\u0103toare a presei independente. A\u0219a am ajuns redactor la Buletin de Bucure\u0219ti. Fiind eu, \u00eens\u0103mi, parte a sistemului de \u00eenv\u0103\u021b\u0103m\u00e2nt rom\u00e2nesc \u0219i pasionat\u0103 de domeniul social, pun sub lup\u0103 tot ceea ce se \u00eent\u00e2mpl\u0103 \u00een sfera educa\u021biei. Cred cu t\u0103rie c\u0103 presa \u201epentru cet\u0103\u021beni\u201d este presa independent\u0103. Oamenii au nevoie de o informare corect\u0103 pentru a \u00een\u021belege pe deplin ce se \u00eent\u00e2mpl\u0103 \u00een jurul lor \u0219i pentru a lua ac\u021biune \u00eempotriva nedrept\u0103\u021bilor.","url":"https:\/\/buletin.de\/bucuresti\/author\/andreeatudor\/"}]}},"authors":[{"term_id":22573,"user_id":55,"is_guest":0,"slug":"andreeatudor","display_name":"Andreea Tudor","avatar_url":"https:\/\/secure.gravatar.com\/avatar\/a88705a186ab0b67f3349bcbced506c09e37256fbaad0e7f3bd1a79b4599f589?s=96&d=monsterid&r=g","0":null,"1":"","2":"","3":"","4":"","5":"","6":"","7":"","8":""}],"_links":{"self":[{"href":"https:\/\/buletin.de\/bucuresti\/wp-json\/wp\/v2\/posts\/84693","targetHints":{"allow":["GET"]}}],"collection":[{"href":"https:\/\/buletin.de\/bucuresti\/wp-json\/wp\/v2\/posts"}],"about":[{"href":"https:\/\/buletin.de\/bucuresti\/wp-json\/wp\/v2\/types\/post"}],"author":[{"embeddable":true,"href":"https:\/\/buletin.de\/bucuresti\/wp-json\/wp\/v2\/users\/55"}],"replies":[{"embeddable":true,"href":"https:\/\/buletin.de\/bucuresti\/wp-json\/wp\/v2\/comments?post=84693"}],"version-history":[{"count":7,"href":"https:\/\/buletin.de\/bucuresti\/wp-json\/wp\/v2\/posts\/84693\/revisions"}],"predecessor-version":[{"id":84732,"href":"https:\/\/buletin.de\/bucuresti\/wp-json\/wp\/v2\/posts\/84693\/revisions\/84732"}],"wp:featuredmedia":[{"embeddable":true,"href":"https:\/\/buletin.de\/bucuresti\/wp-json\/wp\/v2\/media\/84705"}],"wp:attachment":[{"href":"https:\/\/buletin.de\/bucuresti\/wp-json\/wp\/v2\/media?parent=84693"}],"wp:term":[{"taxonomy":"category","embeddable":true,"href":"https:\/\/buletin.de\/bucuresti\/wp-json\/wp\/v2\/categories?post=84693"},{"taxonomy":"post_tag","embeddable":true,"href":"https:\/\/buletin.de\/bucuresti\/wp-json\/wp\/v2\/tags?post=84693"},{"taxonomy":"author","embeddable":true,"href":"https:\/\/buletin.de\/bucuresti\/wp-json\/wp\/v2\/ppma_author?post=84693"}],"curies":[{"name":"wp","href":"https:\/\/api.w.org\/{rel}","templated":true}]}}