{"id":84678,"date":"2024-05-02T11:57:14","date_gmt":"2024-05-02T08:57:14","guid":{"rendered":"https:\/\/buletin.de\/bucuresti\/?p=84678"},"modified":"2024-05-02T11:57:15","modified_gmt":"2024-05-02T08:57:15","slug":"sector-3-stadiul-lucrarilor-la-victor-brauner-cum-va-arata-viitorul-centru-educational","status":"publish","type":"post","link":"https:\/\/buletin.de\/bucuresti\/sector-3-stadiul-lucrarilor-la-victor-brauner-cum-va-arata-viitorul-centru-educational\/","title":{"rendered":"Sector 3 | Stadiul lucr\u0103rilor la Victor Brauner. Cum va ar\u0103ta viitorul centru educa\u0163ional"},"content":{"rendered":"\n<p><strong>Lucr\u0103rile la Centrul Educa\u021bional Victor Brauner avanseaz\u0103 \u2013 au fost ridicate cele patru etaje. Cl\u0103direa se afl\u0103 \u00een zona Theodor Pallady &#8211; Victor Brauner \u0219i va dispune de 450 de locuri pentru elevii din ciclul primar \u0219i gimnazial.<\/strong><\/p>\n\n\n\n<figure class=\"wp-block-gallery has-nested-images columns-default wp-block-gallery-1 is-layout-flex wp-block-gallery-is-layout-flex\">\n<figure class=\"wp-block-image size-full\"><a href=\"https:\/\/buletin.de\/bucuresti\/wp-content\/uploads\/o3-3.jpg\" target=\"_blank\" rel=\"noopener\"><img fetchpriority=\"high\" decoding=\"async\" width=\"1600\" height=\"900\" data-id=\"84682\" src=\"data:image\/gif;base64,R0lGODlhAQABAAAAACH5BAEKAAEALAAAAAABAAEAAAICTAEAOw==\" data-src=\"https:\/\/buletin.de\/bucuresti\/wp-content\/uploads\/o3-3.jpg\" alt=\"\" class=\"wp-image-84682 lazyload\" data-sizes=\"auto\" data-srcset=\"https:\/\/buletin.de\/bucuresti\/wp-content\/uploads\/o3-3.jpg 1600w, https:\/\/buletin.de\/bucuresti\/wp-content\/uploads\/o3-3-300x169.jpg 300w, https:\/\/buletin.de\/bucuresti\/wp-content\/uploads\/o3-3-900x506.jpg 900w, https:\/\/buletin.de\/bucuresti\/wp-content\/uploads\/o3-3-768x432.jpg 768w, https:\/\/buletin.de\/bucuresti\/wp-content\/uploads\/o3-3-1536x864.jpg 1536w, https:\/\/buletin.de\/bucuresti\/wp-content\/uploads\/o3-3-1100x619.jpg 1100w, https:\/\/buletin.de\/bucuresti\/wp-content\/uploads\/o3-3-600x338.jpg 600w, https:\/\/buletin.de\/bucuresti\/wp-content\/uploads\/o3-3-20x11.jpg 20w\" sizes=\"(max-width: 1600px) 100vw, 1600px\" \/><\/a><\/figure>\n\n\n\n<figure class=\"wp-block-image size-full\"><a href=\"https:\/\/buletin.de\/bucuresti\/wp-content\/uploads\/430700029_891601072664692_1694187029931330531_n-5.jpg\" target=\"_blank\" rel=\"noopener\"><img decoding=\"async\" width=\"1600\" height=\"900\" data-id=\"84679\" src=\"data:image\/gif;base64,R0lGODlhAQABAAAAACH5BAEKAAEALAAAAAABAAEAAAICTAEAOw==\" data-src=\"https:\/\/buletin.de\/bucuresti\/wp-content\/uploads\/430700029_891601072664692_1694187029931330531_n-5.jpg\" alt=\"\" class=\"wp-image-84679 lazyload\" data-sizes=\"auto\" data-srcset=\"https:\/\/buletin.de\/bucuresti\/wp-content\/uploads\/430700029_891601072664692_1694187029931330531_n-5.jpg 1600w, https:\/\/buletin.de\/bucuresti\/wp-content\/uploads\/430700029_891601072664692_1694187029931330531_n-5-300x169.jpg 300w, https:\/\/buletin.de\/bucuresti\/wp-content\/uploads\/430700029_891601072664692_1694187029931330531_n-5-900x506.jpg 900w, https:\/\/buletin.de\/bucuresti\/wp-content\/uploads\/430700029_891601072664692_1694187029931330531_n-5-768x432.jpg 768w, https:\/\/buletin.de\/bucuresti\/wp-content\/uploads\/430700029_891601072664692_1694187029931330531_n-5-1536x864.jpg 1536w, https:\/\/buletin.de\/bucuresti\/wp-content\/uploads\/430700029_891601072664692_1694187029931330531_n-5-1100x619.jpg 1100w, https:\/\/buletin.de\/bucuresti\/wp-content\/uploads\/430700029_891601072664692_1694187029931330531_n-5-600x338.jpg 600w, https:\/\/buletin.de\/bucuresti\/wp-content\/uploads\/430700029_891601072664692_1694187029931330531_n-5-20x11.jpg 20w\" sizes=\"(max-width: 1600px) 100vw, 1600px\" \/><\/a><\/figure>\n\n\n\n<figure class=\"wp-block-image size-full\"><a href=\"https:\/\/buletin.de\/bucuresti\/wp-content\/uploads\/426545488_927478825395199_2440219060579082730_n-8.jpg\" target=\"_blank\" rel=\"noopener\"><img decoding=\"async\" width=\"1600\" height=\"900\" data-id=\"84680\" src=\"data:image\/gif;base64,R0lGODlhAQABAAAAACH5BAEKAAEALAAAAAABAAEAAAICTAEAOw==\" data-src=\"https:\/\/buletin.de\/bucuresti\/wp-content\/uploads\/426545488_927478825395199_2440219060579082730_n-8.jpg\" alt=\"\" class=\"wp-image-84680 lazyload\" data-sizes=\"auto\" data-srcset=\"https:\/\/buletin.de\/bucuresti\/wp-content\/uploads\/426545488_927478825395199_2440219060579082730_n-8.jpg 1600w, https:\/\/buletin.de\/bucuresti\/wp-content\/uploads\/426545488_927478825395199_2440219060579082730_n-8-300x169.jpg 300w, https:\/\/buletin.de\/bucuresti\/wp-content\/uploads\/426545488_927478825395199_2440219060579082730_n-8-900x506.jpg 900w, https:\/\/buletin.de\/bucuresti\/wp-content\/uploads\/426545488_927478825395199_2440219060579082730_n-8-768x432.jpg 768w, https:\/\/buletin.de\/bucuresti\/wp-content\/uploads\/426545488_927478825395199_2440219060579082730_n-8-1536x864.jpg 1536w, https:\/\/buletin.de\/bucuresti\/wp-content\/uploads\/426545488_927478825395199_2440219060579082730_n-8-1100x619.jpg 1100w, https:\/\/buletin.de\/bucuresti\/wp-content\/uploads\/426545488_927478825395199_2440219060579082730_n-8-600x338.jpg 600w, https:\/\/buletin.de\/bucuresti\/wp-content\/uploads\/426545488_927478825395199_2440219060579082730_n-8-20x11.jpg 20w\" sizes=\"(max-width: 1600px) 100vw, 1600px\" \/><\/a><\/figure>\n\n\n\n<figure class=\"wp-block-image size-full\"><a href=\"https:\/\/buletin.de\/bucuresti\/wp-content\/uploads\/trend-o3-5.jpg\" target=\"_blank\" rel=\"noopener\"><img loading=\"lazy\" decoding=\"async\" width=\"1600\" height=\"900\" data-id=\"84681\" src=\"data:image\/gif;base64,R0lGODlhAQABAAAAACH5BAEKAAEALAAAAAABAAEAAAICTAEAOw==\" data-src=\"https:\/\/buletin.de\/bucuresti\/wp-content\/uploads\/trend-o3-5.jpg\" alt=\"\" class=\"wp-image-84681 lazyload\" data-sizes=\"auto\" data-srcset=\"https:\/\/buletin.de\/bucuresti\/wp-content\/uploads\/trend-o3-5.jpg 1600w, https:\/\/buletin.de\/bucuresti\/wp-content\/uploads\/trend-o3-5-300x169.jpg 300w, https:\/\/buletin.de\/bucuresti\/wp-content\/uploads\/trend-o3-5-900x506.jpg 900w, https:\/\/buletin.de\/bucuresti\/wp-content\/uploads\/trend-o3-5-768x432.jpg 768w, https:\/\/buletin.de\/bucuresti\/wp-content\/uploads\/trend-o3-5-1536x864.jpg 1536w, https:\/\/buletin.de\/bucuresti\/wp-content\/uploads\/trend-o3-5-1100x619.jpg 1100w, https:\/\/buletin.de\/bucuresti\/wp-content\/uploads\/trend-o3-5-600x338.jpg 600w, https:\/\/buletin.de\/bucuresti\/wp-content\/uploads\/trend-o3-5-20x11.jpg 20w\" sizes=\"(max-width: 1600px) 100vw, 1600px\" \/><\/a><\/figure>\n<figcaption class=\"blocks-gallery-caption wp-element-caption\">surs\u0103: Robert Negoi\u021b\u0103, Facebook<\/figcaption><\/figure>\n\n\n\n<p>Cl\u0103direa va avea 15 s\u0103li de clas\u0103, laboratoare, sal\u0103 multimedia, bibliotec\u0103 \u0219i o sal\u0103 de sport. Suprafa\u021ba construit\u0103 va fi de 686 mp, iar pe 1362 mp vor fi amenajate zone verzi, mini parcuri \u0219i spa\u021bii de relaxare sau destinate activit\u0103\u021bilor educa\u021bionale \u00een aer liber, se arat\u0103 \u00een comunicatul autorit\u0103\u0163ilor.<\/p>\n\n\n\n<figure class=\"wp-block-image size-full is-resized\"><img loading=\"lazy\" decoding=\"async\" width=\"600\" height=\"375\" src=\"data:image\/gif;base64,R0lGODlhAQABAAAAACH5BAEKAAEALAAAAAABAAEAAAICTAEAOw==\" data-src=\"https:\/\/buletin.de\/bucuresti\/wp-content\/uploads\/430092554_891601039331362_4175163446085518250_n-5.jpg\" alt=\"\" class=\"wp-image-84683 lazyload\" style=\"width:416px;height:auto\" data-sizes=\"auto\" data-srcset=\"https:\/\/buletin.de\/bucuresti\/wp-content\/uploads\/430092554_891601039331362_4175163446085518250_n-5.jpg 600w, https:\/\/buletin.de\/bucuresti\/wp-content\/uploads\/430092554_891601039331362_4175163446085518250_n-5-300x188.jpg 300w, https:\/\/buletin.de\/bucuresti\/wp-content\/uploads\/430092554_891601039331362_4175163446085518250_n-5-20x13.jpg 20w\" sizes=\"(max-width: 600px) 100vw, 600px\" \/><figcaption class=\"wp-element-caption\">surs\u0103: Robert Negoi\u021b\u0103, Facebook<\/figcaption><\/figure>\n\n\n<p><iframe width=\"560\" height=\"315\" src=\"https:\/\/www.youtube.com\/embed\/rECCRaISAwU?si=ukiVy7L8mVgGIpb5\" title=\"YouTube video player\" frameborder=\"0\" allow=\"accelerometer; autoplay; clipboard-write; encrypted-media; gyroscope; picture-in-picture; web-share\" referrerpolicy=\"strict-origin-when-cross-origin\" allowfullscreen><\/iframe><\/p>\n\n\n\n<h2 class=\"wp-block-heading\">45 de institu\u021bii de \u00eenv\u0103\u021b\u0103m\u00e2nt, renovate cu bani din PNRR<\/h2>\n\n\n\n<p>\u00cen \u0219edin\u021ba Consiliului Local din data de 14 martie, 45 de proiecte pentru renovarea total\u0103 sau par\u021bial\u0103 de \u0219coli, licee, gr\u0103dini\u021be \u0219i cre\u0219e au primit votul ale\u0219ilor locali. Banii vor fi asigura\u021bi din PNRR.<\/p>\n\n\n\n<p>Lucr\u0103rile vor fi executate la 15 \u0219coli, 3 cre\u0219e, 18 \u0219coli generale \u0219i 9 gr\u0103dini\u021be.<\/p>\n\n\n\n<p>Printre acestea se num\u0103r\u0103:<\/p>\n\n\n\n<ul class=\"wp-block-list\">\n<li>Gr\u0103dini\u0163a Floare de Col\u0163, Corp A \u2013 8.174.021,36 lei;<\/li>\n\n\n\n<li>Liceul Teoretic Benjamin Franklin, Corp A \u2013 13.275.305,00 lei;<\/li>\n\n\n\n<li>Colegiul Economic N. Kretzulescu, Corp B \u0219i C \u2013 37.467.552,98 lei;<\/li>\n\n\n\n<li>Scoala Gimnazial\u0103 nr.82 CL.2 si sala de sport \u2013 18.186.722,53 lei;<\/li>\n\n\n\n<li>Scoala Gimnazial\u0103 Mihai Botez \u2013 14.489.846,64 lei;<\/li>\n\n\n\n<li>Cre\u0219a Titan-Lunca Bradului \u2013 10.422.798,22 lei;<\/li>\n\n\n\n<li>Liceul Teoretic Al.I.Cuza, sala de sport 2.723.674,67 lei.<\/li>\n<\/ul>\n\n\n\n<p><strong>CITE\u0218TE \u0218I:<\/strong><\/p>\n\n\n\n<ul class=\"wp-block-list\">\n<li><a href=\"https:\/\/buletin.de\/bucuresti\/sector-3-%E2%94%82-va-fi-construita-o-noua-scoala-in-apropierea-liceului-decebal\/\" target=\"_blank\" rel=\"noreferrer noopener\">Sector 3 | Va fi construit\u0103 o nou\u0103 \u0219coal\u0103, \u00een apropierea Liceului Decebal &#8211; Buletin de Bucure\u0219ti<\/a><\/li>\n\n\n\n<li><a href=\"https:\/\/buletin.de\/bucuresti\/sector-3-scoala-noua-in-zona-pallady-alte-institutii-de-invatamant-ar-putea-fi-renovate-cu-bani-din-pnrr-vot-pe-14-martie\/\" target=\"_blank\" rel=\"noreferrer noopener\">Sector 3 | \u0218coal\u0103 nou\u0103, \u00een zona Pallady. Alte institu\u021bii de \u00eenv\u0103\u021b\u0103m\u00e2nt ar putea fi renovate cu bani din PNRR. Vot pe 14 martie &#8211; Buletin de Bucure\u0219ti<\/a><\/li>\n<\/ul>\n","protected":false},"excerpt":{"rendered":"<p>Lucr\u0103rile la Centrul Educa\u021bional Victor Brauner avanseaz\u0103 \u2013 au fost ridicate cele patru etaje. Cl\u0103direa se afl\u0103 \u00een zona Theodor Pallady &#8211; Victor Brauner \u0219i va dispune de 450 de locuri pentru elevii din ciclul primar \u0219i gimnazial. Cl\u0103direa va avea 15 s\u0103li de clas\u0103, laboratoare, sal\u0103 multimedia, bibliotec\u0103 \u0219i o sal\u0103 de sport. Suprafa\u021ba [&hellip;]<\/p>\n","protected":false},"author":47,"featured_media":84682,"comment_status":"closed","ping_status":"open","sticky":false,"template":"","format":"standard","meta":{"_acf_changed":false,"inline_featured_image":false,"ngg_post_thumbnail":0,"footnotes":""},"categories":[6994,24,62],"tags":[11679,2438,482,440,10447],"ppma_author":[22580],"class_list":["post-84678","post","type-post","status-publish","format-standard","has-post-thumbnail","hentry","category-stiri-2","category-primarie","category-stiri","tag-centru-educational","tag-primaria-sector-3","tag-scoala","tag-sector-3","tag-victor-brauner"],"acf":[],"yoast_head":"<!-- This site is optimized with the Yoast SEO Premium plugin v25.3 (Yoast SEO v27.5) - https:\/\/yoast.com\/product\/yoast-seo-premium-wordpress\/ -->\n<title>Sector 3 | Stadiul lucr\u0103rilor la Victor Brauner. Cum va ar\u0103ta viitorul centru educa\u0163ional - Buletin de Bucure\u0219ti<\/title>\n<meta name=\"robots\" content=\"index, follow, max-snippet:-1, max-image-preview:large, max-video-preview:-1\" \/>\n<link rel=\"canonical\" href=\"https:\/\/buletin.de\/bucuresti\/sector-3-stadiul-lucrarilor-la-victor-brauner-cum-va-arata-viitorul-centru-educational\/\" \/>\n<meta property=\"og:locale\" content=\"en_GB\" \/>\n<meta property=\"og:type\" content=\"article\" \/>\n<meta property=\"og:title\" content=\"Sector 3 | Stadiul lucr\u0103rilor la Victor Brauner. Cum va ar\u0103ta viitorul centru educa\u0163ional\" \/>\n<meta property=\"og:description\" content=\"Lucr\u0103rile la Centrul Educa\u021bional Victor Brauner avanseaz\u0103 \u2013 au fost ridicate cele patru etaje. Cl\u0103direa se afl\u0103 \u00een zona Theodor Pallady &#8211; Victor Brauner \u0219i va dispune de 450 de locuri pentru elevii din ciclul primar \u0219i gimnazial. Cl\u0103direa va avea 15 s\u0103li de clas\u0103, laboratoare, sal\u0103 multimedia, bibliotec\u0103 \u0219i o sal\u0103 de sport. Suprafa\u021ba [&hellip;]\" \/>\n<meta property=\"og:url\" content=\"https:\/\/buletin.de\/bucuresti\/sector-3-stadiul-lucrarilor-la-victor-brauner-cum-va-arata-viitorul-centru-educational\/\" \/>\n<meta property=\"og:site_name\" content=\"Buletin de Bucure\u0219ti\" \/>\n<meta property=\"article:publisher\" content=\"https:\/\/www.facebook.com\/buletin.de.buc\" \/>\n<meta property=\"article:published_time\" content=\"2024-05-02T08:57:14+00:00\" \/>\n<meta property=\"article:modified_time\" content=\"2024-05-02T08:57:15+00:00\" \/>\n<meta property=\"og:image\" content=\"https:\/\/buletin.de\/bucuresti\/wp-content\/uploads\/o3-3.jpg\" \/>\n\t<meta property=\"og:image:width\" content=\"1600\" \/>\n\t<meta property=\"og:image:height\" content=\"900\" \/>\n\t<meta property=\"og:image:type\" content=\"image\/jpeg\" \/>\n<meta name=\"author\" content=\"Adina C\u0103p\u00eelnean\" \/>\n<meta name=\"twitter:card\" content=\"summary_large_image\" \/>\n<meta name=\"twitter:label1\" content=\"Written by\" \/>\n\t<meta name=\"twitter:data1\" content=\"Adina C\u0103p\u00eelnean\" \/>\n\t<meta name=\"twitter:label2\" content=\"Estimated reading time\" \/>\n\t<meta name=\"twitter:data2\" content=\"3 minutes\" \/>\n<script type=\"application\/ld+json\" class=\"yoast-schema-graph\">{\"@context\":\"https:\\\/\\\/schema.org\",\"@graph\":[{\"@type\":\"Article\",\"@id\":\"https:\\\/\\\/buletin.de\\\/bucuresti\\\/sector-3-stadiul-lucrarilor-la-victor-brauner-cum-va-arata-viitorul-centru-educational\\\/#article\",\"isPartOf\":{\"@id\":\"https:\\\/\\\/buletin.de\\\/bucuresti\\\/sector-3-stadiul-lucrarilor-la-victor-brauner-cum-va-arata-viitorul-centru-educational\\\/\"},\"author\":{\"name\":\"Adina C\u0103p\u00eelnean\",\"@id\":\"https:\\\/\\\/buletin.de\\\/bucuresti\\\/#\\\/schema\\\/person\\\/ab174cf6711728e4ee83d672acf9a912\"},\"headline\":\"Sector 3 | Stadiul lucr\u0103rilor la Victor Brauner. Cum va ar\u0103ta viitorul centru educa\u0163ional\",\"datePublished\":\"2024-05-02T08:57:14+00:00\",\"dateModified\":\"2024-05-02T08:57:15+00:00\",\"mainEntityOfPage\":{\"@id\":\"https:\\\/\\\/buletin.de\\\/bucuresti\\\/sector-3-stadiul-lucrarilor-la-victor-brauner-cum-va-arata-viitorul-centru-educational\\\/\"},\"wordCount\":288,\"publisher\":{\"@id\":\"https:\\\/\\\/buletin.de\\\/bucuresti\\\/#organization\"},\"image\":{\"@id\":\"https:\\\/\\\/buletin.de\\\/bucuresti\\\/sector-3-stadiul-lucrarilor-la-victor-brauner-cum-va-arata-viitorul-centru-educational\\\/#primaryimage\"},\"thumbnailUrl\":\"https:\\\/\\\/buletin.de\\\/bucuresti\\\/wp-content\\\/uploads\\\/o3-3.jpg\",\"keywords\":[\"centru educational\",\"Primaria Sector 3\",\"scoala\",\"Sector 3\",\"Victor Brauner\"],\"articleSection\":[\"Articole\",\"Prim\u0103rie\",\"\u0218tiri\"],\"inLanguage\":\"en-GB\",\"copyrightYear\":\"2024\",\"copyrightHolder\":{\"@id\":\"https:\\\/\\\/buletin.de\\\/bucuresti\\\/#organization\"}},{\"@type\":\"WebPage\",\"@id\":\"https:\\\/\\\/buletin.de\\\/bucuresti\\\/sector-3-stadiul-lucrarilor-la-victor-brauner-cum-va-arata-viitorul-centru-educational\\\/\",\"url\":\"https:\\\/\\\/buletin.de\\\/bucuresti\\\/sector-3-stadiul-lucrarilor-la-victor-brauner-cum-va-arata-viitorul-centru-educational\\\/\",\"name\":\"Sector 3 | Stadiul lucr\u0103rilor la Victor Brauner. Cum va ar\u0103ta viitorul centru educa\u0163ional - Buletin de Bucure\u0219ti\",\"isPartOf\":{\"@id\":\"https:\\\/\\\/buletin.de\\\/bucuresti\\\/#website\"},\"primaryImageOfPage\":{\"@id\":\"https:\\\/\\\/buletin.de\\\/bucuresti\\\/sector-3-stadiul-lucrarilor-la-victor-brauner-cum-va-arata-viitorul-centru-educational\\\/#primaryimage\"},\"image\":{\"@id\":\"https:\\\/\\\/buletin.de\\\/bucuresti\\\/sector-3-stadiul-lucrarilor-la-victor-brauner-cum-va-arata-viitorul-centru-educational\\\/#primaryimage\"},\"thumbnailUrl\":\"https:\\\/\\\/buletin.de\\\/bucuresti\\\/wp-content\\\/uploads\\\/o3-3.jpg\",\"datePublished\":\"2024-05-02T08:57:14+00:00\",\"dateModified\":\"2024-05-02T08:57:15+00:00\",\"breadcrumb\":{\"@id\":\"https:\\\/\\\/buletin.de\\\/bucuresti\\\/sector-3-stadiul-lucrarilor-la-victor-brauner-cum-va-arata-viitorul-centru-educational\\\/#breadcrumb\"},\"inLanguage\":\"en-GB\",\"potentialAction\":[{\"@type\":\"ReadAction\",\"target\":[\"https:\\\/\\\/buletin.de\\\/bucuresti\\\/sector-3-stadiul-lucrarilor-la-victor-brauner-cum-va-arata-viitorul-centru-educational\\\/\"]}]},{\"@type\":\"ImageObject\",\"inLanguage\":\"en-GB\",\"@id\":\"https:\\\/\\\/buletin.de\\\/bucuresti\\\/sector-3-stadiul-lucrarilor-la-victor-brauner-cum-va-arata-viitorul-centru-educational\\\/#primaryimage\",\"url\":\"https:\\\/\\\/buletin.de\\\/bucuresti\\\/wp-content\\\/uploads\\\/o3-3.jpg\",\"contentUrl\":\"https:\\\/\\\/buletin.de\\\/bucuresti\\\/wp-content\\\/uploads\\\/o3-3.jpg\",\"width\":1600,\"height\":900,\"caption\":\"surs\u0103: Robert Negoi\u021b\u0103, Facebook\"},{\"@type\":\"BreadcrumbList\",\"@id\":\"https:\\\/\\\/buletin.de\\\/bucuresti\\\/sector-3-stadiul-lucrarilor-la-victor-brauner-cum-va-arata-viitorul-centru-educational\\\/#breadcrumb\",\"itemListElement\":[{\"@type\":\"ListItem\",\"position\":1,\"name\":\"Acas\u0103\",\"item\":\"https:\\\/\\\/buletin.de\\\/bucuresti\\\/\"},{\"@type\":\"ListItem\",\"position\":2,\"name\":\"Sector 3 | Stadiul lucr\u0103rilor la Victor Brauner. Cum va ar\u0103ta viitorul centru educa\u0163ional\"}]},{\"@type\":\"WebSite\",\"@id\":\"https:\\\/\\\/buletin.de\\\/bucuresti\\\/#website\",\"url\":\"https:\\\/\\\/buletin.de\\\/bucuresti\\\/\",\"name\":\"Buletin de Bucure\u0219ti\",\"description\":\"\u0218tiri \u0219i investiga\u021bii esen\u021biale din capital\u0103\",\"publisher\":{\"@id\":\"https:\\\/\\\/buletin.de\\\/bucuresti\\\/#organization\"},\"potentialAction\":[{\"@type\":\"SearchAction\",\"target\":{\"@type\":\"EntryPoint\",\"urlTemplate\":\"https:\\\/\\\/buletin.de\\\/bucuresti\\\/?s={search_term_string}\"},\"query-input\":{\"@type\":\"PropertyValueSpecification\",\"valueRequired\":true,\"valueName\":\"search_term_string\"}}],\"inLanguage\":\"en-GB\"},{\"@type\":\"Organization\",\"@id\":\"https:\\\/\\\/buletin.de\\\/bucuresti\\\/#organization\",\"name\":\"Buletin de Bucure\u0219ti\",\"url\":\"https:\\\/\\\/buletin.de\\\/bucuresti\\\/\",\"logo\":{\"@type\":\"ImageObject\",\"inLanguage\":\"en-GB\",\"@id\":\"https:\\\/\\\/buletin.de\\\/bucuresti\\\/#\\\/schema\\\/logo\\\/image\\\/\",\"url\":\"https:\\\/\\\/buletin.de\\\/bucuresti\\\/wp-content\\\/uploads\\\/logo-bdb-full-wide-vernil-transparent.png\",\"contentUrl\":\"https:\\\/\\\/buletin.de\\\/bucuresti\\\/wp-content\\\/uploads\\\/logo-bdb-full-wide-vernil-transparent.png\",\"width\":1782,\"height\":626,\"caption\":\"Buletin de Bucure\u0219ti\"},\"image\":{\"@id\":\"https:\\\/\\\/buletin.de\\\/bucuresti\\\/#\\\/schema\\\/logo\\\/image\\\/\"},\"sameAs\":[\"https:\\\/\\\/www.facebook.com\\\/buletin.de.buc\",\"https:\\\/\\\/www.instagram.com\\\/buletinde.bucuresti\\\/\"]},{\"@type\":\"Person\",\"@id\":\"https:\\\/\\\/buletin.de\\\/bucuresti\\\/#\\\/schema\\\/person\\\/ab174cf6711728e4ee83d672acf9a912\",\"name\":\"Adina C\u0103p\u00eelnean\",\"image\":{\"@type\":\"ImageObject\",\"inLanguage\":\"en-GB\",\"@id\":\"https:\\\/\\\/secure.gravatar.com\\\/avatar\\\/4fe9675d6282fd7c1aa4e486a037d532d5728fc16a30360f293eb6126b2e73ad?s=96&d=monsterid&r=ge2b23868508aec3460d3c6a11d3b599a\",\"url\":\"https:\\\/\\\/secure.gravatar.com\\\/avatar\\\/4fe9675d6282fd7c1aa4e486a037d532d5728fc16a30360f293eb6126b2e73ad?s=96&d=monsterid&r=g\",\"contentUrl\":\"https:\\\/\\\/secure.gravatar.com\\\/avatar\\\/4fe9675d6282fd7c1aa4e486a037d532d5728fc16a30360f293eb6126b2e73ad?s=96&d=monsterid&r=g\",\"caption\":\"Adina C\u0103p\u00eelnean\"},\"url\":\"https:\\\/\\\/buletin.de\\\/bucuresti\\\/author\\\/adinacapilnean\\\/\"}]}<\/script>\n<!-- \/ Yoast SEO Premium plugin. -->","yoast_head_json":{"title":"Sector 3 | Stadiul lucr\u0103rilor la Victor Brauner. Cum va ar\u0103ta viitorul centru educa\u0163ional - Buletin de Bucure\u0219ti","robots":{"index":"index","follow":"follow","max-snippet":"max-snippet:-1","max-image-preview":"max-image-preview:large","max-video-preview":"max-video-preview:-1"},"canonical":"https:\/\/buletin.de\/bucuresti\/sector-3-stadiul-lucrarilor-la-victor-brauner-cum-va-arata-viitorul-centru-educational\/","og_locale":"en_GB","og_type":"article","og_title":"Sector 3 | Stadiul lucr\u0103rilor la Victor Brauner. Cum va ar\u0103ta viitorul centru educa\u0163ional","og_description":"Lucr\u0103rile la Centrul Educa\u021bional Victor Brauner avanseaz\u0103 \u2013 au fost ridicate cele patru etaje. Cl\u0103direa se afl\u0103 \u00een zona Theodor Pallady &#8211; Victor Brauner \u0219i va dispune de 450 de locuri pentru elevii din ciclul primar \u0219i gimnazial. Cl\u0103direa va avea 15 s\u0103li de clas\u0103, laboratoare, sal\u0103 multimedia, bibliotec\u0103 \u0219i o sal\u0103 de sport. Suprafa\u021ba [&hellip;]","og_url":"https:\/\/buletin.de\/bucuresti\/sector-3-stadiul-lucrarilor-la-victor-brauner-cum-va-arata-viitorul-centru-educational\/","og_site_name":"Buletin de Bucure\u0219ti","article_publisher":"https:\/\/www.facebook.com\/buletin.de.buc","article_published_time":"2024-05-02T08:57:14+00:00","article_modified_time":"2024-05-02T08:57:15+00:00","og_image":[{"width":1600,"height":900,"url":"https:\/\/buletin.de\/bucuresti\/wp-content\/uploads\/o3-3.jpg","type":"image\/jpeg"}],"author":"Adina C\u0103p\u00eelnean","twitter_card":"summary_large_image","twitter_misc":{"Written by":"Adina C\u0103p\u00eelnean","Estimated reading time":"3 minutes"},"schema":{"@context":"https:\/\/schema.org","@graph":[{"@type":"Article","@id":"https:\/\/buletin.de\/bucuresti\/sector-3-stadiul-lucrarilor-la-victor-brauner-cum-va-arata-viitorul-centru-educational\/#article","isPartOf":{"@id":"https:\/\/buletin.de\/bucuresti\/sector-3-stadiul-lucrarilor-la-victor-brauner-cum-va-arata-viitorul-centru-educational\/"},"author":{"name":"Adina C\u0103p\u00eelnean","@id":"https:\/\/buletin.de\/bucuresti\/#\/schema\/person\/ab174cf6711728e4ee83d672acf9a912"},"headline":"Sector 3 | Stadiul lucr\u0103rilor la Victor Brauner. Cum va ar\u0103ta viitorul centru educa\u0163ional","datePublished":"2024-05-02T08:57:14+00:00","dateModified":"2024-05-02T08:57:15+00:00","mainEntityOfPage":{"@id":"https:\/\/buletin.de\/bucuresti\/sector-3-stadiul-lucrarilor-la-victor-brauner-cum-va-arata-viitorul-centru-educational\/"},"wordCount":288,"publisher":{"@id":"https:\/\/buletin.de\/bucuresti\/#organization"},"image":{"@id":"https:\/\/buletin.de\/bucuresti\/sector-3-stadiul-lucrarilor-la-victor-brauner-cum-va-arata-viitorul-centru-educational\/#primaryimage"},"thumbnailUrl":"https:\/\/buletin.de\/bucuresti\/wp-content\/uploads\/o3-3.jpg","keywords":["centru educational","Primaria Sector 3","scoala","Sector 3","Victor Brauner"],"articleSection":["Articole","Prim\u0103rie","\u0218tiri"],"inLanguage":"en-GB","copyrightYear":"2024","copyrightHolder":{"@id":"https:\/\/buletin.de\/bucuresti\/#organization"}},{"@type":"WebPage","@id":"https:\/\/buletin.de\/bucuresti\/sector-3-stadiul-lucrarilor-la-victor-brauner-cum-va-arata-viitorul-centru-educational\/","url":"https:\/\/buletin.de\/bucuresti\/sector-3-stadiul-lucrarilor-la-victor-brauner-cum-va-arata-viitorul-centru-educational\/","name":"Sector 3 | Stadiul lucr\u0103rilor la Victor Brauner. Cum va ar\u0103ta viitorul centru educa\u0163ional - Buletin de Bucure\u0219ti","isPartOf":{"@id":"https:\/\/buletin.de\/bucuresti\/#website"},"primaryImageOfPage":{"@id":"https:\/\/buletin.de\/bucuresti\/sector-3-stadiul-lucrarilor-la-victor-brauner-cum-va-arata-viitorul-centru-educational\/#primaryimage"},"image":{"@id":"https:\/\/buletin.de\/bucuresti\/sector-3-stadiul-lucrarilor-la-victor-brauner-cum-va-arata-viitorul-centru-educational\/#primaryimage"},"thumbnailUrl":"https:\/\/buletin.de\/bucuresti\/wp-content\/uploads\/o3-3.jpg","datePublished":"2024-05-02T08:57:14+00:00","dateModified":"2024-05-02T08:57:15+00:00","breadcrumb":{"@id":"https:\/\/buletin.de\/bucuresti\/sector-3-stadiul-lucrarilor-la-victor-brauner-cum-va-arata-viitorul-centru-educational\/#breadcrumb"},"inLanguage":"en-GB","potentialAction":[{"@type":"ReadAction","target":["https:\/\/buletin.de\/bucuresti\/sector-3-stadiul-lucrarilor-la-victor-brauner-cum-va-arata-viitorul-centru-educational\/"]}]},{"@type":"ImageObject","inLanguage":"en-GB","@id":"https:\/\/buletin.de\/bucuresti\/sector-3-stadiul-lucrarilor-la-victor-brauner-cum-va-arata-viitorul-centru-educational\/#primaryimage","url":"https:\/\/buletin.de\/bucuresti\/wp-content\/uploads\/o3-3.jpg","contentUrl":"https:\/\/buletin.de\/bucuresti\/wp-content\/uploads\/o3-3.jpg","width":1600,"height":900,"caption":"surs\u0103: Robert Negoi\u021b\u0103, Facebook"},{"@type":"BreadcrumbList","@id":"https:\/\/buletin.de\/bucuresti\/sector-3-stadiul-lucrarilor-la-victor-brauner-cum-va-arata-viitorul-centru-educational\/#breadcrumb","itemListElement":[{"@type":"ListItem","position":1,"name":"Acas\u0103","item":"https:\/\/buletin.de\/bucuresti\/"},{"@type":"ListItem","position":2,"name":"Sector 3 | Stadiul lucr\u0103rilor la Victor Brauner. Cum va ar\u0103ta viitorul centru educa\u0163ional"}]},{"@type":"WebSite","@id":"https:\/\/buletin.de\/bucuresti\/#website","url":"https:\/\/buletin.de\/bucuresti\/","name":"Buletin de Bucure\u0219ti","description":"\u0218tiri \u0219i investiga\u021bii esen\u021biale din capital\u0103","publisher":{"@id":"https:\/\/buletin.de\/bucuresti\/#organization"},"potentialAction":[{"@type":"SearchAction","target":{"@type":"EntryPoint","urlTemplate":"https:\/\/buletin.de\/bucuresti\/?s={search_term_string}"},"query-input":{"@type":"PropertyValueSpecification","valueRequired":true,"valueName":"search_term_string"}}],"inLanguage":"en-GB"},{"@type":"Organization","@id":"https:\/\/buletin.de\/bucuresti\/#organization","name":"Buletin de Bucure\u0219ti","url":"https:\/\/buletin.de\/bucuresti\/","logo":{"@type":"ImageObject","inLanguage":"en-GB","@id":"https:\/\/buletin.de\/bucuresti\/#\/schema\/logo\/image\/","url":"https:\/\/buletin.de\/bucuresti\/wp-content\/uploads\/logo-bdb-full-wide-vernil-transparent.png","contentUrl":"https:\/\/buletin.de\/bucuresti\/wp-content\/uploads\/logo-bdb-full-wide-vernil-transparent.png","width":1782,"height":626,"caption":"Buletin de Bucure\u0219ti"},"image":{"@id":"https:\/\/buletin.de\/bucuresti\/#\/schema\/logo\/image\/"},"sameAs":["https:\/\/www.facebook.com\/buletin.de.buc","https:\/\/www.instagram.com\/buletinde.bucuresti\/"]},{"@type":"Person","@id":"https:\/\/buletin.de\/bucuresti\/#\/schema\/person\/ab174cf6711728e4ee83d672acf9a912","name":"Adina C\u0103p\u00eelnean","image":{"@type":"ImageObject","inLanguage":"en-GB","@id":"https:\/\/secure.gravatar.com\/avatar\/4fe9675d6282fd7c1aa4e486a037d532d5728fc16a30360f293eb6126b2e73ad?s=96&d=monsterid&r=ge2b23868508aec3460d3c6a11d3b599a","url":"https:\/\/secure.gravatar.com\/avatar\/4fe9675d6282fd7c1aa4e486a037d532d5728fc16a30360f293eb6126b2e73ad?s=96&d=monsterid&r=g","contentUrl":"https:\/\/secure.gravatar.com\/avatar\/4fe9675d6282fd7c1aa4e486a037d532d5728fc16a30360f293eb6126b2e73ad?s=96&d=monsterid&r=g","caption":"Adina C\u0103p\u00eelnean"},"url":"https:\/\/buletin.de\/bucuresti\/author\/adinacapilnean\/"}]}},"authors":[{"term_id":22580,"user_id":47,"is_guest":0,"slug":"adinacapilnean","display_name":"Adina C\u0103p\u00eelnean","avatar_url":"https:\/\/secure.gravatar.com\/avatar\/4fe9675d6282fd7c1aa4e486a037d532d5728fc16a30360f293eb6126b2e73ad?s=96&d=monsterid&r=g","0":null,"1":"","2":"","3":"","4":"","5":"","6":"","7":"","8":""}],"_links":{"self":[{"href":"https:\/\/buletin.de\/bucuresti\/wp-json\/wp\/v2\/posts\/84678","targetHints":{"allow":["GET"]}}],"collection":[{"href":"https:\/\/buletin.de\/bucuresti\/wp-json\/wp\/v2\/posts"}],"about":[{"href":"https:\/\/buletin.de\/bucuresti\/wp-json\/wp\/v2\/types\/post"}],"author":[{"embeddable":true,"href":"https:\/\/buletin.de\/bucuresti\/wp-json\/wp\/v2\/users\/47"}],"replies":[{"embeddable":true,"href":"https:\/\/buletin.de\/bucuresti\/wp-json\/wp\/v2\/comments?post=84678"}],"version-history":[{"count":3,"href":"https:\/\/buletin.de\/bucuresti\/wp-json\/wp\/v2\/posts\/84678\/revisions"}],"predecessor-version":[{"id":84687,"href":"https:\/\/buletin.de\/bucuresti\/wp-json\/wp\/v2\/posts\/84678\/revisions\/84687"}],"wp:featuredmedia":[{"embeddable":true,"href":"https:\/\/buletin.de\/bucuresti\/wp-json\/wp\/v2\/media\/84682"}],"wp:attachment":[{"href":"https:\/\/buletin.de\/bucuresti\/wp-json\/wp\/v2\/media?parent=84678"}],"wp:term":[{"taxonomy":"category","embeddable":true,"href":"https:\/\/buletin.de\/bucuresti\/wp-json\/wp\/v2\/categories?post=84678"},{"taxonomy":"post_tag","embeddable":true,"href":"https:\/\/buletin.de\/bucuresti\/wp-json\/wp\/v2\/tags?post=84678"},{"taxonomy":"author","embeddable":true,"href":"https:\/\/buletin.de\/bucuresti\/wp-json\/wp\/v2\/ppma_author?post=84678"}],"curies":[{"name":"wp","href":"https:\/\/api.w.org\/{rel}","templated":true}]}}