{"id":84630,"date":"2024-05-04T12:25:36","date_gmt":"2024-05-04T09:25:36","guid":{"rendered":"https:\/\/buletin.de\/bucuresti\/?p=84630"},"modified":"2024-05-06T12:55:31","modified_gmt":"2024-05-06T09:55:31","slug":"alternativa-subtire-pentru-stanga-damboviteana-demos-n-a-strans-semnaturi-pentru-capitala-dar-si-a-incercat-norocul-la-s1","status":"publish","type":"post","link":"https:\/\/buletin.de\/bucuresti\/alternativa-subtire-pentru-stanga-damboviteana-demos-n-a-strans-semnaturi-pentru-capitala-dar-si-a-incercat-norocul-la-s1\/","title":{"rendered":"Alternativa \u201esub\u0163ire\u201d pentru st\u00e2nga d\u00e2mbovi\u0163ean\u0103. DEMOS n-a str\u00e2ns semn\u0103turi pentru Capital\u0103, dar \u0219i-a \u00eencercat norocul la S1"},"content":{"rendered":"\n<p><strong>Partidul Democra\u0163ie \u015fi Solidaritate (DEMOS), care se pozi\u0163ioneaz\u0103 doctrinar ca fiind de st\u00e2nga progresist\u0103, a renun\u0163at la candidatura pentru Consiliul General al Capitalei, pentru c\u0103 nu a putut str\u00e2nge semn\u0103turile necesare. \u00cen schimb, micul partid s-a \u00eenscris la alegerile pentru Consiliul Local al Sectorului 1. Dac\u0103 p\u00e2n\u0103 acum DEMOS nu fusese pe niciun buletin de vot, acum are reprezentan\u0163i \u015fi \u00een Capital\u0103, \u015fi \u00een \u0163ar\u0103 &#8211; la Buz\u0103u).<\/strong><\/p>\n\n\n\n<p>Pentru votan\u0163ii de st\u00e2nga care nu vor s\u0103 ia \u00een calcul PSD, op\u0163iunile sunt pu\u0163ine. Mai sunt c\u00e2teva care se pozi\u0163ioneaz\u0103 ca fiind de centru-st\u00e2nga, este \u015fi unul de extrem\u0103 st\u00e2nga, f\u0103r\u0103 ca vreunul s\u0103 ias\u0103 \u00een eviden\u0163\u0103 din pluton. Nici DEMOS nu reu\u015fe\u015fte s\u0103 se desprind\u0103 vizibil. <a href=\"https:\/\/buletin.de\/bucuresti\/interviu-mai-exista-demos-claudiu-craciun-si-ionut-tudor-despre-posibila-candidatura-a-stangii-progresiste-la-cgmb\/\">\u201eMai exist\u0103 Demos?\u201d<\/a>, este \u00eentrebarea care se ridic\u0103 la aproape patru ani de c\u00e2nd partidul nu a reu\u0219it s\u0103 str\u00e2ng\u0103 num\u0103rul de semn\u0103turi minim cerut de legea electoral\u0103, \u0219i la care reprezentan\u021bii partidului au r\u0103spuns \u00eentr-un <a href=\"https:\/\/buletin.de\/bucuresti\/interviu-mai-exista-demos-claudiu-craciun-si-ionut-tudor-despre-posibila-candidatura-a-stangii-progresiste-la-cgmb\/\">interviu anterior acordat Buletin de Bucure\u0219ti.<\/a><\/p>\n\n\n\n<figure class=\"wp-block-image size-large\"><img fetchpriority=\"high\" decoding=\"async\" width=\"900\" height=\"675\" src=\"data:image\/gif;base64,R0lGODlhAQABAAAAACH5BAEKAAEALAAAAAABAAEAAAICTAEAOw==\" data-src=\"https:\/\/buletin.de\/bucuresti\/wp-content\/uploads\/433969390_824023259754116_7753370722061531581_n-10-900x675.jpg\" alt=\"\" class=\"wp-image-84819 lazyload\" data-sizes=\"auto\" data-srcset=\"https:\/\/buletin.de\/bucuresti\/wp-content\/uploads\/433969390_824023259754116_7753370722061531581_n-10-900x675.jpg 900w, https:\/\/buletin.de\/bucuresti\/wp-content\/uploads\/433969390_824023259754116_7753370722061531581_n-10-300x225.jpg 300w, https:\/\/buletin.de\/bucuresti\/wp-content\/uploads\/433969390_824023259754116_7753370722061531581_n-10-768x576.jpg 768w, https:\/\/buletin.de\/bucuresti\/wp-content\/uploads\/433969390_824023259754116_7753370722061531581_n-10-1536x1152.jpg 1536w, https:\/\/buletin.de\/bucuresti\/wp-content\/uploads\/433969390_824023259754116_7753370722061531581_n-10-1100x825.jpg 1100w, https:\/\/buletin.de\/bucuresti\/wp-content\/uploads\/433969390_824023259754116_7753370722061531581_n-10-600x450.jpg 600w, https:\/\/buletin.de\/bucuresti\/wp-content\/uploads\/433969390_824023259754116_7753370722061531581_n-10-20x15.jpg 20w, https:\/\/buletin.de\/bucuresti\/wp-content\/uploads\/433969390_824023259754116_7753370722061531581_n-10.jpg 1600w\" sizes=\"(max-width: 900px) 100vw, 900px\" \/><figcaption class=\"wp-element-caption\">Echipa Demos Buz\u0103u, candidat la prim\u0103rie George Epurescu<\/figcaption><\/figure>\n\n\n\n<p>R\u0103m\u00e2ne \u00eentrebarea \u201ece-ar fi fost dac\u0103\u201d? Demos avea planul pus pe h\u00e2rtie, pentru eventuala candidatur\u0103 la CGMB. Iar reprezentan\u0163ii partidului au stat de vorb\u0103 cu jurnali\u015ftii BdB \u015fi au subliniat ideile pe care le-ar fi implementat. O discu\u0163ie pur teoretic\u0103 &#8211; \u015fi \u00een cazul \u00een care le-ar fi fost acceptat\u0103 candidatura, \u015fansele erau oricum minime s\u0103 intre \u00een Consiliul General.<\/p>\n\n\n\n<h2 class=\"wp-block-heading\">Ideea pivotal\u0103<\/h2>\n\n\n\n<p>Platforma politic\u0103 pentru Bucure\u0219ti a Demos pune \u00een centru oamenii, potrivit lui Ionu\u021b Tudor, secretarul general al partidului. Programul pleac\u0103 de la juxtapunerea celor doi poli opu\u0219i ce definesc ora\u0219ul \u0219i traiul \u00een Bucure\u0219ti \u2013 bog\u0103\u021bie luxuriant\u0103 al\u0103turat\u0103 unei s\u0103r\u0103cii lucii. <\/p>\n\n\n\n<p class=\"has-small-font-size\"><em>\u201eMi se pare important s\u0103 punem \u00een centrul discu\u021biilor oamenii. A existat o apeten\u021b\u0103 pentru politici publice orientate c\u0103tre infrastructur\u0103, complet de \u00een\u021beles. \u00cen acela\u0219i timp, este de ne\u00een\u021beles o anumit\u0103 viziune a austerit\u0103\u021bii care pune accentul doar pe infrastructur\u0103, f\u0103r\u0103 s\u0103 mai ia \u00een considerare simultan grija pentru oameni. Aceasta se face prin intermediul serviciilor publice. (&#8230;) Ca societate civilizat\u0103, cred c\u0103 este obliga\u021bia noastr\u0103 s\u0103 facem tot posibilul s\u0103 asigur\u0103m minim de condi\u021bii decente \u0219i onorabile pentru oricine trece prin Bucure\u0219ti\u201d<\/em>, spune Ionu\u021b Tudor.<\/p>\n\n\n\n<p>\u00centrebat despre  \u201estrategia\u201d de abordare a discu\u021biilor din Consiliu, a modului prin care se vor impune \u0219i a rolului pe care consider\u0103 c\u0103 reprezentan\u021bii partidului \u00eel vor juca, I. Tudor spune c\u0103 este unul dual.<\/p>\n\n\n\n<p class=\"has-small-font-size\"><em>\u201e\u0218edin\u021bele de Consiliu \u0219i forurile de acest tip nu sunt \u00eentotdeauna dominate de un tip de ra\u021bionalitate public\u0103 sau de un interes general pe care cu to\u021bii ni l-am dori, desigur. \u00cen primul r\u00e2nd, \u0219i poate cel mai important, avem rolul de a propune politici publice. \u00cen momentul \u00een care ajung pe agenda public\u0103, ele nu mai pot fi deturnate sau nu mai pot fi r\u0103sturnate: presa are acces la ele, publicul are acces la ele. Obiectivul nostru principal, rolul nostru primordial, este cel de a propune politici publice.<\/em><\/p>\n\n\n\n<figure class=\"wp-block-image size-large\"><img decoding=\"async\" width=\"900\" height=\"599\" src=\"data:image\/gif;base64,R0lGODlhAQABAAAAACH5BAEKAAEALAAAAAABAAEAAAICTAEAOw==\" data-src=\"https:\/\/buletin.de\/bucuresti\/wp-content\/uploads\/sedinta-cgmb-cadru-larg-cu-nicusor-dan-900x599.jpg\" alt=\"\" class=\"wp-image-79128 lazyload\" data-sizes=\"auto\" data-srcset=\"https:\/\/buletin.de\/bucuresti\/wp-content\/uploads\/sedinta-cgmb-cadru-larg-cu-nicusor-dan-900x599.jpg 900w, https:\/\/buletin.de\/bucuresti\/wp-content\/uploads\/sedinta-cgmb-cadru-larg-cu-nicusor-dan-300x200.jpg 300w, https:\/\/buletin.de\/bucuresti\/wp-content\/uploads\/sedinta-cgmb-cadru-larg-cu-nicusor-dan-768x512.jpg 768w, https:\/\/buletin.de\/bucuresti\/wp-content\/uploads\/sedinta-cgmb-cadru-larg-cu-nicusor-dan-600x400.jpg 600w, https:\/\/buletin.de\/bucuresti\/wp-content\/uploads\/sedinta-cgmb-cadru-larg-cu-nicusor-dan-20x13.jpg 20w, https:\/\/buletin.de\/bucuresti\/wp-content\/uploads\/sedinta-cgmb-cadru-larg-cu-nicusor-dan.jpg 1024w\" sizes=\"(max-width: 900px) 100vw, 900px\" \/><figcaption class=\"wp-element-caption\">FOTO: \u015eedin\u0163\u0103 CGMB<\/figcaption><\/figure>\n\n\n\n<p class=\"has-small-font-size\"><em>A doua component\u0103 \u021bine de capacitatea noastr\u0103, oarecum individual\u0103, ca \u00een \u0219edin\u021bele de Consiliu s\u0103 putem argumenta sau contraargumenta cu privire la orice ini\u021biativ\u0103 sau orice propunere din cadrul Consiliului cu privire la viitorul Capitalei. P\u00e2n\u0103 la urma urmei, putem s\u0103 promitem activitate \u0219i implicare, dar aceasta trebuie demonstrat\u0103. Este \u0219ansa noastr\u0103 \u0219i trebuie s\u0103 o justific\u0103m la maxim. Ne-am aventurat \u00een aceast\u0103 direc\u021bie, trebuie s\u0103 o facem s\u0103 conteze.\u201d<\/em><\/p>\n\n\n\n<p><strong>Care ar fi primele proiecte pe care le-a\u021bi \u00eenainta? Sau care ar fi at\u00e2t cea mai presant\u0103 problem\u0103 sau mai u\u0219or rezolvabil\u0103?<\/strong><\/p>\n\n\n\n<p class=\"has-small-font-size\"><strong>Ionu\u021b Tudor:<\/strong><em> \u201eDup\u0103 cum bine constat\u0103m din traiul cotidian al Bucure\u0219tiului, sunt mai multe probleme simultane \u2013 multe aspecte care trebuie adresate. Anumite categorii de oameni se confrunt\u0103 cu o serie de probleme de un anumit tip, alt\u0103 categorie cu alt tip de probleme. \u00centrebarea este \u00abTrebuie sau putem s\u0103 prioritiz\u0103m anumite categorii sociale \u00een detrimentul altora?\u00bb E o \u00eentrebare legitim\u0103, la care este dificil de r\u0103spuns.&nbsp;<\/em><\/p>\n\n\n\n<p class=\"has-small-font-size\"><em>De o urgen\u021b\u0103 major\u0103 ar fi, de pild\u0103, punerea \u00een ordine a documentelor pentru persoane defavorizate. \u00cenc\u0103 mai avem probleme, de\u0219i s-au f\u0103cut pa\u0219i importan\u021bi. A nu avea documente \u00eenseamn\u0103 a nu avea o serie de facilit\u0103\u021bi de tipul cantin\u0103 sociale, beneficii financiare,diverse posibilit\u0103\u021bi de locuire \u0219.a.m.d.&nbsp;<\/em><\/p>\n\n\n\n<p class=\"has-small-font-size\"><em>\u00cens\u0103 \u0219i ea trebuie s\u0103 fie \u00eenso\u021bit\u0103 simultan de o serie de alte m\u0103suri \u2013 dezvoltarea unei re\u021bele de cantine sociale, o m\u0103sur\u0103 pe care nu o consider\u0103m neap\u0103rat complicat de implementat. Sau \u00eenfiin\u021barea de re\u021bele de pie\u021be \u021b\u0103r\u0103ne\u0219ti volante, care nu necesit\u0103 investi\u021bii majore din partea prim\u0103riei sau un efort logistic foarte amplu. Cred c\u0103 asta ar ajuta foarte mult \u00een condi\u021biile infla\u021biei existente \u0219i a pre\u021burilor crescute. Ar ajuta chiar \u0219i calitatea vie\u021bii, pentru c\u0103 ai acces la alimente s\u0103n\u0103toase \u0219i ieftine, \u00een proximitate\u201d.&nbsp;<\/em><\/p>\n\n\n\n<p>Un alt exemplu de problem\u0103 prioritar\u0103, dar care necesit\u0103 un \u201eefort concentrat\u201d ar fi \u00eenfiin\u021barea de farmacii municipale cu pre\u021buri sc\u0103zute, destinate, \u00een special, persoanelor cu probleme financiare: <em>\u201eMedicamentele sunt, pentru o bun\u0103 parte din concet\u0103\u021benii no\u0219tri, o prioritate zilnic\u0103\u201d. <\/em>Ar fi vorba despre ni\u0219te farmacii care s\u0103 func\u021bioneze \u00een regim non-profit dar s\u0103 fie capabile s\u0103 fie auto-sustenabile. Demos consider\u0103 farmaciile municipale o idee necesar\u0103 la nivel na\u021bional.&nbsp;<\/p>\n\n\n\n<h2 class=\"wp-block-heading\">Spa\u021bii verzi \u0219i aerul poluat<\/h2>\n\n\n\n<figure class=\"wp-block-image size-large\"><img decoding=\"async\" width=\"900\" height=\"675\" src=\"data:image\/gif;base64,R0lGODlhAQABAAAAACH5BAEKAAEALAAAAAABAAEAAAICTAEAOw==\" data-src=\"https:\/\/buletin.de\/bucuresti\/wp-content\/uploads\/20240323_181414-8-900x675.jpg\" alt=\"\" class=\"wp-image-84821 lazyload\" data-sizes=\"auto\" data-srcset=\"https:\/\/buletin.de\/bucuresti\/wp-content\/uploads\/20240323_181414-8-900x675.jpg 900w, https:\/\/buletin.de\/bucuresti\/wp-content\/uploads\/20240323_181414-8-300x225.jpg 300w, https:\/\/buletin.de\/bucuresti\/wp-content\/uploads\/20240323_181414-8-768x576.jpg 768w, https:\/\/buletin.de\/bucuresti\/wp-content\/uploads\/20240323_181414-8-1100x825.jpg 1100w, https:\/\/buletin.de\/bucuresti\/wp-content\/uploads\/20240323_181414-8-600x450.jpg 600w, https:\/\/buletin.de\/bucuresti\/wp-content\/uploads\/20240323_181414-8-20x15.jpg 20w, https:\/\/buletin.de\/bucuresti\/wp-content\/uploads\/20240323_181414-8.jpg 1440w\" sizes=\"(max-width: 900px) 100vw, 900px\" \/><\/figure>\n\n\n\n<p>Platforma politic\u0103 Demos cuprinde \u0219i o serie de puncte prin care lupt\u0103 pentru \u201emai mult spa\u021biu verde\u201d. Printre acestea se num\u0103r\u0103 acordarea de sprijin pentru ideea \u201ecoridoarelor verzi\u201d care s\u0103 conecteze zonele de verdea\u021b\u0103 din Capital\u0103 precum \u0219i pentru ideea centurilor verzi din jurul ora\u0219ului, accesibilizarea parcurilor \u0219i crearea de noi spa\u021bii verzi \u00een cartiere m\u0103rgina\u0219e \u0219i s\u0103race \u0219i axarea pe folosirea plantelor perene, nepreten\u021bioase \u0219i neinvazive, \u00een favoarea \u201eplantelor sezoniere decorative\u201d.<\/p>\n\n\n\n<p>Legat de un subiect care a fost foarte des \u00eent\u00e2lnit \u00een politic\u0103, \u00een ultimii ani, \u0219i anume folosirea drumului forestier din P\u0103durea B\u0103neasa de c\u0103tre locuitorii din cartierul reziden\u021bial Greenfield, secretarul general sus\u021bine c\u0103 \u201e<em>spa\u021biile verzi nu sunt negociabile\u201d:<\/em><\/p>\n\n\n\n<p class=\"has-small-font-size\"><em>\u201eTrebuie s\u0103 subliniem c\u0103 spa\u021biile verzi nu sunt negociabile, trebuie s\u0103 primeze pentru c\u0103 de ele ne bucur\u0103m to\u021bi. Toat\u0103 suflarea din Bucure\u0219ti este nemul\u021bumit\u0103 cu privire la calitatea aerului, iar principala modalitate prin care putem s\u0103 avem o calitate optim\u0103 a aerului este prin extinderea de spa\u021bii verzi, nicidecum prin \u00eengr\u0103direa sau eliminarea lor (&#8230;)<\/em> <em>Bucure\u0219tiul trebuie s\u0103 fie blindat de p\u0103duri, care s\u0103 fie capabile s\u0103 absoarb\u0103 excedentul de dioxid de carbon \u0219i de al\u021bi poluan\u021bi de la nivelul Bucure\u0219tiului.<\/em><\/p>\n\n\n\n<p>Arderile ilegale de de\u0219euri, un factor care contribuie semnificativ la nivelul de poluare a Bucure\u0219tiului \u0219i a zonelor din \u00eemprejurimi, sunt un lucru fa\u021b\u0103 de care reprezentan\u021bii Demos \u00ee\u0219i propun s\u0103 fie <em>\u201etran\u0219an\u021bi\u201d \u0219i s\u0103 lupte \u201ef\u0103r\u0103 nicio rezerv\u0103, prin toate mijloacele legale pe care le vor avea la dispozi\u021bie\u201d<\/em>. Un program prin care s\u0103 fie stopate aceste acte ilegale se leag\u0103 \u0219i de \u201eextinderea \u0219i armonizarea\u201d zonei metropolitane, dar \u0219i ideea unui inel feroviar \u00een jurul Bucure\u0219tiului.<\/p>\n\n\n\n<p>At\u00e2t <a href=\"http:\/\/.\">\u201e<\/a><a href=\"https:\/\/buletin.de\/bucuresti\/ce-inseamna-zona-metropolitana-unde-ne-putem-deplasa-fara-declaratie-in-starea-de-alerta\/\">zona metropolitan\u0103\u201d<\/a> c\u00e2t \u0219i <a href=\"https:\/\/buletin.de\/bucuresti\/centura-feroviara-a-capitalei-ce-ni-s-a-promis-in-12-ani-si-de-ce-nu-circula-trenurile-de-calatori-pe-ea\/\">inelul feroviar din jurul Capitalei<\/a> au fost idei \u00eenaintate \u0219i \u00een trecut, \u00eens\u0103 s-au pierdut pe parcurs. \u00cen cazul inelului feroviar, ar fi fost invocat\u0103 lipsa de fonduri: <em>\u201eVrem s\u0103 scoatem de la naftalin\u0103 aceast\u0103 solu\u021bie (&#8230;) exist\u0103 ni\u0219te obiective de investi\u021bii care, indiferent c\u00e2t de mult ar costa, sunt totu\u0219i necesare \u0219i vor aduce beneficii, indiferent de care ar fi problema imediat\u0103\u201d.&nbsp;<\/em><\/p>\n\n\n\n<h2 class=\"wp-block-heading\">Problematica locuirii<\/h2>\n\n\n\n<p>Potrivit celui mai nou raport <a href=\"https:\/\/activewatch.ro\/documents\/261\/Raport_locuire_Bucuresti.pdf\">ActiveWatch<\/a>, peste 30.000 de persoane\/familii vulnerabile au depus dosare pentru locuin\u021b\u0103 social\u0103 \u00een perioada 2010-2022, <a href=\"https:\/\/buletin.de\/bucuresti\/raport-i-un-deceniu-de-cereri-de-locuinte-sociale-doar-3-din-oamenii-care-au-cerut-un-acoperis-au-si-primit\/\">dintre care au fost acoperite numai 3% din cererile \u00eenregistrate<\/a>, \u00een ultimii 12 ani. <a href=\"https:\/\/buletin.de\/bucuresti\/video-repartitii-sociale-intr-un-bloc-santier-inmanate-de-gabriela-firea-cu-10-zile-inainte-de-alegeri\/\">\u00cen 2020, Gabriela Firea, Primarul General al Capitalei \u00een perioada aceea, \u00eenm\u00e2na reparti\u021bii sociale \u00eentr-un bloc-\u0219antier, cu 10 zile \u00eenainte de alegeri<\/a>. Imobilul din Prelungirea Ghencea ar fi trebuit finalizat \u00een luna august a anului 2020, \u00eens\u0103 construc\u021bia nu este terminat\u0103 nici acum. <\/p>\n\n\n\n<figure class=\"wp-block-gallery has-nested-images columns-default is-cropped wp-block-gallery-1 is-layout-flex wp-block-gallery-is-layout-flex\">\n<figure class=\"wp-block-image size-full\"><img loading=\"lazy\" decoding=\"async\" width=\"807\" height=\"560\" data-id=\"84822\" src=\"data:image\/gif;base64,R0lGODlhAQABAAAAACH5BAEKAAEALAAAAAABAAEAAAICTAEAOw==\" data-src=\"https:\/\/buletin.de\/bucuresti\/wp-content\/uploads\/captura-11.png\" alt=\"\" class=\"wp-image-84822 lazyload\" data-sizes=\"auto\" data-srcset=\"https:\/\/buletin.de\/bucuresti\/wp-content\/uploads\/captura-11.png 807w, https:\/\/buletin.de\/bucuresti\/wp-content\/uploads\/captura-11-300x208.png 300w, https:\/\/buletin.de\/bucuresti\/wp-content\/uploads\/captura-11-768x533.png 768w, https:\/\/buletin.de\/bucuresti\/wp-content\/uploads\/captura-11-600x416.png 600w, https:\/\/buletin.de\/bucuresti\/wp-content\/uploads\/captura-11-20x14.png 20w\" sizes=\"(max-width: 807px) 100vw, 807px\" \/><\/figure>\n\n\n\n<figure class=\"wp-block-image size-full\"><img loading=\"lazy\" decoding=\"async\" width=\"813\" height=\"576\" data-id=\"84823\" src=\"data:image\/gif;base64,R0lGODlhAQABAAAAACH5BAEKAAEALAAAAAABAAEAAAICTAEAOw==\" data-src=\"https:\/\/buletin.de\/bucuresti\/wp-content\/uploads\/Captura-de-ecran-2024-02-14-113452-4.png\" alt=\"\" class=\"wp-image-84823 lazyload\" data-sizes=\"auto\" data-srcset=\"https:\/\/buletin.de\/bucuresti\/wp-content\/uploads\/Captura-de-ecran-2024-02-14-113452-4.png 813w, https:\/\/buletin.de\/bucuresti\/wp-content\/uploads\/Captura-de-ecran-2024-02-14-113452-4-300x213.png 300w, https:\/\/buletin.de\/bucuresti\/wp-content\/uploads\/Captura-de-ecran-2024-02-14-113452-4-768x544.png 768w, https:\/\/buletin.de\/bucuresti\/wp-content\/uploads\/Captura-de-ecran-2024-02-14-113452-4-600x425.png 600w, https:\/\/buletin.de\/bucuresti\/wp-content\/uploads\/Captura-de-ecran-2024-02-14-113452-4-20x14.png 20w\" sizes=\"(max-width: 813px) 100vw, 813px\" \/><\/figure>\n<figcaption class=\"blocks-gallery-caption wp-element-caption\">Surs\u0103: fragmente <a href=\"https:\/\/buletin.de\/bucuresti\/raport-i-un-deceniu-de-cereri-de-locuinte-sociale-doar-3-din-oamenii-care-au-cerut-un-acoperis-au-si-primit\/\">grafice articol Buletin de Bucure\u0219ti<\/a><\/figcaption><\/figure>\n\n\n\n<p class=\"has-small-font-size\"><em><strong>Ionu\u021b Tudor:<\/strong><em> <\/em>\u201eEu pot s\u0103 \u00een\u021beleg faptul c\u0103 am avut perioade de pandemie, pot s\u0103 \u00een\u021beleg c\u0103 anumite venituri ale prim\u0103riei au sc\u0103zut \u00een perioada pandemic\u0103, pot s\u0103 \u00een\u021beleg c\u0103 priorit\u0103\u021bile au fost considerate a fi altele. Ceea ce nu putem \u00een\u021belege este de ce se insist\u0103 pe o anumit\u0103 politic\u0103 a austerit\u0103\u021bii. Anumite ac\u021biuni, la un nivel at\u00e2t de amplu cum este Bucure\u0219tiul, <strong>pot fi g\u00e2ndite simultan.<\/strong><\/em><\/p>\n\n\n\n<p class=\"has-small-font-size\"><strong><em>Nu exist\u0103 nicio incompatibilitate \u00eentre a schimba re\u021belele de alimentare cu ap\u0103 \u0219i c\u0103ldur\u0103 ale Bucure\u0219tiului \u0219i construc\u021bia de locuin\u021be sociale.<\/em><\/strong><em> Administra\u021bia curent\u0103 a considerat c\u0103 locuin\u021bele sociale nu sunt prioritare. <\/em><strong><em>Mi se pare c\u0103 rolul nostru este de a revizui \u0219i revizita viziunea politic\u0103 \u0219i de a accentua necesitatea de locuin\u021be sociale,<\/em><\/strong><em> \u00een condi\u021biile \u00een care constat\u0103m c\u0103, odat\u0103 cu cre\u0219terea infla\u021biei, au crescut chiriile. Este un mers aproape inerent al oric\u0103rei economii. <\/em><\/p>\n\n\n\n<p>Potrivit reprezentantului Demos, locuin\u021bele sociale ar trebui s\u0103 vin\u0103 la pachet cu alte m\u0103suri, precum introducerea \u00een circuitul pie\u021bei a celor 25% de imobile din Bucure\u0219ti care nu sunt locuite \u0219i <strong>impozitarea progresiv\u0103<\/strong> \u00een func\u021bie de num\u0103rul de locuin\u021be pe care cineva le de\u021bine, idee ce se poate aplica \u0219i c\u00e2nd vine vorba de autoturisme:&nbsp;&nbsp;<\/p>\n\n\n\n<p class=\"has-small-font-size\"><em>\u201eManiera \u00een care proprietarii consider\u0103 c\u0103 se folosesc de bun prin l\u0103sarea lui \u00een paragin\u0103 nu este benefic pentru Bucure\u0219ti (&#8230;) Este o chestiune care \u021bine de politic\u0103 public\u0103 \u0219i care nu a fost ridicat\u0103 \u00een societatea noastr\u0103. Impresia c\u0103 exist\u0103 un num\u0103r infinit de imobile la dispozi\u021bie \u0219i oricine poate cump\u0103ra \u0219apte case f\u0103r\u0103 s\u0103 distorsioneze pia\u021ba ne duce \u00een situa\u021bii precum cea actual\u0103 cu privire la chiriile din Bucure\u0219ti \u0219i nu numai. Aici se poate discuta cu privire la ajustarea impozitelor at\u00e2t cu privire la imobile c\u00e2t \u0219i cu privire la automobile\u201d.<\/em><\/p>\n\n\n\n<h2 class=\"wp-block-heading\">Pie\u021be volante \u0219i economia social\u0103<\/h2>\n\n\n\n<p class=\"has-small-font-size\"><em><strong>Ionu\u021b Tudor:<\/strong><em> <\/em><\/em>\u201e<em>Economia social\u0103 este crucial\u0103 din punctul nostru de vedere prin prisma reglement\u0103rii la nivel na\u021bional \u0219i a sus\u021binerii din partea Uniunii Europene, nu doar legislativ. Drept dovad\u0103, \u00een ultimii ani, avem o excluzie la nivel na\u021bional de cooperative \u0219i asocia\u021bii. Marea majoritate sunt \u00een domeniul agricol dar vedem cum, \u00eencetul cu \u00eencetul, au \u00eenceput s\u0103 reapar\u0103 casele de ajutor reciproc \u0219i ne \u00eentreb\u0103m \u00abnu putem extinde aceast\u0103 filosofie de organizare economic\u0103 \u0219i mai mult?\u00bb<\/em>\u201d<\/p>\n\n\n\n<p>Cooperativele nu ar avea numai un impact economic, ci \u0219i unul de natur\u0103 social\u0103, respect\u00e2nd \u0219i <em>principiul lan\u021bului scurt de aprovizionare<\/em>.<\/p>\n\n\n\n<h2 class=\"wp-block-heading\">Centru de sprijin pentru lucr\u0103tori <\/h2>\n\n\n\n<p>\u00cen programul politic se pune accentul pe mai multe tipuri de persoane care pot avea nevoie de ajutor, precum oamenii \u00een v\u00e2rst\u0103, singuri \u0219i cu pensii infime, persoanele, \u0219i \u00een special femeile, victime ale violen\u021bei domestice, dar \u0219i muncitorii exploata\u021bi. Una dintre propunerile Demos este \u00eenfiin\u021barea unui centru de sprijin pentru lucr\u0103torii din Bucure\u0219ti, oricine ar fi ace\u0219tia. <\/p>\n\n\n\n<p>Ionu\u021b Tudor subliniaz\u0103 faptul c\u0103 nu este vorba despre o suprapunere de atribu\u021bii cu Inspectoratele Teritoriale ale Muncii (ITM), ci de o compensare a activit\u0103\u021bii acestora, oarecum deficitar\u0103: <em>\u201enu au suficient personal ca s\u0103 poat\u0103 s\u0103-\u0219i \u00eendeplineasc\u0103 obliga\u021biile prev\u0103zute de lege \u2013 control al activit\u0103\u021bilor lucrative, astfel \u00eenc\u00e2t s\u0103 se asigure c\u0103 drepturile angaja\u021bilor sunt respectate. Controalele apar sporadic, rareori, \u0219i atunci c\u00e2nd se \u00eent\u00e2mpl\u0103 un accident.\u201d<\/em><\/p>\n\n\n\n<p>At\u00e2t rom\u00e2nii care vin din alte ora\u0219e s\u0103 lucreze \u00een Bucure\u0219ti, c\u00e2t \u0219i str\u0103inii care vin s\u0103 lucreze \u00een Rom\u00e2nia, se pot confrunta cu multe tipuri de probleme c\u00e2nd vine vorba de respectarea drepturilor. <a href=\"https:\/\/www.aljazeera.com\/features\/2023\/12\/14\/conned-exploited-trapped-romanias-new-flock-of-asian-delivery-riders\"> Al Jazeera<\/a>&nbsp;a realizat un reportaj despre c\u00e2\u021biva dintre migran\u021bii veni\u021bi din Sri Lanka, care prezint\u0103 un <a href=\"https:\/\/buletin.de\/bucuresti\/pacaliti-exploatati-captivi-experienta-asiaticilor-veniti-sa-lucreze-in-bucuresti\/\">caz des \u00eent\u00e2lnit al migran\u021bilor p\u0103c\u0103li\u021bi s\u0103 vin\u0103 \u00een Bucure\u0219ti care ajung s\u0103 livreze m\u00e2ncare \u00een \u201etimpul liber\u201d<\/a>, pentru a supravie\u021bui \u0219i pl\u0103ti datoriile, locuind, de multe ori, \u00een condi\u021bii improprii.<\/p>\n\n\n\n<figure class=\"wp-block-image size-large\"><img loading=\"lazy\" decoding=\"async\" width=\"900\" height=\"507\" src=\"data:image\/gif;base64,R0lGODlhAQABAAAAACH5BAEKAAEALAAAAAABAAEAAAICTAEAOw==\" data-src=\"https:\/\/buletin.de\/bucuresti\/wp-content\/uploads\/20231124_131913-900x507.jpg\" alt=\"\" class=\"wp-image-72791 lazyload\" data-sizes=\"auto\" data-srcset=\"https:\/\/buletin.de\/bucuresti\/wp-content\/uploads\/20231124_131913-900x507.jpg 900w, https:\/\/buletin.de\/bucuresti\/wp-content\/uploads\/20231124_131913-300x169.jpg 300w, https:\/\/buletin.de\/bucuresti\/wp-content\/uploads\/20231124_131913-768x432.jpg 768w, https:\/\/buletin.de\/bucuresti\/wp-content\/uploads\/20231124_131913-1536x865.jpg 1536w, https:\/\/buletin.de\/bucuresti\/wp-content\/uploads\/20231124_131913-1600x901.jpg 1600w, https:\/\/buletin.de\/bucuresti\/wp-content\/uploads\/20231124_131913-1100x619.jpg 1100w, https:\/\/buletin.de\/bucuresti\/wp-content\/uploads\/20231124_131913-600x338.jpg 600w, https:\/\/buletin.de\/bucuresti\/wp-content\/uploads\/20231124_131913-20x11.jpg 20w, https:\/\/buletin.de\/bucuresti\/wp-content\/uploads\/20231124_131913.jpg 2000w\" sizes=\"(max-width: 900px) 100vw, 900px\" \/><figcaption class=\"wp-element-caption\">Surs\u0103: Cosmin Pojoranu<\/figcaption><\/figure>\n\n\n\n<p>\u00cen general, este vorba despre <em>\u201epersoane despre care nu \u0219tim foarte multe, le vedem, dar nu avem nicio siguran\u021b\u0103 c\u0103 drepturile lor sunt respectate \u2013 nu \u0219tim nimic despre ei. Aici sunt inclu\u015fi \u0219i rom\u00e2nii care vin din afara Bucure\u0219tiului s\u0103 lucreze \u00een Capital\u0103<\/em>\u201d, spune secretarul general Demos. <\/p>\n\n\n\n<h2 class=\"wp-block-heading\">Scurt istoric<\/h2>\n\n\n\n<p>Platforma Demos a fost \u00eenfiin\u021bat\u0103 \u00een 2015, \u0219i-a lansat manifestul \u00een 2016 \u0219i \u00een 2018 \u0219i-a \u00eenregistrat un partid, Partidul Demos. Acesta este&nbsp;<em>\u201eun nou partid cu orientare de centru st\u00e2nga, progresist\u0103 \u0219i ecologist\u0103\u201d<\/em>, spune <a href=\"https:\/\/buletin.de\/bucuresti\/interviu-mai-exista-demos-claudiu-craciun-si-ionut-tudor-despre-posibila-candidatura-a-stangii-progresiste-la-cgmb\/\">Claudiu Cr\u0103ciun<\/a>.<\/p>\n\n\n\n<p>Este a patra tentativ\u0103 e\u015fuat\u0103 a partidului de a a atinge pragul necesar de semn\u0103turi pentru validarea candidaturii. Ultima oar\u0103 a fost \u00een 2020, tot pentru CGMB. \u00cen 2019, ace\u0219tia nu au atins nici pragul pentru preziden\u021biale, str\u00e2ng\u00e2nd \u00een jur de 13.000 de semn\u0103turi, \u0219i nici pragul minim de semn\u0103turi pentru Parlamentul European.<\/p>\n","protected":false},"excerpt":{"rendered":"<p>Partidul Democra\u0163ie \u015fi Solidaritate (DEMOS), care se pozi\u0163ioneaz\u0103 doctrinar ca fiind de st\u00e2nga progresist\u0103, a renun\u0163at la candidatura pentru Consiliul General al Capitalei, pentru c\u0103 nu a putut str\u00e2nge semn\u0103turile necesare. \u00cen schimb, micul partid s-a \u00eenscris la alegerile pentru Consiliul Local al Sectorului 1. Dac\u0103 p\u00e2n\u0103 acum DEMOS nu fusese pe niciun buletin de [&hellip;]<\/p>\n","protected":false},"author":47,"featured_media":84827,"comment_status":"closed","ping_status":"open","sticky":false,"template":"","format":"standard","meta":{"_acf_changed":false,"inline_featured_image":false,"ngg_post_thumbnail":0,"footnotes":""},"categories":[6994,5762,9025],"tags":[9,2054,148,10845,11261,499,11263,11262,11673,11672],"ppma_author":[22580],"class_list":["post-84630","post","type-post","status-publish","format-standard","has-post-thumbnail","hentry","category-stiri-2","category-main","category-politic","tag-bucuresti","tag-capitala","tag-cgmb","tag-consiliul-general-al-municipiului-bucuresti","tag-demos","tag-interviu","tag-partidul-democratiei-si-solidaritatii","tag-partidul-demos","tag-platforma-politica","tag-program-politic"],"acf":[],"yoast_head":"<!-- This site is optimized with the Yoast SEO Premium plugin v25.3 (Yoast SEO v27.5) - https:\/\/yoast.com\/product\/yoast-seo-premium-wordpress\/ -->\n<title>Alternativa \u201esub\u0163ire\u201d pentru st\u00e2nga d\u00e2mbovi\u0163ean\u0103. DEMOS n-a str\u00e2ns semn\u0103turi pentru Capital\u0103, dar \u0219i-a \u00eencercat norocul la S1 - Buletin de Bucure\u0219ti<\/title>\n<meta name=\"robots\" content=\"index, follow, max-snippet:-1, max-image-preview:large, max-video-preview:-1\" \/>\n<link rel=\"canonical\" href=\"https:\/\/buletin.de\/bucuresti\/alternativa-subtire-pentru-stanga-damboviteana-demos-n-a-strans-semnaturi-pentru-capitala-dar-si-a-incercat-norocul-la-s1\/\" \/>\n<meta property=\"og:locale\" content=\"en_GB\" \/>\n<meta property=\"og:type\" content=\"article\" \/>\n<meta property=\"og:title\" content=\"Alternativa \u201esub\u0163ire\u201d pentru st\u00e2nga d\u00e2mbovi\u0163ean\u0103. DEMOS n-a str\u00e2ns semn\u0103turi pentru Capital\u0103, dar \u0219i-a \u00eencercat norocul la S1\" \/>\n<meta property=\"og:description\" content=\"Partidul Democra\u0163ie \u015fi Solidaritate (DEMOS), care se pozi\u0163ioneaz\u0103 doctrinar ca fiind de st\u00e2nga progresist\u0103, a renun\u0163at la candidatura pentru Consiliul General al Capitalei, pentru c\u0103 nu a putut str\u00e2nge semn\u0103turile necesare. \u00cen schimb, micul partid s-a \u00eenscris la alegerile pentru Consiliul Local al Sectorului 1. Dac\u0103 p\u00e2n\u0103 acum DEMOS nu fusese pe niciun buletin de [&hellip;]\" \/>\n<meta property=\"og:url\" content=\"https:\/\/buletin.de\/bucuresti\/alternativa-subtire-pentru-stanga-damboviteana-demos-n-a-strans-semnaturi-pentru-capitala-dar-si-a-incercat-norocul-la-s1\/\" \/>\n<meta property=\"og:site_name\" content=\"Buletin de Bucure\u0219ti\" \/>\n<meta property=\"article:publisher\" content=\"https:\/\/www.facebook.com\/buletin.de.buc\" \/>\n<meta property=\"article:published_time\" content=\"2024-05-04T09:25:36+00:00\" \/>\n<meta property=\"article:modified_time\" content=\"2024-05-06T09:55:31+00:00\" \/>\n<meta property=\"og:image\" content=\"https:\/\/buletin.de\/bucuresti\/wp-content\/uploads\/foiykkjm4ku.jpg\" \/>\n\t<meta property=\"og:image:width\" content=\"1600\" \/>\n\t<meta property=\"og:image:height\" content=\"1060\" \/>\n\t<meta property=\"og:image:type\" content=\"image\/jpeg\" \/>\n<meta name=\"author\" content=\"Adina C\u0103p\u00eelnean\" \/>\n<meta name=\"twitter:card\" content=\"summary_large_image\" \/>\n<meta name=\"twitter:label1\" content=\"Written by\" \/>\n\t<meta name=\"twitter:data1\" content=\"Adina C\u0103p\u00eelnean\" \/>\n\t<meta name=\"twitter:label2\" content=\"Estimated reading time\" \/>\n\t<meta name=\"twitter:data2\" content=\"1 minute\" \/>\n<script type=\"application\/ld+json\" class=\"yoast-schema-graph\">{\"@context\":\"https:\\\/\\\/schema.org\",\"@graph\":[{\"@type\":\"Article\",\"@id\":\"https:\\\/\\\/buletin.de\\\/bucuresti\\\/alternativa-subtire-pentru-stanga-damboviteana-demos-n-a-strans-semnaturi-pentru-capitala-dar-si-a-incercat-norocul-la-s1\\\/#article\",\"isPartOf\":{\"@id\":\"https:\\\/\\\/buletin.de\\\/bucuresti\\\/alternativa-subtire-pentru-stanga-damboviteana-demos-n-a-strans-semnaturi-pentru-capitala-dar-si-a-incercat-norocul-la-s1\\\/\"},\"author\":{\"name\":\"Adina C\u0103p\u00eelnean\",\"@id\":\"https:\\\/\\\/buletin.de\\\/bucuresti\\\/#\\\/schema\\\/person\\\/ab174cf6711728e4ee83d672acf9a912\"},\"headline\":\"Alternativa \u201esub\u0163ire\u201d pentru st\u00e2nga d\u00e2mbovi\u0163ean\u0103. DEMOS n-a str\u00e2ns semn\u0103turi pentru Capital\u0103, dar \u0219i-a \u00eencercat norocul la S1\",\"datePublished\":\"2024-05-04T09:25:36+00:00\",\"dateModified\":\"2024-05-06T09:55:31+00:00\",\"mainEntityOfPage\":{\"@id\":\"https:\\\/\\\/buletin.de\\\/bucuresti\\\/alternativa-subtire-pentru-stanga-damboviteana-demos-n-a-strans-semnaturi-pentru-capitala-dar-si-a-incercat-norocul-la-s1\\\/\"},\"wordCount\":2298,\"publisher\":{\"@id\":\"https:\\\/\\\/buletin.de\\\/bucuresti\\\/#organization\"},\"image\":{\"@id\":\"https:\\\/\\\/buletin.de\\\/bucuresti\\\/alternativa-subtire-pentru-stanga-damboviteana-demos-n-a-strans-semnaturi-pentru-capitala-dar-si-a-incercat-norocul-la-s1\\\/#primaryimage\"},\"thumbnailUrl\":\"https:\\\/\\\/buletin.de\\\/bucuresti\\\/wp-content\\\/uploads\\\/foiykkjm4ku.jpg\",\"keywords\":[\"bucuresti\",\"Capitala\",\"cgmb\",\"consiliul general al municipiului bucuresti\",\"demos\",\"interviu\",\"partidul democratiei si solidaritatii\",\"partidul demos\",\"platforma politica\",\"program politic\"],\"articleSection\":[\"Articole\",\"Main\",\"Politic\"],\"inLanguage\":\"en-GB\",\"copyrightYear\":\"2024\",\"copyrightHolder\":{\"@id\":\"https:\\\/\\\/buletin.de\\\/bucuresti\\\/#organization\"}},{\"@type\":\"WebPage\",\"@id\":\"https:\\\/\\\/buletin.de\\\/bucuresti\\\/alternativa-subtire-pentru-stanga-damboviteana-demos-n-a-strans-semnaturi-pentru-capitala-dar-si-a-incercat-norocul-la-s1\\\/\",\"url\":\"https:\\\/\\\/buletin.de\\\/bucuresti\\\/alternativa-subtire-pentru-stanga-damboviteana-demos-n-a-strans-semnaturi-pentru-capitala-dar-si-a-incercat-norocul-la-s1\\\/\",\"name\":\"Alternativa \u201esub\u0163ire\u201d pentru st\u00e2nga d\u00e2mbovi\u0163ean\u0103. DEMOS n-a str\u00e2ns semn\u0103turi pentru Capital\u0103, dar \u0219i-a \u00eencercat norocul la S1 - Buletin de Bucure\u0219ti\",\"isPartOf\":{\"@id\":\"https:\\\/\\\/buletin.de\\\/bucuresti\\\/#website\"},\"primaryImageOfPage\":{\"@id\":\"https:\\\/\\\/buletin.de\\\/bucuresti\\\/alternativa-subtire-pentru-stanga-damboviteana-demos-n-a-strans-semnaturi-pentru-capitala-dar-si-a-incercat-norocul-la-s1\\\/#primaryimage\"},\"image\":{\"@id\":\"https:\\\/\\\/buletin.de\\\/bucuresti\\\/alternativa-subtire-pentru-stanga-damboviteana-demos-n-a-strans-semnaturi-pentru-capitala-dar-si-a-incercat-norocul-la-s1\\\/#primaryimage\"},\"thumbnailUrl\":\"https:\\\/\\\/buletin.de\\\/bucuresti\\\/wp-content\\\/uploads\\\/foiykkjm4ku.jpg\",\"datePublished\":\"2024-05-04T09:25:36+00:00\",\"dateModified\":\"2024-05-06T09:55:31+00:00\",\"breadcrumb\":{\"@id\":\"https:\\\/\\\/buletin.de\\\/bucuresti\\\/alternativa-subtire-pentru-stanga-damboviteana-demos-n-a-strans-semnaturi-pentru-capitala-dar-si-a-incercat-norocul-la-s1\\\/#breadcrumb\"},\"inLanguage\":\"en-GB\",\"potentialAction\":[{\"@type\":\"ReadAction\",\"target\":[\"https:\\\/\\\/buletin.de\\\/bucuresti\\\/alternativa-subtire-pentru-stanga-damboviteana-demos-n-a-strans-semnaturi-pentru-capitala-dar-si-a-incercat-norocul-la-s1\\\/\"]}]},{\"@type\":\"ImageObject\",\"inLanguage\":\"en-GB\",\"@id\":\"https:\\\/\\\/buletin.de\\\/bucuresti\\\/alternativa-subtire-pentru-stanga-damboviteana-demos-n-a-strans-semnaturi-pentru-capitala-dar-si-a-incercat-norocul-la-s1\\\/#primaryimage\",\"url\":\"https:\\\/\\\/buletin.de\\\/bucuresti\\\/wp-content\\\/uploads\\\/foiykkjm4ku.jpg\",\"contentUrl\":\"https:\\\/\\\/buletin.de\\\/bucuresti\\\/wp-content\\\/uploads\\\/foiykkjm4ku.jpg\",\"width\":1600,\"height\":1060,\"caption\":\"surs\u0103: Unsplash\"},{\"@type\":\"BreadcrumbList\",\"@id\":\"https:\\\/\\\/buletin.de\\\/bucuresti\\\/alternativa-subtire-pentru-stanga-damboviteana-demos-n-a-strans-semnaturi-pentru-capitala-dar-si-a-incercat-norocul-la-s1\\\/#breadcrumb\",\"itemListElement\":[{\"@type\":\"ListItem\",\"position\":1,\"name\":\"Acas\u0103\",\"item\":\"https:\\\/\\\/buletin.de\\\/bucuresti\\\/\"},{\"@type\":\"ListItem\",\"position\":2,\"name\":\"Alternativa \u201esub\u0163ire\u201d pentru st\u00e2nga d\u00e2mbovi\u0163ean\u0103. DEMOS n-a str\u00e2ns semn\u0103turi pentru Capital\u0103, dar \u0219i-a \u00eencercat norocul la S1\"}]},{\"@type\":\"WebSite\",\"@id\":\"https:\\\/\\\/buletin.de\\\/bucuresti\\\/#website\",\"url\":\"https:\\\/\\\/buletin.de\\\/bucuresti\\\/\",\"name\":\"Buletin de Bucure\u0219ti\",\"description\":\"\u0218tiri \u0219i investiga\u021bii esen\u021biale din capital\u0103\",\"publisher\":{\"@id\":\"https:\\\/\\\/buletin.de\\\/bucuresti\\\/#organization\"},\"potentialAction\":[{\"@type\":\"SearchAction\",\"target\":{\"@type\":\"EntryPoint\",\"urlTemplate\":\"https:\\\/\\\/buletin.de\\\/bucuresti\\\/?s={search_term_string}\"},\"query-input\":{\"@type\":\"PropertyValueSpecification\",\"valueRequired\":true,\"valueName\":\"search_term_string\"}}],\"inLanguage\":\"en-GB\"},{\"@type\":\"Organization\",\"@id\":\"https:\\\/\\\/buletin.de\\\/bucuresti\\\/#organization\",\"name\":\"Buletin de Bucure\u0219ti\",\"url\":\"https:\\\/\\\/buletin.de\\\/bucuresti\\\/\",\"logo\":{\"@type\":\"ImageObject\",\"inLanguage\":\"en-GB\",\"@id\":\"https:\\\/\\\/buletin.de\\\/bucuresti\\\/#\\\/schema\\\/logo\\\/image\\\/\",\"url\":\"https:\\\/\\\/buletin.de\\\/bucuresti\\\/wp-content\\\/uploads\\\/logo-bdb-full-wide-vernil-transparent.png\",\"contentUrl\":\"https:\\\/\\\/buletin.de\\\/bucuresti\\\/wp-content\\\/uploads\\\/logo-bdb-full-wide-vernil-transparent.png\",\"width\":1782,\"height\":626,\"caption\":\"Buletin de Bucure\u0219ti\"},\"image\":{\"@id\":\"https:\\\/\\\/buletin.de\\\/bucuresti\\\/#\\\/schema\\\/logo\\\/image\\\/\"},\"sameAs\":[\"https:\\\/\\\/www.facebook.com\\\/buletin.de.buc\",\"https:\\\/\\\/www.instagram.com\\\/buletinde.bucuresti\\\/\"]},{\"@type\":\"Person\",\"@id\":\"https:\\\/\\\/buletin.de\\\/bucuresti\\\/#\\\/schema\\\/person\\\/ab174cf6711728e4ee83d672acf9a912\",\"name\":\"Adina C\u0103p\u00eelnean\",\"image\":{\"@type\":\"ImageObject\",\"inLanguage\":\"en-GB\",\"@id\":\"https:\\\/\\\/secure.gravatar.com\\\/avatar\\\/4fe9675d6282fd7c1aa4e486a037d532d5728fc16a30360f293eb6126b2e73ad?s=96&d=monsterid&r=ge2b23868508aec3460d3c6a11d3b599a\",\"url\":\"https:\\\/\\\/secure.gravatar.com\\\/avatar\\\/4fe9675d6282fd7c1aa4e486a037d532d5728fc16a30360f293eb6126b2e73ad?s=96&d=monsterid&r=g\",\"contentUrl\":\"https:\\\/\\\/secure.gravatar.com\\\/avatar\\\/4fe9675d6282fd7c1aa4e486a037d532d5728fc16a30360f293eb6126b2e73ad?s=96&d=monsterid&r=g\",\"caption\":\"Adina C\u0103p\u00eelnean\"},\"url\":\"https:\\\/\\\/buletin.de\\\/bucuresti\\\/author\\\/adinacapilnean\\\/\"}]}<\/script>\n<!-- \/ Yoast SEO Premium plugin. -->","yoast_head_json":{"title":"Alternativa \u201esub\u0163ire\u201d pentru st\u00e2nga d\u00e2mbovi\u0163ean\u0103. DEMOS n-a str\u00e2ns semn\u0103turi pentru Capital\u0103, dar \u0219i-a \u00eencercat norocul la S1 - Buletin de Bucure\u0219ti","robots":{"index":"index","follow":"follow","max-snippet":"max-snippet:-1","max-image-preview":"max-image-preview:large","max-video-preview":"max-video-preview:-1"},"canonical":"https:\/\/buletin.de\/bucuresti\/alternativa-subtire-pentru-stanga-damboviteana-demos-n-a-strans-semnaturi-pentru-capitala-dar-si-a-incercat-norocul-la-s1\/","og_locale":"en_GB","og_type":"article","og_title":"Alternativa \u201esub\u0163ire\u201d pentru st\u00e2nga d\u00e2mbovi\u0163ean\u0103. DEMOS n-a str\u00e2ns semn\u0103turi pentru Capital\u0103, dar \u0219i-a \u00eencercat norocul la S1","og_description":"Partidul Democra\u0163ie \u015fi Solidaritate (DEMOS), care se pozi\u0163ioneaz\u0103 doctrinar ca fiind de st\u00e2nga progresist\u0103, a renun\u0163at la candidatura pentru Consiliul General al Capitalei, pentru c\u0103 nu a putut str\u00e2nge semn\u0103turile necesare. \u00cen schimb, micul partid s-a \u00eenscris la alegerile pentru Consiliul Local al Sectorului 1. Dac\u0103 p\u00e2n\u0103 acum DEMOS nu fusese pe niciun buletin de [&hellip;]","og_url":"https:\/\/buletin.de\/bucuresti\/alternativa-subtire-pentru-stanga-damboviteana-demos-n-a-strans-semnaturi-pentru-capitala-dar-si-a-incercat-norocul-la-s1\/","og_site_name":"Buletin de Bucure\u0219ti","article_publisher":"https:\/\/www.facebook.com\/buletin.de.buc","article_published_time":"2024-05-04T09:25:36+00:00","article_modified_time":"2024-05-06T09:55:31+00:00","og_image":[{"width":1600,"height":1060,"url":"https:\/\/buletin.de\/bucuresti\/wp-content\/uploads\/foiykkjm4ku.jpg","type":"image\/jpeg"}],"author":"Adina C\u0103p\u00eelnean","twitter_card":"summary_large_image","twitter_misc":{"Written by":"Adina C\u0103p\u00eelnean","Estimated reading time":"1 minute"},"schema":{"@context":"https:\/\/schema.org","@graph":[{"@type":"Article","@id":"https:\/\/buletin.de\/bucuresti\/alternativa-subtire-pentru-stanga-damboviteana-demos-n-a-strans-semnaturi-pentru-capitala-dar-si-a-incercat-norocul-la-s1\/#article","isPartOf":{"@id":"https:\/\/buletin.de\/bucuresti\/alternativa-subtire-pentru-stanga-damboviteana-demos-n-a-strans-semnaturi-pentru-capitala-dar-si-a-incercat-norocul-la-s1\/"},"author":{"name":"Adina C\u0103p\u00eelnean","@id":"https:\/\/buletin.de\/bucuresti\/#\/schema\/person\/ab174cf6711728e4ee83d672acf9a912"},"headline":"Alternativa \u201esub\u0163ire\u201d pentru st\u00e2nga d\u00e2mbovi\u0163ean\u0103. DEMOS n-a str\u00e2ns semn\u0103turi pentru Capital\u0103, dar \u0219i-a \u00eencercat norocul la S1","datePublished":"2024-05-04T09:25:36+00:00","dateModified":"2024-05-06T09:55:31+00:00","mainEntityOfPage":{"@id":"https:\/\/buletin.de\/bucuresti\/alternativa-subtire-pentru-stanga-damboviteana-demos-n-a-strans-semnaturi-pentru-capitala-dar-si-a-incercat-norocul-la-s1\/"},"wordCount":2298,"publisher":{"@id":"https:\/\/buletin.de\/bucuresti\/#organization"},"image":{"@id":"https:\/\/buletin.de\/bucuresti\/alternativa-subtire-pentru-stanga-damboviteana-demos-n-a-strans-semnaturi-pentru-capitala-dar-si-a-incercat-norocul-la-s1\/#primaryimage"},"thumbnailUrl":"https:\/\/buletin.de\/bucuresti\/wp-content\/uploads\/foiykkjm4ku.jpg","keywords":["bucuresti","Capitala","cgmb","consiliul general al municipiului bucuresti","demos","interviu","partidul democratiei si solidaritatii","partidul demos","platforma politica","program politic"],"articleSection":["Articole","Main","Politic"],"inLanguage":"en-GB","copyrightYear":"2024","copyrightHolder":{"@id":"https:\/\/buletin.de\/bucuresti\/#organization"}},{"@type":"WebPage","@id":"https:\/\/buletin.de\/bucuresti\/alternativa-subtire-pentru-stanga-damboviteana-demos-n-a-strans-semnaturi-pentru-capitala-dar-si-a-incercat-norocul-la-s1\/","url":"https:\/\/buletin.de\/bucuresti\/alternativa-subtire-pentru-stanga-damboviteana-demos-n-a-strans-semnaturi-pentru-capitala-dar-si-a-incercat-norocul-la-s1\/","name":"Alternativa \u201esub\u0163ire\u201d pentru st\u00e2nga d\u00e2mbovi\u0163ean\u0103. DEMOS n-a str\u00e2ns semn\u0103turi pentru Capital\u0103, dar \u0219i-a \u00eencercat norocul la S1 - Buletin de Bucure\u0219ti","isPartOf":{"@id":"https:\/\/buletin.de\/bucuresti\/#website"},"primaryImageOfPage":{"@id":"https:\/\/buletin.de\/bucuresti\/alternativa-subtire-pentru-stanga-damboviteana-demos-n-a-strans-semnaturi-pentru-capitala-dar-si-a-incercat-norocul-la-s1\/#primaryimage"},"image":{"@id":"https:\/\/buletin.de\/bucuresti\/alternativa-subtire-pentru-stanga-damboviteana-demos-n-a-strans-semnaturi-pentru-capitala-dar-si-a-incercat-norocul-la-s1\/#primaryimage"},"thumbnailUrl":"https:\/\/buletin.de\/bucuresti\/wp-content\/uploads\/foiykkjm4ku.jpg","datePublished":"2024-05-04T09:25:36+00:00","dateModified":"2024-05-06T09:55:31+00:00","breadcrumb":{"@id":"https:\/\/buletin.de\/bucuresti\/alternativa-subtire-pentru-stanga-damboviteana-demos-n-a-strans-semnaturi-pentru-capitala-dar-si-a-incercat-norocul-la-s1\/#breadcrumb"},"inLanguage":"en-GB","potentialAction":[{"@type":"ReadAction","target":["https:\/\/buletin.de\/bucuresti\/alternativa-subtire-pentru-stanga-damboviteana-demos-n-a-strans-semnaturi-pentru-capitala-dar-si-a-incercat-norocul-la-s1\/"]}]},{"@type":"ImageObject","inLanguage":"en-GB","@id":"https:\/\/buletin.de\/bucuresti\/alternativa-subtire-pentru-stanga-damboviteana-demos-n-a-strans-semnaturi-pentru-capitala-dar-si-a-incercat-norocul-la-s1\/#primaryimage","url":"https:\/\/buletin.de\/bucuresti\/wp-content\/uploads\/foiykkjm4ku.jpg","contentUrl":"https:\/\/buletin.de\/bucuresti\/wp-content\/uploads\/foiykkjm4ku.jpg","width":1600,"height":1060,"caption":"surs\u0103: Unsplash"},{"@type":"BreadcrumbList","@id":"https:\/\/buletin.de\/bucuresti\/alternativa-subtire-pentru-stanga-damboviteana-demos-n-a-strans-semnaturi-pentru-capitala-dar-si-a-incercat-norocul-la-s1\/#breadcrumb","itemListElement":[{"@type":"ListItem","position":1,"name":"Acas\u0103","item":"https:\/\/buletin.de\/bucuresti\/"},{"@type":"ListItem","position":2,"name":"Alternativa \u201esub\u0163ire\u201d pentru st\u00e2nga d\u00e2mbovi\u0163ean\u0103. DEMOS n-a str\u00e2ns semn\u0103turi pentru Capital\u0103, dar \u0219i-a \u00eencercat norocul la S1"}]},{"@type":"WebSite","@id":"https:\/\/buletin.de\/bucuresti\/#website","url":"https:\/\/buletin.de\/bucuresti\/","name":"Buletin de Bucure\u0219ti","description":"\u0218tiri \u0219i investiga\u021bii esen\u021biale din capital\u0103","publisher":{"@id":"https:\/\/buletin.de\/bucuresti\/#organization"},"potentialAction":[{"@type":"SearchAction","target":{"@type":"EntryPoint","urlTemplate":"https:\/\/buletin.de\/bucuresti\/?s={search_term_string}"},"query-input":{"@type":"PropertyValueSpecification","valueRequired":true,"valueName":"search_term_string"}}],"inLanguage":"en-GB"},{"@type":"Organization","@id":"https:\/\/buletin.de\/bucuresti\/#organization","name":"Buletin de Bucure\u0219ti","url":"https:\/\/buletin.de\/bucuresti\/","logo":{"@type":"ImageObject","inLanguage":"en-GB","@id":"https:\/\/buletin.de\/bucuresti\/#\/schema\/logo\/image\/","url":"https:\/\/buletin.de\/bucuresti\/wp-content\/uploads\/logo-bdb-full-wide-vernil-transparent.png","contentUrl":"https:\/\/buletin.de\/bucuresti\/wp-content\/uploads\/logo-bdb-full-wide-vernil-transparent.png","width":1782,"height":626,"caption":"Buletin de Bucure\u0219ti"},"image":{"@id":"https:\/\/buletin.de\/bucuresti\/#\/schema\/logo\/image\/"},"sameAs":["https:\/\/www.facebook.com\/buletin.de.buc","https:\/\/www.instagram.com\/buletinde.bucuresti\/"]},{"@type":"Person","@id":"https:\/\/buletin.de\/bucuresti\/#\/schema\/person\/ab174cf6711728e4ee83d672acf9a912","name":"Adina C\u0103p\u00eelnean","image":{"@type":"ImageObject","inLanguage":"en-GB","@id":"https:\/\/secure.gravatar.com\/avatar\/4fe9675d6282fd7c1aa4e486a037d532d5728fc16a30360f293eb6126b2e73ad?s=96&d=monsterid&r=ge2b23868508aec3460d3c6a11d3b599a","url":"https:\/\/secure.gravatar.com\/avatar\/4fe9675d6282fd7c1aa4e486a037d532d5728fc16a30360f293eb6126b2e73ad?s=96&d=monsterid&r=g","contentUrl":"https:\/\/secure.gravatar.com\/avatar\/4fe9675d6282fd7c1aa4e486a037d532d5728fc16a30360f293eb6126b2e73ad?s=96&d=monsterid&r=g","caption":"Adina C\u0103p\u00eelnean"},"url":"https:\/\/buletin.de\/bucuresti\/author\/adinacapilnean\/"}]}},"authors":[{"term_id":22580,"user_id":47,"is_guest":0,"slug":"adinacapilnean","display_name":"Adina C\u0103p\u00eelnean","avatar_url":"https:\/\/secure.gravatar.com\/avatar\/4fe9675d6282fd7c1aa4e486a037d532d5728fc16a30360f293eb6126b2e73ad?s=96&d=monsterid&r=g","0":null,"1":"","2":"","3":"","4":"","5":"","6":"","7":"","8":""}],"_links":{"self":[{"href":"https:\/\/buletin.de\/bucuresti\/wp-json\/wp\/v2\/posts\/84630","targetHints":{"allow":["GET"]}}],"collection":[{"href":"https:\/\/buletin.de\/bucuresti\/wp-json\/wp\/v2\/posts"}],"about":[{"href":"https:\/\/buletin.de\/bucuresti\/wp-json\/wp\/v2\/types\/post"}],"author":[{"embeddable":true,"href":"https:\/\/buletin.de\/bucuresti\/wp-json\/wp\/v2\/users\/47"}],"replies":[{"embeddable":true,"href":"https:\/\/buletin.de\/bucuresti\/wp-json\/wp\/v2\/comments?post=84630"}],"version-history":[{"count":28,"href":"https:\/\/buletin.de\/bucuresti\/wp-json\/wp\/v2\/posts\/84630\/revisions"}],"predecessor-version":[{"id":84848,"href":"https:\/\/buletin.de\/bucuresti\/wp-json\/wp\/v2\/posts\/84630\/revisions\/84848"}],"wp:featuredmedia":[{"embeddable":true,"href":"https:\/\/buletin.de\/bucuresti\/wp-json\/wp\/v2\/media\/84827"}],"wp:attachment":[{"href":"https:\/\/buletin.de\/bucuresti\/wp-json\/wp\/v2\/media?parent=84630"}],"wp:term":[{"taxonomy":"category","embeddable":true,"href":"https:\/\/buletin.de\/bucuresti\/wp-json\/wp\/v2\/categories?post=84630"},{"taxonomy":"post_tag","embeddable":true,"href":"https:\/\/buletin.de\/bucuresti\/wp-json\/wp\/v2\/tags?post=84630"},{"taxonomy":"author","embeddable":true,"href":"https:\/\/buletin.de\/bucuresti\/wp-json\/wp\/v2\/ppma_author?post=84630"}],"curies":[{"name":"wp","href":"https:\/\/api.w.org\/{rel}","templated":true}]}}