{"id":84540,"date":"2024-05-01T11:56:45","date_gmt":"2024-05-01T08:56:45","guid":{"rendered":"https:\/\/buletin.de\/bucuresti\/?p=84540"},"modified":"2024-05-01T11:56:46","modified_gmt":"2024-05-01T08:56:46","slug":"wildcard-ul-din-cursa-pentru-primaria-capitalei-a-fost-admisa-candidatura-dianei-sosoaca","status":"publish","type":"post","link":"https:\/\/buletin.de\/bucuresti\/wildcard-ul-din-cursa-pentru-primaria-capitalei-a-fost-admisa-candidatura-dianei-sosoaca\/","title":{"rendered":"\u201eWildcard-ul\u201d din cursa pentru Prim\u0103ria Capitalei: a fost admis\u0103 candidatura Dianei \u015eo\u015foac\u0103"},"content":{"rendered":"\n<p><strong>Senatoarea Diana \u015eo\u015foac\u0103, pre\u015fedinta partidului SOS Rom\u00e2nia, intr\u0103, pe ultima sut\u0103 de metri \u00een cursa electoral\u0103 pentru Prim\u0103ria Capitalei, anun\u0163\u0103 <a href=\"https:\/\/www.digi24.ro\/stiri\/actualitate\/politica\/diana-sosoaca-intra-in-cursa-pentru-primaria-capitalei-candidatura-ei-a-fost-admisa-de-biroul-electoral-2778947\">Digi24<\/a>. Biroul Electoral de Circumscrip\u0163ie nr. 42 din Bucure\u015fti i-a admis candidatura chiar \u00een ultima zi c\u00e2nd mai putea s\u0103 o depun\u0103. <\/strong><\/p>\n\n\n\n<p>Ini\u0163ial, candidatura acesteia fusese respins\u0103, pentru c\u0103 func\u0163ionarii de la Biroul Electoral au considerat multe dintre semn\u0103turi invalide. Aceasta a revenit cu semn\u0103turile suplimentare, iar azi-noapte a postat un mesaj pe Facebook (\u00een stilul caracteristic) \u00een care a anun\u0163at c\u0103 a fost admis\u0103 \u00een curs\u0103. <\/p>\n\n\n\n<blockquote class=\"wp-block-quote is-layout-flow wp-block-quote-is-layout-flow\">\n<p>R\u0102STURNARE DE SITUATIE!<\/p>\n\n\n\n<p>MI S-A ADMIS CANDIDATURA LA PRIM\u0102RIA MUNICIPIULUI BUCURE\u0218TI!<\/p>\n\n\n\n<p>S\u0102 FACEM CUR\u0102\u021aENIE \u00ceN CAPITAL\u0102! AFAR\u0102 CU \u0218OBOLANII!<\/p>\n<cite>facebook, diana iovanovici \u015fo\u015foac\u0103<\/cite><\/blockquote>\n\n\n\n<p>Aceasta va candida din partea SOS Rom\u00e2nia, partidul pe care \u00eel conduce. Ca \u015fi al\u0163i politicieni, \u015eo\u015foac\u0103 intr\u0103 \u00een cursa pentru locale \u00een paralel cu cea pentru europarlamentare. Este cap de list\u0103 a SOS Rom\u00e2nia pentru alegerile europene din 9 iunie. <\/p>\n\n\n\n<p><\/p>\n\n\n\n<p><strong>CITE\u015eTE \u015eI:<\/strong><\/p>\n\n\n\n<figure class=\"wp-block-embed is-type-wp-embed is-provider-buletin-de-bucure-ti wp-block-embed-buletin-de-bucure-ti\"><div class=\"wp-block-embed__wrapper\">\n<blockquote class=\"wp-embedded-content\" data-secret=\"NOJM5RoDDu\"><a href=\"https:\/\/buletin.de\/bucuresti\/baiatul-lui-piedone-se-bate-cu-fata-lui-vadim-pe-locul-de-primar-la-sectorul-5-marian-vanghelie-intra-si-el-in-aceeasi-lupta\/\">B\u0103iatul lui Piedone se bate cu fata lui Vadim pe locul de primar la Sectorul 5. Marian Vanghelie intr\u0103 \u015fi el \u00een aceea\u015fi lupt\u0103<\/a><\/blockquote><iframe class=\"wp-embedded-content\" sandbox=\"allow-scripts\" security=\"restricted\" style=\"position: absolute; clip: rect(1px, 1px, 1px, 1px);\" title=\"&#8220;B\u0103iatul lui Piedone se bate cu fata lui Vadim pe locul de primar la Sectorul 5. Marian Vanghelie intr\u0103 \u015fi el \u00een aceea\u015fi lupt\u0103&#8221; &#8212; Buletin de Bucure\u0219ti\" src=\"https:\/\/buletin.de\/bucuresti\/baiatul-lui-piedone-se-bate-cu-fata-lui-vadim-pe-locul-de-primar-la-sectorul-5-marian-vanghelie-intra-si-el-in-aceeasi-lupta\/embed\/#?secret=dkp0UEu1MU#?secret=NOJM5RoDDu\" data-secret=\"NOJM5RoDDu\" width=\"600\" height=\"338\" frameborder=\"0\" marginwidth=\"0\" marginheight=\"0\" scrolling=\"no\"><\/iframe>\n<\/div><\/figure>\n\n\n\n<p><\/p>\n","protected":false},"excerpt":{"rendered":"<p>Senatoarea Diana \u015eo\u015foac\u0103, pre\u015fedinta partidului SOS Rom\u00e2nia, intr\u0103, pe ultima sut\u0103 de metri \u00een cursa electoral\u0103 pentru Prim\u0103ria Capitalei, anun\u0163\u0103 Digi24. Biroul Electoral de Circumscrip\u0163ie nr. 42 din Bucure\u015fti i-a admis candidatura chiar \u00een ultima zi c\u00e2nd mai putea s\u0103 o depun\u0103. Ini\u0163ial, candidatura acesteia fusese respins\u0103, pentru c\u0103 func\u0163ionarii de la Biroul Electoral au [&hellip;]<\/p>\n","protected":false},"author":8,"featured_media":84541,"comment_status":"closed","ping_status":"open","sticky":false,"template":"","format":"standard","meta":{"_acf_changed":false,"inline_featured_image":false,"ngg_post_thumbnail":0,"footnotes":""},"categories":[6994,9025,62],"tags":[11523,11671,11670],"ppma_author":[22586],"class_list":["post-84540","post","type-post","status-publish","format-standard","has-post-thumbnail","hentry","category-stiri-2","category-politic","category-stiri","tag-candidati-primaria-capitalei-2024","tag-candidatura-sosoaca-admisa-pe-ultima-suta-de-metri","tag-diana-iovanovici-sosoaca"],"acf":[],"yoast_head":"<!-- This site is optimized with the Yoast SEO Premium plugin v25.3 (Yoast SEO v27.5) - https:\/\/yoast.com\/product\/yoast-seo-premium-wordpress\/ -->\n<title>\u201eWildcard-ul\u201d din cursa pentru Prim\u0103ria Capitalei: a fost admis\u0103 candidatura Dianei \u015eo\u015foac\u0103 - Buletin de Bucure\u0219ti<\/title>\n<meta name=\"robots\" content=\"index, follow, max-snippet:-1, max-image-preview:large, max-video-preview:-1\" \/>\n<link rel=\"canonical\" href=\"https:\/\/buletin.de\/bucuresti\/wildcard-ul-din-cursa-pentru-primaria-capitalei-a-fost-admisa-candidatura-dianei-sosoaca\/\" \/>\n<meta property=\"og:locale\" content=\"en_GB\" \/>\n<meta property=\"og:type\" content=\"article\" \/>\n<meta property=\"og:title\" content=\"\u201eWildcard-ul\u201d din cursa pentru Prim\u0103ria Capitalei: a fost admis\u0103 candidatura Dianei \u015eo\u015foac\u0103\" \/>\n<meta property=\"og:description\" content=\"Senatoarea Diana \u015eo\u015foac\u0103, pre\u015fedinta partidului SOS Rom\u00e2nia, intr\u0103, pe ultima sut\u0103 de metri \u00een cursa electoral\u0103 pentru Prim\u0103ria Capitalei, anun\u0163\u0103 Digi24. Biroul Electoral de Circumscrip\u0163ie nr. 42 din Bucure\u015fti i-a admis candidatura chiar \u00een ultima zi c\u00e2nd mai putea s\u0103 o depun\u0103. Ini\u0163ial, candidatura acesteia fusese respins\u0103, pentru c\u0103 func\u0163ionarii de la Biroul Electoral au [&hellip;]\" \/>\n<meta property=\"og:url\" content=\"https:\/\/buletin.de\/bucuresti\/wildcard-ul-din-cursa-pentru-primaria-capitalei-a-fost-admisa-candidatura-dianei-sosoaca\/\" \/>\n<meta property=\"og:site_name\" content=\"Buletin de Bucure\u0219ti\" \/>\n<meta property=\"article:publisher\" content=\"https:\/\/www.facebook.com\/buletin.de.buc\" \/>\n<meta property=\"article:published_time\" content=\"2024-05-01T08:56:45+00:00\" \/>\n<meta property=\"article:modified_time\" content=\"2024-05-01T08:56:46+00:00\" \/>\n<meta property=\"og:image\" content=\"https:\/\/buletin.de\/bucuresti\/wp-content\/uploads\/ID253776_INQUAM_Photos_Virgil_Simonescu.jpg\" \/>\n\t<meta property=\"og:image:width\" content=\"2000\" \/>\n\t<meta property=\"og:image:height\" content=\"1333\" \/>\n\t<meta property=\"og:image:type\" content=\"image\/jpeg\" \/>\n<meta name=\"author\" content=\"Ionu\u021b Lepa\" \/>\n<meta name=\"twitter:card\" content=\"summary_large_image\" \/>\n<meta name=\"twitter:label1\" content=\"Written by\" \/>\n\t<meta name=\"twitter:data1\" content=\"Ionu\u021b Lepa\" \/>\n\t<meta name=\"twitter:label2\" content=\"Estimated reading time\" \/>\n\t<meta name=\"twitter:data2\" content=\"1 minute\" \/>\n<script type=\"application\/ld+json\" class=\"yoast-schema-graph\">{\"@context\":\"https:\\\/\\\/schema.org\",\"@graph\":[{\"@type\":\"Article\",\"@id\":\"https:\\\/\\\/buletin.de\\\/bucuresti\\\/wildcard-ul-din-cursa-pentru-primaria-capitalei-a-fost-admisa-candidatura-dianei-sosoaca\\\/#article\",\"isPartOf\":{\"@id\":\"https:\\\/\\\/buletin.de\\\/bucuresti\\\/wildcard-ul-din-cursa-pentru-primaria-capitalei-a-fost-admisa-candidatura-dianei-sosoaca\\\/\"},\"author\":{\"name\":\"Ionu\u021b Lepa\",\"@id\":\"https:\\\/\\\/buletin.de\\\/bucuresti\\\/#\\\/schema\\\/person\\\/5272b8a057b33890940b57b837fc4ce6\"},\"headline\":\"\u201eWildcard-ul\u201d din cursa pentru Prim\u0103ria Capitalei: a fost admis\u0103 candidatura Dianei \u015eo\u015foac\u0103\",\"datePublished\":\"2024-05-01T08:56:45+00:00\",\"dateModified\":\"2024-05-01T08:56:46+00:00\",\"mainEntityOfPage\":{\"@id\":\"https:\\\/\\\/buletin.de\\\/bucuresti\\\/wildcard-ul-din-cursa-pentru-primaria-capitalei-a-fost-admisa-candidatura-dianei-sosoaca\\\/\"},\"wordCount\":193,\"publisher\":{\"@id\":\"https:\\\/\\\/buletin.de\\\/bucuresti\\\/#organization\"},\"image\":{\"@id\":\"https:\\\/\\\/buletin.de\\\/bucuresti\\\/wildcard-ul-din-cursa-pentru-primaria-capitalei-a-fost-admisa-candidatura-dianei-sosoaca\\\/#primaryimage\"},\"thumbnailUrl\":\"https:\\\/\\\/buletin.de\\\/bucuresti\\\/wp-content\\\/uploads\\\/ID253776_INQUAM_Photos_Virgil_Simonescu.jpg\",\"keywords\":[\"candidati primaria capitalei 2024\",\"candidatura sosoaca admisa pe ultima suta de metri\",\"diana iovanovici sosoaca\"],\"articleSection\":[\"Articole\",\"Politic\",\"\u0218tiri\"],\"inLanguage\":\"en-GB\",\"copyrightYear\":\"2024\",\"copyrightHolder\":{\"@id\":\"https:\\\/\\\/buletin.de\\\/bucuresti\\\/#organization\"}},{\"@type\":\"WebPage\",\"@id\":\"https:\\\/\\\/buletin.de\\\/bucuresti\\\/wildcard-ul-din-cursa-pentru-primaria-capitalei-a-fost-admisa-candidatura-dianei-sosoaca\\\/\",\"url\":\"https:\\\/\\\/buletin.de\\\/bucuresti\\\/wildcard-ul-din-cursa-pentru-primaria-capitalei-a-fost-admisa-candidatura-dianei-sosoaca\\\/\",\"name\":\"\u201eWildcard-ul\u201d din cursa pentru Prim\u0103ria Capitalei: a fost admis\u0103 candidatura Dianei \u015eo\u015foac\u0103 - Buletin de Bucure\u0219ti\",\"isPartOf\":{\"@id\":\"https:\\\/\\\/buletin.de\\\/bucuresti\\\/#website\"},\"primaryImageOfPage\":{\"@id\":\"https:\\\/\\\/buletin.de\\\/bucuresti\\\/wildcard-ul-din-cursa-pentru-primaria-capitalei-a-fost-admisa-candidatura-dianei-sosoaca\\\/#primaryimage\"},\"image\":{\"@id\":\"https:\\\/\\\/buletin.de\\\/bucuresti\\\/wildcard-ul-din-cursa-pentru-primaria-capitalei-a-fost-admisa-candidatura-dianei-sosoaca\\\/#primaryimage\"},\"thumbnailUrl\":\"https:\\\/\\\/buletin.de\\\/bucuresti\\\/wp-content\\\/uploads\\\/ID253776_INQUAM_Photos_Virgil_Simonescu.jpg\",\"datePublished\":\"2024-05-01T08:56:45+00:00\",\"dateModified\":\"2024-05-01T08:56:46+00:00\",\"breadcrumb\":{\"@id\":\"https:\\\/\\\/buletin.de\\\/bucuresti\\\/wildcard-ul-din-cursa-pentru-primaria-capitalei-a-fost-admisa-candidatura-dianei-sosoaca\\\/#breadcrumb\"},\"inLanguage\":\"en-GB\",\"potentialAction\":[{\"@type\":\"ReadAction\",\"target\":[\"https:\\\/\\\/buletin.de\\\/bucuresti\\\/wildcard-ul-din-cursa-pentru-primaria-capitalei-a-fost-admisa-candidatura-dianei-sosoaca\\\/\"]}]},{\"@type\":\"ImageObject\",\"inLanguage\":\"en-GB\",\"@id\":\"https:\\\/\\\/buletin.de\\\/bucuresti\\\/wildcard-ul-din-cursa-pentru-primaria-capitalei-a-fost-admisa-candidatura-dianei-sosoaca\\\/#primaryimage\",\"url\":\"https:\\\/\\\/buletin.de\\\/bucuresti\\\/wp-content\\\/uploads\\\/ID253776_INQUAM_Photos_Virgil_Simonescu.jpg\",\"contentUrl\":\"https:\\\/\\\/buletin.de\\\/bucuresti\\\/wp-content\\\/uploads\\\/ID253776_INQUAM_Photos_Virgil_Simonescu.jpg\",\"width\":2000,\"height\":1333,\"caption\":\"FOTO: Inquam Photos \\\/ Virgil Simonescu\"},{\"@type\":\"BreadcrumbList\",\"@id\":\"https:\\\/\\\/buletin.de\\\/bucuresti\\\/wildcard-ul-din-cursa-pentru-primaria-capitalei-a-fost-admisa-candidatura-dianei-sosoaca\\\/#breadcrumb\",\"itemListElement\":[{\"@type\":\"ListItem\",\"position\":1,\"name\":\"Acas\u0103\",\"item\":\"https:\\\/\\\/buletin.de\\\/bucuresti\\\/\"},{\"@type\":\"ListItem\",\"position\":2,\"name\":\"\u201eWildcard-ul\u201d din cursa pentru Prim\u0103ria Capitalei: a fost admis\u0103 candidatura Dianei \u015eo\u015foac\u0103\"}]},{\"@type\":\"WebSite\",\"@id\":\"https:\\\/\\\/buletin.de\\\/bucuresti\\\/#website\",\"url\":\"https:\\\/\\\/buletin.de\\\/bucuresti\\\/\",\"name\":\"Buletin de Bucure\u0219ti\",\"description\":\"\u0218tiri \u0219i investiga\u021bii esen\u021biale din capital\u0103\",\"publisher\":{\"@id\":\"https:\\\/\\\/buletin.de\\\/bucuresti\\\/#organization\"},\"potentialAction\":[{\"@type\":\"SearchAction\",\"target\":{\"@type\":\"EntryPoint\",\"urlTemplate\":\"https:\\\/\\\/buletin.de\\\/bucuresti\\\/?s={search_term_string}\"},\"query-input\":{\"@type\":\"PropertyValueSpecification\",\"valueRequired\":true,\"valueName\":\"search_term_string\"}}],\"inLanguage\":\"en-GB\"},{\"@type\":\"Organization\",\"@id\":\"https:\\\/\\\/buletin.de\\\/bucuresti\\\/#organization\",\"name\":\"Buletin de Bucure\u0219ti\",\"url\":\"https:\\\/\\\/buletin.de\\\/bucuresti\\\/\",\"logo\":{\"@type\":\"ImageObject\",\"inLanguage\":\"en-GB\",\"@id\":\"https:\\\/\\\/buletin.de\\\/bucuresti\\\/#\\\/schema\\\/logo\\\/image\\\/\",\"url\":\"https:\\\/\\\/buletin.de\\\/bucuresti\\\/wp-content\\\/uploads\\\/logo-bdb-full-wide-vernil-transparent.png\",\"contentUrl\":\"https:\\\/\\\/buletin.de\\\/bucuresti\\\/wp-content\\\/uploads\\\/logo-bdb-full-wide-vernil-transparent.png\",\"width\":1782,\"height\":626,\"caption\":\"Buletin de Bucure\u0219ti\"},\"image\":{\"@id\":\"https:\\\/\\\/buletin.de\\\/bucuresti\\\/#\\\/schema\\\/logo\\\/image\\\/\"},\"sameAs\":[\"https:\\\/\\\/www.facebook.com\\\/buletin.de.buc\",\"https:\\\/\\\/www.instagram.com\\\/buletinde.bucuresti\\\/\"]},{\"@type\":\"Person\",\"@id\":\"https:\\\/\\\/buletin.de\\\/bucuresti\\\/#\\\/schema\\\/person\\\/5272b8a057b33890940b57b837fc4ce6\",\"name\":\"Ionu\u021b Lepa\",\"image\":{\"@type\":\"ImageObject\",\"inLanguage\":\"en-GB\",\"@id\":\"https:\\\/\\\/buletin.de\\\/bucuresti\\\/wp-content\\\/uploads\\\/Ionut-Lepa-96x96.jpg5c4e4d9e049808799a8821652d2410a4\",\"url\":\"https:\\\/\\\/buletin.de\\\/bucuresti\\\/wp-content\\\/uploads\\\/Ionut-Lepa-96x96.jpg\",\"contentUrl\":\"https:\\\/\\\/buletin.de\\\/bucuresti\\\/wp-content\\\/uploads\\\/Ionut-Lepa-96x96.jpg\",\"caption\":\"Ionu\u021b Lepa\"},\"url\":\"https:\\\/\\\/buletin.de\\\/bucuresti\\\/author\\\/ionutlepa\\\/\"}]}<\/script>\n<!-- \/ Yoast SEO Premium plugin. -->","yoast_head_json":{"title":"\u201eWildcard-ul\u201d din cursa pentru Prim\u0103ria Capitalei: a fost admis\u0103 candidatura Dianei \u015eo\u015foac\u0103 - Buletin de Bucure\u0219ti","robots":{"index":"index","follow":"follow","max-snippet":"max-snippet:-1","max-image-preview":"max-image-preview:large","max-video-preview":"max-video-preview:-1"},"canonical":"https:\/\/buletin.de\/bucuresti\/wildcard-ul-din-cursa-pentru-primaria-capitalei-a-fost-admisa-candidatura-dianei-sosoaca\/","og_locale":"en_GB","og_type":"article","og_title":"\u201eWildcard-ul\u201d din cursa pentru Prim\u0103ria Capitalei: a fost admis\u0103 candidatura Dianei \u015eo\u015foac\u0103","og_description":"Senatoarea Diana \u015eo\u015foac\u0103, pre\u015fedinta partidului SOS Rom\u00e2nia, intr\u0103, pe ultima sut\u0103 de metri \u00een cursa electoral\u0103 pentru Prim\u0103ria Capitalei, anun\u0163\u0103 Digi24. Biroul Electoral de Circumscrip\u0163ie nr. 42 din Bucure\u015fti i-a admis candidatura chiar \u00een ultima zi c\u00e2nd mai putea s\u0103 o depun\u0103. Ini\u0163ial, candidatura acesteia fusese respins\u0103, pentru c\u0103 func\u0163ionarii de la Biroul Electoral au [&hellip;]","og_url":"https:\/\/buletin.de\/bucuresti\/wildcard-ul-din-cursa-pentru-primaria-capitalei-a-fost-admisa-candidatura-dianei-sosoaca\/","og_site_name":"Buletin de Bucure\u0219ti","article_publisher":"https:\/\/www.facebook.com\/buletin.de.buc","article_published_time":"2024-05-01T08:56:45+00:00","article_modified_time":"2024-05-01T08:56:46+00:00","og_image":[{"width":2000,"height":1333,"url":"https:\/\/buletin.de\/bucuresti\/wp-content\/uploads\/ID253776_INQUAM_Photos_Virgil_Simonescu.jpg","type":"image\/jpeg"}],"author":"Ionu\u021b Lepa","twitter_card":"summary_large_image","twitter_misc":{"Written by":"Ionu\u021b Lepa","Estimated reading time":"1 minute"},"schema":{"@context":"https:\/\/schema.org","@graph":[{"@type":"Article","@id":"https:\/\/buletin.de\/bucuresti\/wildcard-ul-din-cursa-pentru-primaria-capitalei-a-fost-admisa-candidatura-dianei-sosoaca\/#article","isPartOf":{"@id":"https:\/\/buletin.de\/bucuresti\/wildcard-ul-din-cursa-pentru-primaria-capitalei-a-fost-admisa-candidatura-dianei-sosoaca\/"},"author":{"name":"Ionu\u021b Lepa","@id":"https:\/\/buletin.de\/bucuresti\/#\/schema\/person\/5272b8a057b33890940b57b837fc4ce6"},"headline":"\u201eWildcard-ul\u201d din cursa pentru Prim\u0103ria Capitalei: a fost admis\u0103 candidatura Dianei \u015eo\u015foac\u0103","datePublished":"2024-05-01T08:56:45+00:00","dateModified":"2024-05-01T08:56:46+00:00","mainEntityOfPage":{"@id":"https:\/\/buletin.de\/bucuresti\/wildcard-ul-din-cursa-pentru-primaria-capitalei-a-fost-admisa-candidatura-dianei-sosoaca\/"},"wordCount":193,"publisher":{"@id":"https:\/\/buletin.de\/bucuresti\/#organization"},"image":{"@id":"https:\/\/buletin.de\/bucuresti\/wildcard-ul-din-cursa-pentru-primaria-capitalei-a-fost-admisa-candidatura-dianei-sosoaca\/#primaryimage"},"thumbnailUrl":"https:\/\/buletin.de\/bucuresti\/wp-content\/uploads\/ID253776_INQUAM_Photos_Virgil_Simonescu.jpg","keywords":["candidati primaria capitalei 2024","candidatura sosoaca admisa pe ultima suta de metri","diana iovanovici sosoaca"],"articleSection":["Articole","Politic","\u0218tiri"],"inLanguage":"en-GB","copyrightYear":"2024","copyrightHolder":{"@id":"https:\/\/buletin.de\/bucuresti\/#organization"}},{"@type":"WebPage","@id":"https:\/\/buletin.de\/bucuresti\/wildcard-ul-din-cursa-pentru-primaria-capitalei-a-fost-admisa-candidatura-dianei-sosoaca\/","url":"https:\/\/buletin.de\/bucuresti\/wildcard-ul-din-cursa-pentru-primaria-capitalei-a-fost-admisa-candidatura-dianei-sosoaca\/","name":"\u201eWildcard-ul\u201d din cursa pentru Prim\u0103ria Capitalei: a fost admis\u0103 candidatura Dianei \u015eo\u015foac\u0103 - Buletin de Bucure\u0219ti","isPartOf":{"@id":"https:\/\/buletin.de\/bucuresti\/#website"},"primaryImageOfPage":{"@id":"https:\/\/buletin.de\/bucuresti\/wildcard-ul-din-cursa-pentru-primaria-capitalei-a-fost-admisa-candidatura-dianei-sosoaca\/#primaryimage"},"image":{"@id":"https:\/\/buletin.de\/bucuresti\/wildcard-ul-din-cursa-pentru-primaria-capitalei-a-fost-admisa-candidatura-dianei-sosoaca\/#primaryimage"},"thumbnailUrl":"https:\/\/buletin.de\/bucuresti\/wp-content\/uploads\/ID253776_INQUAM_Photos_Virgil_Simonescu.jpg","datePublished":"2024-05-01T08:56:45+00:00","dateModified":"2024-05-01T08:56:46+00:00","breadcrumb":{"@id":"https:\/\/buletin.de\/bucuresti\/wildcard-ul-din-cursa-pentru-primaria-capitalei-a-fost-admisa-candidatura-dianei-sosoaca\/#breadcrumb"},"inLanguage":"en-GB","potentialAction":[{"@type":"ReadAction","target":["https:\/\/buletin.de\/bucuresti\/wildcard-ul-din-cursa-pentru-primaria-capitalei-a-fost-admisa-candidatura-dianei-sosoaca\/"]}]},{"@type":"ImageObject","inLanguage":"en-GB","@id":"https:\/\/buletin.de\/bucuresti\/wildcard-ul-din-cursa-pentru-primaria-capitalei-a-fost-admisa-candidatura-dianei-sosoaca\/#primaryimage","url":"https:\/\/buletin.de\/bucuresti\/wp-content\/uploads\/ID253776_INQUAM_Photos_Virgil_Simonescu.jpg","contentUrl":"https:\/\/buletin.de\/bucuresti\/wp-content\/uploads\/ID253776_INQUAM_Photos_Virgil_Simonescu.jpg","width":2000,"height":1333,"caption":"FOTO: Inquam Photos \/ Virgil Simonescu"},{"@type":"BreadcrumbList","@id":"https:\/\/buletin.de\/bucuresti\/wildcard-ul-din-cursa-pentru-primaria-capitalei-a-fost-admisa-candidatura-dianei-sosoaca\/#breadcrumb","itemListElement":[{"@type":"ListItem","position":1,"name":"Acas\u0103","item":"https:\/\/buletin.de\/bucuresti\/"},{"@type":"ListItem","position":2,"name":"\u201eWildcard-ul\u201d din cursa pentru Prim\u0103ria Capitalei: a fost admis\u0103 candidatura Dianei \u015eo\u015foac\u0103"}]},{"@type":"WebSite","@id":"https:\/\/buletin.de\/bucuresti\/#website","url":"https:\/\/buletin.de\/bucuresti\/","name":"Buletin de Bucure\u0219ti","description":"\u0218tiri \u0219i investiga\u021bii esen\u021biale din capital\u0103","publisher":{"@id":"https:\/\/buletin.de\/bucuresti\/#organization"},"potentialAction":[{"@type":"SearchAction","target":{"@type":"EntryPoint","urlTemplate":"https:\/\/buletin.de\/bucuresti\/?s={search_term_string}"},"query-input":{"@type":"PropertyValueSpecification","valueRequired":true,"valueName":"search_term_string"}}],"inLanguage":"en-GB"},{"@type":"Organization","@id":"https:\/\/buletin.de\/bucuresti\/#organization","name":"Buletin de Bucure\u0219ti","url":"https:\/\/buletin.de\/bucuresti\/","logo":{"@type":"ImageObject","inLanguage":"en-GB","@id":"https:\/\/buletin.de\/bucuresti\/#\/schema\/logo\/image\/","url":"https:\/\/buletin.de\/bucuresti\/wp-content\/uploads\/logo-bdb-full-wide-vernil-transparent.png","contentUrl":"https:\/\/buletin.de\/bucuresti\/wp-content\/uploads\/logo-bdb-full-wide-vernil-transparent.png","width":1782,"height":626,"caption":"Buletin de Bucure\u0219ti"},"image":{"@id":"https:\/\/buletin.de\/bucuresti\/#\/schema\/logo\/image\/"},"sameAs":["https:\/\/www.facebook.com\/buletin.de.buc","https:\/\/www.instagram.com\/buletinde.bucuresti\/"]},{"@type":"Person","@id":"https:\/\/buletin.de\/bucuresti\/#\/schema\/person\/5272b8a057b33890940b57b837fc4ce6","name":"Ionu\u021b Lepa","image":{"@type":"ImageObject","inLanguage":"en-GB","@id":"https:\/\/buletin.de\/bucuresti\/wp-content\/uploads\/Ionut-Lepa-96x96.jpg5c4e4d9e049808799a8821652d2410a4","url":"https:\/\/buletin.de\/bucuresti\/wp-content\/uploads\/Ionut-Lepa-96x96.jpg","contentUrl":"https:\/\/buletin.de\/bucuresti\/wp-content\/uploads\/Ionut-Lepa-96x96.jpg","caption":"Ionu\u021b Lepa"},"url":"https:\/\/buletin.de\/bucuresti\/author\/ionutlepa\/"}]}},"authors":[{"term_id":22586,"user_id":8,"is_guest":0,"slug":"ionutlepa","display_name":"Ionu\u021b Lepa","avatar_url":"https:\/\/buletin.de\/bucuresti\/wp-content\/uploads\/Ionut-Lepa-96x96.jpg","0":null,"1":"","2":"","3":"","4":"","5":"","6":"","7":"","8":""}],"_links":{"self":[{"href":"https:\/\/buletin.de\/bucuresti\/wp-json\/wp\/v2\/posts\/84540","targetHints":{"allow":["GET"]}}],"collection":[{"href":"https:\/\/buletin.de\/bucuresti\/wp-json\/wp\/v2\/posts"}],"about":[{"href":"https:\/\/buletin.de\/bucuresti\/wp-json\/wp\/v2\/types\/post"}],"author":[{"embeddable":true,"href":"https:\/\/buletin.de\/bucuresti\/wp-json\/wp\/v2\/users\/8"}],"replies":[{"embeddable":true,"href":"https:\/\/buletin.de\/bucuresti\/wp-json\/wp\/v2\/comments?post=84540"}],"version-history":[{"count":1,"href":"https:\/\/buletin.de\/bucuresti\/wp-json\/wp\/v2\/posts\/84540\/revisions"}],"predecessor-version":[{"id":84542,"href":"https:\/\/buletin.de\/bucuresti\/wp-json\/wp\/v2\/posts\/84540\/revisions\/84542"}],"wp:featuredmedia":[{"embeddable":true,"href":"https:\/\/buletin.de\/bucuresti\/wp-json\/wp\/v2\/media\/84541"}],"wp:attachment":[{"href":"https:\/\/buletin.de\/bucuresti\/wp-json\/wp\/v2\/media?parent=84540"}],"wp:term":[{"taxonomy":"category","embeddable":true,"href":"https:\/\/buletin.de\/bucuresti\/wp-json\/wp\/v2\/categories?post=84540"},{"taxonomy":"post_tag","embeddable":true,"href":"https:\/\/buletin.de\/bucuresti\/wp-json\/wp\/v2\/tags?post=84540"},{"taxonomy":"author","embeddable":true,"href":"https:\/\/buletin.de\/bucuresti\/wp-json\/wp\/v2\/ppma_author?post=84540"}],"curies":[{"name":"wp","href":"https:\/\/api.w.org\/{rel}","templated":true}]}}