{"id":84419,"date":"2024-05-01T02:40:06","date_gmt":"2024-04-30T23:40:06","guid":{"rendered":"https:\/\/buletin.de\/bucuresti\/?p=84419"},"modified":"2024-05-01T02:40:07","modified_gmt":"2024-04-30T23:40:07","slug":"stb-va-asigura-transportul-pana-la-manastirea-casin-in-noaptea-de-inviere-pana-la-3-dimineata","status":"publish","type":"post","link":"https:\/\/buletin.de\/bucuresti\/stb-va-asigura-transportul-pana-la-manastirea-casin-in-noaptea-de-inviere-pana-la-3-dimineata\/","title":{"rendered":"STB va asigura transportul p\u00e2n\u0103 la M\u0103n\u0103stirea Ca\u0219in, \u00een Noaptea de \u00cenviere, p\u00e2n\u0103 la 3 diminea\u021ba"},"content":{"rendered":"\n<p><strong>Asocia\u021bia de Dezvoltare Intercomunitar\u0103 &#8211; TPBI anun\u021b\u0103 c\u0103 tramvaiul 41 va circula p\u00e2n\u0103 la 3 diminea\u0163a \u00een noaptea de \u00cenviere, \u00een a\u015fa fel \u00eenc\u00e2t bucure\u015ftenii care vor s\u0103 ia lumin\u0103 de la m\u0103n\u0103stirea Ca\u015fin s\u0103 poat\u0103 merge acolo \u015fi \u00eenapoi acas\u0103.<\/strong><\/p>\n\n\n\n<p>\u00cen Noaptea de \u00cenviere, \u00eentre zilele de 4 \u0219i 5 mai, tramvaiele liniei 41 vor circula p\u00e2n\u0103 la ora 03:00, pentru a asigura deplas\u0103rile c\u0103tre M\u00e2n\u0103stirea Ca\u0219in, <em>\u201eimportant edificiu de cult ortodox\u201d<\/em>, se mai arat\u0103 \u00een comunicat. Tramvaiele vor veni la un interval de 20 de minute.<\/p>\n\n\n\n<p>\u00cen aceea\u0219i noapte, <a href=\"https:\/\/buletin.de\/bucuresti\/stb-a-publicat-programul-transportului-in-comun-in-zilele-de-1-mai-si-de-paste\/\">restul transportului va fi asigurat de autobuzele liniilor de noapte \u0219i de cele ale liniei 100<\/a>, conform programului obi\u0219nuit.<\/p>\n\n\n\n<p>Pentru detalii specifice fiec\u0103rei linii, STB anun\u0163\u0103 c\u0103 poate fi accesat link-ul <a href=\"https:\/\/stbsa.ro\/ora_statii?fbclid=IwZXh0bgNhZW0CMTAAAR1I5UddWO78f9HQ5R56N0LR2xEu8C7L76ou5rR_TaHWQEBCrg3WCbO4trs_aem_Ae_f5fmmXJ2X6VbdbB_Qn1Zjz25KLbVu1sV8KRsSwCOr0KWd_MnkDH6nVulFc8mcGTfSbshqr_EdePS4t9fq86Ru\">acesta<\/a>.<\/p>\n\n\n\n<p>\u00cen contextul Zilei Interna\u021bionale a Muncii \u0219i a S\u0103rb\u0103torilor Pascale, mai exact \u00eencep\u00e2nd cu 1 mai p\u00e2n\u0103 pe 6 mai, autobuzele \u0219i troleibuzele vor func\u021biona dup\u0103 programul unei zile de duminic\u0103. <\/p>\n\n\n\n<p><strong>CITE\u0218TE \u0218I:<\/strong><\/p>\n\n\n\n<ul class=\"wp-block-list\">\n<li><a href=\"https:\/\/buletin.de\/bucuresti\/stb-a-publicat-programul-transportului-in-comun-in-zilele-de-1-mai-si-de-paste\/\">STB a publicat programul transportului \u00een comun \u00een zilele de 1 Mai \u015fi de Pa\u015fte &#8211; Buletin de Bucure\u0219ti<\/a><\/li>\n\n\n\n<li><a href=\"https:\/\/buletin.de\/bucuresti\/spitalele-deschise-in-capitala-de-paste-si-1-mai-anuntul-dsp-bucuresti\/\">Spitalele deschise \u00een Capital\u0103 de Pa\u015fte \u015fi 1 Mai. Anun\u0163ul DSP Bucure\u015fti &#8211; Buletin de Bucure\u0219ti<\/a><\/li>\n<\/ul>\n","protected":false},"excerpt":{"rendered":"<p>Asocia\u021bia de Dezvoltare Intercomunitar\u0103 &#8211; TPBI anun\u021b\u0103 c\u0103 tramvaiul 41 va circula p\u00e2n\u0103 la 3 diminea\u0163a \u00een noaptea de \u00cenviere, \u00een a\u015fa fel \u00eenc\u00e2t bucure\u015ftenii care vor s\u0103 ia lumin\u0103 de la m\u0103n\u0103stirea Ca\u015fin s\u0103 poat\u0103 merge acolo \u015fi \u00eenapoi acas\u0103. \u00cen Noaptea de \u00cenviere, \u00eentre zilele de 4 \u0219i 5 mai, tramvaiele liniei 41 [&hellip;]<\/p>\n","protected":false},"author":47,"featured_media":75713,"comment_status":"closed","ping_status":"open","sticky":false,"template":"","format":"standard","meta":{"_acf_changed":false,"inline_featured_image":false,"ngg_post_thumbnail":0,"footnotes":""},"categories":[6994,62,650],"tags":[6252,11639,7891,11638,502,1242,402,564],"ppma_author":[22580],"class_list":["post-84419","post","type-post","status-publish","format-standard","has-post-thumbnail","hentry","category-stiri-2","category-stiri","category-transport","tag-1-mai","tag-4-5-mai","tag-manastirea-casin","tag-noaptea-de-inviere","tag-program","tag-societatea-de-transport-bucuresti","tag-stb","tag-tramvai"],"acf":[],"yoast_head":"<!-- This site is optimized with the Yoast SEO Premium plugin v25.3 (Yoast SEO v27.4) - https:\/\/yoast.com\/product\/yoast-seo-premium-wordpress\/ -->\n<title>STB va asigura transportul p\u00e2n\u0103 la M\u0103n\u0103stirea Ca\u0219in, \u00een Noaptea de \u00cenviere, p\u00e2n\u0103 la 3 diminea\u021ba - Buletin de Bucure\u0219ti<\/title>\n<meta name=\"robots\" content=\"index, follow, max-snippet:-1, max-image-preview:large, max-video-preview:-1\" \/>\n<link rel=\"canonical\" href=\"https:\/\/buletin.de\/bucuresti\/stb-va-asigura-transportul-pana-la-manastirea-casin-in-noaptea-de-inviere-pana-la-3-dimineata\/\" \/>\n<meta property=\"og:locale\" content=\"en_GB\" \/>\n<meta property=\"og:type\" content=\"article\" \/>\n<meta property=\"og:title\" content=\"STB va asigura transportul p\u00e2n\u0103 la M\u0103n\u0103stirea Ca\u0219in, \u00een Noaptea de \u00cenviere, p\u00e2n\u0103 la 3 diminea\u021ba\" \/>\n<meta property=\"og:description\" content=\"Asocia\u021bia de Dezvoltare Intercomunitar\u0103 &#8211; TPBI anun\u021b\u0103 c\u0103 tramvaiul 41 va circula p\u00e2n\u0103 la 3 diminea\u0163a \u00een noaptea de \u00cenviere, \u00een a\u015fa fel \u00eenc\u00e2t bucure\u015ftenii care vor s\u0103 ia lumin\u0103 de la m\u0103n\u0103stirea Ca\u015fin s\u0103 poat\u0103 merge acolo \u015fi \u00eenapoi acas\u0103. \u00cen Noaptea de \u00cenviere, \u00eentre zilele de 4 \u0219i 5 mai, tramvaiele liniei 41 [&hellip;]\" \/>\n<meta property=\"og:url\" content=\"https:\/\/buletin.de\/bucuresti\/stb-va-asigura-transportul-pana-la-manastirea-casin-in-noaptea-de-inviere-pana-la-3-dimineata\/\" \/>\n<meta property=\"og:site_name\" content=\"Buletin de Bucure\u0219ti\" \/>\n<meta property=\"article:publisher\" content=\"https:\/\/www.facebook.com\/buletin.de.buc\" \/>\n<meta property=\"article:published_time\" content=\"2024-04-30T23:40:06+00:00\" \/>\n<meta property=\"article:modified_time\" content=\"2024-04-30T23:40:07+00:00\" \/>\n<meta property=\"og:image\" content=\"https:\/\/buletin.de\/bucuresti\/wp-content\/uploads\/manastirea-casin-street-view-900x619.png\" \/>\n\t<meta property=\"og:image:width\" content=\"900\" \/>\n\t<meta property=\"og:image:height\" content=\"619\" \/>\n\t<meta property=\"og:image:type\" content=\"image\/png\" \/>\n<meta name=\"author\" content=\"Adina C\u0103p\u00eelnean\" \/>\n<meta name=\"twitter:card\" content=\"summary_large_image\" \/>\n<meta name=\"twitter:label1\" content=\"Written by\" \/>\n\t<meta name=\"twitter:data1\" content=\"Adina C\u0103p\u00eelnean\" \/>\n\t<meta name=\"twitter:label2\" content=\"Estimated reading time\" \/>\n\t<meta name=\"twitter:data2\" content=\"2 minutes\" \/>\n<script type=\"application\/ld+json\" class=\"yoast-schema-graph\">{\"@context\":\"https:\\\/\\\/schema.org\",\"@graph\":[{\"@type\":\"Article\",\"@id\":\"https:\\\/\\\/buletin.de\\\/bucuresti\\\/stb-va-asigura-transportul-pana-la-manastirea-casin-in-noaptea-de-inviere-pana-la-3-dimineata\\\/#article\",\"isPartOf\":{\"@id\":\"https:\\\/\\\/buletin.de\\\/bucuresti\\\/stb-va-asigura-transportul-pana-la-manastirea-casin-in-noaptea-de-inviere-pana-la-3-dimineata\\\/\"},\"author\":{\"name\":\"Adina C\u0103p\u00eelnean\",\"@id\":\"https:\\\/\\\/buletin.de\\\/bucuresti\\\/#\\\/schema\\\/person\\\/ab174cf6711728e4ee83d672acf9a912\"},\"headline\":\"STB va asigura transportul p\u00e2n\u0103 la M\u0103n\u0103stirea Ca\u0219in, \u00een Noaptea de \u00cenviere, p\u00e2n\u0103 la 3 diminea\u021ba\",\"datePublished\":\"2024-04-30T23:40:06+00:00\",\"dateModified\":\"2024-04-30T23:40:07+00:00\",\"mainEntityOfPage\":{\"@id\":\"https:\\\/\\\/buletin.de\\\/bucuresti\\\/stb-va-asigura-transportul-pana-la-manastirea-casin-in-noaptea-de-inviere-pana-la-3-dimineata\\\/\"},\"wordCount\":231,\"publisher\":{\"@id\":\"https:\\\/\\\/buletin.de\\\/bucuresti\\\/#organization\"},\"image\":{\"@id\":\"https:\\\/\\\/buletin.de\\\/bucuresti\\\/stb-va-asigura-transportul-pana-la-manastirea-casin-in-noaptea-de-inviere-pana-la-3-dimineata\\\/#primaryimage\"},\"thumbnailUrl\":\"https:\\\/\\\/buletin.de\\\/bucuresti\\\/wp-content\\\/uploads\\\/manastirea-casin-street-view.png\",\"keywords\":[\"1 mai\",\"4-5 mai\",\"manastirea casin\",\"noaptea de inviere\",\"program\",\"societatea de transport bucuresti\",\"stb\",\"tramvai\"],\"articleSection\":[\"Articole\",\"\u0218tiri\",\"Transport\"],\"inLanguage\":\"en-GB\",\"copyrightYear\":\"2024\",\"copyrightHolder\":{\"@id\":\"https:\\\/\\\/buletin.de\\\/bucuresti\\\/#organization\"}},{\"@type\":\"WebPage\",\"@id\":\"https:\\\/\\\/buletin.de\\\/bucuresti\\\/stb-va-asigura-transportul-pana-la-manastirea-casin-in-noaptea-de-inviere-pana-la-3-dimineata\\\/\",\"url\":\"https:\\\/\\\/buletin.de\\\/bucuresti\\\/stb-va-asigura-transportul-pana-la-manastirea-casin-in-noaptea-de-inviere-pana-la-3-dimineata\\\/\",\"name\":\"STB va asigura transportul p\u00e2n\u0103 la M\u0103n\u0103stirea Ca\u0219in, \u00een Noaptea de \u00cenviere, p\u00e2n\u0103 la 3 diminea\u021ba - Buletin de Bucure\u0219ti\",\"isPartOf\":{\"@id\":\"https:\\\/\\\/buletin.de\\\/bucuresti\\\/#website\"},\"primaryImageOfPage\":{\"@id\":\"https:\\\/\\\/buletin.de\\\/bucuresti\\\/stb-va-asigura-transportul-pana-la-manastirea-casin-in-noaptea-de-inviere-pana-la-3-dimineata\\\/#primaryimage\"},\"image\":{\"@id\":\"https:\\\/\\\/buletin.de\\\/bucuresti\\\/stb-va-asigura-transportul-pana-la-manastirea-casin-in-noaptea-de-inviere-pana-la-3-dimineata\\\/#primaryimage\"},\"thumbnailUrl\":\"https:\\\/\\\/buletin.de\\\/bucuresti\\\/wp-content\\\/uploads\\\/manastirea-casin-street-view.png\",\"datePublished\":\"2024-04-30T23:40:06+00:00\",\"dateModified\":\"2024-04-30T23:40:07+00:00\",\"breadcrumb\":{\"@id\":\"https:\\\/\\\/buletin.de\\\/bucuresti\\\/stb-va-asigura-transportul-pana-la-manastirea-casin-in-noaptea-de-inviere-pana-la-3-dimineata\\\/#breadcrumb\"},\"inLanguage\":\"en-GB\",\"potentialAction\":[{\"@type\":\"ReadAction\",\"target\":[\"https:\\\/\\\/buletin.de\\\/bucuresti\\\/stb-va-asigura-transportul-pana-la-manastirea-casin-in-noaptea-de-inviere-pana-la-3-dimineata\\\/\"]}]},{\"@type\":\"ImageObject\",\"inLanguage\":\"en-GB\",\"@id\":\"https:\\\/\\\/buletin.de\\\/bucuresti\\\/stb-va-asigura-transportul-pana-la-manastirea-casin-in-noaptea-de-inviere-pana-la-3-dimineata\\\/#primaryimage\",\"url\":\"https:\\\/\\\/buletin.de\\\/bucuresti\\\/wp-content\\\/uploads\\\/manastirea-casin-street-view.png\",\"contentUrl\":\"https:\\\/\\\/buletin.de\\\/bucuresti\\\/wp-content\\\/uploads\\\/manastirea-casin-street-view.png\",\"width\":1172,\"height\":806,\"caption\":\"FOTO: Google Street View\"},{\"@type\":\"BreadcrumbList\",\"@id\":\"https:\\\/\\\/buletin.de\\\/bucuresti\\\/stb-va-asigura-transportul-pana-la-manastirea-casin-in-noaptea-de-inviere-pana-la-3-dimineata\\\/#breadcrumb\",\"itemListElement\":[{\"@type\":\"ListItem\",\"position\":1,\"name\":\"Acas\u0103\",\"item\":\"https:\\\/\\\/buletin.de\\\/bucuresti\\\/\"},{\"@type\":\"ListItem\",\"position\":2,\"name\":\"STB va asigura transportul p\u00e2n\u0103 la M\u0103n\u0103stirea Ca\u0219in, \u00een Noaptea de \u00cenviere, p\u00e2n\u0103 la 3 diminea\u021ba\"}]},{\"@type\":\"WebSite\",\"@id\":\"https:\\\/\\\/buletin.de\\\/bucuresti\\\/#website\",\"url\":\"https:\\\/\\\/buletin.de\\\/bucuresti\\\/\",\"name\":\"Buletin de Bucure\u0219ti\",\"description\":\"\u0218tiri \u0219i investiga\u021bii esen\u021biale din capital\u0103\",\"publisher\":{\"@id\":\"https:\\\/\\\/buletin.de\\\/bucuresti\\\/#organization\"},\"potentialAction\":[{\"@type\":\"SearchAction\",\"target\":{\"@type\":\"EntryPoint\",\"urlTemplate\":\"https:\\\/\\\/buletin.de\\\/bucuresti\\\/?s={search_term_string}\"},\"query-input\":{\"@type\":\"PropertyValueSpecification\",\"valueRequired\":true,\"valueName\":\"search_term_string\"}}],\"inLanguage\":\"en-GB\"},{\"@type\":\"Organization\",\"@id\":\"https:\\\/\\\/buletin.de\\\/bucuresti\\\/#organization\",\"name\":\"Buletin de Bucure\u0219ti\",\"url\":\"https:\\\/\\\/buletin.de\\\/bucuresti\\\/\",\"logo\":{\"@type\":\"ImageObject\",\"inLanguage\":\"en-GB\",\"@id\":\"https:\\\/\\\/buletin.de\\\/bucuresti\\\/#\\\/schema\\\/logo\\\/image\\\/\",\"url\":\"https:\\\/\\\/buletin.de\\\/bucuresti\\\/wp-content\\\/uploads\\\/logo-bdb-full-wide-vernil-transparent.png\",\"contentUrl\":\"https:\\\/\\\/buletin.de\\\/bucuresti\\\/wp-content\\\/uploads\\\/logo-bdb-full-wide-vernil-transparent.png\",\"width\":1782,\"height\":626,\"caption\":\"Buletin de Bucure\u0219ti\"},\"image\":{\"@id\":\"https:\\\/\\\/buletin.de\\\/bucuresti\\\/#\\\/schema\\\/logo\\\/image\\\/\"},\"sameAs\":[\"https:\\\/\\\/www.facebook.com\\\/buletin.de.buc\",\"https:\\\/\\\/www.instagram.com\\\/buletinde.bucuresti\\\/\"]},{\"@type\":\"Person\",\"@id\":\"https:\\\/\\\/buletin.de\\\/bucuresti\\\/#\\\/schema\\\/person\\\/ab174cf6711728e4ee83d672acf9a912\",\"name\":\"Adina C\u0103p\u00eelnean\",\"image\":{\"@type\":\"ImageObject\",\"inLanguage\":\"en-GB\",\"@id\":\"https:\\\/\\\/secure.gravatar.com\\\/avatar\\\/4fe9675d6282fd7c1aa4e486a037d532d5728fc16a30360f293eb6126b2e73ad?s=96&d=monsterid&r=ge2b23868508aec3460d3c6a11d3b599a\",\"url\":\"https:\\\/\\\/secure.gravatar.com\\\/avatar\\\/4fe9675d6282fd7c1aa4e486a037d532d5728fc16a30360f293eb6126b2e73ad?s=96&d=monsterid&r=g\",\"contentUrl\":\"https:\\\/\\\/secure.gravatar.com\\\/avatar\\\/4fe9675d6282fd7c1aa4e486a037d532d5728fc16a30360f293eb6126b2e73ad?s=96&d=monsterid&r=g\",\"caption\":\"Adina C\u0103p\u00eelnean\"},\"url\":\"https:\\\/\\\/buletin.de\\\/bucuresti\\\/author\\\/adinacapilnean\\\/\"}]}<\/script>\n<!-- \/ Yoast SEO Premium plugin. -->","yoast_head_json":{"title":"STB va asigura transportul p\u00e2n\u0103 la M\u0103n\u0103stirea Ca\u0219in, \u00een Noaptea de \u00cenviere, p\u00e2n\u0103 la 3 diminea\u021ba - Buletin de Bucure\u0219ti","robots":{"index":"index","follow":"follow","max-snippet":"max-snippet:-1","max-image-preview":"max-image-preview:large","max-video-preview":"max-video-preview:-1"},"canonical":"https:\/\/buletin.de\/bucuresti\/stb-va-asigura-transportul-pana-la-manastirea-casin-in-noaptea-de-inviere-pana-la-3-dimineata\/","og_locale":"en_GB","og_type":"article","og_title":"STB va asigura transportul p\u00e2n\u0103 la M\u0103n\u0103stirea Ca\u0219in, \u00een Noaptea de \u00cenviere, p\u00e2n\u0103 la 3 diminea\u021ba","og_description":"Asocia\u021bia de Dezvoltare Intercomunitar\u0103 &#8211; TPBI anun\u021b\u0103 c\u0103 tramvaiul 41 va circula p\u00e2n\u0103 la 3 diminea\u0163a \u00een noaptea de \u00cenviere, \u00een a\u015fa fel \u00eenc\u00e2t bucure\u015ftenii care vor s\u0103 ia lumin\u0103 de la m\u0103n\u0103stirea Ca\u015fin s\u0103 poat\u0103 merge acolo \u015fi \u00eenapoi acas\u0103. \u00cen Noaptea de \u00cenviere, \u00eentre zilele de 4 \u0219i 5 mai, tramvaiele liniei 41 [&hellip;]","og_url":"https:\/\/buletin.de\/bucuresti\/stb-va-asigura-transportul-pana-la-manastirea-casin-in-noaptea-de-inviere-pana-la-3-dimineata\/","og_site_name":"Buletin de Bucure\u0219ti","article_publisher":"https:\/\/www.facebook.com\/buletin.de.buc","article_published_time":"2024-04-30T23:40:06+00:00","article_modified_time":"2024-04-30T23:40:07+00:00","og_image":[{"width":900,"height":619,"url":"https:\/\/buletin.de\/bucuresti\/wp-content\/uploads\/manastirea-casin-street-view-900x619.png","type":"image\/png"}],"author":"Adina C\u0103p\u00eelnean","twitter_card":"summary_large_image","twitter_misc":{"Written by":"Adina C\u0103p\u00eelnean","Estimated reading time":"2 minutes"},"schema":{"@context":"https:\/\/schema.org","@graph":[{"@type":"Article","@id":"https:\/\/buletin.de\/bucuresti\/stb-va-asigura-transportul-pana-la-manastirea-casin-in-noaptea-de-inviere-pana-la-3-dimineata\/#article","isPartOf":{"@id":"https:\/\/buletin.de\/bucuresti\/stb-va-asigura-transportul-pana-la-manastirea-casin-in-noaptea-de-inviere-pana-la-3-dimineata\/"},"author":{"name":"Adina C\u0103p\u00eelnean","@id":"https:\/\/buletin.de\/bucuresti\/#\/schema\/person\/ab174cf6711728e4ee83d672acf9a912"},"headline":"STB va asigura transportul p\u00e2n\u0103 la M\u0103n\u0103stirea Ca\u0219in, \u00een Noaptea de \u00cenviere, p\u00e2n\u0103 la 3 diminea\u021ba","datePublished":"2024-04-30T23:40:06+00:00","dateModified":"2024-04-30T23:40:07+00:00","mainEntityOfPage":{"@id":"https:\/\/buletin.de\/bucuresti\/stb-va-asigura-transportul-pana-la-manastirea-casin-in-noaptea-de-inviere-pana-la-3-dimineata\/"},"wordCount":231,"publisher":{"@id":"https:\/\/buletin.de\/bucuresti\/#organization"},"image":{"@id":"https:\/\/buletin.de\/bucuresti\/stb-va-asigura-transportul-pana-la-manastirea-casin-in-noaptea-de-inviere-pana-la-3-dimineata\/#primaryimage"},"thumbnailUrl":"https:\/\/buletin.de\/bucuresti\/wp-content\/uploads\/manastirea-casin-street-view.png","keywords":["1 mai","4-5 mai","manastirea casin","noaptea de inviere","program","societatea de transport bucuresti","stb","tramvai"],"articleSection":["Articole","\u0218tiri","Transport"],"inLanguage":"en-GB","copyrightYear":"2024","copyrightHolder":{"@id":"https:\/\/buletin.de\/bucuresti\/#organization"}},{"@type":"WebPage","@id":"https:\/\/buletin.de\/bucuresti\/stb-va-asigura-transportul-pana-la-manastirea-casin-in-noaptea-de-inviere-pana-la-3-dimineata\/","url":"https:\/\/buletin.de\/bucuresti\/stb-va-asigura-transportul-pana-la-manastirea-casin-in-noaptea-de-inviere-pana-la-3-dimineata\/","name":"STB va asigura transportul p\u00e2n\u0103 la M\u0103n\u0103stirea Ca\u0219in, \u00een Noaptea de \u00cenviere, p\u00e2n\u0103 la 3 diminea\u021ba - Buletin de Bucure\u0219ti","isPartOf":{"@id":"https:\/\/buletin.de\/bucuresti\/#website"},"primaryImageOfPage":{"@id":"https:\/\/buletin.de\/bucuresti\/stb-va-asigura-transportul-pana-la-manastirea-casin-in-noaptea-de-inviere-pana-la-3-dimineata\/#primaryimage"},"image":{"@id":"https:\/\/buletin.de\/bucuresti\/stb-va-asigura-transportul-pana-la-manastirea-casin-in-noaptea-de-inviere-pana-la-3-dimineata\/#primaryimage"},"thumbnailUrl":"https:\/\/buletin.de\/bucuresti\/wp-content\/uploads\/manastirea-casin-street-view.png","datePublished":"2024-04-30T23:40:06+00:00","dateModified":"2024-04-30T23:40:07+00:00","breadcrumb":{"@id":"https:\/\/buletin.de\/bucuresti\/stb-va-asigura-transportul-pana-la-manastirea-casin-in-noaptea-de-inviere-pana-la-3-dimineata\/#breadcrumb"},"inLanguage":"en-GB","potentialAction":[{"@type":"ReadAction","target":["https:\/\/buletin.de\/bucuresti\/stb-va-asigura-transportul-pana-la-manastirea-casin-in-noaptea-de-inviere-pana-la-3-dimineata\/"]}]},{"@type":"ImageObject","inLanguage":"en-GB","@id":"https:\/\/buletin.de\/bucuresti\/stb-va-asigura-transportul-pana-la-manastirea-casin-in-noaptea-de-inviere-pana-la-3-dimineata\/#primaryimage","url":"https:\/\/buletin.de\/bucuresti\/wp-content\/uploads\/manastirea-casin-street-view.png","contentUrl":"https:\/\/buletin.de\/bucuresti\/wp-content\/uploads\/manastirea-casin-street-view.png","width":1172,"height":806,"caption":"FOTO: Google Street View"},{"@type":"BreadcrumbList","@id":"https:\/\/buletin.de\/bucuresti\/stb-va-asigura-transportul-pana-la-manastirea-casin-in-noaptea-de-inviere-pana-la-3-dimineata\/#breadcrumb","itemListElement":[{"@type":"ListItem","position":1,"name":"Acas\u0103","item":"https:\/\/buletin.de\/bucuresti\/"},{"@type":"ListItem","position":2,"name":"STB va asigura transportul p\u00e2n\u0103 la M\u0103n\u0103stirea Ca\u0219in, \u00een Noaptea de \u00cenviere, p\u00e2n\u0103 la 3 diminea\u021ba"}]},{"@type":"WebSite","@id":"https:\/\/buletin.de\/bucuresti\/#website","url":"https:\/\/buletin.de\/bucuresti\/","name":"Buletin de Bucure\u0219ti","description":"\u0218tiri \u0219i investiga\u021bii esen\u021biale din capital\u0103","publisher":{"@id":"https:\/\/buletin.de\/bucuresti\/#organization"},"potentialAction":[{"@type":"SearchAction","target":{"@type":"EntryPoint","urlTemplate":"https:\/\/buletin.de\/bucuresti\/?s={search_term_string}"},"query-input":{"@type":"PropertyValueSpecification","valueRequired":true,"valueName":"search_term_string"}}],"inLanguage":"en-GB"},{"@type":"Organization","@id":"https:\/\/buletin.de\/bucuresti\/#organization","name":"Buletin de Bucure\u0219ti","url":"https:\/\/buletin.de\/bucuresti\/","logo":{"@type":"ImageObject","inLanguage":"en-GB","@id":"https:\/\/buletin.de\/bucuresti\/#\/schema\/logo\/image\/","url":"https:\/\/buletin.de\/bucuresti\/wp-content\/uploads\/logo-bdb-full-wide-vernil-transparent.png","contentUrl":"https:\/\/buletin.de\/bucuresti\/wp-content\/uploads\/logo-bdb-full-wide-vernil-transparent.png","width":1782,"height":626,"caption":"Buletin de Bucure\u0219ti"},"image":{"@id":"https:\/\/buletin.de\/bucuresti\/#\/schema\/logo\/image\/"},"sameAs":["https:\/\/www.facebook.com\/buletin.de.buc","https:\/\/www.instagram.com\/buletinde.bucuresti\/"]},{"@type":"Person","@id":"https:\/\/buletin.de\/bucuresti\/#\/schema\/person\/ab174cf6711728e4ee83d672acf9a912","name":"Adina C\u0103p\u00eelnean","image":{"@type":"ImageObject","inLanguage":"en-GB","@id":"https:\/\/secure.gravatar.com\/avatar\/4fe9675d6282fd7c1aa4e486a037d532d5728fc16a30360f293eb6126b2e73ad?s=96&d=monsterid&r=ge2b23868508aec3460d3c6a11d3b599a","url":"https:\/\/secure.gravatar.com\/avatar\/4fe9675d6282fd7c1aa4e486a037d532d5728fc16a30360f293eb6126b2e73ad?s=96&d=monsterid&r=g","contentUrl":"https:\/\/secure.gravatar.com\/avatar\/4fe9675d6282fd7c1aa4e486a037d532d5728fc16a30360f293eb6126b2e73ad?s=96&d=monsterid&r=g","caption":"Adina C\u0103p\u00eelnean"},"url":"https:\/\/buletin.de\/bucuresti\/author\/adinacapilnean\/"}]}},"authors":[{"term_id":22580,"user_id":47,"is_guest":0,"slug":"adinacapilnean","display_name":"Adina C\u0103p\u00eelnean","avatar_url":"https:\/\/secure.gravatar.com\/avatar\/4fe9675d6282fd7c1aa4e486a037d532d5728fc16a30360f293eb6126b2e73ad?s=96&d=monsterid&r=g","0":null,"1":"","2":"","3":"","4":"","5":"","6":"","7":"","8":""}],"_links":{"self":[{"href":"https:\/\/buletin.de\/bucuresti\/wp-json\/wp\/v2\/posts\/84419","targetHints":{"allow":["GET"]}}],"collection":[{"href":"https:\/\/buletin.de\/bucuresti\/wp-json\/wp\/v2\/posts"}],"about":[{"href":"https:\/\/buletin.de\/bucuresti\/wp-json\/wp\/v2\/types\/post"}],"author":[{"embeddable":true,"href":"https:\/\/buletin.de\/bucuresti\/wp-json\/wp\/v2\/users\/47"}],"replies":[{"embeddable":true,"href":"https:\/\/buletin.de\/bucuresti\/wp-json\/wp\/v2\/comments?post=84419"}],"version-history":[{"count":2,"href":"https:\/\/buletin.de\/bucuresti\/wp-json\/wp\/v2\/posts\/84419\/revisions"}],"predecessor-version":[{"id":84466,"href":"https:\/\/buletin.de\/bucuresti\/wp-json\/wp\/v2\/posts\/84419\/revisions\/84466"}],"wp:featuredmedia":[{"embeddable":true,"href":"https:\/\/buletin.de\/bucuresti\/wp-json\/wp\/v2\/media\/75713"}],"wp:attachment":[{"href":"https:\/\/buletin.de\/bucuresti\/wp-json\/wp\/v2\/media?parent=84419"}],"wp:term":[{"taxonomy":"category","embeddable":true,"href":"https:\/\/buletin.de\/bucuresti\/wp-json\/wp\/v2\/categories?post=84419"},{"taxonomy":"post_tag","embeddable":true,"href":"https:\/\/buletin.de\/bucuresti\/wp-json\/wp\/v2\/tags?post=84419"},{"taxonomy":"author","embeddable":true,"href":"https:\/\/buletin.de\/bucuresti\/wp-json\/wp\/v2\/ppma_author?post=84419"}],"curies":[{"name":"wp","href":"https:\/\/api.w.org\/{rel}","templated":true}]}}