{"id":84396,"date":"2024-05-01T07:30:00","date_gmt":"2024-05-01T04:30:00","guid":{"rendered":"https:\/\/buletin.de\/bucuresti\/?p=84396"},"modified":"2024-05-02T09:11:09","modified_gmt":"2024-05-02T06:11:09","slug":"mai-putin-de-o-treime-din-banii-europeni-disponibili-au-fost-cheltuiti-de-primariile-capitalei-sectoarele-1-si-5-stau-cel-mai-prost","status":"publish","type":"post","link":"https:\/\/buletin.de\/bucuresti\/mai-putin-de-o-treime-din-banii-europeni-disponibili-au-fost-cheltuiti-de-primariile-capitalei-sectoarele-1-si-5-stau-cel-mai-prost\/","title":{"rendered":"Mai pu\u0163in de o treime din banii europeni disponibili, cheltui\u0163i de prim\u0103riile Capitalei. S1 \u015fi S5 stau cel mai prost"},"content":{"rendered":"\n<p><strong>Prim\u0103riile de sector \u015fi Prim\u0103ria General\u0103 au reu\u015fit s\u0103 cheltuiasc\u0103 4.14 miliarde de euro, \u00eentre anii 2020 \u015fi 2024, dintr-un total disponibil de aproape 13 miliarde, adic\u0103 aproximativ 30%, potrivit unui articol din<\/strong> <strong><a href=\"https:\/\/www.zf.ro\/eveniment\/alegeri-2024-stau-primaria-bucurestiului-sectoarele-absorbtia-22361974\">Ziarul Financiar<\/a>. Sectoarele 3 \u015fi 4 au atras cele mai mari sume, dar au avut \u015fi programele cele mai consistente. Procentual, la sectorul 2 a fost cel mai mare grad de realizare. Sectoarele 1 \u015fi 5 sunt la coada clasamentului. <\/strong><\/p>\n\n\n\n<p>Un set de date publicat de Ministerul Finan\u0163elor, consultat de Ziarul Financiar, arat\u0103 sumele disponibile \u015fi c\u00e2t au cheltuit prim\u0103riile.<\/p>\n\n\n\n<figure class=\"wp-block-image size-large\"><img decoding=\"async\" src=\"data:image\/gif;base64,R0lGODlhAQABAAAAACH5BAEKAAEALAAAAAABAAEAAAICTAEAOw==\" data-src=\"https:\/\/storage0.dms.mpinteractiv.ro\/media\/1\/1481\/21333\/22361974\/2\/3-buc.jpg?height=278&amp;width=640\" class=\"lazyload\" alt=\"\"\/><\/figure>\n\n\n\n<p>PMB are cel mai mare grad de realizare a cheltuielilor cu fonduri europene. Dintr-un total de 3.9 miliarde disponibile, func\u0163ionarii de la General\u0103 au atras 2.25 mld. <\/p>\n\n\n\n<p>Dintre prim\u0103riile de sector, \u00een Sectorul 2 a fost cea mai mare absorb\u021bie de fonduri: 37%, adic\u0103 s-au cheltuit 189 milioane euro dintr-o alocare de 504 milioane euro, potrivit <a href=\"https:\/\/www.zf.ro\/eveniment\/alegeri-2024-stau-primaria-bucurestiului-sectoarele-absorbtia-22361974\">Ziarul Financiar<\/a>. De\u015fi gradul de absorb\u0163ie de la Sec\u00adtorul 4 este de 19%, al treilea dintre pri\u00adm\u0103riile din Bucure\u015fti, gradul de ne\u00adrealizare este \u015fi cel mai mare, pentru c\u0103 a avut o alocare de 4,6 mld. euro \u00een pe\u00adri\u00adoa\u00adda amintit\u0103 \u015fi a cheltuit numai 850 mil. Euro<\/p>\n\n\n\n<p>Cele mai pu\u021bine fonduri europene cheltuite sunt la Prim\u0103ria Sectorului 1, care a absorbit 11% din cele 96 de milioane de euro alocate, adic\u0103 sub 11 milioane de euro. Prim\u0103ria Sectorului 5 a cheltuit, \u00een aceea\u015fi perioad\u0103, 28 milioane euro, dintr-o alocare de aproape 200 milioane euro, ceea ce \u00eenseamn\u0103 o rat\u0103 de realizare de 14%. Sectorul 6 a realizat absorb\u021bia fondurilor europene \u00een propor\u021bie de 19%, adic\u0103 a cheltuit 0,3 miliarde de euro din 1,3 miliarde de euro aloca\u021bi.<\/p>\n\n\n\n<p> \u00cen cei patru ani, bugetul total al celor \u015fapte prim\u0103rii a fost de circa 15 mld. euro, din care majoritatea banilor s-au dus pe salariile prim\u0103riilor \u015fi companiilor municipale, pe subven\u0163ii \u015fi pe bunuri \u015fi servicii, conform aceleia\u0219i surse citate.\u00a0<\/p>\n\n\n\n<p><strong>CITE\u0218TE \u0218I:<\/strong><\/p>\n\n\n\n<ul class=\"wp-block-list\">\n<li><a href=\"https:\/\/buletin.de\/bucuresti\/sector-1-c-armand-vrea-si-bani-de-la-buget-nu-doar-fonduri-europene-pentru-piata-matache\/\">Sector 1 | C. Armand vrea \u015fi bani de la buget, nu doar fonduri europene, pentru Pia\u0163a Matache &#8211; Buletin de Bucure\u0219ti<\/a><\/li>\n\n\n\n<li><a href=\"https:\/\/buletin.de\/bucuresti\/factual-ro-gabriela-firea-spune-ca-in-mandatul-sau-bucurestiul-a-obtinut-1-miliard-de-euro-fonduri-europene-cifrele-o-contrazic\/\">Factual.ro | Gabriela Firea spune c\u0103, \u00een mandatul s\u0103u, Bucure\u015ftiul a ob\u0163inut 1 miliard de euro fonduri europene. Cifrele o contrazic &#8211; Buletin de Bucure\u0219ti<\/a><\/li>\n<\/ul>\n","protected":false},"excerpt":{"rendered":"<p>Prim\u0103riile de sector \u015fi Prim\u0103ria General\u0103 au reu\u015fit s\u0103 cheltuiasc\u0103 4.14 miliarde de euro, \u00eentre anii 2020 \u015fi 2024, dintr-un total disponibil de aproape 13 miliarde, adic\u0103 aproximativ 30%, potrivit unui articol din Ziarul Financiar. Sectoarele 3 \u015fi 4 au atras cele mai mari sume, dar au avut \u015fi programele cele mai consistente. Procentual, la [&hellip;]<\/p>\n","protected":false},"author":47,"featured_media":51384,"comment_status":"closed","ping_status":"open","sticky":false,"template":"","format":"standard","meta":{"_acf_changed":false,"inline_featured_image":false,"ngg_post_thumbnail":0,"footnotes":""},"categories":[6994,24,62],"tags":[11635,809,104,1727,2130,308,229,440,765,188,523],"ppma_author":[22580],"class_list":["post-84396","post","type-post","status-publish","format-standard","has-post-thumbnail","hentry","category-stiri-2","category-primarie","category-stiri","tag-absorbtie","tag-fonduri-europene","tag-pmb","tag-primaria-municipiului-bucuresti","tag-primarii","tag-sector-1","tag-sector-2","tag-sector-3","tag-sector-4","tag-sector-5","tag-sector-6"],"acf":[],"yoast_head":"<!-- This site is optimized with the Yoast SEO Premium plugin v25.3 (Yoast SEO v27.4) - https:\/\/yoast.com\/product\/yoast-seo-premium-wordpress\/ -->\n<title>Mai pu\u0163in de o treime din banii europeni disponibili, cheltui\u0163i de prim\u0103riile Capitalei. S1 \u015fi S5 stau cel mai prost - Buletin de Bucure\u0219ti<\/title>\n<meta name=\"robots\" content=\"index, follow, max-snippet:-1, max-image-preview:large, max-video-preview:-1\" \/>\n<link rel=\"canonical\" href=\"https:\/\/buletin.de\/bucuresti\/mai-putin-de-o-treime-din-banii-europeni-disponibili-au-fost-cheltuiti-de-primariile-capitalei-sectoarele-1-si-5-stau-cel-mai-prost\/\" \/>\n<meta property=\"og:locale\" content=\"en_GB\" \/>\n<meta property=\"og:type\" content=\"article\" \/>\n<meta property=\"og:title\" content=\"Mai pu\u0163in de o treime din banii europeni disponibili, cheltui\u0163i de prim\u0103riile Capitalei. S1 \u015fi S5 stau cel mai prost\" \/>\n<meta property=\"og:description\" content=\"Prim\u0103riile de sector \u015fi Prim\u0103ria General\u0103 au reu\u015fit s\u0103 cheltuiasc\u0103 4.14 miliarde de euro, \u00eentre anii 2020 \u015fi 2024, dintr-un total disponibil de aproape 13 miliarde, adic\u0103 aproximativ 30%, potrivit unui articol din Ziarul Financiar. Sectoarele 3 \u015fi 4 au atras cele mai mari sume, dar au avut \u015fi programele cele mai consistente. Procentual, la [&hellip;]\" \/>\n<meta property=\"og:url\" content=\"https:\/\/buletin.de\/bucuresti\/mai-putin-de-o-treime-din-banii-europeni-disponibili-au-fost-cheltuiti-de-primariile-capitalei-sectoarele-1-si-5-stau-cel-mai-prost\/\" \/>\n<meta property=\"og:site_name\" content=\"Buletin de Bucure\u0219ti\" \/>\n<meta property=\"article:publisher\" content=\"https:\/\/www.facebook.com\/buletin.de.buc\" \/>\n<meta property=\"article:published_time\" content=\"2024-05-01T04:30:00+00:00\" \/>\n<meta property=\"article:modified_time\" content=\"2024-05-02T06:11:09+00:00\" \/>\n<meta property=\"og:image\" content=\"https:\/\/buletin.de\/bucuresti\/wp-content\/uploads\/mathieu-stern-1zO4O3Z0UJA-unsplash.jpg\" \/>\n\t<meta property=\"og:image:width\" content=\"2000\" \/>\n\t<meta property=\"og:image:height\" content=\"1333\" \/>\n\t<meta property=\"og:image:type\" content=\"image\/jpeg\" \/>\n<meta name=\"author\" content=\"Adina C\u0103p\u00eelnean\" \/>\n<meta name=\"twitter:card\" content=\"summary_large_image\" \/>\n<meta name=\"twitter:label1\" content=\"Written by\" \/>\n\t<meta name=\"twitter:data1\" content=\"Adina C\u0103p\u00eelnean\" \/>\n\t<meta name=\"twitter:label2\" content=\"Estimated reading time\" \/>\n\t<meta name=\"twitter:data2\" content=\"2 minutes\" \/>\n<script type=\"application\/ld+json\" class=\"yoast-schema-graph\">{\"@context\":\"https:\\\/\\\/schema.org\",\"@graph\":[{\"@type\":\"Article\",\"@id\":\"https:\\\/\\\/buletin.de\\\/bucuresti\\\/mai-putin-de-o-treime-din-banii-europeni-disponibili-au-fost-cheltuiti-de-primariile-capitalei-sectoarele-1-si-5-stau-cel-mai-prost\\\/#article\",\"isPartOf\":{\"@id\":\"https:\\\/\\\/buletin.de\\\/bucuresti\\\/mai-putin-de-o-treime-din-banii-europeni-disponibili-au-fost-cheltuiti-de-primariile-capitalei-sectoarele-1-si-5-stau-cel-mai-prost\\\/\"},\"author\":{\"name\":\"Adina C\u0103p\u00eelnean\",\"@id\":\"https:\\\/\\\/buletin.de\\\/bucuresti\\\/#\\\/schema\\\/person\\\/ab174cf6711728e4ee83d672acf9a912\"},\"headline\":\"Mai pu\u0163in de o treime din banii europeni disponibili, cheltui\u0163i de prim\u0103riile Capitalei. S1 \u015fi S5 stau cel mai prost\",\"datePublished\":\"2024-05-01T04:30:00+00:00\",\"dateModified\":\"2024-05-02T06:11:09+00:00\",\"mainEntityOfPage\":{\"@id\":\"https:\\\/\\\/buletin.de\\\/bucuresti\\\/mai-putin-de-o-treime-din-banii-europeni-disponibili-au-fost-cheltuiti-de-primariile-capitalei-sectoarele-1-si-5-stau-cel-mai-prost\\\/\"},\"wordCount\":389,\"publisher\":{\"@id\":\"https:\\\/\\\/buletin.de\\\/bucuresti\\\/#organization\"},\"image\":{\"@id\":\"https:\\\/\\\/buletin.de\\\/bucuresti\\\/mai-putin-de-o-treime-din-banii-europeni-disponibili-au-fost-cheltuiti-de-primariile-capitalei-sectoarele-1-si-5-stau-cel-mai-prost\\\/#primaryimage\"},\"thumbnailUrl\":\"https:\\\/\\\/buletin.de\\\/bucuresti\\\/wp-content\\\/uploads\\\/mathieu-stern-1zO4O3Z0UJA-unsplash.jpg\",\"keywords\":[\"absorbtie\",\"fonduri europene\",\"pmb\",\"primaria municipiului bucuresti\",\"primarii\",\"Sector 1\",\"Sector 2\",\"Sector 3\",\"Sector 4\",\"Sector 5\",\"Sector 6\"],\"articleSection\":[\"Articole\",\"Prim\u0103rie\",\"\u0218tiri\"],\"inLanguage\":\"en-GB\",\"copyrightYear\":\"2024\",\"copyrightHolder\":{\"@id\":\"https:\\\/\\\/buletin.de\\\/bucuresti\\\/#organization\"}},{\"@type\":\"WebPage\",\"@id\":\"https:\\\/\\\/buletin.de\\\/bucuresti\\\/mai-putin-de-o-treime-din-banii-europeni-disponibili-au-fost-cheltuiti-de-primariile-capitalei-sectoarele-1-si-5-stau-cel-mai-prost\\\/\",\"url\":\"https:\\\/\\\/buletin.de\\\/bucuresti\\\/mai-putin-de-o-treime-din-banii-europeni-disponibili-au-fost-cheltuiti-de-primariile-capitalei-sectoarele-1-si-5-stau-cel-mai-prost\\\/\",\"name\":\"Mai pu\u0163in de o treime din banii europeni disponibili, cheltui\u0163i de prim\u0103riile Capitalei. S1 \u015fi S5 stau cel mai prost - Buletin de Bucure\u0219ti\",\"isPartOf\":{\"@id\":\"https:\\\/\\\/buletin.de\\\/bucuresti\\\/#website\"},\"primaryImageOfPage\":{\"@id\":\"https:\\\/\\\/buletin.de\\\/bucuresti\\\/mai-putin-de-o-treime-din-banii-europeni-disponibili-au-fost-cheltuiti-de-primariile-capitalei-sectoarele-1-si-5-stau-cel-mai-prost\\\/#primaryimage\"},\"image\":{\"@id\":\"https:\\\/\\\/buletin.de\\\/bucuresti\\\/mai-putin-de-o-treime-din-banii-europeni-disponibili-au-fost-cheltuiti-de-primariile-capitalei-sectoarele-1-si-5-stau-cel-mai-prost\\\/#primaryimage\"},\"thumbnailUrl\":\"https:\\\/\\\/buletin.de\\\/bucuresti\\\/wp-content\\\/uploads\\\/mathieu-stern-1zO4O3Z0UJA-unsplash.jpg\",\"datePublished\":\"2024-05-01T04:30:00+00:00\",\"dateModified\":\"2024-05-02T06:11:09+00:00\",\"breadcrumb\":{\"@id\":\"https:\\\/\\\/buletin.de\\\/bucuresti\\\/mai-putin-de-o-treime-din-banii-europeni-disponibili-au-fost-cheltuiti-de-primariile-capitalei-sectoarele-1-si-5-stau-cel-mai-prost\\\/#breadcrumb\"},\"inLanguage\":\"en-GB\",\"potentialAction\":[{\"@type\":\"ReadAction\",\"target\":[\"https:\\\/\\\/buletin.de\\\/bucuresti\\\/mai-putin-de-o-treime-din-banii-europeni-disponibili-au-fost-cheltuiti-de-primariile-capitalei-sectoarele-1-si-5-stau-cel-mai-prost\\\/\"]}]},{\"@type\":\"ImageObject\",\"inLanguage\":\"en-GB\",\"@id\":\"https:\\\/\\\/buletin.de\\\/bucuresti\\\/mai-putin-de-o-treime-din-banii-europeni-disponibili-au-fost-cheltuiti-de-primariile-capitalei-sectoarele-1-si-5-stau-cel-mai-prost\\\/#primaryimage\",\"url\":\"https:\\\/\\\/buletin.de\\\/bucuresti\\\/wp-content\\\/uploads\\\/mathieu-stern-1zO4O3Z0UJA-unsplash.jpg\",\"contentUrl\":\"https:\\\/\\\/buletin.de\\\/bucuresti\\\/wp-content\\\/uploads\\\/mathieu-stern-1zO4O3Z0UJA-unsplash.jpg\",\"width\":2000,\"height\":1333,\"caption\":\"Bucure\u0219ti, pe primul loc \u00een \u021bar\u0103 la insolven\u021be Surs\u0103: Unsplash mathieu stern\"},{\"@type\":\"BreadcrumbList\",\"@id\":\"https:\\\/\\\/buletin.de\\\/bucuresti\\\/mai-putin-de-o-treime-din-banii-europeni-disponibili-au-fost-cheltuiti-de-primariile-capitalei-sectoarele-1-si-5-stau-cel-mai-prost\\\/#breadcrumb\",\"itemListElement\":[{\"@type\":\"ListItem\",\"position\":1,\"name\":\"Acas\u0103\",\"item\":\"https:\\\/\\\/buletin.de\\\/bucuresti\\\/\"},{\"@type\":\"ListItem\",\"position\":2,\"name\":\"Mai pu\u0163in de o treime din banii europeni disponibili, cheltui\u0163i de prim\u0103riile Capitalei. S1 \u015fi S5 stau cel mai prost\"}]},{\"@type\":\"WebSite\",\"@id\":\"https:\\\/\\\/buletin.de\\\/bucuresti\\\/#website\",\"url\":\"https:\\\/\\\/buletin.de\\\/bucuresti\\\/\",\"name\":\"Buletin de Bucure\u0219ti\",\"description\":\"\u0218tiri \u0219i investiga\u021bii esen\u021biale din capital\u0103\",\"publisher\":{\"@id\":\"https:\\\/\\\/buletin.de\\\/bucuresti\\\/#organization\"},\"potentialAction\":[{\"@type\":\"SearchAction\",\"target\":{\"@type\":\"EntryPoint\",\"urlTemplate\":\"https:\\\/\\\/buletin.de\\\/bucuresti\\\/?s={search_term_string}\"},\"query-input\":{\"@type\":\"PropertyValueSpecification\",\"valueRequired\":true,\"valueName\":\"search_term_string\"}}],\"inLanguage\":\"en-GB\"},{\"@type\":\"Organization\",\"@id\":\"https:\\\/\\\/buletin.de\\\/bucuresti\\\/#organization\",\"name\":\"Buletin de Bucure\u0219ti\",\"url\":\"https:\\\/\\\/buletin.de\\\/bucuresti\\\/\",\"logo\":{\"@type\":\"ImageObject\",\"inLanguage\":\"en-GB\",\"@id\":\"https:\\\/\\\/buletin.de\\\/bucuresti\\\/#\\\/schema\\\/logo\\\/image\\\/\",\"url\":\"https:\\\/\\\/buletin.de\\\/bucuresti\\\/wp-content\\\/uploads\\\/logo-bdb-full-wide-vernil-transparent.png\",\"contentUrl\":\"https:\\\/\\\/buletin.de\\\/bucuresti\\\/wp-content\\\/uploads\\\/logo-bdb-full-wide-vernil-transparent.png\",\"width\":1782,\"height\":626,\"caption\":\"Buletin de Bucure\u0219ti\"},\"image\":{\"@id\":\"https:\\\/\\\/buletin.de\\\/bucuresti\\\/#\\\/schema\\\/logo\\\/image\\\/\"},\"sameAs\":[\"https:\\\/\\\/www.facebook.com\\\/buletin.de.buc\",\"https:\\\/\\\/www.instagram.com\\\/buletinde.bucuresti\\\/\"]},{\"@type\":\"Person\",\"@id\":\"https:\\\/\\\/buletin.de\\\/bucuresti\\\/#\\\/schema\\\/person\\\/ab174cf6711728e4ee83d672acf9a912\",\"name\":\"Adina C\u0103p\u00eelnean\",\"image\":{\"@type\":\"ImageObject\",\"inLanguage\":\"en-GB\",\"@id\":\"https:\\\/\\\/secure.gravatar.com\\\/avatar\\\/4fe9675d6282fd7c1aa4e486a037d532d5728fc16a30360f293eb6126b2e73ad?s=96&d=monsterid&r=ge2b23868508aec3460d3c6a11d3b599a\",\"url\":\"https:\\\/\\\/secure.gravatar.com\\\/avatar\\\/4fe9675d6282fd7c1aa4e486a037d532d5728fc16a30360f293eb6126b2e73ad?s=96&d=monsterid&r=g\",\"contentUrl\":\"https:\\\/\\\/secure.gravatar.com\\\/avatar\\\/4fe9675d6282fd7c1aa4e486a037d532d5728fc16a30360f293eb6126b2e73ad?s=96&d=monsterid&r=g\",\"caption\":\"Adina C\u0103p\u00eelnean\"},\"url\":\"https:\\\/\\\/buletin.de\\\/bucuresti\\\/author\\\/adinacapilnean\\\/\"}]}<\/script>\n<!-- \/ Yoast SEO Premium plugin. -->","yoast_head_json":{"title":"Mai pu\u0163in de o treime din banii europeni disponibili, cheltui\u0163i de prim\u0103riile Capitalei. S1 \u015fi S5 stau cel mai prost - Buletin de Bucure\u0219ti","robots":{"index":"index","follow":"follow","max-snippet":"max-snippet:-1","max-image-preview":"max-image-preview:large","max-video-preview":"max-video-preview:-1"},"canonical":"https:\/\/buletin.de\/bucuresti\/mai-putin-de-o-treime-din-banii-europeni-disponibili-au-fost-cheltuiti-de-primariile-capitalei-sectoarele-1-si-5-stau-cel-mai-prost\/","og_locale":"en_GB","og_type":"article","og_title":"Mai pu\u0163in de o treime din banii europeni disponibili, cheltui\u0163i de prim\u0103riile Capitalei. S1 \u015fi S5 stau cel mai prost","og_description":"Prim\u0103riile de sector \u015fi Prim\u0103ria General\u0103 au reu\u015fit s\u0103 cheltuiasc\u0103 4.14 miliarde de euro, \u00eentre anii 2020 \u015fi 2024, dintr-un total disponibil de aproape 13 miliarde, adic\u0103 aproximativ 30%, potrivit unui articol din Ziarul Financiar. Sectoarele 3 \u015fi 4 au atras cele mai mari sume, dar au avut \u015fi programele cele mai consistente. Procentual, la [&hellip;]","og_url":"https:\/\/buletin.de\/bucuresti\/mai-putin-de-o-treime-din-banii-europeni-disponibili-au-fost-cheltuiti-de-primariile-capitalei-sectoarele-1-si-5-stau-cel-mai-prost\/","og_site_name":"Buletin de Bucure\u0219ti","article_publisher":"https:\/\/www.facebook.com\/buletin.de.buc","article_published_time":"2024-05-01T04:30:00+00:00","article_modified_time":"2024-05-02T06:11:09+00:00","og_image":[{"width":2000,"height":1333,"url":"https:\/\/buletin.de\/bucuresti\/wp-content\/uploads\/mathieu-stern-1zO4O3Z0UJA-unsplash.jpg","type":"image\/jpeg"}],"author":"Adina C\u0103p\u00eelnean","twitter_card":"summary_large_image","twitter_misc":{"Written by":"Adina C\u0103p\u00eelnean","Estimated reading time":"2 minutes"},"schema":{"@context":"https:\/\/schema.org","@graph":[{"@type":"Article","@id":"https:\/\/buletin.de\/bucuresti\/mai-putin-de-o-treime-din-banii-europeni-disponibili-au-fost-cheltuiti-de-primariile-capitalei-sectoarele-1-si-5-stau-cel-mai-prost\/#article","isPartOf":{"@id":"https:\/\/buletin.de\/bucuresti\/mai-putin-de-o-treime-din-banii-europeni-disponibili-au-fost-cheltuiti-de-primariile-capitalei-sectoarele-1-si-5-stau-cel-mai-prost\/"},"author":{"name":"Adina C\u0103p\u00eelnean","@id":"https:\/\/buletin.de\/bucuresti\/#\/schema\/person\/ab174cf6711728e4ee83d672acf9a912"},"headline":"Mai pu\u0163in de o treime din banii europeni disponibili, cheltui\u0163i de prim\u0103riile Capitalei. S1 \u015fi S5 stau cel mai prost","datePublished":"2024-05-01T04:30:00+00:00","dateModified":"2024-05-02T06:11:09+00:00","mainEntityOfPage":{"@id":"https:\/\/buletin.de\/bucuresti\/mai-putin-de-o-treime-din-banii-europeni-disponibili-au-fost-cheltuiti-de-primariile-capitalei-sectoarele-1-si-5-stau-cel-mai-prost\/"},"wordCount":389,"publisher":{"@id":"https:\/\/buletin.de\/bucuresti\/#organization"},"image":{"@id":"https:\/\/buletin.de\/bucuresti\/mai-putin-de-o-treime-din-banii-europeni-disponibili-au-fost-cheltuiti-de-primariile-capitalei-sectoarele-1-si-5-stau-cel-mai-prost\/#primaryimage"},"thumbnailUrl":"https:\/\/buletin.de\/bucuresti\/wp-content\/uploads\/mathieu-stern-1zO4O3Z0UJA-unsplash.jpg","keywords":["absorbtie","fonduri europene","pmb","primaria municipiului bucuresti","primarii","Sector 1","Sector 2","Sector 3","Sector 4","Sector 5","Sector 6"],"articleSection":["Articole","Prim\u0103rie","\u0218tiri"],"inLanguage":"en-GB","copyrightYear":"2024","copyrightHolder":{"@id":"https:\/\/buletin.de\/bucuresti\/#organization"}},{"@type":"WebPage","@id":"https:\/\/buletin.de\/bucuresti\/mai-putin-de-o-treime-din-banii-europeni-disponibili-au-fost-cheltuiti-de-primariile-capitalei-sectoarele-1-si-5-stau-cel-mai-prost\/","url":"https:\/\/buletin.de\/bucuresti\/mai-putin-de-o-treime-din-banii-europeni-disponibili-au-fost-cheltuiti-de-primariile-capitalei-sectoarele-1-si-5-stau-cel-mai-prost\/","name":"Mai pu\u0163in de o treime din banii europeni disponibili, cheltui\u0163i de prim\u0103riile Capitalei. S1 \u015fi S5 stau cel mai prost - Buletin de Bucure\u0219ti","isPartOf":{"@id":"https:\/\/buletin.de\/bucuresti\/#website"},"primaryImageOfPage":{"@id":"https:\/\/buletin.de\/bucuresti\/mai-putin-de-o-treime-din-banii-europeni-disponibili-au-fost-cheltuiti-de-primariile-capitalei-sectoarele-1-si-5-stau-cel-mai-prost\/#primaryimage"},"image":{"@id":"https:\/\/buletin.de\/bucuresti\/mai-putin-de-o-treime-din-banii-europeni-disponibili-au-fost-cheltuiti-de-primariile-capitalei-sectoarele-1-si-5-stau-cel-mai-prost\/#primaryimage"},"thumbnailUrl":"https:\/\/buletin.de\/bucuresti\/wp-content\/uploads\/mathieu-stern-1zO4O3Z0UJA-unsplash.jpg","datePublished":"2024-05-01T04:30:00+00:00","dateModified":"2024-05-02T06:11:09+00:00","breadcrumb":{"@id":"https:\/\/buletin.de\/bucuresti\/mai-putin-de-o-treime-din-banii-europeni-disponibili-au-fost-cheltuiti-de-primariile-capitalei-sectoarele-1-si-5-stau-cel-mai-prost\/#breadcrumb"},"inLanguage":"en-GB","potentialAction":[{"@type":"ReadAction","target":["https:\/\/buletin.de\/bucuresti\/mai-putin-de-o-treime-din-banii-europeni-disponibili-au-fost-cheltuiti-de-primariile-capitalei-sectoarele-1-si-5-stau-cel-mai-prost\/"]}]},{"@type":"ImageObject","inLanguage":"en-GB","@id":"https:\/\/buletin.de\/bucuresti\/mai-putin-de-o-treime-din-banii-europeni-disponibili-au-fost-cheltuiti-de-primariile-capitalei-sectoarele-1-si-5-stau-cel-mai-prost\/#primaryimage","url":"https:\/\/buletin.de\/bucuresti\/wp-content\/uploads\/mathieu-stern-1zO4O3Z0UJA-unsplash.jpg","contentUrl":"https:\/\/buletin.de\/bucuresti\/wp-content\/uploads\/mathieu-stern-1zO4O3Z0UJA-unsplash.jpg","width":2000,"height":1333,"caption":"Bucure\u0219ti, pe primul loc \u00een \u021bar\u0103 la insolven\u021be Surs\u0103: Unsplash mathieu stern"},{"@type":"BreadcrumbList","@id":"https:\/\/buletin.de\/bucuresti\/mai-putin-de-o-treime-din-banii-europeni-disponibili-au-fost-cheltuiti-de-primariile-capitalei-sectoarele-1-si-5-stau-cel-mai-prost\/#breadcrumb","itemListElement":[{"@type":"ListItem","position":1,"name":"Acas\u0103","item":"https:\/\/buletin.de\/bucuresti\/"},{"@type":"ListItem","position":2,"name":"Mai pu\u0163in de o treime din banii europeni disponibili, cheltui\u0163i de prim\u0103riile Capitalei. S1 \u015fi S5 stau cel mai prost"}]},{"@type":"WebSite","@id":"https:\/\/buletin.de\/bucuresti\/#website","url":"https:\/\/buletin.de\/bucuresti\/","name":"Buletin de Bucure\u0219ti","description":"\u0218tiri \u0219i investiga\u021bii esen\u021biale din capital\u0103","publisher":{"@id":"https:\/\/buletin.de\/bucuresti\/#organization"},"potentialAction":[{"@type":"SearchAction","target":{"@type":"EntryPoint","urlTemplate":"https:\/\/buletin.de\/bucuresti\/?s={search_term_string}"},"query-input":{"@type":"PropertyValueSpecification","valueRequired":true,"valueName":"search_term_string"}}],"inLanguage":"en-GB"},{"@type":"Organization","@id":"https:\/\/buletin.de\/bucuresti\/#organization","name":"Buletin de Bucure\u0219ti","url":"https:\/\/buletin.de\/bucuresti\/","logo":{"@type":"ImageObject","inLanguage":"en-GB","@id":"https:\/\/buletin.de\/bucuresti\/#\/schema\/logo\/image\/","url":"https:\/\/buletin.de\/bucuresti\/wp-content\/uploads\/logo-bdb-full-wide-vernil-transparent.png","contentUrl":"https:\/\/buletin.de\/bucuresti\/wp-content\/uploads\/logo-bdb-full-wide-vernil-transparent.png","width":1782,"height":626,"caption":"Buletin de Bucure\u0219ti"},"image":{"@id":"https:\/\/buletin.de\/bucuresti\/#\/schema\/logo\/image\/"},"sameAs":["https:\/\/www.facebook.com\/buletin.de.buc","https:\/\/www.instagram.com\/buletinde.bucuresti\/"]},{"@type":"Person","@id":"https:\/\/buletin.de\/bucuresti\/#\/schema\/person\/ab174cf6711728e4ee83d672acf9a912","name":"Adina C\u0103p\u00eelnean","image":{"@type":"ImageObject","inLanguage":"en-GB","@id":"https:\/\/secure.gravatar.com\/avatar\/4fe9675d6282fd7c1aa4e486a037d532d5728fc16a30360f293eb6126b2e73ad?s=96&d=monsterid&r=ge2b23868508aec3460d3c6a11d3b599a","url":"https:\/\/secure.gravatar.com\/avatar\/4fe9675d6282fd7c1aa4e486a037d532d5728fc16a30360f293eb6126b2e73ad?s=96&d=monsterid&r=g","contentUrl":"https:\/\/secure.gravatar.com\/avatar\/4fe9675d6282fd7c1aa4e486a037d532d5728fc16a30360f293eb6126b2e73ad?s=96&d=monsterid&r=g","caption":"Adina C\u0103p\u00eelnean"},"url":"https:\/\/buletin.de\/bucuresti\/author\/adinacapilnean\/"}]}},"authors":[{"term_id":22580,"user_id":47,"is_guest":0,"slug":"adinacapilnean","display_name":"Adina C\u0103p\u00eelnean","avatar_url":"https:\/\/secure.gravatar.com\/avatar\/4fe9675d6282fd7c1aa4e486a037d532d5728fc16a30360f293eb6126b2e73ad?s=96&d=monsterid&r=g","0":null,"1":"","2":"","3":"","4":"","5":"","6":"","7":"","8":""}],"_links":{"self":[{"href":"https:\/\/buletin.de\/bucuresti\/wp-json\/wp\/v2\/posts\/84396","targetHints":{"allow":["GET"]}}],"collection":[{"href":"https:\/\/buletin.de\/bucuresti\/wp-json\/wp\/v2\/posts"}],"about":[{"href":"https:\/\/buletin.de\/bucuresti\/wp-json\/wp\/v2\/types\/post"}],"author":[{"embeddable":true,"href":"https:\/\/buletin.de\/bucuresti\/wp-json\/wp\/v2\/users\/47"}],"replies":[{"embeddable":true,"href":"https:\/\/buletin.de\/bucuresti\/wp-json\/wp\/v2\/comments?post=84396"}],"version-history":[{"count":4,"href":"https:\/\/buletin.de\/bucuresti\/wp-json\/wp\/v2\/posts\/84396\/revisions"}],"predecessor-version":[{"id":84535,"href":"https:\/\/buletin.de\/bucuresti\/wp-json\/wp\/v2\/posts\/84396\/revisions\/84535"}],"wp:featuredmedia":[{"embeddable":true,"href":"https:\/\/buletin.de\/bucuresti\/wp-json\/wp\/v2\/media\/51384"}],"wp:attachment":[{"href":"https:\/\/buletin.de\/bucuresti\/wp-json\/wp\/v2\/media?parent=84396"}],"wp:term":[{"taxonomy":"category","embeddable":true,"href":"https:\/\/buletin.de\/bucuresti\/wp-json\/wp\/v2\/categories?post=84396"},{"taxonomy":"post_tag","embeddable":true,"href":"https:\/\/buletin.de\/bucuresti\/wp-json\/wp\/v2\/tags?post=84396"},{"taxonomy":"author","embeddable":true,"href":"https:\/\/buletin.de\/bucuresti\/wp-json\/wp\/v2\/ppma_author?post=84396"}],"curies":[{"name":"wp","href":"https:\/\/api.w.org\/{rel}","templated":true}]}}