{"id":84233,"date":"2024-04-29T07:10:46","date_gmt":"2024-04-29T04:10:46","guid":{"rendered":"https:\/\/buletin.de\/bucuresti\/?p=84233"},"modified":"2024-04-29T07:12:14","modified_gmt":"2024-04-29T04:12:14","slug":"nicusor-dan-conduce-in-primul-sondaj-realizat-de-psd-dupa-intrarea-gabrielei-firea-in-cursa-pentru-primaria-capitalei","status":"publish","type":"post","link":"https:\/\/buletin.de\/bucuresti\/nicusor-dan-conduce-in-primul-sondaj-realizat-de-psd-dupa-intrarea-gabrielei-firea-in-cursa-pentru-primaria-capitalei\/","title":{"rendered":"Nicu\u0219or Dan conduce \u00een primul sondaj realizat de PSD dup\u0103 intrarea Gabrielei Firea \u00een cursa pentru Prim\u0103ria Capitalei"},"content":{"rendered":"\n<p><strong>Nicu\u0219or Dan ar c\u00e2\u0219tiga alegerile pentru Prim\u0103ria Muncipiului Bucure\u0219ti cu 31% din voturi, \u00een timp ce Gabriela Firea, candidata PSD intrat\u0103 \u00een curs\u0103 dup\u0103 retragerea medicului C\u0103t\u0103lin C\u00eerstoiu, s-ar clasa pe locul doi cu 24 de procente, potrivit unui sondaj Avangarde, la comanda PSD, citat de<a href=\"https:\/\/www.hotnews.ro\/stiri-politic-27092037-nicusor-dan-conduce-primul-sondaj-realizat-psd-dupa-gabriela-firea-intrat-cursa-pentru-primaria-capitalei-piedone-locul-3.htm\"> hotnews.ro<\/a>. Cristian Popescu Piedone (PUSL) este cotat cu 20% din \u0219anse.<\/strong><\/p>\n\n\n\n<p>Pricipala \u00eentrebare a sondajului, realizat pe teren, a fost \u201eDac\u0103 duminica viitoare ar avea loc alegeri pentru Prim\u0103ria General\u0103 a Mun. Bucure\u0219ti, dumneavoastr\u0103 cu ce candidat a\u021bi vota?\u201d<\/p>\n\n\n\n<p>Rezultatele sondajului de opinie realizat de Avangarde, la comanda PSD, \u0219i citat de<a href=\"https:\/\/www.hotnews.ro\/stiri-politic-27092037-nicusor-dan-conduce-primul-sondaj-realizat-psd-dupa-gabriela-firea-intrat-cursa-pentru-primaria-capitalei-piedone-locul-3.htm\"> hotnews.ro<\/a>, sunt urm\u0103toarele:<\/p>\n\n\n\n<ul class=\"wp-block-list\">\n<li>Nicu\u0219or Dan , ADU &#8211; 31%<\/li>\n\n\n\n<li>Gabriela Firea, PSD &#8211; 24%<\/li>\n\n\n\n<li>Cristian Popescu Piedone, PUSL &#8211; 20%<\/li>\n\n\n\n<li>Sebastian Burduja, PNL &#8211; 15%<\/li>\n\n\n\n<li>Mihai Enache, AUR &#8211; 7%<\/li>\n\n\n\n<li>Altul &#8211; 3%<\/li>\n<\/ul>\n\n\n\n<p>De altfel, dac\u0103 duminica viitoare ar avea loc alegeri, 31 % dintre bucure\u0219teni ar vota cu PSD pentru Consiliul General al Municipiului Bucure\u0219ti.<\/p>\n\n\n\n<figure class=\"wp-block-image size-large\"><img fetchpriority=\"high\" decoding=\"async\" width=\"900\" height=\"503\" src=\"data:image\/gif;base64,R0lGODlhAQABAAAAACH5BAEKAAEALAAAAAABAAEAAAICTAEAOw==\" data-src=\"https:\/\/buletin.de\/bucuresti\/wp-content\/uploads\/image-2024-04-28-27092017-0-sondaj-psd-2-900x503.jpg\" alt=\"\" class=\"wp-image-84234 lazyload\" data-sizes=\"auto\" data-srcset=\"https:\/\/buletin.de\/bucuresti\/wp-content\/uploads\/image-2024-04-28-27092017-0-sondaj-psd-2-900x503.jpg 900w, https:\/\/buletin.de\/bucuresti\/wp-content\/uploads\/image-2024-04-28-27092017-0-sondaj-psd-2-300x168.jpg 300w, https:\/\/buletin.de\/bucuresti\/wp-content\/uploads\/image-2024-04-28-27092017-0-sondaj-psd-2-768x430.jpg 768w, https:\/\/buletin.de\/bucuresti\/wp-content\/uploads\/image-2024-04-28-27092017-0-sondaj-psd-2-1100x615.jpg 1100w, https:\/\/buletin.de\/bucuresti\/wp-content\/uploads\/image-2024-04-28-27092017-0-sondaj-psd-2-600x336.jpg 600w, https:\/\/buletin.de\/bucuresti\/wp-content\/uploads\/image-2024-04-28-27092017-0-sondaj-psd-2-20x11.jpg 20w, https:\/\/buletin.de\/bucuresti\/wp-content\/uploads\/image-2024-04-28-27092017-0-sondaj-psd-2.jpg 1121w\" sizes=\"(max-width: 900px) 100vw, 900px\" \/><\/figure>\n\n\n\n<p>Sondajul a fost realizat de Avangarde la comanda PSD \u00een perioada 24 &#8211; 27 aprilie, pe un e\u015fantion de 1.150 de persoane. Datele au fost culese pe teren. Eroarea maxim\u0103 admis\u0103 a datelor este de +\/-2,9% la un grad de \u00eencredere de 95%. \u00a0Grupul de Studii Socio-Comportamentale Avangarde este de\u021binut de sociologul Marius Pieleanu.<\/p>\n\n\n\n<p>CITE\u0218TE \u0218I<\/p>\n\n\n\n<figure class=\"wp-block-embed is-type-wp-embed is-provider-buletin-de-bucure-ti wp-block-embed-buletin-de-bucure-ti\"><div class=\"wp-block-embed__wrapper\">\n<blockquote class=\"wp-embedded-content\" data-secret=\"Fl5k7OyhkW\"><a href=\"https:\/\/buletin.de\/bucuresti\/cj-ilfov-a-anuntat-un-campus-educational-la-magurele-cu-imagini-furate-din-china\/\">CJ Ilfov a anun\u021bat un campus educa\u021bional, la M\u0103gurele, cu imagini \u201efurate\u201d din China<\/a><\/blockquote><iframe class=\"wp-embedded-content\" sandbox=\"allow-scripts\" security=\"restricted\" style=\"position: absolute; clip: rect(1px, 1px, 1px, 1px);\" title=\"&#8220;CJ Ilfov a anun\u021bat un campus educa\u021bional, la M\u0103gurele, cu imagini \u201efurate\u201d din China&#8221; &#8212; Buletin de Bucure\u0219ti\" src=\"https:\/\/buletin.de\/bucuresti\/cj-ilfov-a-anuntat-un-campus-educational-la-magurele-cu-imagini-furate-din-china\/embed\/#?secret=lNOYZ3ucCh#?secret=Fl5k7OyhkW\" data-secret=\"Fl5k7OyhkW\" width=\"600\" height=\"338\" frameborder=\"0\" marginwidth=\"0\" marginheight=\"0\" scrolling=\"no\"><\/iframe>\n<\/div><\/figure>\n","protected":false},"excerpt":{"rendered":"<p>Nicu\u0219or Dan ar c\u00e2\u0219tiga alegerile pentru Prim\u0103ria Muncipiului Bucure\u0219ti cu 31% din voturi, \u00een timp ce Gabriela Firea, candidata PSD intrat\u0103 \u00een curs\u0103 dup\u0103 retragerea medicului C\u0103t\u0103lin C\u00eerstoiu, s-ar clasa pe locul doi cu 24 de procente, potrivit unui sondaj Avangarde, la comanda PSD, citat de hotnews.ro. Cristian Popescu Piedone (PUSL) este cotat cu 20% [&hellip;]<\/p>\n","protected":false},"author":10,"featured_media":84236,"comment_status":"closed","ping_status":"open","sticky":false,"template":"","format":"standard","meta":{"_acf_changed":false,"inline_featured_image":false,"ngg_post_thumbnail":0,"footnotes":""},"categories":[6994,5762,9025],"tags":[959,28,1115,1103,104,762,65,11339,1889],"ppma_author":[22575],"class_list":["post-84233","post","type-post","status-publish","format-standard","has-post-thumbnail","hentry","category-stiri-2","category-main","category-politic","tag-consiliu-general","tag-firea","tag-nicusor","tag-piedone","tag-pmb","tag-pnl","tag-psd","tag-retragere","tag-sondaj"],"acf":[],"yoast_head":"<!-- This site is optimized with the Yoast SEO Premium plugin v25.3 (Yoast SEO v27.5) - https:\/\/yoast.com\/product\/yoast-seo-premium-wordpress\/ -->\n<title>Nicu\u0219or Dan conduce \u00een primul sondaj realizat de PSD dup\u0103 intrarea Gabrielei Firea \u00een cursa pentru Prim\u0103ria Capitalei - Buletin de Bucure\u0219ti<\/title>\n<meta name=\"robots\" content=\"index, follow, max-snippet:-1, max-image-preview:large, max-video-preview:-1\" \/>\n<link rel=\"canonical\" href=\"https:\/\/buletin.de\/bucuresti\/nicusor-dan-conduce-in-primul-sondaj-realizat-de-psd-dupa-intrarea-gabrielei-firea-in-cursa-pentru-primaria-capitalei\/\" \/>\n<meta property=\"og:locale\" content=\"en_GB\" \/>\n<meta property=\"og:type\" content=\"article\" \/>\n<meta property=\"og:title\" content=\"Nicu\u0219or Dan conduce \u00een primul sondaj realizat de PSD dup\u0103 intrarea Gabrielei Firea \u00een cursa pentru Prim\u0103ria Capitalei\" \/>\n<meta property=\"og:description\" content=\"Nicu\u0219or Dan ar c\u00e2\u0219tiga alegerile pentru Prim\u0103ria Muncipiului Bucure\u0219ti cu 31% din voturi, \u00een timp ce Gabriela Firea, candidata PSD intrat\u0103 \u00een curs\u0103 dup\u0103 retragerea medicului C\u0103t\u0103lin C\u00eerstoiu, s-ar clasa pe locul doi cu 24 de procente, potrivit unui sondaj Avangarde, la comanda PSD, citat de hotnews.ro. Cristian Popescu Piedone (PUSL) este cotat cu 20% [&hellip;]\" \/>\n<meta property=\"og:url\" content=\"https:\/\/buletin.de\/bucuresti\/nicusor-dan-conduce-in-primul-sondaj-realizat-de-psd-dupa-intrarea-gabrielei-firea-in-cursa-pentru-primaria-capitalei\/\" \/>\n<meta property=\"og:site_name\" content=\"Buletin de Bucure\u0219ti\" \/>\n<meta property=\"article:publisher\" content=\"https:\/\/www.facebook.com\/buletin.de.buc\" \/>\n<meta property=\"article:published_time\" content=\"2024-04-29T04:10:46+00:00\" \/>\n<meta property=\"article:modified_time\" content=\"2024-04-29T04:12:14+00:00\" \/>\n<meta property=\"og:image\" content=\"https:\/\/buletin.de\/bucuresti\/wp-content\/uploads\/sondaj.jpg\" \/>\n\t<meta property=\"og:image:width\" content=\"2000\" \/>\n\t<meta property=\"og:image:height\" content=\"1167\" \/>\n\t<meta property=\"og:image:type\" content=\"image\/jpeg\" \/>\n<meta name=\"author\" content=\"C\u0103t\u0103lin Dosca\u0219\" \/>\n<meta name=\"twitter:card\" content=\"summary_large_image\" \/>\n<meta name=\"twitter:label1\" content=\"Written by\" \/>\n\t<meta name=\"twitter:data1\" content=\"C\u0103t\u0103lin Dosca\u0219\" \/>\n\t<meta name=\"twitter:label2\" content=\"Estimated reading time\" \/>\n\t<meta name=\"twitter:data2\" content=\"2 minutes\" \/>\n<script type=\"application\/ld+json\" class=\"yoast-schema-graph\">{\"@context\":\"https:\\\/\\\/schema.org\",\"@graph\":[{\"@type\":\"Article\",\"@id\":\"https:\\\/\\\/buletin.de\\\/bucuresti\\\/nicusor-dan-conduce-in-primul-sondaj-realizat-de-psd-dupa-intrarea-gabrielei-firea-in-cursa-pentru-primaria-capitalei\\\/#article\",\"isPartOf\":{\"@id\":\"https:\\\/\\\/buletin.de\\\/bucuresti\\\/nicusor-dan-conduce-in-primul-sondaj-realizat-de-psd-dupa-intrarea-gabrielei-firea-in-cursa-pentru-primaria-capitalei\\\/\"},\"author\":{\"name\":\"C\u0103t\u0103lin Dosca\u0219\",\"@id\":\"https:\\\/\\\/buletin.de\\\/bucuresti\\\/#\\\/schema\\\/person\\\/31117187ed4d0bdb0a4c7d6acc79d0f8\"},\"headline\":\"Nicu\u0219or Dan conduce \u00een primul sondaj realizat de PSD dup\u0103 intrarea Gabrielei Firea \u00een cursa pentru Prim\u0103ria Capitalei\",\"datePublished\":\"2024-04-29T04:10:46+00:00\",\"dateModified\":\"2024-04-29T04:12:14+00:00\",\"mainEntityOfPage\":{\"@id\":\"https:\\\/\\\/buletin.de\\\/bucuresti\\\/nicusor-dan-conduce-in-primul-sondaj-realizat-de-psd-dupa-intrarea-gabrielei-firea-in-cursa-pentru-primaria-capitalei\\\/\"},\"wordCount\":238,\"publisher\":{\"@id\":\"https:\\\/\\\/buletin.de\\\/bucuresti\\\/#organization\"},\"image\":{\"@id\":\"https:\\\/\\\/buletin.de\\\/bucuresti\\\/nicusor-dan-conduce-in-primul-sondaj-realizat-de-psd-dupa-intrarea-gabrielei-firea-in-cursa-pentru-primaria-capitalei\\\/#primaryimage\"},\"thumbnailUrl\":\"https:\\\/\\\/buletin.de\\\/bucuresti\\\/wp-content\\\/uploads\\\/sondaj.jpg\",\"keywords\":[\"consiliu general\",\"firea\",\"nicusor\",\"piedone\",\"pmb\",\"PNL\",\"psd\",\"retragere\",\"sondaj\"],\"articleSection\":[\"Articole\",\"Main\",\"Politic\"],\"inLanguage\":\"en-GB\",\"copyrightYear\":\"2024\",\"copyrightHolder\":{\"@id\":\"https:\\\/\\\/buletin.de\\\/bucuresti\\\/#organization\"}},{\"@type\":\"WebPage\",\"@id\":\"https:\\\/\\\/buletin.de\\\/bucuresti\\\/nicusor-dan-conduce-in-primul-sondaj-realizat-de-psd-dupa-intrarea-gabrielei-firea-in-cursa-pentru-primaria-capitalei\\\/\",\"url\":\"https:\\\/\\\/buletin.de\\\/bucuresti\\\/nicusor-dan-conduce-in-primul-sondaj-realizat-de-psd-dupa-intrarea-gabrielei-firea-in-cursa-pentru-primaria-capitalei\\\/\",\"name\":\"Nicu\u0219or Dan conduce \u00een primul sondaj realizat de PSD dup\u0103 intrarea Gabrielei Firea \u00een cursa pentru Prim\u0103ria Capitalei - Buletin de Bucure\u0219ti\",\"isPartOf\":{\"@id\":\"https:\\\/\\\/buletin.de\\\/bucuresti\\\/#website\"},\"primaryImageOfPage\":{\"@id\":\"https:\\\/\\\/buletin.de\\\/bucuresti\\\/nicusor-dan-conduce-in-primul-sondaj-realizat-de-psd-dupa-intrarea-gabrielei-firea-in-cursa-pentru-primaria-capitalei\\\/#primaryimage\"},\"image\":{\"@id\":\"https:\\\/\\\/buletin.de\\\/bucuresti\\\/nicusor-dan-conduce-in-primul-sondaj-realizat-de-psd-dupa-intrarea-gabrielei-firea-in-cursa-pentru-primaria-capitalei\\\/#primaryimage\"},\"thumbnailUrl\":\"https:\\\/\\\/buletin.de\\\/bucuresti\\\/wp-content\\\/uploads\\\/sondaj.jpg\",\"datePublished\":\"2024-04-29T04:10:46+00:00\",\"dateModified\":\"2024-04-29T04:12:14+00:00\",\"breadcrumb\":{\"@id\":\"https:\\\/\\\/buletin.de\\\/bucuresti\\\/nicusor-dan-conduce-in-primul-sondaj-realizat-de-psd-dupa-intrarea-gabrielei-firea-in-cursa-pentru-primaria-capitalei\\\/#breadcrumb\"},\"inLanguage\":\"en-GB\",\"potentialAction\":[{\"@type\":\"ReadAction\",\"target\":[\"https:\\\/\\\/buletin.de\\\/bucuresti\\\/nicusor-dan-conduce-in-primul-sondaj-realizat-de-psd-dupa-intrarea-gabrielei-firea-in-cursa-pentru-primaria-capitalei\\\/\"]}]},{\"@type\":\"ImageObject\",\"inLanguage\":\"en-GB\",\"@id\":\"https:\\\/\\\/buletin.de\\\/bucuresti\\\/nicusor-dan-conduce-in-primul-sondaj-realizat-de-psd-dupa-intrarea-gabrielei-firea-in-cursa-pentru-primaria-capitalei\\\/#primaryimage\",\"url\":\"https:\\\/\\\/buletin.de\\\/bucuresti\\\/wp-content\\\/uploads\\\/sondaj.jpg\",\"contentUrl\":\"https:\\\/\\\/buletin.de\\\/bucuresti\\\/wp-content\\\/uploads\\\/sondaj.jpg\",\"width\":2000,\"height\":1167,\"caption\":\"Inquam Photos\"},{\"@type\":\"BreadcrumbList\",\"@id\":\"https:\\\/\\\/buletin.de\\\/bucuresti\\\/nicusor-dan-conduce-in-primul-sondaj-realizat-de-psd-dupa-intrarea-gabrielei-firea-in-cursa-pentru-primaria-capitalei\\\/#breadcrumb\",\"itemListElement\":[{\"@type\":\"ListItem\",\"position\":1,\"name\":\"Acas\u0103\",\"item\":\"https:\\\/\\\/buletin.de\\\/bucuresti\\\/\"},{\"@type\":\"ListItem\",\"position\":2,\"name\":\"Nicu\u0219or Dan conduce \u00een primul sondaj realizat de PSD dup\u0103 intrarea Gabrielei Firea \u00een cursa pentru Prim\u0103ria Capitalei\"}]},{\"@type\":\"WebSite\",\"@id\":\"https:\\\/\\\/buletin.de\\\/bucuresti\\\/#website\",\"url\":\"https:\\\/\\\/buletin.de\\\/bucuresti\\\/\",\"name\":\"Buletin de Bucure\u0219ti\",\"description\":\"\u0218tiri \u0219i investiga\u021bii esen\u021biale din capital\u0103\",\"publisher\":{\"@id\":\"https:\\\/\\\/buletin.de\\\/bucuresti\\\/#organization\"},\"potentialAction\":[{\"@type\":\"SearchAction\",\"target\":{\"@type\":\"EntryPoint\",\"urlTemplate\":\"https:\\\/\\\/buletin.de\\\/bucuresti\\\/?s={search_term_string}\"},\"query-input\":{\"@type\":\"PropertyValueSpecification\",\"valueRequired\":true,\"valueName\":\"search_term_string\"}}],\"inLanguage\":\"en-GB\"},{\"@type\":\"Organization\",\"@id\":\"https:\\\/\\\/buletin.de\\\/bucuresti\\\/#organization\",\"name\":\"Buletin de Bucure\u0219ti\",\"url\":\"https:\\\/\\\/buletin.de\\\/bucuresti\\\/\",\"logo\":{\"@type\":\"ImageObject\",\"inLanguage\":\"en-GB\",\"@id\":\"https:\\\/\\\/buletin.de\\\/bucuresti\\\/#\\\/schema\\\/logo\\\/image\\\/\",\"url\":\"https:\\\/\\\/buletin.de\\\/bucuresti\\\/wp-content\\\/uploads\\\/logo-bdb-full-wide-vernil-transparent.png\",\"contentUrl\":\"https:\\\/\\\/buletin.de\\\/bucuresti\\\/wp-content\\\/uploads\\\/logo-bdb-full-wide-vernil-transparent.png\",\"width\":1782,\"height\":626,\"caption\":\"Buletin de Bucure\u0219ti\"},\"image\":{\"@id\":\"https:\\\/\\\/buletin.de\\\/bucuresti\\\/#\\\/schema\\\/logo\\\/image\\\/\"},\"sameAs\":[\"https:\\\/\\\/www.facebook.com\\\/buletin.de.buc\",\"https:\\\/\\\/www.instagram.com\\\/buletinde.bucuresti\\\/\"]},{\"@type\":\"Person\",\"@id\":\"https:\\\/\\\/buletin.de\\\/bucuresti\\\/#\\\/schema\\\/person\\\/31117187ed4d0bdb0a4c7d6acc79d0f8\",\"name\":\"C\u0103t\u0103lin Dosca\u0219\",\"image\":{\"@type\":\"ImageObject\",\"inLanguage\":\"en-GB\",\"@id\":\"https:\\\/\\\/buletin.de\\\/bucuresti\\\/wp-content\\\/uploads\\\/Catalin-Doscas-e1732731064764-96x96.jpga93e2943bb3b1c1f9ead823df6e6317a\",\"url\":\"https:\\\/\\\/buletin.de\\\/bucuresti\\\/wp-content\\\/uploads\\\/Catalin-Doscas-e1732731064764-96x96.jpg\",\"contentUrl\":\"https:\\\/\\\/buletin.de\\\/bucuresti\\\/wp-content\\\/uploads\\\/Catalin-Doscas-e1732731064764-96x96.jpg\",\"caption\":\"C\u0103t\u0103lin Dosca\u0219\"},\"description\":\"Reporter \u0219i redactor-\u0219ef Buletin de Bucure\u0219ti. Lucreaz\u0103 \u00een mass-media de la v\u00e2rsta de 15 ani, c\u00e2nd a publicat primele articole \u00een presa local\u0103 din Tecuci. \u00cen Bucure\u0219ti a lucrat \u00een redac\u021bii radio ca reporter, redactor \u0219i prezentator (StudentFM, Na\u021bionalFM, Radio Total, Smart FM), unde a acoperit domeniile politic, economic, social \u0219i externe. Ulterior, a fost editor-coordonator al postului Realitatea FM. Experien\u021ba \u00een jurnalismul online a dob\u00e2ndit-o la portalul B365.ro, unde a fost editor. \u00cen 2012 s-a angajat \u00een televiziune. La Realitatea TV a fost, pe r\u00e2nd, reporter la sec\u021bia Social, reporter special la emisiunea de reportaje \u0219i anchete \u201eReporterii Realit\u0103\u021bii\u201d, dar \u0219i editor al jurnalelor de \u0219tiri. Ulterior, a f\u0103cut parte din sec\u021bia de Investiga\u021bii de la Digi24 \u0219i a lucrat la campania \u201eRom\u00e2nia furat\u0103\u201d. A revenit \u00een presa scris\u0103 \u00een 2017, ca reporter special, \u00een cadrul unui proiect de repozi\u021bionare a tabloidului Libertatea \u00een cotidian generalist. Este jurnalist Buletin de Bucure\u0219ti din 2019.\",\"url\":\"https:\\\/\\\/buletin.de\\\/bucuresti\\\/author\\\/catalin\\\/\"}]}<\/script>\n<!-- \/ Yoast SEO Premium plugin. -->","yoast_head_json":{"title":"Nicu\u0219or Dan conduce \u00een primul sondaj realizat de PSD dup\u0103 intrarea Gabrielei Firea \u00een cursa pentru Prim\u0103ria Capitalei - Buletin de Bucure\u0219ti","robots":{"index":"index","follow":"follow","max-snippet":"max-snippet:-1","max-image-preview":"max-image-preview:large","max-video-preview":"max-video-preview:-1"},"canonical":"https:\/\/buletin.de\/bucuresti\/nicusor-dan-conduce-in-primul-sondaj-realizat-de-psd-dupa-intrarea-gabrielei-firea-in-cursa-pentru-primaria-capitalei\/","og_locale":"en_GB","og_type":"article","og_title":"Nicu\u0219or Dan conduce \u00een primul sondaj realizat de PSD dup\u0103 intrarea Gabrielei Firea \u00een cursa pentru Prim\u0103ria Capitalei","og_description":"Nicu\u0219or Dan ar c\u00e2\u0219tiga alegerile pentru Prim\u0103ria Muncipiului Bucure\u0219ti cu 31% din voturi, \u00een timp ce Gabriela Firea, candidata PSD intrat\u0103 \u00een curs\u0103 dup\u0103 retragerea medicului C\u0103t\u0103lin C\u00eerstoiu, s-ar clasa pe locul doi cu 24 de procente, potrivit unui sondaj Avangarde, la comanda PSD, citat de hotnews.ro. Cristian Popescu Piedone (PUSL) este cotat cu 20% [&hellip;]","og_url":"https:\/\/buletin.de\/bucuresti\/nicusor-dan-conduce-in-primul-sondaj-realizat-de-psd-dupa-intrarea-gabrielei-firea-in-cursa-pentru-primaria-capitalei\/","og_site_name":"Buletin de Bucure\u0219ti","article_publisher":"https:\/\/www.facebook.com\/buletin.de.buc","article_published_time":"2024-04-29T04:10:46+00:00","article_modified_time":"2024-04-29T04:12:14+00:00","og_image":[{"width":2000,"height":1167,"url":"https:\/\/buletin.de\/bucuresti\/wp-content\/uploads\/sondaj.jpg","type":"image\/jpeg"}],"author":"C\u0103t\u0103lin Dosca\u0219","twitter_card":"summary_large_image","twitter_misc":{"Written by":"C\u0103t\u0103lin Dosca\u0219","Estimated reading time":"2 minutes"},"schema":{"@context":"https:\/\/schema.org","@graph":[{"@type":"Article","@id":"https:\/\/buletin.de\/bucuresti\/nicusor-dan-conduce-in-primul-sondaj-realizat-de-psd-dupa-intrarea-gabrielei-firea-in-cursa-pentru-primaria-capitalei\/#article","isPartOf":{"@id":"https:\/\/buletin.de\/bucuresti\/nicusor-dan-conduce-in-primul-sondaj-realizat-de-psd-dupa-intrarea-gabrielei-firea-in-cursa-pentru-primaria-capitalei\/"},"author":{"name":"C\u0103t\u0103lin Dosca\u0219","@id":"https:\/\/buletin.de\/bucuresti\/#\/schema\/person\/31117187ed4d0bdb0a4c7d6acc79d0f8"},"headline":"Nicu\u0219or Dan conduce \u00een primul sondaj realizat de PSD dup\u0103 intrarea Gabrielei Firea \u00een cursa pentru Prim\u0103ria Capitalei","datePublished":"2024-04-29T04:10:46+00:00","dateModified":"2024-04-29T04:12:14+00:00","mainEntityOfPage":{"@id":"https:\/\/buletin.de\/bucuresti\/nicusor-dan-conduce-in-primul-sondaj-realizat-de-psd-dupa-intrarea-gabrielei-firea-in-cursa-pentru-primaria-capitalei\/"},"wordCount":238,"publisher":{"@id":"https:\/\/buletin.de\/bucuresti\/#organization"},"image":{"@id":"https:\/\/buletin.de\/bucuresti\/nicusor-dan-conduce-in-primul-sondaj-realizat-de-psd-dupa-intrarea-gabrielei-firea-in-cursa-pentru-primaria-capitalei\/#primaryimage"},"thumbnailUrl":"https:\/\/buletin.de\/bucuresti\/wp-content\/uploads\/sondaj.jpg","keywords":["consiliu general","firea","nicusor","piedone","pmb","PNL","psd","retragere","sondaj"],"articleSection":["Articole","Main","Politic"],"inLanguage":"en-GB","copyrightYear":"2024","copyrightHolder":{"@id":"https:\/\/buletin.de\/bucuresti\/#organization"}},{"@type":"WebPage","@id":"https:\/\/buletin.de\/bucuresti\/nicusor-dan-conduce-in-primul-sondaj-realizat-de-psd-dupa-intrarea-gabrielei-firea-in-cursa-pentru-primaria-capitalei\/","url":"https:\/\/buletin.de\/bucuresti\/nicusor-dan-conduce-in-primul-sondaj-realizat-de-psd-dupa-intrarea-gabrielei-firea-in-cursa-pentru-primaria-capitalei\/","name":"Nicu\u0219or Dan conduce \u00een primul sondaj realizat de PSD dup\u0103 intrarea Gabrielei Firea \u00een cursa pentru Prim\u0103ria Capitalei - Buletin de Bucure\u0219ti","isPartOf":{"@id":"https:\/\/buletin.de\/bucuresti\/#website"},"primaryImageOfPage":{"@id":"https:\/\/buletin.de\/bucuresti\/nicusor-dan-conduce-in-primul-sondaj-realizat-de-psd-dupa-intrarea-gabrielei-firea-in-cursa-pentru-primaria-capitalei\/#primaryimage"},"image":{"@id":"https:\/\/buletin.de\/bucuresti\/nicusor-dan-conduce-in-primul-sondaj-realizat-de-psd-dupa-intrarea-gabrielei-firea-in-cursa-pentru-primaria-capitalei\/#primaryimage"},"thumbnailUrl":"https:\/\/buletin.de\/bucuresti\/wp-content\/uploads\/sondaj.jpg","datePublished":"2024-04-29T04:10:46+00:00","dateModified":"2024-04-29T04:12:14+00:00","breadcrumb":{"@id":"https:\/\/buletin.de\/bucuresti\/nicusor-dan-conduce-in-primul-sondaj-realizat-de-psd-dupa-intrarea-gabrielei-firea-in-cursa-pentru-primaria-capitalei\/#breadcrumb"},"inLanguage":"en-GB","potentialAction":[{"@type":"ReadAction","target":["https:\/\/buletin.de\/bucuresti\/nicusor-dan-conduce-in-primul-sondaj-realizat-de-psd-dupa-intrarea-gabrielei-firea-in-cursa-pentru-primaria-capitalei\/"]}]},{"@type":"ImageObject","inLanguage":"en-GB","@id":"https:\/\/buletin.de\/bucuresti\/nicusor-dan-conduce-in-primul-sondaj-realizat-de-psd-dupa-intrarea-gabrielei-firea-in-cursa-pentru-primaria-capitalei\/#primaryimage","url":"https:\/\/buletin.de\/bucuresti\/wp-content\/uploads\/sondaj.jpg","contentUrl":"https:\/\/buletin.de\/bucuresti\/wp-content\/uploads\/sondaj.jpg","width":2000,"height":1167,"caption":"Inquam Photos"},{"@type":"BreadcrumbList","@id":"https:\/\/buletin.de\/bucuresti\/nicusor-dan-conduce-in-primul-sondaj-realizat-de-psd-dupa-intrarea-gabrielei-firea-in-cursa-pentru-primaria-capitalei\/#breadcrumb","itemListElement":[{"@type":"ListItem","position":1,"name":"Acas\u0103","item":"https:\/\/buletin.de\/bucuresti\/"},{"@type":"ListItem","position":2,"name":"Nicu\u0219or Dan conduce \u00een primul sondaj realizat de PSD dup\u0103 intrarea Gabrielei Firea \u00een cursa pentru Prim\u0103ria Capitalei"}]},{"@type":"WebSite","@id":"https:\/\/buletin.de\/bucuresti\/#website","url":"https:\/\/buletin.de\/bucuresti\/","name":"Buletin de Bucure\u0219ti","description":"\u0218tiri \u0219i investiga\u021bii esen\u021biale din capital\u0103","publisher":{"@id":"https:\/\/buletin.de\/bucuresti\/#organization"},"potentialAction":[{"@type":"SearchAction","target":{"@type":"EntryPoint","urlTemplate":"https:\/\/buletin.de\/bucuresti\/?s={search_term_string}"},"query-input":{"@type":"PropertyValueSpecification","valueRequired":true,"valueName":"search_term_string"}}],"inLanguage":"en-GB"},{"@type":"Organization","@id":"https:\/\/buletin.de\/bucuresti\/#organization","name":"Buletin de Bucure\u0219ti","url":"https:\/\/buletin.de\/bucuresti\/","logo":{"@type":"ImageObject","inLanguage":"en-GB","@id":"https:\/\/buletin.de\/bucuresti\/#\/schema\/logo\/image\/","url":"https:\/\/buletin.de\/bucuresti\/wp-content\/uploads\/logo-bdb-full-wide-vernil-transparent.png","contentUrl":"https:\/\/buletin.de\/bucuresti\/wp-content\/uploads\/logo-bdb-full-wide-vernil-transparent.png","width":1782,"height":626,"caption":"Buletin de Bucure\u0219ti"},"image":{"@id":"https:\/\/buletin.de\/bucuresti\/#\/schema\/logo\/image\/"},"sameAs":["https:\/\/www.facebook.com\/buletin.de.buc","https:\/\/www.instagram.com\/buletinde.bucuresti\/"]},{"@type":"Person","@id":"https:\/\/buletin.de\/bucuresti\/#\/schema\/person\/31117187ed4d0bdb0a4c7d6acc79d0f8","name":"C\u0103t\u0103lin Dosca\u0219","image":{"@type":"ImageObject","inLanguage":"en-GB","@id":"https:\/\/buletin.de\/bucuresti\/wp-content\/uploads\/Catalin-Doscas-e1732731064764-96x96.jpga93e2943bb3b1c1f9ead823df6e6317a","url":"https:\/\/buletin.de\/bucuresti\/wp-content\/uploads\/Catalin-Doscas-e1732731064764-96x96.jpg","contentUrl":"https:\/\/buletin.de\/bucuresti\/wp-content\/uploads\/Catalin-Doscas-e1732731064764-96x96.jpg","caption":"C\u0103t\u0103lin Dosca\u0219"},"description":"Reporter \u0219i redactor-\u0219ef Buletin de Bucure\u0219ti. Lucreaz\u0103 \u00een mass-media de la v\u00e2rsta de 15 ani, c\u00e2nd a publicat primele articole \u00een presa local\u0103 din Tecuci. \u00cen Bucure\u0219ti a lucrat \u00een redac\u021bii radio ca reporter, redactor \u0219i prezentator (StudentFM, Na\u021bionalFM, Radio Total, Smart FM), unde a acoperit domeniile politic, economic, social \u0219i externe. Ulterior, a fost editor-coordonator al postului Realitatea FM. Experien\u021ba \u00een jurnalismul online a dob\u00e2ndit-o la portalul B365.ro, unde a fost editor. \u00cen 2012 s-a angajat \u00een televiziune. La Realitatea TV a fost, pe r\u00e2nd, reporter la sec\u021bia Social, reporter special la emisiunea de reportaje \u0219i anchete \u201eReporterii Realit\u0103\u021bii\u201d, dar \u0219i editor al jurnalelor de \u0219tiri. Ulterior, a f\u0103cut parte din sec\u021bia de Investiga\u021bii de la Digi24 \u0219i a lucrat la campania \u201eRom\u00e2nia furat\u0103\u201d. A revenit \u00een presa scris\u0103 \u00een 2017, ca reporter special, \u00een cadrul unui proiect de repozi\u021bionare a tabloidului Libertatea \u00een cotidian generalist. Este jurnalist Buletin de Bucure\u0219ti din 2019.","url":"https:\/\/buletin.de\/bucuresti\/author\/catalin\/"}]}},"authors":[{"term_id":22575,"user_id":10,"is_guest":0,"slug":"catalin","display_name":"C\u0103t\u0103lin Dosca\u0219","avatar_url":"https:\/\/buletin.de\/bucuresti\/wp-content\/uploads\/Catalin-Doscas-e1732731064764-96x96.jpg","0":null,"1":"","2":"","3":"","4":"","5":"","6":"","7":"","8":""}],"_links":{"self":[{"href":"https:\/\/buletin.de\/bucuresti\/wp-json\/wp\/v2\/posts\/84233","targetHints":{"allow":["GET"]}}],"collection":[{"href":"https:\/\/buletin.de\/bucuresti\/wp-json\/wp\/v2\/posts"}],"about":[{"href":"https:\/\/buletin.de\/bucuresti\/wp-json\/wp\/v2\/types\/post"}],"author":[{"embeddable":true,"href":"https:\/\/buletin.de\/bucuresti\/wp-json\/wp\/v2\/users\/10"}],"replies":[{"embeddable":true,"href":"https:\/\/buletin.de\/bucuresti\/wp-json\/wp\/v2\/comments?post=84233"}],"version-history":[{"count":1,"href":"https:\/\/buletin.de\/bucuresti\/wp-json\/wp\/v2\/posts\/84233\/revisions"}],"predecessor-version":[{"id":84235,"href":"https:\/\/buletin.de\/bucuresti\/wp-json\/wp\/v2\/posts\/84233\/revisions\/84235"}],"wp:featuredmedia":[{"embeddable":true,"href":"https:\/\/buletin.de\/bucuresti\/wp-json\/wp\/v2\/media\/84236"}],"wp:attachment":[{"href":"https:\/\/buletin.de\/bucuresti\/wp-json\/wp\/v2\/media?parent=84233"}],"wp:term":[{"taxonomy":"category","embeddable":true,"href":"https:\/\/buletin.de\/bucuresti\/wp-json\/wp\/v2\/categories?post=84233"},{"taxonomy":"post_tag","embeddable":true,"href":"https:\/\/buletin.de\/bucuresti\/wp-json\/wp\/v2\/tags?post=84233"},{"taxonomy":"author","embeddable":true,"href":"https:\/\/buletin.de\/bucuresti\/wp-json\/wp\/v2\/ppma_author?post=84233"}],"curies":[{"name":"wp","href":"https:\/\/api.w.org\/{rel}","templated":true}]}}