{"id":84093,"date":"2024-04-29T06:42:46","date_gmt":"2024-04-29T03:42:46","guid":{"rendered":"https:\/\/buletin.de\/bucuresti\/?p=84093"},"modified":"2024-04-29T13:20:50","modified_gmt":"2024-04-29T10:20:50","slug":"cj-ilfov-a-anuntat-un-campus-educational-la-magurele-cu-imagini-furate-din-china","status":"publish","type":"post","link":"https:\/\/buletin.de\/bucuresti\/cj-ilfov-a-anuntat-un-campus-educational-la-magurele-cu-imagini-furate-din-china\/","title":{"rendered":"CJ Ilfov a anun\u021bat un campus educa\u021bional, la M\u0103gurele, cu imagini \u201efurate\u201d din China"},"content":{"rendered":"\n<p><em><strong>UPDATE\/\/\/ <\/strong>La scurt timp dup\u0103 publicarea articolului, CJ Ilfov a emis un comunicat de pres\u0103 \u00een care a men\u021bionat faptul c\u0103 sursa pozelor nu a fost men\u021bionat\u0103 \u201edintr-o eroare de scriere\u201d \u0219i c\u0103 proiectul real va fi realizat dup\u0103 studiul de fezabilitate:<\/em><\/p>\n\n\n\n<p class=\"has-small-font-size\"><em>\u201e\u00cen cadrul comunicatului de pres\u0103 realizat \u00een data 24 Aprilie 2024, cu privire la &#8211; Campusul \u0219colar modern care urmeaz\u0103 s\u0103 fie construit \u00een jude\u021bul Ilfov &#8211;\u00a0 men\u021bion\u0103m c\u0103 <strong>dintr-o eroare de scriere<\/strong>, nu a fost men\u021bionat\u0103 sursa graficelor prezentate \u00een material. Graficele au fost utilizate ca imagine de referin\u021b\u0103. Momentan, a fost realizat\u0103 nota conceptual\u0103, proiectul urm\u00e2nd a fi realizat dup\u0103 elaborarea studiului de fezabilitate.\u00a0<\/em><\/p>\n\n\n\n<p class=\"has-small-font-size\"><em>Astfel, facem precizarea c\u0103 revenim la comunicatul de pres\u0103 men\u021bionat, prin precizarea sursei graficelor postate\u201d<\/em><\/p>\n\n\n\n<p><strong>Consiliul Jude\u021bean Ilfov a organizat, miercuri, 24 aprilie, un eveniment de lansare pentru un proiect educa\u021bional \u00een colaborare cu Prim\u0103ria M\u0103gurele. Este vorba despre construirea unui campus \u0219colar iar \u00een cadrul conferin\u021bei, dar \u0219i ulterior, \u00een comunicatul de pres\u0103, au fost folosite imagini cu un proiect din China, luate de pe site-uri de arhitectur\u0103, dar \u0219i de pe Pinterest, f\u0103r\u0103 a fi men\u021bionate sursele, sau faptul c\u0103 imaginile au doar caracter ilustrativ. Situa\u021bia a fost semnalat\u0103 de o cititoare Buletin de Bucure\u0219ti.<\/strong><\/p>\n\n\n\n<p>La evenimentul de lansare a proiectului au participat politicienii din func\u021bii de conducere a localit\u0103\u021bilor implicate, c\u00e2t \u0219i reprezentan\u021bi ai Inspectoratului \u0218colar Ilfov \u0219i ai Institutului de M\u0103gurele. Potrivit unei post\u0103ri a CJ Ilfov pe pagina aferent\u0103 de Facebook, lista participan\u021bilor a fost:<\/p>\n\n\n\n<p><em>\u201eHubert Thuma &#8211; pre\u0219edintele Consiliul Jude\u021bean Ilfov, Voicu Vincentiu &#8211; vicepre\u0219edintele Consiliul Jude\u021bean Ilfov, Olivia Oprescu &#8211; arhitectul-\u0219ef Jude\u021bul Ilfov, Narcis Constantin &#8211; primarul ora\u0219ului M\u0103gurele, Mihai Marius Cristian &#8211; viceprimarul ora\u0219ului M\u0103gurele, Nicoleta Pauliuc &#8211; senator PNL, Daniel Gheorghe &#8211; deputat PNL, Simona Neculae &#8211; prefectul Jude\u021bului Ilfov, Andrei Scutelnicu &#8211; subprefectul al Jude\u021bului Ilfov, Costin Alexandru Ojog <em>&#8211; subprefectul al Jude\u021bului Ilfov<\/em>, Adriana Stoica &#8211; inspector General al Inspectoratului \u0218colar Jude\u021bean Ilfov, Cristian Mih\u0103ilescu, directorul Institutului Na\u021bional pentru Fizica Laserilor, Plasmei \u0219i Radia\u021biei de la M\u0103gurele\u201d.<\/em><\/p>\n\n\n\n<figure class=\"wp-block-image size-large\"><img fetchpriority=\"high\" decoding=\"async\" width=\"900\" height=\"579\" src=\"data:image\/gif;base64,R0lGODlhAQABAAAAACH5BAEKAAEALAAAAAABAAEAAAICTAEAOw==\" data-src=\"https:\/\/buletin.de\/bucuresti\/wp-content\/uploads\/423538908_706907818283592_7649770221171562236_n-4-900x579.jpg\" alt=\"\" class=\"wp-image-84094 lazyload\" data-sizes=\"auto\" data-srcset=\"https:\/\/buletin.de\/bucuresti\/wp-content\/uploads\/423538908_706907818283592_7649770221171562236_n-4-900x579.jpg 900w, https:\/\/buletin.de\/bucuresti\/wp-content\/uploads\/423538908_706907818283592_7649770221171562236_n-4-300x193.jpg 300w, https:\/\/buletin.de\/bucuresti\/wp-content\/uploads\/423538908_706907818283592_7649770221171562236_n-4-768x494.jpg 768w, https:\/\/buletin.de\/bucuresti\/wp-content\/uploads\/423538908_706907818283592_7649770221171562236_n-4-1536x988.jpg 1536w, https:\/\/buletin.de\/bucuresti\/wp-content\/uploads\/423538908_706907818283592_7649770221171562236_n-4-1600x1029.jpg 1600w, https:\/\/buletin.de\/bucuresti\/wp-content\/uploads\/423538908_706907818283592_7649770221171562236_n-4-1100x707.jpg 1100w, https:\/\/buletin.de\/bucuresti\/wp-content\/uploads\/423538908_706907818283592_7649770221171562236_n-4-600x386.jpg 600w, https:\/\/buletin.de\/bucuresti\/wp-content\/uploads\/423538908_706907818283592_7649770221171562236_n-4-20x13.jpg 20w, https:\/\/buletin.de\/bucuresti\/wp-content\/uploads\/423538908_706907818283592_7649770221171562236_n-4.jpg 2000w\" sizes=\"(max-width: 900px) 100vw, 900px\" \/><\/figure>\n\n\n\n<p>\u00cen comunicatul de pres\u0103 este men\u021bionat faptul c\u0103 a fost realizat\u0103 \u201enota conceptual\u0103 a proiectului\u201d, realizat\u0103 de \u201earhitectul-\u0219ef al Consiliului Jude\u021bean Ilfov, Olivia Oprescu, \u00een colaborare cu Prim\u0103ria M\u0103gurele\u201d. Olivia Oprescu a fost arhitect-\u0219ef al Sectorului 1 \u00een mandatului primarului Daniel Tudorache. <\/p>\n\n\n\n<p>De asemenea, s<a href=\"https:\/\/buletin.de\/bucuresti\/ilfov-un-campus-scolar-modern-va-fi-construit-in-orasul-magurele\/\">unt oferite mai multe detalii despre centru, precum num\u0103rul de elevi pe care \u00eel va putea g\u0103zdui \u0219i facilit\u0103\u021bile de care va dispune.<\/a><\/p>\n\n\n\n<p>Mai mult dec\u00e2t at\u00e2t, o serie de imagini care includ \u0219i o serie de rand\u0103ri arhitecturale au fost trimise \u0219i pe grupul de WhatsApp destinat comunic\u0103rii cu jurnali\u0219tii \u0219i au fost ata\u0219ate \u0219i comunicatului de pres\u0103 de pe site-ul <a href=\"https:\/\/cjilfov.ro\/comunicat\/eveniment-dedicat-lansarii-proiectului-pentru-construirea-unui-campus-modern-in-magurele-ilfov\/\">CJ Ilfov<\/a>  Pe canalul <a href=\"https:\/\/www.youtube.com\/watch?v=dkN3lh7LopQ\">de Youtube al CJ Ilfov este postat un videoclip<\/a> cu discursurile de la evenimentul de lansare, cu acelea\u0219i fotografii introduse \u00eentre discursuri:<\/p>\n\n\n\n<figure class=\"wp-block-gallery has-nested-images columns-default wp-block-gallery-1 is-layout-flex wp-block-gallery-is-layout-flex\">\n<figure class=\"wp-block-image size-full\"><a href=\"https:\/\/buletin.de\/bucuresti\/wp-content\/uploads\/foto-4.jpg\" target=\"_blank\" rel=\"noopener\"><img decoding=\"async\" width=\"2000\" height=\"1018\" data-id=\"84161\" src=\"data:image\/gif;base64,R0lGODlhAQABAAAAACH5BAEKAAEALAAAAAABAAEAAAICTAEAOw==\" data-src=\"https:\/\/buletin.de\/bucuresti\/wp-content\/uploads\/foto-4.jpg\" alt=\"\" class=\"wp-image-84161 lazyload\" data-sizes=\"auto\" data-srcset=\"https:\/\/buletin.de\/bucuresti\/wp-content\/uploads\/foto-4.jpg 2000w, https:\/\/buletin.de\/bucuresti\/wp-content\/uploads\/foto-4-300x153.jpg 300w, https:\/\/buletin.de\/bucuresti\/wp-content\/uploads\/foto-4-900x458.jpg 900w, https:\/\/buletin.de\/bucuresti\/wp-content\/uploads\/foto-4-768x391.jpg 768w, https:\/\/buletin.de\/bucuresti\/wp-content\/uploads\/foto-4-1536x782.jpg 1536w, https:\/\/buletin.de\/bucuresti\/wp-content\/uploads\/foto-4-1600x814.jpg 1600w, https:\/\/buletin.de\/bucuresti\/wp-content\/uploads\/foto-4-1100x560.jpg 1100w, https:\/\/buletin.de\/bucuresti\/wp-content\/uploads\/foto-4-600x305.jpg 600w, https:\/\/buletin.de\/bucuresti\/wp-content\/uploads\/foto-4-20x10.jpg 20w\" sizes=\"(max-width: 2000px) 100vw, 2000px\" \/><\/a><\/figure>\n\n\n\n<figure class=\"wp-block-image size-full\"><a href=\"https:\/\/buletin.de\/bucuresti\/wp-content\/uploads\/3-18.jpg\" target=\"_blank\" rel=\"noopener\"><img decoding=\"async\" width=\"798\" height=\"882\" data-id=\"84097\" src=\"data:image\/gif;base64,R0lGODlhAQABAAAAACH5BAEKAAEALAAAAAABAAEAAAICTAEAOw==\" data-src=\"https:\/\/buletin.de\/bucuresti\/wp-content\/uploads\/3-18.jpg\" alt=\"\" class=\"wp-image-84097 lazyload\" data-sizes=\"auto\" data-srcset=\"https:\/\/buletin.de\/bucuresti\/wp-content\/uploads\/3-18.jpg 798w, https:\/\/buletin.de\/bucuresti\/wp-content\/uploads\/3-18-271x300.jpg 271w, https:\/\/buletin.de\/bucuresti\/wp-content\/uploads\/3-18-768x849.jpg 768w, https:\/\/buletin.de\/bucuresti\/wp-content\/uploads\/3-18-600x663.jpg 600w, https:\/\/buletin.de\/bucuresti\/wp-content\/uploads\/3-18-20x22.jpg 20w\" sizes=\"(max-width: 798px) 100vw, 798px\" \/><\/a><\/figure>\n<\/figure>\n\n\n\n<p>Toate imaginile sunt luate de pe diverse site-uri, f\u0103r\u0103 a fi men\u021bionat\u0103 sursa, sau faptul c\u0103 acestea nu reprezint\u0103 rand\u0103ri din proiectul propriu-zis sau c\u0103 ar avea doar caracter ilustrativ.<\/p>\n\n\n\n<p>Este vorba despre dou\u0103 site-uri care se concentreaz\u0103 pe domeniul arhitecturii, <a href=\"https:\/\/www.archdaily.com\/935007\/yongjiang-experimental-school-in-jiangbei-district-ningbo-dc-alliance\">Archdaily<\/a>.com \u0219i <a href=\"https:\/\/www.architectmagazine.com\/project-gallery\/garden-school-6514\">Architectmagazine<\/a>.com, \u0219i <a href=\"https:\/\/ro.pinterest.com\/pin\/524739794097971991\/\">Pinterest<\/a>.com, un site pe care utilizatorii pot \u00eenc\u0103rca poze g\u0103site pe internet:<\/p>\n\n\n\n<figure class=\"wp-block-gallery has-nested-images columns-default wp-block-gallery-2 is-layout-flex wp-block-gallery-is-layout-flex\">\n<figure class=\"wp-block-image size-full\"><a href=\"https:\/\/buletin.de\/bucuresti\/wp-content\/uploads\/zona-e-22.png\" target=\"_blank\" rel=\"noopener\"><img loading=\"lazy\" decoding=\"async\" width=\"1051\" height=\"952\" data-id=\"84101\" src=\"data:image\/gif;base64,R0lGODlhAQABAAAAACH5BAEKAAEALAAAAAABAAEAAAICTAEAOw==\" data-src=\"https:\/\/buletin.de\/bucuresti\/wp-content\/uploads\/zona-e-22.png\" alt=\"\" class=\"wp-image-84101 lazyload\" data-sizes=\"auto\" data-srcset=\"https:\/\/buletin.de\/bucuresti\/wp-content\/uploads\/zona-e-22.png 1051w, https:\/\/buletin.de\/bucuresti\/wp-content\/uploads\/zona-e-22-300x272.png 300w, https:\/\/buletin.de\/bucuresti\/wp-content\/uploads\/zona-e-22-900x815.png 900w, https:\/\/buletin.de\/bucuresti\/wp-content\/uploads\/zona-e-22-768x696.png 768w, https:\/\/buletin.de\/bucuresti\/wp-content\/uploads\/zona-e-22-600x543.png 600w, https:\/\/buletin.de\/bucuresti\/wp-content\/uploads\/zona-e-22-20x18.png 20w\" sizes=\"(max-width: 1051px) 100vw, 1051px\" \/><\/a><\/figure>\n\n\n\n<figure class=\"wp-block-image size-full\"><a href=\"https:\/\/buletin.de\/bucuresti\/wp-content\/uploads\/ziar-1.png\" target=\"_blank\" rel=\"noopener\"><img loading=\"lazy\" decoding=\"async\" width=\"941\" height=\"902\" data-id=\"84100\" src=\"data:image\/gif;base64,R0lGODlhAQABAAAAACH5BAEKAAEALAAAAAABAAEAAAICTAEAOw==\" data-src=\"https:\/\/buletin.de\/bucuresti\/wp-content\/uploads\/ziar-1.png\" alt=\"\" class=\"wp-image-84100 lazyload\" data-sizes=\"auto\" data-srcset=\"https:\/\/buletin.de\/bucuresti\/wp-content\/uploads\/ziar-1.png 941w, https:\/\/buletin.de\/bucuresti\/wp-content\/uploads\/ziar-1-300x288.png 300w, https:\/\/buletin.de\/bucuresti\/wp-content\/uploads\/ziar-1-900x863.png 900w, https:\/\/buletin.de\/bucuresti\/wp-content\/uploads\/ziar-1-768x736.png 768w, https:\/\/buletin.de\/bucuresti\/wp-content\/uploads\/ziar-1-600x575.png 600w, https:\/\/buletin.de\/bucuresti\/wp-content\/uploads\/ziar-1-20x19.png 20w\" sizes=\"(max-width: 941px) 100vw, 941px\" \/><\/a><\/figure>\n\n\n\n<figure class=\"wp-block-image size-full\"><a href=\"https:\/\/buletin.de\/bucuresti\/wp-content\/uploads\/nesw-poluare-4.png\" target=\"_blank\" rel=\"noopener\"><img loading=\"lazy\" decoding=\"async\" width=\"1182\" height=\"957\" data-id=\"84102\" src=\"data:image\/gif;base64,R0lGODlhAQABAAAAACH5BAEKAAEALAAAAAABAAEAAAICTAEAOw==\" data-src=\"https:\/\/buletin.de\/bucuresti\/wp-content\/uploads\/nesw-poluare-4.png\" alt=\"\" class=\"wp-image-84102 lazyload\" data-sizes=\"auto\" data-srcset=\"https:\/\/buletin.de\/bucuresti\/wp-content\/uploads\/nesw-poluare-4.png 1182w, https:\/\/buletin.de\/bucuresti\/wp-content\/uploads\/nesw-poluare-4-300x243.png 300w, https:\/\/buletin.de\/bucuresti\/wp-content\/uploads\/nesw-poluare-4-900x729.png 900w, https:\/\/buletin.de\/bucuresti\/wp-content\/uploads\/nesw-poluare-4-768x622.png 768w, https:\/\/buletin.de\/bucuresti\/wp-content\/uploads\/nesw-poluare-4-1100x891.png 1100w, https:\/\/buletin.de\/bucuresti\/wp-content\/uploads\/nesw-poluare-4-600x486.png 600w, https:\/\/buletin.de\/bucuresti\/wp-content\/uploads\/nesw-poluare-4-20x16.png 20w\" sizes=\"(max-width: 1182px) 100vw, 1182px\" \/><\/a><\/figure>\n\n\n\n<figure class=\"wp-block-image size-full\"><a href=\"https:\/\/buletin.de\/bucuresti\/wp-content\/uploads\/zona-p-8.png\" target=\"_blank\" rel=\"noopener\"><img loading=\"lazy\" decoding=\"async\" width=\"762\" height=\"912\" data-id=\"84098\" src=\"data:image\/gif;base64,R0lGODlhAQABAAAAACH5BAEKAAEALAAAAAABAAEAAAICTAEAOw==\" data-src=\"https:\/\/buletin.de\/bucuresti\/wp-content\/uploads\/zona-p-8.png\" alt=\"\" class=\"wp-image-84098 lazyload\" data-sizes=\"auto\" data-srcset=\"https:\/\/buletin.de\/bucuresti\/wp-content\/uploads\/zona-p-8.png 762w, https:\/\/buletin.de\/bucuresti\/wp-content\/uploads\/zona-p-8-251x300.png 251w, https:\/\/buletin.de\/bucuresti\/wp-content\/uploads\/zona-p-8-752x900.png 752w, https:\/\/buletin.de\/bucuresti\/wp-content\/uploads\/zona-p-8-600x718.png 600w, https:\/\/buletin.de\/bucuresti\/wp-content\/uploads\/zona-p-8-20x24.png 20w\" sizes=\"(max-width: 762px) 100vw, 762px\" \/><\/a><\/figure>\n\n\n\n<figure class=\"wp-block-image size-full\"><a href=\"https:\/\/buletin.de\/bucuresti\/wp-content\/uploads\/Captura-de-ecran-2024-04-01-170359-1.png\" target=\"_blank\" rel=\"noopener\"><img loading=\"lazy\" decoding=\"async\" width=\"942\" height=\"898\" data-id=\"84099\" src=\"data:image\/gif;base64,R0lGODlhAQABAAAAACH5BAEKAAEALAAAAAABAAEAAAICTAEAOw==\" data-src=\"https:\/\/buletin.de\/bucuresti\/wp-content\/uploads\/Captura-de-ecran-2024-04-01-170359-1.png\" alt=\"\" class=\"wp-image-84099 lazyload\" data-sizes=\"auto\" data-srcset=\"https:\/\/buletin.de\/bucuresti\/wp-content\/uploads\/Captura-de-ecran-2024-04-01-170359-1.png 942w, https:\/\/buletin.de\/bucuresti\/wp-content\/uploads\/Captura-de-ecran-2024-04-01-170359-1-300x286.png 300w, https:\/\/buletin.de\/bucuresti\/wp-content\/uploads\/Captura-de-ecran-2024-04-01-170359-1-900x858.png 900w, https:\/\/buletin.de\/bucuresti\/wp-content\/uploads\/Captura-de-ecran-2024-04-01-170359-1-768x732.png 768w, https:\/\/buletin.de\/bucuresti\/wp-content\/uploads\/Captura-de-ecran-2024-04-01-170359-1-600x572.png 600w, https:\/\/buletin.de\/bucuresti\/wp-content\/uploads\/Captura-de-ecran-2024-04-01-170359-1-20x19.png 20w\" sizes=\"(max-width: 942px) 100vw, 942px\" \/><\/a><\/figure>\n<\/figure>\n\n\n\n<p>Buletin de Bucure\u0219ti a contactat reprezentan\u021bii Consiliului Jude\u021bean Ilfov pentru un punct de vedere, \u00eens\u0103 nu au r\u0103spuns p\u00e2n\u0103 \u00een momentul public\u0103rii articolului.<\/p>\n\n\n\n<p>CITE\u0218TE \u0218I<\/p>\n\n\n\n<figure class=\"wp-block-embed is-type-wp-embed is-provider-buletin-de-bucure-ti wp-block-embed-buletin-de-bucure-ti\"><div class=\"wp-block-embed__wrapper\">\n<blockquote class=\"wp-embedded-content\" data-secret=\"qkJBEWjKcI\"><a href=\"https:\/\/buletin.de\/bucuresti\/un-nou-parc-natural-la-balaceanca-8-500-de-puieti-plantati-de-conducerea-cj-ilfov-inainte-de-alegeri\/\">Un nou parc natural, la B\u0103l\u0103ceanca. 8.500 de puie\u021bi, planta\u021bi de conducerea CJ Ilfov \u00eenainte de alegeri \u00a0<\/a><\/blockquote><iframe class=\"wp-embedded-content\" sandbox=\"allow-scripts\" security=\"restricted\" style=\"position: absolute; clip: rect(1px, 1px, 1px, 1px);\" title=\"&#8220;Un nou parc natural, la B\u0103l\u0103ceanca. 8.500 de puie\u021bi, planta\u021bi de conducerea CJ Ilfov \u00eenainte de alegeri \u00a0&#8221; &#8212; Buletin de Bucure\u0219ti\" src=\"https:\/\/buletin.de\/bucuresti\/un-nou-parc-natural-la-balaceanca-8-500-de-puieti-plantati-de-conducerea-cj-ilfov-inainte-de-alegeri\/embed\/#?secret=uwAXD3Gar2#?secret=qkJBEWjKcI\" data-secret=\"qkJBEWjKcI\" width=\"600\" height=\"338\" frameborder=\"0\" marginwidth=\"0\" marginheight=\"0\" scrolling=\"no\"><\/iframe>\n<\/div><\/figure>\n","protected":false},"excerpt":{"rendered":"<p>UPDATE\/\/\/ La scurt timp dup\u0103 publicarea articolului, CJ Ilfov a emis un comunicat de pres\u0103 \u00een care a men\u021bionat faptul c\u0103 sursa pozelor nu a fost men\u021bionat\u0103 \u201edintr-o eroare de scriere\u201d \u0219i c\u0103 proiectul real va fi realizat dup\u0103 studiul de fezabilitate: \u201e\u00cen cadrul comunicatului de pres\u0103 realizat \u00een data 24 Aprilie 2024, cu privire [&hellip;]<\/p>\n","protected":false},"author":47,"featured_media":84231,"comment_status":"closed","ping_status":"open","sticky":false,"template":"","format":"standard","meta":{"_acf_changed":false,"inline_featured_image":false,"ngg_post_thumbnail":0,"footnotes":""},"categories":[6994,1432,3419],"tags":[11532,11479,1990,1910,6531,11478,521,11533,11534],"ppma_author":[22580],"class_list":["post-84093","post","type-post","status-publish","format-standard","has-post-thumbnail","hentry","category-stiri-2","category-buletin-de-ilfov","category-featured","tag-campuis","tag-campus-scolar","tag-cj-ilfov","tag-consiliul-judetean-ilfov","tag-poze","tag-primaria-magurele","tag-proiect","tag-proiect-educational","tag-randari"],"acf":[],"yoast_head":"<!-- This site is optimized with the Yoast SEO Premium plugin v25.3 (Yoast SEO v27.4) - https:\/\/yoast.com\/product\/yoast-seo-premium-wordpress\/ -->\n<title>CJ Ilfov a anun\u021bat un campus educa\u021bional, la M\u0103gurele, cu imagini \u201efurate\u201d din China - Buletin de Bucure\u0219ti<\/title>\n<meta name=\"robots\" content=\"index, follow, max-snippet:-1, max-image-preview:large, max-video-preview:-1\" \/>\n<link rel=\"canonical\" href=\"https:\/\/buletin.de\/bucuresti\/cj-ilfov-a-anuntat-un-campus-educational-la-magurele-cu-imagini-furate-din-china\/\" \/>\n<meta property=\"og:locale\" content=\"en_GB\" \/>\n<meta property=\"og:type\" content=\"article\" \/>\n<meta property=\"og:title\" content=\"CJ Ilfov a anun\u021bat un campus educa\u021bional, la M\u0103gurele, cu imagini \u201efurate\u201d din China\" \/>\n<meta property=\"og:description\" content=\"UPDATE\/\/\/ La scurt timp dup\u0103 publicarea articolului, CJ Ilfov a emis un comunicat de pres\u0103 \u00een care a men\u021bionat faptul c\u0103 sursa pozelor nu a fost men\u021bionat\u0103 \u201edintr-o eroare de scriere\u201d \u0219i c\u0103 proiectul real va fi realizat dup\u0103 studiul de fezabilitate: \u201e\u00cen cadrul comunicatului de pres\u0103 realizat \u00een data 24 Aprilie 2024, cu privire [&hellip;]\" \/>\n<meta property=\"og:url\" content=\"https:\/\/buletin.de\/bucuresti\/cj-ilfov-a-anuntat-un-campus-educational-la-magurele-cu-imagini-furate-din-china\/\" \/>\n<meta property=\"og:site_name\" content=\"Buletin de Bucure\u0219ti\" \/>\n<meta property=\"article:publisher\" content=\"https:\/\/www.facebook.com\/buletin.de.buc\" \/>\n<meta property=\"article:published_time\" content=\"2024-04-29T03:42:46+00:00\" \/>\n<meta property=\"article:modified_time\" content=\"2024-04-29T10:20:50+00:00\" \/>\n<meta property=\"og:image\" content=\"https:\/\/buletin.de\/bucuresti\/wp-content\/uploads\/cj-ilfov.jpg\" \/>\n\t<meta property=\"og:image:width\" content=\"2000\" \/>\n\t<meta property=\"og:image:height\" content=\"1275\" \/>\n\t<meta property=\"og:image:type\" content=\"image\/jpeg\" \/>\n<meta name=\"author\" content=\"Adina C\u0103p\u00eelnean\" \/>\n<meta name=\"twitter:card\" content=\"summary_large_image\" \/>\n<meta name=\"twitter:label1\" content=\"Written by\" \/>\n\t<meta name=\"twitter:data1\" content=\"Adina C\u0103p\u00eelnean\" \/>\n\t<meta name=\"twitter:label2\" content=\"Estimated reading time\" \/>\n\t<meta name=\"twitter:data2\" content=\"5 minutes\" \/>\n<script type=\"application\/ld+json\" class=\"yoast-schema-graph\">{\"@context\":\"https:\\\/\\\/schema.org\",\"@graph\":[{\"@type\":\"Article\",\"@id\":\"https:\\\/\\\/buletin.de\\\/bucuresti\\\/cj-ilfov-a-anuntat-un-campus-educational-la-magurele-cu-imagini-furate-din-china\\\/#article\",\"isPartOf\":{\"@id\":\"https:\\\/\\\/buletin.de\\\/bucuresti\\\/cj-ilfov-a-anuntat-un-campus-educational-la-magurele-cu-imagini-furate-din-china\\\/\"},\"author\":{\"name\":\"Adina C\u0103p\u00eelnean\",\"@id\":\"https:\\\/\\\/buletin.de\\\/bucuresti\\\/#\\\/schema\\\/person\\\/ab174cf6711728e4ee83d672acf9a912\"},\"headline\":\"CJ Ilfov a anun\u021bat un campus educa\u021bional, la M\u0103gurele, cu imagini \u201efurate\u201d din China\",\"datePublished\":\"2024-04-29T03:42:46+00:00\",\"dateModified\":\"2024-04-29T10:20:50+00:00\",\"mainEntityOfPage\":{\"@id\":\"https:\\\/\\\/buletin.de\\\/bucuresti\\\/cj-ilfov-a-anuntat-un-campus-educational-la-magurele-cu-imagini-furate-din-china\\\/\"},\"wordCount\":643,\"publisher\":{\"@id\":\"https:\\\/\\\/buletin.de\\\/bucuresti\\\/#organization\"},\"image\":{\"@id\":\"https:\\\/\\\/buletin.de\\\/bucuresti\\\/cj-ilfov-a-anuntat-un-campus-educational-la-magurele-cu-imagini-furate-din-china\\\/#primaryimage\"},\"thumbnailUrl\":\"https:\\\/\\\/buletin.de\\\/bucuresti\\\/wp-content\\\/uploads\\\/cj-ilfov.jpg\",\"keywords\":[\"campuis\",\"campus scolar\",\"cj ilfov\",\"consiliul judetean ilfov\",\"poze\",\"primaria magurele\",\"proiect\",\"proiect educational\",\"randari\"],\"articleSection\":[\"Articole\",\"Buletin de Ilfov\",\"Featured\"],\"inLanguage\":\"en-GB\",\"copyrightYear\":\"2024\",\"copyrightHolder\":{\"@id\":\"https:\\\/\\\/buletin.de\\\/bucuresti\\\/#organization\"}},{\"@type\":\"WebPage\",\"@id\":\"https:\\\/\\\/buletin.de\\\/bucuresti\\\/cj-ilfov-a-anuntat-un-campus-educational-la-magurele-cu-imagini-furate-din-china\\\/\",\"url\":\"https:\\\/\\\/buletin.de\\\/bucuresti\\\/cj-ilfov-a-anuntat-un-campus-educational-la-magurele-cu-imagini-furate-din-china\\\/\",\"name\":\"CJ Ilfov a anun\u021bat un campus educa\u021bional, la M\u0103gurele, cu imagini \u201efurate\u201d din China - Buletin de Bucure\u0219ti\",\"isPartOf\":{\"@id\":\"https:\\\/\\\/buletin.de\\\/bucuresti\\\/#website\"},\"primaryImageOfPage\":{\"@id\":\"https:\\\/\\\/buletin.de\\\/bucuresti\\\/cj-ilfov-a-anuntat-un-campus-educational-la-magurele-cu-imagini-furate-din-china\\\/#primaryimage\"},\"image\":{\"@id\":\"https:\\\/\\\/buletin.de\\\/bucuresti\\\/cj-ilfov-a-anuntat-un-campus-educational-la-magurele-cu-imagini-furate-din-china\\\/#primaryimage\"},\"thumbnailUrl\":\"https:\\\/\\\/buletin.de\\\/bucuresti\\\/wp-content\\\/uploads\\\/cj-ilfov.jpg\",\"datePublished\":\"2024-04-29T03:42:46+00:00\",\"dateModified\":\"2024-04-29T10:20:50+00:00\",\"breadcrumb\":{\"@id\":\"https:\\\/\\\/buletin.de\\\/bucuresti\\\/cj-ilfov-a-anuntat-un-campus-educational-la-magurele-cu-imagini-furate-din-china\\\/#breadcrumb\"},\"inLanguage\":\"en-GB\",\"potentialAction\":[{\"@type\":\"ReadAction\",\"target\":[\"https:\\\/\\\/buletin.de\\\/bucuresti\\\/cj-ilfov-a-anuntat-un-campus-educational-la-magurele-cu-imagini-furate-din-china\\\/\"]}]},{\"@type\":\"ImageObject\",\"inLanguage\":\"en-GB\",\"@id\":\"https:\\\/\\\/buletin.de\\\/bucuresti\\\/cj-ilfov-a-anuntat-un-campus-educational-la-magurele-cu-imagini-furate-din-china\\\/#primaryimage\",\"url\":\"https:\\\/\\\/buletin.de\\\/bucuresti\\\/wp-content\\\/uploads\\\/cj-ilfov.jpg\",\"contentUrl\":\"https:\\\/\\\/buletin.de\\\/bucuresti\\\/wp-content\\\/uploads\\\/cj-ilfov.jpg\",\"width\":2000,\"height\":1275},{\"@type\":\"BreadcrumbList\",\"@id\":\"https:\\\/\\\/buletin.de\\\/bucuresti\\\/cj-ilfov-a-anuntat-un-campus-educational-la-magurele-cu-imagini-furate-din-china\\\/#breadcrumb\",\"itemListElement\":[{\"@type\":\"ListItem\",\"position\":1,\"name\":\"Acas\u0103\",\"item\":\"https:\\\/\\\/buletin.de\\\/bucuresti\\\/\"},{\"@type\":\"ListItem\",\"position\":2,\"name\":\"CJ Ilfov a anun\u021bat un campus educa\u021bional, la M\u0103gurele, cu imagini \u201efurate\u201d din China\"}]},{\"@type\":\"WebSite\",\"@id\":\"https:\\\/\\\/buletin.de\\\/bucuresti\\\/#website\",\"url\":\"https:\\\/\\\/buletin.de\\\/bucuresti\\\/\",\"name\":\"Buletin de Bucure\u0219ti\",\"description\":\"\u0218tiri \u0219i investiga\u021bii esen\u021biale din capital\u0103\",\"publisher\":{\"@id\":\"https:\\\/\\\/buletin.de\\\/bucuresti\\\/#organization\"},\"potentialAction\":[{\"@type\":\"SearchAction\",\"target\":{\"@type\":\"EntryPoint\",\"urlTemplate\":\"https:\\\/\\\/buletin.de\\\/bucuresti\\\/?s={search_term_string}\"},\"query-input\":{\"@type\":\"PropertyValueSpecification\",\"valueRequired\":true,\"valueName\":\"search_term_string\"}}],\"inLanguage\":\"en-GB\"},{\"@type\":\"Organization\",\"@id\":\"https:\\\/\\\/buletin.de\\\/bucuresti\\\/#organization\",\"name\":\"Buletin de Bucure\u0219ti\",\"url\":\"https:\\\/\\\/buletin.de\\\/bucuresti\\\/\",\"logo\":{\"@type\":\"ImageObject\",\"inLanguage\":\"en-GB\",\"@id\":\"https:\\\/\\\/buletin.de\\\/bucuresti\\\/#\\\/schema\\\/logo\\\/image\\\/\",\"url\":\"https:\\\/\\\/buletin.de\\\/bucuresti\\\/wp-content\\\/uploads\\\/logo-bdb-full-wide-vernil-transparent.png\",\"contentUrl\":\"https:\\\/\\\/buletin.de\\\/bucuresti\\\/wp-content\\\/uploads\\\/logo-bdb-full-wide-vernil-transparent.png\",\"width\":1782,\"height\":626,\"caption\":\"Buletin de Bucure\u0219ti\"},\"image\":{\"@id\":\"https:\\\/\\\/buletin.de\\\/bucuresti\\\/#\\\/schema\\\/logo\\\/image\\\/\"},\"sameAs\":[\"https:\\\/\\\/www.facebook.com\\\/buletin.de.buc\",\"https:\\\/\\\/www.instagram.com\\\/buletinde.bucuresti\\\/\"]},{\"@type\":\"Person\",\"@id\":\"https:\\\/\\\/buletin.de\\\/bucuresti\\\/#\\\/schema\\\/person\\\/ab174cf6711728e4ee83d672acf9a912\",\"name\":\"Adina C\u0103p\u00eelnean\",\"image\":{\"@type\":\"ImageObject\",\"inLanguage\":\"en-GB\",\"@id\":\"https:\\\/\\\/secure.gravatar.com\\\/avatar\\\/4fe9675d6282fd7c1aa4e486a037d532d5728fc16a30360f293eb6126b2e73ad?s=96&d=monsterid&r=ge2b23868508aec3460d3c6a11d3b599a\",\"url\":\"https:\\\/\\\/secure.gravatar.com\\\/avatar\\\/4fe9675d6282fd7c1aa4e486a037d532d5728fc16a30360f293eb6126b2e73ad?s=96&d=monsterid&r=g\",\"contentUrl\":\"https:\\\/\\\/secure.gravatar.com\\\/avatar\\\/4fe9675d6282fd7c1aa4e486a037d532d5728fc16a30360f293eb6126b2e73ad?s=96&d=monsterid&r=g\",\"caption\":\"Adina C\u0103p\u00eelnean\"},\"url\":\"https:\\\/\\\/buletin.de\\\/bucuresti\\\/author\\\/adinacapilnean\\\/\"}]}<\/script>\n<!-- \/ Yoast SEO Premium plugin. -->","yoast_head_json":{"title":"CJ Ilfov a anun\u021bat un campus educa\u021bional, la M\u0103gurele, cu imagini \u201efurate\u201d din China - Buletin de Bucure\u0219ti","robots":{"index":"index","follow":"follow","max-snippet":"max-snippet:-1","max-image-preview":"max-image-preview:large","max-video-preview":"max-video-preview:-1"},"canonical":"https:\/\/buletin.de\/bucuresti\/cj-ilfov-a-anuntat-un-campus-educational-la-magurele-cu-imagini-furate-din-china\/","og_locale":"en_GB","og_type":"article","og_title":"CJ Ilfov a anun\u021bat un campus educa\u021bional, la M\u0103gurele, cu imagini \u201efurate\u201d din China","og_description":"UPDATE\/\/\/ La scurt timp dup\u0103 publicarea articolului, CJ Ilfov a emis un comunicat de pres\u0103 \u00een care a men\u021bionat faptul c\u0103 sursa pozelor nu a fost men\u021bionat\u0103 \u201edintr-o eroare de scriere\u201d \u0219i c\u0103 proiectul real va fi realizat dup\u0103 studiul de fezabilitate: \u201e\u00cen cadrul comunicatului de pres\u0103 realizat \u00een data 24 Aprilie 2024, cu privire [&hellip;]","og_url":"https:\/\/buletin.de\/bucuresti\/cj-ilfov-a-anuntat-un-campus-educational-la-magurele-cu-imagini-furate-din-china\/","og_site_name":"Buletin de Bucure\u0219ti","article_publisher":"https:\/\/www.facebook.com\/buletin.de.buc","article_published_time":"2024-04-29T03:42:46+00:00","article_modified_time":"2024-04-29T10:20:50+00:00","og_image":[{"width":2000,"height":1275,"url":"https:\/\/buletin.de\/bucuresti\/wp-content\/uploads\/cj-ilfov.jpg","type":"image\/jpeg"}],"author":"Adina C\u0103p\u00eelnean","twitter_card":"summary_large_image","twitter_misc":{"Written by":"Adina C\u0103p\u00eelnean","Estimated reading time":"5 minutes"},"schema":{"@context":"https:\/\/schema.org","@graph":[{"@type":"Article","@id":"https:\/\/buletin.de\/bucuresti\/cj-ilfov-a-anuntat-un-campus-educational-la-magurele-cu-imagini-furate-din-china\/#article","isPartOf":{"@id":"https:\/\/buletin.de\/bucuresti\/cj-ilfov-a-anuntat-un-campus-educational-la-magurele-cu-imagini-furate-din-china\/"},"author":{"name":"Adina C\u0103p\u00eelnean","@id":"https:\/\/buletin.de\/bucuresti\/#\/schema\/person\/ab174cf6711728e4ee83d672acf9a912"},"headline":"CJ Ilfov a anun\u021bat un campus educa\u021bional, la M\u0103gurele, cu imagini \u201efurate\u201d din China","datePublished":"2024-04-29T03:42:46+00:00","dateModified":"2024-04-29T10:20:50+00:00","mainEntityOfPage":{"@id":"https:\/\/buletin.de\/bucuresti\/cj-ilfov-a-anuntat-un-campus-educational-la-magurele-cu-imagini-furate-din-china\/"},"wordCount":643,"publisher":{"@id":"https:\/\/buletin.de\/bucuresti\/#organization"},"image":{"@id":"https:\/\/buletin.de\/bucuresti\/cj-ilfov-a-anuntat-un-campus-educational-la-magurele-cu-imagini-furate-din-china\/#primaryimage"},"thumbnailUrl":"https:\/\/buletin.de\/bucuresti\/wp-content\/uploads\/cj-ilfov.jpg","keywords":["campuis","campus scolar","cj ilfov","consiliul judetean ilfov","poze","primaria magurele","proiect","proiect educational","randari"],"articleSection":["Articole","Buletin de Ilfov","Featured"],"inLanguage":"en-GB","copyrightYear":"2024","copyrightHolder":{"@id":"https:\/\/buletin.de\/bucuresti\/#organization"}},{"@type":"WebPage","@id":"https:\/\/buletin.de\/bucuresti\/cj-ilfov-a-anuntat-un-campus-educational-la-magurele-cu-imagini-furate-din-china\/","url":"https:\/\/buletin.de\/bucuresti\/cj-ilfov-a-anuntat-un-campus-educational-la-magurele-cu-imagini-furate-din-china\/","name":"CJ Ilfov a anun\u021bat un campus educa\u021bional, la M\u0103gurele, cu imagini \u201efurate\u201d din China - Buletin de Bucure\u0219ti","isPartOf":{"@id":"https:\/\/buletin.de\/bucuresti\/#website"},"primaryImageOfPage":{"@id":"https:\/\/buletin.de\/bucuresti\/cj-ilfov-a-anuntat-un-campus-educational-la-magurele-cu-imagini-furate-din-china\/#primaryimage"},"image":{"@id":"https:\/\/buletin.de\/bucuresti\/cj-ilfov-a-anuntat-un-campus-educational-la-magurele-cu-imagini-furate-din-china\/#primaryimage"},"thumbnailUrl":"https:\/\/buletin.de\/bucuresti\/wp-content\/uploads\/cj-ilfov.jpg","datePublished":"2024-04-29T03:42:46+00:00","dateModified":"2024-04-29T10:20:50+00:00","breadcrumb":{"@id":"https:\/\/buletin.de\/bucuresti\/cj-ilfov-a-anuntat-un-campus-educational-la-magurele-cu-imagini-furate-din-china\/#breadcrumb"},"inLanguage":"en-GB","potentialAction":[{"@type":"ReadAction","target":["https:\/\/buletin.de\/bucuresti\/cj-ilfov-a-anuntat-un-campus-educational-la-magurele-cu-imagini-furate-din-china\/"]}]},{"@type":"ImageObject","inLanguage":"en-GB","@id":"https:\/\/buletin.de\/bucuresti\/cj-ilfov-a-anuntat-un-campus-educational-la-magurele-cu-imagini-furate-din-china\/#primaryimage","url":"https:\/\/buletin.de\/bucuresti\/wp-content\/uploads\/cj-ilfov.jpg","contentUrl":"https:\/\/buletin.de\/bucuresti\/wp-content\/uploads\/cj-ilfov.jpg","width":2000,"height":1275},{"@type":"BreadcrumbList","@id":"https:\/\/buletin.de\/bucuresti\/cj-ilfov-a-anuntat-un-campus-educational-la-magurele-cu-imagini-furate-din-china\/#breadcrumb","itemListElement":[{"@type":"ListItem","position":1,"name":"Acas\u0103","item":"https:\/\/buletin.de\/bucuresti\/"},{"@type":"ListItem","position":2,"name":"CJ Ilfov a anun\u021bat un campus educa\u021bional, la M\u0103gurele, cu imagini \u201efurate\u201d din China"}]},{"@type":"WebSite","@id":"https:\/\/buletin.de\/bucuresti\/#website","url":"https:\/\/buletin.de\/bucuresti\/","name":"Buletin de Bucure\u0219ti","description":"\u0218tiri \u0219i investiga\u021bii esen\u021biale din capital\u0103","publisher":{"@id":"https:\/\/buletin.de\/bucuresti\/#organization"},"potentialAction":[{"@type":"SearchAction","target":{"@type":"EntryPoint","urlTemplate":"https:\/\/buletin.de\/bucuresti\/?s={search_term_string}"},"query-input":{"@type":"PropertyValueSpecification","valueRequired":true,"valueName":"search_term_string"}}],"inLanguage":"en-GB"},{"@type":"Organization","@id":"https:\/\/buletin.de\/bucuresti\/#organization","name":"Buletin de Bucure\u0219ti","url":"https:\/\/buletin.de\/bucuresti\/","logo":{"@type":"ImageObject","inLanguage":"en-GB","@id":"https:\/\/buletin.de\/bucuresti\/#\/schema\/logo\/image\/","url":"https:\/\/buletin.de\/bucuresti\/wp-content\/uploads\/logo-bdb-full-wide-vernil-transparent.png","contentUrl":"https:\/\/buletin.de\/bucuresti\/wp-content\/uploads\/logo-bdb-full-wide-vernil-transparent.png","width":1782,"height":626,"caption":"Buletin de Bucure\u0219ti"},"image":{"@id":"https:\/\/buletin.de\/bucuresti\/#\/schema\/logo\/image\/"},"sameAs":["https:\/\/www.facebook.com\/buletin.de.buc","https:\/\/www.instagram.com\/buletinde.bucuresti\/"]},{"@type":"Person","@id":"https:\/\/buletin.de\/bucuresti\/#\/schema\/person\/ab174cf6711728e4ee83d672acf9a912","name":"Adina C\u0103p\u00eelnean","image":{"@type":"ImageObject","inLanguage":"en-GB","@id":"https:\/\/secure.gravatar.com\/avatar\/4fe9675d6282fd7c1aa4e486a037d532d5728fc16a30360f293eb6126b2e73ad?s=96&d=monsterid&r=ge2b23868508aec3460d3c6a11d3b599a","url":"https:\/\/secure.gravatar.com\/avatar\/4fe9675d6282fd7c1aa4e486a037d532d5728fc16a30360f293eb6126b2e73ad?s=96&d=monsterid&r=g","contentUrl":"https:\/\/secure.gravatar.com\/avatar\/4fe9675d6282fd7c1aa4e486a037d532d5728fc16a30360f293eb6126b2e73ad?s=96&d=monsterid&r=g","caption":"Adina C\u0103p\u00eelnean"},"url":"https:\/\/buletin.de\/bucuresti\/author\/adinacapilnean\/"}]}},"authors":[{"term_id":22580,"user_id":47,"is_guest":0,"slug":"adinacapilnean","display_name":"Adina C\u0103p\u00eelnean","avatar_url":"https:\/\/secure.gravatar.com\/avatar\/4fe9675d6282fd7c1aa4e486a037d532d5728fc16a30360f293eb6126b2e73ad?s=96&d=monsterid&r=g","0":null,"1":"","2":"","3":"","4":"","5":"","6":"","7":"","8":""}],"_links":{"self":[{"href":"https:\/\/buletin.de\/bucuresti\/wp-json\/wp\/v2\/posts\/84093","targetHints":{"allow":["GET"]}}],"collection":[{"href":"https:\/\/buletin.de\/bucuresti\/wp-json\/wp\/v2\/posts"}],"about":[{"href":"https:\/\/buletin.de\/bucuresti\/wp-json\/wp\/v2\/types\/post"}],"author":[{"embeddable":true,"href":"https:\/\/buletin.de\/bucuresti\/wp-json\/wp\/v2\/users\/47"}],"replies":[{"embeddable":true,"href":"https:\/\/buletin.de\/bucuresti\/wp-json\/wp\/v2\/comments?post=84093"}],"version-history":[{"count":9,"href":"https:\/\/buletin.de\/bucuresti\/wp-json\/wp\/v2\/posts\/84093\/revisions"}],"predecessor-version":[{"id":84255,"href":"https:\/\/buletin.de\/bucuresti\/wp-json\/wp\/v2\/posts\/84093\/revisions\/84255"}],"wp:featuredmedia":[{"embeddable":true,"href":"https:\/\/buletin.de\/bucuresti\/wp-json\/wp\/v2\/media\/84231"}],"wp:attachment":[{"href":"https:\/\/buletin.de\/bucuresti\/wp-json\/wp\/v2\/media?parent=84093"}],"wp:term":[{"taxonomy":"category","embeddable":true,"href":"https:\/\/buletin.de\/bucuresti\/wp-json\/wp\/v2\/categories?post=84093"},{"taxonomy":"post_tag","embeddable":true,"href":"https:\/\/buletin.de\/bucuresti\/wp-json\/wp\/v2\/tags?post=84093"},{"taxonomy":"author","embeddable":true,"href":"https:\/\/buletin.de\/bucuresti\/wp-json\/wp\/v2\/ppma_author?post=84093"}],"curies":[{"name":"wp","href":"https:\/\/api.w.org\/{rel}","templated":true}]}}