{"id":83994,"date":"2024-04-25T11:06:22","date_gmt":"2024-04-25T08:06:22","guid":{"rendered":"https:\/\/buletin.de\/bucuresti\/?p=83994"},"modified":"2024-04-25T11:06:23","modified_gmt":"2024-04-25T08:06:23","slug":"m6-otopeni-statiile-expozitiei-si-aeroport-baneasa-incep-sa-prinda-contur-muncitorii-au-turnat-peretii-mulati","status":"publish","type":"post","link":"https:\/\/buletin.de\/bucuresti\/m6-otopeni-statiile-expozitiei-si-aeroport-baneasa-incep-sa-prinda-contur-muncitorii-au-turnat-peretii-mulati\/","title":{"rendered":"M6 Otopeni | Sta\u0163iile Expozi\u0163iei \u015fi Aeroport B\u0103neasa \u00eencep s\u0103 prind\u0103 contur. Muncitorii au turnat \u201epere\u0163ii mula\u0163i\u201d"},"content":{"rendered":"\n<p><strong>Magistrala spre aeroport cap\u0103t\u0103 contur. Muncitorii au de munc\u0103 de la turnarea pere\u0163ilor mula\u0163i, p\u00e2n\u0103 la funda\u0163ii \u015fi instala\u0163ii electrice. Ace\u015fti \u201epere\u0163i mula\u0163i\u201d sunt limitele \u00een care se va excava pentru viitoarele sta\u0163ii. Deocamdat\u0103, aceste lucr\u0103ri se fac la Expozi\u0163iei \u015fi Aeroport B\u0103neasa. <\/strong><\/p>\n\n\n\n<p>Practic, turnarea acestor pere\u0163i este etapa premerg\u0103toare excav\u0103rilor cu TBM-uri (Tunnel Boring Machines) \u2013 utilajele care vor s\u0103pa tunelurile subterane, explic\u0103 cei de la Metrorex. De altfel, reprezentan\u0163ii companiei au realizat un <a href=\"https:\/\/www.youtube.com\/watch?v=DIzxZZtx0UA\">video <\/a>prin care arat\u0103 exact procesul de execu\u0163ie al primelor segmente de pere\u0163i mula\u0163i.<\/p>\n\n\n\n<figure class=\"wp-block-image size-large\"><img fetchpriority=\"high\" decoding=\"async\" width=\"900\" height=\"507\" src=\"data:image\/gif;base64,R0lGODlhAQABAAAAACH5BAEKAAEALAAAAAABAAEAAAICTAEAOw==\" data-src=\"https:\/\/buletin.de\/bucuresti\/wp-content\/uploads\/m6-lucrari-2-900x507.jpg\" alt=\"\" class=\"wp-image-84012 lazyload\" data-sizes=\"auto\" data-srcset=\"https:\/\/buletin.de\/bucuresti\/wp-content\/uploads\/m6-lucrari-2-900x507.jpg 900w, https:\/\/buletin.de\/bucuresti\/wp-content\/uploads\/m6-lucrari-2-300x169.jpg 300w, https:\/\/buletin.de\/bucuresti\/wp-content\/uploads\/m6-lucrari-2-768x432.jpg 768w, https:\/\/buletin.de\/bucuresti\/wp-content\/uploads\/m6-lucrari-2-600x338.jpg 600w, https:\/\/buletin.de\/bucuresti\/wp-content\/uploads\/m6-lucrari-2-20x11.jpg 20w, https:\/\/buletin.de\/bucuresti\/wp-content\/uploads\/m6-lucrari-2.jpg 1080w\" sizes=\"(max-width: 900px) 100vw, 900px\" \/><\/figure>\n\n\n\n<p>Metrorex a publicat \u015fi stadiul lucr\u0103rilor pe M6:<\/p>\n\n\n\n<ul class=\"wp-block-list\">\n<li>La Organizarea de \u0219antier principal\u0103, din apropierea Aeroportului B\u0103neasa, au fost executate lucr\u0103ri de betonare funda\u021bii, umplutur\u0103 \u0219i montare containere de \u0219antier \u0219i lucr\u0103ri pentru instala\u021bia electric\u0103;<\/li>\n\n\n\n<li>La viitoarea sta\u021bie Tokyo, s-au efectuat s\u0103p\u0103turi, mont\u0103ri de tuburi de protec\u021bie \u0219i teste de etan\u0219eitate;<\/li>\n\n\n\n<li>La intersta\u021bia Tokyo \u2013 Aeroport B\u0103neasa continu\u0103 sondajele de utilit\u0103\u021bi;<\/li>\n\n\n\n<li>La viitoarea sta\u021bie Gara B\u0103neasa au fost executate s\u0103p\u0103turi de sondaje, excava\u021bii, s\u0103p\u0103turi pentru grinda de ghidaj, execu\u021bie \u0219i betonare grind\u0103 de ghidaj;<\/li>\n\n\n\n<li>La intersta\u021bia Pia\u021ba Montreal \u2013 Gara B\u0103neasa s-au efectuat s\u0103p\u0103turi pentru sondajele de utilit\u0103\u021bi;<\/li>\n\n\n\n<li>La viitoarea sta\u021bie Pia\u021ba Montreal s-au efectuat lucr\u0103ri la grindele de ghidaj \u0219i probe de laborator pentru beton;<\/li>\n\n\n\n<li>La viitoarea sta\u021bie Pajura au fost efectuate excava\u021bii, arm\u0103ri, beton\u0103ri ale grindelor de ghidaj de la diverse axe \u0219i au fost instala\u021bi peste 23 de metri liniari de cofraje pentru grinzile de ghidare;<\/li>\n\n\n\n<li>La viitoarea intersta\u021bie 1 Mai \u2013 Pajura au continuat sondajele pentru re\u021bele de utilit\u0103\u021bi;<\/li>\n<\/ul>\n\n\n\n<p><\/p>\n\n\n\n<p><strong>CITE\u015eTE \u015eI:<\/strong><\/p>\n\n\n\n<figure class=\"wp-block-embed is-type-wp-embed is-provider-buletin-de-bucure-ti wp-block-embed-buletin-de-bucure-ti\"><div class=\"wp-block-embed__wrapper\">\n<blockquote class=\"wp-embedded-content\" data-secret=\"NwOwj3YV7C\"><a href=\"https:\/\/buletin.de\/bucuresti\/batranele-metrouri-iva-vor-fi-scoase-la-pensie-dupa-ce-va-fi-gata-m6-gara-de-nord-otopeni-intre-timp-reclamatiile-calatorilor-se-inmultesc\/\">B\u0103tr\u00e2nele metrouri IVA vor fi scoase la pensie, dup\u0103 ce va fi gata M6 Gara de Nord-Otopeni. \u00centre timp, reclama\u021biile c\u0103l\u0103torilor se \u00eenmul\u021besc<\/a><\/blockquote><iframe class=\"wp-embedded-content\" sandbox=\"allow-scripts\" security=\"restricted\" style=\"position: absolute; clip: rect(1px, 1px, 1px, 1px);\" title=\"&#8220;B\u0103tr\u00e2nele metrouri IVA vor fi scoase la pensie, dup\u0103 ce va fi gata M6 Gara de Nord-Otopeni. \u00centre timp, reclama\u021biile c\u0103l\u0103torilor se \u00eenmul\u021besc&#8221; &#8212; Buletin de Bucure\u0219ti\" src=\"https:\/\/buletin.de\/bucuresti\/batranele-metrouri-iva-vor-fi-scoase-la-pensie-dupa-ce-va-fi-gata-m6-gara-de-nord-otopeni-intre-timp-reclamatiile-calatorilor-se-inmultesc\/embed\/#?secret=IoheHHRTXO#?secret=NwOwj3YV7C\" data-secret=\"NwOwj3YV7C\" width=\"600\" height=\"338\" frameborder=\"0\" marginwidth=\"0\" marginheight=\"0\" scrolling=\"no\"><\/iframe>\n<\/div><\/figure>\n\n\n\n<figure class=\"wp-block-embed is-type-wp-embed is-provider-buletin-de-bucure-ti wp-block-embed-buletin-de-bucure-ti\"><div class=\"wp-block-embed__wrapper\">\n<blockquote class=\"wp-embedded-content\" data-secret=\"EDwWu7Xieq\"><a href=\"https:\/\/buletin.de\/bucuresti\/m6-otopeni-metrorex-primeste-un-teren-de-peste-500-000-de-euro-de-la-institutul-pentru-masini-agricole\/\">M6 Otopeni | Metrorex prime\u0219te un teren de peste 500.000 de euro de la Institutul pentru ma\u0219ini agricole<\/a><\/blockquote><iframe class=\"wp-embedded-content\" sandbox=\"allow-scripts\" security=\"restricted\" style=\"position: absolute; clip: rect(1px, 1px, 1px, 1px);\" title=\"&#8220;M6 Otopeni | Metrorex prime\u0219te un teren de peste 500.000 de euro de la Institutul pentru ma\u0219ini agricole&#8221; &#8212; Buletin de Bucure\u0219ti\" src=\"https:\/\/buletin.de\/bucuresti\/m6-otopeni-metrorex-primeste-un-teren-de-peste-500-000-de-euro-de-la-institutul-pentru-masini-agricole\/embed\/#?secret=c8dso53GE0#?secret=EDwWu7Xieq\" data-secret=\"EDwWu7Xieq\" width=\"600\" height=\"338\" frameborder=\"0\" marginwidth=\"0\" marginheight=\"0\" scrolling=\"no\"><\/iframe>\n<\/div><\/figure>\n","protected":false},"excerpt":{"rendered":"<p>Magistrala spre aeroport cap\u0103t\u0103 contur. Muncitorii au de munc\u0103 de la turnarea pere\u0163ilor mula\u0163i, p\u00e2n\u0103 la funda\u0163ii \u015fi instala\u0163ii electrice. Ace\u015fti \u201epere\u0163i mula\u0163i\u201d sunt limitele \u00een care se va excava pentru viitoarele sta\u0163ii. Deocamdat\u0103, aceste lucr\u0103ri se fac la Expozi\u0163iei \u015fi Aeroport B\u0103neasa. Practic, turnarea acestor pere\u0163i este etapa premerg\u0103toare excav\u0103rilor cu TBM-uri (Tunnel Boring [&hellip;]<\/p>\n","protected":false},"author":8,"featured_media":84009,"comment_status":"closed","ping_status":"open","sticky":false,"template":"","format":"standard","meta":{"_acf_changed":false,"inline_featured_image":false,"ngg_post_thumbnail":0,"footnotes":""},"categories":[6994,5762,650],"tags":[11495,9497,11492,11494,11496,11493],"ppma_author":[22586],"class_list":["post-83994","post","type-post","status-publish","format-standard","has-post-thumbnail","hentry","category-stiri-2","category-main","category-transport","tag-exacavari-metrou","tag-m6-otopeni","tag-metrou-nordul-capitalei","tag-pereti-mulati-santier-metrou","tag-santier-baneasa","tag-santier-metrou-m6"],"acf":[],"yoast_head":"<!-- This site is optimized with the Yoast SEO Premium plugin v25.3 (Yoast SEO v27.4) - https:\/\/yoast.com\/product\/yoast-seo-premium-wordpress\/ -->\n<title>M6 Otopeni | Sta\u0163iile Expozi\u0163iei \u015fi Aeroport B\u0103neasa \u00eencep s\u0103 prind\u0103 contur. Muncitorii au turnat \u201epere\u0163ii mula\u0163i\u201d - Buletin de Bucure\u0219ti<\/title>\n<meta name=\"robots\" content=\"index, follow, max-snippet:-1, max-image-preview:large, max-video-preview:-1\" \/>\n<link rel=\"canonical\" href=\"https:\/\/buletin.de\/bucuresti\/m6-otopeni-statiile-expozitiei-si-aeroport-baneasa-incep-sa-prinda-contur-muncitorii-au-turnat-peretii-mulati\/\" \/>\n<meta property=\"og:locale\" content=\"en_GB\" \/>\n<meta property=\"og:type\" content=\"article\" \/>\n<meta property=\"og:title\" content=\"M6 Otopeni | Sta\u0163iile Expozi\u0163iei \u015fi Aeroport B\u0103neasa \u00eencep s\u0103 prind\u0103 contur. Muncitorii au turnat \u201epere\u0163ii mula\u0163i\u201d\" \/>\n<meta property=\"og:description\" content=\"Magistrala spre aeroport cap\u0103t\u0103 contur. Muncitorii au de munc\u0103 de la turnarea pere\u0163ilor mula\u0163i, p\u00e2n\u0103 la funda\u0163ii \u015fi instala\u0163ii electrice. Ace\u015fti \u201epere\u0163i mula\u0163i\u201d sunt limitele \u00een care se va excava pentru viitoarele sta\u0163ii. Deocamdat\u0103, aceste lucr\u0103ri se fac la Expozi\u0163iei \u015fi Aeroport B\u0103neasa. Practic, turnarea acestor pere\u0163i este etapa premerg\u0103toare excav\u0103rilor cu TBM-uri (Tunnel Boring [&hellip;]\" \/>\n<meta property=\"og:url\" content=\"https:\/\/buletin.de\/bucuresti\/m6-otopeni-statiile-expozitiei-si-aeroport-baneasa-incep-sa-prinda-contur-muncitorii-au-turnat-peretii-mulati\/\" \/>\n<meta property=\"og:site_name\" content=\"Buletin de Bucure\u0219ti\" \/>\n<meta property=\"article:publisher\" content=\"https:\/\/www.facebook.com\/buletin.de.buc\" \/>\n<meta property=\"article:published_time\" content=\"2024-04-25T08:06:22+00:00\" \/>\n<meta property=\"article:modified_time\" content=\"2024-04-25T08:06:23+00:00\" \/>\n<meta property=\"og:image\" content=\"https:\/\/buletin.de\/bucuresti\/wp-content\/uploads\/m6-lucrari-1.jpg\" \/>\n\t<meta property=\"og:image:width\" content=\"1080\" \/>\n\t<meta property=\"og:image:height\" content=\"608\" \/>\n\t<meta property=\"og:image:type\" content=\"image\/jpeg\" \/>\n<meta name=\"author\" content=\"Ionu\u021b Lepa\" \/>\n<meta name=\"twitter:card\" content=\"summary_large_image\" \/>\n<meta name=\"twitter:label1\" content=\"Written by\" \/>\n\t<meta name=\"twitter:data1\" content=\"Ionu\u021b Lepa\" \/>\n\t<meta name=\"twitter:label2\" content=\"Estimated reading time\" \/>\n\t<meta name=\"twitter:data2\" content=\"2 minutes\" \/>\n<script type=\"application\/ld+json\" class=\"yoast-schema-graph\">{\"@context\":\"https:\\\/\\\/schema.org\",\"@graph\":[{\"@type\":\"Article\",\"@id\":\"https:\\\/\\\/buletin.de\\\/bucuresti\\\/m6-otopeni-statiile-expozitiei-si-aeroport-baneasa-incep-sa-prinda-contur-muncitorii-au-turnat-peretii-mulati\\\/#article\",\"isPartOf\":{\"@id\":\"https:\\\/\\\/buletin.de\\\/bucuresti\\\/m6-otopeni-statiile-expozitiei-si-aeroport-baneasa-incep-sa-prinda-contur-muncitorii-au-turnat-peretii-mulati\\\/\"},\"author\":{\"name\":\"Ionu\u021b Lepa\",\"@id\":\"https:\\\/\\\/buletin.de\\\/bucuresti\\\/#\\\/schema\\\/person\\\/5272b8a057b33890940b57b837fc4ce6\"},\"headline\":\"M6 Otopeni | Sta\u0163iile Expozi\u0163iei \u015fi Aeroport B\u0103neasa \u00eencep s\u0103 prind\u0103 contur. Muncitorii au turnat \u201epere\u0163ii mula\u0163i\u201d\",\"datePublished\":\"2024-04-25T08:06:22+00:00\",\"dateModified\":\"2024-04-25T08:06:23+00:00\",\"mainEntityOfPage\":{\"@id\":\"https:\\\/\\\/buletin.de\\\/bucuresti\\\/m6-otopeni-statiile-expozitiei-si-aeroport-baneasa-incep-sa-prinda-contur-muncitorii-au-turnat-peretii-mulati\\\/\"},\"wordCount\":345,\"publisher\":{\"@id\":\"https:\\\/\\\/buletin.de\\\/bucuresti\\\/#organization\"},\"image\":{\"@id\":\"https:\\\/\\\/buletin.de\\\/bucuresti\\\/m6-otopeni-statiile-expozitiei-si-aeroport-baneasa-incep-sa-prinda-contur-muncitorii-au-turnat-peretii-mulati\\\/#primaryimage\"},\"thumbnailUrl\":\"https:\\\/\\\/buletin.de\\\/bucuresti\\\/wp-content\\\/uploads\\\/m6-lucrari-1.jpg\",\"keywords\":[\"exacavari metrou\",\"M6 Otopeni\",\"metrou nordul capitalei\",\"pereti mulati santier metrou\",\"santier baneasa\",\"santier metrou m6\"],\"articleSection\":[\"Articole\",\"Main\",\"Transport\"],\"inLanguage\":\"en-GB\",\"copyrightYear\":\"2024\",\"copyrightHolder\":{\"@id\":\"https:\\\/\\\/buletin.de\\\/bucuresti\\\/#organization\"}},{\"@type\":\"WebPage\",\"@id\":\"https:\\\/\\\/buletin.de\\\/bucuresti\\\/m6-otopeni-statiile-expozitiei-si-aeroport-baneasa-incep-sa-prinda-contur-muncitorii-au-turnat-peretii-mulati\\\/\",\"url\":\"https:\\\/\\\/buletin.de\\\/bucuresti\\\/m6-otopeni-statiile-expozitiei-si-aeroport-baneasa-incep-sa-prinda-contur-muncitorii-au-turnat-peretii-mulati\\\/\",\"name\":\"M6 Otopeni | Sta\u0163iile Expozi\u0163iei \u015fi Aeroport B\u0103neasa \u00eencep s\u0103 prind\u0103 contur. Muncitorii au turnat \u201epere\u0163ii mula\u0163i\u201d - Buletin de Bucure\u0219ti\",\"isPartOf\":{\"@id\":\"https:\\\/\\\/buletin.de\\\/bucuresti\\\/#website\"},\"primaryImageOfPage\":{\"@id\":\"https:\\\/\\\/buletin.de\\\/bucuresti\\\/m6-otopeni-statiile-expozitiei-si-aeroport-baneasa-incep-sa-prinda-contur-muncitorii-au-turnat-peretii-mulati\\\/#primaryimage\"},\"image\":{\"@id\":\"https:\\\/\\\/buletin.de\\\/bucuresti\\\/m6-otopeni-statiile-expozitiei-si-aeroport-baneasa-incep-sa-prinda-contur-muncitorii-au-turnat-peretii-mulati\\\/#primaryimage\"},\"thumbnailUrl\":\"https:\\\/\\\/buletin.de\\\/bucuresti\\\/wp-content\\\/uploads\\\/m6-lucrari-1.jpg\",\"datePublished\":\"2024-04-25T08:06:22+00:00\",\"dateModified\":\"2024-04-25T08:06:23+00:00\",\"breadcrumb\":{\"@id\":\"https:\\\/\\\/buletin.de\\\/bucuresti\\\/m6-otopeni-statiile-expozitiei-si-aeroport-baneasa-incep-sa-prinda-contur-muncitorii-au-turnat-peretii-mulati\\\/#breadcrumb\"},\"inLanguage\":\"en-GB\",\"potentialAction\":[{\"@type\":\"ReadAction\",\"target\":[\"https:\\\/\\\/buletin.de\\\/bucuresti\\\/m6-otopeni-statiile-expozitiei-si-aeroport-baneasa-incep-sa-prinda-contur-muncitorii-au-turnat-peretii-mulati\\\/\"]}]},{\"@type\":\"ImageObject\",\"inLanguage\":\"en-GB\",\"@id\":\"https:\\\/\\\/buletin.de\\\/bucuresti\\\/m6-otopeni-statiile-expozitiei-si-aeroport-baneasa-incep-sa-prinda-contur-muncitorii-au-turnat-peretii-mulati\\\/#primaryimage\",\"url\":\"https:\\\/\\\/buletin.de\\\/bucuresti\\\/wp-content\\\/uploads\\\/m6-lucrari-1.jpg\",\"contentUrl\":\"https:\\\/\\\/buletin.de\\\/bucuresti\\\/wp-content\\\/uploads\\\/m6-lucrari-1.jpg\",\"width\":1080,\"height\":608,\"caption\":\"FOTO: Facebook \\\/ Metrorex\"},{\"@type\":\"BreadcrumbList\",\"@id\":\"https:\\\/\\\/buletin.de\\\/bucuresti\\\/m6-otopeni-statiile-expozitiei-si-aeroport-baneasa-incep-sa-prinda-contur-muncitorii-au-turnat-peretii-mulati\\\/#breadcrumb\",\"itemListElement\":[{\"@type\":\"ListItem\",\"position\":1,\"name\":\"Acas\u0103\",\"item\":\"https:\\\/\\\/buletin.de\\\/bucuresti\\\/\"},{\"@type\":\"ListItem\",\"position\":2,\"name\":\"M6 Otopeni | Sta\u0163iile Expozi\u0163iei \u015fi Aeroport B\u0103neasa \u00eencep s\u0103 prind\u0103 contur. Muncitorii au turnat \u201epere\u0163ii mula\u0163i\u201d\"}]},{\"@type\":\"WebSite\",\"@id\":\"https:\\\/\\\/buletin.de\\\/bucuresti\\\/#website\",\"url\":\"https:\\\/\\\/buletin.de\\\/bucuresti\\\/\",\"name\":\"Buletin de Bucure\u0219ti\",\"description\":\"\u0218tiri \u0219i investiga\u021bii esen\u021biale din capital\u0103\",\"publisher\":{\"@id\":\"https:\\\/\\\/buletin.de\\\/bucuresti\\\/#organization\"},\"potentialAction\":[{\"@type\":\"SearchAction\",\"target\":{\"@type\":\"EntryPoint\",\"urlTemplate\":\"https:\\\/\\\/buletin.de\\\/bucuresti\\\/?s={search_term_string}\"},\"query-input\":{\"@type\":\"PropertyValueSpecification\",\"valueRequired\":true,\"valueName\":\"search_term_string\"}}],\"inLanguage\":\"en-GB\"},{\"@type\":\"Organization\",\"@id\":\"https:\\\/\\\/buletin.de\\\/bucuresti\\\/#organization\",\"name\":\"Buletin de Bucure\u0219ti\",\"url\":\"https:\\\/\\\/buletin.de\\\/bucuresti\\\/\",\"logo\":{\"@type\":\"ImageObject\",\"inLanguage\":\"en-GB\",\"@id\":\"https:\\\/\\\/buletin.de\\\/bucuresti\\\/#\\\/schema\\\/logo\\\/image\\\/\",\"url\":\"https:\\\/\\\/buletin.de\\\/bucuresti\\\/wp-content\\\/uploads\\\/logo-bdb-full-wide-vernil-transparent.png\",\"contentUrl\":\"https:\\\/\\\/buletin.de\\\/bucuresti\\\/wp-content\\\/uploads\\\/logo-bdb-full-wide-vernil-transparent.png\",\"width\":1782,\"height\":626,\"caption\":\"Buletin de Bucure\u0219ti\"},\"image\":{\"@id\":\"https:\\\/\\\/buletin.de\\\/bucuresti\\\/#\\\/schema\\\/logo\\\/image\\\/\"},\"sameAs\":[\"https:\\\/\\\/www.facebook.com\\\/buletin.de.buc\",\"https:\\\/\\\/www.instagram.com\\\/buletinde.bucuresti\\\/\"]},{\"@type\":\"Person\",\"@id\":\"https:\\\/\\\/buletin.de\\\/bucuresti\\\/#\\\/schema\\\/person\\\/5272b8a057b33890940b57b837fc4ce6\",\"name\":\"Ionu\u021b Lepa\",\"image\":{\"@type\":\"ImageObject\",\"inLanguage\":\"en-GB\",\"@id\":\"https:\\\/\\\/buletin.de\\\/bucuresti\\\/wp-content\\\/uploads\\\/Ionut-Lepa-96x96.jpg5c4e4d9e049808799a8821652d2410a4\",\"url\":\"https:\\\/\\\/buletin.de\\\/bucuresti\\\/wp-content\\\/uploads\\\/Ionut-Lepa-96x96.jpg\",\"contentUrl\":\"https:\\\/\\\/buletin.de\\\/bucuresti\\\/wp-content\\\/uploads\\\/Ionut-Lepa-96x96.jpg\",\"caption\":\"Ionu\u021b Lepa\"},\"url\":\"https:\\\/\\\/buletin.de\\\/bucuresti\\\/author\\\/ionutlepa\\\/\"}]}<\/script>\n<!-- \/ Yoast SEO Premium plugin. -->","yoast_head_json":{"title":"M6 Otopeni | Sta\u0163iile Expozi\u0163iei \u015fi Aeroport B\u0103neasa \u00eencep s\u0103 prind\u0103 contur. Muncitorii au turnat \u201epere\u0163ii mula\u0163i\u201d - Buletin de Bucure\u0219ti","robots":{"index":"index","follow":"follow","max-snippet":"max-snippet:-1","max-image-preview":"max-image-preview:large","max-video-preview":"max-video-preview:-1"},"canonical":"https:\/\/buletin.de\/bucuresti\/m6-otopeni-statiile-expozitiei-si-aeroport-baneasa-incep-sa-prinda-contur-muncitorii-au-turnat-peretii-mulati\/","og_locale":"en_GB","og_type":"article","og_title":"M6 Otopeni | Sta\u0163iile Expozi\u0163iei \u015fi Aeroport B\u0103neasa \u00eencep s\u0103 prind\u0103 contur. Muncitorii au turnat \u201epere\u0163ii mula\u0163i\u201d","og_description":"Magistrala spre aeroport cap\u0103t\u0103 contur. Muncitorii au de munc\u0103 de la turnarea pere\u0163ilor mula\u0163i, p\u00e2n\u0103 la funda\u0163ii \u015fi instala\u0163ii electrice. Ace\u015fti \u201epere\u0163i mula\u0163i\u201d sunt limitele \u00een care se va excava pentru viitoarele sta\u0163ii. Deocamdat\u0103, aceste lucr\u0103ri se fac la Expozi\u0163iei \u015fi Aeroport B\u0103neasa. Practic, turnarea acestor pere\u0163i este etapa premerg\u0103toare excav\u0103rilor cu TBM-uri (Tunnel Boring [&hellip;]","og_url":"https:\/\/buletin.de\/bucuresti\/m6-otopeni-statiile-expozitiei-si-aeroport-baneasa-incep-sa-prinda-contur-muncitorii-au-turnat-peretii-mulati\/","og_site_name":"Buletin de Bucure\u0219ti","article_publisher":"https:\/\/www.facebook.com\/buletin.de.buc","article_published_time":"2024-04-25T08:06:22+00:00","article_modified_time":"2024-04-25T08:06:23+00:00","og_image":[{"width":1080,"height":608,"url":"https:\/\/buletin.de\/bucuresti\/wp-content\/uploads\/m6-lucrari-1.jpg","type":"image\/jpeg"}],"author":"Ionu\u021b Lepa","twitter_card":"summary_large_image","twitter_misc":{"Written by":"Ionu\u021b Lepa","Estimated reading time":"2 minutes"},"schema":{"@context":"https:\/\/schema.org","@graph":[{"@type":"Article","@id":"https:\/\/buletin.de\/bucuresti\/m6-otopeni-statiile-expozitiei-si-aeroport-baneasa-incep-sa-prinda-contur-muncitorii-au-turnat-peretii-mulati\/#article","isPartOf":{"@id":"https:\/\/buletin.de\/bucuresti\/m6-otopeni-statiile-expozitiei-si-aeroport-baneasa-incep-sa-prinda-contur-muncitorii-au-turnat-peretii-mulati\/"},"author":{"name":"Ionu\u021b Lepa","@id":"https:\/\/buletin.de\/bucuresti\/#\/schema\/person\/5272b8a057b33890940b57b837fc4ce6"},"headline":"M6 Otopeni | Sta\u0163iile Expozi\u0163iei \u015fi Aeroport B\u0103neasa \u00eencep s\u0103 prind\u0103 contur. Muncitorii au turnat \u201epere\u0163ii mula\u0163i\u201d","datePublished":"2024-04-25T08:06:22+00:00","dateModified":"2024-04-25T08:06:23+00:00","mainEntityOfPage":{"@id":"https:\/\/buletin.de\/bucuresti\/m6-otopeni-statiile-expozitiei-si-aeroport-baneasa-incep-sa-prinda-contur-muncitorii-au-turnat-peretii-mulati\/"},"wordCount":345,"publisher":{"@id":"https:\/\/buletin.de\/bucuresti\/#organization"},"image":{"@id":"https:\/\/buletin.de\/bucuresti\/m6-otopeni-statiile-expozitiei-si-aeroport-baneasa-incep-sa-prinda-contur-muncitorii-au-turnat-peretii-mulati\/#primaryimage"},"thumbnailUrl":"https:\/\/buletin.de\/bucuresti\/wp-content\/uploads\/m6-lucrari-1.jpg","keywords":["exacavari metrou","M6 Otopeni","metrou nordul capitalei","pereti mulati santier metrou","santier baneasa","santier metrou m6"],"articleSection":["Articole","Main","Transport"],"inLanguage":"en-GB","copyrightYear":"2024","copyrightHolder":{"@id":"https:\/\/buletin.de\/bucuresti\/#organization"}},{"@type":"WebPage","@id":"https:\/\/buletin.de\/bucuresti\/m6-otopeni-statiile-expozitiei-si-aeroport-baneasa-incep-sa-prinda-contur-muncitorii-au-turnat-peretii-mulati\/","url":"https:\/\/buletin.de\/bucuresti\/m6-otopeni-statiile-expozitiei-si-aeroport-baneasa-incep-sa-prinda-contur-muncitorii-au-turnat-peretii-mulati\/","name":"M6 Otopeni | Sta\u0163iile Expozi\u0163iei \u015fi Aeroport B\u0103neasa \u00eencep s\u0103 prind\u0103 contur. Muncitorii au turnat \u201epere\u0163ii mula\u0163i\u201d - Buletin de Bucure\u0219ti","isPartOf":{"@id":"https:\/\/buletin.de\/bucuresti\/#website"},"primaryImageOfPage":{"@id":"https:\/\/buletin.de\/bucuresti\/m6-otopeni-statiile-expozitiei-si-aeroport-baneasa-incep-sa-prinda-contur-muncitorii-au-turnat-peretii-mulati\/#primaryimage"},"image":{"@id":"https:\/\/buletin.de\/bucuresti\/m6-otopeni-statiile-expozitiei-si-aeroport-baneasa-incep-sa-prinda-contur-muncitorii-au-turnat-peretii-mulati\/#primaryimage"},"thumbnailUrl":"https:\/\/buletin.de\/bucuresti\/wp-content\/uploads\/m6-lucrari-1.jpg","datePublished":"2024-04-25T08:06:22+00:00","dateModified":"2024-04-25T08:06:23+00:00","breadcrumb":{"@id":"https:\/\/buletin.de\/bucuresti\/m6-otopeni-statiile-expozitiei-si-aeroport-baneasa-incep-sa-prinda-contur-muncitorii-au-turnat-peretii-mulati\/#breadcrumb"},"inLanguage":"en-GB","potentialAction":[{"@type":"ReadAction","target":["https:\/\/buletin.de\/bucuresti\/m6-otopeni-statiile-expozitiei-si-aeroport-baneasa-incep-sa-prinda-contur-muncitorii-au-turnat-peretii-mulati\/"]}]},{"@type":"ImageObject","inLanguage":"en-GB","@id":"https:\/\/buletin.de\/bucuresti\/m6-otopeni-statiile-expozitiei-si-aeroport-baneasa-incep-sa-prinda-contur-muncitorii-au-turnat-peretii-mulati\/#primaryimage","url":"https:\/\/buletin.de\/bucuresti\/wp-content\/uploads\/m6-lucrari-1.jpg","contentUrl":"https:\/\/buletin.de\/bucuresti\/wp-content\/uploads\/m6-lucrari-1.jpg","width":1080,"height":608,"caption":"FOTO: Facebook \/ Metrorex"},{"@type":"BreadcrumbList","@id":"https:\/\/buletin.de\/bucuresti\/m6-otopeni-statiile-expozitiei-si-aeroport-baneasa-incep-sa-prinda-contur-muncitorii-au-turnat-peretii-mulati\/#breadcrumb","itemListElement":[{"@type":"ListItem","position":1,"name":"Acas\u0103","item":"https:\/\/buletin.de\/bucuresti\/"},{"@type":"ListItem","position":2,"name":"M6 Otopeni | Sta\u0163iile Expozi\u0163iei \u015fi Aeroport B\u0103neasa \u00eencep s\u0103 prind\u0103 contur. Muncitorii au turnat \u201epere\u0163ii mula\u0163i\u201d"}]},{"@type":"WebSite","@id":"https:\/\/buletin.de\/bucuresti\/#website","url":"https:\/\/buletin.de\/bucuresti\/","name":"Buletin de Bucure\u0219ti","description":"\u0218tiri \u0219i investiga\u021bii esen\u021biale din capital\u0103","publisher":{"@id":"https:\/\/buletin.de\/bucuresti\/#organization"},"potentialAction":[{"@type":"SearchAction","target":{"@type":"EntryPoint","urlTemplate":"https:\/\/buletin.de\/bucuresti\/?s={search_term_string}"},"query-input":{"@type":"PropertyValueSpecification","valueRequired":true,"valueName":"search_term_string"}}],"inLanguage":"en-GB"},{"@type":"Organization","@id":"https:\/\/buletin.de\/bucuresti\/#organization","name":"Buletin de Bucure\u0219ti","url":"https:\/\/buletin.de\/bucuresti\/","logo":{"@type":"ImageObject","inLanguage":"en-GB","@id":"https:\/\/buletin.de\/bucuresti\/#\/schema\/logo\/image\/","url":"https:\/\/buletin.de\/bucuresti\/wp-content\/uploads\/logo-bdb-full-wide-vernil-transparent.png","contentUrl":"https:\/\/buletin.de\/bucuresti\/wp-content\/uploads\/logo-bdb-full-wide-vernil-transparent.png","width":1782,"height":626,"caption":"Buletin de Bucure\u0219ti"},"image":{"@id":"https:\/\/buletin.de\/bucuresti\/#\/schema\/logo\/image\/"},"sameAs":["https:\/\/www.facebook.com\/buletin.de.buc","https:\/\/www.instagram.com\/buletinde.bucuresti\/"]},{"@type":"Person","@id":"https:\/\/buletin.de\/bucuresti\/#\/schema\/person\/5272b8a057b33890940b57b837fc4ce6","name":"Ionu\u021b Lepa","image":{"@type":"ImageObject","inLanguage":"en-GB","@id":"https:\/\/buletin.de\/bucuresti\/wp-content\/uploads\/Ionut-Lepa-96x96.jpg5c4e4d9e049808799a8821652d2410a4","url":"https:\/\/buletin.de\/bucuresti\/wp-content\/uploads\/Ionut-Lepa-96x96.jpg","contentUrl":"https:\/\/buletin.de\/bucuresti\/wp-content\/uploads\/Ionut-Lepa-96x96.jpg","caption":"Ionu\u021b Lepa"},"url":"https:\/\/buletin.de\/bucuresti\/author\/ionutlepa\/"}]}},"authors":[{"term_id":22586,"user_id":8,"is_guest":0,"slug":"ionutlepa","display_name":"Ionu\u021b Lepa","avatar_url":"https:\/\/buletin.de\/bucuresti\/wp-content\/uploads\/Ionut-Lepa-96x96.jpg","0":null,"1":"","2":"","3":"","4":"","5":"","6":"","7":"","8":""}],"_links":{"self":[{"href":"https:\/\/buletin.de\/bucuresti\/wp-json\/wp\/v2\/posts\/83994","targetHints":{"allow":["GET"]}}],"collection":[{"href":"https:\/\/buletin.de\/bucuresti\/wp-json\/wp\/v2\/posts"}],"about":[{"href":"https:\/\/buletin.de\/bucuresti\/wp-json\/wp\/v2\/types\/post"}],"author":[{"embeddable":true,"href":"https:\/\/buletin.de\/bucuresti\/wp-json\/wp\/v2\/users\/8"}],"replies":[{"embeddable":true,"href":"https:\/\/buletin.de\/bucuresti\/wp-json\/wp\/v2\/comments?post=83994"}],"version-history":[{"count":4,"href":"https:\/\/buletin.de\/bucuresti\/wp-json\/wp\/v2\/posts\/83994\/revisions"}],"predecessor-version":[{"id":84013,"href":"https:\/\/buletin.de\/bucuresti\/wp-json\/wp\/v2\/posts\/83994\/revisions\/84013"}],"wp:featuredmedia":[{"embeddable":true,"href":"https:\/\/buletin.de\/bucuresti\/wp-json\/wp\/v2\/media\/84009"}],"wp:attachment":[{"href":"https:\/\/buletin.de\/bucuresti\/wp-json\/wp\/v2\/media?parent=83994"}],"wp:term":[{"taxonomy":"category","embeddable":true,"href":"https:\/\/buletin.de\/bucuresti\/wp-json\/wp\/v2\/categories?post=83994"},{"taxonomy":"post_tag","embeddable":true,"href":"https:\/\/buletin.de\/bucuresti\/wp-json\/wp\/v2\/tags?post=83994"},{"taxonomy":"author","embeddable":true,"href":"https:\/\/buletin.de\/bucuresti\/wp-json\/wp\/v2\/ppma_author?post=83994"}],"curies":[{"name":"wp","href":"https:\/\/api.w.org\/{rel}","templated":true}]}}