{"id":83910,"date":"2024-04-24T12:47:43","date_gmt":"2024-04-24T09:47:43","guid":{"rendered":"https:\/\/buletin.de\/bucuresti\/?p=83910"},"modified":"2024-04-25T07:43:22","modified_gmt":"2024-04-25T04:43:22","slug":"centura-verde-ar-trebui-sa-fie-gata-in-vara-a-trecut-de-comisii-in-senat-ca-amendamente-la-codul-silvic-ce-presupune-proiectul","status":"publish","type":"post","link":"https:\/\/buletin.de\/bucuresti\/centura-verde-ar-trebui-sa-fie-gata-in-vara-a-trecut-de-comisii-in-senat-ca-amendamente-la-codul-silvic-ce-presupune-proiectul\/","title":{"rendered":"\u00cenc\u0103 un pas pentru Centura Verde. A trecut de comisii \u00een Senat, ca amendamente la Codul Silvic. Ce presupune proiectul"},"content":{"rendered":"\n<p><strong>Centura Verde, proiectul care presupune conservarea p\u0103durilor care \u00eenconjoar\u0103 Capitala, ar trebui s\u0103 treac\u0103 de Parlament p\u00e2n\u0103 la finalul lunii iunie. Asta pentru c\u0103 prevederile au fost \u00eenglobate \u00een noul Cod Silvic ca amendamente, iar Codul Silvic este jalon \u00een PNRR \u0219i trebuie s\u0103 fie votat p\u00e2n\u0103 la finalul actualei sesiuni parlamentare.<\/strong><\/p>\n\n\n\n<p>Noul Cod Silvic a fost dezb\u0103tut \u0219i votat pe articole de comisiile reunite pentru Ap\u0103 \u015fi P\u0103duri, respectiv Mediu. Printre amendamentele ce vor ajunge s\u0103pt\u0103m\u00e2na viitoare \u00een plenul Senatului se num\u0103r\u0103 \u0219i prevederile \u201eCenturii Verzi\u201d, depuse ini\u021bial ca proiect de lege, dar blocate de aproape jum\u0103tate de an \u00een ultima comisie a Camerei Deputa\u021bilor.<\/p>\n\n\n\n<blockquote class=\"wp-block-quote is-layout-flow wp-block-quote-is-layout-flow\">\n<p class=\"has-medium-font-size\">Amendamentele sunt fix proiectul ini\u021bial, doar c\u0103 nu depuse sub forma unei legi. Nicio virgul\u0103 nu a fost modificat\u0103.<\/p>\n<cite><strong>Alex G\u0103van, Fondatorul Platformei Civice \u201e\u00cempreun\u0103 Pentru Centura Verde\u201d<\/strong><\/cite><\/blockquote>\n\n\n\n<p>Dup\u0103 ce va ajunge \u00een plenul Senatului, Codul Silvic va fi dezb\u0103tut \u0219i \u00een Camera Deputa\u021bilor, mai exact \u00een comisiile pentru agricultur\u0103 \u0219i mediu. <\/p>\n\n\n\n<div class=\"wp-block-group\"><div class=\"wp-block-group__inner-container is-layout-constrained wp-block-group-is-layout-constrained\">\n<h2 class=\"wp-block-heading\">Ce presupun amendamentele<\/h2>\n\n\n\n<p>Fiind jalon \u00een PNRR, noul Cod Silvic ar trebui adoptat p\u00e2n\u0103 la sf\u00e2r\u0219itul sesiunii parlamentare actuale, mai exact p\u00e2n\u0103 la finalul lunii iunie. <\/p>\n\n\n\n<blockquote class=\"wp-block-quote is-layout-flow wp-block-quote-is-layout-flow\">\n<p class=\"has-medium-font-size\">Din momentul public\u0103rii \u00een Monitorul Oficial, p\u0103durile vor fi, de facto, imediat protejate.<\/p>\n<cite><strong>Alex G\u0103van, fondatorul platformei Civice \u201e\u00cempreun\u0103 pentru Centura Verde\u201d<\/strong><\/cite><\/blockquote>\n\n\n\n<p>Unul dintre amendamentele sus\u021binute de Platforma Civic\u0103 \u00cempreun\u0103 pentru Centura Verde se refer\u0103 la stabilirea unui cadru legal prin care accesul \u00een p\u0103duri s\u0103 fie permis popula\u021biei pentru recreere. Practic, cet\u0103\u021benii vor putea s\u0103 se plimbe lini\u0219ti\u021bi \u00een toate p\u0103durile din jurul Capitalei, cu c\u00e2teva excep\u021bii punctuale ce pot reprezenta un pericol de accidentare, cum ar fi executarea unor lucr\u0103ri la momentul respectiv, explic\u0103 Alex G\u0103van pentru Buletin de Bucure\u0219ti. Acest punct ar putea deveni realitate de la 1 august.<\/p>\n\n\n\n<p>Ce prevede amendamentul pentru protejarea p\u0103durilor:<\/p>\n\n\n\n<ul class=\"wp-block-list\">\n<li>Reglementarea lucr\u0103rilor permise<\/li>\n\n\n\n<li>Sanc\u021biuni cuprinse \u00eentre 2 \u0219i 7 ani pentru \u00eenc\u0103lcarea anumitor prevederi legale<\/li>\n\n\n\n<li>Limitarea exploat\u0103rii comerciale <\/li>\n\n\n\n<li>Obliga\u021bia autorit\u0103\u021bilor competente de a implementa m\u0103surile preconizate, printre care \u0219i adoptarea unui Plan de Management al P\u0103durilor, \u00een termen de doi ani de la data intr\u0103rii \u00een vigoare a legii<\/li>\n<\/ul>\n\n\n\n<blockquote class=\"wp-block-quote is-layout-flow wp-block-quote-is-layout-flow\">\n<p class=\"has-medium-font-size\">Doar dup\u0103 adoptarea acestui plan, vor putea fi luate m\u0103surile de \u00eengrijire a p\u0103durilor, reconstruc\u021bie ecologic\u0103, etc.<\/p>\n<cite><strong>Alex G\u0103van, fondatorul platformei Civice \u201e\u00cempreun\u0103 pentru Centura Verde\u201d<\/strong><\/cite><\/blockquote>\n\n\n\n<p>De asemenea, Platforma Civic\u0103 \u00cempreun\u0103 pentru Centura Verde a ob\u021binut sus\u021binerea oficial\u0103 a Ministerului Mediului pentru un amendament ce vizeaz\u0103 includerea arborilor remarcabili \u00een Fondul Forestier Na\u021bional \u0219i<br>asigurarea conserv\u0103rii lor.<\/p>\n\n\n\n<figure class=\"wp-block-gallery has-nested-images columns-default is-cropped wp-block-gallery-1 is-layout-flex wp-block-gallery-is-layout-flex\">\n<figure class=\"wp-block-image size-large\"><img fetchpriority=\"high\" decoding=\"async\" width=\"900\" height=\"600\" data-id=\"83914\" src=\"data:image\/gif;base64,R0lGODlhAQABAAAAACH5BAEKAAEALAAAAAABAAEAAAICTAEAOw==\" data-src=\"https:\/\/buletin.de\/bucuresti\/wp-content\/uploads\/18.-Accesul-in-Centura-Verde_foto_centuraverde.ro-.jpg-900x600.jpg\" alt=\"\" class=\"wp-image-83914 lazyload\" data-sizes=\"auto\" data-srcset=\"https:\/\/buletin.de\/bucuresti\/wp-content\/uploads\/18.-Accesul-in-Centura-Verde_foto_centuraverde.ro-.jpg-900x600.jpg 900w, https:\/\/buletin.de\/bucuresti\/wp-content\/uploads\/18.-Accesul-in-Centura-Verde_foto_centuraverde.ro-.jpg-300x200.jpg 300w, https:\/\/buletin.de\/bucuresti\/wp-content\/uploads\/18.-Accesul-in-Centura-Verde_foto_centuraverde.ro-.jpg-768x512.jpg 768w, https:\/\/buletin.de\/bucuresti\/wp-content\/uploads\/18.-Accesul-in-Centura-Verde_foto_centuraverde.ro-.jpg-1536x1024.jpg 1536w, https:\/\/buletin.de\/bucuresti\/wp-content\/uploads\/18.-Accesul-in-Centura-Verde_foto_centuraverde.ro-.jpg-1600x1066.jpg 1600w, https:\/\/buletin.de\/bucuresti\/wp-content\/uploads\/18.-Accesul-in-Centura-Verde_foto_centuraverde.ro-.jpg-1100x733.jpg 1100w, https:\/\/buletin.de\/bucuresti\/wp-content\/uploads\/18.-Accesul-in-Centura-Verde_foto_centuraverde.ro-.jpg-600x400.jpg 600w, https:\/\/buletin.de\/bucuresti\/wp-content\/uploads\/18.-Accesul-in-Centura-Verde_foto_centuraverde.ro-.jpg-20x13.jpg 20w, https:\/\/buletin.de\/bucuresti\/wp-content\/uploads\/18.-Accesul-in-Centura-Verde_foto_centuraverde.ro-.jpg.jpg 2000w\" sizes=\"(max-width: 900px) 100vw, 900px\" \/><\/figure>\n\n\n\n<figure class=\"wp-block-image size-large\"><img decoding=\"async\" width=\"900\" height=\"600\" data-id=\"83915\" src=\"data:image\/gif;base64,R0lGODlhAQABAAAAACH5BAEKAAEALAAAAAABAAEAAAICTAEAOw==\" data-src=\"https:\/\/buletin.de\/bucuresti\/wp-content\/uploads\/14.-Padure-in-Centura-Verde_foto_-Alex-Gavan-centuraverde.ro-.jpg-900x600.jpg\" alt=\"\" class=\"wp-image-83915 lazyload\" data-sizes=\"auto\" data-srcset=\"https:\/\/buletin.de\/bucuresti\/wp-content\/uploads\/14.-Padure-in-Centura-Verde_foto_-Alex-Gavan-centuraverde.ro-.jpg-900x600.jpg 900w, https:\/\/buletin.de\/bucuresti\/wp-content\/uploads\/14.-Padure-in-Centura-Verde_foto_-Alex-Gavan-centuraverde.ro-.jpg-300x200.jpg 300w, https:\/\/buletin.de\/bucuresti\/wp-content\/uploads\/14.-Padure-in-Centura-Verde_foto_-Alex-Gavan-centuraverde.ro-.jpg-768x512.jpg 768w, https:\/\/buletin.de\/bucuresti\/wp-content\/uploads\/14.-Padure-in-Centura-Verde_foto_-Alex-Gavan-centuraverde.ro-.jpg-1536x1024.jpg 1536w, https:\/\/buletin.de\/bucuresti\/wp-content\/uploads\/14.-Padure-in-Centura-Verde_foto_-Alex-Gavan-centuraverde.ro-.jpg-1600x1066.jpg 1600w, https:\/\/buletin.de\/bucuresti\/wp-content\/uploads\/14.-Padure-in-Centura-Verde_foto_-Alex-Gavan-centuraverde.ro-.jpg-1100x733.jpg 1100w, https:\/\/buletin.de\/bucuresti\/wp-content\/uploads\/14.-Padure-in-Centura-Verde_foto_-Alex-Gavan-centuraverde.ro-.jpg-600x400.jpg 600w, https:\/\/buletin.de\/bucuresti\/wp-content\/uploads\/14.-Padure-in-Centura-Verde_foto_-Alex-Gavan-centuraverde.ro-.jpg-20x13.jpg 20w, https:\/\/buletin.de\/bucuresti\/wp-content\/uploads\/14.-Padure-in-Centura-Verde_foto_-Alex-Gavan-centuraverde.ro-.jpg.jpg 2000w\" sizes=\"(max-width: 900px) 100vw, 900px\" \/><\/figure>\n<figcaption class=\"blocks-gallery-caption wp-element-caption\">FOTO: www.centuraverde.ro<\/figcaption><\/figure>\n<\/div><\/div>\n\n\n\n<h2 class=\"wp-block-heading\">Blocajul din Camera Deputa\u021bilor<\/h2>\n\n\n\n<p><a href=\"https:\/\/buletin.de\/bucuresti\/noul-cod-silvic-ar-putea-transforma-in-realitate-centura-verde-a-capitalei-calea-gasita-dupa-ce-proiectul-initial-a-fost-blocat\/\">Proiectul de lege a fost \u00eenaintat c\u0103tre Parlament acum un an de zile, pe 12 aprilie 2023<\/a>. Ini\u021bial, a avut un parcurs pozitiv, fiind&nbsp;<a href=\"https:\/\/buletin.de\/bucuresti\/centura-verde-1a-capitalei-peste-jumatate-de-milion-de-arbori-au-fost-taiati-in-ilfov-in-ultimele-12-luni\/\">adoptat cu unanimitate de c\u0103tre Senat<\/a>&nbsp;\u0219i ulterior, de comisiile din Camera Deputa\u021bilor (cu excep\u021bia comisiei pentru agricultur\u0103).<\/p>\n\n\n\n<blockquote class=\"wp-block-quote is-layout-flow wp-block-quote-is-layout-flow\">\n<p class=\"has-medium-font-size\">Blocajul de la ultima comisie, cea pentru \u201cagricultur\u0103, silvicultur\u0103, industrie alimentar\u0103 \u0219i servicii specifice\u201d, blocaj ce \u00eensumeaz\u0103 aproape jum\u0103tate din v\u00e2rsta pe care o are demersul, a f\u0103cut ca ini\u021biativa s\u0103 fie ajuns\u0103 din urm\u0103 de noul Cod Silvic, a c\u0103rui adoptare, fiind jalon \u00een PNRR, este estimat\u0103 pentru actuala sesiune parlamentar\u0103.<\/p>\n<cite><strong>Platforma Civic\u0103 \u201e\u00cempreun\u0103 Pentru Centura Verde\u201d<\/strong>&nbsp;(Citat Din Comunicatul De Pres\u0103)<\/cite><\/blockquote>\n\n\n\n<p>PSD r\u0103m\u00e2ne singurul partid ce nu a semnat \u00eenc\u0103&nbsp;<a href=\"https:\/\/bit.ly\/3LULwPK\">\u201eMemorandumul pentru Aer Curat, S\u0103n\u0103tate \u0219i Viitor\u201d<\/a>, document \u00een \u0219apte puncte ce con\u021bine at\u00e2t proiectul de lege, c\u00e2t \u0219i solu\u021bii pentru combaterea polu\u0103rii. La momentul actual, m\u0103surile propuse sunt sus\u021binute de peste 11.000 de semnatari ai&nbsp;<a href=\"http:\/\/xn--petiia%20online%20%20a%20strns%20peste%2011-9sd471l.xn--000%20de%20semnturi-kfc.\/\">peti\u021biei online<\/a>&nbsp;\u00een acest sens.<\/p>\n\n\n\n<figure class=\"wp-block-gallery has-nested-images columns-default is-cropped wp-block-gallery-2 is-layout-flex wp-block-gallery-is-layout-flex\">\n<figure class=\"wp-block-image size-large\"><img decoding=\"async\" width=\"900\" height=\"506\" data-id=\"83913\" src=\"data:image\/gif;base64,R0lGODlhAQABAAAAACH5BAEKAAEALAAAAAABAAEAAAICTAEAOw==\" data-src=\"https:\/\/buletin.de\/bucuresti\/wp-content\/uploads\/6.-Viitorul-copiilor-nostri-este-imbratisat-de-Centura-Verde-nu-de-exploatari-forestiere-in-Ilfov-in-dauna-locuitorilor-capitalei_Impreuna-pentru-Centura-Verde_Fundatia-Alex-Gavan_foto-Alex-Gavan-_-900x506.jpg\" alt=\"\" class=\"wp-image-83913 lazyload\" data-sizes=\"auto\" data-srcset=\"https:\/\/buletin.de\/bucuresti\/wp-content\/uploads\/6.-Viitorul-copiilor-nostri-este-imbratisat-de-Centura-Verde-nu-de-exploatari-forestiere-in-Ilfov-in-dauna-locuitorilor-capitalei_Impreuna-pentru-Centura-Verde_Fundatia-Alex-Gavan_foto-Alex-Gavan-_-900x506.jpg 900w, https:\/\/buletin.de\/bucuresti\/wp-content\/uploads\/6.-Viitorul-copiilor-nostri-este-imbratisat-de-Centura-Verde-nu-de-exploatari-forestiere-in-Ilfov-in-dauna-locuitorilor-capitalei_Impreuna-pentru-Centura-Verde_Fundatia-Alex-Gavan_foto-Alex-Gavan-_-300x169.jpg 300w, https:\/\/buletin.de\/bucuresti\/wp-content\/uploads\/6.-Viitorul-copiilor-nostri-este-imbratisat-de-Centura-Verde-nu-de-exploatari-forestiere-in-Ilfov-in-dauna-locuitorilor-capitalei_Impreuna-pentru-Centura-Verde_Fundatia-Alex-Gavan_foto-Alex-Gavan-_-768x432.jpg 768w, https:\/\/buletin.de\/bucuresti\/wp-content\/uploads\/6.-Viitorul-copiilor-nostri-este-imbratisat-de-Centura-Verde-nu-de-exploatari-forestiere-in-Ilfov-in-dauna-locuitorilor-capitalei_Impreuna-pentru-Centura-Verde_Fundatia-Alex-Gavan_foto-Alex-Gavan-_-1536x864.jpg 1536w, https:\/\/buletin.de\/bucuresti\/wp-content\/uploads\/6.-Viitorul-copiilor-nostri-este-imbratisat-de-Centura-Verde-nu-de-exploatari-forestiere-in-Ilfov-in-dauna-locuitorilor-capitalei_Impreuna-pentru-Centura-Verde_Fundatia-Alex-Gavan_foto-Alex-Gavan-_-1600x900.jpg 1600w, https:\/\/buletin.de\/bucuresti\/wp-content\/uploads\/6.-Viitorul-copiilor-nostri-este-imbratisat-de-Centura-Verde-nu-de-exploatari-forestiere-in-Ilfov-in-dauna-locuitorilor-capitalei_Impreuna-pentru-Centura-Verde_Fundatia-Alex-Gavan_foto-Alex-Gavan-_-1100x619.jpg 1100w, https:\/\/buletin.de\/bucuresti\/wp-content\/uploads\/6.-Viitorul-copiilor-nostri-este-imbratisat-de-Centura-Verde-nu-de-exploatari-forestiere-in-Ilfov-in-dauna-locuitorilor-capitalei_Impreuna-pentru-Centura-Verde_Fundatia-Alex-Gavan_foto-Alex-Gavan-_-600x338.jpg 600w, https:\/\/buletin.de\/bucuresti\/wp-content\/uploads\/6.-Viitorul-copiilor-nostri-este-imbratisat-de-Centura-Verde-nu-de-exploatari-forestiere-in-Ilfov-in-dauna-locuitorilor-capitalei_Impreuna-pentru-Centura-Verde_Fundatia-Alex-Gavan_foto-Alex-Gavan-_-20x11.jpg 20w, https:\/\/buletin.de\/bucuresti\/wp-content\/uploads\/6.-Viitorul-copiilor-nostri-este-imbratisat-de-Centura-Verde-nu-de-exploatari-forestiere-in-Ilfov-in-dauna-locuitorilor-capitalei_Impreuna-pentru-Centura-Verde_Fundatia-Alex-Gavan_foto-Alex-Gavan-_.jpg 2000w\" sizes=\"(max-width: 900px) 100vw, 900px\" \/><\/figure>\n\n\n\n<figure class=\"wp-block-image size-large\"><img loading=\"lazy\" decoding=\"async\" width=\"900\" height=\"634\" data-id=\"83912\" src=\"data:image\/gif;base64,R0lGODlhAQABAAAAACH5BAEKAAEALAAAAAABAAEAAAICTAEAOw==\" data-src=\"https:\/\/buletin.de\/bucuresti\/wp-content\/uploads\/10.-Protest-antipoluare-Corbeanca_foto_-Alex-Gavan-_-centuraverde.ro_-900x634.jpg\" alt=\"\" class=\"wp-image-83912 lazyload\" data-sizes=\"auto\" data-srcset=\"https:\/\/buletin.de\/bucuresti\/wp-content\/uploads\/10.-Protest-antipoluare-Corbeanca_foto_-Alex-Gavan-_-centuraverde.ro_-900x634.jpg 900w, https:\/\/buletin.de\/bucuresti\/wp-content\/uploads\/10.-Protest-antipoluare-Corbeanca_foto_-Alex-Gavan-_-centuraverde.ro_-300x211.jpg 300w, https:\/\/buletin.de\/bucuresti\/wp-content\/uploads\/10.-Protest-antipoluare-Corbeanca_foto_-Alex-Gavan-_-centuraverde.ro_-768x541.jpg 768w, https:\/\/buletin.de\/bucuresti\/wp-content\/uploads\/10.-Protest-antipoluare-Corbeanca_foto_-Alex-Gavan-_-centuraverde.ro_-1536x1081.jpg 1536w, https:\/\/buletin.de\/bucuresti\/wp-content\/uploads\/10.-Protest-antipoluare-Corbeanca_foto_-Alex-Gavan-_-centuraverde.ro_-1600x1127.jpg 1600w, https:\/\/buletin.de\/bucuresti\/wp-content\/uploads\/10.-Protest-antipoluare-Corbeanca_foto_-Alex-Gavan-_-centuraverde.ro_-1100x774.jpg 1100w, https:\/\/buletin.de\/bucuresti\/wp-content\/uploads\/10.-Protest-antipoluare-Corbeanca_foto_-Alex-Gavan-_-centuraverde.ro_-600x422.jpg 600w, https:\/\/buletin.de\/bucuresti\/wp-content\/uploads\/10.-Protest-antipoluare-Corbeanca_foto_-Alex-Gavan-_-centuraverde.ro_-20x14.jpg 20w, https:\/\/buletin.de\/bucuresti\/wp-content\/uploads\/10.-Protest-antipoluare-Corbeanca_foto_-Alex-Gavan-_-centuraverde.ro_.jpg 1639w\" sizes=\"(max-width: 900px) 100vw, 900px\" \/><\/figure>\n<figcaption class=\"blocks-gallery-caption wp-element-caption\">FOTO: www.centuraverde.ro<\/figcaption><\/figure>\n\n\n\n<p><strong>CITE\u0218TE \u0218I:<\/strong><\/p>\n\n\n\n<ul class=\"wp-block-list\">\n<li><a href=\"https:\/\/buletin.de\/bucuresti\/noul-cod-silvic-ar-putea-transforma-in-realitate-centura-verde-a-capitalei-calea-gasita-dupa-ce-proiectul-initial-a-fost-blocat\/\">Noul Cod Silvic ar putea transforma \u00een realitate Centura Verde a Capitalei. Calea g\u0103sit\u0103, dup\u0103 ce proiectul ini\u0163ial a fost blocat<\/a><\/li>\n\n\n\n<li><a href=\"https:\/\/buletin.de\/bucuresti\/editorial-romsilva-apara-drujbele-din-padurile-ilfovului-si-ataca-public-activistii-de-mediu-care-grabesc-proiectul-centura-verde-viitoarea-leg\/\">EDITORIAL | Romsilva \u201eap\u0103r\u0103\u201d drujbele din p\u0103durile Ilfovului \u0219i atac\u0103 public activi\u0219tii de mediu care \u201egr\u0103besc\u201d proiectul \u201eCentura Verde\u201d. Viitoarea lege va proteja p\u0103durile de l\u00e2ng\u0103 Bucure\u0219ti \u0219i va limita exploatarea comercial\u0103<\/a><\/li>\n\n\n\n<li><a href=\"https:\/\/buletin.de\/bucuresti\/dezastru-in-padurile-din-ilfov-sute-de-arbori-taiati-descoperiti-in-minivacanta-de-1-decembrie\/\">Dezastru \u00een p\u0103durile din Ilfov: sute de arbori t\u0103ia\u021bi, descoperi\u021bi \u00een minivacan\u021ba de 1 Decembrie<\/a><\/li>\n\n\n\n<li><a href=\"https:\/\/buletin.de\/bucuresti\/interviu-alex-gavan-despre-taierile-de-arbori-din-ilfov-sunt-atat-de-multe-metode-de-furt-te-fura-cu-actele-pe-fata\/\">INTERVIU | Alex G\u0103van, despre t\u0103ierile de arbori din Ilfov: \u201eSunt at\u00e2t de multe metode de furt, te fur\u0103 cu actele pe fa\u021b\u0103!\u201d<\/a><\/li>\n\n\n\n<li><a href=\"https:\/\/buletin.de\/bucuresti\/centura-verde-1a-capitalei-peste-jumatate-de-milion-de-arbori-au-fost-taiati-in-ilfov-in-ultimele-12-luni\/\">\u201eCentura Verde\u201d a Capitalei | Peste jum\u0103tate de milion de arbori au fost t\u0103ia\u021bi \u00een Ilfov \u00een ultimele 12 luni<\/a><\/li>\n<\/ul>\n","protected":false},"excerpt":{"rendered":"<p>Centura Verde, proiectul care presupune conservarea p\u0103durilor care \u00eenconjoar\u0103 Capitala, ar trebui s\u0103 treac\u0103 de Parlament p\u00e2n\u0103 la finalul lunii iunie. Asta pentru c\u0103 prevederile au fost \u00eenglobate \u00een noul Cod Silvic ca amendamente, iar Codul Silvic este jalon \u00een PNRR \u0219i trebuie s\u0103 fie votat p\u00e2n\u0103 la finalul actualei sesiuni parlamentare. Noul Cod Silvic [&hellip;]<\/p>\n","protected":false},"author":55,"featured_media":83911,"comment_status":"closed","ping_status":"open","sticky":false,"template":"","format":"standard","meta":{"_acf_changed":false,"inline_featured_image":false,"ngg_post_thumbnail":0,"footnotes":""},"categories":[6994,5762,109],"tags":[11169,11465,6733,11466,11170,11200,11201],"ppma_author":[22573],"class_list":["post-83910","post","type-post","status-publish","format-standard","has-post-thumbnail","hentry","category-stiri-2","category-main","category-mediu","tag-amendamente-la-noul-cod-silvic","tag-cand-va-fi-adoptat-noul-cod-silvic","tag-centura-verde","tag-defrisari-ilegale-ilfov","tag-platforma-civica-impreuna-pentru-centura-verde","tag-proiect-de-lege-centura-verde","tag-protejarea-padurilor"],"acf":[],"yoast_head":"<!-- This site is optimized with the Yoast SEO Premium plugin v25.3 (Yoast SEO v27.5) - https:\/\/yoast.com\/product\/yoast-seo-premium-wordpress\/ -->\n<title>\u00cenc\u0103 un pas pentru Centura Verde. A trecut de comisii \u00een Senat, ca amendamente la Codul Silvic. Ce presupune proiectul - Buletin de Bucure\u0219ti<\/title>\n<meta name=\"robots\" content=\"index, follow, max-snippet:-1, max-image-preview:large, max-video-preview:-1\" \/>\n<link rel=\"canonical\" href=\"https:\/\/buletin.de\/bucuresti\/centura-verde-ar-trebui-sa-fie-gata-in-vara-a-trecut-de-comisii-in-senat-ca-amendamente-la-codul-silvic-ce-presupune-proiectul\/\" \/>\n<meta property=\"og:locale\" content=\"en_GB\" \/>\n<meta property=\"og:type\" content=\"article\" \/>\n<meta property=\"og:title\" content=\"\u00cenc\u0103 un pas pentru Centura Verde. A trecut de comisii \u00een Senat, ca amendamente la Codul Silvic. Ce presupune proiectul\" \/>\n<meta property=\"og:description\" content=\"Centura Verde, proiectul care presupune conservarea p\u0103durilor care \u00eenconjoar\u0103 Capitala, ar trebui s\u0103 treac\u0103 de Parlament p\u00e2n\u0103 la finalul lunii iunie. Asta pentru c\u0103 prevederile au fost \u00eenglobate \u00een noul Cod Silvic ca amendamente, iar Codul Silvic este jalon \u00een PNRR \u0219i trebuie s\u0103 fie votat p\u00e2n\u0103 la finalul actualei sesiuni parlamentare. Noul Cod Silvic [&hellip;]\" \/>\n<meta property=\"og:url\" content=\"https:\/\/buletin.de\/bucuresti\/centura-verde-ar-trebui-sa-fie-gata-in-vara-a-trecut-de-comisii-in-senat-ca-amendamente-la-codul-silvic-ce-presupune-proiectul\/\" \/>\n<meta property=\"og:site_name\" content=\"Buletin de Bucure\u0219ti\" \/>\n<meta property=\"article:publisher\" content=\"https:\/\/www.facebook.com\/buletin.de.buc\" \/>\n<meta property=\"article:published_time\" content=\"2024-04-24T09:47:43+00:00\" \/>\n<meta property=\"article:modified_time\" content=\"2024-04-25T04:43:22+00:00\" \/>\n<meta property=\"og:image\" content=\"https:\/\/buletin.de\/bucuresti\/wp-content\/uploads\/26.-Padure-taiata-in-Centura-Verde_foto_-www.centuraverde.ro-.jpg\" \/>\n\t<meta property=\"og:image:width\" content=\"2000\" \/>\n\t<meta property=\"og:image:height\" content=\"1129\" \/>\n\t<meta property=\"og:image:type\" content=\"image\/jpeg\" \/>\n<meta name=\"author\" content=\"Andreea Tudor\" \/>\n<meta name=\"twitter:card\" content=\"summary_large_image\" \/>\n<meta name=\"twitter:label1\" content=\"Written by\" \/>\n\t<meta name=\"twitter:data1\" content=\"Andreea Tudor\" \/>\n\t<meta name=\"twitter:label2\" content=\"Estimated reading time\" \/>\n\t<meta name=\"twitter:data2\" content=\"4 minutes\" \/>\n<script type=\"application\/ld+json\" class=\"yoast-schema-graph\">{\"@context\":\"https:\\\/\\\/schema.org\",\"@graph\":[{\"@type\":\"Article\",\"@id\":\"https:\\\/\\\/buletin.de\\\/bucuresti\\\/centura-verde-ar-trebui-sa-fie-gata-in-vara-a-trecut-de-comisii-in-senat-ca-amendamente-la-codul-silvic-ce-presupune-proiectul\\\/#article\",\"isPartOf\":{\"@id\":\"https:\\\/\\\/buletin.de\\\/bucuresti\\\/centura-verde-ar-trebui-sa-fie-gata-in-vara-a-trecut-de-comisii-in-senat-ca-amendamente-la-codul-silvic-ce-presupune-proiectul\\\/\"},\"author\":{\"name\":\"Andreea Tudor\",\"@id\":\"https:\\\/\\\/buletin.de\\\/bucuresti\\\/#\\\/schema\\\/person\\\/150590659efde715459d159da012f501\"},\"headline\":\"\u00cenc\u0103 un pas pentru Centura Verde. A trecut de comisii \u00een Senat, ca amendamente la Codul Silvic. Ce presupune proiectul\",\"datePublished\":\"2024-04-24T09:47:43+00:00\",\"dateModified\":\"2024-04-25T04:43:22+00:00\",\"mainEntityOfPage\":{\"@id\":\"https:\\\/\\\/buletin.de\\\/bucuresti\\\/centura-verde-ar-trebui-sa-fie-gata-in-vara-a-trecut-de-comisii-in-senat-ca-amendamente-la-codul-silvic-ce-presupune-proiectul\\\/\"},\"wordCount\":789,\"publisher\":{\"@id\":\"https:\\\/\\\/buletin.de\\\/bucuresti\\\/#organization\"},\"image\":{\"@id\":\"https:\\\/\\\/buletin.de\\\/bucuresti\\\/centura-verde-ar-trebui-sa-fie-gata-in-vara-a-trecut-de-comisii-in-senat-ca-amendamente-la-codul-silvic-ce-presupune-proiectul\\\/#primaryimage\"},\"thumbnailUrl\":\"https:\\\/\\\/buletin.de\\\/bucuresti\\\/wp-content\\\/uploads\\\/26.-Padure-taiata-in-Centura-Verde_foto_-www.centuraverde.ro-.jpg\",\"keywords\":[\"amendamente la noul cod silvic\",\"cand va fi adoptat noul cod silvic\",\"Centura Verde\",\"defrisari ilegale ilfov\",\"Platforma Civica Impreuna pentru Centura Verde\",\"proiect de lege Centura Verde\",\"protejarea padurilor\"],\"articleSection\":[\"Articole\",\"Main\",\"Mediu\"],\"inLanguage\":\"en-GB\",\"copyrightYear\":\"2024\",\"copyrightHolder\":{\"@id\":\"https:\\\/\\\/buletin.de\\\/bucuresti\\\/#organization\"}},{\"@type\":\"WebPage\",\"@id\":\"https:\\\/\\\/buletin.de\\\/bucuresti\\\/centura-verde-ar-trebui-sa-fie-gata-in-vara-a-trecut-de-comisii-in-senat-ca-amendamente-la-codul-silvic-ce-presupune-proiectul\\\/\",\"url\":\"https:\\\/\\\/buletin.de\\\/bucuresti\\\/centura-verde-ar-trebui-sa-fie-gata-in-vara-a-trecut-de-comisii-in-senat-ca-amendamente-la-codul-silvic-ce-presupune-proiectul\\\/\",\"name\":\"\u00cenc\u0103 un pas pentru Centura Verde. A trecut de comisii \u00een Senat, ca amendamente la Codul Silvic. Ce presupune proiectul - Buletin de Bucure\u0219ti\",\"isPartOf\":{\"@id\":\"https:\\\/\\\/buletin.de\\\/bucuresti\\\/#website\"},\"primaryImageOfPage\":{\"@id\":\"https:\\\/\\\/buletin.de\\\/bucuresti\\\/centura-verde-ar-trebui-sa-fie-gata-in-vara-a-trecut-de-comisii-in-senat-ca-amendamente-la-codul-silvic-ce-presupune-proiectul\\\/#primaryimage\"},\"image\":{\"@id\":\"https:\\\/\\\/buletin.de\\\/bucuresti\\\/centura-verde-ar-trebui-sa-fie-gata-in-vara-a-trecut-de-comisii-in-senat-ca-amendamente-la-codul-silvic-ce-presupune-proiectul\\\/#primaryimage\"},\"thumbnailUrl\":\"https:\\\/\\\/buletin.de\\\/bucuresti\\\/wp-content\\\/uploads\\\/26.-Padure-taiata-in-Centura-Verde_foto_-www.centuraverde.ro-.jpg\",\"datePublished\":\"2024-04-24T09:47:43+00:00\",\"dateModified\":\"2024-04-25T04:43:22+00:00\",\"breadcrumb\":{\"@id\":\"https:\\\/\\\/buletin.de\\\/bucuresti\\\/centura-verde-ar-trebui-sa-fie-gata-in-vara-a-trecut-de-comisii-in-senat-ca-amendamente-la-codul-silvic-ce-presupune-proiectul\\\/#breadcrumb\"},\"inLanguage\":\"en-GB\",\"potentialAction\":[{\"@type\":\"ReadAction\",\"target\":[\"https:\\\/\\\/buletin.de\\\/bucuresti\\\/centura-verde-ar-trebui-sa-fie-gata-in-vara-a-trecut-de-comisii-in-senat-ca-amendamente-la-codul-silvic-ce-presupune-proiectul\\\/\"]}]},{\"@type\":\"ImageObject\",\"inLanguage\":\"en-GB\",\"@id\":\"https:\\\/\\\/buletin.de\\\/bucuresti\\\/centura-verde-ar-trebui-sa-fie-gata-in-vara-a-trecut-de-comisii-in-senat-ca-amendamente-la-codul-silvic-ce-presupune-proiectul\\\/#primaryimage\",\"url\":\"https:\\\/\\\/buletin.de\\\/bucuresti\\\/wp-content\\\/uploads\\\/26.-Padure-taiata-in-Centura-Verde_foto_-www.centuraverde.ro-.jpg\",\"contentUrl\":\"https:\\\/\\\/buletin.de\\\/bucuresti\\\/wp-content\\\/uploads\\\/26.-Padure-taiata-in-Centura-Verde_foto_-www.centuraverde.ro-.jpg\",\"width\":2000,\"height\":1129,\"caption\":\"FOTO: www.centuraverde.ro\"},{\"@type\":\"BreadcrumbList\",\"@id\":\"https:\\\/\\\/buletin.de\\\/bucuresti\\\/centura-verde-ar-trebui-sa-fie-gata-in-vara-a-trecut-de-comisii-in-senat-ca-amendamente-la-codul-silvic-ce-presupune-proiectul\\\/#breadcrumb\",\"itemListElement\":[{\"@type\":\"ListItem\",\"position\":1,\"name\":\"Acas\u0103\",\"item\":\"https:\\\/\\\/buletin.de\\\/bucuresti\\\/\"},{\"@type\":\"ListItem\",\"position\":2,\"name\":\"\u00cenc\u0103 un pas pentru Centura Verde. A trecut de comisii \u00een Senat, ca amendamente la Codul Silvic. Ce presupune proiectul\"}]},{\"@type\":\"WebSite\",\"@id\":\"https:\\\/\\\/buletin.de\\\/bucuresti\\\/#website\",\"url\":\"https:\\\/\\\/buletin.de\\\/bucuresti\\\/\",\"name\":\"Buletin de Bucure\u0219ti\",\"description\":\"\u0218tiri \u0219i investiga\u021bii esen\u021biale din capital\u0103\",\"publisher\":{\"@id\":\"https:\\\/\\\/buletin.de\\\/bucuresti\\\/#organization\"},\"potentialAction\":[{\"@type\":\"SearchAction\",\"target\":{\"@type\":\"EntryPoint\",\"urlTemplate\":\"https:\\\/\\\/buletin.de\\\/bucuresti\\\/?s={search_term_string}\"},\"query-input\":{\"@type\":\"PropertyValueSpecification\",\"valueRequired\":true,\"valueName\":\"search_term_string\"}}],\"inLanguage\":\"en-GB\"},{\"@type\":\"Organization\",\"@id\":\"https:\\\/\\\/buletin.de\\\/bucuresti\\\/#organization\",\"name\":\"Buletin de Bucure\u0219ti\",\"url\":\"https:\\\/\\\/buletin.de\\\/bucuresti\\\/\",\"logo\":{\"@type\":\"ImageObject\",\"inLanguage\":\"en-GB\",\"@id\":\"https:\\\/\\\/buletin.de\\\/bucuresti\\\/#\\\/schema\\\/logo\\\/image\\\/\",\"url\":\"https:\\\/\\\/buletin.de\\\/bucuresti\\\/wp-content\\\/uploads\\\/logo-bdb-full-wide-vernil-transparent.png\",\"contentUrl\":\"https:\\\/\\\/buletin.de\\\/bucuresti\\\/wp-content\\\/uploads\\\/logo-bdb-full-wide-vernil-transparent.png\",\"width\":1782,\"height\":626,\"caption\":\"Buletin de Bucure\u0219ti\"},\"image\":{\"@id\":\"https:\\\/\\\/buletin.de\\\/bucuresti\\\/#\\\/schema\\\/logo\\\/image\\\/\"},\"sameAs\":[\"https:\\\/\\\/www.facebook.com\\\/buletin.de.buc\",\"https:\\\/\\\/www.instagram.com\\\/buletinde.bucuresti\\\/\"]},{\"@type\":\"Person\",\"@id\":\"https:\\\/\\\/buletin.de\\\/bucuresti\\\/#\\\/schema\\\/person\\\/150590659efde715459d159da012f501\",\"name\":\"Andreea Tudor\",\"image\":{\"@type\":\"ImageObject\",\"inLanguage\":\"en-GB\",\"@id\":\"https:\\\/\\\/secure.gravatar.com\\\/avatar\\\/a88705a186ab0b67f3349bcbced506c09e37256fbaad0e7f3bd1a79b4599f589?s=96&d=monsterid&r=g79290610aa1a65c2b86eebc2ca5aee8f\",\"url\":\"https:\\\/\\\/secure.gravatar.com\\\/avatar\\\/a88705a186ab0b67f3349bcbced506c09e37256fbaad0e7f3bd1a79b4599f589?s=96&d=monsterid&r=g\",\"contentUrl\":\"https:\\\/\\\/secure.gravatar.com\\\/avatar\\\/a88705a186ab0b67f3349bcbced506c09e37256fbaad0e7f3bd1a79b4599f589?s=96&d=monsterid&r=g\",\"caption\":\"Andreea Tudor\"},\"description\":\"N\u0103scut\u0103 \u0219i crescut\u0103 \u00een Bucure\u0219ti, sus\u021bin\u0103toare a presei independente. A\u0219a am ajuns redactor la Buletin de Bucure\u0219ti. Fiind eu, \u00eens\u0103mi, parte a sistemului de \u00eenv\u0103\u021b\u0103m\u00e2nt rom\u00e2nesc \u0219i pasionat\u0103 de domeniul social, pun sub lup\u0103 tot ceea ce se \u00eent\u00e2mpl\u0103 \u00een sfera educa\u021biei. Cred cu t\u0103rie c\u0103 presa \u201epentru cet\u0103\u021beni\u201d este presa independent\u0103. Oamenii au nevoie de o informare corect\u0103 pentru a \u00een\u021belege pe deplin ce se \u00eent\u00e2mpl\u0103 \u00een jurul lor \u0219i pentru a lua ac\u021biune \u00eempotriva nedrept\u0103\u021bilor.\",\"url\":\"https:\\\/\\\/buletin.de\\\/bucuresti\\\/author\\\/andreeatudor\\\/\"}]}<\/script>\n<!-- \/ Yoast SEO Premium plugin. -->","yoast_head_json":{"title":"\u00cenc\u0103 un pas pentru Centura Verde. A trecut de comisii \u00een Senat, ca amendamente la Codul Silvic. Ce presupune proiectul - Buletin de Bucure\u0219ti","robots":{"index":"index","follow":"follow","max-snippet":"max-snippet:-1","max-image-preview":"max-image-preview:large","max-video-preview":"max-video-preview:-1"},"canonical":"https:\/\/buletin.de\/bucuresti\/centura-verde-ar-trebui-sa-fie-gata-in-vara-a-trecut-de-comisii-in-senat-ca-amendamente-la-codul-silvic-ce-presupune-proiectul\/","og_locale":"en_GB","og_type":"article","og_title":"\u00cenc\u0103 un pas pentru Centura Verde. A trecut de comisii \u00een Senat, ca amendamente la Codul Silvic. Ce presupune proiectul","og_description":"Centura Verde, proiectul care presupune conservarea p\u0103durilor care \u00eenconjoar\u0103 Capitala, ar trebui s\u0103 treac\u0103 de Parlament p\u00e2n\u0103 la finalul lunii iunie. Asta pentru c\u0103 prevederile au fost \u00eenglobate \u00een noul Cod Silvic ca amendamente, iar Codul Silvic este jalon \u00een PNRR \u0219i trebuie s\u0103 fie votat p\u00e2n\u0103 la finalul actualei sesiuni parlamentare. Noul Cod Silvic [&hellip;]","og_url":"https:\/\/buletin.de\/bucuresti\/centura-verde-ar-trebui-sa-fie-gata-in-vara-a-trecut-de-comisii-in-senat-ca-amendamente-la-codul-silvic-ce-presupune-proiectul\/","og_site_name":"Buletin de Bucure\u0219ti","article_publisher":"https:\/\/www.facebook.com\/buletin.de.buc","article_published_time":"2024-04-24T09:47:43+00:00","article_modified_time":"2024-04-25T04:43:22+00:00","og_image":[{"width":2000,"height":1129,"url":"https:\/\/buletin.de\/bucuresti\/wp-content\/uploads\/26.-Padure-taiata-in-Centura-Verde_foto_-www.centuraverde.ro-.jpg","type":"image\/jpeg"}],"author":"Andreea Tudor","twitter_card":"summary_large_image","twitter_misc":{"Written by":"Andreea Tudor","Estimated reading time":"4 minutes"},"schema":{"@context":"https:\/\/schema.org","@graph":[{"@type":"Article","@id":"https:\/\/buletin.de\/bucuresti\/centura-verde-ar-trebui-sa-fie-gata-in-vara-a-trecut-de-comisii-in-senat-ca-amendamente-la-codul-silvic-ce-presupune-proiectul\/#article","isPartOf":{"@id":"https:\/\/buletin.de\/bucuresti\/centura-verde-ar-trebui-sa-fie-gata-in-vara-a-trecut-de-comisii-in-senat-ca-amendamente-la-codul-silvic-ce-presupune-proiectul\/"},"author":{"name":"Andreea Tudor","@id":"https:\/\/buletin.de\/bucuresti\/#\/schema\/person\/150590659efde715459d159da012f501"},"headline":"\u00cenc\u0103 un pas pentru Centura Verde. A trecut de comisii \u00een Senat, ca amendamente la Codul Silvic. Ce presupune proiectul","datePublished":"2024-04-24T09:47:43+00:00","dateModified":"2024-04-25T04:43:22+00:00","mainEntityOfPage":{"@id":"https:\/\/buletin.de\/bucuresti\/centura-verde-ar-trebui-sa-fie-gata-in-vara-a-trecut-de-comisii-in-senat-ca-amendamente-la-codul-silvic-ce-presupune-proiectul\/"},"wordCount":789,"publisher":{"@id":"https:\/\/buletin.de\/bucuresti\/#organization"},"image":{"@id":"https:\/\/buletin.de\/bucuresti\/centura-verde-ar-trebui-sa-fie-gata-in-vara-a-trecut-de-comisii-in-senat-ca-amendamente-la-codul-silvic-ce-presupune-proiectul\/#primaryimage"},"thumbnailUrl":"https:\/\/buletin.de\/bucuresti\/wp-content\/uploads\/26.-Padure-taiata-in-Centura-Verde_foto_-www.centuraverde.ro-.jpg","keywords":["amendamente la noul cod silvic","cand va fi adoptat noul cod silvic","Centura Verde","defrisari ilegale ilfov","Platforma Civica Impreuna pentru Centura Verde","proiect de lege Centura Verde","protejarea padurilor"],"articleSection":["Articole","Main","Mediu"],"inLanguage":"en-GB","copyrightYear":"2024","copyrightHolder":{"@id":"https:\/\/buletin.de\/bucuresti\/#organization"}},{"@type":"WebPage","@id":"https:\/\/buletin.de\/bucuresti\/centura-verde-ar-trebui-sa-fie-gata-in-vara-a-trecut-de-comisii-in-senat-ca-amendamente-la-codul-silvic-ce-presupune-proiectul\/","url":"https:\/\/buletin.de\/bucuresti\/centura-verde-ar-trebui-sa-fie-gata-in-vara-a-trecut-de-comisii-in-senat-ca-amendamente-la-codul-silvic-ce-presupune-proiectul\/","name":"\u00cenc\u0103 un pas pentru Centura Verde. A trecut de comisii \u00een Senat, ca amendamente la Codul Silvic. Ce presupune proiectul - Buletin de Bucure\u0219ti","isPartOf":{"@id":"https:\/\/buletin.de\/bucuresti\/#website"},"primaryImageOfPage":{"@id":"https:\/\/buletin.de\/bucuresti\/centura-verde-ar-trebui-sa-fie-gata-in-vara-a-trecut-de-comisii-in-senat-ca-amendamente-la-codul-silvic-ce-presupune-proiectul\/#primaryimage"},"image":{"@id":"https:\/\/buletin.de\/bucuresti\/centura-verde-ar-trebui-sa-fie-gata-in-vara-a-trecut-de-comisii-in-senat-ca-amendamente-la-codul-silvic-ce-presupune-proiectul\/#primaryimage"},"thumbnailUrl":"https:\/\/buletin.de\/bucuresti\/wp-content\/uploads\/26.-Padure-taiata-in-Centura-Verde_foto_-www.centuraverde.ro-.jpg","datePublished":"2024-04-24T09:47:43+00:00","dateModified":"2024-04-25T04:43:22+00:00","breadcrumb":{"@id":"https:\/\/buletin.de\/bucuresti\/centura-verde-ar-trebui-sa-fie-gata-in-vara-a-trecut-de-comisii-in-senat-ca-amendamente-la-codul-silvic-ce-presupune-proiectul\/#breadcrumb"},"inLanguage":"en-GB","potentialAction":[{"@type":"ReadAction","target":["https:\/\/buletin.de\/bucuresti\/centura-verde-ar-trebui-sa-fie-gata-in-vara-a-trecut-de-comisii-in-senat-ca-amendamente-la-codul-silvic-ce-presupune-proiectul\/"]}]},{"@type":"ImageObject","inLanguage":"en-GB","@id":"https:\/\/buletin.de\/bucuresti\/centura-verde-ar-trebui-sa-fie-gata-in-vara-a-trecut-de-comisii-in-senat-ca-amendamente-la-codul-silvic-ce-presupune-proiectul\/#primaryimage","url":"https:\/\/buletin.de\/bucuresti\/wp-content\/uploads\/26.-Padure-taiata-in-Centura-Verde_foto_-www.centuraverde.ro-.jpg","contentUrl":"https:\/\/buletin.de\/bucuresti\/wp-content\/uploads\/26.-Padure-taiata-in-Centura-Verde_foto_-www.centuraverde.ro-.jpg","width":2000,"height":1129,"caption":"FOTO: www.centuraverde.ro"},{"@type":"BreadcrumbList","@id":"https:\/\/buletin.de\/bucuresti\/centura-verde-ar-trebui-sa-fie-gata-in-vara-a-trecut-de-comisii-in-senat-ca-amendamente-la-codul-silvic-ce-presupune-proiectul\/#breadcrumb","itemListElement":[{"@type":"ListItem","position":1,"name":"Acas\u0103","item":"https:\/\/buletin.de\/bucuresti\/"},{"@type":"ListItem","position":2,"name":"\u00cenc\u0103 un pas pentru Centura Verde. A trecut de comisii \u00een Senat, ca amendamente la Codul Silvic. Ce presupune proiectul"}]},{"@type":"WebSite","@id":"https:\/\/buletin.de\/bucuresti\/#website","url":"https:\/\/buletin.de\/bucuresti\/","name":"Buletin de Bucure\u0219ti","description":"\u0218tiri \u0219i investiga\u021bii esen\u021biale din capital\u0103","publisher":{"@id":"https:\/\/buletin.de\/bucuresti\/#organization"},"potentialAction":[{"@type":"SearchAction","target":{"@type":"EntryPoint","urlTemplate":"https:\/\/buletin.de\/bucuresti\/?s={search_term_string}"},"query-input":{"@type":"PropertyValueSpecification","valueRequired":true,"valueName":"search_term_string"}}],"inLanguage":"en-GB"},{"@type":"Organization","@id":"https:\/\/buletin.de\/bucuresti\/#organization","name":"Buletin de Bucure\u0219ti","url":"https:\/\/buletin.de\/bucuresti\/","logo":{"@type":"ImageObject","inLanguage":"en-GB","@id":"https:\/\/buletin.de\/bucuresti\/#\/schema\/logo\/image\/","url":"https:\/\/buletin.de\/bucuresti\/wp-content\/uploads\/logo-bdb-full-wide-vernil-transparent.png","contentUrl":"https:\/\/buletin.de\/bucuresti\/wp-content\/uploads\/logo-bdb-full-wide-vernil-transparent.png","width":1782,"height":626,"caption":"Buletin de Bucure\u0219ti"},"image":{"@id":"https:\/\/buletin.de\/bucuresti\/#\/schema\/logo\/image\/"},"sameAs":["https:\/\/www.facebook.com\/buletin.de.buc","https:\/\/www.instagram.com\/buletinde.bucuresti\/"]},{"@type":"Person","@id":"https:\/\/buletin.de\/bucuresti\/#\/schema\/person\/150590659efde715459d159da012f501","name":"Andreea Tudor","image":{"@type":"ImageObject","inLanguage":"en-GB","@id":"https:\/\/secure.gravatar.com\/avatar\/a88705a186ab0b67f3349bcbced506c09e37256fbaad0e7f3bd1a79b4599f589?s=96&d=monsterid&r=g79290610aa1a65c2b86eebc2ca5aee8f","url":"https:\/\/secure.gravatar.com\/avatar\/a88705a186ab0b67f3349bcbced506c09e37256fbaad0e7f3bd1a79b4599f589?s=96&d=monsterid&r=g","contentUrl":"https:\/\/secure.gravatar.com\/avatar\/a88705a186ab0b67f3349bcbced506c09e37256fbaad0e7f3bd1a79b4599f589?s=96&d=monsterid&r=g","caption":"Andreea Tudor"},"description":"N\u0103scut\u0103 \u0219i crescut\u0103 \u00een Bucure\u0219ti, sus\u021bin\u0103toare a presei independente. A\u0219a am ajuns redactor la Buletin de Bucure\u0219ti. Fiind eu, \u00eens\u0103mi, parte a sistemului de \u00eenv\u0103\u021b\u0103m\u00e2nt rom\u00e2nesc \u0219i pasionat\u0103 de domeniul social, pun sub lup\u0103 tot ceea ce se \u00eent\u00e2mpl\u0103 \u00een sfera educa\u021biei. Cred cu t\u0103rie c\u0103 presa \u201epentru cet\u0103\u021beni\u201d este presa independent\u0103. Oamenii au nevoie de o informare corect\u0103 pentru a \u00een\u021belege pe deplin ce se \u00eent\u00e2mpl\u0103 \u00een jurul lor \u0219i pentru a lua ac\u021biune \u00eempotriva nedrept\u0103\u021bilor.","url":"https:\/\/buletin.de\/bucuresti\/author\/andreeatudor\/"}]}},"authors":[{"term_id":22573,"user_id":55,"is_guest":0,"slug":"andreeatudor","display_name":"Andreea Tudor","avatar_url":"https:\/\/secure.gravatar.com\/avatar\/a88705a186ab0b67f3349bcbced506c09e37256fbaad0e7f3bd1a79b4599f589?s=96&d=monsterid&r=g","0":null,"1":"","2":"","3":"","4":"","5":"","6":"","7":"","8":""}],"_links":{"self":[{"href":"https:\/\/buletin.de\/bucuresti\/wp-json\/wp\/v2\/posts\/83910","targetHints":{"allow":["GET"]}}],"collection":[{"href":"https:\/\/buletin.de\/bucuresti\/wp-json\/wp\/v2\/posts"}],"about":[{"href":"https:\/\/buletin.de\/bucuresti\/wp-json\/wp\/v2\/types\/post"}],"author":[{"embeddable":true,"href":"https:\/\/buletin.de\/bucuresti\/wp-json\/wp\/v2\/users\/55"}],"replies":[{"embeddable":true,"href":"https:\/\/buletin.de\/bucuresti\/wp-json\/wp\/v2\/comments?post=83910"}],"version-history":[{"count":7,"href":"https:\/\/buletin.de\/bucuresti\/wp-json\/wp\/v2\/posts\/83910\/revisions"}],"predecessor-version":[{"id":83953,"href":"https:\/\/buletin.de\/bucuresti\/wp-json\/wp\/v2\/posts\/83910\/revisions\/83953"}],"wp:featuredmedia":[{"embeddable":true,"href":"https:\/\/buletin.de\/bucuresti\/wp-json\/wp\/v2\/media\/83911"}],"wp:attachment":[{"href":"https:\/\/buletin.de\/bucuresti\/wp-json\/wp\/v2\/media?parent=83910"}],"wp:term":[{"taxonomy":"category","embeddable":true,"href":"https:\/\/buletin.de\/bucuresti\/wp-json\/wp\/v2\/categories?post=83910"},{"taxonomy":"post_tag","embeddable":true,"href":"https:\/\/buletin.de\/bucuresti\/wp-json\/wp\/v2\/tags?post=83910"},{"taxonomy":"author","embeddable":true,"href":"https:\/\/buletin.de\/bucuresti\/wp-json\/wp\/v2\/ppma_author?post=83910"}],"curies":[{"name":"wp","href":"https:\/\/api.w.org\/{rel}","templated":true}]}}