{"id":83802,"date":"2024-04-23T12:21:50","date_gmt":"2024-04-23T09:21:50","guid":{"rendered":"https:\/\/buletin.de\/bucuresti\/?p=83802"},"modified":"2024-04-23T12:22:53","modified_gmt":"2024-04-23T09:22:53","slug":"video-incident-bizar-pe-dj602-care-leaga-ilfovul-de-giurgiu-un-proiectil-roata-a-lovit-o-curte-din-comuna-sabareni","status":"publish","type":"post","link":"https:\/\/buletin.de\/bucuresti\/video-incident-bizar-pe-dj602-care-leaga-ilfovul-de-giurgiu-un-proiectil-roata-a-lovit-o-curte-din-comuna-sabareni\/","title":{"rendered":"VIDEO | Incident bizar pe DJ602 care leag\u0103 Ilfovul de Giurgiu: Un \u201eproiectil-roat\u0103\u201d a lovit o curte din comuna S\u0103b\u0103reni"},"content":{"rendered":"\n<p><strong>O camer\u0103 de supraveghere montat\u0103 la strea\u015fina unei case a filmat un incident pe c\u00e2t de bizar, pe at\u00e2t de poten\u0163ial periculos: o roat\u0103 care a zburat peste gardul unei cur\u0163i \u015fi a distrus unul dintre ornamentele de pe gazon. Dac\u0103 acolo ar fi fost o persoan\u0103, ar fi fost r\u0103nit\u0103 grav. <\/strong><\/p>\n\n\n\n<p>Totul s-a \u00eent\u00e2mplat pe strada Castanilor, din S\u0103b\u0103reni, la doi pa\u015fi de grani\u0163a cu jude\u0163ul Ilfov. Camera de supraveghere menit\u0103 s\u0103 filmeze tot ce se \u00eent\u00e2mpl\u0103 \u00een curte a surprins momentul c\u00e2nd o roat\u0103 desprins\u0103 la vitez\u0103 foarte mare, de la un autovehicul aflat \u00een tranzit pe DJ602, \u0163\u00e2\u015fne\u015fte peste gard \u015fi distruge un ornament de gr\u0103din\u0103 care pare a fi un iepure f\u0103cut din ceramic\u0103.<\/p>\n\n\n<p><iframe src=\"https:\/\/www.facebook.com\/plugins\/video.php?height=315&#038;href=https%3A%2F%2Fwww.facebook.com%2Fmihailescuteodora1962%2Fvideos%2F449818724230159%2F%3Fidorvanity%3D2701323383435446&#038;show_text=false&#038;width=560&#038;t=0\" width=\"560\" height=\"515\" style=\"border:none;overflow:hidden\" scrolling=\"no\" frameborder=\"0\" allowfullscreen=\"true\" allow=\"autoplay; clipboard-write; encrypted-media; picture-in-picture; web-share\" allowFullScreen=\"true\"><\/iframe><\/p>\n\n\n\n<figure class=\"wp-block-gallery has-nested-images columns-default is-cropped wp-block-gallery-1 is-layout-flex wp-block-gallery-is-layout-flex\">\n<figure class=\"wp-block-image size-large\"><img fetchpriority=\"high\" decoding=\"async\" width=\"900\" height=\"678\" data-id=\"83804\" src=\"data:image\/gif;base64,R0lGODlhAQABAAAAACH5BAEKAAEALAAAAAABAAEAAAICTAEAOw==\" data-src=\"https:\/\/buletin.de\/bucuresti\/wp-content\/uploads\/iepure-distrus-curte-900x678.jpg\" alt=\"\" class=\"wp-image-83804 lazyload\" data-sizes=\"auto\" data-srcset=\"https:\/\/buletin.de\/bucuresti\/wp-content\/uploads\/iepure-distrus-curte-900x678.jpg 900w, https:\/\/buletin.de\/bucuresti\/wp-content\/uploads\/iepure-distrus-curte-300x226.jpg 300w, https:\/\/buletin.de\/bucuresti\/wp-content\/uploads\/iepure-distrus-curte-768x578.jpg 768w, https:\/\/buletin.de\/bucuresti\/wp-content\/uploads\/iepure-distrus-curte-1536x1157.jpg 1536w, https:\/\/buletin.de\/bucuresti\/wp-content\/uploads\/iepure-distrus-curte-1600x1205.jpg 1600w, https:\/\/buletin.de\/bucuresti\/wp-content\/uploads\/iepure-distrus-curte-1100x828.jpg 1100w, https:\/\/buletin.de\/bucuresti\/wp-content\/uploads\/iepure-distrus-curte-600x452.jpg 600w, https:\/\/buletin.de\/bucuresti\/wp-content\/uploads\/iepure-distrus-curte-20x15.jpg 20w, https:\/\/buletin.de\/bucuresti\/wp-content\/uploads\/iepure-distrus-curte.jpg 2048w\" sizes=\"(max-width: 900px) 100vw, 900px\" \/><figcaption class=\"wp-element-caption\">hdr<\/figcaption><\/figure>\n\n\n\n<figure class=\"wp-block-image size-large\"><img decoding=\"async\" width=\"678\" height=\"900\" data-id=\"83805\" src=\"data:image\/gif;base64,R0lGODlhAQABAAAAACH5BAEKAAEALAAAAAABAAEAAAICTAEAOw==\" data-src=\"https:\/\/buletin.de\/bucuresti\/wp-content\/uploads\/roata-curte-sabareni-678x900.jpg\" alt=\"\" class=\"wp-image-83805 lazyload\" data-sizes=\"auto\" data-srcset=\"https:\/\/buletin.de\/bucuresti\/wp-content\/uploads\/roata-curte-sabareni-678x900.jpg 678w, https:\/\/buletin.de\/bucuresti\/wp-content\/uploads\/roata-curte-sabareni-226x300.jpg 226w, https:\/\/buletin.de\/bucuresti\/wp-content\/uploads\/roata-curte-sabareni-768x1020.jpg 768w, https:\/\/buletin.de\/bucuresti\/wp-content\/uploads\/roata-curte-sabareni-1157x1536.jpg 1157w, https:\/\/buletin.de\/bucuresti\/wp-content\/uploads\/roata-curte-sabareni-1100x1461.jpg 1100w, https:\/\/buletin.de\/bucuresti\/wp-content\/uploads\/roata-curte-sabareni-600x797.jpg 600w, https:\/\/buletin.de\/bucuresti\/wp-content\/uploads\/roata-curte-sabareni-20x27.jpg 20w, https:\/\/buletin.de\/bucuresti\/wp-content\/uploads\/roata-curte-sabareni.jpg 1542w\" sizes=\"(max-width: 678px) 100vw, 678px\" \/><\/figure>\n<figcaption class=\"blocks-gallery-caption wp-element-caption\">sursa foto: Mih\u0103ilescu Teodora, Pagina de S\u0103b\u0103reni &#8211; Facebook<\/figcaption><\/figure>\n\n\n\n<p>Incidentul care ar fi putut avea un deznod\u0103m\u00e2nt mult mai grav a reaprins dezbaterea despre pericolele rutiere care pot implica \u015fi riverani. Utilizatorii au vorbit despre TIR-urile care circul\u0103 cu vitez\u0103 foarte mare pe drumul jude\u0163ean care le tranziteaz\u0103 comuna \u015fi despre ma\u015finile care trec RAR-ul, \u00eens\u0103 f\u0103r\u0103 s\u0103 fie viabile pentru condus.<\/p>\n\n\n\n<blockquote class=\"wp-block-quote is-layout-flow wp-block-quote-is-layout-flow\">\n<p class=\"has-medium-font-size\">\u00cemi pare r\u0103u pentru distrugerea suferit\u0103 dar m\u0103 bucur c\u0103 nu era nimeni \u00een curte pe traiectoria ro\u021bii&#8230;<\/p>\n\n\n\n<p class=\"has-medium-font-size\">Totu\u0219i, nu cred c\u0103 viteza a fost de vin\u0103.<\/p>\n\n\n\n<p class=\"has-medium-font-size\">De&nbsp;<a><\/a>vin\u0103 sunt ITP-urile care dau &#8220;und\u0103 verde&#8221; tuturor cazanelor care circul\u0103 pe drumurile publice. De vin\u0103 sunt \u0219p\u0103garii care \u00eenchid ochii \u0219i las\u0103 s\u0103 ias\u0103 din ITP toate rablele ce trebuiau duse demult la casat. De vin\u0103 este sistemul corupt.<\/p>\n\n\n\n<p class=\"has-medium-font-size\">Corup\u021bia ucide, da!<\/p>\n\n\n\n<p class=\"has-medium-font-size\">Remember Colectiv.<\/p>\n<cite>catalin scanteie, facebook<\/cite><\/blockquote>\n\n\n\n<blockquote class=\"wp-block-quote is-layout-flow wp-block-quote-is-layout-flow\">\n<p>Cauza r\u0103m\u00e2ne: viteza cu care se circul\u0103 \u00een localitate,tonajul(exista limita de 7,5to!) \u0219i asta zi \u0219i noapte fara c\u0103 autorit\u0103\u021bi jude\u021bene sau locale s\u0103 \u00eentreprind\u0103 m\u0103suri concrete de eliminare \/reducere a riscurilor.<\/p>\n<cite>mih\u0103ilescu teodora, facebook<\/cite><\/blockquote>\n\n\n\n<p>Utilizatorii, inclusiv cea care a publicat filmarea, au vorbit despre nevoia de schimbare politic\u0103 pentru a limita num\u0103rul acestor situa\u0163ii periculoase, precum \u015fi nevoia de implicare a Poli\u0163iei, care trateaz\u0103 superficial astfel de cazuri, de multe ori din lips\u0103 de personal. <\/p>\n\n\n\n<p>CITE\u0218TE \u0218I<\/p>\n\n\n\n<figure class=\"wp-block-embed is-type-wp-embed is-provider-buletin-de-bucure-ti wp-block-embed-buletin-de-bucure-ti\"><div class=\"wp-block-embed__wrapper\">\n<blockquote class=\"wp-embedded-content\" data-secret=\"OHGRGgjnIN\"><a href=\"https:\/\/buletin.de\/bucuresti\/video-un-barbat-care-isi-plimba-cainele-a-fost-accidentat-mortal-de-un-motociclist-cand-traversa-ilegal\/\">VIDEO | Un b\u0103rbat care \u00ee\u015fi plimba c\u00e2inele a fost accidentat mortal de un motociclist, c\u00e2nd traversa ilegal<\/a><\/blockquote><iframe class=\"wp-embedded-content\" sandbox=\"allow-scripts\" security=\"restricted\" style=\"position: absolute; clip: rect(1px, 1px, 1px, 1px);\" title=\"&#8220;VIDEO | Un b\u0103rbat care \u00ee\u015fi plimba c\u00e2inele a fost accidentat mortal de un motociclist, c\u00e2nd traversa ilegal&#8221; &#8212; Buletin de Bucure\u0219ti\" src=\"https:\/\/buletin.de\/bucuresti\/video-un-barbat-care-isi-plimba-cainele-a-fost-accidentat-mortal-de-un-motociclist-cand-traversa-ilegal\/embed\/#?secret=HRw0cXaeFA#?secret=OHGRGgjnIN\" data-secret=\"OHGRGgjnIN\" width=\"600\" height=\"338\" frameborder=\"0\" marginwidth=\"0\" marginheight=\"0\" scrolling=\"no\"><\/iframe>\n<\/div><\/figure>\n","protected":false},"excerpt":{"rendered":"<p>O camer\u0103 de supraveghere montat\u0103 la strea\u015fina unei case a filmat un incident pe c\u00e2t de bizar, pe at\u00e2t de poten\u0163ial periculos: o roat\u0103 care a zburat peste gardul unei cur\u0163i \u015fi a distrus unul dintre ornamentele de pe gazon. Dac\u0103 acolo ar fi fost o persoan\u0103, ar fi fost r\u0103nit\u0103 grav. Totul s-a \u00eent\u00e2mplat [&hellip;]<\/p>\n","protected":false},"author":8,"featured_media":83803,"comment_status":"closed","ping_status":"open","sticky":false,"template":"","format":"standard","meta":{"_acf_changed":false,"inline_featured_image":false,"ngg_post_thumbnail":0,"footnotes":""},"categories":[6994,1432,1,9026,62],"tags":[11408,11405,11406,11404,11407],"ppma_author":[22586],"class_list":["post-83802","post","type-post","status-publish","format-standard","has-post-thumbnail","hentry","category-stiri-2","category-buletin-de-ilfov","category-diverse","category-eveniment","category-stiri","tag-granita-giurgiu-ilfov","tag-ornament-spulberat-de-roata-desprinsa","tag-pericol-in-curte","tag-roata-peste-gard","tag-sabareni"],"acf":[],"yoast_head":"<!-- This site is optimized with the Yoast SEO Premium plugin v25.3 (Yoast SEO v27.4) - https:\/\/yoast.com\/product\/yoast-seo-premium-wordpress\/ -->\n<title>VIDEO | Incident bizar pe DJ602 care leag\u0103 Ilfovul de Giurgiu: Un \u201eproiectil-roat\u0103\u201d a lovit o curte din comuna S\u0103b\u0103reni - Buletin de Bucure\u0219ti<\/title>\n<meta name=\"robots\" content=\"index, follow, max-snippet:-1, max-image-preview:large, max-video-preview:-1\" \/>\n<link rel=\"canonical\" href=\"https:\/\/buletin.de\/bucuresti\/video-incident-bizar-pe-dj602-care-leaga-ilfovul-de-giurgiu-un-proiectil-roata-a-lovit-o-curte-din-comuna-sabareni\/\" \/>\n<meta property=\"og:locale\" content=\"en_GB\" \/>\n<meta property=\"og:type\" content=\"article\" \/>\n<meta property=\"og:title\" content=\"VIDEO | Incident bizar pe DJ602 care leag\u0103 Ilfovul de Giurgiu: Un \u201eproiectil-roat\u0103\u201d a lovit o curte din comuna S\u0103b\u0103reni\" \/>\n<meta property=\"og:description\" content=\"O camer\u0103 de supraveghere montat\u0103 la strea\u015fina unei case a filmat un incident pe c\u00e2t de bizar, pe at\u00e2t de poten\u0163ial periculos: o roat\u0103 care a zburat peste gardul unei cur\u0163i \u015fi a distrus unul dintre ornamentele de pe gazon. Dac\u0103 acolo ar fi fost o persoan\u0103, ar fi fost r\u0103nit\u0103 grav. Totul s-a \u00eent\u00e2mplat [&hellip;]\" \/>\n<meta property=\"og:url\" content=\"https:\/\/buletin.de\/bucuresti\/video-incident-bizar-pe-dj602-care-leaga-ilfovul-de-giurgiu-un-proiectil-roata-a-lovit-o-curte-din-comuna-sabareni\/\" \/>\n<meta property=\"og:site_name\" content=\"Buletin de Bucure\u0219ti\" \/>\n<meta property=\"article:publisher\" content=\"https:\/\/www.facebook.com\/buletin.de.buc\" \/>\n<meta property=\"article:published_time\" content=\"2024-04-23T09:21:50+00:00\" \/>\n<meta property=\"article:modified_time\" content=\"2024-04-23T09:22:53+00:00\" \/>\n<meta property=\"og:image\" content=\"https:\/\/buletin.de\/bucuresti\/wp-content\/uploads\/roata-curte-filmata.jpeg\" \/>\n\t<meta property=\"og:image:width\" content=\"1600\" \/>\n\t<meta property=\"og:image:height\" content=\"1015\" \/>\n\t<meta property=\"og:image:type\" content=\"image\/jpeg\" \/>\n<meta name=\"author\" content=\"Ionu\u021b Lepa\" \/>\n<meta name=\"twitter:card\" content=\"summary_large_image\" \/>\n<meta name=\"twitter:label1\" content=\"Written by\" \/>\n\t<meta name=\"twitter:data1\" content=\"Ionu\u021b Lepa\" \/>\n\t<meta name=\"twitter:label2\" content=\"Estimated reading time\" \/>\n\t<meta name=\"twitter:data2\" content=\"2 minutes\" \/>\n<script type=\"application\/ld+json\" class=\"yoast-schema-graph\">{\"@context\":\"https:\\\/\\\/schema.org\",\"@graph\":[{\"@type\":\"Article\",\"@id\":\"https:\\\/\\\/buletin.de\\\/bucuresti\\\/video-incident-bizar-pe-dj602-care-leaga-ilfovul-de-giurgiu-un-proiectil-roata-a-lovit-o-curte-din-comuna-sabareni\\\/#article\",\"isPartOf\":{\"@id\":\"https:\\\/\\\/buletin.de\\\/bucuresti\\\/video-incident-bizar-pe-dj602-care-leaga-ilfovul-de-giurgiu-un-proiectil-roata-a-lovit-o-curte-din-comuna-sabareni\\\/\"},\"author\":{\"name\":\"Ionu\u021b Lepa\",\"@id\":\"https:\\\/\\\/buletin.de\\\/bucuresti\\\/#\\\/schema\\\/person\\\/5272b8a057b33890940b57b837fc4ce6\"},\"headline\":\"VIDEO | Incident bizar pe DJ602 care leag\u0103 Ilfovul de Giurgiu: Un \u201eproiectil-roat\u0103\u201d a lovit o curte din comuna S\u0103b\u0103reni\",\"datePublished\":\"2024-04-23T09:21:50+00:00\",\"dateModified\":\"2024-04-23T09:22:53+00:00\",\"mainEntityOfPage\":{\"@id\":\"https:\\\/\\\/buletin.de\\\/bucuresti\\\/video-incident-bizar-pe-dj602-care-leaga-ilfovul-de-giurgiu-un-proiectil-roata-a-lovit-o-curte-din-comuna-sabareni\\\/\"},\"wordCount\":404,\"publisher\":{\"@id\":\"https:\\\/\\\/buletin.de\\\/bucuresti\\\/#organization\"},\"image\":{\"@id\":\"https:\\\/\\\/buletin.de\\\/bucuresti\\\/video-incident-bizar-pe-dj602-care-leaga-ilfovul-de-giurgiu-un-proiectil-roata-a-lovit-o-curte-din-comuna-sabareni\\\/#primaryimage\"},\"thumbnailUrl\":\"https:\\\/\\\/buletin.de\\\/bucuresti\\\/wp-content\\\/uploads\\\/roata-curte-filmata.jpeg\",\"keywords\":[\"granita giurgiu-ilfov\",\"ornament spulberat de roata desprinsa\",\"pericol in curte\",\"roata peste gard\",\"sabareni\"],\"articleSection\":[\"Articole\",\"Buletin de Ilfov\",\"Diverse\",\"Eveniment\",\"\u0218tiri\"],\"inLanguage\":\"en-GB\",\"copyrightYear\":\"2024\",\"copyrightHolder\":{\"@id\":\"https:\\\/\\\/buletin.de\\\/bucuresti\\\/#organization\"}},{\"@type\":\"WebPage\",\"@id\":\"https:\\\/\\\/buletin.de\\\/bucuresti\\\/video-incident-bizar-pe-dj602-care-leaga-ilfovul-de-giurgiu-un-proiectil-roata-a-lovit-o-curte-din-comuna-sabareni\\\/\",\"url\":\"https:\\\/\\\/buletin.de\\\/bucuresti\\\/video-incident-bizar-pe-dj602-care-leaga-ilfovul-de-giurgiu-un-proiectil-roata-a-lovit-o-curte-din-comuna-sabareni\\\/\",\"name\":\"VIDEO | Incident bizar pe DJ602 care leag\u0103 Ilfovul de Giurgiu: Un \u201eproiectil-roat\u0103\u201d a lovit o curte din comuna S\u0103b\u0103reni - Buletin de Bucure\u0219ti\",\"isPartOf\":{\"@id\":\"https:\\\/\\\/buletin.de\\\/bucuresti\\\/#website\"},\"primaryImageOfPage\":{\"@id\":\"https:\\\/\\\/buletin.de\\\/bucuresti\\\/video-incident-bizar-pe-dj602-care-leaga-ilfovul-de-giurgiu-un-proiectil-roata-a-lovit-o-curte-din-comuna-sabareni\\\/#primaryimage\"},\"image\":{\"@id\":\"https:\\\/\\\/buletin.de\\\/bucuresti\\\/video-incident-bizar-pe-dj602-care-leaga-ilfovul-de-giurgiu-un-proiectil-roata-a-lovit-o-curte-din-comuna-sabareni\\\/#primaryimage\"},\"thumbnailUrl\":\"https:\\\/\\\/buletin.de\\\/bucuresti\\\/wp-content\\\/uploads\\\/roata-curte-filmata.jpeg\",\"datePublished\":\"2024-04-23T09:21:50+00:00\",\"dateModified\":\"2024-04-23T09:22:53+00:00\",\"breadcrumb\":{\"@id\":\"https:\\\/\\\/buletin.de\\\/bucuresti\\\/video-incident-bizar-pe-dj602-care-leaga-ilfovul-de-giurgiu-un-proiectil-roata-a-lovit-o-curte-din-comuna-sabareni\\\/#breadcrumb\"},\"inLanguage\":\"en-GB\",\"potentialAction\":[{\"@type\":\"ReadAction\",\"target\":[\"https:\\\/\\\/buletin.de\\\/bucuresti\\\/video-incident-bizar-pe-dj602-care-leaga-ilfovul-de-giurgiu-un-proiectil-roata-a-lovit-o-curte-din-comuna-sabareni\\\/\"]}]},{\"@type\":\"ImageObject\",\"inLanguage\":\"en-GB\",\"@id\":\"https:\\\/\\\/buletin.de\\\/bucuresti\\\/video-incident-bizar-pe-dj602-care-leaga-ilfovul-de-giurgiu-un-proiectil-roata-a-lovit-o-curte-din-comuna-sabareni\\\/#primaryimage\",\"url\":\"https:\\\/\\\/buletin.de\\\/bucuresti\\\/wp-content\\\/uploads\\\/roata-curte-filmata.jpeg\",\"contentUrl\":\"https:\\\/\\\/buletin.de\\\/bucuresti\\\/wp-content\\\/uploads\\\/roata-curte-filmata.jpeg\",\"width\":1600,\"height\":1015,\"caption\":\"FOTO: colaj imagini camer\u0103 de supraveghere\"},{\"@type\":\"BreadcrumbList\",\"@id\":\"https:\\\/\\\/buletin.de\\\/bucuresti\\\/video-incident-bizar-pe-dj602-care-leaga-ilfovul-de-giurgiu-un-proiectil-roata-a-lovit-o-curte-din-comuna-sabareni\\\/#breadcrumb\",\"itemListElement\":[{\"@type\":\"ListItem\",\"position\":1,\"name\":\"Acas\u0103\",\"item\":\"https:\\\/\\\/buletin.de\\\/bucuresti\\\/\"},{\"@type\":\"ListItem\",\"position\":2,\"name\":\"VIDEO | Incident bizar pe DJ602 care leag\u0103 Ilfovul de Giurgiu: Un \u201eproiectil-roat\u0103\u201d a lovit o curte din comuna S\u0103b\u0103reni\"}]},{\"@type\":\"WebSite\",\"@id\":\"https:\\\/\\\/buletin.de\\\/bucuresti\\\/#website\",\"url\":\"https:\\\/\\\/buletin.de\\\/bucuresti\\\/\",\"name\":\"Buletin de Bucure\u0219ti\",\"description\":\"\u0218tiri \u0219i investiga\u021bii esen\u021biale din capital\u0103\",\"publisher\":{\"@id\":\"https:\\\/\\\/buletin.de\\\/bucuresti\\\/#organization\"},\"potentialAction\":[{\"@type\":\"SearchAction\",\"target\":{\"@type\":\"EntryPoint\",\"urlTemplate\":\"https:\\\/\\\/buletin.de\\\/bucuresti\\\/?s={search_term_string}\"},\"query-input\":{\"@type\":\"PropertyValueSpecification\",\"valueRequired\":true,\"valueName\":\"search_term_string\"}}],\"inLanguage\":\"en-GB\"},{\"@type\":\"Organization\",\"@id\":\"https:\\\/\\\/buletin.de\\\/bucuresti\\\/#organization\",\"name\":\"Buletin de Bucure\u0219ti\",\"url\":\"https:\\\/\\\/buletin.de\\\/bucuresti\\\/\",\"logo\":{\"@type\":\"ImageObject\",\"inLanguage\":\"en-GB\",\"@id\":\"https:\\\/\\\/buletin.de\\\/bucuresti\\\/#\\\/schema\\\/logo\\\/image\\\/\",\"url\":\"https:\\\/\\\/buletin.de\\\/bucuresti\\\/wp-content\\\/uploads\\\/logo-bdb-full-wide-vernil-transparent.png\",\"contentUrl\":\"https:\\\/\\\/buletin.de\\\/bucuresti\\\/wp-content\\\/uploads\\\/logo-bdb-full-wide-vernil-transparent.png\",\"width\":1782,\"height\":626,\"caption\":\"Buletin de Bucure\u0219ti\"},\"image\":{\"@id\":\"https:\\\/\\\/buletin.de\\\/bucuresti\\\/#\\\/schema\\\/logo\\\/image\\\/\"},\"sameAs\":[\"https:\\\/\\\/www.facebook.com\\\/buletin.de.buc\",\"https:\\\/\\\/www.instagram.com\\\/buletinde.bucuresti\\\/\"]},{\"@type\":\"Person\",\"@id\":\"https:\\\/\\\/buletin.de\\\/bucuresti\\\/#\\\/schema\\\/person\\\/5272b8a057b33890940b57b837fc4ce6\",\"name\":\"Ionu\u021b Lepa\",\"image\":{\"@type\":\"ImageObject\",\"inLanguage\":\"en-GB\",\"@id\":\"https:\\\/\\\/buletin.de\\\/bucuresti\\\/wp-content\\\/uploads\\\/Ionut-Lepa-96x96.jpg5c4e4d9e049808799a8821652d2410a4\",\"url\":\"https:\\\/\\\/buletin.de\\\/bucuresti\\\/wp-content\\\/uploads\\\/Ionut-Lepa-96x96.jpg\",\"contentUrl\":\"https:\\\/\\\/buletin.de\\\/bucuresti\\\/wp-content\\\/uploads\\\/Ionut-Lepa-96x96.jpg\",\"caption\":\"Ionu\u021b Lepa\"},\"url\":\"https:\\\/\\\/buletin.de\\\/bucuresti\\\/author\\\/ionutlepa\\\/\"}]}<\/script>\n<!-- \/ Yoast SEO Premium plugin. -->","yoast_head_json":{"title":"VIDEO | Incident bizar pe DJ602 care leag\u0103 Ilfovul de Giurgiu: Un \u201eproiectil-roat\u0103\u201d a lovit o curte din comuna S\u0103b\u0103reni - Buletin de Bucure\u0219ti","robots":{"index":"index","follow":"follow","max-snippet":"max-snippet:-1","max-image-preview":"max-image-preview:large","max-video-preview":"max-video-preview:-1"},"canonical":"https:\/\/buletin.de\/bucuresti\/video-incident-bizar-pe-dj602-care-leaga-ilfovul-de-giurgiu-un-proiectil-roata-a-lovit-o-curte-din-comuna-sabareni\/","og_locale":"en_GB","og_type":"article","og_title":"VIDEO | Incident bizar pe DJ602 care leag\u0103 Ilfovul de Giurgiu: Un \u201eproiectil-roat\u0103\u201d a lovit o curte din comuna S\u0103b\u0103reni","og_description":"O camer\u0103 de supraveghere montat\u0103 la strea\u015fina unei case a filmat un incident pe c\u00e2t de bizar, pe at\u00e2t de poten\u0163ial periculos: o roat\u0103 care a zburat peste gardul unei cur\u0163i \u015fi a distrus unul dintre ornamentele de pe gazon. Dac\u0103 acolo ar fi fost o persoan\u0103, ar fi fost r\u0103nit\u0103 grav. Totul s-a \u00eent\u00e2mplat [&hellip;]","og_url":"https:\/\/buletin.de\/bucuresti\/video-incident-bizar-pe-dj602-care-leaga-ilfovul-de-giurgiu-un-proiectil-roata-a-lovit-o-curte-din-comuna-sabareni\/","og_site_name":"Buletin de Bucure\u0219ti","article_publisher":"https:\/\/www.facebook.com\/buletin.de.buc","article_published_time":"2024-04-23T09:21:50+00:00","article_modified_time":"2024-04-23T09:22:53+00:00","og_image":[{"width":1600,"height":1015,"url":"https:\/\/buletin.de\/bucuresti\/wp-content\/uploads\/roata-curte-filmata.jpeg","type":"image\/jpeg"}],"author":"Ionu\u021b Lepa","twitter_card":"summary_large_image","twitter_misc":{"Written by":"Ionu\u021b Lepa","Estimated reading time":"2 minutes"},"schema":{"@context":"https:\/\/schema.org","@graph":[{"@type":"Article","@id":"https:\/\/buletin.de\/bucuresti\/video-incident-bizar-pe-dj602-care-leaga-ilfovul-de-giurgiu-un-proiectil-roata-a-lovit-o-curte-din-comuna-sabareni\/#article","isPartOf":{"@id":"https:\/\/buletin.de\/bucuresti\/video-incident-bizar-pe-dj602-care-leaga-ilfovul-de-giurgiu-un-proiectil-roata-a-lovit-o-curte-din-comuna-sabareni\/"},"author":{"name":"Ionu\u021b Lepa","@id":"https:\/\/buletin.de\/bucuresti\/#\/schema\/person\/5272b8a057b33890940b57b837fc4ce6"},"headline":"VIDEO | Incident bizar pe DJ602 care leag\u0103 Ilfovul de Giurgiu: Un \u201eproiectil-roat\u0103\u201d a lovit o curte din comuna S\u0103b\u0103reni","datePublished":"2024-04-23T09:21:50+00:00","dateModified":"2024-04-23T09:22:53+00:00","mainEntityOfPage":{"@id":"https:\/\/buletin.de\/bucuresti\/video-incident-bizar-pe-dj602-care-leaga-ilfovul-de-giurgiu-un-proiectil-roata-a-lovit-o-curte-din-comuna-sabareni\/"},"wordCount":404,"publisher":{"@id":"https:\/\/buletin.de\/bucuresti\/#organization"},"image":{"@id":"https:\/\/buletin.de\/bucuresti\/video-incident-bizar-pe-dj602-care-leaga-ilfovul-de-giurgiu-un-proiectil-roata-a-lovit-o-curte-din-comuna-sabareni\/#primaryimage"},"thumbnailUrl":"https:\/\/buletin.de\/bucuresti\/wp-content\/uploads\/roata-curte-filmata.jpeg","keywords":["granita giurgiu-ilfov","ornament spulberat de roata desprinsa","pericol in curte","roata peste gard","sabareni"],"articleSection":["Articole","Buletin de Ilfov","Diverse","Eveniment","\u0218tiri"],"inLanguage":"en-GB","copyrightYear":"2024","copyrightHolder":{"@id":"https:\/\/buletin.de\/bucuresti\/#organization"}},{"@type":"WebPage","@id":"https:\/\/buletin.de\/bucuresti\/video-incident-bizar-pe-dj602-care-leaga-ilfovul-de-giurgiu-un-proiectil-roata-a-lovit-o-curte-din-comuna-sabareni\/","url":"https:\/\/buletin.de\/bucuresti\/video-incident-bizar-pe-dj602-care-leaga-ilfovul-de-giurgiu-un-proiectil-roata-a-lovit-o-curte-din-comuna-sabareni\/","name":"VIDEO | Incident bizar pe DJ602 care leag\u0103 Ilfovul de Giurgiu: Un \u201eproiectil-roat\u0103\u201d a lovit o curte din comuna S\u0103b\u0103reni - Buletin de Bucure\u0219ti","isPartOf":{"@id":"https:\/\/buletin.de\/bucuresti\/#website"},"primaryImageOfPage":{"@id":"https:\/\/buletin.de\/bucuresti\/video-incident-bizar-pe-dj602-care-leaga-ilfovul-de-giurgiu-un-proiectil-roata-a-lovit-o-curte-din-comuna-sabareni\/#primaryimage"},"image":{"@id":"https:\/\/buletin.de\/bucuresti\/video-incident-bizar-pe-dj602-care-leaga-ilfovul-de-giurgiu-un-proiectil-roata-a-lovit-o-curte-din-comuna-sabareni\/#primaryimage"},"thumbnailUrl":"https:\/\/buletin.de\/bucuresti\/wp-content\/uploads\/roata-curte-filmata.jpeg","datePublished":"2024-04-23T09:21:50+00:00","dateModified":"2024-04-23T09:22:53+00:00","breadcrumb":{"@id":"https:\/\/buletin.de\/bucuresti\/video-incident-bizar-pe-dj602-care-leaga-ilfovul-de-giurgiu-un-proiectil-roata-a-lovit-o-curte-din-comuna-sabareni\/#breadcrumb"},"inLanguage":"en-GB","potentialAction":[{"@type":"ReadAction","target":["https:\/\/buletin.de\/bucuresti\/video-incident-bizar-pe-dj602-care-leaga-ilfovul-de-giurgiu-un-proiectil-roata-a-lovit-o-curte-din-comuna-sabareni\/"]}]},{"@type":"ImageObject","inLanguage":"en-GB","@id":"https:\/\/buletin.de\/bucuresti\/video-incident-bizar-pe-dj602-care-leaga-ilfovul-de-giurgiu-un-proiectil-roata-a-lovit-o-curte-din-comuna-sabareni\/#primaryimage","url":"https:\/\/buletin.de\/bucuresti\/wp-content\/uploads\/roata-curte-filmata.jpeg","contentUrl":"https:\/\/buletin.de\/bucuresti\/wp-content\/uploads\/roata-curte-filmata.jpeg","width":1600,"height":1015,"caption":"FOTO: colaj imagini camer\u0103 de supraveghere"},{"@type":"BreadcrumbList","@id":"https:\/\/buletin.de\/bucuresti\/video-incident-bizar-pe-dj602-care-leaga-ilfovul-de-giurgiu-un-proiectil-roata-a-lovit-o-curte-din-comuna-sabareni\/#breadcrumb","itemListElement":[{"@type":"ListItem","position":1,"name":"Acas\u0103","item":"https:\/\/buletin.de\/bucuresti\/"},{"@type":"ListItem","position":2,"name":"VIDEO | Incident bizar pe DJ602 care leag\u0103 Ilfovul de Giurgiu: Un \u201eproiectil-roat\u0103\u201d a lovit o curte din comuna S\u0103b\u0103reni"}]},{"@type":"WebSite","@id":"https:\/\/buletin.de\/bucuresti\/#website","url":"https:\/\/buletin.de\/bucuresti\/","name":"Buletin de Bucure\u0219ti","description":"\u0218tiri \u0219i investiga\u021bii esen\u021biale din capital\u0103","publisher":{"@id":"https:\/\/buletin.de\/bucuresti\/#organization"},"potentialAction":[{"@type":"SearchAction","target":{"@type":"EntryPoint","urlTemplate":"https:\/\/buletin.de\/bucuresti\/?s={search_term_string}"},"query-input":{"@type":"PropertyValueSpecification","valueRequired":true,"valueName":"search_term_string"}}],"inLanguage":"en-GB"},{"@type":"Organization","@id":"https:\/\/buletin.de\/bucuresti\/#organization","name":"Buletin de Bucure\u0219ti","url":"https:\/\/buletin.de\/bucuresti\/","logo":{"@type":"ImageObject","inLanguage":"en-GB","@id":"https:\/\/buletin.de\/bucuresti\/#\/schema\/logo\/image\/","url":"https:\/\/buletin.de\/bucuresti\/wp-content\/uploads\/logo-bdb-full-wide-vernil-transparent.png","contentUrl":"https:\/\/buletin.de\/bucuresti\/wp-content\/uploads\/logo-bdb-full-wide-vernil-transparent.png","width":1782,"height":626,"caption":"Buletin de Bucure\u0219ti"},"image":{"@id":"https:\/\/buletin.de\/bucuresti\/#\/schema\/logo\/image\/"},"sameAs":["https:\/\/www.facebook.com\/buletin.de.buc","https:\/\/www.instagram.com\/buletinde.bucuresti\/"]},{"@type":"Person","@id":"https:\/\/buletin.de\/bucuresti\/#\/schema\/person\/5272b8a057b33890940b57b837fc4ce6","name":"Ionu\u021b Lepa","image":{"@type":"ImageObject","inLanguage":"en-GB","@id":"https:\/\/buletin.de\/bucuresti\/wp-content\/uploads\/Ionut-Lepa-96x96.jpg5c4e4d9e049808799a8821652d2410a4","url":"https:\/\/buletin.de\/bucuresti\/wp-content\/uploads\/Ionut-Lepa-96x96.jpg","contentUrl":"https:\/\/buletin.de\/bucuresti\/wp-content\/uploads\/Ionut-Lepa-96x96.jpg","caption":"Ionu\u021b Lepa"},"url":"https:\/\/buletin.de\/bucuresti\/author\/ionutlepa\/"}]}},"authors":[{"term_id":22586,"user_id":8,"is_guest":0,"slug":"ionutlepa","display_name":"Ionu\u021b Lepa","avatar_url":"https:\/\/buletin.de\/bucuresti\/wp-content\/uploads\/Ionut-Lepa-96x96.jpg","0":null,"1":"","2":"","3":"","4":"","5":"","6":"","7":"","8":""}],"_links":{"self":[{"href":"https:\/\/buletin.de\/bucuresti\/wp-json\/wp\/v2\/posts\/83802","targetHints":{"allow":["GET"]}}],"collection":[{"href":"https:\/\/buletin.de\/bucuresti\/wp-json\/wp\/v2\/posts"}],"about":[{"href":"https:\/\/buletin.de\/bucuresti\/wp-json\/wp\/v2\/types\/post"}],"author":[{"embeddable":true,"href":"https:\/\/buletin.de\/bucuresti\/wp-json\/wp\/v2\/users\/8"}],"replies":[{"embeddable":true,"href":"https:\/\/buletin.de\/bucuresti\/wp-json\/wp\/v2\/comments?post=83802"}],"version-history":[{"count":4,"href":"https:\/\/buletin.de\/bucuresti\/wp-json\/wp\/v2\/posts\/83802\/revisions"}],"predecessor-version":[{"id":83814,"href":"https:\/\/buletin.de\/bucuresti\/wp-json\/wp\/v2\/posts\/83802\/revisions\/83814"}],"wp:featuredmedia":[{"embeddable":true,"href":"https:\/\/buletin.de\/bucuresti\/wp-json\/wp\/v2\/media\/83803"}],"wp:attachment":[{"href":"https:\/\/buletin.de\/bucuresti\/wp-json\/wp\/v2\/media?parent=83802"}],"wp:term":[{"taxonomy":"category","embeddable":true,"href":"https:\/\/buletin.de\/bucuresti\/wp-json\/wp\/v2\/categories?post=83802"},{"taxonomy":"post_tag","embeddable":true,"href":"https:\/\/buletin.de\/bucuresti\/wp-json\/wp\/v2\/tags?post=83802"},{"taxonomy":"author","embeddable":true,"href":"https:\/\/buletin.de\/bucuresti\/wp-json\/wp\/v2\/ppma_author?post=83802"}],"curies":[{"name":"wp","href":"https:\/\/api.w.org\/{rel}","templated":true}]}}