{"id":83748,"date":"2024-04-24T06:00:00","date_gmt":"2024-04-24T03:00:00","guid":{"rendered":"https:\/\/buletin.de\/bucuresti\/?p=83748"},"modified":"2024-04-23T22:20:54","modified_gmt":"2024-04-23T19:20:54","slug":"sector-2-noi-tarife-pentru-revendicarea-cainilor-din-padocuri-si-program-de-sterilizare-gratuita","status":"publish","type":"post","link":"https:\/\/buletin.de\/bucuresti\/sector-2-noi-tarife-pentru-revendicarea-cainilor-din-padocuri-si-program-de-sterilizare-gratuita\/","title":{"rendered":"Sector 2 | Noi tarife pentru revendicarea c\u00e2inilor din padocuri \u015fi program de sterilizare gratuit\u0103"},"content":{"rendered":"\n<p><strong>Dou\u0103 proiecte de hot\u0103r\u00e2re privind animalele abandonate vor ajunge pe masa Consiliului Local al Sectorului 2 \u00een \u0219edin\u021ba de miercuri, 24 aprilie. Unul vizeaz\u0103 organizarea unui program multianual de informare \u0219i sterilizare gratuit\u0103, pe c\u00e2nd cel\u0103lalt se refer\u0103 la stabilirea unui tarif de revendicare pentru c\u00e2inii din ad\u0103posturile publice ale sectorului.<\/strong><\/p>\n\n\n\n<h2 class=\"wp-block-heading\">Steriliz\u0103ri gratuite pentru 150 c\u00e2ini \u0219i 100 de pisici<\/h2>\n\n\n\n<p>Programul de microcipare \u0219i sterilizare gratuit\u0103 se va desf\u0103\u0219ura pe principiul <em><strong>\u201eprimul venit, primul servit\u201d<\/strong><\/em>. Fondurile alocate \u00een acest an, pot acoperi costurile pentru <strong>150 de c\u00e2ini<\/strong>, respectiv<strong> 100 de pisici<\/strong>, cu sau f\u0103r\u0103 de\u021bin\u0103tor. <\/p>\n\n\n\n<p>Bugetul programului este de 119.000 lei (TVA inclus), din care circa 24.000 lei pentru componenta de informare. Scopul campaniei de informare este s\u0103 aduc\u0103 la cuno\u0219tin\u021b\u0103 publicului existen\u021ba programului, astfel \u00eenc\u00e2t s\u0103 poat\u0103 beneficia de sterilizarea gratuit\u0103.<\/p>\n\n\n\n<p>Restul sumei va fi folosit\u0103 pentru serviciile sanitar-veterinare: costul mediu practicat de cabinetele veterinare pentru identificarea prin microcipare, \u00eenregistrarea \u00een RECS (Registrul C\u00e2inilor f\u0103r\u0103 St\u0103p\u00e2n) este de 50 de lei\/c\u00e2ine<br>(implicit microcipare).  \u00cen ceea ce prive\u015fte sterilizarea, costul mediu\/c\u00e2ine este de 400 lei, respectiv 250 lei\/ pisic\u0103, potrivit referatului de aprobare.<\/p>\n\n\n\n<p>Programul de informare \u0219i sterilizare se va desf\u0103\u0219ura \u00een fiecare an, \u00eencep\u00e2nd cu 2024, dac\u0103 proiectul va trece de votul consilierilor locali. <\/p>\n\n\n\n<h2 class=\"wp-block-heading\">Tarif de revendicare pentru c\u00e2inii din ad\u0103posturi <\/h2>\n\n\n\n<p>Prim\u0103ria Sectorului 2 are \u00een administrare dou\u0103 ad\u0103posturi publice: <strong>unul situat \u00een Ilfov, \u00een satul T\u00e2nganu, cel\u0103lalt \u00een D\u00e2mbovi\u021b\u0103, mai exact \u00een comuna Butimanu<\/strong>. \u00cen acest moment, proprietarii c\u00e2inilor captura\u021bi de pe domeniul public \u00ee\u0219i pot recupera animalul gratuit.<\/p>\n\n\n\n<p>Odat\u0103 cu aprobarea hot\u0103r\u00e2rii, ace\u0219tia vor pl\u0103ti<strong> 50 lei plus 10 lei\/zi\/ c\u00e2ine<\/strong> pentru g\u0103zduire. Suma de 50 lei reprezint\u0103 contravaloarea serviciilor medicale aferente intr\u0103rii, respectiv ie\u0219irii animalului din ad\u0103post,&nbsp;pe c\u00e2nd cei 10 lei \u00eensumeaz\u0103 cheltuielile aferente \u00eengrijirii patrupedului (hran\u0103, servicii dezinsec\u021bie, dezinfec\u021bie, deratizare, utilit\u0103\u021bi, paz\u0103, alte materiale necesare). \u00cen cazul \u00een care animalul are nevoie de alte servicii medicale pe durata \u0219ederii \u00een ad\u0103post, proprietarii vor pl\u0103ti suplimentar contravaloarea acestora.<\/p>\n\n\n\n<p>Predarea c\u00e2inelui din ad\u0103post se va realiza dup\u0103 \u00eencasarea taxei de revendicare. \u0218i cei care nu \u00ee\u0219i permit achitarea costurilor la momentul revendic\u0103rii, \u00ee\u0219i pot lua animalul acas\u0103, pe baza unei conven\u021bii de plat\u0103 potrivit c\u0103reia se angajeaz\u0103 s\u0103 achite suma \u00een termen de 30 zile.<\/p>\n\n\n\n<p>Cele dou\u0103 formule de calcul folosite pentru stabilirea tarifului de revendicare, potrivit referatului de aprobare, sunt:<\/p>\n\n\n\n<ul class=\"wp-block-list\">\n<li><em>Total valoare ctr. servicii sanitar veterinare medic veterinar de liber\u0103 practic\u0103 &#8211; 119.000 lei : 12 luni: 404 c\u00e2ini = 25 lei\/animal x 2 (intrare \u015fi iesire) = 50 lei<\/em><\/li>\n\n\n\n<li><em>Total valoare buget \u00eentre\u0163inere animal: 1.462.000 lei: 12 luni: 30 zile: 404 animale = 10 lei\/zi<\/em><\/li>\n<\/ul>\n\n\n\n<iframe src=\"https:\/\/www.facebook.com\/plugins\/video.php?height=314&#038;href=https%3A%2F%2Fwww.facebook.com%2FPrimariaSector2%2Fvideos%2F832465152052426%2F&#038;show_text=false&#038;width=560&#038;t=0\" width=\"560\" height=\"314\" style=\"border:none;overflow:hidden\" scrolling=\"no\" frameborder=\"0\" allowfullscreen=\"true\" allow=\"autoplay; clipboard-write; encrypted-media; picture-in-picture; web-share\" allowFullScreen=\"true\"><\/iframe>\n\n\n\n<p>\u00cen prezent, cele dou\u0103 ad\u0103posturi din administrarea prim\u0103riei g\u0103zduiesc circa 400 animale, c\u00e2ini \u0219i pisici deopotriv\u0103. Mai exact, \u00een ad\u0103postul de la T\u00e2nganu sunt caza\u021bi 211 c\u00e2ini \u0219i 9 pisici. Cel de la Butimanu ad\u0103poste\u0219te 168 c\u00e2ini \u0219i 3 pisici, arat\u0103 o postare a institu\u021biei din 13 aprilie. Cet\u0103\u021benii interesa\u021bi pot ob\u021bine informa\u021bii despre <strong>adop\u021bie\/ vizite \u00een ad\u0103post<\/strong> de la Biroul Ad\u0103post Animale.<\/p>\n\n\n\n<p>De\u0219i taxarea revendic\u0103rii este prev\u0103zut\u0103 de lege \u00eenc\u0103 de la finalul anului 2013, la nivelul Capitalei, aceasta nu a fost aplicat\u0103 p\u00e2n\u0103 acum, deoarece nu exista o hot\u0103r\u00e2re a CL Sector 2 care s\u0103 stabileasc\u0103 tariful. \u00cen aceea\u0219i situa\u021bie era \u0219i Autoritatea pentru Supravegherea \u0219i Protec\u021bia Animalelor (ASPA) p\u00e2n\u0103 la sf\u00e2r\u0219itul anului trecut, a\u0219a cum a ar\u0103tat Buletin de Bucure\u0219ti <a href=\"https:\/\/buletin.de\/bucuresti\/revendicarea-cainilor-din-adaposturile-publice-va-fi-taxata-2\/\">aici<\/a>.<\/p>\n\n\n\n<p><strong>CITE\u0218TE \u0218I:<\/strong><\/p>\n\n\n\n<figure class=\"wp-block-embed is-type-wp-embed is-provider-buletin-de-bucure-ti wp-block-embed-buletin-de-bucure-ti\"><div class=\"wp-block-embed__wrapper\">\n<blockquote class=\"wp-embedded-content\" data-secret=\"vRpcSEAEYj\"><a href=\"https:\/\/buletin.de\/bucuresti\/revendicarea-cainilor-din-adaposturile-publice-va-fi-taxata-2\/\">Revendicarea c\u00e2inilor din ad\u0103posturile publice va fi taxat\u0103<\/a><\/blockquote><iframe class=\"wp-embedded-content\" sandbox=\"allow-scripts\" security=\"restricted\" style=\"position: absolute; clip: rect(1px, 1px, 1px, 1px);\" title=\"&#8220;Revendicarea c\u00e2inilor din ad\u0103posturile publice va fi taxat\u0103&#8221; &#8212; Buletin de Bucure\u0219ti\" src=\"https:\/\/buletin.de\/bucuresti\/revendicarea-cainilor-din-adaposturile-publice-va-fi-taxata-2\/embed\/#?secret=3dOLmYiQN9#?secret=vRpcSEAEYj\" data-secret=\"vRpcSEAEYj\" width=\"600\" height=\"338\" frameborder=\"0\" marginwidth=\"0\" marginheight=\"0\" scrolling=\"no\"><\/iframe>\n<\/div><\/figure>\n","protected":false},"excerpt":{"rendered":"<p>Dou\u0103 proiecte de hot\u0103r\u00e2re privind animalele abandonate vor ajunge pe masa Consiliului Local al Sectorului 2 \u00een \u0219edin\u021ba de miercuri, 24 aprilie. Unul vizeaz\u0103 organizarea unui program multianual de informare \u0219i sterilizare gratuit\u0103, pe c\u00e2nd cel\u0103lalt se refer\u0103 la stabilirea unui tarif de revendicare pentru c\u00e2inii din ad\u0103posturile publice ale sectorului. Steriliz\u0103ri gratuite pentru 150 [&hellip;]<\/p>\n","protected":false},"author":55,"featured_media":83845,"comment_status":"closed","ping_status":"open","sticky":false,"template":"","format":"standard","meta":{"_acf_changed":false,"inline_featured_image":false,"ngg_post_thumbnail":0,"footnotes":""},"categories":[6994,24,62],"tags":[10420,11437,11436,11435,229,8527],"ppma_author":[22573],"class_list":["post-83748","post","type-post","status-publish","format-standard","has-post-thumbnail","hentry","category-stiri-2","category-primarie","category-stiri","tag-adaposturi-pentru-cainii-fara-stapan","tag-adaposturi-publice-sector-2","tag-microcipare-caini","tag-registul-cainilor-fara-stapan","tag-sector-2","tag-sterilizari-gratuite"],"acf":[],"yoast_head":"<!-- This site is optimized with the Yoast SEO Premium plugin v25.3 (Yoast SEO v27.4) - https:\/\/yoast.com\/product\/yoast-seo-premium-wordpress\/ -->\n<title>Sector 2 | Noi tarife pentru revendicarea c\u00e2inilor din padocuri \u015fi program de sterilizare gratuit\u0103 - Buletin de Bucure\u0219ti<\/title>\n<meta name=\"robots\" content=\"index, follow, max-snippet:-1, max-image-preview:large, max-video-preview:-1\" \/>\n<link rel=\"canonical\" href=\"https:\/\/buletin.de\/bucuresti\/sector-2-noi-tarife-pentru-revendicarea-cainilor-din-padocuri-si-program-de-sterilizare-gratuita\/\" \/>\n<meta property=\"og:locale\" content=\"en_GB\" \/>\n<meta property=\"og:type\" content=\"article\" \/>\n<meta property=\"og:title\" content=\"Sector 2 | Noi tarife pentru revendicarea c\u00e2inilor din padocuri \u015fi program de sterilizare gratuit\u0103\" \/>\n<meta property=\"og:description\" content=\"Dou\u0103 proiecte de hot\u0103r\u00e2re privind animalele abandonate vor ajunge pe masa Consiliului Local al Sectorului 2 \u00een \u0219edin\u021ba de miercuri, 24 aprilie. Unul vizeaz\u0103 organizarea unui program multianual de informare \u0219i sterilizare gratuit\u0103, pe c\u00e2nd cel\u0103lalt se refer\u0103 la stabilirea unui tarif de revendicare pentru c\u00e2inii din ad\u0103posturile publice ale sectorului. Steriliz\u0103ri gratuite pentru 150 [&hellip;]\" \/>\n<meta property=\"og:url\" content=\"https:\/\/buletin.de\/bucuresti\/sector-2-noi-tarife-pentru-revendicarea-cainilor-din-padocuri-si-program-de-sterilizare-gratuita\/\" \/>\n<meta property=\"og:site_name\" content=\"Buletin de Bucure\u0219ti\" \/>\n<meta property=\"article:publisher\" content=\"https:\/\/www.facebook.com\/buletin.de.buc\" \/>\n<meta property=\"article:published_time\" content=\"2024-04-24T03:00:00+00:00\" \/>\n<meta property=\"og:image\" content=\"https:\/\/buletin.de\/bucuresti\/wp-content\/uploads\/z819bgz43b8-1.jpg\" \/>\n\t<meta property=\"og:image:width\" content=\"1600\" \/>\n\t<meta property=\"og:image:height\" content=\"1041\" \/>\n\t<meta property=\"og:image:type\" content=\"image\/jpeg\" \/>\n<meta name=\"author\" content=\"Andreea Tudor\" \/>\n<meta name=\"twitter:card\" content=\"summary_large_image\" \/>\n<meta name=\"twitter:label1\" content=\"Written by\" \/>\n\t<meta name=\"twitter:data1\" content=\"Andreea Tudor\" \/>\n\t<meta name=\"twitter:label2\" content=\"Estimated reading time\" \/>\n\t<meta name=\"twitter:data2\" content=\"3 minutes\" \/>\n<script type=\"application\/ld+json\" class=\"yoast-schema-graph\">{\"@context\":\"https:\\\/\\\/schema.org\",\"@graph\":[{\"@type\":\"Article\",\"@id\":\"https:\\\/\\\/buletin.de\\\/bucuresti\\\/sector-2-noi-tarife-pentru-revendicarea-cainilor-din-padocuri-si-program-de-sterilizare-gratuita\\\/#article\",\"isPartOf\":{\"@id\":\"https:\\\/\\\/buletin.de\\\/bucuresti\\\/sector-2-noi-tarife-pentru-revendicarea-cainilor-din-padocuri-si-program-de-sterilizare-gratuita\\\/\"},\"author\":{\"name\":\"Andreea Tudor\",\"@id\":\"https:\\\/\\\/buletin.de\\\/bucuresti\\\/#\\\/schema\\\/person\\\/150590659efde715459d159da012f501\"},\"headline\":\"Sector 2 | Noi tarife pentru revendicarea c\u00e2inilor din padocuri \u015fi program de sterilizare gratuit\u0103\",\"datePublished\":\"2024-04-24T03:00:00+00:00\",\"mainEntityOfPage\":{\"@id\":\"https:\\\/\\\/buletin.de\\\/bucuresti\\\/sector-2-noi-tarife-pentru-revendicarea-cainilor-din-padocuri-si-program-de-sterilizare-gratuita\\\/\"},\"wordCount\":633,\"publisher\":{\"@id\":\"https:\\\/\\\/buletin.de\\\/bucuresti\\\/#organization\"},\"image\":{\"@id\":\"https:\\\/\\\/buletin.de\\\/bucuresti\\\/sector-2-noi-tarife-pentru-revendicarea-cainilor-din-padocuri-si-program-de-sterilizare-gratuita\\\/#primaryimage\"},\"thumbnailUrl\":\"https:\\\/\\\/buletin.de\\\/bucuresti\\\/wp-content\\\/uploads\\\/z819bgz43b8-1.jpg\",\"keywords\":[\"adaposturi pentru cainii fara stapan\",\"adaposturi publice Sector 2\",\"microcipare caini\",\"Registul Cainilor fara Stapan\",\"Sector 2\",\"sterilizari gratuite\"],\"articleSection\":[\"Articole\",\"Prim\u0103rie\",\"\u0218tiri\"],\"inLanguage\":\"en-GB\",\"copyrightYear\":\"2024\",\"copyrightHolder\":{\"@id\":\"https:\\\/\\\/buletin.de\\\/bucuresti\\\/#organization\"}},{\"@type\":\"WebPage\",\"@id\":\"https:\\\/\\\/buletin.de\\\/bucuresti\\\/sector-2-noi-tarife-pentru-revendicarea-cainilor-din-padocuri-si-program-de-sterilizare-gratuita\\\/\",\"url\":\"https:\\\/\\\/buletin.de\\\/bucuresti\\\/sector-2-noi-tarife-pentru-revendicarea-cainilor-din-padocuri-si-program-de-sterilizare-gratuita\\\/\",\"name\":\"Sector 2 | Noi tarife pentru revendicarea c\u00e2inilor din padocuri \u015fi program de sterilizare gratuit\u0103 - Buletin de Bucure\u0219ti\",\"isPartOf\":{\"@id\":\"https:\\\/\\\/buletin.de\\\/bucuresti\\\/#website\"},\"primaryImageOfPage\":{\"@id\":\"https:\\\/\\\/buletin.de\\\/bucuresti\\\/sector-2-noi-tarife-pentru-revendicarea-cainilor-din-padocuri-si-program-de-sterilizare-gratuita\\\/#primaryimage\"},\"image\":{\"@id\":\"https:\\\/\\\/buletin.de\\\/bucuresti\\\/sector-2-noi-tarife-pentru-revendicarea-cainilor-din-padocuri-si-program-de-sterilizare-gratuita\\\/#primaryimage\"},\"thumbnailUrl\":\"https:\\\/\\\/buletin.de\\\/bucuresti\\\/wp-content\\\/uploads\\\/z819bgz43b8-1.jpg\",\"datePublished\":\"2024-04-24T03:00:00+00:00\",\"breadcrumb\":{\"@id\":\"https:\\\/\\\/buletin.de\\\/bucuresti\\\/sector-2-noi-tarife-pentru-revendicarea-cainilor-din-padocuri-si-program-de-sterilizare-gratuita\\\/#breadcrumb\"},\"inLanguage\":\"en-GB\",\"potentialAction\":[{\"@type\":\"ReadAction\",\"target\":[\"https:\\\/\\\/buletin.de\\\/bucuresti\\\/sector-2-noi-tarife-pentru-revendicarea-cainilor-din-padocuri-si-program-de-sterilizare-gratuita\\\/\"]}]},{\"@type\":\"ImageObject\",\"inLanguage\":\"en-GB\",\"@id\":\"https:\\\/\\\/buletin.de\\\/bucuresti\\\/sector-2-noi-tarife-pentru-revendicarea-cainilor-din-padocuri-si-program-de-sterilizare-gratuita\\\/#primaryimage\",\"url\":\"https:\\\/\\\/buletin.de\\\/bucuresti\\\/wp-content\\\/uploads\\\/z819bgz43b8-1.jpg\",\"contentUrl\":\"https:\\\/\\\/buletin.de\\\/bucuresti\\\/wp-content\\\/uploads\\\/z819bgz43b8-1.jpg\",\"width\":1600,\"height\":1041,\"caption\":\"puppy lying on stair\"},{\"@type\":\"BreadcrumbList\",\"@id\":\"https:\\\/\\\/buletin.de\\\/bucuresti\\\/sector-2-noi-tarife-pentru-revendicarea-cainilor-din-padocuri-si-program-de-sterilizare-gratuita\\\/#breadcrumb\",\"itemListElement\":[{\"@type\":\"ListItem\",\"position\":1,\"name\":\"Acas\u0103\",\"item\":\"https:\\\/\\\/buletin.de\\\/bucuresti\\\/\"},{\"@type\":\"ListItem\",\"position\":2,\"name\":\"Sector 2 | Noi tarife pentru revendicarea c\u00e2inilor din padocuri \u015fi program de sterilizare gratuit\u0103\"}]},{\"@type\":\"WebSite\",\"@id\":\"https:\\\/\\\/buletin.de\\\/bucuresti\\\/#website\",\"url\":\"https:\\\/\\\/buletin.de\\\/bucuresti\\\/\",\"name\":\"Buletin de Bucure\u0219ti\",\"description\":\"\u0218tiri \u0219i investiga\u021bii esen\u021biale din capital\u0103\",\"publisher\":{\"@id\":\"https:\\\/\\\/buletin.de\\\/bucuresti\\\/#organization\"},\"potentialAction\":[{\"@type\":\"SearchAction\",\"target\":{\"@type\":\"EntryPoint\",\"urlTemplate\":\"https:\\\/\\\/buletin.de\\\/bucuresti\\\/?s={search_term_string}\"},\"query-input\":{\"@type\":\"PropertyValueSpecification\",\"valueRequired\":true,\"valueName\":\"search_term_string\"}}],\"inLanguage\":\"en-GB\"},{\"@type\":\"Organization\",\"@id\":\"https:\\\/\\\/buletin.de\\\/bucuresti\\\/#organization\",\"name\":\"Buletin de Bucure\u0219ti\",\"url\":\"https:\\\/\\\/buletin.de\\\/bucuresti\\\/\",\"logo\":{\"@type\":\"ImageObject\",\"inLanguage\":\"en-GB\",\"@id\":\"https:\\\/\\\/buletin.de\\\/bucuresti\\\/#\\\/schema\\\/logo\\\/image\\\/\",\"url\":\"https:\\\/\\\/buletin.de\\\/bucuresti\\\/wp-content\\\/uploads\\\/logo-bdb-full-wide-vernil-transparent.png\",\"contentUrl\":\"https:\\\/\\\/buletin.de\\\/bucuresti\\\/wp-content\\\/uploads\\\/logo-bdb-full-wide-vernil-transparent.png\",\"width\":1782,\"height\":626,\"caption\":\"Buletin de Bucure\u0219ti\"},\"image\":{\"@id\":\"https:\\\/\\\/buletin.de\\\/bucuresti\\\/#\\\/schema\\\/logo\\\/image\\\/\"},\"sameAs\":[\"https:\\\/\\\/www.facebook.com\\\/buletin.de.buc\",\"https:\\\/\\\/www.instagram.com\\\/buletinde.bucuresti\\\/\"]},{\"@type\":\"Person\",\"@id\":\"https:\\\/\\\/buletin.de\\\/bucuresti\\\/#\\\/schema\\\/person\\\/150590659efde715459d159da012f501\",\"name\":\"Andreea Tudor\",\"image\":{\"@type\":\"ImageObject\",\"inLanguage\":\"en-GB\",\"@id\":\"https:\\\/\\\/secure.gravatar.com\\\/avatar\\\/a88705a186ab0b67f3349bcbced506c09e37256fbaad0e7f3bd1a79b4599f589?s=96&d=monsterid&r=g79290610aa1a65c2b86eebc2ca5aee8f\",\"url\":\"https:\\\/\\\/secure.gravatar.com\\\/avatar\\\/a88705a186ab0b67f3349bcbced506c09e37256fbaad0e7f3bd1a79b4599f589?s=96&d=monsterid&r=g\",\"contentUrl\":\"https:\\\/\\\/secure.gravatar.com\\\/avatar\\\/a88705a186ab0b67f3349bcbced506c09e37256fbaad0e7f3bd1a79b4599f589?s=96&d=monsterid&r=g\",\"caption\":\"Andreea Tudor\"},\"description\":\"N\u0103scut\u0103 \u0219i crescut\u0103 \u00een Bucure\u0219ti, sus\u021bin\u0103toare a presei independente. A\u0219a am ajuns redactor la Buletin de Bucure\u0219ti. Fiind eu, \u00eens\u0103mi, parte a sistemului de \u00eenv\u0103\u021b\u0103m\u00e2nt rom\u00e2nesc \u0219i pasionat\u0103 de domeniul social, pun sub lup\u0103 tot ceea ce se \u00eent\u00e2mpl\u0103 \u00een sfera educa\u021biei. Cred cu t\u0103rie c\u0103 presa \u201epentru cet\u0103\u021beni\u201d este presa independent\u0103. Oamenii au nevoie de o informare corect\u0103 pentru a \u00een\u021belege pe deplin ce se \u00eent\u00e2mpl\u0103 \u00een jurul lor \u0219i pentru a lua ac\u021biune \u00eempotriva nedrept\u0103\u021bilor.\",\"url\":\"https:\\\/\\\/buletin.de\\\/bucuresti\\\/author\\\/andreeatudor\\\/\"}]}<\/script>\n<!-- \/ Yoast SEO Premium plugin. -->","yoast_head_json":{"title":"Sector 2 | Noi tarife pentru revendicarea c\u00e2inilor din padocuri \u015fi program de sterilizare gratuit\u0103 - Buletin de Bucure\u0219ti","robots":{"index":"index","follow":"follow","max-snippet":"max-snippet:-1","max-image-preview":"max-image-preview:large","max-video-preview":"max-video-preview:-1"},"canonical":"https:\/\/buletin.de\/bucuresti\/sector-2-noi-tarife-pentru-revendicarea-cainilor-din-padocuri-si-program-de-sterilizare-gratuita\/","og_locale":"en_GB","og_type":"article","og_title":"Sector 2 | Noi tarife pentru revendicarea c\u00e2inilor din padocuri \u015fi program de sterilizare gratuit\u0103","og_description":"Dou\u0103 proiecte de hot\u0103r\u00e2re privind animalele abandonate vor ajunge pe masa Consiliului Local al Sectorului 2 \u00een \u0219edin\u021ba de miercuri, 24 aprilie. Unul vizeaz\u0103 organizarea unui program multianual de informare \u0219i sterilizare gratuit\u0103, pe c\u00e2nd cel\u0103lalt se refer\u0103 la stabilirea unui tarif de revendicare pentru c\u00e2inii din ad\u0103posturile publice ale sectorului. Steriliz\u0103ri gratuite pentru 150 [&hellip;]","og_url":"https:\/\/buletin.de\/bucuresti\/sector-2-noi-tarife-pentru-revendicarea-cainilor-din-padocuri-si-program-de-sterilizare-gratuita\/","og_site_name":"Buletin de Bucure\u0219ti","article_publisher":"https:\/\/www.facebook.com\/buletin.de.buc","article_published_time":"2024-04-24T03:00:00+00:00","og_image":[{"width":1600,"height":1041,"url":"https:\/\/buletin.de\/bucuresti\/wp-content\/uploads\/z819bgz43b8-1.jpg","type":"image\/jpeg"}],"author":"Andreea Tudor","twitter_card":"summary_large_image","twitter_misc":{"Written by":"Andreea Tudor","Estimated reading time":"3 minutes"},"schema":{"@context":"https:\/\/schema.org","@graph":[{"@type":"Article","@id":"https:\/\/buletin.de\/bucuresti\/sector-2-noi-tarife-pentru-revendicarea-cainilor-din-padocuri-si-program-de-sterilizare-gratuita\/#article","isPartOf":{"@id":"https:\/\/buletin.de\/bucuresti\/sector-2-noi-tarife-pentru-revendicarea-cainilor-din-padocuri-si-program-de-sterilizare-gratuita\/"},"author":{"name":"Andreea Tudor","@id":"https:\/\/buletin.de\/bucuresti\/#\/schema\/person\/150590659efde715459d159da012f501"},"headline":"Sector 2 | Noi tarife pentru revendicarea c\u00e2inilor din padocuri \u015fi program de sterilizare gratuit\u0103","datePublished":"2024-04-24T03:00:00+00:00","mainEntityOfPage":{"@id":"https:\/\/buletin.de\/bucuresti\/sector-2-noi-tarife-pentru-revendicarea-cainilor-din-padocuri-si-program-de-sterilizare-gratuita\/"},"wordCount":633,"publisher":{"@id":"https:\/\/buletin.de\/bucuresti\/#organization"},"image":{"@id":"https:\/\/buletin.de\/bucuresti\/sector-2-noi-tarife-pentru-revendicarea-cainilor-din-padocuri-si-program-de-sterilizare-gratuita\/#primaryimage"},"thumbnailUrl":"https:\/\/buletin.de\/bucuresti\/wp-content\/uploads\/z819bgz43b8-1.jpg","keywords":["adaposturi pentru cainii fara stapan","adaposturi publice Sector 2","microcipare caini","Registul Cainilor fara Stapan","Sector 2","sterilizari gratuite"],"articleSection":["Articole","Prim\u0103rie","\u0218tiri"],"inLanguage":"en-GB","copyrightYear":"2024","copyrightHolder":{"@id":"https:\/\/buletin.de\/bucuresti\/#organization"}},{"@type":"WebPage","@id":"https:\/\/buletin.de\/bucuresti\/sector-2-noi-tarife-pentru-revendicarea-cainilor-din-padocuri-si-program-de-sterilizare-gratuita\/","url":"https:\/\/buletin.de\/bucuresti\/sector-2-noi-tarife-pentru-revendicarea-cainilor-din-padocuri-si-program-de-sterilizare-gratuita\/","name":"Sector 2 | Noi tarife pentru revendicarea c\u00e2inilor din padocuri \u015fi program de sterilizare gratuit\u0103 - Buletin de Bucure\u0219ti","isPartOf":{"@id":"https:\/\/buletin.de\/bucuresti\/#website"},"primaryImageOfPage":{"@id":"https:\/\/buletin.de\/bucuresti\/sector-2-noi-tarife-pentru-revendicarea-cainilor-din-padocuri-si-program-de-sterilizare-gratuita\/#primaryimage"},"image":{"@id":"https:\/\/buletin.de\/bucuresti\/sector-2-noi-tarife-pentru-revendicarea-cainilor-din-padocuri-si-program-de-sterilizare-gratuita\/#primaryimage"},"thumbnailUrl":"https:\/\/buletin.de\/bucuresti\/wp-content\/uploads\/z819bgz43b8-1.jpg","datePublished":"2024-04-24T03:00:00+00:00","breadcrumb":{"@id":"https:\/\/buletin.de\/bucuresti\/sector-2-noi-tarife-pentru-revendicarea-cainilor-din-padocuri-si-program-de-sterilizare-gratuita\/#breadcrumb"},"inLanguage":"en-GB","potentialAction":[{"@type":"ReadAction","target":["https:\/\/buletin.de\/bucuresti\/sector-2-noi-tarife-pentru-revendicarea-cainilor-din-padocuri-si-program-de-sterilizare-gratuita\/"]}]},{"@type":"ImageObject","inLanguage":"en-GB","@id":"https:\/\/buletin.de\/bucuresti\/sector-2-noi-tarife-pentru-revendicarea-cainilor-din-padocuri-si-program-de-sterilizare-gratuita\/#primaryimage","url":"https:\/\/buletin.de\/bucuresti\/wp-content\/uploads\/z819bgz43b8-1.jpg","contentUrl":"https:\/\/buletin.de\/bucuresti\/wp-content\/uploads\/z819bgz43b8-1.jpg","width":1600,"height":1041,"caption":"puppy lying on stair"},{"@type":"BreadcrumbList","@id":"https:\/\/buletin.de\/bucuresti\/sector-2-noi-tarife-pentru-revendicarea-cainilor-din-padocuri-si-program-de-sterilizare-gratuita\/#breadcrumb","itemListElement":[{"@type":"ListItem","position":1,"name":"Acas\u0103","item":"https:\/\/buletin.de\/bucuresti\/"},{"@type":"ListItem","position":2,"name":"Sector 2 | Noi tarife pentru revendicarea c\u00e2inilor din padocuri \u015fi program de sterilizare gratuit\u0103"}]},{"@type":"WebSite","@id":"https:\/\/buletin.de\/bucuresti\/#website","url":"https:\/\/buletin.de\/bucuresti\/","name":"Buletin de Bucure\u0219ti","description":"\u0218tiri \u0219i investiga\u021bii esen\u021biale din capital\u0103","publisher":{"@id":"https:\/\/buletin.de\/bucuresti\/#organization"},"potentialAction":[{"@type":"SearchAction","target":{"@type":"EntryPoint","urlTemplate":"https:\/\/buletin.de\/bucuresti\/?s={search_term_string}"},"query-input":{"@type":"PropertyValueSpecification","valueRequired":true,"valueName":"search_term_string"}}],"inLanguage":"en-GB"},{"@type":"Organization","@id":"https:\/\/buletin.de\/bucuresti\/#organization","name":"Buletin de Bucure\u0219ti","url":"https:\/\/buletin.de\/bucuresti\/","logo":{"@type":"ImageObject","inLanguage":"en-GB","@id":"https:\/\/buletin.de\/bucuresti\/#\/schema\/logo\/image\/","url":"https:\/\/buletin.de\/bucuresti\/wp-content\/uploads\/logo-bdb-full-wide-vernil-transparent.png","contentUrl":"https:\/\/buletin.de\/bucuresti\/wp-content\/uploads\/logo-bdb-full-wide-vernil-transparent.png","width":1782,"height":626,"caption":"Buletin de Bucure\u0219ti"},"image":{"@id":"https:\/\/buletin.de\/bucuresti\/#\/schema\/logo\/image\/"},"sameAs":["https:\/\/www.facebook.com\/buletin.de.buc","https:\/\/www.instagram.com\/buletinde.bucuresti\/"]},{"@type":"Person","@id":"https:\/\/buletin.de\/bucuresti\/#\/schema\/person\/150590659efde715459d159da012f501","name":"Andreea Tudor","image":{"@type":"ImageObject","inLanguage":"en-GB","@id":"https:\/\/secure.gravatar.com\/avatar\/a88705a186ab0b67f3349bcbced506c09e37256fbaad0e7f3bd1a79b4599f589?s=96&d=monsterid&r=g79290610aa1a65c2b86eebc2ca5aee8f","url":"https:\/\/secure.gravatar.com\/avatar\/a88705a186ab0b67f3349bcbced506c09e37256fbaad0e7f3bd1a79b4599f589?s=96&d=monsterid&r=g","contentUrl":"https:\/\/secure.gravatar.com\/avatar\/a88705a186ab0b67f3349bcbced506c09e37256fbaad0e7f3bd1a79b4599f589?s=96&d=monsterid&r=g","caption":"Andreea Tudor"},"description":"N\u0103scut\u0103 \u0219i crescut\u0103 \u00een Bucure\u0219ti, sus\u021bin\u0103toare a presei independente. A\u0219a am ajuns redactor la Buletin de Bucure\u0219ti. Fiind eu, \u00eens\u0103mi, parte a sistemului de \u00eenv\u0103\u021b\u0103m\u00e2nt rom\u00e2nesc \u0219i pasionat\u0103 de domeniul social, pun sub lup\u0103 tot ceea ce se \u00eent\u00e2mpl\u0103 \u00een sfera educa\u021biei. Cred cu t\u0103rie c\u0103 presa \u201epentru cet\u0103\u021beni\u201d este presa independent\u0103. Oamenii au nevoie de o informare corect\u0103 pentru a \u00een\u021belege pe deplin ce se \u00eent\u00e2mpl\u0103 \u00een jurul lor \u0219i pentru a lua ac\u021biune \u00eempotriva nedrept\u0103\u021bilor.","url":"https:\/\/buletin.de\/bucuresti\/author\/andreeatudor\/"}]}},"authors":[{"term_id":22573,"user_id":55,"is_guest":0,"slug":"andreeatudor","display_name":"Andreea Tudor","avatar_url":"https:\/\/secure.gravatar.com\/avatar\/a88705a186ab0b67f3349bcbced506c09e37256fbaad0e7f3bd1a79b4599f589?s=96&d=monsterid&r=g","0":null,"1":"","2":"","3":"","4":"","5":"","6":"","7":"","8":""}],"_links":{"self":[{"href":"https:\/\/buletin.de\/bucuresti\/wp-json\/wp\/v2\/posts\/83748","targetHints":{"allow":["GET"]}}],"collection":[{"href":"https:\/\/buletin.de\/bucuresti\/wp-json\/wp\/v2\/posts"}],"about":[{"href":"https:\/\/buletin.de\/bucuresti\/wp-json\/wp\/v2\/types\/post"}],"author":[{"embeddable":true,"href":"https:\/\/buletin.de\/bucuresti\/wp-json\/wp\/v2\/users\/55"}],"replies":[{"embeddable":true,"href":"https:\/\/buletin.de\/bucuresti\/wp-json\/wp\/v2\/comments?post=83748"}],"version-history":[{"count":8,"href":"https:\/\/buletin.de\/bucuresti\/wp-json\/wp\/v2\/posts\/83748\/revisions"}],"predecessor-version":[{"id":83856,"href":"https:\/\/buletin.de\/bucuresti\/wp-json\/wp\/v2\/posts\/83748\/revisions\/83856"}],"wp:featuredmedia":[{"embeddable":true,"href":"https:\/\/buletin.de\/bucuresti\/wp-json\/wp\/v2\/media\/83845"}],"wp:attachment":[{"href":"https:\/\/buletin.de\/bucuresti\/wp-json\/wp\/v2\/media?parent=83748"}],"wp:term":[{"taxonomy":"category","embeddable":true,"href":"https:\/\/buletin.de\/bucuresti\/wp-json\/wp\/v2\/categories?post=83748"},{"taxonomy":"post_tag","embeddable":true,"href":"https:\/\/buletin.de\/bucuresti\/wp-json\/wp\/v2\/tags?post=83748"},{"taxonomy":"author","embeddable":true,"href":"https:\/\/buletin.de\/bucuresti\/wp-json\/wp\/v2\/ppma_author?post=83748"}],"curies":[{"name":"wp","href":"https:\/\/api.w.org\/{rel}","templated":true}]}}