{"id":83641,"date":"2024-04-21T10:02:14","date_gmt":"2024-04-21T07:02:14","guid":{"rendered":"https:\/\/buletin.de\/bucuresti\/?p=83641"},"modified":"2024-04-21T10:02:43","modified_gmt":"2024-04-21T07:02:43","slug":"ryanair-cinci-rute-noi-de-pe-aeroportul-otopeni-operatorul-low-cost-creste-si-frecventa-zborurilor-catre-italia-si-irlanda","status":"publish","type":"post","link":"https:\/\/buletin.de\/bucuresti\/ryanair-cinci-rute-noi-de-pe-aeroportul-otopeni-operatorul-low-cost-creste-si-frecventa-zborurilor-catre-italia-si-irlanda\/","title":{"rendered":"Ryanair, cinci rute noi de pe Otopeni. Operatorul low-cost cre\u0219te \u0219i frecven\u021ba zborurilor c\u0103tre Italia \u0219i Irlanda"},"content":{"rendered":"\n<p>Operatorul low-cost irlandez Ryanair, care opereaz\u0103 pe aeroporturile din Otopeni, Cluj \u015fi Ia\u015fi, adaug\u0103 cinci rute noi \u00een programul de var\u0103 din acest an de pe aeroportul \u201eHenri Coand\u0103\u201d. De asemenea, compania a anun\u021bat c\u0103 a m\u0103rit \u015fi frecven\u0163a c\u00e2torva rute deja existente.<\/p>\n\n\n\n<p>Ryanair va opera \u00een total 44 de rute dinspre \u015fi \u00eenspre Rom\u00e2nia \u00een aceast\u0103 var\u0103, dintre care 35 de rute din \u015fi c\u0103tre Bucure\u015fti. Aici compania are dou\u0103 avioane alocate bazei din Otopeni, potrivit <a href=\"https:\/\/www.zf.ro\/companii\/ryanair-va-opera-cinci-rute-noi-de-pe-aeroportul-otopeni-si-va-22329145\">zf.ro<\/a>.<\/p>\n\n\n\n<p><em>Ce rute noi opereaz\u0103 Ryanair?<\/em><\/p>\n\n\n\n<p><strong>Din Bucure\u015fti spre:<\/strong><\/p>\n\n\n\n<p>Malaga (Spania) &#8211; 5 frecven\u0163e s\u0103pt\u0103m\u00e2nale (lansare \u00een vara acestui an)<\/p>\n\n\n\n<p>Paris BVA (Fran\u0163a) &#8211;&nbsp; 7 frecven\u0163e s\u0103pt\u0103m\u00e2nale (lansat \u00een programul de iarn\u0103)<\/p>\n\n\n\n<p>Skiathos (Grecia) &#8211; 2 frecven\u0163e s\u0103pt\u0103m\u00e2nale (lansare \u00een vara acestui an)<\/p>\n\n\n\n<p>Leeds (Marea Britanie) &#8211;&nbsp; 3 frecven\u0163e s\u0103pt\u0103m\u00e2nale (lansare \u00een vara acestui an)<\/p>\n\n\n\n<p>Tirana (Albania) &#8211;&nbsp; 5 frecven\u0163e s\u0103pt\u0103m\u00e2nale (lansat \u00een programul de iarn\u0103)<\/p>\n\n\n\n<p><em>Ce rute vor avea mai multe frecven\u0163e?<\/em><\/p>\n\n\n\n<p><strong>Din Bucure\u015fti spre:<\/strong><\/p>\n\n\n\n<p>Milano BGY (Italia)&nbsp; +4 frecven\u0163e s\u0103pt\u0103m\u00e2nale<\/p>\n\n\n\n<p>Dublin (Irlanda)&nbsp; +3 frecven\u0163e s\u0103pt\u0103m\u00e2nale<\/p>\n\n\n\n<p>Bologna (Italia)&nbsp; +2 frecven\u0163e s\u0103pt\u0103m\u00e2nale<\/p>\n\n\n\n<p>Pescara (Italia)&nbsp; +2 frecven\u0163e s\u0103pt\u0103m\u00e2nale<\/p>\n\n\n\n<p>Roma CIA (Italia)&nbsp; +1 frecven\u0163e s\u0103pt\u0103m\u00e2nale<\/p>\n\n\n\n<p>Edinburgh (Marea Britanie)&nbsp; +1 frecven\u0163e s\u0103pt\u0103m\u00e2nale<\/p>\n\n\n\n<p>Recent, \u0219i compania de stat TAROM a anun\u021bat c\u0103 a m\u0103rit frecven\u021ba rutelor interne.<\/p>\n\n\n\n<p>Compania Na\u0163ional\u0103 Aeroporturi Bucure\u015fti (CNAB) a \u00eenregistrat \u00een anul 2023, pe Aeroportul Interna\u0163ional Henri Coand\u0103 Bucure\u015fti \u015fi Aeroportul Interna\u0163ional Bucure\u015fti-B\u0103neasa Aurel Vlaicu, un trafic aerian de 14.698.845 pasageri, \u00een cre\u015ftere cu 16.56% fa\u0163\u0103 de 2022. Num\u0103rul total de pasageri din 2023 a ajuns, astfel, foarte aproape de cel maxim, \u00eenregistrat \u00een anul 2019, c\u00e2nd au fost 14.729.894 de pasageri.<\/p>\n\n\n\n<p>CITE\u0218TE \u0218I <\/p>\n\n\n\n<figure class=\"wp-block-embed is-type-wp-embed is-provider-buletin-de-bucure-ti wp-block-embed-buletin-de-bucure-ti\"><div class=\"wp-block-embed__wrapper\">\n<blockquote class=\"wp-embedded-content\" data-secret=\"493g4ev8TH\"><a href=\"https:\/\/buletin.de\/bucuresti\/dn1-electoral-dupa-extinderea-la-trei-benzi-in-zona-aeroportului-otopeni-este-anuntat-si-un-viitor-pasaj-la-snagov\/\">DN1 \u201eelectoral\u201d: Dup\u0103 extinderea la trei benzi \u00een zona Aeroportului Otopeni, este anun\u021bat \u0219i un viitor pasaj la Snagov<\/a><\/blockquote><iframe class=\"wp-embedded-content\" sandbox=\"allow-scripts\" security=\"restricted\" style=\"position: absolute; clip: rect(1px, 1px, 1px, 1px);\" title=\"&#8220;DN1 \u201eelectoral\u201d: Dup\u0103 extinderea la trei benzi \u00een zona Aeroportului Otopeni, este anun\u021bat \u0219i un viitor pasaj la Snagov&#8221; &#8212; Buletin de Bucure\u0219ti\" src=\"https:\/\/buletin.de\/bucuresti\/dn1-electoral-dupa-extinderea-la-trei-benzi-in-zona-aeroportului-otopeni-este-anuntat-si-un-viitor-pasaj-la-snagov\/embed\/#?secret=XajUREJhbs#?secret=493g4ev8TH\" data-secret=\"493g4ev8TH\" width=\"600\" height=\"338\" frameborder=\"0\" marginwidth=\"0\" marginheight=\"0\" scrolling=\"no\"><\/iframe>\n<\/div><\/figure>\n","protected":false},"excerpt":{"rendered":"<p>Operatorul low-cost irlandez Ryanair, care opereaz\u0103 pe aeroporturile din Otopeni, Cluj \u015fi Ia\u015fi, adaug\u0103 cinci rute noi \u00een programul de var\u0103 din acest an de pe aeroportul \u201eHenri Coand\u0103\u201d. De asemenea, compania a anun\u021bat c\u0103 a m\u0103rit \u015fi frecven\u0163a c\u00e2torva rute deja existente. Ryanair va opera \u00een total 44 de rute dinspre \u015fi \u00eenspre Rom\u00e2nia [&hellip;]<\/p>\n","protected":false},"author":10,"featured_media":83642,"comment_status":"closed","ping_status":"open","sticky":false,"template":"","format":"standard","meta":{"_acf_changed":false,"inline_featured_image":false,"ngg_post_thumbnail":0,"footnotes":""},"categories":[6994,62,650],"tags":[11355,11356,750,502,5542,11354],"ppma_author":[22575],"class_list":["post-83641","post","type-post","status-publish","format-standard","has-post-thumbnail","hentry","category-stiri-2","category-stiri","category-transport","tag-curse","tag-ore","tag-otopeni","tag-program","tag-reclamatii","tag-ryanair"],"acf":[],"yoast_head":"<!-- This site is optimized with the Yoast SEO Premium plugin v25.3 (Yoast SEO v27.4) - https:\/\/yoast.com\/product\/yoast-seo-premium-wordpress\/ -->\n<title>Ryanair, cinci rute noi de pe Otopeni. Operatorul low-cost cre\u0219te \u0219i frecven\u021ba zborurilor c\u0103tre Italia \u0219i Irlanda - Buletin de Bucure\u0219ti<\/title>\n<meta name=\"robots\" content=\"index, follow, max-snippet:-1, max-image-preview:large, max-video-preview:-1\" \/>\n<link rel=\"canonical\" href=\"https:\/\/buletin.de\/bucuresti\/ryanair-cinci-rute-noi-de-pe-aeroportul-otopeni-operatorul-low-cost-creste-si-frecventa-zborurilor-catre-italia-si-irlanda\/\" \/>\n<meta property=\"og:locale\" content=\"en_GB\" \/>\n<meta property=\"og:type\" content=\"article\" \/>\n<meta property=\"og:title\" content=\"Ryanair, cinci rute noi de pe Otopeni. Operatorul low-cost cre\u0219te \u0219i frecven\u021ba zborurilor c\u0103tre Italia \u0219i Irlanda\" \/>\n<meta property=\"og:description\" content=\"Operatorul low-cost irlandez Ryanair, care opereaz\u0103 pe aeroporturile din Otopeni, Cluj \u015fi Ia\u015fi, adaug\u0103 cinci rute noi \u00een programul de var\u0103 din acest an de pe aeroportul \u201eHenri Coand\u0103\u201d. De asemenea, compania a anun\u021bat c\u0103 a m\u0103rit \u015fi frecven\u0163a c\u00e2torva rute deja existente. Ryanair va opera \u00een total 44 de rute dinspre \u015fi \u00eenspre Rom\u00e2nia [&hellip;]\" \/>\n<meta property=\"og:url\" content=\"https:\/\/buletin.de\/bucuresti\/ryanair-cinci-rute-noi-de-pe-aeroportul-otopeni-operatorul-low-cost-creste-si-frecventa-zborurilor-catre-italia-si-irlanda\/\" \/>\n<meta property=\"og:site_name\" content=\"Buletin de Bucure\u0219ti\" \/>\n<meta property=\"article:publisher\" content=\"https:\/\/www.facebook.com\/buletin.de.buc\" \/>\n<meta property=\"article:published_time\" content=\"2024-04-21T07:02:14+00:00\" \/>\n<meta property=\"article:modified_time\" content=\"2024-04-21T07:02:43+00:00\" \/>\n<meta property=\"og:image\" content=\"https:\/\/buletin.de\/bucuresti\/wp-content\/uploads\/y3kge8fatvc.jpg\" \/>\n\t<meta property=\"og:image:width\" content=\"900\" \/>\n\t<meta property=\"og:image:height\" content=\"1200\" \/>\n\t<meta property=\"og:image:type\" content=\"image\/jpeg\" \/>\n<meta name=\"author\" content=\"C\u0103t\u0103lin Dosca\u0219\" \/>\n<meta name=\"twitter:card\" content=\"summary_large_image\" \/>\n<meta name=\"twitter:label1\" content=\"Written by\" \/>\n\t<meta name=\"twitter:data1\" content=\"C\u0103t\u0103lin Dosca\u0219\" \/>\n\t<meta name=\"twitter:label2\" content=\"Estimated reading time\" \/>\n\t<meta name=\"twitter:data2\" content=\"2 minutes\" \/>\n<script type=\"application\/ld+json\" class=\"yoast-schema-graph\">{\"@context\":\"https:\\\/\\\/schema.org\",\"@graph\":[{\"@type\":\"Article\",\"@id\":\"https:\\\/\\\/buletin.de\\\/bucuresti\\\/ryanair-cinci-rute-noi-de-pe-aeroportul-otopeni-operatorul-low-cost-creste-si-frecventa-zborurilor-catre-italia-si-irlanda\\\/#article\",\"isPartOf\":{\"@id\":\"https:\\\/\\\/buletin.de\\\/bucuresti\\\/ryanair-cinci-rute-noi-de-pe-aeroportul-otopeni-operatorul-low-cost-creste-si-frecventa-zborurilor-catre-italia-si-irlanda\\\/\"},\"author\":{\"name\":\"C\u0103t\u0103lin Dosca\u0219\",\"@id\":\"https:\\\/\\\/buletin.de\\\/bucuresti\\\/#\\\/schema\\\/person\\\/31117187ed4d0bdb0a4c7d6acc79d0f8\"},\"headline\":\"Ryanair, cinci rute noi de pe Otopeni. Operatorul low-cost cre\u0219te \u0219i frecven\u021ba zborurilor c\u0103tre Italia \u0219i Irlanda\",\"datePublished\":\"2024-04-21T07:02:14+00:00\",\"dateModified\":\"2024-04-21T07:02:43+00:00\",\"mainEntityOfPage\":{\"@id\":\"https:\\\/\\\/buletin.de\\\/bucuresti\\\/ryanair-cinci-rute-noi-de-pe-aeroportul-otopeni-operatorul-low-cost-creste-si-frecventa-zborurilor-catre-italia-si-irlanda\\\/\"},\"wordCount\":347,\"publisher\":{\"@id\":\"https:\\\/\\\/buletin.de\\\/bucuresti\\\/#organization\"},\"image\":{\"@id\":\"https:\\\/\\\/buletin.de\\\/bucuresti\\\/ryanair-cinci-rute-noi-de-pe-aeroportul-otopeni-operatorul-low-cost-creste-si-frecventa-zborurilor-catre-italia-si-irlanda\\\/#primaryimage\"},\"thumbnailUrl\":\"https:\\\/\\\/buletin.de\\\/bucuresti\\\/wp-content\\\/uploads\\\/y3kge8fatvc.jpg\",\"keywords\":[\"curse\",\"ore\",\"otopeni\",\"program\",\"reclamatii\",\"Ryanair\"],\"articleSection\":[\"Articole\",\"\u0218tiri\",\"Transport\"],\"inLanguage\":\"en-GB\",\"copyrightYear\":\"2024\",\"copyrightHolder\":{\"@id\":\"https:\\\/\\\/buletin.de\\\/bucuresti\\\/#organization\"}},{\"@type\":\"WebPage\",\"@id\":\"https:\\\/\\\/buletin.de\\\/bucuresti\\\/ryanair-cinci-rute-noi-de-pe-aeroportul-otopeni-operatorul-low-cost-creste-si-frecventa-zborurilor-catre-italia-si-irlanda\\\/\",\"url\":\"https:\\\/\\\/buletin.de\\\/bucuresti\\\/ryanair-cinci-rute-noi-de-pe-aeroportul-otopeni-operatorul-low-cost-creste-si-frecventa-zborurilor-catre-italia-si-irlanda\\\/\",\"name\":\"Ryanair, cinci rute noi de pe Otopeni. Operatorul low-cost cre\u0219te \u0219i frecven\u021ba zborurilor c\u0103tre Italia \u0219i Irlanda - Buletin de Bucure\u0219ti\",\"isPartOf\":{\"@id\":\"https:\\\/\\\/buletin.de\\\/bucuresti\\\/#website\"},\"primaryImageOfPage\":{\"@id\":\"https:\\\/\\\/buletin.de\\\/bucuresti\\\/ryanair-cinci-rute-noi-de-pe-aeroportul-otopeni-operatorul-low-cost-creste-si-frecventa-zborurilor-catre-italia-si-irlanda\\\/#primaryimage\"},\"image\":{\"@id\":\"https:\\\/\\\/buletin.de\\\/bucuresti\\\/ryanair-cinci-rute-noi-de-pe-aeroportul-otopeni-operatorul-low-cost-creste-si-frecventa-zborurilor-catre-italia-si-irlanda\\\/#primaryimage\"},\"thumbnailUrl\":\"https:\\\/\\\/buletin.de\\\/bucuresti\\\/wp-content\\\/uploads\\\/y3kge8fatvc.jpg\",\"datePublished\":\"2024-04-21T07:02:14+00:00\",\"dateModified\":\"2024-04-21T07:02:43+00:00\",\"breadcrumb\":{\"@id\":\"https:\\\/\\\/buletin.de\\\/bucuresti\\\/ryanair-cinci-rute-noi-de-pe-aeroportul-otopeni-operatorul-low-cost-creste-si-frecventa-zborurilor-catre-italia-si-irlanda\\\/#breadcrumb\"},\"inLanguage\":\"en-GB\",\"potentialAction\":[{\"@type\":\"ReadAction\",\"target\":[\"https:\\\/\\\/buletin.de\\\/bucuresti\\\/ryanair-cinci-rute-noi-de-pe-aeroportul-otopeni-operatorul-low-cost-creste-si-frecventa-zborurilor-catre-italia-si-irlanda\\\/\"]}]},{\"@type\":\"ImageObject\",\"inLanguage\":\"en-GB\",\"@id\":\"https:\\\/\\\/buletin.de\\\/bucuresti\\\/ryanair-cinci-rute-noi-de-pe-aeroportul-otopeni-operatorul-low-cost-creste-si-frecventa-zborurilor-catre-italia-si-irlanda\\\/#primaryimage\",\"url\":\"https:\\\/\\\/buletin.de\\\/bucuresti\\\/wp-content\\\/uploads\\\/y3kge8fatvc.jpg\",\"contentUrl\":\"https:\\\/\\\/buletin.de\\\/bucuresti\\\/wp-content\\\/uploads\\\/y3kge8fatvc.jpg\",\"width\":900,\"height\":1200,\"caption\":\"airplane window view of airplane window\"},{\"@type\":\"BreadcrumbList\",\"@id\":\"https:\\\/\\\/buletin.de\\\/bucuresti\\\/ryanair-cinci-rute-noi-de-pe-aeroportul-otopeni-operatorul-low-cost-creste-si-frecventa-zborurilor-catre-italia-si-irlanda\\\/#breadcrumb\",\"itemListElement\":[{\"@type\":\"ListItem\",\"position\":1,\"name\":\"Acas\u0103\",\"item\":\"https:\\\/\\\/buletin.de\\\/bucuresti\\\/\"},{\"@type\":\"ListItem\",\"position\":2,\"name\":\"Ryanair, cinci rute noi de pe Otopeni. Operatorul low-cost cre\u0219te \u0219i frecven\u021ba zborurilor c\u0103tre Italia \u0219i Irlanda\"}]},{\"@type\":\"WebSite\",\"@id\":\"https:\\\/\\\/buletin.de\\\/bucuresti\\\/#website\",\"url\":\"https:\\\/\\\/buletin.de\\\/bucuresti\\\/\",\"name\":\"Buletin de Bucure\u0219ti\",\"description\":\"\u0218tiri \u0219i investiga\u021bii esen\u021biale din capital\u0103\",\"publisher\":{\"@id\":\"https:\\\/\\\/buletin.de\\\/bucuresti\\\/#organization\"},\"potentialAction\":[{\"@type\":\"SearchAction\",\"target\":{\"@type\":\"EntryPoint\",\"urlTemplate\":\"https:\\\/\\\/buletin.de\\\/bucuresti\\\/?s={search_term_string}\"},\"query-input\":{\"@type\":\"PropertyValueSpecification\",\"valueRequired\":true,\"valueName\":\"search_term_string\"}}],\"inLanguage\":\"en-GB\"},{\"@type\":\"Organization\",\"@id\":\"https:\\\/\\\/buletin.de\\\/bucuresti\\\/#organization\",\"name\":\"Buletin de Bucure\u0219ti\",\"url\":\"https:\\\/\\\/buletin.de\\\/bucuresti\\\/\",\"logo\":{\"@type\":\"ImageObject\",\"inLanguage\":\"en-GB\",\"@id\":\"https:\\\/\\\/buletin.de\\\/bucuresti\\\/#\\\/schema\\\/logo\\\/image\\\/\",\"url\":\"https:\\\/\\\/buletin.de\\\/bucuresti\\\/wp-content\\\/uploads\\\/logo-bdb-full-wide-vernil-transparent.png\",\"contentUrl\":\"https:\\\/\\\/buletin.de\\\/bucuresti\\\/wp-content\\\/uploads\\\/logo-bdb-full-wide-vernil-transparent.png\",\"width\":1782,\"height\":626,\"caption\":\"Buletin de Bucure\u0219ti\"},\"image\":{\"@id\":\"https:\\\/\\\/buletin.de\\\/bucuresti\\\/#\\\/schema\\\/logo\\\/image\\\/\"},\"sameAs\":[\"https:\\\/\\\/www.facebook.com\\\/buletin.de.buc\",\"https:\\\/\\\/www.instagram.com\\\/buletinde.bucuresti\\\/\"]},{\"@type\":\"Person\",\"@id\":\"https:\\\/\\\/buletin.de\\\/bucuresti\\\/#\\\/schema\\\/person\\\/31117187ed4d0bdb0a4c7d6acc79d0f8\",\"name\":\"C\u0103t\u0103lin Dosca\u0219\",\"image\":{\"@type\":\"ImageObject\",\"inLanguage\":\"en-GB\",\"@id\":\"https:\\\/\\\/buletin.de\\\/bucuresti\\\/wp-content\\\/uploads\\\/Catalin-Doscas-e1732731064764-96x96.jpga93e2943bb3b1c1f9ead823df6e6317a\",\"url\":\"https:\\\/\\\/buletin.de\\\/bucuresti\\\/wp-content\\\/uploads\\\/Catalin-Doscas-e1732731064764-96x96.jpg\",\"contentUrl\":\"https:\\\/\\\/buletin.de\\\/bucuresti\\\/wp-content\\\/uploads\\\/Catalin-Doscas-e1732731064764-96x96.jpg\",\"caption\":\"C\u0103t\u0103lin Dosca\u0219\"},\"description\":\"Reporter \u0219i redactor-\u0219ef Buletin de Bucure\u0219ti. Lucreaz\u0103 \u00een mass-media de la v\u00e2rsta de 15 ani, c\u00e2nd a publicat primele articole \u00een presa local\u0103 din Tecuci. \u00cen Bucure\u0219ti a lucrat \u00een redac\u021bii radio ca reporter, redactor \u0219i prezentator (StudentFM, Na\u021bionalFM, Radio Total, Smart FM), unde a acoperit domeniile politic, economic, social \u0219i externe. Ulterior, a fost editor-coordonator al postului Realitatea FM. Experien\u021ba \u00een jurnalismul online a dob\u00e2ndit-o la portalul B365.ro, unde a fost editor. \u00cen 2012 s-a angajat \u00een televiziune. La Realitatea TV a fost, pe r\u00e2nd, reporter la sec\u021bia Social, reporter special la emisiunea de reportaje \u0219i anchete \u201eReporterii Realit\u0103\u021bii\u201d, dar \u0219i editor al jurnalelor de \u0219tiri. Ulterior, a f\u0103cut parte din sec\u021bia de Investiga\u021bii de la Digi24 \u0219i a lucrat la campania \u201eRom\u00e2nia furat\u0103\u201d. A revenit \u00een presa scris\u0103 \u00een 2017, ca reporter special, \u00een cadrul unui proiect de repozi\u021bionare a tabloidului Libertatea \u00een cotidian generalist. Este jurnalist Buletin de Bucure\u0219ti din 2019.\",\"url\":\"https:\\\/\\\/buletin.de\\\/bucuresti\\\/author\\\/catalin\\\/\"}]}<\/script>\n<!-- \/ Yoast SEO Premium plugin. -->","yoast_head_json":{"title":"Ryanair, cinci rute noi de pe Otopeni. Operatorul low-cost cre\u0219te \u0219i frecven\u021ba zborurilor c\u0103tre Italia \u0219i Irlanda - Buletin de Bucure\u0219ti","robots":{"index":"index","follow":"follow","max-snippet":"max-snippet:-1","max-image-preview":"max-image-preview:large","max-video-preview":"max-video-preview:-1"},"canonical":"https:\/\/buletin.de\/bucuresti\/ryanair-cinci-rute-noi-de-pe-aeroportul-otopeni-operatorul-low-cost-creste-si-frecventa-zborurilor-catre-italia-si-irlanda\/","og_locale":"en_GB","og_type":"article","og_title":"Ryanair, cinci rute noi de pe Otopeni. Operatorul low-cost cre\u0219te \u0219i frecven\u021ba zborurilor c\u0103tre Italia \u0219i Irlanda","og_description":"Operatorul low-cost irlandez Ryanair, care opereaz\u0103 pe aeroporturile din Otopeni, Cluj \u015fi Ia\u015fi, adaug\u0103 cinci rute noi \u00een programul de var\u0103 din acest an de pe aeroportul \u201eHenri Coand\u0103\u201d. De asemenea, compania a anun\u021bat c\u0103 a m\u0103rit \u015fi frecven\u0163a c\u00e2torva rute deja existente. Ryanair va opera \u00een total 44 de rute dinspre \u015fi \u00eenspre Rom\u00e2nia [&hellip;]","og_url":"https:\/\/buletin.de\/bucuresti\/ryanair-cinci-rute-noi-de-pe-aeroportul-otopeni-operatorul-low-cost-creste-si-frecventa-zborurilor-catre-italia-si-irlanda\/","og_site_name":"Buletin de Bucure\u0219ti","article_publisher":"https:\/\/www.facebook.com\/buletin.de.buc","article_published_time":"2024-04-21T07:02:14+00:00","article_modified_time":"2024-04-21T07:02:43+00:00","og_image":[{"width":900,"height":1200,"url":"https:\/\/buletin.de\/bucuresti\/wp-content\/uploads\/y3kge8fatvc.jpg","type":"image\/jpeg"}],"author":"C\u0103t\u0103lin Dosca\u0219","twitter_card":"summary_large_image","twitter_misc":{"Written by":"C\u0103t\u0103lin Dosca\u0219","Estimated reading time":"2 minutes"},"schema":{"@context":"https:\/\/schema.org","@graph":[{"@type":"Article","@id":"https:\/\/buletin.de\/bucuresti\/ryanair-cinci-rute-noi-de-pe-aeroportul-otopeni-operatorul-low-cost-creste-si-frecventa-zborurilor-catre-italia-si-irlanda\/#article","isPartOf":{"@id":"https:\/\/buletin.de\/bucuresti\/ryanair-cinci-rute-noi-de-pe-aeroportul-otopeni-operatorul-low-cost-creste-si-frecventa-zborurilor-catre-italia-si-irlanda\/"},"author":{"name":"C\u0103t\u0103lin Dosca\u0219","@id":"https:\/\/buletin.de\/bucuresti\/#\/schema\/person\/31117187ed4d0bdb0a4c7d6acc79d0f8"},"headline":"Ryanair, cinci rute noi de pe Otopeni. Operatorul low-cost cre\u0219te \u0219i frecven\u021ba zborurilor c\u0103tre Italia \u0219i Irlanda","datePublished":"2024-04-21T07:02:14+00:00","dateModified":"2024-04-21T07:02:43+00:00","mainEntityOfPage":{"@id":"https:\/\/buletin.de\/bucuresti\/ryanair-cinci-rute-noi-de-pe-aeroportul-otopeni-operatorul-low-cost-creste-si-frecventa-zborurilor-catre-italia-si-irlanda\/"},"wordCount":347,"publisher":{"@id":"https:\/\/buletin.de\/bucuresti\/#organization"},"image":{"@id":"https:\/\/buletin.de\/bucuresti\/ryanair-cinci-rute-noi-de-pe-aeroportul-otopeni-operatorul-low-cost-creste-si-frecventa-zborurilor-catre-italia-si-irlanda\/#primaryimage"},"thumbnailUrl":"https:\/\/buletin.de\/bucuresti\/wp-content\/uploads\/y3kge8fatvc.jpg","keywords":["curse","ore","otopeni","program","reclamatii","Ryanair"],"articleSection":["Articole","\u0218tiri","Transport"],"inLanguage":"en-GB","copyrightYear":"2024","copyrightHolder":{"@id":"https:\/\/buletin.de\/bucuresti\/#organization"}},{"@type":"WebPage","@id":"https:\/\/buletin.de\/bucuresti\/ryanair-cinci-rute-noi-de-pe-aeroportul-otopeni-operatorul-low-cost-creste-si-frecventa-zborurilor-catre-italia-si-irlanda\/","url":"https:\/\/buletin.de\/bucuresti\/ryanair-cinci-rute-noi-de-pe-aeroportul-otopeni-operatorul-low-cost-creste-si-frecventa-zborurilor-catre-italia-si-irlanda\/","name":"Ryanair, cinci rute noi de pe Otopeni. Operatorul low-cost cre\u0219te \u0219i frecven\u021ba zborurilor c\u0103tre Italia \u0219i Irlanda - Buletin de Bucure\u0219ti","isPartOf":{"@id":"https:\/\/buletin.de\/bucuresti\/#website"},"primaryImageOfPage":{"@id":"https:\/\/buletin.de\/bucuresti\/ryanair-cinci-rute-noi-de-pe-aeroportul-otopeni-operatorul-low-cost-creste-si-frecventa-zborurilor-catre-italia-si-irlanda\/#primaryimage"},"image":{"@id":"https:\/\/buletin.de\/bucuresti\/ryanair-cinci-rute-noi-de-pe-aeroportul-otopeni-operatorul-low-cost-creste-si-frecventa-zborurilor-catre-italia-si-irlanda\/#primaryimage"},"thumbnailUrl":"https:\/\/buletin.de\/bucuresti\/wp-content\/uploads\/y3kge8fatvc.jpg","datePublished":"2024-04-21T07:02:14+00:00","dateModified":"2024-04-21T07:02:43+00:00","breadcrumb":{"@id":"https:\/\/buletin.de\/bucuresti\/ryanair-cinci-rute-noi-de-pe-aeroportul-otopeni-operatorul-low-cost-creste-si-frecventa-zborurilor-catre-italia-si-irlanda\/#breadcrumb"},"inLanguage":"en-GB","potentialAction":[{"@type":"ReadAction","target":["https:\/\/buletin.de\/bucuresti\/ryanair-cinci-rute-noi-de-pe-aeroportul-otopeni-operatorul-low-cost-creste-si-frecventa-zborurilor-catre-italia-si-irlanda\/"]}]},{"@type":"ImageObject","inLanguage":"en-GB","@id":"https:\/\/buletin.de\/bucuresti\/ryanair-cinci-rute-noi-de-pe-aeroportul-otopeni-operatorul-low-cost-creste-si-frecventa-zborurilor-catre-italia-si-irlanda\/#primaryimage","url":"https:\/\/buletin.de\/bucuresti\/wp-content\/uploads\/y3kge8fatvc.jpg","contentUrl":"https:\/\/buletin.de\/bucuresti\/wp-content\/uploads\/y3kge8fatvc.jpg","width":900,"height":1200,"caption":"airplane window view of airplane window"},{"@type":"BreadcrumbList","@id":"https:\/\/buletin.de\/bucuresti\/ryanair-cinci-rute-noi-de-pe-aeroportul-otopeni-operatorul-low-cost-creste-si-frecventa-zborurilor-catre-italia-si-irlanda\/#breadcrumb","itemListElement":[{"@type":"ListItem","position":1,"name":"Acas\u0103","item":"https:\/\/buletin.de\/bucuresti\/"},{"@type":"ListItem","position":2,"name":"Ryanair, cinci rute noi de pe Otopeni. Operatorul low-cost cre\u0219te \u0219i frecven\u021ba zborurilor c\u0103tre Italia \u0219i Irlanda"}]},{"@type":"WebSite","@id":"https:\/\/buletin.de\/bucuresti\/#website","url":"https:\/\/buletin.de\/bucuresti\/","name":"Buletin de Bucure\u0219ti","description":"\u0218tiri \u0219i investiga\u021bii esen\u021biale din capital\u0103","publisher":{"@id":"https:\/\/buletin.de\/bucuresti\/#organization"},"potentialAction":[{"@type":"SearchAction","target":{"@type":"EntryPoint","urlTemplate":"https:\/\/buletin.de\/bucuresti\/?s={search_term_string}"},"query-input":{"@type":"PropertyValueSpecification","valueRequired":true,"valueName":"search_term_string"}}],"inLanguage":"en-GB"},{"@type":"Organization","@id":"https:\/\/buletin.de\/bucuresti\/#organization","name":"Buletin de Bucure\u0219ti","url":"https:\/\/buletin.de\/bucuresti\/","logo":{"@type":"ImageObject","inLanguage":"en-GB","@id":"https:\/\/buletin.de\/bucuresti\/#\/schema\/logo\/image\/","url":"https:\/\/buletin.de\/bucuresti\/wp-content\/uploads\/logo-bdb-full-wide-vernil-transparent.png","contentUrl":"https:\/\/buletin.de\/bucuresti\/wp-content\/uploads\/logo-bdb-full-wide-vernil-transparent.png","width":1782,"height":626,"caption":"Buletin de Bucure\u0219ti"},"image":{"@id":"https:\/\/buletin.de\/bucuresti\/#\/schema\/logo\/image\/"},"sameAs":["https:\/\/www.facebook.com\/buletin.de.buc","https:\/\/www.instagram.com\/buletinde.bucuresti\/"]},{"@type":"Person","@id":"https:\/\/buletin.de\/bucuresti\/#\/schema\/person\/31117187ed4d0bdb0a4c7d6acc79d0f8","name":"C\u0103t\u0103lin Dosca\u0219","image":{"@type":"ImageObject","inLanguage":"en-GB","@id":"https:\/\/buletin.de\/bucuresti\/wp-content\/uploads\/Catalin-Doscas-e1732731064764-96x96.jpga93e2943bb3b1c1f9ead823df6e6317a","url":"https:\/\/buletin.de\/bucuresti\/wp-content\/uploads\/Catalin-Doscas-e1732731064764-96x96.jpg","contentUrl":"https:\/\/buletin.de\/bucuresti\/wp-content\/uploads\/Catalin-Doscas-e1732731064764-96x96.jpg","caption":"C\u0103t\u0103lin Dosca\u0219"},"description":"Reporter \u0219i redactor-\u0219ef Buletin de Bucure\u0219ti. Lucreaz\u0103 \u00een mass-media de la v\u00e2rsta de 15 ani, c\u00e2nd a publicat primele articole \u00een presa local\u0103 din Tecuci. \u00cen Bucure\u0219ti a lucrat \u00een redac\u021bii radio ca reporter, redactor \u0219i prezentator (StudentFM, Na\u021bionalFM, Radio Total, Smart FM), unde a acoperit domeniile politic, economic, social \u0219i externe. Ulterior, a fost editor-coordonator al postului Realitatea FM. Experien\u021ba \u00een jurnalismul online a dob\u00e2ndit-o la portalul B365.ro, unde a fost editor. \u00cen 2012 s-a angajat \u00een televiziune. La Realitatea TV a fost, pe r\u00e2nd, reporter la sec\u021bia Social, reporter special la emisiunea de reportaje \u0219i anchete \u201eReporterii Realit\u0103\u021bii\u201d, dar \u0219i editor al jurnalelor de \u0219tiri. Ulterior, a f\u0103cut parte din sec\u021bia de Investiga\u021bii de la Digi24 \u0219i a lucrat la campania \u201eRom\u00e2nia furat\u0103\u201d. A revenit \u00een presa scris\u0103 \u00een 2017, ca reporter special, \u00een cadrul unui proiect de repozi\u021bionare a tabloidului Libertatea \u00een cotidian generalist. Este jurnalist Buletin de Bucure\u0219ti din 2019.","url":"https:\/\/buletin.de\/bucuresti\/author\/catalin\/"}]}},"authors":[{"term_id":22575,"user_id":10,"is_guest":0,"slug":"catalin","display_name":"C\u0103t\u0103lin Dosca\u0219","avatar_url":"https:\/\/buletin.de\/bucuresti\/wp-content\/uploads\/Catalin-Doscas-e1732731064764-96x96.jpg","0":null,"1":"","2":"","3":"","4":"","5":"","6":"","7":"","8":""}],"_links":{"self":[{"href":"https:\/\/buletin.de\/bucuresti\/wp-json\/wp\/v2\/posts\/83641","targetHints":{"allow":["GET"]}}],"collection":[{"href":"https:\/\/buletin.de\/bucuresti\/wp-json\/wp\/v2\/posts"}],"about":[{"href":"https:\/\/buletin.de\/bucuresti\/wp-json\/wp\/v2\/types\/post"}],"author":[{"embeddable":true,"href":"https:\/\/buletin.de\/bucuresti\/wp-json\/wp\/v2\/users\/10"}],"replies":[{"embeddable":true,"href":"https:\/\/buletin.de\/bucuresti\/wp-json\/wp\/v2\/comments?post=83641"}],"version-history":[{"count":2,"href":"https:\/\/buletin.de\/bucuresti\/wp-json\/wp\/v2\/posts\/83641\/revisions"}],"predecessor-version":[{"id":83644,"href":"https:\/\/buletin.de\/bucuresti\/wp-json\/wp\/v2\/posts\/83641\/revisions\/83644"}],"wp:featuredmedia":[{"embeddable":true,"href":"https:\/\/buletin.de\/bucuresti\/wp-json\/wp\/v2\/media\/83642"}],"wp:attachment":[{"href":"https:\/\/buletin.de\/bucuresti\/wp-json\/wp\/v2\/media?parent=83641"}],"wp:term":[{"taxonomy":"category","embeddable":true,"href":"https:\/\/buletin.de\/bucuresti\/wp-json\/wp\/v2\/categories?post=83641"},{"taxonomy":"post_tag","embeddable":true,"href":"https:\/\/buletin.de\/bucuresti\/wp-json\/wp\/v2\/tags?post=83641"},{"taxonomy":"author","embeddable":true,"href":"https:\/\/buletin.de\/bucuresti\/wp-json\/wp\/v2\/ppma_author?post=83641"}],"curies":[{"name":"wp","href":"https:\/\/api.w.org\/{rel}","templated":true}]}}