{"id":83584,"date":"2024-04-20T10:13:34","date_gmt":"2024-04-20T07:13:34","guid":{"rendered":"https:\/\/buletin.de\/bucuresti\/?p=83584"},"modified":"2024-04-21T13:42:14","modified_gmt":"2024-04-21T10:42:14","slug":"strazi-deschise-si-in-sectorul-2","status":"publish","type":"post","link":"https:\/\/buletin.de\/bucuresti\/strazi-deschise-si-in-sectorul-2\/","title":{"rendered":"\u201eStr\u0103zi Deschise\u201d \u0219i \u00een Sectorul 2"},"content":{"rendered":"\n<p><strong>\u00cen acest weekend, &#8220;Str\u0103zi deschise, Bucure\u0219ti &#8211; Promenad\u0103 urban\u0103&#8221; are loc \u0219i \u00eentr-o nou\u0103 zon\u0103 a Capitalei, strada Zece Mese din Sectorul 2, \u00eentre Calea Mo\u0219ilor \u0219i Strada Dimitrie Onciul. Programul include activit\u0103\u021bi dedicate familiilor cu copii, concerte cu muzic\u0103 live \u0219i spectacole de dans pentru toate v\u00e2rstele.<\/strong><\/p>\n\n\n\n<p>S\u00e2mb\u0103t\u0103, \u00eencep\u00e2nd cu ora 11:00, copiii \u0219i p\u0103rin\u021bii sunt invita\u021bi s\u0103 se al\u0103ture jocurilor interactive sus\u021binute de Biblioteca Metropolitan\u0103 Bucure\u0219ti.<\/p>\n\n\n\n<p><strong>S\u00c2MB\u0102T\u0102, 20 aprilie<\/strong><\/p>\n\n\n\n<p><strong>11:00 \u2013 11:30:<\/strong> Spectacol de teatru pentru copii \u2013 PRIN\u021aESA R\u0102SF\u0102\u021aAT\u0102 (Teatrul Nottara);&nbsp;<\/p>\n\n\n\n<p><strong>11:00 \u2013 13:00<\/strong>: Ateliere de crea\u021bie, de dezvoltare a abilit\u0103\u021bilor artistice \u0219i de lectur\u0103 \u2013 Ghicitori pentru copii, c\u0103l\u0103torie \u00een lumea cuvintelor (Biblioteca Metropolitan\u0103 Bucure\u0219ti);<\/p>\n\n\n\n<p><strong>12:00 \u2013 12:30:<\/strong> Spectacol de teatru pentru copii \u2013 PRIN\u021aESA R\u0102SF\u0102\u021aAT\u0102 (Teatrul Nottara);<\/p>\n\n\n\n<p><strong>12:00 \u2013 12:45:<\/strong> Spectacol de magie pentru copii \u2013 MAGITOT sunt eu (Teatrul Dramaturgilor Rom\u00e2ni);&nbsp;<\/p>\n\n\n\n<p><strong>17:00 \u2013 17:45<\/strong>: Concert de muzic\u0103 popular\u0103, Sec\u021bia canto muzic\u0103 popular\u0103 \u2013 Expert: Maria Constantin (\u0218coala de Art\u0103 Bucure\u0219ti);<\/p>\n\n\n\n<p><strong>17:00 \u2013 20:00:<\/strong> Caricaturi (Vasile Catrina);&nbsp;<\/p>\n\n\n\n<p><strong>18:00 \u2013 18:45:<\/strong> Concert de percu\u021bie, Sec\u021bia Percu\u021bie \u2013 Expert: Pavel Stoica (\u0218coala de Art\u0103 Bucure\u0219ti);<\/p>\n\n\n\n<p><strong>19:00 \u2013 19:45:<\/strong> Spectacol de dans modern \u0219i contemporan, Sec\u021bia Coregrafie \u2013 Expert: Elena Zamfirescu (\u0218coala de Art\u0103 Bucure\u0219ti);<\/p>\n\n\n\n<p><strong>DUMINIC\u0102, 21 aprilie<\/strong><\/p>\n\n\n\n<p><strong>11:00 \u2013 13:00: <\/strong>Ateliere pentru copii \u2013 Lectur\u0103 interactiv\u0103 \u0219i \u00eenv\u0103\u021bare prin joc (Biblioteca Metropolitan\u0103 Bucure\u0219ti);<\/p>\n\n\n\n<p><strong>17:00 \u2013 17:45:<\/strong> Concert de muzic\u0103 popular\u0103, Sec\u021bia canto muzic\u0103 popular\u0103 \u2013 Expert: Maria Constantin (\u0218coala de Art\u0103 Bucure\u0219ti);<\/p>\n\n\n\n<p><strong>18:00 \u2013 18:45: <\/strong>Concert de percu\u021bie, Sec\u021bia Percu\u021bie \u2013 Expert: Pavel Stoica (\u0218coala de Art\u0103 Bucure\u0219ti);<\/p>\n\n\n\n<p><strong>19:00 \u2013 19:45: <\/strong>Spectacol de dans modern \u0219i contemporan, Sec\u021bia Coregrafie \u2013 Expert: Elena Zamfirescu (\u0218coala de Art\u0103 Bucure\u0219ti).<\/p>\n\n\n\n<p>\u00cen sectorul 2 al Capitalei, pe strada Zece Mese, \u00eentre Calea Mo\u0219ilor \u0219i Strada Dimitrie Onciul, traficul este restric\u021bionat p\u00e2n\u0103 luni, 22 aprilie, ora 02:00.<\/p>\n\n\n\n<p><strong>CITE\u0218TE \u0218I:<\/strong><\/p>\n\n\n\n<figure class=\"wp-block-embed is-type-wp-embed is-provider-buletin-de-bucure-ti wp-block-embed-buletin-de-bucure-ti\"><div class=\"wp-block-embed__wrapper\">\n<blockquote class=\"wp-embedded-content\" data-secret=\"JmiqvWIHdv\"><a href=\"https:\/\/buletin.de\/bucuresti\/inca-un-weekend-cu-strazi-deschise-in-capitala-sunt-restrictii-de-circulatie-in-centrul-bucurestiului\/\">\u00cenc\u0103 un weekend cu \u201eStr\u0103zi Deschise\u201d, \u00een Capital\u0103. Sunt restric\u021bii de circula\u021bie, \u00een centrul Bucure\u0219tiului<\/a><\/blockquote><iframe class=\"wp-embedded-content\" sandbox=\"allow-scripts\" security=\"restricted\" style=\"position: absolute; clip: rect(1px, 1px, 1px, 1px);\" title=\"&#8220;\u00cenc\u0103 un weekend cu \u201eStr\u0103zi Deschise\u201d, \u00een Capital\u0103. Sunt restric\u021bii de circula\u021bie, \u00een centrul Bucure\u0219tiului&#8221; &#8212; Buletin de Bucure\u0219ti\" src=\"https:\/\/buletin.de\/bucuresti\/inca-un-weekend-cu-strazi-deschise-in-capitala-sunt-restrictii-de-circulatie-in-centrul-bucurestiului\/embed\/#?secret=MtwuKe32jR#?secret=JmiqvWIHdv\" data-secret=\"JmiqvWIHdv\" width=\"600\" height=\"338\" frameborder=\"0\" marginwidth=\"0\" marginheight=\"0\" scrolling=\"no\"><\/iframe>\n<\/div><\/figure>\n","protected":false},"excerpt":{"rendered":"<p>\u00cen acest weekend, &#8220;Str\u0103zi deschise, Bucure\u0219ti &#8211; Promenad\u0103 urban\u0103&#8221; are loc \u0219i \u00eentr-o nou\u0103 zon\u0103 a Capitalei, strada Zece Mese din Sectorul 2, \u00eentre Calea Mo\u0219ilor \u0219i Strada Dimitrie Onciul. Programul include activit\u0103\u021bi dedicate familiilor cu copii, concerte cu muzic\u0103 live \u0219i spectacole de dans pentru toate v\u00e2rstele. S\u00e2mb\u0103t\u0103, \u00eencep\u00e2nd cu ora 11:00, copiii \u0219i [&hellip;]<\/p>\n","protected":false},"author":49,"featured_media":76968,"comment_status":"closed","ping_status":"open","sticky":false,"template":"","format":"standard","meta":{"_acf_changed":false,"inline_featured_image":false,"ngg_post_thumbnail":0,"footnotes":""},"categories":[6994],"tags":[6101,229,11351,2794],"ppma_author":[22574],"class_list":["post-83584","post","type-post","status-publish","format-standard","has-post-thumbnail","hentry","category-stiri-2","tag-promenada-urbana","tag-sector-2","tag-strada-zece-mese","tag-strazi-deschise"],"acf":[],"yoast_head":"<!-- This site is optimized with the Yoast SEO Premium plugin v25.3 (Yoast SEO v27.4) - https:\/\/yoast.com\/product\/yoast-seo-premium-wordpress\/ -->\n<title>\u201eStr\u0103zi Deschise\u201d \u0219i \u00een Sectorul 2 - Buletin de Bucure\u0219ti<\/title>\n<meta name=\"robots\" content=\"index, follow, max-snippet:-1, max-image-preview:large, max-video-preview:-1\" \/>\n<link rel=\"canonical\" href=\"https:\/\/buletin.de\/bucuresti\/strazi-deschise-si-in-sectorul-2\/\" \/>\n<meta property=\"og:locale\" content=\"en_GB\" \/>\n<meta property=\"og:type\" content=\"article\" \/>\n<meta property=\"og:title\" content=\"\u201eStr\u0103zi Deschise\u201d \u0219i \u00een Sectorul 2\" \/>\n<meta property=\"og:description\" content=\"\u00cen acest weekend, &#8220;Str\u0103zi deschise, Bucure\u0219ti &#8211; Promenad\u0103 urban\u0103&#8221; are loc \u0219i \u00eentr-o nou\u0103 zon\u0103 a Capitalei, strada Zece Mese din Sectorul 2, \u00eentre Calea Mo\u0219ilor \u0219i Strada Dimitrie Onciul. Programul include activit\u0103\u021bi dedicate familiilor cu copii, concerte cu muzic\u0103 live \u0219i spectacole de dans pentru toate v\u00e2rstele. S\u00e2mb\u0103t\u0103, \u00eencep\u00e2nd cu ora 11:00, copiii \u0219i [&hellip;]\" \/>\n<meta property=\"og:url\" content=\"https:\/\/buletin.de\/bucuresti\/strazi-deschise-si-in-sectorul-2\/\" \/>\n<meta property=\"og:site_name\" content=\"Buletin de Bucure\u0219ti\" \/>\n<meta property=\"article:publisher\" content=\"https:\/\/www.facebook.com\/buletin.de.buc\" \/>\n<meta property=\"article:published_time\" content=\"2024-04-20T07:13:34+00:00\" \/>\n<meta property=\"article:modified_time\" content=\"2024-04-21T10:42:14+00:00\" \/>\n<meta property=\"og:image\" content=\"https:\/\/buletin.de\/bucuresti\/wp-content\/uploads\/Strazi-deschise-2.jpg\" \/>\n\t<meta property=\"og:image:width\" content=\"1600\" \/>\n\t<meta property=\"og:image:height\" content=\"1066\" \/>\n\t<meta property=\"og:image:type\" content=\"image\/jpeg\" \/>\n<meta name=\"author\" content=\"Diana Matei\" \/>\n<meta name=\"twitter:card\" content=\"summary_large_image\" \/>\n<meta name=\"twitter:label1\" content=\"Written by\" \/>\n\t<meta name=\"twitter:data1\" content=\"Diana Matei\" \/>\n\t<meta name=\"twitter:label2\" content=\"Estimated reading time\" \/>\n\t<meta name=\"twitter:data2\" content=\"2 minutes\" \/>\n<script type=\"application\/ld+json\" class=\"yoast-schema-graph\">{\"@context\":\"https:\\\/\\\/schema.org\",\"@graph\":[{\"@type\":\"Article\",\"@id\":\"https:\\\/\\\/buletin.de\\\/bucuresti\\\/strazi-deschise-si-in-sectorul-2\\\/#article\",\"isPartOf\":{\"@id\":\"https:\\\/\\\/buletin.de\\\/bucuresti\\\/strazi-deschise-si-in-sectorul-2\\\/\"},\"author\":{\"name\":\"Diana Matei\",\"@id\":\"https:\\\/\\\/buletin.de\\\/bucuresti\\\/#\\\/schema\\\/person\\\/7e46040573290777280a0835d81ea4ea\"},\"headline\":\"\u201eStr\u0103zi Deschise\u201d \u0219i \u00een Sectorul 2\",\"datePublished\":\"2024-04-20T07:13:34+00:00\",\"dateModified\":\"2024-04-21T10:42:14+00:00\",\"mainEntityOfPage\":{\"@id\":\"https:\\\/\\\/buletin.de\\\/bucuresti\\\/strazi-deschise-si-in-sectorul-2\\\/\"},\"wordCount\":307,\"publisher\":{\"@id\":\"https:\\\/\\\/buletin.de\\\/bucuresti\\\/#organization\"},\"image\":{\"@id\":\"https:\\\/\\\/buletin.de\\\/bucuresti\\\/strazi-deschise-si-in-sectorul-2\\\/#primaryimage\"},\"thumbnailUrl\":\"https:\\\/\\\/buletin.de\\\/bucuresti\\\/wp-content\\\/uploads\\\/Strazi-deschise-2.jpg\",\"keywords\":[\"promenada urbana\",\"Sector 2\",\"strada Zece Mese\",\"strazi deschise\"],\"articleSection\":[\"Articole\"],\"inLanguage\":\"en-GB\",\"copyrightYear\":\"2024\",\"copyrightHolder\":{\"@id\":\"https:\\\/\\\/buletin.de\\\/bucuresti\\\/#organization\"}},{\"@type\":\"WebPage\",\"@id\":\"https:\\\/\\\/buletin.de\\\/bucuresti\\\/strazi-deschise-si-in-sectorul-2\\\/\",\"url\":\"https:\\\/\\\/buletin.de\\\/bucuresti\\\/strazi-deschise-si-in-sectorul-2\\\/\",\"name\":\"\u201eStr\u0103zi Deschise\u201d \u0219i \u00een Sectorul 2 - Buletin de Bucure\u0219ti\",\"isPartOf\":{\"@id\":\"https:\\\/\\\/buletin.de\\\/bucuresti\\\/#website\"},\"primaryImageOfPage\":{\"@id\":\"https:\\\/\\\/buletin.de\\\/bucuresti\\\/strazi-deschise-si-in-sectorul-2\\\/#primaryimage\"},\"image\":{\"@id\":\"https:\\\/\\\/buletin.de\\\/bucuresti\\\/strazi-deschise-si-in-sectorul-2\\\/#primaryimage\"},\"thumbnailUrl\":\"https:\\\/\\\/buletin.de\\\/bucuresti\\\/wp-content\\\/uploads\\\/Strazi-deschise-2.jpg\",\"datePublished\":\"2024-04-20T07:13:34+00:00\",\"dateModified\":\"2024-04-21T10:42:14+00:00\",\"breadcrumb\":{\"@id\":\"https:\\\/\\\/buletin.de\\\/bucuresti\\\/strazi-deschise-si-in-sectorul-2\\\/#breadcrumb\"},\"inLanguage\":\"en-GB\",\"potentialAction\":[{\"@type\":\"ReadAction\",\"target\":[\"https:\\\/\\\/buletin.de\\\/bucuresti\\\/strazi-deschise-si-in-sectorul-2\\\/\"]}]},{\"@type\":\"ImageObject\",\"inLanguage\":\"en-GB\",\"@id\":\"https:\\\/\\\/buletin.de\\\/bucuresti\\\/strazi-deschise-si-in-sectorul-2\\\/#primaryimage\",\"url\":\"https:\\\/\\\/buletin.de\\\/bucuresti\\\/wp-content\\\/uploads\\\/Strazi-deschise-2.jpg\",\"contentUrl\":\"https:\\\/\\\/buletin.de\\\/bucuresti\\\/wp-content\\\/uploads\\\/Strazi-deschise-2.jpg\",\"width\":1600,\"height\":1066,\"caption\":\"\u201eStr\u0103zi deschise, Bucure\u0219ti \u2013 Promenad\u0103 urban\u0103\u201d, \u00een centrul Capitalei. FOTO: Arhiva\"},{\"@type\":\"BreadcrumbList\",\"@id\":\"https:\\\/\\\/buletin.de\\\/bucuresti\\\/strazi-deschise-si-in-sectorul-2\\\/#breadcrumb\",\"itemListElement\":[{\"@type\":\"ListItem\",\"position\":1,\"name\":\"Acas\u0103\",\"item\":\"https:\\\/\\\/buletin.de\\\/bucuresti\\\/\"},{\"@type\":\"ListItem\",\"position\":2,\"name\":\"\u201eStr\u0103zi Deschise\u201d \u0219i \u00een Sectorul 2\"}]},{\"@type\":\"WebSite\",\"@id\":\"https:\\\/\\\/buletin.de\\\/bucuresti\\\/#website\",\"url\":\"https:\\\/\\\/buletin.de\\\/bucuresti\\\/\",\"name\":\"Buletin de Bucure\u0219ti\",\"description\":\"\u0218tiri \u0219i investiga\u021bii esen\u021biale din capital\u0103\",\"publisher\":{\"@id\":\"https:\\\/\\\/buletin.de\\\/bucuresti\\\/#organization\"},\"potentialAction\":[{\"@type\":\"SearchAction\",\"target\":{\"@type\":\"EntryPoint\",\"urlTemplate\":\"https:\\\/\\\/buletin.de\\\/bucuresti\\\/?s={search_term_string}\"},\"query-input\":{\"@type\":\"PropertyValueSpecification\",\"valueRequired\":true,\"valueName\":\"search_term_string\"}}],\"inLanguage\":\"en-GB\"},{\"@type\":\"Organization\",\"@id\":\"https:\\\/\\\/buletin.de\\\/bucuresti\\\/#organization\",\"name\":\"Buletin de Bucure\u0219ti\",\"url\":\"https:\\\/\\\/buletin.de\\\/bucuresti\\\/\",\"logo\":{\"@type\":\"ImageObject\",\"inLanguage\":\"en-GB\",\"@id\":\"https:\\\/\\\/buletin.de\\\/bucuresti\\\/#\\\/schema\\\/logo\\\/image\\\/\",\"url\":\"https:\\\/\\\/buletin.de\\\/bucuresti\\\/wp-content\\\/uploads\\\/logo-bdb-full-wide-vernil-transparent.png\",\"contentUrl\":\"https:\\\/\\\/buletin.de\\\/bucuresti\\\/wp-content\\\/uploads\\\/logo-bdb-full-wide-vernil-transparent.png\",\"width\":1782,\"height\":626,\"caption\":\"Buletin de Bucure\u0219ti\"},\"image\":{\"@id\":\"https:\\\/\\\/buletin.de\\\/bucuresti\\\/#\\\/schema\\\/logo\\\/image\\\/\"},\"sameAs\":[\"https:\\\/\\\/www.facebook.com\\\/buletin.de.buc\",\"https:\\\/\\\/www.instagram.com\\\/buletinde.bucuresti\\\/\"]},{\"@type\":\"Person\",\"@id\":\"https:\\\/\\\/buletin.de\\\/bucuresti\\\/#\\\/schema\\\/person\\\/7e46040573290777280a0835d81ea4ea\",\"name\":\"Diana Matei\",\"image\":{\"@type\":\"ImageObject\",\"inLanguage\":\"en-GB\",\"@id\":\"https:\\\/\\\/buletin.de\\\/bucuresti\\\/wp-content\\\/uploads\\\/9-2-96x96.jpg1e8590b30871d70e62ebcdaf2eff570c\",\"url\":\"https:\\\/\\\/buletin.de\\\/bucuresti\\\/wp-content\\\/uploads\\\/9-2-96x96.jpg\",\"contentUrl\":\"https:\\\/\\\/buletin.de\\\/bucuresti\\\/wp-content\\\/uploads\\\/9-2-96x96.jpg\",\"caption\":\"Diana Matei\"},\"url\":\"https:\\\/\\\/buletin.de\\\/bucuresti\\\/author\\\/dianamatei\\\/\"}]}<\/script>\n<!-- \/ Yoast SEO Premium plugin. -->","yoast_head_json":{"title":"\u201eStr\u0103zi Deschise\u201d \u0219i \u00een Sectorul 2 - Buletin de Bucure\u0219ti","robots":{"index":"index","follow":"follow","max-snippet":"max-snippet:-1","max-image-preview":"max-image-preview:large","max-video-preview":"max-video-preview:-1"},"canonical":"https:\/\/buletin.de\/bucuresti\/strazi-deschise-si-in-sectorul-2\/","og_locale":"en_GB","og_type":"article","og_title":"\u201eStr\u0103zi Deschise\u201d \u0219i \u00een Sectorul 2","og_description":"\u00cen acest weekend, &#8220;Str\u0103zi deschise, Bucure\u0219ti &#8211; Promenad\u0103 urban\u0103&#8221; are loc \u0219i \u00eentr-o nou\u0103 zon\u0103 a Capitalei, strada Zece Mese din Sectorul 2, \u00eentre Calea Mo\u0219ilor \u0219i Strada Dimitrie Onciul. Programul include activit\u0103\u021bi dedicate familiilor cu copii, concerte cu muzic\u0103 live \u0219i spectacole de dans pentru toate v\u00e2rstele. S\u00e2mb\u0103t\u0103, \u00eencep\u00e2nd cu ora 11:00, copiii \u0219i [&hellip;]","og_url":"https:\/\/buletin.de\/bucuresti\/strazi-deschise-si-in-sectorul-2\/","og_site_name":"Buletin de Bucure\u0219ti","article_publisher":"https:\/\/www.facebook.com\/buletin.de.buc","article_published_time":"2024-04-20T07:13:34+00:00","article_modified_time":"2024-04-21T10:42:14+00:00","og_image":[{"width":1600,"height":1066,"url":"https:\/\/buletin.de\/bucuresti\/wp-content\/uploads\/Strazi-deschise-2.jpg","type":"image\/jpeg"}],"author":"Diana Matei","twitter_card":"summary_large_image","twitter_misc":{"Written by":"Diana Matei","Estimated reading time":"2 minutes"},"schema":{"@context":"https:\/\/schema.org","@graph":[{"@type":"Article","@id":"https:\/\/buletin.de\/bucuresti\/strazi-deschise-si-in-sectorul-2\/#article","isPartOf":{"@id":"https:\/\/buletin.de\/bucuresti\/strazi-deschise-si-in-sectorul-2\/"},"author":{"name":"Diana Matei","@id":"https:\/\/buletin.de\/bucuresti\/#\/schema\/person\/7e46040573290777280a0835d81ea4ea"},"headline":"\u201eStr\u0103zi Deschise\u201d \u0219i \u00een Sectorul 2","datePublished":"2024-04-20T07:13:34+00:00","dateModified":"2024-04-21T10:42:14+00:00","mainEntityOfPage":{"@id":"https:\/\/buletin.de\/bucuresti\/strazi-deschise-si-in-sectorul-2\/"},"wordCount":307,"publisher":{"@id":"https:\/\/buletin.de\/bucuresti\/#organization"},"image":{"@id":"https:\/\/buletin.de\/bucuresti\/strazi-deschise-si-in-sectorul-2\/#primaryimage"},"thumbnailUrl":"https:\/\/buletin.de\/bucuresti\/wp-content\/uploads\/Strazi-deschise-2.jpg","keywords":["promenada urbana","Sector 2","strada Zece Mese","strazi deschise"],"articleSection":["Articole"],"inLanguage":"en-GB","copyrightYear":"2024","copyrightHolder":{"@id":"https:\/\/buletin.de\/bucuresti\/#organization"}},{"@type":"WebPage","@id":"https:\/\/buletin.de\/bucuresti\/strazi-deschise-si-in-sectorul-2\/","url":"https:\/\/buletin.de\/bucuresti\/strazi-deschise-si-in-sectorul-2\/","name":"\u201eStr\u0103zi Deschise\u201d \u0219i \u00een Sectorul 2 - Buletin de Bucure\u0219ti","isPartOf":{"@id":"https:\/\/buletin.de\/bucuresti\/#website"},"primaryImageOfPage":{"@id":"https:\/\/buletin.de\/bucuresti\/strazi-deschise-si-in-sectorul-2\/#primaryimage"},"image":{"@id":"https:\/\/buletin.de\/bucuresti\/strazi-deschise-si-in-sectorul-2\/#primaryimage"},"thumbnailUrl":"https:\/\/buletin.de\/bucuresti\/wp-content\/uploads\/Strazi-deschise-2.jpg","datePublished":"2024-04-20T07:13:34+00:00","dateModified":"2024-04-21T10:42:14+00:00","breadcrumb":{"@id":"https:\/\/buletin.de\/bucuresti\/strazi-deschise-si-in-sectorul-2\/#breadcrumb"},"inLanguage":"en-GB","potentialAction":[{"@type":"ReadAction","target":["https:\/\/buletin.de\/bucuresti\/strazi-deschise-si-in-sectorul-2\/"]}]},{"@type":"ImageObject","inLanguage":"en-GB","@id":"https:\/\/buletin.de\/bucuresti\/strazi-deschise-si-in-sectorul-2\/#primaryimage","url":"https:\/\/buletin.de\/bucuresti\/wp-content\/uploads\/Strazi-deschise-2.jpg","contentUrl":"https:\/\/buletin.de\/bucuresti\/wp-content\/uploads\/Strazi-deschise-2.jpg","width":1600,"height":1066,"caption":"\u201eStr\u0103zi deschise, Bucure\u0219ti \u2013 Promenad\u0103 urban\u0103\u201d, \u00een centrul Capitalei. FOTO: Arhiva"},{"@type":"BreadcrumbList","@id":"https:\/\/buletin.de\/bucuresti\/strazi-deschise-si-in-sectorul-2\/#breadcrumb","itemListElement":[{"@type":"ListItem","position":1,"name":"Acas\u0103","item":"https:\/\/buletin.de\/bucuresti\/"},{"@type":"ListItem","position":2,"name":"\u201eStr\u0103zi Deschise\u201d \u0219i \u00een Sectorul 2"}]},{"@type":"WebSite","@id":"https:\/\/buletin.de\/bucuresti\/#website","url":"https:\/\/buletin.de\/bucuresti\/","name":"Buletin de Bucure\u0219ti","description":"\u0218tiri \u0219i investiga\u021bii esen\u021biale din capital\u0103","publisher":{"@id":"https:\/\/buletin.de\/bucuresti\/#organization"},"potentialAction":[{"@type":"SearchAction","target":{"@type":"EntryPoint","urlTemplate":"https:\/\/buletin.de\/bucuresti\/?s={search_term_string}"},"query-input":{"@type":"PropertyValueSpecification","valueRequired":true,"valueName":"search_term_string"}}],"inLanguage":"en-GB"},{"@type":"Organization","@id":"https:\/\/buletin.de\/bucuresti\/#organization","name":"Buletin de Bucure\u0219ti","url":"https:\/\/buletin.de\/bucuresti\/","logo":{"@type":"ImageObject","inLanguage":"en-GB","@id":"https:\/\/buletin.de\/bucuresti\/#\/schema\/logo\/image\/","url":"https:\/\/buletin.de\/bucuresti\/wp-content\/uploads\/logo-bdb-full-wide-vernil-transparent.png","contentUrl":"https:\/\/buletin.de\/bucuresti\/wp-content\/uploads\/logo-bdb-full-wide-vernil-transparent.png","width":1782,"height":626,"caption":"Buletin de Bucure\u0219ti"},"image":{"@id":"https:\/\/buletin.de\/bucuresti\/#\/schema\/logo\/image\/"},"sameAs":["https:\/\/www.facebook.com\/buletin.de.buc","https:\/\/www.instagram.com\/buletinde.bucuresti\/"]},{"@type":"Person","@id":"https:\/\/buletin.de\/bucuresti\/#\/schema\/person\/7e46040573290777280a0835d81ea4ea","name":"Diana Matei","image":{"@type":"ImageObject","inLanguage":"en-GB","@id":"https:\/\/buletin.de\/bucuresti\/wp-content\/uploads\/9-2-96x96.jpg1e8590b30871d70e62ebcdaf2eff570c","url":"https:\/\/buletin.de\/bucuresti\/wp-content\/uploads\/9-2-96x96.jpg","contentUrl":"https:\/\/buletin.de\/bucuresti\/wp-content\/uploads\/9-2-96x96.jpg","caption":"Diana Matei"},"url":"https:\/\/buletin.de\/bucuresti\/author\/dianamatei\/"}]}},"authors":[{"term_id":22574,"user_id":49,"is_guest":0,"slug":"dianamatei","display_name":"Diana Matei","avatar_url":"https:\/\/buletin.de\/bucuresti\/wp-content\/uploads\/9-2-96x96.jpg","0":null,"1":"","2":"","3":"","4":"","5":"","6":"","7":"","8":""}],"_links":{"self":[{"href":"https:\/\/buletin.de\/bucuresti\/wp-json\/wp\/v2\/posts\/83584","targetHints":{"allow":["GET"]}}],"collection":[{"href":"https:\/\/buletin.de\/bucuresti\/wp-json\/wp\/v2\/posts"}],"about":[{"href":"https:\/\/buletin.de\/bucuresti\/wp-json\/wp\/v2\/types\/post"}],"author":[{"embeddable":true,"href":"https:\/\/buletin.de\/bucuresti\/wp-json\/wp\/v2\/users\/49"}],"replies":[{"embeddable":true,"href":"https:\/\/buletin.de\/bucuresti\/wp-json\/wp\/v2\/comments?post=83584"}],"version-history":[{"count":3,"href":"https:\/\/buletin.de\/bucuresti\/wp-json\/wp\/v2\/posts\/83584\/revisions"}],"predecessor-version":[{"id":83590,"href":"https:\/\/buletin.de\/bucuresti\/wp-json\/wp\/v2\/posts\/83584\/revisions\/83590"}],"wp:featuredmedia":[{"embeddable":true,"href":"https:\/\/buletin.de\/bucuresti\/wp-json\/wp\/v2\/media\/76968"}],"wp:attachment":[{"href":"https:\/\/buletin.de\/bucuresti\/wp-json\/wp\/v2\/media?parent=83584"}],"wp:term":[{"taxonomy":"category","embeddable":true,"href":"https:\/\/buletin.de\/bucuresti\/wp-json\/wp\/v2\/categories?post=83584"},{"taxonomy":"post_tag","embeddable":true,"href":"https:\/\/buletin.de\/bucuresti\/wp-json\/wp\/v2\/tags?post=83584"},{"taxonomy":"author","embeddable":true,"href":"https:\/\/buletin.de\/bucuresti\/wp-json\/wp\/v2\/ppma_author?post=83584"}],"curies":[{"name":"wp","href":"https:\/\/api.w.org\/{rel}","templated":true}]}}