{"id":83379,"date":"2024-04-18T11:37:46","date_gmt":"2024-04-18T08:37:46","guid":{"rendered":"https:\/\/buletin.de\/bucuresti\/?p=83379"},"modified":"2024-04-18T11:42:37","modified_gmt":"2024-04-18T08:42:37","slug":"termoficare-100-de-blocuri-fara-apa-calda-dupa-o-avarie-la-o-conducta-mamut-de-pe-magistrala-i-sud","status":"publish","type":"post","link":"https:\/\/buletin.de\/bucuresti\/termoficare-100-de-blocuri-fara-apa-calda-dupa-o-avarie-la-o-conducta-mamut-de-pe-magistrala-i-sud\/","title":{"rendered":"TERMOFICARE | 100 de blocuri f\u0103r\u0103 ap\u0103 cald\u0103, dup\u0103 o avarie la o conduct\u0103 principal\u0103 de pe Magistrala I Sud"},"content":{"rendered":"\n<p><strong>O nou\u0103 avarie produs\u0103, \u00een aceast\u0103 diminea\u021b\u0103, pe Magistrala I Sud, la o conduct\u0103 cu diametrul de 800mm din zona str\u0103zii Vulcanei din Sectorul 2, a oprit apa cald\u0103 pentru 100 de blocuri. Furnizarea va fi reluat\u0103, cel mai probabil, pe 21 aprilie, potrivit Termoenergetica.<\/strong><\/p>\n\n\n\n<p>Echipele Termoenergetica au \u00eenceput, \u00een regim de urgen\u021b\u0103, manevrele tehnice de \u00eenchidere, de golire, precum \u0219i cele de aerisire \u0219i urmeaz\u0103 s\u0103 fie realizate sudurile pentru repara\u021bia avariei. <\/p>\n\n\n\n<iframe src=\"https:\/\/www.facebook.com\/plugins\/video.php?height=476&#038;href=https%3A%2F%2Fwww.facebook.com%2FCMTEB%2Fvideos%2F428682019743743%2F&#038;show_text=false&#038;width=466&#038;t=0\" width=\"466\" height=\"476\" style=\"border:none;overflow:hidden\" scrolling=\"no\" frameborder=\"0\" allowfullscreen=\"true\" allow=\"autoplay; clipboard-write; encrypted-media; picture-in-picture; web-share\" allowFullScreen=\"true\"><\/iframe>\n\n\n\n<p>Re\u021beaua de termoficare din zon\u0103 a fost dat\u0103 \u00een exploatare \u00een anul 1984, av\u00e2nd peste 40 de ani de utilizare. S\u0103pt\u0103m\u00e2na aceasta, pe aceea\u0219i por\u021biune de conduct\u0103 s-a produs o alt\u0103 avarie.<\/p>\n\n\n\n<p>Clien\u021bii au la dispozi\u021bie informa\u021bii prin mesajele pre\u00eenregistrate la num\u0103rul de telefon 031.9442 sau alte detalii la 0800.820.002, precum \u0219i prin aplica\u021bia Termoalert.&nbsp;<\/p>\n\n\n\n<p><strong>CITE\u0218TE \u0218I:<\/strong><\/p>\n\n\n\n<figure class=\"wp-block-embed is-type-wp-embed is-provider-buletin-de-bucure-ti wp-block-embed-buletin-de-bucure-ti\"><div class=\"wp-block-embed__wrapper\">\n<blockquote class=\"wp-embedded-content\" data-secret=\"VbR0AweKzb\"><a href=\"https:\/\/buletin.de\/bucuresti\/termoficare-conducte-de-provizorat-pe-bulevardul-mihai-bravu\/\">TERMOFICARE | \u201eConducte de provizorat\u201d, pe Bulevardul Mihai Bravu<\/a><\/blockquote><iframe class=\"wp-embedded-content\" sandbox=\"allow-scripts\" security=\"restricted\" style=\"position: absolute; clip: rect(1px, 1px, 1px, 1px);\" title=\"&#8220;TERMOFICARE | \u201eConducte de provizorat\u201d, pe Bulevardul Mihai Bravu&#8221; &#8212; Buletin de Bucure\u0219ti\" src=\"https:\/\/buletin.de\/bucuresti\/termoficare-conducte-de-provizorat-pe-bulevardul-mihai-bravu\/embed\/#?secret=b5rPYryrfc#?secret=VbR0AweKzb\" data-secret=\"VbR0AweKzb\" width=\"600\" height=\"338\" frameborder=\"0\" marginwidth=\"0\" marginheight=\"0\" scrolling=\"no\"><\/iframe>\n<\/div><\/figure>\n\n\n\n<p><\/p>\n","protected":false},"excerpt":{"rendered":"<p>O nou\u0103 avarie produs\u0103, \u00een aceast\u0103 diminea\u021b\u0103, pe Magistrala I Sud, la o conduct\u0103 cu diametrul de 800mm din zona str\u0103zii Vulcanei din Sectorul 2, a oprit apa cald\u0103 pentru 100 de blocuri. Furnizarea va fi reluat\u0103, cel mai probabil, pe 21 aprilie, potrivit Termoenergetica. Echipele Termoenergetica au \u00eenceput, \u00een regim de urgen\u021b\u0103, manevrele tehnice [&hellip;]<\/p>\n","protected":false},"author":49,"featured_media":75471,"comment_status":"closed","ping_status":"open","sticky":false,"template":"","format":"standard","meta":{"_acf_changed":false,"inline_featured_image":false,"ngg_post_thumbnail":0,"footnotes":""},"categories":[6994,5762,6214],"tags":[1982,7178,11297,288],"ppma_author":[22574],"class_list":["post-83379","post","type-post","status-publish","format-standard","has-post-thumbnail","hentry","category-stiri-2","category-main","category-termo","tag-avarie","tag-magistrala-1-sud","tag-strada-vulcanei","tag-termoficare"],"acf":[],"yoast_head":"<!-- This site is optimized with the Yoast SEO Premium plugin v25.3 (Yoast SEO v27.4) - https:\/\/yoast.com\/product\/yoast-seo-premium-wordpress\/ -->\n<title>TERMOFICARE | 100 de blocuri f\u0103r\u0103 ap\u0103 cald\u0103, dup\u0103 o avarie la o conduct\u0103 principal\u0103 de pe Magistrala I Sud - Buletin de Bucure\u0219ti<\/title>\n<meta name=\"robots\" content=\"index, follow, max-snippet:-1, max-image-preview:large, max-video-preview:-1\" \/>\n<link rel=\"canonical\" href=\"https:\/\/buletin.de\/bucuresti\/termoficare-100-de-blocuri-fara-apa-calda-dupa-o-avarie-la-o-conducta-mamut-de-pe-magistrala-i-sud\/\" \/>\n<meta property=\"og:locale\" content=\"en_GB\" \/>\n<meta property=\"og:type\" content=\"article\" \/>\n<meta property=\"og:title\" content=\"TERMOFICARE | 100 de blocuri f\u0103r\u0103 ap\u0103 cald\u0103, dup\u0103 o avarie la o conduct\u0103 principal\u0103 de pe Magistrala I Sud\" \/>\n<meta property=\"og:description\" content=\"O nou\u0103 avarie produs\u0103, \u00een aceast\u0103 diminea\u021b\u0103, pe Magistrala I Sud, la o conduct\u0103 cu diametrul de 800mm din zona str\u0103zii Vulcanei din Sectorul 2, a oprit apa cald\u0103 pentru 100 de blocuri. Furnizarea va fi reluat\u0103, cel mai probabil, pe 21 aprilie, potrivit Termoenergetica. Echipele Termoenergetica au \u00eenceput, \u00een regim de urgen\u021b\u0103, manevrele tehnice [&hellip;]\" \/>\n<meta property=\"og:url\" content=\"https:\/\/buletin.de\/bucuresti\/termoficare-100-de-blocuri-fara-apa-calda-dupa-o-avarie-la-o-conducta-mamut-de-pe-magistrala-i-sud\/\" \/>\n<meta property=\"og:site_name\" content=\"Buletin de Bucure\u0219ti\" \/>\n<meta property=\"article:publisher\" content=\"https:\/\/www.facebook.com\/buletin.de.buc\" \/>\n<meta property=\"article:published_time\" content=\"2024-04-18T08:37:46+00:00\" \/>\n<meta property=\"article:modified_time\" content=\"2024-04-18T08:42:37+00:00\" \/>\n<meta property=\"og:image\" content=\"https:\/\/buletin.de\/bucuresti\/wp-content\/uploads\/avarie.jpeg\" \/>\n\t<meta property=\"og:image:width\" content=\"1920\" \/>\n\t<meta property=\"og:image:height\" content=\"1080\" \/>\n\t<meta property=\"og:image:type\" content=\"image\/jpeg\" \/>\n<meta name=\"author\" content=\"Diana Matei\" \/>\n<meta name=\"twitter:card\" content=\"summary_large_image\" \/>\n<meta name=\"twitter:label1\" content=\"Written by\" \/>\n\t<meta name=\"twitter:data1\" content=\"Diana Matei\" \/>\n\t<meta name=\"twitter:label2\" content=\"Estimated reading time\" \/>\n\t<meta name=\"twitter:data2\" content=\"1 minute\" \/>\n<script type=\"application\/ld+json\" class=\"yoast-schema-graph\">{\"@context\":\"https:\\\/\\\/schema.org\",\"@graph\":[{\"@type\":\"Article\",\"@id\":\"https:\\\/\\\/buletin.de\\\/bucuresti\\\/termoficare-100-de-blocuri-fara-apa-calda-dupa-o-avarie-la-o-conducta-mamut-de-pe-magistrala-i-sud\\\/#article\",\"isPartOf\":{\"@id\":\"https:\\\/\\\/buletin.de\\\/bucuresti\\\/termoficare-100-de-blocuri-fara-apa-calda-dupa-o-avarie-la-o-conducta-mamut-de-pe-magistrala-i-sud\\\/\"},\"author\":{\"name\":\"Diana Matei\",\"@id\":\"https:\\\/\\\/buletin.de\\\/bucuresti\\\/#\\\/schema\\\/person\\\/7e46040573290777280a0835d81ea4ea\"},\"headline\":\"TERMOFICARE | 100 de blocuri f\u0103r\u0103 ap\u0103 cald\u0103, dup\u0103 o avarie la o conduct\u0103 principal\u0103 de pe Magistrala I Sud\",\"datePublished\":\"2024-04-18T08:37:46+00:00\",\"dateModified\":\"2024-04-18T08:42:37+00:00\",\"mainEntityOfPage\":{\"@id\":\"https:\\\/\\\/buletin.de\\\/bucuresti\\\/termoficare-100-de-blocuri-fara-apa-calda-dupa-o-avarie-la-o-conducta-mamut-de-pe-magistrala-i-sud\\\/\"},\"wordCount\":164,\"publisher\":{\"@id\":\"https:\\\/\\\/buletin.de\\\/bucuresti\\\/#organization\"},\"image\":{\"@id\":\"https:\\\/\\\/buletin.de\\\/bucuresti\\\/termoficare-100-de-blocuri-fara-apa-calda-dupa-o-avarie-la-o-conducta-mamut-de-pe-magistrala-i-sud\\\/#primaryimage\"},\"thumbnailUrl\":\"https:\\\/\\\/buletin.de\\\/bucuresti\\\/wp-content\\\/uploads\\\/avarie.jpeg\",\"keywords\":[\"avarie\",\"Magistrala 1 Sud\",\"Strada Vulcanei\",\"termoficare\"],\"articleSection\":[\"Articole\",\"Main\",\"Termoficare\"],\"inLanguage\":\"en-GB\",\"copyrightYear\":\"2024\",\"copyrightHolder\":{\"@id\":\"https:\\\/\\\/buletin.de\\\/bucuresti\\\/#organization\"}},{\"@type\":\"WebPage\",\"@id\":\"https:\\\/\\\/buletin.de\\\/bucuresti\\\/termoficare-100-de-blocuri-fara-apa-calda-dupa-o-avarie-la-o-conducta-mamut-de-pe-magistrala-i-sud\\\/\",\"url\":\"https:\\\/\\\/buletin.de\\\/bucuresti\\\/termoficare-100-de-blocuri-fara-apa-calda-dupa-o-avarie-la-o-conducta-mamut-de-pe-magistrala-i-sud\\\/\",\"name\":\"TERMOFICARE | 100 de blocuri f\u0103r\u0103 ap\u0103 cald\u0103, dup\u0103 o avarie la o conduct\u0103 principal\u0103 de pe Magistrala I Sud - Buletin de Bucure\u0219ti\",\"isPartOf\":{\"@id\":\"https:\\\/\\\/buletin.de\\\/bucuresti\\\/#website\"},\"primaryImageOfPage\":{\"@id\":\"https:\\\/\\\/buletin.de\\\/bucuresti\\\/termoficare-100-de-blocuri-fara-apa-calda-dupa-o-avarie-la-o-conducta-mamut-de-pe-magistrala-i-sud\\\/#primaryimage\"},\"image\":{\"@id\":\"https:\\\/\\\/buletin.de\\\/bucuresti\\\/termoficare-100-de-blocuri-fara-apa-calda-dupa-o-avarie-la-o-conducta-mamut-de-pe-magistrala-i-sud\\\/#primaryimage\"},\"thumbnailUrl\":\"https:\\\/\\\/buletin.de\\\/bucuresti\\\/wp-content\\\/uploads\\\/avarie.jpeg\",\"datePublished\":\"2024-04-18T08:37:46+00:00\",\"dateModified\":\"2024-04-18T08:42:37+00:00\",\"breadcrumb\":{\"@id\":\"https:\\\/\\\/buletin.de\\\/bucuresti\\\/termoficare-100-de-blocuri-fara-apa-calda-dupa-o-avarie-la-o-conducta-mamut-de-pe-magistrala-i-sud\\\/#breadcrumb\"},\"inLanguage\":\"en-GB\",\"potentialAction\":[{\"@type\":\"ReadAction\",\"target\":[\"https:\\\/\\\/buletin.de\\\/bucuresti\\\/termoficare-100-de-blocuri-fara-apa-calda-dupa-o-avarie-la-o-conducta-mamut-de-pe-magistrala-i-sud\\\/\"]}]},{\"@type\":\"ImageObject\",\"inLanguage\":\"en-GB\",\"@id\":\"https:\\\/\\\/buletin.de\\\/bucuresti\\\/termoficare-100-de-blocuri-fara-apa-calda-dupa-o-avarie-la-o-conducta-mamut-de-pe-magistrala-i-sud\\\/#primaryimage\",\"url\":\"https:\\\/\\\/buletin.de\\\/bucuresti\\\/wp-content\\\/uploads\\\/avarie.jpeg\",\"contentUrl\":\"https:\\\/\\\/buletin.de\\\/bucuresti\\\/wp-content\\\/uploads\\\/avarie.jpeg\",\"width\":1920,\"height\":1080,\"caption\":\"Foto: Facebook\\\/Termoenergetica\"},{\"@type\":\"BreadcrumbList\",\"@id\":\"https:\\\/\\\/buletin.de\\\/bucuresti\\\/termoficare-100-de-blocuri-fara-apa-calda-dupa-o-avarie-la-o-conducta-mamut-de-pe-magistrala-i-sud\\\/#breadcrumb\",\"itemListElement\":[{\"@type\":\"ListItem\",\"position\":1,\"name\":\"Acas\u0103\",\"item\":\"https:\\\/\\\/buletin.de\\\/bucuresti\\\/\"},{\"@type\":\"ListItem\",\"position\":2,\"name\":\"TERMOFICARE | 100 de blocuri f\u0103r\u0103 ap\u0103 cald\u0103, dup\u0103 o avarie la o conduct\u0103 principal\u0103 de pe Magistrala I Sud\"}]},{\"@type\":\"WebSite\",\"@id\":\"https:\\\/\\\/buletin.de\\\/bucuresti\\\/#website\",\"url\":\"https:\\\/\\\/buletin.de\\\/bucuresti\\\/\",\"name\":\"Buletin de Bucure\u0219ti\",\"description\":\"\u0218tiri \u0219i investiga\u021bii esen\u021biale din capital\u0103\",\"publisher\":{\"@id\":\"https:\\\/\\\/buletin.de\\\/bucuresti\\\/#organization\"},\"potentialAction\":[{\"@type\":\"SearchAction\",\"target\":{\"@type\":\"EntryPoint\",\"urlTemplate\":\"https:\\\/\\\/buletin.de\\\/bucuresti\\\/?s={search_term_string}\"},\"query-input\":{\"@type\":\"PropertyValueSpecification\",\"valueRequired\":true,\"valueName\":\"search_term_string\"}}],\"inLanguage\":\"en-GB\"},{\"@type\":\"Organization\",\"@id\":\"https:\\\/\\\/buletin.de\\\/bucuresti\\\/#organization\",\"name\":\"Buletin de Bucure\u0219ti\",\"url\":\"https:\\\/\\\/buletin.de\\\/bucuresti\\\/\",\"logo\":{\"@type\":\"ImageObject\",\"inLanguage\":\"en-GB\",\"@id\":\"https:\\\/\\\/buletin.de\\\/bucuresti\\\/#\\\/schema\\\/logo\\\/image\\\/\",\"url\":\"https:\\\/\\\/buletin.de\\\/bucuresti\\\/wp-content\\\/uploads\\\/logo-bdb-full-wide-vernil-transparent.png\",\"contentUrl\":\"https:\\\/\\\/buletin.de\\\/bucuresti\\\/wp-content\\\/uploads\\\/logo-bdb-full-wide-vernil-transparent.png\",\"width\":1782,\"height\":626,\"caption\":\"Buletin de Bucure\u0219ti\"},\"image\":{\"@id\":\"https:\\\/\\\/buletin.de\\\/bucuresti\\\/#\\\/schema\\\/logo\\\/image\\\/\"},\"sameAs\":[\"https:\\\/\\\/www.facebook.com\\\/buletin.de.buc\",\"https:\\\/\\\/www.instagram.com\\\/buletinde.bucuresti\\\/\"]},{\"@type\":\"Person\",\"@id\":\"https:\\\/\\\/buletin.de\\\/bucuresti\\\/#\\\/schema\\\/person\\\/7e46040573290777280a0835d81ea4ea\",\"name\":\"Diana Matei\",\"image\":{\"@type\":\"ImageObject\",\"inLanguage\":\"en-GB\",\"@id\":\"https:\\\/\\\/buletin.de\\\/bucuresti\\\/wp-content\\\/uploads\\\/9-2-96x96.jpg1e8590b30871d70e62ebcdaf2eff570c\",\"url\":\"https:\\\/\\\/buletin.de\\\/bucuresti\\\/wp-content\\\/uploads\\\/9-2-96x96.jpg\",\"contentUrl\":\"https:\\\/\\\/buletin.de\\\/bucuresti\\\/wp-content\\\/uploads\\\/9-2-96x96.jpg\",\"caption\":\"Diana Matei\"},\"url\":\"https:\\\/\\\/buletin.de\\\/bucuresti\\\/author\\\/dianamatei\\\/\"}]}<\/script>\n<!-- \/ Yoast SEO Premium plugin. -->","yoast_head_json":{"title":"TERMOFICARE | 100 de blocuri f\u0103r\u0103 ap\u0103 cald\u0103, dup\u0103 o avarie la o conduct\u0103 principal\u0103 de pe Magistrala I Sud - Buletin de Bucure\u0219ti","robots":{"index":"index","follow":"follow","max-snippet":"max-snippet:-1","max-image-preview":"max-image-preview:large","max-video-preview":"max-video-preview:-1"},"canonical":"https:\/\/buletin.de\/bucuresti\/termoficare-100-de-blocuri-fara-apa-calda-dupa-o-avarie-la-o-conducta-mamut-de-pe-magistrala-i-sud\/","og_locale":"en_GB","og_type":"article","og_title":"TERMOFICARE | 100 de blocuri f\u0103r\u0103 ap\u0103 cald\u0103, dup\u0103 o avarie la o conduct\u0103 principal\u0103 de pe Magistrala I Sud","og_description":"O nou\u0103 avarie produs\u0103, \u00een aceast\u0103 diminea\u021b\u0103, pe Magistrala I Sud, la o conduct\u0103 cu diametrul de 800mm din zona str\u0103zii Vulcanei din Sectorul 2, a oprit apa cald\u0103 pentru 100 de blocuri. Furnizarea va fi reluat\u0103, cel mai probabil, pe 21 aprilie, potrivit Termoenergetica. Echipele Termoenergetica au \u00eenceput, \u00een regim de urgen\u021b\u0103, manevrele tehnice [&hellip;]","og_url":"https:\/\/buletin.de\/bucuresti\/termoficare-100-de-blocuri-fara-apa-calda-dupa-o-avarie-la-o-conducta-mamut-de-pe-magistrala-i-sud\/","og_site_name":"Buletin de Bucure\u0219ti","article_publisher":"https:\/\/www.facebook.com\/buletin.de.buc","article_published_time":"2024-04-18T08:37:46+00:00","article_modified_time":"2024-04-18T08:42:37+00:00","og_image":[{"width":1920,"height":1080,"url":"https:\/\/buletin.de\/bucuresti\/wp-content\/uploads\/avarie.jpeg","type":"image\/jpeg"}],"author":"Diana Matei","twitter_card":"summary_large_image","twitter_misc":{"Written by":"Diana Matei","Estimated reading time":"1 minute"},"schema":{"@context":"https:\/\/schema.org","@graph":[{"@type":"Article","@id":"https:\/\/buletin.de\/bucuresti\/termoficare-100-de-blocuri-fara-apa-calda-dupa-o-avarie-la-o-conducta-mamut-de-pe-magistrala-i-sud\/#article","isPartOf":{"@id":"https:\/\/buletin.de\/bucuresti\/termoficare-100-de-blocuri-fara-apa-calda-dupa-o-avarie-la-o-conducta-mamut-de-pe-magistrala-i-sud\/"},"author":{"name":"Diana Matei","@id":"https:\/\/buletin.de\/bucuresti\/#\/schema\/person\/7e46040573290777280a0835d81ea4ea"},"headline":"TERMOFICARE | 100 de blocuri f\u0103r\u0103 ap\u0103 cald\u0103, dup\u0103 o avarie la o conduct\u0103 principal\u0103 de pe Magistrala I Sud","datePublished":"2024-04-18T08:37:46+00:00","dateModified":"2024-04-18T08:42:37+00:00","mainEntityOfPage":{"@id":"https:\/\/buletin.de\/bucuresti\/termoficare-100-de-blocuri-fara-apa-calda-dupa-o-avarie-la-o-conducta-mamut-de-pe-magistrala-i-sud\/"},"wordCount":164,"publisher":{"@id":"https:\/\/buletin.de\/bucuresti\/#organization"},"image":{"@id":"https:\/\/buletin.de\/bucuresti\/termoficare-100-de-blocuri-fara-apa-calda-dupa-o-avarie-la-o-conducta-mamut-de-pe-magistrala-i-sud\/#primaryimage"},"thumbnailUrl":"https:\/\/buletin.de\/bucuresti\/wp-content\/uploads\/avarie.jpeg","keywords":["avarie","Magistrala 1 Sud","Strada Vulcanei","termoficare"],"articleSection":["Articole","Main","Termoficare"],"inLanguage":"en-GB","copyrightYear":"2024","copyrightHolder":{"@id":"https:\/\/buletin.de\/bucuresti\/#organization"}},{"@type":"WebPage","@id":"https:\/\/buletin.de\/bucuresti\/termoficare-100-de-blocuri-fara-apa-calda-dupa-o-avarie-la-o-conducta-mamut-de-pe-magistrala-i-sud\/","url":"https:\/\/buletin.de\/bucuresti\/termoficare-100-de-blocuri-fara-apa-calda-dupa-o-avarie-la-o-conducta-mamut-de-pe-magistrala-i-sud\/","name":"TERMOFICARE | 100 de blocuri f\u0103r\u0103 ap\u0103 cald\u0103, dup\u0103 o avarie la o conduct\u0103 principal\u0103 de pe Magistrala I Sud - Buletin de Bucure\u0219ti","isPartOf":{"@id":"https:\/\/buletin.de\/bucuresti\/#website"},"primaryImageOfPage":{"@id":"https:\/\/buletin.de\/bucuresti\/termoficare-100-de-blocuri-fara-apa-calda-dupa-o-avarie-la-o-conducta-mamut-de-pe-magistrala-i-sud\/#primaryimage"},"image":{"@id":"https:\/\/buletin.de\/bucuresti\/termoficare-100-de-blocuri-fara-apa-calda-dupa-o-avarie-la-o-conducta-mamut-de-pe-magistrala-i-sud\/#primaryimage"},"thumbnailUrl":"https:\/\/buletin.de\/bucuresti\/wp-content\/uploads\/avarie.jpeg","datePublished":"2024-04-18T08:37:46+00:00","dateModified":"2024-04-18T08:42:37+00:00","breadcrumb":{"@id":"https:\/\/buletin.de\/bucuresti\/termoficare-100-de-blocuri-fara-apa-calda-dupa-o-avarie-la-o-conducta-mamut-de-pe-magistrala-i-sud\/#breadcrumb"},"inLanguage":"en-GB","potentialAction":[{"@type":"ReadAction","target":["https:\/\/buletin.de\/bucuresti\/termoficare-100-de-blocuri-fara-apa-calda-dupa-o-avarie-la-o-conducta-mamut-de-pe-magistrala-i-sud\/"]}]},{"@type":"ImageObject","inLanguage":"en-GB","@id":"https:\/\/buletin.de\/bucuresti\/termoficare-100-de-blocuri-fara-apa-calda-dupa-o-avarie-la-o-conducta-mamut-de-pe-magistrala-i-sud\/#primaryimage","url":"https:\/\/buletin.de\/bucuresti\/wp-content\/uploads\/avarie.jpeg","contentUrl":"https:\/\/buletin.de\/bucuresti\/wp-content\/uploads\/avarie.jpeg","width":1920,"height":1080,"caption":"Foto: Facebook\/Termoenergetica"},{"@type":"BreadcrumbList","@id":"https:\/\/buletin.de\/bucuresti\/termoficare-100-de-blocuri-fara-apa-calda-dupa-o-avarie-la-o-conducta-mamut-de-pe-magistrala-i-sud\/#breadcrumb","itemListElement":[{"@type":"ListItem","position":1,"name":"Acas\u0103","item":"https:\/\/buletin.de\/bucuresti\/"},{"@type":"ListItem","position":2,"name":"TERMOFICARE | 100 de blocuri f\u0103r\u0103 ap\u0103 cald\u0103, dup\u0103 o avarie la o conduct\u0103 principal\u0103 de pe Magistrala I Sud"}]},{"@type":"WebSite","@id":"https:\/\/buletin.de\/bucuresti\/#website","url":"https:\/\/buletin.de\/bucuresti\/","name":"Buletin de Bucure\u0219ti","description":"\u0218tiri \u0219i investiga\u021bii esen\u021biale din capital\u0103","publisher":{"@id":"https:\/\/buletin.de\/bucuresti\/#organization"},"potentialAction":[{"@type":"SearchAction","target":{"@type":"EntryPoint","urlTemplate":"https:\/\/buletin.de\/bucuresti\/?s={search_term_string}"},"query-input":{"@type":"PropertyValueSpecification","valueRequired":true,"valueName":"search_term_string"}}],"inLanguage":"en-GB"},{"@type":"Organization","@id":"https:\/\/buletin.de\/bucuresti\/#organization","name":"Buletin de Bucure\u0219ti","url":"https:\/\/buletin.de\/bucuresti\/","logo":{"@type":"ImageObject","inLanguage":"en-GB","@id":"https:\/\/buletin.de\/bucuresti\/#\/schema\/logo\/image\/","url":"https:\/\/buletin.de\/bucuresti\/wp-content\/uploads\/logo-bdb-full-wide-vernil-transparent.png","contentUrl":"https:\/\/buletin.de\/bucuresti\/wp-content\/uploads\/logo-bdb-full-wide-vernil-transparent.png","width":1782,"height":626,"caption":"Buletin de Bucure\u0219ti"},"image":{"@id":"https:\/\/buletin.de\/bucuresti\/#\/schema\/logo\/image\/"},"sameAs":["https:\/\/www.facebook.com\/buletin.de.buc","https:\/\/www.instagram.com\/buletinde.bucuresti\/"]},{"@type":"Person","@id":"https:\/\/buletin.de\/bucuresti\/#\/schema\/person\/7e46040573290777280a0835d81ea4ea","name":"Diana Matei","image":{"@type":"ImageObject","inLanguage":"en-GB","@id":"https:\/\/buletin.de\/bucuresti\/wp-content\/uploads\/9-2-96x96.jpg1e8590b30871d70e62ebcdaf2eff570c","url":"https:\/\/buletin.de\/bucuresti\/wp-content\/uploads\/9-2-96x96.jpg","contentUrl":"https:\/\/buletin.de\/bucuresti\/wp-content\/uploads\/9-2-96x96.jpg","caption":"Diana Matei"},"url":"https:\/\/buletin.de\/bucuresti\/author\/dianamatei\/"}]}},"authors":[{"term_id":22574,"user_id":49,"is_guest":0,"slug":"dianamatei","display_name":"Diana Matei","avatar_url":"https:\/\/buletin.de\/bucuresti\/wp-content\/uploads\/9-2-96x96.jpg","0":null,"1":"","2":"","3":"","4":"","5":"","6":"","7":"","8":""}],"_links":{"self":[{"href":"https:\/\/buletin.de\/bucuresti\/wp-json\/wp\/v2\/posts\/83379","targetHints":{"allow":["GET"]}}],"collection":[{"href":"https:\/\/buletin.de\/bucuresti\/wp-json\/wp\/v2\/posts"}],"about":[{"href":"https:\/\/buletin.de\/bucuresti\/wp-json\/wp\/v2\/types\/post"}],"author":[{"embeddable":true,"href":"https:\/\/buletin.de\/bucuresti\/wp-json\/wp\/v2\/users\/49"}],"replies":[{"embeddable":true,"href":"https:\/\/buletin.de\/bucuresti\/wp-json\/wp\/v2\/comments?post=83379"}],"version-history":[{"count":5,"href":"https:\/\/buletin.de\/bucuresti\/wp-json\/wp\/v2\/posts\/83379\/revisions"}],"predecessor-version":[{"id":83388,"href":"https:\/\/buletin.de\/bucuresti\/wp-json\/wp\/v2\/posts\/83379\/revisions\/83388"}],"wp:featuredmedia":[{"embeddable":true,"href":"https:\/\/buletin.de\/bucuresti\/wp-json\/wp\/v2\/media\/75471"}],"wp:attachment":[{"href":"https:\/\/buletin.de\/bucuresti\/wp-json\/wp\/v2\/media?parent=83379"}],"wp:term":[{"taxonomy":"category","embeddable":true,"href":"https:\/\/buletin.de\/bucuresti\/wp-json\/wp\/v2\/categories?post=83379"},{"taxonomy":"post_tag","embeddable":true,"href":"https:\/\/buletin.de\/bucuresti\/wp-json\/wp\/v2\/tags?post=83379"},{"taxonomy":"author","embeddable":true,"href":"https:\/\/buletin.de\/bucuresti\/wp-json\/wp\/v2\/ppma_author?post=83379"}],"curies":[{"name":"wp","href":"https:\/\/api.w.org\/{rel}","templated":true}]}}