{"id":83157,"date":"2024-04-16T12:40:13","date_gmt":"2024-04-16T09:40:13","guid":{"rendered":"https:\/\/buletin.de\/bucuresti\/?p=83157"},"modified":"2024-04-16T12:40:14","modified_gmt":"2024-04-16T09:40:14","slug":"circuitul-mitei-in-natura-un-nou-dosar-in-cazul-cumpararii-de-influenta-via-avocat-a-judecatorilor-curtii-de-apel-bucuresti","status":"publish","type":"post","link":"https:\/\/buletin.de\/bucuresti\/circuitul-mitei-in-natura-un-nou-dosar-in-cazul-cumpararii-de-influenta-via-avocat-a-judecatorilor-curtii-de-apel-bucuresti\/","title":{"rendered":"\u201eCircuitul mitei \u00een natur\u0103\u201d: un nou dosar \u00een cazul cump\u0103r\u0103rii de influen\u021b\u0103, via avocat, a judec\u0103torilor Cur\u021bii de Apel Bucure\u0219ti"},"content":{"rendered":"\n<p><strong>O persoan\u0103 este cercetat\u0103 de procurorii Direc\u021biei Na\u021bionale Anticorup\u021bie pentru\u00a0comiterea unor infrac\u021biuni de trafic de influen\u021b\u0103 pentru c\u0103 a pretins zeci de mii de euro de la un alt inculpat DNA, pretinz\u00e2nd c\u0103 poate s\u0103 influen\u021beze Judec\u0103torii  Cur\u021bii de Apel Bucure\u0219ti. Persoana inculpat\u0103 c\u0103reia i-a fost cerut\u0103 mita este cercetat\u0103 \u00eentr-un alt dosar DNA, pentru complicitate la trafic de influen\u021b\u0103 tot asupra judec\u0103torilor Cur\u021bii de Apel. Cu alte cuvinte, aceasta ar fi \u00eencercat s\u0103 dea mit\u0103 ca s\u0103 scape de dosarul DNA deschis ulterior unui flagrant de mit\u0103.<\/strong><\/p>\n\n\n\n<p>&#8220;<em>\u00cen data de 11 aprilie 2024, inculpatul ar fi pretins de la o persoan\u0103 (martor \u00een cauz\u0103), trimis\u0103 anterior \u00een judecat\u0103 de c\u0103tre procurorii anticorup\u021bie (comunicat nr. 286\/VIII\/3 din 22 martie 2024), suma de 20.000 euro, pentru a-\u0219i trafica presupusa influen\u021b\u0103 pe care ar fi l\u0103sat s\u0103 se cread\u0103 c\u0103 ar avea-o, prin intermediari, asupra unor judec\u0103tori din cadrul Cur\u0163ii de Apel Bucure\u015fti \u0219i <strong>c\u0103-i va determina pe ace\u0219tia s\u0103 dispun\u0103 fa\u021b\u0103 de martor \u00eenl\u0103turarea m\u0103surii preventive a controlului judiciar \u0219i, ulterior, achitarea sau aplicarea unei condamn\u0103ri cu suspendare.<\/strong> \u00cen contextul men\u021bionat mai sus, la data de 15 aprilie 2024, inculpatul ar fi primit de la o rud\u0103 a martorului suma de 20.000 euro, ocazie cu care s-a procedat la constatarea infrac\u021biunii flagrante. Inculpatului i s-au adus la cuno\u0219tin\u021b\u0103 calitatea procesual\u0103 \u0219i acuza\u021biile, \u00een conformitate cu prevederile art. 309 Cod de procedur\u0103 penal\u0103. La data de 16 aprilie 2024, inculpatul urmeaz\u0103 s\u0103 fie prezentat Tribunalului Bucure\u0219ti, cu propunere de arestare preventiv\u0103 pentru 30 de zile<\/em>&#8220;, se arat\u0103 \u00een comunicatul DNA.<\/p>\n\n\n\n<p><a href=\"https:\/\/buletin.de\/bucuresti\/cumparrare-de-inflruenta-via-avocat-de-la-judecatorii-curtii-de-apel-bucuresti-dna-a-retinut-doua-persoane-in-urma-unor-flagrante\/\">Martorul din acest doar, de la care a fost pretins\u0103 suma de 20.000 euro, este cercetat \u00eentr-un alt dosar<\/a>, sub acuza\u021bia c\u0103 ar fi contribuit la pretinderea unor sume de bani cuprinse \u00eentre 7.000 \u2013 30.000 euro unei persoane cercetat\u0103 pentru s\u0103v\u00e2r\u0219irea infrac\u021biunii de tentativ\u0103 la omor, cu scopul de a convinge judec\u0103tori din cadrul Cur\u021bii de Apel Bucure\u0219ti s\u0103 nu o condamne la \u00eenchisoare.<\/p>\n\n\n\n<p><strong>CITE\u0218TE \u0218I:<\/strong><\/p>\n\n\n\n<ul class=\"wp-block-list\">\n<li><a href=\"https:\/\/buletin.de\/bucuresti\/cumparrare-de-inflruenta-via-avocat-de-la-judecatorii-curtii-de-apel-bucuresti-dna-a-retinut-doua-persoane-in-urma-unor-flagrante\/\">\u201eCump\u0103rare de influen\u0163\u0103\u201c, via avocat, de la judec\u0103torii Cur\u0163ii de Apel Bucure\u015fti. DNA a re\u0163inut dou\u0103 persoane \u00een urma unor flagrante &#8211; Buletin de Bucure\u0219ti<\/a><\/li>\n<\/ul>\n","protected":false},"excerpt":{"rendered":"<p>O persoan\u0103 este cercetat\u0103 de procurorii Direc\u021biei Na\u021bionale Anticorup\u021bie pentru\u00a0comiterea unor infrac\u021biuni de trafic de influen\u021b\u0103 pentru c\u0103 a pretins zeci de mii de euro de la un alt inculpat DNA, pretinz\u00e2nd c\u0103 poate s\u0103 influen\u021beze Judec\u0103torii Cur\u021bii de Apel Bucure\u0219ti. Persoana inculpat\u0103 c\u0103reia i-a fost cerut\u0103 mita este cercetat\u0103 \u00eentr-un alt dosar DNA, pentru [&hellip;]<\/p>\n","protected":false},"author":47,"featured_media":83158,"comment_status":"closed","ping_status":"open","sticky":false,"template":"","format":"standard","meta":{"_acf_changed":false,"inline_featured_image":false,"ngg_post_thumbnail":0,"footnotes":""},"categories":[6994,62],"tags":[5011,11244,7504,875,10421,4396,217,11245],"ppma_author":[22580],"class_list":["post-83157","post","type-post","status-publish","format-standard","has-post-thumbnail","hentry","category-stiri-2","category-stiri","tag-curtea-de-apel-bucuresti-2","tag-dare-de-mita","tag-directia-nationala-anticoruptie","tag-dna","tag-judecatori-2","tag-luare-de-mita","tag-mita","tag-trafic-de-influena"],"acf":[],"yoast_head":"<!-- This site is optimized with the Yoast SEO Premium plugin v25.3 (Yoast SEO v27.5) - https:\/\/yoast.com\/product\/yoast-seo-premium-wordpress\/ -->\n<title>\u201eCircuitul mitei \u00een natur\u0103\u201d: un nou dosar \u00een cazul cump\u0103r\u0103rii de influen\u021b\u0103, via avocat, a judec\u0103torilor Cur\u021bii de Apel Bucure\u0219ti - Buletin de Bucure\u0219ti<\/title>\n<meta name=\"robots\" content=\"index, follow, max-snippet:-1, max-image-preview:large, max-video-preview:-1\" \/>\n<link rel=\"canonical\" href=\"https:\/\/buletin.de\/bucuresti\/circuitul-mitei-in-natura-un-nou-dosar-in-cazul-cumpararii-de-influenta-via-avocat-a-judecatorilor-curtii-de-apel-bucuresti\/\" \/>\n<meta property=\"og:locale\" content=\"en_GB\" \/>\n<meta property=\"og:type\" content=\"article\" \/>\n<meta property=\"og:title\" content=\"\u201eCircuitul mitei \u00een natur\u0103\u201d: un nou dosar \u00een cazul cump\u0103r\u0103rii de influen\u021b\u0103, via avocat, a judec\u0103torilor Cur\u021bii de Apel Bucure\u0219ti\" \/>\n<meta property=\"og:description\" content=\"O persoan\u0103 este cercetat\u0103 de procurorii Direc\u021biei Na\u021bionale Anticorup\u021bie pentru\u00a0comiterea unor infrac\u021biuni de trafic de influen\u021b\u0103 pentru c\u0103 a pretins zeci de mii de euro de la un alt inculpat DNA, pretinz\u00e2nd c\u0103 poate s\u0103 influen\u021beze Judec\u0103torii Cur\u021bii de Apel Bucure\u0219ti. Persoana inculpat\u0103 c\u0103reia i-a fost cerut\u0103 mita este cercetat\u0103 \u00eentr-un alt dosar DNA, pentru [&hellip;]\" \/>\n<meta property=\"og:url\" content=\"https:\/\/buletin.de\/bucuresti\/circuitul-mitei-in-natura-un-nou-dosar-in-cazul-cumpararii-de-influenta-via-avocat-a-judecatorilor-curtii-de-apel-bucuresti\/\" \/>\n<meta property=\"og:site_name\" content=\"Buletin de Bucure\u0219ti\" \/>\n<meta property=\"article:publisher\" content=\"https:\/\/www.facebook.com\/buletin.de.buc\" \/>\n<meta property=\"article:published_time\" content=\"2024-04-16T09:40:13+00:00\" \/>\n<meta property=\"article:modified_time\" content=\"2024-04-16T09:40:14+00:00\" \/>\n<meta property=\"og:image\" content=\"https:\/\/buletin.de\/bucuresti\/wp-content\/uploads\/d9a1314a-d6ca-4c98-9643-e9c90335951d.jpg\" \/>\n\t<meta property=\"og:image:width\" content=\"1024\" \/>\n\t<meta property=\"og:image:height\" content=\"768\" \/>\n\t<meta property=\"og:image:type\" content=\"image\/jpeg\" \/>\n<meta name=\"author\" content=\"Adina C\u0103p\u00eelnean\" \/>\n<meta name=\"twitter:card\" content=\"summary_large_image\" \/>\n<meta name=\"twitter:label1\" content=\"Written by\" \/>\n\t<meta name=\"twitter:data1\" content=\"Adina C\u0103p\u00eelnean\" \/>\n\t<meta name=\"twitter:label2\" content=\"Estimated reading time\" \/>\n\t<meta name=\"twitter:data2\" content=\"2 minutes\" \/>\n<script type=\"application\/ld+json\" class=\"yoast-schema-graph\">{\"@context\":\"https:\\\/\\\/schema.org\",\"@graph\":[{\"@type\":\"Article\",\"@id\":\"https:\\\/\\\/buletin.de\\\/bucuresti\\\/circuitul-mitei-in-natura-un-nou-dosar-in-cazul-cumpararii-de-influenta-via-avocat-a-judecatorilor-curtii-de-apel-bucuresti\\\/#article\",\"isPartOf\":{\"@id\":\"https:\\\/\\\/buletin.de\\\/bucuresti\\\/circuitul-mitei-in-natura-un-nou-dosar-in-cazul-cumpararii-de-influenta-via-avocat-a-judecatorilor-curtii-de-apel-bucuresti\\\/\"},\"author\":{\"name\":\"Adina C\u0103p\u00eelnean\",\"@id\":\"https:\\\/\\\/buletin.de\\\/bucuresti\\\/#\\\/schema\\\/person\\\/ab174cf6711728e4ee83d672acf9a912\"},\"headline\":\"\u201eCircuitul mitei \u00een natur\u0103\u201d: un nou dosar \u00een cazul cump\u0103r\u0103rii de influen\u021b\u0103, via avocat, a judec\u0103torilor Cur\u021bii de Apel Bucure\u0219ti\",\"datePublished\":\"2024-04-16T09:40:13+00:00\",\"dateModified\":\"2024-04-16T09:40:14+00:00\",\"mainEntityOfPage\":{\"@id\":\"https:\\\/\\\/buletin.de\\\/bucuresti\\\/circuitul-mitei-in-natura-un-nou-dosar-in-cazul-cumpararii-de-influenta-via-avocat-a-judecatorilor-curtii-de-apel-bucuresti\\\/\"},\"wordCount\":404,\"publisher\":{\"@id\":\"https:\\\/\\\/buletin.de\\\/bucuresti\\\/#organization\"},\"image\":{\"@id\":\"https:\\\/\\\/buletin.de\\\/bucuresti\\\/circuitul-mitei-in-natura-un-nou-dosar-in-cazul-cumpararii-de-influenta-via-avocat-a-judecatorilor-curtii-de-apel-bucuresti\\\/#primaryimage\"},\"thumbnailUrl\":\"https:\\\/\\\/buletin.de\\\/bucuresti\\\/wp-content\\\/uploads\\\/d9a1314a-d6ca-4c98-9643-e9c90335951d.jpg\",\"keywords\":[\"curtea de apel bucuresti\",\"dare de mita\",\"directia nationala anticoruptie\",\"dna\",\"judecatori\",\"luare de mit\u0103\",\"mita\",\"trafic de influena\"],\"articleSection\":[\"Articole\",\"\u0218tiri\"],\"inLanguage\":\"en-GB\",\"copyrightYear\":\"2024\",\"copyrightHolder\":{\"@id\":\"https:\\\/\\\/buletin.de\\\/bucuresti\\\/#organization\"}},{\"@type\":\"WebPage\",\"@id\":\"https:\\\/\\\/buletin.de\\\/bucuresti\\\/circuitul-mitei-in-natura-un-nou-dosar-in-cazul-cumpararii-de-influenta-via-avocat-a-judecatorilor-curtii-de-apel-bucuresti\\\/\",\"url\":\"https:\\\/\\\/buletin.de\\\/bucuresti\\\/circuitul-mitei-in-natura-un-nou-dosar-in-cazul-cumpararii-de-influenta-via-avocat-a-judecatorilor-curtii-de-apel-bucuresti\\\/\",\"name\":\"\u201eCircuitul mitei \u00een natur\u0103\u201d: un nou dosar \u00een cazul cump\u0103r\u0103rii de influen\u021b\u0103, via avocat, a judec\u0103torilor Cur\u021bii de Apel Bucure\u0219ti - Buletin de Bucure\u0219ti\",\"isPartOf\":{\"@id\":\"https:\\\/\\\/buletin.de\\\/bucuresti\\\/#website\"},\"primaryImageOfPage\":{\"@id\":\"https:\\\/\\\/buletin.de\\\/bucuresti\\\/circuitul-mitei-in-natura-un-nou-dosar-in-cazul-cumpararii-de-influenta-via-avocat-a-judecatorilor-curtii-de-apel-bucuresti\\\/#primaryimage\"},\"image\":{\"@id\":\"https:\\\/\\\/buletin.de\\\/bucuresti\\\/circuitul-mitei-in-natura-un-nou-dosar-in-cazul-cumpararii-de-influenta-via-avocat-a-judecatorilor-curtii-de-apel-bucuresti\\\/#primaryimage\"},\"thumbnailUrl\":\"https:\\\/\\\/buletin.de\\\/bucuresti\\\/wp-content\\\/uploads\\\/d9a1314a-d6ca-4c98-9643-e9c90335951d.jpg\",\"datePublished\":\"2024-04-16T09:40:13+00:00\",\"dateModified\":\"2024-04-16T09:40:14+00:00\",\"breadcrumb\":{\"@id\":\"https:\\\/\\\/buletin.de\\\/bucuresti\\\/circuitul-mitei-in-natura-un-nou-dosar-in-cazul-cumpararii-de-influenta-via-avocat-a-judecatorilor-curtii-de-apel-bucuresti\\\/#breadcrumb\"},\"inLanguage\":\"en-GB\",\"potentialAction\":[{\"@type\":\"ReadAction\",\"target\":[\"https:\\\/\\\/buletin.de\\\/bucuresti\\\/circuitul-mitei-in-natura-un-nou-dosar-in-cazul-cumpararii-de-influenta-via-avocat-a-judecatorilor-curtii-de-apel-bucuresti\\\/\"]}]},{\"@type\":\"ImageObject\",\"inLanguage\":\"en-GB\",\"@id\":\"https:\\\/\\\/buletin.de\\\/bucuresti\\\/circuitul-mitei-in-natura-un-nou-dosar-in-cazul-cumpararii-de-influenta-via-avocat-a-judecatorilor-curtii-de-apel-bucuresti\\\/#primaryimage\",\"url\":\"https:\\\/\\\/buletin.de\\\/bucuresti\\\/wp-content\\\/uploads\\\/d9a1314a-d6ca-4c98-9643-e9c90335951d.jpg\",\"contentUrl\":\"https:\\\/\\\/buletin.de\\\/bucuresti\\\/wp-content\\\/uploads\\\/d9a1314a-d6ca-4c98-9643-e9c90335951d.jpg\",\"width\":1024,\"height\":768,\"caption\":\"surs\u0103: Openverse\"},{\"@type\":\"BreadcrumbList\",\"@id\":\"https:\\\/\\\/buletin.de\\\/bucuresti\\\/circuitul-mitei-in-natura-un-nou-dosar-in-cazul-cumpararii-de-influenta-via-avocat-a-judecatorilor-curtii-de-apel-bucuresti\\\/#breadcrumb\",\"itemListElement\":[{\"@type\":\"ListItem\",\"position\":1,\"name\":\"Acas\u0103\",\"item\":\"https:\\\/\\\/buletin.de\\\/bucuresti\\\/\"},{\"@type\":\"ListItem\",\"position\":2,\"name\":\"\u201eCircuitul mitei \u00een natur\u0103\u201d: un nou dosar \u00een cazul cump\u0103r\u0103rii de influen\u021b\u0103, via avocat, a judec\u0103torilor Cur\u021bii de Apel Bucure\u0219ti\"}]},{\"@type\":\"WebSite\",\"@id\":\"https:\\\/\\\/buletin.de\\\/bucuresti\\\/#website\",\"url\":\"https:\\\/\\\/buletin.de\\\/bucuresti\\\/\",\"name\":\"Buletin de Bucure\u0219ti\",\"description\":\"\u0218tiri \u0219i investiga\u021bii esen\u021biale din capital\u0103\",\"publisher\":{\"@id\":\"https:\\\/\\\/buletin.de\\\/bucuresti\\\/#organization\"},\"potentialAction\":[{\"@type\":\"SearchAction\",\"target\":{\"@type\":\"EntryPoint\",\"urlTemplate\":\"https:\\\/\\\/buletin.de\\\/bucuresti\\\/?s={search_term_string}\"},\"query-input\":{\"@type\":\"PropertyValueSpecification\",\"valueRequired\":true,\"valueName\":\"search_term_string\"}}],\"inLanguage\":\"en-GB\"},{\"@type\":\"Organization\",\"@id\":\"https:\\\/\\\/buletin.de\\\/bucuresti\\\/#organization\",\"name\":\"Buletin de Bucure\u0219ti\",\"url\":\"https:\\\/\\\/buletin.de\\\/bucuresti\\\/\",\"logo\":{\"@type\":\"ImageObject\",\"inLanguage\":\"en-GB\",\"@id\":\"https:\\\/\\\/buletin.de\\\/bucuresti\\\/#\\\/schema\\\/logo\\\/image\\\/\",\"url\":\"https:\\\/\\\/buletin.de\\\/bucuresti\\\/wp-content\\\/uploads\\\/logo-bdb-full-wide-vernil-transparent.png\",\"contentUrl\":\"https:\\\/\\\/buletin.de\\\/bucuresti\\\/wp-content\\\/uploads\\\/logo-bdb-full-wide-vernil-transparent.png\",\"width\":1782,\"height\":626,\"caption\":\"Buletin de Bucure\u0219ti\"},\"image\":{\"@id\":\"https:\\\/\\\/buletin.de\\\/bucuresti\\\/#\\\/schema\\\/logo\\\/image\\\/\"},\"sameAs\":[\"https:\\\/\\\/www.facebook.com\\\/buletin.de.buc\",\"https:\\\/\\\/www.instagram.com\\\/buletinde.bucuresti\\\/\"]},{\"@type\":\"Person\",\"@id\":\"https:\\\/\\\/buletin.de\\\/bucuresti\\\/#\\\/schema\\\/person\\\/ab174cf6711728e4ee83d672acf9a912\",\"name\":\"Adina C\u0103p\u00eelnean\",\"image\":{\"@type\":\"ImageObject\",\"inLanguage\":\"en-GB\",\"@id\":\"https:\\\/\\\/secure.gravatar.com\\\/avatar\\\/4fe9675d6282fd7c1aa4e486a037d532d5728fc16a30360f293eb6126b2e73ad?s=96&d=monsterid&r=ge2b23868508aec3460d3c6a11d3b599a\",\"url\":\"https:\\\/\\\/secure.gravatar.com\\\/avatar\\\/4fe9675d6282fd7c1aa4e486a037d532d5728fc16a30360f293eb6126b2e73ad?s=96&d=monsterid&r=g\",\"contentUrl\":\"https:\\\/\\\/secure.gravatar.com\\\/avatar\\\/4fe9675d6282fd7c1aa4e486a037d532d5728fc16a30360f293eb6126b2e73ad?s=96&d=monsterid&r=g\",\"caption\":\"Adina C\u0103p\u00eelnean\"},\"url\":\"https:\\\/\\\/buletin.de\\\/bucuresti\\\/author\\\/adinacapilnean\\\/\"}]}<\/script>\n<!-- \/ Yoast SEO Premium plugin. -->","yoast_head_json":{"title":"\u201eCircuitul mitei \u00een natur\u0103\u201d: un nou dosar \u00een cazul cump\u0103r\u0103rii de influen\u021b\u0103, via avocat, a judec\u0103torilor Cur\u021bii de Apel Bucure\u0219ti - Buletin de Bucure\u0219ti","robots":{"index":"index","follow":"follow","max-snippet":"max-snippet:-1","max-image-preview":"max-image-preview:large","max-video-preview":"max-video-preview:-1"},"canonical":"https:\/\/buletin.de\/bucuresti\/circuitul-mitei-in-natura-un-nou-dosar-in-cazul-cumpararii-de-influenta-via-avocat-a-judecatorilor-curtii-de-apel-bucuresti\/","og_locale":"en_GB","og_type":"article","og_title":"\u201eCircuitul mitei \u00een natur\u0103\u201d: un nou dosar \u00een cazul cump\u0103r\u0103rii de influen\u021b\u0103, via avocat, a judec\u0103torilor Cur\u021bii de Apel Bucure\u0219ti","og_description":"O persoan\u0103 este cercetat\u0103 de procurorii Direc\u021biei Na\u021bionale Anticorup\u021bie pentru\u00a0comiterea unor infrac\u021biuni de trafic de influen\u021b\u0103 pentru c\u0103 a pretins zeci de mii de euro de la un alt inculpat DNA, pretinz\u00e2nd c\u0103 poate s\u0103 influen\u021beze Judec\u0103torii Cur\u021bii de Apel Bucure\u0219ti. Persoana inculpat\u0103 c\u0103reia i-a fost cerut\u0103 mita este cercetat\u0103 \u00eentr-un alt dosar DNA, pentru [&hellip;]","og_url":"https:\/\/buletin.de\/bucuresti\/circuitul-mitei-in-natura-un-nou-dosar-in-cazul-cumpararii-de-influenta-via-avocat-a-judecatorilor-curtii-de-apel-bucuresti\/","og_site_name":"Buletin de Bucure\u0219ti","article_publisher":"https:\/\/www.facebook.com\/buletin.de.buc","article_published_time":"2024-04-16T09:40:13+00:00","article_modified_time":"2024-04-16T09:40:14+00:00","og_image":[{"width":1024,"height":768,"url":"https:\/\/buletin.de\/bucuresti\/wp-content\/uploads\/d9a1314a-d6ca-4c98-9643-e9c90335951d.jpg","type":"image\/jpeg"}],"author":"Adina C\u0103p\u00eelnean","twitter_card":"summary_large_image","twitter_misc":{"Written by":"Adina C\u0103p\u00eelnean","Estimated reading time":"2 minutes"},"schema":{"@context":"https:\/\/schema.org","@graph":[{"@type":"Article","@id":"https:\/\/buletin.de\/bucuresti\/circuitul-mitei-in-natura-un-nou-dosar-in-cazul-cumpararii-de-influenta-via-avocat-a-judecatorilor-curtii-de-apel-bucuresti\/#article","isPartOf":{"@id":"https:\/\/buletin.de\/bucuresti\/circuitul-mitei-in-natura-un-nou-dosar-in-cazul-cumpararii-de-influenta-via-avocat-a-judecatorilor-curtii-de-apel-bucuresti\/"},"author":{"name":"Adina C\u0103p\u00eelnean","@id":"https:\/\/buletin.de\/bucuresti\/#\/schema\/person\/ab174cf6711728e4ee83d672acf9a912"},"headline":"\u201eCircuitul mitei \u00een natur\u0103\u201d: un nou dosar \u00een cazul cump\u0103r\u0103rii de influen\u021b\u0103, via avocat, a judec\u0103torilor Cur\u021bii de Apel Bucure\u0219ti","datePublished":"2024-04-16T09:40:13+00:00","dateModified":"2024-04-16T09:40:14+00:00","mainEntityOfPage":{"@id":"https:\/\/buletin.de\/bucuresti\/circuitul-mitei-in-natura-un-nou-dosar-in-cazul-cumpararii-de-influenta-via-avocat-a-judecatorilor-curtii-de-apel-bucuresti\/"},"wordCount":404,"publisher":{"@id":"https:\/\/buletin.de\/bucuresti\/#organization"},"image":{"@id":"https:\/\/buletin.de\/bucuresti\/circuitul-mitei-in-natura-un-nou-dosar-in-cazul-cumpararii-de-influenta-via-avocat-a-judecatorilor-curtii-de-apel-bucuresti\/#primaryimage"},"thumbnailUrl":"https:\/\/buletin.de\/bucuresti\/wp-content\/uploads\/d9a1314a-d6ca-4c98-9643-e9c90335951d.jpg","keywords":["curtea de apel bucuresti","dare de mita","directia nationala anticoruptie","dna","judecatori","luare de mit\u0103","mita","trafic de influena"],"articleSection":["Articole","\u0218tiri"],"inLanguage":"en-GB","copyrightYear":"2024","copyrightHolder":{"@id":"https:\/\/buletin.de\/bucuresti\/#organization"}},{"@type":"WebPage","@id":"https:\/\/buletin.de\/bucuresti\/circuitul-mitei-in-natura-un-nou-dosar-in-cazul-cumpararii-de-influenta-via-avocat-a-judecatorilor-curtii-de-apel-bucuresti\/","url":"https:\/\/buletin.de\/bucuresti\/circuitul-mitei-in-natura-un-nou-dosar-in-cazul-cumpararii-de-influenta-via-avocat-a-judecatorilor-curtii-de-apel-bucuresti\/","name":"\u201eCircuitul mitei \u00een natur\u0103\u201d: un nou dosar \u00een cazul cump\u0103r\u0103rii de influen\u021b\u0103, via avocat, a judec\u0103torilor Cur\u021bii de Apel Bucure\u0219ti - Buletin de Bucure\u0219ti","isPartOf":{"@id":"https:\/\/buletin.de\/bucuresti\/#website"},"primaryImageOfPage":{"@id":"https:\/\/buletin.de\/bucuresti\/circuitul-mitei-in-natura-un-nou-dosar-in-cazul-cumpararii-de-influenta-via-avocat-a-judecatorilor-curtii-de-apel-bucuresti\/#primaryimage"},"image":{"@id":"https:\/\/buletin.de\/bucuresti\/circuitul-mitei-in-natura-un-nou-dosar-in-cazul-cumpararii-de-influenta-via-avocat-a-judecatorilor-curtii-de-apel-bucuresti\/#primaryimage"},"thumbnailUrl":"https:\/\/buletin.de\/bucuresti\/wp-content\/uploads\/d9a1314a-d6ca-4c98-9643-e9c90335951d.jpg","datePublished":"2024-04-16T09:40:13+00:00","dateModified":"2024-04-16T09:40:14+00:00","breadcrumb":{"@id":"https:\/\/buletin.de\/bucuresti\/circuitul-mitei-in-natura-un-nou-dosar-in-cazul-cumpararii-de-influenta-via-avocat-a-judecatorilor-curtii-de-apel-bucuresti\/#breadcrumb"},"inLanguage":"en-GB","potentialAction":[{"@type":"ReadAction","target":["https:\/\/buletin.de\/bucuresti\/circuitul-mitei-in-natura-un-nou-dosar-in-cazul-cumpararii-de-influenta-via-avocat-a-judecatorilor-curtii-de-apel-bucuresti\/"]}]},{"@type":"ImageObject","inLanguage":"en-GB","@id":"https:\/\/buletin.de\/bucuresti\/circuitul-mitei-in-natura-un-nou-dosar-in-cazul-cumpararii-de-influenta-via-avocat-a-judecatorilor-curtii-de-apel-bucuresti\/#primaryimage","url":"https:\/\/buletin.de\/bucuresti\/wp-content\/uploads\/d9a1314a-d6ca-4c98-9643-e9c90335951d.jpg","contentUrl":"https:\/\/buletin.de\/bucuresti\/wp-content\/uploads\/d9a1314a-d6ca-4c98-9643-e9c90335951d.jpg","width":1024,"height":768,"caption":"surs\u0103: Openverse"},{"@type":"BreadcrumbList","@id":"https:\/\/buletin.de\/bucuresti\/circuitul-mitei-in-natura-un-nou-dosar-in-cazul-cumpararii-de-influenta-via-avocat-a-judecatorilor-curtii-de-apel-bucuresti\/#breadcrumb","itemListElement":[{"@type":"ListItem","position":1,"name":"Acas\u0103","item":"https:\/\/buletin.de\/bucuresti\/"},{"@type":"ListItem","position":2,"name":"\u201eCircuitul mitei \u00een natur\u0103\u201d: un nou dosar \u00een cazul cump\u0103r\u0103rii de influen\u021b\u0103, via avocat, a judec\u0103torilor Cur\u021bii de Apel Bucure\u0219ti"}]},{"@type":"WebSite","@id":"https:\/\/buletin.de\/bucuresti\/#website","url":"https:\/\/buletin.de\/bucuresti\/","name":"Buletin de Bucure\u0219ti","description":"\u0218tiri \u0219i investiga\u021bii esen\u021biale din capital\u0103","publisher":{"@id":"https:\/\/buletin.de\/bucuresti\/#organization"},"potentialAction":[{"@type":"SearchAction","target":{"@type":"EntryPoint","urlTemplate":"https:\/\/buletin.de\/bucuresti\/?s={search_term_string}"},"query-input":{"@type":"PropertyValueSpecification","valueRequired":true,"valueName":"search_term_string"}}],"inLanguage":"en-GB"},{"@type":"Organization","@id":"https:\/\/buletin.de\/bucuresti\/#organization","name":"Buletin de Bucure\u0219ti","url":"https:\/\/buletin.de\/bucuresti\/","logo":{"@type":"ImageObject","inLanguage":"en-GB","@id":"https:\/\/buletin.de\/bucuresti\/#\/schema\/logo\/image\/","url":"https:\/\/buletin.de\/bucuresti\/wp-content\/uploads\/logo-bdb-full-wide-vernil-transparent.png","contentUrl":"https:\/\/buletin.de\/bucuresti\/wp-content\/uploads\/logo-bdb-full-wide-vernil-transparent.png","width":1782,"height":626,"caption":"Buletin de Bucure\u0219ti"},"image":{"@id":"https:\/\/buletin.de\/bucuresti\/#\/schema\/logo\/image\/"},"sameAs":["https:\/\/www.facebook.com\/buletin.de.buc","https:\/\/www.instagram.com\/buletinde.bucuresti\/"]},{"@type":"Person","@id":"https:\/\/buletin.de\/bucuresti\/#\/schema\/person\/ab174cf6711728e4ee83d672acf9a912","name":"Adina C\u0103p\u00eelnean","image":{"@type":"ImageObject","inLanguage":"en-GB","@id":"https:\/\/secure.gravatar.com\/avatar\/4fe9675d6282fd7c1aa4e486a037d532d5728fc16a30360f293eb6126b2e73ad?s=96&d=monsterid&r=ge2b23868508aec3460d3c6a11d3b599a","url":"https:\/\/secure.gravatar.com\/avatar\/4fe9675d6282fd7c1aa4e486a037d532d5728fc16a30360f293eb6126b2e73ad?s=96&d=monsterid&r=g","contentUrl":"https:\/\/secure.gravatar.com\/avatar\/4fe9675d6282fd7c1aa4e486a037d532d5728fc16a30360f293eb6126b2e73ad?s=96&d=monsterid&r=g","caption":"Adina C\u0103p\u00eelnean"},"url":"https:\/\/buletin.de\/bucuresti\/author\/adinacapilnean\/"}]}},"authors":[{"term_id":22580,"user_id":47,"is_guest":0,"slug":"adinacapilnean","display_name":"Adina C\u0103p\u00eelnean","avatar_url":"https:\/\/secure.gravatar.com\/avatar\/4fe9675d6282fd7c1aa4e486a037d532d5728fc16a30360f293eb6126b2e73ad?s=96&d=monsterid&r=g","0":null,"1":"","2":"","3":"","4":"","5":"","6":"","7":"","8":""}],"_links":{"self":[{"href":"https:\/\/buletin.de\/bucuresti\/wp-json\/wp\/v2\/posts\/83157","targetHints":{"allow":["GET"]}}],"collection":[{"href":"https:\/\/buletin.de\/bucuresti\/wp-json\/wp\/v2\/posts"}],"about":[{"href":"https:\/\/buletin.de\/bucuresti\/wp-json\/wp\/v2\/types\/post"}],"author":[{"embeddable":true,"href":"https:\/\/buletin.de\/bucuresti\/wp-json\/wp\/v2\/users\/47"}],"replies":[{"embeddable":true,"href":"https:\/\/buletin.de\/bucuresti\/wp-json\/wp\/v2\/comments?post=83157"}],"version-history":[{"count":3,"href":"https:\/\/buletin.de\/bucuresti\/wp-json\/wp\/v2\/posts\/83157\/revisions"}],"predecessor-version":[{"id":83173,"href":"https:\/\/buletin.de\/bucuresti\/wp-json\/wp\/v2\/posts\/83157\/revisions\/83173"}],"wp:featuredmedia":[{"embeddable":true,"href":"https:\/\/buletin.de\/bucuresti\/wp-json\/wp\/v2\/media\/83158"}],"wp:attachment":[{"href":"https:\/\/buletin.de\/bucuresti\/wp-json\/wp\/v2\/media?parent=83157"}],"wp:term":[{"taxonomy":"category","embeddable":true,"href":"https:\/\/buletin.de\/bucuresti\/wp-json\/wp\/v2\/categories?post=83157"},{"taxonomy":"post_tag","embeddable":true,"href":"https:\/\/buletin.de\/bucuresti\/wp-json\/wp\/v2\/tags?post=83157"},{"taxonomy":"author","embeddable":true,"href":"https:\/\/buletin.de\/bucuresti\/wp-json\/wp\/v2\/ppma_author?post=83157"}],"curies":[{"name":"wp","href":"https:\/\/api.w.org\/{rel}","templated":true}]}}