{"id":83144,"date":"2024-04-16T08:46:44","date_gmt":"2024-04-16T05:46:44","guid":{"rendered":"https:\/\/buletin.de\/bucuresti\/?p=83144"},"modified":"2024-04-16T08:47:52","modified_gmt":"2024-04-16T05:47:52","slug":"nicusor-dan-anunta-ca-a-agentia-fitch-reconfirmat-ratingul-individual-al-capitalei-la-nivel-a","status":"publish","type":"post","link":"https:\/\/buletin.de\/bucuresti\/nicusor-dan-anunta-ca-a-agentia-fitch-reconfirmat-ratingul-individual-al-capitalei-la-nivel-a\/","title":{"rendered":"Nicu\u0219or Dan spune c\u0103 Agen\u021bia Fitch a reconfirmat ratingul individual al Capitalei la nivel \u201ea\u201d"},"content":{"rendered":"\n<p><strong>Agen\u021bia american\u0103 de rating Fitch men\u021bine profilul de credit individual (Standalone Credit Profile) al Bucure\u0219tiului la nivel \u201ea\u201d, patru trepte deasupra ratingului Rom\u00e2niei, anun\u021b\u0103 Nicu\u0219or Dan, Primarul General al Capitalei. <\/strong><\/p>\n\n\n\n<p><em>\u201eAgen\u0163ia de rating Fitch a reconfirmat ratingul individual al Bucure\u015ftiului la nivel \u2018a\u2019. Asta \u00eenseamn\u0103 patru trepte deasupra ratingului Rom\u00e2niei, asta confirm\u0103 eforturile pe care le-am f\u0103cut pentru a stabiliza financiar prim\u0103ria. V\u0103 aduc aminte c\u0103 am plecat cu o datorie curent\u0103 de 3 miliarde de lei. Fitch mai remarc\u0103 ajustarea cheltuielilor \u00een func\u0163ie de venituri \u015fi planul de investi\u0163ii ambi\u0163ios. Asta \u00eenseamn\u0103 c\u0103 ducem banii exact acolo unde trebuie<\/em>\u201d, declar\u0103 edilul Capitalei \u00eentr-o <a href=\"https:\/\/www.facebook.com\/NicusorDan.ro\/videos\/2121457341559934\">postare de Facebook<\/a>.<\/p>\n\n\n\n<iframe src=\"https:\/\/www.facebook.com\/plugins\/video.php?height=314&#038;href=https%3A%2F%2Fwww.facebook.com%2FNicusorDan.ro%2Fvideos%2F2121457341559934%2F&#038;show_text=false&#038;width=560&#038;t=0\" width=\"560\" height=\"314\" style=\"border:none;overflow:hidden\" scrolling=\"no\" frameborder=\"0\" allowfullscreen=\"true\" allow=\"autoplay; clipboard-write; encrypted-media; picture-in-picture; web-share\" allowFullScreen=\"true\"><\/iframe>\n\n\n\n<p>Profilul individual de credit al Bucure\u0219tiului a fost schimbat anul trecut,  de la \u201ebbb+\u201d la \u201ea\u201d. &nbsp;Indicatorul semnific\u0103 o mai mare capacitate de \u00eendeplinire a obliga\u021biilor financiare.&nbsp;La vremea respectiv\u0103, ratingurile Capitalei au fost modificate la mai multe categorii, despre care Buletin de Bucure\u0219ti a scris <a href=\"https:\/\/buletin.de\/bucuresti\/bucurestiul-rating-fitch-de-creditare-mai-bun-ca-al-romaniei\/\">aici<\/a>.<\/p>\n\n\n\n<figure class=\"wp-block-image size-large\"><img fetchpriority=\"high\" decoding=\"async\" width=\"900\" height=\"164\" src=\"data:image\/gif;base64,R0lGODlhAQABAAAAACH5BAEKAAEALAAAAAABAAEAAAICTAEAOw==\" data-src=\"https:\/\/buletin.de\/bucuresti\/wp-content\/uploads\/image_2024-04-16_081544252-900x164.png\" alt=\"\" class=\"wp-image-83150 lazyload\" data-sizes=\"auto\" data-srcset=\"https:\/\/buletin.de\/bucuresti\/wp-content\/uploads\/image_2024-04-16_081544252-900x164.png 900w, https:\/\/buletin.de\/bucuresti\/wp-content\/uploads\/image_2024-04-16_081544252-300x55.png 300w, https:\/\/buletin.de\/bucuresti\/wp-content\/uploads\/image_2024-04-16_081544252-768x140.png 768w, https:\/\/buletin.de\/bucuresti\/wp-content\/uploads\/image_2024-04-16_081544252-1100x200.png 1100w, https:\/\/buletin.de\/bucuresti\/wp-content\/uploads\/image_2024-04-16_081544252-600x109.png 600w, https:\/\/buletin.de\/bucuresti\/wp-content\/uploads\/image_2024-04-16_081544252-20x4.png 20w, https:\/\/buletin.de\/bucuresti\/wp-content\/uploads\/image_2024-04-16_081544252.png 1396w\" sizes=\"(max-width: 900px) 100vw, 900px\" \/><figcaption class=\"wp-element-caption\">FOTO: www.fitchratings.com<\/figcaption><\/figure>\n\n\n\n<h2 class=\"wp-block-heading\">Datoria istoric\u0103 a Capitalei<\/h2>\n\n\n\n<p>La \u00eenceputul aceluia\u0219i an, <a href=\"https:\/\/buletin.de\/bucuresti\/primaria-capitalei-a-platit-datoria-istorica-de-3-miliarde-de-lei-lasata-de-firea-a-intrat-in-2023-fara-datorii-curente\/\">Nicu\u0219or Dan anun\u021ba c\u0103 prim\u0103ria pe care o conduce a pl\u0103tit toate datoriile curente, care au fost de aproximativ trei miliarde de lei<\/a>. Edilul declara c\u0103 din 2020 p\u00e2n\u0103 la finalul anului 2022, din cauza acestor datorii, 150 de companii \u0219i persoane private au poprit conturile Prim\u0103riei Generale. Pentru a \u00eenchide datoriile, PMB a am\u00e2nat mai multe investi\u021bii importante pentru Bucure\u0219ti, mai sus\u021bine primarul.<\/p>\n\n\n\n<blockquote class=\"wp-block-quote is-layout-flow wp-block-quote-is-layout-flow\">\n<p>La sf\u00e2r\u0219itul anului trecut am \u00eenchis datoriile curente ale Prim\u0103riaie Capitalei. Deci, am \u00eenceput anul 2023 f\u0103r\u0103 datorii curente. De ce e asta \u00eemportant? este important s\u0103 avem \u00eencrederea mediului privat, b\u0103nci \u0219i companii, pentru c\u0103 e important ca la lucr\u0103rile noastre s\u0103 vin\u0103 companii private care s\u0103 lucreze. Am v\u0103zut un exemplu la sf\u00e2r\u0219itul anului trecut, c\u00e2nd a trebuit s\u0103 pl\u0103tim repede 500 de milioane de lei pentru a evita colapsul sistemului de termoficare \u0219i av\u00e2d aceast\u0103 \u00eencredere am reu\u0219it.<\/p>\n<cite>Nicu\u0219or Dan, Primarul Capitalei, Conferin\u021b\u0103 de Pres\u0103 &#8211; ianuarie 2023<\/cite><\/blockquote>\n\n\n\n<p>O parte important\u0103 din datoria de trei miliarde de lei a fost pentru subven\u021biile de la serviciul public de transport \u0219i termie. 370 de milioane de lei au fost banii pe care Prim\u0103ria Capitalei \u00eei datora Familiei Constanda. O alt\u0103 datorie consistent\u0103 a fost pentru autobuzele Otokar, pentru care fosta administra\u021bie doar a atribuit licita\u021bia, f\u0103r\u0103 s\u0103 o pl\u0103teasc\u0103. Nicu\u0219or Dan sus\u021bine \u0219i c\u0103 STB \u0219i Termoenergetica au fost foarte aproape de a intra \u00een faliment din cauza datoriilor.<\/p>\n\n\n\n<p>CITE\u0218TE \u0218I:<\/p>\n\n\n\n<figure class=\"wp-block-embed is-type-wp-embed is-provider-buletin-de-bucure-ti wp-block-embed-buletin-de-bucure-ti\"><div class=\"wp-block-embed__wrapper\">\n<blockquote class=\"wp-embedded-content\" data-secret=\"M2CBdhjPx8\"><a href=\"https:\/\/buletin.de\/bucuresti\/primaria-capitalei-a-platit-datoria-istorica-de-3-miliarde-de-lei-lasata-de-firea-a-intrat-in-2023-fara-datorii-curente\/\">Prim\u0103ria Capitalei a pl\u0103tit datoria istoric\u0103 de 3 miliarde de lei, l\u0103sat\u0103 de Firea. A intrat \u00een 2023 f\u0103r\u0103 datorii curente<\/a><\/blockquote><iframe class=\"wp-embedded-content\" sandbox=\"allow-scripts\" security=\"restricted\" style=\"position: absolute; clip: rect(1px, 1px, 1px, 1px);\" title=\"&#8220;Prim\u0103ria Capitalei a pl\u0103tit datoria istoric\u0103 de 3 miliarde de lei, l\u0103sat\u0103 de Firea. A intrat \u00een 2023 f\u0103r\u0103 datorii curente&#8221; &#8212; Buletin de Bucure\u0219ti\" src=\"https:\/\/buletin.de\/bucuresti\/primaria-capitalei-a-platit-datoria-istorica-de-3-miliarde-de-lei-lasata-de-firea-a-intrat-in-2023-fara-datorii-curente\/embed\/#?secret=gKHAjnwkZ5#?secret=M2CBdhjPx8\" data-secret=\"M2CBdhjPx8\" width=\"600\" height=\"338\" frameborder=\"0\" marginwidth=\"0\" marginheight=\"0\" scrolling=\"no\"><\/iframe>\n<\/div><\/figure>\n","protected":false},"excerpt":{"rendered":"<p>Agen\u021bia american\u0103 de rating Fitch men\u021bine profilul de credit individual (Standalone Credit Profile) al Bucure\u0219tiului la nivel \u201ea\u201d, patru trepte deasupra ratingului Rom\u00e2niei, anun\u021b\u0103 Nicu\u0219or Dan, Primarul General al Capitalei. \u201eAgen\u0163ia de rating Fitch a reconfirmat ratingul individual al Bucure\u015ftiului la nivel \u2018a\u2019. Asta \u00eenseamn\u0103 patru trepte deasupra ratingului Rom\u00e2niei, asta confirm\u0103 eforturile pe care [&hellip;]<\/p>\n","protected":false},"author":55,"featured_media":42232,"comment_status":"closed","ping_status":"open","sticky":false,"template":"","format":"standard","meta":{"_acf_changed":false,"inline_featured_image":false,"ngg_post_thumbnail":0,"footnotes":""},"categories":[6994,5762],"tags":[11241,11242,11243,258],"ppma_author":[22573],"class_list":["post-83144","post","type-post","status-publish","format-standard","has-post-thumbnail","hentry","category-stiri-2","category-main","tag-agentia-de-rating-fitch","tag-datorii-pmb","tag-deficit-bugetar","tag-primaria-capitalei"],"acf":[],"yoast_head":"<!-- This site is optimized with the Yoast SEO Premium plugin v25.3 (Yoast SEO v27.5) - https:\/\/yoast.com\/product\/yoast-seo-premium-wordpress\/ -->\n<title>Nicu\u0219or Dan spune c\u0103 Agen\u021bia Fitch a reconfirmat ratingul individual al Capitalei la nivel \u201ea\u201d - Buletin de Bucure\u0219ti<\/title>\n<meta name=\"robots\" content=\"index, follow, max-snippet:-1, max-image-preview:large, max-video-preview:-1\" \/>\n<link rel=\"canonical\" href=\"https:\/\/buletin.de\/bucuresti\/nicusor-dan-anunta-ca-a-agentia-fitch-reconfirmat-ratingul-individual-al-capitalei-la-nivel-a\/\" \/>\n<meta property=\"og:locale\" content=\"en_GB\" \/>\n<meta property=\"og:type\" content=\"article\" \/>\n<meta property=\"og:title\" content=\"Nicu\u0219or Dan spune c\u0103 Agen\u021bia Fitch a reconfirmat ratingul individual al Capitalei la nivel \u201ea\u201d\" \/>\n<meta property=\"og:description\" content=\"Agen\u021bia american\u0103 de rating Fitch men\u021bine profilul de credit individual (Standalone Credit Profile) al Bucure\u0219tiului la nivel \u201ea\u201d, patru trepte deasupra ratingului Rom\u00e2niei, anun\u021b\u0103 Nicu\u0219or Dan, Primarul General al Capitalei. \u201eAgen\u0163ia de rating Fitch a reconfirmat ratingul individual al Bucure\u015ftiului la nivel \u2018a\u2019. Asta \u00eenseamn\u0103 patru trepte deasupra ratingului Rom\u00e2niei, asta confirm\u0103 eforturile pe care [&hellip;]\" \/>\n<meta property=\"og:url\" content=\"https:\/\/buletin.de\/bucuresti\/nicusor-dan-anunta-ca-a-agentia-fitch-reconfirmat-ratingul-individual-al-capitalei-la-nivel-a\/\" \/>\n<meta property=\"og:site_name\" content=\"Buletin de Bucure\u0219ti\" \/>\n<meta property=\"article:publisher\" content=\"https:\/\/www.facebook.com\/buletin.de.buc\" \/>\n<meta property=\"article:published_time\" content=\"2024-04-16T05:46:44+00:00\" \/>\n<meta property=\"article:modified_time\" content=\"2024-04-16T05:47:52+00:00\" \/>\n<meta property=\"og:image\" content=\"https:\/\/buletin.de\/bucuresti\/wp-content\/uploads\/pmb.jpg\" \/>\n\t<meta property=\"og:image:width\" content=\"960\" \/>\n\t<meta property=\"og:image:height\" content=\"642\" \/>\n\t<meta property=\"og:image:type\" content=\"image\/jpeg\" \/>\n<meta name=\"author\" content=\"Andreea Tudor\" \/>\n<meta name=\"twitter:card\" content=\"summary_large_image\" \/>\n<meta name=\"twitter:label1\" content=\"Written by\" \/>\n\t<meta name=\"twitter:data1\" content=\"Andreea Tudor\" \/>\n\t<meta name=\"twitter:label2\" content=\"Estimated reading time\" \/>\n\t<meta name=\"twitter:data2\" content=\"2 minutes\" \/>\n<script type=\"application\/ld+json\" class=\"yoast-schema-graph\">{\"@context\":\"https:\\\/\\\/schema.org\",\"@graph\":[{\"@type\":\"Article\",\"@id\":\"https:\\\/\\\/buletin.de\\\/bucuresti\\\/nicusor-dan-anunta-ca-a-agentia-fitch-reconfirmat-ratingul-individual-al-capitalei-la-nivel-a\\\/#article\",\"isPartOf\":{\"@id\":\"https:\\\/\\\/buletin.de\\\/bucuresti\\\/nicusor-dan-anunta-ca-a-agentia-fitch-reconfirmat-ratingul-individual-al-capitalei-la-nivel-a\\\/\"},\"author\":{\"name\":\"Andreea Tudor\",\"@id\":\"https:\\\/\\\/buletin.de\\\/bucuresti\\\/#\\\/schema\\\/person\\\/150590659efde715459d159da012f501\"},\"headline\":\"Nicu\u0219or Dan spune c\u0103 Agen\u021bia Fitch a reconfirmat ratingul individual al Capitalei la nivel \u201ea\u201d\",\"datePublished\":\"2024-04-16T05:46:44+00:00\",\"dateModified\":\"2024-04-16T05:47:52+00:00\",\"mainEntityOfPage\":{\"@id\":\"https:\\\/\\\/buletin.de\\\/bucuresti\\\/nicusor-dan-anunta-ca-a-agentia-fitch-reconfirmat-ratingul-individual-al-capitalei-la-nivel-a\\\/\"},\"wordCount\":470,\"publisher\":{\"@id\":\"https:\\\/\\\/buletin.de\\\/bucuresti\\\/#organization\"},\"image\":{\"@id\":\"https:\\\/\\\/buletin.de\\\/bucuresti\\\/nicusor-dan-anunta-ca-a-agentia-fitch-reconfirmat-ratingul-individual-al-capitalei-la-nivel-a\\\/#primaryimage\"},\"thumbnailUrl\":\"https:\\\/\\\/buletin.de\\\/bucuresti\\\/wp-content\\\/uploads\\\/pmb.jpg\",\"keywords\":[\"Agentia de rating Fitch\",\"datorii PMB\",\"deficit bugetar\",\"primaria capitalei\"],\"articleSection\":[\"Articole\",\"Main\"],\"inLanguage\":\"en-GB\",\"copyrightYear\":\"2024\",\"copyrightHolder\":{\"@id\":\"https:\\\/\\\/buletin.de\\\/bucuresti\\\/#organization\"}},{\"@type\":\"WebPage\",\"@id\":\"https:\\\/\\\/buletin.de\\\/bucuresti\\\/nicusor-dan-anunta-ca-a-agentia-fitch-reconfirmat-ratingul-individual-al-capitalei-la-nivel-a\\\/\",\"url\":\"https:\\\/\\\/buletin.de\\\/bucuresti\\\/nicusor-dan-anunta-ca-a-agentia-fitch-reconfirmat-ratingul-individual-al-capitalei-la-nivel-a\\\/\",\"name\":\"Nicu\u0219or Dan spune c\u0103 Agen\u021bia Fitch a reconfirmat ratingul individual al Capitalei la nivel \u201ea\u201d - Buletin de Bucure\u0219ti\",\"isPartOf\":{\"@id\":\"https:\\\/\\\/buletin.de\\\/bucuresti\\\/#website\"},\"primaryImageOfPage\":{\"@id\":\"https:\\\/\\\/buletin.de\\\/bucuresti\\\/nicusor-dan-anunta-ca-a-agentia-fitch-reconfirmat-ratingul-individual-al-capitalei-la-nivel-a\\\/#primaryimage\"},\"image\":{\"@id\":\"https:\\\/\\\/buletin.de\\\/bucuresti\\\/nicusor-dan-anunta-ca-a-agentia-fitch-reconfirmat-ratingul-individual-al-capitalei-la-nivel-a\\\/#primaryimage\"},\"thumbnailUrl\":\"https:\\\/\\\/buletin.de\\\/bucuresti\\\/wp-content\\\/uploads\\\/pmb.jpg\",\"datePublished\":\"2024-04-16T05:46:44+00:00\",\"dateModified\":\"2024-04-16T05:47:52+00:00\",\"breadcrumb\":{\"@id\":\"https:\\\/\\\/buletin.de\\\/bucuresti\\\/nicusor-dan-anunta-ca-a-agentia-fitch-reconfirmat-ratingul-individual-al-capitalei-la-nivel-a\\\/#breadcrumb\"},\"inLanguage\":\"en-GB\",\"potentialAction\":[{\"@type\":\"ReadAction\",\"target\":[\"https:\\\/\\\/buletin.de\\\/bucuresti\\\/nicusor-dan-anunta-ca-a-agentia-fitch-reconfirmat-ratingul-individual-al-capitalei-la-nivel-a\\\/\"]}]},{\"@type\":\"ImageObject\",\"inLanguage\":\"en-GB\",\"@id\":\"https:\\\/\\\/buletin.de\\\/bucuresti\\\/nicusor-dan-anunta-ca-a-agentia-fitch-reconfirmat-ratingul-individual-al-capitalei-la-nivel-a\\\/#primaryimage\",\"url\":\"https:\\\/\\\/buletin.de\\\/bucuresti\\\/wp-content\\\/uploads\\\/pmb.jpg\",\"contentUrl\":\"https:\\\/\\\/buletin.de\\\/bucuresti\\\/wp-content\\\/uploads\\\/pmb.jpg\",\"width\":960,\"height\":642,\"caption\":\"A fost radiat\u0103 prima companie municipal\u0103 din cele peste 20 \u00eenfiin\u021bate de administra\u021bia Firea\"},{\"@type\":\"BreadcrumbList\",\"@id\":\"https:\\\/\\\/buletin.de\\\/bucuresti\\\/nicusor-dan-anunta-ca-a-agentia-fitch-reconfirmat-ratingul-individual-al-capitalei-la-nivel-a\\\/#breadcrumb\",\"itemListElement\":[{\"@type\":\"ListItem\",\"position\":1,\"name\":\"Acas\u0103\",\"item\":\"https:\\\/\\\/buletin.de\\\/bucuresti\\\/\"},{\"@type\":\"ListItem\",\"position\":2,\"name\":\"Nicu\u0219or Dan spune c\u0103 Agen\u021bia Fitch a reconfirmat ratingul individual al Capitalei la nivel \u201ea\u201d\"}]},{\"@type\":\"WebSite\",\"@id\":\"https:\\\/\\\/buletin.de\\\/bucuresti\\\/#website\",\"url\":\"https:\\\/\\\/buletin.de\\\/bucuresti\\\/\",\"name\":\"Buletin de Bucure\u0219ti\",\"description\":\"\u0218tiri \u0219i investiga\u021bii esen\u021biale din capital\u0103\",\"publisher\":{\"@id\":\"https:\\\/\\\/buletin.de\\\/bucuresti\\\/#organization\"},\"potentialAction\":[{\"@type\":\"SearchAction\",\"target\":{\"@type\":\"EntryPoint\",\"urlTemplate\":\"https:\\\/\\\/buletin.de\\\/bucuresti\\\/?s={search_term_string}\"},\"query-input\":{\"@type\":\"PropertyValueSpecification\",\"valueRequired\":true,\"valueName\":\"search_term_string\"}}],\"inLanguage\":\"en-GB\"},{\"@type\":\"Organization\",\"@id\":\"https:\\\/\\\/buletin.de\\\/bucuresti\\\/#organization\",\"name\":\"Buletin de Bucure\u0219ti\",\"url\":\"https:\\\/\\\/buletin.de\\\/bucuresti\\\/\",\"logo\":{\"@type\":\"ImageObject\",\"inLanguage\":\"en-GB\",\"@id\":\"https:\\\/\\\/buletin.de\\\/bucuresti\\\/#\\\/schema\\\/logo\\\/image\\\/\",\"url\":\"https:\\\/\\\/buletin.de\\\/bucuresti\\\/wp-content\\\/uploads\\\/logo-bdb-full-wide-vernil-transparent.png\",\"contentUrl\":\"https:\\\/\\\/buletin.de\\\/bucuresti\\\/wp-content\\\/uploads\\\/logo-bdb-full-wide-vernil-transparent.png\",\"width\":1782,\"height\":626,\"caption\":\"Buletin de Bucure\u0219ti\"},\"image\":{\"@id\":\"https:\\\/\\\/buletin.de\\\/bucuresti\\\/#\\\/schema\\\/logo\\\/image\\\/\"},\"sameAs\":[\"https:\\\/\\\/www.facebook.com\\\/buletin.de.buc\",\"https:\\\/\\\/www.instagram.com\\\/buletinde.bucuresti\\\/\"]},{\"@type\":\"Person\",\"@id\":\"https:\\\/\\\/buletin.de\\\/bucuresti\\\/#\\\/schema\\\/person\\\/150590659efde715459d159da012f501\",\"name\":\"Andreea Tudor\",\"image\":{\"@type\":\"ImageObject\",\"inLanguage\":\"en-GB\",\"@id\":\"https:\\\/\\\/secure.gravatar.com\\\/avatar\\\/a88705a186ab0b67f3349bcbced506c09e37256fbaad0e7f3bd1a79b4599f589?s=96&d=monsterid&r=g79290610aa1a65c2b86eebc2ca5aee8f\",\"url\":\"https:\\\/\\\/secure.gravatar.com\\\/avatar\\\/a88705a186ab0b67f3349bcbced506c09e37256fbaad0e7f3bd1a79b4599f589?s=96&d=monsterid&r=g\",\"contentUrl\":\"https:\\\/\\\/secure.gravatar.com\\\/avatar\\\/a88705a186ab0b67f3349bcbced506c09e37256fbaad0e7f3bd1a79b4599f589?s=96&d=monsterid&r=g\",\"caption\":\"Andreea Tudor\"},\"description\":\"N\u0103scut\u0103 \u0219i crescut\u0103 \u00een Bucure\u0219ti, sus\u021bin\u0103toare a presei independente. A\u0219a am ajuns redactor la Buletin de Bucure\u0219ti. Fiind eu, \u00eens\u0103mi, parte a sistemului de \u00eenv\u0103\u021b\u0103m\u00e2nt rom\u00e2nesc \u0219i pasionat\u0103 de domeniul social, pun sub lup\u0103 tot ceea ce se \u00eent\u00e2mpl\u0103 \u00een sfera educa\u021biei. Cred cu t\u0103rie c\u0103 presa \u201epentru cet\u0103\u021beni\u201d este presa independent\u0103. Oamenii au nevoie de o informare corect\u0103 pentru a \u00een\u021belege pe deplin ce se \u00eent\u00e2mpl\u0103 \u00een jurul lor \u0219i pentru a lua ac\u021biune \u00eempotriva nedrept\u0103\u021bilor.\",\"url\":\"https:\\\/\\\/buletin.de\\\/bucuresti\\\/author\\\/andreeatudor\\\/\"}]}<\/script>\n<!-- \/ Yoast SEO Premium plugin. -->","yoast_head_json":{"title":"Nicu\u0219or Dan spune c\u0103 Agen\u021bia Fitch a reconfirmat ratingul individual al Capitalei la nivel \u201ea\u201d - Buletin de Bucure\u0219ti","robots":{"index":"index","follow":"follow","max-snippet":"max-snippet:-1","max-image-preview":"max-image-preview:large","max-video-preview":"max-video-preview:-1"},"canonical":"https:\/\/buletin.de\/bucuresti\/nicusor-dan-anunta-ca-a-agentia-fitch-reconfirmat-ratingul-individual-al-capitalei-la-nivel-a\/","og_locale":"en_GB","og_type":"article","og_title":"Nicu\u0219or Dan spune c\u0103 Agen\u021bia Fitch a reconfirmat ratingul individual al Capitalei la nivel \u201ea\u201d","og_description":"Agen\u021bia american\u0103 de rating Fitch men\u021bine profilul de credit individual (Standalone Credit Profile) al Bucure\u0219tiului la nivel \u201ea\u201d, patru trepte deasupra ratingului Rom\u00e2niei, anun\u021b\u0103 Nicu\u0219or Dan, Primarul General al Capitalei. \u201eAgen\u0163ia de rating Fitch a reconfirmat ratingul individual al Bucure\u015ftiului la nivel \u2018a\u2019. Asta \u00eenseamn\u0103 patru trepte deasupra ratingului Rom\u00e2niei, asta confirm\u0103 eforturile pe care [&hellip;]","og_url":"https:\/\/buletin.de\/bucuresti\/nicusor-dan-anunta-ca-a-agentia-fitch-reconfirmat-ratingul-individual-al-capitalei-la-nivel-a\/","og_site_name":"Buletin de Bucure\u0219ti","article_publisher":"https:\/\/www.facebook.com\/buletin.de.buc","article_published_time":"2024-04-16T05:46:44+00:00","article_modified_time":"2024-04-16T05:47:52+00:00","og_image":[{"width":960,"height":642,"url":"https:\/\/buletin.de\/bucuresti\/wp-content\/uploads\/pmb.jpg","type":"image\/jpeg"}],"author":"Andreea Tudor","twitter_card":"summary_large_image","twitter_misc":{"Written by":"Andreea Tudor","Estimated reading time":"2 minutes"},"schema":{"@context":"https:\/\/schema.org","@graph":[{"@type":"Article","@id":"https:\/\/buletin.de\/bucuresti\/nicusor-dan-anunta-ca-a-agentia-fitch-reconfirmat-ratingul-individual-al-capitalei-la-nivel-a\/#article","isPartOf":{"@id":"https:\/\/buletin.de\/bucuresti\/nicusor-dan-anunta-ca-a-agentia-fitch-reconfirmat-ratingul-individual-al-capitalei-la-nivel-a\/"},"author":{"name":"Andreea Tudor","@id":"https:\/\/buletin.de\/bucuresti\/#\/schema\/person\/150590659efde715459d159da012f501"},"headline":"Nicu\u0219or Dan spune c\u0103 Agen\u021bia Fitch a reconfirmat ratingul individual al Capitalei la nivel \u201ea\u201d","datePublished":"2024-04-16T05:46:44+00:00","dateModified":"2024-04-16T05:47:52+00:00","mainEntityOfPage":{"@id":"https:\/\/buletin.de\/bucuresti\/nicusor-dan-anunta-ca-a-agentia-fitch-reconfirmat-ratingul-individual-al-capitalei-la-nivel-a\/"},"wordCount":470,"publisher":{"@id":"https:\/\/buletin.de\/bucuresti\/#organization"},"image":{"@id":"https:\/\/buletin.de\/bucuresti\/nicusor-dan-anunta-ca-a-agentia-fitch-reconfirmat-ratingul-individual-al-capitalei-la-nivel-a\/#primaryimage"},"thumbnailUrl":"https:\/\/buletin.de\/bucuresti\/wp-content\/uploads\/pmb.jpg","keywords":["Agentia de rating Fitch","datorii PMB","deficit bugetar","primaria capitalei"],"articleSection":["Articole","Main"],"inLanguage":"en-GB","copyrightYear":"2024","copyrightHolder":{"@id":"https:\/\/buletin.de\/bucuresti\/#organization"}},{"@type":"WebPage","@id":"https:\/\/buletin.de\/bucuresti\/nicusor-dan-anunta-ca-a-agentia-fitch-reconfirmat-ratingul-individual-al-capitalei-la-nivel-a\/","url":"https:\/\/buletin.de\/bucuresti\/nicusor-dan-anunta-ca-a-agentia-fitch-reconfirmat-ratingul-individual-al-capitalei-la-nivel-a\/","name":"Nicu\u0219or Dan spune c\u0103 Agen\u021bia Fitch a reconfirmat ratingul individual al Capitalei la nivel \u201ea\u201d - Buletin de Bucure\u0219ti","isPartOf":{"@id":"https:\/\/buletin.de\/bucuresti\/#website"},"primaryImageOfPage":{"@id":"https:\/\/buletin.de\/bucuresti\/nicusor-dan-anunta-ca-a-agentia-fitch-reconfirmat-ratingul-individual-al-capitalei-la-nivel-a\/#primaryimage"},"image":{"@id":"https:\/\/buletin.de\/bucuresti\/nicusor-dan-anunta-ca-a-agentia-fitch-reconfirmat-ratingul-individual-al-capitalei-la-nivel-a\/#primaryimage"},"thumbnailUrl":"https:\/\/buletin.de\/bucuresti\/wp-content\/uploads\/pmb.jpg","datePublished":"2024-04-16T05:46:44+00:00","dateModified":"2024-04-16T05:47:52+00:00","breadcrumb":{"@id":"https:\/\/buletin.de\/bucuresti\/nicusor-dan-anunta-ca-a-agentia-fitch-reconfirmat-ratingul-individual-al-capitalei-la-nivel-a\/#breadcrumb"},"inLanguage":"en-GB","potentialAction":[{"@type":"ReadAction","target":["https:\/\/buletin.de\/bucuresti\/nicusor-dan-anunta-ca-a-agentia-fitch-reconfirmat-ratingul-individual-al-capitalei-la-nivel-a\/"]}]},{"@type":"ImageObject","inLanguage":"en-GB","@id":"https:\/\/buletin.de\/bucuresti\/nicusor-dan-anunta-ca-a-agentia-fitch-reconfirmat-ratingul-individual-al-capitalei-la-nivel-a\/#primaryimage","url":"https:\/\/buletin.de\/bucuresti\/wp-content\/uploads\/pmb.jpg","contentUrl":"https:\/\/buletin.de\/bucuresti\/wp-content\/uploads\/pmb.jpg","width":960,"height":642,"caption":"A fost radiat\u0103 prima companie municipal\u0103 din cele peste 20 \u00eenfiin\u021bate de administra\u021bia Firea"},{"@type":"BreadcrumbList","@id":"https:\/\/buletin.de\/bucuresti\/nicusor-dan-anunta-ca-a-agentia-fitch-reconfirmat-ratingul-individual-al-capitalei-la-nivel-a\/#breadcrumb","itemListElement":[{"@type":"ListItem","position":1,"name":"Acas\u0103","item":"https:\/\/buletin.de\/bucuresti\/"},{"@type":"ListItem","position":2,"name":"Nicu\u0219or Dan spune c\u0103 Agen\u021bia Fitch a reconfirmat ratingul individual al Capitalei la nivel \u201ea\u201d"}]},{"@type":"WebSite","@id":"https:\/\/buletin.de\/bucuresti\/#website","url":"https:\/\/buletin.de\/bucuresti\/","name":"Buletin de Bucure\u0219ti","description":"\u0218tiri \u0219i investiga\u021bii esen\u021biale din capital\u0103","publisher":{"@id":"https:\/\/buletin.de\/bucuresti\/#organization"},"potentialAction":[{"@type":"SearchAction","target":{"@type":"EntryPoint","urlTemplate":"https:\/\/buletin.de\/bucuresti\/?s={search_term_string}"},"query-input":{"@type":"PropertyValueSpecification","valueRequired":true,"valueName":"search_term_string"}}],"inLanguage":"en-GB"},{"@type":"Organization","@id":"https:\/\/buletin.de\/bucuresti\/#organization","name":"Buletin de Bucure\u0219ti","url":"https:\/\/buletin.de\/bucuresti\/","logo":{"@type":"ImageObject","inLanguage":"en-GB","@id":"https:\/\/buletin.de\/bucuresti\/#\/schema\/logo\/image\/","url":"https:\/\/buletin.de\/bucuresti\/wp-content\/uploads\/logo-bdb-full-wide-vernil-transparent.png","contentUrl":"https:\/\/buletin.de\/bucuresti\/wp-content\/uploads\/logo-bdb-full-wide-vernil-transparent.png","width":1782,"height":626,"caption":"Buletin de Bucure\u0219ti"},"image":{"@id":"https:\/\/buletin.de\/bucuresti\/#\/schema\/logo\/image\/"},"sameAs":["https:\/\/www.facebook.com\/buletin.de.buc","https:\/\/www.instagram.com\/buletinde.bucuresti\/"]},{"@type":"Person","@id":"https:\/\/buletin.de\/bucuresti\/#\/schema\/person\/150590659efde715459d159da012f501","name":"Andreea Tudor","image":{"@type":"ImageObject","inLanguage":"en-GB","@id":"https:\/\/secure.gravatar.com\/avatar\/a88705a186ab0b67f3349bcbced506c09e37256fbaad0e7f3bd1a79b4599f589?s=96&d=monsterid&r=g79290610aa1a65c2b86eebc2ca5aee8f","url":"https:\/\/secure.gravatar.com\/avatar\/a88705a186ab0b67f3349bcbced506c09e37256fbaad0e7f3bd1a79b4599f589?s=96&d=monsterid&r=g","contentUrl":"https:\/\/secure.gravatar.com\/avatar\/a88705a186ab0b67f3349bcbced506c09e37256fbaad0e7f3bd1a79b4599f589?s=96&d=monsterid&r=g","caption":"Andreea Tudor"},"description":"N\u0103scut\u0103 \u0219i crescut\u0103 \u00een Bucure\u0219ti, sus\u021bin\u0103toare a presei independente. A\u0219a am ajuns redactor la Buletin de Bucure\u0219ti. Fiind eu, \u00eens\u0103mi, parte a sistemului de \u00eenv\u0103\u021b\u0103m\u00e2nt rom\u00e2nesc \u0219i pasionat\u0103 de domeniul social, pun sub lup\u0103 tot ceea ce se \u00eent\u00e2mpl\u0103 \u00een sfera educa\u021biei. Cred cu t\u0103rie c\u0103 presa \u201epentru cet\u0103\u021beni\u201d este presa independent\u0103. Oamenii au nevoie de o informare corect\u0103 pentru a \u00een\u021belege pe deplin ce se \u00eent\u00e2mpl\u0103 \u00een jurul lor \u0219i pentru a lua ac\u021biune \u00eempotriva nedrept\u0103\u021bilor.","url":"https:\/\/buletin.de\/bucuresti\/author\/andreeatudor\/"}]}},"authors":[{"term_id":22573,"user_id":55,"is_guest":0,"slug":"andreeatudor","display_name":"Andreea Tudor","avatar_url":"https:\/\/secure.gravatar.com\/avatar\/a88705a186ab0b67f3349bcbced506c09e37256fbaad0e7f3bd1a79b4599f589?s=96&d=monsterid&r=g","0":null,"1":"","2":"","3":"","4":"","5":"","6":"","7":"","8":""}],"_links":{"self":[{"href":"https:\/\/buletin.de\/bucuresti\/wp-json\/wp\/v2\/posts\/83144","targetHints":{"allow":["GET"]}}],"collection":[{"href":"https:\/\/buletin.de\/bucuresti\/wp-json\/wp\/v2\/posts"}],"about":[{"href":"https:\/\/buletin.de\/bucuresti\/wp-json\/wp\/v2\/types\/post"}],"author":[{"embeddable":true,"href":"https:\/\/buletin.de\/bucuresti\/wp-json\/wp\/v2\/users\/55"}],"replies":[{"embeddable":true,"href":"https:\/\/buletin.de\/bucuresti\/wp-json\/wp\/v2\/comments?post=83144"}],"version-history":[{"count":5,"href":"https:\/\/buletin.de\/bucuresti\/wp-json\/wp\/v2\/posts\/83144\/revisions"}],"predecessor-version":[{"id":83156,"href":"https:\/\/buletin.de\/bucuresti\/wp-json\/wp\/v2\/posts\/83144\/revisions\/83156"}],"wp:featuredmedia":[{"embeddable":true,"href":"https:\/\/buletin.de\/bucuresti\/wp-json\/wp\/v2\/media\/42232"}],"wp:attachment":[{"href":"https:\/\/buletin.de\/bucuresti\/wp-json\/wp\/v2\/media?parent=83144"}],"wp:term":[{"taxonomy":"category","embeddable":true,"href":"https:\/\/buletin.de\/bucuresti\/wp-json\/wp\/v2\/categories?post=83144"},{"taxonomy":"post_tag","embeddable":true,"href":"https:\/\/buletin.de\/bucuresti\/wp-json\/wp\/v2\/tags?post=83144"},{"taxonomy":"author","embeddable":true,"href":"https:\/\/buletin.de\/bucuresti\/wp-json\/wp\/v2\/ppma_author?post=83144"}],"curies":[{"name":"wp","href":"https:\/\/api.w.org\/{rel}","templated":true}]}}