{"id":83081,"date":"2024-04-15T15:56:51","date_gmt":"2024-04-15T12:56:51","guid":{"rendered":"https:\/\/buletin.de\/bucuresti\/?p=83081"},"modified":"2024-04-16T08:46:23","modified_gmt":"2024-04-16T05:46:23","slug":"stb-statia-de-tramvai-pod-ciurel-isi-schimba-locatia-tramvaiele-16-si-17-vor-opri-si-in-statia-mantuleasa","status":"publish","type":"post","link":"https:\/\/buletin.de\/bucuresti\/stb-statia-de-tramvai-pod-ciurel-isi-schimba-locatia-tramvaiele-16-si-17-vor-opri-si-in-statia-mantuleasa\/","title":{"rendered":"STB | Sta\u021bia de tramvai &#8220;Pod Ciurel&#8221; a fost relocat\u0103. Tramvaiele 16 si 17 vor opri \u0219i \u00een sta\u021bia &#8220;M\u00e2ntuleasa&#8221;"},"content":{"rendered":"\n<p><strong>STB anun\u021b\u0103 c\u0103, din data de 16 aprilie, sta\u021bia de tramvai &#8220;Pod Ciurel&#8221;, se va muta la 50 de metri de locul actual. De asemenea, tramvaiele liniilor 16 \u0219i 17 vor efectua opriri \u0219i \u00een sta\u021bia &#8220;M\u00e2ntuleasa&#8221;.<\/strong><\/p>\n\n\n\n<p>M\u0103sura intr\u0103 \u00een vigoare pe 16 aprilie de la ora 09:00, pentru sta\u021bia de tramvai amplasat\u0103 pe \u0218oseaua Virtu\u021bii, sensul spre Ghencea.<\/p>\n\n\n\n<p>Tot de la aceea\u0219i dat\u0103, tramvaiele liniilor 16 \u0219i 17 vor efectua, pe sensurile c\u0103tre \u201ePlatforma Industrial\u0103 Pipera\u201d \u0219i \u201eBd. Lacul Tei\u201d, opriri pentru preluarea c\u0103l\u0103torilor \u0219i \u00een sta\u021bia \u201eM\u00e2ntuleasa\u201d, situat\u0103 pe Str. M\u00e2ntuleasa, comun\u0103 cu liniile N103 \u0219i 605.<\/p>\n\n\n\n<p>Luna trecut\u0103, STB a anun\u021bat c\u0103 linia tramvaiului 5 a intrat \u00een reabilitare. Lucrarea reprezint\u0103 primul lot dintre cele 11 ce urmeaz\u0103 s\u0103 fie modernizate. Referitor la celelalte zece loturi, lucr\u0103rile ar trebui s\u0103 \u00eenceap\u0103 \u00een lunile aprilie-mai.<\/p>\n\n\n\n<p><strong>CITE\u0218TE \u0218I:<\/strong><\/p>\n\n\n\n<figure class=\"wp-block-embed is-type-wp-embed is-provider-buletin-de-bucure-ti wp-block-embed-buletin-de-bucure-ti\"><div class=\"wp-block-embed__wrapper\">\n<blockquote class=\"wp-embedded-content\" data-secret=\"0Ji514dTrB\"><a href=\"https:\/\/buletin.de\/bucuresti\/stb-anunta-linii-comasate-si-statii-redenumite-pe-axa-est-vest\/\">STB anun\u0163\u0103 linii comasate \u015fi sta\u0163ii redenumite pe axa Est-Vest<\/a><\/blockquote><iframe class=\"wp-embedded-content\" sandbox=\"allow-scripts\" security=\"restricted\" style=\"position: absolute; clip: rect(1px, 1px, 1px, 1px);\" title=\"&#8220;STB anun\u0163\u0103 linii comasate \u015fi sta\u0163ii redenumite pe axa Est-Vest&#8221; &#8212; Buletin de Bucure\u0219ti\" src=\"https:\/\/buletin.de\/bucuresti\/stb-anunta-linii-comasate-si-statii-redenumite-pe-axa-est-vest\/embed\/#?secret=DnORWBerAj#?secret=0Ji514dTrB\" data-secret=\"0Ji514dTrB\" width=\"600\" height=\"338\" frameborder=\"0\" marginwidth=\"0\" marginheight=\"0\" scrolling=\"no\"><\/iframe>\n<\/div><\/figure>\n","protected":false},"excerpt":{"rendered":"<p>STB anun\u021b\u0103 c\u0103, din data de 16 aprilie, sta\u021bia de tramvai &#8220;Pod Ciurel&#8221;, se va muta la 50 de metri de locul actual. De asemenea, tramvaiele liniilor 16 \u0219i 17 vor efectua opriri \u0219i \u00een sta\u021bia &#8220;M\u00e2ntuleasa&#8221;. M\u0103sura intr\u0103 \u00een vigoare pe 16 aprilie de la ora 09:00, pentru sta\u021bia de tramvai amplasat\u0103 pe \u0218oseaua [&hellip;]<\/p>\n","protected":false},"author":49,"featured_media":83095,"comment_status":"closed","ping_status":"open","sticky":false,"template":"","format":"standard","meta":{"_acf_changed":false,"inline_featured_image":false,"ngg_post_thumbnail":0,"footnotes":""},"categories":[6994,62,650],"tags":[],"ppma_author":[22574],"class_list":["post-83081","post","type-post","status-publish","format-standard","has-post-thumbnail","hentry","category-stiri-2","category-stiri","category-transport"],"acf":[],"yoast_head":"<!-- This site is optimized with the Yoast SEO Premium plugin v25.3 (Yoast SEO v27.5) - https:\/\/yoast.com\/product\/yoast-seo-premium-wordpress\/ -->\n<title>STB | Sta\u021bia de tramvai &quot;Pod Ciurel&quot; a fost relocat\u0103. Tramvaiele 16 si 17 vor opri \u0219i \u00een sta\u021bia &quot;M\u00e2ntuleasa&quot; - Buletin de Bucure\u0219ti<\/title>\n<meta name=\"robots\" content=\"index, follow, max-snippet:-1, max-image-preview:large, max-video-preview:-1\" \/>\n<link rel=\"canonical\" href=\"https:\/\/buletin.de\/bucuresti\/stb-statia-de-tramvai-pod-ciurel-isi-schimba-locatia-tramvaiele-16-si-17-vor-opri-si-in-statia-mantuleasa\/\" \/>\n<meta property=\"og:locale\" content=\"en_GB\" \/>\n<meta property=\"og:type\" content=\"article\" \/>\n<meta property=\"og:title\" content=\"STB | Sta\u021bia de tramvai &quot;Pod Ciurel&quot; a fost relocat\u0103. Tramvaiele 16 si 17 vor opri \u0219i \u00een sta\u021bia &quot;M\u00e2ntuleasa&quot;\" \/>\n<meta property=\"og:description\" content=\"STB anun\u021b\u0103 c\u0103, din data de 16 aprilie, sta\u021bia de tramvai &#8220;Pod Ciurel&#8221;, se va muta la 50 de metri de locul actual. De asemenea, tramvaiele liniilor 16 \u0219i 17 vor efectua opriri \u0219i \u00een sta\u021bia &#8220;M\u00e2ntuleasa&#8221;. M\u0103sura intr\u0103 \u00een vigoare pe 16 aprilie de la ora 09:00, pentru sta\u021bia de tramvai amplasat\u0103 pe \u0218oseaua [&hellip;]\" \/>\n<meta property=\"og:url\" content=\"https:\/\/buletin.de\/bucuresti\/stb-statia-de-tramvai-pod-ciurel-isi-schimba-locatia-tramvaiele-16-si-17-vor-opri-si-in-statia-mantuleasa\/\" \/>\n<meta property=\"og:site_name\" content=\"Buletin de Bucure\u0219ti\" \/>\n<meta property=\"article:publisher\" content=\"https:\/\/www.facebook.com\/buletin.de.buc\" \/>\n<meta property=\"article:published_time\" content=\"2024-04-15T12:56:51+00:00\" \/>\n<meta property=\"article:modified_time\" content=\"2024-04-16T05:46:23+00:00\" \/>\n<meta property=\"og:image\" content=\"https:\/\/buletin.de\/bucuresti\/wp-content\/uploads\/V3a-93_linia_16.jpeg\" \/>\n\t<meta property=\"og:image:width\" content=\"2016\" \/>\n\t<meta property=\"og:image:height\" content=\"1512\" \/>\n\t<meta property=\"og:image:type\" content=\"image\/jpeg\" \/>\n<meta name=\"author\" content=\"Diana Matei\" \/>\n<meta name=\"twitter:card\" content=\"summary_large_image\" \/>\n<meta name=\"twitter:label1\" content=\"Written by\" \/>\n\t<meta name=\"twitter:data1\" content=\"Diana Matei\" \/>\n\t<meta name=\"twitter:label2\" content=\"Estimated reading time\" \/>\n\t<meta name=\"twitter:data2\" content=\"1 minute\" \/>\n<script type=\"application\/ld+json\" class=\"yoast-schema-graph\">{\"@context\":\"https:\\\/\\\/schema.org\",\"@graph\":[{\"@type\":\"Article\",\"@id\":\"https:\\\/\\\/buletin.de\\\/bucuresti\\\/stb-statia-de-tramvai-pod-ciurel-isi-schimba-locatia-tramvaiele-16-si-17-vor-opri-si-in-statia-mantuleasa\\\/#article\",\"isPartOf\":{\"@id\":\"https:\\\/\\\/buletin.de\\\/bucuresti\\\/stb-statia-de-tramvai-pod-ciurel-isi-schimba-locatia-tramvaiele-16-si-17-vor-opri-si-in-statia-mantuleasa\\\/\"},\"author\":{\"name\":\"Diana Matei\",\"@id\":\"https:\\\/\\\/buletin.de\\\/bucuresti\\\/#\\\/schema\\\/person\\\/7e46040573290777280a0835d81ea4ea\"},\"headline\":\"STB | Sta\u021bia de tramvai &#8220;Pod Ciurel&#8221; a fost relocat\u0103. Tramvaiele 16 si 17 vor opri \u0219i \u00een sta\u021bia &#8220;M\u00e2ntuleasa&#8221;\",\"datePublished\":\"2024-04-15T12:56:51+00:00\",\"dateModified\":\"2024-04-16T05:46:23+00:00\",\"mainEntityOfPage\":{\"@id\":\"https:\\\/\\\/buletin.de\\\/bucuresti\\\/stb-statia-de-tramvai-pod-ciurel-isi-schimba-locatia-tramvaiele-16-si-17-vor-opri-si-in-statia-mantuleasa\\\/\"},\"wordCount\":169,\"publisher\":{\"@id\":\"https:\\\/\\\/buletin.de\\\/bucuresti\\\/#organization\"},\"image\":{\"@id\":\"https:\\\/\\\/buletin.de\\\/bucuresti\\\/stb-statia-de-tramvai-pod-ciurel-isi-schimba-locatia-tramvaiele-16-si-17-vor-opri-si-in-statia-mantuleasa\\\/#primaryimage\"},\"thumbnailUrl\":\"https:\\\/\\\/buletin.de\\\/bucuresti\\\/wp-content\\\/uploads\\\/V3a-93_linia_16.jpeg\",\"articleSection\":[\"Articole\",\"\u0218tiri\",\"Transport\"],\"inLanguage\":\"en-GB\",\"copyrightYear\":\"2024\",\"copyrightHolder\":{\"@id\":\"https:\\\/\\\/buletin.de\\\/bucuresti\\\/#organization\"}},{\"@type\":\"WebPage\",\"@id\":\"https:\\\/\\\/buletin.de\\\/bucuresti\\\/stb-statia-de-tramvai-pod-ciurel-isi-schimba-locatia-tramvaiele-16-si-17-vor-opri-si-in-statia-mantuleasa\\\/\",\"url\":\"https:\\\/\\\/buletin.de\\\/bucuresti\\\/stb-statia-de-tramvai-pod-ciurel-isi-schimba-locatia-tramvaiele-16-si-17-vor-opri-si-in-statia-mantuleasa\\\/\",\"name\":\"STB | Sta\u021bia de tramvai \\\"Pod Ciurel\\\" a fost relocat\u0103. Tramvaiele 16 si 17 vor opri \u0219i \u00een sta\u021bia \\\"M\u00e2ntuleasa\\\" - Buletin de Bucure\u0219ti\",\"isPartOf\":{\"@id\":\"https:\\\/\\\/buletin.de\\\/bucuresti\\\/#website\"},\"primaryImageOfPage\":{\"@id\":\"https:\\\/\\\/buletin.de\\\/bucuresti\\\/stb-statia-de-tramvai-pod-ciurel-isi-schimba-locatia-tramvaiele-16-si-17-vor-opri-si-in-statia-mantuleasa\\\/#primaryimage\"},\"image\":{\"@id\":\"https:\\\/\\\/buletin.de\\\/bucuresti\\\/stb-statia-de-tramvai-pod-ciurel-isi-schimba-locatia-tramvaiele-16-si-17-vor-opri-si-in-statia-mantuleasa\\\/#primaryimage\"},\"thumbnailUrl\":\"https:\\\/\\\/buletin.de\\\/bucuresti\\\/wp-content\\\/uploads\\\/V3a-93_linia_16.jpeg\",\"datePublished\":\"2024-04-15T12:56:51+00:00\",\"dateModified\":\"2024-04-16T05:46:23+00:00\",\"breadcrumb\":{\"@id\":\"https:\\\/\\\/buletin.de\\\/bucuresti\\\/stb-statia-de-tramvai-pod-ciurel-isi-schimba-locatia-tramvaiele-16-si-17-vor-opri-si-in-statia-mantuleasa\\\/#breadcrumb\"},\"inLanguage\":\"en-GB\",\"potentialAction\":[{\"@type\":\"ReadAction\",\"target\":[\"https:\\\/\\\/buletin.de\\\/bucuresti\\\/stb-statia-de-tramvai-pod-ciurel-isi-schimba-locatia-tramvaiele-16-si-17-vor-opri-si-in-statia-mantuleasa\\\/\"]}]},{\"@type\":\"ImageObject\",\"inLanguage\":\"en-GB\",\"@id\":\"https:\\\/\\\/buletin.de\\\/bucuresti\\\/stb-statia-de-tramvai-pod-ciurel-isi-schimba-locatia-tramvaiele-16-si-17-vor-opri-si-in-statia-mantuleasa\\\/#primaryimage\",\"url\":\"https:\\\/\\\/buletin.de\\\/bucuresti\\\/wp-content\\\/uploads\\\/V3a-93_linia_16.jpeg\",\"contentUrl\":\"https:\\\/\\\/buletin.de\\\/bucuresti\\\/wp-content\\\/uploads\\\/V3a-93_linia_16.jpeg\",\"width\":2016,\"height\":1512,\"caption\":\"STB vrea un contract de tip acord-cadru pentru rulmen\u0163ii tramvaielor. FOTO: STB\"},{\"@type\":\"BreadcrumbList\",\"@id\":\"https:\\\/\\\/buletin.de\\\/bucuresti\\\/stb-statia-de-tramvai-pod-ciurel-isi-schimba-locatia-tramvaiele-16-si-17-vor-opri-si-in-statia-mantuleasa\\\/#breadcrumb\",\"itemListElement\":[{\"@type\":\"ListItem\",\"position\":1,\"name\":\"Acas\u0103\",\"item\":\"https:\\\/\\\/buletin.de\\\/bucuresti\\\/\"},{\"@type\":\"ListItem\",\"position\":2,\"name\":\"STB | Sta\u021bia de tramvai &#8220;Pod Ciurel&#8221; a fost relocat\u0103. Tramvaiele 16 si 17 vor opri \u0219i \u00een sta\u021bia &#8220;M\u00e2ntuleasa&#8221;\"}]},{\"@type\":\"WebSite\",\"@id\":\"https:\\\/\\\/buletin.de\\\/bucuresti\\\/#website\",\"url\":\"https:\\\/\\\/buletin.de\\\/bucuresti\\\/\",\"name\":\"Buletin de Bucure\u0219ti\",\"description\":\"\u0218tiri \u0219i investiga\u021bii esen\u021biale din capital\u0103\",\"publisher\":{\"@id\":\"https:\\\/\\\/buletin.de\\\/bucuresti\\\/#organization\"},\"potentialAction\":[{\"@type\":\"SearchAction\",\"target\":{\"@type\":\"EntryPoint\",\"urlTemplate\":\"https:\\\/\\\/buletin.de\\\/bucuresti\\\/?s={search_term_string}\"},\"query-input\":{\"@type\":\"PropertyValueSpecification\",\"valueRequired\":true,\"valueName\":\"search_term_string\"}}],\"inLanguage\":\"en-GB\"},{\"@type\":\"Organization\",\"@id\":\"https:\\\/\\\/buletin.de\\\/bucuresti\\\/#organization\",\"name\":\"Buletin de Bucure\u0219ti\",\"url\":\"https:\\\/\\\/buletin.de\\\/bucuresti\\\/\",\"logo\":{\"@type\":\"ImageObject\",\"inLanguage\":\"en-GB\",\"@id\":\"https:\\\/\\\/buletin.de\\\/bucuresti\\\/#\\\/schema\\\/logo\\\/image\\\/\",\"url\":\"https:\\\/\\\/buletin.de\\\/bucuresti\\\/wp-content\\\/uploads\\\/logo-bdb-full-wide-vernil-transparent.png\",\"contentUrl\":\"https:\\\/\\\/buletin.de\\\/bucuresti\\\/wp-content\\\/uploads\\\/logo-bdb-full-wide-vernil-transparent.png\",\"width\":1782,\"height\":626,\"caption\":\"Buletin de Bucure\u0219ti\"},\"image\":{\"@id\":\"https:\\\/\\\/buletin.de\\\/bucuresti\\\/#\\\/schema\\\/logo\\\/image\\\/\"},\"sameAs\":[\"https:\\\/\\\/www.facebook.com\\\/buletin.de.buc\",\"https:\\\/\\\/www.instagram.com\\\/buletinde.bucuresti\\\/\"]},{\"@type\":\"Person\",\"@id\":\"https:\\\/\\\/buletin.de\\\/bucuresti\\\/#\\\/schema\\\/person\\\/7e46040573290777280a0835d81ea4ea\",\"name\":\"Diana Matei\",\"image\":{\"@type\":\"ImageObject\",\"inLanguage\":\"en-GB\",\"@id\":\"https:\\\/\\\/buletin.de\\\/bucuresti\\\/wp-content\\\/uploads\\\/9-2-96x96.jpg1e8590b30871d70e62ebcdaf2eff570c\",\"url\":\"https:\\\/\\\/buletin.de\\\/bucuresti\\\/wp-content\\\/uploads\\\/9-2-96x96.jpg\",\"contentUrl\":\"https:\\\/\\\/buletin.de\\\/bucuresti\\\/wp-content\\\/uploads\\\/9-2-96x96.jpg\",\"caption\":\"Diana Matei\"},\"url\":\"https:\\\/\\\/buletin.de\\\/bucuresti\\\/author\\\/dianamatei\\\/\"}]}<\/script>\n<!-- \/ Yoast SEO Premium plugin. -->","yoast_head_json":{"title":"STB | Sta\u021bia de tramvai \"Pod Ciurel\" a fost relocat\u0103. Tramvaiele 16 si 17 vor opri \u0219i \u00een sta\u021bia \"M\u00e2ntuleasa\" - Buletin de Bucure\u0219ti","robots":{"index":"index","follow":"follow","max-snippet":"max-snippet:-1","max-image-preview":"max-image-preview:large","max-video-preview":"max-video-preview:-1"},"canonical":"https:\/\/buletin.de\/bucuresti\/stb-statia-de-tramvai-pod-ciurel-isi-schimba-locatia-tramvaiele-16-si-17-vor-opri-si-in-statia-mantuleasa\/","og_locale":"en_GB","og_type":"article","og_title":"STB | Sta\u021bia de tramvai \"Pod Ciurel\" a fost relocat\u0103. Tramvaiele 16 si 17 vor opri \u0219i \u00een sta\u021bia \"M\u00e2ntuleasa\"","og_description":"STB anun\u021b\u0103 c\u0103, din data de 16 aprilie, sta\u021bia de tramvai &#8220;Pod Ciurel&#8221;, se va muta la 50 de metri de locul actual. De asemenea, tramvaiele liniilor 16 \u0219i 17 vor efectua opriri \u0219i \u00een sta\u021bia &#8220;M\u00e2ntuleasa&#8221;. M\u0103sura intr\u0103 \u00een vigoare pe 16 aprilie de la ora 09:00, pentru sta\u021bia de tramvai amplasat\u0103 pe \u0218oseaua [&hellip;]","og_url":"https:\/\/buletin.de\/bucuresti\/stb-statia-de-tramvai-pod-ciurel-isi-schimba-locatia-tramvaiele-16-si-17-vor-opri-si-in-statia-mantuleasa\/","og_site_name":"Buletin de Bucure\u0219ti","article_publisher":"https:\/\/www.facebook.com\/buletin.de.buc","article_published_time":"2024-04-15T12:56:51+00:00","article_modified_time":"2024-04-16T05:46:23+00:00","og_image":[{"width":2016,"height":1512,"url":"https:\/\/buletin.de\/bucuresti\/wp-content\/uploads\/V3a-93_linia_16.jpeg","type":"image\/jpeg"}],"author":"Diana Matei","twitter_card":"summary_large_image","twitter_misc":{"Written by":"Diana Matei","Estimated reading time":"1 minute"},"schema":{"@context":"https:\/\/schema.org","@graph":[{"@type":"Article","@id":"https:\/\/buletin.de\/bucuresti\/stb-statia-de-tramvai-pod-ciurel-isi-schimba-locatia-tramvaiele-16-si-17-vor-opri-si-in-statia-mantuleasa\/#article","isPartOf":{"@id":"https:\/\/buletin.de\/bucuresti\/stb-statia-de-tramvai-pod-ciurel-isi-schimba-locatia-tramvaiele-16-si-17-vor-opri-si-in-statia-mantuleasa\/"},"author":{"name":"Diana Matei","@id":"https:\/\/buletin.de\/bucuresti\/#\/schema\/person\/7e46040573290777280a0835d81ea4ea"},"headline":"STB | Sta\u021bia de tramvai &#8220;Pod Ciurel&#8221; a fost relocat\u0103. Tramvaiele 16 si 17 vor opri \u0219i \u00een sta\u021bia &#8220;M\u00e2ntuleasa&#8221;","datePublished":"2024-04-15T12:56:51+00:00","dateModified":"2024-04-16T05:46:23+00:00","mainEntityOfPage":{"@id":"https:\/\/buletin.de\/bucuresti\/stb-statia-de-tramvai-pod-ciurel-isi-schimba-locatia-tramvaiele-16-si-17-vor-opri-si-in-statia-mantuleasa\/"},"wordCount":169,"publisher":{"@id":"https:\/\/buletin.de\/bucuresti\/#organization"},"image":{"@id":"https:\/\/buletin.de\/bucuresti\/stb-statia-de-tramvai-pod-ciurel-isi-schimba-locatia-tramvaiele-16-si-17-vor-opri-si-in-statia-mantuleasa\/#primaryimage"},"thumbnailUrl":"https:\/\/buletin.de\/bucuresti\/wp-content\/uploads\/V3a-93_linia_16.jpeg","articleSection":["Articole","\u0218tiri","Transport"],"inLanguage":"en-GB","copyrightYear":"2024","copyrightHolder":{"@id":"https:\/\/buletin.de\/bucuresti\/#organization"}},{"@type":"WebPage","@id":"https:\/\/buletin.de\/bucuresti\/stb-statia-de-tramvai-pod-ciurel-isi-schimba-locatia-tramvaiele-16-si-17-vor-opri-si-in-statia-mantuleasa\/","url":"https:\/\/buletin.de\/bucuresti\/stb-statia-de-tramvai-pod-ciurel-isi-schimba-locatia-tramvaiele-16-si-17-vor-opri-si-in-statia-mantuleasa\/","name":"STB | Sta\u021bia de tramvai \"Pod Ciurel\" a fost relocat\u0103. Tramvaiele 16 si 17 vor opri \u0219i \u00een sta\u021bia \"M\u00e2ntuleasa\" - Buletin de Bucure\u0219ti","isPartOf":{"@id":"https:\/\/buletin.de\/bucuresti\/#website"},"primaryImageOfPage":{"@id":"https:\/\/buletin.de\/bucuresti\/stb-statia-de-tramvai-pod-ciurel-isi-schimba-locatia-tramvaiele-16-si-17-vor-opri-si-in-statia-mantuleasa\/#primaryimage"},"image":{"@id":"https:\/\/buletin.de\/bucuresti\/stb-statia-de-tramvai-pod-ciurel-isi-schimba-locatia-tramvaiele-16-si-17-vor-opri-si-in-statia-mantuleasa\/#primaryimage"},"thumbnailUrl":"https:\/\/buletin.de\/bucuresti\/wp-content\/uploads\/V3a-93_linia_16.jpeg","datePublished":"2024-04-15T12:56:51+00:00","dateModified":"2024-04-16T05:46:23+00:00","breadcrumb":{"@id":"https:\/\/buletin.de\/bucuresti\/stb-statia-de-tramvai-pod-ciurel-isi-schimba-locatia-tramvaiele-16-si-17-vor-opri-si-in-statia-mantuleasa\/#breadcrumb"},"inLanguage":"en-GB","potentialAction":[{"@type":"ReadAction","target":["https:\/\/buletin.de\/bucuresti\/stb-statia-de-tramvai-pod-ciurel-isi-schimba-locatia-tramvaiele-16-si-17-vor-opri-si-in-statia-mantuleasa\/"]}]},{"@type":"ImageObject","inLanguage":"en-GB","@id":"https:\/\/buletin.de\/bucuresti\/stb-statia-de-tramvai-pod-ciurel-isi-schimba-locatia-tramvaiele-16-si-17-vor-opri-si-in-statia-mantuleasa\/#primaryimage","url":"https:\/\/buletin.de\/bucuresti\/wp-content\/uploads\/V3a-93_linia_16.jpeg","contentUrl":"https:\/\/buletin.de\/bucuresti\/wp-content\/uploads\/V3a-93_linia_16.jpeg","width":2016,"height":1512,"caption":"STB vrea un contract de tip acord-cadru pentru rulmen\u0163ii tramvaielor. FOTO: STB"},{"@type":"BreadcrumbList","@id":"https:\/\/buletin.de\/bucuresti\/stb-statia-de-tramvai-pod-ciurel-isi-schimba-locatia-tramvaiele-16-si-17-vor-opri-si-in-statia-mantuleasa\/#breadcrumb","itemListElement":[{"@type":"ListItem","position":1,"name":"Acas\u0103","item":"https:\/\/buletin.de\/bucuresti\/"},{"@type":"ListItem","position":2,"name":"STB | Sta\u021bia de tramvai &#8220;Pod Ciurel&#8221; a fost relocat\u0103. Tramvaiele 16 si 17 vor opri \u0219i \u00een sta\u021bia &#8220;M\u00e2ntuleasa&#8221;"}]},{"@type":"WebSite","@id":"https:\/\/buletin.de\/bucuresti\/#website","url":"https:\/\/buletin.de\/bucuresti\/","name":"Buletin de Bucure\u0219ti","description":"\u0218tiri \u0219i investiga\u021bii esen\u021biale din capital\u0103","publisher":{"@id":"https:\/\/buletin.de\/bucuresti\/#organization"},"potentialAction":[{"@type":"SearchAction","target":{"@type":"EntryPoint","urlTemplate":"https:\/\/buletin.de\/bucuresti\/?s={search_term_string}"},"query-input":{"@type":"PropertyValueSpecification","valueRequired":true,"valueName":"search_term_string"}}],"inLanguage":"en-GB"},{"@type":"Organization","@id":"https:\/\/buletin.de\/bucuresti\/#organization","name":"Buletin de Bucure\u0219ti","url":"https:\/\/buletin.de\/bucuresti\/","logo":{"@type":"ImageObject","inLanguage":"en-GB","@id":"https:\/\/buletin.de\/bucuresti\/#\/schema\/logo\/image\/","url":"https:\/\/buletin.de\/bucuresti\/wp-content\/uploads\/logo-bdb-full-wide-vernil-transparent.png","contentUrl":"https:\/\/buletin.de\/bucuresti\/wp-content\/uploads\/logo-bdb-full-wide-vernil-transparent.png","width":1782,"height":626,"caption":"Buletin de Bucure\u0219ti"},"image":{"@id":"https:\/\/buletin.de\/bucuresti\/#\/schema\/logo\/image\/"},"sameAs":["https:\/\/www.facebook.com\/buletin.de.buc","https:\/\/www.instagram.com\/buletinde.bucuresti\/"]},{"@type":"Person","@id":"https:\/\/buletin.de\/bucuresti\/#\/schema\/person\/7e46040573290777280a0835d81ea4ea","name":"Diana Matei","image":{"@type":"ImageObject","inLanguage":"en-GB","@id":"https:\/\/buletin.de\/bucuresti\/wp-content\/uploads\/9-2-96x96.jpg1e8590b30871d70e62ebcdaf2eff570c","url":"https:\/\/buletin.de\/bucuresti\/wp-content\/uploads\/9-2-96x96.jpg","contentUrl":"https:\/\/buletin.de\/bucuresti\/wp-content\/uploads\/9-2-96x96.jpg","caption":"Diana Matei"},"url":"https:\/\/buletin.de\/bucuresti\/author\/dianamatei\/"}]}},"authors":[{"term_id":22574,"user_id":49,"is_guest":0,"slug":"dianamatei","display_name":"Diana Matei","avatar_url":"https:\/\/buletin.de\/bucuresti\/wp-content\/uploads\/9-2-96x96.jpg","0":null,"1":"","2":"","3":"","4":"","5":"","6":"","7":"","8":""}],"_links":{"self":[{"href":"https:\/\/buletin.de\/bucuresti\/wp-json\/wp\/v2\/posts\/83081","targetHints":{"allow":["GET"]}}],"collection":[{"href":"https:\/\/buletin.de\/bucuresti\/wp-json\/wp\/v2\/posts"}],"about":[{"href":"https:\/\/buletin.de\/bucuresti\/wp-json\/wp\/v2\/types\/post"}],"author":[{"embeddable":true,"href":"https:\/\/buletin.de\/bucuresti\/wp-json\/wp\/v2\/users\/49"}],"replies":[{"embeddable":true,"href":"https:\/\/buletin.de\/bucuresti\/wp-json\/wp\/v2\/comments?post=83081"}],"version-history":[{"count":4,"href":"https:\/\/buletin.de\/bucuresti\/wp-json\/wp\/v2\/posts\/83081\/revisions"}],"predecessor-version":[{"id":83155,"href":"https:\/\/buletin.de\/bucuresti\/wp-json\/wp\/v2\/posts\/83081\/revisions\/83155"}],"wp:featuredmedia":[{"embeddable":true,"href":"https:\/\/buletin.de\/bucuresti\/wp-json\/wp\/v2\/media\/83095"}],"wp:attachment":[{"href":"https:\/\/buletin.de\/bucuresti\/wp-json\/wp\/v2\/media?parent=83081"}],"wp:term":[{"taxonomy":"category","embeddable":true,"href":"https:\/\/buletin.de\/bucuresti\/wp-json\/wp\/v2\/categories?post=83081"},{"taxonomy":"post_tag","embeddable":true,"href":"https:\/\/buletin.de\/bucuresti\/wp-json\/wp\/v2\/tags?post=83081"},{"taxonomy":"author","embeddable":true,"href":"https:\/\/buletin.de\/bucuresti\/wp-json\/wp\/v2\/ppma_author?post=83081"}],"curies":[{"name":"wp","href":"https:\/\/api.w.org\/{rel}","templated":true}]}}