{"id":83069,"date":"2024-04-15T14:40:34","date_gmt":"2024-04-15T11:40:34","guid":{"rendered":"https:\/\/buletin.de\/bucuresti\/?p=83069"},"modified":"2024-04-16T06:45:52","modified_gmt":"2024-04-16T03:45:52","slug":"video-primele-masini-au-intrat-pe-cei-treisprezece-kilometri-din-a0-sud-care-au-fost-inaugurati-la-ora-1400","status":"publish","type":"post","link":"https:\/\/buletin.de\/bucuresti\/video-primele-masini-au-intrat-pe-cei-treisprezece-kilometri-din-a0-sud-care-au-fost-inaugurati-la-ora-1400\/","title":{"rendered":"VIDEO | Primele ma\u0219ini au intrat pe cei treisprezece kilometri din A0 Sud care au fost inaugura\u021bi luni"},"content":{"rendered":"\n<p><strong>O nou\u0103 por\u021biune a Autostr\u0103zii Bucure\u0219tiului A0 Sud a fost dat \u00een folosin\u021b\u0103 ast\u0103zi. Este vorba despre \u0219ase kilometri, cuprin\u0219i \u00eentre DN4 \u0218oseaua Olteni\u021bei \u0219i DN5 Jilava. Odat\u0103 cu inaugurarea celor \u0219ase kilometri, poate fi folosit \u0219i un alt tronson, la care nu era acces p\u00e2n\u0103 \u00een acest moment. Drept urmare, \u00een total, se poate circula pe 13 kilometri.<\/strong><\/p>\n\n\n<p><iframe src=\"https:\/\/www.facebook.com\/plugins\/video.php?height=420&#038;href=https%3A%2F%2Fwww.facebook.com%2FCJIlfov%2Fvideos%2F1843070942832872%2F&#038;show_text=false&#038;width=560&#038;t=0\" width=\"560\" height=\"420\" style=\"border:none;overflow:hidden\" scrolling=\"no\" frameborder=\"0\" allowfullscreen=\"true\" allow=\"autoplay; clipboard-write; encrypted-media; picture-in-picture; web-share\" allowFullScreen=\"true\"><\/iframe><\/p>\n\n\n\n<p>Odat\u0103 cu inaugurarea acestei por\u021biuni, \u0219oferii vor putea circula \u00eentre DN6 Bragadiru \u0219i DN4 Pope\u0219ti-Leordeni f\u0103r\u0103 a mai tranzita actuala Centur\u0103 a Capitalei, ocolind Bragadiru, Cornetu, M\u0103gurele, Jilava, 1 Decembrie, Vidra, Berceni \u0219i Pope\u0219ti-Leordeni.<\/p>\n\n\n\n<p>Pre\u0219edintele Consiliului Jude\u021bean Ilfov, Hubert Thuma, a declarat c\u0103 proiectul este in avantajul cet\u0103\u021benilor din Ilfov.<\/p>\n\n\n\n<blockquote class=\"wp-block-quote is-layout-flow wp-block-quote-is-layout-flow\">\n<p>Este punctul cheie care v\u0103 asigura accesul rapid al ilfovenilor spre Bucure\u0219ti \u0219i Constan\u021ba. Chiar dac\u0103 este proiectul Ministerul Transporturilor, tot ce \u021bine de jude\u021bul nostru este de interes pentru cet\u0103\u021benii din Ilfov. A0 va fluidiza traficul \u00eentre localit\u0103\u021bile din Ilfov \u0219i Bucure\u0219ti.<\/p>\n<\/blockquote>\n\n\n\n<p>Cei \u0219ase kilometri din Autostrada Bucure\u0219tiului fac parte din A0 Sud Lotul 1 Glina-Vidra de 16,93 km. Aproximativ 6,3 km de pe A0 Lotul 2 Vidra-Bragadiru, din cei 16,3 km sunt gata \u00eenc\u0103 din decembrie anul trecut, dar nu au putut fi inaugura\u021bi pentru c\u0103 nu exista nicio conexiune. Lotul 1 al A0 are 16,93 km, de la A2 la Jilava iar Lotul 2, de 16,3 km, merge de la Jilava la DN6\/Bragadiru. Lotul 2 a fost finalizat anul trecut, iar pe 30 decembrie 2023 a fost deschis\u0103 doar o por\u021biune de aproape 10 km, de la DN6 la DN5.<\/p>\n\n\n\n<p>Loturile 1 \u0219i 2 din A0 Sud sunt construite de consor\u021biul turcesc Alsim Alarko. Termenele oficiale erau de 12 luni proiectare \u0219i 30 de luni garan\u021bie. Contractul pe Lotul 1, \u00een valoare de 830 de mililoane de lei f\u0103r\u0103 TVA, a fost semnat \u00een august 2019. Contractul pe Lotul 2, de 751 milioane de lei f\u0103r\u0103 TVA, a fost semnat \u00een martie 2019.<\/p>\n\n\n\n<p><a href=\"https:\/\/buletin.de\/bucuresti\/autostrada-bucuresti-doua-cioturi-dintre-glina-si-bragadiru-inaugurate-cu-jumatate-de-an-intarziere\/\">C\u00e2t prive\u0219te partea de Nord a Autostr\u0103zii Bucure\u0219ti,<\/a> Compania Na\u021bional\u0103 de Administrare a Infrastructurii Rutiere a primit recent patru oferte pentru studiul de fezabilitate necesar moderniz\u0103rii Drumului Na\u021bional 2 Bucure\u0219ti-Urziceni(E85), din zona localit\u0103\u021bii Afuma\u021bi, jude\u021bul Ilfov.<\/p>\n\n\n\n<p>\u00cen paralel cu lucr\u0103rile la A0, Consiliul Jude\u021bean Ilfov deruleaz\u0103 lucr\u0103rile de reabilitare \u0219i modernizare la DJ 401A.<\/p>\n\n\n\n<p><strong>CITE\u0218TE \u0218I:<\/strong><\/p>\n\n\n\n<figure class=\"wp-block-embed is-type-wp-embed is-provider-buletin-de-bucure-ti wp-block-embed-buletin-de-bucure-ti\"><div class=\"wp-block-embed__wrapper\">\n<blockquote class=\"wp-embedded-content\" data-secret=\"UZDnUcCzX1\"><a href=\"https:\/\/buletin.de\/bucuresti\/autostrada-bucuresti-doua-cioturi-dintre-glina-si-bragadiru-inaugurate-cu-jumatate-de-an-intarziere\/\">Autostrada Bucure\u0219ti | Dou\u0103 \u201ecioturi\u201d dintre Glina \u0219i Bragadiru, inaugurate cu jum\u0103tate de an \u00eent\u00e2rziere<\/a><\/blockquote><iframe class=\"wp-embedded-content\" sandbox=\"allow-scripts\" security=\"restricted\" style=\"position: absolute; clip: rect(1px, 1px, 1px, 1px);\" title=\"&#8220;Autostrada Bucure\u0219ti | Dou\u0103 \u201ecioturi\u201d dintre Glina \u0219i Bragadiru, inaugurate cu jum\u0103tate de an \u00eent\u00e2rziere&#8221; &#8212; Buletin de Bucure\u0219ti\" src=\"https:\/\/buletin.de\/bucuresti\/autostrada-bucuresti-doua-cioturi-dintre-glina-si-bragadiru-inaugurate-cu-jumatate-de-an-intarziere\/embed\/#?secret=nGBQUdpLBZ#?secret=UZDnUcCzX1\" data-secret=\"UZDnUcCzX1\" width=\"600\" height=\"338\" frameborder=\"0\" marginwidth=\"0\" marginheight=\"0\" scrolling=\"no\"><\/iframe>\n<\/div><\/figure>\n","protected":false},"excerpt":{"rendered":"<p>O nou\u0103 por\u021biune a Autostr\u0103zii Bucure\u0219tiului A0 Sud a fost dat \u00een folosin\u021b\u0103 ast\u0103zi. Este vorba despre \u0219ase kilometri, cuprin\u0219i \u00eentre DN4 \u0218oseaua Olteni\u021bei \u0219i DN5 Jilava. Odat\u0103 cu inaugurarea celor \u0219ase kilometri, poate fi folosit \u0219i un alt tronson, la care nu era acces p\u00e2n\u0103 \u00een acest moment. Drept urmare, \u00een total, se poate [&hellip;]<\/p>\n","protected":false},"author":49,"featured_media":70259,"comment_status":"closed","ping_status":"open","sticky":false,"template":"","format":"standard","meta":{"_acf_changed":false,"inline_featured_image":false,"ngg_post_thumbnail":0,"footnotes":""},"categories":[6994,5762,650],"tags":[1465,10757,1802],"ppma_author":[22574],"class_list":["post-83069","post","type-post","status-publish","format-standard","has-post-thumbnail","hentry","category-stiri-2","category-main","category-transport","tag-a0","tag-autostrada-bucuresti-sud","tag-popesti-leordeni"],"acf":[],"yoast_head":"<!-- This site is optimized with the Yoast SEO Premium plugin v25.3 (Yoast SEO v27.5) - https:\/\/yoast.com\/product\/yoast-seo-premium-wordpress\/ -->\n<title>VIDEO | Primele ma\u0219ini au intrat pe cei treisprezece kilometri din A0 Sud care au fost inaugura\u021bi luni - Buletin de Bucure\u0219ti<\/title>\n<meta name=\"robots\" content=\"index, follow, max-snippet:-1, max-image-preview:large, max-video-preview:-1\" \/>\n<link rel=\"canonical\" href=\"https:\/\/buletin.de\/bucuresti\/video-primele-masini-au-intrat-pe-cei-treisprezece-kilometri-din-a0-sud-care-au-fost-inaugurati-la-ora-1400\/\" \/>\n<meta property=\"og:locale\" content=\"en_GB\" \/>\n<meta property=\"og:type\" content=\"article\" \/>\n<meta property=\"og:title\" content=\"VIDEO | Primele ma\u0219ini au intrat pe cei treisprezece kilometri din A0 Sud care au fost inaugura\u021bi luni\" \/>\n<meta property=\"og:description\" content=\"O nou\u0103 por\u021biune a Autostr\u0103zii Bucure\u0219tiului A0 Sud a fost dat \u00een folosin\u021b\u0103 ast\u0103zi. Este vorba despre \u0219ase kilometri, cuprin\u0219i \u00eentre DN4 \u0218oseaua Olteni\u021bei \u0219i DN5 Jilava. Odat\u0103 cu inaugurarea celor \u0219ase kilometri, poate fi folosit \u0219i un alt tronson, la care nu era acces p\u00e2n\u0103 \u00een acest moment. Drept urmare, \u00een total, se poate [&hellip;]\" \/>\n<meta property=\"og:url\" content=\"https:\/\/buletin.de\/bucuresti\/video-primele-masini-au-intrat-pe-cei-treisprezece-kilometri-din-a0-sud-care-au-fost-inaugurati-la-ora-1400\/\" \/>\n<meta property=\"og:site_name\" content=\"Buletin de Bucure\u0219ti\" \/>\n<meta property=\"article:publisher\" content=\"https:\/\/www.facebook.com\/buletin.de.buc\" \/>\n<meta property=\"article:published_time\" content=\"2024-04-15T11:40:34+00:00\" \/>\n<meta property=\"article:modified_time\" content=\"2024-04-16T03:45:52+00:00\" \/>\n<meta property=\"og:image\" content=\"https:\/\/buletin.de\/bucuresti\/wp-content\/uploads\/Autostrada-A0-1.jpg\" \/>\n\t<meta property=\"og:image:width\" content=\"2048\" \/>\n\t<meta property=\"og:image:height\" content=\"1536\" \/>\n\t<meta property=\"og:image:type\" content=\"image\/jpeg\" \/>\n<meta name=\"author\" content=\"Diana Matei\" \/>\n<meta name=\"twitter:card\" content=\"summary_large_image\" \/>\n<meta name=\"twitter:label1\" content=\"Written by\" \/>\n\t<meta name=\"twitter:data1\" content=\"Diana Matei\" \/>\n\t<meta name=\"twitter:label2\" content=\"Estimated reading time\" \/>\n\t<meta name=\"twitter:data2\" content=\"2 minutes\" \/>\n<script type=\"application\/ld+json\" class=\"yoast-schema-graph\">{\"@context\":\"https:\\\/\\\/schema.org\",\"@graph\":[{\"@type\":\"Article\",\"@id\":\"https:\\\/\\\/buletin.de\\\/bucuresti\\\/video-primele-masini-au-intrat-pe-cei-treisprezece-kilometri-din-a0-sud-care-au-fost-inaugurati-la-ora-1400\\\/#article\",\"isPartOf\":{\"@id\":\"https:\\\/\\\/buletin.de\\\/bucuresti\\\/video-primele-masini-au-intrat-pe-cei-treisprezece-kilometri-din-a0-sud-care-au-fost-inaugurati-la-ora-1400\\\/\"},\"author\":{\"name\":\"Diana Matei\",\"@id\":\"https:\\\/\\\/buletin.de\\\/bucuresti\\\/#\\\/schema\\\/person\\\/7e46040573290777280a0835d81ea4ea\"},\"headline\":\"VIDEO | Primele ma\u0219ini au intrat pe cei treisprezece kilometri din A0 Sud care au fost inaugura\u021bi luni\",\"datePublished\":\"2024-04-15T11:40:34+00:00\",\"dateModified\":\"2024-04-16T03:45:52+00:00\",\"mainEntityOfPage\":{\"@id\":\"https:\\\/\\\/buletin.de\\\/bucuresti\\\/video-primele-masini-au-intrat-pe-cei-treisprezece-kilometri-din-a0-sud-care-au-fost-inaugurati-la-ora-1400\\\/\"},\"wordCount\":414,\"publisher\":{\"@id\":\"https:\\\/\\\/buletin.de\\\/bucuresti\\\/#organization\"},\"image\":{\"@id\":\"https:\\\/\\\/buletin.de\\\/bucuresti\\\/video-primele-masini-au-intrat-pe-cei-treisprezece-kilometri-din-a0-sud-care-au-fost-inaugurati-la-ora-1400\\\/#primaryimage\"},\"thumbnailUrl\":\"https:\\\/\\\/buletin.de\\\/bucuresti\\\/wp-content\\\/uploads\\\/Autostrada-A0-1.jpg\",\"keywords\":[\"A0\",\"Autostrada Bucure\u0219ti Sud\",\"popesti leordeni\"],\"articleSection\":[\"Articole\",\"Main\",\"Transport\"],\"inLanguage\":\"en-GB\",\"copyrightYear\":\"2024\",\"copyrightHolder\":{\"@id\":\"https:\\\/\\\/buletin.de\\\/bucuresti\\\/#organization\"}},{\"@type\":\"WebPage\",\"@id\":\"https:\\\/\\\/buletin.de\\\/bucuresti\\\/video-primele-masini-au-intrat-pe-cei-treisprezece-kilometri-din-a0-sud-care-au-fost-inaugurati-la-ora-1400\\\/\",\"url\":\"https:\\\/\\\/buletin.de\\\/bucuresti\\\/video-primele-masini-au-intrat-pe-cei-treisprezece-kilometri-din-a0-sud-care-au-fost-inaugurati-la-ora-1400\\\/\",\"name\":\"VIDEO | Primele ma\u0219ini au intrat pe cei treisprezece kilometri din A0 Sud care au fost inaugura\u021bi luni - Buletin de Bucure\u0219ti\",\"isPartOf\":{\"@id\":\"https:\\\/\\\/buletin.de\\\/bucuresti\\\/#website\"},\"primaryImageOfPage\":{\"@id\":\"https:\\\/\\\/buletin.de\\\/bucuresti\\\/video-primele-masini-au-intrat-pe-cei-treisprezece-kilometri-din-a0-sud-care-au-fost-inaugurati-la-ora-1400\\\/#primaryimage\"},\"image\":{\"@id\":\"https:\\\/\\\/buletin.de\\\/bucuresti\\\/video-primele-masini-au-intrat-pe-cei-treisprezece-kilometri-din-a0-sud-care-au-fost-inaugurati-la-ora-1400\\\/#primaryimage\"},\"thumbnailUrl\":\"https:\\\/\\\/buletin.de\\\/bucuresti\\\/wp-content\\\/uploads\\\/Autostrada-A0-1.jpg\",\"datePublished\":\"2024-04-15T11:40:34+00:00\",\"dateModified\":\"2024-04-16T03:45:52+00:00\",\"breadcrumb\":{\"@id\":\"https:\\\/\\\/buletin.de\\\/bucuresti\\\/video-primele-masini-au-intrat-pe-cei-treisprezece-kilometri-din-a0-sud-care-au-fost-inaugurati-la-ora-1400\\\/#breadcrumb\"},\"inLanguage\":\"en-GB\",\"potentialAction\":[{\"@type\":\"ReadAction\",\"target\":[\"https:\\\/\\\/buletin.de\\\/bucuresti\\\/video-primele-masini-au-intrat-pe-cei-treisprezece-kilometri-din-a0-sud-care-au-fost-inaugurati-la-ora-1400\\\/\"]}]},{\"@type\":\"ImageObject\",\"inLanguage\":\"en-GB\",\"@id\":\"https:\\\/\\\/buletin.de\\\/bucuresti\\\/video-primele-masini-au-intrat-pe-cei-treisprezece-kilometri-din-a0-sud-care-au-fost-inaugurati-la-ora-1400\\\/#primaryimage\",\"url\":\"https:\\\/\\\/buletin.de\\\/bucuresti\\\/wp-content\\\/uploads\\\/Autostrada-A0-1.jpg\",\"contentUrl\":\"https:\\\/\\\/buletin.de\\\/bucuresti\\\/wp-content\\\/uploads\\\/Autostrada-A0-1.jpg\",\"width\":2048,\"height\":1536,\"caption\":\"Foto: CNAIR\"},{\"@type\":\"BreadcrumbList\",\"@id\":\"https:\\\/\\\/buletin.de\\\/bucuresti\\\/video-primele-masini-au-intrat-pe-cei-treisprezece-kilometri-din-a0-sud-care-au-fost-inaugurati-la-ora-1400\\\/#breadcrumb\",\"itemListElement\":[{\"@type\":\"ListItem\",\"position\":1,\"name\":\"Acas\u0103\",\"item\":\"https:\\\/\\\/buletin.de\\\/bucuresti\\\/\"},{\"@type\":\"ListItem\",\"position\":2,\"name\":\"VIDEO | Primele ma\u0219ini au intrat pe cei treisprezece kilometri din A0 Sud care au fost inaugura\u021bi luni\"}]},{\"@type\":\"WebSite\",\"@id\":\"https:\\\/\\\/buletin.de\\\/bucuresti\\\/#website\",\"url\":\"https:\\\/\\\/buletin.de\\\/bucuresti\\\/\",\"name\":\"Buletin de Bucure\u0219ti\",\"description\":\"\u0218tiri \u0219i investiga\u021bii esen\u021biale din capital\u0103\",\"publisher\":{\"@id\":\"https:\\\/\\\/buletin.de\\\/bucuresti\\\/#organization\"},\"potentialAction\":[{\"@type\":\"SearchAction\",\"target\":{\"@type\":\"EntryPoint\",\"urlTemplate\":\"https:\\\/\\\/buletin.de\\\/bucuresti\\\/?s={search_term_string}\"},\"query-input\":{\"@type\":\"PropertyValueSpecification\",\"valueRequired\":true,\"valueName\":\"search_term_string\"}}],\"inLanguage\":\"en-GB\"},{\"@type\":\"Organization\",\"@id\":\"https:\\\/\\\/buletin.de\\\/bucuresti\\\/#organization\",\"name\":\"Buletin de Bucure\u0219ti\",\"url\":\"https:\\\/\\\/buletin.de\\\/bucuresti\\\/\",\"logo\":{\"@type\":\"ImageObject\",\"inLanguage\":\"en-GB\",\"@id\":\"https:\\\/\\\/buletin.de\\\/bucuresti\\\/#\\\/schema\\\/logo\\\/image\\\/\",\"url\":\"https:\\\/\\\/buletin.de\\\/bucuresti\\\/wp-content\\\/uploads\\\/logo-bdb-full-wide-vernil-transparent.png\",\"contentUrl\":\"https:\\\/\\\/buletin.de\\\/bucuresti\\\/wp-content\\\/uploads\\\/logo-bdb-full-wide-vernil-transparent.png\",\"width\":1782,\"height\":626,\"caption\":\"Buletin de Bucure\u0219ti\"},\"image\":{\"@id\":\"https:\\\/\\\/buletin.de\\\/bucuresti\\\/#\\\/schema\\\/logo\\\/image\\\/\"},\"sameAs\":[\"https:\\\/\\\/www.facebook.com\\\/buletin.de.buc\",\"https:\\\/\\\/www.instagram.com\\\/buletinde.bucuresti\\\/\"]},{\"@type\":\"Person\",\"@id\":\"https:\\\/\\\/buletin.de\\\/bucuresti\\\/#\\\/schema\\\/person\\\/7e46040573290777280a0835d81ea4ea\",\"name\":\"Diana Matei\",\"image\":{\"@type\":\"ImageObject\",\"inLanguage\":\"en-GB\",\"@id\":\"https:\\\/\\\/buletin.de\\\/bucuresti\\\/wp-content\\\/uploads\\\/9-2-96x96.jpg1e8590b30871d70e62ebcdaf2eff570c\",\"url\":\"https:\\\/\\\/buletin.de\\\/bucuresti\\\/wp-content\\\/uploads\\\/9-2-96x96.jpg\",\"contentUrl\":\"https:\\\/\\\/buletin.de\\\/bucuresti\\\/wp-content\\\/uploads\\\/9-2-96x96.jpg\",\"caption\":\"Diana Matei\"},\"url\":\"https:\\\/\\\/buletin.de\\\/bucuresti\\\/author\\\/dianamatei\\\/\"}]}<\/script>\n<!-- \/ Yoast SEO Premium plugin. -->","yoast_head_json":{"title":"VIDEO | Primele ma\u0219ini au intrat pe cei treisprezece kilometri din A0 Sud care au fost inaugura\u021bi luni - Buletin de Bucure\u0219ti","robots":{"index":"index","follow":"follow","max-snippet":"max-snippet:-1","max-image-preview":"max-image-preview:large","max-video-preview":"max-video-preview:-1"},"canonical":"https:\/\/buletin.de\/bucuresti\/video-primele-masini-au-intrat-pe-cei-treisprezece-kilometri-din-a0-sud-care-au-fost-inaugurati-la-ora-1400\/","og_locale":"en_GB","og_type":"article","og_title":"VIDEO | Primele ma\u0219ini au intrat pe cei treisprezece kilometri din A0 Sud care au fost inaugura\u021bi luni","og_description":"O nou\u0103 por\u021biune a Autostr\u0103zii Bucure\u0219tiului A0 Sud a fost dat \u00een folosin\u021b\u0103 ast\u0103zi. Este vorba despre \u0219ase kilometri, cuprin\u0219i \u00eentre DN4 \u0218oseaua Olteni\u021bei \u0219i DN5 Jilava. Odat\u0103 cu inaugurarea celor \u0219ase kilometri, poate fi folosit \u0219i un alt tronson, la care nu era acces p\u00e2n\u0103 \u00een acest moment. Drept urmare, \u00een total, se poate [&hellip;]","og_url":"https:\/\/buletin.de\/bucuresti\/video-primele-masini-au-intrat-pe-cei-treisprezece-kilometri-din-a0-sud-care-au-fost-inaugurati-la-ora-1400\/","og_site_name":"Buletin de Bucure\u0219ti","article_publisher":"https:\/\/www.facebook.com\/buletin.de.buc","article_published_time":"2024-04-15T11:40:34+00:00","article_modified_time":"2024-04-16T03:45:52+00:00","og_image":[{"width":2048,"height":1536,"url":"https:\/\/buletin.de\/bucuresti\/wp-content\/uploads\/Autostrada-A0-1.jpg","type":"image\/jpeg"}],"author":"Diana Matei","twitter_card":"summary_large_image","twitter_misc":{"Written by":"Diana Matei","Estimated reading time":"2 minutes"},"schema":{"@context":"https:\/\/schema.org","@graph":[{"@type":"Article","@id":"https:\/\/buletin.de\/bucuresti\/video-primele-masini-au-intrat-pe-cei-treisprezece-kilometri-din-a0-sud-care-au-fost-inaugurati-la-ora-1400\/#article","isPartOf":{"@id":"https:\/\/buletin.de\/bucuresti\/video-primele-masini-au-intrat-pe-cei-treisprezece-kilometri-din-a0-sud-care-au-fost-inaugurati-la-ora-1400\/"},"author":{"name":"Diana Matei","@id":"https:\/\/buletin.de\/bucuresti\/#\/schema\/person\/7e46040573290777280a0835d81ea4ea"},"headline":"VIDEO | Primele ma\u0219ini au intrat pe cei treisprezece kilometri din A0 Sud care au fost inaugura\u021bi luni","datePublished":"2024-04-15T11:40:34+00:00","dateModified":"2024-04-16T03:45:52+00:00","mainEntityOfPage":{"@id":"https:\/\/buletin.de\/bucuresti\/video-primele-masini-au-intrat-pe-cei-treisprezece-kilometri-din-a0-sud-care-au-fost-inaugurati-la-ora-1400\/"},"wordCount":414,"publisher":{"@id":"https:\/\/buletin.de\/bucuresti\/#organization"},"image":{"@id":"https:\/\/buletin.de\/bucuresti\/video-primele-masini-au-intrat-pe-cei-treisprezece-kilometri-din-a0-sud-care-au-fost-inaugurati-la-ora-1400\/#primaryimage"},"thumbnailUrl":"https:\/\/buletin.de\/bucuresti\/wp-content\/uploads\/Autostrada-A0-1.jpg","keywords":["A0","Autostrada Bucure\u0219ti Sud","popesti leordeni"],"articleSection":["Articole","Main","Transport"],"inLanguage":"en-GB","copyrightYear":"2024","copyrightHolder":{"@id":"https:\/\/buletin.de\/bucuresti\/#organization"}},{"@type":"WebPage","@id":"https:\/\/buletin.de\/bucuresti\/video-primele-masini-au-intrat-pe-cei-treisprezece-kilometri-din-a0-sud-care-au-fost-inaugurati-la-ora-1400\/","url":"https:\/\/buletin.de\/bucuresti\/video-primele-masini-au-intrat-pe-cei-treisprezece-kilometri-din-a0-sud-care-au-fost-inaugurati-la-ora-1400\/","name":"VIDEO | Primele ma\u0219ini au intrat pe cei treisprezece kilometri din A0 Sud care au fost inaugura\u021bi luni - Buletin de Bucure\u0219ti","isPartOf":{"@id":"https:\/\/buletin.de\/bucuresti\/#website"},"primaryImageOfPage":{"@id":"https:\/\/buletin.de\/bucuresti\/video-primele-masini-au-intrat-pe-cei-treisprezece-kilometri-din-a0-sud-care-au-fost-inaugurati-la-ora-1400\/#primaryimage"},"image":{"@id":"https:\/\/buletin.de\/bucuresti\/video-primele-masini-au-intrat-pe-cei-treisprezece-kilometri-din-a0-sud-care-au-fost-inaugurati-la-ora-1400\/#primaryimage"},"thumbnailUrl":"https:\/\/buletin.de\/bucuresti\/wp-content\/uploads\/Autostrada-A0-1.jpg","datePublished":"2024-04-15T11:40:34+00:00","dateModified":"2024-04-16T03:45:52+00:00","breadcrumb":{"@id":"https:\/\/buletin.de\/bucuresti\/video-primele-masini-au-intrat-pe-cei-treisprezece-kilometri-din-a0-sud-care-au-fost-inaugurati-la-ora-1400\/#breadcrumb"},"inLanguage":"en-GB","potentialAction":[{"@type":"ReadAction","target":["https:\/\/buletin.de\/bucuresti\/video-primele-masini-au-intrat-pe-cei-treisprezece-kilometri-din-a0-sud-care-au-fost-inaugurati-la-ora-1400\/"]}]},{"@type":"ImageObject","inLanguage":"en-GB","@id":"https:\/\/buletin.de\/bucuresti\/video-primele-masini-au-intrat-pe-cei-treisprezece-kilometri-din-a0-sud-care-au-fost-inaugurati-la-ora-1400\/#primaryimage","url":"https:\/\/buletin.de\/bucuresti\/wp-content\/uploads\/Autostrada-A0-1.jpg","contentUrl":"https:\/\/buletin.de\/bucuresti\/wp-content\/uploads\/Autostrada-A0-1.jpg","width":2048,"height":1536,"caption":"Foto: CNAIR"},{"@type":"BreadcrumbList","@id":"https:\/\/buletin.de\/bucuresti\/video-primele-masini-au-intrat-pe-cei-treisprezece-kilometri-din-a0-sud-care-au-fost-inaugurati-la-ora-1400\/#breadcrumb","itemListElement":[{"@type":"ListItem","position":1,"name":"Acas\u0103","item":"https:\/\/buletin.de\/bucuresti\/"},{"@type":"ListItem","position":2,"name":"VIDEO | Primele ma\u0219ini au intrat pe cei treisprezece kilometri din A0 Sud care au fost inaugura\u021bi luni"}]},{"@type":"WebSite","@id":"https:\/\/buletin.de\/bucuresti\/#website","url":"https:\/\/buletin.de\/bucuresti\/","name":"Buletin de Bucure\u0219ti","description":"\u0218tiri \u0219i investiga\u021bii esen\u021biale din capital\u0103","publisher":{"@id":"https:\/\/buletin.de\/bucuresti\/#organization"},"potentialAction":[{"@type":"SearchAction","target":{"@type":"EntryPoint","urlTemplate":"https:\/\/buletin.de\/bucuresti\/?s={search_term_string}"},"query-input":{"@type":"PropertyValueSpecification","valueRequired":true,"valueName":"search_term_string"}}],"inLanguage":"en-GB"},{"@type":"Organization","@id":"https:\/\/buletin.de\/bucuresti\/#organization","name":"Buletin de Bucure\u0219ti","url":"https:\/\/buletin.de\/bucuresti\/","logo":{"@type":"ImageObject","inLanguage":"en-GB","@id":"https:\/\/buletin.de\/bucuresti\/#\/schema\/logo\/image\/","url":"https:\/\/buletin.de\/bucuresti\/wp-content\/uploads\/logo-bdb-full-wide-vernil-transparent.png","contentUrl":"https:\/\/buletin.de\/bucuresti\/wp-content\/uploads\/logo-bdb-full-wide-vernil-transparent.png","width":1782,"height":626,"caption":"Buletin de Bucure\u0219ti"},"image":{"@id":"https:\/\/buletin.de\/bucuresti\/#\/schema\/logo\/image\/"},"sameAs":["https:\/\/www.facebook.com\/buletin.de.buc","https:\/\/www.instagram.com\/buletinde.bucuresti\/"]},{"@type":"Person","@id":"https:\/\/buletin.de\/bucuresti\/#\/schema\/person\/7e46040573290777280a0835d81ea4ea","name":"Diana Matei","image":{"@type":"ImageObject","inLanguage":"en-GB","@id":"https:\/\/buletin.de\/bucuresti\/wp-content\/uploads\/9-2-96x96.jpg1e8590b30871d70e62ebcdaf2eff570c","url":"https:\/\/buletin.de\/bucuresti\/wp-content\/uploads\/9-2-96x96.jpg","contentUrl":"https:\/\/buletin.de\/bucuresti\/wp-content\/uploads\/9-2-96x96.jpg","caption":"Diana Matei"},"url":"https:\/\/buletin.de\/bucuresti\/author\/dianamatei\/"}]}},"authors":[{"term_id":22574,"user_id":49,"is_guest":0,"slug":"dianamatei","display_name":"Diana Matei","avatar_url":"https:\/\/buletin.de\/bucuresti\/wp-content\/uploads\/9-2-96x96.jpg","0":null,"1":"","2":"","3":"","4":"","5":"","6":"","7":"","8":""}],"_links":{"self":[{"href":"https:\/\/buletin.de\/bucuresti\/wp-json\/wp\/v2\/posts\/83069","targetHints":{"allow":["GET"]}}],"collection":[{"href":"https:\/\/buletin.de\/bucuresti\/wp-json\/wp\/v2\/posts"}],"about":[{"href":"https:\/\/buletin.de\/bucuresti\/wp-json\/wp\/v2\/types\/post"}],"author":[{"embeddable":true,"href":"https:\/\/buletin.de\/bucuresti\/wp-json\/wp\/v2\/users\/49"}],"replies":[{"embeddable":true,"href":"https:\/\/buletin.de\/bucuresti\/wp-json\/wp\/v2\/comments?post=83069"}],"version-history":[{"count":4,"href":"https:\/\/buletin.de\/bucuresti\/wp-json\/wp\/v2\/posts\/83069\/revisions"}],"predecessor-version":[{"id":83143,"href":"https:\/\/buletin.de\/bucuresti\/wp-json\/wp\/v2\/posts\/83069\/revisions\/83143"}],"wp:featuredmedia":[{"embeddable":true,"href":"https:\/\/buletin.de\/bucuresti\/wp-json\/wp\/v2\/media\/70259"}],"wp:attachment":[{"href":"https:\/\/buletin.de\/bucuresti\/wp-json\/wp\/v2\/media?parent=83069"}],"wp:term":[{"taxonomy":"category","embeddable":true,"href":"https:\/\/buletin.de\/bucuresti\/wp-json\/wp\/v2\/categories?post=83069"},{"taxonomy":"post_tag","embeddable":true,"href":"https:\/\/buletin.de\/bucuresti\/wp-json\/wp\/v2\/tags?post=83069"},{"taxonomy":"author","embeddable":true,"href":"https:\/\/buletin.de\/bucuresti\/wp-json\/wp\/v2\/ppma_author?post=83069"}],"curies":[{"name":"wp","href":"https:\/\/api.w.org\/{rel}","templated":true}]}}