{"id":83024,"date":"2024-04-15T08:13:46","date_gmt":"2024-04-15T05:13:46","guid":{"rendered":"https:\/\/buletin.de\/bucuresti\/?p=83024"},"modified":"2024-04-15T08:13:46","modified_gmt":"2024-04-15T05:13:46","slug":"autostrada-bucuresti-doua-cioturi-dintre-glina-si-bragadiru-inaugurate-cu-jumatate-de-an-intarziere","status":"publish","type":"post","link":"https:\/\/buletin.de\/bucuresti\/autostrada-bucuresti-doua-cioturi-dintre-glina-si-bragadiru-inaugurate-cu-jumatate-de-an-intarziere\/","title":{"rendered":"Autostrada Bucure\u0219ti | Dou\u0103 \u201ecioturi\u201d dintre Glina \u0219i Bragadiru, inaugurate cu jum\u0103tate de an \u00eent\u00e2rziere"},"content":{"rendered":"\n<p><strong>Aproape \u0219ase kilometri din Autostrada Bucure\u0219tiului, care fac parte din A0 Sud Lotul 1 Glina-Vidra de 16,93 km, vor fi da\u021bi \u00een folosin\u021b\u0103 luni, 15 aprilie. Aproximativ 6,3 km de pe A0 Lotul 2 Vidra-Bragadiru, din cei 16,3 km sunt gata \u00eenc\u0103 din decembrie anul trecut, dar nu au putut fi inaugura\u021bi pentru c\u0103 nu exista nicio conexiune.<\/strong><\/p>\n\n\n\n<p>Dup\u0103 ce circula\u021bia va fi deschis\u0103, cu jum\u0103tate de an \u00eent\u00e2rziere, \u0219oferii vor putea ie\u0219i, \u00een permanen\u021b\u0103, pe trei mari drumuri na\u021bionale: DN6, spre Alexandria, DN5, spre Giurgiu \u0219i DN4, spre Olteni\u021ba.<\/p>\n\n\n\n<p id=\"7\">Lotul 1 al A0 are 16,93 km, de la A2 la Jilava iar Lotul 2, de 16,3 km, merge de la Jilava la DN6\/Bragadiru. Lotul 2 a fost finalizat anul trecut, iar pe 30 decembrie 2023 a fost deschis\u0103 doar o por\u021biune de aproape 10 km, de la DN6 la DN5.<\/p>\n\n\n\n<p>Pentru Lotul 1 dintre Glina \u0219i Vidra ordinul de \u00eencepere a lucr\u0103rilor a fost emis la 1 martie 2021. Aici, \u0219antierul autostr\u0103zii a \u00eent\u00e2mpinat dificult\u0103\u021bi din cauza reloc\u0103rii unei conducte Transgaz care, din pricina documenta\u021biilor \u00eentocmite gre\u0219it, s-a suprapus peste lucr\u0103rile de la Pasajul Berceni. \u00cen urma revizuirii celor dou\u0103 proiecte identice s-a ajuns la concluzia c\u0103 e necesar\u0103 \u00eentocmirea unei noi documenta\u021bii \u00een vederea realiz\u0103rii unei proceduri de expropriere. \u00cen acest caz, potrivit contractului, cei apraope 17 kilometri ar fi trebui s\u0103 fie gata \u00een septembrie 2023.<\/p>\n\n\n\n<p><\/p>\n\n\n\n<figure class=\"wp-block-embed is-type-video is-provider-youtube wp-block-embed-youtube wp-embed-aspect-16-9 wp-has-aspect-ratio\"><div class=\"wp-block-embed__wrapper\">\n<iframe title=\"Ionel Scrio\u0219teanu: parcurs traseu A0 lotul care se deschide m\u00e2ine circula\u021biei\" width=\"1200\" height=\"675\" src=\"https:\/\/www.youtube.com\/embed\/mz9IwhyT_oA?feature=oembed\" frameborder=\"0\" allow=\"accelerometer; autoplay; clipboard-write; encrypted-media; gyroscope; picture-in-picture; web-share\" referrerpolicy=\"strict-origin-when-cross-origin\" allowfullscreen><\/iframe>\n<\/div><\/figure>\n\n\n\n<p>Pentru cel de-al doilea lot al A0 Sud, dintre Vidra \u0219i Bragadiru, ordinul de \u00eencepere a lucr\u0103rilor a fost dat \u00een august 2020 iar aici s-au \u00eenregistrat probleme cu privire la relocarea re\u021belei electrice ENEL.<\/p>\n\n\n\n<p>Potrivit companiei na\u021bionale de drumuri, a fost necesar\u0103 executarea a trei st\u00e2lpi \u00een plus fa\u021b\u0103 de documenta\u021bia ini\u021bial\u0103 \u0219i pentru care s-au impus exproprieri suplimentare de teren. Constructorul a preluat sarcina statului \u0219i a deschis discu\u021bii \u00a0pentru a ajunge la o \u00een\u021belegere cu proprietarii pentru acordul de \u00eencepere a lucr\u0103rilor \u00eenainte de finalizarea exproprierii.<\/p>\n\n\n\n<p>Loturile 1 \u0219i 2 din A0 Sud sunt construite de consor\u021biul turcesc Alsim Alarko. Termenele oficiale erau de 12 luni proiectare \u0219i 30 de luni garan\u021bie.  Contractul pe Lotul 1, \u00een valoare de 830 de mililoane de lei f\u0103r\u0103 TVA, a fost semnat \u00een august 2019. Contractul pe Lotul 2, de 751 milioane de lei f\u0103r\u0103 TVA, a fost semnat \u00een martie 2019.<\/p>\n\n\n\n<h2 class=\"wp-block-heading\">Un \u201eghiveci\u201d administrativ<\/h2>\n\n\n\n<p>C\u00e2t prive\u0219te partea de Nord a Autostr\u0103zii Bucure\u0219ti, Compania Na\u021bional\u0103 de Administrare a Infrastructurii Rutiere a primit recent patru oferte pentru studiul de fezabilitate necesar moderniz\u0103rii Drumului Na\u021bional 2 Bucure\u0219ti-Urziceni(E85), din zona localit\u0103\u021bii Afuma\u021bi, jude\u021bul Ilfov. Aici, <a href=\"https:\/\/buletin.de\/bucuresti\/un-ciot-din-drumul-mortii-e85-modernizat-in-zona-afumati-pentru-accesul-catre-autostrada-muzeu-din-nordul-capitalei\/\">lucr\u0103rile sunt necesare pentru desc\u0103rcarea traficului de pe \u201eautostrada muzeu\u201c din Nordul Capitalei<\/a>, care se opre\u0219te \u00een c\u00e2mp, la aproximativ trei kilometri de E85.\u00a0\u00a0<strong>\u00a0<\/strong><\/p>\n\n\n\n<p>Ofertele au fost depuse \u00een contextul \u00een care, constructorul chinez al lotului 3 A0 Nord a semnat contractul de execu\u021bie cu statul rom\u00e2n pe 4 aprilie 2023, \u00een vederea realiz\u0103rii drumului de mare vitez\u0103 \u00eentre Afuma\u021bi \u0219i Cernica, \u0219i care ar trebui s\u0103 \u00eenchid\u0103 inelul de Est al Autostr\u0103zii Bucure\u0219ti Corbeanca &#8211; Bragadiru. Lucr\u0103rile vor \u00eencepe \u00een zona E85, pentru a gr\u0103bi interconectivitatea cu lotul 2 al A0 Nord Corbeanca-Afuma\u021bi, finalizat \u0219i dat \u00een folosin\u021b\u0103 \u00een noiembrie 2023. Din acest lot, aproape 10 kilometri sunt \u00eens\u0103 nefolosi\u021bi din cauza contract\u0103rii defectuoase \u0219i a faptului c\u0103 \u00een ultimii ani autorit\u0103\u021bile nu au reu\u0219it s\u0103 g\u0103seasc\u0103 o solu\u021bie provizorie pentru conexiunea cu DN2, dup\u0103 cum Buletin de Bucure\u0219ti\u00a0<a href=\"https:\/\/buletin.de\/bucuresti\/astazi-se-deschide-autostrada-muzeu-din-nordul-capitalei-fara-festivisme-se-va-putea-circula-doar-pe-noua-kilometri-din-19-construiti\/\">a ar\u0103tat aici<\/a>.\u00a0<\/p>\n\n\n\n<p>Contractul pentru execu\u021bia lotului 3 A0 Nord, care va \u00eenchide inelul de Nord-Est al Autostr\u0103zii Bucure\u0219tiului, \u00eentre Corbeanca \u0219i Cernica, prevede o perioad\u0103 de 12 luni pentru proiectare \u0219i alte 18 luni pentru execu\u021bie. Potrivit CNAIR, data ordinului de \u00eencepere a lucr\u0103rilor a fost 22 mai 2023. Teoretic, lucr\u0103rile propriu-zise ar trebui s\u0103 \u00eenceap\u0103 pe 23 mai 2024.<\/p>\n\n\n\n<p>\u00cen prezent, Rom\u00e2nia are 1.004 kilometri de autostrad\u0103 \u0219i 85 de kilometri de drum expres<strong>.<\/strong><\/p>\n\n\n\n<p><strong>CITE\u0218TE \u0218I:<\/strong><\/p>\n\n\n\n<figure class=\"wp-block-embed is-type-wp-embed is-provider-buletin-de-bucure-ti wp-block-embed-buletin-de-bucure-ti\"><div class=\"wp-block-embed__wrapper\">\n<blockquote class=\"wp-embedded-content\" data-secret=\"mIHmpCkLG6\"><a href=\"https:\/\/buletin.de\/bucuresti\/un-ciot-din-drumul-mortii-e85-modernizat-in-zona-afumati-pentru-accesul-catre-autostrada-muzeu-din-nordul-capitalei\/\">Un ciot din \u201eDrumul Mor\u021bii\u201d E85, modernizat \u00een zona Afuma\u021bi pentru accesul c\u0103tre \u201eautostrada muzeu\u201c din Nordul Capitalei<\/a><\/blockquote><iframe class=\"wp-embedded-content\" sandbox=\"allow-scripts\" security=\"restricted\" style=\"position: absolute; clip: rect(1px, 1px, 1px, 1px);\" title=\"&#8220;Un ciot din \u201eDrumul Mor\u021bii\u201d E85, modernizat \u00een zona Afuma\u021bi pentru accesul c\u0103tre \u201eautostrada muzeu\u201c din Nordul Capitalei&#8221; &#8212; Buletin de Bucure\u0219ti\" src=\"https:\/\/buletin.de\/bucuresti\/un-ciot-din-drumul-mortii-e85-modernizat-in-zona-afumati-pentru-accesul-catre-autostrada-muzeu-din-nordul-capitalei\/embed\/#?secret=QucabcYWgq#?secret=mIHmpCkLG6\" data-secret=\"mIHmpCkLG6\" width=\"600\" height=\"338\" frameborder=\"0\" marginwidth=\"0\" marginheight=\"0\" scrolling=\"no\"><\/iframe>\n<\/div><\/figure>\n\n\n\n<figure class=\"wp-block-embed is-type-wp-embed is-provider-buletin-de-bucure-ti wp-block-embed-buletin-de-bucure-ti\"><div class=\"wp-block-embed__wrapper\">\n<blockquote class=\"wp-embedded-content\" data-secret=\"tGpWfErGEZ\"><a href=\"https:\/\/buletin.de\/bucuresti\/noul-cod-silvic-ar-putea-transforma-in-realitate-centura-verde-a-capitalei-calea-gasita-dupa-ce-proiectul-initial-a-fost-blocat\/\">Noul Cod Silvic ar putea transforma \u00een realitate Centura Verde a Capitalei. Calea g\u0103sit\u0103, dup\u0103 ce proiectul ini\u0163ial a fost blocat<\/a><\/blockquote><iframe class=\"wp-embedded-content\" sandbox=\"allow-scripts\" security=\"restricted\" style=\"position: absolute; clip: rect(1px, 1px, 1px, 1px);\" title=\"&#8220;Noul Cod Silvic ar putea transforma \u00een realitate Centura Verde a Capitalei. Calea g\u0103sit\u0103, dup\u0103 ce proiectul ini\u0163ial a fost blocat&#8221; &#8212; Buletin de Bucure\u0219ti\" src=\"https:\/\/buletin.de\/bucuresti\/noul-cod-silvic-ar-putea-transforma-in-realitate-centura-verde-a-capitalei-calea-gasita-dupa-ce-proiectul-initial-a-fost-blocat\/embed\/#?secret=eGUhnDCCTN#?secret=tGpWfErGEZ\" data-secret=\"tGpWfErGEZ\" width=\"600\" height=\"338\" frameborder=\"0\" marginwidth=\"0\" marginheight=\"0\" scrolling=\"no\"><\/iframe>\n<\/div><\/figure>\n","protected":false},"excerpt":{"rendered":"<p>Aproape \u0219ase kilometri din Autostrada Bucure\u0219tiului, care fac parte din A0 Sud Lotul 1 Glina-Vidra de 16,93 km, vor fi da\u021bi \u00een folosin\u021b\u0103 luni, 15 aprilie. Aproximativ 6,3 km de pe A0 Lotul 2 Vidra-Bragadiru, din cei 16,3 km sunt gata \u00eenc\u0103 din decembrie anul trecut, dar nu au putut fi inaugura\u021bi pentru c\u0103 nu [&hellip;]<\/p>\n","protected":false},"author":49,"featured_media":83025,"comment_status":"closed","ping_status":"open","sticky":false,"template":"","format":"standard","meta":{"_acf_changed":false,"inline_featured_image":false,"ngg_post_thumbnail":0,"footnotes":""},"categories":[6994,3419,650],"tags":[1465,10035,11222,2623,11225,1586,2515,1426,982,2457,11223,1349,439,11224,1337,3401],"ppma_author":[22574],"class_list":["post-83024","post","type-post","status-publish","format-standard","has-post-thumbnail","hentry","category-stiri-2","category-featured","category-transport","tag-a0","tag-a0-sud","tag-a0-sud-lotul-1","tag-afumati-2","tag-autostrada-bucurestiului-2","tag-bragadiru","tag-cernica","tag-corbeanca","tag-e85","tag-glina","tag-iangurare","tag-intarzieri","tag-lucrari","tag-nod-a2","tag-pret","tag-vidra"],"acf":[],"yoast_head":"<!-- This site is optimized with the Yoast SEO Premium plugin v25.3 (Yoast SEO v27.4) - https:\/\/yoast.com\/product\/yoast-seo-premium-wordpress\/ -->\n<title>Autostrada Bucure\u0219ti | Dou\u0103 \u201ecioturi\u201d dintre Glina \u0219i Bragadiru, inaugurate cu jum\u0103tate de an \u00eent\u00e2rziere - Buletin de Bucure\u0219ti<\/title>\n<meta name=\"robots\" content=\"index, follow, max-snippet:-1, max-image-preview:large, max-video-preview:-1\" \/>\n<link rel=\"canonical\" href=\"https:\/\/buletin.de\/bucuresti\/autostrada-bucuresti-doua-cioturi-dintre-glina-si-bragadiru-inaugurate-cu-jumatate-de-an-intarziere\/\" \/>\n<meta property=\"og:locale\" content=\"en_GB\" \/>\n<meta property=\"og:type\" content=\"article\" \/>\n<meta property=\"og:title\" content=\"Autostrada Bucure\u0219ti | Dou\u0103 \u201ecioturi\u201d dintre Glina \u0219i Bragadiru, inaugurate cu jum\u0103tate de an \u00eent\u00e2rziere\" \/>\n<meta property=\"og:description\" content=\"Aproape \u0219ase kilometri din Autostrada Bucure\u0219tiului, care fac parte din A0 Sud Lotul 1 Glina-Vidra de 16,93 km, vor fi da\u021bi \u00een folosin\u021b\u0103 luni, 15 aprilie. Aproximativ 6,3 km de pe A0 Lotul 2 Vidra-Bragadiru, din cei 16,3 km sunt gata \u00eenc\u0103 din decembrie anul trecut, dar nu au putut fi inaugura\u021bi pentru c\u0103 nu [&hellip;]\" \/>\n<meta property=\"og:url\" content=\"https:\/\/buletin.de\/bucuresti\/autostrada-bucuresti-doua-cioturi-dintre-glina-si-bragadiru-inaugurate-cu-jumatate-de-an-intarziere\/\" \/>\n<meta property=\"og:site_name\" content=\"Buletin de Bucure\u0219ti\" \/>\n<meta property=\"article:publisher\" content=\"https:\/\/www.facebook.com\/buletin.de.buc\" \/>\n<meta property=\"article:published_time\" content=\"2024-04-15T05:13:46+00:00\" \/>\n<meta property=\"og:image\" content=\"https:\/\/buletin.de\/bucuresti\/wp-content\/uploads\/Screenshot-2024-04-14-at-20.48.24.png\" \/>\n\t<meta property=\"og:image:width\" content=\"1432\" \/>\n\t<meta property=\"og:image:height\" content=\"651\" \/>\n\t<meta property=\"og:image:type\" content=\"image\/png\" \/>\n<meta name=\"author\" content=\"Diana Matei\" \/>\n<meta name=\"twitter:card\" content=\"summary_large_image\" \/>\n<meta name=\"twitter:label1\" content=\"Written by\" \/>\n\t<meta name=\"twitter:data1\" content=\"Diana Matei\" \/>\n\t<meta name=\"twitter:label2\" content=\"Estimated reading time\" \/>\n\t<meta name=\"twitter:data2\" content=\"4 minutes\" \/>\n<script type=\"application\/ld+json\" class=\"yoast-schema-graph\">{\"@context\":\"https:\\\/\\\/schema.org\",\"@graph\":[{\"@type\":\"Article\",\"@id\":\"https:\\\/\\\/buletin.de\\\/bucuresti\\\/autostrada-bucuresti-doua-cioturi-dintre-glina-si-bragadiru-inaugurate-cu-jumatate-de-an-intarziere\\\/#article\",\"isPartOf\":{\"@id\":\"https:\\\/\\\/buletin.de\\\/bucuresti\\\/autostrada-bucuresti-doua-cioturi-dintre-glina-si-bragadiru-inaugurate-cu-jumatate-de-an-intarziere\\\/\"},\"author\":{\"name\":\"Diana Matei\",\"@id\":\"https:\\\/\\\/buletin.de\\\/bucuresti\\\/#\\\/schema\\\/person\\\/7e46040573290777280a0835d81ea4ea\"},\"headline\":\"Autostrada Bucure\u0219ti | Dou\u0103 \u201ecioturi\u201d dintre Glina \u0219i Bragadiru, inaugurate cu jum\u0103tate de an \u00eent\u00e2rziere\",\"datePublished\":\"2024-04-15T05:13:46+00:00\",\"mainEntityOfPage\":{\"@id\":\"https:\\\/\\\/buletin.de\\\/bucuresti\\\/autostrada-bucuresti-doua-cioturi-dintre-glina-si-bragadiru-inaugurate-cu-jumatate-de-an-intarziere\\\/\"},\"wordCount\":702,\"publisher\":{\"@id\":\"https:\\\/\\\/buletin.de\\\/bucuresti\\\/#organization\"},\"image\":{\"@id\":\"https:\\\/\\\/buletin.de\\\/bucuresti\\\/autostrada-bucuresti-doua-cioturi-dintre-glina-si-bragadiru-inaugurate-cu-jumatate-de-an-intarziere\\\/#primaryimage\"},\"thumbnailUrl\":\"https:\\\/\\\/buletin.de\\\/bucuresti\\\/wp-content\\\/uploads\\\/Screenshot-2024-04-14-at-20.48.24.png\",\"keywords\":[\"A0\",\"A0 Sud\",\"A0 Sud Lotul 1\",\"afumati\",\"autostrada bucurestiului\",\"Bragadiru\",\"cernica\",\"corbeanca\",\"e85\",\"Glina\",\"iangurare\",\"intarzieri\",\"lucrari\",\"nod a2\",\"pret\",\"vidra\"],\"articleSection\":[\"Articole\",\"Featured\",\"Transport\"],\"inLanguage\":\"en-GB\",\"copyrightYear\":\"2024\",\"copyrightHolder\":{\"@id\":\"https:\\\/\\\/buletin.de\\\/bucuresti\\\/#organization\"}},{\"@type\":\"WebPage\",\"@id\":\"https:\\\/\\\/buletin.de\\\/bucuresti\\\/autostrada-bucuresti-doua-cioturi-dintre-glina-si-bragadiru-inaugurate-cu-jumatate-de-an-intarziere\\\/\",\"url\":\"https:\\\/\\\/buletin.de\\\/bucuresti\\\/autostrada-bucuresti-doua-cioturi-dintre-glina-si-bragadiru-inaugurate-cu-jumatate-de-an-intarziere\\\/\",\"name\":\"Autostrada Bucure\u0219ti | Dou\u0103 \u201ecioturi\u201d dintre Glina \u0219i Bragadiru, inaugurate cu jum\u0103tate de an \u00eent\u00e2rziere - Buletin de Bucure\u0219ti\",\"isPartOf\":{\"@id\":\"https:\\\/\\\/buletin.de\\\/bucuresti\\\/#website\"},\"primaryImageOfPage\":{\"@id\":\"https:\\\/\\\/buletin.de\\\/bucuresti\\\/autostrada-bucuresti-doua-cioturi-dintre-glina-si-bragadiru-inaugurate-cu-jumatate-de-an-intarziere\\\/#primaryimage\"},\"image\":{\"@id\":\"https:\\\/\\\/buletin.de\\\/bucuresti\\\/autostrada-bucuresti-doua-cioturi-dintre-glina-si-bragadiru-inaugurate-cu-jumatate-de-an-intarziere\\\/#primaryimage\"},\"thumbnailUrl\":\"https:\\\/\\\/buletin.de\\\/bucuresti\\\/wp-content\\\/uploads\\\/Screenshot-2024-04-14-at-20.48.24.png\",\"datePublished\":\"2024-04-15T05:13:46+00:00\",\"breadcrumb\":{\"@id\":\"https:\\\/\\\/buletin.de\\\/bucuresti\\\/autostrada-bucuresti-doua-cioturi-dintre-glina-si-bragadiru-inaugurate-cu-jumatate-de-an-intarziere\\\/#breadcrumb\"},\"inLanguage\":\"en-GB\",\"potentialAction\":[{\"@type\":\"ReadAction\",\"target\":[\"https:\\\/\\\/buletin.de\\\/bucuresti\\\/autostrada-bucuresti-doua-cioturi-dintre-glina-si-bragadiru-inaugurate-cu-jumatate-de-an-intarziere\\\/\"]}]},{\"@type\":\"ImageObject\",\"inLanguage\":\"en-GB\",\"@id\":\"https:\\\/\\\/buletin.de\\\/bucuresti\\\/autostrada-bucuresti-doua-cioturi-dintre-glina-si-bragadiru-inaugurate-cu-jumatate-de-an-intarziere\\\/#primaryimage\",\"url\":\"https:\\\/\\\/buletin.de\\\/bucuresti\\\/wp-content\\\/uploads\\\/Screenshot-2024-04-14-at-20.48.24.png\",\"contentUrl\":\"https:\\\/\\\/buletin.de\\\/bucuresti\\\/wp-content\\\/uploads\\\/Screenshot-2024-04-14-at-20.48.24.png\",\"width\":1432,\"height\":651,\"caption\":\"FOTO: Captura YouTube\"},{\"@type\":\"BreadcrumbList\",\"@id\":\"https:\\\/\\\/buletin.de\\\/bucuresti\\\/autostrada-bucuresti-doua-cioturi-dintre-glina-si-bragadiru-inaugurate-cu-jumatate-de-an-intarziere\\\/#breadcrumb\",\"itemListElement\":[{\"@type\":\"ListItem\",\"position\":1,\"name\":\"Acas\u0103\",\"item\":\"https:\\\/\\\/buletin.de\\\/bucuresti\\\/\"},{\"@type\":\"ListItem\",\"position\":2,\"name\":\"Autostrada Bucure\u0219ti | Dou\u0103 \u201ecioturi\u201d dintre Glina \u0219i Bragadiru, inaugurate cu jum\u0103tate de an \u00eent\u00e2rziere\"}]},{\"@type\":\"WebSite\",\"@id\":\"https:\\\/\\\/buletin.de\\\/bucuresti\\\/#website\",\"url\":\"https:\\\/\\\/buletin.de\\\/bucuresti\\\/\",\"name\":\"Buletin de Bucure\u0219ti\",\"description\":\"\u0218tiri \u0219i investiga\u021bii esen\u021biale din capital\u0103\",\"publisher\":{\"@id\":\"https:\\\/\\\/buletin.de\\\/bucuresti\\\/#organization\"},\"potentialAction\":[{\"@type\":\"SearchAction\",\"target\":{\"@type\":\"EntryPoint\",\"urlTemplate\":\"https:\\\/\\\/buletin.de\\\/bucuresti\\\/?s={search_term_string}\"},\"query-input\":{\"@type\":\"PropertyValueSpecification\",\"valueRequired\":true,\"valueName\":\"search_term_string\"}}],\"inLanguage\":\"en-GB\"},{\"@type\":\"Organization\",\"@id\":\"https:\\\/\\\/buletin.de\\\/bucuresti\\\/#organization\",\"name\":\"Buletin de Bucure\u0219ti\",\"url\":\"https:\\\/\\\/buletin.de\\\/bucuresti\\\/\",\"logo\":{\"@type\":\"ImageObject\",\"inLanguage\":\"en-GB\",\"@id\":\"https:\\\/\\\/buletin.de\\\/bucuresti\\\/#\\\/schema\\\/logo\\\/image\\\/\",\"url\":\"https:\\\/\\\/buletin.de\\\/bucuresti\\\/wp-content\\\/uploads\\\/logo-bdb-full-wide-vernil-transparent.png\",\"contentUrl\":\"https:\\\/\\\/buletin.de\\\/bucuresti\\\/wp-content\\\/uploads\\\/logo-bdb-full-wide-vernil-transparent.png\",\"width\":1782,\"height\":626,\"caption\":\"Buletin de Bucure\u0219ti\"},\"image\":{\"@id\":\"https:\\\/\\\/buletin.de\\\/bucuresti\\\/#\\\/schema\\\/logo\\\/image\\\/\"},\"sameAs\":[\"https:\\\/\\\/www.facebook.com\\\/buletin.de.buc\",\"https:\\\/\\\/www.instagram.com\\\/buletinde.bucuresti\\\/\"]},{\"@type\":\"Person\",\"@id\":\"https:\\\/\\\/buletin.de\\\/bucuresti\\\/#\\\/schema\\\/person\\\/7e46040573290777280a0835d81ea4ea\",\"name\":\"Diana Matei\",\"image\":{\"@type\":\"ImageObject\",\"inLanguage\":\"en-GB\",\"@id\":\"https:\\\/\\\/buletin.de\\\/bucuresti\\\/wp-content\\\/uploads\\\/9-2-96x96.jpg1e8590b30871d70e62ebcdaf2eff570c\",\"url\":\"https:\\\/\\\/buletin.de\\\/bucuresti\\\/wp-content\\\/uploads\\\/9-2-96x96.jpg\",\"contentUrl\":\"https:\\\/\\\/buletin.de\\\/bucuresti\\\/wp-content\\\/uploads\\\/9-2-96x96.jpg\",\"caption\":\"Diana Matei\"},\"url\":\"https:\\\/\\\/buletin.de\\\/bucuresti\\\/author\\\/dianamatei\\\/\"}]}<\/script>\n<!-- \/ Yoast SEO Premium plugin. -->","yoast_head_json":{"title":"Autostrada Bucure\u0219ti | Dou\u0103 \u201ecioturi\u201d dintre Glina \u0219i Bragadiru, inaugurate cu jum\u0103tate de an \u00eent\u00e2rziere - Buletin de Bucure\u0219ti","robots":{"index":"index","follow":"follow","max-snippet":"max-snippet:-1","max-image-preview":"max-image-preview:large","max-video-preview":"max-video-preview:-1"},"canonical":"https:\/\/buletin.de\/bucuresti\/autostrada-bucuresti-doua-cioturi-dintre-glina-si-bragadiru-inaugurate-cu-jumatate-de-an-intarziere\/","og_locale":"en_GB","og_type":"article","og_title":"Autostrada Bucure\u0219ti | Dou\u0103 \u201ecioturi\u201d dintre Glina \u0219i Bragadiru, inaugurate cu jum\u0103tate de an \u00eent\u00e2rziere","og_description":"Aproape \u0219ase kilometri din Autostrada Bucure\u0219tiului, care fac parte din A0 Sud Lotul 1 Glina-Vidra de 16,93 km, vor fi da\u021bi \u00een folosin\u021b\u0103 luni, 15 aprilie. Aproximativ 6,3 km de pe A0 Lotul 2 Vidra-Bragadiru, din cei 16,3 km sunt gata \u00eenc\u0103 din decembrie anul trecut, dar nu au putut fi inaugura\u021bi pentru c\u0103 nu [&hellip;]","og_url":"https:\/\/buletin.de\/bucuresti\/autostrada-bucuresti-doua-cioturi-dintre-glina-si-bragadiru-inaugurate-cu-jumatate-de-an-intarziere\/","og_site_name":"Buletin de Bucure\u0219ti","article_publisher":"https:\/\/www.facebook.com\/buletin.de.buc","article_published_time":"2024-04-15T05:13:46+00:00","og_image":[{"width":1432,"height":651,"url":"https:\/\/buletin.de\/bucuresti\/wp-content\/uploads\/Screenshot-2024-04-14-at-20.48.24.png","type":"image\/png"}],"author":"Diana Matei","twitter_card":"summary_large_image","twitter_misc":{"Written by":"Diana Matei","Estimated reading time":"4 minutes"},"schema":{"@context":"https:\/\/schema.org","@graph":[{"@type":"Article","@id":"https:\/\/buletin.de\/bucuresti\/autostrada-bucuresti-doua-cioturi-dintre-glina-si-bragadiru-inaugurate-cu-jumatate-de-an-intarziere\/#article","isPartOf":{"@id":"https:\/\/buletin.de\/bucuresti\/autostrada-bucuresti-doua-cioturi-dintre-glina-si-bragadiru-inaugurate-cu-jumatate-de-an-intarziere\/"},"author":{"name":"Diana Matei","@id":"https:\/\/buletin.de\/bucuresti\/#\/schema\/person\/7e46040573290777280a0835d81ea4ea"},"headline":"Autostrada Bucure\u0219ti | Dou\u0103 \u201ecioturi\u201d dintre Glina \u0219i Bragadiru, inaugurate cu jum\u0103tate de an \u00eent\u00e2rziere","datePublished":"2024-04-15T05:13:46+00:00","mainEntityOfPage":{"@id":"https:\/\/buletin.de\/bucuresti\/autostrada-bucuresti-doua-cioturi-dintre-glina-si-bragadiru-inaugurate-cu-jumatate-de-an-intarziere\/"},"wordCount":702,"publisher":{"@id":"https:\/\/buletin.de\/bucuresti\/#organization"},"image":{"@id":"https:\/\/buletin.de\/bucuresti\/autostrada-bucuresti-doua-cioturi-dintre-glina-si-bragadiru-inaugurate-cu-jumatate-de-an-intarziere\/#primaryimage"},"thumbnailUrl":"https:\/\/buletin.de\/bucuresti\/wp-content\/uploads\/Screenshot-2024-04-14-at-20.48.24.png","keywords":["A0","A0 Sud","A0 Sud Lotul 1","afumati","autostrada bucurestiului","Bragadiru","cernica","corbeanca","e85","Glina","iangurare","intarzieri","lucrari","nod a2","pret","vidra"],"articleSection":["Articole","Featured","Transport"],"inLanguage":"en-GB","copyrightYear":"2024","copyrightHolder":{"@id":"https:\/\/buletin.de\/bucuresti\/#organization"}},{"@type":"WebPage","@id":"https:\/\/buletin.de\/bucuresti\/autostrada-bucuresti-doua-cioturi-dintre-glina-si-bragadiru-inaugurate-cu-jumatate-de-an-intarziere\/","url":"https:\/\/buletin.de\/bucuresti\/autostrada-bucuresti-doua-cioturi-dintre-glina-si-bragadiru-inaugurate-cu-jumatate-de-an-intarziere\/","name":"Autostrada Bucure\u0219ti | Dou\u0103 \u201ecioturi\u201d dintre Glina \u0219i Bragadiru, inaugurate cu jum\u0103tate de an \u00eent\u00e2rziere - Buletin de Bucure\u0219ti","isPartOf":{"@id":"https:\/\/buletin.de\/bucuresti\/#website"},"primaryImageOfPage":{"@id":"https:\/\/buletin.de\/bucuresti\/autostrada-bucuresti-doua-cioturi-dintre-glina-si-bragadiru-inaugurate-cu-jumatate-de-an-intarziere\/#primaryimage"},"image":{"@id":"https:\/\/buletin.de\/bucuresti\/autostrada-bucuresti-doua-cioturi-dintre-glina-si-bragadiru-inaugurate-cu-jumatate-de-an-intarziere\/#primaryimage"},"thumbnailUrl":"https:\/\/buletin.de\/bucuresti\/wp-content\/uploads\/Screenshot-2024-04-14-at-20.48.24.png","datePublished":"2024-04-15T05:13:46+00:00","breadcrumb":{"@id":"https:\/\/buletin.de\/bucuresti\/autostrada-bucuresti-doua-cioturi-dintre-glina-si-bragadiru-inaugurate-cu-jumatate-de-an-intarziere\/#breadcrumb"},"inLanguage":"en-GB","potentialAction":[{"@type":"ReadAction","target":["https:\/\/buletin.de\/bucuresti\/autostrada-bucuresti-doua-cioturi-dintre-glina-si-bragadiru-inaugurate-cu-jumatate-de-an-intarziere\/"]}]},{"@type":"ImageObject","inLanguage":"en-GB","@id":"https:\/\/buletin.de\/bucuresti\/autostrada-bucuresti-doua-cioturi-dintre-glina-si-bragadiru-inaugurate-cu-jumatate-de-an-intarziere\/#primaryimage","url":"https:\/\/buletin.de\/bucuresti\/wp-content\/uploads\/Screenshot-2024-04-14-at-20.48.24.png","contentUrl":"https:\/\/buletin.de\/bucuresti\/wp-content\/uploads\/Screenshot-2024-04-14-at-20.48.24.png","width":1432,"height":651,"caption":"FOTO: Captura YouTube"},{"@type":"BreadcrumbList","@id":"https:\/\/buletin.de\/bucuresti\/autostrada-bucuresti-doua-cioturi-dintre-glina-si-bragadiru-inaugurate-cu-jumatate-de-an-intarziere\/#breadcrumb","itemListElement":[{"@type":"ListItem","position":1,"name":"Acas\u0103","item":"https:\/\/buletin.de\/bucuresti\/"},{"@type":"ListItem","position":2,"name":"Autostrada Bucure\u0219ti | Dou\u0103 \u201ecioturi\u201d dintre Glina \u0219i Bragadiru, inaugurate cu jum\u0103tate de an \u00eent\u00e2rziere"}]},{"@type":"WebSite","@id":"https:\/\/buletin.de\/bucuresti\/#website","url":"https:\/\/buletin.de\/bucuresti\/","name":"Buletin de Bucure\u0219ti","description":"\u0218tiri \u0219i investiga\u021bii esen\u021biale din capital\u0103","publisher":{"@id":"https:\/\/buletin.de\/bucuresti\/#organization"},"potentialAction":[{"@type":"SearchAction","target":{"@type":"EntryPoint","urlTemplate":"https:\/\/buletin.de\/bucuresti\/?s={search_term_string}"},"query-input":{"@type":"PropertyValueSpecification","valueRequired":true,"valueName":"search_term_string"}}],"inLanguage":"en-GB"},{"@type":"Organization","@id":"https:\/\/buletin.de\/bucuresti\/#organization","name":"Buletin de Bucure\u0219ti","url":"https:\/\/buletin.de\/bucuresti\/","logo":{"@type":"ImageObject","inLanguage":"en-GB","@id":"https:\/\/buletin.de\/bucuresti\/#\/schema\/logo\/image\/","url":"https:\/\/buletin.de\/bucuresti\/wp-content\/uploads\/logo-bdb-full-wide-vernil-transparent.png","contentUrl":"https:\/\/buletin.de\/bucuresti\/wp-content\/uploads\/logo-bdb-full-wide-vernil-transparent.png","width":1782,"height":626,"caption":"Buletin de Bucure\u0219ti"},"image":{"@id":"https:\/\/buletin.de\/bucuresti\/#\/schema\/logo\/image\/"},"sameAs":["https:\/\/www.facebook.com\/buletin.de.buc","https:\/\/www.instagram.com\/buletinde.bucuresti\/"]},{"@type":"Person","@id":"https:\/\/buletin.de\/bucuresti\/#\/schema\/person\/7e46040573290777280a0835d81ea4ea","name":"Diana Matei","image":{"@type":"ImageObject","inLanguage":"en-GB","@id":"https:\/\/buletin.de\/bucuresti\/wp-content\/uploads\/9-2-96x96.jpg1e8590b30871d70e62ebcdaf2eff570c","url":"https:\/\/buletin.de\/bucuresti\/wp-content\/uploads\/9-2-96x96.jpg","contentUrl":"https:\/\/buletin.de\/bucuresti\/wp-content\/uploads\/9-2-96x96.jpg","caption":"Diana Matei"},"url":"https:\/\/buletin.de\/bucuresti\/author\/dianamatei\/"}]}},"authors":[{"term_id":22574,"user_id":49,"is_guest":0,"slug":"dianamatei","display_name":"Diana Matei","avatar_url":"https:\/\/buletin.de\/bucuresti\/wp-content\/uploads\/9-2-96x96.jpg","0":null,"1":"","2":"","3":"","4":"","5":"","6":"","7":"","8":""}],"_links":{"self":[{"href":"https:\/\/buletin.de\/bucuresti\/wp-json\/wp\/v2\/posts\/83024","targetHints":{"allow":["GET"]}}],"collection":[{"href":"https:\/\/buletin.de\/bucuresti\/wp-json\/wp\/v2\/posts"}],"about":[{"href":"https:\/\/buletin.de\/bucuresti\/wp-json\/wp\/v2\/types\/post"}],"author":[{"embeddable":true,"href":"https:\/\/buletin.de\/bucuresti\/wp-json\/wp\/v2\/users\/49"}],"replies":[{"embeddable":true,"href":"https:\/\/buletin.de\/bucuresti\/wp-json\/wp\/v2\/comments?post=83024"}],"version-history":[{"count":7,"href":"https:\/\/buletin.de\/bucuresti\/wp-json\/wp\/v2\/posts\/83024\/revisions"}],"predecessor-version":[{"id":83051,"href":"https:\/\/buletin.de\/bucuresti\/wp-json\/wp\/v2\/posts\/83024\/revisions\/83051"}],"wp:featuredmedia":[{"embeddable":true,"href":"https:\/\/buletin.de\/bucuresti\/wp-json\/wp\/v2\/media\/83025"}],"wp:attachment":[{"href":"https:\/\/buletin.de\/bucuresti\/wp-json\/wp\/v2\/media?parent=83024"}],"wp:term":[{"taxonomy":"category","embeddable":true,"href":"https:\/\/buletin.de\/bucuresti\/wp-json\/wp\/v2\/categories?post=83024"},{"taxonomy":"post_tag","embeddable":true,"href":"https:\/\/buletin.de\/bucuresti\/wp-json\/wp\/v2\/tags?post=83024"},{"taxonomy":"author","embeddable":true,"href":"https:\/\/buletin.de\/bucuresti\/wp-json\/wp\/v2\/ppma_author?post=83024"}],"curies":[{"name":"wp","href":"https:\/\/api.w.org\/{rel}","templated":true}]}}