{"id":8302,"date":"2020-06-17T19:17:15","date_gmt":"2020-06-17T16:17:15","guid":{"rendered":"https:\/\/buletin.de\/bucuresti\/?p=8302"},"modified":"2020-06-17T19:17:16","modified_gmt":"2020-06-17T16:17:16","slug":"univerisitatile-din-bucuresti-iau-atitudine-impotriva-legii-care-opreste-conversatia-despre-gen-in-scoli-si-universitati","status":"publish","type":"post","link":"https:\/\/buletin.de\/bucuresti\/univerisitatile-din-bucuresti-iau-atitudine-impotriva-legii-care-opreste-conversatia-despre-gen-in-scoli-si-universitati\/","title":{"rendered":"Univerisit\u0103\u021bile din Bucure\u0219ti iau atitudine \u00eempotriva legii care opre\u0219te conversa\u021bia despre gen \u00een \u0219coli \u0219i universit\u0103\u021bi"},"content":{"rendered":"\n<p><strong>Universitatea din Bucure\u0219ti \u0219i \u0218coala Na\u021bional\u0103 de Studii Politice \u0219i Administrative (SNSPA) condamn\u0103 legea care interzice orice referire la conceptul de identitate de gen \u00een \u0219coli \u0219i universit\u0103\u021bi, argument\u00e2nd c\u0103 aceasta ar pune \u00een pericol autonomia universitar\u0103 \u0219i libertatea de exprimare.<\/strong><\/p>\n\n\n\n<p>Senatul, camera decizional\u0103 a Parlamentului, a adoptat ieri un proiect de lege ini\u021biat de doi parlamentari PMP care modific\u0103 articolul 7 din Legea educa\u021biei, interzic\u00e2nd \u201eactivit\u0103\u021bile \u00een vederea r\u0103sp\u00e2ndirii teoriei sau opiniei identit\u0103\u021bii de gen, \u00een\u021beleas\u0103 ca teoria sau opinia c\u0103 genul este un concept diferit de sexul biologic \u0219i c\u0103 cele dou\u0103 nu sunt \u00eentotdeauna acelea\u0219i\u201d.&nbsp;<\/p>\n\n\n\n<p>Conform legii, cei care le vorbesc copiilor despre identitatea de gen ar putea primi <a href=\"http:\/\/www.cdep.ro\/proiecte\/2019\/600\/10\/7\/pl821.pdf?utm_source=Concentrat&amp;utm_campaign=15830aacb0-EMAIL_CAMPAIGN_2020_06_16_07_36&amp;utm_medium=email&amp;utm_term=0_31399402fc-15830aacb0-122714833&amp;mc_cid=15830aacb0&amp;mc_eid=e7ecb43030\">amend\u0103<\/a> \u00eentre 10.000 \u0219i 50.000 de lei. Dac\u0103 legea va fi promulgat\u0103 de Pre\u0219edinte, ar afecta \u0219i programele universitare despre identitatea de gen \u015fi egalitatea de \u015fanse.&nbsp;<\/p>\n\n\n\n<p>\u201eUniversitatea din Bucure\u0219ti dezavueaz\u0103 orice ini\u021biativ\u0103 de subminare a autonomiei universitare \u0219i solicit\u0103 tuturor actorilor responsabili din via\u021ba social\u0103 \u0219i politic\u0103 a \u021b\u0103rii s\u0103 apere acest drept c\u00e2\u0219tigat acum mai bine de 30 de ani \u00een Rom\u00e2nia\u201d, scrie <a href=\"https:\/\/unibuc.ro\/punct-de-vedere-al-universitatii-din-bucuresti-cu-privire-la-respectarea-autonomiei-universitare-si-a-libertatilor-individuale-fundamentale\/?fbclid=IwAR3vVto42VhEkh74eGk1zRltXw30nAQx8gBDn1u80aeShIUEbulfsMBSBDk\">Universitatea din Bucure\u0219ti<\/a> \u00eentr-un comunicat de pres\u0103.<\/p>\n\n\n\n<p>Pozi\u021bia Universit\u0103\u021bii Bucure\u0219ti este \u00eent\u0103rit\u0103 de atitudinea <a href=\"http:\/\/snspa.ro\/pozitia-snspa-fata-de-adoptarea-de-catre-parlamentul-romaniei-a-masurilor-ce-interzic-informatiile-despre-identitatea-de-gen-in-scoli-si-universitati\/?fbclid=IwAR1x_VoYMg2hcvrkvvDWPDjIuGFIUaBgcBKjH9f-3x__d-r3lYPRb215ICQ\">SNSPA<\/a>, care ofer\u0103 programe de studiu referitoare la identitatea de gen \u0219i dezvolt\u0103 cercet\u0103ri pe aceast\u0103 tem\u0103 din 1998.<\/p>\n\n\n\n<p>\u201ePe motivul existen\u021bei unui pericol real \u00een sistemul de \u00eenv\u0103\u021b\u0103m\u00e2nt, f\u0103r\u0103 a face vreo dovad\u0103 \u00een acest sens, textul amendamentelor adoptate arat\u0103 c\u0103 cei care le-au propus nu \u00een\u021beleg de fapt conceptele fundamentale pe care le folosesc\u201d, scrie SNSPA. \u201eAcestea sunt, de altfel, uzuale \u00een orice limb\u0103: sex (b\u0103rb\u0103tesc sau femeiesc), pentru datul biologic \u0219i gen (masculin, feminin), pentru \u00een\u021belesurile culturale \u0219i sociale ale diferen\u021belor biologice.\u201d<\/p>\n\n\n\n<p>SNSPA mai atrage aten\u021bia \u0219i asupra faptului c\u0103 studiile de gen stau la baza politicilor sociale \u0219i strategiilor pentru combaterea violen\u021bei domestice \u0219i a h\u0103r\u021buirii sexuale, \u0219i elaborarea solu\u021biilor pentru munca casnic\u0103.<\/p>\n\n\n\n<p>\u201eAcest amendament desfiin\u021beaz\u0103 practic orice \u00eenv\u0103\u021bare, studiu \u0219i cercetare \u00een privin\u021ba discrimin\u0103rii de gen, orice proiect \u00eentemeiat \u0219tiin\u021bific care poate contribui la egalitatea de tratament \u0219i de \u0219anse \u00eentre femei \u0219i b\u0103rba\u021bi\u201d, scrie SNSPA. \u201e\u00cel consider\u0103m inacceptabil \u0219tiin\u021bific \u0219i profund antidemocratic.\u201d<\/p>\n\n\n\n<p>Mai mult, conform comunicatului SNSPA, proiectul de lege adoptat \u00een Parlament \u00eencalc\u0103 libertatea de exprimare, garantat\u0103 de Constitu\u021bia Rom\u00e2niei, dar \u0219i Legea pentru prevenirea \u0219i sanc\u021bionarea tuturor formelor de discriminare \u0219i Legea egalit\u0103\u021bii de \u0219anse \u00eentre femei \u0219i b\u0103rba\u021bi. Totodat\u0103, contravine mai multor conven\u021bii interna\u021bionale la care Rom\u00e2nia ia parte, printre care \u0219i CEDAW (Conven\u021bia pentru Eliminarea Tuturor Formelor de Discriminare \u00eempotriva Femeilor a ONU, 1979) \u0219i Uniunea European\u0103.<\/p>\n\n\n\n<p>Universit\u0103\u021bile din Bucure\u0219ti nu sunt nici pe departe singurii opozan\u021bi ai acestui proiect de lege. Aproape 30.000 de oameni deja au semnat o <a href=\"https:\/\/campaniamea.declic.ro\/petitions\/cerem-presedintelui-iohannis-sa-respinga-legea-privind-educatia?f&amp;utm_source=Concentrat&amp;utm_campaign=15830aacb0-EMAIL_CAMPAIGN_2020_06_16_07_36&amp;utm_medium=email&amp;utm_term=0_31399402fc-15830aacb0-122714833&amp;mc_cid=15830aacb0&amp;mc_eid=e7ecb43030\">peti\u021bie<\/a> care \u00eei cere Pre\u0219edintelui s\u0103 resping\u0103 Legea.<\/p>\n\n\n\n<p>Proiectul de lege a fost aprobat de Senat ieri, cu votul PSD \u0219i PMP, cu ab\u021binerea PNL \u0219i \u00eempotriva votului USR, \u0219i ar urma s\u0103 fie promulgat\u0103 de Pre\u0219edinte. Legea ar putea fi \u00eentoars\u0103 \u00een Parlament de Pre\u0219edinte sau respins\u0103 de Curtea Constitu\u021bional\u0103 a Rom\u00e2niei, dac\u0103 este atacat\u0103 de Avocatul Poporului.<\/p>\n","protected":false},"excerpt":{"rendered":"<p>Universitatea din Bucure\u0219ti \u0219i \u0218coala Na\u021bional\u0103 de Studii Politice \u0219i Administrative (SNSPA) condamn\u0103 legea care interzice orice referire la conceptul de identitate de gen \u00een \u0219coli \u0219i universit\u0103\u021bi, argument\u00e2nd c\u0103 aceasta ar pune \u00een pericol autonomia universitar\u0103 \u0219i libertatea de exprimare. Senatul, camera decizional\u0103 a Parlamentului, a adoptat ieri un proiect de lege ini\u021biat de [&hellip;]<\/p>\n","protected":false},"author":15,"featured_media":8303,"comment_status":"closed","ping_status":"open","sticky":false,"template":"","format":"standard","meta":{"_acf_changed":false,"inline_featured_image":false,"ngg_post_thumbnail":0,"footnotes":""},"categories":[62],"tags":[481,1176,1177,1181,1180,1179,1175,1178],"ppma_author":[22592],"class_list":["post-8302","post","type-post","status-publish","format-standard","has-post-thumbnail","hentry","category-stiri","tag-educatie","tag-gen","tag-identitate-de-gen","tag-legea-educatiei","tag-senat","tag-snspa","tag-universitate","tag-universitatea-bucuresti"],"acf":[],"yoast_head":"<!-- This site is optimized with the Yoast SEO Premium plugin v25.3 (Yoast SEO v27.5) - https:\/\/yoast.com\/product\/yoast-seo-premium-wordpress\/ -->\n<title>Univerisit\u0103\u021bile din Bucure\u0219ti iau atitudine \u00eempotriva legii care opre\u0219te conversa\u021bia despre gen \u00een \u0219coli \u0219i universit\u0103\u021bi - Buletin de Bucure\u0219ti<\/title>\n<meta name=\"robots\" content=\"index, follow, max-snippet:-1, max-image-preview:large, max-video-preview:-1\" \/>\n<link rel=\"canonical\" href=\"https:\/\/buletin.de\/bucuresti\/univerisitatile-din-bucuresti-iau-atitudine-impotriva-legii-care-opreste-conversatia-despre-gen-in-scoli-si-universitati\/\" \/>\n<meta property=\"og:locale\" content=\"en_GB\" \/>\n<meta property=\"og:type\" content=\"article\" \/>\n<meta property=\"og:title\" content=\"Univerisit\u0103\u021bile din Bucure\u0219ti iau atitudine \u00eempotriva legii care opre\u0219te conversa\u021bia despre gen \u00een \u0219coli \u0219i universit\u0103\u021bi\" \/>\n<meta property=\"og:description\" content=\"Universitatea din Bucure\u0219ti \u0219i \u0218coala Na\u021bional\u0103 de Studii Politice \u0219i Administrative (SNSPA) condamn\u0103 legea care interzice orice referire la conceptul de identitate de gen \u00een \u0219coli \u0219i universit\u0103\u021bi, argument\u00e2nd c\u0103 aceasta ar pune \u00een pericol autonomia universitar\u0103 \u0219i libertatea de exprimare. Senatul, camera decizional\u0103 a Parlamentului, a adoptat ieri un proiect de lege ini\u021biat de [&hellip;]\" \/>\n<meta property=\"og:url\" content=\"https:\/\/buletin.de\/bucuresti\/univerisitatile-din-bucuresti-iau-atitudine-impotriva-legii-care-opreste-conversatia-despre-gen-in-scoli-si-universitati\/\" \/>\n<meta property=\"og:site_name\" content=\"Buletin de Bucure\u0219ti\" \/>\n<meta property=\"article:publisher\" content=\"https:\/\/www.facebook.com\/buletin.de.buc\" \/>\n<meta property=\"article:published_time\" content=\"2020-06-17T16:17:15+00:00\" \/>\n<meta property=\"article:modified_time\" content=\"2020-06-17T16:17:16+00:00\" \/>\n<meta property=\"og:image\" content=\"https:\/\/buletin.de\/bucuresti\/wp-content\/uploads\/67461847_10156548713788100_2238420840234352640_o.jpg\" \/>\n\t<meta property=\"og:image:width\" content=\"2048\" \/>\n\t<meta property=\"og:image:height\" content=\"1365\" \/>\n\t<meta property=\"og:image:type\" content=\"image\/jpeg\" \/>\n<meta name=\"author\" content=\"Irina Anghel\" \/>\n<meta name=\"twitter:card\" content=\"summary_large_image\" \/>\n<meta name=\"twitter:label1\" content=\"Written by\" \/>\n\t<meta name=\"twitter:data1\" content=\"Irina Anghel\" \/>\n\t<meta name=\"twitter:label2\" content=\"Estimated reading time\" \/>\n\t<meta name=\"twitter:data2\" content=\"3 minutes\" \/>\n<script type=\"application\/ld+json\" class=\"yoast-schema-graph\">{\"@context\":\"https:\\\/\\\/schema.org\",\"@graph\":[{\"@type\":\"Article\",\"@id\":\"https:\\\/\\\/buletin.de\\\/bucuresti\\\/univerisitatile-din-bucuresti-iau-atitudine-impotriva-legii-care-opreste-conversatia-despre-gen-in-scoli-si-universitati\\\/#article\",\"isPartOf\":{\"@id\":\"https:\\\/\\\/buletin.de\\\/bucuresti\\\/univerisitatile-din-bucuresti-iau-atitudine-impotriva-legii-care-opreste-conversatia-despre-gen-in-scoli-si-universitati\\\/\"},\"author\":{\"name\":\"Irina Anghel\",\"@id\":\"https:\\\/\\\/buletin.de\\\/bucuresti\\\/#\\\/schema\\\/person\\\/7a01591ad05c4d2c7261fe7f0383d2af\"},\"headline\":\"Univerisit\u0103\u021bile din Bucure\u0219ti iau atitudine \u00eempotriva legii care opre\u0219te conversa\u021bia despre gen \u00een \u0219coli \u0219i universit\u0103\u021bi\",\"datePublished\":\"2020-06-17T16:17:15+00:00\",\"dateModified\":\"2020-06-17T16:17:16+00:00\",\"mainEntityOfPage\":{\"@id\":\"https:\\\/\\\/buletin.de\\\/bucuresti\\\/univerisitatile-din-bucuresti-iau-atitudine-impotriva-legii-care-opreste-conversatia-despre-gen-in-scoli-si-universitati\\\/\"},\"wordCount\":584,\"publisher\":{\"@id\":\"https:\\\/\\\/buletin.de\\\/bucuresti\\\/#organization\"},\"image\":{\"@id\":\"https:\\\/\\\/buletin.de\\\/bucuresti\\\/univerisitatile-din-bucuresti-iau-atitudine-impotriva-legii-care-opreste-conversatia-despre-gen-in-scoli-si-universitati\\\/#primaryimage\"},\"thumbnailUrl\":\"https:\\\/\\\/buletin.de\\\/bucuresti\\\/wp-content\\\/uploads\\\/67461847_10156548713788100_2238420840234352640_o.jpg\",\"keywords\":[\"educatie\",\"gen\",\"identitate de gen\",\"legea educatiei\",\"senat\",\"snspa\",\"universitate\",\"universitatea bucuresti\"],\"articleSection\":[\"\u0218tiri\"],\"inLanguage\":\"en-GB\",\"copyrightYear\":\"2020\",\"copyrightHolder\":{\"@id\":\"https:\\\/\\\/buletin.de\\\/bucuresti\\\/#organization\"}},{\"@type\":\"WebPage\",\"@id\":\"https:\\\/\\\/buletin.de\\\/bucuresti\\\/univerisitatile-din-bucuresti-iau-atitudine-impotriva-legii-care-opreste-conversatia-despre-gen-in-scoli-si-universitati\\\/\",\"url\":\"https:\\\/\\\/buletin.de\\\/bucuresti\\\/univerisitatile-din-bucuresti-iau-atitudine-impotriva-legii-care-opreste-conversatia-despre-gen-in-scoli-si-universitati\\\/\",\"name\":\"Univerisit\u0103\u021bile din Bucure\u0219ti iau atitudine \u00eempotriva legii care opre\u0219te conversa\u021bia despre gen \u00een \u0219coli \u0219i universit\u0103\u021bi - Buletin de Bucure\u0219ti\",\"isPartOf\":{\"@id\":\"https:\\\/\\\/buletin.de\\\/bucuresti\\\/#website\"},\"primaryImageOfPage\":{\"@id\":\"https:\\\/\\\/buletin.de\\\/bucuresti\\\/univerisitatile-din-bucuresti-iau-atitudine-impotriva-legii-care-opreste-conversatia-despre-gen-in-scoli-si-universitati\\\/#primaryimage\"},\"image\":{\"@id\":\"https:\\\/\\\/buletin.de\\\/bucuresti\\\/univerisitatile-din-bucuresti-iau-atitudine-impotriva-legii-care-opreste-conversatia-despre-gen-in-scoli-si-universitati\\\/#primaryimage\"},\"thumbnailUrl\":\"https:\\\/\\\/buletin.de\\\/bucuresti\\\/wp-content\\\/uploads\\\/67461847_10156548713788100_2238420840234352640_o.jpg\",\"datePublished\":\"2020-06-17T16:17:15+00:00\",\"dateModified\":\"2020-06-17T16:17:16+00:00\",\"breadcrumb\":{\"@id\":\"https:\\\/\\\/buletin.de\\\/bucuresti\\\/univerisitatile-din-bucuresti-iau-atitudine-impotriva-legii-care-opreste-conversatia-despre-gen-in-scoli-si-universitati\\\/#breadcrumb\"},\"inLanguage\":\"en-GB\",\"potentialAction\":[{\"@type\":\"ReadAction\",\"target\":[\"https:\\\/\\\/buletin.de\\\/bucuresti\\\/univerisitatile-din-bucuresti-iau-atitudine-impotriva-legii-care-opreste-conversatia-despre-gen-in-scoli-si-universitati\\\/\"]}]},{\"@type\":\"ImageObject\",\"inLanguage\":\"en-GB\",\"@id\":\"https:\\\/\\\/buletin.de\\\/bucuresti\\\/univerisitatile-din-bucuresti-iau-atitudine-impotriva-legii-care-opreste-conversatia-despre-gen-in-scoli-si-universitati\\\/#primaryimage\",\"url\":\"https:\\\/\\\/buletin.de\\\/bucuresti\\\/wp-content\\\/uploads\\\/67461847_10156548713788100_2238420840234352640_o.jpg\",\"contentUrl\":\"https:\\\/\\\/buletin.de\\\/bucuresti\\\/wp-content\\\/uploads\\\/67461847_10156548713788100_2238420840234352640_o.jpg\",\"width\":2048,\"height\":1365},{\"@type\":\"BreadcrumbList\",\"@id\":\"https:\\\/\\\/buletin.de\\\/bucuresti\\\/univerisitatile-din-bucuresti-iau-atitudine-impotriva-legii-care-opreste-conversatia-despre-gen-in-scoli-si-universitati\\\/#breadcrumb\",\"itemListElement\":[{\"@type\":\"ListItem\",\"position\":1,\"name\":\"Acas\u0103\",\"item\":\"https:\\\/\\\/buletin.de\\\/bucuresti\\\/\"},{\"@type\":\"ListItem\",\"position\":2,\"name\":\"Univerisit\u0103\u021bile din Bucure\u0219ti iau atitudine \u00eempotriva legii care opre\u0219te conversa\u021bia despre gen \u00een \u0219coli \u0219i universit\u0103\u021bi\"}]},{\"@type\":\"WebSite\",\"@id\":\"https:\\\/\\\/buletin.de\\\/bucuresti\\\/#website\",\"url\":\"https:\\\/\\\/buletin.de\\\/bucuresti\\\/\",\"name\":\"Buletin de Bucure\u0219ti\",\"description\":\"\u0218tiri \u0219i investiga\u021bii esen\u021biale din capital\u0103\",\"publisher\":{\"@id\":\"https:\\\/\\\/buletin.de\\\/bucuresti\\\/#organization\"},\"potentialAction\":[{\"@type\":\"SearchAction\",\"target\":{\"@type\":\"EntryPoint\",\"urlTemplate\":\"https:\\\/\\\/buletin.de\\\/bucuresti\\\/?s={search_term_string}\"},\"query-input\":{\"@type\":\"PropertyValueSpecification\",\"valueRequired\":true,\"valueName\":\"search_term_string\"}}],\"inLanguage\":\"en-GB\"},{\"@type\":\"Organization\",\"@id\":\"https:\\\/\\\/buletin.de\\\/bucuresti\\\/#organization\",\"name\":\"Buletin de Bucure\u0219ti\",\"url\":\"https:\\\/\\\/buletin.de\\\/bucuresti\\\/\",\"logo\":{\"@type\":\"ImageObject\",\"inLanguage\":\"en-GB\",\"@id\":\"https:\\\/\\\/buletin.de\\\/bucuresti\\\/#\\\/schema\\\/logo\\\/image\\\/\",\"url\":\"https:\\\/\\\/buletin.de\\\/bucuresti\\\/wp-content\\\/uploads\\\/logo-bdb-full-wide-vernil-transparent.png\",\"contentUrl\":\"https:\\\/\\\/buletin.de\\\/bucuresti\\\/wp-content\\\/uploads\\\/logo-bdb-full-wide-vernil-transparent.png\",\"width\":1782,\"height\":626,\"caption\":\"Buletin de Bucure\u0219ti\"},\"image\":{\"@id\":\"https:\\\/\\\/buletin.de\\\/bucuresti\\\/#\\\/schema\\\/logo\\\/image\\\/\"},\"sameAs\":[\"https:\\\/\\\/www.facebook.com\\\/buletin.de.buc\",\"https:\\\/\\\/www.instagram.com\\\/buletinde.bucuresti\\\/\"]},{\"@type\":\"Person\",\"@id\":\"https:\\\/\\\/buletin.de\\\/bucuresti\\\/#\\\/schema\\\/person\\\/7a01591ad05c4d2c7261fe7f0383d2af\",\"name\":\"Irina Anghel\",\"image\":{\"@type\":\"ImageObject\",\"inLanguage\":\"en-GB\",\"@id\":\"https:\\\/\\\/secure.gravatar.com\\\/avatar\\\/e7d429cbd0c7fe915f817961c0ffb96b407bc87e15aa35cee85f77146f8cce7e?s=96&d=monsterid&r=g693374df2a66e3f4935d210ea15b95ff\",\"url\":\"https:\\\/\\\/secure.gravatar.com\\\/avatar\\\/e7d429cbd0c7fe915f817961c0ffb96b407bc87e15aa35cee85f77146f8cce7e?s=96&d=monsterid&r=g\",\"contentUrl\":\"https:\\\/\\\/secure.gravatar.com\\\/avatar\\\/e7d429cbd0c7fe915f817961c0ffb96b407bc87e15aa35cee85f77146f8cce7e?s=96&d=monsterid&r=g\",\"caption\":\"Irina Anghel\"},\"url\":\"https:\\\/\\\/buletin.de\\\/bucuresti\\\/author\\\/irina\\\/\"}]}<\/script>\n<!-- \/ Yoast SEO Premium plugin. -->","yoast_head_json":{"title":"Univerisit\u0103\u021bile din Bucure\u0219ti iau atitudine \u00eempotriva legii care opre\u0219te conversa\u021bia despre gen \u00een \u0219coli \u0219i universit\u0103\u021bi - Buletin de Bucure\u0219ti","robots":{"index":"index","follow":"follow","max-snippet":"max-snippet:-1","max-image-preview":"max-image-preview:large","max-video-preview":"max-video-preview:-1"},"canonical":"https:\/\/buletin.de\/bucuresti\/univerisitatile-din-bucuresti-iau-atitudine-impotriva-legii-care-opreste-conversatia-despre-gen-in-scoli-si-universitati\/","og_locale":"en_GB","og_type":"article","og_title":"Univerisit\u0103\u021bile din Bucure\u0219ti iau atitudine \u00eempotriva legii care opre\u0219te conversa\u021bia despre gen \u00een \u0219coli \u0219i universit\u0103\u021bi","og_description":"Universitatea din Bucure\u0219ti \u0219i \u0218coala Na\u021bional\u0103 de Studii Politice \u0219i Administrative (SNSPA) condamn\u0103 legea care interzice orice referire la conceptul de identitate de gen \u00een \u0219coli \u0219i universit\u0103\u021bi, argument\u00e2nd c\u0103 aceasta ar pune \u00een pericol autonomia universitar\u0103 \u0219i libertatea de exprimare. Senatul, camera decizional\u0103 a Parlamentului, a adoptat ieri un proiect de lege ini\u021biat de [&hellip;]","og_url":"https:\/\/buletin.de\/bucuresti\/univerisitatile-din-bucuresti-iau-atitudine-impotriva-legii-care-opreste-conversatia-despre-gen-in-scoli-si-universitati\/","og_site_name":"Buletin de Bucure\u0219ti","article_publisher":"https:\/\/www.facebook.com\/buletin.de.buc","article_published_time":"2020-06-17T16:17:15+00:00","article_modified_time":"2020-06-17T16:17:16+00:00","og_image":[{"width":2048,"height":1365,"url":"https:\/\/buletin.de\/bucuresti\/wp-content\/uploads\/67461847_10156548713788100_2238420840234352640_o.jpg","type":"image\/jpeg"}],"author":"Irina Anghel","twitter_card":"summary_large_image","twitter_misc":{"Written by":"Irina Anghel","Estimated reading time":"3 minutes"},"schema":{"@context":"https:\/\/schema.org","@graph":[{"@type":"Article","@id":"https:\/\/buletin.de\/bucuresti\/univerisitatile-din-bucuresti-iau-atitudine-impotriva-legii-care-opreste-conversatia-despre-gen-in-scoli-si-universitati\/#article","isPartOf":{"@id":"https:\/\/buletin.de\/bucuresti\/univerisitatile-din-bucuresti-iau-atitudine-impotriva-legii-care-opreste-conversatia-despre-gen-in-scoli-si-universitati\/"},"author":{"name":"Irina Anghel","@id":"https:\/\/buletin.de\/bucuresti\/#\/schema\/person\/7a01591ad05c4d2c7261fe7f0383d2af"},"headline":"Univerisit\u0103\u021bile din Bucure\u0219ti iau atitudine \u00eempotriva legii care opre\u0219te conversa\u021bia despre gen \u00een \u0219coli \u0219i universit\u0103\u021bi","datePublished":"2020-06-17T16:17:15+00:00","dateModified":"2020-06-17T16:17:16+00:00","mainEntityOfPage":{"@id":"https:\/\/buletin.de\/bucuresti\/univerisitatile-din-bucuresti-iau-atitudine-impotriva-legii-care-opreste-conversatia-despre-gen-in-scoli-si-universitati\/"},"wordCount":584,"publisher":{"@id":"https:\/\/buletin.de\/bucuresti\/#organization"},"image":{"@id":"https:\/\/buletin.de\/bucuresti\/univerisitatile-din-bucuresti-iau-atitudine-impotriva-legii-care-opreste-conversatia-despre-gen-in-scoli-si-universitati\/#primaryimage"},"thumbnailUrl":"https:\/\/buletin.de\/bucuresti\/wp-content\/uploads\/67461847_10156548713788100_2238420840234352640_o.jpg","keywords":["educatie","gen","identitate de gen","legea educatiei","senat","snspa","universitate","universitatea bucuresti"],"articleSection":["\u0218tiri"],"inLanguage":"en-GB","copyrightYear":"2020","copyrightHolder":{"@id":"https:\/\/buletin.de\/bucuresti\/#organization"}},{"@type":"WebPage","@id":"https:\/\/buletin.de\/bucuresti\/univerisitatile-din-bucuresti-iau-atitudine-impotriva-legii-care-opreste-conversatia-despre-gen-in-scoli-si-universitati\/","url":"https:\/\/buletin.de\/bucuresti\/univerisitatile-din-bucuresti-iau-atitudine-impotriva-legii-care-opreste-conversatia-despre-gen-in-scoli-si-universitati\/","name":"Univerisit\u0103\u021bile din Bucure\u0219ti iau atitudine \u00eempotriva legii care opre\u0219te conversa\u021bia despre gen \u00een \u0219coli \u0219i universit\u0103\u021bi - Buletin de Bucure\u0219ti","isPartOf":{"@id":"https:\/\/buletin.de\/bucuresti\/#website"},"primaryImageOfPage":{"@id":"https:\/\/buletin.de\/bucuresti\/univerisitatile-din-bucuresti-iau-atitudine-impotriva-legii-care-opreste-conversatia-despre-gen-in-scoli-si-universitati\/#primaryimage"},"image":{"@id":"https:\/\/buletin.de\/bucuresti\/univerisitatile-din-bucuresti-iau-atitudine-impotriva-legii-care-opreste-conversatia-despre-gen-in-scoli-si-universitati\/#primaryimage"},"thumbnailUrl":"https:\/\/buletin.de\/bucuresti\/wp-content\/uploads\/67461847_10156548713788100_2238420840234352640_o.jpg","datePublished":"2020-06-17T16:17:15+00:00","dateModified":"2020-06-17T16:17:16+00:00","breadcrumb":{"@id":"https:\/\/buletin.de\/bucuresti\/univerisitatile-din-bucuresti-iau-atitudine-impotriva-legii-care-opreste-conversatia-despre-gen-in-scoli-si-universitati\/#breadcrumb"},"inLanguage":"en-GB","potentialAction":[{"@type":"ReadAction","target":["https:\/\/buletin.de\/bucuresti\/univerisitatile-din-bucuresti-iau-atitudine-impotriva-legii-care-opreste-conversatia-despre-gen-in-scoli-si-universitati\/"]}]},{"@type":"ImageObject","inLanguage":"en-GB","@id":"https:\/\/buletin.de\/bucuresti\/univerisitatile-din-bucuresti-iau-atitudine-impotriva-legii-care-opreste-conversatia-despre-gen-in-scoli-si-universitati\/#primaryimage","url":"https:\/\/buletin.de\/bucuresti\/wp-content\/uploads\/67461847_10156548713788100_2238420840234352640_o.jpg","contentUrl":"https:\/\/buletin.de\/bucuresti\/wp-content\/uploads\/67461847_10156548713788100_2238420840234352640_o.jpg","width":2048,"height":1365},{"@type":"BreadcrumbList","@id":"https:\/\/buletin.de\/bucuresti\/univerisitatile-din-bucuresti-iau-atitudine-impotriva-legii-care-opreste-conversatia-despre-gen-in-scoli-si-universitati\/#breadcrumb","itemListElement":[{"@type":"ListItem","position":1,"name":"Acas\u0103","item":"https:\/\/buletin.de\/bucuresti\/"},{"@type":"ListItem","position":2,"name":"Univerisit\u0103\u021bile din Bucure\u0219ti iau atitudine \u00eempotriva legii care opre\u0219te conversa\u021bia despre gen \u00een \u0219coli \u0219i universit\u0103\u021bi"}]},{"@type":"WebSite","@id":"https:\/\/buletin.de\/bucuresti\/#website","url":"https:\/\/buletin.de\/bucuresti\/","name":"Buletin de Bucure\u0219ti","description":"\u0218tiri \u0219i investiga\u021bii esen\u021biale din capital\u0103","publisher":{"@id":"https:\/\/buletin.de\/bucuresti\/#organization"},"potentialAction":[{"@type":"SearchAction","target":{"@type":"EntryPoint","urlTemplate":"https:\/\/buletin.de\/bucuresti\/?s={search_term_string}"},"query-input":{"@type":"PropertyValueSpecification","valueRequired":true,"valueName":"search_term_string"}}],"inLanguage":"en-GB"},{"@type":"Organization","@id":"https:\/\/buletin.de\/bucuresti\/#organization","name":"Buletin de Bucure\u0219ti","url":"https:\/\/buletin.de\/bucuresti\/","logo":{"@type":"ImageObject","inLanguage":"en-GB","@id":"https:\/\/buletin.de\/bucuresti\/#\/schema\/logo\/image\/","url":"https:\/\/buletin.de\/bucuresti\/wp-content\/uploads\/logo-bdb-full-wide-vernil-transparent.png","contentUrl":"https:\/\/buletin.de\/bucuresti\/wp-content\/uploads\/logo-bdb-full-wide-vernil-transparent.png","width":1782,"height":626,"caption":"Buletin de Bucure\u0219ti"},"image":{"@id":"https:\/\/buletin.de\/bucuresti\/#\/schema\/logo\/image\/"},"sameAs":["https:\/\/www.facebook.com\/buletin.de.buc","https:\/\/www.instagram.com\/buletinde.bucuresti\/"]},{"@type":"Person","@id":"https:\/\/buletin.de\/bucuresti\/#\/schema\/person\/7a01591ad05c4d2c7261fe7f0383d2af","name":"Irina Anghel","image":{"@type":"ImageObject","inLanguage":"en-GB","@id":"https:\/\/secure.gravatar.com\/avatar\/e7d429cbd0c7fe915f817961c0ffb96b407bc87e15aa35cee85f77146f8cce7e?s=96&d=monsterid&r=g693374df2a66e3f4935d210ea15b95ff","url":"https:\/\/secure.gravatar.com\/avatar\/e7d429cbd0c7fe915f817961c0ffb96b407bc87e15aa35cee85f77146f8cce7e?s=96&d=monsterid&r=g","contentUrl":"https:\/\/secure.gravatar.com\/avatar\/e7d429cbd0c7fe915f817961c0ffb96b407bc87e15aa35cee85f77146f8cce7e?s=96&d=monsterid&r=g","caption":"Irina Anghel"},"url":"https:\/\/buletin.de\/bucuresti\/author\/irina\/"}]}},"authors":[{"term_id":22592,"user_id":15,"is_guest":0,"slug":"irina","display_name":"Irina Anghel","avatar_url":"https:\/\/secure.gravatar.com\/avatar\/e7d429cbd0c7fe915f817961c0ffb96b407bc87e15aa35cee85f77146f8cce7e?s=96&d=monsterid&r=g","0":null,"1":"","2":"","3":"","4":"","5":"","6":"","7":"","8":""}],"_links":{"self":[{"href":"https:\/\/buletin.de\/bucuresti\/wp-json\/wp\/v2\/posts\/8302","targetHints":{"allow":["GET"]}}],"collection":[{"href":"https:\/\/buletin.de\/bucuresti\/wp-json\/wp\/v2\/posts"}],"about":[{"href":"https:\/\/buletin.de\/bucuresti\/wp-json\/wp\/v2\/types\/post"}],"author":[{"embeddable":true,"href":"https:\/\/buletin.de\/bucuresti\/wp-json\/wp\/v2\/users\/15"}],"replies":[{"embeddable":true,"href":"https:\/\/buletin.de\/bucuresti\/wp-json\/wp\/v2\/comments?post=8302"}],"version-history":[{"count":5,"href":"https:\/\/buletin.de\/bucuresti\/wp-json\/wp\/v2\/posts\/8302\/revisions"}],"predecessor-version":[{"id":8309,"href":"https:\/\/buletin.de\/bucuresti\/wp-json\/wp\/v2\/posts\/8302\/revisions\/8309"}],"wp:featuredmedia":[{"embeddable":true,"href":"https:\/\/buletin.de\/bucuresti\/wp-json\/wp\/v2\/media\/8303"}],"wp:attachment":[{"href":"https:\/\/buletin.de\/bucuresti\/wp-json\/wp\/v2\/media?parent=8302"}],"wp:term":[{"taxonomy":"category","embeddable":true,"href":"https:\/\/buletin.de\/bucuresti\/wp-json\/wp\/v2\/categories?post=8302"},{"taxonomy":"post_tag","embeddable":true,"href":"https:\/\/buletin.de\/bucuresti\/wp-json\/wp\/v2\/tags?post=8302"},{"taxonomy":"author","embeddable":true,"href":"https:\/\/buletin.de\/bucuresti\/wp-json\/wp\/v2\/ppma_author?post=8302"}],"curies":[{"name":"wp","href":"https:\/\/api.w.org\/{rel}","templated":true}]}}