{"id":83013,"date":"2024-04-15T06:33:20","date_gmt":"2024-04-15T03:33:20","guid":{"rendered":"https:\/\/buletin.de\/bucuresti\/?p=83013"},"modified":"2024-04-15T06:33:20","modified_gmt":"2024-04-15T03:33:20","slug":"meteo-temperaturi-ridicate-si-precipitatii-in-prima-parte-a-saptamanii-in-capitala","status":"publish","type":"post","link":"https:\/\/buletin.de\/bucuresti\/meteo-temperaturi-ridicate-si-precipitatii-in-prima-parte-a-saptamanii-in-capitala\/","title":{"rendered":"METEO | Temperaturi ridicate \u0219i precipita\u021bii, \u00een prima parte a s\u0103pt\u0103m\u00e2nii, \u00een Capital\u0103"},"content":{"rendered":"\n<p><strong>Administra\u021bia Na\u021bional\u0103 de Meteorologie anun\u021b\u0103 un \u00eenceput de s\u0103pt\u0103m\u00e2n\u0103 cu temperaturi extrem de ridicate, pentru jum\u0103tatea lunii aprilie. Maximele termice ajung \u0219i la 32 de grade.<\/strong><\/p>\n\n\n\n<p><strong>Luni, 15 aprilie,<\/strong> meteorologii anun\u021b\u0103 temperaturi de var\u0103 autentic\u0103, la Bucure\u0219ti. Maxima termic\u0103 ajunge la 31\u201132 de grade. Temperatura minim\u0103 cre\u0219te p\u00e2n\u0103 la 16 grade iar v\u00e2ntul bate cu 15km\/h. <\/p>\n\n\n\n<p><strong>Mar\u021bi, 16 aprilie,<\/strong> cerul este mai mult noros dar temperatura maxim\u0103 r\u0103m\u00e2ne ridicat\u0103 pentru data din calendar. Vor fi 30 de grade \u00een termometre. \u0218i temperatura minim\u0103 \u00ee\u0219i pastreaz\u0103 valoarea de 16 grade iar v\u00e2ntul sufl\u0103 cu 20km\/h. <\/p>\n\n\n\n<p><strong>Miercuri, 17 aprilie, <\/strong>revin precipita\u021biile, iar temperatura maxim\u0103 mai scade \u0219i se situeaz\u0103 \u00een jurul valorii de 24 de grade. \u0218i minima scade la 9 grade iar viteza v\u00e2ntului atinge 13 km\/h. <\/p>\n\n\n\n<p>La jum\u0103tatea s\u0103pt\u0103m\u00e2nii<strong> joi, 18 aprilie,<\/strong> se face mai r\u0103coare iar maxima termic\u0103 nu trece de 18 grade. \u0218i temperatura minim\u0103 scade din nou, p\u00e2n\u0103 la 6 grade. V\u00e2ntul sufla cu 15 km\/h iar precipita\u021biile se opresc.<\/p>\n\n\n\n<p>La final de s\u0103pt\u0103m\u00e2n\u0103, temperaturile mai scad iar vremea devine mai r\u0103coroas\u0103. \u0218ansele de precipita\u021bii sunt reduse iar termometrele nu vor ar\u0103ta mai mult de 17 grade.<\/p>\n","protected":false},"excerpt":{"rendered":"<p>Administra\u021bia Na\u021bional\u0103 de Meteorologie anun\u021b\u0103 un \u00eenceput de s\u0103pt\u0103m\u00e2n\u0103 cu temperaturi extrem de ridicate, pentru jum\u0103tatea lunii aprilie. Maximele termice ajung \u0219i la 32 de grade. Luni, 15 aprilie, meteorologii anun\u021b\u0103 temperaturi de var\u0103 autentic\u0103, la Bucure\u0219ti. Maxima termic\u0103 ajunge la 31\u201132 de grade. Temperatura minim\u0103 cre\u0219te p\u00e2n\u0103 la 16 grade iar v\u00e2ntul bate cu [&hellip;]<\/p>\n","protected":false},"author":49,"featured_media":83018,"comment_status":"closed","ping_status":"open","sticky":false,"template":"","format":"standard","meta":{"_acf_changed":false,"inline_featured_image":false,"ngg_post_thumbnail":0,"footnotes":""},"categories":[6994,62],"tags":[4314,5928,10452],"ppma_author":[22574],"class_list":["post-83013","post","type-post","status-publish","format-standard","has-post-thumbnail","hentry","category-stiri-2","category-stiri","tag-anm","tag-anm-prognoza-meteo","tag-temperaturi-bucuresti"],"acf":[],"yoast_head":"<!-- This site is optimized with the Yoast SEO Premium plugin v25.3 (Yoast SEO v27.4) - https:\/\/yoast.com\/product\/yoast-seo-premium-wordpress\/ -->\n<title>METEO | Temperaturi ridicate \u0219i precipita\u021bii, \u00een prima parte a s\u0103pt\u0103m\u00e2nii, \u00een Capital\u0103 - Buletin de Bucure\u0219ti<\/title>\n<meta name=\"robots\" content=\"index, follow, max-snippet:-1, max-image-preview:large, max-video-preview:-1\" \/>\n<link rel=\"canonical\" href=\"https:\/\/buletin.de\/bucuresti\/meteo-temperaturi-ridicate-si-precipitatii-in-prima-parte-a-saptamanii-in-capitala\/\" \/>\n<meta property=\"og:locale\" content=\"en_GB\" \/>\n<meta property=\"og:type\" content=\"article\" \/>\n<meta property=\"og:title\" content=\"METEO | Temperaturi ridicate \u0219i precipita\u021bii, \u00een prima parte a s\u0103pt\u0103m\u00e2nii, \u00een Capital\u0103\" \/>\n<meta property=\"og:description\" content=\"Administra\u021bia Na\u021bional\u0103 de Meteorologie anun\u021b\u0103 un \u00eenceput de s\u0103pt\u0103m\u00e2n\u0103 cu temperaturi extrem de ridicate, pentru jum\u0103tatea lunii aprilie. Maximele termice ajung \u0219i la 32 de grade. Luni, 15 aprilie, meteorologii anun\u021b\u0103 temperaturi de var\u0103 autentic\u0103, la Bucure\u0219ti. Maxima termic\u0103 ajunge la 31\u201132 de grade. Temperatura minim\u0103 cre\u0219te p\u00e2n\u0103 la 16 grade iar v\u00e2ntul bate cu [&hellip;]\" \/>\n<meta property=\"og:url\" content=\"https:\/\/buletin.de\/bucuresti\/meteo-temperaturi-ridicate-si-precipitatii-in-prima-parte-a-saptamanii-in-capitala\/\" \/>\n<meta property=\"og:site_name\" content=\"Buletin de Bucure\u0219ti\" \/>\n<meta property=\"article:publisher\" content=\"https:\/\/www.facebook.com\/buletin.de.buc\" \/>\n<meta property=\"article:published_time\" content=\"2024-04-15T03:33:20+00:00\" \/>\n<meta property=\"og:image\" content=\"https:\/\/buletin.de\/bucuresti\/wp-content\/uploads\/sky-7104530_1280.jpeg\" \/>\n\t<meta property=\"og:image:width\" content=\"1280\" \/>\n\t<meta property=\"og:image:height\" content=\"852\" \/>\n\t<meta property=\"og:image:type\" content=\"image\/jpeg\" \/>\n<meta name=\"author\" content=\"Diana Matei\" \/>\n<meta name=\"twitter:card\" content=\"summary_large_image\" \/>\n<meta name=\"twitter:label1\" content=\"Written by\" \/>\n\t<meta name=\"twitter:data1\" content=\"Diana Matei\" \/>\n\t<meta name=\"twitter:label2\" content=\"Estimated reading time\" \/>\n\t<meta name=\"twitter:data2\" content=\"2 minutes\" \/>\n<script type=\"application\/ld+json\" class=\"yoast-schema-graph\">{\"@context\":\"https:\\\/\\\/schema.org\",\"@graph\":[{\"@type\":\"Article\",\"@id\":\"https:\\\/\\\/buletin.de\\\/bucuresti\\\/meteo-temperaturi-ridicate-si-precipitatii-in-prima-parte-a-saptamanii-in-capitala\\\/#article\",\"isPartOf\":{\"@id\":\"https:\\\/\\\/buletin.de\\\/bucuresti\\\/meteo-temperaturi-ridicate-si-precipitatii-in-prima-parte-a-saptamanii-in-capitala\\\/\"},\"author\":{\"name\":\"Diana Matei\",\"@id\":\"https:\\\/\\\/buletin.de\\\/bucuresti\\\/#\\\/schema\\\/person\\\/7e46040573290777280a0835d81ea4ea\"},\"headline\":\"METEO | Temperaturi ridicate \u0219i precipita\u021bii, \u00een prima parte a s\u0103pt\u0103m\u00e2nii, \u00een Capital\u0103\",\"datePublished\":\"2024-04-15T03:33:20+00:00\",\"mainEntityOfPage\":{\"@id\":\"https:\\\/\\\/buletin.de\\\/bucuresti\\\/meteo-temperaturi-ridicate-si-precipitatii-in-prima-parte-a-saptamanii-in-capitala\\\/\"},\"wordCount\":224,\"publisher\":{\"@id\":\"https:\\\/\\\/buletin.de\\\/bucuresti\\\/#organization\"},\"image\":{\"@id\":\"https:\\\/\\\/buletin.de\\\/bucuresti\\\/meteo-temperaturi-ridicate-si-precipitatii-in-prima-parte-a-saptamanii-in-capitala\\\/#primaryimage\"},\"thumbnailUrl\":\"https:\\\/\\\/buletin.de\\\/bucuresti\\\/wp-content\\\/uploads\\\/sky-7104530_1280.jpeg\",\"keywords\":[\"anm\",\"anm prognoza meteo\",\"temperaturi Bucuresti\"],\"articleSection\":[\"Articole\",\"\u0218tiri\"],\"inLanguage\":\"en-GB\",\"copyrightYear\":\"2024\",\"copyrightHolder\":{\"@id\":\"https:\\\/\\\/buletin.de\\\/bucuresti\\\/#organization\"}},{\"@type\":\"WebPage\",\"@id\":\"https:\\\/\\\/buletin.de\\\/bucuresti\\\/meteo-temperaturi-ridicate-si-precipitatii-in-prima-parte-a-saptamanii-in-capitala\\\/\",\"url\":\"https:\\\/\\\/buletin.de\\\/bucuresti\\\/meteo-temperaturi-ridicate-si-precipitatii-in-prima-parte-a-saptamanii-in-capitala\\\/\",\"name\":\"METEO | Temperaturi ridicate \u0219i precipita\u021bii, \u00een prima parte a s\u0103pt\u0103m\u00e2nii, \u00een Capital\u0103 - Buletin de Bucure\u0219ti\",\"isPartOf\":{\"@id\":\"https:\\\/\\\/buletin.de\\\/bucuresti\\\/#website\"},\"primaryImageOfPage\":{\"@id\":\"https:\\\/\\\/buletin.de\\\/bucuresti\\\/meteo-temperaturi-ridicate-si-precipitatii-in-prima-parte-a-saptamanii-in-capitala\\\/#primaryimage\"},\"image\":{\"@id\":\"https:\\\/\\\/buletin.de\\\/bucuresti\\\/meteo-temperaturi-ridicate-si-precipitatii-in-prima-parte-a-saptamanii-in-capitala\\\/#primaryimage\"},\"thumbnailUrl\":\"https:\\\/\\\/buletin.de\\\/bucuresti\\\/wp-content\\\/uploads\\\/sky-7104530_1280.jpeg\",\"datePublished\":\"2024-04-15T03:33:20+00:00\",\"breadcrumb\":{\"@id\":\"https:\\\/\\\/buletin.de\\\/bucuresti\\\/meteo-temperaturi-ridicate-si-precipitatii-in-prima-parte-a-saptamanii-in-capitala\\\/#breadcrumb\"},\"inLanguage\":\"en-GB\",\"potentialAction\":[{\"@type\":\"ReadAction\",\"target\":[\"https:\\\/\\\/buletin.de\\\/bucuresti\\\/meteo-temperaturi-ridicate-si-precipitatii-in-prima-parte-a-saptamanii-in-capitala\\\/\"]}]},{\"@type\":\"ImageObject\",\"inLanguage\":\"en-GB\",\"@id\":\"https:\\\/\\\/buletin.de\\\/bucuresti\\\/meteo-temperaturi-ridicate-si-precipitatii-in-prima-parte-a-saptamanii-in-capitala\\\/#primaryimage\",\"url\":\"https:\\\/\\\/buletin.de\\\/bucuresti\\\/wp-content\\\/uploads\\\/sky-7104530_1280.jpeg\",\"contentUrl\":\"https:\\\/\\\/buletin.de\\\/bucuresti\\\/wp-content\\\/uploads\\\/sky-7104530_1280.jpeg\",\"width\":1280,\"height\":852,\"caption\":\"FOTO:Unsplash.com\"},{\"@type\":\"BreadcrumbList\",\"@id\":\"https:\\\/\\\/buletin.de\\\/bucuresti\\\/meteo-temperaturi-ridicate-si-precipitatii-in-prima-parte-a-saptamanii-in-capitala\\\/#breadcrumb\",\"itemListElement\":[{\"@type\":\"ListItem\",\"position\":1,\"name\":\"Acas\u0103\",\"item\":\"https:\\\/\\\/buletin.de\\\/bucuresti\\\/\"},{\"@type\":\"ListItem\",\"position\":2,\"name\":\"METEO | Temperaturi ridicate \u0219i precipita\u021bii, \u00een prima parte a s\u0103pt\u0103m\u00e2nii, \u00een Capital\u0103\"}]},{\"@type\":\"WebSite\",\"@id\":\"https:\\\/\\\/buletin.de\\\/bucuresti\\\/#website\",\"url\":\"https:\\\/\\\/buletin.de\\\/bucuresti\\\/\",\"name\":\"Buletin de Bucure\u0219ti\",\"description\":\"\u0218tiri \u0219i investiga\u021bii esen\u021biale din capital\u0103\",\"publisher\":{\"@id\":\"https:\\\/\\\/buletin.de\\\/bucuresti\\\/#organization\"},\"potentialAction\":[{\"@type\":\"SearchAction\",\"target\":{\"@type\":\"EntryPoint\",\"urlTemplate\":\"https:\\\/\\\/buletin.de\\\/bucuresti\\\/?s={search_term_string}\"},\"query-input\":{\"@type\":\"PropertyValueSpecification\",\"valueRequired\":true,\"valueName\":\"search_term_string\"}}],\"inLanguage\":\"en-GB\"},{\"@type\":\"Organization\",\"@id\":\"https:\\\/\\\/buletin.de\\\/bucuresti\\\/#organization\",\"name\":\"Buletin de Bucure\u0219ti\",\"url\":\"https:\\\/\\\/buletin.de\\\/bucuresti\\\/\",\"logo\":{\"@type\":\"ImageObject\",\"inLanguage\":\"en-GB\",\"@id\":\"https:\\\/\\\/buletin.de\\\/bucuresti\\\/#\\\/schema\\\/logo\\\/image\\\/\",\"url\":\"https:\\\/\\\/buletin.de\\\/bucuresti\\\/wp-content\\\/uploads\\\/logo-bdb-full-wide-vernil-transparent.png\",\"contentUrl\":\"https:\\\/\\\/buletin.de\\\/bucuresti\\\/wp-content\\\/uploads\\\/logo-bdb-full-wide-vernil-transparent.png\",\"width\":1782,\"height\":626,\"caption\":\"Buletin de Bucure\u0219ti\"},\"image\":{\"@id\":\"https:\\\/\\\/buletin.de\\\/bucuresti\\\/#\\\/schema\\\/logo\\\/image\\\/\"},\"sameAs\":[\"https:\\\/\\\/www.facebook.com\\\/buletin.de.buc\",\"https:\\\/\\\/www.instagram.com\\\/buletinde.bucuresti\\\/\"]},{\"@type\":\"Person\",\"@id\":\"https:\\\/\\\/buletin.de\\\/bucuresti\\\/#\\\/schema\\\/person\\\/7e46040573290777280a0835d81ea4ea\",\"name\":\"Diana Matei\",\"image\":{\"@type\":\"ImageObject\",\"inLanguage\":\"en-GB\",\"@id\":\"https:\\\/\\\/buletin.de\\\/bucuresti\\\/wp-content\\\/uploads\\\/9-2-96x96.jpg1e8590b30871d70e62ebcdaf2eff570c\",\"url\":\"https:\\\/\\\/buletin.de\\\/bucuresti\\\/wp-content\\\/uploads\\\/9-2-96x96.jpg\",\"contentUrl\":\"https:\\\/\\\/buletin.de\\\/bucuresti\\\/wp-content\\\/uploads\\\/9-2-96x96.jpg\",\"caption\":\"Diana Matei\"},\"url\":\"https:\\\/\\\/buletin.de\\\/bucuresti\\\/author\\\/dianamatei\\\/\"}]}<\/script>\n<!-- \/ Yoast SEO Premium plugin. -->","yoast_head_json":{"title":"METEO | Temperaturi ridicate \u0219i precipita\u021bii, \u00een prima parte a s\u0103pt\u0103m\u00e2nii, \u00een Capital\u0103 - Buletin de Bucure\u0219ti","robots":{"index":"index","follow":"follow","max-snippet":"max-snippet:-1","max-image-preview":"max-image-preview:large","max-video-preview":"max-video-preview:-1"},"canonical":"https:\/\/buletin.de\/bucuresti\/meteo-temperaturi-ridicate-si-precipitatii-in-prima-parte-a-saptamanii-in-capitala\/","og_locale":"en_GB","og_type":"article","og_title":"METEO | Temperaturi ridicate \u0219i precipita\u021bii, \u00een prima parte a s\u0103pt\u0103m\u00e2nii, \u00een Capital\u0103","og_description":"Administra\u021bia Na\u021bional\u0103 de Meteorologie anun\u021b\u0103 un \u00eenceput de s\u0103pt\u0103m\u00e2n\u0103 cu temperaturi extrem de ridicate, pentru jum\u0103tatea lunii aprilie. Maximele termice ajung \u0219i la 32 de grade. Luni, 15 aprilie, meteorologii anun\u021b\u0103 temperaturi de var\u0103 autentic\u0103, la Bucure\u0219ti. Maxima termic\u0103 ajunge la 31\u201132 de grade. Temperatura minim\u0103 cre\u0219te p\u00e2n\u0103 la 16 grade iar v\u00e2ntul bate cu [&hellip;]","og_url":"https:\/\/buletin.de\/bucuresti\/meteo-temperaturi-ridicate-si-precipitatii-in-prima-parte-a-saptamanii-in-capitala\/","og_site_name":"Buletin de Bucure\u0219ti","article_publisher":"https:\/\/www.facebook.com\/buletin.de.buc","article_published_time":"2024-04-15T03:33:20+00:00","og_image":[{"width":1280,"height":852,"url":"https:\/\/buletin.de\/bucuresti\/wp-content\/uploads\/sky-7104530_1280.jpeg","type":"image\/jpeg"}],"author":"Diana Matei","twitter_card":"summary_large_image","twitter_misc":{"Written by":"Diana Matei","Estimated reading time":"2 minutes"},"schema":{"@context":"https:\/\/schema.org","@graph":[{"@type":"Article","@id":"https:\/\/buletin.de\/bucuresti\/meteo-temperaturi-ridicate-si-precipitatii-in-prima-parte-a-saptamanii-in-capitala\/#article","isPartOf":{"@id":"https:\/\/buletin.de\/bucuresti\/meteo-temperaturi-ridicate-si-precipitatii-in-prima-parte-a-saptamanii-in-capitala\/"},"author":{"name":"Diana Matei","@id":"https:\/\/buletin.de\/bucuresti\/#\/schema\/person\/7e46040573290777280a0835d81ea4ea"},"headline":"METEO | Temperaturi ridicate \u0219i precipita\u021bii, \u00een prima parte a s\u0103pt\u0103m\u00e2nii, \u00een Capital\u0103","datePublished":"2024-04-15T03:33:20+00:00","mainEntityOfPage":{"@id":"https:\/\/buletin.de\/bucuresti\/meteo-temperaturi-ridicate-si-precipitatii-in-prima-parte-a-saptamanii-in-capitala\/"},"wordCount":224,"publisher":{"@id":"https:\/\/buletin.de\/bucuresti\/#organization"},"image":{"@id":"https:\/\/buletin.de\/bucuresti\/meteo-temperaturi-ridicate-si-precipitatii-in-prima-parte-a-saptamanii-in-capitala\/#primaryimage"},"thumbnailUrl":"https:\/\/buletin.de\/bucuresti\/wp-content\/uploads\/sky-7104530_1280.jpeg","keywords":["anm","anm prognoza meteo","temperaturi Bucuresti"],"articleSection":["Articole","\u0218tiri"],"inLanguage":"en-GB","copyrightYear":"2024","copyrightHolder":{"@id":"https:\/\/buletin.de\/bucuresti\/#organization"}},{"@type":"WebPage","@id":"https:\/\/buletin.de\/bucuresti\/meteo-temperaturi-ridicate-si-precipitatii-in-prima-parte-a-saptamanii-in-capitala\/","url":"https:\/\/buletin.de\/bucuresti\/meteo-temperaturi-ridicate-si-precipitatii-in-prima-parte-a-saptamanii-in-capitala\/","name":"METEO | Temperaturi ridicate \u0219i precipita\u021bii, \u00een prima parte a s\u0103pt\u0103m\u00e2nii, \u00een Capital\u0103 - Buletin de Bucure\u0219ti","isPartOf":{"@id":"https:\/\/buletin.de\/bucuresti\/#website"},"primaryImageOfPage":{"@id":"https:\/\/buletin.de\/bucuresti\/meteo-temperaturi-ridicate-si-precipitatii-in-prima-parte-a-saptamanii-in-capitala\/#primaryimage"},"image":{"@id":"https:\/\/buletin.de\/bucuresti\/meteo-temperaturi-ridicate-si-precipitatii-in-prima-parte-a-saptamanii-in-capitala\/#primaryimage"},"thumbnailUrl":"https:\/\/buletin.de\/bucuresti\/wp-content\/uploads\/sky-7104530_1280.jpeg","datePublished":"2024-04-15T03:33:20+00:00","breadcrumb":{"@id":"https:\/\/buletin.de\/bucuresti\/meteo-temperaturi-ridicate-si-precipitatii-in-prima-parte-a-saptamanii-in-capitala\/#breadcrumb"},"inLanguage":"en-GB","potentialAction":[{"@type":"ReadAction","target":["https:\/\/buletin.de\/bucuresti\/meteo-temperaturi-ridicate-si-precipitatii-in-prima-parte-a-saptamanii-in-capitala\/"]}]},{"@type":"ImageObject","inLanguage":"en-GB","@id":"https:\/\/buletin.de\/bucuresti\/meteo-temperaturi-ridicate-si-precipitatii-in-prima-parte-a-saptamanii-in-capitala\/#primaryimage","url":"https:\/\/buletin.de\/bucuresti\/wp-content\/uploads\/sky-7104530_1280.jpeg","contentUrl":"https:\/\/buletin.de\/bucuresti\/wp-content\/uploads\/sky-7104530_1280.jpeg","width":1280,"height":852,"caption":"FOTO:Unsplash.com"},{"@type":"BreadcrumbList","@id":"https:\/\/buletin.de\/bucuresti\/meteo-temperaturi-ridicate-si-precipitatii-in-prima-parte-a-saptamanii-in-capitala\/#breadcrumb","itemListElement":[{"@type":"ListItem","position":1,"name":"Acas\u0103","item":"https:\/\/buletin.de\/bucuresti\/"},{"@type":"ListItem","position":2,"name":"METEO | Temperaturi ridicate \u0219i precipita\u021bii, \u00een prima parte a s\u0103pt\u0103m\u00e2nii, \u00een Capital\u0103"}]},{"@type":"WebSite","@id":"https:\/\/buletin.de\/bucuresti\/#website","url":"https:\/\/buletin.de\/bucuresti\/","name":"Buletin de Bucure\u0219ti","description":"\u0218tiri \u0219i investiga\u021bii esen\u021biale din capital\u0103","publisher":{"@id":"https:\/\/buletin.de\/bucuresti\/#organization"},"potentialAction":[{"@type":"SearchAction","target":{"@type":"EntryPoint","urlTemplate":"https:\/\/buletin.de\/bucuresti\/?s={search_term_string}"},"query-input":{"@type":"PropertyValueSpecification","valueRequired":true,"valueName":"search_term_string"}}],"inLanguage":"en-GB"},{"@type":"Organization","@id":"https:\/\/buletin.de\/bucuresti\/#organization","name":"Buletin de Bucure\u0219ti","url":"https:\/\/buletin.de\/bucuresti\/","logo":{"@type":"ImageObject","inLanguage":"en-GB","@id":"https:\/\/buletin.de\/bucuresti\/#\/schema\/logo\/image\/","url":"https:\/\/buletin.de\/bucuresti\/wp-content\/uploads\/logo-bdb-full-wide-vernil-transparent.png","contentUrl":"https:\/\/buletin.de\/bucuresti\/wp-content\/uploads\/logo-bdb-full-wide-vernil-transparent.png","width":1782,"height":626,"caption":"Buletin de Bucure\u0219ti"},"image":{"@id":"https:\/\/buletin.de\/bucuresti\/#\/schema\/logo\/image\/"},"sameAs":["https:\/\/www.facebook.com\/buletin.de.buc","https:\/\/www.instagram.com\/buletinde.bucuresti\/"]},{"@type":"Person","@id":"https:\/\/buletin.de\/bucuresti\/#\/schema\/person\/7e46040573290777280a0835d81ea4ea","name":"Diana Matei","image":{"@type":"ImageObject","inLanguage":"en-GB","@id":"https:\/\/buletin.de\/bucuresti\/wp-content\/uploads\/9-2-96x96.jpg1e8590b30871d70e62ebcdaf2eff570c","url":"https:\/\/buletin.de\/bucuresti\/wp-content\/uploads\/9-2-96x96.jpg","contentUrl":"https:\/\/buletin.de\/bucuresti\/wp-content\/uploads\/9-2-96x96.jpg","caption":"Diana Matei"},"url":"https:\/\/buletin.de\/bucuresti\/author\/dianamatei\/"}]}},"authors":[{"term_id":22574,"user_id":49,"is_guest":0,"slug":"dianamatei","display_name":"Diana Matei","avatar_url":"https:\/\/buletin.de\/bucuresti\/wp-content\/uploads\/9-2-96x96.jpg","0":null,"1":"","2":"","3":"","4":"","5":"","6":"","7":"","8":""}],"_links":{"self":[{"href":"https:\/\/buletin.de\/bucuresti\/wp-json\/wp\/v2\/posts\/83013","targetHints":{"allow":["GET"]}}],"collection":[{"href":"https:\/\/buletin.de\/bucuresti\/wp-json\/wp\/v2\/posts"}],"about":[{"href":"https:\/\/buletin.de\/bucuresti\/wp-json\/wp\/v2\/types\/post"}],"author":[{"embeddable":true,"href":"https:\/\/buletin.de\/bucuresti\/wp-json\/wp\/v2\/users\/49"}],"replies":[{"embeddable":true,"href":"https:\/\/buletin.de\/bucuresti\/wp-json\/wp\/v2\/comments?post=83013"}],"version-history":[{"count":1,"href":"https:\/\/buletin.de\/bucuresti\/wp-json\/wp\/v2\/posts\/83013\/revisions"}],"predecessor-version":[{"id":83015,"href":"https:\/\/buletin.de\/bucuresti\/wp-json\/wp\/v2\/posts\/83013\/revisions\/83015"}],"wp:featuredmedia":[{"embeddable":true,"href":"https:\/\/buletin.de\/bucuresti\/wp-json\/wp\/v2\/media\/83018"}],"wp:attachment":[{"href":"https:\/\/buletin.de\/bucuresti\/wp-json\/wp\/v2\/media?parent=83013"}],"wp:term":[{"taxonomy":"category","embeddable":true,"href":"https:\/\/buletin.de\/bucuresti\/wp-json\/wp\/v2\/categories?post=83013"},{"taxonomy":"post_tag","embeddable":true,"href":"https:\/\/buletin.de\/bucuresti\/wp-json\/wp\/v2\/tags?post=83013"},{"taxonomy":"author","embeddable":true,"href":"https:\/\/buletin.de\/bucuresti\/wp-json\/wp\/v2\/ppma_author?post=83013"}],"curies":[{"name":"wp","href":"https:\/\/api.w.org\/{rel}","templated":true}]}}