{"id":82933,"date":"2024-04-13T05:00:00","date_gmt":"2024-04-13T02:00:00","guid":{"rendered":"https:\/\/buletin.de\/bucuresti\/?p=82933"},"modified":"2024-12-23T19:19:47","modified_gmt":"2024-12-23T16:19:47","slug":"un-profesor-de-62-de-ani-de-la-liceul-lucian-blaga-retinut-pentru-relatii-sexuale-cu-o-fata-de-17-ani","status":"publish","type":"post","link":"https:\/\/buletin.de\/bucuresti\/un-profesor-de-62-de-ani-de-la-liceul-lucian-blaga-retinut-pentru-relatii-sexuale-cu-o-fata-de-17-ani\/","title":{"rendered":"Un profesor de 62 de ani de la liceul Lucian Blaga, re\u0163inut pentru rela\u0163ii sexuale cu o fat\u0103 de 17 ani"},"content":{"rendered":"\n<p><strong>Un profesor de 62 de ani care, conform unor surse, ar preda la <a href=\"https:\/\/www.ltlb.ro\/\" target=\"_blank\" rel=\"noreferrer noopener\">Liceul Lucian Blaga din Bucure\u015fti<\/a>, a fost re\u0163inut pentru rela\u0163ii sexuale cu o fat\u0103 de 17 ani. <\/strong><\/p>\n\n\n\n<p><strong>Cadrul didactic a fost acuzat de viol \u00een form\u0103 continuat\u0103, dup\u0103 ce a ie\u015fit la iveal\u0103 c\u0103 avea o rela\u0163ie cu o elev\u0103. \u00cen prezent, aceasta a \u00eemplinit 18 ani, dar ar fi \u00eenceput rela\u0163ia din decembrie 2023, c\u00e2nd aceasta \u00eenc\u0103 era minor\u0103.<\/strong><\/p>\n\n\n\n<p><strong>UPDATE: <\/strong>Profesorul a fost arestat pentru 30 de zile.<\/p>\n\n\n\n<hr class=\"wp-block-separator has-alpha-channel-opacity\"\/>\n\n\n\n<p><strong>Totul a pornit de la reclama\u0163ia directorului unit\u0103\u0163ii de \u00eenv\u0103\u0163\u0103m\u00e2nt, f\u0103cut\u0103 \u00een data de 9 aprilie. Pe 12 aprilie, poli\u0163i\u015ftii au pus \u00een aplicare un mandat de perchezi\u0163ie \u015fi unul de aducere pe numele profesorului de 62 de ani. <\/strong><\/p>\n\n\n\n<p>Acum, cercet\u0103rile continu\u0103 \u00eentr-un dosar penal \u00een care sunt efectuate cercet\u0103ri privind s\u0103v\u00e2r\u0219irea infrac\u021biunii de viol s\u0103v\u00e2r\u0219it asupra unui minor in form\u0103 continuat\u0103.<\/p>\n\n\n\n<p>\u201e\u00cen fapt, la data de 9 aprilie 2024, Sec\u021bia 9 Poli\u021bie a fost sesizat\u0103, de c\u0103tre directorul unei institu\u021bii de \u00eenv\u0103\u021b\u0103m\u00e2nt, din Sectorul 2, cu privire la faptul c\u0103 \u00een spa\u021biul public ar fi ap\u0103rut imagini \u00een care o elev\u0103, \u00een v\u00e2rst\u0103 de 18 ani, ar fi al\u0103turi de un cadru didactic, \u00een v\u00e2rst\u0103 de 62 de ani.<\/p>\n\n\n\n<p>CITE\u0218TE \u0218I: <strong><a href=\"https:\/\/buletin.de\/bucuresti\/sector-1-acuzatii-teribile-doi-copii-de-5-ani-abuzati-de-educatorul-lor\/\" target=\"_blank\" rel=\"noreferrer noopener\">Sector 1 | Acuza\u0163ii teribile: doi copii de 5 ani, abuza\u0163i de educatorul lor<\/a><\/strong><\/p>\n\n\n\n<p><strong>Cel \u00een cauz\u0103 a fost re\u0163inut pentru rela\u0163ii sexuale<\/strong>, <strong>pentru 24 de ore, urm\u00e2nd a fi prezentat magistra\u021bilor cu propunere legal\u0103. <\/strong><\/p>\n\n\n\n<p>Cercet\u0103rile sunt continuate de c\u0103tre Sec\u021bia 9 Poli\u021bie, sub supravegherea procurorului specializat \u00een investigarea abuzurilor sexuale comise asupra minorilor, din cadrul Parchetului de pe l\u00e2ng\u0103 Judec\u0103toria Sectorului 2, sub aspectul s\u0103v\u00e2r\u0219irii infrac\u021biunii de viol s\u0103v\u00e2r\u0219it asupra unui minor \u00een form\u0103 continuat\u0103. <\/p>\n\n\n\n<p>Ac\u021biunea a beneficiat de sprijinul Direc\u021biei Opera\u021biuni Speciale din cadrul Inspectoratului General al Poli\u021biei Rom\u00e2ne.<\/p>\n\n\n\n<p>CITE\u0218TE \u0218I: <strong><a href=\"https:\/\/buletin.de\/bucuresti\/profesorul-de-la-facultatea-de-jurnalism-acuzat-de-hartuire-sexuala-si-a-dat-demisia-ancheta-interna-a-ub-se-opreste\/\" target=\"_blank\" rel=\"noreferrer noopener\">Profesorul de la Facultatea de Jurnalism acuzat de h\u0103r\u0163uire sexual\u0103 \u015fi-a dat demisia. Ancheta intern\u0103 a UB se opre\u015fte<\/a><\/strong><\/p>\n","protected":false},"excerpt":{"rendered":"<p>Un profesor de 62 de ani care, conform unor surse, ar preda la Liceul Lucian Blaga din Bucure\u015fti, a fost re\u0163inut pentru rela\u0163ii sexuale cu o fat\u0103 de 17 ani. Cadrul didactic a fost acuzat de viol \u00een form\u0103 continuat\u0103, dup\u0103 ce a ie\u015fit la iveal\u0103 c\u0103 avea o rela\u0163ie cu o elev\u0103. \u00cen prezent, [&hellip;]<\/p>\n","protected":false},"author":8,"featured_media":82936,"comment_status":"closed","ping_status":"open","sticky":false,"template":"","format":"standard","meta":{"_acf_changed":false,"inline_featured_image":false,"ngg_post_thumbnail":0,"footnotes":""},"categories":[6994,9026,62],"tags":[11204,11202,11203],"ppma_author":[22586],"class_list":["post-82933","post","type-post","status-publish","format-standard","has-post-thumbnail","hentry","category-stiri-2","category-eveniment","category-stiri","tag-profesor-lucian-blaga","tag-profesor-relatie-eleva","tag-profesor-retinut-viol-in-forma-continuata"],"acf":[],"yoast_head":"<!-- This site is optimized with the Yoast SEO Premium plugin v25.3 (Yoast SEO v27.5) - https:\/\/yoast.com\/product\/yoast-seo-premium-wordpress\/ -->\n<title>Un profesor de 62 de ani de la liceul Lucian Blaga, re\u0163inut pentru rela\u0163ii sexuale cu o fat\u0103 de 17 ani - Buletin de Bucure\u0219ti<\/title>\n<meta name=\"description\" content=\"Un profesor de 62 de ani de la liceul Lucian Blaga, re\u0163inut pentru rela\u0163ii sexuale cu o fat\u0103 de 17 ani. Reclama\u021bia a fost f\u0103cut\u0103 de director.\" \/>\n<meta name=\"robots\" content=\"index, follow, max-snippet:-1, max-image-preview:large, max-video-preview:-1\" \/>\n<link rel=\"canonical\" href=\"https:\/\/buletin.de\/bucuresti\/un-profesor-de-62-de-ani-de-la-liceul-lucian-blaga-retinut-pentru-relatii-sexuale-cu-o-fata-de-17-ani\/\" \/>\n<meta property=\"og:locale\" content=\"en_GB\" \/>\n<meta property=\"og:type\" content=\"article\" \/>\n<meta property=\"og:title\" content=\"Un profesor de 62 de ani de la liceul Lucian Blaga, re\u0163inut pentru rela\u0163ii sexuale cu o fat\u0103 de 17 ani\" \/>\n<meta property=\"og:description\" content=\"Un profesor de 62 de ani de la liceul Lucian Blaga, re\u0163inut pentru rela\u0163ii sexuale cu o fat\u0103 de 17 ani. Reclama\u021bia a fost f\u0103cut\u0103 de director.\" \/>\n<meta property=\"og:url\" content=\"https:\/\/buletin.de\/bucuresti\/un-profesor-de-62-de-ani-de-la-liceul-lucian-blaga-retinut-pentru-relatii-sexuale-cu-o-fata-de-17-ani\/\" \/>\n<meta property=\"og:site_name\" content=\"Buletin de Bucure\u0219ti\" \/>\n<meta property=\"article:publisher\" content=\"https:\/\/www.facebook.com\/buletin.de.buc\" \/>\n<meta property=\"article:published_time\" content=\"2024-04-13T02:00:00+00:00\" \/>\n<meta property=\"article:modified_time\" content=\"2024-12-23T16:19:47+00:00\" \/>\n<meta property=\"og:image\" content=\"https:\/\/buletin.de\/bucuresti\/wp-content\/uploads\/a-xeuwysplw.jpg\" \/>\n\t<meta property=\"og:image:width\" content=\"1600\" \/>\n\t<meta property=\"og:image:height\" content=\"1067\" \/>\n\t<meta property=\"og:image:type\" content=\"image\/jpeg\" \/>\n<meta name=\"author\" content=\"Ionu\u021b Lepa\" \/>\n<meta name=\"twitter:card\" content=\"summary_large_image\" \/>\n<meta name=\"twitter:label1\" content=\"Written by\" \/>\n\t<meta name=\"twitter:data1\" content=\"Ionu\u021b Lepa\" \/>\n\t<meta name=\"twitter:label2\" content=\"Estimated reading time\" \/>\n\t<meta name=\"twitter:data2\" content=\"2 minutes\" \/>\n<script type=\"application\/ld+json\" class=\"yoast-schema-graph\">{\"@context\":\"https:\\\/\\\/schema.org\",\"@graph\":[{\"@type\":\"Article\",\"@id\":\"https:\\\/\\\/buletin.de\\\/bucuresti\\\/un-profesor-de-62-de-ani-de-la-liceul-lucian-blaga-retinut-pentru-relatii-sexuale-cu-o-fata-de-17-ani\\\/#article\",\"isPartOf\":{\"@id\":\"https:\\\/\\\/buletin.de\\\/bucuresti\\\/un-profesor-de-62-de-ani-de-la-liceul-lucian-blaga-retinut-pentru-relatii-sexuale-cu-o-fata-de-17-ani\\\/\"},\"author\":{\"name\":\"Ionu\u021b Lepa\",\"@id\":\"https:\\\/\\\/buletin.de\\\/bucuresti\\\/#\\\/schema\\\/person\\\/5272b8a057b33890940b57b837fc4ce6\"},\"headline\":\"Un profesor de 62 de ani de la liceul Lucian Blaga, re\u0163inut pentru rela\u0163ii sexuale cu o fat\u0103 de 17 ani\",\"datePublished\":\"2024-04-13T02:00:00+00:00\",\"dateModified\":\"2024-12-23T16:19:47+00:00\",\"mainEntityOfPage\":{\"@id\":\"https:\\\/\\\/buletin.de\\\/bucuresti\\\/un-profesor-de-62-de-ani-de-la-liceul-lucian-blaga-retinut-pentru-relatii-sexuale-cu-o-fata-de-17-ani\\\/\"},\"wordCount\":381,\"publisher\":{\"@id\":\"https:\\\/\\\/buletin.de\\\/bucuresti\\\/#organization\"},\"image\":{\"@id\":\"https:\\\/\\\/buletin.de\\\/bucuresti\\\/un-profesor-de-62-de-ani-de-la-liceul-lucian-blaga-retinut-pentru-relatii-sexuale-cu-o-fata-de-17-ani\\\/#primaryimage\"},\"thumbnailUrl\":\"https:\\\/\\\/buletin.de\\\/bucuresti\\\/wp-content\\\/uploads\\\/a-xeuwysplw.jpg\",\"keywords\":[\"profesor lucian blaga\",\"profesor relatie eleva\",\"profesor retinut viol in forma continuata\"],\"articleSection\":[\"Articole\",\"Eveniment\",\"\u0218tiri\"],\"inLanguage\":\"en-GB\",\"copyrightYear\":\"2024\",\"copyrightHolder\":{\"@id\":\"https:\\\/\\\/buletin.de\\\/bucuresti\\\/#organization\"}},{\"@type\":\"WebPage\",\"@id\":\"https:\\\/\\\/buletin.de\\\/bucuresti\\\/un-profesor-de-62-de-ani-de-la-liceul-lucian-blaga-retinut-pentru-relatii-sexuale-cu-o-fata-de-17-ani\\\/\",\"url\":\"https:\\\/\\\/buletin.de\\\/bucuresti\\\/un-profesor-de-62-de-ani-de-la-liceul-lucian-blaga-retinut-pentru-relatii-sexuale-cu-o-fata-de-17-ani\\\/\",\"name\":\"Un profesor de 62 de ani de la liceul Lucian Blaga, re\u0163inut pentru rela\u0163ii sexuale cu o fat\u0103 de 17 ani - Buletin de Bucure\u0219ti\",\"isPartOf\":{\"@id\":\"https:\\\/\\\/buletin.de\\\/bucuresti\\\/#website\"},\"primaryImageOfPage\":{\"@id\":\"https:\\\/\\\/buletin.de\\\/bucuresti\\\/un-profesor-de-62-de-ani-de-la-liceul-lucian-blaga-retinut-pentru-relatii-sexuale-cu-o-fata-de-17-ani\\\/#primaryimage\"},\"image\":{\"@id\":\"https:\\\/\\\/buletin.de\\\/bucuresti\\\/un-profesor-de-62-de-ani-de-la-liceul-lucian-blaga-retinut-pentru-relatii-sexuale-cu-o-fata-de-17-ani\\\/#primaryimage\"},\"thumbnailUrl\":\"https:\\\/\\\/buletin.de\\\/bucuresti\\\/wp-content\\\/uploads\\\/a-xeuwysplw.jpg\",\"datePublished\":\"2024-04-13T02:00:00+00:00\",\"dateModified\":\"2024-12-23T16:19:47+00:00\",\"description\":\"Un profesor de 62 de ani de la liceul Lucian Blaga, re\u0163inut pentru rela\u0163ii sexuale cu o fat\u0103 de 17 ani. Reclama\u021bia a fost f\u0103cut\u0103 de director.\",\"breadcrumb\":{\"@id\":\"https:\\\/\\\/buletin.de\\\/bucuresti\\\/un-profesor-de-62-de-ani-de-la-liceul-lucian-blaga-retinut-pentru-relatii-sexuale-cu-o-fata-de-17-ani\\\/#breadcrumb\"},\"inLanguage\":\"en-GB\",\"potentialAction\":[{\"@type\":\"ReadAction\",\"target\":[\"https:\\\/\\\/buletin.de\\\/bucuresti\\\/un-profesor-de-62-de-ani-de-la-liceul-lucian-blaga-retinut-pentru-relatii-sexuale-cu-o-fata-de-17-ani\\\/\"]}]},{\"@type\":\"ImageObject\",\"inLanguage\":\"en-GB\",\"@id\":\"https:\\\/\\\/buletin.de\\\/bucuresti\\\/un-profesor-de-62-de-ani-de-la-liceul-lucian-blaga-retinut-pentru-relatii-sexuale-cu-o-fata-de-17-ani\\\/#primaryimage\",\"url\":\"https:\\\/\\\/buletin.de\\\/bucuresti\\\/wp-content\\\/uploads\\\/a-xeuwysplw.jpg\",\"contentUrl\":\"https:\\\/\\\/buletin.de\\\/bucuresti\\\/wp-content\\\/uploads\\\/a-xeuwysplw.jpg\",\"width\":1600,\"height\":1067,\"caption\":\"FOTO: unsplash.com\"},{\"@type\":\"BreadcrumbList\",\"@id\":\"https:\\\/\\\/buletin.de\\\/bucuresti\\\/un-profesor-de-62-de-ani-de-la-liceul-lucian-blaga-retinut-pentru-relatii-sexuale-cu-o-fata-de-17-ani\\\/#breadcrumb\",\"itemListElement\":[{\"@type\":\"ListItem\",\"position\":1,\"name\":\"Acas\u0103\",\"item\":\"https:\\\/\\\/buletin.de\\\/bucuresti\\\/\"},{\"@type\":\"ListItem\",\"position\":2,\"name\":\"Un profesor de 62 de ani de la liceul Lucian Blaga, re\u0163inut pentru rela\u0163ii sexuale cu o fat\u0103 de 17 ani\"}]},{\"@type\":\"WebSite\",\"@id\":\"https:\\\/\\\/buletin.de\\\/bucuresti\\\/#website\",\"url\":\"https:\\\/\\\/buletin.de\\\/bucuresti\\\/\",\"name\":\"Buletin de Bucure\u0219ti\",\"description\":\"\u0218tiri \u0219i investiga\u021bii esen\u021biale din capital\u0103\",\"publisher\":{\"@id\":\"https:\\\/\\\/buletin.de\\\/bucuresti\\\/#organization\"},\"potentialAction\":[{\"@type\":\"SearchAction\",\"target\":{\"@type\":\"EntryPoint\",\"urlTemplate\":\"https:\\\/\\\/buletin.de\\\/bucuresti\\\/?s={search_term_string}\"},\"query-input\":{\"@type\":\"PropertyValueSpecification\",\"valueRequired\":true,\"valueName\":\"search_term_string\"}}],\"inLanguage\":\"en-GB\"},{\"@type\":\"Organization\",\"@id\":\"https:\\\/\\\/buletin.de\\\/bucuresti\\\/#organization\",\"name\":\"Buletin de Bucure\u0219ti\",\"url\":\"https:\\\/\\\/buletin.de\\\/bucuresti\\\/\",\"logo\":{\"@type\":\"ImageObject\",\"inLanguage\":\"en-GB\",\"@id\":\"https:\\\/\\\/buletin.de\\\/bucuresti\\\/#\\\/schema\\\/logo\\\/image\\\/\",\"url\":\"https:\\\/\\\/buletin.de\\\/bucuresti\\\/wp-content\\\/uploads\\\/logo-bdb-full-wide-vernil-transparent.png\",\"contentUrl\":\"https:\\\/\\\/buletin.de\\\/bucuresti\\\/wp-content\\\/uploads\\\/logo-bdb-full-wide-vernil-transparent.png\",\"width\":1782,\"height\":626,\"caption\":\"Buletin de Bucure\u0219ti\"},\"image\":{\"@id\":\"https:\\\/\\\/buletin.de\\\/bucuresti\\\/#\\\/schema\\\/logo\\\/image\\\/\"},\"sameAs\":[\"https:\\\/\\\/www.facebook.com\\\/buletin.de.buc\",\"https:\\\/\\\/www.instagram.com\\\/buletinde.bucuresti\\\/\"]},{\"@type\":\"Person\",\"@id\":\"https:\\\/\\\/buletin.de\\\/bucuresti\\\/#\\\/schema\\\/person\\\/5272b8a057b33890940b57b837fc4ce6\",\"name\":\"Ionu\u021b Lepa\",\"image\":{\"@type\":\"ImageObject\",\"inLanguage\":\"en-GB\",\"@id\":\"https:\\\/\\\/buletin.de\\\/bucuresti\\\/wp-content\\\/uploads\\\/Ionut-Lepa-96x96.jpg5c4e4d9e049808799a8821652d2410a4\",\"url\":\"https:\\\/\\\/buletin.de\\\/bucuresti\\\/wp-content\\\/uploads\\\/Ionut-Lepa-96x96.jpg\",\"contentUrl\":\"https:\\\/\\\/buletin.de\\\/bucuresti\\\/wp-content\\\/uploads\\\/Ionut-Lepa-96x96.jpg\",\"caption\":\"Ionu\u021b Lepa\"},\"url\":\"https:\\\/\\\/buletin.de\\\/bucuresti\\\/author\\\/ionutlepa\\\/\"}]}<\/script>\n<!-- \/ Yoast SEO Premium plugin. -->","yoast_head_json":{"title":"Un profesor de 62 de ani de la liceul Lucian Blaga, re\u0163inut pentru rela\u0163ii sexuale cu o fat\u0103 de 17 ani - Buletin de Bucure\u0219ti","description":"Un profesor de 62 de ani de la liceul Lucian Blaga, re\u0163inut pentru rela\u0163ii sexuale cu o fat\u0103 de 17 ani. Reclama\u021bia a fost f\u0103cut\u0103 de director.","robots":{"index":"index","follow":"follow","max-snippet":"max-snippet:-1","max-image-preview":"max-image-preview:large","max-video-preview":"max-video-preview:-1"},"canonical":"https:\/\/buletin.de\/bucuresti\/un-profesor-de-62-de-ani-de-la-liceul-lucian-blaga-retinut-pentru-relatii-sexuale-cu-o-fata-de-17-ani\/","og_locale":"en_GB","og_type":"article","og_title":"Un profesor de 62 de ani de la liceul Lucian Blaga, re\u0163inut pentru rela\u0163ii sexuale cu o fat\u0103 de 17 ani","og_description":"Un profesor de 62 de ani de la liceul Lucian Blaga, re\u0163inut pentru rela\u0163ii sexuale cu o fat\u0103 de 17 ani. Reclama\u021bia a fost f\u0103cut\u0103 de director.","og_url":"https:\/\/buletin.de\/bucuresti\/un-profesor-de-62-de-ani-de-la-liceul-lucian-blaga-retinut-pentru-relatii-sexuale-cu-o-fata-de-17-ani\/","og_site_name":"Buletin de Bucure\u0219ti","article_publisher":"https:\/\/www.facebook.com\/buletin.de.buc","article_published_time":"2024-04-13T02:00:00+00:00","article_modified_time":"2024-12-23T16:19:47+00:00","og_image":[{"width":1600,"height":1067,"url":"https:\/\/buletin.de\/bucuresti\/wp-content\/uploads\/a-xeuwysplw.jpg","type":"image\/jpeg"}],"author":"Ionu\u021b Lepa","twitter_card":"summary_large_image","twitter_misc":{"Written by":"Ionu\u021b Lepa","Estimated reading time":"2 minutes"},"schema":{"@context":"https:\/\/schema.org","@graph":[{"@type":"Article","@id":"https:\/\/buletin.de\/bucuresti\/un-profesor-de-62-de-ani-de-la-liceul-lucian-blaga-retinut-pentru-relatii-sexuale-cu-o-fata-de-17-ani\/#article","isPartOf":{"@id":"https:\/\/buletin.de\/bucuresti\/un-profesor-de-62-de-ani-de-la-liceul-lucian-blaga-retinut-pentru-relatii-sexuale-cu-o-fata-de-17-ani\/"},"author":{"name":"Ionu\u021b Lepa","@id":"https:\/\/buletin.de\/bucuresti\/#\/schema\/person\/5272b8a057b33890940b57b837fc4ce6"},"headline":"Un profesor de 62 de ani de la liceul Lucian Blaga, re\u0163inut pentru rela\u0163ii sexuale cu o fat\u0103 de 17 ani","datePublished":"2024-04-13T02:00:00+00:00","dateModified":"2024-12-23T16:19:47+00:00","mainEntityOfPage":{"@id":"https:\/\/buletin.de\/bucuresti\/un-profesor-de-62-de-ani-de-la-liceul-lucian-blaga-retinut-pentru-relatii-sexuale-cu-o-fata-de-17-ani\/"},"wordCount":381,"publisher":{"@id":"https:\/\/buletin.de\/bucuresti\/#organization"},"image":{"@id":"https:\/\/buletin.de\/bucuresti\/un-profesor-de-62-de-ani-de-la-liceul-lucian-blaga-retinut-pentru-relatii-sexuale-cu-o-fata-de-17-ani\/#primaryimage"},"thumbnailUrl":"https:\/\/buletin.de\/bucuresti\/wp-content\/uploads\/a-xeuwysplw.jpg","keywords":["profesor lucian blaga","profesor relatie eleva","profesor retinut viol in forma continuata"],"articleSection":["Articole","Eveniment","\u0218tiri"],"inLanguage":"en-GB","copyrightYear":"2024","copyrightHolder":{"@id":"https:\/\/buletin.de\/bucuresti\/#organization"}},{"@type":"WebPage","@id":"https:\/\/buletin.de\/bucuresti\/un-profesor-de-62-de-ani-de-la-liceul-lucian-blaga-retinut-pentru-relatii-sexuale-cu-o-fata-de-17-ani\/","url":"https:\/\/buletin.de\/bucuresti\/un-profesor-de-62-de-ani-de-la-liceul-lucian-blaga-retinut-pentru-relatii-sexuale-cu-o-fata-de-17-ani\/","name":"Un profesor de 62 de ani de la liceul Lucian Blaga, re\u0163inut pentru rela\u0163ii sexuale cu o fat\u0103 de 17 ani - Buletin de Bucure\u0219ti","isPartOf":{"@id":"https:\/\/buletin.de\/bucuresti\/#website"},"primaryImageOfPage":{"@id":"https:\/\/buletin.de\/bucuresti\/un-profesor-de-62-de-ani-de-la-liceul-lucian-blaga-retinut-pentru-relatii-sexuale-cu-o-fata-de-17-ani\/#primaryimage"},"image":{"@id":"https:\/\/buletin.de\/bucuresti\/un-profesor-de-62-de-ani-de-la-liceul-lucian-blaga-retinut-pentru-relatii-sexuale-cu-o-fata-de-17-ani\/#primaryimage"},"thumbnailUrl":"https:\/\/buletin.de\/bucuresti\/wp-content\/uploads\/a-xeuwysplw.jpg","datePublished":"2024-04-13T02:00:00+00:00","dateModified":"2024-12-23T16:19:47+00:00","description":"Un profesor de 62 de ani de la liceul Lucian Blaga, re\u0163inut pentru rela\u0163ii sexuale cu o fat\u0103 de 17 ani. Reclama\u021bia a fost f\u0103cut\u0103 de director.","breadcrumb":{"@id":"https:\/\/buletin.de\/bucuresti\/un-profesor-de-62-de-ani-de-la-liceul-lucian-blaga-retinut-pentru-relatii-sexuale-cu-o-fata-de-17-ani\/#breadcrumb"},"inLanguage":"en-GB","potentialAction":[{"@type":"ReadAction","target":["https:\/\/buletin.de\/bucuresti\/un-profesor-de-62-de-ani-de-la-liceul-lucian-blaga-retinut-pentru-relatii-sexuale-cu-o-fata-de-17-ani\/"]}]},{"@type":"ImageObject","inLanguage":"en-GB","@id":"https:\/\/buletin.de\/bucuresti\/un-profesor-de-62-de-ani-de-la-liceul-lucian-blaga-retinut-pentru-relatii-sexuale-cu-o-fata-de-17-ani\/#primaryimage","url":"https:\/\/buletin.de\/bucuresti\/wp-content\/uploads\/a-xeuwysplw.jpg","contentUrl":"https:\/\/buletin.de\/bucuresti\/wp-content\/uploads\/a-xeuwysplw.jpg","width":1600,"height":1067,"caption":"FOTO: unsplash.com"},{"@type":"BreadcrumbList","@id":"https:\/\/buletin.de\/bucuresti\/un-profesor-de-62-de-ani-de-la-liceul-lucian-blaga-retinut-pentru-relatii-sexuale-cu-o-fata-de-17-ani\/#breadcrumb","itemListElement":[{"@type":"ListItem","position":1,"name":"Acas\u0103","item":"https:\/\/buletin.de\/bucuresti\/"},{"@type":"ListItem","position":2,"name":"Un profesor de 62 de ani de la liceul Lucian Blaga, re\u0163inut pentru rela\u0163ii sexuale cu o fat\u0103 de 17 ani"}]},{"@type":"WebSite","@id":"https:\/\/buletin.de\/bucuresti\/#website","url":"https:\/\/buletin.de\/bucuresti\/","name":"Buletin de Bucure\u0219ti","description":"\u0218tiri \u0219i investiga\u021bii esen\u021biale din capital\u0103","publisher":{"@id":"https:\/\/buletin.de\/bucuresti\/#organization"},"potentialAction":[{"@type":"SearchAction","target":{"@type":"EntryPoint","urlTemplate":"https:\/\/buletin.de\/bucuresti\/?s={search_term_string}"},"query-input":{"@type":"PropertyValueSpecification","valueRequired":true,"valueName":"search_term_string"}}],"inLanguage":"en-GB"},{"@type":"Organization","@id":"https:\/\/buletin.de\/bucuresti\/#organization","name":"Buletin de Bucure\u0219ti","url":"https:\/\/buletin.de\/bucuresti\/","logo":{"@type":"ImageObject","inLanguage":"en-GB","@id":"https:\/\/buletin.de\/bucuresti\/#\/schema\/logo\/image\/","url":"https:\/\/buletin.de\/bucuresti\/wp-content\/uploads\/logo-bdb-full-wide-vernil-transparent.png","contentUrl":"https:\/\/buletin.de\/bucuresti\/wp-content\/uploads\/logo-bdb-full-wide-vernil-transparent.png","width":1782,"height":626,"caption":"Buletin de Bucure\u0219ti"},"image":{"@id":"https:\/\/buletin.de\/bucuresti\/#\/schema\/logo\/image\/"},"sameAs":["https:\/\/www.facebook.com\/buletin.de.buc","https:\/\/www.instagram.com\/buletinde.bucuresti\/"]},{"@type":"Person","@id":"https:\/\/buletin.de\/bucuresti\/#\/schema\/person\/5272b8a057b33890940b57b837fc4ce6","name":"Ionu\u021b Lepa","image":{"@type":"ImageObject","inLanguage":"en-GB","@id":"https:\/\/buletin.de\/bucuresti\/wp-content\/uploads\/Ionut-Lepa-96x96.jpg5c4e4d9e049808799a8821652d2410a4","url":"https:\/\/buletin.de\/bucuresti\/wp-content\/uploads\/Ionut-Lepa-96x96.jpg","contentUrl":"https:\/\/buletin.de\/bucuresti\/wp-content\/uploads\/Ionut-Lepa-96x96.jpg","caption":"Ionu\u021b Lepa"},"url":"https:\/\/buletin.de\/bucuresti\/author\/ionutlepa\/"}]}},"authors":[{"term_id":22586,"user_id":8,"is_guest":0,"slug":"ionutlepa","display_name":"Ionu\u021b Lepa","avatar_url":"https:\/\/buletin.de\/bucuresti\/wp-content\/uploads\/Ionut-Lepa-96x96.jpg","0":null,"1":"","2":"","3":"","4":"","5":"","6":"","7":"","8":""}],"_links":{"self":[{"href":"https:\/\/buletin.de\/bucuresti\/wp-json\/wp\/v2\/posts\/82933","targetHints":{"allow":["GET"]}}],"collection":[{"href":"https:\/\/buletin.de\/bucuresti\/wp-json\/wp\/v2\/posts"}],"about":[{"href":"https:\/\/buletin.de\/bucuresti\/wp-json\/wp\/v2\/types\/post"}],"author":[{"embeddable":true,"href":"https:\/\/buletin.de\/bucuresti\/wp-json\/wp\/v2\/users\/8"}],"replies":[{"embeddable":true,"href":"https:\/\/buletin.de\/bucuresti\/wp-json\/wp\/v2\/comments?post=82933"}],"version-history":[{"count":3,"href":"https:\/\/buletin.de\/bucuresti\/wp-json\/wp\/v2\/posts\/82933\/revisions"}],"predecessor-version":[{"id":111959,"href":"https:\/\/buletin.de\/bucuresti\/wp-json\/wp\/v2\/posts\/82933\/revisions\/111959"}],"wp:featuredmedia":[{"embeddable":true,"href":"https:\/\/buletin.de\/bucuresti\/wp-json\/wp\/v2\/media\/82936"}],"wp:attachment":[{"href":"https:\/\/buletin.de\/bucuresti\/wp-json\/wp\/v2\/media?parent=82933"}],"wp:term":[{"taxonomy":"category","embeddable":true,"href":"https:\/\/buletin.de\/bucuresti\/wp-json\/wp\/v2\/categories?post=82933"},{"taxonomy":"post_tag","embeddable":true,"href":"https:\/\/buletin.de\/bucuresti\/wp-json\/wp\/v2\/tags?post=82933"},{"taxonomy":"author","embeddable":true,"href":"https:\/\/buletin.de\/bucuresti\/wp-json\/wp\/v2\/ppma_author?post=82933"}],"curies":[{"name":"wp","href":"https:\/\/api.w.org\/{rel}","templated":true}]}}