{"id":82850,"date":"2024-04-12T09:55:57","date_gmt":"2024-04-12T06:55:57","guid":{"rendered":"https:\/\/buletin.de\/bucuresti\/?p=82850"},"modified":"2024-04-12T10:29:17","modified_gmt":"2024-04-12T07:29:17","slug":"sector-1-sensuri-unice-noi-introduse-in-cartierul-damaroaia","status":"publish","type":"post","link":"https:\/\/buletin.de\/bucuresti\/sector-1-sensuri-unice-noi-introduse-in-cartierul-damaroaia\/","title":{"rendered":"Sector 1 | Sensuri unice noi, introduse \u00een Cartierul D\u0103m\u0103roaia"},"content":{"rendered":"\n<p><strong>Prim\u0103ria Sectorului 1 reconfigureaz\u0103 traficul rutier din Cartierul D\u0103m\u0103roaia. \u00cen acest sens, introduce noi sensuri unice pe str\u0103zile secundare.<\/strong><\/p>\n\n\n\n<p>De ast\u0103zi, acestea se vor reg\u0103si \u00een zona cuprins\u0103 \u00eentre str. Jiului-str. Napoca-str. Izbiceni-str. Coralilor-str. Neajlovului-str. Elocin\u021bei-str. Cire\u0219oaia:<\/p>\n\n\n\n<ul class=\"wp-block-list\">\n<li>sens unic: str. Napoca, dinspre str. Su\u0219i\u021ba spre str. Jiului;<\/li>\n\n\n\n<li>sens unic: str. Su\u0219i\u021ba, dinspe str. Izbiceni spre str. Napoca;<\/li>\n\n\n\n<li>sens unic: str. Ire\u0219ti, dinspre str. Jiului spre str. Su\u0219i\u021ba;<\/li>\n\n\n\n<li>sens unic: str. M\u00e2r\u0219a, dinspre str. Su\u0219i\u021ba spre str. Jiului;<\/li>\n\n\n\n<li>sens unic: str. Limpejoarei, dinspre str. Jiului spre str. Su\u0219i\u021ba;<\/li>\n\n\n\n<li>sens unic: str. Corn\u0103\u021bel, dinspre str. Izbiceni spre str. Jiului;<\/li>\n\n\n\n<li>sens unic: str. Elanului, dinspre str. Jiului spre str. Izbiceni;<\/li>\n\n\n\n<li>sens unic: str. T\u00e2rn\u0103veni, dinspre str. Jiului spre str. Izbiceni;<\/li>\n\n\n\n<li>sens unic: str. Mih\u0103ileni, dinspre str. Izbiceni spre str. Jiului;<\/li>\n\n\n\n<li>sens unic: str. Epure\u0219ti, dinspre str. Jiului spre str. Izbiceni;<\/li>\n\n\n\n<li>sens unic: str. \u0218inca, dinspre str. Gloriei spre str. Jiului;<\/li>\n\n\n\n<li>sens unic: str. B\u00e2rg\u0103ului, dinspre str. Jiului spre str. Li\u021ba;<\/li>\n\n\n\n<li>sens unic: str. Ciacova, dinspre str. Li\u021ba spre str. Jiului;<\/li>\n\n\n\n<li>sens unic: str. Ing. Patulea, dinspre str. Jiului spre str. Gloriei;<\/li>\n\n\n\n<li>sens unic: str. Turnul Rosu, dinspre str. Piatra Morii spre str. Izbiceni;<\/li>\n\n\n\n<li>sens unic: str. C\u0103iu\u021bi, dinspre str. Izbiceni spre str. Piatra Morii;<\/li>\n\n\n\n<li>sens unic: str. D\u0103eni, dinspre str. Izbiceni spre str. Neat\u00e2rn\u0103rii;<\/li>\n\n\n\n<li>sens unic: str. Bumbe\u0219ti, dinspre str. Neat\u00e2rn\u0103rii spre str. Feldioara;<\/li>\n\n\n\n<li>sens unic: str. S\u0103l\u0103truc, dinspre str. Feldioara spre B-dul Lupt\u0103torilor;<\/li>\n\n\n\n<li>sens unic: str. Stindardului, dinspre B-dul Lupt\u0103torilor spre str. Cire\u0219oaia;<\/li>\n\n\n\n<li>sens unic: str. Garofi\u021bei, dinspre str. Neajlovului spre B-dul Lupt\u0103torilor;<\/li>\n\n\n\n<li>sens unic: str. Stelu\u021bei, dinspre B-dul Lupt\u0103torilor spre str. Cire\u0219oaia;<\/li>\n\n\n\n<li>sens unic: str. Elocin\u021bei, dinspre str. Neajlovului spre str. Piatra Morii;<\/li>\n\n\n\n<li>sens unic: str. Omului dinspre str. Parapetului spre B-dul Lupt\u0103torilor;<\/li>\n\n\n\n<li>sens unic: str. C\u00e2ineni, dinspre B-dul Lupt\u0103torilor spre str. Neajlovului;<\/li>\n\n\n\n<li>sens unic: str. Parapetului, dinspre B-dul Lupt\u0103torilor spre str. Acumulatorului;<\/li>\n\n\n\n<li>sens unic: str. Calcarului, dinspre str. Coralilor spre str. Nata\u021biei;<\/li>\n\n\n\n<li>sens unic: str. Oinei, dinspre str. Nata\u021biei spre str. Coralilor;<\/li>\n\n\n\n<li>sens unic: str. Rob\u0103ne\u0219ti, dinspre str. Coralilor spre str. Nata\u021biei.<\/li>\n<\/ul>\n\n\n\n<p>Introducerea sensurilor unice pe aceste str\u0103zi are avizele tehnice emise de Comisia Tehnic\u0103 de Circula\u021bie din cadrul Prim\u0103riei Municipiului Bucure\u0219ti \u0219i Brigada Rutier\u0103 Bucure\u0219ti. Solicit\u0103ri pentru instituirea de sensuri unice pot fi depuse printr-un e-mail la:&nbsp;<a href=\"mailto:secretariat@adp-sector1.ro\">secretariat@adp-sector1.ro<\/a>.<\/p>\n\n\n\n<p><strong>CITE\u0218TE \u0218I:<\/strong><\/p>\n\n\n\n<figure class=\"wp-block-embed is-type-wp-embed is-provider-buletin-de-bucure-ti wp-block-embed-buletin-de-bucure-ti\"><div class=\"wp-block-embed__wrapper\">\n<blockquote class=\"wp-embedded-content\" data-secret=\"WWDMjroU53\"><a href=\"https:\/\/buletin.de\/bucuresti\/refacerea-hanului-solacolu-scurteaza-linia-de-tramvai-21-in-aceasta-sambata\/\">Refacerea Hanului Solacolu scurteaz\u0103 linia de tramvai 21, \u00een aceast\u0103 s\u00e2mb\u0103t\u0103<\/a><\/blockquote><iframe class=\"wp-embedded-content\" sandbox=\"allow-scripts\" security=\"restricted\" style=\"position: absolute; clip: rect(1px, 1px, 1px, 1px);\" title=\"&#8220;Refacerea Hanului Solacolu scurteaz\u0103 linia de tramvai 21, \u00een aceast\u0103 s\u00e2mb\u0103t\u0103&#8221; &#8212; Buletin de Bucure\u0219ti\" src=\"https:\/\/buletin.de\/bucuresti\/refacerea-hanului-solacolu-scurteaza-linia-de-tramvai-21-in-aceasta-sambata\/embed\/#?secret=cVjJ9i3SvF#?secret=WWDMjroU53\" data-secret=\"WWDMjroU53\" width=\"600\" height=\"338\" frameborder=\"0\" marginwidth=\"0\" marginheight=\"0\" scrolling=\"no\"><\/iframe>\n<\/div><\/figure>\n","protected":false},"excerpt":{"rendered":"<p>Prim\u0103ria Sectorului 1 reconfigureaz\u0103 traficul rutier din Cartierul D\u0103m\u0103roaia. \u00cen acest sens, introduce noi sensuri unice pe str\u0103zile secundare. De ast\u0103zi, acestea se vor reg\u0103si \u00een zona cuprins\u0103 \u00eentre str. Jiului-str. Napoca-str. Izbiceni-str. Coralilor-str. Neajlovului-str. Elocin\u021bei-str. Cire\u0219oaia: Introducerea sensurilor unice pe aceste str\u0103zi are avizele tehnice emise de Comisia Tehnic\u0103 de Circula\u021bie din cadrul Prim\u0103riei [&hellip;]<\/p>\n","protected":false},"author":49,"featured_media":66641,"comment_status":"closed","ping_status":"open","sticky":false,"template":"","format":"standard","meta":{"_acf_changed":false,"inline_featured_image":false,"ngg_post_thumbnail":0,"footnotes":""},"categories":[24,62,650],"tags":[11166,308,4820],"ppma_author":[22574],"class_list":["post-82850","post","type-post","status-publish","format-standard","has-post-thumbnail","hentry","category-primarie","category-stiri","category-transport","tag-cartier-damaroaia","tag-sector-1","tag-sensuri-unice"],"acf":[],"yoast_head":"<!-- This site is optimized with the Yoast SEO Premium plugin v25.3 (Yoast SEO v27.5) - https:\/\/yoast.com\/product\/yoast-seo-premium-wordpress\/ -->\n<title>Sector 1 | Sensuri unice noi, introduse \u00een Cartierul D\u0103m\u0103roaia - Buletin de Bucure\u0219ti<\/title>\n<meta name=\"robots\" content=\"index, follow, max-snippet:-1, max-image-preview:large, max-video-preview:-1\" \/>\n<link rel=\"canonical\" href=\"https:\/\/buletin.de\/bucuresti\/sector-1-sensuri-unice-noi-introduse-in-cartierul-damaroaia\/\" \/>\n<meta property=\"og:locale\" content=\"en_GB\" \/>\n<meta property=\"og:type\" content=\"article\" \/>\n<meta property=\"og:title\" content=\"Sector 1 | Sensuri unice noi, introduse \u00een Cartierul D\u0103m\u0103roaia\" \/>\n<meta property=\"og:description\" content=\"Prim\u0103ria Sectorului 1 reconfigureaz\u0103 traficul rutier din Cartierul D\u0103m\u0103roaia. \u00cen acest sens, introduce noi sensuri unice pe str\u0103zile secundare. De ast\u0103zi, acestea se vor reg\u0103si \u00een zona cuprins\u0103 \u00eentre str. Jiului-str. Napoca-str. Izbiceni-str. Coralilor-str. Neajlovului-str. Elocin\u021bei-str. Cire\u0219oaia: Introducerea sensurilor unice pe aceste str\u0103zi are avizele tehnice emise de Comisia Tehnic\u0103 de Circula\u021bie din cadrul Prim\u0103riei [&hellip;]\" \/>\n<meta property=\"og:url\" content=\"https:\/\/buletin.de\/bucuresti\/sector-1-sensuri-unice-noi-introduse-in-cartierul-damaroaia\/\" \/>\n<meta property=\"og:site_name\" content=\"Buletin de Bucure\u0219ti\" \/>\n<meta property=\"article:publisher\" content=\"https:\/\/www.facebook.com\/buletin.de.buc\" \/>\n<meta property=\"article:published_time\" content=\"2024-04-12T06:55:57+00:00\" \/>\n<meta property=\"article:modified_time\" content=\"2024-04-12T07:29:17+00:00\" \/>\n<meta property=\"og:image\" content=\"https:\/\/buletin.de\/bucuresti\/wp-content\/uploads\/sens-unic-5.jpeg\" \/>\n\t<meta property=\"og:image:width\" content=\"800\" \/>\n\t<meta property=\"og:image:height\" content=\"600\" \/>\n\t<meta property=\"og:image:type\" content=\"image\/jpeg\" \/>\n<meta name=\"author\" content=\"Diana Matei\" \/>\n<meta name=\"twitter:card\" content=\"summary_large_image\" \/>\n<meta name=\"twitter:label1\" content=\"Written by\" \/>\n\t<meta name=\"twitter:data1\" content=\"Diana Matei\" \/>\n\t<meta name=\"twitter:label2\" content=\"Estimated reading time\" \/>\n\t<meta name=\"twitter:data2\" content=\"2 minutes\" \/>\n<script type=\"application\/ld+json\" class=\"yoast-schema-graph\">{\"@context\":\"https:\\\/\\\/schema.org\",\"@graph\":[{\"@type\":\"Article\",\"@id\":\"https:\\\/\\\/buletin.de\\\/bucuresti\\\/sector-1-sensuri-unice-noi-introduse-in-cartierul-damaroaia\\\/#article\",\"isPartOf\":{\"@id\":\"https:\\\/\\\/buletin.de\\\/bucuresti\\\/sector-1-sensuri-unice-noi-introduse-in-cartierul-damaroaia\\\/\"},\"author\":{\"name\":\"Diana Matei\",\"@id\":\"https:\\\/\\\/buletin.de\\\/bucuresti\\\/#\\\/schema\\\/person\\\/7e46040573290777280a0835d81ea4ea\"},\"headline\":\"Sector 1 | Sensuri unice noi, introduse \u00een Cartierul D\u0103m\u0103roaia\",\"datePublished\":\"2024-04-12T06:55:57+00:00\",\"dateModified\":\"2024-04-12T07:29:17+00:00\",\"mainEntityOfPage\":{\"@id\":\"https:\\\/\\\/buletin.de\\\/bucuresti\\\/sector-1-sensuri-unice-noi-introduse-in-cartierul-damaroaia\\\/\"},\"wordCount\":454,\"publisher\":{\"@id\":\"https:\\\/\\\/buletin.de\\\/bucuresti\\\/#organization\"},\"image\":{\"@id\":\"https:\\\/\\\/buletin.de\\\/bucuresti\\\/sector-1-sensuri-unice-noi-introduse-in-cartierul-damaroaia\\\/#primaryimage\"},\"thumbnailUrl\":\"https:\\\/\\\/buletin.de\\\/bucuresti\\\/wp-content\\\/uploads\\\/sens-unic-5.jpeg\",\"keywords\":[\"Cartier Damaroaia\",\"Sector 1\",\"Sensuri unice\"],\"articleSection\":[\"Prim\u0103rie\",\"\u0218tiri\",\"Transport\"],\"inLanguage\":\"en-GB\",\"copyrightYear\":\"2024\",\"copyrightHolder\":{\"@id\":\"https:\\\/\\\/buletin.de\\\/bucuresti\\\/#organization\"}},{\"@type\":\"WebPage\",\"@id\":\"https:\\\/\\\/buletin.de\\\/bucuresti\\\/sector-1-sensuri-unice-noi-introduse-in-cartierul-damaroaia\\\/\",\"url\":\"https:\\\/\\\/buletin.de\\\/bucuresti\\\/sector-1-sensuri-unice-noi-introduse-in-cartierul-damaroaia\\\/\",\"name\":\"Sector 1 | Sensuri unice noi, introduse \u00een Cartierul D\u0103m\u0103roaia - Buletin de Bucure\u0219ti\",\"isPartOf\":{\"@id\":\"https:\\\/\\\/buletin.de\\\/bucuresti\\\/#website\"},\"primaryImageOfPage\":{\"@id\":\"https:\\\/\\\/buletin.de\\\/bucuresti\\\/sector-1-sensuri-unice-noi-introduse-in-cartierul-damaroaia\\\/#primaryimage\"},\"image\":{\"@id\":\"https:\\\/\\\/buletin.de\\\/bucuresti\\\/sector-1-sensuri-unice-noi-introduse-in-cartierul-damaroaia\\\/#primaryimage\"},\"thumbnailUrl\":\"https:\\\/\\\/buletin.de\\\/bucuresti\\\/wp-content\\\/uploads\\\/sens-unic-5.jpeg\",\"datePublished\":\"2024-04-12T06:55:57+00:00\",\"dateModified\":\"2024-04-12T07:29:17+00:00\",\"breadcrumb\":{\"@id\":\"https:\\\/\\\/buletin.de\\\/bucuresti\\\/sector-1-sensuri-unice-noi-introduse-in-cartierul-damaroaia\\\/#breadcrumb\"},\"inLanguage\":\"en-GB\",\"potentialAction\":[{\"@type\":\"ReadAction\",\"target\":[\"https:\\\/\\\/buletin.de\\\/bucuresti\\\/sector-1-sensuri-unice-noi-introduse-in-cartierul-damaroaia\\\/\"]}]},{\"@type\":\"ImageObject\",\"inLanguage\":\"en-GB\",\"@id\":\"https:\\\/\\\/buletin.de\\\/bucuresti\\\/sector-1-sensuri-unice-noi-introduse-in-cartierul-damaroaia\\\/#primaryimage\",\"url\":\"https:\\\/\\\/buletin.de\\\/bucuresti\\\/wp-content\\\/uploads\\\/sens-unic-5.jpeg\",\"contentUrl\":\"https:\\\/\\\/buletin.de\\\/bucuresti\\\/wp-content\\\/uploads\\\/sens-unic-5.jpeg\",\"width\":800,\"height\":600,\"caption\":\"Foto: Facebook Prim\u0103ria Sectorului 1\"},{\"@type\":\"BreadcrumbList\",\"@id\":\"https:\\\/\\\/buletin.de\\\/bucuresti\\\/sector-1-sensuri-unice-noi-introduse-in-cartierul-damaroaia\\\/#breadcrumb\",\"itemListElement\":[{\"@type\":\"ListItem\",\"position\":1,\"name\":\"Acas\u0103\",\"item\":\"https:\\\/\\\/buletin.de\\\/bucuresti\\\/\"},{\"@type\":\"ListItem\",\"position\":2,\"name\":\"Sector 1 | Sensuri unice noi, introduse \u00een Cartierul D\u0103m\u0103roaia\"}]},{\"@type\":\"WebSite\",\"@id\":\"https:\\\/\\\/buletin.de\\\/bucuresti\\\/#website\",\"url\":\"https:\\\/\\\/buletin.de\\\/bucuresti\\\/\",\"name\":\"Buletin de Bucure\u0219ti\",\"description\":\"\u0218tiri \u0219i investiga\u021bii esen\u021biale din capital\u0103\",\"publisher\":{\"@id\":\"https:\\\/\\\/buletin.de\\\/bucuresti\\\/#organization\"},\"potentialAction\":[{\"@type\":\"SearchAction\",\"target\":{\"@type\":\"EntryPoint\",\"urlTemplate\":\"https:\\\/\\\/buletin.de\\\/bucuresti\\\/?s={search_term_string}\"},\"query-input\":{\"@type\":\"PropertyValueSpecification\",\"valueRequired\":true,\"valueName\":\"search_term_string\"}}],\"inLanguage\":\"en-GB\"},{\"@type\":\"Organization\",\"@id\":\"https:\\\/\\\/buletin.de\\\/bucuresti\\\/#organization\",\"name\":\"Buletin de Bucure\u0219ti\",\"url\":\"https:\\\/\\\/buletin.de\\\/bucuresti\\\/\",\"logo\":{\"@type\":\"ImageObject\",\"inLanguage\":\"en-GB\",\"@id\":\"https:\\\/\\\/buletin.de\\\/bucuresti\\\/#\\\/schema\\\/logo\\\/image\\\/\",\"url\":\"https:\\\/\\\/buletin.de\\\/bucuresti\\\/wp-content\\\/uploads\\\/logo-bdb-full-wide-vernil-transparent.png\",\"contentUrl\":\"https:\\\/\\\/buletin.de\\\/bucuresti\\\/wp-content\\\/uploads\\\/logo-bdb-full-wide-vernil-transparent.png\",\"width\":1782,\"height\":626,\"caption\":\"Buletin de Bucure\u0219ti\"},\"image\":{\"@id\":\"https:\\\/\\\/buletin.de\\\/bucuresti\\\/#\\\/schema\\\/logo\\\/image\\\/\"},\"sameAs\":[\"https:\\\/\\\/www.facebook.com\\\/buletin.de.buc\",\"https:\\\/\\\/www.instagram.com\\\/buletinde.bucuresti\\\/\"]},{\"@type\":\"Person\",\"@id\":\"https:\\\/\\\/buletin.de\\\/bucuresti\\\/#\\\/schema\\\/person\\\/7e46040573290777280a0835d81ea4ea\",\"name\":\"Diana Matei\",\"image\":{\"@type\":\"ImageObject\",\"inLanguage\":\"en-GB\",\"@id\":\"https:\\\/\\\/buletin.de\\\/bucuresti\\\/wp-content\\\/uploads\\\/9-2-96x96.jpg1e8590b30871d70e62ebcdaf2eff570c\",\"url\":\"https:\\\/\\\/buletin.de\\\/bucuresti\\\/wp-content\\\/uploads\\\/9-2-96x96.jpg\",\"contentUrl\":\"https:\\\/\\\/buletin.de\\\/bucuresti\\\/wp-content\\\/uploads\\\/9-2-96x96.jpg\",\"caption\":\"Diana Matei\"},\"url\":\"https:\\\/\\\/buletin.de\\\/bucuresti\\\/author\\\/dianamatei\\\/\"}]}<\/script>\n<!-- \/ Yoast SEO Premium plugin. -->","yoast_head_json":{"title":"Sector 1 | Sensuri unice noi, introduse \u00een Cartierul D\u0103m\u0103roaia - Buletin de Bucure\u0219ti","robots":{"index":"index","follow":"follow","max-snippet":"max-snippet:-1","max-image-preview":"max-image-preview:large","max-video-preview":"max-video-preview:-1"},"canonical":"https:\/\/buletin.de\/bucuresti\/sector-1-sensuri-unice-noi-introduse-in-cartierul-damaroaia\/","og_locale":"en_GB","og_type":"article","og_title":"Sector 1 | Sensuri unice noi, introduse \u00een Cartierul D\u0103m\u0103roaia","og_description":"Prim\u0103ria Sectorului 1 reconfigureaz\u0103 traficul rutier din Cartierul D\u0103m\u0103roaia. \u00cen acest sens, introduce noi sensuri unice pe str\u0103zile secundare. De ast\u0103zi, acestea se vor reg\u0103si \u00een zona cuprins\u0103 \u00eentre str. Jiului-str. Napoca-str. Izbiceni-str. Coralilor-str. Neajlovului-str. Elocin\u021bei-str. Cire\u0219oaia: Introducerea sensurilor unice pe aceste str\u0103zi are avizele tehnice emise de Comisia Tehnic\u0103 de Circula\u021bie din cadrul Prim\u0103riei [&hellip;]","og_url":"https:\/\/buletin.de\/bucuresti\/sector-1-sensuri-unice-noi-introduse-in-cartierul-damaroaia\/","og_site_name":"Buletin de Bucure\u0219ti","article_publisher":"https:\/\/www.facebook.com\/buletin.de.buc","article_published_time":"2024-04-12T06:55:57+00:00","article_modified_time":"2024-04-12T07:29:17+00:00","og_image":[{"width":800,"height":600,"url":"https:\/\/buletin.de\/bucuresti\/wp-content\/uploads\/sens-unic-5.jpeg","type":"image\/jpeg"}],"author":"Diana Matei","twitter_card":"summary_large_image","twitter_misc":{"Written by":"Diana Matei","Estimated reading time":"2 minutes"},"schema":{"@context":"https:\/\/schema.org","@graph":[{"@type":"Article","@id":"https:\/\/buletin.de\/bucuresti\/sector-1-sensuri-unice-noi-introduse-in-cartierul-damaroaia\/#article","isPartOf":{"@id":"https:\/\/buletin.de\/bucuresti\/sector-1-sensuri-unice-noi-introduse-in-cartierul-damaroaia\/"},"author":{"name":"Diana Matei","@id":"https:\/\/buletin.de\/bucuresti\/#\/schema\/person\/7e46040573290777280a0835d81ea4ea"},"headline":"Sector 1 | Sensuri unice noi, introduse \u00een Cartierul D\u0103m\u0103roaia","datePublished":"2024-04-12T06:55:57+00:00","dateModified":"2024-04-12T07:29:17+00:00","mainEntityOfPage":{"@id":"https:\/\/buletin.de\/bucuresti\/sector-1-sensuri-unice-noi-introduse-in-cartierul-damaroaia\/"},"wordCount":454,"publisher":{"@id":"https:\/\/buletin.de\/bucuresti\/#organization"},"image":{"@id":"https:\/\/buletin.de\/bucuresti\/sector-1-sensuri-unice-noi-introduse-in-cartierul-damaroaia\/#primaryimage"},"thumbnailUrl":"https:\/\/buletin.de\/bucuresti\/wp-content\/uploads\/sens-unic-5.jpeg","keywords":["Cartier Damaroaia","Sector 1","Sensuri unice"],"articleSection":["Prim\u0103rie","\u0218tiri","Transport"],"inLanguage":"en-GB","copyrightYear":"2024","copyrightHolder":{"@id":"https:\/\/buletin.de\/bucuresti\/#organization"}},{"@type":"WebPage","@id":"https:\/\/buletin.de\/bucuresti\/sector-1-sensuri-unice-noi-introduse-in-cartierul-damaroaia\/","url":"https:\/\/buletin.de\/bucuresti\/sector-1-sensuri-unice-noi-introduse-in-cartierul-damaroaia\/","name":"Sector 1 | Sensuri unice noi, introduse \u00een Cartierul D\u0103m\u0103roaia - Buletin de Bucure\u0219ti","isPartOf":{"@id":"https:\/\/buletin.de\/bucuresti\/#website"},"primaryImageOfPage":{"@id":"https:\/\/buletin.de\/bucuresti\/sector-1-sensuri-unice-noi-introduse-in-cartierul-damaroaia\/#primaryimage"},"image":{"@id":"https:\/\/buletin.de\/bucuresti\/sector-1-sensuri-unice-noi-introduse-in-cartierul-damaroaia\/#primaryimage"},"thumbnailUrl":"https:\/\/buletin.de\/bucuresti\/wp-content\/uploads\/sens-unic-5.jpeg","datePublished":"2024-04-12T06:55:57+00:00","dateModified":"2024-04-12T07:29:17+00:00","breadcrumb":{"@id":"https:\/\/buletin.de\/bucuresti\/sector-1-sensuri-unice-noi-introduse-in-cartierul-damaroaia\/#breadcrumb"},"inLanguage":"en-GB","potentialAction":[{"@type":"ReadAction","target":["https:\/\/buletin.de\/bucuresti\/sector-1-sensuri-unice-noi-introduse-in-cartierul-damaroaia\/"]}]},{"@type":"ImageObject","inLanguage":"en-GB","@id":"https:\/\/buletin.de\/bucuresti\/sector-1-sensuri-unice-noi-introduse-in-cartierul-damaroaia\/#primaryimage","url":"https:\/\/buletin.de\/bucuresti\/wp-content\/uploads\/sens-unic-5.jpeg","contentUrl":"https:\/\/buletin.de\/bucuresti\/wp-content\/uploads\/sens-unic-5.jpeg","width":800,"height":600,"caption":"Foto: Facebook Prim\u0103ria Sectorului 1"},{"@type":"BreadcrumbList","@id":"https:\/\/buletin.de\/bucuresti\/sector-1-sensuri-unice-noi-introduse-in-cartierul-damaroaia\/#breadcrumb","itemListElement":[{"@type":"ListItem","position":1,"name":"Acas\u0103","item":"https:\/\/buletin.de\/bucuresti\/"},{"@type":"ListItem","position":2,"name":"Sector 1 | Sensuri unice noi, introduse \u00een Cartierul D\u0103m\u0103roaia"}]},{"@type":"WebSite","@id":"https:\/\/buletin.de\/bucuresti\/#website","url":"https:\/\/buletin.de\/bucuresti\/","name":"Buletin de Bucure\u0219ti","description":"\u0218tiri \u0219i investiga\u021bii esen\u021biale din capital\u0103","publisher":{"@id":"https:\/\/buletin.de\/bucuresti\/#organization"},"potentialAction":[{"@type":"SearchAction","target":{"@type":"EntryPoint","urlTemplate":"https:\/\/buletin.de\/bucuresti\/?s={search_term_string}"},"query-input":{"@type":"PropertyValueSpecification","valueRequired":true,"valueName":"search_term_string"}}],"inLanguage":"en-GB"},{"@type":"Organization","@id":"https:\/\/buletin.de\/bucuresti\/#organization","name":"Buletin de Bucure\u0219ti","url":"https:\/\/buletin.de\/bucuresti\/","logo":{"@type":"ImageObject","inLanguage":"en-GB","@id":"https:\/\/buletin.de\/bucuresti\/#\/schema\/logo\/image\/","url":"https:\/\/buletin.de\/bucuresti\/wp-content\/uploads\/logo-bdb-full-wide-vernil-transparent.png","contentUrl":"https:\/\/buletin.de\/bucuresti\/wp-content\/uploads\/logo-bdb-full-wide-vernil-transparent.png","width":1782,"height":626,"caption":"Buletin de Bucure\u0219ti"},"image":{"@id":"https:\/\/buletin.de\/bucuresti\/#\/schema\/logo\/image\/"},"sameAs":["https:\/\/www.facebook.com\/buletin.de.buc","https:\/\/www.instagram.com\/buletinde.bucuresti\/"]},{"@type":"Person","@id":"https:\/\/buletin.de\/bucuresti\/#\/schema\/person\/7e46040573290777280a0835d81ea4ea","name":"Diana Matei","image":{"@type":"ImageObject","inLanguage":"en-GB","@id":"https:\/\/buletin.de\/bucuresti\/wp-content\/uploads\/9-2-96x96.jpg1e8590b30871d70e62ebcdaf2eff570c","url":"https:\/\/buletin.de\/bucuresti\/wp-content\/uploads\/9-2-96x96.jpg","contentUrl":"https:\/\/buletin.de\/bucuresti\/wp-content\/uploads\/9-2-96x96.jpg","caption":"Diana Matei"},"url":"https:\/\/buletin.de\/bucuresti\/author\/dianamatei\/"}]}},"authors":[{"term_id":22574,"user_id":49,"is_guest":0,"slug":"dianamatei","display_name":"Diana Matei","avatar_url":"https:\/\/buletin.de\/bucuresti\/wp-content\/uploads\/9-2-96x96.jpg","0":null,"1":"","2":"","3":"","4":"","5":"","6":"","7":"","8":""}],"_links":{"self":[{"href":"https:\/\/buletin.de\/bucuresti\/wp-json\/wp\/v2\/posts\/82850","targetHints":{"allow":["GET"]}}],"collection":[{"href":"https:\/\/buletin.de\/bucuresti\/wp-json\/wp\/v2\/posts"}],"about":[{"href":"https:\/\/buletin.de\/bucuresti\/wp-json\/wp\/v2\/types\/post"}],"author":[{"embeddable":true,"href":"https:\/\/buletin.de\/bucuresti\/wp-json\/wp\/v2\/users\/49"}],"replies":[{"embeddable":true,"href":"https:\/\/buletin.de\/bucuresti\/wp-json\/wp\/v2\/comments?post=82850"}],"version-history":[{"count":4,"href":"https:\/\/buletin.de\/bucuresti\/wp-json\/wp\/v2\/posts\/82850\/revisions"}],"predecessor-version":[{"id":82861,"href":"https:\/\/buletin.de\/bucuresti\/wp-json\/wp\/v2\/posts\/82850\/revisions\/82861"}],"wp:featuredmedia":[{"embeddable":true,"href":"https:\/\/buletin.de\/bucuresti\/wp-json\/wp\/v2\/media\/66641"}],"wp:attachment":[{"href":"https:\/\/buletin.de\/bucuresti\/wp-json\/wp\/v2\/media?parent=82850"}],"wp:term":[{"taxonomy":"category","embeddable":true,"href":"https:\/\/buletin.de\/bucuresti\/wp-json\/wp\/v2\/categories?post=82850"},{"taxonomy":"post_tag","embeddable":true,"href":"https:\/\/buletin.de\/bucuresti\/wp-json\/wp\/v2\/tags?post=82850"},{"taxonomy":"author","embeddable":true,"href":"https:\/\/buletin.de\/bucuresti\/wp-json\/wp\/v2\/ppma_author?post=82850"}],"curies":[{"name":"wp","href":"https:\/\/api.w.org\/{rel}","templated":true}]}}