{"id":82834,"date":"2024-04-12T08:35:38","date_gmt":"2024-04-12T05:35:38","guid":{"rendered":"https:\/\/buletin.de\/bucuresti\/?p=82834"},"modified":"2024-04-12T13:49:57","modified_gmt":"2024-04-12T10:49:57","slug":"editorial-restauratia-sindicala-de-la-psd-catalin-cirstoiu-intalniri-electorale-cu-colegii-petrariustb-si-artimonmetrorex","status":"publish","type":"post","link":"https:\/\/buletin.de\/bucuresti\/editorial-restauratia-sindicala-de-la-psd-catalin-cirstoiu-intalniri-electorale-cu-colegii-petrariustb-si-artimonmetrorex\/","title":{"rendered":"EDITORIAL | \u201eRestaura\u021bia\u201d sindical\u0103 de la PSD: C\u0103t\u0103lin C\u00eerstoiu, \u00eent\u00e2lniri electorale cu \u201ecolegii\u201d Petrariu(STB) \u0219i Artimon(Metrorex)\u00a0"},"content":{"rendered":"\n<p><strong>\u00cen mai pu\u021bin de dou\u0103 zile, candidatul PSD-PNL la Prim\u0103ria General\u0103, medicul C\u0103t\u0103lin C\u00eerstoiu, a bifat dou\u0103 \u00eent\u00e2lniri extrem de importante, poate mai importante dec\u00e2t cele cu liderii coali\u021biei Marcel Ciolacu \u0219i Nicolae Ciuc\u0103, \u00een urma c\u0103rora a primit misiunea de \u201ea se lupta&#8221; pentru Bucure\u0219ti \u00een calitate de \u201eMedic.Manager.Cet\u0103\u021bean\u201d. \u00cen calitate de bucure\u0219tean aspirant la fotoliul de primar, el s-a \u00eent\u00e2lnit cu principalii lideri de sindicat din transportul Capitalei. At\u00e2t la suprafa\u021b\u0103, c\u00e2t \u0219i \u00een subteran, ace\u0219tia sunt \u00eenregimenta\u021bi politic.&nbsp;<\/strong><\/p>\n\n\n\n<p>Mul\u021bi nu \u0219tiu c\u0103 STB este cel mai mare angajator cu for\u021b\u0103 de munc\u0103, aflat\u0103 \u00een Capital\u0103. Peste 10.000 de oameni, cam c\u00e2t un or\u0103\u0219el de provincie, ponteaz\u0103 zilnic pe Dinicu Golescu, la sediul central, \u00een autobaze, depouri ori uzina de repara\u021bii din Colentina. Majoritatea sunt membri de sindicat, dup\u0103 cum am v\u0103zut \u00een ianuarie 2021, c\u00e2nd Bucure\u0219tiul a fost paralizat de o grev\u0103 instrumentat\u0103 <a href=\"https:\/\/buletin.de\/bucuresti\/exclusiv-vasile-petrariu-liderul-sindicatului-din-stb-nu-si-a-dat-demisia-din-cgmb-iar-psd-bucuresti-nu-i-a-retras-sprijinul-politic\/\">de un consilier general ales pe listele PSD<\/a> care nu a \u021binut cont nici m\u0103car de regula de 30% privind func\u021bionalitatea unui sistem critic pentru cet\u0103\u021beni. <\/p>\n\n\n\n<figure class=\"wp-block-gallery has-nested-images columns-default is-cropped wp-block-gallery-1 is-layout-flex wp-block-gallery-is-layout-flex\">\n<figure class=\"wp-block-image size-large\"><img fetchpriority=\"high\" decoding=\"async\" width=\"900\" height=\"623\" data-id=\"82836\" src=\"data:image\/gif;base64,R0lGODlhAQABAAAAACH5BAEKAAEALAAAAAABAAEAAAICTAEAOw==\" data-src=\"https:\/\/buletin.de\/bucuresti\/wp-content\/uploads\/434644790_122120789480245920_1689947673484404361_n-1-900x623.jpg\" alt=\"\" class=\"wp-image-82836 lazyload\" data-sizes=\"auto\" data-srcset=\"https:\/\/buletin.de\/bucuresti\/wp-content\/uploads\/434644790_122120789480245920_1689947673484404361_n-1-900x623.jpg 900w, https:\/\/buletin.de\/bucuresti\/wp-content\/uploads\/434644790_122120789480245920_1689947673484404361_n-1-300x208.jpg 300w, https:\/\/buletin.de\/bucuresti\/wp-content\/uploads\/434644790_122120789480245920_1689947673484404361_n-1-768x532.jpg 768w, https:\/\/buletin.de\/bucuresti\/wp-content\/uploads\/434644790_122120789480245920_1689947673484404361_n-1-1536x1064.jpg 1536w, https:\/\/buletin.de\/bucuresti\/wp-content\/uploads\/434644790_122120789480245920_1689947673484404361_n-1-1600x1108.jpg 1600w, https:\/\/buletin.de\/bucuresti\/wp-content\/uploads\/434644790_122120789480245920_1689947673484404361_n-1-1100x762.jpg 1100w, https:\/\/buletin.de\/bucuresti\/wp-content\/uploads\/434644790_122120789480245920_1689947673484404361_n-1-600x415.jpg 600w, https:\/\/buletin.de\/bucuresti\/wp-content\/uploads\/434644790_122120789480245920_1689947673484404361_n-1-20x14.jpg 20w, https:\/\/buletin.de\/bucuresti\/wp-content\/uploads\/434644790_122120789480245920_1689947673484404361_n-1.jpg 2048w\" sizes=\"(max-width: 900px) 100vw, 900px\" \/><figcaption class=\"wp-element-caption\">FOTO: <a href=\"https:\/\/www.facebook.com\/profile.php?id=61557377625818&amp;__cft__[0]=AZXSRJNgFKoori_y4AS12SeyQHdjSQtMSyvYOLW8d0UDKVKIrZ8OID__cJIAtdSKZYuBxjV9A30RxYLgVdbk9Lmkqv4LAt4ITdAJaZTxSC8A3XuX5pJJ_uoz0MXgMZvrVt1EQaJ_wghwkBNrFDd4tut3dVsrqm3oeq0p2U81_oT5zTGNsxBXku5Iy3GoWN_kHYY&amp;__tn__=-UC*F\">FB\/C\u0103t\u0103lin C\u00eerstoiu<\/a><\/figcaption><\/figure>\n\n\n\n<figure class=\"wp-block-image size-large\"><img decoding=\"async\" width=\"900\" height=\"600\" data-id=\"82837\" src=\"data:image\/gif;base64,R0lGODlhAQABAAAAACH5BAEKAAEALAAAAAABAAEAAAICTAEAOw==\" data-src=\"https:\/\/buletin.de\/bucuresti\/wp-content\/uploads\/ID144306_INQUAM_Photos_Octav_Ganea-2-900x600.jpg\" alt=\"\" class=\"wp-image-82837 lazyload\" data-sizes=\"auto\" data-srcset=\"https:\/\/buletin.de\/bucuresti\/wp-content\/uploads\/ID144306_INQUAM_Photos_Octav_Ganea-2-900x600.jpg 900w, https:\/\/buletin.de\/bucuresti\/wp-content\/uploads\/ID144306_INQUAM_Photos_Octav_Ganea-2-300x200.jpg 300w, https:\/\/buletin.de\/bucuresti\/wp-content\/uploads\/ID144306_INQUAM_Photos_Octav_Ganea-2-768x512.jpg 768w, https:\/\/buletin.de\/bucuresti\/wp-content\/uploads\/ID144306_INQUAM_Photos_Octav_Ganea-2-1536x1025.jpg 1536w, https:\/\/buletin.de\/bucuresti\/wp-content\/uploads\/ID144306_INQUAM_Photos_Octav_Ganea-2-1600x1067.jpg 1600w, https:\/\/buletin.de\/bucuresti\/wp-content\/uploads\/ID144306_INQUAM_Photos_Octav_Ganea-2-1100x734.jpg 1100w, https:\/\/buletin.de\/bucuresti\/wp-content\/uploads\/ID144306_INQUAM_Photos_Octav_Ganea-2-600x400.jpg 600w, https:\/\/buletin.de\/bucuresti\/wp-content\/uploads\/ID144306_INQUAM_Photos_Octav_Ganea-2-20x13.jpg 20w, https:\/\/buletin.de\/bucuresti\/wp-content\/uploads\/ID144306_INQUAM_Photos_Octav_Ganea-2.jpg 2000w\" sizes=\"(max-width: 900px) 100vw, 900px\" \/><figcaption class=\"wp-element-caption\">FOTO: Inquam Photos\/Octav Ganea<\/figcaption><\/figure>\n<\/figure>\n\n\n\n<p>Acum, acela\u0219i lider de sindicat este folosit pe post de vector de imagine de candidatul PSD-PNL la Prim\u0103ria General\u0103, medicul C\u0103t\u0103lin C\u00eerstoiu. \u00centr-o postare pe facebook, el transmite c\u0103 a avut o discu\u021bie \u201e<em>detaliat\u0103 despre transportul public \u00een Capital\u0103 cu reprezentan\u021bii sindicatului STB, \u00een frunte cu pre\u0219edintele sindicatului, Vasile Petrariu, precum \u0219i cu fostul director al Societ\u0103\u021bii de Transport Bucure\u0219ti, Alexandru Hazem Kansou. Mi s-a reconfirmat c\u0103 \u0219i acest domeniu, precum multe altele, a stagnat timp de 4 ani. Au fost 4 ani pierdu\u021bi efectiv pentru STB \u0219i pentru bucure\u0219teni!<\/em>\u201d, a spus \u201emanagerul\u201d.<\/p>\n\n\n\n<p>Acest ultim argument, e lesne de \u00een\u021beles, a fost scris de vreun consilier de imagine, care nici el n-a c\u0103lcat recent \u00een vreun autobuz sau tramvai de culoare verde. Poate doar prin metrou, \u00eempins de agenda electoral\u0103 a ultimelor zile. Oricum, despre miza \u00eent\u00e2lnirii \u0219i a fotografiilor aferente, lansate \u00een spa\u021biul public, putem presupune c\u0103 este cu totul alta, evident.<\/p>\n\n\n\n<p>Dar s\u0103 r\u0103m\u00e2nem la metrou, c\u0103ci \u201ecet\u0103\u021beanul\u201d C\u00eerstoiu a descoperit recent \u0219i sediul USLM din cotloanele de la Unirii 1. \u0218i nu l-a descoperit singur, ci \u00eempreuna cu Robert Negoi\u021b\u0103, primarul Sectorului 3, a c\u0103rui singur\u0103 leg\u0103tur\u0103 cu subteranul \u021bine de spa\u021biile comerciale \u0219i de asocia\u021bia buticarilor, dup\u0103 cum Buletin de Bucure\u0219ti <a href=\"https:\/\/buletin.de\/bucuresti\/reportaj-legea-din-subteranul-parohiei-lui-negoita-ultimele-chioscuri-de-la-metrorex-se-inchid-dupa-ce-buticarii-au-dat-in-judecata-pana-si-firma-sindicalistului-lui-ion-radoi\/\">a ar\u0103tat aici<\/a>.<\/p>\n\n\n<div class=\"wp-block-image\">\n<figure class=\"aligncenter size-large\"><img decoding=\"async\" width=\"675\" height=\"900\" src=\"data:image\/gif;base64,R0lGODlhAQABAAAAACH5BAEKAAEALAAAAAABAAEAAAICTAEAOw==\" data-src=\"https:\/\/buletin.de\/bucuresti\/wp-content\/uploads\/uslm-cirstoiu-675x900.jpg\" alt=\"\" class=\"wp-image-82838 lazyload\" data-sizes=\"auto\" data-srcset=\"https:\/\/buletin.de\/bucuresti\/wp-content\/uploads\/uslm-cirstoiu-675x900.jpg 675w, https:\/\/buletin.de\/bucuresti\/wp-content\/uploads\/uslm-cirstoiu-225x300.jpg 225w, https:\/\/buletin.de\/bucuresti\/wp-content\/uploads\/uslm-cirstoiu-768x1024.jpg 768w, https:\/\/buletin.de\/bucuresti\/wp-content\/uploads\/uslm-cirstoiu-1152x1536.jpg 1152w, https:\/\/buletin.de\/bucuresti\/wp-content\/uploads\/uslm-cirstoiu-1100x1467.jpg 1100w, https:\/\/buletin.de\/bucuresti\/wp-content\/uploads\/uslm-cirstoiu-600x800.jpg 600w, https:\/\/buletin.de\/bucuresti\/wp-content\/uploads\/uslm-cirstoiu-20x27.jpg 20w, https:\/\/buletin.de\/bucuresti\/wp-content\/uploads\/uslm-cirstoiu.jpg 1536w\" sizes=\"(max-width: 675px) 100vw, 675px\" \/><\/figure>\n<\/div>\n\n\n<p>Liderul sindical de aici nu mai este Ion R\u0103doi, fost deputat PSD, <a href=\"https:\/\/buletin.de\/bucuresti\/editorial-secretul-puterii-lui-ion-radoi\/\">care s-a pensionat recent la cap\u0103tul a 16 greve generale, 18 de avertisment \u015fi una de solidaritate<\/a>(cu sau f\u0103r\u0103 motiv), ci Marian Artimon.<\/p>\n\n\n\n<p>\u00centre \u201cluptele\u201d pentru angaja\u021bii din subteran \u0219i oamenii politici din fruntea PSD, care conduc ministerul Transporturilor, se afl\u0103 scaunul s\u0103u de consilier general la PMB, din grupul, a\u021bi ghicit, PSD.<\/p>\n\n\n\n<p><em>\u201c\u00cen calitatea domniei sale de medic si director de spital universitar, \u0219i-a oferit sprijinul necondi\u021bionat pentru ca <strong>USLM s\u0103 poat\u0103 declara bolile profesionale \u0219i bolile legate de profesie de care cu to\u021bii \u0219tim c\u0103 suferim<\/strong><\/em>\u201d, se arat\u0103 \u00eentr-o comunicare intern\u0103 a USLM ob\u021binut\u0103 de Buletin de Bucure\u0219ti. Ce \u00eenseamn\u0103 asta? Posibile pension\u0103ri medicale anticipate ale unor oameni de prin birouri \u0219i nicidecum pentru cei care duc greul prin tuneluri \u0219i care, \u00eentr-adev\u0103r \u0219i pe bun\u0103 dreptate, sunt predispu\u0219i la crunte boli profesionale.<\/p>\n\n\n\n<p>De la \u00eent\u00e2lnirea cu USLM-ul n-a ap\u0103rut nicio imagine public\u0103 de la staff-ul de campanie a lui C\u0103t\u0103lin C\u00eerstoiu, probabil din cauza prezen\u021bei domnului Negoi\u021b\u0103, cine \u0219tie. Dar a ap\u0103rut una tangen\u021bial\u0103 titrat\u0103 astfel: <em>\u201cM-am \u00eentors tot cu metroul de la \u00eent\u00e2lnirea cu sindicatele de la Metrorex. \u0218i am ajuns mult mai repede. Nicu\u0219or tot nu era\u2026<\/em>\u201d<\/p>\n\n\n\n<figure class=\"wp-block-image size-large\"><img loading=\"lazy\" decoding=\"async\" width=\"900\" height=\"651\" src=\"data:image\/gif;base64,R0lGODlhAQABAAAAACH5BAEKAAEALAAAAAABAAEAAAICTAEAOw==\" data-src=\"https:\/\/buletin.de\/bucuresti\/wp-content\/uploads\/434596534_122120872556245920_3718809483198489838_n-900x651.jpg\" alt=\"\" class=\"wp-image-82839 lazyload\" data-sizes=\"auto\" data-srcset=\"https:\/\/buletin.de\/bucuresti\/wp-content\/uploads\/434596534_122120872556245920_3718809483198489838_n-900x651.jpg 900w, https:\/\/buletin.de\/bucuresti\/wp-content\/uploads\/434596534_122120872556245920_3718809483198489838_n-300x217.jpg 300w, https:\/\/buletin.de\/bucuresti\/wp-content\/uploads\/434596534_122120872556245920_3718809483198489838_n-768x556.jpg 768w, https:\/\/buletin.de\/bucuresti\/wp-content\/uploads\/434596534_122120872556245920_3718809483198489838_n-1536x1112.jpg 1536w, https:\/\/buletin.de\/bucuresti\/wp-content\/uploads\/434596534_122120872556245920_3718809483198489838_n-1600x1158.jpg 1600w, https:\/\/buletin.de\/bucuresti\/wp-content\/uploads\/434596534_122120872556245920_3718809483198489838_n-1100x796.jpg 1100w, https:\/\/buletin.de\/bucuresti\/wp-content\/uploads\/434596534_122120872556245920_3718809483198489838_n-600x434.jpg 600w, https:\/\/buletin.de\/bucuresti\/wp-content\/uploads\/434596534_122120872556245920_3718809483198489838_n-20x14.jpg 20w, https:\/\/buletin.de\/bucuresti\/wp-content\/uploads\/434596534_122120872556245920_3718809483198489838_n.jpg 2048w\" sizes=\"(max-width: 900px) 100vw, 900px\" \/><figcaption class=\"wp-element-caption\">FOTO: FB\/C\u0103t\u0103lin C\u00eerstoiu<\/figcaption><\/figure>\n\n\n\n<p>Grija pentru muncitorime a \u201cmedicului-manager-cet\u0103\u021bean\u201d este cumva \u00eendrept\u0103\u021bit\u0103, mai ales din punct de vedere electoral. Cumulat, STB \u0219i Metrorex adun\u0103 aproximativ 16.000 de angaja\u021bi cu contract colectiv de munc\u0103, \u00een condi\u021biile \u00een care gradul de sindicalizare bate spre 99%.<\/p>\n\n\n\n<p>Asta f\u0103r\u0103 s\u0103 punem la socoteal\u0103 \u0219i Termoenergetica, cu cei peste 3.000 de angaja\u021bi. Aici este lider de sindicat doamna Ioana Stoica, tot consilier general. \u0218i da, iar a\u021bi ghicit. \u0218i partidul de pe listele c\u0103reia a fost aleas\u0103 \u00een 2020 \u00een CGMB, dar \u0219i care ar putea fi urm\u0103toarea &#8220;sta\u021bie electoral\u0103&#8221; a lui C\u0103t\u0103lin C\u00eerstoiu.&nbsp;<\/p>\n\n\n\n<figure class=\"wp-block-image size-large\"><img loading=\"lazy\" decoding=\"async\" width=\"900\" height=\"600\" src=\"data:image\/gif;base64,R0lGODlhAQABAAAAACH5BAEKAAEALAAAAAABAAEAAAICTAEAOw==\" data-src=\"https:\/\/buletin.de\/bucuresti\/wp-content\/uploads\/ID123421_INQUAM_Photos_George_Calin-900x600.jpg\" alt=\"\" class=\"wp-image-82840 lazyload\" data-sizes=\"auto\" data-srcset=\"https:\/\/buletin.de\/bucuresti\/wp-content\/uploads\/ID123421_INQUAM_Photos_George_Calin-900x600.jpg 900w, https:\/\/buletin.de\/bucuresti\/wp-content\/uploads\/ID123421_INQUAM_Photos_George_Calin-300x200.jpg 300w, https:\/\/buletin.de\/bucuresti\/wp-content\/uploads\/ID123421_INQUAM_Photos_George_Calin-768x512.jpg 768w, https:\/\/buletin.de\/bucuresti\/wp-content\/uploads\/ID123421_INQUAM_Photos_George_Calin-1536x1024.jpg 1536w, https:\/\/buletin.de\/bucuresti\/wp-content\/uploads\/ID123421_INQUAM_Photos_George_Calin-1600x1066.jpg 1600w, https:\/\/buletin.de\/bucuresti\/wp-content\/uploads\/ID123421_INQUAM_Photos_George_Calin-1100x733.jpg 1100w, https:\/\/buletin.de\/bucuresti\/wp-content\/uploads\/ID123421_INQUAM_Photos_George_Calin-600x400.jpg 600w, https:\/\/buletin.de\/bucuresti\/wp-content\/uploads\/ID123421_INQUAM_Photos_George_Calin-20x13.jpg 20w, https:\/\/buletin.de\/bucuresti\/wp-content\/uploads\/ID123421_INQUAM_Photos_George_Calin.jpg 2000w\" sizes=\"(max-width: 900px) 100vw, 900px\" \/><figcaption class=\"wp-element-caption\">Ioana Stoica(centru), liderul de sindicat de la Termoenergetica, la o \u00eent\u00e2nire electoral\u0103 din 2019, al\u0103turi de fostul primarul general Gabriela Firea si fostul presedinte PSD Viorica Dancil\u0103. (FOTO: Inquam Photos\/George C\u0103lin)<\/figcaption><\/figure>\n\n\n\n<p>CITE\u0218TE \u0218I<\/p>\n\n\n\n<figure class=\"wp-block-embed is-type-wp-embed is-provider-buletin-de-bucure-ti wp-block-embed-buletin-de-bucure-ti\"><div class=\"wp-block-embed__wrapper\">\n<blockquote class=\"wp-embedded-content\" data-secret=\"xq5iXCXU7N\"><a href=\"https:\/\/buletin.de\/bucuresti\/stb-contracteaza-consultanta-pentru-recuperarea-prejudiciului-cauzat-de-greva-generala-din-2022\/\">STB contracteaz\u0103 consultan\u021b\u0103 pentru recuperarea prejudiciului cauzat de greva general\u0103 din 2022<\/a><\/blockquote><iframe class=\"wp-embedded-content\" sandbox=\"allow-scripts\" security=\"restricted\" style=\"position: absolute; clip: rect(1px, 1px, 1px, 1px);\" title=\"&#8220;STB contracteaz\u0103 consultan\u021b\u0103 pentru recuperarea prejudiciului cauzat de greva general\u0103 din 2022&#8221; &#8212; Buletin de Bucure\u0219ti\" src=\"https:\/\/buletin.de\/bucuresti\/stb-contracteaza-consultanta-pentru-recuperarea-prejudiciului-cauzat-de-greva-generala-din-2022\/embed\/#?secret=az6G6pyFFJ#?secret=xq5iXCXU7N\" data-secret=\"xq5iXCXU7N\" width=\"600\" height=\"338\" frameborder=\"0\" marginwidth=\"0\" marginheight=\"0\" scrolling=\"no\"><\/iframe>\n<\/div><\/figure>\n","protected":false},"excerpt":{"rendered":"<p>\u00cen mai pu\u021bin de dou\u0103 zile, candidatul PSD-PNL la Prim\u0103ria General\u0103, medicul C\u0103t\u0103lin C\u00eerstoiu, a bifat dou\u0103 \u00eent\u00e2lniri extrem de importante, poate mai importante dec\u00e2t cele cu liderii coali\u021biei Marcel Ciolacu \u0219i Nicolae Ciuc\u0103, \u00een urma c\u0103rora a primit misiunea de \u201ea se lupta&#8221; pentru Bucure\u0219ti \u00een calitate de \u201eMedic.Manager.Cet\u0103\u021bean\u201d. \u00cen calitate de bucure\u0219tean aspirant [&hellip;]<\/p>\n","protected":false},"author":10,"featured_media":82841,"comment_status":"closed","ping_status":"open","sticky":false,"template":"","format":"standard","meta":{"_acf_changed":false,"inline_featured_image":false,"ngg_post_thumbnail":0,"footnotes":""},"categories":[6994,41,5762],"tags":[11165,2645,377,1775,65,2461,402,533,367],"ppma_author":[22575],"class_list":["post-82834","post","type-post","status-publish","format-standard","has-post-thumbnail","hentry","category-stiri-2","category-editorial","category-main","tag-cirstoiu","tag-consilieri-generali","tag-metrorex","tag-negocieri","tag-psd","tag-sindicate","tag-stb","tag-termoenergetica","tag-voturi"],"acf":[],"yoast_head":"<!-- This site is optimized with the Yoast SEO Premium plugin v25.3 (Yoast SEO v27.5) - https:\/\/yoast.com\/product\/yoast-seo-premium-wordpress\/ -->\n<title>EDITORIAL | \u201eRestaura\u021bia\u201d sindical\u0103 de la PSD: C\u0103t\u0103lin C\u00eerstoiu, \u00eent\u00e2lniri electorale cu \u201ecolegii\u201d Petrariu(STB) \u0219i Artimon(Metrorex)\u00a0 - Buletin de Bucure\u0219ti<\/title>\n<meta name=\"robots\" content=\"index, follow, max-snippet:-1, max-image-preview:large, max-video-preview:-1\" \/>\n<link rel=\"canonical\" href=\"https:\/\/buletin.de\/bucuresti\/editorial-restauratia-sindicala-de-la-psd-catalin-cirstoiu-intalniri-electorale-cu-colegii-petrariustb-si-artimonmetrorex\/\" \/>\n<meta property=\"og:locale\" content=\"en_GB\" \/>\n<meta property=\"og:type\" content=\"article\" \/>\n<meta property=\"og:title\" content=\"EDITORIAL | \u201eRestaura\u021bia\u201d sindical\u0103 de la PSD: C\u0103t\u0103lin C\u00eerstoiu, \u00eent\u00e2lniri electorale cu \u201ecolegii\u201d Petrariu(STB) \u0219i Artimon(Metrorex)\u00a0\" \/>\n<meta property=\"og:description\" content=\"\u00cen mai pu\u021bin de dou\u0103 zile, candidatul PSD-PNL la Prim\u0103ria General\u0103, medicul C\u0103t\u0103lin C\u00eerstoiu, a bifat dou\u0103 \u00eent\u00e2lniri extrem de importante, poate mai importante dec\u00e2t cele cu liderii coali\u021biei Marcel Ciolacu \u0219i Nicolae Ciuc\u0103, \u00een urma c\u0103rora a primit misiunea de \u201ea se lupta&#8221; pentru Bucure\u0219ti \u00een calitate de \u201eMedic.Manager.Cet\u0103\u021bean\u201d. \u00cen calitate de bucure\u0219tean aspirant [&hellip;]\" \/>\n<meta property=\"og:url\" content=\"https:\/\/buletin.de\/bucuresti\/editorial-restauratia-sindicala-de-la-psd-catalin-cirstoiu-intalniri-electorale-cu-colegii-petrariustb-si-artimonmetrorex\/\" \/>\n<meta property=\"og:site_name\" content=\"Buletin de Bucure\u0219ti\" \/>\n<meta property=\"article:publisher\" content=\"https:\/\/www.facebook.com\/buletin.de.buc\" \/>\n<meta property=\"article:published_time\" content=\"2024-04-12T05:35:38+00:00\" \/>\n<meta property=\"article:modified_time\" content=\"2024-04-12T10:49:57+00:00\" \/>\n<meta property=\"og:image\" content=\"https:\/\/buletin.de\/bucuresti\/wp-content\/uploads\/cirstoiu-sindicate.jpg\" \/>\n\t<meta property=\"og:image:width\" content=\"2000\" \/>\n\t<meta property=\"og:image:height\" content=\"1055\" \/>\n\t<meta property=\"og:image:type\" content=\"image\/jpeg\" \/>\n<meta name=\"author\" content=\"C\u0103t\u0103lin Dosca\u0219\" \/>\n<meta name=\"twitter:card\" content=\"summary_large_image\" \/>\n<meta name=\"twitter:label1\" content=\"Written by\" \/>\n\t<meta name=\"twitter:data1\" content=\"C\u0103t\u0103lin Dosca\u0219\" \/>\n\t<meta name=\"twitter:label2\" content=\"Estimated reading time\" \/>\n\t<meta name=\"twitter:data2\" content=\"5 minutes\" \/>\n<script type=\"application\/ld+json\" class=\"yoast-schema-graph\">{\"@context\":\"https:\\\/\\\/schema.org\",\"@graph\":[{\"@type\":\"Article\",\"@id\":\"https:\\\/\\\/buletin.de\\\/bucuresti\\\/editorial-restauratia-sindicala-de-la-psd-catalin-cirstoiu-intalniri-electorale-cu-colegii-petrariustb-si-artimonmetrorex\\\/#article\",\"isPartOf\":{\"@id\":\"https:\\\/\\\/buletin.de\\\/bucuresti\\\/editorial-restauratia-sindicala-de-la-psd-catalin-cirstoiu-intalniri-electorale-cu-colegii-petrariustb-si-artimonmetrorex\\\/\"},\"author\":{\"name\":\"C\u0103t\u0103lin Dosca\u0219\",\"@id\":\"https:\\\/\\\/buletin.de\\\/bucuresti\\\/#\\\/schema\\\/person\\\/31117187ed4d0bdb0a4c7d6acc79d0f8\"},\"headline\":\"EDITORIAL | \u201eRestaura\u021bia\u201d sindical\u0103 de la PSD: C\u0103t\u0103lin C\u00eerstoiu, \u00eent\u00e2lniri electorale cu \u201ecolegii\u201d Petrariu(STB) \u0219i Artimon(Metrorex)\u00a0\",\"datePublished\":\"2024-04-12T05:35:38+00:00\",\"dateModified\":\"2024-04-12T10:49:57+00:00\",\"mainEntityOfPage\":{\"@id\":\"https:\\\/\\\/buletin.de\\\/bucuresti\\\/editorial-restauratia-sindicala-de-la-psd-catalin-cirstoiu-intalniri-electorale-cu-colegii-petrariustb-si-artimonmetrorex\\\/\"},\"wordCount\":845,\"publisher\":{\"@id\":\"https:\\\/\\\/buletin.de\\\/bucuresti\\\/#organization\"},\"image\":{\"@id\":\"https:\\\/\\\/buletin.de\\\/bucuresti\\\/editorial-restauratia-sindicala-de-la-psd-catalin-cirstoiu-intalniri-electorale-cu-colegii-petrariustb-si-artimonmetrorex\\\/#primaryimage\"},\"thumbnailUrl\":\"https:\\\/\\\/buletin.de\\\/bucuresti\\\/wp-content\\\/uploads\\\/cirstoiu-sindicate.jpg\",\"keywords\":[\"cirstoiu\",\"Consilieri Generali\",\"metrorex\",\"negocieri\",\"psd\",\"sindicate\",\"stb\",\"termoenergetica\",\"voturi\"],\"articleSection\":[\"Articole\",\"Editorial\",\"Main\"],\"inLanguage\":\"en-GB\",\"copyrightYear\":\"2024\",\"copyrightHolder\":{\"@id\":\"https:\\\/\\\/buletin.de\\\/bucuresti\\\/#organization\"}},{\"@type\":\"WebPage\",\"@id\":\"https:\\\/\\\/buletin.de\\\/bucuresti\\\/editorial-restauratia-sindicala-de-la-psd-catalin-cirstoiu-intalniri-electorale-cu-colegii-petrariustb-si-artimonmetrorex\\\/\",\"url\":\"https:\\\/\\\/buletin.de\\\/bucuresti\\\/editorial-restauratia-sindicala-de-la-psd-catalin-cirstoiu-intalniri-electorale-cu-colegii-petrariustb-si-artimonmetrorex\\\/\",\"name\":\"EDITORIAL | \u201eRestaura\u021bia\u201d sindical\u0103 de la PSD: C\u0103t\u0103lin C\u00eerstoiu, \u00eent\u00e2lniri electorale cu \u201ecolegii\u201d Petrariu(STB) \u0219i Artimon(Metrorex)\u00a0 - Buletin de Bucure\u0219ti\",\"isPartOf\":{\"@id\":\"https:\\\/\\\/buletin.de\\\/bucuresti\\\/#website\"},\"primaryImageOfPage\":{\"@id\":\"https:\\\/\\\/buletin.de\\\/bucuresti\\\/editorial-restauratia-sindicala-de-la-psd-catalin-cirstoiu-intalniri-electorale-cu-colegii-petrariustb-si-artimonmetrorex\\\/#primaryimage\"},\"image\":{\"@id\":\"https:\\\/\\\/buletin.de\\\/bucuresti\\\/editorial-restauratia-sindicala-de-la-psd-catalin-cirstoiu-intalniri-electorale-cu-colegii-petrariustb-si-artimonmetrorex\\\/#primaryimage\"},\"thumbnailUrl\":\"https:\\\/\\\/buletin.de\\\/bucuresti\\\/wp-content\\\/uploads\\\/cirstoiu-sindicate.jpg\",\"datePublished\":\"2024-04-12T05:35:38+00:00\",\"dateModified\":\"2024-04-12T10:49:57+00:00\",\"breadcrumb\":{\"@id\":\"https:\\\/\\\/buletin.de\\\/bucuresti\\\/editorial-restauratia-sindicala-de-la-psd-catalin-cirstoiu-intalniri-electorale-cu-colegii-petrariustb-si-artimonmetrorex\\\/#breadcrumb\"},\"inLanguage\":\"en-GB\",\"potentialAction\":[{\"@type\":\"ReadAction\",\"target\":[\"https:\\\/\\\/buletin.de\\\/bucuresti\\\/editorial-restauratia-sindicala-de-la-psd-catalin-cirstoiu-intalniri-electorale-cu-colegii-petrariustb-si-artimonmetrorex\\\/\"]}]},{\"@type\":\"ImageObject\",\"inLanguage\":\"en-GB\",\"@id\":\"https:\\\/\\\/buletin.de\\\/bucuresti\\\/editorial-restauratia-sindicala-de-la-psd-catalin-cirstoiu-intalniri-electorale-cu-colegii-petrariustb-si-artimonmetrorex\\\/#primaryimage\",\"url\":\"https:\\\/\\\/buletin.de\\\/bucuresti\\\/wp-content\\\/uploads\\\/cirstoiu-sindicate.jpg\",\"contentUrl\":\"https:\\\/\\\/buletin.de\\\/bucuresti\\\/wp-content\\\/uploads\\\/cirstoiu-sindicate.jpg\",\"width\":2000,\"height\":1055},{\"@type\":\"BreadcrumbList\",\"@id\":\"https:\\\/\\\/buletin.de\\\/bucuresti\\\/editorial-restauratia-sindicala-de-la-psd-catalin-cirstoiu-intalniri-electorale-cu-colegii-petrariustb-si-artimonmetrorex\\\/#breadcrumb\",\"itemListElement\":[{\"@type\":\"ListItem\",\"position\":1,\"name\":\"Acas\u0103\",\"item\":\"https:\\\/\\\/buletin.de\\\/bucuresti\\\/\"},{\"@type\":\"ListItem\",\"position\":2,\"name\":\"EDITORIAL | \u201eRestaura\u021bia\u201d sindical\u0103 de la PSD: C\u0103t\u0103lin C\u00eerstoiu, \u00eent\u00e2lniri electorale cu \u201ecolegii\u201d Petrariu(STB) \u0219i Artimon(Metrorex)\u00a0\"}]},{\"@type\":\"WebSite\",\"@id\":\"https:\\\/\\\/buletin.de\\\/bucuresti\\\/#website\",\"url\":\"https:\\\/\\\/buletin.de\\\/bucuresti\\\/\",\"name\":\"Buletin de Bucure\u0219ti\",\"description\":\"\u0218tiri \u0219i investiga\u021bii esen\u021biale din capital\u0103\",\"publisher\":{\"@id\":\"https:\\\/\\\/buletin.de\\\/bucuresti\\\/#organization\"},\"potentialAction\":[{\"@type\":\"SearchAction\",\"target\":{\"@type\":\"EntryPoint\",\"urlTemplate\":\"https:\\\/\\\/buletin.de\\\/bucuresti\\\/?s={search_term_string}\"},\"query-input\":{\"@type\":\"PropertyValueSpecification\",\"valueRequired\":true,\"valueName\":\"search_term_string\"}}],\"inLanguage\":\"en-GB\"},{\"@type\":\"Organization\",\"@id\":\"https:\\\/\\\/buletin.de\\\/bucuresti\\\/#organization\",\"name\":\"Buletin de Bucure\u0219ti\",\"url\":\"https:\\\/\\\/buletin.de\\\/bucuresti\\\/\",\"logo\":{\"@type\":\"ImageObject\",\"inLanguage\":\"en-GB\",\"@id\":\"https:\\\/\\\/buletin.de\\\/bucuresti\\\/#\\\/schema\\\/logo\\\/image\\\/\",\"url\":\"https:\\\/\\\/buletin.de\\\/bucuresti\\\/wp-content\\\/uploads\\\/logo-bdb-full-wide-vernil-transparent.png\",\"contentUrl\":\"https:\\\/\\\/buletin.de\\\/bucuresti\\\/wp-content\\\/uploads\\\/logo-bdb-full-wide-vernil-transparent.png\",\"width\":1782,\"height\":626,\"caption\":\"Buletin de Bucure\u0219ti\"},\"image\":{\"@id\":\"https:\\\/\\\/buletin.de\\\/bucuresti\\\/#\\\/schema\\\/logo\\\/image\\\/\"},\"sameAs\":[\"https:\\\/\\\/www.facebook.com\\\/buletin.de.buc\",\"https:\\\/\\\/www.instagram.com\\\/buletinde.bucuresti\\\/\"]},{\"@type\":\"Person\",\"@id\":\"https:\\\/\\\/buletin.de\\\/bucuresti\\\/#\\\/schema\\\/person\\\/31117187ed4d0bdb0a4c7d6acc79d0f8\",\"name\":\"C\u0103t\u0103lin Dosca\u0219\",\"image\":{\"@type\":\"ImageObject\",\"inLanguage\":\"en-GB\",\"@id\":\"https:\\\/\\\/buletin.de\\\/bucuresti\\\/wp-content\\\/uploads\\\/Catalin-Doscas-e1732731064764-96x96.jpga93e2943bb3b1c1f9ead823df6e6317a\",\"url\":\"https:\\\/\\\/buletin.de\\\/bucuresti\\\/wp-content\\\/uploads\\\/Catalin-Doscas-e1732731064764-96x96.jpg\",\"contentUrl\":\"https:\\\/\\\/buletin.de\\\/bucuresti\\\/wp-content\\\/uploads\\\/Catalin-Doscas-e1732731064764-96x96.jpg\",\"caption\":\"C\u0103t\u0103lin Dosca\u0219\"},\"description\":\"Reporter \u0219i redactor-\u0219ef Buletin de Bucure\u0219ti. Lucreaz\u0103 \u00een mass-media de la v\u00e2rsta de 15 ani, c\u00e2nd a publicat primele articole \u00een presa local\u0103 din Tecuci. \u00cen Bucure\u0219ti a lucrat \u00een redac\u021bii radio ca reporter, redactor \u0219i prezentator (StudentFM, Na\u021bionalFM, Radio Total, Smart FM), unde a acoperit domeniile politic, economic, social \u0219i externe. Ulterior, a fost editor-coordonator al postului Realitatea FM. Experien\u021ba \u00een jurnalismul online a dob\u00e2ndit-o la portalul B365.ro, unde a fost editor. \u00cen 2012 s-a angajat \u00een televiziune. La Realitatea TV a fost, pe r\u00e2nd, reporter la sec\u021bia Social, reporter special la emisiunea de reportaje \u0219i anchete \u201eReporterii Realit\u0103\u021bii\u201d, dar \u0219i editor al jurnalelor de \u0219tiri. Ulterior, a f\u0103cut parte din sec\u021bia de Investiga\u021bii de la Digi24 \u0219i a lucrat la campania \u201eRom\u00e2nia furat\u0103\u201d. A revenit \u00een presa scris\u0103 \u00een 2017, ca reporter special, \u00een cadrul unui proiect de repozi\u021bionare a tabloidului Libertatea \u00een cotidian generalist. Este jurnalist Buletin de Bucure\u0219ti din 2019.\",\"url\":\"https:\\\/\\\/buletin.de\\\/bucuresti\\\/author\\\/catalin\\\/\"}]}<\/script>\n<!-- \/ Yoast SEO Premium plugin. -->","yoast_head_json":{"title":"EDITORIAL | \u201eRestaura\u021bia\u201d sindical\u0103 de la PSD: C\u0103t\u0103lin C\u00eerstoiu, \u00eent\u00e2lniri electorale cu \u201ecolegii\u201d Petrariu(STB) \u0219i Artimon(Metrorex)\u00a0 - Buletin de Bucure\u0219ti","robots":{"index":"index","follow":"follow","max-snippet":"max-snippet:-1","max-image-preview":"max-image-preview:large","max-video-preview":"max-video-preview:-1"},"canonical":"https:\/\/buletin.de\/bucuresti\/editorial-restauratia-sindicala-de-la-psd-catalin-cirstoiu-intalniri-electorale-cu-colegii-petrariustb-si-artimonmetrorex\/","og_locale":"en_GB","og_type":"article","og_title":"EDITORIAL | \u201eRestaura\u021bia\u201d sindical\u0103 de la PSD: C\u0103t\u0103lin C\u00eerstoiu, \u00eent\u00e2lniri electorale cu \u201ecolegii\u201d Petrariu(STB) \u0219i Artimon(Metrorex)\u00a0","og_description":"\u00cen mai pu\u021bin de dou\u0103 zile, candidatul PSD-PNL la Prim\u0103ria General\u0103, medicul C\u0103t\u0103lin C\u00eerstoiu, a bifat dou\u0103 \u00eent\u00e2lniri extrem de importante, poate mai importante dec\u00e2t cele cu liderii coali\u021biei Marcel Ciolacu \u0219i Nicolae Ciuc\u0103, \u00een urma c\u0103rora a primit misiunea de \u201ea se lupta&#8221; pentru Bucure\u0219ti \u00een calitate de \u201eMedic.Manager.Cet\u0103\u021bean\u201d. \u00cen calitate de bucure\u0219tean aspirant [&hellip;]","og_url":"https:\/\/buletin.de\/bucuresti\/editorial-restauratia-sindicala-de-la-psd-catalin-cirstoiu-intalniri-electorale-cu-colegii-petrariustb-si-artimonmetrorex\/","og_site_name":"Buletin de Bucure\u0219ti","article_publisher":"https:\/\/www.facebook.com\/buletin.de.buc","article_published_time":"2024-04-12T05:35:38+00:00","article_modified_time":"2024-04-12T10:49:57+00:00","og_image":[{"width":2000,"height":1055,"url":"https:\/\/buletin.de\/bucuresti\/wp-content\/uploads\/cirstoiu-sindicate.jpg","type":"image\/jpeg"}],"author":"C\u0103t\u0103lin Dosca\u0219","twitter_card":"summary_large_image","twitter_misc":{"Written by":"C\u0103t\u0103lin Dosca\u0219","Estimated reading time":"5 minutes"},"schema":{"@context":"https:\/\/schema.org","@graph":[{"@type":"Article","@id":"https:\/\/buletin.de\/bucuresti\/editorial-restauratia-sindicala-de-la-psd-catalin-cirstoiu-intalniri-electorale-cu-colegii-petrariustb-si-artimonmetrorex\/#article","isPartOf":{"@id":"https:\/\/buletin.de\/bucuresti\/editorial-restauratia-sindicala-de-la-psd-catalin-cirstoiu-intalniri-electorale-cu-colegii-petrariustb-si-artimonmetrorex\/"},"author":{"name":"C\u0103t\u0103lin Dosca\u0219","@id":"https:\/\/buletin.de\/bucuresti\/#\/schema\/person\/31117187ed4d0bdb0a4c7d6acc79d0f8"},"headline":"EDITORIAL | \u201eRestaura\u021bia\u201d sindical\u0103 de la PSD: C\u0103t\u0103lin C\u00eerstoiu, \u00eent\u00e2lniri electorale cu \u201ecolegii\u201d Petrariu(STB) \u0219i Artimon(Metrorex)\u00a0","datePublished":"2024-04-12T05:35:38+00:00","dateModified":"2024-04-12T10:49:57+00:00","mainEntityOfPage":{"@id":"https:\/\/buletin.de\/bucuresti\/editorial-restauratia-sindicala-de-la-psd-catalin-cirstoiu-intalniri-electorale-cu-colegii-petrariustb-si-artimonmetrorex\/"},"wordCount":845,"publisher":{"@id":"https:\/\/buletin.de\/bucuresti\/#organization"},"image":{"@id":"https:\/\/buletin.de\/bucuresti\/editorial-restauratia-sindicala-de-la-psd-catalin-cirstoiu-intalniri-electorale-cu-colegii-petrariustb-si-artimonmetrorex\/#primaryimage"},"thumbnailUrl":"https:\/\/buletin.de\/bucuresti\/wp-content\/uploads\/cirstoiu-sindicate.jpg","keywords":["cirstoiu","Consilieri Generali","metrorex","negocieri","psd","sindicate","stb","termoenergetica","voturi"],"articleSection":["Articole","Editorial","Main"],"inLanguage":"en-GB","copyrightYear":"2024","copyrightHolder":{"@id":"https:\/\/buletin.de\/bucuresti\/#organization"}},{"@type":"WebPage","@id":"https:\/\/buletin.de\/bucuresti\/editorial-restauratia-sindicala-de-la-psd-catalin-cirstoiu-intalniri-electorale-cu-colegii-petrariustb-si-artimonmetrorex\/","url":"https:\/\/buletin.de\/bucuresti\/editorial-restauratia-sindicala-de-la-psd-catalin-cirstoiu-intalniri-electorale-cu-colegii-petrariustb-si-artimonmetrorex\/","name":"EDITORIAL | \u201eRestaura\u021bia\u201d sindical\u0103 de la PSD: C\u0103t\u0103lin C\u00eerstoiu, \u00eent\u00e2lniri electorale cu \u201ecolegii\u201d Petrariu(STB) \u0219i Artimon(Metrorex)\u00a0 - Buletin de Bucure\u0219ti","isPartOf":{"@id":"https:\/\/buletin.de\/bucuresti\/#website"},"primaryImageOfPage":{"@id":"https:\/\/buletin.de\/bucuresti\/editorial-restauratia-sindicala-de-la-psd-catalin-cirstoiu-intalniri-electorale-cu-colegii-petrariustb-si-artimonmetrorex\/#primaryimage"},"image":{"@id":"https:\/\/buletin.de\/bucuresti\/editorial-restauratia-sindicala-de-la-psd-catalin-cirstoiu-intalniri-electorale-cu-colegii-petrariustb-si-artimonmetrorex\/#primaryimage"},"thumbnailUrl":"https:\/\/buletin.de\/bucuresti\/wp-content\/uploads\/cirstoiu-sindicate.jpg","datePublished":"2024-04-12T05:35:38+00:00","dateModified":"2024-04-12T10:49:57+00:00","breadcrumb":{"@id":"https:\/\/buletin.de\/bucuresti\/editorial-restauratia-sindicala-de-la-psd-catalin-cirstoiu-intalniri-electorale-cu-colegii-petrariustb-si-artimonmetrorex\/#breadcrumb"},"inLanguage":"en-GB","potentialAction":[{"@type":"ReadAction","target":["https:\/\/buletin.de\/bucuresti\/editorial-restauratia-sindicala-de-la-psd-catalin-cirstoiu-intalniri-electorale-cu-colegii-petrariustb-si-artimonmetrorex\/"]}]},{"@type":"ImageObject","inLanguage":"en-GB","@id":"https:\/\/buletin.de\/bucuresti\/editorial-restauratia-sindicala-de-la-psd-catalin-cirstoiu-intalniri-electorale-cu-colegii-petrariustb-si-artimonmetrorex\/#primaryimage","url":"https:\/\/buletin.de\/bucuresti\/wp-content\/uploads\/cirstoiu-sindicate.jpg","contentUrl":"https:\/\/buletin.de\/bucuresti\/wp-content\/uploads\/cirstoiu-sindicate.jpg","width":2000,"height":1055},{"@type":"BreadcrumbList","@id":"https:\/\/buletin.de\/bucuresti\/editorial-restauratia-sindicala-de-la-psd-catalin-cirstoiu-intalniri-electorale-cu-colegii-petrariustb-si-artimonmetrorex\/#breadcrumb","itemListElement":[{"@type":"ListItem","position":1,"name":"Acas\u0103","item":"https:\/\/buletin.de\/bucuresti\/"},{"@type":"ListItem","position":2,"name":"EDITORIAL | \u201eRestaura\u021bia\u201d sindical\u0103 de la PSD: C\u0103t\u0103lin C\u00eerstoiu, \u00eent\u00e2lniri electorale cu \u201ecolegii\u201d Petrariu(STB) \u0219i Artimon(Metrorex)\u00a0"}]},{"@type":"WebSite","@id":"https:\/\/buletin.de\/bucuresti\/#website","url":"https:\/\/buletin.de\/bucuresti\/","name":"Buletin de Bucure\u0219ti","description":"\u0218tiri \u0219i investiga\u021bii esen\u021biale din capital\u0103","publisher":{"@id":"https:\/\/buletin.de\/bucuresti\/#organization"},"potentialAction":[{"@type":"SearchAction","target":{"@type":"EntryPoint","urlTemplate":"https:\/\/buletin.de\/bucuresti\/?s={search_term_string}"},"query-input":{"@type":"PropertyValueSpecification","valueRequired":true,"valueName":"search_term_string"}}],"inLanguage":"en-GB"},{"@type":"Organization","@id":"https:\/\/buletin.de\/bucuresti\/#organization","name":"Buletin de Bucure\u0219ti","url":"https:\/\/buletin.de\/bucuresti\/","logo":{"@type":"ImageObject","inLanguage":"en-GB","@id":"https:\/\/buletin.de\/bucuresti\/#\/schema\/logo\/image\/","url":"https:\/\/buletin.de\/bucuresti\/wp-content\/uploads\/logo-bdb-full-wide-vernil-transparent.png","contentUrl":"https:\/\/buletin.de\/bucuresti\/wp-content\/uploads\/logo-bdb-full-wide-vernil-transparent.png","width":1782,"height":626,"caption":"Buletin de Bucure\u0219ti"},"image":{"@id":"https:\/\/buletin.de\/bucuresti\/#\/schema\/logo\/image\/"},"sameAs":["https:\/\/www.facebook.com\/buletin.de.buc","https:\/\/www.instagram.com\/buletinde.bucuresti\/"]},{"@type":"Person","@id":"https:\/\/buletin.de\/bucuresti\/#\/schema\/person\/31117187ed4d0bdb0a4c7d6acc79d0f8","name":"C\u0103t\u0103lin Dosca\u0219","image":{"@type":"ImageObject","inLanguage":"en-GB","@id":"https:\/\/buletin.de\/bucuresti\/wp-content\/uploads\/Catalin-Doscas-e1732731064764-96x96.jpga93e2943bb3b1c1f9ead823df6e6317a","url":"https:\/\/buletin.de\/bucuresti\/wp-content\/uploads\/Catalin-Doscas-e1732731064764-96x96.jpg","contentUrl":"https:\/\/buletin.de\/bucuresti\/wp-content\/uploads\/Catalin-Doscas-e1732731064764-96x96.jpg","caption":"C\u0103t\u0103lin Dosca\u0219"},"description":"Reporter \u0219i redactor-\u0219ef Buletin de Bucure\u0219ti. Lucreaz\u0103 \u00een mass-media de la v\u00e2rsta de 15 ani, c\u00e2nd a publicat primele articole \u00een presa local\u0103 din Tecuci. \u00cen Bucure\u0219ti a lucrat \u00een redac\u021bii radio ca reporter, redactor \u0219i prezentator (StudentFM, Na\u021bionalFM, Radio Total, Smart FM), unde a acoperit domeniile politic, economic, social \u0219i externe. Ulterior, a fost editor-coordonator al postului Realitatea FM. Experien\u021ba \u00een jurnalismul online a dob\u00e2ndit-o la portalul B365.ro, unde a fost editor. \u00cen 2012 s-a angajat \u00een televiziune. La Realitatea TV a fost, pe r\u00e2nd, reporter la sec\u021bia Social, reporter special la emisiunea de reportaje \u0219i anchete \u201eReporterii Realit\u0103\u021bii\u201d, dar \u0219i editor al jurnalelor de \u0219tiri. Ulterior, a f\u0103cut parte din sec\u021bia de Investiga\u021bii de la Digi24 \u0219i a lucrat la campania \u201eRom\u00e2nia furat\u0103\u201d. A revenit \u00een presa scris\u0103 \u00een 2017, ca reporter special, \u00een cadrul unui proiect de repozi\u021bionare a tabloidului Libertatea \u00een cotidian generalist. Este jurnalist Buletin de Bucure\u0219ti din 2019.","url":"https:\/\/buletin.de\/bucuresti\/author\/catalin\/"}]}},"authors":[{"term_id":22575,"user_id":10,"is_guest":0,"slug":"catalin","display_name":"C\u0103t\u0103lin Dosca\u0219","avatar_url":"https:\/\/buletin.de\/bucuresti\/wp-content\/uploads\/Catalin-Doscas-e1732731064764-96x96.jpg","0":null,"1":"","2":"","3":"","4":"","5":"","6":"","7":"","8":""}],"_links":{"self":[{"href":"https:\/\/buletin.de\/bucuresti\/wp-json\/wp\/v2\/posts\/82834","targetHints":{"allow":["GET"]}}],"collection":[{"href":"https:\/\/buletin.de\/bucuresti\/wp-json\/wp\/v2\/posts"}],"about":[{"href":"https:\/\/buletin.de\/bucuresti\/wp-json\/wp\/v2\/types\/post"}],"author":[{"embeddable":true,"href":"https:\/\/buletin.de\/bucuresti\/wp-json\/wp\/v2\/users\/10"}],"replies":[{"embeddable":true,"href":"https:\/\/buletin.de\/bucuresti\/wp-json\/wp\/v2\/comments?post=82834"}],"version-history":[{"count":10,"href":"https:\/\/buletin.de\/bucuresti\/wp-json\/wp\/v2\/posts\/82834\/revisions"}],"predecessor-version":[{"id":82870,"href":"https:\/\/buletin.de\/bucuresti\/wp-json\/wp\/v2\/posts\/82834\/revisions\/82870"}],"wp:featuredmedia":[{"embeddable":true,"href":"https:\/\/buletin.de\/bucuresti\/wp-json\/wp\/v2\/media\/82841"}],"wp:attachment":[{"href":"https:\/\/buletin.de\/bucuresti\/wp-json\/wp\/v2\/media?parent=82834"}],"wp:term":[{"taxonomy":"category","embeddable":true,"href":"https:\/\/buletin.de\/bucuresti\/wp-json\/wp\/v2\/categories?post=82834"},{"taxonomy":"post_tag","embeddable":true,"href":"https:\/\/buletin.de\/bucuresti\/wp-json\/wp\/v2\/tags?post=82834"},{"taxonomy":"author","embeddable":true,"href":"https:\/\/buletin.de\/bucuresti\/wp-json\/wp\/v2\/ppma_author?post=82834"}],"curies":[{"name":"wp","href":"https:\/\/api.w.org\/{rel}","templated":true}]}}