{"id":82718,"date":"2024-04-11T13:38:09","date_gmt":"2024-04-11T10:38:09","guid":{"rendered":"https:\/\/buletin.de\/bucuresti\/?p=82718"},"modified":"2024-04-11T13:38:09","modified_gmt":"2024-04-11T10:38:09","slug":"inca-5-3-milioane-de-euro-pentru-calea-ferata-bucuresti-giurgiu-circulatia-pe-podul-de-la-gradistea-ar-trebui-reluata-in-luna-mai","status":"publish","type":"post","link":"https:\/\/buletin.de\/bucuresti\/inca-5-3-milioane-de-euro-pentru-calea-ferata-bucuresti-giurgiu-circulatia-pe-podul-de-la-gradistea-ar-trebui-reluata-in-luna-mai\/","title":{"rendered":"\u00cenc\u0103 5.3 milioane de euro pentru calea ferat\u0103 Bucure\u0219ti-Giurgiu. Circula\u021bia pe podul de la Gr\u0103di\u0219tea ar trebui reluat\u0103 \u00een luna mai"},"content":{"rendered":"\n<p><strong>Construc\u021bia Podului Gr\u0103di\u0219tea, de pe linia de cale ferat\u0103 Bucure\u0219ti &#8211; Giurgiu, prime\u0219te \u00eenc\u0103 5,3 milioane de lei de la CFR Infrastructur\u0103. Conform estim\u0103rilor, \u00een luna iunie ar trebui reluat\u0103 circula\u021bia afectat\u0103 de inunda\u021biile din 2005.<\/strong><\/p>\n\n\n\n<p>Potrivit<a href=\"https:\/\/www.economica.net\/calea-ferata-bucuresti-giurgiu_739294.html\"> economica.net<\/a>, \u00eentreaga lucrare de modernizare a liniei de cale ferat\u0103 Bucure\u0219ti-Giurgiu, \u00eentre Vidra \u0219i Comana, cost\u0103 600 de milioane de lei. Anun\u021bul, publicat s\u0103pt\u0103m\u00e2na aceasta pe SEAP, arat\u0103 suplimentarea valorii contractului cu 5.297.556,78 lei, f\u0103r\u0103 TVA. Astfel, costul total al lucr\u0103rii cre\u0219te la 598.755.465,24 Lei, exclusiv TVA.<\/p>\n\n\n\n<p>\u00cen prezent,&nbsp;<a href=\"https:\/\/buletin.de\/bucuresti\/lucrarile-la-calea-ferata-bucuresti-giurgiu-gata-la-primavara-tren-metropolitan-la-domnesti-eurogara-la-comana-si-ruta-ruse-otopeni\/\">trenul Bucure\u0219ti-Giurgiu trece prin Videle dup\u0103 ce \u00een 2005 podul de la Gr\u0103di\u0219tea, de la grani\u021ba cu jude\u021bul Ilfov, s-a pr\u0103bu\u0219it<\/a>. \u00cen loc de 70 de kilometri, garniturile ocolesc aproape 120 de kilometri, distan\u021b\u0103 care aproape tripleaz\u0103 timpul de parcurs.<\/p>\n\n\n\n<p>Lucr\u0103rile pentru refacerea podului de la Gr\u0103di\u0219tea vin la pachet \u0219i cu o serie de moderniz\u0103ri pentru infrastructura feroviar\u0103 din zon\u0103. Astfel, pe l\u00e2ng\u0103 cele trei poduri \u0219i dou\u0103 viaducte, aferente celor 12 kilometri de cale moderniza\u021bi din zona podului de la Gr\u0103di\u0219tea, \u0219i&nbsp;<a href=\"https:\/\/buletin.de\/bucuresti\/parcul-natural-comana-va-avea-o-eurogara-modernizarea-liniei-bucuresti-giurgiu-aproape-gata\/\">Parcul Natural Comana va beneficia de o nou\u0103 eurogar\u0103.<\/a><\/p>\n\n\n\n<figure class=\"wp-block-gallery has-nested-images columns-default is-cropped wp-block-gallery-1 is-layout-flex wp-block-gallery-is-layout-flex\">\n<figure class=\"wp-block-image size-large\"><img fetchpriority=\"high\" decoding=\"async\" width=\"300\" height=\"225\" data-id=\"82720\" src=\"data:image\/gif;base64,R0lGODlhAQABAAAAACH5BAEKAAEALAAAAAABAAEAAAICTAEAOw==\" data-src=\"https:\/\/buletin.de\/bucuresti\/wp-content\/uploads\/218190978_240684647892032_6324690725622621481_n-2-300x225-1.jpg\" alt=\"\" class=\"wp-image-82720 lazyload\" data-sizes=\"auto\" data-srcset=\"https:\/\/buletin.de\/bucuresti\/wp-content\/uploads\/218190978_240684647892032_6324690725622621481_n-2-300x225-1.jpg 300w, https:\/\/buletin.de\/bucuresti\/wp-content\/uploads\/218190978_240684647892032_6324690725622621481_n-2-300x225-1-20x15.jpg 20w\" sizes=\"(max-width: 300px) 100vw, 300px\" \/><\/figure>\n\n\n\n<figure class=\"wp-block-image size-large\"><img decoding=\"async\" width=\"300\" height=\"225\" data-id=\"82721\" src=\"data:image\/gif;base64,R0lGODlhAQABAAAAACH5BAEKAAEALAAAAAABAAEAAAICTAEAOw==\" data-src=\"https:\/\/buletin.de\/bucuresti\/wp-content\/uploads\/426575930_927478885395193_2597895987225309040_n-3-300x225-1.jpg\" alt=\"\" class=\"wp-image-82721 lazyload\" data-sizes=\"auto\" data-srcset=\"https:\/\/buletin.de\/bucuresti\/wp-content\/uploads\/426575930_927478885395193_2597895987225309040_n-3-300x225-1.jpg 300w, https:\/\/buletin.de\/bucuresti\/wp-content\/uploads\/426575930_927478885395193_2597895987225309040_n-3-300x225-1-20x15.jpg 20w\" sizes=\"(max-width: 300px) 100vw, 300px\" \/><\/figure>\n\n\n\n<figure class=\"wp-block-image size-large\"><img decoding=\"async\" width=\"300\" height=\"225\" data-id=\"82722\" src=\"data:image\/gif;base64,R0lGODlhAQABAAAAACH5BAEKAAEALAAAAAABAAEAAAICTAEAOw==\" data-src=\"https:\/\/buletin.de\/bucuresti\/wp-content\/uploads\/424967865_794285706078944_2380464837883995019_n-1-300x225-1.jpg\" alt=\"\" class=\"wp-image-82722 lazyload\" data-sizes=\"auto\" data-srcset=\"https:\/\/buletin.de\/bucuresti\/wp-content\/uploads\/424967865_794285706078944_2380464837883995019_n-1-300x225-1.jpg 300w, https:\/\/buletin.de\/bucuresti\/wp-content\/uploads\/424967865_794285706078944_2380464837883995019_n-1-300x225-1-20x15.jpg 20w\" sizes=\"(max-width: 300px) 100vw, 300px\" \/><\/figure>\n<\/figure>\n\n\n\n<p>Redeschiderea traficului pe prima linie \u00eenfiin\u021bat\u0103 \u00een Rom\u00e2nia va reconfigura circula\u021bia feroviar\u0103 din zona de Sud-Vest a Capitalei. Astfel, trenurile vor ajunge p\u00e2n\u0103 \u00een Gara de Nord, noua sta\u021bie terminus, \u0219i nu \u00ee\u0219i vor mai \u00eencheia c\u0103l\u0103toria \u00een Gara Progresul.\u00a0<\/p>\n\n\n\n<p><strong>CITE\u0218TE \u0218I:<\/strong><\/p>\n\n\n\n<figure class=\"wp-block-embed is-type-wp-embed is-provider-buletin-de-bucure-ti wp-block-embed-buletin-de-bucure-ti\"><div class=\"wp-block-embed__wrapper\">\n<blockquote class=\"wp-embedded-content\" data-secret=\"dcktXEyRfy\"><a href=\"https:\/\/buletin.de\/bucuresti\/un-ciot-din-drumul-mortii-e85-modernizat-in-zona-afumati-pentru-accesul-catre-autostrada-muzeu-din-nordul-capitalei\/\">Un ciot din \u201eDrumul Mor\u021bii\u201d E85, modernizat \u00een zona Afuma\u021bi pentru accesul c\u0103tre \u201eautostrada muzeu\u201c din Nordul Capitalei<\/a><\/blockquote><iframe class=\"wp-embedded-content\" sandbox=\"allow-scripts\" security=\"restricted\" style=\"position: absolute; clip: rect(1px, 1px, 1px, 1px);\" title=\"&#8220;Un ciot din \u201eDrumul Mor\u021bii\u201d E85, modernizat \u00een zona Afuma\u021bi pentru accesul c\u0103tre \u201eautostrada muzeu\u201c din Nordul Capitalei&#8221; &#8212; Buletin de Bucure\u0219ti\" src=\"https:\/\/buletin.de\/bucuresti\/un-ciot-din-drumul-mortii-e85-modernizat-in-zona-afumati-pentru-accesul-catre-autostrada-muzeu-din-nordul-capitalei\/embed\/#?secret=WVer0SvmAv#?secret=dcktXEyRfy\" data-secret=\"dcktXEyRfy\" width=\"600\" height=\"338\" frameborder=\"0\" marginwidth=\"0\" marginheight=\"0\" scrolling=\"no\"><\/iframe>\n<\/div><\/figure>\n","protected":false},"excerpt":{"rendered":"<p>Construc\u021bia Podului Gr\u0103di\u0219tea, de pe linia de cale ferat\u0103 Bucure\u0219ti &#8211; Giurgiu, prime\u0219te \u00eenc\u0103 5,3 milioane de lei de la CFR Infrastructur\u0103. Conform estim\u0103rilor, \u00een luna iunie ar trebui reluat\u0103 circula\u021bia afectat\u0103 de inunda\u021biile din 2005. Potrivit economica.net, \u00eentreaga lucrare de modernizare a liniei de cale ferat\u0103 Bucure\u0219ti-Giurgiu, \u00eentre Vidra \u0219i Comana, cost\u0103 600 de [&hellip;]<\/p>\n","protected":false},"author":49,"featured_media":82719,"comment_status":"closed","ping_status":"open","sticky":false,"template":"","format":"standard","meta":{"_acf_changed":false,"inline_featured_image":false,"ngg_post_thumbnail":0,"footnotes":""},"categories":[6994,5762,650],"tags":[1403,2854,8543,3401],"ppma_author":[22574],"class_list":["post-82718","post","type-post","status-publish","format-standard","has-post-thumbnail","hentry","category-stiri-2","category-main","category-transport","tag-cfr-infrastructura","tag-gradistea","tag-lucrari-cale-ferata-bucuresti-giurgiu","tag-vidra"],"acf":[],"yoast_head":"<!-- This site is optimized with the Yoast SEO Premium plugin v25.3 (Yoast SEO v27.5) - https:\/\/yoast.com\/product\/yoast-seo-premium-wordpress\/ -->\n<title>\u00cenc\u0103 5.3 milioane de euro pentru calea ferat\u0103 Bucure\u0219ti-Giurgiu. Circula\u021bia pe podul de la Gr\u0103di\u0219tea ar trebui reluat\u0103 \u00een luna mai - Buletin de Bucure\u0219ti<\/title>\n<meta name=\"robots\" content=\"index, follow, max-snippet:-1, max-image-preview:large, max-video-preview:-1\" \/>\n<link rel=\"canonical\" href=\"https:\/\/buletin.de\/bucuresti\/inca-5-3-milioane-de-euro-pentru-calea-ferata-bucuresti-giurgiu-circulatia-pe-podul-de-la-gradistea-ar-trebui-reluata-in-luna-mai\/\" \/>\n<meta property=\"og:locale\" content=\"en_GB\" \/>\n<meta property=\"og:type\" content=\"article\" \/>\n<meta property=\"og:title\" content=\"\u00cenc\u0103 5.3 milioane de euro pentru calea ferat\u0103 Bucure\u0219ti-Giurgiu. Circula\u021bia pe podul de la Gr\u0103di\u0219tea ar trebui reluat\u0103 \u00een luna mai\" \/>\n<meta property=\"og:description\" content=\"Construc\u021bia Podului Gr\u0103di\u0219tea, de pe linia de cale ferat\u0103 Bucure\u0219ti &#8211; Giurgiu, prime\u0219te \u00eenc\u0103 5,3 milioane de lei de la CFR Infrastructur\u0103. Conform estim\u0103rilor, \u00een luna iunie ar trebui reluat\u0103 circula\u021bia afectat\u0103 de inunda\u021biile din 2005. Potrivit economica.net, \u00eentreaga lucrare de modernizare a liniei de cale ferat\u0103 Bucure\u0219ti-Giurgiu, \u00eentre Vidra \u0219i Comana, cost\u0103 600 de [&hellip;]\" \/>\n<meta property=\"og:url\" content=\"https:\/\/buletin.de\/bucuresti\/inca-5-3-milioane-de-euro-pentru-calea-ferata-bucuresti-giurgiu-circulatia-pe-podul-de-la-gradistea-ar-trebui-reluata-in-luna-mai\/\" \/>\n<meta property=\"og:site_name\" content=\"Buletin de Bucure\u0219ti\" \/>\n<meta property=\"article:publisher\" content=\"https:\/\/www.facebook.com\/buletin.de.buc\" \/>\n<meta property=\"article:published_time\" content=\"2024-04-11T10:38:09+00:00\" \/>\n<meta property=\"og:image\" content=\"https:\/\/buletin.de\/bucuresti\/wp-content\/uploads\/pod-gradistea.webp\" \/>\n\t<meta property=\"og:image:width\" content=\"1020\" \/>\n\t<meta property=\"og:image:height\" content=\"574\" \/>\n\t<meta property=\"og:image:type\" content=\"image\/webp\" \/>\n<meta name=\"author\" content=\"Diana Matei\" \/>\n<meta name=\"twitter:card\" content=\"summary_large_image\" \/>\n<meta name=\"twitter:label1\" content=\"Written by\" \/>\n\t<meta name=\"twitter:data1\" content=\"Diana Matei\" \/>\n\t<meta name=\"twitter:label2\" content=\"Estimated reading time\" \/>\n\t<meta name=\"twitter:data2\" content=\"2 minutes\" \/>\n<script type=\"application\/ld+json\" class=\"yoast-schema-graph\">{\"@context\":\"https:\\\/\\\/schema.org\",\"@graph\":[{\"@type\":\"Article\",\"@id\":\"https:\\\/\\\/buletin.de\\\/bucuresti\\\/inca-5-3-milioane-de-euro-pentru-calea-ferata-bucuresti-giurgiu-circulatia-pe-podul-de-la-gradistea-ar-trebui-reluata-in-luna-mai\\\/#article\",\"isPartOf\":{\"@id\":\"https:\\\/\\\/buletin.de\\\/bucuresti\\\/inca-5-3-milioane-de-euro-pentru-calea-ferata-bucuresti-giurgiu-circulatia-pe-podul-de-la-gradistea-ar-trebui-reluata-in-luna-mai\\\/\"},\"author\":{\"name\":\"Diana Matei\",\"@id\":\"https:\\\/\\\/buletin.de\\\/bucuresti\\\/#\\\/schema\\\/person\\\/7e46040573290777280a0835d81ea4ea\"},\"headline\":\"\u00cenc\u0103 5.3 milioane de euro pentru calea ferat\u0103 Bucure\u0219ti-Giurgiu. Circula\u021bia pe podul de la Gr\u0103di\u0219tea ar trebui reluat\u0103 \u00een luna mai\",\"datePublished\":\"2024-04-11T10:38:09+00:00\",\"mainEntityOfPage\":{\"@id\":\"https:\\\/\\\/buletin.de\\\/bucuresti\\\/inca-5-3-milioane-de-euro-pentru-calea-ferata-bucuresti-giurgiu-circulatia-pe-podul-de-la-gradistea-ar-trebui-reluata-in-luna-mai\\\/\"},\"wordCount\":284,\"publisher\":{\"@id\":\"https:\\\/\\\/buletin.de\\\/bucuresti\\\/#organization\"},\"image\":{\"@id\":\"https:\\\/\\\/buletin.de\\\/bucuresti\\\/inca-5-3-milioane-de-euro-pentru-calea-ferata-bucuresti-giurgiu-circulatia-pe-podul-de-la-gradistea-ar-trebui-reluata-in-luna-mai\\\/#primaryimage\"},\"thumbnailUrl\":\"https:\\\/\\\/buletin.de\\\/bucuresti\\\/wp-content\\\/uploads\\\/pod-gradistea.webp\",\"keywords\":[\"cfr infrastructura\",\"gradistea\",\"lucrari cale ferata bucuresti giurgiu\",\"vidra\"],\"articleSection\":[\"Articole\",\"Main\",\"Transport\"],\"inLanguage\":\"en-GB\",\"copyrightYear\":\"2024\",\"copyrightHolder\":{\"@id\":\"https:\\\/\\\/buletin.de\\\/bucuresti\\\/#organization\"}},{\"@type\":\"WebPage\",\"@id\":\"https:\\\/\\\/buletin.de\\\/bucuresti\\\/inca-5-3-milioane-de-euro-pentru-calea-ferata-bucuresti-giurgiu-circulatia-pe-podul-de-la-gradistea-ar-trebui-reluata-in-luna-mai\\\/\",\"url\":\"https:\\\/\\\/buletin.de\\\/bucuresti\\\/inca-5-3-milioane-de-euro-pentru-calea-ferata-bucuresti-giurgiu-circulatia-pe-podul-de-la-gradistea-ar-trebui-reluata-in-luna-mai\\\/\",\"name\":\"\u00cenc\u0103 5.3 milioane de euro pentru calea ferat\u0103 Bucure\u0219ti-Giurgiu. Circula\u021bia pe podul de la Gr\u0103di\u0219tea ar trebui reluat\u0103 \u00een luna mai - Buletin de Bucure\u0219ti\",\"isPartOf\":{\"@id\":\"https:\\\/\\\/buletin.de\\\/bucuresti\\\/#website\"},\"primaryImageOfPage\":{\"@id\":\"https:\\\/\\\/buletin.de\\\/bucuresti\\\/inca-5-3-milioane-de-euro-pentru-calea-ferata-bucuresti-giurgiu-circulatia-pe-podul-de-la-gradistea-ar-trebui-reluata-in-luna-mai\\\/#primaryimage\"},\"image\":{\"@id\":\"https:\\\/\\\/buletin.de\\\/bucuresti\\\/inca-5-3-milioane-de-euro-pentru-calea-ferata-bucuresti-giurgiu-circulatia-pe-podul-de-la-gradistea-ar-trebui-reluata-in-luna-mai\\\/#primaryimage\"},\"thumbnailUrl\":\"https:\\\/\\\/buletin.de\\\/bucuresti\\\/wp-content\\\/uploads\\\/pod-gradistea.webp\",\"datePublished\":\"2024-04-11T10:38:09+00:00\",\"breadcrumb\":{\"@id\":\"https:\\\/\\\/buletin.de\\\/bucuresti\\\/inca-5-3-milioane-de-euro-pentru-calea-ferata-bucuresti-giurgiu-circulatia-pe-podul-de-la-gradistea-ar-trebui-reluata-in-luna-mai\\\/#breadcrumb\"},\"inLanguage\":\"en-GB\",\"potentialAction\":[{\"@type\":\"ReadAction\",\"target\":[\"https:\\\/\\\/buletin.de\\\/bucuresti\\\/inca-5-3-milioane-de-euro-pentru-calea-ferata-bucuresti-giurgiu-circulatia-pe-podul-de-la-gradistea-ar-trebui-reluata-in-luna-mai\\\/\"]}]},{\"@type\":\"ImageObject\",\"inLanguage\":\"en-GB\",\"@id\":\"https:\\\/\\\/buletin.de\\\/bucuresti\\\/inca-5-3-milioane-de-euro-pentru-calea-ferata-bucuresti-giurgiu-circulatia-pe-podul-de-la-gradistea-ar-trebui-reluata-in-luna-mai\\\/#primaryimage\",\"url\":\"https:\\\/\\\/buletin.de\\\/bucuresti\\\/wp-content\\\/uploads\\\/pod-gradistea.webp\",\"contentUrl\":\"https:\\\/\\\/buletin.de\\\/bucuresti\\\/wp-content\\\/uploads\\\/pod-gradistea.webp\",\"width\":1020,\"height\":574,\"caption\":\"FOTO: Economica.net\"},{\"@type\":\"BreadcrumbList\",\"@id\":\"https:\\\/\\\/buletin.de\\\/bucuresti\\\/inca-5-3-milioane-de-euro-pentru-calea-ferata-bucuresti-giurgiu-circulatia-pe-podul-de-la-gradistea-ar-trebui-reluata-in-luna-mai\\\/#breadcrumb\",\"itemListElement\":[{\"@type\":\"ListItem\",\"position\":1,\"name\":\"Acas\u0103\",\"item\":\"https:\\\/\\\/buletin.de\\\/bucuresti\\\/\"},{\"@type\":\"ListItem\",\"position\":2,\"name\":\"\u00cenc\u0103 5.3 milioane de euro pentru calea ferat\u0103 Bucure\u0219ti-Giurgiu. Circula\u021bia pe podul de la Gr\u0103di\u0219tea ar trebui reluat\u0103 \u00een luna mai\"}]},{\"@type\":\"WebSite\",\"@id\":\"https:\\\/\\\/buletin.de\\\/bucuresti\\\/#website\",\"url\":\"https:\\\/\\\/buletin.de\\\/bucuresti\\\/\",\"name\":\"Buletin de Bucure\u0219ti\",\"description\":\"\u0218tiri \u0219i investiga\u021bii esen\u021biale din capital\u0103\",\"publisher\":{\"@id\":\"https:\\\/\\\/buletin.de\\\/bucuresti\\\/#organization\"},\"potentialAction\":[{\"@type\":\"SearchAction\",\"target\":{\"@type\":\"EntryPoint\",\"urlTemplate\":\"https:\\\/\\\/buletin.de\\\/bucuresti\\\/?s={search_term_string}\"},\"query-input\":{\"@type\":\"PropertyValueSpecification\",\"valueRequired\":true,\"valueName\":\"search_term_string\"}}],\"inLanguage\":\"en-GB\"},{\"@type\":\"Organization\",\"@id\":\"https:\\\/\\\/buletin.de\\\/bucuresti\\\/#organization\",\"name\":\"Buletin de Bucure\u0219ti\",\"url\":\"https:\\\/\\\/buletin.de\\\/bucuresti\\\/\",\"logo\":{\"@type\":\"ImageObject\",\"inLanguage\":\"en-GB\",\"@id\":\"https:\\\/\\\/buletin.de\\\/bucuresti\\\/#\\\/schema\\\/logo\\\/image\\\/\",\"url\":\"https:\\\/\\\/buletin.de\\\/bucuresti\\\/wp-content\\\/uploads\\\/logo-bdb-full-wide-vernil-transparent.png\",\"contentUrl\":\"https:\\\/\\\/buletin.de\\\/bucuresti\\\/wp-content\\\/uploads\\\/logo-bdb-full-wide-vernil-transparent.png\",\"width\":1782,\"height\":626,\"caption\":\"Buletin de Bucure\u0219ti\"},\"image\":{\"@id\":\"https:\\\/\\\/buletin.de\\\/bucuresti\\\/#\\\/schema\\\/logo\\\/image\\\/\"},\"sameAs\":[\"https:\\\/\\\/www.facebook.com\\\/buletin.de.buc\",\"https:\\\/\\\/www.instagram.com\\\/buletinde.bucuresti\\\/\"]},{\"@type\":\"Person\",\"@id\":\"https:\\\/\\\/buletin.de\\\/bucuresti\\\/#\\\/schema\\\/person\\\/7e46040573290777280a0835d81ea4ea\",\"name\":\"Diana Matei\",\"image\":{\"@type\":\"ImageObject\",\"inLanguage\":\"en-GB\",\"@id\":\"https:\\\/\\\/buletin.de\\\/bucuresti\\\/wp-content\\\/uploads\\\/9-2-96x96.jpg1e8590b30871d70e62ebcdaf2eff570c\",\"url\":\"https:\\\/\\\/buletin.de\\\/bucuresti\\\/wp-content\\\/uploads\\\/9-2-96x96.jpg\",\"contentUrl\":\"https:\\\/\\\/buletin.de\\\/bucuresti\\\/wp-content\\\/uploads\\\/9-2-96x96.jpg\",\"caption\":\"Diana Matei\"},\"url\":\"https:\\\/\\\/buletin.de\\\/bucuresti\\\/author\\\/dianamatei\\\/\"}]}<\/script>\n<!-- \/ Yoast SEO Premium plugin. -->","yoast_head_json":{"title":"\u00cenc\u0103 5.3 milioane de euro pentru calea ferat\u0103 Bucure\u0219ti-Giurgiu. Circula\u021bia pe podul de la Gr\u0103di\u0219tea ar trebui reluat\u0103 \u00een luna mai - Buletin de Bucure\u0219ti","robots":{"index":"index","follow":"follow","max-snippet":"max-snippet:-1","max-image-preview":"max-image-preview:large","max-video-preview":"max-video-preview:-1"},"canonical":"https:\/\/buletin.de\/bucuresti\/inca-5-3-milioane-de-euro-pentru-calea-ferata-bucuresti-giurgiu-circulatia-pe-podul-de-la-gradistea-ar-trebui-reluata-in-luna-mai\/","og_locale":"en_GB","og_type":"article","og_title":"\u00cenc\u0103 5.3 milioane de euro pentru calea ferat\u0103 Bucure\u0219ti-Giurgiu. Circula\u021bia pe podul de la Gr\u0103di\u0219tea ar trebui reluat\u0103 \u00een luna mai","og_description":"Construc\u021bia Podului Gr\u0103di\u0219tea, de pe linia de cale ferat\u0103 Bucure\u0219ti &#8211; Giurgiu, prime\u0219te \u00eenc\u0103 5,3 milioane de lei de la CFR Infrastructur\u0103. Conform estim\u0103rilor, \u00een luna iunie ar trebui reluat\u0103 circula\u021bia afectat\u0103 de inunda\u021biile din 2005. Potrivit economica.net, \u00eentreaga lucrare de modernizare a liniei de cale ferat\u0103 Bucure\u0219ti-Giurgiu, \u00eentre Vidra \u0219i Comana, cost\u0103 600 de [&hellip;]","og_url":"https:\/\/buletin.de\/bucuresti\/inca-5-3-milioane-de-euro-pentru-calea-ferata-bucuresti-giurgiu-circulatia-pe-podul-de-la-gradistea-ar-trebui-reluata-in-luna-mai\/","og_site_name":"Buletin de Bucure\u0219ti","article_publisher":"https:\/\/www.facebook.com\/buletin.de.buc","article_published_time":"2024-04-11T10:38:09+00:00","og_image":[{"width":1020,"height":574,"url":"https:\/\/buletin.de\/bucuresti\/wp-content\/uploads\/pod-gradistea.webp","type":"image\/webp"}],"author":"Diana Matei","twitter_card":"summary_large_image","twitter_misc":{"Written by":"Diana Matei","Estimated reading time":"2 minutes"},"schema":{"@context":"https:\/\/schema.org","@graph":[{"@type":"Article","@id":"https:\/\/buletin.de\/bucuresti\/inca-5-3-milioane-de-euro-pentru-calea-ferata-bucuresti-giurgiu-circulatia-pe-podul-de-la-gradistea-ar-trebui-reluata-in-luna-mai\/#article","isPartOf":{"@id":"https:\/\/buletin.de\/bucuresti\/inca-5-3-milioane-de-euro-pentru-calea-ferata-bucuresti-giurgiu-circulatia-pe-podul-de-la-gradistea-ar-trebui-reluata-in-luna-mai\/"},"author":{"name":"Diana Matei","@id":"https:\/\/buletin.de\/bucuresti\/#\/schema\/person\/7e46040573290777280a0835d81ea4ea"},"headline":"\u00cenc\u0103 5.3 milioane de euro pentru calea ferat\u0103 Bucure\u0219ti-Giurgiu. Circula\u021bia pe podul de la Gr\u0103di\u0219tea ar trebui reluat\u0103 \u00een luna mai","datePublished":"2024-04-11T10:38:09+00:00","mainEntityOfPage":{"@id":"https:\/\/buletin.de\/bucuresti\/inca-5-3-milioane-de-euro-pentru-calea-ferata-bucuresti-giurgiu-circulatia-pe-podul-de-la-gradistea-ar-trebui-reluata-in-luna-mai\/"},"wordCount":284,"publisher":{"@id":"https:\/\/buletin.de\/bucuresti\/#organization"},"image":{"@id":"https:\/\/buletin.de\/bucuresti\/inca-5-3-milioane-de-euro-pentru-calea-ferata-bucuresti-giurgiu-circulatia-pe-podul-de-la-gradistea-ar-trebui-reluata-in-luna-mai\/#primaryimage"},"thumbnailUrl":"https:\/\/buletin.de\/bucuresti\/wp-content\/uploads\/pod-gradistea.webp","keywords":["cfr infrastructura","gradistea","lucrari cale ferata bucuresti giurgiu","vidra"],"articleSection":["Articole","Main","Transport"],"inLanguage":"en-GB","copyrightYear":"2024","copyrightHolder":{"@id":"https:\/\/buletin.de\/bucuresti\/#organization"}},{"@type":"WebPage","@id":"https:\/\/buletin.de\/bucuresti\/inca-5-3-milioane-de-euro-pentru-calea-ferata-bucuresti-giurgiu-circulatia-pe-podul-de-la-gradistea-ar-trebui-reluata-in-luna-mai\/","url":"https:\/\/buletin.de\/bucuresti\/inca-5-3-milioane-de-euro-pentru-calea-ferata-bucuresti-giurgiu-circulatia-pe-podul-de-la-gradistea-ar-trebui-reluata-in-luna-mai\/","name":"\u00cenc\u0103 5.3 milioane de euro pentru calea ferat\u0103 Bucure\u0219ti-Giurgiu. Circula\u021bia pe podul de la Gr\u0103di\u0219tea ar trebui reluat\u0103 \u00een luna mai - Buletin de Bucure\u0219ti","isPartOf":{"@id":"https:\/\/buletin.de\/bucuresti\/#website"},"primaryImageOfPage":{"@id":"https:\/\/buletin.de\/bucuresti\/inca-5-3-milioane-de-euro-pentru-calea-ferata-bucuresti-giurgiu-circulatia-pe-podul-de-la-gradistea-ar-trebui-reluata-in-luna-mai\/#primaryimage"},"image":{"@id":"https:\/\/buletin.de\/bucuresti\/inca-5-3-milioane-de-euro-pentru-calea-ferata-bucuresti-giurgiu-circulatia-pe-podul-de-la-gradistea-ar-trebui-reluata-in-luna-mai\/#primaryimage"},"thumbnailUrl":"https:\/\/buletin.de\/bucuresti\/wp-content\/uploads\/pod-gradistea.webp","datePublished":"2024-04-11T10:38:09+00:00","breadcrumb":{"@id":"https:\/\/buletin.de\/bucuresti\/inca-5-3-milioane-de-euro-pentru-calea-ferata-bucuresti-giurgiu-circulatia-pe-podul-de-la-gradistea-ar-trebui-reluata-in-luna-mai\/#breadcrumb"},"inLanguage":"en-GB","potentialAction":[{"@type":"ReadAction","target":["https:\/\/buletin.de\/bucuresti\/inca-5-3-milioane-de-euro-pentru-calea-ferata-bucuresti-giurgiu-circulatia-pe-podul-de-la-gradistea-ar-trebui-reluata-in-luna-mai\/"]}]},{"@type":"ImageObject","inLanguage":"en-GB","@id":"https:\/\/buletin.de\/bucuresti\/inca-5-3-milioane-de-euro-pentru-calea-ferata-bucuresti-giurgiu-circulatia-pe-podul-de-la-gradistea-ar-trebui-reluata-in-luna-mai\/#primaryimage","url":"https:\/\/buletin.de\/bucuresti\/wp-content\/uploads\/pod-gradistea.webp","contentUrl":"https:\/\/buletin.de\/bucuresti\/wp-content\/uploads\/pod-gradistea.webp","width":1020,"height":574,"caption":"FOTO: Economica.net"},{"@type":"BreadcrumbList","@id":"https:\/\/buletin.de\/bucuresti\/inca-5-3-milioane-de-euro-pentru-calea-ferata-bucuresti-giurgiu-circulatia-pe-podul-de-la-gradistea-ar-trebui-reluata-in-luna-mai\/#breadcrumb","itemListElement":[{"@type":"ListItem","position":1,"name":"Acas\u0103","item":"https:\/\/buletin.de\/bucuresti\/"},{"@type":"ListItem","position":2,"name":"\u00cenc\u0103 5.3 milioane de euro pentru calea ferat\u0103 Bucure\u0219ti-Giurgiu. Circula\u021bia pe podul de la Gr\u0103di\u0219tea ar trebui reluat\u0103 \u00een luna mai"}]},{"@type":"WebSite","@id":"https:\/\/buletin.de\/bucuresti\/#website","url":"https:\/\/buletin.de\/bucuresti\/","name":"Buletin de Bucure\u0219ti","description":"\u0218tiri \u0219i investiga\u021bii esen\u021biale din capital\u0103","publisher":{"@id":"https:\/\/buletin.de\/bucuresti\/#organization"},"potentialAction":[{"@type":"SearchAction","target":{"@type":"EntryPoint","urlTemplate":"https:\/\/buletin.de\/bucuresti\/?s={search_term_string}"},"query-input":{"@type":"PropertyValueSpecification","valueRequired":true,"valueName":"search_term_string"}}],"inLanguage":"en-GB"},{"@type":"Organization","@id":"https:\/\/buletin.de\/bucuresti\/#organization","name":"Buletin de Bucure\u0219ti","url":"https:\/\/buletin.de\/bucuresti\/","logo":{"@type":"ImageObject","inLanguage":"en-GB","@id":"https:\/\/buletin.de\/bucuresti\/#\/schema\/logo\/image\/","url":"https:\/\/buletin.de\/bucuresti\/wp-content\/uploads\/logo-bdb-full-wide-vernil-transparent.png","contentUrl":"https:\/\/buletin.de\/bucuresti\/wp-content\/uploads\/logo-bdb-full-wide-vernil-transparent.png","width":1782,"height":626,"caption":"Buletin de Bucure\u0219ti"},"image":{"@id":"https:\/\/buletin.de\/bucuresti\/#\/schema\/logo\/image\/"},"sameAs":["https:\/\/www.facebook.com\/buletin.de.buc","https:\/\/www.instagram.com\/buletinde.bucuresti\/"]},{"@type":"Person","@id":"https:\/\/buletin.de\/bucuresti\/#\/schema\/person\/7e46040573290777280a0835d81ea4ea","name":"Diana Matei","image":{"@type":"ImageObject","inLanguage":"en-GB","@id":"https:\/\/buletin.de\/bucuresti\/wp-content\/uploads\/9-2-96x96.jpg1e8590b30871d70e62ebcdaf2eff570c","url":"https:\/\/buletin.de\/bucuresti\/wp-content\/uploads\/9-2-96x96.jpg","contentUrl":"https:\/\/buletin.de\/bucuresti\/wp-content\/uploads\/9-2-96x96.jpg","caption":"Diana Matei"},"url":"https:\/\/buletin.de\/bucuresti\/author\/dianamatei\/"}]}},"authors":[{"term_id":22574,"user_id":49,"is_guest":0,"slug":"dianamatei","display_name":"Diana Matei","avatar_url":"https:\/\/buletin.de\/bucuresti\/wp-content\/uploads\/9-2-96x96.jpg","0":null,"1":"","2":"","3":"","4":"","5":"","6":"","7":"","8":""}],"_links":{"self":[{"href":"https:\/\/buletin.de\/bucuresti\/wp-json\/wp\/v2\/posts\/82718","targetHints":{"allow":["GET"]}}],"collection":[{"href":"https:\/\/buletin.de\/bucuresti\/wp-json\/wp\/v2\/posts"}],"about":[{"href":"https:\/\/buletin.de\/bucuresti\/wp-json\/wp\/v2\/types\/post"}],"author":[{"embeddable":true,"href":"https:\/\/buletin.de\/bucuresti\/wp-json\/wp\/v2\/users\/49"}],"replies":[{"embeddable":true,"href":"https:\/\/buletin.de\/bucuresti\/wp-json\/wp\/v2\/comments?post=82718"}],"version-history":[{"count":2,"href":"https:\/\/buletin.de\/bucuresti\/wp-json\/wp\/v2\/posts\/82718\/revisions"}],"predecessor-version":[{"id":82736,"href":"https:\/\/buletin.de\/bucuresti\/wp-json\/wp\/v2\/posts\/82718\/revisions\/82736"}],"wp:featuredmedia":[{"embeddable":true,"href":"https:\/\/buletin.de\/bucuresti\/wp-json\/wp\/v2\/media\/82719"}],"wp:attachment":[{"href":"https:\/\/buletin.de\/bucuresti\/wp-json\/wp\/v2\/media?parent=82718"}],"wp:term":[{"taxonomy":"category","embeddable":true,"href":"https:\/\/buletin.de\/bucuresti\/wp-json\/wp\/v2\/categories?post=82718"},{"taxonomy":"post_tag","embeddable":true,"href":"https:\/\/buletin.de\/bucuresti\/wp-json\/wp\/v2\/tags?post=82718"},{"taxonomy":"author","embeddable":true,"href":"https:\/\/buletin.de\/bucuresti\/wp-json\/wp\/v2\/ppma_author?post=82718"}],"curies":[{"name":"wp","href":"https:\/\/api.w.org\/{rel}","templated":true}]}}