{"id":82625,"date":"2024-04-11T11:16:58","date_gmt":"2024-04-11T08:16:58","guid":{"rendered":"https:\/\/buletin.de\/bucuresti\/?p=82625"},"modified":"2024-04-11T11:16:59","modified_gmt":"2024-04-11T08:16:59","slug":"sector-1-colegiul-tehnic-mecanic-grivita-isi-va-schimba-numele-in-valter-maracineanu","status":"publish","type":"post","link":"https:\/\/buletin.de\/bucuresti\/sector-1-colegiul-tehnic-mecanic-grivita-isi-va-schimba-numele-in-valter-maracineanu\/","title":{"rendered":"Sector 1 | Colegiul Tehnic Mecanic \u201eGrivi\u0163a\u201d \u00ee\u015fi va schimba numele \u00een \u201eValter M\u0103r\u0103cineanu\u201d"},"content":{"rendered":"\n<p><strong>Denumirea Colegiului Tehnic Mecanic \u201eGrivi\u0163a\u201d, din Sectorul 1 va fi schimbat\u0103  \u00een Colegiul Tehnic \u201eValter M\u0103r\u0103cineanu\u201d, dup\u0103 ce aceast\u0103 modificare a fost votat\u0103 \u00een Consiliul Local. A fost unanimitate de voturi &#8211; to\u0163i cei 25 de consilieri prezen\u0163i au fost de acord.<\/strong><\/p>\n\n\n\n<p>\u00cen nota de fundamentare se precizeaz\u0103 c\u0103 m\u0103sura trebuie luat\u0103 pentru c\u0103 numele actual aminte\u0219te de R\u0103zboiul de Independen\u021b\u0103, iar numele lui Valter M\u0103r\u0103cineanu este str\u00e2ns legat de acest eveniment.<\/p>\n\n\n\n<p>Unitatea de \u00eenv\u0103\u021b\u0103m\u00e2nt dispune de o dotare informatizat\u0103 dezvoltat\u0103 \u0219i a fost centru de evaluare digital\u0103 &#8211; pilot pentru examenul de bacalaureat, trei ani consecutiv, \u00een sesiunile din 2021, 2022 \u0219i 2023.<\/p>\n\n\n\n<p>\u00cen ceea ce prive\u0219te rezultatele ob\u021binute la examenul de bacalaureat, \u00een ultimii trei ani, a crescut procentul de promovare la peste 50%:<\/p>\n\n\n\n<ul class=\"wp-block-list\">\n<li>anul \u015fcolar 2019-2020: 39,39%; <\/li>\n\n\n\n<li>anul \u015fcolar 2020-2021: 55,32%;<\/li>\n\n\n\n<li>anul \u015fcolar 2021-2022: 82,14%;<\/li>\n\n\n\n<li>anul \u015fcolar 2022-2023: 60,34%.<br><\/li>\n<\/ul>\n\n\n\n<p>\u00cen luna septembrie a anului 1919 a fost \u00eenfiin\u021bat\u0103, pe l\u00e2ng\u0103 Atelierele C.F.R. Grivi\u021ba &#8211; Bucure\u0219ti Nord, \u0218coala de ucenici, cu 218 elevi, care, \u00een anul 1927 ajunge de la dou\u0103 clase la \u0219ase clase \u0219i devine \u015ecoala de meserii. \u00cen anul 1955 este redenumit\u0103 \u0218coala profesional\u0103 de ucenici Grivi\u021ba Ro\u0219ie, dup\u0103 ce, \u00een prealabil (1951), a fost mutat\u0103 la actual\u0103 adres\u0103, pe Calea Grivi\u021bei nr. 363. <\/p>\n\n\n\n<p>\u00cen anul 1967, se aduc unele modific\u0103ri cl\u0103dirii existente iar \u00een anul 2000, prime\u0219te denumirea de Colegiul Tehnic Mecanic \u201eGrivi\u021ba&#8221;.<\/p>\n\n\n\n<p><\/p>\n\n\n\n<p><strong>CITE\u015eTE \u015eI:<\/strong><\/p>\n\n\n\n<figure class=\"wp-block-embed is-type-wp-embed is-provider-buletin-de-bucure-ti wp-block-embed-buletin-de-bucure-ti\"><div class=\"wp-block-embed__wrapper\">\n<blockquote class=\"wp-embedded-content\" data-secret=\"GUeVJbsYAy\"><a href=\"https:\/\/buletin.de\/bucuresti\/sector-3-%e2%94%82-va-fi-construita-o-noua-scoala-in-apropierea-liceului-decebal\/\">Sector 3 | Va fi construit\u0103 o nou\u0103 \u0219coal\u0103, \u00een apropierea Liceului Decebal<\/a><\/blockquote><iframe class=\"wp-embedded-content\" sandbox=\"allow-scripts\" security=\"restricted\" style=\"position: absolute; clip: rect(1px, 1px, 1px, 1px);\" title=\"&#8220;Sector 3 | Va fi construit\u0103 o nou\u0103 \u0219coal\u0103, \u00een apropierea Liceului Decebal&#8221; &#8212; Buletin de Bucure\u0219ti\" src=\"https:\/\/buletin.de\/bucuresti\/sector-3-%e2%94%82-va-fi-construita-o-noua-scoala-in-apropierea-liceului-decebal\/embed\/#?secret=zurA94Rmj6#?secret=GUeVJbsYAy\" data-secret=\"GUeVJbsYAy\" width=\"600\" height=\"338\" frameborder=\"0\" marginwidth=\"0\" marginheight=\"0\" scrolling=\"no\"><\/iframe>\n<\/div><\/figure>\n","protected":false},"excerpt":{"rendered":"<p>Denumirea Colegiului Tehnic Mecanic \u201eGrivi\u0163a\u201d, din Sectorul 1 va fi schimbat\u0103 \u00een Colegiul Tehnic \u201eValter M\u0103r\u0103cineanu\u201d, dup\u0103 ce aceast\u0103 modificare a fost votat\u0103 \u00een Consiliul Local. A fost unanimitate de voturi &#8211; to\u0163i cei 25 de consilieri prezen\u0163i au fost de acord. \u00cen nota de fundamentare se precizeaz\u0103 c\u0103 m\u0103sura trebuie luat\u0103 pentru c\u0103 numele [&hellip;]<\/p>\n","protected":false},"author":49,"featured_media":82639,"comment_status":"closed","ping_status":"open","sticky":false,"template":"","format":"standard","meta":{"_acf_changed":false,"inline_featured_image":false,"ngg_post_thumbnail":0,"footnotes":""},"categories":[6994,24,62],"tags":[11107,2011,308],"ppma_author":[22574],"class_list":["post-82625","post","type-post","status-publish","format-standard","has-post-thumbnail","hentry","category-stiri-2","category-primarie","category-stiri","tag-colegiului-tehnic-mecanic-grivita","tag-consiliul-local-sector-1","tag-sector-1"],"acf":[],"yoast_head":"<!-- This site is optimized with the Yoast SEO Premium plugin v25.3 (Yoast SEO v27.5) - https:\/\/yoast.com\/product\/yoast-seo-premium-wordpress\/ -->\n<title>Sector 1 | Colegiul Tehnic Mecanic \u201eGrivi\u0163a\u201d \u00ee\u015fi va schimba numele \u00een \u201eValter M\u0103r\u0103cineanu\u201d - Buletin de Bucure\u0219ti<\/title>\n<meta name=\"robots\" content=\"index, follow, max-snippet:-1, max-image-preview:large, max-video-preview:-1\" \/>\n<link rel=\"canonical\" href=\"https:\/\/buletin.de\/bucuresti\/sector-1-colegiul-tehnic-mecanic-grivita-isi-va-schimba-numele-in-valter-maracineanu\/\" \/>\n<meta property=\"og:locale\" content=\"en_GB\" \/>\n<meta property=\"og:type\" content=\"article\" \/>\n<meta property=\"og:title\" content=\"Sector 1 | Colegiul Tehnic Mecanic \u201eGrivi\u0163a\u201d \u00ee\u015fi va schimba numele \u00een \u201eValter M\u0103r\u0103cineanu\u201d\" \/>\n<meta property=\"og:description\" content=\"Denumirea Colegiului Tehnic Mecanic \u201eGrivi\u0163a\u201d, din Sectorul 1 va fi schimbat\u0103 \u00een Colegiul Tehnic \u201eValter M\u0103r\u0103cineanu\u201d, dup\u0103 ce aceast\u0103 modificare a fost votat\u0103 \u00een Consiliul Local. A fost unanimitate de voturi &#8211; to\u0163i cei 25 de consilieri prezen\u0163i au fost de acord. \u00cen nota de fundamentare se precizeaz\u0103 c\u0103 m\u0103sura trebuie luat\u0103 pentru c\u0103 numele [&hellip;]\" \/>\n<meta property=\"og:url\" content=\"https:\/\/buletin.de\/bucuresti\/sector-1-colegiul-tehnic-mecanic-grivita-isi-va-schimba-numele-in-valter-maracineanu\/\" \/>\n<meta property=\"og:site_name\" content=\"Buletin de Bucure\u0219ti\" \/>\n<meta property=\"article:publisher\" content=\"https:\/\/www.facebook.com\/buletin.de.buc\" \/>\n<meta property=\"article:published_time\" content=\"2024-04-11T08:16:58+00:00\" \/>\n<meta property=\"article:modified_time\" content=\"2024-04-11T08:16:59+00:00\" \/>\n<meta property=\"og:image\" content=\"https:\/\/buletin.de\/bucuresti\/wp-content\/uploads\/Grivita-scaled-1.jpg\" \/>\n\t<meta property=\"og:image:width\" content=\"2000\" \/>\n\t<meta property=\"og:image:height\" content=\"1125\" \/>\n\t<meta property=\"og:image:type\" content=\"image\/jpeg\" \/>\n<meta name=\"author\" content=\"Diana Matei\" \/>\n<meta name=\"twitter:card\" content=\"summary_large_image\" \/>\n<meta name=\"twitter:label1\" content=\"Written by\" \/>\n\t<meta name=\"twitter:data1\" content=\"Diana Matei\" \/>\n\t<meta name=\"twitter:label2\" content=\"Estimated reading time\" \/>\n\t<meta name=\"twitter:data2\" content=\"2 minutes\" \/>\n<script type=\"application\/ld+json\" class=\"yoast-schema-graph\">{\"@context\":\"https:\\\/\\\/schema.org\",\"@graph\":[{\"@type\":\"Article\",\"@id\":\"https:\\\/\\\/buletin.de\\\/bucuresti\\\/sector-1-colegiul-tehnic-mecanic-grivita-isi-va-schimba-numele-in-valter-maracineanu\\\/#article\",\"isPartOf\":{\"@id\":\"https:\\\/\\\/buletin.de\\\/bucuresti\\\/sector-1-colegiul-tehnic-mecanic-grivita-isi-va-schimba-numele-in-valter-maracineanu\\\/\"},\"author\":{\"name\":\"Diana Matei\",\"@id\":\"https:\\\/\\\/buletin.de\\\/bucuresti\\\/#\\\/schema\\\/person\\\/7e46040573290777280a0835d81ea4ea\"},\"headline\":\"Sector 1 | Colegiul Tehnic Mecanic \u201eGrivi\u0163a\u201d \u00ee\u015fi va schimba numele \u00een \u201eValter M\u0103r\u0103cineanu\u201d\",\"datePublished\":\"2024-04-11T08:16:58+00:00\",\"dateModified\":\"2024-04-11T08:16:59+00:00\",\"mainEntityOfPage\":{\"@id\":\"https:\\\/\\\/buletin.de\\\/bucuresti\\\/sector-1-colegiul-tehnic-mecanic-grivita-isi-va-schimba-numele-in-valter-maracineanu\\\/\"},\"wordCount\":265,\"publisher\":{\"@id\":\"https:\\\/\\\/buletin.de\\\/bucuresti\\\/#organization\"},\"image\":{\"@id\":\"https:\\\/\\\/buletin.de\\\/bucuresti\\\/sector-1-colegiul-tehnic-mecanic-grivita-isi-va-schimba-numele-in-valter-maracineanu\\\/#primaryimage\"},\"thumbnailUrl\":\"https:\\\/\\\/buletin.de\\\/bucuresti\\\/wp-content\\\/uploads\\\/Grivita-scaled-1.jpg\",\"keywords\":[\"Colegiului Tehnic Mecanic \u201eGrivi\u0163a\u201d\",\"consiliul local sector 1\",\"Sector 1\"],\"articleSection\":[\"Articole\",\"Prim\u0103rie\",\"\u0218tiri\"],\"inLanguage\":\"en-GB\",\"copyrightYear\":\"2024\",\"copyrightHolder\":{\"@id\":\"https:\\\/\\\/buletin.de\\\/bucuresti\\\/#organization\"}},{\"@type\":\"WebPage\",\"@id\":\"https:\\\/\\\/buletin.de\\\/bucuresti\\\/sector-1-colegiul-tehnic-mecanic-grivita-isi-va-schimba-numele-in-valter-maracineanu\\\/\",\"url\":\"https:\\\/\\\/buletin.de\\\/bucuresti\\\/sector-1-colegiul-tehnic-mecanic-grivita-isi-va-schimba-numele-in-valter-maracineanu\\\/\",\"name\":\"Sector 1 | Colegiul Tehnic Mecanic \u201eGrivi\u0163a\u201d \u00ee\u015fi va schimba numele \u00een \u201eValter M\u0103r\u0103cineanu\u201d - Buletin de Bucure\u0219ti\",\"isPartOf\":{\"@id\":\"https:\\\/\\\/buletin.de\\\/bucuresti\\\/#website\"},\"primaryImageOfPage\":{\"@id\":\"https:\\\/\\\/buletin.de\\\/bucuresti\\\/sector-1-colegiul-tehnic-mecanic-grivita-isi-va-schimba-numele-in-valter-maracineanu\\\/#primaryimage\"},\"image\":{\"@id\":\"https:\\\/\\\/buletin.de\\\/bucuresti\\\/sector-1-colegiul-tehnic-mecanic-grivita-isi-va-schimba-numele-in-valter-maracineanu\\\/#primaryimage\"},\"thumbnailUrl\":\"https:\\\/\\\/buletin.de\\\/bucuresti\\\/wp-content\\\/uploads\\\/Grivita-scaled-1.jpg\",\"datePublished\":\"2024-04-11T08:16:58+00:00\",\"dateModified\":\"2024-04-11T08:16:59+00:00\",\"breadcrumb\":{\"@id\":\"https:\\\/\\\/buletin.de\\\/bucuresti\\\/sector-1-colegiul-tehnic-mecanic-grivita-isi-va-schimba-numele-in-valter-maracineanu\\\/#breadcrumb\"},\"inLanguage\":\"en-GB\",\"potentialAction\":[{\"@type\":\"ReadAction\",\"target\":[\"https:\\\/\\\/buletin.de\\\/bucuresti\\\/sector-1-colegiul-tehnic-mecanic-grivita-isi-va-schimba-numele-in-valter-maracineanu\\\/\"]}]},{\"@type\":\"ImageObject\",\"inLanguage\":\"en-GB\",\"@id\":\"https:\\\/\\\/buletin.de\\\/bucuresti\\\/sector-1-colegiul-tehnic-mecanic-grivita-isi-va-schimba-numele-in-valter-maracineanu\\\/#primaryimage\",\"url\":\"https:\\\/\\\/buletin.de\\\/bucuresti\\\/wp-content\\\/uploads\\\/Grivita-scaled-1.jpg\",\"contentUrl\":\"https:\\\/\\\/buletin.de\\\/bucuresti\\\/wp-content\\\/uploads\\\/Grivita-scaled-1.jpg\",\"width\":2000,\"height\":1125,\"caption\":\"FOTO: Facebook\\\/Colegiul Grivita\"},{\"@type\":\"BreadcrumbList\",\"@id\":\"https:\\\/\\\/buletin.de\\\/bucuresti\\\/sector-1-colegiul-tehnic-mecanic-grivita-isi-va-schimba-numele-in-valter-maracineanu\\\/#breadcrumb\",\"itemListElement\":[{\"@type\":\"ListItem\",\"position\":1,\"name\":\"Acas\u0103\",\"item\":\"https:\\\/\\\/buletin.de\\\/bucuresti\\\/\"},{\"@type\":\"ListItem\",\"position\":2,\"name\":\"Sector 1 | Colegiul Tehnic Mecanic \u201eGrivi\u0163a\u201d \u00ee\u015fi va schimba numele \u00een \u201eValter M\u0103r\u0103cineanu\u201d\"}]},{\"@type\":\"WebSite\",\"@id\":\"https:\\\/\\\/buletin.de\\\/bucuresti\\\/#website\",\"url\":\"https:\\\/\\\/buletin.de\\\/bucuresti\\\/\",\"name\":\"Buletin de Bucure\u0219ti\",\"description\":\"\u0218tiri \u0219i investiga\u021bii esen\u021biale din capital\u0103\",\"publisher\":{\"@id\":\"https:\\\/\\\/buletin.de\\\/bucuresti\\\/#organization\"},\"potentialAction\":[{\"@type\":\"SearchAction\",\"target\":{\"@type\":\"EntryPoint\",\"urlTemplate\":\"https:\\\/\\\/buletin.de\\\/bucuresti\\\/?s={search_term_string}\"},\"query-input\":{\"@type\":\"PropertyValueSpecification\",\"valueRequired\":true,\"valueName\":\"search_term_string\"}}],\"inLanguage\":\"en-GB\"},{\"@type\":\"Organization\",\"@id\":\"https:\\\/\\\/buletin.de\\\/bucuresti\\\/#organization\",\"name\":\"Buletin de Bucure\u0219ti\",\"url\":\"https:\\\/\\\/buletin.de\\\/bucuresti\\\/\",\"logo\":{\"@type\":\"ImageObject\",\"inLanguage\":\"en-GB\",\"@id\":\"https:\\\/\\\/buletin.de\\\/bucuresti\\\/#\\\/schema\\\/logo\\\/image\\\/\",\"url\":\"https:\\\/\\\/buletin.de\\\/bucuresti\\\/wp-content\\\/uploads\\\/logo-bdb-full-wide-vernil-transparent.png\",\"contentUrl\":\"https:\\\/\\\/buletin.de\\\/bucuresti\\\/wp-content\\\/uploads\\\/logo-bdb-full-wide-vernil-transparent.png\",\"width\":1782,\"height\":626,\"caption\":\"Buletin de Bucure\u0219ti\"},\"image\":{\"@id\":\"https:\\\/\\\/buletin.de\\\/bucuresti\\\/#\\\/schema\\\/logo\\\/image\\\/\"},\"sameAs\":[\"https:\\\/\\\/www.facebook.com\\\/buletin.de.buc\",\"https:\\\/\\\/www.instagram.com\\\/buletinde.bucuresti\\\/\"]},{\"@type\":\"Person\",\"@id\":\"https:\\\/\\\/buletin.de\\\/bucuresti\\\/#\\\/schema\\\/person\\\/7e46040573290777280a0835d81ea4ea\",\"name\":\"Diana Matei\",\"image\":{\"@type\":\"ImageObject\",\"inLanguage\":\"en-GB\",\"@id\":\"https:\\\/\\\/buletin.de\\\/bucuresti\\\/wp-content\\\/uploads\\\/9-2-96x96.jpg1e8590b30871d70e62ebcdaf2eff570c\",\"url\":\"https:\\\/\\\/buletin.de\\\/bucuresti\\\/wp-content\\\/uploads\\\/9-2-96x96.jpg\",\"contentUrl\":\"https:\\\/\\\/buletin.de\\\/bucuresti\\\/wp-content\\\/uploads\\\/9-2-96x96.jpg\",\"caption\":\"Diana Matei\"},\"url\":\"https:\\\/\\\/buletin.de\\\/bucuresti\\\/author\\\/dianamatei\\\/\"}]}<\/script>\n<!-- \/ Yoast SEO Premium plugin. -->","yoast_head_json":{"title":"Sector 1 | Colegiul Tehnic Mecanic \u201eGrivi\u0163a\u201d \u00ee\u015fi va schimba numele \u00een \u201eValter M\u0103r\u0103cineanu\u201d - Buletin de Bucure\u0219ti","robots":{"index":"index","follow":"follow","max-snippet":"max-snippet:-1","max-image-preview":"max-image-preview:large","max-video-preview":"max-video-preview:-1"},"canonical":"https:\/\/buletin.de\/bucuresti\/sector-1-colegiul-tehnic-mecanic-grivita-isi-va-schimba-numele-in-valter-maracineanu\/","og_locale":"en_GB","og_type":"article","og_title":"Sector 1 | Colegiul Tehnic Mecanic \u201eGrivi\u0163a\u201d \u00ee\u015fi va schimba numele \u00een \u201eValter M\u0103r\u0103cineanu\u201d","og_description":"Denumirea Colegiului Tehnic Mecanic \u201eGrivi\u0163a\u201d, din Sectorul 1 va fi schimbat\u0103 \u00een Colegiul Tehnic \u201eValter M\u0103r\u0103cineanu\u201d, dup\u0103 ce aceast\u0103 modificare a fost votat\u0103 \u00een Consiliul Local. A fost unanimitate de voturi &#8211; to\u0163i cei 25 de consilieri prezen\u0163i au fost de acord. \u00cen nota de fundamentare se precizeaz\u0103 c\u0103 m\u0103sura trebuie luat\u0103 pentru c\u0103 numele [&hellip;]","og_url":"https:\/\/buletin.de\/bucuresti\/sector-1-colegiul-tehnic-mecanic-grivita-isi-va-schimba-numele-in-valter-maracineanu\/","og_site_name":"Buletin de Bucure\u0219ti","article_publisher":"https:\/\/www.facebook.com\/buletin.de.buc","article_published_time":"2024-04-11T08:16:58+00:00","article_modified_time":"2024-04-11T08:16:59+00:00","og_image":[{"width":2000,"height":1125,"url":"https:\/\/buletin.de\/bucuresti\/wp-content\/uploads\/Grivita-scaled-1.jpg","type":"image\/jpeg"}],"author":"Diana Matei","twitter_card":"summary_large_image","twitter_misc":{"Written by":"Diana Matei","Estimated reading time":"2 minutes"},"schema":{"@context":"https:\/\/schema.org","@graph":[{"@type":"Article","@id":"https:\/\/buletin.de\/bucuresti\/sector-1-colegiul-tehnic-mecanic-grivita-isi-va-schimba-numele-in-valter-maracineanu\/#article","isPartOf":{"@id":"https:\/\/buletin.de\/bucuresti\/sector-1-colegiul-tehnic-mecanic-grivita-isi-va-schimba-numele-in-valter-maracineanu\/"},"author":{"name":"Diana Matei","@id":"https:\/\/buletin.de\/bucuresti\/#\/schema\/person\/7e46040573290777280a0835d81ea4ea"},"headline":"Sector 1 | Colegiul Tehnic Mecanic \u201eGrivi\u0163a\u201d \u00ee\u015fi va schimba numele \u00een \u201eValter M\u0103r\u0103cineanu\u201d","datePublished":"2024-04-11T08:16:58+00:00","dateModified":"2024-04-11T08:16:59+00:00","mainEntityOfPage":{"@id":"https:\/\/buletin.de\/bucuresti\/sector-1-colegiul-tehnic-mecanic-grivita-isi-va-schimba-numele-in-valter-maracineanu\/"},"wordCount":265,"publisher":{"@id":"https:\/\/buletin.de\/bucuresti\/#organization"},"image":{"@id":"https:\/\/buletin.de\/bucuresti\/sector-1-colegiul-tehnic-mecanic-grivita-isi-va-schimba-numele-in-valter-maracineanu\/#primaryimage"},"thumbnailUrl":"https:\/\/buletin.de\/bucuresti\/wp-content\/uploads\/Grivita-scaled-1.jpg","keywords":["Colegiului Tehnic Mecanic \u201eGrivi\u0163a\u201d","consiliul local sector 1","Sector 1"],"articleSection":["Articole","Prim\u0103rie","\u0218tiri"],"inLanguage":"en-GB","copyrightYear":"2024","copyrightHolder":{"@id":"https:\/\/buletin.de\/bucuresti\/#organization"}},{"@type":"WebPage","@id":"https:\/\/buletin.de\/bucuresti\/sector-1-colegiul-tehnic-mecanic-grivita-isi-va-schimba-numele-in-valter-maracineanu\/","url":"https:\/\/buletin.de\/bucuresti\/sector-1-colegiul-tehnic-mecanic-grivita-isi-va-schimba-numele-in-valter-maracineanu\/","name":"Sector 1 | Colegiul Tehnic Mecanic \u201eGrivi\u0163a\u201d \u00ee\u015fi va schimba numele \u00een \u201eValter M\u0103r\u0103cineanu\u201d - Buletin de Bucure\u0219ti","isPartOf":{"@id":"https:\/\/buletin.de\/bucuresti\/#website"},"primaryImageOfPage":{"@id":"https:\/\/buletin.de\/bucuresti\/sector-1-colegiul-tehnic-mecanic-grivita-isi-va-schimba-numele-in-valter-maracineanu\/#primaryimage"},"image":{"@id":"https:\/\/buletin.de\/bucuresti\/sector-1-colegiul-tehnic-mecanic-grivita-isi-va-schimba-numele-in-valter-maracineanu\/#primaryimage"},"thumbnailUrl":"https:\/\/buletin.de\/bucuresti\/wp-content\/uploads\/Grivita-scaled-1.jpg","datePublished":"2024-04-11T08:16:58+00:00","dateModified":"2024-04-11T08:16:59+00:00","breadcrumb":{"@id":"https:\/\/buletin.de\/bucuresti\/sector-1-colegiul-tehnic-mecanic-grivita-isi-va-schimba-numele-in-valter-maracineanu\/#breadcrumb"},"inLanguage":"en-GB","potentialAction":[{"@type":"ReadAction","target":["https:\/\/buletin.de\/bucuresti\/sector-1-colegiul-tehnic-mecanic-grivita-isi-va-schimba-numele-in-valter-maracineanu\/"]}]},{"@type":"ImageObject","inLanguage":"en-GB","@id":"https:\/\/buletin.de\/bucuresti\/sector-1-colegiul-tehnic-mecanic-grivita-isi-va-schimba-numele-in-valter-maracineanu\/#primaryimage","url":"https:\/\/buletin.de\/bucuresti\/wp-content\/uploads\/Grivita-scaled-1.jpg","contentUrl":"https:\/\/buletin.de\/bucuresti\/wp-content\/uploads\/Grivita-scaled-1.jpg","width":2000,"height":1125,"caption":"FOTO: Facebook\/Colegiul Grivita"},{"@type":"BreadcrumbList","@id":"https:\/\/buletin.de\/bucuresti\/sector-1-colegiul-tehnic-mecanic-grivita-isi-va-schimba-numele-in-valter-maracineanu\/#breadcrumb","itemListElement":[{"@type":"ListItem","position":1,"name":"Acas\u0103","item":"https:\/\/buletin.de\/bucuresti\/"},{"@type":"ListItem","position":2,"name":"Sector 1 | Colegiul Tehnic Mecanic \u201eGrivi\u0163a\u201d \u00ee\u015fi va schimba numele \u00een \u201eValter M\u0103r\u0103cineanu\u201d"}]},{"@type":"WebSite","@id":"https:\/\/buletin.de\/bucuresti\/#website","url":"https:\/\/buletin.de\/bucuresti\/","name":"Buletin de Bucure\u0219ti","description":"\u0218tiri \u0219i investiga\u021bii esen\u021biale din capital\u0103","publisher":{"@id":"https:\/\/buletin.de\/bucuresti\/#organization"},"potentialAction":[{"@type":"SearchAction","target":{"@type":"EntryPoint","urlTemplate":"https:\/\/buletin.de\/bucuresti\/?s={search_term_string}"},"query-input":{"@type":"PropertyValueSpecification","valueRequired":true,"valueName":"search_term_string"}}],"inLanguage":"en-GB"},{"@type":"Organization","@id":"https:\/\/buletin.de\/bucuresti\/#organization","name":"Buletin de Bucure\u0219ti","url":"https:\/\/buletin.de\/bucuresti\/","logo":{"@type":"ImageObject","inLanguage":"en-GB","@id":"https:\/\/buletin.de\/bucuresti\/#\/schema\/logo\/image\/","url":"https:\/\/buletin.de\/bucuresti\/wp-content\/uploads\/logo-bdb-full-wide-vernil-transparent.png","contentUrl":"https:\/\/buletin.de\/bucuresti\/wp-content\/uploads\/logo-bdb-full-wide-vernil-transparent.png","width":1782,"height":626,"caption":"Buletin de Bucure\u0219ti"},"image":{"@id":"https:\/\/buletin.de\/bucuresti\/#\/schema\/logo\/image\/"},"sameAs":["https:\/\/www.facebook.com\/buletin.de.buc","https:\/\/www.instagram.com\/buletinde.bucuresti\/"]},{"@type":"Person","@id":"https:\/\/buletin.de\/bucuresti\/#\/schema\/person\/7e46040573290777280a0835d81ea4ea","name":"Diana Matei","image":{"@type":"ImageObject","inLanguage":"en-GB","@id":"https:\/\/buletin.de\/bucuresti\/wp-content\/uploads\/9-2-96x96.jpg1e8590b30871d70e62ebcdaf2eff570c","url":"https:\/\/buletin.de\/bucuresti\/wp-content\/uploads\/9-2-96x96.jpg","contentUrl":"https:\/\/buletin.de\/bucuresti\/wp-content\/uploads\/9-2-96x96.jpg","caption":"Diana Matei"},"url":"https:\/\/buletin.de\/bucuresti\/author\/dianamatei\/"}]}},"authors":[{"term_id":22574,"user_id":49,"is_guest":0,"slug":"dianamatei","display_name":"Diana Matei","avatar_url":"https:\/\/buletin.de\/bucuresti\/wp-content\/uploads\/9-2-96x96.jpg","0":null,"1":"","2":"","3":"","4":"","5":"","6":"","7":"","8":""}],"_links":{"self":[{"href":"https:\/\/buletin.de\/bucuresti\/wp-json\/wp\/v2\/posts\/82625","targetHints":{"allow":["GET"]}}],"collection":[{"href":"https:\/\/buletin.de\/bucuresti\/wp-json\/wp\/v2\/posts"}],"about":[{"href":"https:\/\/buletin.de\/bucuresti\/wp-json\/wp\/v2\/types\/post"}],"author":[{"embeddable":true,"href":"https:\/\/buletin.de\/bucuresti\/wp-json\/wp\/v2\/users\/49"}],"replies":[{"embeddable":true,"href":"https:\/\/buletin.de\/bucuresti\/wp-json\/wp\/v2\/comments?post=82625"}],"version-history":[{"count":4,"href":"https:\/\/buletin.de\/bucuresti\/wp-json\/wp\/v2\/posts\/82625\/revisions"}],"predecessor-version":[{"id":82705,"href":"https:\/\/buletin.de\/bucuresti\/wp-json\/wp\/v2\/posts\/82625\/revisions\/82705"}],"wp:featuredmedia":[{"embeddable":true,"href":"https:\/\/buletin.de\/bucuresti\/wp-json\/wp\/v2\/media\/82639"}],"wp:attachment":[{"href":"https:\/\/buletin.de\/bucuresti\/wp-json\/wp\/v2\/media?parent=82625"}],"wp:term":[{"taxonomy":"category","embeddable":true,"href":"https:\/\/buletin.de\/bucuresti\/wp-json\/wp\/v2\/categories?post=82625"},{"taxonomy":"post_tag","embeddable":true,"href":"https:\/\/buletin.de\/bucuresti\/wp-json\/wp\/v2\/tags?post=82625"},{"taxonomy":"author","embeddable":true,"href":"https:\/\/buletin.de\/bucuresti\/wp-json\/wp\/v2\/ppma_author?post=82625"}],"curies":[{"name":"wp","href":"https:\/\/api.w.org\/{rel}","templated":true}]}}