{"id":82541,"date":"2024-04-10T10:03:30","date_gmt":"2024-04-10T07:03:30","guid":{"rendered":"https:\/\/buletin.de\/bucuresti\/?p=82541"},"modified":"2024-04-11T11:58:34","modified_gmt":"2024-04-11T08:58:34","slug":"sector-1-primaria-va-contribui-cu-20-000-euro-la-evenimentul-jocurile-cartierului-bucurestii-noi-din-parc-bazilescu","status":"publish","type":"post","link":"https:\/\/buletin.de\/bucuresti\/sector-1-primaria-va-contribui-cu-20-000-euro-la-evenimentul-jocurile-cartierului-bucurestii-noi-din-parc-bazilescu\/","title":{"rendered":"Sector 1 | Prim\u0103ria va contribui cu 20.000 euro la evenimentul \u201eJocurile Cartierului Bucure\u0219tii Noi\u201d din Parc Bazilescu"},"content":{"rendered":"\n<p>Update: Proiectul a fost adoptat cu 25 voturi pentru.<\/p>\n\n\n\n<p><strong>Prim\u0103ria Sectorului 1 vrea s\u0103 finan\u021beze&nbsp;cu 20.000 euro<em> \u201eproiectul sportiv de interes public local Jocurile Cartierului Bucure\u0219tii Noi\u201d<\/em>.<\/strong> <strong>Astfel, \u00een urm\u0103toarea \u0219edin\u021b\u0103 de joi, 11 aprilie, consilierii locali vor decide dac\u0103 solicit\u0103 acordul Consiliului General al Municipiului Bucure\u0219ti (CGMB) cu privire la \u00eencheierea unui protocol de colaborare cu Asocia\u021bia Ini\u021biativa Civic\u0103 Bucure\u0219tii Noi.<\/strong><\/p>\n\n\n\n<p>Evenimentul va avea loc \u00een Parcul Bazilescu, \u00een weekendul 11-12 mai:<\/p>\n\n\n\n<ul class=\"wp-block-list\">\n<li>s\u00e2mb\u0103t\u0103, 11 mai, \u00een intervalul 10:00-15:00<\/li>\n\n\n\n<li>duminic\u0103, 12 mai, \u00een intervalul 10:00-14:00<\/li>\n<\/ul>\n\n\n\n<blockquote class=\"wp-block-quote is-layout-flow wp-block-quote-is-layout-flow\">\n<p><em>Scopul proiectului este organizarea unor activit\u0103\u021bi competi\u021bionale \u0219i recreative pentru comunitatea Sectorului 1, dar \u0219i o alternativ\u0103 de a petrece timpul liber<\/em><\/p>\n<cite>Citat din Proiectul de Hot\u0103r\u00e2re<\/cite><\/blockquote>\n\n\n\n<p>Potrivit protocolului de colaborare, evenimentul cuprinde<em> \u201eactivit\u0103\u021bi pentru toate categoriile de v\u00e2rst\u0103\u201d<\/em>, \u00eens\u0103 grupul \u021bint\u0103 este format din <em>\u201ecopii cu v\u00e2rste cuprinse \u00eentre 4 \u0219i 14 ani\u201d<\/em>. \u00cen cadrul competi\u021biilor sportive se vor acorda premii pentru urm\u0103toarele activit\u0103\u021bi:<\/p>\n\n\n\n<ul class=\"wp-block-list\">\n<li>Concurs de trotinete<\/li>\n\n\n\n<li>Cross<\/li>\n\n\n\n<li>Concurs de tenis de mas\u0103<\/li>\n\n\n\n<li>Concurs minifotbal<\/li>\n\n\n\n<li>Concurs de biciclete<\/li>\n<\/ul>\n\n\n\n<p>Asocia\u021bia Ini\u021biativa Civic\u0103 Bucure\u0219tii Noi a trimis o adres\u0103 Prim\u0103riei Sectorului 1 prin care solicit\u0103 un sprijin financiar de 105.300 lei, adic\u0103 aproximativ 20.000 euro. Restul sumei necesare organiz\u0103rii evenimentului, circa 12.000 lei, va fi suportat\u0103 de Asocia\u021bie.<\/p>\n\n\n\n<figure class=\"wp-block-image size-large\"><img fetchpriority=\"high\" decoding=\"async\" width=\"680\" height=\"900\" src=\"data:image\/gif;base64,R0lGODlhAQABAAAAACH5BAEKAAEALAAAAAABAAEAAAICTAEAOw==\" data-src=\"https:\/\/buletin.de\/bucuresti\/wp-content\/uploads\/31.-K2-72_Scan-PH_RS-DJ-DMEC_Anonimizat-8-1_page-0001-2-680x900.jpg\" alt=\"\" class=\"wp-image-82548 lazyload\" data-sizes=\"auto\" data-srcset=\"https:\/\/buletin.de\/bucuresti\/wp-content\/uploads\/31.-K2-72_Scan-PH_RS-DJ-DMEC_Anonimizat-8-1_page-0001-2-680x900.jpg 680w, https:\/\/buletin.de\/bucuresti\/wp-content\/uploads\/31.-K2-72_Scan-PH_RS-DJ-DMEC_Anonimizat-8-1_page-0001-2-227x300.jpg 227w, https:\/\/buletin.de\/bucuresti\/wp-content\/uploads\/31.-K2-72_Scan-PH_RS-DJ-DMEC_Anonimizat-8-1_page-0001-2-768x1017.jpg 768w, https:\/\/buletin.de\/bucuresti\/wp-content\/uploads\/31.-K2-72_Scan-PH_RS-DJ-DMEC_Anonimizat-8-1_page-0001-2-600x794.jpg 600w, https:\/\/buletin.de\/bucuresti\/wp-content\/uploads\/31.-K2-72_Scan-PH_RS-DJ-DMEC_Anonimizat-8-1_page-0001-2-20x26.jpg 20w, https:\/\/buletin.de\/bucuresti\/wp-content\/uploads\/31.-K2-72_Scan-PH_RS-DJ-DMEC_Anonimizat-8-1_page-0001-2.jpg 1069w\" sizes=\"(max-width: 680px) 100vw, 680px\" \/><figcaption class=\"wp-element-caption\">FOTO: Anex\u0103 Protocol de Colaborare\/ Proiect de Hot\u0103r\u00e2re<\/figcaption><\/figure>\n\n\n\n<p>Asocia\u021bia se va ocupa de toate aspectele organizatorice ale evenimentului. \u00cen schimbul finan\u021b\u0103rii din bugetul local, aceasta are mai multe obliga\u021bii, printre care \u0219i: <\/p>\n\n\n\n<ul class=\"wp-block-list\">\n<li><em>s\u0103 asigure accesul gratuit tuturor locuitorilor din Sectorul 1 la acest eveniment<\/em><\/li>\n\n\n\n<li><em>s\u0103 utilizeze suma de bani care face obiectul finan\u021b\u0103rii numai pentru realizarea activit\u0103\u021bilor eligibile \u0219i atingerea scopurilor specificate \u00een proiect<\/em><\/li>\n\n\n\n<li><em>s\u0103 specifice men\u021biunea \u201eRealizat cu sprijinul Prim\u0103riei Sectorului 1\u201d pe toate materialele publicitare \u0219i de comunicare realizate at\u00e2t fizic, c\u00e2t \u0219i digital<\/em><\/li>\n<\/ul>\n\n\n\n<p>Plata cheltuielilor eligibile se va face doar dup\u0103 prezentarea documentelor justificative.<\/p>\n\n\n\n<p><\/p>\n\n\n\n<p>CITE\u0218TE \u0218I:<\/p>\n\n\n\n<figure class=\"wp-block-embed is-type-wp-embed is-provider-buletin-de-bucure-ti wp-block-embed-buletin-de-bucure-ti\"><div class=\"wp-block-embed__wrapper\">\n<blockquote class=\"wp-embedded-content\" data-secret=\"tMbExRU4md\"><a href=\"https:\/\/buletin.de\/bucuresti\/sector-1-primii-pasi-in-refacerea-teatrului-de-vara-din-parcul-bazilescu\/\">Sector 1 | Primii pa\u015fi \u00een refacerea Teatrului de Var\u0103 din parcul Bazilescu<\/a><\/blockquote><iframe class=\"wp-embedded-content\" sandbox=\"allow-scripts\" security=\"restricted\" style=\"position: absolute; clip: rect(1px, 1px, 1px, 1px);\" title=\"&#8220;Sector 1 | Primii pa\u015fi \u00een refacerea Teatrului de Var\u0103 din parcul Bazilescu&#8221; &#8212; Buletin de Bucure\u0219ti\" src=\"https:\/\/buletin.de\/bucuresti\/sector-1-primii-pasi-in-refacerea-teatrului-de-vara-din-parcul-bazilescu\/embed\/#?secret=ZpUtzhHeNH#?secret=tMbExRU4md\" data-secret=\"tMbExRU4md\" width=\"600\" height=\"338\" frameborder=\"0\" marginwidth=\"0\" marginheight=\"0\" scrolling=\"no\"><\/iframe>\n<\/div><\/figure>\n","protected":false},"excerpt":{"rendered":"<p>Update: Proiectul a fost adoptat cu 25 voturi pentru. Prim\u0103ria Sectorului 1 vrea s\u0103 finan\u021beze&nbsp;cu 20.000 euro \u201eproiectul sportiv de interes public local Jocurile Cartierului Bucure\u0219tii Noi\u201d. Astfel, \u00een urm\u0103toarea \u0219edin\u021b\u0103 de joi, 11 aprilie, consilierii locali vor decide dac\u0103 solicit\u0103 acordul Consiliului General al Municipiului Bucure\u0219ti (CGMB) cu privire la \u00eencheierea unui protocol de [&hellip;]<\/p>\n","protected":false},"author":55,"featured_media":82543,"comment_status":"closed","ping_status":"open","sticky":false,"template":"","format":"standard","meta":{"_acf_changed":false,"inline_featured_image":false,"ngg_post_thumbnail":0,"footnotes":""},"categories":[6994,24,62],"tags":[11089,11090,269,308,11091],"ppma_author":[22573],"class_list":["post-82541","post","type-post","status-publish","format-standard","has-post-thumbnail","hentry","category-stiri-2","category-primarie","category-stiri","tag-competitii-sportive","tag-parc-bazilescu","tag-primaria-sectorului-1","tag-sector-1","tag-zilele-cartierului-bucurestii-noi"],"acf":[],"yoast_head":"<!-- This site is optimized with the Yoast SEO Premium plugin v25.3 (Yoast SEO v27.5) - https:\/\/yoast.com\/product\/yoast-seo-premium-wordpress\/ -->\n<title>Sector 1 | Prim\u0103ria va contribui cu 20.000 euro la evenimentul \u201eJocurile Cartierului Bucure\u0219tii Noi\u201d din Parc Bazilescu - Buletin de Bucure\u0219ti<\/title>\n<meta name=\"robots\" content=\"index, follow, max-snippet:-1, max-image-preview:large, max-video-preview:-1\" \/>\n<link rel=\"canonical\" href=\"https:\/\/buletin.de\/bucuresti\/sector-1-primaria-va-contribui-cu-20-000-euro-la-evenimentul-jocurile-cartierului-bucurestii-noi-din-parc-bazilescu\/\" \/>\n<meta property=\"og:locale\" content=\"en_GB\" \/>\n<meta property=\"og:type\" content=\"article\" \/>\n<meta property=\"og:title\" content=\"Sector 1 | Prim\u0103ria va contribui cu 20.000 euro la evenimentul \u201eJocurile Cartierului Bucure\u0219tii Noi\u201d din Parc Bazilescu\" \/>\n<meta property=\"og:description\" content=\"Update: Proiectul a fost adoptat cu 25 voturi pentru. Prim\u0103ria Sectorului 1 vrea s\u0103 finan\u021beze&nbsp;cu 20.000 euro \u201eproiectul sportiv de interes public local Jocurile Cartierului Bucure\u0219tii Noi\u201d. Astfel, \u00een urm\u0103toarea \u0219edin\u021b\u0103 de joi, 11 aprilie, consilierii locali vor decide dac\u0103 solicit\u0103 acordul Consiliului General al Municipiului Bucure\u0219ti (CGMB) cu privire la \u00eencheierea unui protocol de [&hellip;]\" \/>\n<meta property=\"og:url\" content=\"https:\/\/buletin.de\/bucuresti\/sector-1-primaria-va-contribui-cu-20-000-euro-la-evenimentul-jocurile-cartierului-bucurestii-noi-din-parc-bazilescu\/\" \/>\n<meta property=\"og:site_name\" content=\"Buletin de Bucure\u0219ti\" \/>\n<meta property=\"article:publisher\" content=\"https:\/\/www.facebook.com\/buletin.de.buc\" \/>\n<meta property=\"article:published_time\" content=\"2024-04-10T07:03:30+00:00\" \/>\n<meta property=\"article:modified_time\" content=\"2024-04-11T08:58:34+00:00\" \/>\n<meta property=\"og:image\" content=\"https:\/\/buletin.de\/bucuresti\/wp-content\/uploads\/Parc-Bazilescu.jpeg\" \/>\n\t<meta property=\"og:image:width\" content=\"1200\" \/>\n\t<meta property=\"og:image:height\" content=\"630\" \/>\n\t<meta property=\"og:image:type\" content=\"image\/jpeg\" \/>\n<meta name=\"author\" content=\"Andreea Tudor\" \/>\n<meta name=\"twitter:card\" content=\"summary_large_image\" \/>\n<meta name=\"twitter:label1\" content=\"Written by\" \/>\n\t<meta name=\"twitter:data1\" content=\"Andreea Tudor\" \/>\n\t<meta name=\"twitter:label2\" content=\"Estimated reading time\" \/>\n\t<meta name=\"twitter:data2\" content=\"2 minutes\" \/>\n<script type=\"application\/ld+json\" class=\"yoast-schema-graph\">{\"@context\":\"https:\\\/\\\/schema.org\",\"@graph\":[{\"@type\":\"Article\",\"@id\":\"https:\\\/\\\/buletin.de\\\/bucuresti\\\/sector-1-primaria-va-contribui-cu-20-000-euro-la-evenimentul-jocurile-cartierului-bucurestii-noi-din-parc-bazilescu\\\/#article\",\"isPartOf\":{\"@id\":\"https:\\\/\\\/buletin.de\\\/bucuresti\\\/sector-1-primaria-va-contribui-cu-20-000-euro-la-evenimentul-jocurile-cartierului-bucurestii-noi-din-parc-bazilescu\\\/\"},\"author\":{\"name\":\"Andreea Tudor\",\"@id\":\"https:\\\/\\\/buletin.de\\\/bucuresti\\\/#\\\/schema\\\/person\\\/150590659efde715459d159da012f501\"},\"headline\":\"Sector 1 | Prim\u0103ria va contribui cu 20.000 euro la evenimentul \u201eJocurile Cartierului Bucure\u0219tii Noi\u201d din Parc Bazilescu\",\"datePublished\":\"2024-04-10T07:03:30+00:00\",\"dateModified\":\"2024-04-11T08:58:34+00:00\",\"mainEntityOfPage\":{\"@id\":\"https:\\\/\\\/buletin.de\\\/bucuresti\\\/sector-1-primaria-va-contribui-cu-20-000-euro-la-evenimentul-jocurile-cartierului-bucurestii-noi-din-parc-bazilescu\\\/\"},\"wordCount\":349,\"publisher\":{\"@id\":\"https:\\\/\\\/buletin.de\\\/bucuresti\\\/#organization\"},\"image\":{\"@id\":\"https:\\\/\\\/buletin.de\\\/bucuresti\\\/sector-1-primaria-va-contribui-cu-20-000-euro-la-evenimentul-jocurile-cartierului-bucurestii-noi-din-parc-bazilescu\\\/#primaryimage\"},\"thumbnailUrl\":\"https:\\\/\\\/buletin.de\\\/bucuresti\\\/wp-content\\\/uploads\\\/Parc-Bazilescu.jpeg\",\"keywords\":[\"competitii sportive\",\"Parc Bazilescu\",\"primaria sectorului 1\",\"Sector 1\",\"Zilele Cartierului Bucurestii Noi\"],\"articleSection\":[\"Articole\",\"Prim\u0103rie\",\"\u0218tiri\"],\"inLanguage\":\"en-GB\",\"copyrightYear\":\"2024\",\"copyrightHolder\":{\"@id\":\"https:\\\/\\\/buletin.de\\\/bucuresti\\\/#organization\"}},{\"@type\":\"WebPage\",\"@id\":\"https:\\\/\\\/buletin.de\\\/bucuresti\\\/sector-1-primaria-va-contribui-cu-20-000-euro-la-evenimentul-jocurile-cartierului-bucurestii-noi-din-parc-bazilescu\\\/\",\"url\":\"https:\\\/\\\/buletin.de\\\/bucuresti\\\/sector-1-primaria-va-contribui-cu-20-000-euro-la-evenimentul-jocurile-cartierului-bucurestii-noi-din-parc-bazilescu\\\/\",\"name\":\"Sector 1 | Prim\u0103ria va contribui cu 20.000 euro la evenimentul \u201eJocurile Cartierului Bucure\u0219tii Noi\u201d din Parc Bazilescu - Buletin de Bucure\u0219ti\",\"isPartOf\":{\"@id\":\"https:\\\/\\\/buletin.de\\\/bucuresti\\\/#website\"},\"primaryImageOfPage\":{\"@id\":\"https:\\\/\\\/buletin.de\\\/bucuresti\\\/sector-1-primaria-va-contribui-cu-20-000-euro-la-evenimentul-jocurile-cartierului-bucurestii-noi-din-parc-bazilescu\\\/#primaryimage\"},\"image\":{\"@id\":\"https:\\\/\\\/buletin.de\\\/bucuresti\\\/sector-1-primaria-va-contribui-cu-20-000-euro-la-evenimentul-jocurile-cartierului-bucurestii-noi-din-parc-bazilescu\\\/#primaryimage\"},\"thumbnailUrl\":\"https:\\\/\\\/buletin.de\\\/bucuresti\\\/wp-content\\\/uploads\\\/Parc-Bazilescu.jpeg\",\"datePublished\":\"2024-04-10T07:03:30+00:00\",\"dateModified\":\"2024-04-11T08:58:34+00:00\",\"breadcrumb\":{\"@id\":\"https:\\\/\\\/buletin.de\\\/bucuresti\\\/sector-1-primaria-va-contribui-cu-20-000-euro-la-evenimentul-jocurile-cartierului-bucurestii-noi-din-parc-bazilescu\\\/#breadcrumb\"},\"inLanguage\":\"en-GB\",\"potentialAction\":[{\"@type\":\"ReadAction\",\"target\":[\"https:\\\/\\\/buletin.de\\\/bucuresti\\\/sector-1-primaria-va-contribui-cu-20-000-euro-la-evenimentul-jocurile-cartierului-bucurestii-noi-din-parc-bazilescu\\\/\"]}]},{\"@type\":\"ImageObject\",\"inLanguage\":\"en-GB\",\"@id\":\"https:\\\/\\\/buletin.de\\\/bucuresti\\\/sector-1-primaria-va-contribui-cu-20-000-euro-la-evenimentul-jocurile-cartierului-bucurestii-noi-din-parc-bazilescu\\\/#primaryimage\",\"url\":\"https:\\\/\\\/buletin.de\\\/bucuresti\\\/wp-content\\\/uploads\\\/Parc-Bazilescu.jpeg\",\"contentUrl\":\"https:\\\/\\\/buletin.de\\\/bucuresti\\\/wp-content\\\/uploads\\\/Parc-Bazilescu.jpeg\",\"width\":1200,\"height\":630,\"caption\":\"FOTO: merg in\"},{\"@type\":\"BreadcrumbList\",\"@id\":\"https:\\\/\\\/buletin.de\\\/bucuresti\\\/sector-1-primaria-va-contribui-cu-20-000-euro-la-evenimentul-jocurile-cartierului-bucurestii-noi-din-parc-bazilescu\\\/#breadcrumb\",\"itemListElement\":[{\"@type\":\"ListItem\",\"position\":1,\"name\":\"Acas\u0103\",\"item\":\"https:\\\/\\\/buletin.de\\\/bucuresti\\\/\"},{\"@type\":\"ListItem\",\"position\":2,\"name\":\"Sector 1 | Prim\u0103ria va contribui cu 20.000 euro la evenimentul \u201eJocurile Cartierului Bucure\u0219tii Noi\u201d din Parc Bazilescu\"}]},{\"@type\":\"WebSite\",\"@id\":\"https:\\\/\\\/buletin.de\\\/bucuresti\\\/#website\",\"url\":\"https:\\\/\\\/buletin.de\\\/bucuresti\\\/\",\"name\":\"Buletin de Bucure\u0219ti\",\"description\":\"\u0218tiri \u0219i investiga\u021bii esen\u021biale din capital\u0103\",\"publisher\":{\"@id\":\"https:\\\/\\\/buletin.de\\\/bucuresti\\\/#organization\"},\"potentialAction\":[{\"@type\":\"SearchAction\",\"target\":{\"@type\":\"EntryPoint\",\"urlTemplate\":\"https:\\\/\\\/buletin.de\\\/bucuresti\\\/?s={search_term_string}\"},\"query-input\":{\"@type\":\"PropertyValueSpecification\",\"valueRequired\":true,\"valueName\":\"search_term_string\"}}],\"inLanguage\":\"en-GB\"},{\"@type\":\"Organization\",\"@id\":\"https:\\\/\\\/buletin.de\\\/bucuresti\\\/#organization\",\"name\":\"Buletin de Bucure\u0219ti\",\"url\":\"https:\\\/\\\/buletin.de\\\/bucuresti\\\/\",\"logo\":{\"@type\":\"ImageObject\",\"inLanguage\":\"en-GB\",\"@id\":\"https:\\\/\\\/buletin.de\\\/bucuresti\\\/#\\\/schema\\\/logo\\\/image\\\/\",\"url\":\"https:\\\/\\\/buletin.de\\\/bucuresti\\\/wp-content\\\/uploads\\\/logo-bdb-full-wide-vernil-transparent.png\",\"contentUrl\":\"https:\\\/\\\/buletin.de\\\/bucuresti\\\/wp-content\\\/uploads\\\/logo-bdb-full-wide-vernil-transparent.png\",\"width\":1782,\"height\":626,\"caption\":\"Buletin de Bucure\u0219ti\"},\"image\":{\"@id\":\"https:\\\/\\\/buletin.de\\\/bucuresti\\\/#\\\/schema\\\/logo\\\/image\\\/\"},\"sameAs\":[\"https:\\\/\\\/www.facebook.com\\\/buletin.de.buc\",\"https:\\\/\\\/www.instagram.com\\\/buletinde.bucuresti\\\/\"]},{\"@type\":\"Person\",\"@id\":\"https:\\\/\\\/buletin.de\\\/bucuresti\\\/#\\\/schema\\\/person\\\/150590659efde715459d159da012f501\",\"name\":\"Andreea Tudor\",\"image\":{\"@type\":\"ImageObject\",\"inLanguage\":\"en-GB\",\"@id\":\"https:\\\/\\\/secure.gravatar.com\\\/avatar\\\/a88705a186ab0b67f3349bcbced506c09e37256fbaad0e7f3bd1a79b4599f589?s=96&d=monsterid&r=g79290610aa1a65c2b86eebc2ca5aee8f\",\"url\":\"https:\\\/\\\/secure.gravatar.com\\\/avatar\\\/a88705a186ab0b67f3349bcbced506c09e37256fbaad0e7f3bd1a79b4599f589?s=96&d=monsterid&r=g\",\"contentUrl\":\"https:\\\/\\\/secure.gravatar.com\\\/avatar\\\/a88705a186ab0b67f3349bcbced506c09e37256fbaad0e7f3bd1a79b4599f589?s=96&d=monsterid&r=g\",\"caption\":\"Andreea Tudor\"},\"description\":\"N\u0103scut\u0103 \u0219i crescut\u0103 \u00een Bucure\u0219ti, sus\u021bin\u0103toare a presei independente. A\u0219a am ajuns redactor la Buletin de Bucure\u0219ti. Fiind eu, \u00eens\u0103mi, parte a sistemului de \u00eenv\u0103\u021b\u0103m\u00e2nt rom\u00e2nesc \u0219i pasionat\u0103 de domeniul social, pun sub lup\u0103 tot ceea ce se \u00eent\u00e2mpl\u0103 \u00een sfera educa\u021biei. Cred cu t\u0103rie c\u0103 presa \u201epentru cet\u0103\u021beni\u201d este presa independent\u0103. Oamenii au nevoie de o informare corect\u0103 pentru a \u00een\u021belege pe deplin ce se \u00eent\u00e2mpl\u0103 \u00een jurul lor \u0219i pentru a lua ac\u021biune \u00eempotriva nedrept\u0103\u021bilor.\",\"url\":\"https:\\\/\\\/buletin.de\\\/bucuresti\\\/author\\\/andreeatudor\\\/\"}]}<\/script>\n<!-- \/ Yoast SEO Premium plugin. -->","yoast_head_json":{"title":"Sector 1 | Prim\u0103ria va contribui cu 20.000 euro la evenimentul \u201eJocurile Cartierului Bucure\u0219tii Noi\u201d din Parc Bazilescu - Buletin de Bucure\u0219ti","robots":{"index":"index","follow":"follow","max-snippet":"max-snippet:-1","max-image-preview":"max-image-preview:large","max-video-preview":"max-video-preview:-1"},"canonical":"https:\/\/buletin.de\/bucuresti\/sector-1-primaria-va-contribui-cu-20-000-euro-la-evenimentul-jocurile-cartierului-bucurestii-noi-din-parc-bazilescu\/","og_locale":"en_GB","og_type":"article","og_title":"Sector 1 | Prim\u0103ria va contribui cu 20.000 euro la evenimentul \u201eJocurile Cartierului Bucure\u0219tii Noi\u201d din Parc Bazilescu","og_description":"Update: Proiectul a fost adoptat cu 25 voturi pentru. Prim\u0103ria Sectorului 1 vrea s\u0103 finan\u021beze&nbsp;cu 20.000 euro \u201eproiectul sportiv de interes public local Jocurile Cartierului Bucure\u0219tii Noi\u201d. Astfel, \u00een urm\u0103toarea \u0219edin\u021b\u0103 de joi, 11 aprilie, consilierii locali vor decide dac\u0103 solicit\u0103 acordul Consiliului General al Municipiului Bucure\u0219ti (CGMB) cu privire la \u00eencheierea unui protocol de [&hellip;]","og_url":"https:\/\/buletin.de\/bucuresti\/sector-1-primaria-va-contribui-cu-20-000-euro-la-evenimentul-jocurile-cartierului-bucurestii-noi-din-parc-bazilescu\/","og_site_name":"Buletin de Bucure\u0219ti","article_publisher":"https:\/\/www.facebook.com\/buletin.de.buc","article_published_time":"2024-04-10T07:03:30+00:00","article_modified_time":"2024-04-11T08:58:34+00:00","og_image":[{"width":1200,"height":630,"url":"https:\/\/buletin.de\/bucuresti\/wp-content\/uploads\/Parc-Bazilescu.jpeg","type":"image\/jpeg"}],"author":"Andreea Tudor","twitter_card":"summary_large_image","twitter_misc":{"Written by":"Andreea Tudor","Estimated reading time":"2 minutes"},"schema":{"@context":"https:\/\/schema.org","@graph":[{"@type":"Article","@id":"https:\/\/buletin.de\/bucuresti\/sector-1-primaria-va-contribui-cu-20-000-euro-la-evenimentul-jocurile-cartierului-bucurestii-noi-din-parc-bazilescu\/#article","isPartOf":{"@id":"https:\/\/buletin.de\/bucuresti\/sector-1-primaria-va-contribui-cu-20-000-euro-la-evenimentul-jocurile-cartierului-bucurestii-noi-din-parc-bazilescu\/"},"author":{"name":"Andreea Tudor","@id":"https:\/\/buletin.de\/bucuresti\/#\/schema\/person\/150590659efde715459d159da012f501"},"headline":"Sector 1 | Prim\u0103ria va contribui cu 20.000 euro la evenimentul \u201eJocurile Cartierului Bucure\u0219tii Noi\u201d din Parc Bazilescu","datePublished":"2024-04-10T07:03:30+00:00","dateModified":"2024-04-11T08:58:34+00:00","mainEntityOfPage":{"@id":"https:\/\/buletin.de\/bucuresti\/sector-1-primaria-va-contribui-cu-20-000-euro-la-evenimentul-jocurile-cartierului-bucurestii-noi-din-parc-bazilescu\/"},"wordCount":349,"publisher":{"@id":"https:\/\/buletin.de\/bucuresti\/#organization"},"image":{"@id":"https:\/\/buletin.de\/bucuresti\/sector-1-primaria-va-contribui-cu-20-000-euro-la-evenimentul-jocurile-cartierului-bucurestii-noi-din-parc-bazilescu\/#primaryimage"},"thumbnailUrl":"https:\/\/buletin.de\/bucuresti\/wp-content\/uploads\/Parc-Bazilescu.jpeg","keywords":["competitii sportive","Parc Bazilescu","primaria sectorului 1","Sector 1","Zilele Cartierului Bucurestii Noi"],"articleSection":["Articole","Prim\u0103rie","\u0218tiri"],"inLanguage":"en-GB","copyrightYear":"2024","copyrightHolder":{"@id":"https:\/\/buletin.de\/bucuresti\/#organization"}},{"@type":"WebPage","@id":"https:\/\/buletin.de\/bucuresti\/sector-1-primaria-va-contribui-cu-20-000-euro-la-evenimentul-jocurile-cartierului-bucurestii-noi-din-parc-bazilescu\/","url":"https:\/\/buletin.de\/bucuresti\/sector-1-primaria-va-contribui-cu-20-000-euro-la-evenimentul-jocurile-cartierului-bucurestii-noi-din-parc-bazilescu\/","name":"Sector 1 | Prim\u0103ria va contribui cu 20.000 euro la evenimentul \u201eJocurile Cartierului Bucure\u0219tii Noi\u201d din Parc Bazilescu - Buletin de Bucure\u0219ti","isPartOf":{"@id":"https:\/\/buletin.de\/bucuresti\/#website"},"primaryImageOfPage":{"@id":"https:\/\/buletin.de\/bucuresti\/sector-1-primaria-va-contribui-cu-20-000-euro-la-evenimentul-jocurile-cartierului-bucurestii-noi-din-parc-bazilescu\/#primaryimage"},"image":{"@id":"https:\/\/buletin.de\/bucuresti\/sector-1-primaria-va-contribui-cu-20-000-euro-la-evenimentul-jocurile-cartierului-bucurestii-noi-din-parc-bazilescu\/#primaryimage"},"thumbnailUrl":"https:\/\/buletin.de\/bucuresti\/wp-content\/uploads\/Parc-Bazilescu.jpeg","datePublished":"2024-04-10T07:03:30+00:00","dateModified":"2024-04-11T08:58:34+00:00","breadcrumb":{"@id":"https:\/\/buletin.de\/bucuresti\/sector-1-primaria-va-contribui-cu-20-000-euro-la-evenimentul-jocurile-cartierului-bucurestii-noi-din-parc-bazilescu\/#breadcrumb"},"inLanguage":"en-GB","potentialAction":[{"@type":"ReadAction","target":["https:\/\/buletin.de\/bucuresti\/sector-1-primaria-va-contribui-cu-20-000-euro-la-evenimentul-jocurile-cartierului-bucurestii-noi-din-parc-bazilescu\/"]}]},{"@type":"ImageObject","inLanguage":"en-GB","@id":"https:\/\/buletin.de\/bucuresti\/sector-1-primaria-va-contribui-cu-20-000-euro-la-evenimentul-jocurile-cartierului-bucurestii-noi-din-parc-bazilescu\/#primaryimage","url":"https:\/\/buletin.de\/bucuresti\/wp-content\/uploads\/Parc-Bazilescu.jpeg","contentUrl":"https:\/\/buletin.de\/bucuresti\/wp-content\/uploads\/Parc-Bazilescu.jpeg","width":1200,"height":630,"caption":"FOTO: merg in"},{"@type":"BreadcrumbList","@id":"https:\/\/buletin.de\/bucuresti\/sector-1-primaria-va-contribui-cu-20-000-euro-la-evenimentul-jocurile-cartierului-bucurestii-noi-din-parc-bazilescu\/#breadcrumb","itemListElement":[{"@type":"ListItem","position":1,"name":"Acas\u0103","item":"https:\/\/buletin.de\/bucuresti\/"},{"@type":"ListItem","position":2,"name":"Sector 1 | Prim\u0103ria va contribui cu 20.000 euro la evenimentul \u201eJocurile Cartierului Bucure\u0219tii Noi\u201d din Parc Bazilescu"}]},{"@type":"WebSite","@id":"https:\/\/buletin.de\/bucuresti\/#website","url":"https:\/\/buletin.de\/bucuresti\/","name":"Buletin de Bucure\u0219ti","description":"\u0218tiri \u0219i investiga\u021bii esen\u021biale din capital\u0103","publisher":{"@id":"https:\/\/buletin.de\/bucuresti\/#organization"},"potentialAction":[{"@type":"SearchAction","target":{"@type":"EntryPoint","urlTemplate":"https:\/\/buletin.de\/bucuresti\/?s={search_term_string}"},"query-input":{"@type":"PropertyValueSpecification","valueRequired":true,"valueName":"search_term_string"}}],"inLanguage":"en-GB"},{"@type":"Organization","@id":"https:\/\/buletin.de\/bucuresti\/#organization","name":"Buletin de Bucure\u0219ti","url":"https:\/\/buletin.de\/bucuresti\/","logo":{"@type":"ImageObject","inLanguage":"en-GB","@id":"https:\/\/buletin.de\/bucuresti\/#\/schema\/logo\/image\/","url":"https:\/\/buletin.de\/bucuresti\/wp-content\/uploads\/logo-bdb-full-wide-vernil-transparent.png","contentUrl":"https:\/\/buletin.de\/bucuresti\/wp-content\/uploads\/logo-bdb-full-wide-vernil-transparent.png","width":1782,"height":626,"caption":"Buletin de Bucure\u0219ti"},"image":{"@id":"https:\/\/buletin.de\/bucuresti\/#\/schema\/logo\/image\/"},"sameAs":["https:\/\/www.facebook.com\/buletin.de.buc","https:\/\/www.instagram.com\/buletinde.bucuresti\/"]},{"@type":"Person","@id":"https:\/\/buletin.de\/bucuresti\/#\/schema\/person\/150590659efde715459d159da012f501","name":"Andreea Tudor","image":{"@type":"ImageObject","inLanguage":"en-GB","@id":"https:\/\/secure.gravatar.com\/avatar\/a88705a186ab0b67f3349bcbced506c09e37256fbaad0e7f3bd1a79b4599f589?s=96&d=monsterid&r=g79290610aa1a65c2b86eebc2ca5aee8f","url":"https:\/\/secure.gravatar.com\/avatar\/a88705a186ab0b67f3349bcbced506c09e37256fbaad0e7f3bd1a79b4599f589?s=96&d=monsterid&r=g","contentUrl":"https:\/\/secure.gravatar.com\/avatar\/a88705a186ab0b67f3349bcbced506c09e37256fbaad0e7f3bd1a79b4599f589?s=96&d=monsterid&r=g","caption":"Andreea Tudor"},"description":"N\u0103scut\u0103 \u0219i crescut\u0103 \u00een Bucure\u0219ti, sus\u021bin\u0103toare a presei independente. A\u0219a am ajuns redactor la Buletin de Bucure\u0219ti. Fiind eu, \u00eens\u0103mi, parte a sistemului de \u00eenv\u0103\u021b\u0103m\u00e2nt rom\u00e2nesc \u0219i pasionat\u0103 de domeniul social, pun sub lup\u0103 tot ceea ce se \u00eent\u00e2mpl\u0103 \u00een sfera educa\u021biei. Cred cu t\u0103rie c\u0103 presa \u201epentru cet\u0103\u021beni\u201d este presa independent\u0103. Oamenii au nevoie de o informare corect\u0103 pentru a \u00een\u021belege pe deplin ce se \u00eent\u00e2mpl\u0103 \u00een jurul lor \u0219i pentru a lua ac\u021biune \u00eempotriva nedrept\u0103\u021bilor.","url":"https:\/\/buletin.de\/bucuresti\/author\/andreeatudor\/"}]}},"authors":[{"term_id":22573,"user_id":55,"is_guest":0,"slug":"andreeatudor","display_name":"Andreea Tudor","avatar_url":"https:\/\/secure.gravatar.com\/avatar\/a88705a186ab0b67f3349bcbced506c09e37256fbaad0e7f3bd1a79b4599f589?s=96&d=monsterid&r=g","0":null,"1":"","2":"","3":"","4":"","5":"","6":"","7":"","8":""}],"_links":{"self":[{"href":"https:\/\/buletin.de\/bucuresti\/wp-json\/wp\/v2\/posts\/82541","targetHints":{"allow":["GET"]}}],"collection":[{"href":"https:\/\/buletin.de\/bucuresti\/wp-json\/wp\/v2\/posts"}],"about":[{"href":"https:\/\/buletin.de\/bucuresti\/wp-json\/wp\/v2\/types\/post"}],"author":[{"embeddable":true,"href":"https:\/\/buletin.de\/bucuresti\/wp-json\/wp\/v2\/users\/55"}],"replies":[{"embeddable":true,"href":"https:\/\/buletin.de\/bucuresti\/wp-json\/wp\/v2\/comments?post=82541"}],"version-history":[{"count":6,"href":"https:\/\/buletin.de\/bucuresti\/wp-json\/wp\/v2\/posts\/82541\/revisions"}],"predecessor-version":[{"id":82709,"href":"https:\/\/buletin.de\/bucuresti\/wp-json\/wp\/v2\/posts\/82541\/revisions\/82709"}],"wp:featuredmedia":[{"embeddable":true,"href":"https:\/\/buletin.de\/bucuresti\/wp-json\/wp\/v2\/media\/82543"}],"wp:attachment":[{"href":"https:\/\/buletin.de\/bucuresti\/wp-json\/wp\/v2\/media?parent=82541"}],"wp:term":[{"taxonomy":"category","embeddable":true,"href":"https:\/\/buletin.de\/bucuresti\/wp-json\/wp\/v2\/categories?post=82541"},{"taxonomy":"post_tag","embeddable":true,"href":"https:\/\/buletin.de\/bucuresti\/wp-json\/wp\/v2\/tags?post=82541"},{"taxonomy":"author","embeddable":true,"href":"https:\/\/buletin.de\/bucuresti\/wp-json\/wp\/v2\/ppma_author?post=82541"}],"curies":[{"name":"wp","href":"https:\/\/api.w.org\/{rel}","templated":true}]}}