{"id":82534,"date":"2024-04-09T16:02:30","date_gmt":"2024-04-09T13:02:30","guid":{"rendered":"https:\/\/buletin.de\/bucuresti\/?p=82534"},"modified":"2024-04-10T06:00:36","modified_gmt":"2024-04-10T03:00:36","slug":"raport-oficial-retrocedarea-bucatii-din-parcul-ior-s-a-facut-ilegal-semnaturi-false-si-alte-ambiguitati-spune-prefectul-capitalei","status":"publish","type":"post","link":"https:\/\/buletin.de\/bucuresti\/raport-oficial-retrocedarea-bucatii-din-parcul-ior-s-a-facut-ilegal-semnaturi-false-si-alte-ambiguitati-spune-prefectul-capitalei\/","title":{"rendered":"Raport oficial: Retrocedarea buc\u0103\u0163ii din parcul IOR s-a f\u0103cut ilegal. Semn\u0103turi false \u015fi alte ambiguit\u0103\u0163i, spune prefectul Capitalei"},"content":{"rendered":"\n<p><strong>Prefectul Capitalei Rare\u015f Hopinc\u0103 a declarat c\u0103 exist\u0103 suspiciuni c\u0103 retrocedarea unei p\u0103r\u0163i a Parcului Alexandru Ioan Cuza, cunoscut drept IOR, ar fi fost realizat\u0103 cu acte false, dup\u0103 cum reiese din raportul \u00eentocmit de c\u0103tre Autoritatea Na\u0163ional\u0103 pentru Restituirea Propriet\u0103\u0163ilor (ANRP). Hopinc\u0103 spune c\u0103 va sesiza Parchetul<\/strong>.<\/p>\n\n\n\n<p>Potrivit prefectului Capitalei, \u00een urma <a href=\"https:\/\/buletin.de\/bucuresti\/parcul-ior-prefectul-capitalei-cheama-primaria-capitalei-in-instanta-exista-elemente-vadite-de-nelegalitate\/\">ac\u021biunii \u00een instan\u021b\u0103 intentate de acesta \u00een octombrie 2023<\/a> a solicitat ANPR s\u0103 desf\u0103\u0219oare un control de fond pe toate documentele ce au stat la baza acelor dispozi\u021bii pentru retrocedarea unei p\u0103r\u021bi din Parcul IOR. Raportul realizat \u00een patru luni a verificat o serie \u00eentreag\u0103 de documente de la multe institu\u021bii ale statului \u0219i o serie de documente primite \u00een timpul controlului de la persoane fizice: \u201eConstat\u0103rile din raport sunt extrem-extrem de grave\u201d<\/p>\n\n\n\n<p>Hopinc\u0103 adaug\u0103 faptul c\u0103 nu va face publice informa\u021biile din raport, pentru a maximiza \u0219ansele de a anula \u00een instan\u0163\u0103 cele dou\u0103 dispozi\u021bii emise ilegal. \u00cen schimb, va trimite raportul c\u0103tre institu\u021biile abilitate ale statului pentru a continua investiga\u021biile:<\/p>\n\n\n\n<blockquote class=\"wp-block-quote is-layout-flow wp-block-quote-is-layout-flow\">\n<p class=\"has-medium-font-size\">Retrocedarea Parcului IOR, dup\u0103 cum am intuit analiz\u00e2nd dosarele aflate la dispozi\u021bia Institu\u021biei Prefectului \u0219i mai ales dup\u0103 cum reiese din acest raport, s-a f\u0103cut \u00eentr-o manier\u0103 abuziv\u0103, fiind constatat un lung \u0219ir de posibile infrac\u021biuni \u0219i \u00eenc\u0103lc\u0103ri ale procedurilor stabilite de lege. Din punctul meu de vedere, una dintre cele mai grave infrac\u021biuni stabilite \u00een aceast\u0103 procedur\u0103 este constatarea unor semn\u0103turi ce par a fi false. Sunt multe astfel de constat\u0103ri.\u00a0<\/p>\n\n\n\n<p><\/p>\n<cite>prefectul capitalei, Rare\u0219 Hopinc\u0103<a href=\"https:\/\/www.hotnews.ro\/stiri-administratie_locala-27041687-prefectul-bucurestiului-exista-suspiciuni-retrocedarea-unei-parti-din-parcul-ior-fost-realizata-prin-utilizarea-unor-documente-false.htm\">\u00a0<\/a><\/cite><\/blockquote>\n\n\n\n<h2 class=\"wp-block-heading\">Ac\u021biunea Prefectului din octombrie<\/h2>\n\n\n\n<p>\u00cen data de 10 octombrie, Prefectul Municipiului Bucure\u0219ti, Rare\u0219 Hopinc\u0103, a anun\u021bat c\u0103 va ataca \u00een instan\u021b\u0103 dispozi\u021bia de retrocedare a celor circa 12 ha din Parcul IOR \u015fi c\u0103 va depune o cerere de chemare \u00een judecat\u0103 a Prim\u0103riei Municipiului Bucure\u0219ti.<\/p>\n\n\n\n<p>Prefectul a spus c\u0103 principalul motiv de nelegalitate este c\u0103 terenul a fost retrocedat pe Legea 10\/2001, de\u0219i, fiind \u00eenregistrat ca \u201eteren arabil\u201d, trebuia judecat \u00een baza Legii 18\/1991, cum cere \u00een mod explicit legea:<em>\u00a0\u201eEste un element v\u0103dit de nelegalitate pe care instan\u021ba l-a constatat deja la fond, \u00een procesul intentat de Prim\u0103ria Sectorului 3 \u0219i care trebuie s\u0103 duc\u0103 f\u0103r\u0103 niciun fel de dubiu la anularea acestor dispozi\u021bii de retrocedare\u201d,\u00a0<\/em>a spus Hopinc\u0103.\u00a0<\/p>\n\n\n\n<p><em>\u201eAceste 12 ha fac parte dintr-un corp de 767 de teren arabil constituit \u00een anul 1921 \u00een proprietatea unui cet\u0103\u021bean numit Ivan Gruef. \u00cen anul 1945, statul rom\u00e2n expropriaz\u0103 acest teren arabil \u00een suprafa\u021b\u0103 de 12 ha de la numi\u021bii Ivan Gruef \u0219i Elena Cantacuzino, \u00een baza Legii 187\/1945 privind reforma agrar\u0103. Este foarte important de men\u021bionat acest lucru, acest teren a fost tot timpul teren arabil. \u00cen anul 2005, ingnor\u00e2ndu-se faptul c\u0103 a fost teren arabil. Acest teren a fost retrocedat \u00een baza Legii 10\/2001 \u0219i nu pe baza Legii 18\/1991, cum cere \u00een mod explicit legea<\/em>\u201d a explicat prefectul.&nbsp;<\/p>\n\n\n\n<p><a href=\"https:\/\/buletin.de\/bucuresti\/parcul-ior-nicusor-dan-sper-ca-actiunea-prefectului-sa-nu-fie-de-imagine-nu-inteleg-de-ce-nu-m-a-contactat-pentru-a-l-ajuta\/\">La dou\u0103 ore dup\u0103 conferin\u021ba de pres\u0103 a Prefectului Capitalei, primarul general al Capitalei, Nicu\u0219or Dan<\/a>,\u00a0<a href=\"https:\/\/www.facebook.com\/NicusorDan.ro\/posts\/pfbid02kJxTeeWvdo4VBePtSBEaox7X7gZeyE851jEo41o9sUTgJKQPEFGYRLpmLomuWJuil\">a reac\u021bionat<\/a>\u00a0pe pagina sa de Facebook. Edilul \u00eel acuz\u0103 pe Robert Negoi\u021b\u0103 c\u0103 nu l-a contactat pentru a-l ajuta. Mai mult, primarul general reaminte\u0219te c\u0103 Negoi\u021b\u0103 \u0219i fostul primar Sorin Oprescu, ca reprezentan\u021bi ai prim\u0103riilor, nu au putut demonstra, \u00een zece ani de procese, cu acte, c\u0103 acolo a fost parc.<\/p>\n\n\n\n<p>L<a href=\"https:\/\/buletin.de\/bucuresti\/amenda-record-pentru-diminuarea-spatiului-verde-din-ior-35-de-milioane-de-euro-pentru-proprietarul-zonei-unde-sunt-mereu-incendii-taieri-si-arbori-otraviti\/\">a finalul lunii octombrie, Poli\u0163ia Local\u0103 a Municipiului Bucure\u015fti a amendat proprietarului terenului retrocedat din Parcul IOR cu 35 de milioane de euro<\/a>. Suma uria\u015f\u0103 se bazeaz\u0103 pe un articol din legea 24 pe 2007, care spune c\u0103 reducerea spa\u0163iului verde sau schimbarea destina\u0163iei spa\u0163iului verde se poate amenda cu 1000-2000 de lei pe metrul p\u0103trat. <a href=\"https:\/\/buletin.de\/bucuresti\/ior-amenda-record-pentru-diminuarea-spatiului-verde-contestata-in-instanta\/\">Proprietarul a contestat \u00een instan\u021b\u0103 amenda. <\/a><\/p>\n\n\n\n<h2 class=\"wp-block-heading\">Zona retrocedat\u0103<\/h2>\n\n\n\n<p>Prim\u0103ria Sectorului 3&nbsp;<a href=\"https:\/\/buletin.de\/bucuresti\/decizie-definitiva-primaria-sectorului-3-a-pierdut-procesul-pentru-cele-11-hectare-retrocedate-in-parcul-ior\/\">a pierdut definitiv<\/a>, \u00een toamna anului 2022, procesul \u00een care contesta fix legalitatea retroced\u0103rii. Atunci, judec\u0103torii de la \u00cenalta Curte de Casa\u021bie \u0219i Justi\u021bie au apreciat c\u0103 Prim\u0103ria nu a putut demonstra c\u0103 pe cele 12 hectare este sau a fost parc, chiar dac\u0103 pe imaginile din satelit se v\u0103d alei \u0219i pe teren se v\u0103d \u00eenc\u0103 arbori planta\u021bi la linie.<\/p>\n\n\n\n<p>Terenul retrocedat de instan\u0163\u0103 Mariei Cocoru dup\u0103 un \u015fir lung de procese este \u00een continuare surs\u0103 de discordie \u00een sector.  \u00cen ultimii doi ani, pe acel teren, au fost 20 de incendii. Locuitorii \u015fi grupurile civice acuz\u0103 c\u0103 se dore\u015fte defri\u015farea total\u0103 a zonei pentru a crea spa\u0163iu pentru proiecte imobiliare.<\/p>\n\n\n\n<p>\u00cen ciuda incendiilor dese \u015fi a otr\u0103virilor \u015fi t\u0103ierilor de copaci, poli\u0163i\u015ftii nu au prins, p\u00e2n\u0103 acum, niciun vinovat. De\u015fi sunt patrule \u201e24 din 24\u201d a\u015fa cum spune directorul Poli\u0163iei Locale, niciun r\u0103uf\u0103c\u0103tor nu a fost v\u0103zut. Oficialul d\u0103 vina pe faptul c\u0103 suprafa\u0163a e prea mare pentru a fi prins vreun f\u0103pta\u015f. Camerele de supraveghere din parc se pare c\u0103 nu au, de asemenea, niciun efect benefic. Cet\u0103\u0163enii spun c\u0103 au ei filmule\u0163e \u015fi poze cu cei care taie arborii \u015fi a\u015fteapt\u0103 s\u0103 colaboreze cu autorit\u0103\u0163ile.<\/p>\n\n\n\n<p>\u00cen plus, \u00eencep\u00e2nd cu luna februarie a anului 2023, cet\u0103\u021benii&nbsp;<a href=\"https:\/\/buletin.de\/bucuresti\/reportaj-picnic-in-cenusa-si-birouri-cetatenesti-in-zona-retrocedata-din-parcul-ior\/\">se organizeaz\u0103 pentru a protesta<\/a>&nbsp;\u00eempotriva distrugerii zonei retrocedate a parcului.<\/p>\n\n\n\n<p><strong>CITE\u0218TE \u0218I:<\/strong><\/p>\n\n\n\n<ul class=\"wp-block-list\">\n<li><a href=\"https:\/\/buletin.de\/bucuresti\/descinderi-dna-la-primaria-capitalei-unele-surse-spun-ca-procurorii-strang-documente-legate-de-amenda-record-din-dosarul-ior\/\">Descinderi DNA la Prim\u01ceria Capitalei. Unele surse spun c\u01ce procurorii str\u00e2ng documente legate de amenda-record din dosarul IOR &#8211; Buletin de Bucure\u0219ti<\/a><\/li>\n\n\n\n<li><a href=\"https:\/\/buletin.de\/bucuresti\/amenda-record-pentru-diminuarea-spatiului-verde-din-ior-35-de-milioane-de-euro-pentru-proprietarul-zonei-unde-sunt-mereu-incendii-taieri-si-arbori-otraviti\/\">Amend\u0103-record pentru diminuarea spa\u0163iului verde din IOR | 35 de milioane de euro pentru proprietarul zonei unde sunt mereu incendii, t\u0103ieri \u015fi arbori otr\u0103vi\u0163i &#8211; Buletin de Bucure\u0219ti<\/a><\/li>\n\n\n\n<li><a href=\"https:\/\/buletin.de\/bucuresti\/ior-amenda-record-pentru-diminuarea-spatiului-verde-contestata-in-instanta\/\">IOR | Amenda-record pentru diminuarea spa\u0163iului verde, contestat\u0103 \u00een instan\u0163\u0103&nbsp; &#8211; Buletin de Bucure\u0219ti<\/a><\/li>\n\n\n\n<li><a href=\"https:\/\/buletin.de\/bucuresti\/editorial-gard-viu-de-politisti-impotriva-cartografierii-copacilor-otraviti-din-zona-retrocedata-a-parcului-ior\/\">EDITORIAL | \u201eGard viu\u201d de poli\u021bi\u0219ti, \u00eempotriva cartografierii copacilor \u201eotr\u0103vi\u021bi\u201d din zona retrocedat\u0103 a Parcului IOR<\/a><\/li>\n\n\n\n<li><a href=\"https:\/\/buletin.de\/bucuresti\/reportaj-picnic-in-cenusa-si-birouri-cetatenesti-in-zona-retrocedata-din-parcul-ior\/\">REPORTAJ | \u201ePicnic \u00een cenu\u0219\u0103\u201d \u0219i \u201eBirouri cet\u0103\u021bene\u0219ti\u201d, \u00een zona retrocedat\u0103 din Parcul IOR<\/a><\/li>\n\n\n\n<li><a href=\"https:\/\/buletin.de\/bucuresti\/foto-zona-retrocedata-a-parcului-ior-la-o-zi-de-la-incendiu\/\">FOTO | Zona retrocedat\u0103 a Parcului IOR, la o zi de la incendiu<\/a><\/li>\n\n\n\n<li><a href=\"https:\/\/buletin.de\/bucuresti\/protest-pentru-salvarea-zonei-retrocedate-a-parcului-ior-cetatenii-sunt-revoltati-de-taierile-ilegale\/\">Protest pentru salvarea zonei retrocedate a parcului IOR. Cet\u0103\u021benii sunt revolta\u021bi de t\u0103ierile ilegale<\/a><\/li>\n<\/ul>\n","protected":false},"excerpt":{"rendered":"<p>Prefectul Capitalei Rare\u015f Hopinc\u0103 a declarat c\u0103 exist\u0103 suspiciuni c\u0103 retrocedarea unei p\u0103r\u0163i a Parcului Alexandru Ioan Cuza, cunoscut drept IOR, ar fi fost realizat\u0103 cu acte false, dup\u0103 cum reiese din raportul \u00eentocmit de c\u0103tre Autoritatea Na\u0163ional\u0103 pentru Restituirea Propriet\u0103\u0163ilor (ANRP). Hopinc\u0103 spune c\u0103 va sesiza Parchetul. Potrivit prefectului Capitalei, \u00een urma ac\u021biunii \u00een [&hellip;]<\/p>\n","protected":false},"author":47,"featured_media":67755,"comment_status":"closed","ping_status":"open","sticky":false,"template":"","format":"standard","meta":{"_acf_changed":false,"inline_featured_image":false,"ngg_post_thumbnail":0,"footnotes":""},"categories":[6994,9026,5762],"tags":[7238,11087,11088,10429,5726,4830,6842,2899,6660,11086],"ppma_author":[22580],"class_list":["post-82534","post","type-post","status-publish","format-standard","has-post-thumbnail","hentry","category-stiri-2","category-eveniment","category-main","tag-alexandru-ioan-cuza","tag-anpr","tag-autoritatea-nbationala-pentru-restituirea-proprietatilor","tag-fals-in-acte","tag-ior","tag-parcul-alexandru-ioan-cuza","tag-parcul-ior","tag-prefectul-capitalei","tag-zona-retrocedata","tag-zona-retrocedata-ior"],"acf":[],"yoast_head":"<!-- This site is optimized with the Yoast SEO Premium plugin v25.3 (Yoast SEO v27.4) - https:\/\/yoast.com\/product\/yoast-seo-premium-wordpress\/ -->\n<title>Raport oficial: Retrocedarea buc\u0103\u0163ii din parcul IOR s-a f\u0103cut ilegal. Semn\u0103turi false \u015fi alte ambiguit\u0103\u0163i, spune prefectul Capitalei - Buletin de Bucure\u0219ti<\/title>\n<meta name=\"robots\" content=\"index, follow, max-snippet:-1, max-image-preview:large, max-video-preview:-1\" \/>\n<link rel=\"canonical\" href=\"https:\/\/buletin.de\/bucuresti\/raport-oficial-retrocedarea-bucatii-din-parcul-ior-s-a-facut-ilegal-semnaturi-false-si-alte-ambiguitati-spune-prefectul-capitalei\/\" \/>\n<meta property=\"og:locale\" content=\"en_GB\" \/>\n<meta property=\"og:type\" content=\"article\" \/>\n<meta property=\"og:title\" content=\"Raport oficial: Retrocedarea buc\u0103\u0163ii din parcul IOR s-a f\u0103cut ilegal. Semn\u0103turi false \u015fi alte ambiguit\u0103\u0163i, spune prefectul Capitalei\" \/>\n<meta property=\"og:description\" content=\"Prefectul Capitalei Rare\u015f Hopinc\u0103 a declarat c\u0103 exist\u0103 suspiciuni c\u0103 retrocedarea unei p\u0103r\u0163i a Parcului Alexandru Ioan Cuza, cunoscut drept IOR, ar fi fost realizat\u0103 cu acte false, dup\u0103 cum reiese din raportul \u00eentocmit de c\u0103tre Autoritatea Na\u0163ional\u0103 pentru Restituirea Propriet\u0103\u0163ilor (ANRP). Hopinc\u0103 spune c\u0103 va sesiza Parchetul. Potrivit prefectului Capitalei, \u00een urma ac\u021biunii \u00een [&hellip;]\" \/>\n<meta property=\"og:url\" content=\"https:\/\/buletin.de\/bucuresti\/raport-oficial-retrocedarea-bucatii-din-parcul-ior-s-a-facut-ilegal-semnaturi-false-si-alte-ambiguitati-spune-prefectul-capitalei\/\" \/>\n<meta property=\"og:site_name\" content=\"Buletin de Bucure\u0219ti\" \/>\n<meta property=\"article:publisher\" content=\"https:\/\/www.facebook.com\/buletin.de.buc\" \/>\n<meta property=\"article:published_time\" content=\"2024-04-09T13:02:30+00:00\" \/>\n<meta property=\"article:modified_time\" content=\"2024-04-10T03:00:36+00:00\" \/>\n<meta property=\"og:image\" content=\"https:\/\/buletin.de\/bucuresti\/wp-content\/uploads\/20231031_094826.jpg\" \/>\n\t<meta property=\"og:image:width\" content=\"2000\" \/>\n\t<meta property=\"og:image:height\" content=\"1126\" \/>\n\t<meta property=\"og:image:type\" content=\"image\/jpeg\" \/>\n<meta name=\"author\" content=\"Adina C\u0103p\u00eelnean\" \/>\n<meta name=\"twitter:card\" content=\"summary_large_image\" \/>\n<meta name=\"twitter:label1\" content=\"Written by\" \/>\n\t<meta name=\"twitter:data1\" content=\"Adina C\u0103p\u00eelnean\" \/>\n\t<meta name=\"twitter:label2\" content=\"Estimated reading time\" \/>\n\t<meta name=\"twitter:data2\" content=\"4 minutes\" \/>\n<script type=\"application\/ld+json\" class=\"yoast-schema-graph\">{\"@context\":\"https:\\\/\\\/schema.org\",\"@graph\":[{\"@type\":\"Article\",\"@id\":\"https:\\\/\\\/buletin.de\\\/bucuresti\\\/raport-oficial-retrocedarea-bucatii-din-parcul-ior-s-a-facut-ilegal-semnaturi-false-si-alte-ambiguitati-spune-prefectul-capitalei\\\/#article\",\"isPartOf\":{\"@id\":\"https:\\\/\\\/buletin.de\\\/bucuresti\\\/raport-oficial-retrocedarea-bucatii-din-parcul-ior-s-a-facut-ilegal-semnaturi-false-si-alte-ambiguitati-spune-prefectul-capitalei\\\/\"},\"author\":{\"name\":\"Adina C\u0103p\u00eelnean\",\"@id\":\"https:\\\/\\\/buletin.de\\\/bucuresti\\\/#\\\/schema\\\/person\\\/ab174cf6711728e4ee83d672acf9a912\"},\"headline\":\"Raport oficial: Retrocedarea buc\u0103\u0163ii din parcul IOR s-a f\u0103cut ilegal. Semn\u0103turi false \u015fi alte ambiguit\u0103\u0163i, spune prefectul Capitalei\",\"datePublished\":\"2024-04-09T13:02:30+00:00\",\"dateModified\":\"2024-04-10T03:00:36+00:00\",\"mainEntityOfPage\":{\"@id\":\"https:\\\/\\\/buletin.de\\\/bucuresti\\\/raport-oficial-retrocedarea-bucatii-din-parcul-ior-s-a-facut-ilegal-semnaturi-false-si-alte-ambiguitati-spune-prefectul-capitalei\\\/\"},\"wordCount\":1046,\"publisher\":{\"@id\":\"https:\\\/\\\/buletin.de\\\/bucuresti\\\/#organization\"},\"image\":{\"@id\":\"https:\\\/\\\/buletin.de\\\/bucuresti\\\/raport-oficial-retrocedarea-bucatii-din-parcul-ior-s-a-facut-ilegal-semnaturi-false-si-alte-ambiguitati-spune-prefectul-capitalei\\\/#primaryimage\"},\"thumbnailUrl\":\"https:\\\/\\\/buletin.de\\\/bucuresti\\\/wp-content\\\/uploads\\\/20231031_094826.jpg\",\"keywords\":[\"alexandru ioan cuza\",\"anpr\",\"autoritatea nbationala pentru restituirea proprietatilor\",\"fals in acte\",\"IOR\",\"parcul alexandru ioan cuza\",\"parcul IOR\",\"prefectul capitalei\",\"zona retrocedata\",\"zona retrocedata ior\"],\"articleSection\":[\"Articole\",\"Eveniment\",\"Main\"],\"inLanguage\":\"en-GB\",\"copyrightYear\":\"2024\",\"copyrightHolder\":{\"@id\":\"https:\\\/\\\/buletin.de\\\/bucuresti\\\/#organization\"}},{\"@type\":\"WebPage\",\"@id\":\"https:\\\/\\\/buletin.de\\\/bucuresti\\\/raport-oficial-retrocedarea-bucatii-din-parcul-ior-s-a-facut-ilegal-semnaturi-false-si-alte-ambiguitati-spune-prefectul-capitalei\\\/\",\"url\":\"https:\\\/\\\/buletin.de\\\/bucuresti\\\/raport-oficial-retrocedarea-bucatii-din-parcul-ior-s-a-facut-ilegal-semnaturi-false-si-alte-ambiguitati-spune-prefectul-capitalei\\\/\",\"name\":\"Raport oficial: Retrocedarea buc\u0103\u0163ii din parcul IOR s-a f\u0103cut ilegal. Semn\u0103turi false \u015fi alte ambiguit\u0103\u0163i, spune prefectul Capitalei - Buletin de Bucure\u0219ti\",\"isPartOf\":{\"@id\":\"https:\\\/\\\/buletin.de\\\/bucuresti\\\/#website\"},\"primaryImageOfPage\":{\"@id\":\"https:\\\/\\\/buletin.de\\\/bucuresti\\\/raport-oficial-retrocedarea-bucatii-din-parcul-ior-s-a-facut-ilegal-semnaturi-false-si-alte-ambiguitati-spune-prefectul-capitalei\\\/#primaryimage\"},\"image\":{\"@id\":\"https:\\\/\\\/buletin.de\\\/bucuresti\\\/raport-oficial-retrocedarea-bucatii-din-parcul-ior-s-a-facut-ilegal-semnaturi-false-si-alte-ambiguitati-spune-prefectul-capitalei\\\/#primaryimage\"},\"thumbnailUrl\":\"https:\\\/\\\/buletin.de\\\/bucuresti\\\/wp-content\\\/uploads\\\/20231031_094826.jpg\",\"datePublished\":\"2024-04-09T13:02:30+00:00\",\"dateModified\":\"2024-04-10T03:00:36+00:00\",\"breadcrumb\":{\"@id\":\"https:\\\/\\\/buletin.de\\\/bucuresti\\\/raport-oficial-retrocedarea-bucatii-din-parcul-ior-s-a-facut-ilegal-semnaturi-false-si-alte-ambiguitati-spune-prefectul-capitalei\\\/#breadcrumb\"},\"inLanguage\":\"en-GB\",\"potentialAction\":[{\"@type\":\"ReadAction\",\"target\":[\"https:\\\/\\\/buletin.de\\\/bucuresti\\\/raport-oficial-retrocedarea-bucatii-din-parcul-ior-s-a-facut-ilegal-semnaturi-false-si-alte-ambiguitati-spune-prefectul-capitalei\\\/\"]}]},{\"@type\":\"ImageObject\",\"inLanguage\":\"en-GB\",\"@id\":\"https:\\\/\\\/buletin.de\\\/bucuresti\\\/raport-oficial-retrocedarea-bucatii-din-parcul-ior-s-a-facut-ilegal-semnaturi-false-si-alte-ambiguitati-spune-prefectul-capitalei\\\/#primaryimage\",\"url\":\"https:\\\/\\\/buletin.de\\\/bucuresti\\\/wp-content\\\/uploads\\\/20231031_094826.jpg\",\"contentUrl\":\"https:\\\/\\\/buletin.de\\\/bucuresti\\\/wp-content\\\/uploads\\\/20231031_094826.jpg\",\"width\":2000,\"height\":1126,\"caption\":\"Lan\u021bul uman pentru protec\u021bia IOR are loc s\u00e2mb\u0103t\u0103. Este nevoie de 1.000 de persoane\"},{\"@type\":\"BreadcrumbList\",\"@id\":\"https:\\\/\\\/buletin.de\\\/bucuresti\\\/raport-oficial-retrocedarea-bucatii-din-parcul-ior-s-a-facut-ilegal-semnaturi-false-si-alte-ambiguitati-spune-prefectul-capitalei\\\/#breadcrumb\",\"itemListElement\":[{\"@type\":\"ListItem\",\"position\":1,\"name\":\"Acas\u0103\",\"item\":\"https:\\\/\\\/buletin.de\\\/bucuresti\\\/\"},{\"@type\":\"ListItem\",\"position\":2,\"name\":\"Raport oficial: Retrocedarea buc\u0103\u0163ii din parcul IOR s-a f\u0103cut ilegal. Semn\u0103turi false \u015fi alte ambiguit\u0103\u0163i, spune prefectul Capitalei\"}]},{\"@type\":\"WebSite\",\"@id\":\"https:\\\/\\\/buletin.de\\\/bucuresti\\\/#website\",\"url\":\"https:\\\/\\\/buletin.de\\\/bucuresti\\\/\",\"name\":\"Buletin de Bucure\u0219ti\",\"description\":\"\u0218tiri \u0219i investiga\u021bii esen\u021biale din capital\u0103\",\"publisher\":{\"@id\":\"https:\\\/\\\/buletin.de\\\/bucuresti\\\/#organization\"},\"potentialAction\":[{\"@type\":\"SearchAction\",\"target\":{\"@type\":\"EntryPoint\",\"urlTemplate\":\"https:\\\/\\\/buletin.de\\\/bucuresti\\\/?s={search_term_string}\"},\"query-input\":{\"@type\":\"PropertyValueSpecification\",\"valueRequired\":true,\"valueName\":\"search_term_string\"}}],\"inLanguage\":\"en-GB\"},{\"@type\":\"Organization\",\"@id\":\"https:\\\/\\\/buletin.de\\\/bucuresti\\\/#organization\",\"name\":\"Buletin de Bucure\u0219ti\",\"url\":\"https:\\\/\\\/buletin.de\\\/bucuresti\\\/\",\"logo\":{\"@type\":\"ImageObject\",\"inLanguage\":\"en-GB\",\"@id\":\"https:\\\/\\\/buletin.de\\\/bucuresti\\\/#\\\/schema\\\/logo\\\/image\\\/\",\"url\":\"https:\\\/\\\/buletin.de\\\/bucuresti\\\/wp-content\\\/uploads\\\/logo-bdb-full-wide-vernil-transparent.png\",\"contentUrl\":\"https:\\\/\\\/buletin.de\\\/bucuresti\\\/wp-content\\\/uploads\\\/logo-bdb-full-wide-vernil-transparent.png\",\"width\":1782,\"height\":626,\"caption\":\"Buletin de Bucure\u0219ti\"},\"image\":{\"@id\":\"https:\\\/\\\/buletin.de\\\/bucuresti\\\/#\\\/schema\\\/logo\\\/image\\\/\"},\"sameAs\":[\"https:\\\/\\\/www.facebook.com\\\/buletin.de.buc\",\"https:\\\/\\\/www.instagram.com\\\/buletinde.bucuresti\\\/\"]},{\"@type\":\"Person\",\"@id\":\"https:\\\/\\\/buletin.de\\\/bucuresti\\\/#\\\/schema\\\/person\\\/ab174cf6711728e4ee83d672acf9a912\",\"name\":\"Adina C\u0103p\u00eelnean\",\"image\":{\"@type\":\"ImageObject\",\"inLanguage\":\"en-GB\",\"@id\":\"https:\\\/\\\/secure.gravatar.com\\\/avatar\\\/4fe9675d6282fd7c1aa4e486a037d532d5728fc16a30360f293eb6126b2e73ad?s=96&d=monsterid&r=ge2b23868508aec3460d3c6a11d3b599a\",\"url\":\"https:\\\/\\\/secure.gravatar.com\\\/avatar\\\/4fe9675d6282fd7c1aa4e486a037d532d5728fc16a30360f293eb6126b2e73ad?s=96&d=monsterid&r=g\",\"contentUrl\":\"https:\\\/\\\/secure.gravatar.com\\\/avatar\\\/4fe9675d6282fd7c1aa4e486a037d532d5728fc16a30360f293eb6126b2e73ad?s=96&d=monsterid&r=g\",\"caption\":\"Adina C\u0103p\u00eelnean\"},\"url\":\"https:\\\/\\\/buletin.de\\\/bucuresti\\\/author\\\/adinacapilnean\\\/\"}]}<\/script>\n<!-- \/ Yoast SEO Premium plugin. -->","yoast_head_json":{"title":"Raport oficial: Retrocedarea buc\u0103\u0163ii din parcul IOR s-a f\u0103cut ilegal. Semn\u0103turi false \u015fi alte ambiguit\u0103\u0163i, spune prefectul Capitalei - Buletin de Bucure\u0219ti","robots":{"index":"index","follow":"follow","max-snippet":"max-snippet:-1","max-image-preview":"max-image-preview:large","max-video-preview":"max-video-preview:-1"},"canonical":"https:\/\/buletin.de\/bucuresti\/raport-oficial-retrocedarea-bucatii-din-parcul-ior-s-a-facut-ilegal-semnaturi-false-si-alte-ambiguitati-spune-prefectul-capitalei\/","og_locale":"en_GB","og_type":"article","og_title":"Raport oficial: Retrocedarea buc\u0103\u0163ii din parcul IOR s-a f\u0103cut ilegal. Semn\u0103turi false \u015fi alte ambiguit\u0103\u0163i, spune prefectul Capitalei","og_description":"Prefectul Capitalei Rare\u015f Hopinc\u0103 a declarat c\u0103 exist\u0103 suspiciuni c\u0103 retrocedarea unei p\u0103r\u0163i a Parcului Alexandru Ioan Cuza, cunoscut drept IOR, ar fi fost realizat\u0103 cu acte false, dup\u0103 cum reiese din raportul \u00eentocmit de c\u0103tre Autoritatea Na\u0163ional\u0103 pentru Restituirea Propriet\u0103\u0163ilor (ANRP). Hopinc\u0103 spune c\u0103 va sesiza Parchetul. Potrivit prefectului Capitalei, \u00een urma ac\u021biunii \u00een [&hellip;]","og_url":"https:\/\/buletin.de\/bucuresti\/raport-oficial-retrocedarea-bucatii-din-parcul-ior-s-a-facut-ilegal-semnaturi-false-si-alte-ambiguitati-spune-prefectul-capitalei\/","og_site_name":"Buletin de Bucure\u0219ti","article_publisher":"https:\/\/www.facebook.com\/buletin.de.buc","article_published_time":"2024-04-09T13:02:30+00:00","article_modified_time":"2024-04-10T03:00:36+00:00","og_image":[{"width":2000,"height":1126,"url":"https:\/\/buletin.de\/bucuresti\/wp-content\/uploads\/20231031_094826.jpg","type":"image\/jpeg"}],"author":"Adina C\u0103p\u00eelnean","twitter_card":"summary_large_image","twitter_misc":{"Written by":"Adina C\u0103p\u00eelnean","Estimated reading time":"4 minutes"},"schema":{"@context":"https:\/\/schema.org","@graph":[{"@type":"Article","@id":"https:\/\/buletin.de\/bucuresti\/raport-oficial-retrocedarea-bucatii-din-parcul-ior-s-a-facut-ilegal-semnaturi-false-si-alte-ambiguitati-spune-prefectul-capitalei\/#article","isPartOf":{"@id":"https:\/\/buletin.de\/bucuresti\/raport-oficial-retrocedarea-bucatii-din-parcul-ior-s-a-facut-ilegal-semnaturi-false-si-alte-ambiguitati-spune-prefectul-capitalei\/"},"author":{"name":"Adina C\u0103p\u00eelnean","@id":"https:\/\/buletin.de\/bucuresti\/#\/schema\/person\/ab174cf6711728e4ee83d672acf9a912"},"headline":"Raport oficial: Retrocedarea buc\u0103\u0163ii din parcul IOR s-a f\u0103cut ilegal. Semn\u0103turi false \u015fi alte ambiguit\u0103\u0163i, spune prefectul Capitalei","datePublished":"2024-04-09T13:02:30+00:00","dateModified":"2024-04-10T03:00:36+00:00","mainEntityOfPage":{"@id":"https:\/\/buletin.de\/bucuresti\/raport-oficial-retrocedarea-bucatii-din-parcul-ior-s-a-facut-ilegal-semnaturi-false-si-alte-ambiguitati-spune-prefectul-capitalei\/"},"wordCount":1046,"publisher":{"@id":"https:\/\/buletin.de\/bucuresti\/#organization"},"image":{"@id":"https:\/\/buletin.de\/bucuresti\/raport-oficial-retrocedarea-bucatii-din-parcul-ior-s-a-facut-ilegal-semnaturi-false-si-alte-ambiguitati-spune-prefectul-capitalei\/#primaryimage"},"thumbnailUrl":"https:\/\/buletin.de\/bucuresti\/wp-content\/uploads\/20231031_094826.jpg","keywords":["alexandru ioan cuza","anpr","autoritatea nbationala pentru restituirea proprietatilor","fals in acte","IOR","parcul alexandru ioan cuza","parcul IOR","prefectul capitalei","zona retrocedata","zona retrocedata ior"],"articleSection":["Articole","Eveniment","Main"],"inLanguage":"en-GB","copyrightYear":"2024","copyrightHolder":{"@id":"https:\/\/buletin.de\/bucuresti\/#organization"}},{"@type":"WebPage","@id":"https:\/\/buletin.de\/bucuresti\/raport-oficial-retrocedarea-bucatii-din-parcul-ior-s-a-facut-ilegal-semnaturi-false-si-alte-ambiguitati-spune-prefectul-capitalei\/","url":"https:\/\/buletin.de\/bucuresti\/raport-oficial-retrocedarea-bucatii-din-parcul-ior-s-a-facut-ilegal-semnaturi-false-si-alte-ambiguitati-spune-prefectul-capitalei\/","name":"Raport oficial: Retrocedarea buc\u0103\u0163ii din parcul IOR s-a f\u0103cut ilegal. Semn\u0103turi false \u015fi alte ambiguit\u0103\u0163i, spune prefectul Capitalei - Buletin de Bucure\u0219ti","isPartOf":{"@id":"https:\/\/buletin.de\/bucuresti\/#website"},"primaryImageOfPage":{"@id":"https:\/\/buletin.de\/bucuresti\/raport-oficial-retrocedarea-bucatii-din-parcul-ior-s-a-facut-ilegal-semnaturi-false-si-alte-ambiguitati-spune-prefectul-capitalei\/#primaryimage"},"image":{"@id":"https:\/\/buletin.de\/bucuresti\/raport-oficial-retrocedarea-bucatii-din-parcul-ior-s-a-facut-ilegal-semnaturi-false-si-alte-ambiguitati-spune-prefectul-capitalei\/#primaryimage"},"thumbnailUrl":"https:\/\/buletin.de\/bucuresti\/wp-content\/uploads\/20231031_094826.jpg","datePublished":"2024-04-09T13:02:30+00:00","dateModified":"2024-04-10T03:00:36+00:00","breadcrumb":{"@id":"https:\/\/buletin.de\/bucuresti\/raport-oficial-retrocedarea-bucatii-din-parcul-ior-s-a-facut-ilegal-semnaturi-false-si-alte-ambiguitati-spune-prefectul-capitalei\/#breadcrumb"},"inLanguage":"en-GB","potentialAction":[{"@type":"ReadAction","target":["https:\/\/buletin.de\/bucuresti\/raport-oficial-retrocedarea-bucatii-din-parcul-ior-s-a-facut-ilegal-semnaturi-false-si-alte-ambiguitati-spune-prefectul-capitalei\/"]}]},{"@type":"ImageObject","inLanguage":"en-GB","@id":"https:\/\/buletin.de\/bucuresti\/raport-oficial-retrocedarea-bucatii-din-parcul-ior-s-a-facut-ilegal-semnaturi-false-si-alte-ambiguitati-spune-prefectul-capitalei\/#primaryimage","url":"https:\/\/buletin.de\/bucuresti\/wp-content\/uploads\/20231031_094826.jpg","contentUrl":"https:\/\/buletin.de\/bucuresti\/wp-content\/uploads\/20231031_094826.jpg","width":2000,"height":1126,"caption":"Lan\u021bul uman pentru protec\u021bia IOR are loc s\u00e2mb\u0103t\u0103. Este nevoie de 1.000 de persoane"},{"@type":"BreadcrumbList","@id":"https:\/\/buletin.de\/bucuresti\/raport-oficial-retrocedarea-bucatii-din-parcul-ior-s-a-facut-ilegal-semnaturi-false-si-alte-ambiguitati-spune-prefectul-capitalei\/#breadcrumb","itemListElement":[{"@type":"ListItem","position":1,"name":"Acas\u0103","item":"https:\/\/buletin.de\/bucuresti\/"},{"@type":"ListItem","position":2,"name":"Raport oficial: Retrocedarea buc\u0103\u0163ii din parcul IOR s-a f\u0103cut ilegal. Semn\u0103turi false \u015fi alte ambiguit\u0103\u0163i, spune prefectul Capitalei"}]},{"@type":"WebSite","@id":"https:\/\/buletin.de\/bucuresti\/#website","url":"https:\/\/buletin.de\/bucuresti\/","name":"Buletin de Bucure\u0219ti","description":"\u0218tiri \u0219i investiga\u021bii esen\u021biale din capital\u0103","publisher":{"@id":"https:\/\/buletin.de\/bucuresti\/#organization"},"potentialAction":[{"@type":"SearchAction","target":{"@type":"EntryPoint","urlTemplate":"https:\/\/buletin.de\/bucuresti\/?s={search_term_string}"},"query-input":{"@type":"PropertyValueSpecification","valueRequired":true,"valueName":"search_term_string"}}],"inLanguage":"en-GB"},{"@type":"Organization","@id":"https:\/\/buletin.de\/bucuresti\/#organization","name":"Buletin de Bucure\u0219ti","url":"https:\/\/buletin.de\/bucuresti\/","logo":{"@type":"ImageObject","inLanguage":"en-GB","@id":"https:\/\/buletin.de\/bucuresti\/#\/schema\/logo\/image\/","url":"https:\/\/buletin.de\/bucuresti\/wp-content\/uploads\/logo-bdb-full-wide-vernil-transparent.png","contentUrl":"https:\/\/buletin.de\/bucuresti\/wp-content\/uploads\/logo-bdb-full-wide-vernil-transparent.png","width":1782,"height":626,"caption":"Buletin de Bucure\u0219ti"},"image":{"@id":"https:\/\/buletin.de\/bucuresti\/#\/schema\/logo\/image\/"},"sameAs":["https:\/\/www.facebook.com\/buletin.de.buc","https:\/\/www.instagram.com\/buletinde.bucuresti\/"]},{"@type":"Person","@id":"https:\/\/buletin.de\/bucuresti\/#\/schema\/person\/ab174cf6711728e4ee83d672acf9a912","name":"Adina C\u0103p\u00eelnean","image":{"@type":"ImageObject","inLanguage":"en-GB","@id":"https:\/\/secure.gravatar.com\/avatar\/4fe9675d6282fd7c1aa4e486a037d532d5728fc16a30360f293eb6126b2e73ad?s=96&d=monsterid&r=ge2b23868508aec3460d3c6a11d3b599a","url":"https:\/\/secure.gravatar.com\/avatar\/4fe9675d6282fd7c1aa4e486a037d532d5728fc16a30360f293eb6126b2e73ad?s=96&d=monsterid&r=g","contentUrl":"https:\/\/secure.gravatar.com\/avatar\/4fe9675d6282fd7c1aa4e486a037d532d5728fc16a30360f293eb6126b2e73ad?s=96&d=monsterid&r=g","caption":"Adina C\u0103p\u00eelnean"},"url":"https:\/\/buletin.de\/bucuresti\/author\/adinacapilnean\/"}]}},"authors":[{"term_id":22580,"user_id":47,"is_guest":0,"slug":"adinacapilnean","display_name":"Adina C\u0103p\u00eelnean","avatar_url":"https:\/\/secure.gravatar.com\/avatar\/4fe9675d6282fd7c1aa4e486a037d532d5728fc16a30360f293eb6126b2e73ad?s=96&d=monsterid&r=g","0":null,"1":"","2":"","3":"","4":"","5":"","6":"","7":"","8":""}],"_links":{"self":[{"href":"https:\/\/buletin.de\/bucuresti\/wp-json\/wp\/v2\/posts\/82534","targetHints":{"allow":["GET"]}}],"collection":[{"href":"https:\/\/buletin.de\/bucuresti\/wp-json\/wp\/v2\/posts"}],"about":[{"href":"https:\/\/buletin.de\/bucuresti\/wp-json\/wp\/v2\/types\/post"}],"author":[{"embeddable":true,"href":"https:\/\/buletin.de\/bucuresti\/wp-json\/wp\/v2\/users\/47"}],"replies":[{"embeddable":true,"href":"https:\/\/buletin.de\/bucuresti\/wp-json\/wp\/v2\/comments?post=82534"}],"version-history":[{"count":4,"href":"https:\/\/buletin.de\/bucuresti\/wp-json\/wp\/v2\/posts\/82534\/revisions"}],"predecessor-version":[{"id":82540,"href":"https:\/\/buletin.de\/bucuresti\/wp-json\/wp\/v2\/posts\/82534\/revisions\/82540"}],"wp:featuredmedia":[{"embeddable":true,"href":"https:\/\/buletin.de\/bucuresti\/wp-json\/wp\/v2\/media\/67755"}],"wp:attachment":[{"href":"https:\/\/buletin.de\/bucuresti\/wp-json\/wp\/v2\/media?parent=82534"}],"wp:term":[{"taxonomy":"category","embeddable":true,"href":"https:\/\/buletin.de\/bucuresti\/wp-json\/wp\/v2\/categories?post=82534"},{"taxonomy":"post_tag","embeddable":true,"href":"https:\/\/buletin.de\/bucuresti\/wp-json\/wp\/v2\/tags?post=82534"},{"taxonomy":"author","embeddable":true,"href":"https:\/\/buletin.de\/bucuresti\/wp-json\/wp\/v2\/ppma_author?post=82534"}],"curies":[{"name":"wp","href":"https:\/\/api.w.org\/{rel}","templated":true}]}}