{"id":82258,"date":"2024-04-06T13:41:00","date_gmt":"2024-04-06T10:41:00","guid":{"rendered":"https:\/\/buletin.de\/bucuresti\/?p=82258"},"modified":"2024-04-06T13:41:00","modified_gmt":"2024-04-06T10:41:00","slug":"profesorul-de-la-facultatea-de-jurnalism-acuzat-de-hartuire-sexuala-si-a-dat-demisia-ancheta-interna-a-ub-se-opreste","status":"publish","type":"post","link":"https:\/\/buletin.de\/bucuresti\/profesorul-de-la-facultatea-de-jurnalism-acuzat-de-hartuire-sexuala-si-a-dat-demisia-ancheta-interna-a-ub-se-opreste\/","title":{"rendered":"Profesorul de la Facultatea de Jurnalism acuzat de h\u0103r\u0163uire sexual\u0103 \u015fi-a dat demisia. Ancheta intern\u0103 a UB se opre\u015fte"},"content":{"rendered":"\n<p>Profesorul Horea-Mihai B\u0103d\u0103u, care preda la Facultatea de Jurnalism \u015fi \u015etiin\u0163ele Comunic\u0103rii \u015fi a fost acuzat \u00een urma unei serii de anchete jurnalistice c\u0103 are rela\u0163ii nepotrivite cu studente \u015fi-a dat demisia din func\u0163ie. Informa\u0163ia a fost confirmat\u0103 pentru Buletin de Bucure\u015fti de purt\u0103torul de cuv\u00e2nt al Universit\u0103\u0163ii Bucure\u015fti, Bogdan Oprea. Hotnews a scris pentru prima oar\u0103 pe acest subiect, <a href=\"https:\/\/www.hotnews.ro\/stiri-educatie-27032038-profesorul-horea-mihai-badau-acuzat-foste-studente-hartuire-sexuala-dat-demisia-facultatea-jurnalism-din-bucuresti.htm\">aici<\/a>. <\/p>\n\n\n\n<figure class=\"wp-block-image size-large\"><img fetchpriority=\"high\" decoding=\"async\" width=\"900\" height=\"561\" src=\"data:image\/gif;base64,R0lGODlhAQABAAAAACH5BAEKAAEALAAAAAABAAEAAAICTAEAOw==\" data-src=\"https:\/\/buletin.de\/bucuresti\/wp-content\/uploads\/horea-mihai-badau.jpg-900x561.webp\" alt=\"\" class=\"wp-image-82259 lazyload\" data-sizes=\"auto\" data-srcset=\"https:\/\/buletin.de\/bucuresti\/wp-content\/uploads\/horea-mihai-badau.jpg-900x561.webp 900w, https:\/\/buletin.de\/bucuresti\/wp-content\/uploads\/horea-mihai-badau.jpg-300x187.webp 300w, https:\/\/buletin.de\/bucuresti\/wp-content\/uploads\/horea-mihai-badau.jpg-768x479.webp 768w, https:\/\/buletin.de\/bucuresti\/wp-content\/uploads\/horea-mihai-badau.jpg-1100x686.webp 1100w, https:\/\/buletin.de\/bucuresti\/wp-content\/uploads\/horea-mihai-badau.jpg-600x374.webp 600w, https:\/\/buletin.de\/bucuresti\/wp-content\/uploads\/horea-mihai-badau.jpg-20x12.webp 20w, https:\/\/buletin.de\/bucuresti\/wp-content\/uploads\/horea-mihai-badau.jpg.webp 1200w\" sizes=\"(max-width: 900px) 100vw, 900px\" \/><figcaption class=\"wp-element-caption\">foto: horeabadau.ro<\/figcaption><\/figure>\n\n\n\n<p>B\u0103d\u0103u era \u00een concediu f\u0103r\u0103 plat\u0103 pentru o perioad\u0103 \u00een care a predat la o universitate din Fran\u0163a. Superiorii lui l-au chemat \u00eenapoi la serviciu pentru ca o comisie disciplinar\u0103 s\u0103 \u00eel poat\u0103 ancheta. Odat\u0103 cu demisia acestuia, comisia nu mai are obiectul pentru a se \u00eentruni. <\/p>\n\n\n\n<h2 class=\"wp-block-heading\">Revenirea lui B\u0103d\u0103u era oricum nedorit\u0103 de studen\u0163i<\/h2>\n\n\n\n<p><strong>\u201e<em>Nu v\u0103 vrem!<\/em>\u201d<\/strong>\u00a0\u2013 acesta era mesajul transmis de Asocia\u0163ia Studen\u0163ilor la Comunicare (ASC) pentru lectorul univ. dr. Horea-Mihai B\u0103d\u0103u. Studen\u0163ii spuneau c\u0103, de\u015fi \u00eei\u00a0<em>\u201erespect\u0103 realiz\u0103rile academice\u201d<\/em>, nu-\u015fi doresc revenirea acestuia la catedr\u0103. Ace\u015ftia trimiseser\u0103 o scrisoare c\u0103tre conducerea facult\u0103\u0163ii prin care anun\u0163au boicotarea cursurilor, se ar\u0103ta \u00een postarea ASC, citat\u0103 de\u00a0<a href=\"https:\/\/www.hotnews.ro\/stiri-educatie-27009691-studentii-jurnalism-anunta-vor-boicota-orele-profesorului-horea-mihai-badau-acuzat-hartuire-sexuala-daca-acesta-intoarce-ore-nu-vrem.htm\">HotNews.ro<\/a>.<\/p>\n\n\n\n<blockquote class=\"wp-block-quote is-layout-flow wp-block-quote-is-layout-flow\">\n<p class=\"has-medium-font-size\">P\u00e2n\u0103 la o decizie din partea Comisiei de Disciplin\u0103, vom boicota cursurile \u0219i seminarele sus\u021binute de lect. univ. dr. Horea-Mihai B\u0103d\u0103u, \u00eentruc\u00e2t nu toler\u0103m nicio form\u0103 de abuz emo\u021bional, psihologic \u0219i h\u0103r\u021buire sexual\u0103, ac\u021biuni care sunt incompatibile cu desf\u0103\u0219urarea normal\u0103 a procesului academic \u00eentr-o institu\u021bie universitar\u0103.<\/p>\n<cite>Asocia\u0163ia Studen\u0163ilor La Comunicare, Facebook<\/cite><\/blockquote>\n\n\n\n<h2 class=\"wp-block-heading\"><a href=\"https:\/\/buletin.de\/bucuresti\/profesorul-horea-mihai-badau-de-la-jurnalism-a-incalcat-codul-de-etica-si-deontologie-potrivit-comisiei-de-etica\/\">Abuzurile din facult\u0103\u021bi<\/a><\/h2>\n\n\n\n<p>La \u00eenceputul anului trecut,\u00a0<a href=\"https:\/\/buletin.de\/bucuresti\/profesorul-universitar-de-la-jurnalism-marian-petcu-acuzat-de-comportament-abuziv\/\">un alt profesor universitar de la Facultatea de Jurnalism, Marian Petcu, era acuzat de comportament abuziv<\/a>. Un grup de 56 de studen\u021bi de la Facultatea de Jurnalism \u0219i \u0218tiin\u021bele Comunic\u0103rii a depus o reclama\u021bie at\u00e2t la Rectoratul, c\u00e2t \u0219i la Comisia de Etic\u0103 a Universit\u0103\u021bii din Bucure\u0219ti \u00eempotriva comportamentului profesorului universitar Marian Petcu.<\/p>\n\n\n\n<figure class=\"wp-block-image size-full\"><img decoding=\"async\" width=\"399\" height=\"285\" src=\"data:image\/gif;base64,R0lGODlhAQABAAAAACH5BAEKAAEALAAAAAABAAEAAAICTAEAOw==\" data-src=\"https:\/\/buletin.de\/bucuresti\/wp-content\/uploads\/foto-M.Petcu_sursa-FJSC.jpg\" alt=\"\" class=\"wp-image-56212 lazyload\" data-sizes=\"auto\" data-srcset=\"https:\/\/buletin.de\/bucuresti\/wp-content\/uploads\/foto-M.Petcu_sursa-FJSC.jpg 399w, https:\/\/buletin.de\/bucuresti\/wp-content\/uploads\/foto-M.Petcu_sursa-FJSC-300x214.jpg 300w\" sizes=\"(max-width: 399px) 100vw, 399px\" \/><\/figure>\n\n\n\n<p><a href=\"https:\/\/buletin.de\/bucuresti\/harta-abuzului-din-invatamant-capitala-pe-primul-loc-la-numarul-de-cazuri-reclamate\/\">Rise Project a \u00eentocmit o hart\u0103 a abuzului din \u00eenv\u0103\u021b\u0103m\u00e2nt<\/a>, iar Capitala este pe primul loc \u00een topul abuzului din mediul educa\u021bional, fiind urmat\u0103 de jude\u021bele Cluj, Ia\u0219i, Maramure\u0219 \u0219i Gala\u021bi. Datele colectate pentru realizarea h\u0103r\u021bii sunt colectate din mai multe surse: dosare \u00een instan\u021b\u0103, pres\u0103, respectiv peste 150 de formulare online completate \u00een cadrul proiectului \u201eCatedra de Abuz\u201d.<\/p>\n\n\n\n<p><a href=\"https:\/\/www.riseproject.ro\/harta-abuzului-si-hartuirii-in-scolile-si-universitatile-din-romania\/\">Catedra de abuz este un proiect de jurnalism, cercetare \u0219i colectare de date, \u00eenc\u0103 \u00een desf\u0103\u0219urare.<\/a>&nbsp;Scopul proiectului este de a demasca abuzatorii din sistemul de \u00eenv\u0103\u021b\u0103m\u00e2nt rom\u00e2nesc \u0219i de a provoca o dezbatere despre posibile solu\u021bii pentru a cre\u0219te nivelul de siguran\u021b\u0103 a elevilor\/ studen\u021bilor.<\/p>\n\n\n\n<p><strong>CITE\u0218TE \u0218I:<\/strong><\/p>\n\n\n\n<ul class=\"wp-block-list\">\n<li><a href=\"https:\/\/buletin.de\/bucuresti\/profesorul-horea-mihai-badau-de-la-jurnalism-a-incalcat-codul-de-etica-si-deontologie-potrivit-comisiei-de-etica\/\">Profesorul Horea-Mihai B\u0103d\u0103u de la Jurnalism a \u00eenc\u0103lcat codul de etic\u0103 \u0219i deontologie, potrivit Comisiei de Etic\u0103<\/a><\/li>\n\n\n\n<li><a href=\"https:\/\/buletin.de\/bucuresti\/harta-abuzului-din-invatamant-capitala-pe-primul-loc-la-numarul-de-cazuri-reclamate\/\">Harta abuzului din \u00eenv\u0103\u021b\u0103m\u00e2nt: Capitala, pe primul loc la num\u0103rul de cazuri reclamate \u2013 Buletin de Bucure\u0219ti<\/a><\/li>\n\n\n\n<li><a href=\"https:\/\/buletin.de\/bucuresti\/profesorul-universitar-de-la-jurnalism-marian-petcu-acuzat-de-comportament-abuziv\/\">Profesorul universitar de la Jurnalism, Marian Petcu, acuzat de comportament abuziv \u2013 Buletin de Bucure\u0219ti<\/a><\/li>\n\n\n\n<li><a href=\"https:\/\/www.scena9.ro\/article\/horea-badau-abuz-hartuire-facultate-jurnalism-marturii-victime\">\u201eProful de licen\u021b\u0103 tocmai s-a dat la mine\u201d (scena9.ro)<\/a><\/li>\n\n\n\n<li><a href=\"https:\/\/www.riseproject.ro\/investigations\/investigatii\/catedra-de-abuz-profesor-universitar-cauta-dragostea-in-facultate\/\">CATEDRA DE ABUZ: PROFESOR UNIVERSITAR CAUT\u0102 DRAGOSTEA \u00ceN FACULTATE \u2022 Rise Project<\/a><\/li>\n<\/ul>\n","protected":false},"excerpt":{"rendered":"<p>Profesorul Horea-Mihai B\u0103d\u0103u, care preda la Facultatea de Jurnalism \u015fi \u015etiin\u0163ele Comunic\u0103rii \u015fi a fost acuzat \u00een urma unei serii de anchete jurnalistice c\u0103 are rela\u0163ii nepotrivite cu studente \u015fi-a dat demisia din func\u0163ie. Informa\u0163ia a fost confirmat\u0103 pentru Buletin de Bucure\u015fti de purt\u0103torul de cuv\u00e2nt al Universit\u0103\u0163ii Bucure\u015fti, Bogdan Oprea. Hotnews a scris pentru [&hellip;]<\/p>\n","protected":false},"author":8,"featured_media":81214,"comment_status":"closed","ping_status":"open","sticky":false,"template":"","format":"standard","meta":{"_acf_changed":false,"inline_featured_image":false,"ngg_post_thumbnail":0,"footnotes":""},"categories":[6994,3421,9026,5762],"tags":[11039,11040],"ppma_author":[22586],"class_list":["post-82258","post","type-post","status-publish","format-standard","has-post-thumbnail","hentry","category-stiri-2","category-educatie","category-eveniment","category-main","tag-horea-mihai-badau-demisie-fjsc","tag-horea-mihai-badau-scandal-in-urma-anchetelor"],"acf":[],"yoast_head":"<!-- This site is optimized with the Yoast SEO Premium plugin v25.3 (Yoast SEO v27.5) - https:\/\/yoast.com\/product\/yoast-seo-premium-wordpress\/ -->\n<title>Profesorul de la Facultatea de Jurnalism acuzat de h\u0103r\u0163uire sexual\u0103 \u015fi-a dat demisia. Ancheta intern\u0103 a UB se opre\u015fte - Buletin de Bucure\u0219ti<\/title>\n<meta name=\"robots\" content=\"index, follow, max-snippet:-1, max-image-preview:large, max-video-preview:-1\" \/>\n<link rel=\"canonical\" href=\"https:\/\/buletin.de\/bucuresti\/profesorul-de-la-facultatea-de-jurnalism-acuzat-de-hartuire-sexuala-si-a-dat-demisia-ancheta-interna-a-ub-se-opreste\/\" \/>\n<meta property=\"og:locale\" content=\"en_GB\" \/>\n<meta property=\"og:type\" content=\"article\" \/>\n<meta property=\"og:title\" content=\"Profesorul de la Facultatea de Jurnalism acuzat de h\u0103r\u0163uire sexual\u0103 \u015fi-a dat demisia. Ancheta intern\u0103 a UB se opre\u015fte\" \/>\n<meta property=\"og:description\" content=\"Profesorul Horea-Mihai B\u0103d\u0103u, care preda la Facultatea de Jurnalism \u015fi \u015etiin\u0163ele Comunic\u0103rii \u015fi a fost acuzat \u00een urma unei serii de anchete jurnalistice c\u0103 are rela\u0163ii nepotrivite cu studente \u015fi-a dat demisia din func\u0163ie. Informa\u0163ia a fost confirmat\u0103 pentru Buletin de Bucure\u015fti de purt\u0103torul de cuv\u00e2nt al Universit\u0103\u0163ii Bucure\u015fti, Bogdan Oprea. Hotnews a scris pentru [&hellip;]\" \/>\n<meta property=\"og:url\" content=\"https:\/\/buletin.de\/bucuresti\/profesorul-de-la-facultatea-de-jurnalism-acuzat-de-hartuire-sexuala-si-a-dat-demisia-ancheta-interna-a-ub-se-opreste\/\" \/>\n<meta property=\"og:site_name\" content=\"Buletin de Bucure\u0219ti\" \/>\n<meta property=\"article:publisher\" content=\"https:\/\/www.facebook.com\/buletin.de.buc\" \/>\n<meta property=\"article:published_time\" content=\"2024-04-06T10:41:00+00:00\" \/>\n<meta property=\"og:image\" content=\"https:\/\/buletin.de\/bucuresti\/wp-content\/uploads\/FJSC-1.jpg\" \/>\n\t<meta property=\"og:image:width\" content=\"1200\" \/>\n\t<meta property=\"og:image:height\" content=\"798\" \/>\n\t<meta property=\"og:image:type\" content=\"image\/jpeg\" \/>\n<meta name=\"author\" content=\"Ionu\u021b Lepa\" \/>\n<meta name=\"twitter:card\" content=\"summary_large_image\" \/>\n<meta name=\"twitter:label1\" content=\"Written by\" \/>\n\t<meta name=\"twitter:data1\" content=\"Ionu\u021b Lepa\" \/>\n\t<meta name=\"twitter:label2\" content=\"Estimated reading time\" \/>\n\t<meta name=\"twitter:data2\" content=\"3 minutes\" \/>\n<script type=\"application\/ld+json\" class=\"yoast-schema-graph\">{\"@context\":\"https:\\\/\\\/schema.org\",\"@graph\":[{\"@type\":\"Article\",\"@id\":\"https:\\\/\\\/buletin.de\\\/bucuresti\\\/profesorul-de-la-facultatea-de-jurnalism-acuzat-de-hartuire-sexuala-si-a-dat-demisia-ancheta-interna-a-ub-se-opreste\\\/#article\",\"isPartOf\":{\"@id\":\"https:\\\/\\\/buletin.de\\\/bucuresti\\\/profesorul-de-la-facultatea-de-jurnalism-acuzat-de-hartuire-sexuala-si-a-dat-demisia-ancheta-interna-a-ub-se-opreste\\\/\"},\"author\":{\"name\":\"Ionu\u021b Lepa\",\"@id\":\"https:\\\/\\\/buletin.de\\\/bucuresti\\\/#\\\/schema\\\/person\\\/5272b8a057b33890940b57b837fc4ce6\"},\"headline\":\"Profesorul de la Facultatea de Jurnalism acuzat de h\u0103r\u0163uire sexual\u0103 \u015fi-a dat demisia. Ancheta intern\u0103 a UB se opre\u015fte\",\"datePublished\":\"2024-04-06T10:41:00+00:00\",\"mainEntityOfPage\":{\"@id\":\"https:\\\/\\\/buletin.de\\\/bucuresti\\\/profesorul-de-la-facultatea-de-jurnalism-acuzat-de-hartuire-sexuala-si-a-dat-demisia-ancheta-interna-a-ub-se-opreste\\\/\"},\"wordCount\":559,\"publisher\":{\"@id\":\"https:\\\/\\\/buletin.de\\\/bucuresti\\\/#organization\"},\"image\":{\"@id\":\"https:\\\/\\\/buletin.de\\\/bucuresti\\\/profesorul-de-la-facultatea-de-jurnalism-acuzat-de-hartuire-sexuala-si-a-dat-demisia-ancheta-interna-a-ub-se-opreste\\\/#primaryimage\"},\"thumbnailUrl\":\"https:\\\/\\\/buletin.de\\\/bucuresti\\\/wp-content\\\/uploads\\\/FJSC-1.jpg\",\"keywords\":[\"horea mihai badau demisie fjsc\",\"horea mihai badau scandal in urma anchetelor\"],\"articleSection\":[\"Articole\",\"Educa\u021bie\",\"Eveniment\",\"Main\"],\"inLanguage\":\"en-GB\",\"copyrightYear\":\"2024\",\"copyrightHolder\":{\"@id\":\"https:\\\/\\\/buletin.de\\\/bucuresti\\\/#organization\"}},{\"@type\":\"WebPage\",\"@id\":\"https:\\\/\\\/buletin.de\\\/bucuresti\\\/profesorul-de-la-facultatea-de-jurnalism-acuzat-de-hartuire-sexuala-si-a-dat-demisia-ancheta-interna-a-ub-se-opreste\\\/\",\"url\":\"https:\\\/\\\/buletin.de\\\/bucuresti\\\/profesorul-de-la-facultatea-de-jurnalism-acuzat-de-hartuire-sexuala-si-a-dat-demisia-ancheta-interna-a-ub-se-opreste\\\/\",\"name\":\"Profesorul de la Facultatea de Jurnalism acuzat de h\u0103r\u0163uire sexual\u0103 \u015fi-a dat demisia. Ancheta intern\u0103 a UB se opre\u015fte - Buletin de Bucure\u0219ti\",\"isPartOf\":{\"@id\":\"https:\\\/\\\/buletin.de\\\/bucuresti\\\/#website\"},\"primaryImageOfPage\":{\"@id\":\"https:\\\/\\\/buletin.de\\\/bucuresti\\\/profesorul-de-la-facultatea-de-jurnalism-acuzat-de-hartuire-sexuala-si-a-dat-demisia-ancheta-interna-a-ub-se-opreste\\\/#primaryimage\"},\"image\":{\"@id\":\"https:\\\/\\\/buletin.de\\\/bucuresti\\\/profesorul-de-la-facultatea-de-jurnalism-acuzat-de-hartuire-sexuala-si-a-dat-demisia-ancheta-interna-a-ub-se-opreste\\\/#primaryimage\"},\"thumbnailUrl\":\"https:\\\/\\\/buletin.de\\\/bucuresti\\\/wp-content\\\/uploads\\\/FJSC-1.jpg\",\"datePublished\":\"2024-04-06T10:41:00+00:00\",\"breadcrumb\":{\"@id\":\"https:\\\/\\\/buletin.de\\\/bucuresti\\\/profesorul-de-la-facultatea-de-jurnalism-acuzat-de-hartuire-sexuala-si-a-dat-demisia-ancheta-interna-a-ub-se-opreste\\\/#breadcrumb\"},\"inLanguage\":\"en-GB\",\"potentialAction\":[{\"@type\":\"ReadAction\",\"target\":[\"https:\\\/\\\/buletin.de\\\/bucuresti\\\/profesorul-de-la-facultatea-de-jurnalism-acuzat-de-hartuire-sexuala-si-a-dat-demisia-ancheta-interna-a-ub-se-opreste\\\/\"]}]},{\"@type\":\"ImageObject\",\"inLanguage\":\"en-GB\",\"@id\":\"https:\\\/\\\/buletin.de\\\/bucuresti\\\/profesorul-de-la-facultatea-de-jurnalism-acuzat-de-hartuire-sexuala-si-a-dat-demisia-ancheta-interna-a-ub-se-opreste\\\/#primaryimage\",\"url\":\"https:\\\/\\\/buletin.de\\\/bucuresti\\\/wp-content\\\/uploads\\\/FJSC-1.jpg\",\"contentUrl\":\"https:\\\/\\\/buletin.de\\\/bucuresti\\\/wp-content\\\/uploads\\\/FJSC-1.jpg\",\"width\":1200,\"height\":798,\"caption\":\"FOTO: Unibuc.ro\"},{\"@type\":\"BreadcrumbList\",\"@id\":\"https:\\\/\\\/buletin.de\\\/bucuresti\\\/profesorul-de-la-facultatea-de-jurnalism-acuzat-de-hartuire-sexuala-si-a-dat-demisia-ancheta-interna-a-ub-se-opreste\\\/#breadcrumb\",\"itemListElement\":[{\"@type\":\"ListItem\",\"position\":1,\"name\":\"Acas\u0103\",\"item\":\"https:\\\/\\\/buletin.de\\\/bucuresti\\\/\"},{\"@type\":\"ListItem\",\"position\":2,\"name\":\"Profesorul de la Facultatea de Jurnalism acuzat de h\u0103r\u0163uire sexual\u0103 \u015fi-a dat demisia. Ancheta intern\u0103 a UB se opre\u015fte\"}]},{\"@type\":\"WebSite\",\"@id\":\"https:\\\/\\\/buletin.de\\\/bucuresti\\\/#website\",\"url\":\"https:\\\/\\\/buletin.de\\\/bucuresti\\\/\",\"name\":\"Buletin de Bucure\u0219ti\",\"description\":\"\u0218tiri \u0219i investiga\u021bii esen\u021biale din capital\u0103\",\"publisher\":{\"@id\":\"https:\\\/\\\/buletin.de\\\/bucuresti\\\/#organization\"},\"potentialAction\":[{\"@type\":\"SearchAction\",\"target\":{\"@type\":\"EntryPoint\",\"urlTemplate\":\"https:\\\/\\\/buletin.de\\\/bucuresti\\\/?s={search_term_string}\"},\"query-input\":{\"@type\":\"PropertyValueSpecification\",\"valueRequired\":true,\"valueName\":\"search_term_string\"}}],\"inLanguage\":\"en-GB\"},{\"@type\":\"Organization\",\"@id\":\"https:\\\/\\\/buletin.de\\\/bucuresti\\\/#organization\",\"name\":\"Buletin de Bucure\u0219ti\",\"url\":\"https:\\\/\\\/buletin.de\\\/bucuresti\\\/\",\"logo\":{\"@type\":\"ImageObject\",\"inLanguage\":\"en-GB\",\"@id\":\"https:\\\/\\\/buletin.de\\\/bucuresti\\\/#\\\/schema\\\/logo\\\/image\\\/\",\"url\":\"https:\\\/\\\/buletin.de\\\/bucuresti\\\/wp-content\\\/uploads\\\/logo-bdb-full-wide-vernil-transparent.png\",\"contentUrl\":\"https:\\\/\\\/buletin.de\\\/bucuresti\\\/wp-content\\\/uploads\\\/logo-bdb-full-wide-vernil-transparent.png\",\"width\":1782,\"height\":626,\"caption\":\"Buletin de Bucure\u0219ti\"},\"image\":{\"@id\":\"https:\\\/\\\/buletin.de\\\/bucuresti\\\/#\\\/schema\\\/logo\\\/image\\\/\"},\"sameAs\":[\"https:\\\/\\\/www.facebook.com\\\/buletin.de.buc\",\"https:\\\/\\\/www.instagram.com\\\/buletinde.bucuresti\\\/\"]},{\"@type\":\"Person\",\"@id\":\"https:\\\/\\\/buletin.de\\\/bucuresti\\\/#\\\/schema\\\/person\\\/5272b8a057b33890940b57b837fc4ce6\",\"name\":\"Ionu\u021b Lepa\",\"image\":{\"@type\":\"ImageObject\",\"inLanguage\":\"en-GB\",\"@id\":\"https:\\\/\\\/buletin.de\\\/bucuresti\\\/wp-content\\\/uploads\\\/Ionut-Lepa-96x96.jpg5c4e4d9e049808799a8821652d2410a4\",\"url\":\"https:\\\/\\\/buletin.de\\\/bucuresti\\\/wp-content\\\/uploads\\\/Ionut-Lepa-96x96.jpg\",\"contentUrl\":\"https:\\\/\\\/buletin.de\\\/bucuresti\\\/wp-content\\\/uploads\\\/Ionut-Lepa-96x96.jpg\",\"caption\":\"Ionu\u021b Lepa\"},\"url\":\"https:\\\/\\\/buletin.de\\\/bucuresti\\\/author\\\/ionutlepa\\\/\"}]}<\/script>\n<!-- \/ Yoast SEO Premium plugin. -->","yoast_head_json":{"title":"Profesorul de la Facultatea de Jurnalism acuzat de h\u0103r\u0163uire sexual\u0103 \u015fi-a dat demisia. Ancheta intern\u0103 a UB se opre\u015fte - Buletin de Bucure\u0219ti","robots":{"index":"index","follow":"follow","max-snippet":"max-snippet:-1","max-image-preview":"max-image-preview:large","max-video-preview":"max-video-preview:-1"},"canonical":"https:\/\/buletin.de\/bucuresti\/profesorul-de-la-facultatea-de-jurnalism-acuzat-de-hartuire-sexuala-si-a-dat-demisia-ancheta-interna-a-ub-se-opreste\/","og_locale":"en_GB","og_type":"article","og_title":"Profesorul de la Facultatea de Jurnalism acuzat de h\u0103r\u0163uire sexual\u0103 \u015fi-a dat demisia. Ancheta intern\u0103 a UB se opre\u015fte","og_description":"Profesorul Horea-Mihai B\u0103d\u0103u, care preda la Facultatea de Jurnalism \u015fi \u015etiin\u0163ele Comunic\u0103rii \u015fi a fost acuzat \u00een urma unei serii de anchete jurnalistice c\u0103 are rela\u0163ii nepotrivite cu studente \u015fi-a dat demisia din func\u0163ie. Informa\u0163ia a fost confirmat\u0103 pentru Buletin de Bucure\u015fti de purt\u0103torul de cuv\u00e2nt al Universit\u0103\u0163ii Bucure\u015fti, Bogdan Oprea. Hotnews a scris pentru [&hellip;]","og_url":"https:\/\/buletin.de\/bucuresti\/profesorul-de-la-facultatea-de-jurnalism-acuzat-de-hartuire-sexuala-si-a-dat-demisia-ancheta-interna-a-ub-se-opreste\/","og_site_name":"Buletin de Bucure\u0219ti","article_publisher":"https:\/\/www.facebook.com\/buletin.de.buc","article_published_time":"2024-04-06T10:41:00+00:00","og_image":[{"width":1200,"height":798,"url":"https:\/\/buletin.de\/bucuresti\/wp-content\/uploads\/FJSC-1.jpg","type":"image\/jpeg"}],"author":"Ionu\u021b Lepa","twitter_card":"summary_large_image","twitter_misc":{"Written by":"Ionu\u021b Lepa","Estimated reading time":"3 minutes"},"schema":{"@context":"https:\/\/schema.org","@graph":[{"@type":"Article","@id":"https:\/\/buletin.de\/bucuresti\/profesorul-de-la-facultatea-de-jurnalism-acuzat-de-hartuire-sexuala-si-a-dat-demisia-ancheta-interna-a-ub-se-opreste\/#article","isPartOf":{"@id":"https:\/\/buletin.de\/bucuresti\/profesorul-de-la-facultatea-de-jurnalism-acuzat-de-hartuire-sexuala-si-a-dat-demisia-ancheta-interna-a-ub-se-opreste\/"},"author":{"name":"Ionu\u021b Lepa","@id":"https:\/\/buletin.de\/bucuresti\/#\/schema\/person\/5272b8a057b33890940b57b837fc4ce6"},"headline":"Profesorul de la Facultatea de Jurnalism acuzat de h\u0103r\u0163uire sexual\u0103 \u015fi-a dat demisia. Ancheta intern\u0103 a UB se opre\u015fte","datePublished":"2024-04-06T10:41:00+00:00","mainEntityOfPage":{"@id":"https:\/\/buletin.de\/bucuresti\/profesorul-de-la-facultatea-de-jurnalism-acuzat-de-hartuire-sexuala-si-a-dat-demisia-ancheta-interna-a-ub-se-opreste\/"},"wordCount":559,"publisher":{"@id":"https:\/\/buletin.de\/bucuresti\/#organization"},"image":{"@id":"https:\/\/buletin.de\/bucuresti\/profesorul-de-la-facultatea-de-jurnalism-acuzat-de-hartuire-sexuala-si-a-dat-demisia-ancheta-interna-a-ub-se-opreste\/#primaryimage"},"thumbnailUrl":"https:\/\/buletin.de\/bucuresti\/wp-content\/uploads\/FJSC-1.jpg","keywords":["horea mihai badau demisie fjsc","horea mihai badau scandal in urma anchetelor"],"articleSection":["Articole","Educa\u021bie","Eveniment","Main"],"inLanguage":"en-GB","copyrightYear":"2024","copyrightHolder":{"@id":"https:\/\/buletin.de\/bucuresti\/#organization"}},{"@type":"WebPage","@id":"https:\/\/buletin.de\/bucuresti\/profesorul-de-la-facultatea-de-jurnalism-acuzat-de-hartuire-sexuala-si-a-dat-demisia-ancheta-interna-a-ub-se-opreste\/","url":"https:\/\/buletin.de\/bucuresti\/profesorul-de-la-facultatea-de-jurnalism-acuzat-de-hartuire-sexuala-si-a-dat-demisia-ancheta-interna-a-ub-se-opreste\/","name":"Profesorul de la Facultatea de Jurnalism acuzat de h\u0103r\u0163uire sexual\u0103 \u015fi-a dat demisia. Ancheta intern\u0103 a UB se opre\u015fte - Buletin de Bucure\u0219ti","isPartOf":{"@id":"https:\/\/buletin.de\/bucuresti\/#website"},"primaryImageOfPage":{"@id":"https:\/\/buletin.de\/bucuresti\/profesorul-de-la-facultatea-de-jurnalism-acuzat-de-hartuire-sexuala-si-a-dat-demisia-ancheta-interna-a-ub-se-opreste\/#primaryimage"},"image":{"@id":"https:\/\/buletin.de\/bucuresti\/profesorul-de-la-facultatea-de-jurnalism-acuzat-de-hartuire-sexuala-si-a-dat-demisia-ancheta-interna-a-ub-se-opreste\/#primaryimage"},"thumbnailUrl":"https:\/\/buletin.de\/bucuresti\/wp-content\/uploads\/FJSC-1.jpg","datePublished":"2024-04-06T10:41:00+00:00","breadcrumb":{"@id":"https:\/\/buletin.de\/bucuresti\/profesorul-de-la-facultatea-de-jurnalism-acuzat-de-hartuire-sexuala-si-a-dat-demisia-ancheta-interna-a-ub-se-opreste\/#breadcrumb"},"inLanguage":"en-GB","potentialAction":[{"@type":"ReadAction","target":["https:\/\/buletin.de\/bucuresti\/profesorul-de-la-facultatea-de-jurnalism-acuzat-de-hartuire-sexuala-si-a-dat-demisia-ancheta-interna-a-ub-se-opreste\/"]}]},{"@type":"ImageObject","inLanguage":"en-GB","@id":"https:\/\/buletin.de\/bucuresti\/profesorul-de-la-facultatea-de-jurnalism-acuzat-de-hartuire-sexuala-si-a-dat-demisia-ancheta-interna-a-ub-se-opreste\/#primaryimage","url":"https:\/\/buletin.de\/bucuresti\/wp-content\/uploads\/FJSC-1.jpg","contentUrl":"https:\/\/buletin.de\/bucuresti\/wp-content\/uploads\/FJSC-1.jpg","width":1200,"height":798,"caption":"FOTO: Unibuc.ro"},{"@type":"BreadcrumbList","@id":"https:\/\/buletin.de\/bucuresti\/profesorul-de-la-facultatea-de-jurnalism-acuzat-de-hartuire-sexuala-si-a-dat-demisia-ancheta-interna-a-ub-se-opreste\/#breadcrumb","itemListElement":[{"@type":"ListItem","position":1,"name":"Acas\u0103","item":"https:\/\/buletin.de\/bucuresti\/"},{"@type":"ListItem","position":2,"name":"Profesorul de la Facultatea de Jurnalism acuzat de h\u0103r\u0163uire sexual\u0103 \u015fi-a dat demisia. Ancheta intern\u0103 a UB se opre\u015fte"}]},{"@type":"WebSite","@id":"https:\/\/buletin.de\/bucuresti\/#website","url":"https:\/\/buletin.de\/bucuresti\/","name":"Buletin de Bucure\u0219ti","description":"\u0218tiri \u0219i investiga\u021bii esen\u021biale din capital\u0103","publisher":{"@id":"https:\/\/buletin.de\/bucuresti\/#organization"},"potentialAction":[{"@type":"SearchAction","target":{"@type":"EntryPoint","urlTemplate":"https:\/\/buletin.de\/bucuresti\/?s={search_term_string}"},"query-input":{"@type":"PropertyValueSpecification","valueRequired":true,"valueName":"search_term_string"}}],"inLanguage":"en-GB"},{"@type":"Organization","@id":"https:\/\/buletin.de\/bucuresti\/#organization","name":"Buletin de Bucure\u0219ti","url":"https:\/\/buletin.de\/bucuresti\/","logo":{"@type":"ImageObject","inLanguage":"en-GB","@id":"https:\/\/buletin.de\/bucuresti\/#\/schema\/logo\/image\/","url":"https:\/\/buletin.de\/bucuresti\/wp-content\/uploads\/logo-bdb-full-wide-vernil-transparent.png","contentUrl":"https:\/\/buletin.de\/bucuresti\/wp-content\/uploads\/logo-bdb-full-wide-vernil-transparent.png","width":1782,"height":626,"caption":"Buletin de Bucure\u0219ti"},"image":{"@id":"https:\/\/buletin.de\/bucuresti\/#\/schema\/logo\/image\/"},"sameAs":["https:\/\/www.facebook.com\/buletin.de.buc","https:\/\/www.instagram.com\/buletinde.bucuresti\/"]},{"@type":"Person","@id":"https:\/\/buletin.de\/bucuresti\/#\/schema\/person\/5272b8a057b33890940b57b837fc4ce6","name":"Ionu\u021b Lepa","image":{"@type":"ImageObject","inLanguage":"en-GB","@id":"https:\/\/buletin.de\/bucuresti\/wp-content\/uploads\/Ionut-Lepa-96x96.jpg5c4e4d9e049808799a8821652d2410a4","url":"https:\/\/buletin.de\/bucuresti\/wp-content\/uploads\/Ionut-Lepa-96x96.jpg","contentUrl":"https:\/\/buletin.de\/bucuresti\/wp-content\/uploads\/Ionut-Lepa-96x96.jpg","caption":"Ionu\u021b Lepa"},"url":"https:\/\/buletin.de\/bucuresti\/author\/ionutlepa\/"}]}},"authors":[{"term_id":22586,"user_id":8,"is_guest":0,"slug":"ionutlepa","display_name":"Ionu\u021b Lepa","avatar_url":"https:\/\/buletin.de\/bucuresti\/wp-content\/uploads\/Ionut-Lepa-96x96.jpg","0":null,"1":"","2":"","3":"","4":"","5":"","6":"","7":"","8":""}],"_links":{"self":[{"href":"https:\/\/buletin.de\/bucuresti\/wp-json\/wp\/v2\/posts\/82258","targetHints":{"allow":["GET"]}}],"collection":[{"href":"https:\/\/buletin.de\/bucuresti\/wp-json\/wp\/v2\/posts"}],"about":[{"href":"https:\/\/buletin.de\/bucuresti\/wp-json\/wp\/v2\/types\/post"}],"author":[{"embeddable":true,"href":"https:\/\/buletin.de\/bucuresti\/wp-json\/wp\/v2\/users\/8"}],"replies":[{"embeddable":true,"href":"https:\/\/buletin.de\/bucuresti\/wp-json\/wp\/v2\/comments?post=82258"}],"version-history":[{"count":1,"href":"https:\/\/buletin.de\/bucuresti\/wp-json\/wp\/v2\/posts\/82258\/revisions"}],"predecessor-version":[{"id":82260,"href":"https:\/\/buletin.de\/bucuresti\/wp-json\/wp\/v2\/posts\/82258\/revisions\/82260"}],"wp:featuredmedia":[{"embeddable":true,"href":"https:\/\/buletin.de\/bucuresti\/wp-json\/wp\/v2\/media\/81214"}],"wp:attachment":[{"href":"https:\/\/buletin.de\/bucuresti\/wp-json\/wp\/v2\/media?parent=82258"}],"wp:term":[{"taxonomy":"category","embeddable":true,"href":"https:\/\/buletin.de\/bucuresti\/wp-json\/wp\/v2\/categories?post=82258"},{"taxonomy":"post_tag","embeddable":true,"href":"https:\/\/buletin.de\/bucuresti\/wp-json\/wp\/v2\/tags?post=82258"},{"taxonomy":"author","embeddable":true,"href":"https:\/\/buletin.de\/bucuresti\/wp-json\/wp\/v2\/ppma_author?post=82258"}],"curies":[{"name":"wp","href":"https:\/\/api.w.org\/{rel}","templated":true}]}}