{"id":82211,"date":"2024-04-05T19:04:44","date_gmt":"2024-04-05T16:04:44","guid":{"rendered":"https:\/\/buletin.de\/bucuresti\/?p=82211"},"modified":"2024-04-06T07:07:30","modified_gmt":"2024-04-06T04:07:30","slug":"doua-linii-de-tramvai-au-trasee-modificate-maine-din-cauza-unei-avarii-la-reteaua-de-canalizare","status":"publish","type":"post","link":"https:\/\/buletin.de\/bucuresti\/doua-linii-de-tramvai-au-trasee-modificate-maine-din-cauza-unei-avarii-la-reteaua-de-canalizare\/","title":{"rendered":"Dou\u0103 linii de tramvai au trasee modificate s\u00e2mb\u0103t\u0103, din cauza unei avarii la re\u021beaua de canalizare"},"content":{"rendered":"\n<p><strong>O avarie la re\u021beaua public\u0103 de canalizare de pe strada Vasile Lasc\u0103r modific\u0103 traseele liniilor de tramvai 5 \u0219i 16. M\u0103sura va fi aplicat\u0103 m\u00e2ine, \u00eentre orele 01:00 &#8211; 13:00.<\/strong><\/p>\n\n\n\n<p><strong>Linia 5<\/strong>&nbsp;va func\u021biona \u00eentre terminalele \u201ePia\u021ba Sf. Gheorghe\u201d \u0219i \u201eBd. Lacul Tei\u201d, pe urm\u0103torul traseu:<\/p>\n\n\n\n<ul class=\"wp-block-list\">\n<li><strong>pe sensul spre \u201eBd. Lacul Tei\u201d<\/strong>: terminal \u201ePia\u021ba Sf. Gheorghe\u201d, Str. Sf\u00e2ntul Gheorghe, Calea Mo\u0219ilor, \u0218os. Colentina, Str. Turmelor, Str. Re\u00eenvierii, Str. Maica Domnului, terminal \u201eBd. Lacul Tei\u201d;<\/li>\n\n\n\n<li><strong>pe sensul spre&nbsp;\u201ePia\u021ba Sf. Gheorghe\u201d<\/strong>: terminal \u201eBd. Lacul Tei\u201d, Str. Maica Domnului, Str. Re\u00eenvierii, \u0218os. Colentina, Calea Mo\u0219ilor, Str. Cavafii Vechi, Str. B\u0103niei, Str. Sf\u00e2ntul Gheorghe, terminal \u201ePia\u021ba Sf. Gheorghe\u201d.<\/li>\n<\/ul>\n\n\n\n<p><strong>Linia 16<\/strong>&nbsp;va func\u021biona \u00eentre terminalele \u201ePia\u021ba Sf. Vineri\u201d \u0219i \u201ePlatforma Industrial\u0103 Pipera\u201d, pe urm\u0103toarea rut\u0103:<\/p>\n\n\n\n<ul class=\"wp-block-list\">\n<li><strong>pe sensul spre \u201ePlatforma Industrial\u0103 Pipera\u201d:<\/strong> terminal \u201ePia\u021ba Sf. Vineri\u201d, Str. Sf. Vineri, Calea Mo\u0219ilor, \u0218os. Colentina, Str. Turmelor, Str. Re\u00eenvierii, Str. Maica Domnului, Bd. Lacul Tei, \u0218os. Petricani, Bd. Dimitrie Pompeiu, terminal \u201ePlatforma Industrial\u0103 Pipera\u201d;<\/li>\n\n\n\n<li><strong>pe sensul spre \u201ePia\u021ba Sf. Vineri\u201d:<\/strong> terminal \u201ePlatforma Industrial\u0103 Pipera\u201d, Bd. Dimitrie Pompeiu, \u0218os. Petricani, Bd. Lacul Tei, Str. Maica Domnului, Str. Re\u00eenvierii, \u0218os. Colentina, Calea Mo\u0219ilor, Str. Sf. Vineri, terminal \u201ePia\u021ba Sf. Vineri\u201d.<\/li>\n<\/ul>\n\n\n\n<p>C\u0103l\u0103torii vor fi prelua\u021bi de<strong> linia navet\u0103 de autobuz 616<\/strong>, care va func\u0163iona pe un traseu cuprins \u00eentre terminalul \u201ePia\u021ba Sf. Vineri\u201d \u0219i \u0218os. Colentina, astfel:<\/p>\n\n\n\n<ul class=\"wp-block-list\">\n<li><strong>pe sensul spre \u201eStr. Turmelor\u201d:<\/strong> terminal \u201ePia\u021ba Sf. Vineri\u201d, Str. Sf. Vineri, Bd. Mircea Vod\u0103, Bd. Corneliu Coposu, Str. Sf. Vineri, Calea Mo\u0219ilor, Str. Armand C\u0103linescu, Str. Vasile Lasc\u0103r, Str. Viitorului, Str. Lizeanu, Str. Re\u00eenvierii, Str. Turmelor;<\/li>\n\n\n\n<li><strong>pe sensul spre \u201ePia\u021ba Sf. Vineri\u201d<\/strong>: Str. Turmelor, \u0218os. Colentina, \u0218os. \u0218tefan cel Mare, Str. Viitorului, Str. Vasile Lasc\u0103r, Str. Armand C\u0103linescu, Calea Mo\u0219ilor, Str. Sf. Vineri, terminal \u201ePia\u021ba Sf. Vineri\u201d.<\/li>\n<\/ul>\n\n\n\n<p><strong>CITE\u0218TE \u0218I:<\/strong><\/p>\n\n\n\n<figure class=\"wp-block-embed is-type-wp-embed is-provider-buletin-de-bucure-ti wp-block-embed-buletin-de-bucure-ti\"><div class=\"wp-block-embed__wrapper\">\n<blockquote class=\"wp-embedded-content\" data-secret=\"Dbc8EdTKyh\"><a href=\"https:\/\/buletin.de\/bucuresti\/video-lucrarile-la-noul-pod-peste-dambovita-al-autostrazii-bucuresti-aproape-gata\/\">VIDEO | Lucr\u0103rile la noul pod peste D\u00e2mbovi\u021ba al Autostr\u0103zii Bucure\u0219ti, aproape gata<\/a><\/blockquote><iframe class=\"wp-embedded-content\" sandbox=\"allow-scripts\" security=\"restricted\" style=\"position: absolute; clip: rect(1px, 1px, 1px, 1px);\" title=\"&#8220;VIDEO | Lucr\u0103rile la noul pod peste D\u00e2mbovi\u021ba al Autostr\u0103zii Bucure\u0219ti, aproape gata&#8221; &#8212; Buletin de Bucure\u0219ti\" src=\"https:\/\/buletin.de\/bucuresti\/video-lucrarile-la-noul-pod-peste-dambovita-al-autostrazii-bucuresti-aproape-gata\/embed\/#?secret=XlVSxPC87u#?secret=Dbc8EdTKyh\" data-secret=\"Dbc8EdTKyh\" width=\"600\" height=\"338\" frameborder=\"0\" marginwidth=\"0\" marginheight=\"0\" scrolling=\"no\"><\/iframe>\n<\/div><\/figure>\n","protected":false},"excerpt":{"rendered":"<p>O avarie la re\u021beaua public\u0103 de canalizare de pe strada Vasile Lasc\u0103r modific\u0103 traseele liniilor de tramvai 5 \u0219i 16. M\u0103sura va fi aplicat\u0103 m\u00e2ine, \u00eentre orele 01:00 &#8211; 13:00. Linia 5&nbsp;va func\u021biona \u00eentre terminalele \u201ePia\u021ba Sf. Gheorghe\u201d \u0219i \u201eBd. Lacul Tei\u201d, pe urm\u0103torul traseu: Linia 16&nbsp;va func\u021biona \u00eentre terminalele \u201ePia\u021ba Sf. Vineri\u201d \u0219i \u201ePlatforma [&hellip;]<\/p>\n","protected":false},"author":49,"featured_media":77212,"comment_status":"closed","ping_status":"open","sticky":false,"template":"","format":"standard","meta":{"_acf_changed":false,"inline_featured_image":false,"ngg_post_thumbnail":0,"footnotes":""},"categories":[6994,62,650],"tags":[11033,11031,4226,9588],"ppma_author":[22574],"class_list":["post-82211","post","type-post","status-publish","format-standard","has-post-thumbnail","hentry","category-stiri-2","category-stiri","category-transport","tag-deviere-tramvaie","tag-linia-16","tag-linia-5","tag-vasile-lascar"],"acf":[],"yoast_head":"<!-- This site is optimized with the Yoast SEO Premium plugin v25.3 (Yoast SEO v27.5) - https:\/\/yoast.com\/product\/yoast-seo-premium-wordpress\/ -->\n<title>Dou\u0103 linii de tramvai au trasee modificate s\u00e2mb\u0103t\u0103, din cauza unei avarii la re\u021beaua de canalizare - Buletin de Bucure\u0219ti<\/title>\n<meta name=\"robots\" content=\"index, follow, max-snippet:-1, max-image-preview:large, max-video-preview:-1\" \/>\n<link rel=\"canonical\" href=\"https:\/\/buletin.de\/bucuresti\/doua-linii-de-tramvai-au-trasee-modificate-maine-din-cauza-unei-avarii-la-reteaua-de-canalizare\/\" \/>\n<meta property=\"og:locale\" content=\"en_GB\" \/>\n<meta property=\"og:type\" content=\"article\" \/>\n<meta property=\"og:title\" content=\"Dou\u0103 linii de tramvai au trasee modificate s\u00e2mb\u0103t\u0103, din cauza unei avarii la re\u021beaua de canalizare\" \/>\n<meta property=\"og:description\" content=\"O avarie la re\u021beaua public\u0103 de canalizare de pe strada Vasile Lasc\u0103r modific\u0103 traseele liniilor de tramvai 5 \u0219i 16. M\u0103sura va fi aplicat\u0103 m\u00e2ine, \u00eentre orele 01:00 &#8211; 13:00. Linia 5&nbsp;va func\u021biona \u00eentre terminalele \u201ePia\u021ba Sf. Gheorghe\u201d \u0219i \u201eBd. Lacul Tei\u201d, pe urm\u0103torul traseu: Linia 16&nbsp;va func\u021biona \u00eentre terminalele \u201ePia\u021ba Sf. Vineri\u201d \u0219i \u201ePlatforma [&hellip;]\" \/>\n<meta property=\"og:url\" content=\"https:\/\/buletin.de\/bucuresti\/doua-linii-de-tramvai-au-trasee-modificate-maine-din-cauza-unei-avarii-la-reteaua-de-canalizare\/\" \/>\n<meta property=\"og:site_name\" content=\"Buletin de Bucure\u0219ti\" \/>\n<meta property=\"article:publisher\" content=\"https:\/\/www.facebook.com\/buletin.de.buc\" \/>\n<meta property=\"article:published_time\" content=\"2024-04-05T16:04:44+00:00\" \/>\n<meta property=\"article:modified_time\" content=\"2024-04-06T04:07:30+00:00\" \/>\n<meta property=\"og:image\" content=\"https:\/\/buletin.de\/bucuresti\/wp-content\/uploads\/captura-7.png\" \/>\n\t<meta property=\"og:image:width\" content=\"1227\" \/>\n\t<meta property=\"og:image:height\" content=\"687\" \/>\n\t<meta property=\"og:image:type\" content=\"image\/png\" \/>\n<meta name=\"author\" content=\"Diana Matei\" \/>\n<meta name=\"twitter:card\" content=\"summary_large_image\" \/>\n<meta name=\"twitter:label1\" content=\"Written by\" \/>\n\t<meta name=\"twitter:data1\" content=\"Diana Matei\" \/>\n\t<meta name=\"twitter:label2\" content=\"Estimated reading time\" \/>\n\t<meta name=\"twitter:data2\" content=\"2 minutes\" \/>\n<script type=\"application\/ld+json\" class=\"yoast-schema-graph\">{\"@context\":\"https:\\\/\\\/schema.org\",\"@graph\":[{\"@type\":\"Article\",\"@id\":\"https:\\\/\\\/buletin.de\\\/bucuresti\\\/doua-linii-de-tramvai-au-trasee-modificate-maine-din-cauza-unei-avarii-la-reteaua-de-canalizare\\\/#article\",\"isPartOf\":{\"@id\":\"https:\\\/\\\/buletin.de\\\/bucuresti\\\/doua-linii-de-tramvai-au-trasee-modificate-maine-din-cauza-unei-avarii-la-reteaua-de-canalizare\\\/\"},\"author\":{\"name\":\"Diana Matei\",\"@id\":\"https:\\\/\\\/buletin.de\\\/bucuresti\\\/#\\\/schema\\\/person\\\/7e46040573290777280a0835d81ea4ea\"},\"headline\":\"Dou\u0103 linii de tramvai au trasee modificate s\u00e2mb\u0103t\u0103, din cauza unei avarii la re\u021beaua de canalizare\",\"datePublished\":\"2024-04-05T16:04:44+00:00\",\"dateModified\":\"2024-04-06T04:07:30+00:00\",\"mainEntityOfPage\":{\"@id\":\"https:\\\/\\\/buletin.de\\\/bucuresti\\\/doua-linii-de-tramvai-au-trasee-modificate-maine-din-cauza-unei-avarii-la-reteaua-de-canalizare\\\/\"},\"wordCount\":350,\"publisher\":{\"@id\":\"https:\\\/\\\/buletin.de\\\/bucuresti\\\/#organization\"},\"image\":{\"@id\":\"https:\\\/\\\/buletin.de\\\/bucuresti\\\/doua-linii-de-tramvai-au-trasee-modificate-maine-din-cauza-unei-avarii-la-reteaua-de-canalizare\\\/#primaryimage\"},\"thumbnailUrl\":\"https:\\\/\\\/buletin.de\\\/bucuresti\\\/wp-content\\\/uploads\\\/captura-7.png\",\"keywords\":[\"deviere tramvaie\",\"Linia 16\",\"linia 5\",\"Vasile Lascar\"],\"articleSection\":[\"Articole\",\"\u0218tiri\",\"Transport\"],\"inLanguage\":\"en-GB\",\"copyrightYear\":\"2024\",\"copyrightHolder\":{\"@id\":\"https:\\\/\\\/buletin.de\\\/bucuresti\\\/#organization\"}},{\"@type\":\"WebPage\",\"@id\":\"https:\\\/\\\/buletin.de\\\/bucuresti\\\/doua-linii-de-tramvai-au-trasee-modificate-maine-din-cauza-unei-avarii-la-reteaua-de-canalizare\\\/\",\"url\":\"https:\\\/\\\/buletin.de\\\/bucuresti\\\/doua-linii-de-tramvai-au-trasee-modificate-maine-din-cauza-unei-avarii-la-reteaua-de-canalizare\\\/\",\"name\":\"Dou\u0103 linii de tramvai au trasee modificate s\u00e2mb\u0103t\u0103, din cauza unei avarii la re\u021beaua de canalizare - Buletin de Bucure\u0219ti\",\"isPartOf\":{\"@id\":\"https:\\\/\\\/buletin.de\\\/bucuresti\\\/#website\"},\"primaryImageOfPage\":{\"@id\":\"https:\\\/\\\/buletin.de\\\/bucuresti\\\/doua-linii-de-tramvai-au-trasee-modificate-maine-din-cauza-unei-avarii-la-reteaua-de-canalizare\\\/#primaryimage\"},\"image\":{\"@id\":\"https:\\\/\\\/buletin.de\\\/bucuresti\\\/doua-linii-de-tramvai-au-trasee-modificate-maine-din-cauza-unei-avarii-la-reteaua-de-canalizare\\\/#primaryimage\"},\"thumbnailUrl\":\"https:\\\/\\\/buletin.de\\\/bucuresti\\\/wp-content\\\/uploads\\\/captura-7.png\",\"datePublished\":\"2024-04-05T16:04:44+00:00\",\"dateModified\":\"2024-04-06T04:07:30+00:00\",\"breadcrumb\":{\"@id\":\"https:\\\/\\\/buletin.de\\\/bucuresti\\\/doua-linii-de-tramvai-au-trasee-modificate-maine-din-cauza-unei-avarii-la-reteaua-de-canalizare\\\/#breadcrumb\"},\"inLanguage\":\"en-GB\",\"potentialAction\":[{\"@type\":\"ReadAction\",\"target\":[\"https:\\\/\\\/buletin.de\\\/bucuresti\\\/doua-linii-de-tramvai-au-trasee-modificate-maine-din-cauza-unei-avarii-la-reteaua-de-canalizare\\\/\"]}]},{\"@type\":\"ImageObject\",\"inLanguage\":\"en-GB\",\"@id\":\"https:\\\/\\\/buletin.de\\\/bucuresti\\\/doua-linii-de-tramvai-au-trasee-modificate-maine-din-cauza-unei-avarii-la-reteaua-de-canalizare\\\/#primaryimage\",\"url\":\"https:\\\/\\\/buletin.de\\\/bucuresti\\\/wp-content\\\/uploads\\\/captura-7.png\",\"contentUrl\":\"https:\\\/\\\/buletin.de\\\/bucuresti\\\/wp-content\\\/uploads\\\/captura-7.png\",\"width\":1227,\"height\":687,\"caption\":\"FOTO: STB\"},{\"@type\":\"BreadcrumbList\",\"@id\":\"https:\\\/\\\/buletin.de\\\/bucuresti\\\/doua-linii-de-tramvai-au-trasee-modificate-maine-din-cauza-unei-avarii-la-reteaua-de-canalizare\\\/#breadcrumb\",\"itemListElement\":[{\"@type\":\"ListItem\",\"position\":1,\"name\":\"Acas\u0103\",\"item\":\"https:\\\/\\\/buletin.de\\\/bucuresti\\\/\"},{\"@type\":\"ListItem\",\"position\":2,\"name\":\"Dou\u0103 linii de tramvai au trasee modificate s\u00e2mb\u0103t\u0103, din cauza unei avarii la re\u021beaua de canalizare\"}]},{\"@type\":\"WebSite\",\"@id\":\"https:\\\/\\\/buletin.de\\\/bucuresti\\\/#website\",\"url\":\"https:\\\/\\\/buletin.de\\\/bucuresti\\\/\",\"name\":\"Buletin de Bucure\u0219ti\",\"description\":\"\u0218tiri \u0219i investiga\u021bii esen\u021biale din capital\u0103\",\"publisher\":{\"@id\":\"https:\\\/\\\/buletin.de\\\/bucuresti\\\/#organization\"},\"potentialAction\":[{\"@type\":\"SearchAction\",\"target\":{\"@type\":\"EntryPoint\",\"urlTemplate\":\"https:\\\/\\\/buletin.de\\\/bucuresti\\\/?s={search_term_string}\"},\"query-input\":{\"@type\":\"PropertyValueSpecification\",\"valueRequired\":true,\"valueName\":\"search_term_string\"}}],\"inLanguage\":\"en-GB\"},{\"@type\":\"Organization\",\"@id\":\"https:\\\/\\\/buletin.de\\\/bucuresti\\\/#organization\",\"name\":\"Buletin de Bucure\u0219ti\",\"url\":\"https:\\\/\\\/buletin.de\\\/bucuresti\\\/\",\"logo\":{\"@type\":\"ImageObject\",\"inLanguage\":\"en-GB\",\"@id\":\"https:\\\/\\\/buletin.de\\\/bucuresti\\\/#\\\/schema\\\/logo\\\/image\\\/\",\"url\":\"https:\\\/\\\/buletin.de\\\/bucuresti\\\/wp-content\\\/uploads\\\/logo-bdb-full-wide-vernil-transparent.png\",\"contentUrl\":\"https:\\\/\\\/buletin.de\\\/bucuresti\\\/wp-content\\\/uploads\\\/logo-bdb-full-wide-vernil-transparent.png\",\"width\":1782,\"height\":626,\"caption\":\"Buletin de Bucure\u0219ti\"},\"image\":{\"@id\":\"https:\\\/\\\/buletin.de\\\/bucuresti\\\/#\\\/schema\\\/logo\\\/image\\\/\"},\"sameAs\":[\"https:\\\/\\\/www.facebook.com\\\/buletin.de.buc\",\"https:\\\/\\\/www.instagram.com\\\/buletinde.bucuresti\\\/\"]},{\"@type\":\"Person\",\"@id\":\"https:\\\/\\\/buletin.de\\\/bucuresti\\\/#\\\/schema\\\/person\\\/7e46040573290777280a0835d81ea4ea\",\"name\":\"Diana Matei\",\"image\":{\"@type\":\"ImageObject\",\"inLanguage\":\"en-GB\",\"@id\":\"https:\\\/\\\/buletin.de\\\/bucuresti\\\/wp-content\\\/uploads\\\/9-2-96x96.jpg1e8590b30871d70e62ebcdaf2eff570c\",\"url\":\"https:\\\/\\\/buletin.de\\\/bucuresti\\\/wp-content\\\/uploads\\\/9-2-96x96.jpg\",\"contentUrl\":\"https:\\\/\\\/buletin.de\\\/bucuresti\\\/wp-content\\\/uploads\\\/9-2-96x96.jpg\",\"caption\":\"Diana Matei\"},\"url\":\"https:\\\/\\\/buletin.de\\\/bucuresti\\\/author\\\/dianamatei\\\/\"}]}<\/script>\n<!-- \/ Yoast SEO Premium plugin. -->","yoast_head_json":{"title":"Dou\u0103 linii de tramvai au trasee modificate s\u00e2mb\u0103t\u0103, din cauza unei avarii la re\u021beaua de canalizare - Buletin de Bucure\u0219ti","robots":{"index":"index","follow":"follow","max-snippet":"max-snippet:-1","max-image-preview":"max-image-preview:large","max-video-preview":"max-video-preview:-1"},"canonical":"https:\/\/buletin.de\/bucuresti\/doua-linii-de-tramvai-au-trasee-modificate-maine-din-cauza-unei-avarii-la-reteaua-de-canalizare\/","og_locale":"en_GB","og_type":"article","og_title":"Dou\u0103 linii de tramvai au trasee modificate s\u00e2mb\u0103t\u0103, din cauza unei avarii la re\u021beaua de canalizare","og_description":"O avarie la re\u021beaua public\u0103 de canalizare de pe strada Vasile Lasc\u0103r modific\u0103 traseele liniilor de tramvai 5 \u0219i 16. M\u0103sura va fi aplicat\u0103 m\u00e2ine, \u00eentre orele 01:00 &#8211; 13:00. Linia 5&nbsp;va func\u021biona \u00eentre terminalele \u201ePia\u021ba Sf. Gheorghe\u201d \u0219i \u201eBd. Lacul Tei\u201d, pe urm\u0103torul traseu: Linia 16&nbsp;va func\u021biona \u00eentre terminalele \u201ePia\u021ba Sf. Vineri\u201d \u0219i \u201ePlatforma [&hellip;]","og_url":"https:\/\/buletin.de\/bucuresti\/doua-linii-de-tramvai-au-trasee-modificate-maine-din-cauza-unei-avarii-la-reteaua-de-canalizare\/","og_site_name":"Buletin de Bucure\u0219ti","article_publisher":"https:\/\/www.facebook.com\/buletin.de.buc","article_published_time":"2024-04-05T16:04:44+00:00","article_modified_time":"2024-04-06T04:07:30+00:00","og_image":[{"width":1227,"height":687,"url":"https:\/\/buletin.de\/bucuresti\/wp-content\/uploads\/captura-7.png","type":"image\/png"}],"author":"Diana Matei","twitter_card":"summary_large_image","twitter_misc":{"Written by":"Diana Matei","Estimated reading time":"2 minutes"},"schema":{"@context":"https:\/\/schema.org","@graph":[{"@type":"Article","@id":"https:\/\/buletin.de\/bucuresti\/doua-linii-de-tramvai-au-trasee-modificate-maine-din-cauza-unei-avarii-la-reteaua-de-canalizare\/#article","isPartOf":{"@id":"https:\/\/buletin.de\/bucuresti\/doua-linii-de-tramvai-au-trasee-modificate-maine-din-cauza-unei-avarii-la-reteaua-de-canalizare\/"},"author":{"name":"Diana Matei","@id":"https:\/\/buletin.de\/bucuresti\/#\/schema\/person\/7e46040573290777280a0835d81ea4ea"},"headline":"Dou\u0103 linii de tramvai au trasee modificate s\u00e2mb\u0103t\u0103, din cauza unei avarii la re\u021beaua de canalizare","datePublished":"2024-04-05T16:04:44+00:00","dateModified":"2024-04-06T04:07:30+00:00","mainEntityOfPage":{"@id":"https:\/\/buletin.de\/bucuresti\/doua-linii-de-tramvai-au-trasee-modificate-maine-din-cauza-unei-avarii-la-reteaua-de-canalizare\/"},"wordCount":350,"publisher":{"@id":"https:\/\/buletin.de\/bucuresti\/#organization"},"image":{"@id":"https:\/\/buletin.de\/bucuresti\/doua-linii-de-tramvai-au-trasee-modificate-maine-din-cauza-unei-avarii-la-reteaua-de-canalizare\/#primaryimage"},"thumbnailUrl":"https:\/\/buletin.de\/bucuresti\/wp-content\/uploads\/captura-7.png","keywords":["deviere tramvaie","Linia 16","linia 5","Vasile Lascar"],"articleSection":["Articole","\u0218tiri","Transport"],"inLanguage":"en-GB","copyrightYear":"2024","copyrightHolder":{"@id":"https:\/\/buletin.de\/bucuresti\/#organization"}},{"@type":"WebPage","@id":"https:\/\/buletin.de\/bucuresti\/doua-linii-de-tramvai-au-trasee-modificate-maine-din-cauza-unei-avarii-la-reteaua-de-canalizare\/","url":"https:\/\/buletin.de\/bucuresti\/doua-linii-de-tramvai-au-trasee-modificate-maine-din-cauza-unei-avarii-la-reteaua-de-canalizare\/","name":"Dou\u0103 linii de tramvai au trasee modificate s\u00e2mb\u0103t\u0103, din cauza unei avarii la re\u021beaua de canalizare - Buletin de Bucure\u0219ti","isPartOf":{"@id":"https:\/\/buletin.de\/bucuresti\/#website"},"primaryImageOfPage":{"@id":"https:\/\/buletin.de\/bucuresti\/doua-linii-de-tramvai-au-trasee-modificate-maine-din-cauza-unei-avarii-la-reteaua-de-canalizare\/#primaryimage"},"image":{"@id":"https:\/\/buletin.de\/bucuresti\/doua-linii-de-tramvai-au-trasee-modificate-maine-din-cauza-unei-avarii-la-reteaua-de-canalizare\/#primaryimage"},"thumbnailUrl":"https:\/\/buletin.de\/bucuresti\/wp-content\/uploads\/captura-7.png","datePublished":"2024-04-05T16:04:44+00:00","dateModified":"2024-04-06T04:07:30+00:00","breadcrumb":{"@id":"https:\/\/buletin.de\/bucuresti\/doua-linii-de-tramvai-au-trasee-modificate-maine-din-cauza-unei-avarii-la-reteaua-de-canalizare\/#breadcrumb"},"inLanguage":"en-GB","potentialAction":[{"@type":"ReadAction","target":["https:\/\/buletin.de\/bucuresti\/doua-linii-de-tramvai-au-trasee-modificate-maine-din-cauza-unei-avarii-la-reteaua-de-canalizare\/"]}]},{"@type":"ImageObject","inLanguage":"en-GB","@id":"https:\/\/buletin.de\/bucuresti\/doua-linii-de-tramvai-au-trasee-modificate-maine-din-cauza-unei-avarii-la-reteaua-de-canalizare\/#primaryimage","url":"https:\/\/buletin.de\/bucuresti\/wp-content\/uploads\/captura-7.png","contentUrl":"https:\/\/buletin.de\/bucuresti\/wp-content\/uploads\/captura-7.png","width":1227,"height":687,"caption":"FOTO: STB"},{"@type":"BreadcrumbList","@id":"https:\/\/buletin.de\/bucuresti\/doua-linii-de-tramvai-au-trasee-modificate-maine-din-cauza-unei-avarii-la-reteaua-de-canalizare\/#breadcrumb","itemListElement":[{"@type":"ListItem","position":1,"name":"Acas\u0103","item":"https:\/\/buletin.de\/bucuresti\/"},{"@type":"ListItem","position":2,"name":"Dou\u0103 linii de tramvai au trasee modificate s\u00e2mb\u0103t\u0103, din cauza unei avarii la re\u021beaua de canalizare"}]},{"@type":"WebSite","@id":"https:\/\/buletin.de\/bucuresti\/#website","url":"https:\/\/buletin.de\/bucuresti\/","name":"Buletin de Bucure\u0219ti","description":"\u0218tiri \u0219i investiga\u021bii esen\u021biale din capital\u0103","publisher":{"@id":"https:\/\/buletin.de\/bucuresti\/#organization"},"potentialAction":[{"@type":"SearchAction","target":{"@type":"EntryPoint","urlTemplate":"https:\/\/buletin.de\/bucuresti\/?s={search_term_string}"},"query-input":{"@type":"PropertyValueSpecification","valueRequired":true,"valueName":"search_term_string"}}],"inLanguage":"en-GB"},{"@type":"Organization","@id":"https:\/\/buletin.de\/bucuresti\/#organization","name":"Buletin de Bucure\u0219ti","url":"https:\/\/buletin.de\/bucuresti\/","logo":{"@type":"ImageObject","inLanguage":"en-GB","@id":"https:\/\/buletin.de\/bucuresti\/#\/schema\/logo\/image\/","url":"https:\/\/buletin.de\/bucuresti\/wp-content\/uploads\/logo-bdb-full-wide-vernil-transparent.png","contentUrl":"https:\/\/buletin.de\/bucuresti\/wp-content\/uploads\/logo-bdb-full-wide-vernil-transparent.png","width":1782,"height":626,"caption":"Buletin de Bucure\u0219ti"},"image":{"@id":"https:\/\/buletin.de\/bucuresti\/#\/schema\/logo\/image\/"},"sameAs":["https:\/\/www.facebook.com\/buletin.de.buc","https:\/\/www.instagram.com\/buletinde.bucuresti\/"]},{"@type":"Person","@id":"https:\/\/buletin.de\/bucuresti\/#\/schema\/person\/7e46040573290777280a0835d81ea4ea","name":"Diana Matei","image":{"@type":"ImageObject","inLanguage":"en-GB","@id":"https:\/\/buletin.de\/bucuresti\/wp-content\/uploads\/9-2-96x96.jpg1e8590b30871d70e62ebcdaf2eff570c","url":"https:\/\/buletin.de\/bucuresti\/wp-content\/uploads\/9-2-96x96.jpg","contentUrl":"https:\/\/buletin.de\/bucuresti\/wp-content\/uploads\/9-2-96x96.jpg","caption":"Diana Matei"},"url":"https:\/\/buletin.de\/bucuresti\/author\/dianamatei\/"}]}},"authors":[{"term_id":22574,"user_id":49,"is_guest":0,"slug":"dianamatei","display_name":"Diana Matei","avatar_url":"https:\/\/buletin.de\/bucuresti\/wp-content\/uploads\/9-2-96x96.jpg","0":null,"1":"","2":"","3":"","4":"","5":"","6":"","7":"","8":""}],"_links":{"self":[{"href":"https:\/\/buletin.de\/bucuresti\/wp-json\/wp\/v2\/posts\/82211","targetHints":{"allow":["GET"]}}],"collection":[{"href":"https:\/\/buletin.de\/bucuresti\/wp-json\/wp\/v2\/posts"}],"about":[{"href":"https:\/\/buletin.de\/bucuresti\/wp-json\/wp\/v2\/types\/post"}],"author":[{"embeddable":true,"href":"https:\/\/buletin.de\/bucuresti\/wp-json\/wp\/v2\/users\/49"}],"replies":[{"embeddable":true,"href":"https:\/\/buletin.de\/bucuresti\/wp-json\/wp\/v2\/comments?post=82211"}],"version-history":[{"count":3,"href":"https:\/\/buletin.de\/bucuresti\/wp-json\/wp\/v2\/posts\/82211\/revisions"}],"predecessor-version":[{"id":82244,"href":"https:\/\/buletin.de\/bucuresti\/wp-json\/wp\/v2\/posts\/82211\/revisions\/82244"}],"wp:featuredmedia":[{"embeddable":true,"href":"https:\/\/buletin.de\/bucuresti\/wp-json\/wp\/v2\/media\/77212"}],"wp:attachment":[{"href":"https:\/\/buletin.de\/bucuresti\/wp-json\/wp\/v2\/media?parent=82211"}],"wp:term":[{"taxonomy":"category","embeddable":true,"href":"https:\/\/buletin.de\/bucuresti\/wp-json\/wp\/v2\/categories?post=82211"},{"taxonomy":"post_tag","embeddable":true,"href":"https:\/\/buletin.de\/bucuresti\/wp-json\/wp\/v2\/tags?post=82211"},{"taxonomy":"author","embeddable":true,"href":"https:\/\/buletin.de\/bucuresti\/wp-json\/wp\/v2\/ppma_author?post=82211"}],"curies":[{"name":"wp","href":"https:\/\/api.w.org\/{rel}","templated":true}]}}