{"id":82186,"date":"2024-04-07T07:41:38","date_gmt":"2024-04-07T04:41:38","guid":{"rendered":"https:\/\/buletin.de\/bucuresti\/?p=82186"},"modified":"2024-04-07T14:30:05","modified_gmt":"2024-04-07T11:30:05","slug":"sector-1-invatamant-de-stat-in-greenfield-primaria-a-semnat-in-prag-de-alegeri-contractul-pentru-complexul-educational-promis-din-2021","status":"publish","type":"post","link":"https:\/\/buletin.de\/bucuresti\/sector-1-invatamant-de-stat-in-greenfield-primaria-a-semnat-in-prag-de-alegeri-contractul-pentru-complexul-educational-promis-din-2021\/","title":{"rendered":"Sector 1 | \u00cenv\u0103\u021b\u0103m\u00e2nt de stat \u00een Greenfield. Prim\u0103ria a semnat \u00een prag de alegeri contractul pentru complexul educa\u021bional promis din 2021"},"content":{"rendered":"\n<p><strong>Contractul pentru construirea complexului educa\u021bional din cartierul Greenfield a fost semnat vineri, 5 aprilie, anun\u021b\u0103 Clotilde Armand, Primarul Sectorului 1. \u00cen prezent, \u00een cartier, nu exist\u0103 nicio institu\u021bie public\u0103 de \u00eenv\u0103\u021b\u0103m\u00e2nt.<\/strong><\/p>\n\n\n\n<p>Complexul educa\u021bional se va construi \u00een partea de nord a Bucure\u0219tiului \u00eentre P\u0103durea B\u0103neasa, P\u0103durea Tunari \u0219i Aleea Tei\u0219ani pe un teren donat Consiliului General al Municipiului Bucure\u0219ti \u0219i transmis \u00een administrare Sectorului 1 al Municipiului Bucure\u0219ti.<a href=\"https:\/\/buletin.de\/bucuresti\/primaria-sectorului-1-vrea-sa-construiasca-mai-multe-scoli-si-gradinite\/\"> Investi\u021bia a fost aprobat\u0103 de consilierii locali \u00een urm\u0103 cu trei ani<\/a>. Ini\u021bial,  licita\u021bia a fost lansat\u0103 la \u00eenceputul anului 2022, \u00eens\u0103 a fost anulat\u0103, din lips\u0103 de oferte. <\/p>\n\n\n\n<blockquote class=\"wp-block-quote is-layout-flow wp-block-quote-is-layout-flow\">\n<p class=\"has-medium-font-size\">Construim o \u0219coal\u0103, o gr\u0103dini\u021b\u0103, o sal\u0103 de sport, o bibliotec\u0103, ateliere de arte\/muzic\u0103, alei pietonale, spa\u021bii verzi, spa\u021bii de joac\u0103, locuri de parcare \u0219i tot ce este necesar pentru un centru educa\u021bional. <\/p>\n<cite>Clotilde Armand, Primarul Sectorului 1 <\/cite><\/blockquote>\n\n\n\n<p>Gr\u0103dini\u021ba va avea un singur etaj \u0219i o suprafa\u021b\u0103 construit\u0103 desf\u0103\u0219urat\u0103 de 2548,47 mp, din care o suprafa\u021b\u0103 util\u0103 total\u0103 de 2297,24 mp. Aceasta va avea o capacitate de 150 pre\u0219colari, \u00eemp\u0103r\u021bi\u021bi \u00een 15 grupe.<\/p>\n\n\n\n<figure class=\"wp-block-gallery has-nested-images columns-default is-cropped wp-block-gallery-1 is-layout-flex wp-block-gallery-is-layout-flex\">\n<figure class=\"wp-block-image size-large\"><img fetchpriority=\"high\" decoding=\"async\" width=\"900\" height=\"506\" data-id=\"82224\" src=\"data:image\/gif;base64,R0lGODlhAQABAAAAACH5BAEKAAEALAAAAAABAAEAAAICTAEAOw==\" data-src=\"https:\/\/buletin.de\/bucuresti\/wp-content\/uploads\/Gradinita-900x506.jpg\" alt=\"\" class=\"wp-image-82224 lazyload\" data-sizes=\"auto\" data-srcset=\"https:\/\/buletin.de\/bucuresti\/wp-content\/uploads\/Gradinita-900x506.jpg 900w, https:\/\/buletin.de\/bucuresti\/wp-content\/uploads\/Gradinita-300x169.jpg 300w, https:\/\/buletin.de\/bucuresti\/wp-content\/uploads\/Gradinita-768x432.jpg 768w, https:\/\/buletin.de\/bucuresti\/wp-content\/uploads\/Gradinita-1536x864.jpg 1536w, https:\/\/buletin.de\/bucuresti\/wp-content\/uploads\/Gradinita-1100x619.jpg 1100w, https:\/\/buletin.de\/bucuresti\/wp-content\/uploads\/Gradinita-600x338.jpg 600w, https:\/\/buletin.de\/bucuresti\/wp-content\/uploads\/Gradinita-20x11.jpg 20w, https:\/\/buletin.de\/bucuresti\/wp-content\/uploads\/Gradinita.jpg 1600w\" sizes=\"(max-width: 900px) 100vw, 900px\" \/><\/figure>\n\n\n\n<figure class=\"wp-block-image size-large\"><img decoding=\"async\" width=\"900\" height=\"506\" data-id=\"82225\" src=\"data:image\/gif;base64,R0lGODlhAQABAAAAACH5BAEKAAEALAAAAAABAAEAAAICTAEAOw==\" data-src=\"https:\/\/buletin.de\/bucuresti\/wp-content\/uploads\/Complex-Greenfield-900x506.jpg\" alt=\"\" class=\"wp-image-82225 lazyload\" data-sizes=\"auto\" data-srcset=\"https:\/\/buletin.de\/bucuresti\/wp-content\/uploads\/Complex-Greenfield-900x506.jpg 900w, https:\/\/buletin.de\/bucuresti\/wp-content\/uploads\/Complex-Greenfield-300x169.jpg 300w, https:\/\/buletin.de\/bucuresti\/wp-content\/uploads\/Complex-Greenfield-768x432.jpg 768w, https:\/\/buletin.de\/bucuresti\/wp-content\/uploads\/Complex-Greenfield-1536x864.jpg 1536w, https:\/\/buletin.de\/bucuresti\/wp-content\/uploads\/Complex-Greenfield-1100x619.jpg 1100w, https:\/\/buletin.de\/bucuresti\/wp-content\/uploads\/Complex-Greenfield-600x338.jpg 600w, https:\/\/buletin.de\/bucuresti\/wp-content\/uploads\/Complex-Greenfield-20x11.jpg 20w, https:\/\/buletin.de\/bucuresti\/wp-content\/uploads\/Complex-Greenfield.jpg 1600w\" sizes=\"(max-width: 900px) 100vw, 900px\" \/><\/figure>\n<figcaption class=\"blocks-gallery-caption wp-element-caption\">FOTO: FB\/ Clotilde Armand<\/figcaption><\/figure>\n\n\n\n<p>\u0218coala Gimnazial\u0103 va avea o capacitate de 390 elevi, distribui\u021bi \u00een 13 s\u0103li de clas\u0103. Aceasta va fi structurat\u0103 \u00een dou\u0103 corpuri: primul va cuprinde s\u0103li de clas\u0103, laboratoare \u0219i spa\u021bii administrative, pe c\u00e2nd cel de-al doilea va integra o sal\u0103 de sport, o bibliotec\u0103 \u0219i ateliere de arte\/muzic\u0103. Regimul de \u00een\u0103l\u021bime va fi de P+2E+Eth, potrivit <a href=\"https:\/\/www.facebook.com\/photo\/?fbid=978067463684579&amp;set=pcb.978067777017881\">post\u0103rii edilului sectorului 1<\/a>.<\/p>\n\n\n\n<p>\u00cen cadrul licita\u021biei, au fost depuse 11 oferte. Cea declarat\u0103 c\u00e2\u0219tig\u0103toare este de 53,5 milioane de lei f\u0103r\u0103 TVA, cu circa 10 milioane de lei mai pu\u021bin dec\u00e2t valoarea estimat\u0103, anun\u021b\u0103 primarul Clotilde Armand. Edilul nu a men\u021bionat \u00eens\u0103 firma\/asocierea de firme c\u00e2\u0219tig\u0103toare.<\/p>\n\n\n\n<p>Durata contractului este de 20 luni, potrivit<a href=\"https:\/\/www.e-licitatie.ro\/pub\/notices\/c-notice\/v2\/view\/100167568\"> anun\u021bului postat \u00een Sistemul Electronic de Achizi\u021bii Publice (S.E.A.P.)<\/a>.<\/p>\n\n\n\n<h2 class=\"wp-block-heading\">Scandalul accesului \u00een Greenfield<\/h2>\n\n\n\n<p>Cartierul Greenfield a devenit notoriu pentru lipsa infrastructurii rutiere. <a href=\"https:\/\/buletin.de\/bucuresti\/protest-al-locuitorilor-complexului-greenfield-in-fata-primariei-capitalei\/\"> Situa\u021bia s-a \u00eenr\u0103ut\u0103\u021bit la \u00eenceputul anului trecut, c\u00e2nd Regia Na\u0163ional\u0103 a P\u0103durilor Romsilva a decis oprirea accesului auto pe drumul forestier din P\u0103durea B\u0103neasa spre Bucure\u0219ti<\/a>. \u00cempreun\u0103 cu un echipaj al Poli\u0163iei rom\u00e2ne, p\u0103durarii au pus barier\u0103 pe unul dintre cele dou\u0103 drumuri folosite de locuitorii cartierului reziden\u021bial ca s\u0103 ajung\u0103 \u00een Bucure\u0219ti.<\/p>\n\n\n\n<p>Conform legii, circula\u021bia este interzis\u0103 pe drumurile forestiere. Cu toate acestea, reziden\u021bii complexului au folosit o perioad\u0103 \u00eendelungat\u0103 drumul Vadul Moldovei din P\u0103durea B\u0103neasa, fiind singurul de acces c\u0103tre Bucure\u0219ti o bun\u0103 perioad\u0103 de timp.<\/p>\n\n\n\n<p>La construc\u021bia complexului Greenfield, dezvoltatorii au promis 3 c\u0103i de acces \u0219i au mizat, tot timpul, c\u0103 una dintre acestea va fi drumul forestier.<\/p>\n\n\n\n<p>Ace\u0219tia chiar descriu drumul, pe greenfieldresidence.ro, ca fiind unul public.<\/p>\n\n\n\n<p>Pe l\u00e2ng\u0103 acesta, au promis \u0219i alte 3 c\u0103i de acces :&nbsp;<em>\u201e<strong>cele trei c\u0103i de acces suplimentare<\/strong>&nbsp;care, \u00eempreun\u0103 cu Aleea Tei\u0219ani \u0219i Vadul Moldovei, vor asigura un acces modern \u0219i facil tuturor reziden\u021bilor din Greenfield\u201d<\/em>. \u00cens\u0103 acestea nu au fost realizate, iar dezvoltatorii arunc\u0103 vina pe Prim\u0103ria Capitalei.<\/p>\n\n\n\n<p>Nicu\u0219or Dan a precizat, de mai multe ori, c\u0103 nu este de acord cu un drum permanent prin P\u0103durea B\u0103neasa, dar este de acord cu solu\u0163ia provizorie de traversare a p\u0103durii pe drumul forestier. Primarul general al Capitalei a explicat ca situa\u021bia actual\u0103 s-a creat din cauza modului \u00een care a fost gestionat ora\u0219ul, \u00een ultimii ani: construc\u021bii care au r\u0103s\u0103rit, haotic, f\u0103r\u0103 s\u0103 se respecte legea.<\/p>\n\n\n\n<p><em>\u201eVinova\u0163i nu sunt oamenii care au cump\u0103rat. Vinovate sunt, \u00een primul r\u00e2nd, autorit\u0103\u0163ile care au dat documenta\u0163ii \u015fi autoriza\u0163ii pentru cl\u0103diri care nu erau bine racordate la ora\u015f, iar \u00een al doilea r\u00e2nd dezvoltatorii care au cerut asta, iar apoi au v\u00e2ndut \u015fi au disp\u0103rut din peisaj\u201d<\/em>, a spus Dan.<\/p>\n\n\n\n<p><a href=\"https:\/\/buletin.de\/bucuresti\/greenfield-electoral-consiliul-general-cere-guvernului-drumurile-forestiere-din-padurea-baneasa\/\u00e2\">Recent, consilierii generali <strong>&nbsp;<\/strong>au aprobat un proiect prin care solicit\u0103 Romsilva trecerea a dou\u0103 tronsoane de drum forestier \u00een administrarea local\u0103, pentru a fi folosite temporar de locuitorii cartierului<\/a>. Urmeaz\u0103 decizia Romsilva.<\/p>\n\n\n\n<p>CITE\u0218TE \u0218I:<\/p>\n\n\n\n<figure class=\"wp-block-embed is-type-wp-embed is-provider-buletin-de-bucure-ti wp-block-embed-buletin-de-bucure-ti\"><div class=\"wp-block-embed__wrapper\">\n<blockquote class=\"wp-embedded-content\" data-secret=\"DCBqvJRP6R\"><a href=\"https:\/\/buletin.de\/bucuresti\/greenfield-electoral-consiliul-general-cere-guvernului-drumurile-forestiere-din-padurea-baneasa\/\">Greenfield \u201eelectoral\u201c: Consiliul General cere Guvernului drumurile forestiere din P\u0103durea B\u0103neasa<\/a><\/blockquote><iframe class=\"wp-embedded-content\" sandbox=\"allow-scripts\" security=\"restricted\" style=\"position: absolute; clip: rect(1px, 1px, 1px, 1px);\" title=\"&#8220;Greenfield \u201eelectoral\u201c: Consiliul General cere Guvernului drumurile forestiere din P\u0103durea B\u0103neasa&#8221; &#8212; Buletin de Bucure\u0219ti\" src=\"https:\/\/buletin.de\/bucuresti\/greenfield-electoral-consiliul-general-cere-guvernului-drumurile-forestiere-din-padurea-baneasa\/embed\/#?secret=Equ76E2r8g#?secret=DCBqvJRP6R\" data-secret=\"DCBqvJRP6R\" width=\"600\" height=\"338\" frameborder=\"0\" marginwidth=\"0\" marginheight=\"0\" scrolling=\"no\"><\/iframe>\n<\/div><\/figure>\n","protected":false},"excerpt":{"rendered":"<p>Contractul pentru construirea complexului educa\u021bional din cartierul Greenfield a fost semnat vineri, 5 aprilie, anun\u021b\u0103 Clotilde Armand, Primarul Sectorului 1. \u00cen prezent, \u00een cartier, nu exist\u0103 nicio institu\u021bie public\u0103 de \u00eenv\u0103\u021b\u0103m\u00e2nt. Complexul educa\u021bional se va construi \u00een partea de nord a Bucure\u0219tiului \u00eentre P\u0103durea B\u0103neasa, P\u0103durea Tunari \u0219i Aleea Tei\u0219ani pe un teren donat Consiliului [&hellip;]<\/p>\n","protected":false},"author":55,"featured_media":82213,"comment_status":"closed","ping_status":"open","sticky":false,"template":"","format":"standard","meta":{"_acf_changed":false,"inline_featured_image":false,"ngg_post_thumbnail":0,"footnotes":""},"categories":[6994,3421,5762,24],"tags":[2645,11036,10896,11037,269,11038,512,11035],"ppma_author":[22573],"class_list":["post-82186","post","type-post","status-publish","format-standard","has-post-thumbnail","hentry","category-stiri-2","category-educatie","category-main","category-primarie","tag-consilieri-generali","tag-gradinta-in-cartierul-greenfield","tag-greenfield-scandal-drum-acces","tag-invatamant-de-stat","tag-primaria-sectorului-1","tag-probleme-de-acces-greenfield","tag-romsilva","tag-scoala-in-cartierul-greenfield"],"acf":[],"yoast_head":"<!-- This site is optimized with the Yoast SEO Premium plugin v25.3 (Yoast SEO v27.5) - https:\/\/yoast.com\/product\/yoast-seo-premium-wordpress\/ -->\n<title>Sector 1 | \u00cenv\u0103\u021b\u0103m\u00e2nt de stat \u00een Greenfield. Prim\u0103ria a semnat \u00een prag de alegeri contractul pentru complexul educa\u021bional promis din 2021 - Buletin de Bucure\u0219ti<\/title>\n<meta name=\"robots\" content=\"index, follow, max-snippet:-1, max-image-preview:large, max-video-preview:-1\" \/>\n<link rel=\"canonical\" href=\"https:\/\/buletin.de\/bucuresti\/sector-1-invatamant-de-stat-in-greenfield-primaria-a-semnat-in-prag-de-alegeri-contractul-pentru-complexul-educational-promis-din-2021\/\" \/>\n<meta property=\"og:locale\" content=\"en_GB\" \/>\n<meta property=\"og:type\" content=\"article\" \/>\n<meta property=\"og:title\" content=\"Sector 1 | \u00cenv\u0103\u021b\u0103m\u00e2nt de stat \u00een Greenfield. Prim\u0103ria a semnat \u00een prag de alegeri contractul pentru complexul educa\u021bional promis din 2021\" \/>\n<meta property=\"og:description\" content=\"Contractul pentru construirea complexului educa\u021bional din cartierul Greenfield a fost semnat vineri, 5 aprilie, anun\u021b\u0103 Clotilde Armand, Primarul Sectorului 1. \u00cen prezent, \u00een cartier, nu exist\u0103 nicio institu\u021bie public\u0103 de \u00eenv\u0103\u021b\u0103m\u00e2nt. Complexul educa\u021bional se va construi \u00een partea de nord a Bucure\u0219tiului \u00eentre P\u0103durea B\u0103neasa, P\u0103durea Tunari \u0219i Aleea Tei\u0219ani pe un teren donat Consiliului [&hellip;]\" \/>\n<meta property=\"og:url\" content=\"https:\/\/buletin.de\/bucuresti\/sector-1-invatamant-de-stat-in-greenfield-primaria-a-semnat-in-prag-de-alegeri-contractul-pentru-complexul-educational-promis-din-2021\/\" \/>\n<meta property=\"og:site_name\" content=\"Buletin de Bucure\u0219ti\" \/>\n<meta property=\"article:publisher\" content=\"https:\/\/www.facebook.com\/buletin.de.buc\" \/>\n<meta property=\"article:published_time\" content=\"2024-04-07T04:41:38+00:00\" \/>\n<meta property=\"article:modified_time\" content=\"2024-04-07T11:30:05+00:00\" \/>\n<meta property=\"og:image\" content=\"https:\/\/buletin.de\/bucuresti\/wp-content\/uploads\/Scoala-Greenfield.jpg\" \/>\n\t<meta property=\"og:image:width\" content=\"1600\" \/>\n\t<meta property=\"og:image:height\" content=\"900\" \/>\n\t<meta property=\"og:image:type\" content=\"image\/jpeg\" \/>\n<meta name=\"author\" content=\"Andreea Tudor\" \/>\n<meta name=\"twitter:card\" content=\"summary_large_image\" \/>\n<meta name=\"twitter:label1\" content=\"Written by\" \/>\n\t<meta name=\"twitter:data1\" content=\"Andreea Tudor\" \/>\n\t<meta name=\"twitter:label2\" content=\"Estimated reading time\" \/>\n\t<meta name=\"twitter:data2\" content=\"4 minutes\" \/>\n<script type=\"application\/ld+json\" class=\"yoast-schema-graph\">{\"@context\":\"https:\\\/\\\/schema.org\",\"@graph\":[{\"@type\":\"Article\",\"@id\":\"https:\\\/\\\/buletin.de\\\/bucuresti\\\/sector-1-invatamant-de-stat-in-greenfield-primaria-a-semnat-in-prag-de-alegeri-contractul-pentru-complexul-educational-promis-din-2021\\\/#article\",\"isPartOf\":{\"@id\":\"https:\\\/\\\/buletin.de\\\/bucuresti\\\/sector-1-invatamant-de-stat-in-greenfield-primaria-a-semnat-in-prag-de-alegeri-contractul-pentru-complexul-educational-promis-din-2021\\\/\"},\"author\":{\"name\":\"Andreea Tudor\",\"@id\":\"https:\\\/\\\/buletin.de\\\/bucuresti\\\/#\\\/schema\\\/person\\\/150590659efde715459d159da012f501\"},\"headline\":\"Sector 1 | \u00cenv\u0103\u021b\u0103m\u00e2nt de stat \u00een Greenfield. Prim\u0103ria a semnat \u00een prag de alegeri contractul pentru complexul educa\u021bional promis din 2021\",\"datePublished\":\"2024-04-07T04:41:38+00:00\",\"dateModified\":\"2024-04-07T11:30:05+00:00\",\"mainEntityOfPage\":{\"@id\":\"https:\\\/\\\/buletin.de\\\/bucuresti\\\/sector-1-invatamant-de-stat-in-greenfield-primaria-a-semnat-in-prag-de-alegeri-contractul-pentru-complexul-educational-promis-din-2021\\\/\"},\"wordCount\":747,\"publisher\":{\"@id\":\"https:\\\/\\\/buletin.de\\\/bucuresti\\\/#organization\"},\"image\":{\"@id\":\"https:\\\/\\\/buletin.de\\\/bucuresti\\\/sector-1-invatamant-de-stat-in-greenfield-primaria-a-semnat-in-prag-de-alegeri-contractul-pentru-complexul-educational-promis-din-2021\\\/#primaryimage\"},\"thumbnailUrl\":\"https:\\\/\\\/buletin.de\\\/bucuresti\\\/wp-content\\\/uploads\\\/Scoala-Greenfield.jpg\",\"keywords\":[\"Consilieri Generali\",\"gradinta in cartierul Greenfield\",\"greenfield scandal drum acces\",\"invatamant de stat\",\"primaria sectorului 1\",\"probleme de acces Greenfield\",\"romsilva\",\"scoala in cartierul Greenfield\"],\"articleSection\":[\"Articole\",\"Educa\u021bie\",\"Main\",\"Prim\u0103rie\"],\"inLanguage\":\"en-GB\",\"copyrightYear\":\"2024\",\"copyrightHolder\":{\"@id\":\"https:\\\/\\\/buletin.de\\\/bucuresti\\\/#organization\"}},{\"@type\":\"WebPage\",\"@id\":\"https:\\\/\\\/buletin.de\\\/bucuresti\\\/sector-1-invatamant-de-stat-in-greenfield-primaria-a-semnat-in-prag-de-alegeri-contractul-pentru-complexul-educational-promis-din-2021\\\/\",\"url\":\"https:\\\/\\\/buletin.de\\\/bucuresti\\\/sector-1-invatamant-de-stat-in-greenfield-primaria-a-semnat-in-prag-de-alegeri-contractul-pentru-complexul-educational-promis-din-2021\\\/\",\"name\":\"Sector 1 | \u00cenv\u0103\u021b\u0103m\u00e2nt de stat \u00een Greenfield. Prim\u0103ria a semnat \u00een prag de alegeri contractul pentru complexul educa\u021bional promis din 2021 - Buletin de Bucure\u0219ti\",\"isPartOf\":{\"@id\":\"https:\\\/\\\/buletin.de\\\/bucuresti\\\/#website\"},\"primaryImageOfPage\":{\"@id\":\"https:\\\/\\\/buletin.de\\\/bucuresti\\\/sector-1-invatamant-de-stat-in-greenfield-primaria-a-semnat-in-prag-de-alegeri-contractul-pentru-complexul-educational-promis-din-2021\\\/#primaryimage\"},\"image\":{\"@id\":\"https:\\\/\\\/buletin.de\\\/bucuresti\\\/sector-1-invatamant-de-stat-in-greenfield-primaria-a-semnat-in-prag-de-alegeri-contractul-pentru-complexul-educational-promis-din-2021\\\/#primaryimage\"},\"thumbnailUrl\":\"https:\\\/\\\/buletin.de\\\/bucuresti\\\/wp-content\\\/uploads\\\/Scoala-Greenfield.jpg\",\"datePublished\":\"2024-04-07T04:41:38+00:00\",\"dateModified\":\"2024-04-07T11:30:05+00:00\",\"breadcrumb\":{\"@id\":\"https:\\\/\\\/buletin.de\\\/bucuresti\\\/sector-1-invatamant-de-stat-in-greenfield-primaria-a-semnat-in-prag-de-alegeri-contractul-pentru-complexul-educational-promis-din-2021\\\/#breadcrumb\"},\"inLanguage\":\"en-GB\",\"potentialAction\":[{\"@type\":\"ReadAction\",\"target\":[\"https:\\\/\\\/buletin.de\\\/bucuresti\\\/sector-1-invatamant-de-stat-in-greenfield-primaria-a-semnat-in-prag-de-alegeri-contractul-pentru-complexul-educational-promis-din-2021\\\/\"]}]},{\"@type\":\"ImageObject\",\"inLanguage\":\"en-GB\",\"@id\":\"https:\\\/\\\/buletin.de\\\/bucuresti\\\/sector-1-invatamant-de-stat-in-greenfield-primaria-a-semnat-in-prag-de-alegeri-contractul-pentru-complexul-educational-promis-din-2021\\\/#primaryimage\",\"url\":\"https:\\\/\\\/buletin.de\\\/bucuresti\\\/wp-content\\\/uploads\\\/Scoala-Greenfield.jpg\",\"contentUrl\":\"https:\\\/\\\/buletin.de\\\/bucuresti\\\/wp-content\\\/uploads\\\/Scoala-Greenfield.jpg\",\"width\":1600,\"height\":900,\"caption\":\"FOTO: FB\\\/ Clotilde Armand\"},{\"@type\":\"BreadcrumbList\",\"@id\":\"https:\\\/\\\/buletin.de\\\/bucuresti\\\/sector-1-invatamant-de-stat-in-greenfield-primaria-a-semnat-in-prag-de-alegeri-contractul-pentru-complexul-educational-promis-din-2021\\\/#breadcrumb\",\"itemListElement\":[{\"@type\":\"ListItem\",\"position\":1,\"name\":\"Acas\u0103\",\"item\":\"https:\\\/\\\/buletin.de\\\/bucuresti\\\/\"},{\"@type\":\"ListItem\",\"position\":2,\"name\":\"Sector 1 | \u00cenv\u0103\u021b\u0103m\u00e2nt de stat \u00een Greenfield. Prim\u0103ria a semnat \u00een prag de alegeri contractul pentru complexul educa\u021bional promis din 2021\"}]},{\"@type\":\"WebSite\",\"@id\":\"https:\\\/\\\/buletin.de\\\/bucuresti\\\/#website\",\"url\":\"https:\\\/\\\/buletin.de\\\/bucuresti\\\/\",\"name\":\"Buletin de Bucure\u0219ti\",\"description\":\"\u0218tiri \u0219i investiga\u021bii esen\u021biale din capital\u0103\",\"publisher\":{\"@id\":\"https:\\\/\\\/buletin.de\\\/bucuresti\\\/#organization\"},\"potentialAction\":[{\"@type\":\"SearchAction\",\"target\":{\"@type\":\"EntryPoint\",\"urlTemplate\":\"https:\\\/\\\/buletin.de\\\/bucuresti\\\/?s={search_term_string}\"},\"query-input\":{\"@type\":\"PropertyValueSpecification\",\"valueRequired\":true,\"valueName\":\"search_term_string\"}}],\"inLanguage\":\"en-GB\"},{\"@type\":\"Organization\",\"@id\":\"https:\\\/\\\/buletin.de\\\/bucuresti\\\/#organization\",\"name\":\"Buletin de Bucure\u0219ti\",\"url\":\"https:\\\/\\\/buletin.de\\\/bucuresti\\\/\",\"logo\":{\"@type\":\"ImageObject\",\"inLanguage\":\"en-GB\",\"@id\":\"https:\\\/\\\/buletin.de\\\/bucuresti\\\/#\\\/schema\\\/logo\\\/image\\\/\",\"url\":\"https:\\\/\\\/buletin.de\\\/bucuresti\\\/wp-content\\\/uploads\\\/logo-bdb-full-wide-vernil-transparent.png\",\"contentUrl\":\"https:\\\/\\\/buletin.de\\\/bucuresti\\\/wp-content\\\/uploads\\\/logo-bdb-full-wide-vernil-transparent.png\",\"width\":1782,\"height\":626,\"caption\":\"Buletin de Bucure\u0219ti\"},\"image\":{\"@id\":\"https:\\\/\\\/buletin.de\\\/bucuresti\\\/#\\\/schema\\\/logo\\\/image\\\/\"},\"sameAs\":[\"https:\\\/\\\/www.facebook.com\\\/buletin.de.buc\",\"https:\\\/\\\/www.instagram.com\\\/buletinde.bucuresti\\\/\"]},{\"@type\":\"Person\",\"@id\":\"https:\\\/\\\/buletin.de\\\/bucuresti\\\/#\\\/schema\\\/person\\\/150590659efde715459d159da012f501\",\"name\":\"Andreea Tudor\",\"image\":{\"@type\":\"ImageObject\",\"inLanguage\":\"en-GB\",\"@id\":\"https:\\\/\\\/secure.gravatar.com\\\/avatar\\\/a88705a186ab0b67f3349bcbced506c09e37256fbaad0e7f3bd1a79b4599f589?s=96&d=monsterid&r=g79290610aa1a65c2b86eebc2ca5aee8f\",\"url\":\"https:\\\/\\\/secure.gravatar.com\\\/avatar\\\/a88705a186ab0b67f3349bcbced506c09e37256fbaad0e7f3bd1a79b4599f589?s=96&d=monsterid&r=g\",\"contentUrl\":\"https:\\\/\\\/secure.gravatar.com\\\/avatar\\\/a88705a186ab0b67f3349bcbced506c09e37256fbaad0e7f3bd1a79b4599f589?s=96&d=monsterid&r=g\",\"caption\":\"Andreea Tudor\"},\"description\":\"N\u0103scut\u0103 \u0219i crescut\u0103 \u00een Bucure\u0219ti, sus\u021bin\u0103toare a presei independente. A\u0219a am ajuns redactor la Buletin de Bucure\u0219ti. Fiind eu, \u00eens\u0103mi, parte a sistemului de \u00eenv\u0103\u021b\u0103m\u00e2nt rom\u00e2nesc \u0219i pasionat\u0103 de domeniul social, pun sub lup\u0103 tot ceea ce se \u00eent\u00e2mpl\u0103 \u00een sfera educa\u021biei. Cred cu t\u0103rie c\u0103 presa \u201epentru cet\u0103\u021beni\u201d este presa independent\u0103. Oamenii au nevoie de o informare corect\u0103 pentru a \u00een\u021belege pe deplin ce se \u00eent\u00e2mpl\u0103 \u00een jurul lor \u0219i pentru a lua ac\u021biune \u00eempotriva nedrept\u0103\u021bilor.\",\"url\":\"https:\\\/\\\/buletin.de\\\/bucuresti\\\/author\\\/andreeatudor\\\/\"}]}<\/script>\n<!-- \/ Yoast SEO Premium plugin. -->","yoast_head_json":{"title":"Sector 1 | \u00cenv\u0103\u021b\u0103m\u00e2nt de stat \u00een Greenfield. Prim\u0103ria a semnat \u00een prag de alegeri contractul pentru complexul educa\u021bional promis din 2021 - Buletin de Bucure\u0219ti","robots":{"index":"index","follow":"follow","max-snippet":"max-snippet:-1","max-image-preview":"max-image-preview:large","max-video-preview":"max-video-preview:-1"},"canonical":"https:\/\/buletin.de\/bucuresti\/sector-1-invatamant-de-stat-in-greenfield-primaria-a-semnat-in-prag-de-alegeri-contractul-pentru-complexul-educational-promis-din-2021\/","og_locale":"en_GB","og_type":"article","og_title":"Sector 1 | \u00cenv\u0103\u021b\u0103m\u00e2nt de stat \u00een Greenfield. Prim\u0103ria a semnat \u00een prag de alegeri contractul pentru complexul educa\u021bional promis din 2021","og_description":"Contractul pentru construirea complexului educa\u021bional din cartierul Greenfield a fost semnat vineri, 5 aprilie, anun\u021b\u0103 Clotilde Armand, Primarul Sectorului 1. \u00cen prezent, \u00een cartier, nu exist\u0103 nicio institu\u021bie public\u0103 de \u00eenv\u0103\u021b\u0103m\u00e2nt. Complexul educa\u021bional se va construi \u00een partea de nord a Bucure\u0219tiului \u00eentre P\u0103durea B\u0103neasa, P\u0103durea Tunari \u0219i Aleea Tei\u0219ani pe un teren donat Consiliului [&hellip;]","og_url":"https:\/\/buletin.de\/bucuresti\/sector-1-invatamant-de-stat-in-greenfield-primaria-a-semnat-in-prag-de-alegeri-contractul-pentru-complexul-educational-promis-din-2021\/","og_site_name":"Buletin de Bucure\u0219ti","article_publisher":"https:\/\/www.facebook.com\/buletin.de.buc","article_published_time":"2024-04-07T04:41:38+00:00","article_modified_time":"2024-04-07T11:30:05+00:00","og_image":[{"width":1600,"height":900,"url":"https:\/\/buletin.de\/bucuresti\/wp-content\/uploads\/Scoala-Greenfield.jpg","type":"image\/jpeg"}],"author":"Andreea Tudor","twitter_card":"summary_large_image","twitter_misc":{"Written by":"Andreea Tudor","Estimated reading time":"4 minutes"},"schema":{"@context":"https:\/\/schema.org","@graph":[{"@type":"Article","@id":"https:\/\/buletin.de\/bucuresti\/sector-1-invatamant-de-stat-in-greenfield-primaria-a-semnat-in-prag-de-alegeri-contractul-pentru-complexul-educational-promis-din-2021\/#article","isPartOf":{"@id":"https:\/\/buletin.de\/bucuresti\/sector-1-invatamant-de-stat-in-greenfield-primaria-a-semnat-in-prag-de-alegeri-contractul-pentru-complexul-educational-promis-din-2021\/"},"author":{"name":"Andreea Tudor","@id":"https:\/\/buletin.de\/bucuresti\/#\/schema\/person\/150590659efde715459d159da012f501"},"headline":"Sector 1 | \u00cenv\u0103\u021b\u0103m\u00e2nt de stat \u00een Greenfield. Prim\u0103ria a semnat \u00een prag de alegeri contractul pentru complexul educa\u021bional promis din 2021","datePublished":"2024-04-07T04:41:38+00:00","dateModified":"2024-04-07T11:30:05+00:00","mainEntityOfPage":{"@id":"https:\/\/buletin.de\/bucuresti\/sector-1-invatamant-de-stat-in-greenfield-primaria-a-semnat-in-prag-de-alegeri-contractul-pentru-complexul-educational-promis-din-2021\/"},"wordCount":747,"publisher":{"@id":"https:\/\/buletin.de\/bucuresti\/#organization"},"image":{"@id":"https:\/\/buletin.de\/bucuresti\/sector-1-invatamant-de-stat-in-greenfield-primaria-a-semnat-in-prag-de-alegeri-contractul-pentru-complexul-educational-promis-din-2021\/#primaryimage"},"thumbnailUrl":"https:\/\/buletin.de\/bucuresti\/wp-content\/uploads\/Scoala-Greenfield.jpg","keywords":["Consilieri Generali","gradinta in cartierul Greenfield","greenfield scandal drum acces","invatamant de stat","primaria sectorului 1","probleme de acces Greenfield","romsilva","scoala in cartierul Greenfield"],"articleSection":["Articole","Educa\u021bie","Main","Prim\u0103rie"],"inLanguage":"en-GB","copyrightYear":"2024","copyrightHolder":{"@id":"https:\/\/buletin.de\/bucuresti\/#organization"}},{"@type":"WebPage","@id":"https:\/\/buletin.de\/bucuresti\/sector-1-invatamant-de-stat-in-greenfield-primaria-a-semnat-in-prag-de-alegeri-contractul-pentru-complexul-educational-promis-din-2021\/","url":"https:\/\/buletin.de\/bucuresti\/sector-1-invatamant-de-stat-in-greenfield-primaria-a-semnat-in-prag-de-alegeri-contractul-pentru-complexul-educational-promis-din-2021\/","name":"Sector 1 | \u00cenv\u0103\u021b\u0103m\u00e2nt de stat \u00een Greenfield. Prim\u0103ria a semnat \u00een prag de alegeri contractul pentru complexul educa\u021bional promis din 2021 - Buletin de Bucure\u0219ti","isPartOf":{"@id":"https:\/\/buletin.de\/bucuresti\/#website"},"primaryImageOfPage":{"@id":"https:\/\/buletin.de\/bucuresti\/sector-1-invatamant-de-stat-in-greenfield-primaria-a-semnat-in-prag-de-alegeri-contractul-pentru-complexul-educational-promis-din-2021\/#primaryimage"},"image":{"@id":"https:\/\/buletin.de\/bucuresti\/sector-1-invatamant-de-stat-in-greenfield-primaria-a-semnat-in-prag-de-alegeri-contractul-pentru-complexul-educational-promis-din-2021\/#primaryimage"},"thumbnailUrl":"https:\/\/buletin.de\/bucuresti\/wp-content\/uploads\/Scoala-Greenfield.jpg","datePublished":"2024-04-07T04:41:38+00:00","dateModified":"2024-04-07T11:30:05+00:00","breadcrumb":{"@id":"https:\/\/buletin.de\/bucuresti\/sector-1-invatamant-de-stat-in-greenfield-primaria-a-semnat-in-prag-de-alegeri-contractul-pentru-complexul-educational-promis-din-2021\/#breadcrumb"},"inLanguage":"en-GB","potentialAction":[{"@type":"ReadAction","target":["https:\/\/buletin.de\/bucuresti\/sector-1-invatamant-de-stat-in-greenfield-primaria-a-semnat-in-prag-de-alegeri-contractul-pentru-complexul-educational-promis-din-2021\/"]}]},{"@type":"ImageObject","inLanguage":"en-GB","@id":"https:\/\/buletin.de\/bucuresti\/sector-1-invatamant-de-stat-in-greenfield-primaria-a-semnat-in-prag-de-alegeri-contractul-pentru-complexul-educational-promis-din-2021\/#primaryimage","url":"https:\/\/buletin.de\/bucuresti\/wp-content\/uploads\/Scoala-Greenfield.jpg","contentUrl":"https:\/\/buletin.de\/bucuresti\/wp-content\/uploads\/Scoala-Greenfield.jpg","width":1600,"height":900,"caption":"FOTO: FB\/ Clotilde Armand"},{"@type":"BreadcrumbList","@id":"https:\/\/buletin.de\/bucuresti\/sector-1-invatamant-de-stat-in-greenfield-primaria-a-semnat-in-prag-de-alegeri-contractul-pentru-complexul-educational-promis-din-2021\/#breadcrumb","itemListElement":[{"@type":"ListItem","position":1,"name":"Acas\u0103","item":"https:\/\/buletin.de\/bucuresti\/"},{"@type":"ListItem","position":2,"name":"Sector 1 | \u00cenv\u0103\u021b\u0103m\u00e2nt de stat \u00een Greenfield. Prim\u0103ria a semnat \u00een prag de alegeri contractul pentru complexul educa\u021bional promis din 2021"}]},{"@type":"WebSite","@id":"https:\/\/buletin.de\/bucuresti\/#website","url":"https:\/\/buletin.de\/bucuresti\/","name":"Buletin de Bucure\u0219ti","description":"\u0218tiri \u0219i investiga\u021bii esen\u021biale din capital\u0103","publisher":{"@id":"https:\/\/buletin.de\/bucuresti\/#organization"},"potentialAction":[{"@type":"SearchAction","target":{"@type":"EntryPoint","urlTemplate":"https:\/\/buletin.de\/bucuresti\/?s={search_term_string}"},"query-input":{"@type":"PropertyValueSpecification","valueRequired":true,"valueName":"search_term_string"}}],"inLanguage":"en-GB"},{"@type":"Organization","@id":"https:\/\/buletin.de\/bucuresti\/#organization","name":"Buletin de Bucure\u0219ti","url":"https:\/\/buletin.de\/bucuresti\/","logo":{"@type":"ImageObject","inLanguage":"en-GB","@id":"https:\/\/buletin.de\/bucuresti\/#\/schema\/logo\/image\/","url":"https:\/\/buletin.de\/bucuresti\/wp-content\/uploads\/logo-bdb-full-wide-vernil-transparent.png","contentUrl":"https:\/\/buletin.de\/bucuresti\/wp-content\/uploads\/logo-bdb-full-wide-vernil-transparent.png","width":1782,"height":626,"caption":"Buletin de Bucure\u0219ti"},"image":{"@id":"https:\/\/buletin.de\/bucuresti\/#\/schema\/logo\/image\/"},"sameAs":["https:\/\/www.facebook.com\/buletin.de.buc","https:\/\/www.instagram.com\/buletinde.bucuresti\/"]},{"@type":"Person","@id":"https:\/\/buletin.de\/bucuresti\/#\/schema\/person\/150590659efde715459d159da012f501","name":"Andreea Tudor","image":{"@type":"ImageObject","inLanguage":"en-GB","@id":"https:\/\/secure.gravatar.com\/avatar\/a88705a186ab0b67f3349bcbced506c09e37256fbaad0e7f3bd1a79b4599f589?s=96&d=monsterid&r=g79290610aa1a65c2b86eebc2ca5aee8f","url":"https:\/\/secure.gravatar.com\/avatar\/a88705a186ab0b67f3349bcbced506c09e37256fbaad0e7f3bd1a79b4599f589?s=96&d=monsterid&r=g","contentUrl":"https:\/\/secure.gravatar.com\/avatar\/a88705a186ab0b67f3349bcbced506c09e37256fbaad0e7f3bd1a79b4599f589?s=96&d=monsterid&r=g","caption":"Andreea Tudor"},"description":"N\u0103scut\u0103 \u0219i crescut\u0103 \u00een Bucure\u0219ti, sus\u021bin\u0103toare a presei independente. A\u0219a am ajuns redactor la Buletin de Bucure\u0219ti. Fiind eu, \u00eens\u0103mi, parte a sistemului de \u00eenv\u0103\u021b\u0103m\u00e2nt rom\u00e2nesc \u0219i pasionat\u0103 de domeniul social, pun sub lup\u0103 tot ceea ce se \u00eent\u00e2mpl\u0103 \u00een sfera educa\u021biei. Cred cu t\u0103rie c\u0103 presa \u201epentru cet\u0103\u021beni\u201d este presa independent\u0103. Oamenii au nevoie de o informare corect\u0103 pentru a \u00een\u021belege pe deplin ce se \u00eent\u00e2mpl\u0103 \u00een jurul lor \u0219i pentru a lua ac\u021biune \u00eempotriva nedrept\u0103\u021bilor.","url":"https:\/\/buletin.de\/bucuresti\/author\/andreeatudor\/"}]}},"authors":[{"term_id":22573,"user_id":55,"is_guest":0,"slug":"andreeatudor","display_name":"Andreea Tudor","avatar_url":"https:\/\/secure.gravatar.com\/avatar\/a88705a186ab0b67f3349bcbced506c09e37256fbaad0e7f3bd1a79b4599f589?s=96&d=monsterid&r=g","0":null,"1":"","2":"","3":"","4":"","5":"","6":"","7":"","8":""}],"_links":{"self":[{"href":"https:\/\/buletin.de\/bucuresti\/wp-json\/wp\/v2\/posts\/82186","targetHints":{"allow":["GET"]}}],"collection":[{"href":"https:\/\/buletin.de\/bucuresti\/wp-json\/wp\/v2\/posts"}],"about":[{"href":"https:\/\/buletin.de\/bucuresti\/wp-json\/wp\/v2\/types\/post"}],"author":[{"embeddable":true,"href":"https:\/\/buletin.de\/bucuresti\/wp-json\/wp\/v2\/users\/55"}],"replies":[{"embeddable":true,"href":"https:\/\/buletin.de\/bucuresti\/wp-json\/wp\/v2\/comments?post=82186"}],"version-history":[{"count":7,"href":"https:\/\/buletin.de\/bucuresti\/wp-json\/wp\/v2\/posts\/82186\/revisions"}],"predecessor-version":[{"id":82295,"href":"https:\/\/buletin.de\/bucuresti\/wp-json\/wp\/v2\/posts\/82186\/revisions\/82295"}],"wp:featuredmedia":[{"embeddable":true,"href":"https:\/\/buletin.de\/bucuresti\/wp-json\/wp\/v2\/media\/82213"}],"wp:attachment":[{"href":"https:\/\/buletin.de\/bucuresti\/wp-json\/wp\/v2\/media?parent=82186"}],"wp:term":[{"taxonomy":"category","embeddable":true,"href":"https:\/\/buletin.de\/bucuresti\/wp-json\/wp\/v2\/categories?post=82186"},{"taxonomy":"post_tag","embeddable":true,"href":"https:\/\/buletin.de\/bucuresti\/wp-json\/wp\/v2\/tags?post=82186"},{"taxonomy":"author","embeddable":true,"href":"https:\/\/buletin.de\/bucuresti\/wp-json\/wp\/v2\/ppma_author?post=82186"}],"curies":[{"name":"wp","href":"https:\/\/api.w.org\/{rel}","templated":true}]}}