{"id":82034,"date":"2024-04-04T14:25:52","date_gmt":"2024-04-04T11:25:52","guid":{"rendered":"https:\/\/buletin.de\/bucuresti\/?p=82034"},"modified":"2024-04-05T07:37:43","modified_gmt":"2024-04-05T04:37:43","slug":"redactia-buletin-de-bucuresti-nominalizata-cu-sase-articole-la-premiile-superscrieri","status":"publish","type":"post","link":"https:\/\/buletin.de\/bucuresti\/redactia-buletin-de-bucuresti-nominalizata-cu-sase-articole-la-premiile-superscrieri\/","title":{"rendered":"Redac\u021bia Buletin de Bucure\u0219ti, nominalizat\u0103 de \u0219ase ori la Premiile Superscrieri"},"content":{"rendered":"\n<p><strong>Nominaliz\u0103rile pentru Premiile Superscrieri, edi\u021bia a XIII-a, au fost anun\u021bate \u00een cursul zilei de joi, iar redac\u021bia Buletin de Bucure\u0219ti particip\u0103 cu \u0219ase articole\/serii, publicate \u00een perioada iunie-decembrie 2023, semnate de jurnali\u0219tii <a href=\"https:\/\/buletin.de\/bucuresti\/author\/biancaalbu\/\">Bianca Albu<\/a>, <a href=\"https:\/\/buletin.de\/bucuresti\/author\/adinacapilnean\/\">Adina C\u0103p\u00eelnean<\/a> \u0219i <a href=\"https:\/\/buletin.de\/bucuresti\/author\/florinrasteiu\/\">Florin R\u00e2\u0219teiu<\/a>. Articole precum seria <a href=\"https:\/\/buletin.de\/bucuresti\/egalitatea-de-sanse-gestionata-din-guvern-de-sfanta-gabriela-cea-viteaza-business-de-aur-pe-bani-publici-pentru-apropiatii-ei\/\">\u201eazilele groazei\u201c<\/a>, <a href=\"https:\/\/buletin.de\/bucuresti\/afacerea-cu-jilturi-bisericesti-de-la-catedrala-din-voluntari-strane-de-top-patinate-auriu-de-1-000-de-euro-bucata-producator-ne-intalnim-mai-punem-ceva-peste-ii-alb\/\">afacerea cu jil\u021buri biserice\u0219ti de la Catedrala din Voluntari<\/a> sau analiza despre <a href=\"https:\/\/buletin.de\/bucuresti\/analiza-drogurile-din-scolile-si-liceele-capitalei-problema-care-nu-exista-si-populismul-ciclic-al-politicienilor\/\">drogurile din \u0219colile \u0219i liceele Capitalei<\/a> se afl\u0103 pe lista cu selec\u021biile privind cele mai bune articole de pres\u0103 publicate \u00een 2023. C\u00e2\u0219tig\u0103torii vor fi anun\u021ba\u021bi \u00een cadrul Galei Superscrieri, din luna mai. At\u00e2t premiile c\u00e2t \u0219i gala sunt g\u0103zduite de <a href=\"https:\/\/www.ffff.ro\/premiile-superscrieri-2\/nominalizarile-premiilor-superscrieri-13-voteaza-materialul-preferat\/\">Funda\u021bia Friends For Friends. <\/a><\/strong><\/p>\n\n\n\n<p>Anul acesta, 47 de materiale (pres\u0103 scris\u0103, audio, video, foto, dar \u0219i alte pove\u0219ti \u00een spirit civic) au fost selectate, \u00een urma \u00eenscrierilor, de un juriu format din 25 speciali\u0219ti din media.  <\/p>\n\n\n\n<blockquote class=\"wp-block-quote is-layout-flow wp-block-quote-is-layout-flow\">\n<p class=\"has-medium-font-size\"><em>\u201eSunt de num\u0103rat pe degete anii \u00een care jurnalismul de investiga\u021bie rom\u00e2nesc a reu\u0219it s\u0103 zguduie guvernul, d\u00e2nd jos un membru al cabinetului. 2023 a fost un astfel de an \u2013 iar de c\u0103zut, au c\u0103zut chiar doi mini\u0219tri, nu doar unul. Strict contabil, a\u0219a ceva s-ar califica automat ca un an de impact major pentru media.<\/em>\u201c<\/p>\n<cite>Vlad Stoicescu, pre\u0219edintele juriului Superscrieri, jurnalist Dela0, S\u0103 fie lumin\u0103, Judecata de Acum<\/cite><\/blockquote>\n\n\n\n<p>Organizatorii au anun\u021bat c\u0103 invit\u0103 publicul s\u0103 voteze materialul preferat dintre cele 47 de nominaliz\u0103ri \u0219i, totodat\u0103, s\u0103 contribuie cu o dona\u021bie pentru acest premiu special \u00een valoare de 3000 de euro.<\/p>\n\n\n\n<p>Nominaliz\u0103rile edi\u021biei pot fi votate p\u00e2n\u0103 pe 10 mai, <strong><a href=\"https:\/\/forms.gle\/HfsKDs8dVHh3Vo3o9\">aici<\/a><\/strong>, iar dona\u021biile pot fi f\u0103cute pe link-ul de <strong><a href=\"https:\/\/www.ffff.ro\/doneaza\/\">aici<\/a><\/strong>. <\/p>\n\n\n\n<h2 class=\"wp-block-heading\"><strong>Cele \u0219ase nominaliz\u0103ri ale jurnali\u0219tilor Buletin de Bucure\u0219ti<\/strong><\/h2>\n\n\n\n<p><strong>Categoria Investiga\u021bii: <\/strong><\/p>\n\n\n\n<p>Seria \u201eAzilele groazei\u201d \u2013&nbsp;<a href=\"https:\/\/buletin.de\/bucuresti\/egalitatea-de-sanse-gestionata-din-guvern-de-sfanta-gabriela-cea-viteaza-business-de-aur-pe-bani-publici-pentru-apropiatii-ei\/\">ep 1<\/a>,&nbsp;<a href=\"https:\/\/buletin.de\/bucuresti\/armonia-sfantului-gabriel-cel-viteaz-plosnite-si-miros-de-urina-si-fecale\/\">ep 2<\/a>,&nbsp;<a href=\"https:\/\/buletin.de\/bucuresti\/lagarele-cristinei\/\">ep 3<\/a>,&nbsp;<a href=\"https:\/\/buletin.de\/bucuresti\/lagarele-ilfovului-cand-e-sora-langa-sora\/\">ep 4&nbsp;<\/a>+ seria de follow-up \u201eTo\u021bi \u0219tiau\u201d&nbsp;<a href=\"https:\/\/buletin.de\/bucuresti\/toti-stiau-episodul-1-primaria-voluntari\/\">ep 1<\/a>,&nbsp;<a href=\"https:\/\/buletin.de\/bucuresti\/toti-stiau-episodul-2-nela-vica-andries-sora-gabrielei-firea-a-fost-sefa-unui-serviciu-care-a-facut-sapte-anchete-in-caminele-groazei-cat-timp-ea-a-lucrat-la-directie\/\">ep 2<\/a>,&nbsp;<a href=\"https:\/\/buletin.de\/bucuresti\/toti-stiau-episodul-3-minciuna-lui-budai\/\">ep 3<\/a>,&nbsp;<a href=\"https:\/\/buletin.de\/bucuresti\/toti-stiau-episodul-4-guvernul-psd-pnl-varianta-de-ilfov\/\">ep 4<\/a>,&nbsp;<a href=\"https:\/\/buletin.de\/bucuresti\/soferul-godei-ales-de-primarita-firea-sa-o-insoteasca-intr-o-delegatie-oficiala-de-sase-zile-la-madrid\/\">ep 5<\/a>&nbsp;\u2013 Ovidiu Vanghele (<a href=\"https:\/\/www.investigatiimedia.ro\/\">Centrul de Investiga\u021bii Media<\/a>), <a href=\"https:\/\/buletin.de\/bucuresti\/author\/biancaalbu\/\">Bianca Albu<\/a> (Buletin de Bucure\u0219ti). <\/p>\n\n\n\n<p><strong>Categoria Debut jurnalistic: <\/strong><\/p>\n\n\n\n<p><a href=\"https:\/\/buletin.de\/bucuresti\/treningurile-si-uniformele-pentru-elevii-din-voluntari-stantate-cu-institutia-primarului-cumparate-de-la-o-firma-cu-un-singur-angajat-legaturile-cu-clanurile-pol\/\" target=\"_blank\" rel=\"noreferrer noopener\">Treningurile \u0219i uniformele pentru elevii din Voluntari, \u0219tan\u021bate cu \u201eInstitu\u021bia Primarului\u201d, cump\u0103rate de la o firm\u0103 cu un singur angajat. Leg\u0103turile cu \u201eclanurile\u201d politice din Ilfov \u0219i lumea manelelor<\/a>&nbsp;&#8211; <a href=\"https:\/\/buletin.de\/bucuresti\/author\/florinrasteiu\/\">Florin R\u00e2\u0219teiu<\/a><\/p>\n\n\n\n<p><strong>Categoria Pres\u0103 local\u0103: <\/strong><\/p>\n\n\n\n<ul class=\"wp-block-list\">\n<li><a href=\"https:\/\/buletin.de\/bucuresti\/afacerea-cu-jilturi-bisericesti-de-la-catedrala-din-voluntari-strane-de-top-patinate-auriu-de-1-000-de-euro-bucata-producator-ne-intalnim-mai-punem-ceva-peste-ii-alb\/\" target=\"_blank\" rel=\"noreferrer noopener\">Afacerea cu jil\u021buri biserice\u0219ti de la Catedrala din Voluntari | Strane de top, \u201epatinate auriu\u201d, de 1.000 de euro bucata. Produc\u0103tor: \u201eNe \u00eent\u00e2lnim, mai punem ceva peste, \u00eei albim, \u0103sta-i cash-ul!\u201d<\/a>\u2013 <a href=\"https:\/\/buletin.de\/bucuresti\/author\/florinrasteiu\/\">Florin R\u00e2\u0219teiu<\/a> <\/li>\n\n\n\n<li><a href=\"https:\/\/buletin.de\/bucuresti\/harta-interactiva-595-dintre-statiile-gpl-si-de-carburanti-din-bucuresti-sunt-surse-de-risc-pentru-incendiu\/\" target=\"_blank\" rel=\"noreferrer noopener\">HART\u0102 INTERACTIV\u0102 | 59,5% dintre sta\u021biile GPL \u0219i de carburan\u021bi din Bucure\u0219ti sunt \u201esurse de risc pentru incendiu\u201c<\/a>\u00a0\u2013 <a href=\"https:\/\/buletin.de\/bucuresti\/author\/florinrasteiu\/\">Florin R\u00e2\u0219teiu<\/a><\/li>\n\n\n\n<li>serie: EPISODUL 1&nbsp;<a href=\"https:\/\/buletin.de\/bucuresti\/jaful-de-la-centrul-fantoma-al-primariei-generale-hotel-in-bran-vila-la-bragadiru-vacante-si-masini-de-lux-cu-bani-scosi-la-sacosa-din-centrul-de-protectie-a-pl\/\" target=\"_blank\" rel=\"noreferrer noopener\">| Jaful de la Centrul \u201efantom\u0103\u201d al Prim\u0103riei Generale | Hotel la Bran, vil\u0103 \u00een Bragadiru, vacan\u021be \u0219i ma\u0219ini de lux cu bani \u201esco\u0219i la saco\u0219\u0103\u201d din Centrul de Protec\u021bie a Plantelor Bucure\u0219ti<\/a>&nbsp;\/\/ EPISODUL 2 |&nbsp;<a href=\"https:\/\/buletin.de\/bucuresti\/oamenii-jafului-de-la-institutia-fantoma-a-primariei-generale-lucreaza-noaptea-functionar-sa-ma-ingrop-cu-banii-in-buzunar\/\" target=\"_blank\" rel=\"noreferrer noopener\">Oamenii jafului de la institu\u021bia \u201efantom\u0103\u201c a Prim\u0103riei Generale \u201elucreaz\u0103\u201c noaptea<\/a>&nbsp;\u2013 <a href=\"https:\/\/buletin.de\/bucuresti\/author\/florinrasteiu\/\">Florin R\u00e2\u0219teiu<\/a> <\/li>\n<\/ul>\n\n\n\n<p><strong>Categoria Opinie: <\/strong><\/p>\n\n\n\n<p><a href=\"https:\/\/buletin.de\/bucuresti\/analiza-drogurile-din-scolile-si-liceele-capitalei-problema-care-nu-exista-si-populismul-ciclic-al-politicienilor\/\" target=\"_blank\" rel=\"noreferrer noopener\">Analiz\u0103 | Drogurile din \u0219colile \u0219i liceele Capitalei: problema \u201ecare nu exist\u0103\u201d \u0219i populismul ciclic al politicienilor<\/a>&nbsp;\u2013 <a href=\"https:\/\/buletin.de\/bucuresti\/author\/adinacapilnean\/\">Adina C\u0103p\u00eelnean <\/a><\/p>\n\n\n\n<p>Premiile Superscrieri reprezint\u0103 o ini\u021biativ\u0103 independent\u0103 lansat\u0103 \u00een 2011 de Funda\u021bia Friends for Friends \u0219i a fost  posibil\u0103 doar cu sprijinul unor companii care \u00ee\u0219i asum\u0103 sus\u021binerea unei prese de calitate, precum partenerii de cre\u0219tere Bitdefender, Kaufland Rom\u00e2nia, BRD \u2013 Groupe Soci\u00e9t\u00e9 G\u00e9n\u00e9rale, FAN Courier, \u00eempreun\u0103 cu sus\u021binerea sponsorilor de categorie: Ethical Media Alliance, Povestela, Humane Society International \u2013 Europe, DiFine PR, PPC Energy Services.<\/p>\n","protected":false},"excerpt":{"rendered":"<p>Nominaliz\u0103rile pentru Premiile Superscrieri, edi\u021bia a XIII-a, au fost anun\u021bate \u00een cursul zilei de joi, iar redac\u021bia Buletin de Bucure\u0219ti particip\u0103 cu \u0219ase articole\/serii, publicate \u00een perioada iunie-decembrie 2023, semnate de jurnali\u0219tii Bianca Albu, Adina C\u0103p\u00eelnean \u0219i Florin R\u00e2\u0219teiu. Articole precum seria \u201eazilele groazei\u201c, afacerea cu jil\u021buri biserice\u0219ti de la Catedrala din Voluntari sau analiza [&hellip;]<\/p>\n","protected":false},"author":1,"featured_media":82067,"comment_status":"closed","ping_status":"open","sticky":false,"template":"","format":"standard","meta":{"_acf_changed":false,"inline_featured_image":false,"ngg_post_thumbnail":0,"footnotes":""},"categories":[6994,5762],"tags":[10993,10991,10992,10994,3253,10990],"ppma_author":[22583],"class_list":["post-82034","post","type-post","status-publish","format-standard","has-post-thumbnail","hentry","category-stiri-2","category-main","tag-buletin-de-bucuresti-2","tag-fundatia-friends-for-friends","tag-gala","tag-nominalizari","tag-premii","tag-premiile-superscrieri"],"acf":[],"yoast_head":"<!-- This site is optimized with the Yoast SEO Premium plugin v25.3 (Yoast SEO v27.4) - https:\/\/yoast.com\/product\/yoast-seo-premium-wordpress\/ -->\n<title>Redac\u021bia Buletin de Bucure\u0219ti, nominalizat\u0103 de \u0219ase ori la Premiile Superscrieri - Buletin de Bucure\u0219ti<\/title>\n<meta name=\"robots\" content=\"index, follow, max-snippet:-1, max-image-preview:large, max-video-preview:-1\" \/>\n<link rel=\"canonical\" href=\"https:\/\/buletin.de\/bucuresti\/redactia-buletin-de-bucuresti-nominalizata-cu-sase-articole-la-premiile-superscrieri\/\" \/>\n<meta property=\"og:locale\" content=\"en_GB\" \/>\n<meta property=\"og:type\" content=\"article\" \/>\n<meta property=\"og:title\" content=\"Redac\u021bia Buletin de Bucure\u0219ti, nominalizat\u0103 de \u0219ase ori la Premiile Superscrieri\" \/>\n<meta property=\"og:description\" content=\"Nominaliz\u0103rile pentru Premiile Superscrieri, edi\u021bia a XIII-a, au fost anun\u021bate \u00een cursul zilei de joi, iar redac\u021bia Buletin de Bucure\u0219ti particip\u0103 cu \u0219ase articole\/serii, publicate \u00een perioada iunie-decembrie 2023, semnate de jurnali\u0219tii Bianca Albu, Adina C\u0103p\u00eelnean \u0219i Florin R\u00e2\u0219teiu. Articole precum seria \u201eazilele groazei\u201c, afacerea cu jil\u021buri biserice\u0219ti de la Catedrala din Voluntari sau analiza [&hellip;]\" \/>\n<meta property=\"og:url\" content=\"https:\/\/buletin.de\/bucuresti\/redactia-buletin-de-bucuresti-nominalizata-cu-sase-articole-la-premiile-superscrieri\/\" \/>\n<meta property=\"og:site_name\" content=\"Buletin de Bucure\u0219ti\" \/>\n<meta property=\"article:publisher\" content=\"https:\/\/www.facebook.com\/buletin.de.buc\" \/>\n<meta property=\"article:published_time\" content=\"2024-04-04T11:25:52+00:00\" \/>\n<meta property=\"article:modified_time\" content=\"2024-04-05T04:37:43+00:00\" \/>\n<meta property=\"og:image\" content=\"https:\/\/buletin.de\/bucuresti\/wp-content\/uploads\/ffff.jpg\" \/>\n\t<meta property=\"og:image:width\" content=\"1749\" \/>\n\t<meta property=\"og:image:height\" content=\"1036\" \/>\n\t<meta property=\"og:image:type\" content=\"image\/jpeg\" \/>\n<meta name=\"author\" content=\"Redac\u021bia Buletin de Bucure\u0219ti\" \/>\n<meta name=\"twitter:card\" content=\"summary_large_image\" \/>\n<meta name=\"twitter:label1\" content=\"Written by\" \/>\n\t<meta name=\"twitter:data1\" content=\"Redac\u021bia Buletin de Bucure\u0219ti\" \/>\n\t<meta name=\"twitter:label2\" content=\"Estimated reading time\" \/>\n\t<meta name=\"twitter:data2\" content=\"3 minutes\" \/>\n<script type=\"application\/ld+json\" class=\"yoast-schema-graph\">{\"@context\":\"https:\\\/\\\/schema.org\",\"@graph\":[{\"@type\":\"Article\",\"@id\":\"https:\\\/\\\/buletin.de\\\/bucuresti\\\/redactia-buletin-de-bucuresti-nominalizata-cu-sase-articole-la-premiile-superscrieri\\\/#article\",\"isPartOf\":{\"@id\":\"https:\\\/\\\/buletin.de\\\/bucuresti\\\/redactia-buletin-de-bucuresti-nominalizata-cu-sase-articole-la-premiile-superscrieri\\\/\"},\"author\":{\"name\":\"Redac\u021bia Buletin de Bucure\u0219ti\",\"@id\":\"https:\\\/\\\/buletin.de\\\/bucuresti\\\/#\\\/schema\\\/person\\\/2bbcf854e5f2419a13804af574d06ab1\"},\"headline\":\"Redac\u021bia Buletin de Bucure\u0219ti, nominalizat\u0103 de \u0219ase ori la Premiile Superscrieri\",\"datePublished\":\"2024-04-04T11:25:52+00:00\",\"dateModified\":\"2024-04-05T04:37:43+00:00\",\"mainEntityOfPage\":{\"@id\":\"https:\\\/\\\/buletin.de\\\/bucuresti\\\/redactia-buletin-de-bucuresti-nominalizata-cu-sase-articole-la-premiile-superscrieri\\\/\"},\"wordCount\":611,\"publisher\":{\"@id\":\"https:\\\/\\\/buletin.de\\\/bucuresti\\\/#organization\"},\"image\":{\"@id\":\"https:\\\/\\\/buletin.de\\\/bucuresti\\\/redactia-buletin-de-bucuresti-nominalizata-cu-sase-articole-la-premiile-superscrieri\\\/#primaryimage\"},\"thumbnailUrl\":\"https:\\\/\\\/buletin.de\\\/bucuresti\\\/wp-content\\\/uploads\\\/ffff.jpg\",\"keywords\":[\"Buletin de Bucure\u0219ti\",\"Funda\u021bia friends for friends\",\"gala\",\"nominaliz\u0103ri\",\"premii\",\"Premiile Superscrieri\"],\"articleSection\":[\"Articole\",\"Main\"],\"inLanguage\":\"en-GB\",\"copyrightYear\":\"2024\",\"copyrightHolder\":{\"@id\":\"https:\\\/\\\/buletin.de\\\/bucuresti\\\/#organization\"}},{\"@type\":\"WebPage\",\"@id\":\"https:\\\/\\\/buletin.de\\\/bucuresti\\\/redactia-buletin-de-bucuresti-nominalizata-cu-sase-articole-la-premiile-superscrieri\\\/\",\"url\":\"https:\\\/\\\/buletin.de\\\/bucuresti\\\/redactia-buletin-de-bucuresti-nominalizata-cu-sase-articole-la-premiile-superscrieri\\\/\",\"name\":\"Redac\u021bia Buletin de Bucure\u0219ti, nominalizat\u0103 de \u0219ase ori la Premiile Superscrieri - Buletin de Bucure\u0219ti\",\"isPartOf\":{\"@id\":\"https:\\\/\\\/buletin.de\\\/bucuresti\\\/#website\"},\"primaryImageOfPage\":{\"@id\":\"https:\\\/\\\/buletin.de\\\/bucuresti\\\/redactia-buletin-de-bucuresti-nominalizata-cu-sase-articole-la-premiile-superscrieri\\\/#primaryimage\"},\"image\":{\"@id\":\"https:\\\/\\\/buletin.de\\\/bucuresti\\\/redactia-buletin-de-bucuresti-nominalizata-cu-sase-articole-la-premiile-superscrieri\\\/#primaryimage\"},\"thumbnailUrl\":\"https:\\\/\\\/buletin.de\\\/bucuresti\\\/wp-content\\\/uploads\\\/ffff.jpg\",\"datePublished\":\"2024-04-04T11:25:52+00:00\",\"dateModified\":\"2024-04-05T04:37:43+00:00\",\"breadcrumb\":{\"@id\":\"https:\\\/\\\/buletin.de\\\/bucuresti\\\/redactia-buletin-de-bucuresti-nominalizata-cu-sase-articole-la-premiile-superscrieri\\\/#breadcrumb\"},\"inLanguage\":\"en-GB\",\"potentialAction\":[{\"@type\":\"ReadAction\",\"target\":[\"https:\\\/\\\/buletin.de\\\/bucuresti\\\/redactia-buletin-de-bucuresti-nominalizata-cu-sase-articole-la-premiile-superscrieri\\\/\"]}]},{\"@type\":\"ImageObject\",\"inLanguage\":\"en-GB\",\"@id\":\"https:\\\/\\\/buletin.de\\\/bucuresti\\\/redactia-buletin-de-bucuresti-nominalizata-cu-sase-articole-la-premiile-superscrieri\\\/#primaryimage\",\"url\":\"https:\\\/\\\/buletin.de\\\/bucuresti\\\/wp-content\\\/uploads\\\/ffff.jpg\",\"contentUrl\":\"https:\\\/\\\/buletin.de\\\/bucuresti\\\/wp-content\\\/uploads\\\/ffff.jpg\",\"width\":1749,\"height\":1036},{\"@type\":\"BreadcrumbList\",\"@id\":\"https:\\\/\\\/buletin.de\\\/bucuresti\\\/redactia-buletin-de-bucuresti-nominalizata-cu-sase-articole-la-premiile-superscrieri\\\/#breadcrumb\",\"itemListElement\":[{\"@type\":\"ListItem\",\"position\":1,\"name\":\"Acas\u0103\",\"item\":\"https:\\\/\\\/buletin.de\\\/bucuresti\\\/\"},{\"@type\":\"ListItem\",\"position\":2,\"name\":\"Redac\u021bia Buletin de Bucure\u0219ti, nominalizat\u0103 de \u0219ase ori la Premiile Superscrieri\"}]},{\"@type\":\"WebSite\",\"@id\":\"https:\\\/\\\/buletin.de\\\/bucuresti\\\/#website\",\"url\":\"https:\\\/\\\/buletin.de\\\/bucuresti\\\/\",\"name\":\"Buletin de Bucure\u0219ti\",\"description\":\"\u0218tiri \u0219i investiga\u021bii esen\u021biale din capital\u0103\",\"publisher\":{\"@id\":\"https:\\\/\\\/buletin.de\\\/bucuresti\\\/#organization\"},\"potentialAction\":[{\"@type\":\"SearchAction\",\"target\":{\"@type\":\"EntryPoint\",\"urlTemplate\":\"https:\\\/\\\/buletin.de\\\/bucuresti\\\/?s={search_term_string}\"},\"query-input\":{\"@type\":\"PropertyValueSpecification\",\"valueRequired\":true,\"valueName\":\"search_term_string\"}}],\"inLanguage\":\"en-GB\"},{\"@type\":\"Organization\",\"@id\":\"https:\\\/\\\/buletin.de\\\/bucuresti\\\/#organization\",\"name\":\"Buletin de Bucure\u0219ti\",\"url\":\"https:\\\/\\\/buletin.de\\\/bucuresti\\\/\",\"logo\":{\"@type\":\"ImageObject\",\"inLanguage\":\"en-GB\",\"@id\":\"https:\\\/\\\/buletin.de\\\/bucuresti\\\/#\\\/schema\\\/logo\\\/image\\\/\",\"url\":\"https:\\\/\\\/buletin.de\\\/bucuresti\\\/wp-content\\\/uploads\\\/logo-bdb-full-wide-vernil-transparent.png\",\"contentUrl\":\"https:\\\/\\\/buletin.de\\\/bucuresti\\\/wp-content\\\/uploads\\\/logo-bdb-full-wide-vernil-transparent.png\",\"width\":1782,\"height\":626,\"caption\":\"Buletin de Bucure\u0219ti\"},\"image\":{\"@id\":\"https:\\\/\\\/buletin.de\\\/bucuresti\\\/#\\\/schema\\\/logo\\\/image\\\/\"},\"sameAs\":[\"https:\\\/\\\/www.facebook.com\\\/buletin.de.buc\",\"https:\\\/\\\/www.instagram.com\\\/buletinde.bucuresti\\\/\"]},{\"@type\":\"Person\",\"@id\":\"https:\\\/\\\/buletin.de\\\/bucuresti\\\/#\\\/schema\\\/person\\\/2bbcf854e5f2419a13804af574d06ab1\",\"name\":\"Redac\u021bia Buletin de Bucure\u0219ti\",\"image\":{\"@type\":\"ImageObject\",\"inLanguage\":\"en-GB\",\"@id\":\"https:\\\/\\\/secure.gravatar.com\\\/avatar\\\/18c5342381ed1a08620e6280424e3e5efc958618f5d67c522c9e44c1bc6f9226?s=96&d=monsterid&r=g60c7cd0ad92c68c049fcd4bb3504d609\",\"url\":\"https:\\\/\\\/secure.gravatar.com\\\/avatar\\\/18c5342381ed1a08620e6280424e3e5efc958618f5d67c522c9e44c1bc6f9226?s=96&d=monsterid&r=g\",\"contentUrl\":\"https:\\\/\\\/secure.gravatar.com\\\/avatar\\\/18c5342381ed1a08620e6280424e3e5efc958618f5d67c522c9e44c1bc6f9226?s=96&d=monsterid&r=g\",\"caption\":\"Redac\u021bia Buletin de Bucure\u0219ti\"},\"description\":\"Buletin de Bucure\u0219ti exist\u0103 din vara anului 2019.\",\"url\":\"https:\\\/\\\/buletin.de\\\/bucuresti\\\/author\\\/adminbuletin\\\/\"}]}<\/script>\n<!-- \/ Yoast SEO Premium plugin. -->","yoast_head_json":{"title":"Redac\u021bia Buletin de Bucure\u0219ti, nominalizat\u0103 de \u0219ase ori la Premiile Superscrieri - Buletin de Bucure\u0219ti","robots":{"index":"index","follow":"follow","max-snippet":"max-snippet:-1","max-image-preview":"max-image-preview:large","max-video-preview":"max-video-preview:-1"},"canonical":"https:\/\/buletin.de\/bucuresti\/redactia-buletin-de-bucuresti-nominalizata-cu-sase-articole-la-premiile-superscrieri\/","og_locale":"en_GB","og_type":"article","og_title":"Redac\u021bia Buletin de Bucure\u0219ti, nominalizat\u0103 de \u0219ase ori la Premiile Superscrieri","og_description":"Nominaliz\u0103rile pentru Premiile Superscrieri, edi\u021bia a XIII-a, au fost anun\u021bate \u00een cursul zilei de joi, iar redac\u021bia Buletin de Bucure\u0219ti particip\u0103 cu \u0219ase articole\/serii, publicate \u00een perioada iunie-decembrie 2023, semnate de jurnali\u0219tii Bianca Albu, Adina C\u0103p\u00eelnean \u0219i Florin R\u00e2\u0219teiu. Articole precum seria \u201eazilele groazei\u201c, afacerea cu jil\u021buri biserice\u0219ti de la Catedrala din Voluntari sau analiza [&hellip;]","og_url":"https:\/\/buletin.de\/bucuresti\/redactia-buletin-de-bucuresti-nominalizata-cu-sase-articole-la-premiile-superscrieri\/","og_site_name":"Buletin de Bucure\u0219ti","article_publisher":"https:\/\/www.facebook.com\/buletin.de.buc","article_published_time":"2024-04-04T11:25:52+00:00","article_modified_time":"2024-04-05T04:37:43+00:00","og_image":[{"width":1749,"height":1036,"url":"https:\/\/buletin.de\/bucuresti\/wp-content\/uploads\/ffff.jpg","type":"image\/jpeg"}],"author":"Redac\u021bia Buletin de Bucure\u0219ti","twitter_card":"summary_large_image","twitter_misc":{"Written by":"Redac\u021bia Buletin de Bucure\u0219ti","Estimated reading time":"3 minutes"},"schema":{"@context":"https:\/\/schema.org","@graph":[{"@type":"Article","@id":"https:\/\/buletin.de\/bucuresti\/redactia-buletin-de-bucuresti-nominalizata-cu-sase-articole-la-premiile-superscrieri\/#article","isPartOf":{"@id":"https:\/\/buletin.de\/bucuresti\/redactia-buletin-de-bucuresti-nominalizata-cu-sase-articole-la-premiile-superscrieri\/"},"author":{"name":"Redac\u021bia Buletin de Bucure\u0219ti","@id":"https:\/\/buletin.de\/bucuresti\/#\/schema\/person\/2bbcf854e5f2419a13804af574d06ab1"},"headline":"Redac\u021bia Buletin de Bucure\u0219ti, nominalizat\u0103 de \u0219ase ori la Premiile Superscrieri","datePublished":"2024-04-04T11:25:52+00:00","dateModified":"2024-04-05T04:37:43+00:00","mainEntityOfPage":{"@id":"https:\/\/buletin.de\/bucuresti\/redactia-buletin-de-bucuresti-nominalizata-cu-sase-articole-la-premiile-superscrieri\/"},"wordCount":611,"publisher":{"@id":"https:\/\/buletin.de\/bucuresti\/#organization"},"image":{"@id":"https:\/\/buletin.de\/bucuresti\/redactia-buletin-de-bucuresti-nominalizata-cu-sase-articole-la-premiile-superscrieri\/#primaryimage"},"thumbnailUrl":"https:\/\/buletin.de\/bucuresti\/wp-content\/uploads\/ffff.jpg","keywords":["Buletin de Bucure\u0219ti","Funda\u021bia friends for friends","gala","nominaliz\u0103ri","premii","Premiile Superscrieri"],"articleSection":["Articole","Main"],"inLanguage":"en-GB","copyrightYear":"2024","copyrightHolder":{"@id":"https:\/\/buletin.de\/bucuresti\/#organization"}},{"@type":"WebPage","@id":"https:\/\/buletin.de\/bucuresti\/redactia-buletin-de-bucuresti-nominalizata-cu-sase-articole-la-premiile-superscrieri\/","url":"https:\/\/buletin.de\/bucuresti\/redactia-buletin-de-bucuresti-nominalizata-cu-sase-articole-la-premiile-superscrieri\/","name":"Redac\u021bia Buletin de Bucure\u0219ti, nominalizat\u0103 de \u0219ase ori la Premiile Superscrieri - Buletin de Bucure\u0219ti","isPartOf":{"@id":"https:\/\/buletin.de\/bucuresti\/#website"},"primaryImageOfPage":{"@id":"https:\/\/buletin.de\/bucuresti\/redactia-buletin-de-bucuresti-nominalizata-cu-sase-articole-la-premiile-superscrieri\/#primaryimage"},"image":{"@id":"https:\/\/buletin.de\/bucuresti\/redactia-buletin-de-bucuresti-nominalizata-cu-sase-articole-la-premiile-superscrieri\/#primaryimage"},"thumbnailUrl":"https:\/\/buletin.de\/bucuresti\/wp-content\/uploads\/ffff.jpg","datePublished":"2024-04-04T11:25:52+00:00","dateModified":"2024-04-05T04:37:43+00:00","breadcrumb":{"@id":"https:\/\/buletin.de\/bucuresti\/redactia-buletin-de-bucuresti-nominalizata-cu-sase-articole-la-premiile-superscrieri\/#breadcrumb"},"inLanguage":"en-GB","potentialAction":[{"@type":"ReadAction","target":["https:\/\/buletin.de\/bucuresti\/redactia-buletin-de-bucuresti-nominalizata-cu-sase-articole-la-premiile-superscrieri\/"]}]},{"@type":"ImageObject","inLanguage":"en-GB","@id":"https:\/\/buletin.de\/bucuresti\/redactia-buletin-de-bucuresti-nominalizata-cu-sase-articole-la-premiile-superscrieri\/#primaryimage","url":"https:\/\/buletin.de\/bucuresti\/wp-content\/uploads\/ffff.jpg","contentUrl":"https:\/\/buletin.de\/bucuresti\/wp-content\/uploads\/ffff.jpg","width":1749,"height":1036},{"@type":"BreadcrumbList","@id":"https:\/\/buletin.de\/bucuresti\/redactia-buletin-de-bucuresti-nominalizata-cu-sase-articole-la-premiile-superscrieri\/#breadcrumb","itemListElement":[{"@type":"ListItem","position":1,"name":"Acas\u0103","item":"https:\/\/buletin.de\/bucuresti\/"},{"@type":"ListItem","position":2,"name":"Redac\u021bia Buletin de Bucure\u0219ti, nominalizat\u0103 de \u0219ase ori la Premiile Superscrieri"}]},{"@type":"WebSite","@id":"https:\/\/buletin.de\/bucuresti\/#website","url":"https:\/\/buletin.de\/bucuresti\/","name":"Buletin de Bucure\u0219ti","description":"\u0218tiri \u0219i investiga\u021bii esen\u021biale din capital\u0103","publisher":{"@id":"https:\/\/buletin.de\/bucuresti\/#organization"},"potentialAction":[{"@type":"SearchAction","target":{"@type":"EntryPoint","urlTemplate":"https:\/\/buletin.de\/bucuresti\/?s={search_term_string}"},"query-input":{"@type":"PropertyValueSpecification","valueRequired":true,"valueName":"search_term_string"}}],"inLanguage":"en-GB"},{"@type":"Organization","@id":"https:\/\/buletin.de\/bucuresti\/#organization","name":"Buletin de Bucure\u0219ti","url":"https:\/\/buletin.de\/bucuresti\/","logo":{"@type":"ImageObject","inLanguage":"en-GB","@id":"https:\/\/buletin.de\/bucuresti\/#\/schema\/logo\/image\/","url":"https:\/\/buletin.de\/bucuresti\/wp-content\/uploads\/logo-bdb-full-wide-vernil-transparent.png","contentUrl":"https:\/\/buletin.de\/bucuresti\/wp-content\/uploads\/logo-bdb-full-wide-vernil-transparent.png","width":1782,"height":626,"caption":"Buletin de Bucure\u0219ti"},"image":{"@id":"https:\/\/buletin.de\/bucuresti\/#\/schema\/logo\/image\/"},"sameAs":["https:\/\/www.facebook.com\/buletin.de.buc","https:\/\/www.instagram.com\/buletinde.bucuresti\/"]},{"@type":"Person","@id":"https:\/\/buletin.de\/bucuresti\/#\/schema\/person\/2bbcf854e5f2419a13804af574d06ab1","name":"Redac\u021bia Buletin de Bucure\u0219ti","image":{"@type":"ImageObject","inLanguage":"en-GB","@id":"https:\/\/secure.gravatar.com\/avatar\/18c5342381ed1a08620e6280424e3e5efc958618f5d67c522c9e44c1bc6f9226?s=96&d=monsterid&r=g60c7cd0ad92c68c049fcd4bb3504d609","url":"https:\/\/secure.gravatar.com\/avatar\/18c5342381ed1a08620e6280424e3e5efc958618f5d67c522c9e44c1bc6f9226?s=96&d=monsterid&r=g","contentUrl":"https:\/\/secure.gravatar.com\/avatar\/18c5342381ed1a08620e6280424e3e5efc958618f5d67c522c9e44c1bc6f9226?s=96&d=monsterid&r=g","caption":"Redac\u021bia Buletin de Bucure\u0219ti"},"description":"Buletin de Bucure\u0219ti exist\u0103 din vara anului 2019.","url":"https:\/\/buletin.de\/bucuresti\/author\/adminbuletin\/"}]}},"authors":[{"term_id":22583,"user_id":1,"is_guest":0,"slug":"adminbuletin","display_name":"Redac\u021bia Buletin de Bucure\u0219ti","avatar_url":"https:\/\/secure.gravatar.com\/avatar\/18c5342381ed1a08620e6280424e3e5efc958618f5d67c522c9e44c1bc6f9226?s=96&d=monsterid&r=g","0":null,"1":"","2":"","3":"","4":"","5":"","6":"","7":"","8":""}],"_links":{"self":[{"href":"https:\/\/buletin.de\/bucuresti\/wp-json\/wp\/v2\/posts\/82034","targetHints":{"allow":["GET"]}}],"collection":[{"href":"https:\/\/buletin.de\/bucuresti\/wp-json\/wp\/v2\/posts"}],"about":[{"href":"https:\/\/buletin.de\/bucuresti\/wp-json\/wp\/v2\/types\/post"}],"author":[{"embeddable":true,"href":"https:\/\/buletin.de\/bucuresti\/wp-json\/wp\/v2\/users\/1"}],"replies":[{"embeddable":true,"href":"https:\/\/buletin.de\/bucuresti\/wp-json\/wp\/v2\/comments?post=82034"}],"version-history":[{"count":9,"href":"https:\/\/buletin.de\/bucuresti\/wp-json\/wp\/v2\/posts\/82034\/revisions"}],"predecessor-version":[{"id":82082,"href":"https:\/\/buletin.de\/bucuresti\/wp-json\/wp\/v2\/posts\/82034\/revisions\/82082"}],"wp:featuredmedia":[{"embeddable":true,"href":"https:\/\/buletin.de\/bucuresti\/wp-json\/wp\/v2\/media\/82067"}],"wp:attachment":[{"href":"https:\/\/buletin.de\/bucuresti\/wp-json\/wp\/v2\/media?parent=82034"}],"wp:term":[{"taxonomy":"category","embeddable":true,"href":"https:\/\/buletin.de\/bucuresti\/wp-json\/wp\/v2\/categories?post=82034"},{"taxonomy":"post_tag","embeddable":true,"href":"https:\/\/buletin.de\/bucuresti\/wp-json\/wp\/v2\/tags?post=82034"},{"taxonomy":"author","embeddable":true,"href":"https:\/\/buletin.de\/bucuresti\/wp-json\/wp\/v2\/ppma_author?post=82034"}],"curies":[{"name":"wp","href":"https:\/\/api.w.org\/{rel}","templated":true}]}}