{"id":8195,"date":"2020-06-15T12:52:55","date_gmt":"2020-06-15T09:52:55","guid":{"rendered":"https:\/\/buletin.de\/bucuresti\/?p=8195"},"modified":"2020-06-15T12:55:55","modified_gmt":"2020-06-15T09:55:55","slug":"live-text-coronavirus-bucuresti-15-iunie-2020-ziua-111","status":"publish","type":"post","link":"https:\/\/buletin.de\/bucuresti\/live-text-coronavirus-bucuresti-15-iunie-2020-ziua-111\/","title":{"rendered":"LIVE TEXT. Coronavirus &#8211; Bucure\u0219ti, 15 iunie 2020, ziua 111"},"content":{"rendered":"\n<p> <em>Num\u0103rul de pacien\u021bi confirma\u021bi cu Covid-19 pe teritoriul Rom\u00e2niei a trecut de 20.000. Rom\u00e2nia a ie\u0219it din starea de urgen\u021b\u0103 \u0219i se afl\u0103 acum \u00een<a href=\"https:\/\/buletin.de\/bucuresti\/infografic-ce-putem-si-ce-nu-putem-face-de-pe-15-mai-masurile-finale-care-intra-in-aplicare-azi\/\"> stare de alert\u0103<\/a> pentru o perioad\u0103 de 30 de zile. Restric\u021biile s-au relaxat iar cet\u0103\u021benii pot c\u0103l\u0103tori \u00een localitate \u0219i \u00een afara ei f\u0103r\u0103 declara\u021bie, pot merge la terase \u0219i pot participa la spectacole. Toate cu respectarea m\u0103surilor de siguran\u021b\u0103 obligatorii.<br><br>Vezi mai jos cele mai recente informa\u021bii oficiale de ast\u0103zi. Toate nout\u0103\u021bile din zilele trecute le g\u0103se\u0219ti <a href=\"https:\/\/buletin.de\/bucuresti\/cv\/\">aici.<\/a><\/em>     <\/p>\n\n\n\n<h3 class=\"has-vivid-cyan-blue-color has-text-color has-text-align-center wp-block-heading\"><strong>Iat\u0103 cifrele din spatele epidemiei de Coronavirus \u0219i actualiz\u0103ri zilnice \u2b07\ufe0f<\/strong>               <\/h3>\n\n\n\n<style>\n\n.full-width {\n  width: 100vw;\n  position: relative;\n  left: 50%;\n  right: 50%;\n  margin-left: -50vw;\n  margin-right: -50vw;\n}\n\n<\/style>\n\n\n\n<p><\/p>\n\n\n\n<div class=\"full-width\">\n<div class=\"infogram-embed\" data-id=\"27f09ce8-c508-413b-ac49-b60b01815be0\" data-type=\"interactive\" data-title=\"Livetext coronavirus\"><\/div><script>!function(e,i,n,s){var t=\"InfogramEmbeds\",d=e.getElementsByTagName(\"script\")[0];if(window[t]&&window[t].initialized)window[t].process&&window[t].process();else if(!e.getElementById(n)){var o=e.createElement(\"script\");o.async=1,o.id=n,o.src=\"https:\/\/e.infogram.com\/js\/dist\/embed-loader-min.js\",d.parentNode.insertBefore(o,d)}}(document,0,\"infogram-async\");<\/script>\n<\/div>\n<style>\nh2 {\nmargin-top: 150px;\nfont-size: 3em;\ntext-align: center;\n}\n<\/style>\n\n\n\n<h3 class=\"wp-block-heading\">Ora 13:00<\/h3>\n\n\n\n<p>\n\nAlte 166 de noi cazuri de \u00eemboln\u0103vire. Au fost confirmate 22.165 de cazuri de persoane infectate cu noul coronavirus. Dintre persoanele confirmate pozitiv, 15.817 au fost declarate vindecate \u0219i externate. \u00cen Bucure\u0219ti sunt 2437 cazuri.<br>P\u00e2n\u0103 ast\u0103zi, 1427 persoane diagnosticate cu infec\u021bie cu COVID-19 au decedat.<br>\u00cen intervalul 14.06.2020 (10:00) \u2013 15.06.2020 (10:00) au fost \u00eenregistrate 17 decese (11 b\u0103rba\u021bi \u0219i 6 femei), ale unor pacien\u021bi infecta\u021bi cu noul coronavirus, interna\u021bi \u00een spitalele din Arge\u0219, Bac\u0103u, Bistri\u021ba-N\u0103s\u0103ud, Boto\u0219ani, Buz\u0103u, Ia\u0219i, Maramure\u0219, Bucure\u0219ti, Mure\u0219, Olt, Suceava \u0219i Tulcea. Dintre acestea, 2 decese au fost \u00eenregistrate la categoria de v\u00e2rst\u0103 40-49 ani, 2 decese la categoria de v\u00e2rst\u0103 50-59 ani, 4 decese la categoria de v\u00e2rst\u0103 60-69 ani, 5 decese la categoria de v\u00e2rst\u0103 70-79 ani \u0219i 4 decese la persoane de peste 80 de ani. Toate decesele sunt ale unor pacien\u021bi care au prezentat comorbidit\u0103\u021bi. La ATI, \u00een acest moment, sunt interna\u021bi 175 de pacien\u021bi. \n\n<\/p>\n","protected":false},"excerpt":{"rendered":"<p>Num\u0103rul de pacien\u021bi confirma\u021bi cu Covid-19 pe teritoriul Rom\u00e2niei a trecut de 20.000. Rom\u00e2nia a ie\u0219it din starea de urgen\u021b\u0103 \u0219i se afl\u0103 acum \u00een stare de alert\u0103 pentru o perioad\u0103 de 30 de zile. Restric\u021biile s-au relaxat iar cet\u0103\u021benii pot c\u0103l\u0103tori \u00een localitate \u0219i \u00een afara ei f\u0103r\u0103 declara\u021bie, pot merge la terase \u0219i [&hellip;]<\/p>\n","protected":false},"author":6,"featured_media":6573,"comment_status":"closed","ping_status":"open","sticky":false,"template":"","format":"standard","meta":{"_acf_changed":false,"inline_featured_image":false,"ngg_post_thumbnail":0,"footnotes":""},"categories":[996,4,62],"tags":[529,657,677],"ppma_author":[22588],"class_list":["post-8195","post","type-post","status-publish","format-standard","has-post-thumbnail","hentry","category-covid-19","category-sanatate","category-stiri","tag-coronavirus","tag-coronavirus-bucuresti","tag-livetext"],"acf":[],"yoast_head":"<!-- This site is optimized with the Yoast SEO Premium plugin v25.3 (Yoast SEO v27.5) - https:\/\/yoast.com\/product\/yoast-seo-premium-wordpress\/ -->\n<title>LIVE TEXT. Coronavirus - Bucure\u0219ti, 15 iunie 2020, ziua 111 - Buletin de Bucure\u0219ti<\/title>\n<meta name=\"robots\" content=\"index, follow, max-snippet:-1, max-image-preview:large, max-video-preview:-1\" \/>\n<link rel=\"canonical\" href=\"https:\/\/buletin.de\/bucuresti\/live-text-coronavirus-bucuresti-15-iunie-2020-ziua-111\/\" \/>\n<meta property=\"og:locale\" content=\"en_GB\" \/>\n<meta property=\"og:type\" content=\"article\" \/>\n<meta property=\"og:title\" content=\"LIVE TEXT. Coronavirus - Bucure\u0219ti, 15 iunie 2020, ziua 111\" \/>\n<meta property=\"og:description\" content=\"Num\u0103rul de pacien\u021bi confirma\u021bi cu Covid-19 pe teritoriul Rom\u00e2niei a trecut de 20.000. Rom\u00e2nia a ie\u0219it din starea de urgen\u021b\u0103 \u0219i se afl\u0103 acum \u00een stare de alert\u0103 pentru o perioad\u0103 de 30 de zile. Restric\u021biile s-au relaxat iar cet\u0103\u021benii pot c\u0103l\u0103tori \u00een localitate \u0219i \u00een afara ei f\u0103r\u0103 declara\u021bie, pot merge la terase \u0219i [&hellip;]\" \/>\n<meta property=\"og:url\" content=\"https:\/\/buletin.de\/bucuresti\/live-text-coronavirus-bucuresti-15-iunie-2020-ziua-111\/\" \/>\n<meta property=\"og:site_name\" content=\"Buletin de Bucure\u0219ti\" \/>\n<meta property=\"article:publisher\" content=\"https:\/\/www.facebook.com\/buletin.de.buc\" \/>\n<meta property=\"article:published_time\" content=\"2020-06-15T09:52:55+00:00\" \/>\n<meta property=\"article:modified_time\" content=\"2020-06-15T09:55:55+00:00\" \/>\n<meta property=\"og:image\" content=\"https:\/\/buletin.de\/bucuresti\/wp-content\/uploads\/Screenshot_222.png\" \/>\n\t<meta property=\"og:image:width\" content=\"1786\" \/>\n\t<meta property=\"og:image:height\" content=\"936\" \/>\n\t<meta property=\"og:image:type\" content=\"image\/png\" \/>\n<meta name=\"author\" content=\"Bianca Albu\" \/>\n<meta name=\"twitter:card\" content=\"summary_large_image\" \/>\n<meta name=\"twitter:label1\" content=\"Written by\" \/>\n\t<meta name=\"twitter:data1\" content=\"Bianca Albu\" \/>\n\t<meta name=\"twitter:label2\" content=\"Estimated reading time\" \/>\n\t<meta name=\"twitter:data2\" content=\"1 minute\" \/>\n<script type=\"application\/ld+json\" class=\"yoast-schema-graph\">{\"@context\":\"https:\\\/\\\/schema.org\",\"@graph\":[{\"@type\":\"Article\",\"@id\":\"https:\\\/\\\/buletin.de\\\/bucuresti\\\/live-text-coronavirus-bucuresti-15-iunie-2020-ziua-111\\\/#article\",\"isPartOf\":{\"@id\":\"https:\\\/\\\/buletin.de\\\/bucuresti\\\/live-text-coronavirus-bucuresti-15-iunie-2020-ziua-111\\\/\"},\"author\":{\"name\":\"Bianca Albu\",\"@id\":\"https:\\\/\\\/buletin.de\\\/bucuresti\\\/#\\\/schema\\\/person\\\/295dc2228d2dc79294d636619468dc7f\"},\"headline\":\"LIVE TEXT. Coronavirus &#8211; Bucure\u0219ti, 15 iunie 2020, ziua 111\",\"datePublished\":\"2020-06-15T09:52:55+00:00\",\"dateModified\":\"2020-06-15T09:55:55+00:00\",\"mainEntityOfPage\":{\"@id\":\"https:\\\/\\\/buletin.de\\\/bucuresti\\\/live-text-coronavirus-bucuresti-15-iunie-2020-ziua-111\\\/\"},\"wordCount\":280,\"publisher\":{\"@id\":\"https:\\\/\\\/buletin.de\\\/bucuresti\\\/#organization\"},\"image\":{\"@id\":\"https:\\\/\\\/buletin.de\\\/bucuresti\\\/live-text-coronavirus-bucuresti-15-iunie-2020-ziua-111\\\/#primaryimage\"},\"thumbnailUrl\":\"https:\\\/\\\/buletin.de\\\/bucuresti\\\/wp-content\\\/uploads\\\/Screenshot_222.png\",\"keywords\":[\"coronavirus\",\"coronavirus bucuresti\",\"livetext\"],\"articleSection\":[\"Covid-19\",\"S\u0103n\u0103tate\",\"\u0218tiri\"],\"inLanguage\":\"en-GB\",\"copyrightYear\":\"2020\",\"copyrightHolder\":{\"@id\":\"https:\\\/\\\/buletin.de\\\/bucuresti\\\/#organization\"}},{\"@type\":\"WebPage\",\"@id\":\"https:\\\/\\\/buletin.de\\\/bucuresti\\\/live-text-coronavirus-bucuresti-15-iunie-2020-ziua-111\\\/\",\"url\":\"https:\\\/\\\/buletin.de\\\/bucuresti\\\/live-text-coronavirus-bucuresti-15-iunie-2020-ziua-111\\\/\",\"name\":\"LIVE TEXT. Coronavirus - Bucure\u0219ti, 15 iunie 2020, ziua 111 - Buletin de Bucure\u0219ti\",\"isPartOf\":{\"@id\":\"https:\\\/\\\/buletin.de\\\/bucuresti\\\/#website\"},\"primaryImageOfPage\":{\"@id\":\"https:\\\/\\\/buletin.de\\\/bucuresti\\\/live-text-coronavirus-bucuresti-15-iunie-2020-ziua-111\\\/#primaryimage\"},\"image\":{\"@id\":\"https:\\\/\\\/buletin.de\\\/bucuresti\\\/live-text-coronavirus-bucuresti-15-iunie-2020-ziua-111\\\/#primaryimage\"},\"thumbnailUrl\":\"https:\\\/\\\/buletin.de\\\/bucuresti\\\/wp-content\\\/uploads\\\/Screenshot_222.png\",\"datePublished\":\"2020-06-15T09:52:55+00:00\",\"dateModified\":\"2020-06-15T09:55:55+00:00\",\"breadcrumb\":{\"@id\":\"https:\\\/\\\/buletin.de\\\/bucuresti\\\/live-text-coronavirus-bucuresti-15-iunie-2020-ziua-111\\\/#breadcrumb\"},\"inLanguage\":\"en-GB\",\"potentialAction\":[{\"@type\":\"ReadAction\",\"target\":[\"https:\\\/\\\/buletin.de\\\/bucuresti\\\/live-text-coronavirus-bucuresti-15-iunie-2020-ziua-111\\\/\"]}]},{\"@type\":\"ImageObject\",\"inLanguage\":\"en-GB\",\"@id\":\"https:\\\/\\\/buletin.de\\\/bucuresti\\\/live-text-coronavirus-bucuresti-15-iunie-2020-ziua-111\\\/#primaryimage\",\"url\":\"https:\\\/\\\/buletin.de\\\/bucuresti\\\/wp-content\\\/uploads\\\/Screenshot_222.png\",\"contentUrl\":\"https:\\\/\\\/buletin.de\\\/bucuresti\\\/wp-content\\\/uploads\\\/Screenshot_222.png\",\"width\":1786,\"height\":936},{\"@type\":\"BreadcrumbList\",\"@id\":\"https:\\\/\\\/buletin.de\\\/bucuresti\\\/live-text-coronavirus-bucuresti-15-iunie-2020-ziua-111\\\/#breadcrumb\",\"itemListElement\":[{\"@type\":\"ListItem\",\"position\":1,\"name\":\"Acas\u0103\",\"item\":\"https:\\\/\\\/buletin.de\\\/bucuresti\\\/\"},{\"@type\":\"ListItem\",\"position\":2,\"name\":\"LIVE TEXT. Coronavirus &#8211; Bucure\u0219ti, 15 iunie 2020, ziua 111\"}]},{\"@type\":\"WebSite\",\"@id\":\"https:\\\/\\\/buletin.de\\\/bucuresti\\\/#website\",\"url\":\"https:\\\/\\\/buletin.de\\\/bucuresti\\\/\",\"name\":\"Buletin de Bucure\u0219ti\",\"description\":\"\u0218tiri \u0219i investiga\u021bii esen\u021biale din capital\u0103\",\"publisher\":{\"@id\":\"https:\\\/\\\/buletin.de\\\/bucuresti\\\/#organization\"},\"potentialAction\":[{\"@type\":\"SearchAction\",\"target\":{\"@type\":\"EntryPoint\",\"urlTemplate\":\"https:\\\/\\\/buletin.de\\\/bucuresti\\\/?s={search_term_string}\"},\"query-input\":{\"@type\":\"PropertyValueSpecification\",\"valueRequired\":true,\"valueName\":\"search_term_string\"}}],\"inLanguage\":\"en-GB\"},{\"@type\":\"Organization\",\"@id\":\"https:\\\/\\\/buletin.de\\\/bucuresti\\\/#organization\",\"name\":\"Buletin de Bucure\u0219ti\",\"url\":\"https:\\\/\\\/buletin.de\\\/bucuresti\\\/\",\"logo\":{\"@type\":\"ImageObject\",\"inLanguage\":\"en-GB\",\"@id\":\"https:\\\/\\\/buletin.de\\\/bucuresti\\\/#\\\/schema\\\/logo\\\/image\\\/\",\"url\":\"https:\\\/\\\/buletin.de\\\/bucuresti\\\/wp-content\\\/uploads\\\/logo-bdb-full-wide-vernil-transparent.png\",\"contentUrl\":\"https:\\\/\\\/buletin.de\\\/bucuresti\\\/wp-content\\\/uploads\\\/logo-bdb-full-wide-vernil-transparent.png\",\"width\":1782,\"height\":626,\"caption\":\"Buletin de Bucure\u0219ti\"},\"image\":{\"@id\":\"https:\\\/\\\/buletin.de\\\/bucuresti\\\/#\\\/schema\\\/logo\\\/image\\\/\"},\"sameAs\":[\"https:\\\/\\\/www.facebook.com\\\/buletin.de.buc\",\"https:\\\/\\\/www.instagram.com\\\/buletinde.bucuresti\\\/\"]},{\"@type\":\"Person\",\"@id\":\"https:\\\/\\\/buletin.de\\\/bucuresti\\\/#\\\/schema\\\/person\\\/295dc2228d2dc79294d636619468dc7f\",\"name\":\"Bianca Albu\",\"image\":{\"@type\":\"ImageObject\",\"inLanguage\":\"en-GB\",\"@id\":\"https:\\\/\\\/secure.gravatar.com\\\/avatar\\\/3df2e34e20f529e6fd7be4311ee1f7c4ec4aa886971590baf6fa214b15743516?s=96&d=monsterid&r=gf541c715eeec409ce8101252a3c0d8a7\",\"url\":\"https:\\\/\\\/secure.gravatar.com\\\/avatar\\\/3df2e34e20f529e6fd7be4311ee1f7c4ec4aa886971590baf6fa214b15743516?s=96&d=monsterid&r=g\",\"contentUrl\":\"https:\\\/\\\/secure.gravatar.com\\\/avatar\\\/3df2e34e20f529e6fd7be4311ee1f7c4ec4aa886971590baf6fa214b15743516?s=96&d=monsterid&r=g\",\"caption\":\"Bianca Albu\"},\"description\":\"Reporter\",\"url\":\"https:\\\/\\\/buletin.de\\\/bucuresti\\\/author\\\/biancaalbu\\\/\"}]}<\/script>\n<!-- \/ Yoast SEO Premium plugin. -->","yoast_head_json":{"title":"LIVE TEXT. Coronavirus - Bucure\u0219ti, 15 iunie 2020, ziua 111 - Buletin de Bucure\u0219ti","robots":{"index":"index","follow":"follow","max-snippet":"max-snippet:-1","max-image-preview":"max-image-preview:large","max-video-preview":"max-video-preview:-1"},"canonical":"https:\/\/buletin.de\/bucuresti\/live-text-coronavirus-bucuresti-15-iunie-2020-ziua-111\/","og_locale":"en_GB","og_type":"article","og_title":"LIVE TEXT. Coronavirus - Bucure\u0219ti, 15 iunie 2020, ziua 111","og_description":"Num\u0103rul de pacien\u021bi confirma\u021bi cu Covid-19 pe teritoriul Rom\u00e2niei a trecut de 20.000. Rom\u00e2nia a ie\u0219it din starea de urgen\u021b\u0103 \u0219i se afl\u0103 acum \u00een stare de alert\u0103 pentru o perioad\u0103 de 30 de zile. Restric\u021biile s-au relaxat iar cet\u0103\u021benii pot c\u0103l\u0103tori \u00een localitate \u0219i \u00een afara ei f\u0103r\u0103 declara\u021bie, pot merge la terase \u0219i [&hellip;]","og_url":"https:\/\/buletin.de\/bucuresti\/live-text-coronavirus-bucuresti-15-iunie-2020-ziua-111\/","og_site_name":"Buletin de Bucure\u0219ti","article_publisher":"https:\/\/www.facebook.com\/buletin.de.buc","article_published_time":"2020-06-15T09:52:55+00:00","article_modified_time":"2020-06-15T09:55:55+00:00","og_image":[{"width":1786,"height":936,"url":"https:\/\/buletin.de\/bucuresti\/wp-content\/uploads\/Screenshot_222.png","type":"image\/png"}],"author":"Bianca Albu","twitter_card":"summary_large_image","twitter_misc":{"Written by":"Bianca Albu","Estimated reading time":"1 minute"},"schema":{"@context":"https:\/\/schema.org","@graph":[{"@type":"Article","@id":"https:\/\/buletin.de\/bucuresti\/live-text-coronavirus-bucuresti-15-iunie-2020-ziua-111\/#article","isPartOf":{"@id":"https:\/\/buletin.de\/bucuresti\/live-text-coronavirus-bucuresti-15-iunie-2020-ziua-111\/"},"author":{"name":"Bianca Albu","@id":"https:\/\/buletin.de\/bucuresti\/#\/schema\/person\/295dc2228d2dc79294d636619468dc7f"},"headline":"LIVE TEXT. Coronavirus &#8211; Bucure\u0219ti, 15 iunie 2020, ziua 111","datePublished":"2020-06-15T09:52:55+00:00","dateModified":"2020-06-15T09:55:55+00:00","mainEntityOfPage":{"@id":"https:\/\/buletin.de\/bucuresti\/live-text-coronavirus-bucuresti-15-iunie-2020-ziua-111\/"},"wordCount":280,"publisher":{"@id":"https:\/\/buletin.de\/bucuresti\/#organization"},"image":{"@id":"https:\/\/buletin.de\/bucuresti\/live-text-coronavirus-bucuresti-15-iunie-2020-ziua-111\/#primaryimage"},"thumbnailUrl":"https:\/\/buletin.de\/bucuresti\/wp-content\/uploads\/Screenshot_222.png","keywords":["coronavirus","coronavirus bucuresti","livetext"],"articleSection":["Covid-19","S\u0103n\u0103tate","\u0218tiri"],"inLanguage":"en-GB","copyrightYear":"2020","copyrightHolder":{"@id":"https:\/\/buletin.de\/bucuresti\/#organization"}},{"@type":"WebPage","@id":"https:\/\/buletin.de\/bucuresti\/live-text-coronavirus-bucuresti-15-iunie-2020-ziua-111\/","url":"https:\/\/buletin.de\/bucuresti\/live-text-coronavirus-bucuresti-15-iunie-2020-ziua-111\/","name":"LIVE TEXT. Coronavirus - Bucure\u0219ti, 15 iunie 2020, ziua 111 - Buletin de Bucure\u0219ti","isPartOf":{"@id":"https:\/\/buletin.de\/bucuresti\/#website"},"primaryImageOfPage":{"@id":"https:\/\/buletin.de\/bucuresti\/live-text-coronavirus-bucuresti-15-iunie-2020-ziua-111\/#primaryimage"},"image":{"@id":"https:\/\/buletin.de\/bucuresti\/live-text-coronavirus-bucuresti-15-iunie-2020-ziua-111\/#primaryimage"},"thumbnailUrl":"https:\/\/buletin.de\/bucuresti\/wp-content\/uploads\/Screenshot_222.png","datePublished":"2020-06-15T09:52:55+00:00","dateModified":"2020-06-15T09:55:55+00:00","breadcrumb":{"@id":"https:\/\/buletin.de\/bucuresti\/live-text-coronavirus-bucuresti-15-iunie-2020-ziua-111\/#breadcrumb"},"inLanguage":"en-GB","potentialAction":[{"@type":"ReadAction","target":["https:\/\/buletin.de\/bucuresti\/live-text-coronavirus-bucuresti-15-iunie-2020-ziua-111\/"]}]},{"@type":"ImageObject","inLanguage":"en-GB","@id":"https:\/\/buletin.de\/bucuresti\/live-text-coronavirus-bucuresti-15-iunie-2020-ziua-111\/#primaryimage","url":"https:\/\/buletin.de\/bucuresti\/wp-content\/uploads\/Screenshot_222.png","contentUrl":"https:\/\/buletin.de\/bucuresti\/wp-content\/uploads\/Screenshot_222.png","width":1786,"height":936},{"@type":"BreadcrumbList","@id":"https:\/\/buletin.de\/bucuresti\/live-text-coronavirus-bucuresti-15-iunie-2020-ziua-111\/#breadcrumb","itemListElement":[{"@type":"ListItem","position":1,"name":"Acas\u0103","item":"https:\/\/buletin.de\/bucuresti\/"},{"@type":"ListItem","position":2,"name":"LIVE TEXT. Coronavirus &#8211; Bucure\u0219ti, 15 iunie 2020, ziua 111"}]},{"@type":"WebSite","@id":"https:\/\/buletin.de\/bucuresti\/#website","url":"https:\/\/buletin.de\/bucuresti\/","name":"Buletin de Bucure\u0219ti","description":"\u0218tiri \u0219i investiga\u021bii esen\u021biale din capital\u0103","publisher":{"@id":"https:\/\/buletin.de\/bucuresti\/#organization"},"potentialAction":[{"@type":"SearchAction","target":{"@type":"EntryPoint","urlTemplate":"https:\/\/buletin.de\/bucuresti\/?s={search_term_string}"},"query-input":{"@type":"PropertyValueSpecification","valueRequired":true,"valueName":"search_term_string"}}],"inLanguage":"en-GB"},{"@type":"Organization","@id":"https:\/\/buletin.de\/bucuresti\/#organization","name":"Buletin de Bucure\u0219ti","url":"https:\/\/buletin.de\/bucuresti\/","logo":{"@type":"ImageObject","inLanguage":"en-GB","@id":"https:\/\/buletin.de\/bucuresti\/#\/schema\/logo\/image\/","url":"https:\/\/buletin.de\/bucuresti\/wp-content\/uploads\/logo-bdb-full-wide-vernil-transparent.png","contentUrl":"https:\/\/buletin.de\/bucuresti\/wp-content\/uploads\/logo-bdb-full-wide-vernil-transparent.png","width":1782,"height":626,"caption":"Buletin de Bucure\u0219ti"},"image":{"@id":"https:\/\/buletin.de\/bucuresti\/#\/schema\/logo\/image\/"},"sameAs":["https:\/\/www.facebook.com\/buletin.de.buc","https:\/\/www.instagram.com\/buletinde.bucuresti\/"]},{"@type":"Person","@id":"https:\/\/buletin.de\/bucuresti\/#\/schema\/person\/295dc2228d2dc79294d636619468dc7f","name":"Bianca Albu","image":{"@type":"ImageObject","inLanguage":"en-GB","@id":"https:\/\/secure.gravatar.com\/avatar\/3df2e34e20f529e6fd7be4311ee1f7c4ec4aa886971590baf6fa214b15743516?s=96&d=monsterid&r=gf541c715eeec409ce8101252a3c0d8a7","url":"https:\/\/secure.gravatar.com\/avatar\/3df2e34e20f529e6fd7be4311ee1f7c4ec4aa886971590baf6fa214b15743516?s=96&d=monsterid&r=g","contentUrl":"https:\/\/secure.gravatar.com\/avatar\/3df2e34e20f529e6fd7be4311ee1f7c4ec4aa886971590baf6fa214b15743516?s=96&d=monsterid&r=g","caption":"Bianca Albu"},"description":"Reporter","url":"https:\/\/buletin.de\/bucuresti\/author\/biancaalbu\/"}]}},"authors":[{"term_id":22588,"user_id":6,"is_guest":0,"slug":"biancaalbu","display_name":"Bianca Albu","avatar_url":"https:\/\/secure.gravatar.com\/avatar\/3df2e34e20f529e6fd7be4311ee1f7c4ec4aa886971590baf6fa214b15743516?s=96&d=monsterid&r=g","0":null,"1":"","2":"","3":"","4":"","5":"","6":"","7":"","8":""}],"_links":{"self":[{"href":"https:\/\/buletin.de\/bucuresti\/wp-json\/wp\/v2\/posts\/8195","targetHints":{"allow":["GET"]}}],"collection":[{"href":"https:\/\/buletin.de\/bucuresti\/wp-json\/wp\/v2\/posts"}],"about":[{"href":"https:\/\/buletin.de\/bucuresti\/wp-json\/wp\/v2\/types\/post"}],"author":[{"embeddable":true,"href":"https:\/\/buletin.de\/bucuresti\/wp-json\/wp\/v2\/users\/6"}],"replies":[{"embeddable":true,"href":"https:\/\/buletin.de\/bucuresti\/wp-json\/wp\/v2\/comments?post=8195"}],"version-history":[{"count":2,"href":"https:\/\/buletin.de\/bucuresti\/wp-json\/wp\/v2\/posts\/8195\/revisions"}],"predecessor-version":[{"id":8197,"href":"https:\/\/buletin.de\/bucuresti\/wp-json\/wp\/v2\/posts\/8195\/revisions\/8197"}],"wp:featuredmedia":[{"embeddable":true,"href":"https:\/\/buletin.de\/bucuresti\/wp-json\/wp\/v2\/media\/6573"}],"wp:attachment":[{"href":"https:\/\/buletin.de\/bucuresti\/wp-json\/wp\/v2\/media?parent=8195"}],"wp:term":[{"taxonomy":"category","embeddable":true,"href":"https:\/\/buletin.de\/bucuresti\/wp-json\/wp\/v2\/categories?post=8195"},{"taxonomy":"post_tag","embeddable":true,"href":"https:\/\/buletin.de\/bucuresti\/wp-json\/wp\/v2\/tags?post=8195"},{"taxonomy":"author","embeddable":true,"href":"https:\/\/buletin.de\/bucuresti\/wp-json\/wp\/v2\/ppma_author?post=8195"}],"curies":[{"name":"wp","href":"https:\/\/api.w.org\/{rel}","templated":true}]}}