{"id":81872,"date":"2024-04-06T09:00:00","date_gmt":"2024-04-06T06:00:00","guid":{"rendered":"https:\/\/buletin.de\/bucuresti\/?p=81872"},"modified":"2024-04-08T07:43:24","modified_gmt":"2024-04-08T04:43:24","slug":"bebelusii-merg-la-festival-bebe-fest-la-opera-comica-pentru-copii","status":"publish","type":"post","link":"https:\/\/buletin.de\/bucuresti\/bebelusii-merg-la-festival-bebe-fest-la-opera-comica-pentru-copii\/","title":{"rendered":"Bebelu\u0219ii merg la festival. Bebe Fest, la Opera Comic\u0103 pentru Copii"},"content":{"rendered":"\n<p><strong>Cea de-a cincea edi\u021bie a Festivalului Bebe Fest revine la Opera Comic\u0103 pentru Copii. Evenimentul este adresat copiilor \u00eentre 0 \u015fi 3 ani.<\/strong><\/p>\n\n\n\n<p>\u00cen\u00a0perioada 12-21 aprilie,<strong>\u00a0<\/strong>copiii sunt a\u0219tepta\u021bi vineri, \u00eentre orele 16\u201121 \u0219i s\u00e2mb\u0103t\u0103 \u0219i duminic\u0103, \u00eentre 10\u201121, \u00een incinta Operei Comice de pe Calea Giule\u0219ti nr. 16.<\/p>\n\n\n\n<figure class=\"wp-block-image size-full\"><img fetchpriority=\"high\" decoding=\"async\" width=\"643\" height=\"493\" src=\"data:image\/gif;base64,R0lGODlhAQABAAAAACH5BAEKAAEALAAAAAABAAEAAAICTAEAOw==\" data-src=\"https:\/\/buletin.de\/bucuresti\/wp-content\/uploads\/Screenshot-2024-04-03-at-13.40.57-1.png\" alt=\"\" class=\"wp-image-81892 lazyload\" data-sizes=\"auto\" data-srcset=\"https:\/\/buletin.de\/bucuresti\/wp-content\/uploads\/Screenshot-2024-04-03-at-13.40.57-1.png 643w, https:\/\/buletin.de\/bucuresti\/wp-content\/uploads\/Screenshot-2024-04-03-at-13.40.57-1-300x230.png 300w, https:\/\/buletin.de\/bucuresti\/wp-content\/uploads\/Screenshot-2024-04-03-at-13.40.57-1-600x460.png 600w, https:\/\/buletin.de\/bucuresti\/wp-content\/uploads\/Screenshot-2024-04-03-at-13.40.57-1-20x15.png 20w\" sizes=\"(max-width: 643px) 100vw, 643px\" \/><\/figure>\n\n\n\n<p>La <strong>Bebe Fest OCC<\/strong> vor fi activit\u0103\u021bi variate, pentru copii \u0219i p\u0103rin\u021bi, printre care:<\/p>\n\n\n\n<ul class=\"wp-block-list\">\n<li><strong>spectacole invitate:<\/strong>&nbsp;evenimentele sus\u021binute de invita\u021bi precum Ana Cr\u0103ciun Lambru, Simina Croitoru \u0219i arti\u0219ti de la Teatrul Ion Creang\u0103;<\/li>\n\n\n\n<li><strong>ateliere de crea\u021bie \u0219i ateliere senzoriale:<\/strong>&nbsp; ateliere senzoriale;<\/li>\n\n\n\n<li><strong>c\u0103su\u021ba senzorial\u0103 \u0219i c\u0103su\u021bele tematice:<\/strong>&nbsp;lumi tematice;<\/li>\n\n\n\n<li><strong>baby Aventura Park:<\/strong>&nbsp;aventuri \u00een siguran\u021b\u0103.<\/li>\n\n\n\n<li><strong>photo Point:<\/strong>&nbsp;fotografii cu cei mici;<\/li>\n\n\n\n<li><strong>zona \u201enu ai voie\u201d:&nbsp;<\/strong>zon\u0103 special\u0103 \u00een care totul este permis, \u00een limitele de siguran\u021b\u0103;<\/li>\n\n\n\n<li><strong>piscin\u0103 cu bile \u0219i groap\u0103 cu nisip:<\/strong>\u00a0jocurile copil\u0103riei;  <\/li>\n\n\n\n<li><strong>trenule\u021b \u0219i carusel:&nbsp;<\/strong>plimbare cu veselie \u0219i aventur\u0103;  <\/li>\n\n\n\n<li><strong>t\u00e2rg cu produse \u0219i servicii pentru cei mici:<\/strong> produse \u0219i servicii dedicate copiilor.<\/li>\n<\/ul>\n\n\n\n<p>La festival, vor fi amenajate zone de m\u00e2ncare \u0219i relaxare, at\u00e2t pentru p\u0103rin\u021bi c\u00e2t \u0219i pentru bebelu\u0219i. De asemenea vor fi \u0219i spa\u021bii unde se vor putea degusta preparate pentru copii, zone de al\u0103ptare \u0219i schimbat scutece \u0219i o parcare pentru c\u0103rucioare.<\/p>\n\n\n\n<p>\u00cen fiecare zi de weekend, \u00eentre orele 12:00\u201113:00, cei mici vor primi \u0219i premii dac\u0103 se \u00eentrec la \u0219otron sau la un joc de memorie \u0219i imagina\u021bie.<\/p>\n","protected":false},"excerpt":{"rendered":"<p>Cea de-a cincea edi\u021bie a Festivalului Bebe Fest revine la Opera Comic\u0103 pentru Copii. Evenimentul este adresat copiilor \u00eentre 0 \u015fi 3 ani. \u00cen\u00a0perioada 12-21 aprilie,\u00a0copiii sunt a\u0219tepta\u021bi vineri, \u00eentre orele 16\u201121 \u0219i s\u00e2mb\u0103t\u0103 \u0219i duminic\u0103, \u00eentre 10\u201121, \u00een incinta Operei Comice de pe Calea Giule\u0219ti nr. 16. La Bebe Fest OCC vor fi activit\u0103\u021bi [&hellip;]<\/p>\n","protected":false},"author":49,"featured_media":80584,"comment_status":"closed","ping_status":"open","sticky":false,"template":"","format":"standard","meta":{"_acf_changed":false,"inline_featured_image":false,"ngg_post_thumbnail":0,"footnotes":""},"categories":[6994],"tags":[11034],"ppma_author":[22574],"class_list":["post-81872","post","type-post","status-publish","format-standard","has-post-thumbnail","hentry","category-stiri-2","tag-bebe-fest-opera-comica-pentru-copii"],"acf":[],"yoast_head":"<!-- This site is optimized with the Yoast SEO Premium plugin v25.3 (Yoast SEO v27.5) - https:\/\/yoast.com\/product\/yoast-seo-premium-wordpress\/ -->\n<title>Bebelu\u0219ii merg la festival. Bebe Fest, la Opera Comic\u0103 pentru Copii - Buletin de Bucure\u0219ti<\/title>\n<meta name=\"robots\" content=\"index, follow, max-snippet:-1, max-image-preview:large, max-video-preview:-1\" \/>\n<link rel=\"canonical\" href=\"https:\/\/buletin.de\/bucuresti\/bebelusii-merg-la-festival-bebe-fest-la-opera-comica-pentru-copii\/\" \/>\n<meta property=\"og:locale\" content=\"en_GB\" \/>\n<meta property=\"og:type\" content=\"article\" \/>\n<meta property=\"og:title\" content=\"Bebelu\u0219ii merg la festival. Bebe Fest, la Opera Comic\u0103 pentru Copii\" \/>\n<meta property=\"og:description\" content=\"Cea de-a cincea edi\u021bie a Festivalului Bebe Fest revine la Opera Comic\u0103 pentru Copii. Evenimentul este adresat copiilor \u00eentre 0 \u015fi 3 ani. \u00cen\u00a0perioada 12-21 aprilie,\u00a0copiii sunt a\u0219tepta\u021bi vineri, \u00eentre orele 16\u201121 \u0219i s\u00e2mb\u0103t\u0103 \u0219i duminic\u0103, \u00eentre 10\u201121, \u00een incinta Operei Comice de pe Calea Giule\u0219ti nr. 16. La Bebe Fest OCC vor fi activit\u0103\u021bi [&hellip;]\" \/>\n<meta property=\"og:url\" content=\"https:\/\/buletin.de\/bucuresti\/bebelusii-merg-la-festival-bebe-fest-la-opera-comica-pentru-copii\/\" \/>\n<meta property=\"og:site_name\" content=\"Buletin de Bucure\u0219ti\" \/>\n<meta property=\"article:publisher\" content=\"https:\/\/www.facebook.com\/buletin.de.buc\" \/>\n<meta property=\"article:published_time\" content=\"2024-04-06T06:00:00+00:00\" \/>\n<meta property=\"article:modified_time\" content=\"2024-04-08T04:43:24+00:00\" \/>\n<meta property=\"og:image\" content=\"https:\/\/buletin.de\/bucuresti\/wp-content\/uploads\/opera-pntru-copii.jpeg\" \/>\n\t<meta property=\"og:image:width\" content=\"1600\" \/>\n\t<meta property=\"og:image:height\" content=\"654\" \/>\n\t<meta property=\"og:image:type\" content=\"image\/jpeg\" \/>\n<meta name=\"author\" content=\"Diana Matei\" \/>\n<meta name=\"twitter:card\" content=\"summary_large_image\" \/>\n<meta name=\"twitter:label1\" content=\"Written by\" \/>\n\t<meta name=\"twitter:data1\" content=\"Diana Matei\" \/>\n\t<meta name=\"twitter:label2\" content=\"Estimated reading time\" \/>\n\t<meta name=\"twitter:data2\" content=\"2 minutes\" \/>\n<script type=\"application\/ld+json\" class=\"yoast-schema-graph\">{\"@context\":\"https:\\\/\\\/schema.org\",\"@graph\":[{\"@type\":\"Article\",\"@id\":\"https:\\\/\\\/buletin.de\\\/bucuresti\\\/bebelusii-merg-la-festival-bebe-fest-la-opera-comica-pentru-copii\\\/#article\",\"isPartOf\":{\"@id\":\"https:\\\/\\\/buletin.de\\\/bucuresti\\\/bebelusii-merg-la-festival-bebe-fest-la-opera-comica-pentru-copii\\\/\"},\"author\":{\"name\":\"Diana Matei\",\"@id\":\"https:\\\/\\\/buletin.de\\\/bucuresti\\\/#\\\/schema\\\/person\\\/7e46040573290777280a0835d81ea4ea\"},\"headline\":\"Bebelu\u0219ii merg la festival. Bebe Fest, la Opera Comic\u0103 pentru Copii\",\"datePublished\":\"2024-04-06T06:00:00+00:00\",\"dateModified\":\"2024-04-08T04:43:24+00:00\",\"mainEntityOfPage\":{\"@id\":\"https:\\\/\\\/buletin.de\\\/bucuresti\\\/bebelusii-merg-la-festival-bebe-fest-la-opera-comica-pentru-copii\\\/\"},\"wordCount\":267,\"publisher\":{\"@id\":\"https:\\\/\\\/buletin.de\\\/bucuresti\\\/#organization\"},\"image\":{\"@id\":\"https:\\\/\\\/buletin.de\\\/bucuresti\\\/bebelusii-merg-la-festival-bebe-fest-la-opera-comica-pentru-copii\\\/#primaryimage\"},\"thumbnailUrl\":\"https:\\\/\\\/buletin.de\\\/bucuresti\\\/wp-content\\\/uploads\\\/opera-pntru-copii.jpeg\",\"keywords\":[\"bebe fest opera comica pentru copii\"],\"articleSection\":[\"Articole\"],\"inLanguage\":\"en-GB\",\"copyrightYear\":\"2024\",\"copyrightHolder\":{\"@id\":\"https:\\\/\\\/buletin.de\\\/bucuresti\\\/#organization\"}},{\"@type\":\"WebPage\",\"@id\":\"https:\\\/\\\/buletin.de\\\/bucuresti\\\/bebelusii-merg-la-festival-bebe-fest-la-opera-comica-pentru-copii\\\/\",\"url\":\"https:\\\/\\\/buletin.de\\\/bucuresti\\\/bebelusii-merg-la-festival-bebe-fest-la-opera-comica-pentru-copii\\\/\",\"name\":\"Bebelu\u0219ii merg la festival. Bebe Fest, la Opera Comic\u0103 pentru Copii - Buletin de Bucure\u0219ti\",\"isPartOf\":{\"@id\":\"https:\\\/\\\/buletin.de\\\/bucuresti\\\/#website\"},\"primaryImageOfPage\":{\"@id\":\"https:\\\/\\\/buletin.de\\\/bucuresti\\\/bebelusii-merg-la-festival-bebe-fest-la-opera-comica-pentru-copii\\\/#primaryimage\"},\"image\":{\"@id\":\"https:\\\/\\\/buletin.de\\\/bucuresti\\\/bebelusii-merg-la-festival-bebe-fest-la-opera-comica-pentru-copii\\\/#primaryimage\"},\"thumbnailUrl\":\"https:\\\/\\\/buletin.de\\\/bucuresti\\\/wp-content\\\/uploads\\\/opera-pntru-copii.jpeg\",\"datePublished\":\"2024-04-06T06:00:00+00:00\",\"dateModified\":\"2024-04-08T04:43:24+00:00\",\"breadcrumb\":{\"@id\":\"https:\\\/\\\/buletin.de\\\/bucuresti\\\/bebelusii-merg-la-festival-bebe-fest-la-opera-comica-pentru-copii\\\/#breadcrumb\"},\"inLanguage\":\"en-GB\",\"potentialAction\":[{\"@type\":\"ReadAction\",\"target\":[\"https:\\\/\\\/buletin.de\\\/bucuresti\\\/bebelusii-merg-la-festival-bebe-fest-la-opera-comica-pentru-copii\\\/\"]}]},{\"@type\":\"ImageObject\",\"inLanguage\":\"en-GB\",\"@id\":\"https:\\\/\\\/buletin.de\\\/bucuresti\\\/bebelusii-merg-la-festival-bebe-fest-la-opera-comica-pentru-copii\\\/#primaryimage\",\"url\":\"https:\\\/\\\/buletin.de\\\/bucuresti\\\/wp-content\\\/uploads\\\/opera-pntru-copii.jpeg\",\"contentUrl\":\"https:\\\/\\\/buletin.de\\\/bucuresti\\\/wp-content\\\/uploads\\\/opera-pntru-copii.jpeg\",\"width\":1600,\"height\":654,\"caption\":\"FOTO: OCC\"},{\"@type\":\"BreadcrumbList\",\"@id\":\"https:\\\/\\\/buletin.de\\\/bucuresti\\\/bebelusii-merg-la-festival-bebe-fest-la-opera-comica-pentru-copii\\\/#breadcrumb\",\"itemListElement\":[{\"@type\":\"ListItem\",\"position\":1,\"name\":\"Acas\u0103\",\"item\":\"https:\\\/\\\/buletin.de\\\/bucuresti\\\/\"},{\"@type\":\"ListItem\",\"position\":2,\"name\":\"Bebelu\u0219ii merg la festival. Bebe Fest, la Opera Comic\u0103 pentru Copii\"}]},{\"@type\":\"WebSite\",\"@id\":\"https:\\\/\\\/buletin.de\\\/bucuresti\\\/#website\",\"url\":\"https:\\\/\\\/buletin.de\\\/bucuresti\\\/\",\"name\":\"Buletin de Bucure\u0219ti\",\"description\":\"\u0218tiri \u0219i investiga\u021bii esen\u021biale din capital\u0103\",\"publisher\":{\"@id\":\"https:\\\/\\\/buletin.de\\\/bucuresti\\\/#organization\"},\"potentialAction\":[{\"@type\":\"SearchAction\",\"target\":{\"@type\":\"EntryPoint\",\"urlTemplate\":\"https:\\\/\\\/buletin.de\\\/bucuresti\\\/?s={search_term_string}\"},\"query-input\":{\"@type\":\"PropertyValueSpecification\",\"valueRequired\":true,\"valueName\":\"search_term_string\"}}],\"inLanguage\":\"en-GB\"},{\"@type\":\"Organization\",\"@id\":\"https:\\\/\\\/buletin.de\\\/bucuresti\\\/#organization\",\"name\":\"Buletin de Bucure\u0219ti\",\"url\":\"https:\\\/\\\/buletin.de\\\/bucuresti\\\/\",\"logo\":{\"@type\":\"ImageObject\",\"inLanguage\":\"en-GB\",\"@id\":\"https:\\\/\\\/buletin.de\\\/bucuresti\\\/#\\\/schema\\\/logo\\\/image\\\/\",\"url\":\"https:\\\/\\\/buletin.de\\\/bucuresti\\\/wp-content\\\/uploads\\\/logo-bdb-full-wide-vernil-transparent.png\",\"contentUrl\":\"https:\\\/\\\/buletin.de\\\/bucuresti\\\/wp-content\\\/uploads\\\/logo-bdb-full-wide-vernil-transparent.png\",\"width\":1782,\"height\":626,\"caption\":\"Buletin de Bucure\u0219ti\"},\"image\":{\"@id\":\"https:\\\/\\\/buletin.de\\\/bucuresti\\\/#\\\/schema\\\/logo\\\/image\\\/\"},\"sameAs\":[\"https:\\\/\\\/www.facebook.com\\\/buletin.de.buc\",\"https:\\\/\\\/www.instagram.com\\\/buletinde.bucuresti\\\/\"]},{\"@type\":\"Person\",\"@id\":\"https:\\\/\\\/buletin.de\\\/bucuresti\\\/#\\\/schema\\\/person\\\/7e46040573290777280a0835d81ea4ea\",\"name\":\"Diana Matei\",\"image\":{\"@type\":\"ImageObject\",\"inLanguage\":\"en-GB\",\"@id\":\"https:\\\/\\\/buletin.de\\\/bucuresti\\\/wp-content\\\/uploads\\\/9-2-96x96.jpg1e8590b30871d70e62ebcdaf2eff570c\",\"url\":\"https:\\\/\\\/buletin.de\\\/bucuresti\\\/wp-content\\\/uploads\\\/9-2-96x96.jpg\",\"contentUrl\":\"https:\\\/\\\/buletin.de\\\/bucuresti\\\/wp-content\\\/uploads\\\/9-2-96x96.jpg\",\"caption\":\"Diana Matei\"},\"url\":\"https:\\\/\\\/buletin.de\\\/bucuresti\\\/author\\\/dianamatei\\\/\"}]}<\/script>\n<!-- \/ Yoast SEO Premium plugin. -->","yoast_head_json":{"title":"Bebelu\u0219ii merg la festival. Bebe Fest, la Opera Comic\u0103 pentru Copii - Buletin de Bucure\u0219ti","robots":{"index":"index","follow":"follow","max-snippet":"max-snippet:-1","max-image-preview":"max-image-preview:large","max-video-preview":"max-video-preview:-1"},"canonical":"https:\/\/buletin.de\/bucuresti\/bebelusii-merg-la-festival-bebe-fest-la-opera-comica-pentru-copii\/","og_locale":"en_GB","og_type":"article","og_title":"Bebelu\u0219ii merg la festival. Bebe Fest, la Opera Comic\u0103 pentru Copii","og_description":"Cea de-a cincea edi\u021bie a Festivalului Bebe Fest revine la Opera Comic\u0103 pentru Copii. Evenimentul este adresat copiilor \u00eentre 0 \u015fi 3 ani. \u00cen\u00a0perioada 12-21 aprilie,\u00a0copiii sunt a\u0219tepta\u021bi vineri, \u00eentre orele 16\u201121 \u0219i s\u00e2mb\u0103t\u0103 \u0219i duminic\u0103, \u00eentre 10\u201121, \u00een incinta Operei Comice de pe Calea Giule\u0219ti nr. 16. La Bebe Fest OCC vor fi activit\u0103\u021bi [&hellip;]","og_url":"https:\/\/buletin.de\/bucuresti\/bebelusii-merg-la-festival-bebe-fest-la-opera-comica-pentru-copii\/","og_site_name":"Buletin de Bucure\u0219ti","article_publisher":"https:\/\/www.facebook.com\/buletin.de.buc","article_published_time":"2024-04-06T06:00:00+00:00","article_modified_time":"2024-04-08T04:43:24+00:00","og_image":[{"width":1600,"height":654,"url":"https:\/\/buletin.de\/bucuresti\/wp-content\/uploads\/opera-pntru-copii.jpeg","type":"image\/jpeg"}],"author":"Diana Matei","twitter_card":"summary_large_image","twitter_misc":{"Written by":"Diana Matei","Estimated reading time":"2 minutes"},"schema":{"@context":"https:\/\/schema.org","@graph":[{"@type":"Article","@id":"https:\/\/buletin.de\/bucuresti\/bebelusii-merg-la-festival-bebe-fest-la-opera-comica-pentru-copii\/#article","isPartOf":{"@id":"https:\/\/buletin.de\/bucuresti\/bebelusii-merg-la-festival-bebe-fest-la-opera-comica-pentru-copii\/"},"author":{"name":"Diana Matei","@id":"https:\/\/buletin.de\/bucuresti\/#\/schema\/person\/7e46040573290777280a0835d81ea4ea"},"headline":"Bebelu\u0219ii merg la festival. Bebe Fest, la Opera Comic\u0103 pentru Copii","datePublished":"2024-04-06T06:00:00+00:00","dateModified":"2024-04-08T04:43:24+00:00","mainEntityOfPage":{"@id":"https:\/\/buletin.de\/bucuresti\/bebelusii-merg-la-festival-bebe-fest-la-opera-comica-pentru-copii\/"},"wordCount":267,"publisher":{"@id":"https:\/\/buletin.de\/bucuresti\/#organization"},"image":{"@id":"https:\/\/buletin.de\/bucuresti\/bebelusii-merg-la-festival-bebe-fest-la-opera-comica-pentru-copii\/#primaryimage"},"thumbnailUrl":"https:\/\/buletin.de\/bucuresti\/wp-content\/uploads\/opera-pntru-copii.jpeg","keywords":["bebe fest opera comica pentru copii"],"articleSection":["Articole"],"inLanguage":"en-GB","copyrightYear":"2024","copyrightHolder":{"@id":"https:\/\/buletin.de\/bucuresti\/#organization"}},{"@type":"WebPage","@id":"https:\/\/buletin.de\/bucuresti\/bebelusii-merg-la-festival-bebe-fest-la-opera-comica-pentru-copii\/","url":"https:\/\/buletin.de\/bucuresti\/bebelusii-merg-la-festival-bebe-fest-la-opera-comica-pentru-copii\/","name":"Bebelu\u0219ii merg la festival. Bebe Fest, la Opera Comic\u0103 pentru Copii - Buletin de Bucure\u0219ti","isPartOf":{"@id":"https:\/\/buletin.de\/bucuresti\/#website"},"primaryImageOfPage":{"@id":"https:\/\/buletin.de\/bucuresti\/bebelusii-merg-la-festival-bebe-fest-la-opera-comica-pentru-copii\/#primaryimage"},"image":{"@id":"https:\/\/buletin.de\/bucuresti\/bebelusii-merg-la-festival-bebe-fest-la-opera-comica-pentru-copii\/#primaryimage"},"thumbnailUrl":"https:\/\/buletin.de\/bucuresti\/wp-content\/uploads\/opera-pntru-copii.jpeg","datePublished":"2024-04-06T06:00:00+00:00","dateModified":"2024-04-08T04:43:24+00:00","breadcrumb":{"@id":"https:\/\/buletin.de\/bucuresti\/bebelusii-merg-la-festival-bebe-fest-la-opera-comica-pentru-copii\/#breadcrumb"},"inLanguage":"en-GB","potentialAction":[{"@type":"ReadAction","target":["https:\/\/buletin.de\/bucuresti\/bebelusii-merg-la-festival-bebe-fest-la-opera-comica-pentru-copii\/"]}]},{"@type":"ImageObject","inLanguage":"en-GB","@id":"https:\/\/buletin.de\/bucuresti\/bebelusii-merg-la-festival-bebe-fest-la-opera-comica-pentru-copii\/#primaryimage","url":"https:\/\/buletin.de\/bucuresti\/wp-content\/uploads\/opera-pntru-copii.jpeg","contentUrl":"https:\/\/buletin.de\/bucuresti\/wp-content\/uploads\/opera-pntru-copii.jpeg","width":1600,"height":654,"caption":"FOTO: OCC"},{"@type":"BreadcrumbList","@id":"https:\/\/buletin.de\/bucuresti\/bebelusii-merg-la-festival-bebe-fest-la-opera-comica-pentru-copii\/#breadcrumb","itemListElement":[{"@type":"ListItem","position":1,"name":"Acas\u0103","item":"https:\/\/buletin.de\/bucuresti\/"},{"@type":"ListItem","position":2,"name":"Bebelu\u0219ii merg la festival. Bebe Fest, la Opera Comic\u0103 pentru Copii"}]},{"@type":"WebSite","@id":"https:\/\/buletin.de\/bucuresti\/#website","url":"https:\/\/buletin.de\/bucuresti\/","name":"Buletin de Bucure\u0219ti","description":"\u0218tiri \u0219i investiga\u021bii esen\u021biale din capital\u0103","publisher":{"@id":"https:\/\/buletin.de\/bucuresti\/#organization"},"potentialAction":[{"@type":"SearchAction","target":{"@type":"EntryPoint","urlTemplate":"https:\/\/buletin.de\/bucuresti\/?s={search_term_string}"},"query-input":{"@type":"PropertyValueSpecification","valueRequired":true,"valueName":"search_term_string"}}],"inLanguage":"en-GB"},{"@type":"Organization","@id":"https:\/\/buletin.de\/bucuresti\/#organization","name":"Buletin de Bucure\u0219ti","url":"https:\/\/buletin.de\/bucuresti\/","logo":{"@type":"ImageObject","inLanguage":"en-GB","@id":"https:\/\/buletin.de\/bucuresti\/#\/schema\/logo\/image\/","url":"https:\/\/buletin.de\/bucuresti\/wp-content\/uploads\/logo-bdb-full-wide-vernil-transparent.png","contentUrl":"https:\/\/buletin.de\/bucuresti\/wp-content\/uploads\/logo-bdb-full-wide-vernil-transparent.png","width":1782,"height":626,"caption":"Buletin de Bucure\u0219ti"},"image":{"@id":"https:\/\/buletin.de\/bucuresti\/#\/schema\/logo\/image\/"},"sameAs":["https:\/\/www.facebook.com\/buletin.de.buc","https:\/\/www.instagram.com\/buletinde.bucuresti\/"]},{"@type":"Person","@id":"https:\/\/buletin.de\/bucuresti\/#\/schema\/person\/7e46040573290777280a0835d81ea4ea","name":"Diana Matei","image":{"@type":"ImageObject","inLanguage":"en-GB","@id":"https:\/\/buletin.de\/bucuresti\/wp-content\/uploads\/9-2-96x96.jpg1e8590b30871d70e62ebcdaf2eff570c","url":"https:\/\/buletin.de\/bucuresti\/wp-content\/uploads\/9-2-96x96.jpg","contentUrl":"https:\/\/buletin.de\/bucuresti\/wp-content\/uploads\/9-2-96x96.jpg","caption":"Diana Matei"},"url":"https:\/\/buletin.de\/bucuresti\/author\/dianamatei\/"}]}},"authors":[{"term_id":22574,"user_id":49,"is_guest":0,"slug":"dianamatei","display_name":"Diana Matei","avatar_url":"https:\/\/buletin.de\/bucuresti\/wp-content\/uploads\/9-2-96x96.jpg","0":null,"1":"","2":"","3":"","4":"","5":"","6":"","7":"","8":""}],"_links":{"self":[{"href":"https:\/\/buletin.de\/bucuresti\/wp-json\/wp\/v2\/posts\/81872","targetHints":{"allow":["GET"]}}],"collection":[{"href":"https:\/\/buletin.de\/bucuresti\/wp-json\/wp\/v2\/posts"}],"about":[{"href":"https:\/\/buletin.de\/bucuresti\/wp-json\/wp\/v2\/types\/post"}],"author":[{"embeddable":true,"href":"https:\/\/buletin.de\/bucuresti\/wp-json\/wp\/v2\/users\/49"}],"replies":[{"embeddable":true,"href":"https:\/\/buletin.de\/bucuresti\/wp-json\/wp\/v2\/comments?post=81872"}],"version-history":[{"count":3,"href":"https:\/\/buletin.de\/bucuresti\/wp-json\/wp\/v2\/posts\/81872\/revisions"}],"predecessor-version":[{"id":82217,"href":"https:\/\/buletin.de\/bucuresti\/wp-json\/wp\/v2\/posts\/81872\/revisions\/82217"}],"wp:featuredmedia":[{"embeddable":true,"href":"https:\/\/buletin.de\/bucuresti\/wp-json\/wp\/v2\/media\/80584"}],"wp:attachment":[{"href":"https:\/\/buletin.de\/bucuresti\/wp-json\/wp\/v2\/media?parent=81872"}],"wp:term":[{"taxonomy":"category","embeddable":true,"href":"https:\/\/buletin.de\/bucuresti\/wp-json\/wp\/v2\/categories?post=81872"},{"taxonomy":"post_tag","embeddable":true,"href":"https:\/\/buletin.de\/bucuresti\/wp-json\/wp\/v2\/tags?post=81872"},{"taxonomy":"author","embeddable":true,"href":"https:\/\/buletin.de\/bucuresti\/wp-json\/wp\/v2\/ppma_author?post=81872"}],"curies":[{"name":"wp","href":"https:\/\/api.w.org\/{rel}","templated":true}]}}