{"id":81866,"date":"2024-04-03T13:35:16","date_gmt":"2024-04-03T10:35:16","guid":{"rendered":"https:\/\/buletin.de\/bucuresti\/?p=81866"},"modified":"2024-04-03T13:35:17","modified_gmt":"2024-04-03T10:35:17","slug":"aspa-sterilizarea-si-microciparea-cainilor-de-rasa-comuna-continua-toata-luna-aprilie","status":"publish","type":"post","link":"https:\/\/buletin.de\/bucuresti\/aspa-sterilizarea-si-microciparea-cainilor-de-rasa-comuna-continua-toata-luna-aprilie\/","title":{"rendered":"ASPA | Sterilizarea \u0219i microciparea c\u00e2inilor de ras\u0103 comun\u0103 continu\u0103, toat\u0103 luna aprilie"},"content":{"rendered":"\n<p><strong>ASPA continu\u0103 campania de steriliz\u0103ri gratuite ale c\u00e2inilor de ras\u0103 comun\u0103,  \u00een urm\u0103toarele patru weekenduri. Campania se adreseaz\u0103 doar cet\u0103\u021benilor municipiului Bucure\u0219ti.<\/strong><\/p>\n\n\n\n<p>Pentru program\u0103ri, se poate apela numarul de telefon <strong> 0743.204.942, <\/strong>de luni p\u00e2n\u0103 vineri, \u00eentre orele 09:00-16:00.<\/p>\n\n\n\n<p>Clinicile veterinare mobile partenere vor fi amplasate \u00een urm\u0103toarele zone, :<\/p>\n\n\n\n<p><strong>Sectorul 4 <\/strong>\u2013 \u0218oseaua Olteni\u021bei nr. 169;<\/p>\n\n\n\n<ul class=\"wp-block-list\">\n<li>06-07 aprilie &#8211; clinica veterinar\u0103 mobil\u0103 Sache Vet.<\/li>\n<\/ul>\n\n\n\n<p><strong>Sectorul 5<\/strong> \u2013 Drumul Cooperativei nr. 20;<\/p>\n\n\n\n<ul class=\"wp-block-list\">\n<li>06-07 aprilie &#8211; clinica veterinar\u0103 mobil\u0103 Hands&amp;Paws Vet.<\/li>\n<\/ul>\n\n\n\n<p><strong>Sectorul 2<\/strong> \u2013 \u0218oseaua Colentina 278 la Depoul STB Colentina;<\/p>\n\n\n\n<ul class=\"wp-block-list\">\n<li>13-14 aprilie &#8211; clinica veterinar\u0103 mobil\u0103 Hands&amp;Paws Vet.<\/li>\n<\/ul>\n\n\n\n<p><strong>Sectorul 3<\/strong> &#8211; Str. Pietro\u0219elului nr. 55,<\/p>\n\n\n\n<ul class=\"wp-block-list\">\n<li>20-21 aprilie &#8211; clinica veterinar\u0103 mobil\u0103 Green Vet.<\/li>\n<\/ul>\n\n\n\n<p>Peste 1.100 de c\u00e2ini au fost steriliza\u021bi, iar 1.000 au fost microcipa\u021bi \u0219i \u00eenregistra\u021bi \u00een RECS, \u00een primele 3 luni ale acestui an, \u00een cadrul campaniei gratuite pe care Prim\u0103ria Capitalei o deruleaz\u0103 prin ASPA.<\/p>\n\n\n\n<p><strong>CITE\u0218TE \u0218I:<\/strong><\/p>\n\n\n\n<figure class=\"wp-block-embed is-type-wp-embed is-provider-buletin-de-bucure-ti wp-block-embed-buletin-de-bucure-ti\"><div class=\"wp-block-embed__wrapper\">\n<blockquote class=\"wp-embedded-content\" data-secret=\"9Wx8cnVzrt\"><a href=\"https:\/\/buletin.de\/bucuresti\/reportaj-cum-decurge-sterilizarea-unui-caine-in-campaniile-derulate-de-aspa\/\">REPORTAJ | Cum decurge sterilizarea unui c\u00e2ine, \u00een campaniile derulate de ASPA<\/a><\/blockquote><iframe class=\"wp-embedded-content\" sandbox=\"allow-scripts\" security=\"restricted\" style=\"position: absolute; clip: rect(1px, 1px, 1px, 1px);\" title=\"&#8220;REPORTAJ | Cum decurge sterilizarea unui c\u00e2ine, \u00een campaniile derulate de ASPA&#8221; &#8212; Buletin de Bucure\u0219ti\" src=\"https:\/\/buletin.de\/bucuresti\/reportaj-cum-decurge-sterilizarea-unui-caine-in-campaniile-derulate-de-aspa\/embed\/#?secret=1Ekhd0KtsO#?secret=9Wx8cnVzrt\" data-secret=\"9Wx8cnVzrt\" width=\"600\" height=\"338\" frameborder=\"0\" marginwidth=\"0\" marginheight=\"0\" scrolling=\"no\"><\/iframe>\n<\/div><\/figure>\n","protected":false},"excerpt":{"rendered":"<p>ASPA continu\u0103 campania de steriliz\u0103ri gratuite ale c\u00e2inilor de ras\u0103 comun\u0103, \u00een urm\u0103toarele patru weekenduri. Campania se adreseaz\u0103 doar cet\u0103\u021benilor municipiului Bucure\u0219ti. Pentru program\u0103ri, se poate apela numarul de telefon 0743.204.942, de luni p\u00e2n\u0103 vineri, \u00eentre orele 09:00-16:00. Clinicile veterinare mobile partenere vor fi amplasate \u00een urm\u0103toarele zone, : Sectorul 4 \u2013 \u0218oseaua Olteni\u021bei nr. [&hellip;]<\/p>\n","protected":false},"author":49,"featured_media":81867,"comment_status":"closed","ping_status":"open","sticky":false,"template":"","format":"standard","meta":{"_acf_changed":false,"inline_featured_image":false,"ngg_post_thumbnail":0,"footnotes":""},"categories":[6994,62],"tags":[3229,10939,10054,258,8527],"ppma_author":[22574],"class_list":["post-81866","post","type-post","status-publish","format-standard","has-post-thumbnail","hentry","category-stiri-2","category-stiri","tag-aspa","tag-campanie-aspa","tag-microcipari-2","tag-primaria-capitalei","tag-sterilizari-gratuite"],"acf":[],"yoast_head":"<!-- This site is optimized with the Yoast SEO Premium plugin v25.3 (Yoast SEO v27.4) - https:\/\/yoast.com\/product\/yoast-seo-premium-wordpress\/ -->\n<title>ASPA | Sterilizarea \u0219i microciparea c\u00e2inilor de ras\u0103 comun\u0103 continu\u0103, toat\u0103 luna aprilie - Buletin de Bucure\u0219ti<\/title>\n<meta name=\"robots\" content=\"index, follow, max-snippet:-1, max-image-preview:large, max-video-preview:-1\" \/>\n<link rel=\"canonical\" href=\"https:\/\/buletin.de\/bucuresti\/aspa-sterilizarea-si-microciparea-cainilor-de-rasa-comuna-continua-toata-luna-aprilie\/\" \/>\n<meta property=\"og:locale\" content=\"en_GB\" \/>\n<meta property=\"og:type\" content=\"article\" \/>\n<meta property=\"og:title\" content=\"ASPA | Sterilizarea \u0219i microciparea c\u00e2inilor de ras\u0103 comun\u0103 continu\u0103, toat\u0103 luna aprilie\" \/>\n<meta property=\"og:description\" content=\"ASPA continu\u0103 campania de steriliz\u0103ri gratuite ale c\u00e2inilor de ras\u0103 comun\u0103, \u00een urm\u0103toarele patru weekenduri. Campania se adreseaz\u0103 doar cet\u0103\u021benilor municipiului Bucure\u0219ti. Pentru program\u0103ri, se poate apela numarul de telefon 0743.204.942, de luni p\u00e2n\u0103 vineri, \u00eentre orele 09:00-16:00. Clinicile veterinare mobile partenere vor fi amplasate \u00een urm\u0103toarele zone, : Sectorul 4 \u2013 \u0218oseaua Olteni\u021bei nr. [&hellip;]\" \/>\n<meta property=\"og:url\" content=\"https:\/\/buletin.de\/bucuresti\/aspa-sterilizarea-si-microciparea-cainilor-de-rasa-comuna-continua-toata-luna-aprilie\/\" \/>\n<meta property=\"og:site_name\" content=\"Buletin de Bucure\u0219ti\" \/>\n<meta property=\"article:publisher\" content=\"https:\/\/www.facebook.com\/buletin.de.buc\" \/>\n<meta property=\"article:published_time\" content=\"2024-04-03T10:35:16+00:00\" \/>\n<meta property=\"article:modified_time\" content=\"2024-04-03T10:35:17+00:00\" \/>\n<meta property=\"og:image\" content=\"https:\/\/buletin.de\/bucuresti\/wp-content\/uploads\/cutu.jpeg\" \/>\n\t<meta property=\"og:image:width\" content=\"768\" \/>\n\t<meta property=\"og:image:height\" content=\"576\" \/>\n\t<meta property=\"og:image:type\" content=\"image\/jpeg\" \/>\n<meta name=\"author\" content=\"Diana Matei\" \/>\n<meta name=\"twitter:card\" content=\"summary_large_image\" \/>\n<meta name=\"twitter:label1\" content=\"Written by\" \/>\n\t<meta name=\"twitter:data1\" content=\"Diana Matei\" \/>\n\t<meta name=\"twitter:label2\" content=\"Estimated reading time\" \/>\n\t<meta name=\"twitter:data2\" content=\"1 minute\" \/>\n<script type=\"application\/ld+json\" class=\"yoast-schema-graph\">{\"@context\":\"https:\\\/\\\/schema.org\",\"@graph\":[{\"@type\":\"Article\",\"@id\":\"https:\\\/\\\/buletin.de\\\/bucuresti\\\/aspa-sterilizarea-si-microciparea-cainilor-de-rasa-comuna-continua-toata-luna-aprilie\\\/#article\",\"isPartOf\":{\"@id\":\"https:\\\/\\\/buletin.de\\\/bucuresti\\\/aspa-sterilizarea-si-microciparea-cainilor-de-rasa-comuna-continua-toata-luna-aprilie\\\/\"},\"author\":{\"name\":\"Diana Matei\",\"@id\":\"https:\\\/\\\/buletin.de\\\/bucuresti\\\/#\\\/schema\\\/person\\\/7e46040573290777280a0835d81ea4ea\"},\"headline\":\"ASPA | Sterilizarea \u0219i microciparea c\u00e2inilor de ras\u0103 comun\u0103 continu\u0103, toat\u0103 luna aprilie\",\"datePublished\":\"2024-04-03T10:35:16+00:00\",\"dateModified\":\"2024-04-03T10:35:17+00:00\",\"mainEntityOfPage\":{\"@id\":\"https:\\\/\\\/buletin.de\\\/bucuresti\\\/aspa-sterilizarea-si-microciparea-cainilor-de-rasa-comuna-continua-toata-luna-aprilie\\\/\"},\"wordCount\":171,\"publisher\":{\"@id\":\"https:\\\/\\\/buletin.de\\\/bucuresti\\\/#organization\"},\"image\":{\"@id\":\"https:\\\/\\\/buletin.de\\\/bucuresti\\\/aspa-sterilizarea-si-microciparea-cainilor-de-rasa-comuna-continua-toata-luna-aprilie\\\/#primaryimage\"},\"thumbnailUrl\":\"https:\\\/\\\/buletin.de\\\/bucuresti\\\/wp-content\\\/uploads\\\/cutu.jpeg\",\"keywords\":[\"aspa\",\"campanie ASPA\",\"microcipari\",\"primaria capitalei\",\"sterilizari gratuite\"],\"articleSection\":[\"Articole\",\"\u0218tiri\"],\"inLanguage\":\"en-GB\",\"copyrightYear\":\"2024\",\"copyrightHolder\":{\"@id\":\"https:\\\/\\\/buletin.de\\\/bucuresti\\\/#organization\"}},{\"@type\":\"WebPage\",\"@id\":\"https:\\\/\\\/buletin.de\\\/bucuresti\\\/aspa-sterilizarea-si-microciparea-cainilor-de-rasa-comuna-continua-toata-luna-aprilie\\\/\",\"url\":\"https:\\\/\\\/buletin.de\\\/bucuresti\\\/aspa-sterilizarea-si-microciparea-cainilor-de-rasa-comuna-continua-toata-luna-aprilie\\\/\",\"name\":\"ASPA | Sterilizarea \u0219i microciparea c\u00e2inilor de ras\u0103 comun\u0103 continu\u0103, toat\u0103 luna aprilie - Buletin de Bucure\u0219ti\",\"isPartOf\":{\"@id\":\"https:\\\/\\\/buletin.de\\\/bucuresti\\\/#website\"},\"primaryImageOfPage\":{\"@id\":\"https:\\\/\\\/buletin.de\\\/bucuresti\\\/aspa-sterilizarea-si-microciparea-cainilor-de-rasa-comuna-continua-toata-luna-aprilie\\\/#primaryimage\"},\"image\":{\"@id\":\"https:\\\/\\\/buletin.de\\\/bucuresti\\\/aspa-sterilizarea-si-microciparea-cainilor-de-rasa-comuna-continua-toata-luna-aprilie\\\/#primaryimage\"},\"thumbnailUrl\":\"https:\\\/\\\/buletin.de\\\/bucuresti\\\/wp-content\\\/uploads\\\/cutu.jpeg\",\"datePublished\":\"2024-04-03T10:35:16+00:00\",\"dateModified\":\"2024-04-03T10:35:17+00:00\",\"breadcrumb\":{\"@id\":\"https:\\\/\\\/buletin.de\\\/bucuresti\\\/aspa-sterilizarea-si-microciparea-cainilor-de-rasa-comuna-continua-toata-luna-aprilie\\\/#breadcrumb\"},\"inLanguage\":\"en-GB\",\"potentialAction\":[{\"@type\":\"ReadAction\",\"target\":[\"https:\\\/\\\/buletin.de\\\/bucuresti\\\/aspa-sterilizarea-si-microciparea-cainilor-de-rasa-comuna-continua-toata-luna-aprilie\\\/\"]}]},{\"@type\":\"ImageObject\",\"inLanguage\":\"en-GB\",\"@id\":\"https:\\\/\\\/buletin.de\\\/bucuresti\\\/aspa-sterilizarea-si-microciparea-cainilor-de-rasa-comuna-continua-toata-luna-aprilie\\\/#primaryimage\",\"url\":\"https:\\\/\\\/buletin.de\\\/bucuresti\\\/wp-content\\\/uploads\\\/cutu.jpeg\",\"contentUrl\":\"https:\\\/\\\/buletin.de\\\/bucuresti\\\/wp-content\\\/uploads\\\/cutu.jpeg\",\"width\":768,\"height\":576,\"caption\":\"FOTO:Arhiva\"},{\"@type\":\"BreadcrumbList\",\"@id\":\"https:\\\/\\\/buletin.de\\\/bucuresti\\\/aspa-sterilizarea-si-microciparea-cainilor-de-rasa-comuna-continua-toata-luna-aprilie\\\/#breadcrumb\",\"itemListElement\":[{\"@type\":\"ListItem\",\"position\":1,\"name\":\"Acas\u0103\",\"item\":\"https:\\\/\\\/buletin.de\\\/bucuresti\\\/\"},{\"@type\":\"ListItem\",\"position\":2,\"name\":\"ASPA | Sterilizarea \u0219i microciparea c\u00e2inilor de ras\u0103 comun\u0103 continu\u0103, toat\u0103 luna aprilie\"}]},{\"@type\":\"WebSite\",\"@id\":\"https:\\\/\\\/buletin.de\\\/bucuresti\\\/#website\",\"url\":\"https:\\\/\\\/buletin.de\\\/bucuresti\\\/\",\"name\":\"Buletin de Bucure\u0219ti\",\"description\":\"\u0218tiri \u0219i investiga\u021bii esen\u021biale din capital\u0103\",\"publisher\":{\"@id\":\"https:\\\/\\\/buletin.de\\\/bucuresti\\\/#organization\"},\"potentialAction\":[{\"@type\":\"SearchAction\",\"target\":{\"@type\":\"EntryPoint\",\"urlTemplate\":\"https:\\\/\\\/buletin.de\\\/bucuresti\\\/?s={search_term_string}\"},\"query-input\":{\"@type\":\"PropertyValueSpecification\",\"valueRequired\":true,\"valueName\":\"search_term_string\"}}],\"inLanguage\":\"en-GB\"},{\"@type\":\"Organization\",\"@id\":\"https:\\\/\\\/buletin.de\\\/bucuresti\\\/#organization\",\"name\":\"Buletin de Bucure\u0219ti\",\"url\":\"https:\\\/\\\/buletin.de\\\/bucuresti\\\/\",\"logo\":{\"@type\":\"ImageObject\",\"inLanguage\":\"en-GB\",\"@id\":\"https:\\\/\\\/buletin.de\\\/bucuresti\\\/#\\\/schema\\\/logo\\\/image\\\/\",\"url\":\"https:\\\/\\\/buletin.de\\\/bucuresti\\\/wp-content\\\/uploads\\\/logo-bdb-full-wide-vernil-transparent.png\",\"contentUrl\":\"https:\\\/\\\/buletin.de\\\/bucuresti\\\/wp-content\\\/uploads\\\/logo-bdb-full-wide-vernil-transparent.png\",\"width\":1782,\"height\":626,\"caption\":\"Buletin de Bucure\u0219ti\"},\"image\":{\"@id\":\"https:\\\/\\\/buletin.de\\\/bucuresti\\\/#\\\/schema\\\/logo\\\/image\\\/\"},\"sameAs\":[\"https:\\\/\\\/www.facebook.com\\\/buletin.de.buc\",\"https:\\\/\\\/www.instagram.com\\\/buletinde.bucuresti\\\/\"]},{\"@type\":\"Person\",\"@id\":\"https:\\\/\\\/buletin.de\\\/bucuresti\\\/#\\\/schema\\\/person\\\/7e46040573290777280a0835d81ea4ea\",\"name\":\"Diana Matei\",\"image\":{\"@type\":\"ImageObject\",\"inLanguage\":\"en-GB\",\"@id\":\"https:\\\/\\\/buletin.de\\\/bucuresti\\\/wp-content\\\/uploads\\\/9-2-96x96.jpg1e8590b30871d70e62ebcdaf2eff570c\",\"url\":\"https:\\\/\\\/buletin.de\\\/bucuresti\\\/wp-content\\\/uploads\\\/9-2-96x96.jpg\",\"contentUrl\":\"https:\\\/\\\/buletin.de\\\/bucuresti\\\/wp-content\\\/uploads\\\/9-2-96x96.jpg\",\"caption\":\"Diana Matei\"},\"url\":\"https:\\\/\\\/buletin.de\\\/bucuresti\\\/author\\\/dianamatei\\\/\"}]}<\/script>\n<!-- \/ Yoast SEO Premium plugin. -->","yoast_head_json":{"title":"ASPA | Sterilizarea \u0219i microciparea c\u00e2inilor de ras\u0103 comun\u0103 continu\u0103, toat\u0103 luna aprilie - Buletin de Bucure\u0219ti","robots":{"index":"index","follow":"follow","max-snippet":"max-snippet:-1","max-image-preview":"max-image-preview:large","max-video-preview":"max-video-preview:-1"},"canonical":"https:\/\/buletin.de\/bucuresti\/aspa-sterilizarea-si-microciparea-cainilor-de-rasa-comuna-continua-toata-luna-aprilie\/","og_locale":"en_GB","og_type":"article","og_title":"ASPA | Sterilizarea \u0219i microciparea c\u00e2inilor de ras\u0103 comun\u0103 continu\u0103, toat\u0103 luna aprilie","og_description":"ASPA continu\u0103 campania de steriliz\u0103ri gratuite ale c\u00e2inilor de ras\u0103 comun\u0103, \u00een urm\u0103toarele patru weekenduri. Campania se adreseaz\u0103 doar cet\u0103\u021benilor municipiului Bucure\u0219ti. Pentru program\u0103ri, se poate apela numarul de telefon 0743.204.942, de luni p\u00e2n\u0103 vineri, \u00eentre orele 09:00-16:00. Clinicile veterinare mobile partenere vor fi amplasate \u00een urm\u0103toarele zone, : Sectorul 4 \u2013 \u0218oseaua Olteni\u021bei nr. [&hellip;]","og_url":"https:\/\/buletin.de\/bucuresti\/aspa-sterilizarea-si-microciparea-cainilor-de-rasa-comuna-continua-toata-luna-aprilie\/","og_site_name":"Buletin de Bucure\u0219ti","article_publisher":"https:\/\/www.facebook.com\/buletin.de.buc","article_published_time":"2024-04-03T10:35:16+00:00","article_modified_time":"2024-04-03T10:35:17+00:00","og_image":[{"width":768,"height":576,"url":"https:\/\/buletin.de\/bucuresti\/wp-content\/uploads\/cutu.jpeg","type":"image\/jpeg"}],"author":"Diana Matei","twitter_card":"summary_large_image","twitter_misc":{"Written by":"Diana Matei","Estimated reading time":"1 minute"},"schema":{"@context":"https:\/\/schema.org","@graph":[{"@type":"Article","@id":"https:\/\/buletin.de\/bucuresti\/aspa-sterilizarea-si-microciparea-cainilor-de-rasa-comuna-continua-toata-luna-aprilie\/#article","isPartOf":{"@id":"https:\/\/buletin.de\/bucuresti\/aspa-sterilizarea-si-microciparea-cainilor-de-rasa-comuna-continua-toata-luna-aprilie\/"},"author":{"name":"Diana Matei","@id":"https:\/\/buletin.de\/bucuresti\/#\/schema\/person\/7e46040573290777280a0835d81ea4ea"},"headline":"ASPA | Sterilizarea \u0219i microciparea c\u00e2inilor de ras\u0103 comun\u0103 continu\u0103, toat\u0103 luna aprilie","datePublished":"2024-04-03T10:35:16+00:00","dateModified":"2024-04-03T10:35:17+00:00","mainEntityOfPage":{"@id":"https:\/\/buletin.de\/bucuresti\/aspa-sterilizarea-si-microciparea-cainilor-de-rasa-comuna-continua-toata-luna-aprilie\/"},"wordCount":171,"publisher":{"@id":"https:\/\/buletin.de\/bucuresti\/#organization"},"image":{"@id":"https:\/\/buletin.de\/bucuresti\/aspa-sterilizarea-si-microciparea-cainilor-de-rasa-comuna-continua-toata-luna-aprilie\/#primaryimage"},"thumbnailUrl":"https:\/\/buletin.de\/bucuresti\/wp-content\/uploads\/cutu.jpeg","keywords":["aspa","campanie ASPA","microcipari","primaria capitalei","sterilizari gratuite"],"articleSection":["Articole","\u0218tiri"],"inLanguage":"en-GB","copyrightYear":"2024","copyrightHolder":{"@id":"https:\/\/buletin.de\/bucuresti\/#organization"}},{"@type":"WebPage","@id":"https:\/\/buletin.de\/bucuresti\/aspa-sterilizarea-si-microciparea-cainilor-de-rasa-comuna-continua-toata-luna-aprilie\/","url":"https:\/\/buletin.de\/bucuresti\/aspa-sterilizarea-si-microciparea-cainilor-de-rasa-comuna-continua-toata-luna-aprilie\/","name":"ASPA | Sterilizarea \u0219i microciparea c\u00e2inilor de ras\u0103 comun\u0103 continu\u0103, toat\u0103 luna aprilie - Buletin de Bucure\u0219ti","isPartOf":{"@id":"https:\/\/buletin.de\/bucuresti\/#website"},"primaryImageOfPage":{"@id":"https:\/\/buletin.de\/bucuresti\/aspa-sterilizarea-si-microciparea-cainilor-de-rasa-comuna-continua-toata-luna-aprilie\/#primaryimage"},"image":{"@id":"https:\/\/buletin.de\/bucuresti\/aspa-sterilizarea-si-microciparea-cainilor-de-rasa-comuna-continua-toata-luna-aprilie\/#primaryimage"},"thumbnailUrl":"https:\/\/buletin.de\/bucuresti\/wp-content\/uploads\/cutu.jpeg","datePublished":"2024-04-03T10:35:16+00:00","dateModified":"2024-04-03T10:35:17+00:00","breadcrumb":{"@id":"https:\/\/buletin.de\/bucuresti\/aspa-sterilizarea-si-microciparea-cainilor-de-rasa-comuna-continua-toata-luna-aprilie\/#breadcrumb"},"inLanguage":"en-GB","potentialAction":[{"@type":"ReadAction","target":["https:\/\/buletin.de\/bucuresti\/aspa-sterilizarea-si-microciparea-cainilor-de-rasa-comuna-continua-toata-luna-aprilie\/"]}]},{"@type":"ImageObject","inLanguage":"en-GB","@id":"https:\/\/buletin.de\/bucuresti\/aspa-sterilizarea-si-microciparea-cainilor-de-rasa-comuna-continua-toata-luna-aprilie\/#primaryimage","url":"https:\/\/buletin.de\/bucuresti\/wp-content\/uploads\/cutu.jpeg","contentUrl":"https:\/\/buletin.de\/bucuresti\/wp-content\/uploads\/cutu.jpeg","width":768,"height":576,"caption":"FOTO:Arhiva"},{"@type":"BreadcrumbList","@id":"https:\/\/buletin.de\/bucuresti\/aspa-sterilizarea-si-microciparea-cainilor-de-rasa-comuna-continua-toata-luna-aprilie\/#breadcrumb","itemListElement":[{"@type":"ListItem","position":1,"name":"Acas\u0103","item":"https:\/\/buletin.de\/bucuresti\/"},{"@type":"ListItem","position":2,"name":"ASPA | Sterilizarea \u0219i microciparea c\u00e2inilor de ras\u0103 comun\u0103 continu\u0103, toat\u0103 luna aprilie"}]},{"@type":"WebSite","@id":"https:\/\/buletin.de\/bucuresti\/#website","url":"https:\/\/buletin.de\/bucuresti\/","name":"Buletin de Bucure\u0219ti","description":"\u0218tiri \u0219i investiga\u021bii esen\u021biale din capital\u0103","publisher":{"@id":"https:\/\/buletin.de\/bucuresti\/#organization"},"potentialAction":[{"@type":"SearchAction","target":{"@type":"EntryPoint","urlTemplate":"https:\/\/buletin.de\/bucuresti\/?s={search_term_string}"},"query-input":{"@type":"PropertyValueSpecification","valueRequired":true,"valueName":"search_term_string"}}],"inLanguage":"en-GB"},{"@type":"Organization","@id":"https:\/\/buletin.de\/bucuresti\/#organization","name":"Buletin de Bucure\u0219ti","url":"https:\/\/buletin.de\/bucuresti\/","logo":{"@type":"ImageObject","inLanguage":"en-GB","@id":"https:\/\/buletin.de\/bucuresti\/#\/schema\/logo\/image\/","url":"https:\/\/buletin.de\/bucuresti\/wp-content\/uploads\/logo-bdb-full-wide-vernil-transparent.png","contentUrl":"https:\/\/buletin.de\/bucuresti\/wp-content\/uploads\/logo-bdb-full-wide-vernil-transparent.png","width":1782,"height":626,"caption":"Buletin de Bucure\u0219ti"},"image":{"@id":"https:\/\/buletin.de\/bucuresti\/#\/schema\/logo\/image\/"},"sameAs":["https:\/\/www.facebook.com\/buletin.de.buc","https:\/\/www.instagram.com\/buletinde.bucuresti\/"]},{"@type":"Person","@id":"https:\/\/buletin.de\/bucuresti\/#\/schema\/person\/7e46040573290777280a0835d81ea4ea","name":"Diana Matei","image":{"@type":"ImageObject","inLanguage":"en-GB","@id":"https:\/\/buletin.de\/bucuresti\/wp-content\/uploads\/9-2-96x96.jpg1e8590b30871d70e62ebcdaf2eff570c","url":"https:\/\/buletin.de\/bucuresti\/wp-content\/uploads\/9-2-96x96.jpg","contentUrl":"https:\/\/buletin.de\/bucuresti\/wp-content\/uploads\/9-2-96x96.jpg","caption":"Diana Matei"},"url":"https:\/\/buletin.de\/bucuresti\/author\/dianamatei\/"}]}},"authors":[{"term_id":22574,"user_id":49,"is_guest":0,"slug":"dianamatei","display_name":"Diana Matei","avatar_url":"https:\/\/buletin.de\/bucuresti\/wp-content\/uploads\/9-2-96x96.jpg","0":null,"1":"","2":"","3":"","4":"","5":"","6":"","7":"","8":""}],"_links":{"self":[{"href":"https:\/\/buletin.de\/bucuresti\/wp-json\/wp\/v2\/posts\/81866","targetHints":{"allow":["GET"]}}],"collection":[{"href":"https:\/\/buletin.de\/bucuresti\/wp-json\/wp\/v2\/posts"}],"about":[{"href":"https:\/\/buletin.de\/bucuresti\/wp-json\/wp\/v2\/types\/post"}],"author":[{"embeddable":true,"href":"https:\/\/buletin.de\/bucuresti\/wp-json\/wp\/v2\/users\/49"}],"replies":[{"embeddable":true,"href":"https:\/\/buletin.de\/bucuresti\/wp-json\/wp\/v2\/comments?post=81866"}],"version-history":[{"count":3,"href":"https:\/\/buletin.de\/bucuresti\/wp-json\/wp\/v2\/posts\/81866\/revisions"}],"predecessor-version":[{"id":81871,"href":"https:\/\/buletin.de\/bucuresti\/wp-json\/wp\/v2\/posts\/81866\/revisions\/81871"}],"wp:featuredmedia":[{"embeddable":true,"href":"https:\/\/buletin.de\/bucuresti\/wp-json\/wp\/v2\/media\/81867"}],"wp:attachment":[{"href":"https:\/\/buletin.de\/bucuresti\/wp-json\/wp\/v2\/media?parent=81866"}],"wp:term":[{"taxonomy":"category","embeddable":true,"href":"https:\/\/buletin.de\/bucuresti\/wp-json\/wp\/v2\/categories?post=81866"},{"taxonomy":"post_tag","embeddable":true,"href":"https:\/\/buletin.de\/bucuresti\/wp-json\/wp\/v2\/tags?post=81866"},{"taxonomy":"author","embeddable":true,"href":"https:\/\/buletin.de\/bucuresti\/wp-json\/wp\/v2\/ppma_author?post=81866"}],"curies":[{"name":"wp","href":"https:\/\/api.w.org\/{rel}","templated":true}]}}