{"id":8181,"date":"2020-06-15T11:17:50","date_gmt":"2020-06-15T08:17:50","guid":{"rendered":"https:\/\/buletin.de\/bucuresti\/?p=8181"},"modified":"2020-06-16T09:41:26","modified_gmt":"2020-06-16T06:41:26","slug":"vara-asta-incotro-harta-tarilor-unde-putem-calatori-de-la-15-iunie","status":"publish","type":"post","link":"https:\/\/buletin.de\/bucuresti\/vara-asta-incotro-harta-tarilor-unde-putem-calatori-de-la-15-iunie\/","title":{"rendered":"Vara asta, \u00eencotro? Harta \u021b\u0103rilor unde putem c\u0103l\u0103tori de la 15 iunie"},"content":{"rendered":"\n<p><strong>\u00cencep\u00e2nd de azi, 15 iunie, nu mai trebuie s\u0103 stea \u00een izolare cei care se \u00eentorc din Austria, Bulgaria, Germania, Grecia, Norvegia, Ungaria \u0219i alte state, conform Comitetului Na\u0163ional pentru Situa\u0163ii de Urgen\u0163\u0103.<\/strong> <strong>Tot de azi se reiau \u0219i leg\u0103turile aeriene cu aceste state.<\/strong><\/p>\n\n\n\n<p>Zborurile c\u0103tre Belgia, Fran\u0163a, Italia, Marea Britanie, Olanda, Spania \u015fi Turcia sunt \u00een continuare suspendate, a declarat Ministrul Transporturilor Lucian Bode pentru Digi24. Intrarea \u0219i ie\u0219irea din aceste \u021b\u0103ri nu este interzis\u0103, \u00eens\u0103 c\u0103l\u0103torii trebuie s\u0103 intre \u00een izolare la domiciliu pentru 14 zile at\u00e2t la intrarea \u00een aceste \u021b\u0103ri, c\u00e2t \u0219i la revenirea \u00een Rom\u00e2nia.<\/p>\n\n\n\n<div class=\"infogram-embed\" data-id=\"2389655e-e7be-4329-8b88-e294bb41c665\" data-type=\"interactive\" data-title=\"Hart\u0103-c\u0103l\u0103torie-1\"><\/div><script>!function(e,i,n,s){var t=\"InfogramEmbeds\",d=e.getElementsByTagName(\"script\")[0];if(window[t]&&window[t].initialized)window[t].process&&window[t].process();else if(!e.getElementById(n)){var o=e.createElement(\"script\");o.async=1,o.id=n,o.src=\"https:\/\/e.infogram.com\/js\/dist\/embed-loader-min.js\",d.parentNode.insertBefore(o,d)}}(document,0,\"infogram-async\");<\/script>\n\n\n\n<p>Regula dup\u0103 care se stabile\u0219te eliminarea izol\u0103rii obligatorii este ca o \u021bar\u0103 s\u0103 \u00eenregistreze cel mult 5 cazuri noi la un milion de locuitori, a declarat  Prim Ministrul Ludovic Orban joi.<\/p>\n\n\n\n<p>Excep\u021bia se aplic\u0103 doar persoanelor asimptomatice care sosesc din astfel de \u021b\u0103ri.<\/p>\n\n\n\n<p><a href=\"http:\/\/www.cnscbt.ro\/index.php\/liste-zone-afectate-covid-19\">Lista complet\u0103 a \u021b\u0103rilor<\/a> este publicat\u0103 pe site-ul Institutului Na\u021bional de S\u0103n\u0103tate Public\u0103 (INSP) \u0219i va fi actualizat\u0103 s\u0103pt\u0103m\u00e2nal, \u00een fiecare luni. <\/p>\n\n\n\n<p>Persoanele care sosesc dintr-o c\u0103l\u0103torie dintr-o \u021bar\u0103 care nu este inclus\u0103 \u00een lista INSP trebuie s\u0103 intre \u00een izolare pentru 14 zile. Izolarea se aplic\u0103 \u0219i celoralalte persoane care locuiesc la aceea\u0219i adres\u0103.<\/p>\n","protected":false},"excerpt":{"rendered":"<p>\u00cencep\u00e2nd de azi, 15 iunie, nu mai trebuie s\u0103 stea \u00een izolare cei care se \u00eentorc din Austria, Bulgaria, Germania, Grecia, Norvegia, Ungaria \u0219i alte state, conform Comitetului Na\u0163ional pentru Situa\u0163ii de Urgen\u0163\u0103. Tot de azi se reiau \u0219i leg\u0103turile aeriene cu aceste state. Zborurile c\u0103tre Belgia, Fran\u0163a, Italia, Marea Britanie, Olanda, Spania \u015fi Turcia [&hellip;]<\/p>\n","protected":false},"author":15,"featured_media":8188,"comment_status":"closed","ping_status":"open","sticky":false,"template":"","format":"standard","meta":{"_acf_changed":false,"inline_featured_image":false,"ngg_post_thumbnail":0,"footnotes":""},"categories":[996,62,650],"tags":[597,1155,643,1157,1158,787,401,208,102,186,1156],"ppma_author":[22592],"class_list":["post-8181","post","type-post","status-publish","format-standard","has-post-thumbnail","hentry","category-covid-19","category-stiri","category-transport","tag-calatori","tag-calatorie","tag-covid19","tag-europa","tag-harta","tag-restrictii-circulatie","tag-transport","tag-turism","tag-vacanta","tag-vara","tag-zboruri"],"acf":[],"yoast_head":"<!-- This site is optimized with the Yoast SEO Premium plugin v25.3 (Yoast SEO v27.5) - https:\/\/yoast.com\/product\/yoast-seo-premium-wordpress\/ -->\n<title>Vara asta, \u00eencotro? Harta \u021b\u0103rilor unde putem c\u0103l\u0103tori de la 15 iunie - Buletin de Bucure\u0219ti<\/title>\n<meta name=\"robots\" content=\"index, follow, max-snippet:-1, max-image-preview:large, max-video-preview:-1\" \/>\n<link rel=\"canonical\" href=\"https:\/\/buletin.de\/bucuresti\/vara-asta-incotro-harta-tarilor-unde-putem-calatori-de-la-15-iunie\/\" \/>\n<meta property=\"og:locale\" content=\"en_GB\" \/>\n<meta property=\"og:type\" content=\"article\" \/>\n<meta property=\"og:title\" content=\"Vara asta, \u00eencotro? Harta \u021b\u0103rilor unde putem c\u0103l\u0103tori de la 15 iunie\" \/>\n<meta property=\"og:description\" content=\"\u00cencep\u00e2nd de azi, 15 iunie, nu mai trebuie s\u0103 stea \u00een izolare cei care se \u00eentorc din Austria, Bulgaria, Germania, Grecia, Norvegia, Ungaria \u0219i alte state, conform Comitetului Na\u0163ional pentru Situa\u0163ii de Urgen\u0163\u0103. Tot de azi se reiau \u0219i leg\u0103turile aeriene cu aceste state. Zborurile c\u0103tre Belgia, Fran\u0163a, Italia, Marea Britanie, Olanda, Spania \u015fi Turcia [&hellip;]\" \/>\n<meta property=\"og:url\" content=\"https:\/\/buletin.de\/bucuresti\/vara-asta-incotro-harta-tarilor-unde-putem-calatori-de-la-15-iunie\/\" \/>\n<meta property=\"og:site_name\" content=\"Buletin de Bucure\u0219ti\" \/>\n<meta property=\"article:publisher\" content=\"https:\/\/www.facebook.com\/buletin.de.buc\" \/>\n<meta property=\"article:published_time\" content=\"2020-06-15T08:17:50+00:00\" \/>\n<meta property=\"article:modified_time\" content=\"2020-06-16T06:41:26+00:00\" \/>\n<meta property=\"og:image\" content=\"https:\/\/buletin.de\/bucuresti\/wp-content\/uploads\/Screen-Shot-2020-06-15-at-10.59.29.png\" \/>\n\t<meta property=\"og:image:width\" content=\"1440\" \/>\n\t<meta property=\"og:image:height\" content=\"990\" \/>\n\t<meta property=\"og:image:type\" content=\"image\/png\" \/>\n<meta name=\"author\" content=\"Irina Anghel\" \/>\n<meta name=\"twitter:card\" content=\"summary_large_image\" \/>\n<meta name=\"twitter:label1\" content=\"Written by\" \/>\n\t<meta name=\"twitter:data1\" content=\"Irina Anghel\" \/>\n\t<meta name=\"twitter:label2\" content=\"Estimated reading time\" \/>\n\t<meta name=\"twitter:data2\" content=\"1 minute\" \/>\n<script type=\"application\/ld+json\" class=\"yoast-schema-graph\">{\"@context\":\"https:\\\/\\\/schema.org\",\"@graph\":[{\"@type\":\"Article\",\"@id\":\"https:\\\/\\\/buletin.de\\\/bucuresti\\\/vara-asta-incotro-harta-tarilor-unde-putem-calatori-de-la-15-iunie\\\/#article\",\"isPartOf\":{\"@id\":\"https:\\\/\\\/buletin.de\\\/bucuresti\\\/vara-asta-incotro-harta-tarilor-unde-putem-calatori-de-la-15-iunie\\\/\"},\"author\":{\"name\":\"Irina Anghel\",\"@id\":\"https:\\\/\\\/buletin.de\\\/bucuresti\\\/#\\\/schema\\\/person\\\/7a01591ad05c4d2c7261fe7f0383d2af\"},\"headline\":\"Vara asta, \u00eencotro? Harta \u021b\u0103rilor unde putem c\u0103l\u0103tori de la 15 iunie\",\"datePublished\":\"2020-06-15T08:17:50+00:00\",\"dateModified\":\"2020-06-16T06:41:26+00:00\",\"mainEntityOfPage\":{\"@id\":\"https:\\\/\\\/buletin.de\\\/bucuresti\\\/vara-asta-incotro-harta-tarilor-unde-putem-calatori-de-la-15-iunie\\\/\"},\"wordCount\":231,\"publisher\":{\"@id\":\"https:\\\/\\\/buletin.de\\\/bucuresti\\\/#organization\"},\"image\":{\"@id\":\"https:\\\/\\\/buletin.de\\\/bucuresti\\\/vara-asta-incotro-harta-tarilor-unde-putem-calatori-de-la-15-iunie\\\/#primaryimage\"},\"thumbnailUrl\":\"https:\\\/\\\/buletin.de\\\/bucuresti\\\/wp-content\\\/uploads\\\/Screen-Shot-2020-06-15-at-10.59.29.png\",\"keywords\":[\"calatori\",\"calatorie\",\"covid19\",\"europa\",\"harta\",\"restrictii circulatie\",\"transport\",\"turism\",\"vacanta\",\"vara\",\"zboruri\"],\"articleSection\":[\"Covid-19\",\"\u0218tiri\",\"Transport\"],\"inLanguage\":\"en-GB\",\"copyrightYear\":\"2020\",\"copyrightHolder\":{\"@id\":\"https:\\\/\\\/buletin.de\\\/bucuresti\\\/#organization\"}},{\"@type\":\"WebPage\",\"@id\":\"https:\\\/\\\/buletin.de\\\/bucuresti\\\/vara-asta-incotro-harta-tarilor-unde-putem-calatori-de-la-15-iunie\\\/\",\"url\":\"https:\\\/\\\/buletin.de\\\/bucuresti\\\/vara-asta-incotro-harta-tarilor-unde-putem-calatori-de-la-15-iunie\\\/\",\"name\":\"Vara asta, \u00eencotro? Harta \u021b\u0103rilor unde putem c\u0103l\u0103tori de la 15 iunie - Buletin de Bucure\u0219ti\",\"isPartOf\":{\"@id\":\"https:\\\/\\\/buletin.de\\\/bucuresti\\\/#website\"},\"primaryImageOfPage\":{\"@id\":\"https:\\\/\\\/buletin.de\\\/bucuresti\\\/vara-asta-incotro-harta-tarilor-unde-putem-calatori-de-la-15-iunie\\\/#primaryimage\"},\"image\":{\"@id\":\"https:\\\/\\\/buletin.de\\\/bucuresti\\\/vara-asta-incotro-harta-tarilor-unde-putem-calatori-de-la-15-iunie\\\/#primaryimage\"},\"thumbnailUrl\":\"https:\\\/\\\/buletin.de\\\/bucuresti\\\/wp-content\\\/uploads\\\/Screen-Shot-2020-06-15-at-10.59.29.png\",\"datePublished\":\"2020-06-15T08:17:50+00:00\",\"dateModified\":\"2020-06-16T06:41:26+00:00\",\"breadcrumb\":{\"@id\":\"https:\\\/\\\/buletin.de\\\/bucuresti\\\/vara-asta-incotro-harta-tarilor-unde-putem-calatori-de-la-15-iunie\\\/#breadcrumb\"},\"inLanguage\":\"en-GB\",\"potentialAction\":[{\"@type\":\"ReadAction\",\"target\":[\"https:\\\/\\\/buletin.de\\\/bucuresti\\\/vara-asta-incotro-harta-tarilor-unde-putem-calatori-de-la-15-iunie\\\/\"]}]},{\"@type\":\"ImageObject\",\"inLanguage\":\"en-GB\",\"@id\":\"https:\\\/\\\/buletin.de\\\/bucuresti\\\/vara-asta-incotro-harta-tarilor-unde-putem-calatori-de-la-15-iunie\\\/#primaryimage\",\"url\":\"https:\\\/\\\/buletin.de\\\/bucuresti\\\/wp-content\\\/uploads\\\/Screen-Shot-2020-06-15-at-10.59.29.png\",\"contentUrl\":\"https:\\\/\\\/buletin.de\\\/bucuresti\\\/wp-content\\\/uploads\\\/Screen-Shot-2020-06-15-at-10.59.29.png\",\"width\":1440,\"height\":990},{\"@type\":\"BreadcrumbList\",\"@id\":\"https:\\\/\\\/buletin.de\\\/bucuresti\\\/vara-asta-incotro-harta-tarilor-unde-putem-calatori-de-la-15-iunie\\\/#breadcrumb\",\"itemListElement\":[{\"@type\":\"ListItem\",\"position\":1,\"name\":\"Acas\u0103\",\"item\":\"https:\\\/\\\/buletin.de\\\/bucuresti\\\/\"},{\"@type\":\"ListItem\",\"position\":2,\"name\":\"Vara asta, \u00eencotro? Harta \u021b\u0103rilor unde putem c\u0103l\u0103tori de la 15 iunie\"}]},{\"@type\":\"WebSite\",\"@id\":\"https:\\\/\\\/buletin.de\\\/bucuresti\\\/#website\",\"url\":\"https:\\\/\\\/buletin.de\\\/bucuresti\\\/\",\"name\":\"Buletin de Bucure\u0219ti\",\"description\":\"\u0218tiri \u0219i investiga\u021bii esen\u021biale din capital\u0103\",\"publisher\":{\"@id\":\"https:\\\/\\\/buletin.de\\\/bucuresti\\\/#organization\"},\"potentialAction\":[{\"@type\":\"SearchAction\",\"target\":{\"@type\":\"EntryPoint\",\"urlTemplate\":\"https:\\\/\\\/buletin.de\\\/bucuresti\\\/?s={search_term_string}\"},\"query-input\":{\"@type\":\"PropertyValueSpecification\",\"valueRequired\":true,\"valueName\":\"search_term_string\"}}],\"inLanguage\":\"en-GB\"},{\"@type\":\"Organization\",\"@id\":\"https:\\\/\\\/buletin.de\\\/bucuresti\\\/#organization\",\"name\":\"Buletin de Bucure\u0219ti\",\"url\":\"https:\\\/\\\/buletin.de\\\/bucuresti\\\/\",\"logo\":{\"@type\":\"ImageObject\",\"inLanguage\":\"en-GB\",\"@id\":\"https:\\\/\\\/buletin.de\\\/bucuresti\\\/#\\\/schema\\\/logo\\\/image\\\/\",\"url\":\"https:\\\/\\\/buletin.de\\\/bucuresti\\\/wp-content\\\/uploads\\\/logo-bdb-full-wide-vernil-transparent.png\",\"contentUrl\":\"https:\\\/\\\/buletin.de\\\/bucuresti\\\/wp-content\\\/uploads\\\/logo-bdb-full-wide-vernil-transparent.png\",\"width\":1782,\"height\":626,\"caption\":\"Buletin de Bucure\u0219ti\"},\"image\":{\"@id\":\"https:\\\/\\\/buletin.de\\\/bucuresti\\\/#\\\/schema\\\/logo\\\/image\\\/\"},\"sameAs\":[\"https:\\\/\\\/www.facebook.com\\\/buletin.de.buc\",\"https:\\\/\\\/www.instagram.com\\\/buletinde.bucuresti\\\/\"]},{\"@type\":\"Person\",\"@id\":\"https:\\\/\\\/buletin.de\\\/bucuresti\\\/#\\\/schema\\\/person\\\/7a01591ad05c4d2c7261fe7f0383d2af\",\"name\":\"Irina Anghel\",\"image\":{\"@type\":\"ImageObject\",\"inLanguage\":\"en-GB\",\"@id\":\"https:\\\/\\\/secure.gravatar.com\\\/avatar\\\/e7d429cbd0c7fe915f817961c0ffb96b407bc87e15aa35cee85f77146f8cce7e?s=96&d=monsterid&r=g693374df2a66e3f4935d210ea15b95ff\",\"url\":\"https:\\\/\\\/secure.gravatar.com\\\/avatar\\\/e7d429cbd0c7fe915f817961c0ffb96b407bc87e15aa35cee85f77146f8cce7e?s=96&d=monsterid&r=g\",\"contentUrl\":\"https:\\\/\\\/secure.gravatar.com\\\/avatar\\\/e7d429cbd0c7fe915f817961c0ffb96b407bc87e15aa35cee85f77146f8cce7e?s=96&d=monsterid&r=g\",\"caption\":\"Irina Anghel\"},\"url\":\"https:\\\/\\\/buletin.de\\\/bucuresti\\\/author\\\/irina\\\/\"}]}<\/script>\n<!-- \/ Yoast SEO Premium plugin. -->","yoast_head_json":{"title":"Vara asta, \u00eencotro? Harta \u021b\u0103rilor unde putem c\u0103l\u0103tori de la 15 iunie - Buletin de Bucure\u0219ti","robots":{"index":"index","follow":"follow","max-snippet":"max-snippet:-1","max-image-preview":"max-image-preview:large","max-video-preview":"max-video-preview:-1"},"canonical":"https:\/\/buletin.de\/bucuresti\/vara-asta-incotro-harta-tarilor-unde-putem-calatori-de-la-15-iunie\/","og_locale":"en_GB","og_type":"article","og_title":"Vara asta, \u00eencotro? Harta \u021b\u0103rilor unde putem c\u0103l\u0103tori de la 15 iunie","og_description":"\u00cencep\u00e2nd de azi, 15 iunie, nu mai trebuie s\u0103 stea \u00een izolare cei care se \u00eentorc din Austria, Bulgaria, Germania, Grecia, Norvegia, Ungaria \u0219i alte state, conform Comitetului Na\u0163ional pentru Situa\u0163ii de Urgen\u0163\u0103. Tot de azi se reiau \u0219i leg\u0103turile aeriene cu aceste state. Zborurile c\u0103tre Belgia, Fran\u0163a, Italia, Marea Britanie, Olanda, Spania \u015fi Turcia [&hellip;]","og_url":"https:\/\/buletin.de\/bucuresti\/vara-asta-incotro-harta-tarilor-unde-putem-calatori-de-la-15-iunie\/","og_site_name":"Buletin de Bucure\u0219ti","article_publisher":"https:\/\/www.facebook.com\/buletin.de.buc","article_published_time":"2020-06-15T08:17:50+00:00","article_modified_time":"2020-06-16T06:41:26+00:00","og_image":[{"width":1440,"height":990,"url":"https:\/\/buletin.de\/bucuresti\/wp-content\/uploads\/Screen-Shot-2020-06-15-at-10.59.29.png","type":"image\/png"}],"author":"Irina Anghel","twitter_card":"summary_large_image","twitter_misc":{"Written by":"Irina Anghel","Estimated reading time":"1 minute"},"schema":{"@context":"https:\/\/schema.org","@graph":[{"@type":"Article","@id":"https:\/\/buletin.de\/bucuresti\/vara-asta-incotro-harta-tarilor-unde-putem-calatori-de-la-15-iunie\/#article","isPartOf":{"@id":"https:\/\/buletin.de\/bucuresti\/vara-asta-incotro-harta-tarilor-unde-putem-calatori-de-la-15-iunie\/"},"author":{"name":"Irina Anghel","@id":"https:\/\/buletin.de\/bucuresti\/#\/schema\/person\/7a01591ad05c4d2c7261fe7f0383d2af"},"headline":"Vara asta, \u00eencotro? Harta \u021b\u0103rilor unde putem c\u0103l\u0103tori de la 15 iunie","datePublished":"2020-06-15T08:17:50+00:00","dateModified":"2020-06-16T06:41:26+00:00","mainEntityOfPage":{"@id":"https:\/\/buletin.de\/bucuresti\/vara-asta-incotro-harta-tarilor-unde-putem-calatori-de-la-15-iunie\/"},"wordCount":231,"publisher":{"@id":"https:\/\/buletin.de\/bucuresti\/#organization"},"image":{"@id":"https:\/\/buletin.de\/bucuresti\/vara-asta-incotro-harta-tarilor-unde-putem-calatori-de-la-15-iunie\/#primaryimage"},"thumbnailUrl":"https:\/\/buletin.de\/bucuresti\/wp-content\/uploads\/Screen-Shot-2020-06-15-at-10.59.29.png","keywords":["calatori","calatorie","covid19","europa","harta","restrictii circulatie","transport","turism","vacanta","vara","zboruri"],"articleSection":["Covid-19","\u0218tiri","Transport"],"inLanguage":"en-GB","copyrightYear":"2020","copyrightHolder":{"@id":"https:\/\/buletin.de\/bucuresti\/#organization"}},{"@type":"WebPage","@id":"https:\/\/buletin.de\/bucuresti\/vara-asta-incotro-harta-tarilor-unde-putem-calatori-de-la-15-iunie\/","url":"https:\/\/buletin.de\/bucuresti\/vara-asta-incotro-harta-tarilor-unde-putem-calatori-de-la-15-iunie\/","name":"Vara asta, \u00eencotro? Harta \u021b\u0103rilor unde putem c\u0103l\u0103tori de la 15 iunie - Buletin de Bucure\u0219ti","isPartOf":{"@id":"https:\/\/buletin.de\/bucuresti\/#website"},"primaryImageOfPage":{"@id":"https:\/\/buletin.de\/bucuresti\/vara-asta-incotro-harta-tarilor-unde-putem-calatori-de-la-15-iunie\/#primaryimage"},"image":{"@id":"https:\/\/buletin.de\/bucuresti\/vara-asta-incotro-harta-tarilor-unde-putem-calatori-de-la-15-iunie\/#primaryimage"},"thumbnailUrl":"https:\/\/buletin.de\/bucuresti\/wp-content\/uploads\/Screen-Shot-2020-06-15-at-10.59.29.png","datePublished":"2020-06-15T08:17:50+00:00","dateModified":"2020-06-16T06:41:26+00:00","breadcrumb":{"@id":"https:\/\/buletin.de\/bucuresti\/vara-asta-incotro-harta-tarilor-unde-putem-calatori-de-la-15-iunie\/#breadcrumb"},"inLanguage":"en-GB","potentialAction":[{"@type":"ReadAction","target":["https:\/\/buletin.de\/bucuresti\/vara-asta-incotro-harta-tarilor-unde-putem-calatori-de-la-15-iunie\/"]}]},{"@type":"ImageObject","inLanguage":"en-GB","@id":"https:\/\/buletin.de\/bucuresti\/vara-asta-incotro-harta-tarilor-unde-putem-calatori-de-la-15-iunie\/#primaryimage","url":"https:\/\/buletin.de\/bucuresti\/wp-content\/uploads\/Screen-Shot-2020-06-15-at-10.59.29.png","contentUrl":"https:\/\/buletin.de\/bucuresti\/wp-content\/uploads\/Screen-Shot-2020-06-15-at-10.59.29.png","width":1440,"height":990},{"@type":"BreadcrumbList","@id":"https:\/\/buletin.de\/bucuresti\/vara-asta-incotro-harta-tarilor-unde-putem-calatori-de-la-15-iunie\/#breadcrumb","itemListElement":[{"@type":"ListItem","position":1,"name":"Acas\u0103","item":"https:\/\/buletin.de\/bucuresti\/"},{"@type":"ListItem","position":2,"name":"Vara asta, \u00eencotro? Harta \u021b\u0103rilor unde putem c\u0103l\u0103tori de la 15 iunie"}]},{"@type":"WebSite","@id":"https:\/\/buletin.de\/bucuresti\/#website","url":"https:\/\/buletin.de\/bucuresti\/","name":"Buletin de Bucure\u0219ti","description":"\u0218tiri \u0219i investiga\u021bii esen\u021biale din capital\u0103","publisher":{"@id":"https:\/\/buletin.de\/bucuresti\/#organization"},"potentialAction":[{"@type":"SearchAction","target":{"@type":"EntryPoint","urlTemplate":"https:\/\/buletin.de\/bucuresti\/?s={search_term_string}"},"query-input":{"@type":"PropertyValueSpecification","valueRequired":true,"valueName":"search_term_string"}}],"inLanguage":"en-GB"},{"@type":"Organization","@id":"https:\/\/buletin.de\/bucuresti\/#organization","name":"Buletin de Bucure\u0219ti","url":"https:\/\/buletin.de\/bucuresti\/","logo":{"@type":"ImageObject","inLanguage":"en-GB","@id":"https:\/\/buletin.de\/bucuresti\/#\/schema\/logo\/image\/","url":"https:\/\/buletin.de\/bucuresti\/wp-content\/uploads\/logo-bdb-full-wide-vernil-transparent.png","contentUrl":"https:\/\/buletin.de\/bucuresti\/wp-content\/uploads\/logo-bdb-full-wide-vernil-transparent.png","width":1782,"height":626,"caption":"Buletin de Bucure\u0219ti"},"image":{"@id":"https:\/\/buletin.de\/bucuresti\/#\/schema\/logo\/image\/"},"sameAs":["https:\/\/www.facebook.com\/buletin.de.buc","https:\/\/www.instagram.com\/buletinde.bucuresti\/"]},{"@type":"Person","@id":"https:\/\/buletin.de\/bucuresti\/#\/schema\/person\/7a01591ad05c4d2c7261fe7f0383d2af","name":"Irina Anghel","image":{"@type":"ImageObject","inLanguage":"en-GB","@id":"https:\/\/secure.gravatar.com\/avatar\/e7d429cbd0c7fe915f817961c0ffb96b407bc87e15aa35cee85f77146f8cce7e?s=96&d=monsterid&r=g693374df2a66e3f4935d210ea15b95ff","url":"https:\/\/secure.gravatar.com\/avatar\/e7d429cbd0c7fe915f817961c0ffb96b407bc87e15aa35cee85f77146f8cce7e?s=96&d=monsterid&r=g","contentUrl":"https:\/\/secure.gravatar.com\/avatar\/e7d429cbd0c7fe915f817961c0ffb96b407bc87e15aa35cee85f77146f8cce7e?s=96&d=monsterid&r=g","caption":"Irina Anghel"},"url":"https:\/\/buletin.de\/bucuresti\/author\/irina\/"}]}},"authors":[{"term_id":22592,"user_id":15,"is_guest":0,"slug":"irina","display_name":"Irina Anghel","avatar_url":"https:\/\/secure.gravatar.com\/avatar\/e7d429cbd0c7fe915f817961c0ffb96b407bc87e15aa35cee85f77146f8cce7e?s=96&d=monsterid&r=g","0":null,"1":"","2":"","3":"","4":"","5":"","6":"","7":"","8":""}],"_links":{"self":[{"href":"https:\/\/buletin.de\/bucuresti\/wp-json\/wp\/v2\/posts\/8181","targetHints":{"allow":["GET"]}}],"collection":[{"href":"https:\/\/buletin.de\/bucuresti\/wp-json\/wp\/v2\/posts"}],"about":[{"href":"https:\/\/buletin.de\/bucuresti\/wp-json\/wp\/v2\/types\/post"}],"author":[{"embeddable":true,"href":"https:\/\/buletin.de\/bucuresti\/wp-json\/wp\/v2\/users\/15"}],"replies":[{"embeddable":true,"href":"https:\/\/buletin.de\/bucuresti\/wp-json\/wp\/v2\/comments?post=8181"}],"version-history":[{"count":13,"href":"https:\/\/buletin.de\/bucuresti\/wp-json\/wp\/v2\/posts\/8181\/revisions"}],"predecessor-version":[{"id":8248,"href":"https:\/\/buletin.de\/bucuresti\/wp-json\/wp\/v2\/posts\/8181\/revisions\/8248"}],"wp:featuredmedia":[{"embeddable":true,"href":"https:\/\/buletin.de\/bucuresti\/wp-json\/wp\/v2\/media\/8188"}],"wp:attachment":[{"href":"https:\/\/buletin.de\/bucuresti\/wp-json\/wp\/v2\/media?parent=8181"}],"wp:term":[{"taxonomy":"category","embeddable":true,"href":"https:\/\/buletin.de\/bucuresti\/wp-json\/wp\/v2\/categories?post=8181"},{"taxonomy":"post_tag","embeddable":true,"href":"https:\/\/buletin.de\/bucuresti\/wp-json\/wp\/v2\/tags?post=8181"},{"taxonomy":"author","embeddable":true,"href":"https:\/\/buletin.de\/bucuresti\/wp-json\/wp\/v2\/ppma_author?post=8181"}],"curies":[{"name":"wp","href":"https:\/\/api.w.org\/{rel}","templated":true}]}}