{"id":81713,"date":"2024-04-01T17:10:50","date_gmt":"2024-04-01T14:10:50","guid":{"rendered":"https:\/\/buletin.de\/bucuresti\/?p=81713"},"modified":"2024-04-02T10:09:07","modified_gmt":"2024-04-02T07:09:07","slug":"pacaleala-academica-de-1-aprilie-universitatea-bucuresti-ne-anunta-ca-a-fost-infratita-cu-scoala-lui-harry-potter","status":"publish","type":"post","link":"https:\/\/buletin.de\/bucuresti\/pacaleala-academica-de-1-aprilie-universitatea-bucuresti-ne-anunta-ca-a-fost-infratita-cu-scoala-lui-harry-potter\/","title":{"rendered":"\u201eP\u0103c\u0103leala academic\u0103&#8221; de 1 aprilie: Universitatea Bucure\u0219ti ne anun\u0163\u0103 c\u0103 a fost \u00eenfr\u0103\u0163it\u0103 cu \u015fcoala lui Harry Potter"},"content":{"rendered":"\n<p><strong>O postare a Universit\u0103\u0163ii Bucure\u015fti anun\u0163\u0103 o <em>\u201edescoperire senza\u021bional\u0103\u201d <\/em> la Palatul Universit\u0103\u021bii: cercet\u0103torii au g\u0103sit un sistem de calcul numeric din vremea Academiei Domne\u0219ti care dezv\u0103luie leg\u0103turile secrete ale Universit\u0103\u021bii din Bucure\u0219ti cu \u0218coala de magie Hogwarts. Evident, e vorba de o p\u0103c\u0103leal\u0103 de 1 aprilie.<\/strong><\/p>\n\n\n\n<p><em>\u201ePrintre fragmentele de c\u0103r\u0103mid\u0103, pergamente \u0219i manuscrise vechi, echipele de cercet\u0103tori au descoperit un sistem de calcul numeric dat\u00e2nd din vremea Academiei Domne\u0219ti<\/em>. Acesta demonstreaz\u0103 c\u0103 precursorul UB a fost o <em>Universitate secret\u0103 \u00eenfiin\u021bat\u0103 \u00een 1460 de domnitorul Vlad \u021aepe\u0219, membr\u0103 a aceluia\u0219i consor\u021biu cu Hogwarts School of Hogsmeade\u201d<\/em>, se arat\u0103 \u00een postarea ghidu\u0219\u0103 a institu\u021biei de \u00eenv\u0103\u021b\u0103m\u00e2nt.<\/p>\n\n\n\n<p>Drept urmare, continu\u0103 \u015farada, anul acesta, Universitatea din Bucure\u0219ti marcheaz\u0103 160 de ani de la \u00eenfiin\u021bare \u0219i 564 de ani de tradi\u021bie academic\u0103 \u00een Rom\u00e2nia.<\/p>\n\n\n\n<p>O parte din utilizatorii de Facebook par s\u0103 fi intrat \u00een jocul UB, \u00eemp\u0103rt\u0103\u0219ind propriile crezuri:<\/p>\n\n\n\n<figure class=\"wp-block-gallery has-nested-images columns-default is-cropped wp-block-gallery-1 is-layout-flex wp-block-gallery-is-layout-flex\">\n<figure class=\"wp-block-image size-full\"><img decoding=\"async\" width=\"322\" height=\"104\" data-id=\"81716\" src=\"data:image\/gif;base64,R0lGODlhAQABAAAAACH5BAEKAAEALAAAAAABAAEAAAICTAEAOw==\" data-src=\"https:\/\/buletin.de\/bucuresti\/wp-content\/uploads\/image_2024-04-01_164557826.png\" alt=\"\" class=\"wp-image-81716 lazyload\" data-sizes=\"auto\" data-srcset=\"https:\/\/buletin.de\/bucuresti\/wp-content\/uploads\/image_2024-04-01_164557826.png 322w, https:\/\/buletin.de\/bucuresti\/wp-content\/uploads\/image_2024-04-01_164557826-300x97.png 300w, https:\/\/buletin.de\/bucuresti\/wp-content\/uploads\/image_2024-04-01_164557826-20x6.png 20w\" sizes=\"(max-width: 322px) 100vw, 322px\" \/><\/figure>\n\n\n\n<figure class=\"wp-block-image size-full\"><img decoding=\"async\" width=\"300\" height=\"90\" data-id=\"81719\" src=\"data:image\/gif;base64,R0lGODlhAQABAAAAACH5BAEKAAEALAAAAAABAAEAAAICTAEAOw==\" data-src=\"https:\/\/buletin.de\/bucuresti\/wp-content\/uploads\/Burebista-comentariu.png\" alt=\"\" class=\"wp-image-81719 lazyload\" data-sizes=\"auto\" data-srcset=\"https:\/\/buletin.de\/bucuresti\/wp-content\/uploads\/Burebista-comentariu.png 300w, https:\/\/buletin.de\/bucuresti\/wp-content\/uploads\/Burebista-comentariu-20x6.png 20w\" sizes=\"(max-width: 300px) 100vw, 300px\" \/><\/figure>\n<\/figure>\n\n\n\n<p>\u00cen acela\u0219i timp, utilizatorii dezam\u0103gi\u021bi de calitatea \u00eenv\u0103\u021b\u0103m\u00e2ntului dup\u0103<em> \u201e564 de ani de tradi\u021bie academic\u0103 \u00een Rom\u00e2nia\u201d<\/em> nu s-au sfiit s\u0103-\u0219i arate nemul\u021bumirea: fie direct, fie prin glume amare:<\/p>\n\n\n\n<figure class=\"wp-block-gallery has-nested-images columns-default is-cropped wp-block-gallery-2 is-layout-flex wp-block-gallery-is-layout-flex\">\n<figure class=\"wp-block-image size-large\"><img decoding=\"async\" width=\"344\" height=\"137\" data-id=\"81722\" src=\"data:image\/gif;base64,R0lGODlhAQABAAAAACH5BAEKAAEALAAAAAABAAEAAAICTAEAOw==\" data-src=\"https:\/\/buletin.de\/bucuresti\/wp-content\/uploads\/Comentariu-2.png\" alt=\"\" class=\"wp-image-81722 lazyload\" data-sizes=\"auto\" data-srcset=\"https:\/\/buletin.de\/bucuresti\/wp-content\/uploads\/Comentariu-2.png 344w, https:\/\/buletin.de\/bucuresti\/wp-content\/uploads\/Comentariu-2-300x119.png 300w, https:\/\/buletin.de\/bucuresti\/wp-content\/uploads\/Comentariu-2-20x8.png 20w\" sizes=\"(max-width: 344px) 100vw, 344px\" \/><\/figure>\n\n\n\n<figure class=\"wp-block-image size-large\"><img loading=\"lazy\" decoding=\"async\" width=\"334\" height=\"122\" data-id=\"81723\" src=\"data:image\/gif;base64,R0lGODlhAQABAAAAACH5BAEKAAEALAAAAAABAAEAAAICTAEAOw==\" data-src=\"https:\/\/buletin.de\/bucuresti\/wp-content\/uploads\/SS-Com-1.png\" alt=\"\" class=\"wp-image-81723 lazyload\" data-sizes=\"auto\" data-srcset=\"https:\/\/buletin.de\/bucuresti\/wp-content\/uploads\/SS-Com-1.png 334w, https:\/\/buletin.de\/bucuresti\/wp-content\/uploads\/SS-Com-1-300x110.png 300w, https:\/\/buletin.de\/bucuresti\/wp-content\/uploads\/SS-Com-1-20x7.png 20w\" sizes=\"(max-width: 334px) 100vw, 334px\" \/><\/figure>\n<\/figure>\n\n\n\n<iframe src=\"https:\/\/www.facebook.com\/plugins\/post.php?href=https%3A%2F%2Fwww.facebook.com%2Funibuc.ro%2Fposts%2Fpfbid033Nprec2ButuVJZJhFEriLJhyazPLYR4gr95AMnLWgdgHJ8WD5FZzdZnfqLWxFkYBl&#038;show_text=false&#038;width=500\" width=\"500\" height=\"375\" style=\"border:none;overflow:hidden\" scrolling=\"no\" frameborder=\"0\" allowfullscreen=\"true\" allow=\"autoplay; clipboard-write; encrypted-media; picture-in-picture; web-share\"><\/iframe>\n\n\n\n<p><\/p>\n\n\n\n<p><strong>CITE\u015eTE \u015eI:<\/strong><\/p>\n\n\n\n<figure class=\"wp-block-embed is-type-wp-embed is-provider-buletin-de-bucure-ti wp-block-embed-buletin-de-bucure-ti\"><div class=\"wp-block-embed__wrapper\">\n<blockquote class=\"wp-embedded-content\" data-secret=\"zptfrmy05V\"><a href=\"https:\/\/buletin.de\/bucuresti\/interviu-promisiunea-noului-vechi-rector-marian-preda-la-un-nou-mandat-promite-ca-principala-cladire-a-universitatii-va-fi-renovata-in-cinci-ani\/\">INTERVIU | Planurile \u201enoului-vechi&#8221; rector Marian Preda, la \u00eenceput de mandat. Promite c\u0103 principala cl\u0103dire a Universit\u0103\u0163ii Bucure\u0219ti va fi renovat\u0103\u00a0\u00een\u00a0cinci\u00a0ani<\/a><\/blockquote><iframe class=\"wp-embedded-content\" sandbox=\"allow-scripts\" security=\"restricted\" style=\"position: absolute; clip: rect(1px, 1px, 1px, 1px);\" title=\"&#8220;INTERVIU | Planurile \u201enoului-vechi&#8221; rector Marian Preda, la \u00eenceput de mandat. Promite c\u0103 principala cl\u0103dire a Universit\u0103\u0163ii Bucure\u0219ti va fi renovat\u0103\u00a0\u00een\u00a0cinci\u00a0ani&#8221; &#8212; Buletin de Bucure\u0219ti\" src=\"https:\/\/buletin.de\/bucuresti\/interviu-promisiunea-noului-vechi-rector-marian-preda-la-un-nou-mandat-promite-ca-principala-cladire-a-universitatii-va-fi-renovata-in-cinci-ani\/embed\/#?secret=vplizWs9r5#?secret=zptfrmy05V\" data-secret=\"zptfrmy05V\" width=\"600\" height=\"338\" frameborder=\"0\" marginwidth=\"0\" marginheight=\"0\" scrolling=\"no\"><\/iframe>\n<\/div><\/figure>\n\n\n\n<figure class=\"wp-block-embed is-type-wp-embed is-provider-buletin-de-bucure-ti wp-block-embed-buletin-de-bucure-ti\"><div class=\"wp-block-embed__wrapper\">\n<blockquote class=\"wp-embedded-content\" data-secret=\"ZUIqloQ00N\"><a href=\"https:\/\/buletin.de\/bucuresti\/palatul-oscar-maugsch-de-la-universitate-va-fi-transformat-in-hotel-de-lux-o-familie-de-investitori-vrea-sa-bage-20-mililioane-e-in-el\/\">Palatul Oscar Maugsch de la Universitate va fi transformat \u00een hotel de lux. O familie de investitori vrea s\u0103 bage 20 milioane \u20ac \u00een el<\/a><\/blockquote><iframe class=\"wp-embedded-content\" sandbox=\"allow-scripts\" security=\"restricted\" style=\"position: absolute; clip: rect(1px, 1px, 1px, 1px);\" title=\"&#8220;Palatul Oscar Maugsch de la Universitate va fi transformat \u00een hotel de lux. O familie de investitori vrea s\u0103 bage 20 milioane \u20ac \u00een el&#8221; &#8212; Buletin de Bucure\u0219ti\" src=\"https:\/\/buletin.de\/bucuresti\/palatul-oscar-maugsch-de-la-universitate-va-fi-transformat-in-hotel-de-lux-o-familie-de-investitori-vrea-sa-bage-20-mililioane-e-in-el\/embed\/#?secret=LYoFZkBDYa#?secret=ZUIqloQ00N\" data-secret=\"ZUIqloQ00N\" width=\"600\" height=\"338\" frameborder=\"0\" marginwidth=\"0\" marginheight=\"0\" scrolling=\"no\"><\/iframe>\n<\/div><\/figure>\n","protected":false},"excerpt":{"rendered":"<p>O postare a Universit\u0103\u0163ii Bucure\u015fti anun\u0163\u0103 o \u201edescoperire senza\u021bional\u0103\u201d la Palatul Universit\u0103\u021bii: cercet\u0103torii au g\u0103sit un sistem de calcul numeric din vremea Academiei Domne\u0219ti care dezv\u0103luie leg\u0103turile secrete ale Universit\u0103\u021bii din Bucure\u0219ti cu \u0218coala de magie Hogwarts. Evident, e vorba de o p\u0103c\u0103leal\u0103 de 1 aprilie. \u201ePrintre fragmentele de c\u0103r\u0103mid\u0103, pergamente \u0219i manuscrise vechi, echipele [&hellip;]<\/p>\n","protected":false},"author":55,"featured_media":81724,"comment_status":"closed","ping_status":"open","sticky":false,"template":"","format":"standard","meta":{"_acf_changed":false,"inline_featured_image":false,"ngg_post_thumbnail":0,"footnotes":""},"categories":[6994,1],"tags":[10899,10901,10900,5310,10902],"ppma_author":[22573],"class_list":["post-81713","post","type-post","status-publish","format-standard","has-post-thumbnail","hentry","category-stiri-2","category-diverse","tag-1-aprilie","tag-harry-potter","tag-hogwarts","tag-universitatea-din-bucuresti","tag-vlad-tepes"],"acf":[],"yoast_head":"<!-- This site is optimized with the Yoast SEO Premium plugin v25.3 (Yoast SEO v27.5) - https:\/\/yoast.com\/product\/yoast-seo-premium-wordpress\/ -->\n<title>\u201eP\u0103c\u0103leala academic\u0103&quot; de 1 aprilie: Universitatea Bucure\u0219ti ne anun\u0163\u0103 c\u0103 a fost \u00eenfr\u0103\u0163it\u0103 cu \u015fcoala lui Harry Potter - Buletin de Bucure\u0219ti<\/title>\n<meta name=\"robots\" content=\"index, follow, max-snippet:-1, max-image-preview:large, max-video-preview:-1\" \/>\n<link rel=\"canonical\" href=\"https:\/\/buletin.de\/bucuresti\/pacaleala-academica-de-1-aprilie-universitatea-bucuresti-ne-anunta-ca-a-fost-infratita-cu-scoala-lui-harry-potter\/\" \/>\n<meta property=\"og:locale\" content=\"en_GB\" \/>\n<meta property=\"og:type\" content=\"article\" \/>\n<meta property=\"og:title\" content=\"\u201eP\u0103c\u0103leala academic\u0103&quot; de 1 aprilie: Universitatea Bucure\u0219ti ne anun\u0163\u0103 c\u0103 a fost \u00eenfr\u0103\u0163it\u0103 cu \u015fcoala lui Harry Potter\" \/>\n<meta property=\"og:description\" content=\"O postare a Universit\u0103\u0163ii Bucure\u015fti anun\u0163\u0103 o \u201edescoperire senza\u021bional\u0103\u201d la Palatul Universit\u0103\u021bii: cercet\u0103torii au g\u0103sit un sistem de calcul numeric din vremea Academiei Domne\u0219ti care dezv\u0103luie leg\u0103turile secrete ale Universit\u0103\u021bii din Bucure\u0219ti cu \u0218coala de magie Hogwarts. Evident, e vorba de o p\u0103c\u0103leal\u0103 de 1 aprilie. \u201ePrintre fragmentele de c\u0103r\u0103mid\u0103, pergamente \u0219i manuscrise vechi, echipele [&hellip;]\" \/>\n<meta property=\"og:url\" content=\"https:\/\/buletin.de\/bucuresti\/pacaleala-academica-de-1-aprilie-universitatea-bucuresti-ne-anunta-ca-a-fost-infratita-cu-scoala-lui-harry-potter\/\" \/>\n<meta property=\"og:site_name\" content=\"Buletin de Bucure\u0219ti\" \/>\n<meta property=\"article:publisher\" content=\"https:\/\/www.facebook.com\/buletin.de.buc\" \/>\n<meta property=\"article:published_time\" content=\"2024-04-01T14:10:50+00:00\" \/>\n<meta property=\"article:modified_time\" content=\"2024-04-02T07:09:07+00:00\" \/>\n<meta property=\"og:image\" content=\"https:\/\/buletin.de\/bucuresti\/wp-content\/uploads\/Palatul-UB.jpg\" \/>\n\t<meta property=\"og:image:width\" content=\"720\" \/>\n\t<meta property=\"og:image:height\" content=\"540\" \/>\n\t<meta property=\"og:image:type\" content=\"image\/jpeg\" \/>\n<meta name=\"author\" content=\"Andreea Tudor\" \/>\n<meta name=\"twitter:card\" content=\"summary_large_image\" \/>\n<meta name=\"twitter:label1\" content=\"Written by\" \/>\n\t<meta name=\"twitter:data1\" content=\"Andreea Tudor\" \/>\n\t<meta name=\"twitter:label2\" content=\"Estimated reading time\" \/>\n\t<meta name=\"twitter:data2\" content=\"2 minutes\" \/>\n<script type=\"application\/ld+json\" class=\"yoast-schema-graph\">{\"@context\":\"https:\\\/\\\/schema.org\",\"@graph\":[{\"@type\":\"Article\",\"@id\":\"https:\\\/\\\/buletin.de\\\/bucuresti\\\/pacaleala-academica-de-1-aprilie-universitatea-bucuresti-ne-anunta-ca-a-fost-infratita-cu-scoala-lui-harry-potter\\\/#article\",\"isPartOf\":{\"@id\":\"https:\\\/\\\/buletin.de\\\/bucuresti\\\/pacaleala-academica-de-1-aprilie-universitatea-bucuresti-ne-anunta-ca-a-fost-infratita-cu-scoala-lui-harry-potter\\\/\"},\"author\":{\"name\":\"Andreea Tudor\",\"@id\":\"https:\\\/\\\/buletin.de\\\/bucuresti\\\/#\\\/schema\\\/person\\\/150590659efde715459d159da012f501\"},\"headline\":\"\u201eP\u0103c\u0103leala academic\u0103&#8221; de 1 aprilie: Universitatea Bucure\u0219ti ne anun\u0163\u0103 c\u0103 a fost \u00eenfr\u0103\u0163it\u0103 cu \u015fcoala lui Harry Potter\",\"datePublished\":\"2024-04-01T14:10:50+00:00\",\"dateModified\":\"2024-04-02T07:09:07+00:00\",\"mainEntityOfPage\":{\"@id\":\"https:\\\/\\\/buletin.de\\\/bucuresti\\\/pacaleala-academica-de-1-aprilie-universitatea-bucuresti-ne-anunta-ca-a-fost-infratita-cu-scoala-lui-harry-potter\\\/\"},\"wordCount\":244,\"publisher\":{\"@id\":\"https:\\\/\\\/buletin.de\\\/bucuresti\\\/#organization\"},\"image\":{\"@id\":\"https:\\\/\\\/buletin.de\\\/bucuresti\\\/pacaleala-academica-de-1-aprilie-universitatea-bucuresti-ne-anunta-ca-a-fost-infratita-cu-scoala-lui-harry-potter\\\/#primaryimage\"},\"thumbnailUrl\":\"https:\\\/\\\/buletin.de\\\/bucuresti\\\/wp-content\\\/uploads\\\/Palatul-UB.jpg\",\"keywords\":[\"1 Aprilie\",\"Harry Potter\",\"Hogwarts\",\"Universitatea din Bucure\u0219ti\",\"Vlad Tepes\"],\"articleSection\":[\"Articole\",\"Diverse\"],\"inLanguage\":\"en-GB\",\"copyrightYear\":\"2024\",\"copyrightHolder\":{\"@id\":\"https:\\\/\\\/buletin.de\\\/bucuresti\\\/#organization\"}},{\"@type\":\"WebPage\",\"@id\":\"https:\\\/\\\/buletin.de\\\/bucuresti\\\/pacaleala-academica-de-1-aprilie-universitatea-bucuresti-ne-anunta-ca-a-fost-infratita-cu-scoala-lui-harry-potter\\\/\",\"url\":\"https:\\\/\\\/buletin.de\\\/bucuresti\\\/pacaleala-academica-de-1-aprilie-universitatea-bucuresti-ne-anunta-ca-a-fost-infratita-cu-scoala-lui-harry-potter\\\/\",\"name\":\"\u201eP\u0103c\u0103leala academic\u0103\\\" de 1 aprilie: Universitatea Bucure\u0219ti ne anun\u0163\u0103 c\u0103 a fost \u00eenfr\u0103\u0163it\u0103 cu \u015fcoala lui Harry Potter - Buletin de Bucure\u0219ti\",\"isPartOf\":{\"@id\":\"https:\\\/\\\/buletin.de\\\/bucuresti\\\/#website\"},\"primaryImageOfPage\":{\"@id\":\"https:\\\/\\\/buletin.de\\\/bucuresti\\\/pacaleala-academica-de-1-aprilie-universitatea-bucuresti-ne-anunta-ca-a-fost-infratita-cu-scoala-lui-harry-potter\\\/#primaryimage\"},\"image\":{\"@id\":\"https:\\\/\\\/buletin.de\\\/bucuresti\\\/pacaleala-academica-de-1-aprilie-universitatea-bucuresti-ne-anunta-ca-a-fost-infratita-cu-scoala-lui-harry-potter\\\/#primaryimage\"},\"thumbnailUrl\":\"https:\\\/\\\/buletin.de\\\/bucuresti\\\/wp-content\\\/uploads\\\/Palatul-UB.jpg\",\"datePublished\":\"2024-04-01T14:10:50+00:00\",\"dateModified\":\"2024-04-02T07:09:07+00:00\",\"breadcrumb\":{\"@id\":\"https:\\\/\\\/buletin.de\\\/bucuresti\\\/pacaleala-academica-de-1-aprilie-universitatea-bucuresti-ne-anunta-ca-a-fost-infratita-cu-scoala-lui-harry-potter\\\/#breadcrumb\"},\"inLanguage\":\"en-GB\",\"potentialAction\":[{\"@type\":\"ReadAction\",\"target\":[\"https:\\\/\\\/buletin.de\\\/bucuresti\\\/pacaleala-academica-de-1-aprilie-universitatea-bucuresti-ne-anunta-ca-a-fost-infratita-cu-scoala-lui-harry-potter\\\/\"]}]},{\"@type\":\"ImageObject\",\"inLanguage\":\"en-GB\",\"@id\":\"https:\\\/\\\/buletin.de\\\/bucuresti\\\/pacaleala-academica-de-1-aprilie-universitatea-bucuresti-ne-anunta-ca-a-fost-infratita-cu-scoala-lui-harry-potter\\\/#primaryimage\",\"url\":\"https:\\\/\\\/buletin.de\\\/bucuresti\\\/wp-content\\\/uploads\\\/Palatul-UB.jpg\",\"contentUrl\":\"https:\\\/\\\/buletin.de\\\/bucuresti\\\/wp-content\\\/uploads\\\/Palatul-UB.jpg\",\"width\":720,\"height\":540,\"caption\":\"FOTO: FB\\\/ Universitatea din Bucure\u0219ti\"},{\"@type\":\"BreadcrumbList\",\"@id\":\"https:\\\/\\\/buletin.de\\\/bucuresti\\\/pacaleala-academica-de-1-aprilie-universitatea-bucuresti-ne-anunta-ca-a-fost-infratita-cu-scoala-lui-harry-potter\\\/#breadcrumb\",\"itemListElement\":[{\"@type\":\"ListItem\",\"position\":1,\"name\":\"Acas\u0103\",\"item\":\"https:\\\/\\\/buletin.de\\\/bucuresti\\\/\"},{\"@type\":\"ListItem\",\"position\":2,\"name\":\"\u201eP\u0103c\u0103leala academic\u0103&#8221; de 1 aprilie: Universitatea Bucure\u0219ti ne anun\u0163\u0103 c\u0103 a fost \u00eenfr\u0103\u0163it\u0103 cu \u015fcoala lui Harry Potter\"}]},{\"@type\":\"WebSite\",\"@id\":\"https:\\\/\\\/buletin.de\\\/bucuresti\\\/#website\",\"url\":\"https:\\\/\\\/buletin.de\\\/bucuresti\\\/\",\"name\":\"Buletin de Bucure\u0219ti\",\"description\":\"\u0218tiri \u0219i investiga\u021bii esen\u021biale din capital\u0103\",\"publisher\":{\"@id\":\"https:\\\/\\\/buletin.de\\\/bucuresti\\\/#organization\"},\"potentialAction\":[{\"@type\":\"SearchAction\",\"target\":{\"@type\":\"EntryPoint\",\"urlTemplate\":\"https:\\\/\\\/buletin.de\\\/bucuresti\\\/?s={search_term_string}\"},\"query-input\":{\"@type\":\"PropertyValueSpecification\",\"valueRequired\":true,\"valueName\":\"search_term_string\"}}],\"inLanguage\":\"en-GB\"},{\"@type\":\"Organization\",\"@id\":\"https:\\\/\\\/buletin.de\\\/bucuresti\\\/#organization\",\"name\":\"Buletin de Bucure\u0219ti\",\"url\":\"https:\\\/\\\/buletin.de\\\/bucuresti\\\/\",\"logo\":{\"@type\":\"ImageObject\",\"inLanguage\":\"en-GB\",\"@id\":\"https:\\\/\\\/buletin.de\\\/bucuresti\\\/#\\\/schema\\\/logo\\\/image\\\/\",\"url\":\"https:\\\/\\\/buletin.de\\\/bucuresti\\\/wp-content\\\/uploads\\\/logo-bdb-full-wide-vernil-transparent.png\",\"contentUrl\":\"https:\\\/\\\/buletin.de\\\/bucuresti\\\/wp-content\\\/uploads\\\/logo-bdb-full-wide-vernil-transparent.png\",\"width\":1782,\"height\":626,\"caption\":\"Buletin de Bucure\u0219ti\"},\"image\":{\"@id\":\"https:\\\/\\\/buletin.de\\\/bucuresti\\\/#\\\/schema\\\/logo\\\/image\\\/\"},\"sameAs\":[\"https:\\\/\\\/www.facebook.com\\\/buletin.de.buc\",\"https:\\\/\\\/www.instagram.com\\\/buletinde.bucuresti\\\/\"]},{\"@type\":\"Person\",\"@id\":\"https:\\\/\\\/buletin.de\\\/bucuresti\\\/#\\\/schema\\\/person\\\/150590659efde715459d159da012f501\",\"name\":\"Andreea Tudor\",\"image\":{\"@type\":\"ImageObject\",\"inLanguage\":\"en-GB\",\"@id\":\"https:\\\/\\\/secure.gravatar.com\\\/avatar\\\/a88705a186ab0b67f3349bcbced506c09e37256fbaad0e7f3bd1a79b4599f589?s=96&d=monsterid&r=g79290610aa1a65c2b86eebc2ca5aee8f\",\"url\":\"https:\\\/\\\/secure.gravatar.com\\\/avatar\\\/a88705a186ab0b67f3349bcbced506c09e37256fbaad0e7f3bd1a79b4599f589?s=96&d=monsterid&r=g\",\"contentUrl\":\"https:\\\/\\\/secure.gravatar.com\\\/avatar\\\/a88705a186ab0b67f3349bcbced506c09e37256fbaad0e7f3bd1a79b4599f589?s=96&d=monsterid&r=g\",\"caption\":\"Andreea Tudor\"},\"description\":\"N\u0103scut\u0103 \u0219i crescut\u0103 \u00een Bucure\u0219ti, sus\u021bin\u0103toare a presei independente. A\u0219a am ajuns redactor la Buletin de Bucure\u0219ti. Fiind eu, \u00eens\u0103mi, parte a sistemului de \u00eenv\u0103\u021b\u0103m\u00e2nt rom\u00e2nesc \u0219i pasionat\u0103 de domeniul social, pun sub lup\u0103 tot ceea ce se \u00eent\u00e2mpl\u0103 \u00een sfera educa\u021biei. Cred cu t\u0103rie c\u0103 presa \u201epentru cet\u0103\u021beni\u201d este presa independent\u0103. Oamenii au nevoie de o informare corect\u0103 pentru a \u00een\u021belege pe deplin ce se \u00eent\u00e2mpl\u0103 \u00een jurul lor \u0219i pentru a lua ac\u021biune \u00eempotriva nedrept\u0103\u021bilor.\",\"url\":\"https:\\\/\\\/buletin.de\\\/bucuresti\\\/author\\\/andreeatudor\\\/\"}]}<\/script>\n<!-- \/ Yoast SEO Premium plugin. -->","yoast_head_json":{"title":"\u201eP\u0103c\u0103leala academic\u0103\" de 1 aprilie: Universitatea Bucure\u0219ti ne anun\u0163\u0103 c\u0103 a fost \u00eenfr\u0103\u0163it\u0103 cu \u015fcoala lui Harry Potter - Buletin de Bucure\u0219ti","robots":{"index":"index","follow":"follow","max-snippet":"max-snippet:-1","max-image-preview":"max-image-preview:large","max-video-preview":"max-video-preview:-1"},"canonical":"https:\/\/buletin.de\/bucuresti\/pacaleala-academica-de-1-aprilie-universitatea-bucuresti-ne-anunta-ca-a-fost-infratita-cu-scoala-lui-harry-potter\/","og_locale":"en_GB","og_type":"article","og_title":"\u201eP\u0103c\u0103leala academic\u0103\" de 1 aprilie: Universitatea Bucure\u0219ti ne anun\u0163\u0103 c\u0103 a fost \u00eenfr\u0103\u0163it\u0103 cu \u015fcoala lui Harry Potter","og_description":"O postare a Universit\u0103\u0163ii Bucure\u015fti anun\u0163\u0103 o \u201edescoperire senza\u021bional\u0103\u201d la Palatul Universit\u0103\u021bii: cercet\u0103torii au g\u0103sit un sistem de calcul numeric din vremea Academiei Domne\u0219ti care dezv\u0103luie leg\u0103turile secrete ale Universit\u0103\u021bii din Bucure\u0219ti cu \u0218coala de magie Hogwarts. Evident, e vorba de o p\u0103c\u0103leal\u0103 de 1 aprilie. \u201ePrintre fragmentele de c\u0103r\u0103mid\u0103, pergamente \u0219i manuscrise vechi, echipele [&hellip;]","og_url":"https:\/\/buletin.de\/bucuresti\/pacaleala-academica-de-1-aprilie-universitatea-bucuresti-ne-anunta-ca-a-fost-infratita-cu-scoala-lui-harry-potter\/","og_site_name":"Buletin de Bucure\u0219ti","article_publisher":"https:\/\/www.facebook.com\/buletin.de.buc","article_published_time":"2024-04-01T14:10:50+00:00","article_modified_time":"2024-04-02T07:09:07+00:00","og_image":[{"width":720,"height":540,"url":"https:\/\/buletin.de\/bucuresti\/wp-content\/uploads\/Palatul-UB.jpg","type":"image\/jpeg"}],"author":"Andreea Tudor","twitter_card":"summary_large_image","twitter_misc":{"Written by":"Andreea Tudor","Estimated reading time":"2 minutes"},"schema":{"@context":"https:\/\/schema.org","@graph":[{"@type":"Article","@id":"https:\/\/buletin.de\/bucuresti\/pacaleala-academica-de-1-aprilie-universitatea-bucuresti-ne-anunta-ca-a-fost-infratita-cu-scoala-lui-harry-potter\/#article","isPartOf":{"@id":"https:\/\/buletin.de\/bucuresti\/pacaleala-academica-de-1-aprilie-universitatea-bucuresti-ne-anunta-ca-a-fost-infratita-cu-scoala-lui-harry-potter\/"},"author":{"name":"Andreea Tudor","@id":"https:\/\/buletin.de\/bucuresti\/#\/schema\/person\/150590659efde715459d159da012f501"},"headline":"\u201eP\u0103c\u0103leala academic\u0103&#8221; de 1 aprilie: Universitatea Bucure\u0219ti ne anun\u0163\u0103 c\u0103 a fost \u00eenfr\u0103\u0163it\u0103 cu \u015fcoala lui Harry Potter","datePublished":"2024-04-01T14:10:50+00:00","dateModified":"2024-04-02T07:09:07+00:00","mainEntityOfPage":{"@id":"https:\/\/buletin.de\/bucuresti\/pacaleala-academica-de-1-aprilie-universitatea-bucuresti-ne-anunta-ca-a-fost-infratita-cu-scoala-lui-harry-potter\/"},"wordCount":244,"publisher":{"@id":"https:\/\/buletin.de\/bucuresti\/#organization"},"image":{"@id":"https:\/\/buletin.de\/bucuresti\/pacaleala-academica-de-1-aprilie-universitatea-bucuresti-ne-anunta-ca-a-fost-infratita-cu-scoala-lui-harry-potter\/#primaryimage"},"thumbnailUrl":"https:\/\/buletin.de\/bucuresti\/wp-content\/uploads\/Palatul-UB.jpg","keywords":["1 Aprilie","Harry Potter","Hogwarts","Universitatea din Bucure\u0219ti","Vlad Tepes"],"articleSection":["Articole","Diverse"],"inLanguage":"en-GB","copyrightYear":"2024","copyrightHolder":{"@id":"https:\/\/buletin.de\/bucuresti\/#organization"}},{"@type":"WebPage","@id":"https:\/\/buletin.de\/bucuresti\/pacaleala-academica-de-1-aprilie-universitatea-bucuresti-ne-anunta-ca-a-fost-infratita-cu-scoala-lui-harry-potter\/","url":"https:\/\/buletin.de\/bucuresti\/pacaleala-academica-de-1-aprilie-universitatea-bucuresti-ne-anunta-ca-a-fost-infratita-cu-scoala-lui-harry-potter\/","name":"\u201eP\u0103c\u0103leala academic\u0103\" de 1 aprilie: Universitatea Bucure\u0219ti ne anun\u0163\u0103 c\u0103 a fost \u00eenfr\u0103\u0163it\u0103 cu \u015fcoala lui Harry Potter - Buletin de Bucure\u0219ti","isPartOf":{"@id":"https:\/\/buletin.de\/bucuresti\/#website"},"primaryImageOfPage":{"@id":"https:\/\/buletin.de\/bucuresti\/pacaleala-academica-de-1-aprilie-universitatea-bucuresti-ne-anunta-ca-a-fost-infratita-cu-scoala-lui-harry-potter\/#primaryimage"},"image":{"@id":"https:\/\/buletin.de\/bucuresti\/pacaleala-academica-de-1-aprilie-universitatea-bucuresti-ne-anunta-ca-a-fost-infratita-cu-scoala-lui-harry-potter\/#primaryimage"},"thumbnailUrl":"https:\/\/buletin.de\/bucuresti\/wp-content\/uploads\/Palatul-UB.jpg","datePublished":"2024-04-01T14:10:50+00:00","dateModified":"2024-04-02T07:09:07+00:00","breadcrumb":{"@id":"https:\/\/buletin.de\/bucuresti\/pacaleala-academica-de-1-aprilie-universitatea-bucuresti-ne-anunta-ca-a-fost-infratita-cu-scoala-lui-harry-potter\/#breadcrumb"},"inLanguage":"en-GB","potentialAction":[{"@type":"ReadAction","target":["https:\/\/buletin.de\/bucuresti\/pacaleala-academica-de-1-aprilie-universitatea-bucuresti-ne-anunta-ca-a-fost-infratita-cu-scoala-lui-harry-potter\/"]}]},{"@type":"ImageObject","inLanguage":"en-GB","@id":"https:\/\/buletin.de\/bucuresti\/pacaleala-academica-de-1-aprilie-universitatea-bucuresti-ne-anunta-ca-a-fost-infratita-cu-scoala-lui-harry-potter\/#primaryimage","url":"https:\/\/buletin.de\/bucuresti\/wp-content\/uploads\/Palatul-UB.jpg","contentUrl":"https:\/\/buletin.de\/bucuresti\/wp-content\/uploads\/Palatul-UB.jpg","width":720,"height":540,"caption":"FOTO: FB\/ Universitatea din Bucure\u0219ti"},{"@type":"BreadcrumbList","@id":"https:\/\/buletin.de\/bucuresti\/pacaleala-academica-de-1-aprilie-universitatea-bucuresti-ne-anunta-ca-a-fost-infratita-cu-scoala-lui-harry-potter\/#breadcrumb","itemListElement":[{"@type":"ListItem","position":1,"name":"Acas\u0103","item":"https:\/\/buletin.de\/bucuresti\/"},{"@type":"ListItem","position":2,"name":"\u201eP\u0103c\u0103leala academic\u0103&#8221; de 1 aprilie: Universitatea Bucure\u0219ti ne anun\u0163\u0103 c\u0103 a fost \u00eenfr\u0103\u0163it\u0103 cu \u015fcoala lui Harry Potter"}]},{"@type":"WebSite","@id":"https:\/\/buletin.de\/bucuresti\/#website","url":"https:\/\/buletin.de\/bucuresti\/","name":"Buletin de Bucure\u0219ti","description":"\u0218tiri \u0219i investiga\u021bii esen\u021biale din capital\u0103","publisher":{"@id":"https:\/\/buletin.de\/bucuresti\/#organization"},"potentialAction":[{"@type":"SearchAction","target":{"@type":"EntryPoint","urlTemplate":"https:\/\/buletin.de\/bucuresti\/?s={search_term_string}"},"query-input":{"@type":"PropertyValueSpecification","valueRequired":true,"valueName":"search_term_string"}}],"inLanguage":"en-GB"},{"@type":"Organization","@id":"https:\/\/buletin.de\/bucuresti\/#organization","name":"Buletin de Bucure\u0219ti","url":"https:\/\/buletin.de\/bucuresti\/","logo":{"@type":"ImageObject","inLanguage":"en-GB","@id":"https:\/\/buletin.de\/bucuresti\/#\/schema\/logo\/image\/","url":"https:\/\/buletin.de\/bucuresti\/wp-content\/uploads\/logo-bdb-full-wide-vernil-transparent.png","contentUrl":"https:\/\/buletin.de\/bucuresti\/wp-content\/uploads\/logo-bdb-full-wide-vernil-transparent.png","width":1782,"height":626,"caption":"Buletin de Bucure\u0219ti"},"image":{"@id":"https:\/\/buletin.de\/bucuresti\/#\/schema\/logo\/image\/"},"sameAs":["https:\/\/www.facebook.com\/buletin.de.buc","https:\/\/www.instagram.com\/buletinde.bucuresti\/"]},{"@type":"Person","@id":"https:\/\/buletin.de\/bucuresti\/#\/schema\/person\/150590659efde715459d159da012f501","name":"Andreea Tudor","image":{"@type":"ImageObject","inLanguage":"en-GB","@id":"https:\/\/secure.gravatar.com\/avatar\/a88705a186ab0b67f3349bcbced506c09e37256fbaad0e7f3bd1a79b4599f589?s=96&d=monsterid&r=g79290610aa1a65c2b86eebc2ca5aee8f","url":"https:\/\/secure.gravatar.com\/avatar\/a88705a186ab0b67f3349bcbced506c09e37256fbaad0e7f3bd1a79b4599f589?s=96&d=monsterid&r=g","contentUrl":"https:\/\/secure.gravatar.com\/avatar\/a88705a186ab0b67f3349bcbced506c09e37256fbaad0e7f3bd1a79b4599f589?s=96&d=monsterid&r=g","caption":"Andreea Tudor"},"description":"N\u0103scut\u0103 \u0219i crescut\u0103 \u00een Bucure\u0219ti, sus\u021bin\u0103toare a presei independente. A\u0219a am ajuns redactor la Buletin de Bucure\u0219ti. Fiind eu, \u00eens\u0103mi, parte a sistemului de \u00eenv\u0103\u021b\u0103m\u00e2nt rom\u00e2nesc \u0219i pasionat\u0103 de domeniul social, pun sub lup\u0103 tot ceea ce se \u00eent\u00e2mpl\u0103 \u00een sfera educa\u021biei. Cred cu t\u0103rie c\u0103 presa \u201epentru cet\u0103\u021beni\u201d este presa independent\u0103. Oamenii au nevoie de o informare corect\u0103 pentru a \u00een\u021belege pe deplin ce se \u00eent\u00e2mpl\u0103 \u00een jurul lor \u0219i pentru a lua ac\u021biune \u00eempotriva nedrept\u0103\u021bilor.","url":"https:\/\/buletin.de\/bucuresti\/author\/andreeatudor\/"}]}},"authors":[{"term_id":22573,"user_id":55,"is_guest":0,"slug":"andreeatudor","display_name":"Andreea Tudor","avatar_url":"https:\/\/secure.gravatar.com\/avatar\/a88705a186ab0b67f3349bcbced506c09e37256fbaad0e7f3bd1a79b4599f589?s=96&d=monsterid&r=g","0":null,"1":"","2":"","3":"","4":"","5":"","6":"","7":"","8":""}],"_links":{"self":[{"href":"https:\/\/buletin.de\/bucuresti\/wp-json\/wp\/v2\/posts\/81713","targetHints":{"allow":["GET"]}}],"collection":[{"href":"https:\/\/buletin.de\/bucuresti\/wp-json\/wp\/v2\/posts"}],"about":[{"href":"https:\/\/buletin.de\/bucuresti\/wp-json\/wp\/v2\/types\/post"}],"author":[{"embeddable":true,"href":"https:\/\/buletin.de\/bucuresti\/wp-json\/wp\/v2\/users\/55"}],"replies":[{"embeddable":true,"href":"https:\/\/buletin.de\/bucuresti\/wp-json\/wp\/v2\/comments?post=81713"}],"version-history":[{"count":4,"href":"https:\/\/buletin.de\/bucuresti\/wp-json\/wp\/v2\/posts\/81713\/revisions"}],"predecessor-version":[{"id":81733,"href":"https:\/\/buletin.de\/bucuresti\/wp-json\/wp\/v2\/posts\/81713\/revisions\/81733"}],"wp:featuredmedia":[{"embeddable":true,"href":"https:\/\/buletin.de\/bucuresti\/wp-json\/wp\/v2\/media\/81724"}],"wp:attachment":[{"href":"https:\/\/buletin.de\/bucuresti\/wp-json\/wp\/v2\/media?parent=81713"}],"wp:term":[{"taxonomy":"category","embeddable":true,"href":"https:\/\/buletin.de\/bucuresti\/wp-json\/wp\/v2\/categories?post=81713"},{"taxonomy":"post_tag","embeddable":true,"href":"https:\/\/buletin.de\/bucuresti\/wp-json\/wp\/v2\/tags?post=81713"},{"taxonomy":"author","embeddable":true,"href":"https:\/\/buletin.de\/bucuresti\/wp-json\/wp\/v2\/ppma_author?post=81713"}],"curies":[{"name":"wp","href":"https:\/\/api.w.org\/{rel}","templated":true}]}}