{"id":81666,"date":"2024-04-01T15:05:55","date_gmt":"2024-04-01T12:05:55","guid":{"rendered":"https:\/\/buletin.de\/bucuresti\/?p=81666"},"modified":"2024-04-08T16:39:20","modified_gmt":"2024-04-08T13:39:20","slug":"sector-4-exproprieri-de-100-euro-mp-pentru-parcul-tudor-arghezi-faza-a-ii-a-costa-19-milioane-e-4-milioane-numai-exproprierile","status":"publish","type":"post","link":"https:\/\/buletin.de\/bucuresti\/sector-4-exproprieri-de-100-euro-mp-pentru-parcul-tudor-arghezi-faza-a-ii-a-costa-19-milioane-e-4-milioane-numai-exproprierile\/","title":{"rendered":"Sector 4 | Exproprieri de 100 euro\/mp, pentru parcul \u201eTudor Arghezi\u201d. Faza a II-a cost\u0103 19 milioane \u20ac, 4 milioane numai exproprierile"},"content":{"rendered":"\n<p>UPDATE:<\/p>\n\n\n\n<p>Proiectul a fost, p\u00e2n\u0103 la urm\u0103, votat \u00een \u015fedin\u0163a extraordinar\u0103 din data de 8 aprilie. A trecut de votul consilierilor generali: 47 voturi pentru, 1 ab\u0163inere, 0 voturi \u00eempotriv\u0103.<\/p>\n\n\n\n<p>\u015eTIREA INI\u0162IAL\u0102:<\/p>\n\n\n\n<p><strong>Prim\u0103ria Sectorului 4 cere Consiliului General un vot \u00een \u015fedin\u0163a de mar\u0163i, 2 aprilie, pentru a aproba exproprieri de aproape patru milioane de euro pentru patru hectare de teren care ar urma s\u0103 fie \u00eenglobate \u00een parcul Tudor Arghezi. Exproprierile ar urma s\u0103 coste astfel aproximativ 100 de euro pe metrul p\u0103trat iar, conform indicatorilor tehnico-economici, \u00eentreaga faz\u0103 a II-a a parcului ar costa 18.8 milioane de euro, cu pre\u0163ul exproprierilor inclus. <\/strong><\/p>\n\n\n\n<p>\u00cen total, vorbim de mai multe parcele de teren, care au 13 proprietari. Numele lor sunt \u00eens\u0103 cenzurate, pentru c\u0103 sunt invocate normele GDPR. Cea mai mare sum\u0103 destinat\u0103 desp\u0103gubirilor este de peste 7 milioane de lei, iar cea mai mic\u0103 este de pu\u0163in peste 900 de lei. Valorile de expropriere au fost stabilite de un expert independent, spun reprezentan\u0163ii Prim\u0103riei. <\/p>\n\n\n\n<figure class=\"wp-block-image size-large\"><img fetchpriority=\"high\" decoding=\"async\" width=\"900\" height=\"784\" src=\"data:image\/gif;base64,R0lGODlhAQABAAAAACH5BAEKAAEALAAAAAABAAEAAAICTAEAOw==\" data-src=\"https:\/\/buletin.de\/bucuresti\/wp-content\/uploads\/extindere-parc-tudor-arghezi-900x784.png\" alt=\"\" class=\"wp-image-81667 lazyload\" data-sizes=\"auto\" data-srcset=\"https:\/\/buletin.de\/bucuresti\/wp-content\/uploads\/extindere-parc-tudor-arghezi-900x784.png 900w, https:\/\/buletin.de\/bucuresti\/wp-content\/uploads\/extindere-parc-tudor-arghezi-300x261.png 300w, https:\/\/buletin.de\/bucuresti\/wp-content\/uploads\/extindere-parc-tudor-arghezi-768x669.png 768w, https:\/\/buletin.de\/bucuresti\/wp-content\/uploads\/extindere-parc-tudor-arghezi-600x523.png 600w, https:\/\/buletin.de\/bucuresti\/wp-content\/uploads\/extindere-parc-tudor-arghezi-20x17.png 20w, https:\/\/buletin.de\/bucuresti\/wp-content\/uploads\/extindere-parc-tudor-arghezi.png 963w\" sizes=\"(max-width: 900px) 100vw, 900px\" \/><\/figure>\n\n\n\n<p><\/p>\n\n\n\n<figure class=\"wp-block-image size-large\"><img decoding=\"async\" width=\"900\" height=\"666\" src=\"data:image\/gif;base64,R0lGODlhAQABAAAAACH5BAEKAAEALAAAAAABAAEAAAICTAEAOw==\" data-src=\"https:\/\/buletin.de\/bucuresti\/wp-content\/uploads\/arghezi-faza-II-1-900x666.png\" alt=\"\" class=\"wp-image-81670 lazyload\" data-sizes=\"auto\" data-srcset=\"https:\/\/buletin.de\/bucuresti\/wp-content\/uploads\/arghezi-faza-II-1-900x666.png 900w, https:\/\/buletin.de\/bucuresti\/wp-content\/uploads\/arghezi-faza-II-1-300x222.png 300w, https:\/\/buletin.de\/bucuresti\/wp-content\/uploads\/arghezi-faza-II-1-768x568.png 768w, https:\/\/buletin.de\/bucuresti\/wp-content\/uploads\/arghezi-faza-II-1-600x444.png 600w, https:\/\/buletin.de\/bucuresti\/wp-content\/uploads\/arghezi-faza-II-1-20x15.png 20w, https:\/\/buletin.de\/bucuresti\/wp-content\/uploads\/arghezi-faza-II-1.png 972w\" sizes=\"(max-width: 900px) 100vw, 900px\" \/><\/figure>\n\n\n\n<figure class=\"wp-block-image size-large\"><img decoding=\"async\" width=\"279\" height=\"347\" src=\"data:image\/gif;base64,R0lGODlhAQABAAAAACH5BAEKAAEALAAAAAABAAEAAAICTAEAOw==\" data-src=\"https:\/\/buletin.de\/bucuresti\/wp-content\/uploads\/legenda-arghezi-faza-II.png\" alt=\"\" class=\"wp-image-81669 lazyload\" data-sizes=\"auto\" data-srcset=\"https:\/\/buletin.de\/bucuresti\/wp-content\/uploads\/legenda-arghezi-faza-II.png 279w, https:\/\/buletin.de\/bucuresti\/wp-content\/uploads\/legenda-arghezi-faza-II-241x300.png 241w, https:\/\/buletin.de\/bucuresti\/wp-content\/uploads\/legenda-arghezi-faza-II-20x25.png 20w\" sizes=\"(max-width: 279px) 100vw, 279px\" \/><\/figure>\n\n\n\n<h2 class=\"wp-block-heading\">Faza I a parcului Tudor Arghezi<\/h2>\n\n\n\n<p>Prima parte a parcului Tudor Arghezi a ajuns s\u0103 coste Prim\u0103ria Sectorul 4 aproximativ 16 milioane de euro, de\u0219i, \u00een 2021, costul se ridica la doar 7,5 milioane de euro construc\u021bia propriu-zis\u0103 \u0219i 1.8 milioane de euro exproprierile.<\/p>\n\n\n\n<p>Inaugurat \u00een 2023, de Zilele Bucure\u0219tiului, Parcul Tudor Arghezi a devenit mai scump cu fiecare an care a trecut din momentul anun\u021b\u0103rii investi\u021biei. Conform primelor estim\u0103ri f\u0103cute de Prim\u0103ria Sectorului 4, lucrarea nu trebuia s\u0103 dep\u0103\u0219easc\u0103, cu tot cu exproprieri valoarea de 10 milioane de euro.<\/p>\n\n\n\n<p><strong>CITE\u015eTE \u015eI:<\/strong><\/p>\n\n\n\n<figure class=\"wp-block-embed is-type-wp-embed is-provider-buletin-de-bucure-ti wp-block-embed-buletin-de-bucure-ti\"><div class=\"wp-block-embed__wrapper\">\n<blockquote class=\"wp-embedded-content\" data-secret=\"riOI37mc9T\"><a href=\"https:\/\/buletin.de\/bucuresti\/sector-4-podea-plutitoare-de-860-000-de-euro-pentru-fantana-din-parcul-tudor-arghezi\/\">Sector 4 | Podea plutitoare de 860.000 de euro pentru f\u00e2nt\u00e2na din parcul Tudor Arghezi<\/a><\/blockquote><iframe class=\"wp-embedded-content\" sandbox=\"allow-scripts\" security=\"restricted\" style=\"position: absolute; clip: rect(1px, 1px, 1px, 1px);\" title=\"&#8220;Sector 4 | Podea plutitoare de 860.000 de euro pentru f\u00e2nt\u00e2na din parcul Tudor Arghezi&#8221; &#8212; Buletin de Bucure\u0219ti\" src=\"https:\/\/buletin.de\/bucuresti\/sector-4-podea-plutitoare-de-860-000-de-euro-pentru-fantana-din-parcul-tudor-arghezi\/embed\/#?secret=y1PsaIczFw#?secret=riOI37mc9T\" data-secret=\"riOI37mc9T\" width=\"600\" height=\"338\" frameborder=\"0\" marginwidth=\"0\" marginheight=\"0\" scrolling=\"no\"><\/iframe>\n<\/div><\/figure>\n\n\n\n<figure class=\"wp-block-embed is-type-wp-embed is-provider-buletin-de-bucure-ti wp-block-embed-buletin-de-bucure-ti\"><div class=\"wp-block-embed__wrapper\">\n<blockquote class=\"wp-embedded-content\" data-secret=\"kRhkjj5hvV\"><a href=\"https:\/\/buletin.de\/bucuresti\/sector-4-pretul-parcului-tudor-arghezi-aproape-ca-s-a-dublat-din-2021-si-pana-acum\/\">Sector 4 | Pre\u0163ul Parcului Tudor Arghezi aproape c\u0103 s-a dublat din 2021 \u015fi p\u00e2n\u0103 acum<\/a><\/blockquote><iframe class=\"wp-embedded-content\" sandbox=\"allow-scripts\" security=\"restricted\" style=\"position: absolute; clip: rect(1px, 1px, 1px, 1px);\" title=\"&#8220;Sector 4 | Pre\u0163ul Parcului Tudor Arghezi aproape c\u0103 s-a dublat din 2021 \u015fi p\u00e2n\u0103 acum&#8221; &#8212; Buletin de Bucure\u0219ti\" src=\"https:\/\/buletin.de\/bucuresti\/sector-4-pretul-parcului-tudor-arghezi-aproape-ca-s-a-dublat-din-2021-si-pana-acum\/embed\/#?secret=XeGGnYfkkq#?secret=kRhkjj5hvV\" data-secret=\"kRhkjj5hvV\" width=\"600\" height=\"338\" frameborder=\"0\" marginwidth=\"0\" marginheight=\"0\" scrolling=\"no\"><\/iframe>\n<\/div><\/figure>\n","protected":false},"excerpt":{"rendered":"<p>UPDATE: Proiectul a fost, p\u00e2n\u0103 la urm\u0103, votat \u00een \u015fedin\u0163a extraordinar\u0103 din data de 8 aprilie. A trecut de votul consilierilor generali: 47 voturi pentru, 1 ab\u0163inere, 0 voturi \u00eempotriv\u0103. \u015eTIREA INI\u0162IAL\u0102: Prim\u0103ria Sectorului 4 cere Consiliului General un vot \u00een \u015fedin\u0163a de mar\u0163i, 2 aprilie, pentru a aproba exproprieri de aproape patru milioane de [&hellip;]<\/p>\n","protected":false},"author":8,"featured_media":65322,"comment_status":"closed","ping_status":"open","sticky":false,"template":"","format":"standard","meta":{"_acf_changed":false,"inline_featured_image":false,"ngg_post_thumbnail":0,"footnotes":""},"categories":[6994,5762,24],"tags":[1204,10887,10889,10888],"ppma_author":[22586],"class_list":["post-81666","post","type-post","status-publish","format-standard","has-post-thumbnail","hentry","category-stiri-2","category-main","category-primarie","tag-daniel-baluta","tag-faza-a-ii-a-parc-tudor-arghezi","tag-parc-sector-4","tag-vot-cgmb-parc-arghezi"],"acf":[],"yoast_head":"<!-- This site is optimized with the Yoast SEO Premium plugin v25.3 (Yoast SEO v27.5) - https:\/\/yoast.com\/product\/yoast-seo-premium-wordpress\/ -->\n<title>Sector 4 | Exproprieri de 100 euro\/mp, pentru parcul \u201eTudor Arghezi\u201d. Faza a II-a cost\u0103 19 milioane \u20ac, 4 milioane numai exproprierile - Buletin de Bucure\u0219ti<\/title>\n<meta name=\"robots\" content=\"index, follow, max-snippet:-1, max-image-preview:large, max-video-preview:-1\" \/>\n<link rel=\"canonical\" href=\"https:\/\/buletin.de\/bucuresti\/sector-4-exproprieri-de-100-euro-mp-pentru-parcul-tudor-arghezi-faza-a-ii-a-costa-19-milioane-e-4-milioane-numai-exproprierile\/\" \/>\n<meta property=\"og:locale\" content=\"en_GB\" \/>\n<meta property=\"og:type\" content=\"article\" \/>\n<meta property=\"og:title\" content=\"Sector 4 | Exproprieri de 100 euro\/mp, pentru parcul \u201eTudor Arghezi\u201d. Faza a II-a cost\u0103 19 milioane \u20ac, 4 milioane numai exproprierile\" \/>\n<meta property=\"og:description\" content=\"UPDATE: Proiectul a fost, p\u00e2n\u0103 la urm\u0103, votat \u00een \u015fedin\u0163a extraordinar\u0103 din data de 8 aprilie. A trecut de votul consilierilor generali: 47 voturi pentru, 1 ab\u0163inere, 0 voturi \u00eempotriv\u0103. \u015eTIREA INI\u0162IAL\u0102: Prim\u0103ria Sectorului 4 cere Consiliului General un vot \u00een \u015fedin\u0163a de mar\u0163i, 2 aprilie, pentru a aproba exproprieri de aproape patru milioane de [&hellip;]\" \/>\n<meta property=\"og:url\" content=\"https:\/\/buletin.de\/bucuresti\/sector-4-exproprieri-de-100-euro-mp-pentru-parcul-tudor-arghezi-faza-a-ii-a-costa-19-milioane-e-4-milioane-numai-exproprierile\/\" \/>\n<meta property=\"og:site_name\" content=\"Buletin de Bucure\u0219ti\" \/>\n<meta property=\"article:publisher\" content=\"https:\/\/www.facebook.com\/buletin.de.buc\" \/>\n<meta property=\"article:published_time\" content=\"2024-04-01T12:05:55+00:00\" \/>\n<meta property=\"article:modified_time\" content=\"2024-04-08T13:39:20+00:00\" \/>\n<meta property=\"og:image\" content=\"https:\/\/buletin.de\/bucuresti\/wp-content\/uploads\/parc-tudor-arghezi-1.jpg\" \/>\n\t<meta property=\"og:image:width\" content=\"2000\" \/>\n\t<meta property=\"og:image:height\" content=\"1126\" \/>\n\t<meta property=\"og:image:type\" content=\"image\/jpeg\" \/>\n<meta name=\"author\" content=\"Ionu\u021b Lepa\" \/>\n<meta name=\"twitter:card\" content=\"summary_large_image\" \/>\n<meta name=\"twitter:label1\" content=\"Written by\" \/>\n\t<meta name=\"twitter:data1\" content=\"Ionu\u021b Lepa\" \/>\n\t<meta name=\"twitter:label2\" content=\"Estimated reading time\" \/>\n\t<meta name=\"twitter:data2\" content=\"2 minutes\" \/>\n<script type=\"application\/ld+json\" class=\"yoast-schema-graph\">{\"@context\":\"https:\\\/\\\/schema.org\",\"@graph\":[{\"@type\":\"Article\",\"@id\":\"https:\\\/\\\/buletin.de\\\/bucuresti\\\/sector-4-exproprieri-de-100-euro-mp-pentru-parcul-tudor-arghezi-faza-a-ii-a-costa-19-milioane-e-4-milioane-numai-exproprierile\\\/#article\",\"isPartOf\":{\"@id\":\"https:\\\/\\\/buletin.de\\\/bucuresti\\\/sector-4-exproprieri-de-100-euro-mp-pentru-parcul-tudor-arghezi-faza-a-ii-a-costa-19-milioane-e-4-milioane-numai-exproprierile\\\/\"},\"author\":{\"name\":\"Ionu\u021b Lepa\",\"@id\":\"https:\\\/\\\/buletin.de\\\/bucuresti\\\/#\\\/schema\\\/person\\\/5272b8a057b33890940b57b837fc4ce6\"},\"headline\":\"Sector 4 | Exproprieri de 100 euro\\\/mp, pentru parcul \u201eTudor Arghezi\u201d. Faza a II-a cost\u0103 19 milioane \u20ac, 4 milioane numai exproprierile\",\"datePublished\":\"2024-04-01T12:05:55+00:00\",\"dateModified\":\"2024-04-08T13:39:20+00:00\",\"mainEntityOfPage\":{\"@id\":\"https:\\\/\\\/buletin.de\\\/bucuresti\\\/sector-4-exproprieri-de-100-euro-mp-pentru-parcul-tudor-arghezi-faza-a-ii-a-costa-19-milioane-e-4-milioane-numai-exproprierile\\\/\"},\"wordCount\":294,\"publisher\":{\"@id\":\"https:\\\/\\\/buletin.de\\\/bucuresti\\\/#organization\"},\"image\":{\"@id\":\"https:\\\/\\\/buletin.de\\\/bucuresti\\\/sector-4-exproprieri-de-100-euro-mp-pentru-parcul-tudor-arghezi-faza-a-ii-a-costa-19-milioane-e-4-milioane-numai-exproprierile\\\/#primaryimage\"},\"thumbnailUrl\":\"https:\\\/\\\/buletin.de\\\/bucuresti\\\/wp-content\\\/uploads\\\/parc-tudor-arghezi-1.jpg\",\"keywords\":[\"daniel baluta\",\"faza a II-a parc tudor arghezi\",\"parc sector 4\",\"vot cgmb parc arghezi\"],\"articleSection\":[\"Articole\",\"Main\",\"Prim\u0103rie\"],\"inLanguage\":\"en-GB\",\"copyrightYear\":\"2024\",\"copyrightHolder\":{\"@id\":\"https:\\\/\\\/buletin.de\\\/bucuresti\\\/#organization\"}},{\"@type\":\"WebPage\",\"@id\":\"https:\\\/\\\/buletin.de\\\/bucuresti\\\/sector-4-exproprieri-de-100-euro-mp-pentru-parcul-tudor-arghezi-faza-a-ii-a-costa-19-milioane-e-4-milioane-numai-exproprierile\\\/\",\"url\":\"https:\\\/\\\/buletin.de\\\/bucuresti\\\/sector-4-exproprieri-de-100-euro-mp-pentru-parcul-tudor-arghezi-faza-a-ii-a-costa-19-milioane-e-4-milioane-numai-exproprierile\\\/\",\"name\":\"Sector 4 | Exproprieri de 100 euro\\\/mp, pentru parcul \u201eTudor Arghezi\u201d. Faza a II-a cost\u0103 19 milioane \u20ac, 4 milioane numai exproprierile - Buletin de Bucure\u0219ti\",\"isPartOf\":{\"@id\":\"https:\\\/\\\/buletin.de\\\/bucuresti\\\/#website\"},\"primaryImageOfPage\":{\"@id\":\"https:\\\/\\\/buletin.de\\\/bucuresti\\\/sector-4-exproprieri-de-100-euro-mp-pentru-parcul-tudor-arghezi-faza-a-ii-a-costa-19-milioane-e-4-milioane-numai-exproprierile\\\/#primaryimage\"},\"image\":{\"@id\":\"https:\\\/\\\/buletin.de\\\/bucuresti\\\/sector-4-exproprieri-de-100-euro-mp-pentru-parcul-tudor-arghezi-faza-a-ii-a-costa-19-milioane-e-4-milioane-numai-exproprierile\\\/#primaryimage\"},\"thumbnailUrl\":\"https:\\\/\\\/buletin.de\\\/bucuresti\\\/wp-content\\\/uploads\\\/parc-tudor-arghezi-1.jpg\",\"datePublished\":\"2024-04-01T12:05:55+00:00\",\"dateModified\":\"2024-04-08T13:39:20+00:00\",\"breadcrumb\":{\"@id\":\"https:\\\/\\\/buletin.de\\\/bucuresti\\\/sector-4-exproprieri-de-100-euro-mp-pentru-parcul-tudor-arghezi-faza-a-ii-a-costa-19-milioane-e-4-milioane-numai-exproprierile\\\/#breadcrumb\"},\"inLanguage\":\"en-GB\",\"potentialAction\":[{\"@type\":\"ReadAction\",\"target\":[\"https:\\\/\\\/buletin.de\\\/bucuresti\\\/sector-4-exproprieri-de-100-euro-mp-pentru-parcul-tudor-arghezi-faza-a-ii-a-costa-19-milioane-e-4-milioane-numai-exproprierile\\\/\"]}]},{\"@type\":\"ImageObject\",\"inLanguage\":\"en-GB\",\"@id\":\"https:\\\/\\\/buletin.de\\\/bucuresti\\\/sector-4-exproprieri-de-100-euro-mp-pentru-parcul-tudor-arghezi-faza-a-ii-a-costa-19-milioane-e-4-milioane-numai-exproprierile\\\/#primaryimage\",\"url\":\"https:\\\/\\\/buletin.de\\\/bucuresti\\\/wp-content\\\/uploads\\\/parc-tudor-arghezi-1.jpg\",\"contentUrl\":\"https:\\\/\\\/buletin.de\\\/bucuresti\\\/wp-content\\\/uploads\\\/parc-tudor-arghezi-1.jpg\",\"width\":2000,\"height\":1126},{\"@type\":\"BreadcrumbList\",\"@id\":\"https:\\\/\\\/buletin.de\\\/bucuresti\\\/sector-4-exproprieri-de-100-euro-mp-pentru-parcul-tudor-arghezi-faza-a-ii-a-costa-19-milioane-e-4-milioane-numai-exproprierile\\\/#breadcrumb\",\"itemListElement\":[{\"@type\":\"ListItem\",\"position\":1,\"name\":\"Acas\u0103\",\"item\":\"https:\\\/\\\/buletin.de\\\/bucuresti\\\/\"},{\"@type\":\"ListItem\",\"position\":2,\"name\":\"Sector 4 | Exproprieri de 100 euro\\\/mp, pentru parcul \u201eTudor Arghezi\u201d. Faza a II-a cost\u0103 19 milioane \u20ac, 4 milioane numai exproprierile\"}]},{\"@type\":\"WebSite\",\"@id\":\"https:\\\/\\\/buletin.de\\\/bucuresti\\\/#website\",\"url\":\"https:\\\/\\\/buletin.de\\\/bucuresti\\\/\",\"name\":\"Buletin de Bucure\u0219ti\",\"description\":\"\u0218tiri \u0219i investiga\u021bii esen\u021biale din capital\u0103\",\"publisher\":{\"@id\":\"https:\\\/\\\/buletin.de\\\/bucuresti\\\/#organization\"},\"potentialAction\":[{\"@type\":\"SearchAction\",\"target\":{\"@type\":\"EntryPoint\",\"urlTemplate\":\"https:\\\/\\\/buletin.de\\\/bucuresti\\\/?s={search_term_string}\"},\"query-input\":{\"@type\":\"PropertyValueSpecification\",\"valueRequired\":true,\"valueName\":\"search_term_string\"}}],\"inLanguage\":\"en-GB\"},{\"@type\":\"Organization\",\"@id\":\"https:\\\/\\\/buletin.de\\\/bucuresti\\\/#organization\",\"name\":\"Buletin de Bucure\u0219ti\",\"url\":\"https:\\\/\\\/buletin.de\\\/bucuresti\\\/\",\"logo\":{\"@type\":\"ImageObject\",\"inLanguage\":\"en-GB\",\"@id\":\"https:\\\/\\\/buletin.de\\\/bucuresti\\\/#\\\/schema\\\/logo\\\/image\\\/\",\"url\":\"https:\\\/\\\/buletin.de\\\/bucuresti\\\/wp-content\\\/uploads\\\/logo-bdb-full-wide-vernil-transparent.png\",\"contentUrl\":\"https:\\\/\\\/buletin.de\\\/bucuresti\\\/wp-content\\\/uploads\\\/logo-bdb-full-wide-vernil-transparent.png\",\"width\":1782,\"height\":626,\"caption\":\"Buletin de Bucure\u0219ti\"},\"image\":{\"@id\":\"https:\\\/\\\/buletin.de\\\/bucuresti\\\/#\\\/schema\\\/logo\\\/image\\\/\"},\"sameAs\":[\"https:\\\/\\\/www.facebook.com\\\/buletin.de.buc\",\"https:\\\/\\\/www.instagram.com\\\/buletinde.bucuresti\\\/\"]},{\"@type\":\"Person\",\"@id\":\"https:\\\/\\\/buletin.de\\\/bucuresti\\\/#\\\/schema\\\/person\\\/5272b8a057b33890940b57b837fc4ce6\",\"name\":\"Ionu\u021b Lepa\",\"image\":{\"@type\":\"ImageObject\",\"inLanguage\":\"en-GB\",\"@id\":\"https:\\\/\\\/buletin.de\\\/bucuresti\\\/wp-content\\\/uploads\\\/Ionut-Lepa-96x96.jpg5c4e4d9e049808799a8821652d2410a4\",\"url\":\"https:\\\/\\\/buletin.de\\\/bucuresti\\\/wp-content\\\/uploads\\\/Ionut-Lepa-96x96.jpg\",\"contentUrl\":\"https:\\\/\\\/buletin.de\\\/bucuresti\\\/wp-content\\\/uploads\\\/Ionut-Lepa-96x96.jpg\",\"caption\":\"Ionu\u021b Lepa\"},\"url\":\"https:\\\/\\\/buletin.de\\\/bucuresti\\\/author\\\/ionutlepa\\\/\"}]}<\/script>\n<!-- \/ Yoast SEO Premium plugin. -->","yoast_head_json":{"title":"Sector 4 | Exproprieri de 100 euro\/mp, pentru parcul \u201eTudor Arghezi\u201d. Faza a II-a cost\u0103 19 milioane \u20ac, 4 milioane numai exproprierile - Buletin de Bucure\u0219ti","robots":{"index":"index","follow":"follow","max-snippet":"max-snippet:-1","max-image-preview":"max-image-preview:large","max-video-preview":"max-video-preview:-1"},"canonical":"https:\/\/buletin.de\/bucuresti\/sector-4-exproprieri-de-100-euro-mp-pentru-parcul-tudor-arghezi-faza-a-ii-a-costa-19-milioane-e-4-milioane-numai-exproprierile\/","og_locale":"en_GB","og_type":"article","og_title":"Sector 4 | Exproprieri de 100 euro\/mp, pentru parcul \u201eTudor Arghezi\u201d. Faza a II-a cost\u0103 19 milioane \u20ac, 4 milioane numai exproprierile","og_description":"UPDATE: Proiectul a fost, p\u00e2n\u0103 la urm\u0103, votat \u00een \u015fedin\u0163a extraordinar\u0103 din data de 8 aprilie. A trecut de votul consilierilor generali: 47 voturi pentru, 1 ab\u0163inere, 0 voturi \u00eempotriv\u0103. \u015eTIREA INI\u0162IAL\u0102: Prim\u0103ria Sectorului 4 cere Consiliului General un vot \u00een \u015fedin\u0163a de mar\u0163i, 2 aprilie, pentru a aproba exproprieri de aproape patru milioane de [&hellip;]","og_url":"https:\/\/buletin.de\/bucuresti\/sector-4-exproprieri-de-100-euro-mp-pentru-parcul-tudor-arghezi-faza-a-ii-a-costa-19-milioane-e-4-milioane-numai-exproprierile\/","og_site_name":"Buletin de Bucure\u0219ti","article_publisher":"https:\/\/www.facebook.com\/buletin.de.buc","article_published_time":"2024-04-01T12:05:55+00:00","article_modified_time":"2024-04-08T13:39:20+00:00","og_image":[{"width":2000,"height":1126,"url":"https:\/\/buletin.de\/bucuresti\/wp-content\/uploads\/parc-tudor-arghezi-1.jpg","type":"image\/jpeg"}],"author":"Ionu\u021b Lepa","twitter_card":"summary_large_image","twitter_misc":{"Written by":"Ionu\u021b Lepa","Estimated reading time":"2 minutes"},"schema":{"@context":"https:\/\/schema.org","@graph":[{"@type":"Article","@id":"https:\/\/buletin.de\/bucuresti\/sector-4-exproprieri-de-100-euro-mp-pentru-parcul-tudor-arghezi-faza-a-ii-a-costa-19-milioane-e-4-milioane-numai-exproprierile\/#article","isPartOf":{"@id":"https:\/\/buletin.de\/bucuresti\/sector-4-exproprieri-de-100-euro-mp-pentru-parcul-tudor-arghezi-faza-a-ii-a-costa-19-milioane-e-4-milioane-numai-exproprierile\/"},"author":{"name":"Ionu\u021b Lepa","@id":"https:\/\/buletin.de\/bucuresti\/#\/schema\/person\/5272b8a057b33890940b57b837fc4ce6"},"headline":"Sector 4 | Exproprieri de 100 euro\/mp, pentru parcul \u201eTudor Arghezi\u201d. Faza a II-a cost\u0103 19 milioane \u20ac, 4 milioane numai exproprierile","datePublished":"2024-04-01T12:05:55+00:00","dateModified":"2024-04-08T13:39:20+00:00","mainEntityOfPage":{"@id":"https:\/\/buletin.de\/bucuresti\/sector-4-exproprieri-de-100-euro-mp-pentru-parcul-tudor-arghezi-faza-a-ii-a-costa-19-milioane-e-4-milioane-numai-exproprierile\/"},"wordCount":294,"publisher":{"@id":"https:\/\/buletin.de\/bucuresti\/#organization"},"image":{"@id":"https:\/\/buletin.de\/bucuresti\/sector-4-exproprieri-de-100-euro-mp-pentru-parcul-tudor-arghezi-faza-a-ii-a-costa-19-milioane-e-4-milioane-numai-exproprierile\/#primaryimage"},"thumbnailUrl":"https:\/\/buletin.de\/bucuresti\/wp-content\/uploads\/parc-tudor-arghezi-1.jpg","keywords":["daniel baluta","faza a II-a parc tudor arghezi","parc sector 4","vot cgmb parc arghezi"],"articleSection":["Articole","Main","Prim\u0103rie"],"inLanguage":"en-GB","copyrightYear":"2024","copyrightHolder":{"@id":"https:\/\/buletin.de\/bucuresti\/#organization"}},{"@type":"WebPage","@id":"https:\/\/buletin.de\/bucuresti\/sector-4-exproprieri-de-100-euro-mp-pentru-parcul-tudor-arghezi-faza-a-ii-a-costa-19-milioane-e-4-milioane-numai-exproprierile\/","url":"https:\/\/buletin.de\/bucuresti\/sector-4-exproprieri-de-100-euro-mp-pentru-parcul-tudor-arghezi-faza-a-ii-a-costa-19-milioane-e-4-milioane-numai-exproprierile\/","name":"Sector 4 | Exproprieri de 100 euro\/mp, pentru parcul \u201eTudor Arghezi\u201d. Faza a II-a cost\u0103 19 milioane \u20ac, 4 milioane numai exproprierile - Buletin de Bucure\u0219ti","isPartOf":{"@id":"https:\/\/buletin.de\/bucuresti\/#website"},"primaryImageOfPage":{"@id":"https:\/\/buletin.de\/bucuresti\/sector-4-exproprieri-de-100-euro-mp-pentru-parcul-tudor-arghezi-faza-a-ii-a-costa-19-milioane-e-4-milioane-numai-exproprierile\/#primaryimage"},"image":{"@id":"https:\/\/buletin.de\/bucuresti\/sector-4-exproprieri-de-100-euro-mp-pentru-parcul-tudor-arghezi-faza-a-ii-a-costa-19-milioane-e-4-milioane-numai-exproprierile\/#primaryimage"},"thumbnailUrl":"https:\/\/buletin.de\/bucuresti\/wp-content\/uploads\/parc-tudor-arghezi-1.jpg","datePublished":"2024-04-01T12:05:55+00:00","dateModified":"2024-04-08T13:39:20+00:00","breadcrumb":{"@id":"https:\/\/buletin.de\/bucuresti\/sector-4-exproprieri-de-100-euro-mp-pentru-parcul-tudor-arghezi-faza-a-ii-a-costa-19-milioane-e-4-milioane-numai-exproprierile\/#breadcrumb"},"inLanguage":"en-GB","potentialAction":[{"@type":"ReadAction","target":["https:\/\/buletin.de\/bucuresti\/sector-4-exproprieri-de-100-euro-mp-pentru-parcul-tudor-arghezi-faza-a-ii-a-costa-19-milioane-e-4-milioane-numai-exproprierile\/"]}]},{"@type":"ImageObject","inLanguage":"en-GB","@id":"https:\/\/buletin.de\/bucuresti\/sector-4-exproprieri-de-100-euro-mp-pentru-parcul-tudor-arghezi-faza-a-ii-a-costa-19-milioane-e-4-milioane-numai-exproprierile\/#primaryimage","url":"https:\/\/buletin.de\/bucuresti\/wp-content\/uploads\/parc-tudor-arghezi-1.jpg","contentUrl":"https:\/\/buletin.de\/bucuresti\/wp-content\/uploads\/parc-tudor-arghezi-1.jpg","width":2000,"height":1126},{"@type":"BreadcrumbList","@id":"https:\/\/buletin.de\/bucuresti\/sector-4-exproprieri-de-100-euro-mp-pentru-parcul-tudor-arghezi-faza-a-ii-a-costa-19-milioane-e-4-milioane-numai-exproprierile\/#breadcrumb","itemListElement":[{"@type":"ListItem","position":1,"name":"Acas\u0103","item":"https:\/\/buletin.de\/bucuresti\/"},{"@type":"ListItem","position":2,"name":"Sector 4 | Exproprieri de 100 euro\/mp, pentru parcul \u201eTudor Arghezi\u201d. Faza a II-a cost\u0103 19 milioane \u20ac, 4 milioane numai exproprierile"}]},{"@type":"WebSite","@id":"https:\/\/buletin.de\/bucuresti\/#website","url":"https:\/\/buletin.de\/bucuresti\/","name":"Buletin de Bucure\u0219ti","description":"\u0218tiri \u0219i investiga\u021bii esen\u021biale din capital\u0103","publisher":{"@id":"https:\/\/buletin.de\/bucuresti\/#organization"},"potentialAction":[{"@type":"SearchAction","target":{"@type":"EntryPoint","urlTemplate":"https:\/\/buletin.de\/bucuresti\/?s={search_term_string}"},"query-input":{"@type":"PropertyValueSpecification","valueRequired":true,"valueName":"search_term_string"}}],"inLanguage":"en-GB"},{"@type":"Organization","@id":"https:\/\/buletin.de\/bucuresti\/#organization","name":"Buletin de Bucure\u0219ti","url":"https:\/\/buletin.de\/bucuresti\/","logo":{"@type":"ImageObject","inLanguage":"en-GB","@id":"https:\/\/buletin.de\/bucuresti\/#\/schema\/logo\/image\/","url":"https:\/\/buletin.de\/bucuresti\/wp-content\/uploads\/logo-bdb-full-wide-vernil-transparent.png","contentUrl":"https:\/\/buletin.de\/bucuresti\/wp-content\/uploads\/logo-bdb-full-wide-vernil-transparent.png","width":1782,"height":626,"caption":"Buletin de Bucure\u0219ti"},"image":{"@id":"https:\/\/buletin.de\/bucuresti\/#\/schema\/logo\/image\/"},"sameAs":["https:\/\/www.facebook.com\/buletin.de.buc","https:\/\/www.instagram.com\/buletinde.bucuresti\/"]},{"@type":"Person","@id":"https:\/\/buletin.de\/bucuresti\/#\/schema\/person\/5272b8a057b33890940b57b837fc4ce6","name":"Ionu\u021b Lepa","image":{"@type":"ImageObject","inLanguage":"en-GB","@id":"https:\/\/buletin.de\/bucuresti\/wp-content\/uploads\/Ionut-Lepa-96x96.jpg5c4e4d9e049808799a8821652d2410a4","url":"https:\/\/buletin.de\/bucuresti\/wp-content\/uploads\/Ionut-Lepa-96x96.jpg","contentUrl":"https:\/\/buletin.de\/bucuresti\/wp-content\/uploads\/Ionut-Lepa-96x96.jpg","caption":"Ionu\u021b Lepa"},"url":"https:\/\/buletin.de\/bucuresti\/author\/ionutlepa\/"}]}},"authors":[{"term_id":22586,"user_id":8,"is_guest":0,"slug":"ionutlepa","display_name":"Ionu\u021b Lepa","avatar_url":"https:\/\/buletin.de\/bucuresti\/wp-content\/uploads\/Ionut-Lepa-96x96.jpg","0":null,"1":"","2":"","3":"","4":"","5":"","6":"","7":"","8":""}],"_links":{"self":[{"href":"https:\/\/buletin.de\/bucuresti\/wp-json\/wp\/v2\/posts\/81666","targetHints":{"allow":["GET"]}}],"collection":[{"href":"https:\/\/buletin.de\/bucuresti\/wp-json\/wp\/v2\/posts"}],"about":[{"href":"https:\/\/buletin.de\/bucuresti\/wp-json\/wp\/v2\/types\/post"}],"author":[{"embeddable":true,"href":"https:\/\/buletin.de\/bucuresti\/wp-json\/wp\/v2\/users\/8"}],"replies":[{"embeddable":true,"href":"https:\/\/buletin.de\/bucuresti\/wp-json\/wp\/v2\/comments?post=81666"}],"version-history":[{"count":5,"href":"https:\/\/buletin.de\/bucuresti\/wp-json\/wp\/v2\/posts\/81666\/revisions"}],"predecessor-version":[{"id":82430,"href":"https:\/\/buletin.de\/bucuresti\/wp-json\/wp\/v2\/posts\/81666\/revisions\/82430"}],"wp:featuredmedia":[{"embeddable":true,"href":"https:\/\/buletin.de\/bucuresti\/wp-json\/wp\/v2\/media\/65322"}],"wp:attachment":[{"href":"https:\/\/buletin.de\/bucuresti\/wp-json\/wp\/v2\/media?parent=81666"}],"wp:term":[{"taxonomy":"category","embeddable":true,"href":"https:\/\/buletin.de\/bucuresti\/wp-json\/wp\/v2\/categories?post=81666"},{"taxonomy":"post_tag","embeddable":true,"href":"https:\/\/buletin.de\/bucuresti\/wp-json\/wp\/v2\/tags?post=81666"},{"taxonomy":"author","embeddable":true,"href":"https:\/\/buletin.de\/bucuresti\/wp-json\/wp\/v2\/ppma_author?post=81666"}],"curies":[{"name":"wp","href":"https:\/\/api.w.org\/{rel}","templated":true}]}}