{"id":81430,"date":"2024-03-30T08:00:00","date_gmt":"2024-03-30T06:00:00","guid":{"rendered":"https:\/\/buletin.de\/bucuresti\/?p=81430"},"modified":"2024-03-31T19:28:08","modified_gmt":"2024-03-31T17:28:08","slug":"primii-calatori-din-zona-schengen-vor-ateriza-fara-a-trece-prin-portile-de-control-duminica-pe-aeroportul-otopeni","status":"publish","type":"post","link":"https:\/\/buletin.de\/bucuresti\/primii-calatori-din-zona-schengen-vor-ateriza-fara-a-trece-prin-portile-de-control-duminica-pe-aeroportul-otopeni\/","title":{"rendered":"Primii c\u0103l\u0103tori din zona Schengen vor ateriza f\u0103r\u0103 a trece prin por\u021bile de control duminic\u0103, pe aeroportul Otopeni"},"content":{"rendered":"\n<p><strong>Primele zboruri din spa\u021biul Schengen, ai c\u0103ror pasageri nu vor fi supu\u0219i controlului de frontier\u0103, vor ateriza pe Aeroportul Interna\u021bional Henri Coand\u0103 la \u00eenceputul zilei de duminic\u0103. Lucr\u0103rile pentru fluxurile Schengen \/ non-Schengen, \u00eencepute pe 1 martie, se vor \u00eencheia p\u00e2n\u0103 atunci, potrivit Companiei Na\u021bionale de Aeroporturi Bucure\u0219ti (CNAB).<\/strong><\/p>\n\n\n\n<p>Cei dint\u00e2i pasageri care vor fi trata\u0163i Schengen\u2013Schengen \u015fi vor ateriza pe aeroportul Otopeni vin de la Paris, Viena, Hamburg, Roma, Zurich, Munchen, Amsterdam \u015fi Geneva. Avioanele aterizeaz\u0103 \u00een intervalul orar 00.05 &#8211; 01.00 LT.\u00a0<\/p>\n\n\n\n<p><a href=\"https:\/\/buletin.de\/bucuresti\/capacitate-redusa-la-punctele-de-control-de-pe-otopeni-ghisee-relocate-pentru-organizarea-fluxurilor-schengen-si-non-schengen\/\">De la \u00eenceputul lunii martie<\/a>, por\u021bile automate de control au func\u021bionat la capacitate redus\u0103, pentru a continua procesul de implementare a fluxurilor Schengen \u015fi non-Schengen<strong>.<\/strong><\/p>\n\n\n\n<p>Infrastructura terminalelor a fost proiectat\u0103 \u00eenc\u0103 din 2011-2012 cu utilizare \u00een sistem Schengen \/ non-Schengen \u00een minte.&nbsp;<\/p>\n\n\n\n<p>La finalul anului trecut, 2023, JAI a decis s\u0103 primeasc\u0103 Rom\u00e2nia \u0219i Bulgaria. Prima etap\u0103, eliminarea controalelor la frontierele aeriene \u0219i maritime, p\u00e2n\u0103 cel t\u00e2rziu \u00een martie 2024. Nu exist\u0103 o dat\u0103 de referin\u021b\u0103 pentru urm\u0103toarele etape.<\/p>\n\n\n\n<p>Ca urmare, mai pu\u021bin de 30% din totalul pasagerilor, care tranziteaz\u0103 aeroportul Henri Coand\u0103 vor fi supu\u0219i controlului de frontier\u0103, \u00eencep\u00e2nd cu 31 martie.<\/p>\n\n\n\n<h2 class=\"wp-block-heading\">Cozile la aeroport \u0219i por\u021bile de control automat al pa\u0219apoartelor<\/h2>\n\n\n\n<p>Chiar dac\u0103 dou\u0103 treimi din totalul zborurilor vor fi \u00een interiorul spa\u021biului Schengen, \u00een cazul celorlalte c\u0103l\u0103torii, rom\u00e2nii tot vor trebui s\u0103 treac\u0103 prin punctele de control.<\/p>\n\n\n\n<p>\u00cen 2021, la \u00eenceputul lunii martie, ministrul Transporturilor, C\u0103t\u0103lin Drul\u0103 \u015fi ministrul Afacerilor Interne, Lucian Bode au inaugurat primul \u201eSistem automat de verificare a documentelor de c\u0103l\u0103torie \u00een aeroporturi\u201d, din \u021bar\u0103, la Otopeni.<\/p>\n\n\n\n<p>La mijlocul anului trecut, \u00een iulie 2023, cele \u0219ase por\u021bi de control automat al pa\u0219apoartelor&nbsp;<a href=\"https:\/\/buletin.de\/bucuresti\/portile-neputintei-de-la-aeroportul-otopeni-montat-gresit-sistemul-inteligent-al-vamilor-functioneaza-cu-sincope\/\">func\u021bionau cu sincope<\/a>: pe 13 iulie, cele \u0219ase por\u021bi au trebuit s\u0103 fie \u00eenlocuite de poli\u021bi\u0219ti de frontier\u0103, la primele ore ale dimine\u021bii, c\u00e2nd traficul de pasageri atinge valori maxime.&nbsp;<a href=\"https:\/\/buletin.de\/bucuresti\/portile-neputintei-de-la-aeroportul-otopeni-montat-gresit-sistemul-inteligent-al-vamilor-functioneaza-cu-sincope\/\">Pe l\u00e2ng\u0103 problemele cu alimentarea cu energie electric\u0103, sau amplasarea neinspirat\u0103, dezvoltarea sistemului pare s\u0103 fie \u201c\u00een aer\u201d.<\/a><\/p>\n","protected":false},"excerpt":{"rendered":"<p>Primele zboruri din spa\u021biul Schengen, ai c\u0103ror pasageri nu vor fi supu\u0219i controlului de frontier\u0103, vor ateriza pe Aeroportul Interna\u021bional Henri Coand\u0103 la \u00eenceputul zilei de duminic\u0103. Lucr\u0103rile pentru fluxurile Schengen \/ non-Schengen, \u00eencepute pe 1 martie, se vor \u00eencheia p\u00e2n\u0103 atunci, potrivit Companiei Na\u021bionale de Aeroporturi Bucure\u0219ti (CNAB). Cei dint\u00e2i pasageri care vor fi [&hellip;]<\/p>\n","protected":false},"author":47,"featured_media":61285,"comment_status":"closed","ping_status":"open","sticky":false,"template":"","format":"standard","meta":{"_acf_changed":false,"inline_featured_image":false,"ngg_post_thumbnail":0,"footnotes":""},"categories":[6994,650],"tags":[8924,6697,10851,10854,10853,6005,439,10852,10849,9000],"ppma_author":[22580],"class_list":["post-81430","post","type-post","status-publish","format-standard","has-post-thumbnail","hentry","category-stiri-2","category-transport","tag-aeroportul-international-henri-coanda","tag-aeroportul-otopeni","tag-control-de-frontiera","tag-finalizate","tag-fluxuri-de-calatori","tag-henri-coanda-2","tag-lucrari","tag-non-schengen","tag-porti-de-control","tag-schengen"],"acf":[],"yoast_head":"<!-- This site is optimized with the Yoast SEO Premium plugin v25.3 (Yoast SEO v27.5) - https:\/\/yoast.com\/product\/yoast-seo-premium-wordpress\/ -->\n<title>Primii c\u0103l\u0103tori din zona Schengen vor ateriza f\u0103r\u0103 a trece prin por\u021bile de control duminic\u0103, pe aeroportul Otopeni - Buletin de Bucure\u0219ti<\/title>\n<meta name=\"robots\" content=\"index, follow, max-snippet:-1, max-image-preview:large, max-video-preview:-1\" \/>\n<link rel=\"canonical\" href=\"https:\/\/buletin.de\/bucuresti\/primii-calatori-din-zona-schengen-vor-ateriza-fara-a-trece-prin-portile-de-control-duminica-pe-aeroportul-otopeni\/\" \/>\n<meta property=\"og:locale\" content=\"en_GB\" \/>\n<meta property=\"og:type\" content=\"article\" \/>\n<meta property=\"og:title\" content=\"Primii c\u0103l\u0103tori din zona Schengen vor ateriza f\u0103r\u0103 a trece prin por\u021bile de control duminic\u0103, pe aeroportul Otopeni\" \/>\n<meta property=\"og:description\" content=\"Primele zboruri din spa\u021biul Schengen, ai c\u0103ror pasageri nu vor fi supu\u0219i controlului de frontier\u0103, vor ateriza pe Aeroportul Interna\u021bional Henri Coand\u0103 la \u00eenceputul zilei de duminic\u0103. Lucr\u0103rile pentru fluxurile Schengen \/ non-Schengen, \u00eencepute pe 1 martie, se vor \u00eencheia p\u00e2n\u0103 atunci, potrivit Companiei Na\u021bionale de Aeroporturi Bucure\u0219ti (CNAB). Cei dint\u00e2i pasageri care vor fi [&hellip;]\" \/>\n<meta property=\"og:url\" content=\"https:\/\/buletin.de\/bucuresti\/primii-calatori-din-zona-schengen-vor-ateriza-fara-a-trece-prin-portile-de-control-duminica-pe-aeroportul-otopeni\/\" \/>\n<meta property=\"og:site_name\" content=\"Buletin de Bucure\u0219ti\" \/>\n<meta property=\"article:publisher\" content=\"https:\/\/www.facebook.com\/buletin.de.buc\" \/>\n<meta property=\"article:published_time\" content=\"2024-03-30T06:00:00+00:00\" \/>\n<meta property=\"article:modified_time\" content=\"2024-03-31T17:28:08+00:00\" \/>\n<meta property=\"og:image\" content=\"https:\/\/buletin.de\/bucuresti\/wp-content\/uploads\/porti-otopeni.jpg\" \/>\n\t<meta property=\"og:image:width\" content=\"1024\" \/>\n\t<meta property=\"og:image:height\" content=\"576\" \/>\n\t<meta property=\"og:image:type\" content=\"image\/jpeg\" \/>\n<meta name=\"author\" content=\"Adina C\u0103p\u00eelnean\" \/>\n<meta name=\"twitter:card\" content=\"summary_large_image\" \/>\n<meta name=\"twitter:label1\" content=\"Written by\" \/>\n\t<meta name=\"twitter:data1\" content=\"Adina C\u0103p\u00eelnean\" \/>\n\t<meta name=\"twitter:label2\" content=\"Estimated reading time\" \/>\n\t<meta name=\"twitter:data2\" content=\"2 minutes\" \/>\n<script type=\"application\/ld+json\" class=\"yoast-schema-graph\">{\"@context\":\"https:\\\/\\\/schema.org\",\"@graph\":[{\"@type\":\"Article\",\"@id\":\"https:\\\/\\\/buletin.de\\\/bucuresti\\\/primii-calatori-din-zona-schengen-vor-ateriza-fara-a-trece-prin-portile-de-control-duminica-pe-aeroportul-otopeni\\\/#article\",\"isPartOf\":{\"@id\":\"https:\\\/\\\/buletin.de\\\/bucuresti\\\/primii-calatori-din-zona-schengen-vor-ateriza-fara-a-trece-prin-portile-de-control-duminica-pe-aeroportul-otopeni\\\/\"},\"author\":{\"name\":\"Adina C\u0103p\u00eelnean\",\"@id\":\"https:\\\/\\\/buletin.de\\\/bucuresti\\\/#\\\/schema\\\/person\\\/ab174cf6711728e4ee83d672acf9a912\"},\"headline\":\"Primii c\u0103l\u0103tori din zona Schengen vor ateriza f\u0103r\u0103 a trece prin por\u021bile de control duminic\u0103, pe aeroportul Otopeni\",\"datePublished\":\"2024-03-30T06:00:00+00:00\",\"dateModified\":\"2024-03-31T17:28:08+00:00\",\"mainEntityOfPage\":{\"@id\":\"https:\\\/\\\/buletin.de\\\/bucuresti\\\/primii-calatori-din-zona-schengen-vor-ateriza-fara-a-trece-prin-portile-de-control-duminica-pe-aeroportul-otopeni\\\/\"},\"wordCount\":372,\"publisher\":{\"@id\":\"https:\\\/\\\/buletin.de\\\/bucuresti\\\/#organization\"},\"image\":{\"@id\":\"https:\\\/\\\/buletin.de\\\/bucuresti\\\/primii-calatori-din-zona-schengen-vor-ateriza-fara-a-trece-prin-portile-de-control-duminica-pe-aeroportul-otopeni\\\/#primaryimage\"},\"thumbnailUrl\":\"https:\\\/\\\/buletin.de\\\/bucuresti\\\/wp-content\\\/uploads\\\/porti-otopeni.jpg\",\"keywords\":[\"aeroportul international henri coanda\",\"Aeroportul Otopeni\",\"control de frontiera\",\"finalizate\",\"fluxuri de calatori\",\"henri coanda\",\"lucrari\",\"non-schengen\",\"porti de control\",\"schengen\"],\"articleSection\":[\"Articole\",\"Transport\"],\"inLanguage\":\"en-GB\",\"copyrightYear\":\"2024\",\"copyrightHolder\":{\"@id\":\"https:\\\/\\\/buletin.de\\\/bucuresti\\\/#organization\"}},{\"@type\":\"WebPage\",\"@id\":\"https:\\\/\\\/buletin.de\\\/bucuresti\\\/primii-calatori-din-zona-schengen-vor-ateriza-fara-a-trece-prin-portile-de-control-duminica-pe-aeroportul-otopeni\\\/\",\"url\":\"https:\\\/\\\/buletin.de\\\/bucuresti\\\/primii-calatori-din-zona-schengen-vor-ateriza-fara-a-trece-prin-portile-de-control-duminica-pe-aeroportul-otopeni\\\/\",\"name\":\"Primii c\u0103l\u0103tori din zona Schengen vor ateriza f\u0103r\u0103 a trece prin por\u021bile de control duminic\u0103, pe aeroportul Otopeni - Buletin de Bucure\u0219ti\",\"isPartOf\":{\"@id\":\"https:\\\/\\\/buletin.de\\\/bucuresti\\\/#website\"},\"primaryImageOfPage\":{\"@id\":\"https:\\\/\\\/buletin.de\\\/bucuresti\\\/primii-calatori-din-zona-schengen-vor-ateriza-fara-a-trece-prin-portile-de-control-duminica-pe-aeroportul-otopeni\\\/#primaryimage\"},\"image\":{\"@id\":\"https:\\\/\\\/buletin.de\\\/bucuresti\\\/primii-calatori-din-zona-schengen-vor-ateriza-fara-a-trece-prin-portile-de-control-duminica-pe-aeroportul-otopeni\\\/#primaryimage\"},\"thumbnailUrl\":\"https:\\\/\\\/buletin.de\\\/bucuresti\\\/wp-content\\\/uploads\\\/porti-otopeni.jpg\",\"datePublished\":\"2024-03-30T06:00:00+00:00\",\"dateModified\":\"2024-03-31T17:28:08+00:00\",\"breadcrumb\":{\"@id\":\"https:\\\/\\\/buletin.de\\\/bucuresti\\\/primii-calatori-din-zona-schengen-vor-ateriza-fara-a-trece-prin-portile-de-control-duminica-pe-aeroportul-otopeni\\\/#breadcrumb\"},\"inLanguage\":\"en-GB\",\"potentialAction\":[{\"@type\":\"ReadAction\",\"target\":[\"https:\\\/\\\/buletin.de\\\/bucuresti\\\/primii-calatori-din-zona-schengen-vor-ateriza-fara-a-trece-prin-portile-de-control-duminica-pe-aeroportul-otopeni\\\/\"]}]},{\"@type\":\"ImageObject\",\"inLanguage\":\"en-GB\",\"@id\":\"https:\\\/\\\/buletin.de\\\/bucuresti\\\/primii-calatori-din-zona-schengen-vor-ateriza-fara-a-trece-prin-portile-de-control-duminica-pe-aeroportul-otopeni\\\/#primaryimage\",\"url\":\"https:\\\/\\\/buletin.de\\\/bucuresti\\\/wp-content\\\/uploads\\\/porti-otopeni.jpg\",\"contentUrl\":\"https:\\\/\\\/buletin.de\\\/bucuresti\\\/wp-content\\\/uploads\\\/porti-otopeni.jpg\",\"width\":1024,\"height\":576,\"caption\":\"surs\u0103: arhiv\u0103\"},{\"@type\":\"BreadcrumbList\",\"@id\":\"https:\\\/\\\/buletin.de\\\/bucuresti\\\/primii-calatori-din-zona-schengen-vor-ateriza-fara-a-trece-prin-portile-de-control-duminica-pe-aeroportul-otopeni\\\/#breadcrumb\",\"itemListElement\":[{\"@type\":\"ListItem\",\"position\":1,\"name\":\"Acas\u0103\",\"item\":\"https:\\\/\\\/buletin.de\\\/bucuresti\\\/\"},{\"@type\":\"ListItem\",\"position\":2,\"name\":\"Primii c\u0103l\u0103tori din zona Schengen vor ateriza f\u0103r\u0103 a trece prin por\u021bile de control duminic\u0103, pe aeroportul Otopeni\"}]},{\"@type\":\"WebSite\",\"@id\":\"https:\\\/\\\/buletin.de\\\/bucuresti\\\/#website\",\"url\":\"https:\\\/\\\/buletin.de\\\/bucuresti\\\/\",\"name\":\"Buletin de Bucure\u0219ti\",\"description\":\"\u0218tiri \u0219i investiga\u021bii esen\u021biale din capital\u0103\",\"publisher\":{\"@id\":\"https:\\\/\\\/buletin.de\\\/bucuresti\\\/#organization\"},\"potentialAction\":[{\"@type\":\"SearchAction\",\"target\":{\"@type\":\"EntryPoint\",\"urlTemplate\":\"https:\\\/\\\/buletin.de\\\/bucuresti\\\/?s={search_term_string}\"},\"query-input\":{\"@type\":\"PropertyValueSpecification\",\"valueRequired\":true,\"valueName\":\"search_term_string\"}}],\"inLanguage\":\"en-GB\"},{\"@type\":\"Organization\",\"@id\":\"https:\\\/\\\/buletin.de\\\/bucuresti\\\/#organization\",\"name\":\"Buletin de Bucure\u0219ti\",\"url\":\"https:\\\/\\\/buletin.de\\\/bucuresti\\\/\",\"logo\":{\"@type\":\"ImageObject\",\"inLanguage\":\"en-GB\",\"@id\":\"https:\\\/\\\/buletin.de\\\/bucuresti\\\/#\\\/schema\\\/logo\\\/image\\\/\",\"url\":\"https:\\\/\\\/buletin.de\\\/bucuresti\\\/wp-content\\\/uploads\\\/logo-bdb-full-wide-vernil-transparent.png\",\"contentUrl\":\"https:\\\/\\\/buletin.de\\\/bucuresti\\\/wp-content\\\/uploads\\\/logo-bdb-full-wide-vernil-transparent.png\",\"width\":1782,\"height\":626,\"caption\":\"Buletin de Bucure\u0219ti\"},\"image\":{\"@id\":\"https:\\\/\\\/buletin.de\\\/bucuresti\\\/#\\\/schema\\\/logo\\\/image\\\/\"},\"sameAs\":[\"https:\\\/\\\/www.facebook.com\\\/buletin.de.buc\",\"https:\\\/\\\/www.instagram.com\\\/buletinde.bucuresti\\\/\"]},{\"@type\":\"Person\",\"@id\":\"https:\\\/\\\/buletin.de\\\/bucuresti\\\/#\\\/schema\\\/person\\\/ab174cf6711728e4ee83d672acf9a912\",\"name\":\"Adina C\u0103p\u00eelnean\",\"image\":{\"@type\":\"ImageObject\",\"inLanguage\":\"en-GB\",\"@id\":\"https:\\\/\\\/secure.gravatar.com\\\/avatar\\\/4fe9675d6282fd7c1aa4e486a037d532d5728fc16a30360f293eb6126b2e73ad?s=96&d=monsterid&r=ge2b23868508aec3460d3c6a11d3b599a\",\"url\":\"https:\\\/\\\/secure.gravatar.com\\\/avatar\\\/4fe9675d6282fd7c1aa4e486a037d532d5728fc16a30360f293eb6126b2e73ad?s=96&d=monsterid&r=g\",\"contentUrl\":\"https:\\\/\\\/secure.gravatar.com\\\/avatar\\\/4fe9675d6282fd7c1aa4e486a037d532d5728fc16a30360f293eb6126b2e73ad?s=96&d=monsterid&r=g\",\"caption\":\"Adina C\u0103p\u00eelnean\"},\"url\":\"https:\\\/\\\/buletin.de\\\/bucuresti\\\/author\\\/adinacapilnean\\\/\"}]}<\/script>\n<!-- \/ Yoast SEO Premium plugin. -->","yoast_head_json":{"title":"Primii c\u0103l\u0103tori din zona Schengen vor ateriza f\u0103r\u0103 a trece prin por\u021bile de control duminic\u0103, pe aeroportul Otopeni - Buletin de Bucure\u0219ti","robots":{"index":"index","follow":"follow","max-snippet":"max-snippet:-1","max-image-preview":"max-image-preview:large","max-video-preview":"max-video-preview:-1"},"canonical":"https:\/\/buletin.de\/bucuresti\/primii-calatori-din-zona-schengen-vor-ateriza-fara-a-trece-prin-portile-de-control-duminica-pe-aeroportul-otopeni\/","og_locale":"en_GB","og_type":"article","og_title":"Primii c\u0103l\u0103tori din zona Schengen vor ateriza f\u0103r\u0103 a trece prin por\u021bile de control duminic\u0103, pe aeroportul Otopeni","og_description":"Primele zboruri din spa\u021biul Schengen, ai c\u0103ror pasageri nu vor fi supu\u0219i controlului de frontier\u0103, vor ateriza pe Aeroportul Interna\u021bional Henri Coand\u0103 la \u00eenceputul zilei de duminic\u0103. Lucr\u0103rile pentru fluxurile Schengen \/ non-Schengen, \u00eencepute pe 1 martie, se vor \u00eencheia p\u00e2n\u0103 atunci, potrivit Companiei Na\u021bionale de Aeroporturi Bucure\u0219ti (CNAB). Cei dint\u00e2i pasageri care vor fi [&hellip;]","og_url":"https:\/\/buletin.de\/bucuresti\/primii-calatori-din-zona-schengen-vor-ateriza-fara-a-trece-prin-portile-de-control-duminica-pe-aeroportul-otopeni\/","og_site_name":"Buletin de Bucure\u0219ti","article_publisher":"https:\/\/www.facebook.com\/buletin.de.buc","article_published_time":"2024-03-30T06:00:00+00:00","article_modified_time":"2024-03-31T17:28:08+00:00","og_image":[{"width":1024,"height":576,"url":"https:\/\/buletin.de\/bucuresti\/wp-content\/uploads\/porti-otopeni.jpg","type":"image\/jpeg"}],"author":"Adina C\u0103p\u00eelnean","twitter_card":"summary_large_image","twitter_misc":{"Written by":"Adina C\u0103p\u00eelnean","Estimated reading time":"2 minutes"},"schema":{"@context":"https:\/\/schema.org","@graph":[{"@type":"Article","@id":"https:\/\/buletin.de\/bucuresti\/primii-calatori-din-zona-schengen-vor-ateriza-fara-a-trece-prin-portile-de-control-duminica-pe-aeroportul-otopeni\/#article","isPartOf":{"@id":"https:\/\/buletin.de\/bucuresti\/primii-calatori-din-zona-schengen-vor-ateriza-fara-a-trece-prin-portile-de-control-duminica-pe-aeroportul-otopeni\/"},"author":{"name":"Adina C\u0103p\u00eelnean","@id":"https:\/\/buletin.de\/bucuresti\/#\/schema\/person\/ab174cf6711728e4ee83d672acf9a912"},"headline":"Primii c\u0103l\u0103tori din zona Schengen vor ateriza f\u0103r\u0103 a trece prin por\u021bile de control duminic\u0103, pe aeroportul Otopeni","datePublished":"2024-03-30T06:00:00+00:00","dateModified":"2024-03-31T17:28:08+00:00","mainEntityOfPage":{"@id":"https:\/\/buletin.de\/bucuresti\/primii-calatori-din-zona-schengen-vor-ateriza-fara-a-trece-prin-portile-de-control-duminica-pe-aeroportul-otopeni\/"},"wordCount":372,"publisher":{"@id":"https:\/\/buletin.de\/bucuresti\/#organization"},"image":{"@id":"https:\/\/buletin.de\/bucuresti\/primii-calatori-din-zona-schengen-vor-ateriza-fara-a-trece-prin-portile-de-control-duminica-pe-aeroportul-otopeni\/#primaryimage"},"thumbnailUrl":"https:\/\/buletin.de\/bucuresti\/wp-content\/uploads\/porti-otopeni.jpg","keywords":["aeroportul international henri coanda","Aeroportul Otopeni","control de frontiera","finalizate","fluxuri de calatori","henri coanda","lucrari","non-schengen","porti de control","schengen"],"articleSection":["Articole","Transport"],"inLanguage":"en-GB","copyrightYear":"2024","copyrightHolder":{"@id":"https:\/\/buletin.de\/bucuresti\/#organization"}},{"@type":"WebPage","@id":"https:\/\/buletin.de\/bucuresti\/primii-calatori-din-zona-schengen-vor-ateriza-fara-a-trece-prin-portile-de-control-duminica-pe-aeroportul-otopeni\/","url":"https:\/\/buletin.de\/bucuresti\/primii-calatori-din-zona-schengen-vor-ateriza-fara-a-trece-prin-portile-de-control-duminica-pe-aeroportul-otopeni\/","name":"Primii c\u0103l\u0103tori din zona Schengen vor ateriza f\u0103r\u0103 a trece prin por\u021bile de control duminic\u0103, pe aeroportul Otopeni - Buletin de Bucure\u0219ti","isPartOf":{"@id":"https:\/\/buletin.de\/bucuresti\/#website"},"primaryImageOfPage":{"@id":"https:\/\/buletin.de\/bucuresti\/primii-calatori-din-zona-schengen-vor-ateriza-fara-a-trece-prin-portile-de-control-duminica-pe-aeroportul-otopeni\/#primaryimage"},"image":{"@id":"https:\/\/buletin.de\/bucuresti\/primii-calatori-din-zona-schengen-vor-ateriza-fara-a-trece-prin-portile-de-control-duminica-pe-aeroportul-otopeni\/#primaryimage"},"thumbnailUrl":"https:\/\/buletin.de\/bucuresti\/wp-content\/uploads\/porti-otopeni.jpg","datePublished":"2024-03-30T06:00:00+00:00","dateModified":"2024-03-31T17:28:08+00:00","breadcrumb":{"@id":"https:\/\/buletin.de\/bucuresti\/primii-calatori-din-zona-schengen-vor-ateriza-fara-a-trece-prin-portile-de-control-duminica-pe-aeroportul-otopeni\/#breadcrumb"},"inLanguage":"en-GB","potentialAction":[{"@type":"ReadAction","target":["https:\/\/buletin.de\/bucuresti\/primii-calatori-din-zona-schengen-vor-ateriza-fara-a-trece-prin-portile-de-control-duminica-pe-aeroportul-otopeni\/"]}]},{"@type":"ImageObject","inLanguage":"en-GB","@id":"https:\/\/buletin.de\/bucuresti\/primii-calatori-din-zona-schengen-vor-ateriza-fara-a-trece-prin-portile-de-control-duminica-pe-aeroportul-otopeni\/#primaryimage","url":"https:\/\/buletin.de\/bucuresti\/wp-content\/uploads\/porti-otopeni.jpg","contentUrl":"https:\/\/buletin.de\/bucuresti\/wp-content\/uploads\/porti-otopeni.jpg","width":1024,"height":576,"caption":"surs\u0103: arhiv\u0103"},{"@type":"BreadcrumbList","@id":"https:\/\/buletin.de\/bucuresti\/primii-calatori-din-zona-schengen-vor-ateriza-fara-a-trece-prin-portile-de-control-duminica-pe-aeroportul-otopeni\/#breadcrumb","itemListElement":[{"@type":"ListItem","position":1,"name":"Acas\u0103","item":"https:\/\/buletin.de\/bucuresti\/"},{"@type":"ListItem","position":2,"name":"Primii c\u0103l\u0103tori din zona Schengen vor ateriza f\u0103r\u0103 a trece prin por\u021bile de control duminic\u0103, pe aeroportul Otopeni"}]},{"@type":"WebSite","@id":"https:\/\/buletin.de\/bucuresti\/#website","url":"https:\/\/buletin.de\/bucuresti\/","name":"Buletin de Bucure\u0219ti","description":"\u0218tiri \u0219i investiga\u021bii esen\u021biale din capital\u0103","publisher":{"@id":"https:\/\/buletin.de\/bucuresti\/#organization"},"potentialAction":[{"@type":"SearchAction","target":{"@type":"EntryPoint","urlTemplate":"https:\/\/buletin.de\/bucuresti\/?s={search_term_string}"},"query-input":{"@type":"PropertyValueSpecification","valueRequired":true,"valueName":"search_term_string"}}],"inLanguage":"en-GB"},{"@type":"Organization","@id":"https:\/\/buletin.de\/bucuresti\/#organization","name":"Buletin de Bucure\u0219ti","url":"https:\/\/buletin.de\/bucuresti\/","logo":{"@type":"ImageObject","inLanguage":"en-GB","@id":"https:\/\/buletin.de\/bucuresti\/#\/schema\/logo\/image\/","url":"https:\/\/buletin.de\/bucuresti\/wp-content\/uploads\/logo-bdb-full-wide-vernil-transparent.png","contentUrl":"https:\/\/buletin.de\/bucuresti\/wp-content\/uploads\/logo-bdb-full-wide-vernil-transparent.png","width":1782,"height":626,"caption":"Buletin de Bucure\u0219ti"},"image":{"@id":"https:\/\/buletin.de\/bucuresti\/#\/schema\/logo\/image\/"},"sameAs":["https:\/\/www.facebook.com\/buletin.de.buc","https:\/\/www.instagram.com\/buletinde.bucuresti\/"]},{"@type":"Person","@id":"https:\/\/buletin.de\/bucuresti\/#\/schema\/person\/ab174cf6711728e4ee83d672acf9a912","name":"Adina C\u0103p\u00eelnean","image":{"@type":"ImageObject","inLanguage":"en-GB","@id":"https:\/\/secure.gravatar.com\/avatar\/4fe9675d6282fd7c1aa4e486a037d532d5728fc16a30360f293eb6126b2e73ad?s=96&d=monsterid&r=ge2b23868508aec3460d3c6a11d3b599a","url":"https:\/\/secure.gravatar.com\/avatar\/4fe9675d6282fd7c1aa4e486a037d532d5728fc16a30360f293eb6126b2e73ad?s=96&d=monsterid&r=g","contentUrl":"https:\/\/secure.gravatar.com\/avatar\/4fe9675d6282fd7c1aa4e486a037d532d5728fc16a30360f293eb6126b2e73ad?s=96&d=monsterid&r=g","caption":"Adina C\u0103p\u00eelnean"},"url":"https:\/\/buletin.de\/bucuresti\/author\/adinacapilnean\/"}]}},"authors":[{"term_id":22580,"user_id":47,"is_guest":0,"slug":"adinacapilnean","display_name":"Adina C\u0103p\u00eelnean","avatar_url":"https:\/\/secure.gravatar.com\/avatar\/4fe9675d6282fd7c1aa4e486a037d532d5728fc16a30360f293eb6126b2e73ad?s=96&d=monsterid&r=g","0":null,"1":"","2":"","3":"","4":"","5":"","6":"","7":"","8":""}],"_links":{"self":[{"href":"https:\/\/buletin.de\/bucuresti\/wp-json\/wp\/v2\/posts\/81430","targetHints":{"allow":["GET"]}}],"collection":[{"href":"https:\/\/buletin.de\/bucuresti\/wp-json\/wp\/v2\/posts"}],"about":[{"href":"https:\/\/buletin.de\/bucuresti\/wp-json\/wp\/v2\/types\/post"}],"author":[{"embeddable":true,"href":"https:\/\/buletin.de\/bucuresti\/wp-json\/wp\/v2\/users\/47"}],"replies":[{"embeddable":true,"href":"https:\/\/buletin.de\/bucuresti\/wp-json\/wp\/v2\/comments?post=81430"}],"version-history":[{"count":3,"href":"https:\/\/buletin.de\/bucuresti\/wp-json\/wp\/v2\/posts\/81430\/revisions"}],"predecessor-version":[{"id":81437,"href":"https:\/\/buletin.de\/bucuresti\/wp-json\/wp\/v2\/posts\/81430\/revisions\/81437"}],"wp:featuredmedia":[{"embeddable":true,"href":"https:\/\/buletin.de\/bucuresti\/wp-json\/wp\/v2\/media\/61285"}],"wp:attachment":[{"href":"https:\/\/buletin.de\/bucuresti\/wp-json\/wp\/v2\/media?parent=81430"}],"wp:term":[{"taxonomy":"category","embeddable":true,"href":"https:\/\/buletin.de\/bucuresti\/wp-json\/wp\/v2\/categories?post=81430"},{"taxonomy":"post_tag","embeddable":true,"href":"https:\/\/buletin.de\/bucuresti\/wp-json\/wp\/v2\/tags?post=81430"},{"taxonomy":"author","embeddable":true,"href":"https:\/\/buletin.de\/bucuresti\/wp-json\/wp\/v2\/ppma_author?post=81430"}],"curies":[{"name":"wp","href":"https:\/\/api.w.org\/{rel}","templated":true}]}}